{"id":181,"date":"2008-01-18T20:00:30","date_gmt":"2008-01-18T19:00:30","guid":{"rendered":"http:\/\/www.mundi-roth.de\/teneriffa-blog\/allgemein\/santiago-del-teide-%e2%80%93-tamaimo\/"},"modified":"2015-04-12T11:56:08","modified_gmt":"2015-04-12T10:56:08","slug":"santiago-del-teide-%e2%80%93-tamaimo","status":"publish","type":"post","link":"https:\/\/www.mundi-roth.de\/teneriffa-blog\/wanderungen\/santiago-del-teide-%e2%80%93-tamaimo\/","title":{"rendered":"Santiago del Teide \u2013 Tamaimo"},"content":{"rendered":"<p><strong>Eine Wanderung, die uns in gemilderter Form die Auswirkungen der verheerenden Brandes vom Juli\/August 2007 vor Augen f\u00fchrt und dennoch reizvoll ist. In einer guten Stunde steigen wir auf, um dann recht flott nach Tamaimo abzusteigen. Wer will kann aber auch den wundersch\u00f6nen Weg zur\u00fcck nach Santiago del Teide w\u00e4hlen.<\/strong><\/p>\n<p><!--more--><\/p>\n<p><strong>Wander-Wegstrecke:<\/strong> Rundweg ca. 3 Stunden<br \/>\nBei dem M\u00e4uerchen kurz vor den Hinweisschildern \u201eCentro medico\u201c \u201eAyuntamiento\u201c \u201eCentro ciudad\u201c befindet sich der Zugang zu unserem Wanderweg und ist ausgeschildert Santiago del Teide &#8211; Los Gigantes.<br \/>\nUnser Ziel ist der Pico la Vera in 808 m H\u00f6he.<br \/>\nTrotz des verheerenden Brandes Ende Juli 2007 schl\u00e4ngelt sich der gut sichtbare Pfad <a title=\"p1010198.JPG\" href=\"http:\/\/www.mundi-roth.de\/teneriffa-blog\/wp-content\/uploads\/2008\/01\/p1010198.JPG\" rel=\"lightbox[181]\"><img loading=\"lazy\" decoding=\"async\" src=\"http:\/\/www.mundi-roth.de\/teneriffa-blog\/wp-content\/uploads\/2008\/01\/p1010198.thumbnail.JPG\" alt=\"p1010198.JPG\" width=\"128\" height=\"96\" align=\"left\" border=\"0\" hspace=\"3\" vspace=\"3\" \/><\/a>durch ein bereits wieder \u201egr\u00fcnes Paradies\u201c mit vielen Tabaiba amargas. Allerdings erinnern auch viele verbrannte und angesengte Ginsterstr\u00e4ucher an diese Katastrophe. Der Weg steigt leicht an, wir sehen auf die Ansiedlung El Molledo herunter, nach ca. 20 Minuten gelangen wir nach einem Rechtsknick an eine Gabelung.<br \/>\nGeradeaus nach oben geht es zur Casa Quemada, was durch einen handschriftlichen Hinweis gekennzeichnet ist und wir betreten ein Naturschutzgebiet. Wir halten uns jedoch auf dem links abgehenden Weg und kommen nach kurzer Zeit an einer verlassenen, ehemaligen Ziegenfinca vorbei, die auch den Flammen zum Opfer fiel.<br \/>\nDer Weg steigt weiter an und wir haben \u2013 wieder links &#8211; einen wunderbaren Blick auf den Teide, die Monta\u00f1a Bilma und die mit Sendemasten \u201everunzierte\u201c Monta\u00f1a La Hoya.<br \/>\nNun wollen uns wei\u00dfe Pfeile rechts nach oben locken, wir jedoch gehen links weiter. <a title=\"p1010190.JPG\" href=\"http:\/\/www.mundi-roth.de\/teneriffa-blog\/wp-content\/uploads\/2008\/01\/p1010190.JPG\" rel=\"lightbox[181]\"><img loading=\"lazy\" decoding=\"async\" src=\"http:\/\/www.mundi-roth.de\/teneriffa-blog\/wp-content\/uploads\/2008\/01\/p1010190.thumbnail.JPG\" alt=\"p1010190.JPG\" width=\"128\" height=\"96\" align=\"left\" border=\"0\" hspace=\"3\" vspace=\"3\" \/><\/a>Rechter Hand erhebt sich ein gewaltiges Massiv und nach einem gut zu gehenden Aufstieg, entlang einer wunderbar \u201estein-gef\u00e4cherten\u201c <a title=\"sany5366.JPG\" href=\"http:\/\/www.mundi-roth.de\/teneriffa-blog\/wp-content\/uploads\/2008\/01\/sany5366.JPG\" rel=\"lightbox[181]\"><img loading=\"lazy\" decoding=\"async\" src=\"http:\/\/www.mundi-roth.de\/teneriffa-blog\/wp-content\/uploads\/2008\/01\/sany5366.thumbnail.JPG\" alt=\"sany5366.JPG\" width=\"128\" height=\"96\" align=\"right\" border=\"0\" hspace=\"3\" vspace=\"3\" \/><\/a>Wand, haben wir einen grandiosen Blick in einen Barranco, La Gomera gr\u00fc\u00dft und wir sind alle beeindruckt von diesem Panorama.<br \/>\nNach einer Stunde 10 Minuten haben wir die H\u00f6he des Pico la Vera erreicht und legen eine Trinkpause ein.<\/p>\n<p>Hier haben wir nun drei M\u00f6glichkeiten die Wanderung fortzusetzen:<br \/>\n&#8211; denselben Weg retour<br \/>\n&#8211; den Weg in direkter Linie fortzusetzen und den Aufstieg, durch Steinm\u00e4nnchen gekennzeichnet zum Wei\u00dfen Kreuz und von dort den sehr steilen Abstieg nach Tamaimo<br \/>\n&#8211; links abbiegen und den \u201esanften\u201c Abstieg nach Tamaimo in den Barranco zu nehmen.<br \/>\nEs gibt auch einen Weg durch einen langen Tunnel durch den Bergblock, mit steilem, \u00e4u\u00dferst schmalen Steig an der Bergwand entlang nach Los Gigantes, aber andere Wanderer haben davon abgeraten und zu Beginn unserer Wanderwegstrecke ist auch ein Hinweis angebracht, dass dieser Weg gesperrt ist.<br \/>\nWir w\u00e4hlen den sanfteren Abstieg nach Tamaimo.<br \/>\n<a title=\"sany5371.JPG\" href=\"http:\/\/www.mundi-roth.de\/teneriffa-blog\/wp-content\/uploads\/2008\/01\/sany5371.JPG\" rel=\"lightbox[181]\"><img loading=\"lazy\" decoding=\"async\" src=\"http:\/\/www.mundi-roth.de\/teneriffa-blog\/wp-content\/uploads\/2008\/01\/sany5371.thumbnail.JPG\" alt=\"sany5371.JPG\" width=\"128\" height=\"96\" align=\"left\" border=\"0\" hspace=\"3\" vspace=\"3\" \/><\/a> Der Weg schl\u00e4ngelt sich auf gut zu gehenden Serpentinen ins Tal \u2013 lediglich ein kurzes St\u00fcck ist sehr ger\u00f6llig. Auch hier hatte es m\u00e4chtig gebrannt und selbst nach einem halben Jahr roch es zum Teil noch brandig. Nach ca. 15 Minuten sind wir bereits unten und hier trennen sich die Wege der Mitwanderer.<\/p>\n<p>Einige gehen rechts hinunter zu dem geparkten Wagen in Tamaimo. Den Weg kann man nicht verfehlen, wenn man die abzweigenden Pfade nicht beachtet und sich stets nach unten parallel zum Flu\u00dfbett h\u00e4lt. Bei einem deutlichen Abzweig nach links sieht man schon das Hinweisschild, dass man hier die gesch\u00fctzte Zone verl\u00e4sst und wir finden noch eine Besonderheit: ein im Flu\u00dfbett liegender, gut erhaltener Dreschplatz. \u00dcber einen mit Glasscherben \u00fcbers\u00e4ten Weg gelangen wir an die Wasserquelle (gro\u00dfer rechteckiger gemauerter Tank), gehen an der Kirche St. Ana vorbei in den Ort zum Parkplatz.<\/p>\n<p>Die anderen Wanderer machen sich an den nach links gehenden \u2013 erst etwas steilen &#8211; <a title=\"p1010196.JPG\" href=\"http:\/\/www.mundi-roth.de\/teneriffa-blog\/wp-content\/uploads\/2008\/01\/p1010196.JPG\" rel=\"lightbox[181]\"><img loading=\"lazy\" decoding=\"async\" src=\"http:\/\/www.mundi-roth.de\/teneriffa-blog\/wp-content\/uploads\/2008\/01\/p1010196.thumbnail.JPG\" alt=\"p1010196.JPG\" width=\"96\" height=\"128\" align=\"right\" border=\"0\" hspace=\"3\" vspace=\"3\" \/><\/a>Aufstieg nach Santiage del Teide.<br \/>\nMan hat das Gef\u00fchl, man geht durch eine Parklandschaft. Bereits bl\u00fchende Affodill, Kanaren-Lavendel und Margariten s\u00e4umen den Weg.<br \/>\nRechts verl\u00e4uft die alte, gemauerte Wasserleitung in die jetzt &#8211; sicher praktisch und sauber aber h\u00e4\u00dflich \u2013 dicke, schwarze Wasserschl\u00e4uche gelegt wurden.<br \/>\nWir wandern weiter bis rechts eine Garage mit braunem Blechtor erscheint. Hier beginnt ein steiler, schwei\u00dftreibender Aufstieg. Wir kommen fast in H\u00f6he des \u00d6rtchens El Molledo aus, biegen links ab und gehen hoch bis kurz vor den Abzweig, der beim Hinweg beschrieben wurde. Kurz unterhalb zweigt \u00fcber Felsen rechts unser Weg nach Santiago del Teide ab.<br \/>\nEine Stunde \u2013 nachdem wir die anderen Wanderer verlassen haben \u2013 sind wir wieder am Ausgangspunkt angelangt.<\/p>\n<p>Die R\u00fcckfahrt nehmen wir \u00fcber die TF-375 \u00fcber Las Manchas \u2013 hier wird Vulkangestein bearbeitet \u2013 und Arguayo und kommen in Chio wieder auf die TF-82.<br \/>\n<strong>Botanik:<\/strong><br \/>\nAuf dieser Wanderung konnten wir die Natur bestaunen, die sich nicht unterkriegen l\u00e4\u00dft.<a title=\"p1010187.JPG\" href=\"http:\/\/www.mundi-roth.de\/teneriffa-blog\/wp-content\/uploads\/2008\/01\/p1010187.JPG\" rel=\"lightbox[181]\"><img loading=\"lazy\" decoding=\"async\" src=\"http:\/\/www.mundi-roth.de\/teneriffa-blog\/wp-content\/uploads\/2008\/01\/p1010187.thumbnail.JPG\" alt=\"p1010187.JPG\" width=\"128\" height=\"96\" align=\"left\" border=\"0\" hspace=\"3\" vspace=\"3\" \/><\/a> Obwohl rechts wie links des Weges die Zeugen des Brandes liegen \u2013 total verbrannte Feigenkakteen und Ginsterb\u00fcsche &#8211; treiben aus den jedoch \u201enur\u201c versengten Ginsterstr\u00e4uchern bereits aus den verkohlten \u00c4sten wieder die neuen Triebe. Auch das kr\u00e4ftige Gr\u00fcn mit den h\u00fcbschen Bl\u00fcten der goldgelben Todaroa lassen es nicht ganz so trostlos aussehen. Erstaunlich ist, dass die gro\u00dfen Best\u00e4nde der Kandelaber-Wolfsmilch das Feuer anscheinend gut \u00fcberstanden haben.<br \/>\nEine kleine Pflanze, die uns sonst noch nirgends begegnet ist und die hier den traurigen Resten von Str\u00e4uchern Leben verleiht, ist die kletternde <strong>Warzige Zaunr\u00fcbe<\/strong> (Byronia verrucosa Dryander) \u201eVenenillo\u201c.<br \/>\n<a title=\"p1010202.JPG\" href=\"http:\/\/www.mundi-roth.de\/teneriffa-blog\/wp-content\/uploads\/2008\/01\/p1010202.JPG\" rel=\"lightbox[181]\"><img loading=\"lazy\" decoding=\"async\" src=\"http:\/\/www.mundi-roth.de\/teneriffa-blog\/wp-content\/uploads\/2008\/01\/p1010202.thumbnail.JPG\" alt=\"p1010202.JPG\" width=\"128\" height=\"96\" align=\"right\" border=\"0\" hspace=\"3\" vspace=\"3\" \/><\/a> \u201eEs ist eine endemische Pflanze der Kanaren (eine verwandte Art w\u00e4chst im Mittelmeergebiet), die auf allen Inseln mit der m\u00f6glichen Ausnahme Gomeras vorkommt. Sie rankt zwischen Str\u00e4uchern in der \u00dcbergangszone zwischen Sukkulentenbusch und den W\u00e4ldern und ist lokal nicht selten. An den herzf\u00f6rmigen, f\u00fcnffach gelappten, rauen Bl\u00e4ttern und den Ranken in den Blattachsen ist sie leicht zu erkennen. Ihre Fr\u00fcchte sind kugelig, bis 3 cm gro\u00df, gr\u00fcn mit hellen Streifen, sp\u00e4ter gelb-orange Die Zaunr\u00fcbe ist eine Giftpflanze, die medizinisch genutzt wird: die gekochte Wurzel wirkt abf\u00fchrend und schmerzstillend. Sie sollte jedoch nicht von Unerfahrenen benutz werden.\u201c<\/p>\n<p><strong>Tipp:<\/strong><br \/>\nIn dem kleinen Ort Arguayo lohnt sich ein Stopp bei der T\u00f6pferwerkstatt, in der noch nach altem Brauch ohne T\u00f6pferscheibe gearbeitet wird, sowie ein Besuch des liebevoll eingerichteten, kleinen Museums mit alten Gef\u00e4\u00dfen. Ein Denkmal, das den ortsans\u00e4ssigen T\u00f6pferinnen gewidmet ist, rundet den Besuch ab.<br \/>\n\u00d6ffnungszeiten des Museums: Di-Sa 10-14 Uhr und 16-19 Uhr ; So 10-14 Uhr<\/p>\n<p><strong>Restaurant:<\/strong><br \/>\nNachdem wir per Handy f\u00fcr 14.30 Uhr einen Tisch bestellt hatten \u2013 ist unbedingt n\u00f6tig &#8211; kehren wir im Restaurant \u201eLas Goteras\u201c ein.<br \/>\nFleisch vom Holzkohlengrill mit k\u00f6stlichem Geschmack ist die Spezialit\u00e4t des Hauses.<br \/>\nMan sollte etwas spanisch beherrschen, denn es gibt die Speisekarte nur in spanisch.<br \/>\n\u201eLas Goteras\u201c Tejina de Gu\u00eda-Isora, Telefon Nr.922 85 70 56, Montags Ruhetag.<\/p>\n<p><strong>Anfahrt:<\/strong><br \/>\n<a title=\"s-d-teide_1.jpg\" href=\"http:\/\/www.mundi-roth.de\/teneriffa-blog\/wp-content\/uploads\/2008\/01\/s-d-teide_1.jpg\" rel=\"lightbox[181]\"><img loading=\"lazy\" decoding=\"async\" src=\"http:\/\/www.mundi-roth.de\/teneriffa-blog\/wp-content\/uploads\/2008\/01\/s-d-teide_1.thumbnail.jpg\" alt=\"s-d-teide_1.jpg\" width=\"130\" height=\"131\" align=\"right\" border=\"0\" hspace=\"3\" vspace=\"3\" \/><\/a>Wir fahren auf der Autobahn TF-1 von Los Cristianos kommend bis zum Autobahnende bei Adeje und gehen hier auf die TF-82 Richtung Guia de Isora, weiter \u00fcber Chio Richtung Tamaimo nach Santiago del Teide.<br \/>\nIn Tamaimo stellen wir einen Wagen ab, kurz nach dem Abzweig nach Los Gigantes bei den diversen Hinweisschildern, u.a. Iglesia Santa Ana und zwar f\u00fcr die Mitwanderer, die nicht den Rundweg mitgehen wollen.<br \/>\nSchnell sind wir dann in Santiago del Teide und gleich am Ortseingang stehen auf der linken Stra\u00dfenseite \u2013 von Palmen ges\u00e4umt &#8211; noch vor der Tankstelle &#8211; ausreichend Parkpl\u00e4tze zur Verf\u00fcgung und hier beginnt auch schon unsere Wanderung.<\/p>\n","protected":false},"excerpt":{"rendered":"<p>Eine Wanderung, die uns in gemilderter Form die Auswirkungen der verheerenden Brandes vom Juli\/August 2007 vor Augen f\u00fchrt und dennoch reizvoll ist. In einer guten Stunde steigen wir auf, um dann recht flott nach Tamaimo abzusteigen. Wer will kann aber auch den wundersch\u00f6nen Weg zur\u00fcck nach Santiago del Teide w\u00e4hlen.<\/p>\n","protected":false},"author":3,"featured_media":0,"comment_status":"open","ping_status":"open","sticky":false,"template":"","format":"standard","meta":{"footnotes":""},"categories":[777,6],"tags":[68,67,62,3,69,4],"class_list":["post-181","post","type-post","status-publish","format-standard","hentry","category-santiago-del-teide","category-wanderungen","tag-las-goteras","tag-santiago-del-teide","tag-tamaimo","tag-teneriffa","tag-topfermuseum","tag-wandern"],"yoast_head":"<!-- This site is optimized with the Yoast SEO plugin v27.5 - https:\/\/yoast.com\/product\/yoast-seo-wordpress\/ -->\n<title>Santiago del Teide \u2013 Tamaimo - Teneriffa Wandern<\/title>\n<meta name=\"robots\" content=\"index, follow, max-snippet:-1, max-image-preview:large, max-video-preview:-1\" \/>\n<link rel=\"canonical\" href=\"https:\/\/www.mundi-roth.de\/teneriffa-blog\/wanderungen\/santiago-del-teide-\u2013-tamaimo\/\" \/>\n<meta name=\"twitter:label1\" content=\"Verfasst von\" \/>\n\t<meta name=\"twitter:data1\" content=\"ir\" \/>\n\t<meta name=\"twitter:label2\" content=\"Gesch\u00e4tzte Lesezeit\" \/>\n\t<meta name=\"twitter:data2\" content=\"6\u00a0Minuten\" \/>\n<script type=\"application\/ld+json\" class=\"yoast-schema-graph\">{\"@context\":\"https:\\\/\\\/schema.org\",\"@graph\":[{\"@type\":\"Article\",\"@id\":\"https:\\\/\\\/www.mundi-roth.de\\\/teneriffa-blog\\\/wanderungen\\\/santiago-del-teide-%e2%80%93-tamaimo\\\/#article\",\"isPartOf\":{\"@id\":\"https:\\\/\\\/www.mundi-roth.de\\\/teneriffa-blog\\\/wanderungen\\\/santiago-del-teide-%e2%80%93-tamaimo\\\/\"},\"author\":{\"name\":\"ir\",\"@id\":\"https:\\\/\\\/www.mundi-roth.de\\\/teneriffa-blog\\\/#\\\/schema\\\/person\\\/3afd0d251449790d15367c9aa52d203d\"},\"headline\":\"Santiago del Teide \u2013 Tamaimo\",\"datePublished\":\"2008-01-18T19:00:30+00:00\",\"dateModified\":\"2015-04-12T10:56:08+00:00\",\"mainEntityOfPage\":{\"@id\":\"https:\\\/\\\/www.mundi-roth.de\\\/teneriffa-blog\\\/wanderungen\\\/santiago-del-teide-%e2%80%93-tamaimo\\\/\"},\"wordCount\":1196,\"commentCount\":0,\"image\":{\"@id\":\"https:\\\/\\\/www.mundi-roth.de\\\/teneriffa-blog\\\/wanderungen\\\/santiago-del-teide-%e2%80%93-tamaimo\\\/#primaryimage\"},\"thumbnailUrl\":\"http:\\\/\\\/www.mundi-roth.de\\\/teneriffa-blog\\\/wp-content\\\/uploads\\\/2008\\\/01\\\/p1010198.thumbnail.JPG\",\"keywords\":[\"Las Goteras\",\"Santiago del Teide\",\"Tamaimo\",\"Teneriffa\",\"T\u00f6pfermuseum\",\"Wandern\"],\"articleSection\":[\"Santiago del Teide\",\"Wanderungen\"],\"inLanguage\":\"de\",\"potentialAction\":[{\"@type\":\"CommentAction\",\"name\":\"Comment\",\"target\":[\"https:\\\/\\\/www.mundi-roth.de\\\/teneriffa-blog\\\/wanderungen\\\/santiago-del-teide-%e2%80%93-tamaimo\\\/#respond\"]}]},{\"@type\":\"WebPage\",\"@id\":\"https:\\\/\\\/www.mundi-roth.de\\\/teneriffa-blog\\\/wanderungen\\\/santiago-del-teide-%e2%80%93-tamaimo\\\/\",\"url\":\"https:\\\/\\\/www.mundi-roth.de\\\/teneriffa-blog\\\/wanderungen\\\/santiago-del-teide-%e2%80%93-tamaimo\\\/\",\"name\":\"Santiago del Teide \u2013 Tamaimo - Teneriffa Wandern\",\"isPartOf\":{\"@id\":\"https:\\\/\\\/www.mundi-roth.de\\\/teneriffa-blog\\\/#website\"},\"primaryImageOfPage\":{\"@id\":\"https:\\\/\\\/www.mundi-roth.de\\\/teneriffa-blog\\\/wanderungen\\\/santiago-del-teide-%e2%80%93-tamaimo\\\/#primaryimage\"},\"image\":{\"@id\":\"https:\\\/\\\/www.mundi-roth.de\\\/teneriffa-blog\\\/wanderungen\\\/santiago-del-teide-%e2%80%93-tamaimo\\\/#primaryimage\"},\"thumbnailUrl\":\"http:\\\/\\\/www.mundi-roth.de\\\/teneriffa-blog\\\/wp-content\\\/uploads\\\/2008\\\/01\\\/p1010198.thumbnail.JPG\",\"datePublished\":\"2008-01-18T19:00:30+00:00\",\"dateModified\":\"2015-04-12T10:56:08+00:00\",\"author\":{\"@id\":\"https:\\\/\\\/www.mundi-roth.de\\\/teneriffa-blog\\\/#\\\/schema\\\/person\\\/3afd0d251449790d15367c9aa52d203d\"},\"breadcrumb\":{\"@id\":\"https:\\\/\\\/www.mundi-roth.de\\\/teneriffa-blog\\\/wanderungen\\\/santiago-del-teide-%e2%80%93-tamaimo\\\/#breadcrumb\"},\"inLanguage\":\"de\",\"potentialAction\":[{\"@type\":\"ReadAction\",\"target\":[\"https:\\\/\\\/www.mundi-roth.de\\\/teneriffa-blog\\\/wanderungen\\\/santiago-del-teide-%e2%80%93-tamaimo\\\/\"]}]},{\"@type\":\"ImageObject\",\"inLanguage\":\"de\",\"@id\":\"https:\\\/\\\/www.mundi-roth.de\\\/teneriffa-blog\\\/wanderungen\\\/santiago-del-teide-%e2%80%93-tamaimo\\\/#primaryimage\",\"url\":\"http:\\\/\\\/www.mundi-roth.de\\\/teneriffa-blog\\\/wp-content\\\/uploads\\\/2008\\\/01\\\/p1010198.thumbnail.JPG\",\"contentUrl\":\"http:\\\/\\\/www.mundi-roth.de\\\/teneriffa-blog\\\/wp-content\\\/uploads\\\/2008\\\/01\\\/p1010198.thumbnail.JPG\"},{\"@type\":\"BreadcrumbList\",\"@id\":\"https:\\\/\\\/www.mundi-roth.de\\\/teneriffa-blog\\\/wanderungen\\\/santiago-del-teide-%e2%80%93-tamaimo\\\/#breadcrumb\",\"itemListElement\":[{\"@type\":\"ListItem\",\"position\":1,\"name\":\"Startseite\",\"item\":\"https:\\\/\\\/www.mundi-roth.de\\\/teneriffa-blog\\\/\"},{\"@type\":\"ListItem\",\"position\":2,\"name\":\"Santiago del Teide \u2013 Tamaimo\"}]},{\"@type\":\"WebSite\",\"@id\":\"https:\\\/\\\/www.mundi-roth.de\\\/teneriffa-blog\\\/#website\",\"url\":\"https:\\\/\\\/www.mundi-roth.de\\\/teneriffa-blog\\\/\",\"name\":\"Teneriffa Wandern\",\"description\":\"Nicht nur Wanderungen auf Teneriffa...\",\"potentialAction\":[{\"@type\":\"SearchAction\",\"target\":{\"@type\":\"EntryPoint\",\"urlTemplate\":\"https:\\\/\\\/www.mundi-roth.de\\\/teneriffa-blog\\\/?s={search_term_string}\"},\"query-input\":{\"@type\":\"PropertyValueSpecification\",\"valueRequired\":true,\"valueName\":\"search_term_string\"}}],\"inLanguage\":\"de\"},{\"@type\":\"Person\",\"@id\":\"https:\\\/\\\/www.mundi-roth.de\\\/teneriffa-blog\\\/#\\\/schema\\\/person\\\/3afd0d251449790d15367c9aa52d203d\",\"name\":\"ir\",\"image\":{\"@type\":\"ImageObject\",\"inLanguage\":\"de\",\"@id\":\"https:\\\/\\\/secure.gravatar.com\\\/avatar\\\/e67b41513c921c2bb58363f44c8a00a447c9a2526ad8ff71b5b6257e5f7f5c66?s=96&d=mm&r=g\",\"url\":\"https:\\\/\\\/secure.gravatar.com\\\/avatar\\\/e67b41513c921c2bb58363f44c8a00a447c9a2526ad8ff71b5b6257e5f7f5c66?s=96&d=mm&r=g\",\"contentUrl\":\"https:\\\/\\\/secure.gravatar.com\\\/avatar\\\/e67b41513c921c2bb58363f44c8a00a447c9a2526ad8ff71b5b6257e5f7f5c66?s=96&d=mm&r=g\",\"caption\":\"ir\"},\"sameAs\":[\"http:\\\/\\\/www.mundi-roth.de\"],\"url\":\"https:\\\/\\\/www.mundi-roth.de\\\/teneriffa-blog\\\/author\\\/ir\\\/\"}]}<\/script>\n<!-- \/ Yoast SEO plugin. -->","yoast_head_json":{"title":"Santiago del Teide \u2013 Tamaimo - Teneriffa Wandern","robots":{"index":"index","follow":"follow","max-snippet":"max-snippet:-1","max-image-preview":"max-image-preview:large","max-video-preview":"max-video-preview:-1"},"canonical":"https:\/\/www.mundi-roth.de\/teneriffa-blog\/wanderungen\/santiago-del-teide-\u2013-tamaimo\/","twitter_misc":{"Verfasst von":"ir","Gesch\u00e4tzte Lesezeit":"6\u00a0Minuten"},"schema":{"@context":"https:\/\/schema.org","@graph":[{"@type":"Article","@id":"https:\/\/www.mundi-roth.de\/teneriffa-blog\/wanderungen\/santiago-del-teide-%e2%80%93-tamaimo\/#article","isPartOf":{"@id":"https:\/\/www.mundi-roth.de\/teneriffa-blog\/wanderungen\/santiago-del-teide-%e2%80%93-tamaimo\/"},"author":{"name":"ir","@id":"https:\/\/www.mundi-roth.de\/teneriffa-blog\/#\/schema\/person\/3afd0d251449790d15367c9aa52d203d"},"headline":"Santiago del Teide \u2013 Tamaimo","datePublished":"2008-01-18T19:00:30+00:00","dateModified":"2015-04-12T10:56:08+00:00","mainEntityOfPage":{"@id":"https:\/\/www.mundi-roth.de\/teneriffa-blog\/wanderungen\/santiago-del-teide-%e2%80%93-tamaimo\/"},"wordCount":1196,"commentCount":0,"image":{"@id":"https:\/\/www.mundi-roth.de\/teneriffa-blog\/wanderungen\/santiago-del-teide-%e2%80%93-tamaimo\/#primaryimage"},"thumbnailUrl":"http:\/\/www.mundi-roth.de\/teneriffa-blog\/wp-content\/uploads\/2008\/01\/p1010198.thumbnail.JPG","keywords":["Las Goteras","Santiago del Teide","Tamaimo","Teneriffa","T\u00f6pfermuseum","Wandern"],"articleSection":["Santiago del Teide","Wanderungen"],"inLanguage":"de","potentialAction":[{"@type":"CommentAction","name":"Comment","target":["https:\/\/www.mundi-roth.de\/teneriffa-blog\/wanderungen\/santiago-del-teide-%e2%80%93-tamaimo\/#respond"]}]},{"@type":"WebPage","@id":"https:\/\/www.mundi-roth.de\/teneriffa-blog\/wanderungen\/santiago-del-teide-%e2%80%93-tamaimo\/","url":"https:\/\/www.mundi-roth.de\/teneriffa-blog\/wanderungen\/santiago-del-teide-%e2%80%93-tamaimo\/","name":"Santiago del Teide \u2013 Tamaimo - Teneriffa Wandern","isPartOf":{"@id":"https:\/\/www.mundi-roth.de\/teneriffa-blog\/#website"},"primaryImageOfPage":{"@id":"https:\/\/www.mundi-roth.de\/teneriffa-blog\/wanderungen\/santiago-del-teide-%e2%80%93-tamaimo\/#primaryimage"},"image":{"@id":"https:\/\/www.mundi-roth.de\/teneriffa-blog\/wanderungen\/santiago-del-teide-%e2%80%93-tamaimo\/#primaryimage"},"thumbnailUrl":"http:\/\/www.mundi-roth.de\/teneriffa-blog\/wp-content\/uploads\/2008\/01\/p1010198.thumbnail.JPG","datePublished":"2008-01-18T19:00:30+00:00","dateModified":"2015-04-12T10:56:08+00:00","author":{"@id":"https:\/\/www.mundi-roth.de\/teneriffa-blog\/#\/schema\/person\/3afd0d251449790d15367c9aa52d203d"},"breadcrumb":{"@id":"https:\/\/www.mundi-roth.de\/teneriffa-blog\/wanderungen\/santiago-del-teide-%e2%80%93-tamaimo\/#breadcrumb"},"inLanguage":"de","potentialAction":[{"@type":"ReadAction","target":["https:\/\/www.mundi-roth.de\/teneriffa-blog\/wanderungen\/santiago-del-teide-%e2%80%93-tamaimo\/"]}]},{"@type":"ImageObject","inLanguage":"de","@id":"https:\/\/www.mundi-roth.de\/teneriffa-blog\/wanderungen\/santiago-del-teide-%e2%80%93-tamaimo\/#primaryimage","url":"http:\/\/www.mundi-roth.de\/teneriffa-blog\/wp-content\/uploads\/2008\/01\/p1010198.thumbnail.JPG","contentUrl":"http:\/\/www.mundi-roth.de\/teneriffa-blog\/wp-content\/uploads\/2008\/01\/p1010198.thumbnail.JPG"},{"@type":"BreadcrumbList","@id":"https:\/\/www.mundi-roth.de\/teneriffa-blog\/wanderungen\/santiago-del-teide-%e2%80%93-tamaimo\/#breadcrumb","itemListElement":[{"@type":"ListItem","position":1,"name":"Startseite","item":"https:\/\/www.mundi-roth.de\/teneriffa-blog\/"},{"@type":"ListItem","position":2,"name":"Santiago del Teide \u2013 Tamaimo"}]},{"@type":"WebSite","@id":"https:\/\/www.mundi-roth.de\/teneriffa-blog\/#website","url":"https:\/\/www.mundi-roth.de\/teneriffa-blog\/","name":"Teneriffa Wandern","description":"Nicht nur Wanderungen auf Teneriffa...","potentialAction":[{"@type":"SearchAction","target":{"@type":"EntryPoint","urlTemplate":"https:\/\/www.mundi-roth.de\/teneriffa-blog\/?s={search_term_string}"},"query-input":{"@type":"PropertyValueSpecification","valueRequired":true,"valueName":"search_term_string"}}],"inLanguage":"de"},{"@type":"Person","@id":"https:\/\/www.mundi-roth.de\/teneriffa-blog\/#\/schema\/person\/3afd0d251449790d15367c9aa52d203d","name":"ir","image":{"@type":"ImageObject","inLanguage":"de","@id":"https:\/\/secure.gravatar.com\/avatar\/e67b41513c921c2bb58363f44c8a00a447c9a2526ad8ff71b5b6257e5f7f5c66?s=96&d=mm&r=g","url":"https:\/\/secure.gravatar.com\/avatar\/e67b41513c921c2bb58363f44c8a00a447c9a2526ad8ff71b5b6257e5f7f5c66?s=96&d=mm&r=g","contentUrl":"https:\/\/secure.gravatar.com\/avatar\/e67b41513c921c2bb58363f44c8a00a447c9a2526ad8ff71b5b6257e5f7f5c66?s=96&d=mm&r=g","caption":"ir"},"sameAs":["http:\/\/www.mundi-roth.de"],"url":"https:\/\/www.mundi-roth.de\/teneriffa-blog\/author\/ir\/"}]}},"_links":{"self":[{"href":"https:\/\/www.mundi-roth.de\/teneriffa-blog\/wp-json\/wp\/v2\/posts\/181","targetHints":{"allow":["GET"]}}],"collection":[{"href":"https:\/\/www.mundi-roth.de\/teneriffa-blog\/wp-json\/wp\/v2\/posts"}],"about":[{"href":"https:\/\/www.mundi-roth.de\/teneriffa-blog\/wp-json\/wp\/v2\/types\/post"}],"author":[{"embeddable":true,"href":"https:\/\/www.mundi-roth.de\/teneriffa-blog\/wp-json\/wp\/v2\/users\/3"}],"replies":[{"embeddable":true,"href":"https:\/\/www.mundi-roth.de\/teneriffa-blog\/wp-json\/wp\/v2\/comments?post=181"}],"version-history":[{"count":0,"href":"https:\/\/www.mundi-roth.de\/teneriffa-blog\/wp-json\/wp\/v2\/posts\/181\/revisions"}],"wp:attachment":[{"href":"https:\/\/www.mundi-roth.de\/teneriffa-blog\/wp-json\/wp\/v2\/media?parent=181"}],"wp:term":[{"taxonomy":"category","embeddable":true,"href":"https:\/\/www.mundi-roth.de\/teneriffa-blog\/wp-json\/wp\/v2\/categories?post=181"},{"taxonomy":"post_tag","embeddable":true,"href":"https:\/\/www.mundi-roth.de\/teneriffa-blog\/wp-json\/wp\/v2\/tags?post=181"}],"curies":[{"name":"wp","href":"https:\/\/api.w.org\/{rel}","templated":true}]}}