{"id":1898,"date":"2012-10-11T09:40:35","date_gmt":"2012-10-11T08:40:35","guid":{"rendered":"http:\/\/www.mundi-roth.de\/teneriffa-blog\/?p=1898"},"modified":"2015-04-09T14:55:33","modified_gmt":"2015-04-09T13:55:33","slug":"el-roque-monte-cho-pancho","status":"publish","type":"post","link":"https:\/\/www.mundi-roth.de\/teneriffa-blog\/wanderungen\/el-roque-monte-cho-pancho\/","title":{"rendered":"El Roque \u2013 Monte Cho Pancho"},"content":{"rendered":"<p>Wie im Oktober vergangenen Jahres kann ich nur sagen: Ja! Wir sind wieder da!<br \/>\nUnd wir hoffen, dass die Wander-Saison 2012\/2013 so gut wird wie die letzte.<\/p>\n<p>Zum Einstieg hat Elisabeth die Tour von El Roque auf den Monte Cho Pancho <a href=\"http:\/\/www.mundi-roth.de\/teneriffa-blog\/wp-content\/uploads\/2012\/10\/Karte01.jpg\" rel=\"lightbox[1898]\"><img loading=\"lazy\" decoding=\"async\" class=\"alignright size-thumbnail wp-image-1899\" title=\"Karte01\" src=\"http:\/\/www.mundi-roth.de\/teneriffa-blog\/wp-content\/uploads\/2012\/10\/Karte01-150x125.jpg\" alt=\"\" width=\"150\" height=\"125\" srcset=\"https:\/\/www.mundi-roth.de\/teneriffa-blog\/wp-content\/uploads\/2012\/10\/Karte01-150x125.jpg 150w, https:\/\/www.mundi-roth.de\/teneriffa-blog\/wp-content\/uploads\/2012\/10\/Karte01-300x251.jpg 300w, https:\/\/www.mundi-roth.de\/teneriffa-blog\/wp-content\/uploads\/2012\/10\/Karte01.jpg 516w\" sizes=\"auto, (max-width: 150px) 100vw, 150px\" \/><\/a>ausgesucht.<br \/>\nEs ist ein Test in zweifacher Hinsicht:<br \/>\nwie steht es mit der Kondition, wie Hitze resistent sind wir.<\/p>\n<p>Die Route wird so beschrieben:<br \/>\nDistanz: 3,4 km<br \/>\nDauer: 2,5 Stunden<br \/>\nSchwierigkeitsgrad: Mittel<br \/>\nStart bei 634 m\u00a0 &#8211;\u00a0 Ziel bei 1003 m<\/p>\n<p><em>\u201eDer Roque de Jama ist ein Naturschutzgebiet mit beeindruckendem Gebirgszug und einer wundersch\u00f6nen Landschaft. Es wurde von der \u201eLey de Espacios Naturales de Canarias\u201c zum Naturdenkmal erkl\u00e4rt. Der Berg bildet eine nat\u00fcrliche Grenze zwischen den Gemeinden San Miguel de Abona und Arona.\u201c<\/em><\/p>\n<p><strong>Wanderwegstrecke:<\/strong><\/p>\n<p>Hin und Zur\u00fcck 6,52 km, 2.45 Stunden, plus 15 Minuten Pause<\/p>\n<p>Wir parken in El Roque neben der Kirchen, studierten erstmal auf dem <a href=\"http:\/\/www.mundi-roth.de\/teneriffa-blog\/wp-content\/uploads\/2012\/10\/P1070080.jpg\" rel=\"lightbox[1898]\"><img loading=\"lazy\" decoding=\"async\" class=\"alignright size-thumbnail wp-image-1900\" title=\"P1070080\" src=\"http:\/\/www.mundi-roth.de\/teneriffa-blog\/wp-content\/uploads\/2012\/10\/P1070080-150x112.jpg\" alt=\"\" width=\"150\" height=\"112\" srcset=\"https:\/\/www.mundi-roth.de\/teneriffa-blog\/wp-content\/uploads\/2012\/10\/P1070080-150x112.jpg 150w, https:\/\/www.mundi-roth.de\/teneriffa-blog\/wp-content\/uploads\/2012\/10\/P1070080-300x225.jpg 300w, https:\/\/www.mundi-roth.de\/teneriffa-blog\/wp-content\/uploads\/2012\/10\/P1070080.jpg 600w\" sizes=\"auto, (max-width: 150px) 100vw, 150px\" \/><\/a>Kirchplatz die Wandertafel und um 10:15 Uhr gehen wir bei der Hausnummer 22 in die Calle San Roque bis zum Stoppschild bei der Hausnummer 1 und biegen hier links ab in die Calle El Tapado. Eine Einheimische erkl\u00e4rte uns nun: \u201eImmer geradeaus und immer bergauf.\u201c<\/p>\n<p><a href=\"http:\/\/www.mundi-roth.de\/teneriffa-blog\/wp-content\/uploads\/2012\/10\/P1070042.jpg\" rel=\"lightbox[1898]\"><img loading=\"lazy\" decoding=\"async\" class=\"alignleft size-thumbnail wp-image-1901\" title=\"P1070042\" src=\"http:\/\/www.mundi-roth.de\/teneriffa-blog\/wp-content\/uploads\/2012\/10\/P1070042-150x112.jpg\" alt=\"\" width=\"150\" height=\"112\" srcset=\"https:\/\/www.mundi-roth.de\/teneriffa-blog\/wp-content\/uploads\/2012\/10\/P1070042-150x112.jpg 150w, https:\/\/www.mundi-roth.de\/teneriffa-blog\/wp-content\/uploads\/2012\/10\/P1070042-300x225.jpg 300w, https:\/\/www.mundi-roth.de\/teneriffa-blog\/wp-content\/uploads\/2012\/10\/P1070042.jpg 600w\" sizes=\"auto, (max-width: 150px) 100vw, 150px\" \/><\/a>Nach circa 10 Minuten kommen wir an das erste Hinweisschild \u201eSL Monte Cho Pancho\u201c.<br \/>\nWir passieren eine verlassene, alte Finca, vor uns liegt ein modernes Haus und heftiges Hundegekl\u00e4ff schallt <a href=\"http:\/\/www.mundi-roth.de\/teneriffa-blog\/wp-content\/uploads\/2012\/10\/P1070041.jpg\" rel=\"lightbox[1898]\"><img loading=\"lazy\" decoding=\"async\" class=\"alignright size-thumbnail wp-image-1902\" title=\"P1070041\" src=\"http:\/\/www.mundi-roth.de\/teneriffa-blog\/wp-content\/uploads\/2012\/10\/P1070041-150x112.jpg\" alt=\"\" width=\"150\" height=\"112\" srcset=\"https:\/\/www.mundi-roth.de\/teneriffa-blog\/wp-content\/uploads\/2012\/10\/P1070041-150x112.jpg 150w, https:\/\/www.mundi-roth.de\/teneriffa-blog\/wp-content\/uploads\/2012\/10\/P1070041-300x225.jpg 300w, https:\/\/www.mundi-roth.de\/teneriffa-blog\/wp-content\/uploads\/2012\/10\/P1070041.jpg 600w\" sizes=\"auto, (max-width: 150px) 100vw, 150px\" \/><\/a>uns entgegen.<br \/>\nHier zweigen wir rechts ab, wandern an einer Wasserleitung entlang, an vielen vertrockneten Zweigen des wilden Fenchels vorbei bergab, um dann in einer lang gezogenen Rechtskurve aufzusteigen.<br \/>\n<a href=\"http:\/\/www.mundi-roth.de\/teneriffa-blog\/wp-content\/uploads\/2012\/10\/P1070077.jpg\" rel=\"lightbox[1898]\"><img loading=\"lazy\" decoding=\"async\" class=\"alignleft size-thumbnail wp-image-1903\" title=\"P1070077\" src=\"http:\/\/www.mundi-roth.de\/teneriffa-blog\/wp-content\/uploads\/2012\/10\/P1070077-150x112.jpg\" alt=\"\" width=\"150\" height=\"112\" srcset=\"https:\/\/www.mundi-roth.de\/teneriffa-blog\/wp-content\/uploads\/2012\/10\/P1070077-150x112.jpg 150w, https:\/\/www.mundi-roth.de\/teneriffa-blog\/wp-content\/uploads\/2012\/10\/P1070077-300x225.jpg 300w, https:\/\/www.mundi-roth.de\/teneriffa-blog\/wp-content\/uploads\/2012\/10\/P1070077.jpg 600w\" sizes=\"auto, (max-width: 150px) 100vw, 150px\" \/><\/a><\/p>\n<p>Am Weg eine \u00dcberraschung: ein Baum, den wir bis heute noch nicht gesehen haben.<br \/>\nWas ist das f\u00fcr ein Baum mit zum Teil blauen Fr\u00fcchten?<\/p>\n<p>&nbsp;<\/p>\n<p>Zwischen Vulkangesteinsmauern und dem mit den typischen Vulkanbrocken \u201egepflasterten\u201c Weg steigen wir auf, immer weiter und immer steiler.<a href=\"http:\/\/www.mundi-roth.de\/teneriffa-blog\/wp-content\/uploads\/2012\/10\/P1070047.jpg\" rel=\"lightbox[1898]\"><img loading=\"lazy\" decoding=\"async\" class=\"alignright size-thumbnail wp-image-1904\" title=\"P1070047\" src=\"http:\/\/www.mundi-roth.de\/teneriffa-blog\/wp-content\/uploads\/2012\/10\/P1070047-112x150.jpg\" alt=\"\" width=\"112\" height=\"150\" srcset=\"https:\/\/www.mundi-roth.de\/teneriffa-blog\/wp-content\/uploads\/2012\/10\/P1070047-112x150.jpg 112w, https:\/\/www.mundi-roth.de\/teneriffa-blog\/wp-content\/uploads\/2012\/10\/P1070047-225x300.jpg 225w, https:\/\/www.mundi-roth.de\/teneriffa-blog\/wp-content\/uploads\/2012\/10\/P1070047.jpg 450w\" sizes=\"auto, (max-width: 112px) 100vw, 112px\" \/><\/a><br \/>\nDie Weggestaltung erinnert stark an den sogenannten \u201ecamino real\u201c, den alten, unter k\u00f6niglichem Schutz stehenden Handelsweg, der die verschiedenen D\u00f6rfer miteinander verband. Dieser Weg nennt sich jedoch \u201eCamino de la Silleta\u201c.<\/p>\n<p>Verschiedene Informationstafeln an der Strecke machen uns \u00fcber die fr\u00fcher hier betriebene Landwirtschaft, die Flora, das l\u00e4ndliche Leben, die Wasserversorgung, die Nutzung der Kiefern und ihrer Nadeln schlau. Die leider verfallenenen Fincas geben <a href=\"http:\/\/www.mundi-roth.de\/teneriffa-blog\/wp-content\/uploads\/2012\/10\/P1070046a.jpg\" rel=\"lightbox[1898]\"><img loading=\"lazy\" decoding=\"async\" class=\"alignleft size-thumbnail wp-image-1905\" title=\"P1070046a\" src=\"http:\/\/www.mundi-roth.de\/teneriffa-blog\/wp-content\/uploads\/2012\/10\/P1070046a-150x72.jpg\" alt=\"\" width=\"150\" height=\"72\" srcset=\"https:\/\/www.mundi-roth.de\/teneriffa-blog\/wp-content\/uploads\/2012\/10\/P1070046a-150x72.jpg 150w, https:\/\/www.mundi-roth.de\/teneriffa-blog\/wp-content\/uploads\/2012\/10\/P1070046a-300x145.jpg 300w, https:\/\/www.mundi-roth.de\/teneriffa-blog\/wp-content\/uploads\/2012\/10\/P1070046a.jpg 600w\" sizes=\"auto, (max-width: 150px) 100vw, 150px\" \/><\/a> <a href=\"http:\/\/www.mundi-roth.de\/teneriffa-blog\/wp-content\/uploads\/2012\/10\/P1070076.jpg\" rel=\"lightbox[1898]\"><img loading=\"lazy\" decoding=\"async\" class=\"alignleft size-thumbnail wp-image-1906\" title=\"P1070076\" src=\"http:\/\/www.mundi-roth.de\/teneriffa-blog\/wp-content\/uploads\/2012\/10\/P1070076-150x112.jpg\" alt=\"\" width=\"150\" height=\"112\" srcset=\"https:\/\/www.mundi-roth.de\/teneriffa-blog\/wp-content\/uploads\/2012\/10\/P1070076-150x112.jpg 150w, https:\/\/www.mundi-roth.de\/teneriffa-blog\/wp-content\/uploads\/2012\/10\/P1070076-300x225.jpg 300w, https:\/\/www.mundi-roth.de\/teneriffa-blog\/wp-content\/uploads\/2012\/10\/P1070076.jpg 600w\" sizes=\"auto, (max-width: 150px) 100vw, 150px\" \/><\/a>ebenfalls ein Bild, wie hoch noch bewirtschaftet wurde.<\/p>\n<p>Vorbei an Mandelb\u00e4umen, Opuntien mit ihren Fr\u00fcchten, vertrockneten\u00a0 Margaritenstr\u00e4uchern, Tabaiba dulce und amarga sowie Zistrosenb\u00fcschen und Escobon-Str\u00e4uchern steigen wir steil, steil, aufw\u00e4rts!<br \/>\n<a href=\"http:\/\/www.mundi-roth.de\/teneriffa-blog\/wp-content\/uploads\/2012\/10\/P1070044.jpg\" rel=\"lightbox[1898]\"><img loading=\"lazy\" decoding=\"async\" class=\"alignleft size-thumbnail wp-image-1907\" title=\"P1070044\" src=\"http:\/\/www.mundi-roth.de\/teneriffa-blog\/wp-content\/uploads\/2012\/10\/P1070044-150x112.jpg\" alt=\"\" width=\"150\" height=\"112\" srcset=\"https:\/\/www.mundi-roth.de\/teneriffa-blog\/wp-content\/uploads\/2012\/10\/P1070044-150x112.jpg 150w, https:\/\/www.mundi-roth.de\/teneriffa-blog\/wp-content\/uploads\/2012\/10\/P1070044-300x225.jpg 300w, https:\/\/www.mundi-roth.de\/teneriffa-blog\/wp-content\/uploads\/2012\/10\/P1070044.jpg 600w\" sizes=\"auto, (max-width: 150px) 100vw, 150px\" \/><\/a>Rechts begleitet uns der tiefe Einschnitt eines Barrancos.<\/p>\n<p>Ein Blick zur\u00fcck zur Monta\u00f1a Roja bei El M\u00e9dano, zum Meer, l\u00e4sst den Gedanken aufkommen: \u201e<em>Schwimmen<\/em> <em>w\u00e4re auch nicht schlecht<\/em>\u201c. Denn: es ist hei\u00df, hei\u00df! <a href=\"http:\/\/www.mundi-roth.de\/teneriffa-blog\/wp-content\/uploads\/2012\/10\/P1070057.jpg\" rel=\"lightbox[1898]\"><img loading=\"lazy\" decoding=\"async\" class=\"alignright size-thumbnail wp-image-1908\" title=\"P1070057\" src=\"http:\/\/www.mundi-roth.de\/teneriffa-blog\/wp-content\/uploads\/2012\/10\/P1070057-150x112.jpg\" alt=\"\" width=\"150\" height=\"112\" srcset=\"https:\/\/www.mundi-roth.de\/teneriffa-blog\/wp-content\/uploads\/2012\/10\/P1070057-150x112.jpg 150w, https:\/\/www.mundi-roth.de\/teneriffa-blog\/wp-content\/uploads\/2012\/10\/P1070057-300x225.jpg 300w, https:\/\/www.mundi-roth.de\/teneriffa-blog\/wp-content\/uploads\/2012\/10\/P1070057.jpg 600w\" sizes=\"auto, (max-width: 150px) 100vw, 150px\" \/><\/a>Gnadenlos brennt die Sonne vom stahlblauen, wolkenlosen Himmel. Kein Schatten in Sicht!<\/p>\n<p>Aber: wir wollen es ja wissen, wie das Wandern nach der langen Ruhepause geht und zudem sind zwei liebe Besucherinnen aus Deutschland hier, die auch mal unverf\u00e4lschte Natur kennenlernen wollen.<\/p>\n<p>Der ganze Weg zeigt uns, dass hier ganz offensichtlich die fr\u00fcher so m\u00fchevoll mit Steinen ums\u00e4umten Felder bewirtschaftet werden, so gar ein Pfirsichbaum liegt an unserem Weg. Leider liegen die Fr\u00fcchte, f\u00fcr uns unerreichbar, in einer <a href=\"http:\/\/www.mundi-roth.de\/teneriffa-blog\/wp-content\/uploads\/2012\/10\/P1070059.jpg\" rel=\"lightbox[1898]\"><img loading=\"lazy\" decoding=\"async\" class=\"alignleft size-thumbnail wp-image-1909\" title=\"P1070059\" src=\"http:\/\/www.mundi-roth.de\/teneriffa-blog\/wp-content\/uploads\/2012\/10\/P1070059-150x112.jpg\" alt=\"\" width=\"150\" height=\"112\" srcset=\"https:\/\/www.mundi-roth.de\/teneriffa-blog\/wp-content\/uploads\/2012\/10\/P1070059-150x112.jpg 150w, https:\/\/www.mundi-roth.de\/teneriffa-blog\/wp-content\/uploads\/2012\/10\/P1070059-300x225.jpg 300w, https:\/\/www.mundi-roth.de\/teneriffa-blog\/wp-content\/uploads\/2012\/10\/P1070059.jpg 600w\" sizes=\"auto, (max-width: 150px) 100vw, 150px\" \/><\/a>tiefen Kuhle.<br \/>\nHier befindet sich auch ein D\u00f6rrofen, der zum Trocknen der Feigen diente.<\/p>\n<p>Nunmehr gehen wir ein kleines St\u00fcck bergab, gelangen an ein mit einem Maschendraht eingez\u00e4untes Gel\u00e4nde. Hier halten wir uns links, und: hurra: <a href=\"http:\/\/www.mundi-roth.de\/teneriffa-blog\/wp-content\/uploads\/2012\/10\/P1070064.jpg\" rel=\"lightbox[1898]\"><img loading=\"lazy\" decoding=\"async\" class=\"alignright size-thumbnail wp-image-1910\" title=\"P1070064\" src=\"http:\/\/www.mundi-roth.de\/teneriffa-blog\/wp-content\/uploads\/2012\/10\/P1070064-150x112.jpg\" alt=\"\" width=\"150\" height=\"112\" srcset=\"https:\/\/www.mundi-roth.de\/teneriffa-blog\/wp-content\/uploads\/2012\/10\/P1070064-150x112.jpg 150w, https:\/\/www.mundi-roth.de\/teneriffa-blog\/wp-content\/uploads\/2012\/10\/P1070064-300x225.jpg 300w, https:\/\/www.mundi-roth.de\/teneriffa-blog\/wp-content\/uploads\/2012\/10\/P1070064.jpg 600w\" sizes=\"auto, (max-width: 150px) 100vw, 150px\" \/><\/a><br \/>\nim Kiefernwald steigen wir \u00fcber Kiefernnadeln weiter steil bergan. Im Schatten!<br \/>\nWir sind froh, dass wir unsere St\u00f6cke haben, die uns vor dem Rutschen bewahren.<\/p>\n<p>Punkt 12 Uhr sind wir nach diversen Trink-, Foto- und Schaustopps am Ziel unserer heutigen Wanderung: Dem Monte Cho Pancho.<br \/>\n<a href=\"http:\/\/www.mundi-roth.de\/teneriffa-blog\/wp-content\/uploads\/2012\/10\/P1070066.jpg\" rel=\"lightbox[1898]\"><img loading=\"lazy\" decoding=\"async\" class=\"alignleft size-thumbnail wp-image-1911\" title=\"P1070066\" src=\"http:\/\/www.mundi-roth.de\/teneriffa-blog\/wp-content\/uploads\/2012\/10\/P1070066-150x112.jpg\" alt=\"\" width=\"150\" height=\"112\" srcset=\"https:\/\/www.mundi-roth.de\/teneriffa-blog\/wp-content\/uploads\/2012\/10\/P1070066-150x112.jpg 150w, https:\/\/www.mundi-roth.de\/teneriffa-blog\/wp-content\/uploads\/2012\/10\/P1070066-300x225.jpg 300w, https:\/\/www.mundi-roth.de\/teneriffa-blog\/wp-content\/uploads\/2012\/10\/P1070066.jpg 600w\" sizes=\"auto, (max-width: 150px) 100vw, 150px\" \/><\/a>Gro\u00dfe \u00dcberraschung: Ein offensichtlich erst vor kurzem angelegter, sch\u00f6ner, gro\u00dfer Grillplatz erwartet uns.<\/p>\n<p>Ein Blick in die Runde: Kiefernwald, Weinreben, die H\u00f6henr\u00fccken die die Ca\u00f1ada s\u00e4umen, hier legen wir unsere obligatorische Apfelpause ein. 15 Minuten g\u00f6nnen wir uns f\u00fcr die\u00a0 Verschnaufpause und dann geht es mit einem kleinen Schlenker auf demselben Weg zur\u00fcck.<br \/>\nGenau eine Stunde ben\u00f6tigen wir hierf\u00fcr und so sind wir um 13.15 Uhr wieder in El Roque beim geparkten Wagen.<\/p>\n<p><strong>Besonderheiten:<\/strong><\/p>\n<p>Da ich doch neugierig war, um welchen uns unbekannten Baum es sich da <a href=\"http:\/\/www.mundi-roth.de\/teneriffa-blog\/wanderungen\/el-roque-monte-cho-pancho\/attachment\/p1070077\/\" rel=\"attachment wp-att-1903\"><img loading=\"lazy\" decoding=\"async\" class=\"alignright size-thumbnail wp-image-1903\" title=\"P1070077\" src=\"http:\/\/www.mundi-roth.de\/teneriffa-blog\/wp-content\/uploads\/2012\/10\/P1070077-150x112.jpg\" alt=\"\" width=\"150\" height=\"112\" srcset=\"https:\/\/www.mundi-roth.de\/teneriffa-blog\/wp-content\/uploads\/2012\/10\/P1070077-150x112.jpg 150w, https:\/\/www.mundi-roth.de\/teneriffa-blog\/wp-content\/uploads\/2012\/10\/P1070077-300x225.jpg 300w, https:\/\/www.mundi-roth.de\/teneriffa-blog\/wp-content\/uploads\/2012\/10\/P1070077.jpg 600w\" sizes=\"auto, (max-width: 150px) 100vw, 150px\" \/><\/a>handelt, habe ich im Internet die Seite <a href=\"http:\/\/www.rinconcitocanario.com\/plantas\/hojasfr.htm\">\u201eflores y plantas en Canarias\u201c<\/a> aufgerufen und um Hilfe gebeten. Auf Grund des Fotos haben Enique y Estrella schnell geantwortet:<\/p>\n<p>Es handelt sich um \u201eAlm\u00e1cigo\u201c \u201ePistacia Atl\u00e1ntica\u201c.<br \/>\nMastixbaum, wilde Pistazie<\/p>\n<p>An anderer Stelle fand ich noch etwas Interessantes:<\/p>\n<p>An anderer Stelle fand ich noch etwas Interessantes:<br \/>\nDiesen durch Gesetz gesch\u00fctzten Baum gibt es auf Teneriffa nur an zwei Orten, und dabei handelt es sich jeweils um ein Einzelexemplar.<br \/>\nUnd wir haben einen Baum gesehen.<\/p>\n<p>Wer mehr \u00fcber &#8222;Pistacia Atlantica&#8220; wissen m\u00f6chte, der sollte <a href=\"http:\/\/en.wikipedia.org\/wiki\/Pistacia_atlantica\">hier<\/a> nachlesen. Die deutsche Variante ist leider wenig informativ.<\/p>\n<p><strong>Fazit:<\/strong><br \/>\nWir sind mit unserer Kondition zufrieden. Das ist doch immerhin schon was.<br \/>\nZudem haben wir nicht erwartet, dass wir so nah f\u00fcr uns &#8211; hier im Insel-S\u00fcden &#8211; noch eine so anspruchsvolle, interessante, sch\u00f6ne, lohnenswerte Wanderung finden w\u00fcrden.<\/p>\n<p>Wie schon oft gesagt:<\/p>\n<p>Die Insel ist immer f\u00fcr eine \u00dcberraschung gut und wir sind gl\u00fccklich, dass wir hier sein k\u00f6nnen.<\/p>\n<p><strong>Anfahrt:<\/strong><a href=\"http:\/\/www.mundi-roth.de\/teneriffa-blog\/wp-content\/uploads\/2012\/10\/Anfahrt.jpg\" rel=\"lightbox[1898]\"><img loading=\"lazy\" decoding=\"async\" class=\"alignright size-thumbnail wp-image-1913\" title=\"Anfahrt\" src=\"http:\/\/www.mundi-roth.de\/teneriffa-blog\/wp-content\/uploads\/2012\/10\/Anfahrt-150x106.jpg\" alt=\"\" width=\"150\" height=\"106\" srcset=\"https:\/\/www.mundi-roth.de\/teneriffa-blog\/wp-content\/uploads\/2012\/10\/Anfahrt-150x106.jpg 150w, https:\/\/www.mundi-roth.de\/teneriffa-blog\/wp-content\/uploads\/2012\/10\/Anfahrt-300x212.jpg 300w, https:\/\/www.mundi-roth.de\/teneriffa-blog\/wp-content\/uploads\/2012\/10\/Anfahrt.jpg 546w\" sizes=\"auto, (max-width: 150px) 100vw, 150px\" \/><\/a><br \/>\nAus Richtung Los Cristianos kommend folgt man der TF 28 \u00fcber La Camella und Valle San Lorenzo bis nach El Roque.<\/p>\n<p><strong>Restaurant:<\/strong><br \/>\nDa die Freunde, die diesmal mit uns wanderten, gerne Kaninchen essen <a href=\"http:\/\/www.mundi-roth.de\/teneriffa-blog\/wp-content\/uploads\/2012\/10\/DSCN0821a.jpg\" rel=\"lightbox[1898]\"><img loading=\"lazy\" decoding=\"async\" class=\"alignleft size-thumbnail wp-image-1912\" title=\"DSCN0821a\" src=\"http:\/\/www.mundi-roth.de\/teneriffa-blog\/wp-content\/uploads\/2012\/10\/DSCN0821a-150x146.jpg\" alt=\"\" width=\"150\" height=\"146\" srcset=\"https:\/\/www.mundi-roth.de\/teneriffa-blog\/wp-content\/uploads\/2012\/10\/DSCN0821a-150x146.jpg 150w, https:\/\/www.mundi-roth.de\/teneriffa-blog\/wp-content\/uploads\/2012\/10\/DSCN0821a-300x293.jpg 300w, https:\/\/www.mundi-roth.de\/teneriffa-blog\/wp-content\/uploads\/2012\/10\/DSCN0821a.jpg 600w\" sizes=\"auto, (max-width: 150px) 100vw, 150px\" \/><\/a>wollten, war die Wahl leicht.<br \/>\n<em>Restaurante Domejo<\/em> in Ifonche ist f\u00fcr seine Kaninchen \u2013 und sehr gutes Escaldon \u2013 bekannt.<\/p>\n<p>Tel. 922 72 5000, Ruhetag Donnerstag.<\/p>\n","protected":false},"excerpt":{"rendered":"<p>Wie im Oktober vergangenen Jahres kann ich nur sagen: Ja! Wir sind wieder da! Und wir hoffen, dass die Wander-Saison 2012\/2013 so gut wird wie die letzte. Zum Einstieg hat Elisabeth die Tour von El Roque auf den Monte Cho Pancho ausgesucht. Es ist ein Test in zweifacher Hinsicht: wie steht es mit der Kondition, [&hellip;]<\/p>\n","protected":false},"author":4,"featured_media":0,"comment_status":"open","ping_status":"open","sticky":false,"template":"","format":"standard","meta":{"footnotes":""},"categories":[775,6],"tags":[575,573,574],"class_list":["post-1898","post","type-post","status-publish","format-standard","hentry","category-arona","category-wanderungen","tag-camino-de-la-silleta","tag-el-roque","tag-monte-cho-pancho"],"yoast_head":"<!-- This site is optimized with the Yoast SEO plugin v27.5 - https:\/\/yoast.com\/product\/yoast-seo-wordpress\/ -->\n<title>El Roque \u2013 Monte Cho Pancho - Teneriffa Wandern<\/title>\n<meta name=\"robots\" content=\"index, follow, max-snippet:-1, max-image-preview:large, max-video-preview:-1\" \/>\n<link rel=\"canonical\" href=\"https:\/\/www.mundi-roth.de\/teneriffa-blog\/wanderungen\/el-roque-monte-cho-pancho\/\" \/>\n<meta name=\"twitter:label1\" content=\"Verfasst von\" \/>\n\t<meta name=\"twitter:data1\" content=\"mundi\" \/>\n\t<meta name=\"twitter:label2\" content=\"Gesch\u00e4tzte Lesezeit\" \/>\n\t<meta name=\"twitter:data2\" content=\"5\u00a0Minuten\" \/>\n<script type=\"application\/ld+json\" class=\"yoast-schema-graph\">{\"@context\":\"https:\\\/\\\/schema.org\",\"@graph\":[{\"@type\":\"Article\",\"@id\":\"https:\\\/\\\/www.mundi-roth.de\\\/teneriffa-blog\\\/wanderungen\\\/el-roque-monte-cho-pancho\\\/#article\",\"isPartOf\":{\"@id\":\"https:\\\/\\\/www.mundi-roth.de\\\/teneriffa-blog\\\/wanderungen\\\/el-roque-monte-cho-pancho\\\/\"},\"author\":{\"name\":\"mundi\",\"@id\":\"https:\\\/\\\/www.mundi-roth.de\\\/teneriffa-blog\\\/#\\\/schema\\\/person\\\/971c66b55f3ae5e8741553688c413cac\"},\"headline\":\"El Roque \u2013 Monte Cho Pancho\",\"datePublished\":\"2012-10-11T08:40:35+00:00\",\"dateModified\":\"2015-04-09T13:55:33+00:00\",\"mainEntityOfPage\":{\"@id\":\"https:\\\/\\\/www.mundi-roth.de\\\/teneriffa-blog\\\/wanderungen\\\/el-roque-monte-cho-pancho\\\/\"},\"wordCount\":930,\"commentCount\":2,\"image\":{\"@id\":\"https:\\\/\\\/www.mundi-roth.de\\\/teneriffa-blog\\\/wanderungen\\\/el-roque-monte-cho-pancho\\\/#primaryimage\"},\"thumbnailUrl\":\"http:\\\/\\\/www.mundi-roth.de\\\/teneriffa-blog\\\/wp-content\\\/uploads\\\/2012\\\/10\\\/Karte01-150x125.jpg\",\"keywords\":[\"Camino de la Silleta\",\"El Roque\",\"Monte Cho Pancho\"],\"articleSection\":[\"Arona\",\"Wanderungen\"],\"inLanguage\":\"de\",\"potentialAction\":[{\"@type\":\"CommentAction\",\"name\":\"Comment\",\"target\":[\"https:\\\/\\\/www.mundi-roth.de\\\/teneriffa-blog\\\/wanderungen\\\/el-roque-monte-cho-pancho\\\/#respond\"]}]},{\"@type\":\"WebPage\",\"@id\":\"https:\\\/\\\/www.mundi-roth.de\\\/teneriffa-blog\\\/wanderungen\\\/el-roque-monte-cho-pancho\\\/\",\"url\":\"https:\\\/\\\/www.mundi-roth.de\\\/teneriffa-blog\\\/wanderungen\\\/el-roque-monte-cho-pancho\\\/\",\"name\":\"El Roque \u2013 Monte Cho Pancho - Teneriffa Wandern\",\"isPartOf\":{\"@id\":\"https:\\\/\\\/www.mundi-roth.de\\\/teneriffa-blog\\\/#website\"},\"primaryImageOfPage\":{\"@id\":\"https:\\\/\\\/www.mundi-roth.de\\\/teneriffa-blog\\\/wanderungen\\\/el-roque-monte-cho-pancho\\\/#primaryimage\"},\"image\":{\"@id\":\"https:\\\/\\\/www.mundi-roth.de\\\/teneriffa-blog\\\/wanderungen\\\/el-roque-monte-cho-pancho\\\/#primaryimage\"},\"thumbnailUrl\":\"http:\\\/\\\/www.mundi-roth.de\\\/teneriffa-blog\\\/wp-content\\\/uploads\\\/2012\\\/10\\\/Karte01-150x125.jpg\",\"datePublished\":\"2012-10-11T08:40:35+00:00\",\"dateModified\":\"2015-04-09T13:55:33+00:00\",\"author\":{\"@id\":\"https:\\\/\\\/www.mundi-roth.de\\\/teneriffa-blog\\\/#\\\/schema\\\/person\\\/971c66b55f3ae5e8741553688c413cac\"},\"breadcrumb\":{\"@id\":\"https:\\\/\\\/www.mundi-roth.de\\\/teneriffa-blog\\\/wanderungen\\\/el-roque-monte-cho-pancho\\\/#breadcrumb\"},\"inLanguage\":\"de\",\"potentialAction\":[{\"@type\":\"ReadAction\",\"target\":[\"https:\\\/\\\/www.mundi-roth.de\\\/teneriffa-blog\\\/wanderungen\\\/el-roque-monte-cho-pancho\\\/\"]}]},{\"@type\":\"ImageObject\",\"inLanguage\":\"de\",\"@id\":\"https:\\\/\\\/www.mundi-roth.de\\\/teneriffa-blog\\\/wanderungen\\\/el-roque-monte-cho-pancho\\\/#primaryimage\",\"url\":\"https:\\\/\\\/www.mundi-roth.de\\\/teneriffa-blog\\\/wp-content\\\/uploads\\\/2012\\\/10\\\/Karte01.jpg\",\"contentUrl\":\"https:\\\/\\\/www.mundi-roth.de\\\/teneriffa-blog\\\/wp-content\\\/uploads\\\/2012\\\/10\\\/Karte01.jpg\",\"width\":\"516\",\"height\":\"433\"},{\"@type\":\"BreadcrumbList\",\"@id\":\"https:\\\/\\\/www.mundi-roth.de\\\/teneriffa-blog\\\/wanderungen\\\/el-roque-monte-cho-pancho\\\/#breadcrumb\",\"itemListElement\":[{\"@type\":\"ListItem\",\"position\":1,\"name\":\"Startseite\",\"item\":\"https:\\\/\\\/www.mundi-roth.de\\\/teneriffa-blog\\\/\"},{\"@type\":\"ListItem\",\"position\":2,\"name\":\"El Roque \u2013 Monte Cho Pancho\"}]},{\"@type\":\"WebSite\",\"@id\":\"https:\\\/\\\/www.mundi-roth.de\\\/teneriffa-blog\\\/#website\",\"url\":\"https:\\\/\\\/www.mundi-roth.de\\\/teneriffa-blog\\\/\",\"name\":\"Teneriffa Wandern\",\"description\":\"Nicht nur Wanderungen auf Teneriffa...\",\"potentialAction\":[{\"@type\":\"SearchAction\",\"target\":{\"@type\":\"EntryPoint\",\"urlTemplate\":\"https:\\\/\\\/www.mundi-roth.de\\\/teneriffa-blog\\\/?s={search_term_string}\"},\"query-input\":{\"@type\":\"PropertyValueSpecification\",\"valueRequired\":true,\"valueName\":\"search_term_string\"}}],\"inLanguage\":\"de\"},{\"@type\":\"Person\",\"@id\":\"https:\\\/\\\/www.mundi-roth.de\\\/teneriffa-blog\\\/#\\\/schema\\\/person\\\/971c66b55f3ae5e8741553688c413cac\",\"name\":\"mundi\",\"image\":{\"@type\":\"ImageObject\",\"inLanguage\":\"de\",\"@id\":\"https:\\\/\\\/secure.gravatar.com\\\/avatar\\\/555f0dd85428f1a9330f8e5dbe9e40ff9ca912bb81e5a89747ebf3ca9c20dc0f?s=96&d=mm&r=g\",\"url\":\"https:\\\/\\\/secure.gravatar.com\\\/avatar\\\/555f0dd85428f1a9330f8e5dbe9e40ff9ca912bb81e5a89747ebf3ca9c20dc0f?s=96&d=mm&r=g\",\"contentUrl\":\"https:\\\/\\\/secure.gravatar.com\\\/avatar\\\/555f0dd85428f1a9330f8e5dbe9e40ff9ca912bb81e5a89747ebf3ca9c20dc0f?s=96&d=mm&r=g\",\"caption\":\"mundi\"},\"sameAs\":[\"http:\\\/\\\/mundi-roth.de\"],\"url\":\"https:\\\/\\\/www.mundi-roth.de\\\/teneriffa-blog\\\/author\\\/mundi\\\/\"}]}<\/script>\n<!-- \/ Yoast SEO plugin. -->","yoast_head_json":{"title":"El Roque \u2013 Monte Cho Pancho - Teneriffa Wandern","robots":{"index":"index","follow":"follow","max-snippet":"max-snippet:-1","max-image-preview":"max-image-preview:large","max-video-preview":"max-video-preview:-1"},"canonical":"https:\/\/www.mundi-roth.de\/teneriffa-blog\/wanderungen\/el-roque-monte-cho-pancho\/","twitter_misc":{"Verfasst von":"mundi","Gesch\u00e4tzte Lesezeit":"5\u00a0Minuten"},"schema":{"@context":"https:\/\/schema.org","@graph":[{"@type":"Article","@id":"https:\/\/www.mundi-roth.de\/teneriffa-blog\/wanderungen\/el-roque-monte-cho-pancho\/#article","isPartOf":{"@id":"https:\/\/www.mundi-roth.de\/teneriffa-blog\/wanderungen\/el-roque-monte-cho-pancho\/"},"author":{"name":"mundi","@id":"https:\/\/www.mundi-roth.de\/teneriffa-blog\/#\/schema\/person\/971c66b55f3ae5e8741553688c413cac"},"headline":"El Roque \u2013 Monte Cho Pancho","datePublished":"2012-10-11T08:40:35+00:00","dateModified":"2015-04-09T13:55:33+00:00","mainEntityOfPage":{"@id":"https:\/\/www.mundi-roth.de\/teneriffa-blog\/wanderungen\/el-roque-monte-cho-pancho\/"},"wordCount":930,"commentCount":2,"image":{"@id":"https:\/\/www.mundi-roth.de\/teneriffa-blog\/wanderungen\/el-roque-monte-cho-pancho\/#primaryimage"},"thumbnailUrl":"http:\/\/www.mundi-roth.de\/teneriffa-blog\/wp-content\/uploads\/2012\/10\/Karte01-150x125.jpg","keywords":["Camino de la Silleta","El Roque","Monte Cho Pancho"],"articleSection":["Arona","Wanderungen"],"inLanguage":"de","potentialAction":[{"@type":"CommentAction","name":"Comment","target":["https:\/\/www.mundi-roth.de\/teneriffa-blog\/wanderungen\/el-roque-monte-cho-pancho\/#respond"]}]},{"@type":"WebPage","@id":"https:\/\/www.mundi-roth.de\/teneriffa-blog\/wanderungen\/el-roque-monte-cho-pancho\/","url":"https:\/\/www.mundi-roth.de\/teneriffa-blog\/wanderungen\/el-roque-monte-cho-pancho\/","name":"El Roque \u2013 Monte Cho Pancho - Teneriffa Wandern","isPartOf":{"@id":"https:\/\/www.mundi-roth.de\/teneriffa-blog\/#website"},"primaryImageOfPage":{"@id":"https:\/\/www.mundi-roth.de\/teneriffa-blog\/wanderungen\/el-roque-monte-cho-pancho\/#primaryimage"},"image":{"@id":"https:\/\/www.mundi-roth.de\/teneriffa-blog\/wanderungen\/el-roque-monte-cho-pancho\/#primaryimage"},"thumbnailUrl":"http:\/\/www.mundi-roth.de\/teneriffa-blog\/wp-content\/uploads\/2012\/10\/Karte01-150x125.jpg","datePublished":"2012-10-11T08:40:35+00:00","dateModified":"2015-04-09T13:55:33+00:00","author":{"@id":"https:\/\/www.mundi-roth.de\/teneriffa-blog\/#\/schema\/person\/971c66b55f3ae5e8741553688c413cac"},"breadcrumb":{"@id":"https:\/\/www.mundi-roth.de\/teneriffa-blog\/wanderungen\/el-roque-monte-cho-pancho\/#breadcrumb"},"inLanguage":"de","potentialAction":[{"@type":"ReadAction","target":["https:\/\/www.mundi-roth.de\/teneriffa-blog\/wanderungen\/el-roque-monte-cho-pancho\/"]}]},{"@type":"ImageObject","inLanguage":"de","@id":"https:\/\/www.mundi-roth.de\/teneriffa-blog\/wanderungen\/el-roque-monte-cho-pancho\/#primaryimage","url":"https:\/\/www.mundi-roth.de\/teneriffa-blog\/wp-content\/uploads\/2012\/10\/Karte01.jpg","contentUrl":"https:\/\/www.mundi-roth.de\/teneriffa-blog\/wp-content\/uploads\/2012\/10\/Karte01.jpg","width":"516","height":"433"},{"@type":"BreadcrumbList","@id":"https:\/\/www.mundi-roth.de\/teneriffa-blog\/wanderungen\/el-roque-monte-cho-pancho\/#breadcrumb","itemListElement":[{"@type":"ListItem","position":1,"name":"Startseite","item":"https:\/\/www.mundi-roth.de\/teneriffa-blog\/"},{"@type":"ListItem","position":2,"name":"El Roque \u2013 Monte Cho Pancho"}]},{"@type":"WebSite","@id":"https:\/\/www.mundi-roth.de\/teneriffa-blog\/#website","url":"https:\/\/www.mundi-roth.de\/teneriffa-blog\/","name":"Teneriffa Wandern","description":"Nicht nur Wanderungen auf Teneriffa...","potentialAction":[{"@type":"SearchAction","target":{"@type":"EntryPoint","urlTemplate":"https:\/\/www.mundi-roth.de\/teneriffa-blog\/?s={search_term_string}"},"query-input":{"@type":"PropertyValueSpecification","valueRequired":true,"valueName":"search_term_string"}}],"inLanguage":"de"},{"@type":"Person","@id":"https:\/\/www.mundi-roth.de\/teneriffa-blog\/#\/schema\/person\/971c66b55f3ae5e8741553688c413cac","name":"mundi","image":{"@type":"ImageObject","inLanguage":"de","@id":"https:\/\/secure.gravatar.com\/avatar\/555f0dd85428f1a9330f8e5dbe9e40ff9ca912bb81e5a89747ebf3ca9c20dc0f?s=96&d=mm&r=g","url":"https:\/\/secure.gravatar.com\/avatar\/555f0dd85428f1a9330f8e5dbe9e40ff9ca912bb81e5a89747ebf3ca9c20dc0f?s=96&d=mm&r=g","contentUrl":"https:\/\/secure.gravatar.com\/avatar\/555f0dd85428f1a9330f8e5dbe9e40ff9ca912bb81e5a89747ebf3ca9c20dc0f?s=96&d=mm&r=g","caption":"mundi"},"sameAs":["http:\/\/mundi-roth.de"],"url":"https:\/\/www.mundi-roth.de\/teneriffa-blog\/author\/mundi\/"}]}},"_links":{"self":[{"href":"https:\/\/www.mundi-roth.de\/teneriffa-blog\/wp-json\/wp\/v2\/posts\/1898","targetHints":{"allow":["GET"]}}],"collection":[{"href":"https:\/\/www.mundi-roth.de\/teneriffa-blog\/wp-json\/wp\/v2\/posts"}],"about":[{"href":"https:\/\/www.mundi-roth.de\/teneriffa-blog\/wp-json\/wp\/v2\/types\/post"}],"author":[{"embeddable":true,"href":"https:\/\/www.mundi-roth.de\/teneriffa-blog\/wp-json\/wp\/v2\/users\/4"}],"replies":[{"embeddable":true,"href":"https:\/\/www.mundi-roth.de\/teneriffa-blog\/wp-json\/wp\/v2\/comments?post=1898"}],"version-history":[{"count":0,"href":"https:\/\/www.mundi-roth.de\/teneriffa-blog\/wp-json\/wp\/v2\/posts\/1898\/revisions"}],"wp:attachment":[{"href":"https:\/\/www.mundi-roth.de\/teneriffa-blog\/wp-json\/wp\/v2\/media?parent=1898"}],"wp:term":[{"taxonomy":"category","embeddable":true,"href":"https:\/\/www.mundi-roth.de\/teneriffa-blog\/wp-json\/wp\/v2\/categories?post=1898"},{"taxonomy":"post_tag","embeddable":true,"href":"https:\/\/www.mundi-roth.de\/teneriffa-blog\/wp-json\/wp\/v2\/tags?post=1898"}],"curies":[{"name":"wp","href":"https:\/\/api.w.org\/{rel}","templated":true}]}}