{"id":190,"date":"2008-01-29T18:00:06","date_gmt":"2008-01-29T17:00:06","guid":{"rendered":"http:\/\/www.mundi-roth.de\/teneriffa-blog\/allgemein\/arguayo-%e2%80%93-las-manchas-%e2%80%93-arguayo\/"},"modified":"2015-04-12T11:55:40","modified_gmt":"2015-04-12T10:55:40","slug":"arguayo-%e2%80%93-las-manchas-%e2%80%93-arguayo","status":"publish","type":"post","link":"https:\/\/www.mundi-roth.de\/teneriffa-blog\/wanderungen\/arguayo-%e2%80%93-las-manchas-%e2%80%93-arguayo\/","title":{"rendered":"Arguayo &#8211; Las Manchas &#8211; Arguayo"},"content":{"rendered":"<p><span style=\"font-size: 12pt; font-family: 'Times New Roman';\"><strong>Eine Tour die uns im ersten Teil auf dem Kreuzweg nach Las Manchas hinabf\u00fchrt, dann durch das \u00d6rtchen bergab, um dann stets bergauf &#8211; jedoch gut zu gehen &#8211; um den Roque de Arguayo herumf\u00fchrt und dann nach Arguaya wieder hinabf\u00fchrt. Wundersch\u00f6ne Ausblicke belohnen uns.<\/strong><\/span><\/p>\n<p><!--more--><\/p>\n<p><strong>Wander-Wegstrecke: <\/strong>Gut 2 Stunden bis Arguayo<br \/>\n<a title=\"arguayo-der-weg1.jpg\" href=\"http:\/\/www.mundi-roth.de\/teneriffa-blog\/wp-content\/uploads\/2008\/01\/arguayo-der-weg1.jpg\" rel=\"lightbox[190]\"><img loading=\"lazy\" decoding=\"async\" src=\"http:\/\/www.mundi-roth.de\/teneriffa-blog\/wp-content\/uploads\/2008\/01\/arguayo-der-weg1.thumbnail.jpg\" alt=\"arguayo-der-weg1.jpg\" width=\"120\" height=\"120\" align=\"left\" border=\"0\" hspace=\"3\" vspace=\"3\" \/><\/a><a title=\"sany5397a.jpg\" href=\"http:\/\/www.mundi-roth.de\/teneriffa-blog\/wp-content\/uploads\/2008\/01\/sany5397a.jpg\" rel=\"lightbox[190]\"><img loading=\"lazy\" decoding=\"async\" src=\"http:\/\/www.mundi-roth.de\/teneriffa-blog\/wp-content\/uploads\/2008\/01\/sany5397a.thumbnail.jpg\" alt=\"sany5397a.jpg\" width=\"128\" height=\"96\" align=\"right\" border=\"0\" hspace=\"3\" vspace=\"3\" \/><\/a> Anlass f\u00fcr unsere heutige Wanderung ist die Mandelbl\u00fcte in dieser Region.<br \/>\nWir steigen bis zur Kapelle auf und gleich dahinter beginnt unser Abstieg auf dem Kreuzweg zur Ortschaft Las Manchas.<br \/>\nWir haben einen sch\u00f6nen Blick auf den uns gegen\u00fcberliegenden Berg Bilma und den erschreckenden Blick auf die schwarzen, abgebrannten <a title=\"p1010204.jpg\" href=\"http:\/\/www.mundi-roth.de\/teneriffa-blog\/wp-content\/uploads\/2008\/01\/p1010204.jpg\" rel=\"lightbox[190]\"><img loading=\"lazy\" decoding=\"async\" src=\"http:\/\/www.mundi-roth.de\/teneriffa-blog\/wp-content\/uploads\/2008\/01\/p1010204.thumbnail.jpg\" alt=\"p1010204.jpg\" width=\"128\" height=\"96\" align=\"right\" border=\"0\" hspace=\"3\" vspace=\"3\" \/><\/a>Kiefernst\u00e4mme auf den Bergr\u00fccken oberhalb von Santiago del Teide.<br \/>\nDer gut zu gehende, steile Abstieg f\u00fchrt uns durch eine F\u00fclle von bl\u00fchenden Pflanzen: Affodills und die dunkelpurpurote Wolfsmilch.<br \/>\nSchnell sind wir nach diversen Fotostopps in der kleinen Ortschaft Las Manchas. Gehen auf dem, in den Ort f\u00fchrenden Weg, bis wir nur noch rechts oder links gehen k\u00f6nnen. Wir w\u00e4hlen den linken, weiter leicht abw\u00e4rts gehenden Weg durch den Ort, der dann in einen wirklich unangenehm zu gehenden Schotterweg \u00fcbergeht.<br \/>\nLas Manchas hat durch den umstrittenen Lavak\u00f6rner-Abbau von Bilma von sich Reden gemacht, da der Gesteinsabbau diesen sch\u00f6nen Berg verunstaltet.<br \/>\nWir halten uns weiter bergab, vorbei an einer dicken, imposanten Kanarischen Kiefer bis wir etwas unterhalb auf die n\u00e4chste Kiefer sto\u00dfen. Hier biegen wir links ab und gehen nicht den breiten, weiter bergabf\u00fchrenden Weg.<br \/>\nUnser Weg ist ges\u00e4umt von einer sch\u00f6nen Mauer, Dickblattgew\u00e4chsen, Kanaren-Lavendel und wieder Affodills in reicher Zahl.<br \/>\n<a title=\"p1010210x.jpg\" href=\"http:\/\/www.mundi-roth.de\/teneriffa-blog\/wp-content\/uploads\/2008\/01\/p1010210x.jpg\" rel=\"lightbox[190]\"><img loading=\"lazy\" decoding=\"async\" src=\"http:\/\/www.mundi-roth.de\/teneriffa-blog\/wp-content\/uploads\/2008\/01\/p1010210x.thumbnail.jpg\" alt=\"p1010210x.jpg\" width=\"128\" height=\"96\" align=\"left\" border=\"0\" hspace=\"3\" vspace=\"3\" \/><\/a>Vor uns sehen wir den bergauf f\u00fchrenden Weg und unser Anstieg wird belohnt mit dem Blick auf hangaufw\u00e4rts &#8211; wie -abw\u00e4rts &#8211; \u00fcppig bl\u00fchende Mandelb\u00e4ume.<br \/>\nOben angekommen &#8211; mit grandiosem Blick, auch auf die Insel La Gomera &#8211; g\u00f6nnen wir uns eine Rast. Fast eben f\u00fchrt der gut ausgebaute Weg um den Roque de Arguayo herum, der mit Sendemasten verunziert ist (die sich jedoch aus dieser Perspektive zum Gl\u00fcck unserem Blick entziehen) und wir steigen in den Ort Arguayo ab.<br \/>\nHier k\u00f6nnte man nun gut Grillen. Wir waren jedoch heute nicht darauf eingerichtet.<\/p>\n<p><strong>Botanik:<\/strong><br \/>\n<a title=\"sany5385.jpg\" href=\"http:\/\/www.mundi-roth.de\/teneriffa-blog\/wp-content\/uploads\/2008\/01\/sany5385.jpg\" rel=\"lightbox[190]\"><img loading=\"lazy\" decoding=\"async\" src=\"http:\/\/www.mundi-roth.de\/teneriffa-blog\/wp-content\/uploads\/2008\/01\/sany5385.thumbnail.jpg\" alt=\"sany5385.jpg\" width=\"128\" height=\"96\" align=\"right\" border=\"0\" hspace=\"3\" vspace=\"3\" \/><\/a> &#8222;Die Kleinfr\u00fcchtige Affodill (Asphodelus aestivus Brot.) &#8222;Gam\u00f3n, gamona&#8220; Affodill mit spindelf\u00f6rmig verdickten Wurzeln. Bl\u00e4tter gr\u00fcn, alle grundst\u00e4ndig, 1-2 cm breit, flach und etwas gekielt. Der reich verzweigte, pyramidale Bl\u00fctenstand auf kr\u00e4ftigem Schaft, mit h\u00e4utigen bis bla\u00dfgr\u00fcnen, 10 &#8211; 15 mm langen Tragbl\u00e4ttern. Bl\u00fcten mit 6 sternf\u00f6rmig ausgebreiteten, 10 &#8211; 16 mm langen, wei\u00dfen, in der Mitte rotbraun genervten H\u00fcllbl\u00e4ttern. Pflanze f\u00fcr Weidetiere giftig.<br \/>\nVorkommen: Grasfluren, Kiefernw\u00e4lder, Kanaren, Mittelmeergebiet, \u00f6stlich bis in den Iran.&#8220;<\/p>\n<p><strong>Anfahrt:<\/strong><br \/>\n<a title=\"nach-arguayo.jpg\" href=\"http:\/\/www.mundi-roth.de\/teneriffa-blog\/wp-content\/uploads\/2008\/01\/nach-arguayo.jpg\" rel=\"lightbox[190]\"><img loading=\"lazy\" decoding=\"async\" src=\"http:\/\/www.mundi-roth.de\/teneriffa-blog\/wp-content\/uploads\/2008\/01\/nach-arguayo.thumbnail.jpg\" alt=\"nach-arguayo.jpg\" width=\"128\" height=\"115\" align=\"right\" border=\"0\" hspace=\"3\" vspace=\"3\" \/><\/a>Aus Los Cristianos kommend auf der Autobahn TF-1 bis zum Autobahnende am Kreisel von Adeje, hier auf die TF-82 \u00fcber Gu\u00ed\u00ada de Isora bis Chio, hier auf die TF 375 bis Arguayo. Hier stellen wir &#8211; je nach Gr\u00f6\u00dfe der Gruppe &#8211; einen oder mehrere Wagen am Grillplatz mitten im Ort ab und mit den anderen fahren wir hoch bis wir links oben die kleine Kapelle sehen. Unterhalb der Kapelle und rechts am Stra\u00dfenrand gibt es Parkm\u00f6glichkeiten.<\/p>\n","protected":false},"excerpt":{"rendered":"<p>Eine Tour die uns im ersten Teil auf dem Kreuzweg nach Las Manchas hinabf\u00fchrt, dann durch das \u00d6rtchen bergab, um dann stets bergauf &#8211; jedoch gut zu gehen &#8211; um den Roque de Arguayo herumf\u00fchrt und dann nach Arguaya wieder hinabf\u00fchrt. Wundersch\u00f6ne Ausblicke belohnen uns.<\/p>\n","protected":false},"author":3,"featured_media":0,"comment_status":"open","ping_status":"open","sticky":false,"template":"","format":"standard","meta":{"footnotes":""},"categories":[777,6],"tags":[51,73,72,3,4],"class_list":["post-190","post","type-post","status-publish","format-standard","hentry","category-santiago-del-teide","category-wanderungen","tag-arguayo","tag-las-manchas","tag-mandelblute","tag-teneriffa","tag-wandern"],"yoast_head":"<!-- This site is optimized with the Yoast SEO plugin v27.5 - https:\/\/yoast.com\/product\/yoast-seo-wordpress\/ -->\n<title>Arguayo - Las Manchas - Arguayo - Teneriffa Wandern<\/title>\n<meta name=\"robots\" content=\"index, follow, max-snippet:-1, max-image-preview:large, max-video-preview:-1\" \/>\n<link rel=\"canonical\" href=\"https:\/\/www.mundi-roth.de\/teneriffa-blog\/wanderungen\/arguayo-\u2013-las-manchas-\u2013-arguayo\/\" \/>\n<meta name=\"twitter:label1\" content=\"Verfasst von\" \/>\n\t<meta name=\"twitter:data1\" content=\"ir\" \/>\n\t<meta name=\"twitter:label2\" content=\"Gesch\u00e4tzte Lesezeit\" \/>\n\t<meta name=\"twitter:data2\" content=\"3\u00a0Minuten\" \/>\n<script type=\"application\/ld+json\" class=\"yoast-schema-graph\">{\"@context\":\"https:\\\/\\\/schema.org\",\"@graph\":[{\"@type\":\"Article\",\"@id\":\"https:\\\/\\\/www.mundi-roth.de\\\/teneriffa-blog\\\/wanderungen\\\/arguayo-%e2%80%93-las-manchas-%e2%80%93-arguayo\\\/#article\",\"isPartOf\":{\"@id\":\"https:\\\/\\\/www.mundi-roth.de\\\/teneriffa-blog\\\/wanderungen\\\/arguayo-%e2%80%93-las-manchas-%e2%80%93-arguayo\\\/\"},\"author\":{\"name\":\"ir\",\"@id\":\"https:\\\/\\\/www.mundi-roth.de\\\/teneriffa-blog\\\/#\\\/schema\\\/person\\\/3afd0d251449790d15367c9aa52d203d\"},\"headline\":\"Arguayo &#8211; Las Manchas &#8211; Arguayo\",\"datePublished\":\"2008-01-29T17:00:06+00:00\",\"dateModified\":\"2015-04-12T10:55:40+00:00\",\"mainEntityOfPage\":{\"@id\":\"https:\\\/\\\/www.mundi-roth.de\\\/teneriffa-blog\\\/wanderungen\\\/arguayo-%e2%80%93-las-manchas-%e2%80%93-arguayo\\\/\"},\"wordCount\":550,\"commentCount\":0,\"image\":{\"@id\":\"https:\\\/\\\/www.mundi-roth.de\\\/teneriffa-blog\\\/wanderungen\\\/arguayo-%e2%80%93-las-manchas-%e2%80%93-arguayo\\\/#primaryimage\"},\"thumbnailUrl\":\"http:\\\/\\\/www.mundi-roth.de\\\/teneriffa-blog\\\/wp-content\\\/uploads\\\/2008\\\/01\\\/arguayo-der-weg1.thumbnail.jpg\",\"keywords\":[\"Arguayo\",\"Las Manchas\",\"Mandelbl\u00fcte\",\"Teneriffa\",\"Wandern\"],\"articleSection\":[\"Santiago del Teide\",\"Wanderungen\"],\"inLanguage\":\"de\",\"potentialAction\":[{\"@type\":\"CommentAction\",\"name\":\"Comment\",\"target\":[\"https:\\\/\\\/www.mundi-roth.de\\\/teneriffa-blog\\\/wanderungen\\\/arguayo-%e2%80%93-las-manchas-%e2%80%93-arguayo\\\/#respond\"]}]},{\"@type\":\"WebPage\",\"@id\":\"https:\\\/\\\/www.mundi-roth.de\\\/teneriffa-blog\\\/wanderungen\\\/arguayo-%e2%80%93-las-manchas-%e2%80%93-arguayo\\\/\",\"url\":\"https:\\\/\\\/www.mundi-roth.de\\\/teneriffa-blog\\\/wanderungen\\\/arguayo-%e2%80%93-las-manchas-%e2%80%93-arguayo\\\/\",\"name\":\"Arguayo - Las Manchas - Arguayo - Teneriffa Wandern\",\"isPartOf\":{\"@id\":\"https:\\\/\\\/www.mundi-roth.de\\\/teneriffa-blog\\\/#website\"},\"primaryImageOfPage\":{\"@id\":\"https:\\\/\\\/www.mundi-roth.de\\\/teneriffa-blog\\\/wanderungen\\\/arguayo-%e2%80%93-las-manchas-%e2%80%93-arguayo\\\/#primaryimage\"},\"image\":{\"@id\":\"https:\\\/\\\/www.mundi-roth.de\\\/teneriffa-blog\\\/wanderungen\\\/arguayo-%e2%80%93-las-manchas-%e2%80%93-arguayo\\\/#primaryimage\"},\"thumbnailUrl\":\"http:\\\/\\\/www.mundi-roth.de\\\/teneriffa-blog\\\/wp-content\\\/uploads\\\/2008\\\/01\\\/arguayo-der-weg1.thumbnail.jpg\",\"datePublished\":\"2008-01-29T17:00:06+00:00\",\"dateModified\":\"2015-04-12T10:55:40+00:00\",\"author\":{\"@id\":\"https:\\\/\\\/www.mundi-roth.de\\\/teneriffa-blog\\\/#\\\/schema\\\/person\\\/3afd0d251449790d15367c9aa52d203d\"},\"breadcrumb\":{\"@id\":\"https:\\\/\\\/www.mundi-roth.de\\\/teneriffa-blog\\\/wanderungen\\\/arguayo-%e2%80%93-las-manchas-%e2%80%93-arguayo\\\/#breadcrumb\"},\"inLanguage\":\"de\",\"potentialAction\":[{\"@type\":\"ReadAction\",\"target\":[\"https:\\\/\\\/www.mundi-roth.de\\\/teneriffa-blog\\\/wanderungen\\\/arguayo-%e2%80%93-las-manchas-%e2%80%93-arguayo\\\/\"]}]},{\"@type\":\"ImageObject\",\"inLanguage\":\"de\",\"@id\":\"https:\\\/\\\/www.mundi-roth.de\\\/teneriffa-blog\\\/wanderungen\\\/arguayo-%e2%80%93-las-manchas-%e2%80%93-arguayo\\\/#primaryimage\",\"url\":\"http:\\\/\\\/www.mundi-roth.de\\\/teneriffa-blog\\\/wp-content\\\/uploads\\\/2008\\\/01\\\/arguayo-der-weg1.thumbnail.jpg\",\"contentUrl\":\"http:\\\/\\\/www.mundi-roth.de\\\/teneriffa-blog\\\/wp-content\\\/uploads\\\/2008\\\/01\\\/arguayo-der-weg1.thumbnail.jpg\"},{\"@type\":\"BreadcrumbList\",\"@id\":\"https:\\\/\\\/www.mundi-roth.de\\\/teneriffa-blog\\\/wanderungen\\\/arguayo-%e2%80%93-las-manchas-%e2%80%93-arguayo\\\/#breadcrumb\",\"itemListElement\":[{\"@type\":\"ListItem\",\"position\":1,\"name\":\"Startseite\",\"item\":\"https:\\\/\\\/www.mundi-roth.de\\\/teneriffa-blog\\\/\"},{\"@type\":\"ListItem\",\"position\":2,\"name\":\"Arguayo &#8211; Las Manchas &#8211; Arguayo\"}]},{\"@type\":\"WebSite\",\"@id\":\"https:\\\/\\\/www.mundi-roth.de\\\/teneriffa-blog\\\/#website\",\"url\":\"https:\\\/\\\/www.mundi-roth.de\\\/teneriffa-blog\\\/\",\"name\":\"Teneriffa Wandern\",\"description\":\"Nicht nur Wanderungen auf Teneriffa...\",\"potentialAction\":[{\"@type\":\"SearchAction\",\"target\":{\"@type\":\"EntryPoint\",\"urlTemplate\":\"https:\\\/\\\/www.mundi-roth.de\\\/teneriffa-blog\\\/?s={search_term_string}\"},\"query-input\":{\"@type\":\"PropertyValueSpecification\",\"valueRequired\":true,\"valueName\":\"search_term_string\"}}],\"inLanguage\":\"de\"},{\"@type\":\"Person\",\"@id\":\"https:\\\/\\\/www.mundi-roth.de\\\/teneriffa-blog\\\/#\\\/schema\\\/person\\\/3afd0d251449790d15367c9aa52d203d\",\"name\":\"ir\",\"image\":{\"@type\":\"ImageObject\",\"inLanguage\":\"de\",\"@id\":\"https:\\\/\\\/secure.gravatar.com\\\/avatar\\\/e67b41513c921c2bb58363f44c8a00a447c9a2526ad8ff71b5b6257e5f7f5c66?s=96&d=mm&r=g\",\"url\":\"https:\\\/\\\/secure.gravatar.com\\\/avatar\\\/e67b41513c921c2bb58363f44c8a00a447c9a2526ad8ff71b5b6257e5f7f5c66?s=96&d=mm&r=g\",\"contentUrl\":\"https:\\\/\\\/secure.gravatar.com\\\/avatar\\\/e67b41513c921c2bb58363f44c8a00a447c9a2526ad8ff71b5b6257e5f7f5c66?s=96&d=mm&r=g\",\"caption\":\"ir\"},\"sameAs\":[\"http:\\\/\\\/www.mundi-roth.de\"],\"url\":\"https:\\\/\\\/www.mundi-roth.de\\\/teneriffa-blog\\\/author\\\/ir\\\/\"}]}<\/script>\n<!-- \/ Yoast SEO plugin. -->","yoast_head_json":{"title":"Arguayo - Las Manchas - Arguayo - Teneriffa Wandern","robots":{"index":"index","follow":"follow","max-snippet":"max-snippet:-1","max-image-preview":"max-image-preview:large","max-video-preview":"max-video-preview:-1"},"canonical":"https:\/\/www.mundi-roth.de\/teneriffa-blog\/wanderungen\/arguayo-\u2013-las-manchas-\u2013-arguayo\/","twitter_misc":{"Verfasst von":"ir","Gesch\u00e4tzte Lesezeit":"3\u00a0Minuten"},"schema":{"@context":"https:\/\/schema.org","@graph":[{"@type":"Article","@id":"https:\/\/www.mundi-roth.de\/teneriffa-blog\/wanderungen\/arguayo-%e2%80%93-las-manchas-%e2%80%93-arguayo\/#article","isPartOf":{"@id":"https:\/\/www.mundi-roth.de\/teneriffa-blog\/wanderungen\/arguayo-%e2%80%93-las-manchas-%e2%80%93-arguayo\/"},"author":{"name":"ir","@id":"https:\/\/www.mundi-roth.de\/teneriffa-blog\/#\/schema\/person\/3afd0d251449790d15367c9aa52d203d"},"headline":"Arguayo &#8211; Las Manchas &#8211; Arguayo","datePublished":"2008-01-29T17:00:06+00:00","dateModified":"2015-04-12T10:55:40+00:00","mainEntityOfPage":{"@id":"https:\/\/www.mundi-roth.de\/teneriffa-blog\/wanderungen\/arguayo-%e2%80%93-las-manchas-%e2%80%93-arguayo\/"},"wordCount":550,"commentCount":0,"image":{"@id":"https:\/\/www.mundi-roth.de\/teneriffa-blog\/wanderungen\/arguayo-%e2%80%93-las-manchas-%e2%80%93-arguayo\/#primaryimage"},"thumbnailUrl":"http:\/\/www.mundi-roth.de\/teneriffa-blog\/wp-content\/uploads\/2008\/01\/arguayo-der-weg1.thumbnail.jpg","keywords":["Arguayo","Las Manchas","Mandelbl\u00fcte","Teneriffa","Wandern"],"articleSection":["Santiago del Teide","Wanderungen"],"inLanguage":"de","potentialAction":[{"@type":"CommentAction","name":"Comment","target":["https:\/\/www.mundi-roth.de\/teneriffa-blog\/wanderungen\/arguayo-%e2%80%93-las-manchas-%e2%80%93-arguayo\/#respond"]}]},{"@type":"WebPage","@id":"https:\/\/www.mundi-roth.de\/teneriffa-blog\/wanderungen\/arguayo-%e2%80%93-las-manchas-%e2%80%93-arguayo\/","url":"https:\/\/www.mundi-roth.de\/teneriffa-blog\/wanderungen\/arguayo-%e2%80%93-las-manchas-%e2%80%93-arguayo\/","name":"Arguayo - Las Manchas - Arguayo - Teneriffa Wandern","isPartOf":{"@id":"https:\/\/www.mundi-roth.de\/teneriffa-blog\/#website"},"primaryImageOfPage":{"@id":"https:\/\/www.mundi-roth.de\/teneriffa-blog\/wanderungen\/arguayo-%e2%80%93-las-manchas-%e2%80%93-arguayo\/#primaryimage"},"image":{"@id":"https:\/\/www.mundi-roth.de\/teneriffa-blog\/wanderungen\/arguayo-%e2%80%93-las-manchas-%e2%80%93-arguayo\/#primaryimage"},"thumbnailUrl":"http:\/\/www.mundi-roth.de\/teneriffa-blog\/wp-content\/uploads\/2008\/01\/arguayo-der-weg1.thumbnail.jpg","datePublished":"2008-01-29T17:00:06+00:00","dateModified":"2015-04-12T10:55:40+00:00","author":{"@id":"https:\/\/www.mundi-roth.de\/teneriffa-blog\/#\/schema\/person\/3afd0d251449790d15367c9aa52d203d"},"breadcrumb":{"@id":"https:\/\/www.mundi-roth.de\/teneriffa-blog\/wanderungen\/arguayo-%e2%80%93-las-manchas-%e2%80%93-arguayo\/#breadcrumb"},"inLanguage":"de","potentialAction":[{"@type":"ReadAction","target":["https:\/\/www.mundi-roth.de\/teneriffa-blog\/wanderungen\/arguayo-%e2%80%93-las-manchas-%e2%80%93-arguayo\/"]}]},{"@type":"ImageObject","inLanguage":"de","@id":"https:\/\/www.mundi-roth.de\/teneriffa-blog\/wanderungen\/arguayo-%e2%80%93-las-manchas-%e2%80%93-arguayo\/#primaryimage","url":"http:\/\/www.mundi-roth.de\/teneriffa-blog\/wp-content\/uploads\/2008\/01\/arguayo-der-weg1.thumbnail.jpg","contentUrl":"http:\/\/www.mundi-roth.de\/teneriffa-blog\/wp-content\/uploads\/2008\/01\/arguayo-der-weg1.thumbnail.jpg"},{"@type":"BreadcrumbList","@id":"https:\/\/www.mundi-roth.de\/teneriffa-blog\/wanderungen\/arguayo-%e2%80%93-las-manchas-%e2%80%93-arguayo\/#breadcrumb","itemListElement":[{"@type":"ListItem","position":1,"name":"Startseite","item":"https:\/\/www.mundi-roth.de\/teneriffa-blog\/"},{"@type":"ListItem","position":2,"name":"Arguayo &#8211; Las Manchas &#8211; Arguayo"}]},{"@type":"WebSite","@id":"https:\/\/www.mundi-roth.de\/teneriffa-blog\/#website","url":"https:\/\/www.mundi-roth.de\/teneriffa-blog\/","name":"Teneriffa Wandern","description":"Nicht nur Wanderungen auf Teneriffa...","potentialAction":[{"@type":"SearchAction","target":{"@type":"EntryPoint","urlTemplate":"https:\/\/www.mundi-roth.de\/teneriffa-blog\/?s={search_term_string}"},"query-input":{"@type":"PropertyValueSpecification","valueRequired":true,"valueName":"search_term_string"}}],"inLanguage":"de"},{"@type":"Person","@id":"https:\/\/www.mundi-roth.de\/teneriffa-blog\/#\/schema\/person\/3afd0d251449790d15367c9aa52d203d","name":"ir","image":{"@type":"ImageObject","inLanguage":"de","@id":"https:\/\/secure.gravatar.com\/avatar\/e67b41513c921c2bb58363f44c8a00a447c9a2526ad8ff71b5b6257e5f7f5c66?s=96&d=mm&r=g","url":"https:\/\/secure.gravatar.com\/avatar\/e67b41513c921c2bb58363f44c8a00a447c9a2526ad8ff71b5b6257e5f7f5c66?s=96&d=mm&r=g","contentUrl":"https:\/\/secure.gravatar.com\/avatar\/e67b41513c921c2bb58363f44c8a00a447c9a2526ad8ff71b5b6257e5f7f5c66?s=96&d=mm&r=g","caption":"ir"},"sameAs":["http:\/\/www.mundi-roth.de"],"url":"https:\/\/www.mundi-roth.de\/teneriffa-blog\/author\/ir\/"}]}},"_links":{"self":[{"href":"https:\/\/www.mundi-roth.de\/teneriffa-blog\/wp-json\/wp\/v2\/posts\/190","targetHints":{"allow":["GET"]}}],"collection":[{"href":"https:\/\/www.mundi-roth.de\/teneriffa-blog\/wp-json\/wp\/v2\/posts"}],"about":[{"href":"https:\/\/www.mundi-roth.de\/teneriffa-blog\/wp-json\/wp\/v2\/types\/post"}],"author":[{"embeddable":true,"href":"https:\/\/www.mundi-roth.de\/teneriffa-blog\/wp-json\/wp\/v2\/users\/3"}],"replies":[{"embeddable":true,"href":"https:\/\/www.mundi-roth.de\/teneriffa-blog\/wp-json\/wp\/v2\/comments?post=190"}],"version-history":[{"count":0,"href":"https:\/\/www.mundi-roth.de\/teneriffa-blog\/wp-json\/wp\/v2\/posts\/190\/revisions"}],"wp:attachment":[{"href":"https:\/\/www.mundi-roth.de\/teneriffa-blog\/wp-json\/wp\/v2\/media?parent=190"}],"wp:term":[{"taxonomy":"category","embeddable":true,"href":"https:\/\/www.mundi-roth.de\/teneriffa-blog\/wp-json\/wp\/v2\/categories?post=190"},{"taxonomy":"post_tag","embeddable":true,"href":"https:\/\/www.mundi-roth.de\/teneriffa-blog\/wp-json\/wp\/v2\/tags?post=190"}],"curies":[{"name":"wp","href":"https:\/\/api.w.org\/{rel}","templated":true}]}}