{"id":1936,"date":"2012-11-14T20:00:40","date_gmt":"2012-11-14T19:00:40","guid":{"rendered":"http:\/\/www.mundi-roth.de\/teneriffa-blog\/?p=1936"},"modified":"2015-04-09T14:52:55","modified_gmt":"2015-04-09T13:52:55","slug":"afur-playa-de-tamadite-taganana-afur","status":"publish","type":"post","link":"https:\/\/www.mundi-roth.de\/teneriffa-blog\/wanderungen\/afur-playa-de-tamadite-taganana-afur\/","title":{"rendered":"Afur \u2013 Playa de Tamadite \u2013 Taganana \u2013 Afur"},"content":{"rendered":"<p>Nach der Schlechtwetterperiode war uns mal wieder so richtig nach Wandern zu Mute.<br \/>\nIn der Zwischenzeit haben wir schon fr\u00fcher beschriebene K\u00fcstenwanderungen gemacht, aber heute wollen wir es wissen.<\/p>\n<p><em>Ein kanarischer Bekannter schw\u00e4rmte uns so von der Rundtour Afur vor, dass wir uns sagten: <strong>DIE muss es sein<\/strong>.<\/em><\/p>\n<p><em>Nur soviel schon vorab: Traumhaft sch\u00f6ne Wanderung in der gr\u00fcnen Region Teneriffas, dem Anagagebirge, bis hinunter zur K\u00fcste, zur Playa Tamadiste oder auch Tamadite genannt,\u00a0 und wieder hoch hinauf zum Sattel des Roque El Fraile und wieder runter bis zu dem kleinen \u00d6rtchen Afur.<\/em><\/p>\n<p><strong>Wanderwegstrecke:<\/strong> wir haben 5\u00a0 \u00bd Stunden gebraucht, da wir uns ein St\u00fcckchen verstiegen hatten und viel geschaut und fotografiert haben.<\/p>\n<p>\u00dcbrigens: Die ausgezeichneten Fotos hat dieses Mal alle meine Freundin und Wanderpartnerin Elisabeth mit ihrem iPhone gemacht, da ich meine Kamera zu Hause liegen gelassen hatte.<\/p>\n<p>Wir parken unseren Wagen an der letzten Bushaltestelle unten im \u00d6rtchen Afur. Etwas tiefer liegt noch ein riesengro\u00dfer Parkplatz als Ausgangspunkt f\u00fcr die Wanderung.<br \/>\nDa wir jedoch das \u201e\u00d6rtchen\u201c mit Kirchlein und Bar gleich mit besichtigen <a href=\"http:\/\/www.mundi-roth.de\/teneriffa-blog\/wp-content\/uploads\/2012\/11\/W-2012-122x.jpg\" rel=\"lightbox[1936]\"><img loading=\"lazy\" decoding=\"async\" class=\"alignright size-thumbnail wp-image-1937\" title=\"W 2012 122x\" src=\"http:\/\/www.mundi-roth.de\/teneriffa-blog\/wp-content\/uploads\/2012\/11\/W-2012-122x-112x150.jpg\" alt=\"\" width=\"112\" height=\"150\" srcset=\"https:\/\/www.mundi-roth.de\/teneriffa-blog\/wp-content\/uploads\/2012\/11\/W-2012-122x-112x150.jpg 112w, https:\/\/www.mundi-roth.de\/teneriffa-blog\/wp-content\/uploads\/2012\/11\/W-2012-122x-224x300.jpg 224w, https:\/\/www.mundi-roth.de\/teneriffa-blog\/wp-content\/uploads\/2012\/11\/W-2012-122x.jpg 448w\" sizes=\"auto, (max-width: 112px) 100vw, 112px\" \/><\/a>wollen, steigen wir von oben ein.<br \/>\nUm 10.05 Uhr geht es los mit einem etwas unguten Gef\u00fchl, da es die\u00a0 gesamte Strecke von La Laguna bis kurz vor Afur geregnet hat.<br \/>\nWir vertrauen darauf, dass der Bergkamm die Regenwolken abh\u00e4lt und \u2013 zum Gl\u00fcck &#8211;\u00a0 haben wir uns nicht verspekuliert.<\/p>\n<p>Auf dem Kirchplatz gibt es den ersten Hinweis auf die Tour:<br \/>\nPR TF 8: Taganana 7,5 Km und<\/p>\n<p>PR TF 8 : 3,7 km Casa Forestal \u2013 Taganana<\/p>\n<p><a href=\"http:\/\/www.mundi-roth.de\/teneriffa-blog\/wp-content\/uploads\/2012\/11\/W-2012-123ax.jpg\" rel=\"lightbox[1936]\"><img loading=\"lazy\" decoding=\"async\" class=\"alignleft size-thumbnail wp-image-1938\" title=\"W 2012 123ax\" src=\"http:\/\/www.mundi-roth.de\/teneriffa-blog\/wp-content\/uploads\/2012\/11\/W-2012-123ax-150x127.jpg\" alt=\"\" width=\"150\" height=\"127\" srcset=\"https:\/\/www.mundi-roth.de\/teneriffa-blog\/wp-content\/uploads\/2012\/11\/W-2012-123ax-150x127.jpg 150w, https:\/\/www.mundi-roth.de\/teneriffa-blog\/wp-content\/uploads\/2012\/11\/W-2012-123ax-300x254.jpg 300w, https:\/\/www.mundi-roth.de\/teneriffa-blog\/wp-content\/uploads\/2012\/11\/W-2012-123ax.jpg 744w\" sizes=\"auto, (max-width: 150px) 100vw, 150px\" \/><\/a>Eine Informationstafel kl\u00e4rt uns auf, dass wir uns auf dem PR TF 8 auf<br \/>\neinigen der traditionellsten Pfade des Anaga-Gebirges bewegen werden.<br \/>\nAuf dem Holzkohlenweg (hier wurde Holzkohle gebrannt und nach Santa Cruz gebracht), dem Zuckererohrpfad (um Taganana wurde Zuckerrohr angebaut und verarbeitet) und dem Weinsteig (noch heute wird hier viel Wein angebaut. Der Wei\u00dfwein der Region ist f\u00fcr seine G\u00fcte bekannt).<\/p>\n<p>An einem Laternenpfahl, umrahmt von Tamarisken, sehen wir die f\u00fcr unsere Wanderung zutreffende Markierung: wei\u00df-gelbe Balken.<\/p>\n<p>Vorbei an der kleinen Bar und dem Schulgeb\u00e4ude gelangen wir auf einen wild-romatischen, abw\u00e4rts f\u00fchrenden Pfad. Auf den umliegenden Feldern wird gearbeitet und der Blick geht auf den m\u00e4chtigen Koloss des Roque Taborno und auf den Roque Igu\u00e9s.<\/p>\n<p>Schnell gelangen wir auf eine Betonpiste und an einem Pfahl leuchtet uns die Markierung entgegen.<\/p>\n<p>Und schon haben wir den freien Blick auf&#8217;s Meer, gerahmt von m\u00e4chtigen Felsbrocken.<\/p>\n<p>Achtung: Schnell sind wir im Baranco de Tamadite und an einem m\u00e4chtigen, schwarzen Felsen und einem Pfahl sehen wir die wei\u00df-gelben Balken. Nach einer Felsformation, wie eine Skulptur, befindet sich etwas oberhalb eine Holztafel, mit dem Hinweis: \u201eTamadiste Playa\u201c.<br \/>\n<a href=\"http:\/\/www.mundi-roth.de\/teneriffa-blog\/wp-content\/uploads\/2012\/11\/W-2012-132.jpg\" rel=\"lightbox[1936]\"><img loading=\"lazy\" decoding=\"async\" class=\"alignleft size-thumbnail wp-image-1939\" title=\"W 2012 132\" src=\"http:\/\/www.mundi-roth.de\/teneriffa-blog\/wp-content\/uploads\/2012\/11\/W-2012-132-150x112.jpg\" alt=\"\" width=\"150\" height=\"112\" srcset=\"https:\/\/www.mundi-roth.de\/teneriffa-blog\/wp-content\/uploads\/2012\/11\/W-2012-132-150x112.jpg 150w, https:\/\/www.mundi-roth.de\/teneriffa-blog\/wp-content\/uploads\/2012\/11\/W-2012-132-300x224.jpg 300w, https:\/\/www.mundi-roth.de\/teneriffa-blog\/wp-content\/uploads\/2012\/11\/W-2012-132.jpg 600w\" sizes=\"auto, (max-width: 150px) 100vw, 150px\" \/><\/a><a href=\"http:\/\/www.mundi-roth.de\/teneriffa-blog\/wp-content\/uploads\/2012\/11\/W-2012-129.jpg\" rel=\"lightbox[1936]\"><img loading=\"lazy\" decoding=\"async\" class=\"alignright size-thumbnail wp-image-1940\" title=\"W 2012 129\" src=\"http:\/\/www.mundi-roth.de\/teneriffa-blog\/wp-content\/uploads\/2012\/11\/W-2012-129-150x112.jpg\" alt=\"\" width=\"150\" height=\"112\" srcset=\"https:\/\/www.mundi-roth.de\/teneriffa-blog\/wp-content\/uploads\/2012\/11\/W-2012-129-150x112.jpg 150w, https:\/\/www.mundi-roth.de\/teneriffa-blog\/wp-content\/uploads\/2012\/11\/W-2012-129-300x224.jpg 300w, https:\/\/www.mundi-roth.de\/teneriffa-blog\/wp-content\/uploads\/2012\/11\/W-2012-129.jpg 600w\" sizes=\"auto, (max-width: 150px) 100vw, 150px\" \/><\/a>Hier also rechts weg und nicht weiter gerade aus Richtung Bach!!!<br \/>\n(das haben wir gemacht und mussten dann wieder aufsteigen.)<\/p>\n<p>Auf einem schmalen, steinigen, gut pr\u00e4parierten Pfad, gesichert durch Holzgel\u00e4nder steigen wir ab\u00a0 \u2013 links unten begleitet uns der Bach. Er ist einer der wenigen B\u00e4che\u00a0 \u2013 wenn nicht so gar der einzige &#8211;\u00a0 auf Teneriffa, der ganzj\u00e4hrig Wasser f\u00fchrt.<\/p>\n<p>Auf der ganzen Strecke werden wir umweht vom Duft des Wermuts und wir<a href=\"http:\/\/www.mundi-roth.de\/teneriffa-blog\/wp-content\/uploads\/2012\/11\/W-2012-131.jpg\" rel=\"lightbox[1936]\"><img loading=\"lazy\" decoding=\"async\" class=\"alignright  wp-image-1942\" title=\"W 2012 131\" src=\"http:\/\/www.mundi-roth.de\/teneriffa-blog\/wp-content\/uploads\/2012\/11\/W-2012-131-150x112.jpg\" alt=\"\" width=\"150\" height=\"112\" srcset=\"https:\/\/www.mundi-roth.de\/teneriffa-blog\/wp-content\/uploads\/2012\/11\/W-2012-131-150x112.jpg 150w, https:\/\/www.mundi-roth.de\/teneriffa-blog\/wp-content\/uploads\/2012\/11\/W-2012-131-300x224.jpg 300w, https:\/\/www.mundi-roth.de\/teneriffa-blog\/wp-content\/uploads\/2012\/11\/W-2012-131.jpg 600w\" sizes=\"auto, (max-width: 150px) 100vw, 150px\" \/><\/a> <a href=\"http:\/\/www.mundi-roth.de\/teneriffa-blog\/wp-content\/uploads\/2012\/11\/W-2012-138.jpg\" rel=\"lightbox[1936]\"><img loading=\"lazy\" decoding=\"async\" class=\"alignleft size-thumbnail wp-image-1943\" title=\"W 2012 138\" src=\"http:\/\/www.mundi-roth.de\/teneriffa-blog\/wp-content\/uploads\/2012\/11\/W-2012-138-112x150.jpg\" alt=\"\" width=\"112\" height=\"150\" srcset=\"https:\/\/www.mundi-roth.de\/teneriffa-blog\/wp-content\/uploads\/2012\/11\/W-2012-138-112x150.jpg 112w, https:\/\/www.mundi-roth.de\/teneriffa-blog\/wp-content\/uploads\/2012\/11\/W-2012-138-224x300.jpg 224w, https:\/\/www.mundi-roth.de\/teneriffa-blog\/wp-content\/uploads\/2012\/11\/W-2012-138.jpg 448w\" sizes=\"auto, (max-width: 112px) 100vw, 112px\" \/><\/a>erfreuen uns an gro\u00dfen Fl\u00e4chen der wei\u00dfbl\u00fchenden Kanaren-Trichternarzisse.<\/p>\n<p>Nach einer knappen Stunde sind wir unten am Bach und queren ihn \u2013 trockenen Fu\u00dfes &#8211; \u00fcber dicke Steine.<\/p>\n<p>Eine in den Fels geschlagene Treppe und wiederum mit Gel\u00e4nder gesichert f\u00fchrt<a href=\"http:\/\/www.mundi-roth.de\/teneriffa-blog\/wp-content\/uploads\/2012\/11\/W-2012-147.jpg\" rel=\"lightbox[1936]\"><img loading=\"lazy\" decoding=\"async\" class=\"alignright size-thumbnail wp-image-1944\" title=\"W 2012 147\" src=\"http:\/\/www.mundi-roth.de\/teneriffa-blog\/wp-content\/uploads\/2012\/11\/W-2012-147-112x150.jpg\" alt=\"\" width=\"112\" height=\"150\" srcset=\"https:\/\/www.mundi-roth.de\/teneriffa-blog\/wp-content\/uploads\/2012\/11\/W-2012-147-112x150.jpg 112w, https:\/\/www.mundi-roth.de\/teneriffa-blog\/wp-content\/uploads\/2012\/11\/W-2012-147-224x300.jpg 224w, https:\/\/www.mundi-roth.de\/teneriffa-blog\/wp-content\/uploads\/2012\/11\/W-2012-147.jpg 448w\" sizes=\"auto, (max-width: 112px) 100vw, 112px\" \/><\/a> uns aufw\u00e4rts.<br \/>\nAber zuerst bewundern wir noch ein Musterexemplar der durch Erosion stehen gebliebenen \u201eMauer\u201c aus Vulkangestein.<\/p>\n<p><a href=\"http:\/\/www.mundi-roth.de\/teneriffa-blog\/wp-content\/uploads\/2012\/11\/W-2012-154.jpg\" rel=\"lightbox[1936]\"><img loading=\"lazy\" decoding=\"async\" class=\"alignleft size-thumbnail wp-image-1945\" title=\"W 2012 154\" src=\"http:\/\/www.mundi-roth.de\/teneriffa-blog\/wp-content\/uploads\/2012\/11\/W-2012-154-150x112.jpg\" alt=\"\" width=\"150\" height=\"112\" srcset=\"https:\/\/www.mundi-roth.de\/teneriffa-blog\/wp-content\/uploads\/2012\/11\/W-2012-154-150x112.jpg 150w, https:\/\/www.mundi-roth.de\/teneriffa-blog\/wp-content\/uploads\/2012\/11\/W-2012-154-300x224.jpg 300w, https:\/\/www.mundi-roth.de\/teneriffa-blog\/wp-content\/uploads\/2012\/11\/W-2012-154.jpg 600w\" sizes=\"auto, (max-width: 150px) 100vw, 150px\" \/><\/a>Nun sind wir schon so in Sichtweite des Meeres, dass wir die Brandung ausmachen k\u00f6nnen.<\/p>\n<p>Schnell sind wir abgestiegen,\u00a0 haben nun den Bach mit<a href=\"http:\/\/www.mundi-roth.de\/teneriffa-blog\/wp-content\/uploads\/2012\/11\/W-2012-152.jpg\" rel=\"lightbox[1936]\"><img loading=\"lazy\" decoding=\"async\" class=\"alignright size-thumbnail wp-image-1946\" title=\"W 2012 152\" src=\"http:\/\/www.mundi-roth.de\/teneriffa-blog\/wp-content\/uploads\/2012\/11\/W-2012-152-150x112.jpg\" alt=\"\" width=\"150\" height=\"112\" srcset=\"https:\/\/www.mundi-roth.de\/teneriffa-blog\/wp-content\/uploads\/2012\/11\/W-2012-152-150x112.jpg 150w, https:\/\/www.mundi-roth.de\/teneriffa-blog\/wp-content\/uploads\/2012\/11\/W-2012-152-300x224.jpg 300w, https:\/\/www.mundi-roth.de\/teneriffa-blog\/wp-content\/uploads\/2012\/11\/W-2012-152.jpg 600w\" sizes=\"auto, (max-width: 150px) 100vw, 150px\" \/><\/a> etlichen kleinen Wasserf\u00e4llen und Gumpen rechts von uns.<\/p>\n<p>Das letzte St\u00fcck bis zum Meer legen wir in Begleitung von 4 jungen Canarios mit ihren Hunden zur\u00fcck.<br \/>\nSie kommen von Taborno herunter und meinten, die Strecke w\u00e4re teilweise sehr gef\u00e4hrlich.<\/p>\n<p><a href=\"http:\/\/www.mundi-roth.de\/teneriffa-blog\/wp-content\/uploads\/2012\/11\/W-2012-160x.jpg\" rel=\"lightbox[1936]\"><img loading=\"lazy\" decoding=\"async\" class=\"alignleft size-thumbnail wp-image-1947\" title=\"W 2012 160x\" src=\"http:\/\/www.mundi-roth.de\/teneriffa-blog\/wp-content\/uploads\/2012\/11\/W-2012-160x-150x112.jpg\" alt=\"\" width=\"150\" height=\"112\" srcset=\"https:\/\/www.mundi-roth.de\/teneriffa-blog\/wp-content\/uploads\/2012\/11\/W-2012-160x-150x112.jpg 150w, https:\/\/www.mundi-roth.de\/teneriffa-blog\/wp-content\/uploads\/2012\/11\/W-2012-160x-300x224.jpg 300w, https:\/\/www.mundi-roth.de\/teneriffa-blog\/wp-content\/uploads\/2012\/11\/W-2012-160x.jpg 600w\" sizes=\"auto, (max-width: 150px) 100vw, 150px\" \/><\/a>Trotz \u201eVersteigen\u201c sind wir um 11.45 Uhr an der Playa und sind begeistert von der\u00a0 wuchtigen Brandung, der Kies-Sand Playa,\u00a0 die umrundet ist\u00a0\u00a0 von Felsen und begr\u00fcnten Abh\u00e4ngen und dem Blick bis zur Punta Tamadite.<\/p>\n<p>Das ist der richtige Ort, unsere obligatorische Apfelpause einzulegen, den Canarios bei ihrer Mutprobe, in dieser Brandung zu schwimmen, zuzuschauen und zu hoffen, dass wir das traditionelle Pfahlspringen von einem der jungen M\u00e4nner beobachten k\u00f6nnen, der mit seinem langen Stab aufsteigt.<\/p>\n<p>Nach 15 Minuten wandern wir weiter, denn wir haben noch eine lange Strecke vor uns.\u00a0 N\u00e4chste Etappe: Taganana<\/p>\n<p>Ein kleines St\u00fcck zur\u00fcck, an einem urigen Fischerh\u00e4uschen (?) vorbei,\u00a0 gehen wir zum Bach runter, um an diesem wiederum ein St\u00fcck zur\u00fcck zu wandern,\u00a0 und queren diesen dann als wir an einem Felsen die wei\u00df-gelben Balken sehen, die noch von einem gr\u00fcnen Punkt erg\u00e4nzt werden.<\/p>\n<p>Auf der Gegenseite geht es gleich steil, steiler, wirklich absolut steil hinauf. Wir gewinnen dadurch schnell an H\u00f6he und bei einem Blick zur\u00fcck sind wir wiederum begeistert von dem Bild, das sich uns bietet:<\/p>\n<p>Die gr\u00fcnen H\u00e4nge sind nun sonnenbeschienen und die riesigen Kandelaber-<a href=\"http:\/\/www.mundi-roth.de\/teneriffa-blog\/wp-content\/uploads\/2012\/11\/W-2012-165.jpg\" rel=\"lightbox[1936]\"><img loading=\"lazy\" decoding=\"async\" class=\"alignright  wp-image-1948\" title=\"W 2012 165\" src=\"http:\/\/www.mundi-roth.de\/teneriffa-blog\/wp-content\/uploads\/2012\/11\/W-2012-165-150x112.jpg\" alt=\"\" width=\"150\" height=\"112\" srcset=\"https:\/\/www.mundi-roth.de\/teneriffa-blog\/wp-content\/uploads\/2012\/11\/W-2012-165-150x112.jpg 150w, https:\/\/www.mundi-roth.de\/teneriffa-blog\/wp-content\/uploads\/2012\/11\/W-2012-165-300x224.jpg 300w, https:\/\/www.mundi-roth.de\/teneriffa-blog\/wp-content\/uploads\/2012\/11\/W-2012-165.jpg 600w\" sizes=\"auto, (max-width: 150px) 100vw, 150px\" \/><\/a><a href=\"http:\/\/www.mundi-roth.de\/teneriffa-blog\/wp-content\/uploads\/2012\/11\/W-2012-163.jpg\" rel=\"lightbox[1936]\"><img loading=\"lazy\" decoding=\"async\" class=\"alignleft size-thumbnail wp-image-1949\" title=\"W 2012 163\" src=\"http:\/\/www.mundi-roth.de\/teneriffa-blog\/wp-content\/uploads\/2012\/11\/W-2012-163-150x112.jpg\" alt=\"\" width=\"150\" height=\"112\" srcset=\"https:\/\/www.mundi-roth.de\/teneriffa-blog\/wp-content\/uploads\/2012\/11\/W-2012-163-150x112.jpg 150w, https:\/\/www.mundi-roth.de\/teneriffa-blog\/wp-content\/uploads\/2012\/11\/W-2012-163-300x224.jpg 300w, https:\/\/www.mundi-roth.de\/teneriffa-blog\/wp-content\/uploads\/2012\/11\/W-2012-163.jpg 600w\" sizes=\"auto, (max-width: 150px) 100vw, 150px\" \/><\/a>Wolfsmilch-Gew\u00e4chse\u00a0 gl\u00e4nzen silbern, dazu das blau-gr\u00fcne Meer mit fantastischer, wei\u00df-sch\u00e4umender Brandung, die Felsspitzen die ins Meer ragen. Sch\u00f6n!<\/p>\n<p>Au\u00dferdem begeistert uns, dass die Sonne scheint! Und wir begl\u00fcckw\u00fcnschen uns, dass wir es gewagt haben, bei den Wettervoraussetzungen doch zu wandern!<br \/>\nWir w\u00e4ren schon sehr zufrieden gewesen, wenn wir nur trockenen Fu\u00dfes die Tour h\u00e4tten machen k\u00f6nnen.<\/p>\n<p>Den Pfahlspringer sehen wir an einem H\u00fcttchen arbeiten, haben immer noch die Hoffnung, dass er zur Playa zur\u00fcck springt, aber er hat zu tun und wir steigen weiter aufw\u00e4rts. Vorbei geht es an einem malerischen,\u00a0 aus Vulkansteinen in den Hang gebauten und mit Schilf gedeckten Haus .<\/p>\n<p>Nachdem wir den Kamm erreicht haben, geht es in teils sanftem, teils etwas <a href=\"http:\/\/www.mundi-roth.de\/teneriffa-blog\/wp-content\/uploads\/2012\/11\/W-2012-169.jpg\" rel=\"lightbox[1936]\"><img loading=\"lazy\" decoding=\"async\" class=\"alignright size-thumbnail wp-image-1950\" title=\"W 2012 169\" src=\"http:\/\/www.mundi-roth.de\/teneriffa-blog\/wp-content\/uploads\/2012\/11\/W-2012-169-112x150.jpg\" alt=\"\" width=\"112\" height=\"150\" srcset=\"https:\/\/www.mundi-roth.de\/teneriffa-blog\/wp-content\/uploads\/2012\/11\/W-2012-169-112x150.jpg 112w, https:\/\/www.mundi-roth.de\/teneriffa-blog\/wp-content\/uploads\/2012\/11\/W-2012-169-224x300.jpg 224w, https:\/\/www.mundi-roth.de\/teneriffa-blog\/wp-content\/uploads\/2012\/11\/W-2012-169.jpg 448w\" sizes=\"auto, (max-width: 112px) 100vw, 112px\" \/><\/a>heftigerem Auf- und Abw\u00e4rtssteigen immer in luftiger H\u00f6he entlang an der unter uns liegenden Steilk\u00fcste\u00a0 am Fu\u00df des Roque Marrubal.<\/p>\n<p>Nach einer Stunde gelangen wir in die Weinbauregion und <a href=\"http:\/\/www.mundi-roth.de\/teneriffa-blog\/wp-content\/uploads\/2012\/11\/W-2012-181.jpg\" rel=\"lightbox[1936]\"><img loading=\"lazy\" decoding=\"async\" class=\"alignleft size-thumbnail wp-image-1951\" title=\"W 2012 181\" src=\"http:\/\/www.mundi-roth.de\/teneriffa-blog\/wp-content\/uploads\/2012\/11\/W-2012-181-150x112.jpg\" alt=\"\" width=\"150\" height=\"112\" srcset=\"https:\/\/www.mundi-roth.de\/teneriffa-blog\/wp-content\/uploads\/2012\/11\/W-2012-181-150x112.jpg 150w, https:\/\/www.mundi-roth.de\/teneriffa-blog\/wp-content\/uploads\/2012\/11\/W-2012-181-300x224.jpg 300w, https:\/\/www.mundi-roth.de\/teneriffa-blog\/wp-content\/uploads\/2012\/11\/W-2012-181.jpg 600w\" sizes=\"auto, (max-width: 150px) 100vw, 150px\" \/><\/a>unser Weg wird nun breiter und nach weiteren 15 Minuten gelangen wir\u00a0 an eine Ansammlung von gepflegten H\u00e4usern, umgeben von Weinreben.<\/p>\n<p>Auf der Teerstra\u00dfe, ges\u00e4umt von Palmen, marschieren wir weiter, passieren\u00a0 die Bodega Queque. <a href=\"http:\/\/www.mundi-roth.de\/teneriffa-blog\/wp-content\/uploads\/2012\/11\/W-2012-183.jpg\" rel=\"lightbox[1936]\"><img loading=\"lazy\" decoding=\"async\" class=\"alignright  wp-image-1952\" title=\"W 2012 183\" src=\"http:\/\/www.mundi-roth.de\/teneriffa-blog\/wp-content\/uploads\/2012\/11\/W-2012-183-150x112.jpg\" alt=\"\" width=\"150\" height=\"112\" srcset=\"https:\/\/www.mundi-roth.de\/teneriffa-blog\/wp-content\/uploads\/2012\/11\/W-2012-183-150x112.jpg 150w, https:\/\/www.mundi-roth.de\/teneriffa-blog\/wp-content\/uploads\/2012\/11\/W-2012-183-300x225.jpg 300w, https:\/\/www.mundi-roth.de\/teneriffa-blog\/wp-content\/uploads\/2012\/11\/W-2012-183.jpg 600w\" sizes=\"auto, (max-width: 150px) 100vw, 150px\" \/><\/a><br \/>\nKurz darauf, an einer Wasserleitung, zweigt von der Fahrstra\u00dfe \u2013 wei\u00df-gelbe Markierung &#8211;\u00a0 ein fu\u00dfbreiter Pfad steil neben einer Wasserleitung rechts ab.<br \/>\nGekreuzte wei\u00df-gelbe Balken an der Fahrstra\u00dfe weisen daraufhin: hier nicht weiter geradeaus.<\/p>\n<p>Auf dem \u00e4u\u00dferst schmalen Pfad, ges\u00e4umt von einer der hier \u00fcblichen <a href=\"http:\/\/www.mundi-roth.de\/teneriffa-blog\/wp-content\/uploads\/2012\/11\/W-2012-184.jpg\" rel=\"lightbox[1936]\"><img loading=\"lazy\" decoding=\"async\" class=\"alignleft size-thumbnail wp-image-1953\" title=\"W 2012 184\" src=\"http:\/\/www.mundi-roth.de\/teneriffa-blog\/wp-content\/uploads\/2012\/11\/W-2012-184-150x112.jpg\" alt=\"\" width=\"150\" height=\"112\" srcset=\"https:\/\/www.mundi-roth.de\/teneriffa-blog\/wp-content\/uploads\/2012\/11\/W-2012-184-150x112.jpg 150w, https:\/\/www.mundi-roth.de\/teneriffa-blog\/wp-content\/uploads\/2012\/11\/W-2012-184-300x225.jpg 300w, https:\/\/www.mundi-roth.de\/teneriffa-blog\/wp-content\/uploads\/2012\/11\/W-2012-184.jpg 600w\" sizes=\"auto, (max-width: 150px) 100vw, 150px\" \/><\/a>Trockenmauern, die \u00fcberzogen ist mit unterschiedlichen Aeonien,<br \/>\ngehen wir\u00a0 auf halsbrecherische Weise weiter, blicken auf den Friedhof von Taganana hinunter und gelangen nach 10 Minuten auf eine Asphaltstra\u00dfe und sehen oberhalb von uns einen gro\u00dfen, dunklen Komplex mit kleinen Fensterchen, ein Gef\u00e4ngnis?<\/p>\n<p>Kurz darauf gelangen wir an die obere Dorfstra\u00dfe von Taganana, die Calle Jos\u00e9 <a href=\"http:\/\/www.mundi-roth.de\/teneriffa-blog\/wp-content\/uploads\/2012\/11\/W-2012-185.jpg\" rel=\"lightbox[1936]\"><img loading=\"lazy\" decoding=\"async\" class=\"alignright size-thumbnail wp-image-1954\" title=\"W 2012 185\" src=\"http:\/\/www.mundi-roth.de\/teneriffa-blog\/wp-content\/uploads\/2012\/11\/W-2012-185-112x150.jpg\" alt=\"\" width=\"112\" height=\"150\" srcset=\"https:\/\/www.mundi-roth.de\/teneriffa-blog\/wp-content\/uploads\/2012\/11\/W-2012-185-112x150.jpg 112w, https:\/\/www.mundi-roth.de\/teneriffa-blog\/wp-content\/uploads\/2012\/11\/W-2012-185-225x300.jpg 225w, https:\/\/www.mundi-roth.de\/teneriffa-blog\/wp-content\/uploads\/2012\/11\/W-2012-185.jpg 450w\" sizes=\"auto, (max-width: 112px) 100vw, 112px\" \/><\/a>Negrin Vi\u00f1as, Cruz Vieja mit netten H\u00e4usern, vor einem\u00a0 steht ein Musterexemplar des Weihnachtssterns.<\/p>\n<p>Den\u00a0 Abstieg, der links in den Ort Taganana\u00a0 f\u00fchrt, schenken wir uns.<br \/>\nTaganana ist der gr\u00f6\u00dfte Ort im Anagagebirge und erstreckt sich \u00fcber viele Terrassen von etwa 200 Meter H\u00f6he bis zur Meeresk\u00fcste.<\/p>\n<p>Wir gehen an den H\u00e4usern hier oben vorbei und bei Haus Nummer 2 biegen wir rechts ab. Auf einer geriffelten Betonpiste geht es aufw\u00e4rts.<br \/>\nEin Einheimischer sagt uns, nach Afur haben wir von hier aus noch \u201em\u00e1s o menos\u201c (mehr oder weniger) 1 \u00bd Stunden zu gehen. \u201eVamos a ver.\u201c Wir werden es sehen. &#8211; Tats\u00e4chlich haben wir 2 Stunden gebraucht.<\/p>\n<p>Die Hinweistafel sagt uns:\u00a0 La Cumbrecilla \u2013 Afur<\/p>\n<p>Vorbei am Casa Noni geht es hinauf. Nach 10 Minuten wechselt der Weg auf Erdreich und noch etwas sp\u00e4ter auf einen kunstvoll mit gro\u00dfen Felsplatten belegten Weg.<\/p>\n<p><a href=\"http:\/\/www.mundi-roth.de\/teneriffa-blog\/wp-content\/uploads\/2012\/11\/W-2012-189.jpg\" rel=\"lightbox[1936]\"><img loading=\"lazy\" decoding=\"async\" class=\"alignleft size-thumbnail wp-image-1956\" title=\"W 2012 189\" src=\"http:\/\/www.mundi-roth.de\/teneriffa-blog\/wp-content\/uploads\/2012\/11\/W-2012-189-112x150.jpg\" alt=\"\" width=\"112\" height=\"150\" srcset=\"https:\/\/www.mundi-roth.de\/teneriffa-blog\/wp-content\/uploads\/2012\/11\/W-2012-189-112x150.jpg 112w, https:\/\/www.mundi-roth.de\/teneriffa-blog\/wp-content\/uploads\/2012\/11\/W-2012-189-224x300.jpg 224w, https:\/\/www.mundi-roth.de\/teneriffa-blog\/wp-content\/uploads\/2012\/11\/W-2012-189.jpg 448w\" sizes=\"auto, (max-width: 112px) 100vw, 112px\" \/><\/a>N\u00e4chster Hinweis: La Cumbrecilla \u2013 Afur, links, auf dem gepflasterten Weg weiter.<br \/>\nAn Weinfeldern vorbei werden wir rechts hoch geschickt und nun geht es um 14 Uhr los.<a href=\"http:\/\/www.mundi-roth.de\/teneriffa-blog\/wp-content\/uploads\/2012\/11\/W-2012-187.jpg\" rel=\"lightbox[1936]\"><img loading=\"lazy\" decoding=\"async\" class=\"alignright size-thumbnail wp-image-1957\" title=\"W 2012 187\" src=\"http:\/\/www.mundi-roth.de\/teneriffa-blog\/wp-content\/uploads\/2012\/11\/W-2012-187-150x112.jpg\" alt=\"\" width=\"150\" height=\"112\" srcset=\"https:\/\/www.mundi-roth.de\/teneriffa-blog\/wp-content\/uploads\/2012\/11\/W-2012-187-150x112.jpg 150w, https:\/\/www.mundi-roth.de\/teneriffa-blog\/wp-content\/uploads\/2012\/11\/W-2012-187-300x225.jpg 300w, https:\/\/www.mundi-roth.de\/teneriffa-blog\/wp-content\/uploads\/2012\/11\/W-2012-187.jpg 600w\" sizes=\"auto, (max-width: 150px) 100vw, 150px\" \/><\/a><br \/>\nNoch ein Blick zur\u00fcck zum Meer mit seinen Inselchen und in das weite Tal von Taganana.<\/p>\n<p>Nun erwarten uns gro\u00dfe Erikab\u00e4ume, <a href=\"http:\/\/www.mundi-roth.de\/teneriffa-blog\/wp-content\/uploads\/2012\/11\/W-2012-192.jpg\" rel=\"lightbox[1936]\"><img loading=\"lazy\" decoding=\"async\" class=\"alignleft  wp-image-1958\" title=\"W 2012 192\" src=\"http:\/\/www.mundi-roth.de\/teneriffa-blog\/wp-content\/uploads\/2012\/11\/W-2012-192-150x112.jpg\" alt=\"\" width=\"150\" height=\"112\" srcset=\"https:\/\/www.mundi-roth.de\/teneriffa-blog\/wp-content\/uploads\/2012\/11\/W-2012-192-150x112.jpg 150w, https:\/\/www.mundi-roth.de\/teneriffa-blog\/wp-content\/uploads\/2012\/11\/W-2012-192-300x225.jpg 300w, https:\/\/www.mundi-roth.de\/teneriffa-blog\/wp-content\/uploads\/2012\/11\/W-2012-192.jpg 600w\" sizes=\"auto, (max-width: 150px) 100vw, 150px\" \/><\/a>vereinzelt kanarische Kiefern, Lorbeerb\u00e4ume, einige Mispelb\u00e4ume, das kr\u00e4ftige Gr\u00fcn des\u00a0 sprie\u00dfenden Adlerfarns, bodenbedeckend das saftige Gr\u00fcn des nickenden Sauerklees und der Luzerne.<\/p>\n<p>Zu unserem Gl\u00fcck f\u00fchrt dieser \u00e4u\u00dferst steile, schwei\u00dftreibende\u00a0 Aufstieg auf ausgewaschenen\u00a0 Steinrinnen durch einen Tunnel von Erika- und Lorbeerb\u00e4umen. Er steigt in kurzen Serpentinen in direkter Linie unter Strommasten aufw\u00e4rts.<br \/>\nZwischendurch erfreuen wir uns an dem Vogelgezwitscher, das wir in dieser Intensit\u00e4t noch selten geh\u00f6rt haben.<\/p>\n<p>35 Minuten hat der Anstieg gedauert und oben erwartet uns am Sattel des <a href=\"http:\/\/www.mundi-roth.de\/teneriffa-blog\/wp-content\/uploads\/2012\/11\/W-2012-194.jpg\" rel=\"lightbox[1936]\"><img loading=\"lazy\" decoding=\"async\" class=\"alignright size-thumbnail wp-image-1959\" title=\"W 2012 194\" src=\"http:\/\/www.mundi-roth.de\/teneriffa-blog\/wp-content\/uploads\/2012\/11\/W-2012-194-112x150.jpg\" alt=\"\" width=\"112\" height=\"150\" srcset=\"https:\/\/www.mundi-roth.de\/teneriffa-blog\/wp-content\/uploads\/2012\/11\/W-2012-194-112x150.jpg 112w, https:\/\/www.mundi-roth.de\/teneriffa-blog\/wp-content\/uploads\/2012\/11\/W-2012-194-225x300.jpg 225w, https:\/\/www.mundi-roth.de\/teneriffa-blog\/wp-content\/uploads\/2012\/11\/W-2012-194.jpg 450w\" sizes=\"auto, (max-width: 112px) 100vw, 112px\" \/><\/a>Roque El Fraile ein Gipfelkreuz und eine gr\u00fcne, gro\u00dfe M\u00fclltonne. Witzig!<\/p>\n<p>Und nunmehr geht\u2019s bergab. Rechts runter, Hinweistafel \u201eAfur\u201c den Roque Taborno und viele uns unbekannte Felsen im Blick.<\/p>\n<p>Ohne Anstrengung erreichen wir bald ein Geh\u00f6ft, die junge Frau gr\u00fc\u00dft uns freundlich und immer heiter weiter runter.<br \/>\nNach einer halben Stunde Abstieg sind wir im Zweifel: rechts oder links an der Gabelung weiter. Kein Hinweis. Wir entscheiden uns rein gef\u00fchlsm\u00e4\u00dfig f\u00fcr links, da wir annehmen, rechts geht es nur zu einem Haus.<br \/>\nRichtig.<br \/>\nRuck zuck, um 15.10 Uhr,\u00a0 sind wir auf dem breiten, gut ausgebauten Weg unten auf der TF 136, etwas unterhalb von km 5 bei einer Bushaltestelle.<\/p>\n<p>Nun gehen wir 20 Minuten\u00a0 auf der \u2013 Gott sei Dank \u2013 wenig befahrenen Stra\u00dfe bis wir an einer Kurve\u00a0 rechts an einem markanten, schwarzen Felsen die wei\u00df-gelb gekreuzten Balken sehen, also hier nicht weiter. Links, an einem Telegraphenmasten\u00a0 machen wir\u00a0 die wei\u00df-gelbe Markierung aus.<a href=\"http:\/\/www.mundi-roth.de\/teneriffa-blog\/wp-content\/uploads\/2012\/11\/W-2012-202.jpg\" rel=\"lightbox[1936]\"><img loading=\"lazy\" decoding=\"async\" class=\"alignright size-thumbnail wp-image-1960\" title=\"W 2012 202\" src=\"http:\/\/www.mundi-roth.de\/teneriffa-blog\/wp-content\/uploads\/2012\/11\/W-2012-202-150x112.jpg\" alt=\"\" width=\"150\" height=\"112\" srcset=\"https:\/\/www.mundi-roth.de\/teneriffa-blog\/wp-content\/uploads\/2012\/11\/W-2012-202-150x112.jpg 150w, https:\/\/www.mundi-roth.de\/teneriffa-blog\/wp-content\/uploads\/2012\/11\/W-2012-202-300x225.jpg 300w, https:\/\/www.mundi-roth.de\/teneriffa-blog\/wp-content\/uploads\/2012\/11\/W-2012-202.jpg 600w\" sizes=\"auto, (max-width: 150px) 100vw, 150px\" \/><\/a><br \/>\nHier geht ein schmaler Durchgang zwischen den Bl\u00f6cken der Stra\u00dfensicherung ab. Zur Zeit ist diese Stelle noch zus\u00e4tzlich durch einen roten und einen wei\u00dfen Plastikpylon gesichert.<\/p>\n<p>Unter einem imposanten Fels\u00fcberhang geht es durch,\u00a0 <a href=\"http:\/\/www.mundi-roth.de\/teneriffa-blog\/wp-content\/uploads\/2012\/11\/W-2012-203.jpg\" rel=\"lightbox[1936]\"><img loading=\"lazy\" decoding=\"async\" class=\"alignleft size-thumbnail wp-image-1961\" title=\"W 2012 203\" src=\"http:\/\/www.mundi-roth.de\/teneriffa-blog\/wp-content\/uploads\/2012\/11\/W-2012-203-112x150.jpg\" alt=\"\" width=\"112\" height=\"150\" srcset=\"https:\/\/www.mundi-roth.de\/teneriffa-blog\/wp-content\/uploads\/2012\/11\/W-2012-203-112x150.jpg 112w, https:\/\/www.mundi-roth.de\/teneriffa-blog\/wp-content\/uploads\/2012\/11\/W-2012-203-225x300.jpg 225w, https:\/\/www.mundi-roth.de\/teneriffa-blog\/wp-content\/uploads\/2012\/11\/W-2012-203.jpg 450w\" sizes=\"auto, (max-width: 112px) 100vw, 112px\" \/><\/a>den Blick links auf ein h\u00fcbsches Tal und hast Du nicht gesehen, sind wir an einigen H\u00e4usern mit Obstb\u00e4umen und liebevoll angelegten G\u00e4rtchen im \u00d6rtchen Afur.<br \/>\nSo schnell hatten wir das Ende der Tour nun doch nicht erwartet.<\/p>\n<p>Jetzt freuen wir uns auf einen caf\u00e9 con leche und da es uns hier so gut gef\u00e4llt und wir so gl\u00fccklich \u00fcber die Wanderung sind, serviert uns se\u00f1or Jose leckeren K\u00e4se, frisches Wei\u00dfbrot mit viel Anis\u00a0 und ein Glas Rotwein aus der Region.<\/p>\n<p>War das ein sch\u00f6ner Tag!<\/p>\n<p><strong>Einkehrm\u00f6glichkeit:<\/strong><br \/>\nBar Casa Jose Ca\u00f1on in Afur, Telefon: 69 01 41<a href=\"http:\/\/www.mundi-roth.de\/teneriffa-blog\/wp-content\/uploads\/2012\/11\/W-2012-204.jpg\" rel=\"lightbox[1936]\"><img loading=\"lazy\" decoding=\"async\" class=\"alignright size-thumbnail wp-image-1962\" title=\"W 2012 204\" src=\"http:\/\/www.mundi-roth.de\/teneriffa-blog\/wp-content\/uploads\/2012\/11\/W-2012-204-150x112.jpg\" alt=\"\" width=\"150\" height=\"112\" srcset=\"https:\/\/www.mundi-roth.de\/teneriffa-blog\/wp-content\/uploads\/2012\/11\/W-2012-204-150x112.jpg 150w, https:\/\/www.mundi-roth.de\/teneriffa-blog\/wp-content\/uploads\/2012\/11\/W-2012-204-300x225.jpg 300w, https:\/\/www.mundi-roth.de\/teneriffa-blog\/wp-content\/uploads\/2012\/11\/W-2012-204.jpg 600w\" sizes=\"auto, (max-width: 150px) 100vw, 150px\" \/><\/a><br \/>\nSehenswert ist die kleine Bar ob seiner Vielfalt an Spirituosen. Das sucht seinesgleichen.<\/p>\n<p><strong>Anfahrt:<\/strong><br \/>\nVon Los Christianos kommend auf der TF 1 bis Santa Maria del Mar, dann auf die TF 2, auf dieser bis zur ersten Ausfahrt La Laguna, auf der TF 13 und dann auf der TF 12 bis Abzweig Afur auf die TF 136 bis zum Ende.<br \/>\n1 \u00bd Stunden.<\/p>\n<p><strong>Abfahrt:<\/strong><\/p>\n<p>Wenn man will, weil die Strecke so sch\u00f6n ist, links und rechts der Blick auf&#8217;s Meer:<br \/>\nZur\u00fcck auf die TF 12 und dann Richtung El Bailadero, Taganana bis San Andr\u00e9s, hier auf der TF 11 \u00fcber Santa Cruz zur TF 1.<\/p>\n","protected":false},"excerpt":{"rendered":"<p>Nach der Schlechtwetterperiode war uns mal wieder so richtig nach Wandern zu Mute. In der Zwischenzeit haben wir schon fr\u00fcher beschriebene K\u00fcstenwanderungen gemacht, aber heute wollen wir es wissen. Ein kanarischer Bekannter schw\u00e4rmte uns so von der Rundtour Afur vor, dass wir uns sagten: DIE muss es sein. Nur soviel schon vorab: Traumhaft sch\u00f6ne Wanderung [&hellip;]<\/p>\n","protected":false},"author":4,"featured_media":0,"comment_status":"open","ping_status":"open","sticky":false,"template":"","format":"standard","meta":{"footnotes":""},"categories":[768,6],"tags":[],"class_list":["post-1936","post","type-post","status-publish","format-standard","hentry","category-anaga-gebirge","category-wanderungen"],"yoast_head":"<!-- This site is optimized with the Yoast SEO plugin v27.5 - https:\/\/yoast.com\/product\/yoast-seo-wordpress\/ -->\n<title>Afur \u2013 Playa de Tamadite \u2013 Taganana \u2013 Afur - Teneriffa Wandern<\/title>\n<meta name=\"robots\" content=\"index, follow, max-snippet:-1, max-image-preview:large, max-video-preview:-1\" \/>\n<link rel=\"canonical\" href=\"https:\/\/www.mundi-roth.de\/teneriffa-blog\/wanderungen\/afur-playa-de-tamadite-taganana-afur\/\" \/>\n<meta name=\"twitter:label1\" content=\"Verfasst von\" \/>\n\t<meta name=\"twitter:data1\" content=\"mundi\" \/>\n\t<meta name=\"twitter:label2\" content=\"Gesch\u00e4tzte Lesezeit\" \/>\n\t<meta name=\"twitter:data2\" content=\"9\u00a0Minuten\" \/>\n<script type=\"application\/ld+json\" class=\"yoast-schema-graph\">{\"@context\":\"https:\\\/\\\/schema.org\",\"@graph\":[{\"@type\":\"Article\",\"@id\":\"https:\\\/\\\/www.mundi-roth.de\\\/teneriffa-blog\\\/wanderungen\\\/afur-playa-de-tamadite-taganana-afur\\\/#article\",\"isPartOf\":{\"@id\":\"https:\\\/\\\/www.mundi-roth.de\\\/teneriffa-blog\\\/wanderungen\\\/afur-playa-de-tamadite-taganana-afur\\\/\"},\"author\":{\"name\":\"mundi\",\"@id\":\"https:\\\/\\\/www.mundi-roth.de\\\/teneriffa-blog\\\/#\\\/schema\\\/person\\\/971c66b55f3ae5e8741553688c413cac\"},\"headline\":\"Afur \u2013 Playa de Tamadite \u2013 Taganana \u2013 Afur\",\"datePublished\":\"2012-11-14T19:00:40+00:00\",\"dateModified\":\"2015-04-09T13:52:55+00:00\",\"mainEntityOfPage\":{\"@id\":\"https:\\\/\\\/www.mundi-roth.de\\\/teneriffa-blog\\\/wanderungen\\\/afur-playa-de-tamadite-taganana-afur\\\/\"},\"wordCount\":1865,\"commentCount\":2,\"image\":{\"@id\":\"https:\\\/\\\/www.mundi-roth.de\\\/teneriffa-blog\\\/wanderungen\\\/afur-playa-de-tamadite-taganana-afur\\\/#primaryimage\"},\"thumbnailUrl\":\"http:\\\/\\\/www.mundi-roth.de\\\/teneriffa-blog\\\/wp-content\\\/uploads\\\/2012\\\/11\\\/W-2012-122x-112x150.jpg\",\"articleSection\":[\"Anaga-Gebirge\",\"Wanderungen\"],\"inLanguage\":\"de\",\"potentialAction\":[{\"@type\":\"CommentAction\",\"name\":\"Comment\",\"target\":[\"https:\\\/\\\/www.mundi-roth.de\\\/teneriffa-blog\\\/wanderungen\\\/afur-playa-de-tamadite-taganana-afur\\\/#respond\"]}]},{\"@type\":\"WebPage\",\"@id\":\"https:\\\/\\\/www.mundi-roth.de\\\/teneriffa-blog\\\/wanderungen\\\/afur-playa-de-tamadite-taganana-afur\\\/\",\"url\":\"https:\\\/\\\/www.mundi-roth.de\\\/teneriffa-blog\\\/wanderungen\\\/afur-playa-de-tamadite-taganana-afur\\\/\",\"name\":\"Afur \u2013 Playa de Tamadite \u2013 Taganana \u2013 Afur - Teneriffa Wandern\",\"isPartOf\":{\"@id\":\"https:\\\/\\\/www.mundi-roth.de\\\/teneriffa-blog\\\/#website\"},\"primaryImageOfPage\":{\"@id\":\"https:\\\/\\\/www.mundi-roth.de\\\/teneriffa-blog\\\/wanderungen\\\/afur-playa-de-tamadite-taganana-afur\\\/#primaryimage\"},\"image\":{\"@id\":\"https:\\\/\\\/www.mundi-roth.de\\\/teneriffa-blog\\\/wanderungen\\\/afur-playa-de-tamadite-taganana-afur\\\/#primaryimage\"},\"thumbnailUrl\":\"http:\\\/\\\/www.mundi-roth.de\\\/teneriffa-blog\\\/wp-content\\\/uploads\\\/2012\\\/11\\\/W-2012-122x-112x150.jpg\",\"datePublished\":\"2012-11-14T19:00:40+00:00\",\"dateModified\":\"2015-04-09T13:52:55+00:00\",\"author\":{\"@id\":\"https:\\\/\\\/www.mundi-roth.de\\\/teneriffa-blog\\\/#\\\/schema\\\/person\\\/971c66b55f3ae5e8741553688c413cac\"},\"breadcrumb\":{\"@id\":\"https:\\\/\\\/www.mundi-roth.de\\\/teneriffa-blog\\\/wanderungen\\\/afur-playa-de-tamadite-taganana-afur\\\/#breadcrumb\"},\"inLanguage\":\"de\",\"potentialAction\":[{\"@type\":\"ReadAction\",\"target\":[\"https:\\\/\\\/www.mundi-roth.de\\\/teneriffa-blog\\\/wanderungen\\\/afur-playa-de-tamadite-taganana-afur\\\/\"]}]},{\"@type\":\"ImageObject\",\"inLanguage\":\"de\",\"@id\":\"https:\\\/\\\/www.mundi-roth.de\\\/teneriffa-blog\\\/wanderungen\\\/afur-playa-de-tamadite-taganana-afur\\\/#primaryimage\",\"url\":\"https:\\\/\\\/www.mundi-roth.de\\\/teneriffa-blog\\\/wp-content\\\/uploads\\\/2012\\\/11\\\/W-2012-122x.jpg\",\"contentUrl\":\"https:\\\/\\\/www.mundi-roth.de\\\/teneriffa-blog\\\/wp-content\\\/uploads\\\/2012\\\/11\\\/W-2012-122x.jpg\",\"width\":\"448\",\"height\":\"600\"},{\"@type\":\"BreadcrumbList\",\"@id\":\"https:\\\/\\\/www.mundi-roth.de\\\/teneriffa-blog\\\/wanderungen\\\/afur-playa-de-tamadite-taganana-afur\\\/#breadcrumb\",\"itemListElement\":[{\"@type\":\"ListItem\",\"position\":1,\"name\":\"Startseite\",\"item\":\"https:\\\/\\\/www.mundi-roth.de\\\/teneriffa-blog\\\/\"},{\"@type\":\"ListItem\",\"position\":2,\"name\":\"Afur \u2013 Playa de Tamadite \u2013 Taganana \u2013 Afur\"}]},{\"@type\":\"WebSite\",\"@id\":\"https:\\\/\\\/www.mundi-roth.de\\\/teneriffa-blog\\\/#website\",\"url\":\"https:\\\/\\\/www.mundi-roth.de\\\/teneriffa-blog\\\/\",\"name\":\"Teneriffa Wandern\",\"description\":\"Nicht nur Wanderungen auf Teneriffa...\",\"potentialAction\":[{\"@type\":\"SearchAction\",\"target\":{\"@type\":\"EntryPoint\",\"urlTemplate\":\"https:\\\/\\\/www.mundi-roth.de\\\/teneriffa-blog\\\/?s={search_term_string}\"},\"query-input\":{\"@type\":\"PropertyValueSpecification\",\"valueRequired\":true,\"valueName\":\"search_term_string\"}}],\"inLanguage\":\"de\"},{\"@type\":\"Person\",\"@id\":\"https:\\\/\\\/www.mundi-roth.de\\\/teneriffa-blog\\\/#\\\/schema\\\/person\\\/971c66b55f3ae5e8741553688c413cac\",\"name\":\"mundi\",\"image\":{\"@type\":\"ImageObject\",\"inLanguage\":\"de\",\"@id\":\"https:\\\/\\\/secure.gravatar.com\\\/avatar\\\/555f0dd85428f1a9330f8e5dbe9e40ff9ca912bb81e5a89747ebf3ca9c20dc0f?s=96&d=mm&r=g\",\"url\":\"https:\\\/\\\/secure.gravatar.com\\\/avatar\\\/555f0dd85428f1a9330f8e5dbe9e40ff9ca912bb81e5a89747ebf3ca9c20dc0f?s=96&d=mm&r=g\",\"contentUrl\":\"https:\\\/\\\/secure.gravatar.com\\\/avatar\\\/555f0dd85428f1a9330f8e5dbe9e40ff9ca912bb81e5a89747ebf3ca9c20dc0f?s=96&d=mm&r=g\",\"caption\":\"mundi\"},\"sameAs\":[\"http:\\\/\\\/mundi-roth.de\"],\"url\":\"https:\\\/\\\/www.mundi-roth.de\\\/teneriffa-blog\\\/author\\\/mundi\\\/\"}]}<\/script>\n<!-- \/ Yoast SEO plugin. -->","yoast_head_json":{"title":"Afur \u2013 Playa de Tamadite \u2013 Taganana \u2013 Afur - Teneriffa Wandern","robots":{"index":"index","follow":"follow","max-snippet":"max-snippet:-1","max-image-preview":"max-image-preview:large","max-video-preview":"max-video-preview:-1"},"canonical":"https:\/\/www.mundi-roth.de\/teneriffa-blog\/wanderungen\/afur-playa-de-tamadite-taganana-afur\/","twitter_misc":{"Verfasst von":"mundi","Gesch\u00e4tzte Lesezeit":"9\u00a0Minuten"},"schema":{"@context":"https:\/\/schema.org","@graph":[{"@type":"Article","@id":"https:\/\/www.mundi-roth.de\/teneriffa-blog\/wanderungen\/afur-playa-de-tamadite-taganana-afur\/#article","isPartOf":{"@id":"https:\/\/www.mundi-roth.de\/teneriffa-blog\/wanderungen\/afur-playa-de-tamadite-taganana-afur\/"},"author":{"name":"mundi","@id":"https:\/\/www.mundi-roth.de\/teneriffa-blog\/#\/schema\/person\/971c66b55f3ae5e8741553688c413cac"},"headline":"Afur \u2013 Playa de Tamadite \u2013 Taganana \u2013 Afur","datePublished":"2012-11-14T19:00:40+00:00","dateModified":"2015-04-09T13:52:55+00:00","mainEntityOfPage":{"@id":"https:\/\/www.mundi-roth.de\/teneriffa-blog\/wanderungen\/afur-playa-de-tamadite-taganana-afur\/"},"wordCount":1865,"commentCount":2,"image":{"@id":"https:\/\/www.mundi-roth.de\/teneriffa-blog\/wanderungen\/afur-playa-de-tamadite-taganana-afur\/#primaryimage"},"thumbnailUrl":"http:\/\/www.mundi-roth.de\/teneriffa-blog\/wp-content\/uploads\/2012\/11\/W-2012-122x-112x150.jpg","articleSection":["Anaga-Gebirge","Wanderungen"],"inLanguage":"de","potentialAction":[{"@type":"CommentAction","name":"Comment","target":["https:\/\/www.mundi-roth.de\/teneriffa-blog\/wanderungen\/afur-playa-de-tamadite-taganana-afur\/#respond"]}]},{"@type":"WebPage","@id":"https:\/\/www.mundi-roth.de\/teneriffa-blog\/wanderungen\/afur-playa-de-tamadite-taganana-afur\/","url":"https:\/\/www.mundi-roth.de\/teneriffa-blog\/wanderungen\/afur-playa-de-tamadite-taganana-afur\/","name":"Afur \u2013 Playa de Tamadite \u2013 Taganana \u2013 Afur - Teneriffa Wandern","isPartOf":{"@id":"https:\/\/www.mundi-roth.de\/teneriffa-blog\/#website"},"primaryImageOfPage":{"@id":"https:\/\/www.mundi-roth.de\/teneriffa-blog\/wanderungen\/afur-playa-de-tamadite-taganana-afur\/#primaryimage"},"image":{"@id":"https:\/\/www.mundi-roth.de\/teneriffa-blog\/wanderungen\/afur-playa-de-tamadite-taganana-afur\/#primaryimage"},"thumbnailUrl":"http:\/\/www.mundi-roth.de\/teneriffa-blog\/wp-content\/uploads\/2012\/11\/W-2012-122x-112x150.jpg","datePublished":"2012-11-14T19:00:40+00:00","dateModified":"2015-04-09T13:52:55+00:00","author":{"@id":"https:\/\/www.mundi-roth.de\/teneriffa-blog\/#\/schema\/person\/971c66b55f3ae5e8741553688c413cac"},"breadcrumb":{"@id":"https:\/\/www.mundi-roth.de\/teneriffa-blog\/wanderungen\/afur-playa-de-tamadite-taganana-afur\/#breadcrumb"},"inLanguage":"de","potentialAction":[{"@type":"ReadAction","target":["https:\/\/www.mundi-roth.de\/teneriffa-blog\/wanderungen\/afur-playa-de-tamadite-taganana-afur\/"]}]},{"@type":"ImageObject","inLanguage":"de","@id":"https:\/\/www.mundi-roth.de\/teneriffa-blog\/wanderungen\/afur-playa-de-tamadite-taganana-afur\/#primaryimage","url":"https:\/\/www.mundi-roth.de\/teneriffa-blog\/wp-content\/uploads\/2012\/11\/W-2012-122x.jpg","contentUrl":"https:\/\/www.mundi-roth.de\/teneriffa-blog\/wp-content\/uploads\/2012\/11\/W-2012-122x.jpg","width":"448","height":"600"},{"@type":"BreadcrumbList","@id":"https:\/\/www.mundi-roth.de\/teneriffa-blog\/wanderungen\/afur-playa-de-tamadite-taganana-afur\/#breadcrumb","itemListElement":[{"@type":"ListItem","position":1,"name":"Startseite","item":"https:\/\/www.mundi-roth.de\/teneriffa-blog\/"},{"@type":"ListItem","position":2,"name":"Afur \u2013 Playa de Tamadite \u2013 Taganana \u2013 Afur"}]},{"@type":"WebSite","@id":"https:\/\/www.mundi-roth.de\/teneriffa-blog\/#website","url":"https:\/\/www.mundi-roth.de\/teneriffa-blog\/","name":"Teneriffa Wandern","description":"Nicht nur Wanderungen auf Teneriffa...","potentialAction":[{"@type":"SearchAction","target":{"@type":"EntryPoint","urlTemplate":"https:\/\/www.mundi-roth.de\/teneriffa-blog\/?s={search_term_string}"},"query-input":{"@type":"PropertyValueSpecification","valueRequired":true,"valueName":"search_term_string"}}],"inLanguage":"de"},{"@type":"Person","@id":"https:\/\/www.mundi-roth.de\/teneriffa-blog\/#\/schema\/person\/971c66b55f3ae5e8741553688c413cac","name":"mundi","image":{"@type":"ImageObject","inLanguage":"de","@id":"https:\/\/secure.gravatar.com\/avatar\/555f0dd85428f1a9330f8e5dbe9e40ff9ca912bb81e5a89747ebf3ca9c20dc0f?s=96&d=mm&r=g","url":"https:\/\/secure.gravatar.com\/avatar\/555f0dd85428f1a9330f8e5dbe9e40ff9ca912bb81e5a89747ebf3ca9c20dc0f?s=96&d=mm&r=g","contentUrl":"https:\/\/secure.gravatar.com\/avatar\/555f0dd85428f1a9330f8e5dbe9e40ff9ca912bb81e5a89747ebf3ca9c20dc0f?s=96&d=mm&r=g","caption":"mundi"},"sameAs":["http:\/\/mundi-roth.de"],"url":"https:\/\/www.mundi-roth.de\/teneriffa-blog\/author\/mundi\/"}]}},"_links":{"self":[{"href":"https:\/\/www.mundi-roth.de\/teneriffa-blog\/wp-json\/wp\/v2\/posts\/1936","targetHints":{"allow":["GET"]}}],"collection":[{"href":"https:\/\/www.mundi-roth.de\/teneriffa-blog\/wp-json\/wp\/v2\/posts"}],"about":[{"href":"https:\/\/www.mundi-roth.de\/teneriffa-blog\/wp-json\/wp\/v2\/types\/post"}],"author":[{"embeddable":true,"href":"https:\/\/www.mundi-roth.de\/teneriffa-blog\/wp-json\/wp\/v2\/users\/4"}],"replies":[{"embeddable":true,"href":"https:\/\/www.mundi-roth.de\/teneriffa-blog\/wp-json\/wp\/v2\/comments?post=1936"}],"version-history":[{"count":0,"href":"https:\/\/www.mundi-roth.de\/teneriffa-blog\/wp-json\/wp\/v2\/posts\/1936\/revisions"}],"wp:attachment":[{"href":"https:\/\/www.mundi-roth.de\/teneriffa-blog\/wp-json\/wp\/v2\/media?parent=1936"}],"wp:term":[{"taxonomy":"category","embeddable":true,"href":"https:\/\/www.mundi-roth.de\/teneriffa-blog\/wp-json\/wp\/v2\/categories?post=1936"},{"taxonomy":"post_tag","embeddable":true,"href":"https:\/\/www.mundi-roth.de\/teneriffa-blog\/wp-json\/wp\/v2\/tags?post=1936"}],"curies":[{"name":"wp","href":"https:\/\/api.w.org\/{rel}","templated":true}]}}