{"id":1964,"date":"2012-11-21T22:00:50","date_gmt":"2012-11-21T21:00:50","guid":{"rendered":"http:\/\/www.mundi-roth.de\/teneriffa-blog\/?p=1964"},"modified":"2015-04-09T14:52:09","modified_gmt":"2015-04-09T13:52:09","slug":"erjos-el-palmar-buenavista","status":"publish","type":"post","link":"https:\/\/www.mundi-roth.de\/teneriffa-blog\/wanderungen\/erjos-el-palmar-buenavista\/","title":{"rendered":"Erjos \u2013 El Palmar \u2013 Buenavista"},"content":{"rendered":"<p>Mit einer Wandergruppe gingen wir fr\u00fcher h\u00e4ufig von Erjos \u00fcber einen Forstweg ein St\u00fcck im Lorbeerwald, rasteten und kehrten auf demselben Weg zu unseren Wagen zur\u00fcck.<\/p>\n<p>Elisabeth und ich haben uns schon l\u00e4nger vorgenommen, doch einmal zu erkunden, wo der Forstweg schlussendlich hinf\u00fchrt.<\/p>\n<p>Heute ist es also so weit.<\/p>\n<p><strong>Wanderwegstrecke:<\/strong> 3 Stunden 50 Minuten, 12,59 km, inklusive 10 Minuten Pause<\/p>\n<p>Mit dem Bus 460 fahren wir um 9:35 Uhr von der Busstation Playas de las Am\u00e9ricas nach Erjos Dorfplatz. In 1 Stunde 15 Minuten sind wir dort.<br \/>\nKappen, Sonnenbrillen auf, St\u00f6cke auf die richtige L\u00e4nge einstellen und los geht<a href=\"http:\/\/www.mundi-roth.de\/teneriffa-blog\/wp-content\/uploads\/2012\/11\/Track2a.jpg\" rel=\"lightbox[1964]\"><img loading=\"lazy\" decoding=\"async\" class=\"alignright size-thumbnail wp-image-1965\" title=\"Track2a\" src=\"http:\/\/www.mundi-roth.de\/teneriffa-blog\/wp-content\/uploads\/2012\/11\/Track2a-150x102.jpg\" alt=\"\" width=\"150\" height=\"102\" srcset=\"https:\/\/www.mundi-roth.de\/teneriffa-blog\/wp-content\/uploads\/2012\/11\/Track2a-150x102.jpg 150w, https:\/\/www.mundi-roth.de\/teneriffa-blog\/wp-content\/uploads\/2012\/11\/Track2a-300x205.jpg 300w, https:\/\/www.mundi-roth.de\/teneriffa-blog\/wp-content\/uploads\/2012\/11\/Track2a.jpg 569w\" sizes=\"auto, (max-width: 150px) 100vw, 150px\" \/><\/a> es:<\/p>\n<p>Der Einstieg\u00a0 &#8211; etwas anders als fr\u00fcher mit der Wandergruppe \u2013 jedoch derselbe den wir f\u00fcr den zweimaligen, unterschiedlichen Abstieg nach Los Silos w\u00e4hlten, bringt uns gegen\u00fcber der Bushaltestelle \u00fcber den Zebrastreifen beim Kirchlein schnell zum Beginn unserer Tour.<\/p>\n<p><a href=\"http:\/\/www.mundi-roth.de\/teneriffa-blog\/wp-content\/uploads\/2012\/11\/P1070153.jpg\" rel=\"lightbox[1964]\"><img loading=\"lazy\" decoding=\"async\" class=\"alignleft size-thumbnail wp-image-1966\" title=\"P1070153\" src=\"http:\/\/www.mundi-roth.de\/teneriffa-blog\/wp-content\/uploads\/2012\/11\/P1070153-150x112.jpg\" alt=\"\" width=\"150\" height=\"112\" srcset=\"https:\/\/www.mundi-roth.de\/teneriffa-blog\/wp-content\/uploads\/2012\/11\/P1070153-150x112.jpg 150w, https:\/\/www.mundi-roth.de\/teneriffa-blog\/wp-content\/uploads\/2012\/11\/P1070153-300x225.jpg 300w, https:\/\/www.mundi-roth.de\/teneriffa-blog\/wp-content\/uploads\/2012\/11\/P1070153.jpg 600w\" sizes=\"auto, (max-width: 150px) 100vw, 150px\" \/><\/a>Als wir sicherheitshalber nochmal die Infotafel studieren, denken, dass \u201ePR TF 51\/52 Las Portelas, 10,7 km \u2013 Monte del Agua 6,2 km\u201c der richtige Hinweis f\u00fcr uns ist, erkl\u00e4rt uns eine Einheimische bereitwillig, dieser Weg f\u00fchrt auch nach El Palmar.<br \/>\nNun, das wissen wir also schon mal.<\/p>\n<p>Den Hang hinunter, alles noch wunderbar gr\u00fcn, zwei kleine wei\u00dfe<a href=\"http:\/\/www.mundi-roth.de\/teneriffa-blog\/wp-content\/uploads\/2012\/11\/P1070156.jpg\" rel=\"lightbox[1964]\"><img loading=\"lazy\" decoding=\"async\" class=\"alignright size-thumbnail wp-image-1967\" title=\"P1070156\" src=\"http:\/\/www.mundi-roth.de\/teneriffa-blog\/wp-content\/uploads\/2012\/11\/P1070156-150x112.jpg\" alt=\"\" width=\"150\" height=\"112\" srcset=\"https:\/\/www.mundi-roth.de\/teneriffa-blog\/wp-content\/uploads\/2012\/11\/P1070156-150x112.jpg 150w, https:\/\/www.mundi-roth.de\/teneriffa-blog\/wp-content\/uploads\/2012\/11\/P1070156-300x225.jpg 300w, https:\/\/www.mundi-roth.de\/teneriffa-blog\/wp-content\/uploads\/2012\/11\/P1070156.jpg 600w\" sizes=\"auto, (max-width: 150px) 100vw, 150px\" \/><\/a><br \/>\nK\u00e4tzchen mit schwarzen N\u00e4schen am\u00fcsieren uns, was uns aber um die n\u00e4chste Kurve erwartet, daf\u00fcr sind wir nicht gewappnet:<\/p>\n<p>Fast bis unmittelbar vor die H\u00e4user von Erjos w\u00fctete im Sommer das Feuer. Unser Blick f\u00e4llt auf verbrannte B\u00e4ume, alles schwarz.<br \/>\n<a href=\"http:\/\/www.mundi-roth.de\/teneriffa-blog\/wp-content\/uploads\/2012\/11\/P1070157.jpg\" rel=\"lightbox[1964]\"><img loading=\"lazy\" decoding=\"async\" class=\"alignleft size-thumbnail wp-image-1968\" title=\"P1070157\" src=\"http:\/\/www.mundi-roth.de\/teneriffa-blog\/wp-content\/uploads\/2012\/11\/P1070157-150x112.jpg\" alt=\"\" width=\"150\" height=\"112\" srcset=\"https:\/\/www.mundi-roth.de\/teneriffa-blog\/wp-content\/uploads\/2012\/11\/P1070157-150x112.jpg 150w, https:\/\/www.mundi-roth.de\/teneriffa-blog\/wp-content\/uploads\/2012\/11\/P1070157-300x225.jpg 300w, https:\/\/www.mundi-roth.de\/teneriffa-blog\/wp-content\/uploads\/2012\/11\/P1070157.jpg 600w\" sizes=\"auto, (max-width: 150px) 100vw, 150px\" \/><\/a>Die gro\u00dfen Fl\u00e4chen Ginster links und rechts des Weges zum Aufstieg zu den Sendemasten, kohlschwarz. Die <a href=\"http:\/\/www.mundi-roth.de\/teneriffa-blog\/wp-content\/uploads\/2012\/11\/P1070160.jpg\" rel=\"lightbox[1964]\"><img loading=\"lazy\" decoding=\"async\" class=\"alignright size-thumbnail wp-image-1969\" title=\"P1070160\" src=\"http:\/\/www.mundi-roth.de\/teneriffa-blog\/wp-content\/uploads\/2012\/11\/P1070160-150x112.jpg\" alt=\"\" width=\"150\" height=\"112\" srcset=\"https:\/\/www.mundi-roth.de\/teneriffa-blog\/wp-content\/uploads\/2012\/11\/P1070160-150x112.jpg 150w, https:\/\/www.mundi-roth.de\/teneriffa-blog\/wp-content\/uploads\/2012\/11\/P1070160-300x225.jpg 300w, https:\/\/www.mundi-roth.de\/teneriffa-blog\/wp-content\/uploads\/2012\/11\/P1070160.jpg 600w\" sizes=\"auto, (max-width: 150px) 100vw, 150px\" \/><\/a>verbrannten Zweige ragen gespenstisch in den Himmel.<\/p>\n<p>Was m\u00fcssen die Bewohner von Erjos f\u00fcr \u00c4ngste ausgestanden haben.<br \/>\nSchade, dass wir das nicht wussten, wie nah das Feuer war, sonst h\u00e4tten wir die Einheimische befragen k\u00f6nnen.<br \/>\nVor einigen Jahren hat es Erjos etwas oberhalb vom Brand heimgesucht.<\/p>\n<p>Kurz nach den Sendemasten das angekokelte Hinweisschild, dass wir \u201eespacio <a href=\"http:\/\/www.mundi-roth.de\/teneriffa-blog\/wp-content\/uploads\/2012\/11\/P1070161.jpg\" rel=\"lightbox[1964]\"><img loading=\"lazy\" decoding=\"async\" class=\"alignright size-thumbnail wp-image-1970\" title=\"P1070161\" src=\"http:\/\/www.mundi-roth.de\/teneriffa-blog\/wp-content\/uploads\/2012\/11\/P1070161-150x112.jpg\" alt=\"\" width=\"150\" height=\"112\" srcset=\"https:\/\/www.mundi-roth.de\/teneriffa-blog\/wp-content\/uploads\/2012\/11\/P1070161-150x112.jpg 150w, https:\/\/www.mundi-roth.de\/teneriffa-blog\/wp-content\/uploads\/2012\/11\/P1070161-300x225.jpg 300w, https:\/\/www.mundi-roth.de\/teneriffa-blog\/wp-content\/uploads\/2012\/11\/P1070161.jpg 600w\" sizes=\"auto, (max-width: 150px) 100vw, 150px\" \/><\/a>natural protegido\u201c &#8211; Naturschutzgebiet \u2013 betreten.<br \/>\nKurz darauf jedoch eine wohl erst vor kurzem aufgestellte Infotafel, die uns \u00fcber das Geheimnis des Lorbeerwaldes am Monte del Agua\u00a0 aufkl\u00e4rt:<\/p>\n<p><em>&#8222;Etwa vor 65 Jahrmillionen war der Monteverde oder Laurisilva (Lorbeerwald) in verschiedenen Regionen des Planeten weit verbreitet (die Kanarischen Inseln gab es damals noch nicht). W\u00e4hrend dieses Zeitraums, war der Wald Zeuge zahlreicher geologischer und klimatischer Episoden, die das Aussterben vieler Arten verursachten. Der Laurisilva hat sich jedoch an jeden Wechsel angepasst. Unter anderem reduzierte er seine Fl\u00e4che auf bestimmt Gegenden mit g\u00fcnstigen Bedingungen. Auf den Kanaren, Azoren und Madeira lebt eine jener Versionen weiter, die allem Unbill getrotzt haben: der makaronesische Laurisilva.Tats\u00e4chlich geh\u00f6ren einige der \u00e4ltesten, in Europa gefundenen Bl\u00e4tterfossilien denselben Arten an, die auch heute noch am Monte del Agua leben.<\/em><br \/>\n<em> Hier widerstand der Wald auch Widrigkeiten wie Vulkanausbr\u00fcchen oder geringer, verf\u00fcgbarer Fl\u00e4che, die ihn gest\u00e4rkt haben. Er wurde beispielsweise viel dichter (auf einem Hektar Wald gibt es 300 Tonnen lebender Materie) und zwischen den einzelnen Arten bestehen praktisch perfekte Beziehungen.\u201c<\/em><\/p>\n<p><a href=\"http:\/\/www.mundi-roth.de\/teneriffa-blog\/wp-content\/uploads\/2012\/11\/P1070175.jpg\" rel=\"lightbox[1964]\"><img loading=\"lazy\" decoding=\"async\" class=\"alignleft size-thumbnail wp-image-1971\" title=\"P1070175\" src=\"http:\/\/www.mundi-roth.de\/teneriffa-blog\/wp-content\/uploads\/2012\/11\/P1070175-150x112.jpg\" alt=\"\" width=\"150\" height=\"112\" srcset=\"https:\/\/www.mundi-roth.de\/teneriffa-blog\/wp-content\/uploads\/2012\/11\/P1070175-150x112.jpg 150w, https:\/\/www.mundi-roth.de\/teneriffa-blog\/wp-content\/uploads\/2012\/11\/P1070175-300x225.jpg 300w, https:\/\/www.mundi-roth.de\/teneriffa-blog\/wp-content\/uploads\/2012\/11\/P1070175.jpg 600w\" sizes=\"auto, (max-width: 150px) 100vw, 150px\" \/><\/a>Rasch schreiten wir auf dem breiten, gut zu begehenden Forstweg aus und erfreuen uns mal wieder<a href=\"http:\/\/www.mundi-roth.de\/teneriffa-blog\/wp-content\/uploads\/2012\/11\/P1070176.jpg\" rel=\"lightbox[1964]\"><img loading=\"lazy\" decoding=\"async\" class=\"alignright size-thumbnail wp-image-1972\" title=\"P1070176\" src=\"http:\/\/www.mundi-roth.de\/teneriffa-blog\/wp-content\/uploads\/2012\/11\/P1070176-150x112.jpg\" alt=\"\" width=\"150\" height=\"112\" srcset=\"https:\/\/www.mundi-roth.de\/teneriffa-blog\/wp-content\/uploads\/2012\/11\/P1070176-150x112.jpg 150w, https:\/\/www.mundi-roth.de\/teneriffa-blog\/wp-content\/uploads\/2012\/11\/P1070176-300x225.jpg 300w, https:\/\/www.mundi-roth.de\/teneriffa-blog\/wp-content\/uploads\/2012\/11\/P1070176.jpg 600w\" sizes=\"auto, (max-width: 150px) 100vw, 150px\" \/><\/a> an dem Lichtspiel, denn, wir haben\u00a0 Gl\u00fcck mit dem Wetter und die Passatwolken sind noch nicht bis hier oben hochgezogen.<\/p>\n<p>Unterwegs bemerken wir an verschiedenen Stellen rote T\u00e4felchen mit Nummern. Sicher wieder Hinweise, dass es sich hier um <a href=\"http:\/\/www.mundi-roth.de\/teneriffa-blog\/allgemein\/erjos-el-palmar-buenavista\/attachment\/p1070164\/\" rel=\"attachment wp-att-1973\"><img loading=\"lazy\" decoding=\"async\" class=\"alignright size-thumbnail wp-image-1973\" title=\"P1070164\" src=\"http:\/\/www.mundi-roth.de\/teneriffa-blog\/wp-content\/uploads\/2012\/11\/P1070164-112x150.jpg\" alt=\"\" width=\"112\" height=\"150\" srcset=\"https:\/\/www.mundi-roth.de\/teneriffa-blog\/wp-content\/uploads\/2012\/11\/P1070164-112x150.jpg 112w, https:\/\/www.mundi-roth.de\/teneriffa-blog\/wp-content\/uploads\/2012\/11\/P1070164-225x300.jpg 225w, https:\/\/www.mundi-roth.de\/teneriffa-blog\/wp-content\/uploads\/2012\/11\/P1070164.jpg 450w\" sizes=\"auto, (max-width: 112px) 100vw, 112px\" \/><\/a>bemerkenswerte Punkte handelt. Aber leider haben wir keine Beschreibung. Sollten wir diese mal irgendwann bei einem Infob\u00fcro bekommen, werde ich die Erkl\u00e4rungen nachtragen.<br \/>\nHier sehen wir sicher ein Musterexemplar eines Baumes.<\/p>\n<p>Bei dem Hinweis \u201c7\u201c denken wir, dass er zu einem <a href=\"http:\/\/www.mundi-roth.de\/teneriffa-blog\/wp-content\/uploads\/2012\/11\/P1070174.jpg\" rel=\"lightbox[1964]\"><img loading=\"lazy\" decoding=\"async\" class=\"alignleft size-thumbnail wp-image-1974\" title=\"P1070174\" src=\"http:\/\/www.mundi-roth.de\/teneriffa-blog\/wp-content\/uploads\/2012\/11\/P1070174-150x112.jpg\" alt=\"\" width=\"150\" height=\"112\" srcset=\"https:\/\/www.mundi-roth.de\/teneriffa-blog\/wp-content\/uploads\/2012\/11\/P1070174-150x112.jpg 150w, https:\/\/www.mundi-roth.de\/teneriffa-blog\/wp-content\/uploads\/2012\/11\/P1070174-300x225.jpg 300w, https:\/\/www.mundi-roth.de\/teneriffa-blog\/wp-content\/uploads\/2012\/11\/P1070174.jpg 600w\" sizes=\"auto, (max-width: 150px) 100vw, 150px\" \/><\/a>Aussichtspunkt f\u00fchren k\u00f6nnte. Also machen wir den Abstecher \u00fcber einen bemerkenswerten Pfad und siehe da: richtig geraten. Ein wunderbarer<a href=\"http:\/\/www.mundi-roth.de\/teneriffa-blog\/wp-content\/uploads\/2012\/11\/P1070167.jpg\" rel=\"lightbox[1964]\"><img loading=\"lazy\" decoding=\"async\" class=\"alignright size-thumbnail wp-image-1975\" title=\"P1070167\" src=\"http:\/\/www.mundi-roth.de\/teneriffa-blog\/wp-content\/uploads\/2012\/11\/P1070167-150x112.jpg\" alt=\"\" width=\"150\" height=\"112\" srcset=\"https:\/\/www.mundi-roth.de\/teneriffa-blog\/wp-content\/uploads\/2012\/11\/P1070167-150x112.jpg 150w, https:\/\/www.mundi-roth.de\/teneriffa-blog\/wp-content\/uploads\/2012\/11\/P1070167-300x225.jpg 300w, https:\/\/www.mundi-roth.de\/teneriffa-blog\/wp-content\/uploads\/2012\/11\/P1070167.jpg 600w\" sizes=\"auto, (max-width: 150px) 100vw, 150px\" \/><\/a> Rund-Um-Blick auf gr\u00fcne(!!) H\u00e4nge und das Meer. Bleibt nur zu sagen: Sch\u00f6n!<\/p>\n<p>Nach einer Stunde haben wir bereits den Abstieg nach Los Silos erreicht, aber wir folgen weiter dem Forstweg.<br \/>\nErstaunlich, sind wir sonst auf unseren Wanderungen weitestgehend alleine unterwegs, so ist dies doch offensichtlich ein sehr beliebter Weg und wir begegnen einigen Wanderern. Kein Wunder, der Weg erinnert mehr an einen Spaziergang.<\/p>\n<p><a href=\"http:\/\/www.mundi-roth.de\/teneriffa-blog\/wp-content\/uploads\/2012\/11\/P1070186.jpg\" rel=\"lightbox[1964]\"><img loading=\"lazy\" decoding=\"async\" class=\"alignleft size-thumbnail wp-image-1976\" title=\"P1070186\" src=\"http:\/\/www.mundi-roth.de\/teneriffa-blog\/wp-content\/uploads\/2012\/11\/P1070186-150x112.jpg\" alt=\"\" width=\"150\" height=\"112\" srcset=\"https:\/\/www.mundi-roth.de\/teneriffa-blog\/wp-content\/uploads\/2012\/11\/P1070186-150x112.jpg 150w, https:\/\/www.mundi-roth.de\/teneriffa-blog\/wp-content\/uploads\/2012\/11\/P1070186-300x225.jpg 300w, https:\/\/www.mundi-roth.de\/teneriffa-blog\/wp-content\/uploads\/2012\/11\/P1070186.jpg 600w\" sizes=\"auto, (max-width: 150px) 100vw, 150px\" \/><\/a>Eine halbe Stunde sp\u00e4ter gelangen wir an den Abstieg nach El Palmar.<br \/>\nNun verlassen wir die bequeme Forststra\u00dfe und es geht \u00fcber einen schmalen, sch\u00f6nen Pfad weiter.<br \/>\nBeim n\u00e4chsten Hinweisschild\u00a0 Bild wechselt der<a href=\"http:\/\/www.mundi-roth.de\/teneriffa-blog\/wp-content\/uploads\/2012\/11\/P1070184.jpg\" rel=\"lightbox[1964]\"><img loading=\"lazy\" decoding=\"async\" class=\"alignright size-thumbnail wp-image-1977\" title=\"P1070184\" src=\"http:\/\/www.mundi-roth.de\/teneriffa-blog\/wp-content\/uploads\/2012\/11\/P1070184-150x112.jpg\" alt=\"\" width=\"150\" height=\"112\" srcset=\"https:\/\/www.mundi-roth.de\/teneriffa-blog\/wp-content\/uploads\/2012\/11\/P1070184-150x112.jpg 150w, https:\/\/www.mundi-roth.de\/teneriffa-blog\/wp-content\/uploads\/2012\/11\/P1070184-300x225.jpg 300w, https:\/\/www.mundi-roth.de\/teneriffa-blog\/wp-content\/uploads\/2012\/11\/P1070184.jpg 600w\" sizes=\"auto, (max-width: 150px) 100vw, 150px\" \/><\/a> Weg auf Fels, Stein und im steten bergan bergab geht es vorbei an kanarischen Kiefern, Agavan, Erika- und Zistrosenstr\u00e4uchern, wilder Minze, <a href=\"http:\/\/www.mundi-roth.de\/teneriffa-blog\/wp-content\/uploads\/2012\/11\/P1070185.jpg\" rel=\"lightbox[1964]\"><img loading=\"lazy\" decoding=\"async\" class=\"alignleft size-thumbnail wp-image-1978\" title=\"P1070185\" src=\"http:\/\/www.mundi-roth.de\/teneriffa-blog\/wp-content\/uploads\/2012\/11\/P1070185-112x150.jpg\" alt=\"\" width=\"112\" height=\"150\" srcset=\"https:\/\/www.mundi-roth.de\/teneriffa-blog\/wp-content\/uploads\/2012\/11\/P1070185-112x150.jpg 112w, https:\/\/www.mundi-roth.de\/teneriffa-blog\/wp-content\/uploads\/2012\/11\/P1070185-225x300.jpg 225w, https:\/\/www.mundi-roth.de\/teneriffa-blog\/wp-content\/uploads\/2012\/11\/P1070185.jpg 450w\" sizes=\"auto, (max-width: 112px) 100vw, 112px\" \/><\/a>letzte Reste von Glockenblumen,\u00a0 Farne und das frische Gr\u00fcn der G\u00e4nsedistelbl\u00e4tter sowie imposanten Felsen weiter. Der Blick wird immer wieder auf die gr\u00fcn bewaldeten H\u00e4nge, das blaue Meer und die wei\u00df-grauen Wolken freigegeben. <a href=\"http:\/\/www.mundi-roth.de\/teneriffa-blog\/wp-content\/uploads\/2012\/11\/Collage1.jpg\" rel=\"lightbox[1964]\"><img loading=\"lazy\" decoding=\"async\" class=\"alignright  wp-image-1979\" title=\"Collage1\" src=\"http:\/\/www.mundi-roth.de\/teneriffa-blog\/wp-content\/uploads\/2012\/11\/Collage1-300x115.jpg\" alt=\"\" width=\"300\" height=\"115\" srcset=\"https:\/\/www.mundi-roth.de\/teneriffa-blog\/wp-content\/uploads\/2012\/11\/Collage1-300x115.jpg 300w, https:\/\/www.mundi-roth.de\/teneriffa-blog\/wp-content\/uploads\/2012\/11\/Collage1-150x57.jpg 150w, https:\/\/www.mundi-roth.de\/teneriffa-blog\/wp-content\/uploads\/2012\/11\/Collage1.jpg 500w\" sizes=\"auto, (max-width: 300px) 100vw, 300px\" \/><\/a><br \/>\nAls wir an die Stelle kommen mit freiem Blick auf El Palmar, entscheiden wir: das ist der Platz f\u00fcr unsere obligatorische Apfelpause, denn zugleich k\u00f6nnen wir das <a href=\"http:\/\/www.mundi-roth.de\/teneriffa-blog\/wp-content\/uploads\/2012\/11\/P1070197.jpg\" rel=\"lightbox[1964]\"><img loading=\"lazy\" decoding=\"async\" class=\"alignleft size-thumbnail wp-image-1980\" title=\"P1070197\" src=\"http:\/\/www.mundi-roth.de\/teneriffa-blog\/wp-content\/uploads\/2012\/11\/P1070197-150x112.jpg\" alt=\"\" width=\"150\" height=\"112\" srcset=\"https:\/\/www.mundi-roth.de\/teneriffa-blog\/wp-content\/uploads\/2012\/11\/P1070197-150x112.jpg 150w, https:\/\/www.mundi-roth.de\/teneriffa-blog\/wp-content\/uploads\/2012\/11\/P1070197-300x225.jpg 300w, https:\/\/www.mundi-roth.de\/teneriffa-blog\/wp-content\/uploads\/2012\/11\/P1070197.jpg 600w\" sizes=\"auto, (max-width: 150px) 100vw, 150px\" \/><\/a>Schauspiel der heranziehenden Passtatwolken beobachten.<\/p>\n<p>Als wir gerade wieder zusammenpacken h\u00f6ren wir Stimmen und drei Wanderer kommen von Talavera &#8211;\u00a0 Los Silos \u2013 die dritte Variante \u2013 hoch.<br \/>\nDa sagt doch der eine Wanderer: \u201eMit den Damen bin ich schon mal gewandert\u201c.<br \/>\nElisabeth und ich wie aus einem Munde: \u201e<strong>Nein<\/strong>\u201c.<br \/>\nWas war: Der Wanderer hatte doch recht: Es war J\u00fcrgen, der sich uns damals auf der Tour von Aguamansa nach Arafo anschloss und der damals quasi unser Retter war als wir in so dichten Nebel gerieten, dass kein Weg und Steg mehr auszumachen war. Aber J\u00fcrgen hatte 2 GPS-Ger\u00e4te und konnte uns genau sagen, wann und wie viel wir vom Weg abgekommen waren.<br \/>\nDass wir ihn nochmal auf einer Wanderung treffen w\u00fcrden, damit hatten wir nicht gerechnet, da er auch immer nur f\u00fcr 14 Tage auf der Insel ist.<br \/>\nDass dann das Hallo und Wie und Was gro\u00df war, ist verst\u00e4ndlich.<\/p>\n<p>Es hatte auch diesmal was Gutes, dass wir J\u00fcrgen trafen, denn er konnte uns sagen, dass wir von El Palmar auch auf gepflasterten Pfaden, die TF immer wieder querend, nach Buenavista weitergehen k\u00f6nnen.<\/p>\n<p>Also weiter, n\u00e4chste Etappe: El Palmar.<br \/>\n<a href=\"http:\/\/www.mundi-roth.de\/teneriffa-blog\/wp-content\/uploads\/2012\/11\/P1070202.jpg\" rel=\"lightbox[1964]\"><img loading=\"lazy\" decoding=\"async\" class=\"alignleft size-thumbnail wp-image-1981\" title=\"P1070202\" src=\"http:\/\/www.mundi-roth.de\/teneriffa-blog\/wp-content\/uploads\/2012\/11\/P1070202-150x112.jpg\" alt=\"\" width=\"150\" height=\"112\" srcset=\"https:\/\/www.mundi-roth.de\/teneriffa-blog\/wp-content\/uploads\/2012\/11\/P1070202-150x112.jpg 150w, https:\/\/www.mundi-roth.de\/teneriffa-blog\/wp-content\/uploads\/2012\/11\/P1070202-300x225.jpg 300w, https:\/\/www.mundi-roth.de\/teneriffa-blog\/wp-content\/uploads\/2012\/11\/P1070202.jpg 600w\" sizes=\"auto, (max-width: 150px) 100vw, 150px\" \/><\/a>Der Weg l\u00e4\u00dft sich gut gehen, nickender Sauerklee s\u00e4umt den Weg und in gut 20 Minuten sind wir im Ort. An Palmen, Weinfeldern, einem Ziegenstall vorbei f\u00fchrt das letzte St\u00fcck \u00fcber eine Betonpiste mit Steinen verziert\u00a0 und wir erreichen die ersten, h\u00fcbschen<a href=\"http:\/\/www.mundi-roth.de\/teneriffa-blog\/allgemein\/erjos-el-palmar-buenavista\/attachment\/p1070205\/\" rel=\"attachment wp-att-1982\"><img loading=\"lazy\" decoding=\"async\" class=\"alignright size-thumbnail wp-image-1982\" title=\"P1070205\" src=\"http:\/\/www.mundi-roth.de\/teneriffa-blog\/wp-content\/uploads\/2012\/11\/P1070205-150x112.jpg\" alt=\"\" width=\"150\" height=\"112\" srcset=\"https:\/\/www.mundi-roth.de\/teneriffa-blog\/wp-content\/uploads\/2012\/11\/P1070205-150x112.jpg 150w, https:\/\/www.mundi-roth.de\/teneriffa-blog\/wp-content\/uploads\/2012\/11\/P1070205-300x225.jpg 300w, https:\/\/www.mundi-roth.de\/teneriffa-blog\/wp-content\/uploads\/2012\/11\/P1070205.jpg 600w\" sizes=\"auto, (max-width: 150px) 100vw, 150px\" \/><\/a> H\u00e4user von El Palmar.<br \/>\nWaren wir vergangene Woche so von einem gro\u00dfen Exemplar des Weihnachtssterns begeistert, dann wird <a href=\"http:\/\/www.mundi-roth.de\/teneriffa-blog\/wp-content\/uploads\/2012\/11\/P1070206a.jpg\" rel=\"lightbox[1964]\"><img loading=\"lazy\" decoding=\"async\" class=\"alignleft  wp-image-1983\" title=\"P1070206a\" src=\"http:\/\/www.mundi-roth.de\/teneriffa-blog\/wp-content\/uploads\/2012\/11\/P1070206a-150x98.jpg\" alt=\"\" width=\"150\" height=\"98\" srcset=\"https:\/\/www.mundi-roth.de\/teneriffa-blog\/wp-content\/uploads\/2012\/11\/P1070206a-150x98.jpg 150w, https:\/\/www.mundi-roth.de\/teneriffa-blog\/wp-content\/uploads\/2012\/11\/P1070206a-300x196.jpg 300w, https:\/\/www.mundi-roth.de\/teneriffa-blog\/wp-content\/uploads\/2012\/11\/P1070206a.jpg 600w\" sizes=\"auto, (max-width: 150px) 100vw, 150px\" \/><\/a>dies heute noch von einer kurzen Allee von Weihnachtssternen \u00fcbertroffen.<br \/>\nWir halten uns rechts und kommen an den Kirchplatz,<a href=\"http:\/\/www.mundi-roth.de\/teneriffa-blog\/wp-content\/uploads\/2012\/11\/P1070207.jpg\" rel=\"lightbox[1964]\"><img loading=\"lazy\" decoding=\"async\" class=\"alignright size-thumbnail wp-image-1984\" title=\"P1070207\" src=\"http:\/\/www.mundi-roth.de\/teneriffa-blog\/wp-content\/uploads\/2012\/11\/P1070207-150x112.jpg\" alt=\"\" width=\"150\" height=\"112\" srcset=\"https:\/\/www.mundi-roth.de\/teneriffa-blog\/wp-content\/uploads\/2012\/11\/P1070207-150x112.jpg 150w, https:\/\/www.mundi-roth.de\/teneriffa-blog\/wp-content\/uploads\/2012\/11\/P1070207-300x225.jpg 300w, https:\/\/www.mundi-roth.de\/teneriffa-blog\/wp-content\/uploads\/2012\/11\/P1070207.jpg 600w\" sizes=\"auto, (max-width: 150px) 100vw, 150px\" \/><\/a> studieren die Infotafel, die einen netten Brauch erl\u00e4utert, queren den Platz und \u00fcber die Calle La Cruz gelangen wir rechts gehend\u00a0 auf die TF 436.<\/p>\n<p><em>\u201eF\u00fcr wenige Tage im Jahr \u00e4ndern die Glocken ihre Melodie, denn an diesem Ort hat sich ein alter Brauch bis in unsere heutige Zeit erhalten. Eine Woche vor dem Dorffest im September lassen die Anwohner diese kleine Glocke, begleitet vom rhythmischen Trommelschlag uralter kanarischere Volkst\u00e4nze, wie dem Tajaraste, dem Tango von El Hierro oder del El Corrido, bei Sonnenaufgang und am Abend erklingen. Damit wird an eine Zeit erinnert, als es in den H\u00e4usern noch keine Uhren gab und die Menschen im Morgengrauen mit dem Glockengel\u00e4ut geweckt und daran erinnert wurden, dass sie zur Arbeit m\u00fcssen. Heute geh\u00f6rt dieser Brauch, zusammen mit dem Tanz des Balle e las Libreas, zu den H\u00f6hepunkten des Patronatsfestes.&#8220;<\/em><\/p>\n<p>Es ist jetzt 13.40 Uhr und da\u00a0 wir wissen, dass der Bus 355 nach Masca erst in gut 2 Stunden kommt, der uns dann bis Santiago del Teide und mit dem 460er schlie\u00dflich wieder nach Playas de Las Am\u00e9ricas\u00a0 bringen kann, beschlie\u00dfen wir nach Buenavista weiterzugehen, um dort die schnellere Anbindung \u00fcber Icod de los Vi\u00f1os zu bekommen.<\/p>\n<p>Kurzes Befragen der auf einer Bank sitzenden Einheimischen, wo es lang geht, \u201eimmer weiter runter\u201c, gehen wir an dem rechts liegenden\u00a0 Kinderspielplatz<a href=\"http:\/\/www.mundi-roth.de\/teneriffa-blog\/wp-content\/uploads\/2012\/11\/P1070212.jpg\" rel=\"lightbox[1964]\"><img loading=\"lazy\" decoding=\"async\" class=\"alignright size-thumbnail wp-image-1985\" title=\"P1070212\" src=\"http:\/\/www.mundi-roth.de\/teneriffa-blog\/wp-content\/uploads\/2012\/11\/P1070212-150x112.jpg\" alt=\"\" width=\"150\" height=\"112\" srcset=\"https:\/\/www.mundi-roth.de\/teneriffa-blog\/wp-content\/uploads\/2012\/11\/P1070212-150x112.jpg 150w, https:\/\/www.mundi-roth.de\/teneriffa-blog\/wp-content\/uploads\/2012\/11\/P1070212-300x225.jpg 300w, https:\/\/www.mundi-roth.de\/teneriffa-blog\/wp-content\/uploads\/2012\/11\/P1070212.jpg 600w\" sizes=\"auto, (max-width: 150px) 100vw, 150px\" \/><\/a> und den h\u00fcbschen Skulpturen, die den an der Kirche\u00a0 beschriebenen Brauch nachstellen, vorbei und biegen kurz darauf bei einem Verkehrsschild \u201eEinfahrt verboten\u201c links ab und laufen \u00fcber eine Teerstra\u00dfe direkt auf ein blau gestrichenes Haus zu.<br \/>\nHier links weiter gelangen wir an einen alten Dorf-Waschplatz, auch noch mit Erkl\u00e4rung.<\/p>\n<p><em><a href=\"http:\/\/www.mundi-roth.de\/teneriffa-blog\/wp-content\/uploads\/2012\/11\/P1070214.jpg\" rel=\"lightbox[1964]\"><img loading=\"lazy\" decoding=\"async\" class=\"alignleft size-thumbnail wp-image-1987\" title=\"P1070214\" src=\"http:\/\/www.mundi-roth.de\/teneriffa-blog\/wp-content\/uploads\/2012\/11\/P1070214-150x112.jpg\" alt=\"\" width=\"150\" height=\"112\" srcset=\"https:\/\/www.mundi-roth.de\/teneriffa-blog\/wp-content\/uploads\/2012\/11\/P1070214-150x112.jpg 150w, https:\/\/www.mundi-roth.de\/teneriffa-blog\/wp-content\/uploads\/2012\/11\/P1070214-300x225.jpg 300w, https:\/\/www.mundi-roth.de\/teneriffa-blog\/wp-content\/uploads\/2012\/11\/P1070214.jpg 600w\" sizes=\"auto, (max-width: 150px) 100vw, 150px\" \/><\/a>\u201eDie \u00f6ffentlichen Waschpl\u00e4tze besa\u00dfen auch eine wichtige gesellschaftliche Rolle. Bis zur Anlage der Wasserstolen wurde die W\u00e4sche in T\u00fcmpeln gewaschen, die sich in den Schluchtbetten bei Regenf\u00e4llen bildeten. Diese schwere Arbeit lag ausschlie\u00dflich in den H\u00e4nden der Frauen, die sich aber so abseits ihrer h\u00e4uslichen T\u00e4tigkeiten und Arbeit auf den Feldern zum Gespr\u00e4ch treffen konnten. \u00dcber die Kan\u00e4le hinaus, durch die man das Wasser nach Buenavista leitete, erbaute man 1936 auch solche \u00f6ffentlichen Tr\u00f6ge und Becken, die noch bis Ende der 60er Jahre genutzt wurden. Als dann die H\u00e4user mit flie\u00dfend Wasser versorgt wurden, gerieten sie schnell in Vergessenheit.\u201c<\/em><\/p>\n<p>Nach einigen Biegungen haben wir nun stets Buenavista und das Meer vor unseren Augen und es geht an sch\u00f6nen Finkas auf der Teerstra\u00dfe steil abw\u00e4rts. <a href=\"http:\/\/www.mundi-roth.de\/teneriffa-blog\/wp-content\/uploads\/2012\/11\/P1070218a.jpg\" rel=\"lightbox[1964]\"><img loading=\"lazy\" decoding=\"async\" class=\"alignleft size-thumbnail wp-image-1988\" title=\"P1070218a\" src=\"http:\/\/www.mundi-roth.de\/teneriffa-blog\/wp-content\/uploads\/2012\/11\/P1070218a-144x150.jpg\" alt=\"\" width=\"144\" height=\"150\" srcset=\"https:\/\/www.mundi-roth.de\/teneriffa-blog\/wp-content\/uploads\/2012\/11\/P1070218a-144x150.jpg 144w, https:\/\/www.mundi-roth.de\/teneriffa-blog\/wp-content\/uploads\/2012\/11\/P1070218a-289x300.jpg 289w, https:\/\/www.mundi-roth.de\/teneriffa-blog\/wp-content\/uploads\/2012\/11\/P1070218a.jpg 578w\" sizes=\"auto, (max-width: 144px) 100vw, 144px\" \/><\/a>Von einem zum anderen Haus bellen uns die Hunde an.<br \/>\nAn einem Casa rural Tenerife vorbei gelangen wir auf die TF 436 folgen dieser ein kurzes St\u00fcck, um bei dem wei\u00dfen Haus links auf einen der alten Handelswege \u2013 camino real \u2013 kennzeichnend durch seine Pflasterung mit den dicken, unregelm\u00e4\u00dfigen Steinen, steil weiter bergab zu wandern.<\/p>\n<p>Wie von J\u00fcrgen vorhergesagt, queren wir wieder die TF 436, und nun bei km 3 verlassen wir das Naturschutzgebiet und die Fortsetzung des wenig kniefreundlichen Weges ist unmittelbar gegen\u00fcber.<\/p>\n<p>Noch eine Querung und hier Achtung: nicht von dem rechts liegenden gro\u00dfen Ziegengehege vom Gemeckere und Gebimmele ablenken lassen sondern direkt gegen\u00fcber wieder in den Abstieg einsteigen.<\/p>\n<p>Bei einem Wasserbecken und einer Reklametafel der Telecr\u00e9dito nochmal die TF 436 queren und der camino real ist immer noch gut erhalten.<\/p>\n<p>Die letzte Querung erfolgt im Barrio de la Cuesta und kurz unterhalb des Ortsausgangschildes von Buenavista . Nun geht es auf einer Teerstra\u00dfe \u2013 Halleluja \u2013 an Wasserbecken, Fincas, Orangen- und Bananenplantagen vorbei in den Ort.<\/p>\n<p>50 Minuten haben wir von El Palmar nach Buenavista gebraucht.<br \/>\nWir kommen an der Avenida Juan Med\u00e9z \u201eEl Viejo\u201caus, folgen dieser rechts und nach kurzem Fragen nach der Bushaltestelle werden wir die n\u00e4chste Stra\u00dfe links geschickt und schon sehen wir den Busbahnhof.<\/p>\n<p>Wieder kurze Frage, wann die n\u00e4chste M\u00f6glichkeit besteht,\u00a0 nach Icod de Los Vi\u00f1os zu kommen, nimmt uns der Busfahrer gleich zu seiner Linie\u00a0 107 mit, die in 5 Minuten, um 14:45 Uhr, losgeht.<br \/>\nAuf der einen Seite prima, keine Wartezeit, auf der anderen Seite schade, dass wir keine Zeit mehr haben, uns Buenavista nochmal n\u00e4her anzusehen und einen Caf\u00e9 zu trinken.<br \/>\nIn 20 Minunten sind wir in Icod de Los Vi\u00f1os und nun haben wir von 15:05 Uhr bis 16 Uhr Zeit.<br \/>\nDie dem Busbahnhof angegliederte Bar gef\u00e4llt uns nicht, kalt und ungem\u00fctlich, so gehen wir ein paar Schritte weiter runter und bei der Bar \u201eTeidrago\u201c sagen wir \u201eja\u201c. Milchcaff\u00e9 und ein Teilchen, dann noch ein Probiergl\u00e4schen f\u00fcr uns Zwei vom roten und wei\u00dfen Wein, da eine Bodega dazugeh\u00f6rt, so verk\u00fcrzen wir uns die Wartezeit und um 16 Uhr geht es dann mit vorerst nur 5 Personen im gro\u00dfen Bus\u00a0 in 1 Stunde 45 Minuten zur\u00fcck zum Busbahnhof in Playas de las Amer\u00edcas.<\/p>\n<p><strong>Fazit:<\/strong><br \/>\nWeitgehend \u2013 im ersten Teil \u2013 gleich einem Spazierweg, dann Strecken, wie wir sie lieben \u00fcber Stock und Stein, dann weniger kniefreundlich der camino real in einer phantastischen Landschaft.<br \/>\nAber, es sei nicht verschwiegen, es gibt sch\u00f6nere Touren obwohl wir uns im ber\u00fchmten Lorbeerwald befinden!<\/p>\n<p><strong>Anfahrt:<\/strong><br \/>\nMit dem Bus Linie 460 um 9:35 Uhr vom Busbahnhof\u00a0 Playas de las Am\u00e9ricas in 1 Stunde 15 Minuten bis Erjos, Dorfplatz<\/p>\n<p><strong>R\u00fcckfahrt:<\/strong><br \/>\nWie wir es gemacht haben:<br \/>\n14:45 Uhr Linie 107 von Buenavista bis Icod de los Vi\u00f1os<br \/>\n16:00 Uhr Linie 460 Icod de los Vi\u00f1os \u2013 Playas de las Am\u00e9ricas, Ankunft 17:45 Uhr<\/p>\n<p><strong>Etwas zum Schmunzeln:<\/strong><a href=\"http:\/\/www.mundi-roth.de\/teneriffa-blog\/wp-content\/uploads\/2012\/11\/P1070223a.jpg\" rel=\"lightbox[1964]\"><img loading=\"lazy\" decoding=\"async\" class=\"alignright size-thumbnail wp-image-1989\" title=\"P1070223a\" src=\"http:\/\/www.mundi-roth.de\/teneriffa-blog\/wp-content\/uploads\/2012\/11\/P1070223a-114x150.jpg\" alt=\"\" width=\"114\" height=\"150\" srcset=\"https:\/\/www.mundi-roth.de\/teneriffa-blog\/wp-content\/uploads\/2012\/11\/P1070223a-114x150.jpg 114w, https:\/\/www.mundi-roth.de\/teneriffa-blog\/wp-content\/uploads\/2012\/11\/P1070223a-228x300.jpg 228w, https:\/\/www.mundi-roth.de\/teneriffa-blog\/wp-content\/uploads\/2012\/11\/P1070223a.jpg 456w\" sizes=\"auto, (max-width: 114px) 100vw, 114px\" \/><\/a><br \/>\nIm oberen Teil von Buenavista wurde ganz offensichtlich die Stra\u00dfe verbreitet und mit neuen Stra\u00dfenlaternen ausgestattet.<br \/>\nUnd was sehen wir ?<br \/>\nMitten in der Stra\u00dfe steht eine Stra\u00dfenlaterne der alten Stra\u00dfe.<br \/>\nAllerdings \u2013 zugegeben\u00a0 &#8211; gut gesichert.<\/p>\n","protected":false},"excerpt":{"rendered":"<p>Mit einer Wandergruppe gingen wir fr\u00fcher h\u00e4ufig von Erjos \u00fcber einen Forstweg ein St\u00fcck im Lorbeerwald, rasteten und kehrten auf demselben Weg zu unseren Wagen zur\u00fcck. Elisabeth und ich haben uns schon l\u00e4nger vorgenommen, doch einmal zu erkunden, wo der Forstweg schlussendlich hinf\u00fchrt. Heute ist es also so weit. Wanderwegstrecke: 3 Stunden 50 Minuten, 12,59 [&hellip;]<\/p>\n","protected":false},"author":4,"featured_media":0,"comment_status":"open","ping_status":"open","sticky":false,"template":"","format":"standard","meta":{"footnotes":""},"categories":[778,6],"tags":[],"class_list":["post-1964","post","type-post","status-publish","format-standard","hentry","category-teno-gebirge","category-wanderungen"],"yoast_head":"<!-- This site is optimized with the Yoast SEO plugin v27.5 - https:\/\/yoast.com\/product\/yoast-seo-wordpress\/ -->\n<title>Erjos \u2013 El Palmar \u2013 Buenavista - Teneriffa Wandern<\/title>\n<meta name=\"robots\" content=\"index, follow, max-snippet:-1, max-image-preview:large, max-video-preview:-1\" \/>\n<link rel=\"canonical\" href=\"https:\/\/www.mundi-roth.de\/teneriffa-blog\/wanderungen\/erjos-el-palmar-buenavista\/\" \/>\n<meta name=\"twitter:label1\" content=\"Verfasst von\" \/>\n\t<meta name=\"twitter:data1\" content=\"mundi\" \/>\n\t<meta name=\"twitter:label2\" content=\"Gesch\u00e4tzte Lesezeit\" \/>\n\t<meta name=\"twitter:data2\" content=\"10\u00a0Minuten\" \/>\n<script type=\"application\/ld+json\" class=\"yoast-schema-graph\">{\"@context\":\"https:\\\/\\\/schema.org\",\"@graph\":[{\"@type\":\"Article\",\"@id\":\"https:\\\/\\\/www.mundi-roth.de\\\/teneriffa-blog\\\/wanderungen\\\/erjos-el-palmar-buenavista\\\/#article\",\"isPartOf\":{\"@id\":\"https:\\\/\\\/www.mundi-roth.de\\\/teneriffa-blog\\\/wanderungen\\\/erjos-el-palmar-buenavista\\\/\"},\"author\":{\"name\":\"mundi\",\"@id\":\"https:\\\/\\\/www.mundi-roth.de\\\/teneriffa-blog\\\/#\\\/schema\\\/person\\\/971c66b55f3ae5e8741553688c413cac\"},\"headline\":\"Erjos \u2013 El Palmar \u2013 Buenavista\",\"datePublished\":\"2012-11-21T21:00:50+00:00\",\"dateModified\":\"2015-04-09T13:52:09+00:00\",\"mainEntityOfPage\":{\"@id\":\"https:\\\/\\\/www.mundi-roth.de\\\/teneriffa-blog\\\/wanderungen\\\/erjos-el-palmar-buenavista\\\/\"},\"wordCount\":2047,\"commentCount\":1,\"image\":{\"@id\":\"https:\\\/\\\/www.mundi-roth.de\\\/teneriffa-blog\\\/wanderungen\\\/erjos-el-palmar-buenavista\\\/#primaryimage\"},\"thumbnailUrl\":\"http:\\\/\\\/www.mundi-roth.de\\\/teneriffa-blog\\\/wp-content\\\/uploads\\\/2012\\\/11\\\/Track2a-150x102.jpg\",\"articleSection\":[\"Teno-Gebirge\",\"Wanderungen\"],\"inLanguage\":\"de\",\"potentialAction\":[{\"@type\":\"CommentAction\",\"name\":\"Comment\",\"target\":[\"https:\\\/\\\/www.mundi-roth.de\\\/teneriffa-blog\\\/wanderungen\\\/erjos-el-palmar-buenavista\\\/#respond\"]}]},{\"@type\":\"WebPage\",\"@id\":\"https:\\\/\\\/www.mundi-roth.de\\\/teneriffa-blog\\\/wanderungen\\\/erjos-el-palmar-buenavista\\\/\",\"url\":\"https:\\\/\\\/www.mundi-roth.de\\\/teneriffa-blog\\\/wanderungen\\\/erjos-el-palmar-buenavista\\\/\",\"name\":\"Erjos \u2013 El Palmar \u2013 Buenavista - Teneriffa Wandern\",\"isPartOf\":{\"@id\":\"https:\\\/\\\/www.mundi-roth.de\\\/teneriffa-blog\\\/#website\"},\"primaryImageOfPage\":{\"@id\":\"https:\\\/\\\/www.mundi-roth.de\\\/teneriffa-blog\\\/wanderungen\\\/erjos-el-palmar-buenavista\\\/#primaryimage\"},\"image\":{\"@id\":\"https:\\\/\\\/www.mundi-roth.de\\\/teneriffa-blog\\\/wanderungen\\\/erjos-el-palmar-buenavista\\\/#primaryimage\"},\"thumbnailUrl\":\"http:\\\/\\\/www.mundi-roth.de\\\/teneriffa-blog\\\/wp-content\\\/uploads\\\/2012\\\/11\\\/Track2a-150x102.jpg\",\"datePublished\":\"2012-11-21T21:00:50+00:00\",\"dateModified\":\"2015-04-09T13:52:09+00:00\",\"author\":{\"@id\":\"https:\\\/\\\/www.mundi-roth.de\\\/teneriffa-blog\\\/#\\\/schema\\\/person\\\/971c66b55f3ae5e8741553688c413cac\"},\"breadcrumb\":{\"@id\":\"https:\\\/\\\/www.mundi-roth.de\\\/teneriffa-blog\\\/wanderungen\\\/erjos-el-palmar-buenavista\\\/#breadcrumb\"},\"inLanguage\":\"de\",\"potentialAction\":[{\"@type\":\"ReadAction\",\"target\":[\"https:\\\/\\\/www.mundi-roth.de\\\/teneriffa-blog\\\/wanderungen\\\/erjos-el-palmar-buenavista\\\/\"]}]},{\"@type\":\"ImageObject\",\"inLanguage\":\"de\",\"@id\":\"https:\\\/\\\/www.mundi-roth.de\\\/teneriffa-blog\\\/wanderungen\\\/erjos-el-palmar-buenavista\\\/#primaryimage\",\"url\":\"https:\\\/\\\/www.mundi-roth.de\\\/teneriffa-blog\\\/wp-content\\\/uploads\\\/2012\\\/11\\\/Track2a.jpg\",\"contentUrl\":\"https:\\\/\\\/www.mundi-roth.de\\\/teneriffa-blog\\\/wp-content\\\/uploads\\\/2012\\\/11\\\/Track2a.jpg\",\"width\":\"569\",\"height\":\"390\"},{\"@type\":\"BreadcrumbList\",\"@id\":\"https:\\\/\\\/www.mundi-roth.de\\\/teneriffa-blog\\\/wanderungen\\\/erjos-el-palmar-buenavista\\\/#breadcrumb\",\"itemListElement\":[{\"@type\":\"ListItem\",\"position\":1,\"name\":\"Startseite\",\"item\":\"https:\\\/\\\/www.mundi-roth.de\\\/teneriffa-blog\\\/\"},{\"@type\":\"ListItem\",\"position\":2,\"name\":\"Erjos \u2013 El Palmar \u2013 Buenavista\"}]},{\"@type\":\"WebSite\",\"@id\":\"https:\\\/\\\/www.mundi-roth.de\\\/teneriffa-blog\\\/#website\",\"url\":\"https:\\\/\\\/www.mundi-roth.de\\\/teneriffa-blog\\\/\",\"name\":\"Teneriffa Wandern\",\"description\":\"Nicht nur Wanderungen auf Teneriffa...\",\"potentialAction\":[{\"@type\":\"SearchAction\",\"target\":{\"@type\":\"EntryPoint\",\"urlTemplate\":\"https:\\\/\\\/www.mundi-roth.de\\\/teneriffa-blog\\\/?s={search_term_string}\"},\"query-input\":{\"@type\":\"PropertyValueSpecification\",\"valueRequired\":true,\"valueName\":\"search_term_string\"}}],\"inLanguage\":\"de\"},{\"@type\":\"Person\",\"@id\":\"https:\\\/\\\/www.mundi-roth.de\\\/teneriffa-blog\\\/#\\\/schema\\\/person\\\/971c66b55f3ae5e8741553688c413cac\",\"name\":\"mundi\",\"image\":{\"@type\":\"ImageObject\",\"inLanguage\":\"de\",\"@id\":\"https:\\\/\\\/secure.gravatar.com\\\/avatar\\\/555f0dd85428f1a9330f8e5dbe9e40ff9ca912bb81e5a89747ebf3ca9c20dc0f?s=96&d=mm&r=g\",\"url\":\"https:\\\/\\\/secure.gravatar.com\\\/avatar\\\/555f0dd85428f1a9330f8e5dbe9e40ff9ca912bb81e5a89747ebf3ca9c20dc0f?s=96&d=mm&r=g\",\"contentUrl\":\"https:\\\/\\\/secure.gravatar.com\\\/avatar\\\/555f0dd85428f1a9330f8e5dbe9e40ff9ca912bb81e5a89747ebf3ca9c20dc0f?s=96&d=mm&r=g\",\"caption\":\"mundi\"},\"sameAs\":[\"http:\\\/\\\/mundi-roth.de\"],\"url\":\"https:\\\/\\\/www.mundi-roth.de\\\/teneriffa-blog\\\/author\\\/mundi\\\/\"}]}<\/script>\n<!-- \/ Yoast SEO plugin. -->","yoast_head_json":{"title":"Erjos \u2013 El Palmar \u2013 Buenavista - Teneriffa Wandern","robots":{"index":"index","follow":"follow","max-snippet":"max-snippet:-1","max-image-preview":"max-image-preview:large","max-video-preview":"max-video-preview:-1"},"canonical":"https:\/\/www.mundi-roth.de\/teneriffa-blog\/wanderungen\/erjos-el-palmar-buenavista\/","twitter_misc":{"Verfasst von":"mundi","Gesch\u00e4tzte Lesezeit":"10\u00a0Minuten"},"schema":{"@context":"https:\/\/schema.org","@graph":[{"@type":"Article","@id":"https:\/\/www.mundi-roth.de\/teneriffa-blog\/wanderungen\/erjos-el-palmar-buenavista\/#article","isPartOf":{"@id":"https:\/\/www.mundi-roth.de\/teneriffa-blog\/wanderungen\/erjos-el-palmar-buenavista\/"},"author":{"name":"mundi","@id":"https:\/\/www.mundi-roth.de\/teneriffa-blog\/#\/schema\/person\/971c66b55f3ae5e8741553688c413cac"},"headline":"Erjos \u2013 El Palmar \u2013 Buenavista","datePublished":"2012-11-21T21:00:50+00:00","dateModified":"2015-04-09T13:52:09+00:00","mainEntityOfPage":{"@id":"https:\/\/www.mundi-roth.de\/teneriffa-blog\/wanderungen\/erjos-el-palmar-buenavista\/"},"wordCount":2047,"commentCount":1,"image":{"@id":"https:\/\/www.mundi-roth.de\/teneriffa-blog\/wanderungen\/erjos-el-palmar-buenavista\/#primaryimage"},"thumbnailUrl":"http:\/\/www.mundi-roth.de\/teneriffa-blog\/wp-content\/uploads\/2012\/11\/Track2a-150x102.jpg","articleSection":["Teno-Gebirge","Wanderungen"],"inLanguage":"de","potentialAction":[{"@type":"CommentAction","name":"Comment","target":["https:\/\/www.mundi-roth.de\/teneriffa-blog\/wanderungen\/erjos-el-palmar-buenavista\/#respond"]}]},{"@type":"WebPage","@id":"https:\/\/www.mundi-roth.de\/teneriffa-blog\/wanderungen\/erjos-el-palmar-buenavista\/","url":"https:\/\/www.mundi-roth.de\/teneriffa-blog\/wanderungen\/erjos-el-palmar-buenavista\/","name":"Erjos \u2013 El Palmar \u2013 Buenavista - Teneriffa Wandern","isPartOf":{"@id":"https:\/\/www.mundi-roth.de\/teneriffa-blog\/#website"},"primaryImageOfPage":{"@id":"https:\/\/www.mundi-roth.de\/teneriffa-blog\/wanderungen\/erjos-el-palmar-buenavista\/#primaryimage"},"image":{"@id":"https:\/\/www.mundi-roth.de\/teneriffa-blog\/wanderungen\/erjos-el-palmar-buenavista\/#primaryimage"},"thumbnailUrl":"http:\/\/www.mundi-roth.de\/teneriffa-blog\/wp-content\/uploads\/2012\/11\/Track2a-150x102.jpg","datePublished":"2012-11-21T21:00:50+00:00","dateModified":"2015-04-09T13:52:09+00:00","author":{"@id":"https:\/\/www.mundi-roth.de\/teneriffa-blog\/#\/schema\/person\/971c66b55f3ae5e8741553688c413cac"},"breadcrumb":{"@id":"https:\/\/www.mundi-roth.de\/teneriffa-blog\/wanderungen\/erjos-el-palmar-buenavista\/#breadcrumb"},"inLanguage":"de","potentialAction":[{"@type":"ReadAction","target":["https:\/\/www.mundi-roth.de\/teneriffa-blog\/wanderungen\/erjos-el-palmar-buenavista\/"]}]},{"@type":"ImageObject","inLanguage":"de","@id":"https:\/\/www.mundi-roth.de\/teneriffa-blog\/wanderungen\/erjos-el-palmar-buenavista\/#primaryimage","url":"https:\/\/www.mundi-roth.de\/teneriffa-blog\/wp-content\/uploads\/2012\/11\/Track2a.jpg","contentUrl":"https:\/\/www.mundi-roth.de\/teneriffa-blog\/wp-content\/uploads\/2012\/11\/Track2a.jpg","width":"569","height":"390"},{"@type":"BreadcrumbList","@id":"https:\/\/www.mundi-roth.de\/teneriffa-blog\/wanderungen\/erjos-el-palmar-buenavista\/#breadcrumb","itemListElement":[{"@type":"ListItem","position":1,"name":"Startseite","item":"https:\/\/www.mundi-roth.de\/teneriffa-blog\/"},{"@type":"ListItem","position":2,"name":"Erjos \u2013 El Palmar \u2013 Buenavista"}]},{"@type":"WebSite","@id":"https:\/\/www.mundi-roth.de\/teneriffa-blog\/#website","url":"https:\/\/www.mundi-roth.de\/teneriffa-blog\/","name":"Teneriffa Wandern","description":"Nicht nur Wanderungen auf Teneriffa...","potentialAction":[{"@type":"SearchAction","target":{"@type":"EntryPoint","urlTemplate":"https:\/\/www.mundi-roth.de\/teneriffa-blog\/?s={search_term_string}"},"query-input":{"@type":"PropertyValueSpecification","valueRequired":true,"valueName":"search_term_string"}}],"inLanguage":"de"},{"@type":"Person","@id":"https:\/\/www.mundi-roth.de\/teneriffa-blog\/#\/schema\/person\/971c66b55f3ae5e8741553688c413cac","name":"mundi","image":{"@type":"ImageObject","inLanguage":"de","@id":"https:\/\/secure.gravatar.com\/avatar\/555f0dd85428f1a9330f8e5dbe9e40ff9ca912bb81e5a89747ebf3ca9c20dc0f?s=96&d=mm&r=g","url":"https:\/\/secure.gravatar.com\/avatar\/555f0dd85428f1a9330f8e5dbe9e40ff9ca912bb81e5a89747ebf3ca9c20dc0f?s=96&d=mm&r=g","contentUrl":"https:\/\/secure.gravatar.com\/avatar\/555f0dd85428f1a9330f8e5dbe9e40ff9ca912bb81e5a89747ebf3ca9c20dc0f?s=96&d=mm&r=g","caption":"mundi"},"sameAs":["http:\/\/mundi-roth.de"],"url":"https:\/\/www.mundi-roth.de\/teneriffa-blog\/author\/mundi\/"}]}},"_links":{"self":[{"href":"https:\/\/www.mundi-roth.de\/teneriffa-blog\/wp-json\/wp\/v2\/posts\/1964","targetHints":{"allow":["GET"]}}],"collection":[{"href":"https:\/\/www.mundi-roth.de\/teneriffa-blog\/wp-json\/wp\/v2\/posts"}],"about":[{"href":"https:\/\/www.mundi-roth.de\/teneriffa-blog\/wp-json\/wp\/v2\/types\/post"}],"author":[{"embeddable":true,"href":"https:\/\/www.mundi-roth.de\/teneriffa-blog\/wp-json\/wp\/v2\/users\/4"}],"replies":[{"embeddable":true,"href":"https:\/\/www.mundi-roth.de\/teneriffa-blog\/wp-json\/wp\/v2\/comments?post=1964"}],"version-history":[{"count":0,"href":"https:\/\/www.mundi-roth.de\/teneriffa-blog\/wp-json\/wp\/v2\/posts\/1964\/revisions"}],"wp:attachment":[{"href":"https:\/\/www.mundi-roth.de\/teneriffa-blog\/wp-json\/wp\/v2\/media?parent=1964"}],"wp:term":[{"taxonomy":"category","embeddable":true,"href":"https:\/\/www.mundi-roth.de\/teneriffa-blog\/wp-json\/wp\/v2\/categories?post=1964"},{"taxonomy":"post_tag","embeddable":true,"href":"https:\/\/www.mundi-roth.de\/teneriffa-blog\/wp-json\/wp\/v2\/tags?post=1964"}],"curies":[{"name":"wp","href":"https:\/\/api.w.org\/{rel}","templated":true}]}}