{"id":198,"date":"2008-01-30T20:00:34","date_gmt":"2008-01-30T19:00:34","guid":{"rendered":"http:\/\/www.mundi-roth.de\/teneriffa-blog\/wanderungen\/camino-real-%e2%80%93-la-medida-%e2%80%93-guimar\/"},"modified":"2015-04-12T11:54:28","modified_gmt":"2015-04-12T10:54:28","slug":"camino-real-%e2%80%93-la-medida-%e2%80%93-guimar","status":"publish","type":"post","link":"https:\/\/www.mundi-roth.de\/teneriffa-blog\/wanderungen\/camino-real-%e2%80%93-la-medida-%e2%80%93-guimar\/","title":{"rendered":"Camino Real \u2013 La Medida \u2013 G\u00fc\u00edmar"},"content":{"rendered":"<p><strong>Eine Wanderung, die uns durch landwirtschaftliche Gebiete f\u00fchrt &#8211; mit sch\u00f6nen Ausblicken und einem rasanten Abstieg nach G\u00fc\u00edmar. Also nur f\u00fcr Wanderer ohne gro\u00dfe Knieprobleme.<\/strong><\/p>\n<p><!--more--><br \/>\n<strong>Wanderwegstrecke:<\/strong> 2 Stunden<br \/>\n<a title=\"wroutey.jpg\" href=\"http:\/\/www.mundi-roth.de\/teneriffa-blog\/wp-content\/uploads\/2008\/02\/wroutey.jpg\" rel=\"lightbox[198]\"><img loading=\"lazy\" decoding=\"async\" src=\"http:\/\/www.mundi-roth.de\/teneriffa-blog\/wp-content\/uploads\/2008\/02\/wroutey.thumbnail.jpg\" alt=\"wroutey.jpg\" width=\"80\" height=\"120\" align=\"right\" border=\"0\" hspace=\"3\" vspace=\"3\" \/><\/a>Bei der Bushaltestelle gibt es gen\u00fcgend Parkm\u00f6glichkeiten. Auf der gegen\u00fcberliegenden Stra\u00dfenseite sehen wir eine gemauerte Wasserleitung auf Stelzen.<br \/>\nWir gehen einige Schritte zur\u00fcck und folgen dem Hinweisschild \u201eCamino Real\u201c vor dem wei\u00dfen Haus. Nach wenigen Metern gelangen wir an das ockerfarben gestrichene Haus mit blauem Garagentor \u201eCamino La Monta\u00f1a\u201c. Hier haben wir am 5. Dezember 2007 unseren letzten Abschnitt des \u201eCamino Real \u2013 El Salto\u201c beendet.<br \/>\nWir wenden uns nach links, den Hang hinunter, an Gem\u00fcseterrassen vorbei, steigen <a title=\"sany5399.jpg\" href=\"http:\/\/www.mundi-roth.de\/teneriffa-blog\/wp-content\/uploads\/2008\/01\/sany5399.jpg\" rel=\"lightbox[198]\"><img loading=\"lazy\" decoding=\"async\" src=\"http:\/\/www.mundi-roth.de\/teneriffa-blog\/wp-content\/uploads\/2008\/01\/sany5399.thumbnail.jpg\" alt=\"sany5399.jpg\" width=\"96\" height=\"128\" align=\"left\" border=\"0\" hspace=\"3\" vspace=\"3\" \/><\/a>wieder auf, oberhalb des Verkehrszeichens \u201eEinfahrt-Verboten\u201c folgen wir dem n\u00e4chsten Hinweisschild \u201eCamino Real\u201c, gehen an der Mauer eines Wasserbeckens vorbei und gelangen nach kurzer Zeit auf eine asphaltierte Stra\u00dfe. \u00dcberqueren diese und einige Meter links unterhalb sehen wir das <a title=\"sany5403.jpg\" href=\"http:\/\/www.mundi-roth.de\/teneriffa-blog\/wp-content\/uploads\/2008\/01\/sany5403.jpg\" rel=\"lightbox[198]\"><img loading=\"lazy\" decoding=\"async\" src=\"http:\/\/www.mundi-roth.de\/teneriffa-blog\/wp-content\/uploads\/2008\/01\/sany5403.thumbnail.jpg\" alt=\"sany5403.jpg\" width=\"128\" height=\"96\" align=\"right\" border=\"0\" hspace=\"3\" vspace=\"3\" \/><\/a>n\u00e4chste Hinweisschild \u201eCamino Real &#8211; Ladera G\u00fc\u00edmar\u201c. Wir folgen dem Weg bis zum n\u00e4chsten Hinweisschild und kommen dicht unterhalb der TF 28 vorbei. Der Pfad schl\u00e4ngelt sich zwischen Kanaren-Ampfer-Str\u00e4uchern. Ein leeres Wasserbecken lassen wir rechts liegen und gehen den schmalen Pfad, gr\u00fcn eingerahmt, entlang.<br \/>\nWir gelangen an einige H\u00e4user und m\u00fcssen uns an dieser Stelle sagen lassen, dass der Camino Real hier erstmal zu Ende ist aber nach ca. 3 km weitergef\u00fchrt wird.<br \/>\n<a title=\"sany5406.jpg\" href=\"http:\/\/www.mundi-roth.de\/teneriffa-blog\/wp-content\/uploads\/2008\/01\/sany5406.jpg\" rel=\"lightbox[198]\"><img loading=\"lazy\" decoding=\"async\" src=\"http:\/\/www.mundi-roth.de\/teneriffa-blog\/wp-content\/uploads\/2008\/01\/sany5406.thumbnail.jpg\" alt=\"sany5406.jpg\" width=\"96\" height=\"128\" align=\"left\" border=\"0\" hspace=\"3\" vspace=\"3\" \/><\/a> Wir gehen also auf der TF-28 rechts, Richtung \u201eG\u00fc\u00edmar\u201c. Zum Gl\u00fcck m\u00fcssen wir nur einen Kilometer auf der TF-28 gehen und nach 10 Minuten sehen wir kurz vor dem Km-Stein 30 den Hinweis \u201eLadera de G\u00fc\u00edmar\u201c und links steigt der Pfad auf.<br \/>\nEin kurzer, steiler Aufstieg und wir gelangen wieder auf eine Asphaltstra\u00dfe<a title=\"sany5410.jpg\" href=\"http:\/\/www.mundi-roth.de\/teneriffa-blog\/wp-content\/uploads\/2008\/01\/sany5410.jpg\" rel=\"lightbox[198]\"><img loading=\"lazy\" decoding=\"async\" src=\"http:\/\/www.mundi-roth.de\/teneriffa-blog\/wp-content\/uploads\/2008\/01\/sany5410.thumbnail.jpg\" alt=\"sany5410.jpg\" width=\"128\" height=\"96\" align=\"right\" border=\"0\" hspace=\"3\" vspace=\"3\" \/><\/a> auf einem H\u00f6henr\u00fccken mit tollem Blick nach Gran Canaria, zum Anaga-Gebirge, auf den Talkessel von G\u00fc\u00edmar und weit oben das Observatorium. Wenige Schritte unterhalb sehen wir das n\u00e4chste Hinweisschild und wir biegen links ab. Der Pfad schl\u00e4ngelt sich durch Gr\u00fcn, wie in einem Park, und wir bekommen durch das offizielle Schild best\u00e4tigt, dass wir uns in einem Landschaftsschutzgebiet. befinden.<br \/>\n<a title=\"sany5408a.jpg\" href=\"http:\/\/www.mundi-roth.de\/teneriffa-blog\/wp-content\/uploads\/2008\/01\/sany5408a.jpg\" rel=\"lightbox[198]\"><img loading=\"lazy\" decoding=\"async\" src=\"http:\/\/www.mundi-roth.de\/teneriffa-blog\/wp-content\/uploads\/2008\/01\/sany5408a.thumbnail.jpg\" alt=\"sany5408a.jpg\" width=\"96\" height=\"96\" align=\"left\" border=\"0\" hspace=\"3\" vspace=\"3\" \/><\/a> Durch eine Tafel werden wir auf die Besonderheit dieser Region aufmerksam gemacht. Der Weg f\u00fchrt uns an eine Abbruchkante mit gro\u00dfartigem Blick auf G\u00fc\u00edmar.<br \/>\nBis hierher sind wir eine Stunde gegangen und hier trennen sich wieder die Wege unserer Wandergruppe.<br \/>\nEinige gehen zu dem geparkten Wagen zur\u00fcck und die anderen machen sich auf den sehr steilen, gepflasterten Abstieg auf dem alten Camino Real, der uns viel Achtung vor der Arbeit abn\u00f6tigt, die aufgewandt werden mu\u00dfte, um diese Wege zu bauen.<br \/>\nWir \u00fcberqueren die TF 28, halten uns links und nach wenigen Metern geht rechts &#8211; durch einen Mauer-Durchlass &#8211; der Weg weiter steil nach unten und verlassen hier unten wieder nach ca. halbst\u00fcndigem Abstieg das Landschaftsschutzgebiet.<br \/>\nLeider sind wir nun wieder in der Zivilation angekommen und folgen geradeaus der asphaltierten Stra\u00dfe, vorbei an dem Geb\u00e4ude einer H\u00e4hnchen-Kafighaltung: Taschentuch vor die Nase! Der Weg geht links bergauf, f\u00fchrt uns an der dunkelrosa? gestrichenen Villa Casa Pedro, Haus Nr. 53, vorbei und kurz oberhalb k\u00f6nnen wir an einer Hauswand lesen \u201eCamino Real\u201c. Wir haben ihn wieder! Auf der Avenida Pedro Guerra Cabrera gelangen wir an den Barranco, gehen an diesem entlang und kommen an eine breite Treppe, die uns direkt wieder auf die TF 28 f\u00fchrt. \u00dcberqueren auf der Br\u00fccke den Barranco und befinden uns am Ortseingang G\u00fc\u00edmar.<\/p>\n<p>Bis hierher waren es genau 2 Stunden zu wandern.<\/p>\n<p>Bei einem kurzen Besuch im Tourist-B\u00fcro werden wir \u00e4u\u00dferst freundlich \u00fcber den weiteren Verlauf des Weges, der nunmehr als \u201eCamino de la Virgen\u201c bis Candelaria weitergef\u00fchrt wird, informiert. Hier erhalten wir auch die Empfehlung f\u00fcr Restaurants.<\/p>\n<p><strong>Botanik: <\/strong><br \/>\nKanaren-Wolfsmilch, Kandelaber-Wolfsmilch (Euphorbia canariensis) \u201eCard\u00f3n\u201c<br \/>\nAn den H\u00e4ngen sehen wir die eindrucksvollen Exemplare der Kanaren-Wolfsmilch, der \u201eKaktus\u201c, der eine Wolfsmilch ist.<br \/>\n<a title=\"p1010215.jpg\" href=\"http:\/\/www.mundi-roth.de\/teneriffa-blog\/wp-content\/uploads\/2008\/01\/p1010215.jpg\" rel=\"lightbox[198]\"><img loading=\"lazy\" decoding=\"async\" src=\"http:\/\/www.mundi-roth.de\/teneriffa-blog\/wp-content\/uploads\/2008\/01\/p1010215.thumbnail.jpg\" alt=\"p1010215.jpg\" width=\"128\" height=\"96\" align=\"right\" border=\"0\" hspace=\"3\" vspace=\"3\" \/><\/a> Die Euphorbia canariensis besetzt Ebenen genauso wie steile, oft felsige H\u00e4nge. Stattliche Kandelabers\u00e4ulen leuchten in hellem Graugr\u00fcn von den h\u00f6chsten, unerreichbaren Felsh\u00e4ngen herab, ein Wahrzeichen der Tiefenstufe.<br \/>\nZweifellos ist der Card\u00f3n, wie die Pflanze von den Tinerfe\u00f1os genannt wird, das eindrucksvollste und \u00fcberall gegenw\u00e4rtige Gew\u00e4chs der Basalzone. Dort kommt sie kaum \u00fcber eine H\u00f6he von 800 m hinaus vor.<br \/>\nBei der Verletzung der Pflanze tritt Milchsaft aus, der auch den Nichtbotaniker davon \u00fcberzeugt, dass er es mit einer Wolfsmilchart in Kakteentracht zu tun hat. Vorsicht: Der Milchsaft gilt als besonders giftig. Vorsicht bei Verletzung durch die Dornen!<br \/>\nAus einem Stamm entspringen zahlreiche Nebentriebe, die in weitem Bogen aufsteigen und der Pflanze ein kandelaberartiges Aussehen geben. Es entwickeln sich oft B\u00fcsche riesigen Ausma\u00dfes.<br \/>\n\u201cGro\u00dfe Exemplare hemmen an ihrer Wuchsstelle die Bodenerosion wirkungsvoll und bieten einem gro\u00dfen Teil weiterer Wildpflanzenarten Schutz vor Ziegenfra\u00df. Diese Pflanzengesellschaften bieten auch vielen Kleintieren Schutz und Unterkunft und sind daher f\u00fcr die wildlebende Fauna von gro\u00dfer Bedeutung.\u201c (V. Voggenreiter 1985)<\/p>\n<p>Eine Kuriosit\u00e4t: Fr\u00fcher verwandten die Fischer St\u00fccke der Pflanze um in seichten Gew\u00e4ssern damit leichter fischen zu k\u00f6nnen, da durch den Pflanzensaft die Fische bet\u00e4ubt wurden.<\/p>\n<p>Nach der Washingtoner Artenschutzkonvention sind sukkulente Euphorbien gesch\u00fctzt!<br \/>\nEs ist ein Kanaren-Endemit.<\/p>\n<p><strong>Tipp:<\/strong><br \/>\n<em><strong>Kirche von Santo Domingo de Guzm\u00e1n<\/strong>. Sie stammt aus dem 17. Jahrhundert und geh\u00f6rt zu dem ehemaligen Kloster von Santo Domingo in Soriano. Sie wurde errichtet, <\/em><a title=\"sany5415.jpg\" href=\"http:\/\/www.mundi-roth.de\/teneriffa-blog\/wp-content\/uploads\/2008\/01\/sany5415.jpg\" rel=\"lightbox[198]\"><img loading=\"lazy\" decoding=\"async\" src=\"http:\/\/www.mundi-roth.de\/teneriffa-blog\/wp-content\/uploads\/2008\/01\/sany5415.thumbnail.jpg\" alt=\"sany5415.jpg\" width=\"96\" height=\"128\" align=\"left\" border=\"0\" hspace=\"3\" vspace=\"3\" \/><\/a><em>um dort die Jungfrau von Candelaria zu beherbergen, sollte ein Angriff von Piraten das Sanktuarium an der K\u00fcste in Gefahr bringen. 1775 zerst\u00f6rte ein Brand den Tempel, und nur das Bildnis der Jungfrau im Rosenkranz konnte gerettet werden. In nur zwei Jahren wurde die Kirche wieder aufgebaut. Ihr Grundriss in Form eines lateinischen Kreuzes hat eine beeindruckende Kassetendecke im Teil der Schiffe und eine eigent\u00fcmliche Kuppel in dem der Vierung. Im Jahre 1835 verschwand das Kloster und der Name wurde in Wallfahrtskapelle von El Rosario abge\u00e4ndert. Sie wurde von den Einwohnern von Agache als Totenkapelle verwendet. Besonders interessant ist die Reihe von Malereien, deren Themen mehrere Heilige sowie Ereignisse des Dominikanerordens sind.<\/em><\/p>\n<p><strong>Restaurant:<\/strong><br \/>\n<a title=\"sany5425a.jpg\" href=\"http:\/\/www.mundi-roth.de\/teneriffa-blog\/wp-content\/uploads\/2008\/01\/sany5425a.jpg\" rel=\"lightbox[198]\"><img loading=\"lazy\" decoding=\"async\" src=\"http:\/\/www.mundi-roth.de\/teneriffa-blog\/wp-content\/uploads\/2008\/01\/sany5425a.thumbnail.jpg\" alt=\"sany5425a.jpg\" width=\"128\" height=\"96\" align=\"left\" border=\"0\" hspace=\"3\" vspace=\"3\" \/><\/a><\/p>\n<p>El Rinc\u00f3n de Tara<\/p>\n<p>Sch\u00f6nes Ambiente, gutes Essen, normale Preise, freundliche Bedienung!<\/p>\n<p>Ruhetag: Sonntag Abend und Montag<br \/>\nCalle Imeldo Seris Nr. 2, 38500 Gu\u00edmar,Telefon: 922 51 42 27<br \/>\nEs ist gut zu finden: Oberhalb der Kirche San Pedro, neben der Post.<\/p>\n<p><strong>Anfahrt:<\/strong><br \/>\n<a title=\"nach_lamedida1.jpg\" href=\"http:\/\/www.mundi-roth.de\/teneriffa-blog\/wp-content\/uploads\/2008\/01\/nach_lamedida1.jpg\" rel=\"lightbox[198]\"><img loading=\"lazy\" decoding=\"async\" src=\"http:\/\/www.mundi-roth.de\/teneriffa-blog\/wp-content\/uploads\/2008\/01\/nach_lamedida1.thumbnail.jpg\" alt=\"nach_lamedida1.jpg\" width=\"90\" height=\"90\" align=\"left\" border=\"0\" hspace=\"3\" vspace=\"3\" \/><\/a>Aus Los Cristianos kommend auf der Autobahn TF-1 Richtung Santa Cruz bis zur Ausfahrt El Tablado \u2013 El Escobonal. Auf der TF-617 fahren wir durch den Ort El Escobonal bis wir auf die TF-28 sto\u00dfen. Dieser folgen wir rechts abbiegend einige Kilometer bis zur Bushaltestelle \u201eLa Medida\u201c.<\/p>\n","protected":false},"excerpt":{"rendered":"<p>Eine Wanderung, die uns durch landwirtschaftliche Gebiete f\u00fchrt &#8211; mit sch\u00f6nen Ausblicken und einem rasanten Abstieg nach G\u00fc\u00edmar. Also nur f\u00fcr Wanderer ohne gro\u00dfe Knieprobleme.<\/p>\n","protected":false},"author":3,"featured_media":0,"comment_status":"open","ping_status":"open","sticky":false,"template":"","format":"standard","meta":{"footnotes":""},"categories":[771,6],"tags":[47,71,70,3,4],"class_list":["post-198","post","type-post","status-publish","format-standard","hentry","category-gueimar","category-wanderungen","tag-camino-real","tag-guimar","tag-la-medida","tag-teneriffa","tag-wandern"],"yoast_head":"<!-- This site is optimized with the Yoast SEO plugin v27.5 - https:\/\/yoast.com\/product\/yoast-seo-wordpress\/ -->\n<title>Camino Real \u2013 La Medida \u2013 G\u00fc\u00edmar - Teneriffa Wandern<\/title>\n<meta name=\"robots\" content=\"index, follow, max-snippet:-1, max-image-preview:large, max-video-preview:-1\" \/>\n<link rel=\"canonical\" href=\"https:\/\/www.mundi-roth.de\/teneriffa-blog\/wanderungen\/camino-real-\u2013-la-medida-\u2013-guimar\/\" \/>\n<meta name=\"twitter:label1\" content=\"Verfasst von\" \/>\n\t<meta name=\"twitter:data1\" content=\"ir\" \/>\n\t<meta name=\"twitter:label2\" content=\"Gesch\u00e4tzte Lesezeit\" \/>\n\t<meta name=\"twitter:data2\" content=\"6\u00a0Minuten\" \/>\n<script type=\"application\/ld+json\" class=\"yoast-schema-graph\">{\"@context\":\"https:\\\/\\\/schema.org\",\"@graph\":[{\"@type\":\"Article\",\"@id\":\"https:\\\/\\\/www.mundi-roth.de\\\/teneriffa-blog\\\/wanderungen\\\/camino-real-%e2%80%93-la-medida-%e2%80%93-guimar\\\/#article\",\"isPartOf\":{\"@id\":\"https:\\\/\\\/www.mundi-roth.de\\\/teneriffa-blog\\\/wanderungen\\\/camino-real-%e2%80%93-la-medida-%e2%80%93-guimar\\\/\"},\"author\":{\"name\":\"ir\",\"@id\":\"https:\\\/\\\/www.mundi-roth.de\\\/teneriffa-blog\\\/#\\\/schema\\\/person\\\/3afd0d251449790d15367c9aa52d203d\"},\"headline\":\"Camino Real \u2013 La Medida \u2013 G\u00fc\u00edmar\",\"datePublished\":\"2008-01-30T19:00:34+00:00\",\"dateModified\":\"2015-04-12T10:54:28+00:00\",\"mainEntityOfPage\":{\"@id\":\"https:\\\/\\\/www.mundi-roth.de\\\/teneriffa-blog\\\/wanderungen\\\/camino-real-%e2%80%93-la-medida-%e2%80%93-guimar\\\/\"},\"wordCount\":1116,\"commentCount\":0,\"image\":{\"@id\":\"https:\\\/\\\/www.mundi-roth.de\\\/teneriffa-blog\\\/wanderungen\\\/camino-real-%e2%80%93-la-medida-%e2%80%93-guimar\\\/#primaryimage\"},\"thumbnailUrl\":\"http:\\\/\\\/www.mundi-roth.de\\\/teneriffa-blog\\\/wp-content\\\/uploads\\\/2008\\\/02\\\/wroutey.thumbnail.jpg\",\"keywords\":[\"Camino Real\",\"G\u00fcimar\",\"La Medida\",\"Teneriffa\",\"Wandern\"],\"articleSection\":[\"G\u00fcimar\",\"Wanderungen\"],\"inLanguage\":\"de\",\"potentialAction\":[{\"@type\":\"CommentAction\",\"name\":\"Comment\",\"target\":[\"https:\\\/\\\/www.mundi-roth.de\\\/teneriffa-blog\\\/wanderungen\\\/camino-real-%e2%80%93-la-medida-%e2%80%93-guimar\\\/#respond\"]}]},{\"@type\":\"WebPage\",\"@id\":\"https:\\\/\\\/www.mundi-roth.de\\\/teneriffa-blog\\\/wanderungen\\\/camino-real-%e2%80%93-la-medida-%e2%80%93-guimar\\\/\",\"url\":\"https:\\\/\\\/www.mundi-roth.de\\\/teneriffa-blog\\\/wanderungen\\\/camino-real-%e2%80%93-la-medida-%e2%80%93-guimar\\\/\",\"name\":\"Camino Real \u2013 La Medida \u2013 G\u00fc\u00edmar - Teneriffa Wandern\",\"isPartOf\":{\"@id\":\"https:\\\/\\\/www.mundi-roth.de\\\/teneriffa-blog\\\/#website\"},\"primaryImageOfPage\":{\"@id\":\"https:\\\/\\\/www.mundi-roth.de\\\/teneriffa-blog\\\/wanderungen\\\/camino-real-%e2%80%93-la-medida-%e2%80%93-guimar\\\/#primaryimage\"},\"image\":{\"@id\":\"https:\\\/\\\/www.mundi-roth.de\\\/teneriffa-blog\\\/wanderungen\\\/camino-real-%e2%80%93-la-medida-%e2%80%93-guimar\\\/#primaryimage\"},\"thumbnailUrl\":\"http:\\\/\\\/www.mundi-roth.de\\\/teneriffa-blog\\\/wp-content\\\/uploads\\\/2008\\\/02\\\/wroutey.thumbnail.jpg\",\"datePublished\":\"2008-01-30T19:00:34+00:00\",\"dateModified\":\"2015-04-12T10:54:28+00:00\",\"author\":{\"@id\":\"https:\\\/\\\/www.mundi-roth.de\\\/teneriffa-blog\\\/#\\\/schema\\\/person\\\/3afd0d251449790d15367c9aa52d203d\"},\"breadcrumb\":{\"@id\":\"https:\\\/\\\/www.mundi-roth.de\\\/teneriffa-blog\\\/wanderungen\\\/camino-real-%e2%80%93-la-medida-%e2%80%93-guimar\\\/#breadcrumb\"},\"inLanguage\":\"de\",\"potentialAction\":[{\"@type\":\"ReadAction\",\"target\":[\"https:\\\/\\\/www.mundi-roth.de\\\/teneriffa-blog\\\/wanderungen\\\/camino-real-%e2%80%93-la-medida-%e2%80%93-guimar\\\/\"]}]},{\"@type\":\"ImageObject\",\"inLanguage\":\"de\",\"@id\":\"https:\\\/\\\/www.mundi-roth.de\\\/teneriffa-blog\\\/wanderungen\\\/camino-real-%e2%80%93-la-medida-%e2%80%93-guimar\\\/#primaryimage\",\"url\":\"http:\\\/\\\/www.mundi-roth.de\\\/teneriffa-blog\\\/wp-content\\\/uploads\\\/2008\\\/02\\\/wroutey.thumbnail.jpg\",\"contentUrl\":\"http:\\\/\\\/www.mundi-roth.de\\\/teneriffa-blog\\\/wp-content\\\/uploads\\\/2008\\\/02\\\/wroutey.thumbnail.jpg\"},{\"@type\":\"BreadcrumbList\",\"@id\":\"https:\\\/\\\/www.mundi-roth.de\\\/teneriffa-blog\\\/wanderungen\\\/camino-real-%e2%80%93-la-medida-%e2%80%93-guimar\\\/#breadcrumb\",\"itemListElement\":[{\"@type\":\"ListItem\",\"position\":1,\"name\":\"Startseite\",\"item\":\"https:\\\/\\\/www.mundi-roth.de\\\/teneriffa-blog\\\/\"},{\"@type\":\"ListItem\",\"position\":2,\"name\":\"Camino Real \u2013 La Medida \u2013 G\u00fc\u00edmar\"}]},{\"@type\":\"WebSite\",\"@id\":\"https:\\\/\\\/www.mundi-roth.de\\\/teneriffa-blog\\\/#website\",\"url\":\"https:\\\/\\\/www.mundi-roth.de\\\/teneriffa-blog\\\/\",\"name\":\"Teneriffa Wandern\",\"description\":\"Nicht nur Wanderungen auf Teneriffa...\",\"potentialAction\":[{\"@type\":\"SearchAction\",\"target\":{\"@type\":\"EntryPoint\",\"urlTemplate\":\"https:\\\/\\\/www.mundi-roth.de\\\/teneriffa-blog\\\/?s={search_term_string}\"},\"query-input\":{\"@type\":\"PropertyValueSpecification\",\"valueRequired\":true,\"valueName\":\"search_term_string\"}}],\"inLanguage\":\"de\"},{\"@type\":\"Person\",\"@id\":\"https:\\\/\\\/www.mundi-roth.de\\\/teneriffa-blog\\\/#\\\/schema\\\/person\\\/3afd0d251449790d15367c9aa52d203d\",\"name\":\"ir\",\"image\":{\"@type\":\"ImageObject\",\"inLanguage\":\"de\",\"@id\":\"https:\\\/\\\/secure.gravatar.com\\\/avatar\\\/e67b41513c921c2bb58363f44c8a00a447c9a2526ad8ff71b5b6257e5f7f5c66?s=96&d=mm&r=g\",\"url\":\"https:\\\/\\\/secure.gravatar.com\\\/avatar\\\/e67b41513c921c2bb58363f44c8a00a447c9a2526ad8ff71b5b6257e5f7f5c66?s=96&d=mm&r=g\",\"contentUrl\":\"https:\\\/\\\/secure.gravatar.com\\\/avatar\\\/e67b41513c921c2bb58363f44c8a00a447c9a2526ad8ff71b5b6257e5f7f5c66?s=96&d=mm&r=g\",\"caption\":\"ir\"},\"sameAs\":[\"http:\\\/\\\/www.mundi-roth.de\"],\"url\":\"https:\\\/\\\/www.mundi-roth.de\\\/teneriffa-blog\\\/author\\\/ir\\\/\"}]}<\/script>\n<!-- \/ Yoast SEO plugin. -->","yoast_head_json":{"title":"Camino Real \u2013 La Medida \u2013 G\u00fc\u00edmar - Teneriffa Wandern","robots":{"index":"index","follow":"follow","max-snippet":"max-snippet:-1","max-image-preview":"max-image-preview:large","max-video-preview":"max-video-preview:-1"},"canonical":"https:\/\/www.mundi-roth.de\/teneriffa-blog\/wanderungen\/camino-real-\u2013-la-medida-\u2013-guimar\/","twitter_misc":{"Verfasst von":"ir","Gesch\u00e4tzte Lesezeit":"6\u00a0Minuten"},"schema":{"@context":"https:\/\/schema.org","@graph":[{"@type":"Article","@id":"https:\/\/www.mundi-roth.de\/teneriffa-blog\/wanderungen\/camino-real-%e2%80%93-la-medida-%e2%80%93-guimar\/#article","isPartOf":{"@id":"https:\/\/www.mundi-roth.de\/teneriffa-blog\/wanderungen\/camino-real-%e2%80%93-la-medida-%e2%80%93-guimar\/"},"author":{"name":"ir","@id":"https:\/\/www.mundi-roth.de\/teneriffa-blog\/#\/schema\/person\/3afd0d251449790d15367c9aa52d203d"},"headline":"Camino Real \u2013 La Medida \u2013 G\u00fc\u00edmar","datePublished":"2008-01-30T19:00:34+00:00","dateModified":"2015-04-12T10:54:28+00:00","mainEntityOfPage":{"@id":"https:\/\/www.mundi-roth.de\/teneriffa-blog\/wanderungen\/camino-real-%e2%80%93-la-medida-%e2%80%93-guimar\/"},"wordCount":1116,"commentCount":0,"image":{"@id":"https:\/\/www.mundi-roth.de\/teneriffa-blog\/wanderungen\/camino-real-%e2%80%93-la-medida-%e2%80%93-guimar\/#primaryimage"},"thumbnailUrl":"http:\/\/www.mundi-roth.de\/teneriffa-blog\/wp-content\/uploads\/2008\/02\/wroutey.thumbnail.jpg","keywords":["Camino Real","G\u00fcimar","La Medida","Teneriffa","Wandern"],"articleSection":["G\u00fcimar","Wanderungen"],"inLanguage":"de","potentialAction":[{"@type":"CommentAction","name":"Comment","target":["https:\/\/www.mundi-roth.de\/teneriffa-blog\/wanderungen\/camino-real-%e2%80%93-la-medida-%e2%80%93-guimar\/#respond"]}]},{"@type":"WebPage","@id":"https:\/\/www.mundi-roth.de\/teneriffa-blog\/wanderungen\/camino-real-%e2%80%93-la-medida-%e2%80%93-guimar\/","url":"https:\/\/www.mundi-roth.de\/teneriffa-blog\/wanderungen\/camino-real-%e2%80%93-la-medida-%e2%80%93-guimar\/","name":"Camino Real \u2013 La Medida \u2013 G\u00fc\u00edmar - Teneriffa Wandern","isPartOf":{"@id":"https:\/\/www.mundi-roth.de\/teneriffa-blog\/#website"},"primaryImageOfPage":{"@id":"https:\/\/www.mundi-roth.de\/teneriffa-blog\/wanderungen\/camino-real-%e2%80%93-la-medida-%e2%80%93-guimar\/#primaryimage"},"image":{"@id":"https:\/\/www.mundi-roth.de\/teneriffa-blog\/wanderungen\/camino-real-%e2%80%93-la-medida-%e2%80%93-guimar\/#primaryimage"},"thumbnailUrl":"http:\/\/www.mundi-roth.de\/teneriffa-blog\/wp-content\/uploads\/2008\/02\/wroutey.thumbnail.jpg","datePublished":"2008-01-30T19:00:34+00:00","dateModified":"2015-04-12T10:54:28+00:00","author":{"@id":"https:\/\/www.mundi-roth.de\/teneriffa-blog\/#\/schema\/person\/3afd0d251449790d15367c9aa52d203d"},"breadcrumb":{"@id":"https:\/\/www.mundi-roth.de\/teneriffa-blog\/wanderungen\/camino-real-%e2%80%93-la-medida-%e2%80%93-guimar\/#breadcrumb"},"inLanguage":"de","potentialAction":[{"@type":"ReadAction","target":["https:\/\/www.mundi-roth.de\/teneriffa-blog\/wanderungen\/camino-real-%e2%80%93-la-medida-%e2%80%93-guimar\/"]}]},{"@type":"ImageObject","inLanguage":"de","@id":"https:\/\/www.mundi-roth.de\/teneriffa-blog\/wanderungen\/camino-real-%e2%80%93-la-medida-%e2%80%93-guimar\/#primaryimage","url":"http:\/\/www.mundi-roth.de\/teneriffa-blog\/wp-content\/uploads\/2008\/02\/wroutey.thumbnail.jpg","contentUrl":"http:\/\/www.mundi-roth.de\/teneriffa-blog\/wp-content\/uploads\/2008\/02\/wroutey.thumbnail.jpg"},{"@type":"BreadcrumbList","@id":"https:\/\/www.mundi-roth.de\/teneriffa-blog\/wanderungen\/camino-real-%e2%80%93-la-medida-%e2%80%93-guimar\/#breadcrumb","itemListElement":[{"@type":"ListItem","position":1,"name":"Startseite","item":"https:\/\/www.mundi-roth.de\/teneriffa-blog\/"},{"@type":"ListItem","position":2,"name":"Camino Real \u2013 La Medida \u2013 G\u00fc\u00edmar"}]},{"@type":"WebSite","@id":"https:\/\/www.mundi-roth.de\/teneriffa-blog\/#website","url":"https:\/\/www.mundi-roth.de\/teneriffa-blog\/","name":"Teneriffa Wandern","description":"Nicht nur Wanderungen auf Teneriffa...","potentialAction":[{"@type":"SearchAction","target":{"@type":"EntryPoint","urlTemplate":"https:\/\/www.mundi-roth.de\/teneriffa-blog\/?s={search_term_string}"},"query-input":{"@type":"PropertyValueSpecification","valueRequired":true,"valueName":"search_term_string"}}],"inLanguage":"de"},{"@type":"Person","@id":"https:\/\/www.mundi-roth.de\/teneriffa-blog\/#\/schema\/person\/3afd0d251449790d15367c9aa52d203d","name":"ir","image":{"@type":"ImageObject","inLanguage":"de","@id":"https:\/\/secure.gravatar.com\/avatar\/e67b41513c921c2bb58363f44c8a00a447c9a2526ad8ff71b5b6257e5f7f5c66?s=96&d=mm&r=g","url":"https:\/\/secure.gravatar.com\/avatar\/e67b41513c921c2bb58363f44c8a00a447c9a2526ad8ff71b5b6257e5f7f5c66?s=96&d=mm&r=g","contentUrl":"https:\/\/secure.gravatar.com\/avatar\/e67b41513c921c2bb58363f44c8a00a447c9a2526ad8ff71b5b6257e5f7f5c66?s=96&d=mm&r=g","caption":"ir"},"sameAs":["http:\/\/www.mundi-roth.de"],"url":"https:\/\/www.mundi-roth.de\/teneriffa-blog\/author\/ir\/"}]}},"_links":{"self":[{"href":"https:\/\/www.mundi-roth.de\/teneriffa-blog\/wp-json\/wp\/v2\/posts\/198","targetHints":{"allow":["GET"]}}],"collection":[{"href":"https:\/\/www.mundi-roth.de\/teneriffa-blog\/wp-json\/wp\/v2\/posts"}],"about":[{"href":"https:\/\/www.mundi-roth.de\/teneriffa-blog\/wp-json\/wp\/v2\/types\/post"}],"author":[{"embeddable":true,"href":"https:\/\/www.mundi-roth.de\/teneriffa-blog\/wp-json\/wp\/v2\/users\/3"}],"replies":[{"embeddable":true,"href":"https:\/\/www.mundi-roth.de\/teneriffa-blog\/wp-json\/wp\/v2\/comments?post=198"}],"version-history":[{"count":0,"href":"https:\/\/www.mundi-roth.de\/teneriffa-blog\/wp-json\/wp\/v2\/posts\/198\/revisions"}],"wp:attachment":[{"href":"https:\/\/www.mundi-roth.de\/teneriffa-blog\/wp-json\/wp\/v2\/media?parent=198"}],"wp:term":[{"taxonomy":"category","embeddable":true,"href":"https:\/\/www.mundi-roth.de\/teneriffa-blog\/wp-json\/wp\/v2\/categories?post=198"},{"taxonomy":"post_tag","embeddable":true,"href":"https:\/\/www.mundi-roth.de\/teneriffa-blog\/wp-json\/wp\/v2\/tags?post=198"}],"curies":[{"name":"wp","href":"https:\/\/api.w.org\/{rel}","templated":true}]}}