{"id":1993,"date":"2012-11-29T22:00:38","date_gmt":"2012-11-29T21:00:38","guid":{"rendered":"http:\/\/www.mundi-roth.de\/teneriffa-blog\/?p=1993"},"modified":"2015-04-09T14:51:18","modified_gmt":"2015-04-09T13:51:18","slug":"casa-forestal-taganana-las-vueltas","status":"publish","type":"post","link":"https:\/\/www.mundi-roth.de\/teneriffa-blog\/wanderungen\/casa-forestal-taganana-las-vueltas\/","title":{"rendered":"Casa Forestal \u2013 Taganana (Las Vueltas)"},"content":{"rendered":"<p><strong>Da<\/strong> die Wanderung vor 14 Tagen \u201eAfur \u2013 Tamadiste \u2013 Taganana \u2013 Afur\u201c so sch\u00f6n war,<br \/>\n<strong>da <\/strong>wir bedauert haben, dass wir den den Abstecher in den Ort Taganana nicht gemacht haben,<br \/>\n<strong>deshalb<\/strong> haben wir heute eine neue Wanderung im Anaga-Gebirge mit dem Ziel: Taganana unternommen.<\/p>\n<p><strong>Wanderwegstrecke: 2 Stunden, ohne Pausen<\/strong><br \/>\nUm 10.30 Uhr starten wir die heutige Tour zwischen km 15 und km 16 der TF 12<a href=\"http:\/\/www.mundi-roth.de\/teneriffa-blog\/wp-content\/uploads\/2012\/12\/DSCN0952Pfeil.jpg\" rel=\"lightbox[1993]\"><img loading=\"lazy\" decoding=\"async\" class=\"alignright size-thumbnail wp-image-1994\" title=\"DSCN0952Pfeil\" src=\"http:\/\/www.mundi-roth.de\/teneriffa-blog\/wp-content\/uploads\/2012\/12\/DSCN0952Pfeil-150x82.jpg\" alt=\"\" width=\"150\" height=\"82\" srcset=\"https:\/\/www.mundi-roth.de\/teneriffa-blog\/wp-content\/uploads\/2012\/12\/DSCN0952Pfeil-150x82.jpg 150w, https:\/\/www.mundi-roth.de\/teneriffa-blog\/wp-content\/uploads\/2012\/12\/DSCN0952Pfeil-300x165.jpg 300w, https:\/\/www.mundi-roth.de\/teneriffa-blog\/wp-content\/uploads\/2012\/12\/DSCN0952Pfeil.jpg 600w\" sizes=\"auto, (max-width: 150px) 100vw, 150px\" \/><\/a> bei der Casa Forestal.<br \/>\nMein lieber Mann &#8211; unser Privat-Chauffeur &#8211; setzt uns dort ab, es gibt aber auch unmittelbar bei der Casa Forestal\u00a0 eine Bushaltestelle.<br \/>\nWir freuen uns \u00fcber die inzwischen fast obligatorischen Infotafeln. Wer schon lange auf der Insel wandert, wird dies \u2013 wie wir \u2013 zu sch\u00e4tzen wissen, denn fr\u00fcher tappte man im Dunkeln und hatte sich vielleicht Infos bei Google geholt.<br \/>\n<em>\u201ePR TF 8 Camino de Las Vueltas \u2013 Taganana 3,2 km\u201c<\/em><br \/>\nBei diesem Weg handelt es sich um die <em>\u201eZuckerstra\u00dfe\u201c<\/em>.\u00a0 1506 wurde die Zuckerfabrik in Taganana er\u00f6ffnet. Da in Taganana ja bekannterma\u00dfen Zucker angebaut wurde, haben die <em>\u201eZucker-Meister\u201c<\/em>\u00a0 diesen Pfad angelegt, um ihre S\u00e4cke mit Zucker von Taganana nach La Laguna\u00a0 bringen zu k\u00f6nnen.<br \/>\nZum anderen hat der Weg noch die Bezeichnung \u201eLas Vueltas\u201c da man sagt, er habe so viele Kurven wie ein Jahr Tage hat.<\/p>\n<p>Na dann mal los:<\/p>\n<p><a href=\"http:\/\/www.mundi-roth.de\/teneriffa-blog\/wp-content\/uploads\/2012\/12\/P1070234.jpg\" rel=\"lightbox[1993]\"><img loading=\"lazy\" decoding=\"async\" class=\"alignleft size-thumbnail wp-image-1995\" title=\"P1070234\" src=\"http:\/\/www.mundi-roth.de\/teneriffa-blog\/wp-content\/uploads\/2012\/12\/P1070234-150x112.jpg\" alt=\"\" width=\"150\" height=\"112\" srcset=\"https:\/\/www.mundi-roth.de\/teneriffa-blog\/wp-content\/uploads\/2012\/12\/P1070234-150x112.jpg 150w, https:\/\/www.mundi-roth.de\/teneriffa-blog\/wp-content\/uploads\/2012\/12\/P1070234-300x225.jpg 300w, https:\/\/www.mundi-roth.de\/teneriffa-blog\/wp-content\/uploads\/2012\/12\/P1070234.jpg 600w\" sizes=\"auto, (max-width: 150px) 100vw, 150px\" \/><\/a>Sofort beginnt der leichte, zehnmin\u00fctige Anstieg zum Sattel Cruz de Taganana unterhalb des Roque de los Pasos durch den wundersch\u00f6nen Lorbeerwald.<br \/>\nDer Aufstieg wird durch die in das Erdreich geschlagenen Stufen sehr erleichtert.<br \/>\nUnd wieder sind wir fasziniert und begeistert von den<a href=\"http:\/\/www.mundi-roth.de\/teneriffa-blog\/wp-content\/uploads\/2012\/12\/P1070239.jpg\" rel=\"lightbox[1993]\"><img loading=\"lazy\" decoding=\"async\" class=\"alignright size-thumbnail wp-image-1996\" title=\"P1070239\" src=\"http:\/\/www.mundi-roth.de\/teneriffa-blog\/wp-content\/uploads\/2012\/12\/P1070239-150x112.jpg\" alt=\"\" width=\"150\" height=\"112\" srcset=\"https:\/\/www.mundi-roth.de\/teneriffa-blog\/wp-content\/uploads\/2012\/12\/P1070239-150x112.jpg 150w, https:\/\/www.mundi-roth.de\/teneriffa-blog\/wp-content\/uploads\/2012\/12\/P1070239-300x225.jpg 300w, https:\/\/www.mundi-roth.de\/teneriffa-blog\/wp-content\/uploads\/2012\/12\/P1070239.jpg 600w\" sizes=\"auto, (max-width: 150px) 100vw, 150px\" \/><\/a> mit Flechten \u00fcberzogenen und bemoosten B\u00e4umen, die H\u00e4nge sind mit Moos \u00fcberzogen und Farne s\u00e4umen den Pfad. Gagel-, Lorbeer- und Erikab\u00e4ume wechseln sich ab.<br \/>\nLeider fehlt heute das Lichtspiel \u2013 es ist bew\u00f6lkt. Aber wir sind schon zufrieden, dass wir keinen Regen haben, denn bei der Anfahrt hat es in Santa Cruz geregnet.<br \/>\nDas ist halt immer die Unw\u00e4gbarkeit, wenn man in das Anaga-Gebirge f\u00e4hrt.<br \/>\nSchnell haben wir die H\u00f6he erreicht und bei dem Unterstandh\u00e4uschen beginnen <a href=\"http:\/\/www.mundi-roth.de\/teneriffa-blog\/wp-content\/uploads\/2012\/12\/P1070240.jpg\" rel=\"lightbox[1993]\"><img loading=\"lazy\" decoding=\"async\" class=\"alignleft size-thumbnail wp-image-1997\" title=\"P1070240\" src=\"http:\/\/www.mundi-roth.de\/teneriffa-blog\/wp-content\/uploads\/2012\/12\/P1070240-150x112.jpg\" alt=\"\" width=\"150\" height=\"112\" srcset=\"https:\/\/www.mundi-roth.de\/teneriffa-blog\/wp-content\/uploads\/2012\/12\/P1070240-150x112.jpg 150w, https:\/\/www.mundi-roth.de\/teneriffa-blog\/wp-content\/uploads\/2012\/12\/P1070240-300x225.jpg 300w, https:\/\/www.mundi-roth.de\/teneriffa-blog\/wp-content\/uploads\/2012\/12\/P1070240.jpg 600w\" sizes=\"auto, (max-width: 150px) 100vw, 150px\" \/><\/a>die \u201evueltas\u201c (die Serpentinen, Biegungen, Kehren oder Kurven \u2013 wie immer man es \u00fcbersetzten will) die in den Barranco de las Iglesias hinabf\u00fchren.<br \/>\nEine Wegbeschreibung er\u00fcbrigt sich, da es hier kein Verlaufen gibt. Es gibt keine Abzweigungen sondern es gilt, immerzu dem Pfad zu folgen, der teilweise durch regelrechte Hohlwege f\u00fchrt.\u00a0<a href=\"http:\/\/www.mundi-roth.de\/teneriffa-blog\/wp-content\/uploads\/2012\/12\/P1070243.jpg\" rel=\"lightbox[1993]\"><img loading=\"lazy\" decoding=\"async\" class=\"alignright size-thumbnail wp-image-1999\" title=\"P1070243\" src=\"http:\/\/www.mundi-roth.de\/teneriffa-blog\/wp-content\/uploads\/2012\/12\/P1070243-150x112.jpg\" alt=\"\" width=\"150\" height=\"112\" srcset=\"https:\/\/www.mundi-roth.de\/teneriffa-blog\/wp-content\/uploads\/2012\/12\/P1070243-150x112.jpg 150w, https:\/\/www.mundi-roth.de\/teneriffa-blog\/wp-content\/uploads\/2012\/12\/P1070243-300x225.jpg 300w, https:\/\/www.mundi-roth.de\/teneriffa-blog\/wp-content\/uploads\/2012\/12\/P1070243.jpg 600w\" sizes=\"auto, (max-width: 150px) 100vw, 150px\" \/><\/a><a href=\"http:\/\/www.mundi-roth.de\/teneriffa-blog\/wp-content\/uploads\/2012\/12\/P1070242.jpg\" rel=\"lightbox[1993]\"><img loading=\"lazy\" decoding=\"async\" class=\"alignleft size-thumbnail wp-image-1998\" title=\"P1070242\" src=\"http:\/\/www.mundi-roth.de\/teneriffa-blog\/wp-content\/uploads\/2012\/12\/P1070242-150x112.jpg\" alt=\"\" width=\"150\" height=\"112\" srcset=\"https:\/\/www.mundi-roth.de\/teneriffa-blog\/wp-content\/uploads\/2012\/12\/P1070242-150x112.jpg 150w, https:\/\/www.mundi-roth.de\/teneriffa-blog\/wp-content\/uploads\/2012\/12\/P1070242-300x225.jpg 300w, https:\/\/www.mundi-roth.de\/teneriffa-blog\/wp-content\/uploads\/2012\/12\/P1070242.jpg 600w\" sizes=\"auto, (max-width: 150px) 100vw, 150px\" \/><\/a><\/p>\n<p>Wie wir an anderer Stelle gelesen haben, passieren wir hier den am besten erhaltenen Nebelurwald Teneriffas.<br \/>\nZwischendurch haben wir <a href=\"http:\/\/www.mundi-roth.de\/teneriffa-blog\/wp-content\/uploads\/2012\/12\/P1070244.jpg\" rel=\"lightbox[1993]\"><img loading=\"lazy\" decoding=\"async\" class=\"alignleft size-thumbnail wp-image-2000\" title=\"P1070244\" src=\"http:\/\/www.mundi-roth.de\/teneriffa-blog\/wp-content\/uploads\/2012\/12\/P1070244-150x112.jpg\" alt=\"\" width=\"150\" height=\"112\" srcset=\"https:\/\/www.mundi-roth.de\/teneriffa-blog\/wp-content\/uploads\/2012\/12\/P1070244-150x112.jpg 150w, https:\/\/www.mundi-roth.de\/teneriffa-blog\/wp-content\/uploads\/2012\/12\/P1070244-300x225.jpg 300w, https:\/\/www.mundi-roth.de\/teneriffa-blog\/wp-content\/uploads\/2012\/12\/P1070244.jpg 600w\" sizes=\"auto, (max-width: 150px) 100vw, 150px\" \/><\/a>allerdings Passagen, die es in sich haben, da durch die heftigen Unwetter in j\u00fcngster Zeit B\u00e4ume und Str\u00e4ucher entwurzelt wurden. <a href=\"http:\/\/www.mundi-roth.de\/teneriffa-blog\/wp-content\/uploads\/2012\/12\/P1070248a.jpg\" rel=\"lightbox[1993]\"><img loading=\"lazy\" decoding=\"async\" class=\"alignright size-thumbnail wp-image-2001\" title=\"P1070248a\" src=\"http:\/\/www.mundi-roth.de\/teneriffa-blog\/wp-content\/uploads\/2012\/12\/P1070248a-127x150.jpg\" alt=\"\" width=\"127\" height=\"150\" srcset=\"https:\/\/www.mundi-roth.de\/teneriffa-blog\/wp-content\/uploads\/2012\/12\/P1070248a-127x150.jpg 127w, https:\/\/www.mundi-roth.de\/teneriffa-blog\/wp-content\/uploads\/2012\/12\/P1070248a-254x300.jpg 254w, https:\/\/www.mundi-roth.de\/teneriffa-blog\/wp-content\/uploads\/2012\/12\/P1070248a.jpg 283w\" sizes=\"auto, (max-width: 127px) 100vw, 127px\" \/><\/a><br \/>\nNach knapp einer Stunde Gehzeit wird zum ersten Mal der Blick auf Taganana und die K\u00fcste freigegeben.<strong>\u00a0<\/strong> Kurz darauf verlassen wir den Wald und <a href=\"http:\/\/www.mundi-roth.de\/teneriffa-blog\/wp-content\/uploads\/2012\/12\/P1070254.jpg\" rel=\"lightbox[1993]\"><img loading=\"lazy\" decoding=\"async\" class=\"alignleft size-thumbnail wp-image-2002\" title=\"P1070254\" src=\"http:\/\/www.mundi-roth.de\/teneriffa-blog\/wp-content\/uploads\/2012\/12\/P1070254-150x112.jpg\" alt=\"\" width=\"150\" height=\"112\" srcset=\"https:\/\/www.mundi-roth.de\/teneriffa-blog\/wp-content\/uploads\/2012\/12\/P1070254-150x112.jpg 150w, https:\/\/www.mundi-roth.de\/teneriffa-blog\/wp-content\/uploads\/2012\/12\/P1070254-300x225.jpg 300w, https:\/\/www.mundi-roth.de\/teneriffa-blog\/wp-content\/uploads\/2012\/12\/P1070254.jpg 600w\" sizes=\"auto, (max-width: 150px) 100vw, 150px\" \/><\/a>gelangen in freieres, gr\u00fcn, gr\u00fcnes Gel\u00e4nde.<br \/>\nLeider hat es nun doch etwas zu Regnen begonnen. Jedoch, wie hei\u00dft es?<br \/>\nEs gibt kein schlechtes Wetter nur schlechte Kleidung.<br \/>\nWir haben nun die Felswand vor uns, bei der wir vor 14<a href=\"http:\/\/www.mundi-roth.de\/teneriffa-blog\/wp-content\/uploads\/2012\/12\/P1070256.jpg\" rel=\"lightbox[1993]\"><img loading=\"lazy\" decoding=\"async\" class=\"alignright size-thumbnail wp-image-2003\" title=\"P1070256\" src=\"http:\/\/www.mundi-roth.de\/teneriffa-blog\/wp-content\/uploads\/2012\/12\/P1070256-150x112.jpg\" alt=\"\" width=\"150\" height=\"112\" srcset=\"https:\/\/www.mundi-roth.de\/teneriffa-blog\/wp-content\/uploads\/2012\/12\/P1070256-150x112.jpg 150w, https:\/\/www.mundi-roth.de\/teneriffa-blog\/wp-content\/uploads\/2012\/12\/P1070256-300x225.jpg 300w, https:\/\/www.mundi-roth.de\/teneriffa-blog\/wp-content\/uploads\/2012\/12\/P1070256.jpg 600w\" sizes=\"auto, (max-width: 150px) 100vw, 150px\" \/><\/a> Tagen von der anderen Seite nach Afur aufgestiegen sind.<br \/>\nSchneller als gedacht gelangen wir in das landwirtschaftlich genutzte Gebiet mit seinen Obstb\u00e4umen und den Terrassenfelder, bepflanzt mit Wein und Kartoffeln und etwas unterhalb erreichen wir <a href=\"http:\/\/www.mundi-roth.de\/teneriffa-blog\/wp-content\/uploads\/2012\/12\/P1070265a.jpg\" rel=\"lightbox[1993]\"><img loading=\"lazy\" decoding=\"async\" class=\"alignleft size-thumbnail wp-image-2004\" title=\"P1070265a\" src=\"http:\/\/www.mundi-roth.de\/teneriffa-blog\/wp-content\/uploads\/2012\/12\/P1070265a-150x103.jpg\" alt=\"\" width=\"150\" height=\"103\" srcset=\"https:\/\/www.mundi-roth.de\/teneriffa-blog\/wp-content\/uploads\/2012\/12\/P1070265a-150x103.jpg 150w, https:\/\/www.mundi-roth.de\/teneriffa-blog\/wp-content\/uploads\/2012\/12\/P1070265a-300x206.jpg 300w, https:\/\/www.mundi-roth.de\/teneriffa-blog\/wp-content\/uploads\/2012\/12\/P1070265a.jpg 600w\" sizes=\"auto, (max-width: 150px) 100vw, 150px\" \/><\/a>die ersten H\u00e4user \u201ecaserio de los naranjos\u201c, mit einem Palmenhain und schon sind wir auf der Teerstra\u00dfe auf der wir uns links nach oben halten.<\/p>\n<p>Sie f\u00fchrt uns \u00fcber die Stra\u00dfe \u201eCaserio Portugal\u201c in das Viertel \u201eBarrio de Portugal\u201c, den \u00e4ltesten Teil von Taganana.<br \/>\nAn der Infotafel\u00a0<em> \u201ePortugal ist der \u00e4lteste Ortsteil Tagananas. In ihm siedelten sich die Zucker-Meister an, die im 16. Jahrhundert von der portugiesischen Insel Madeira nach Teneriffa kamen. Eines der ersten Dinge, die sie taten, war es, den Serpentinenweg Camino de Las Vueltas anzulegen, so dass man den Zucker von hier nach La Laguna transportieren konnte.\u201c<\/em> folgen wir rechts, steil runter der wei\u00df-gelben Markierung nach und<a href=\"http:\/\/www.mundi-roth.de\/teneriffa-blog\/wp-content\/uploads\/2012\/12\/Collage.jpg\" rel=\"lightbox[1993]\"><img loading=\"lazy\" decoding=\"async\" class=\"alignright  wp-image-2005\" title=\"Collage\" src=\"http:\/\/www.mundi-roth.de\/teneriffa-blog\/wp-content\/uploads\/2012\/12\/Collage-150x58.jpg\" alt=\"\" width=\"150\" height=\"58\" srcset=\"https:\/\/www.mundi-roth.de\/teneriffa-blog\/wp-content\/uploads\/2012\/12\/Collage-150x58.jpg 150w, https:\/\/www.mundi-roth.de\/teneriffa-blog\/wp-content\/uploads\/2012\/12\/Collage-300x117.jpg 300w, https:\/\/www.mundi-roth.de\/teneriffa-blog\/wp-content\/uploads\/2012\/12\/Collage.jpg 600w\" sizes=\"auto, (max-width: 150px) 100vw, 150px\" \/><\/a> durchschreiten den malerischen Ortsteil von Taganana.<br \/>\nIrgendwo habe ich gelesen, dass dieses Viertel h\u00f6chstwahrscheinlich die erste europ\u00e4ische Siedlung dieser Region nach der Eroberung der Insel war.<br \/>\n<a href=\"http:\/\/www.mundi-roth.de\/teneriffa-blog\/wp-content\/uploads\/2012\/12\/P1070273.jpg\" rel=\"lightbox[1993]\"><img loading=\"lazy\" decoding=\"async\" class=\"alignleft size-thumbnail wp-image-2006\" title=\"P1070273\" src=\"http:\/\/www.mundi-roth.de\/teneriffa-blog\/wp-content\/uploads\/2012\/12\/P1070273-150x103.jpg\" alt=\"\" width=\"150\" height=\"103\" srcset=\"https:\/\/www.mundi-roth.de\/teneriffa-blog\/wp-content\/uploads\/2012\/12\/P1070273-150x103.jpg 150w, https:\/\/www.mundi-roth.de\/teneriffa-blog\/wp-content\/uploads\/2012\/12\/P1070273-300x206.jpg 300w, https:\/\/www.mundi-roth.de\/teneriffa-blog\/wp-content\/uploads\/2012\/12\/P1070273.jpg 462w\" sizes=\"auto, (max-width: 150px) 100vw, 150px\" \/><\/a>Wieder sto\u00dfen wir auf eine Teerstra\u00dfe der wir nun rechts- vorbei an einem sch\u00f6nen Exemplar eines Drago &#8211; \u00fcber eine Br\u00fccke folgen.<br \/>\nSchon haben wir die &#8222;Iglesia de Nuestra Se\u00f1ora de las Nieves&#8220; im Blick, jedoch vorher wandern wir noch an dem Hinweis auf eine <a href=\"http:\/\/www.mundi-roth.de\/teneriffa-blog\/wp-content\/uploads\/2012\/12\/P1070275.jpg\" rel=\"lightbox[1993]\"><img loading=\"lazy\" decoding=\"async\" class=\"alignright size-thumbnail wp-image-2007\" title=\"P1070275\" src=\"http:\/\/www.mundi-roth.de\/teneriffa-blog\/wp-content\/uploads\/2012\/12\/P1070275-150x112.jpg\" alt=\"\" width=\"150\" height=\"112\" srcset=\"https:\/\/www.mundi-roth.de\/teneriffa-blog\/wp-content\/uploads\/2012\/12\/P1070275-150x112.jpg 150w, https:\/\/www.mundi-roth.de\/teneriffa-blog\/wp-content\/uploads\/2012\/12\/P1070275-300x225.jpg 300w, https:\/\/www.mundi-roth.de\/teneriffa-blog\/wp-content\/uploads\/2012\/12\/P1070275.jpg 600w\" sizes=\"auto, (max-width: 150px) 100vw, 150px\" \/><\/a>Kl\u00f6ppelwerkstatt vorbei und an der Quelle von Taganana.<br \/>\n<em>\u201eLa Pianola ist die wichtigste \u00f6ffentliche Quelle Tagananas. Sie wurde in den 30er Jahren des vergangenen Jahrhunderts gebaut und stellte eine erhebliche Verbesserung der Lebensqualit\u00e4t f\u00fcr die Einwohner dar, denn bis dato mussten sie Tag f\u00fcr Tag in\u00a0 die Schlucht aufsteigen, um au dem dortigen Bach das Wasser f\u00fcr ihren Bedarf zu sch\u00f6pfen.\u201c<\/em><br \/>\n<a href=\"http:\/\/www.mundi-roth.de\/teneriffa-blog\/wp-content\/uploads\/2012\/12\/Collage21.jpg\" rel=\"lightbox[1993]\"><img loading=\"lazy\" decoding=\"async\" class=\"aligncenter size-medium wp-image-2009\" title=\"Collage2\" src=\"http:\/\/www.mundi-roth.de\/teneriffa-blog\/wp-content\/uploads\/2012\/12\/Collage21-300x110.jpg\" alt=\"\" width=\"300\" height=\"110\" srcset=\"https:\/\/www.mundi-roth.de\/teneriffa-blog\/wp-content\/uploads\/2012\/12\/Collage21-300x110.jpg 300w, https:\/\/www.mundi-roth.de\/teneriffa-blog\/wp-content\/uploads\/2012\/12\/Collage21-150x55.jpg 150w, https:\/\/www.mundi-roth.de\/teneriffa-blog\/wp-content\/uploads\/2012\/12\/Collage21.jpg 600w\" sizes=\"auto, (max-width: 300px) 100vw, 300px\" \/><\/a><a href=\"http:\/\/www.mundi-roth.de\/teneriffa-blog\/wp-content\/uploads\/2012\/11\/DSCN0974a.jpg\" rel=\"lightbox[1993]\"><img loading=\"lazy\" decoding=\"async\" class=\"alignleft size-thumbnail wp-image-2015\" title=\"DSCN0974a\" src=\"http:\/\/www.mundi-roth.de\/teneriffa-blog\/wp-content\/uploads\/2012\/11\/DSCN0974a-150x85.jpg\" alt=\"\" width=\"150\" height=\"85\" srcset=\"https:\/\/www.mundi-roth.de\/teneriffa-blog\/wp-content\/uploads\/2012\/11\/DSCN0974a-150x85.jpg 150w, https:\/\/www.mundi-roth.de\/teneriffa-blog\/wp-content\/uploads\/2012\/11\/DSCN0974a-300x170.jpg 300w, https:\/\/www.mundi-roth.de\/teneriffa-blog\/wp-content\/uploads\/2012\/11\/DSCN0974a.jpg 600w\" sizes=\"auto, (max-width: 150px) 100vw, 150px\" \/><\/a>Welche Freude! Mein lieber Mann erwartet uns am Kirchplatz.<a href=\"http:\/\/www.mundi-roth.de\/teneriffa-blog\/wp-content\/uploads\/2012\/12\/P1070282a.jpg\" rel=\"lightbox[1993]\"><img loading=\"lazy\" decoding=\"async\" class=\"alignright size-thumbnail wp-image-2010\" title=\"P1070282a\" src=\"http:\/\/www.mundi-roth.de\/teneriffa-blog\/wp-content\/uploads\/2012\/12\/P1070282a-122x150.jpg\" alt=\"\" width=\"122\" height=\"150\" srcset=\"https:\/\/www.mundi-roth.de\/teneriffa-blog\/wp-content\/uploads\/2012\/12\/P1070282a-122x150.jpg 122w, https:\/\/www.mundi-roth.de\/teneriffa-blog\/wp-content\/uploads\/2012\/12\/P1070282a-244x300.jpg 244w, https:\/\/www.mundi-roth.de\/teneriffa-blog\/wp-content\/uploads\/2012\/12\/P1070282a.jpg 489w\" sizes=\"auto, (max-width: 122px) 100vw, 122px\" \/><\/a><br \/>\nWir erkl\u00e4ren ihm von wo wir gekommen sind und wo wir bei der vorletzten Wanderung aufgestiegen sind. Immer unter den Strommasten her. &#8211; Schnell schauen wir uns noch die Infotafel vor der Feldkapelle Santa Catalina an. Diese stammt aus dem\u00a0 17. Jahrhundert und diente der Gemeinde u.a. auch als Lagerraum, Leichenhaus, Ausstellungssaal und sogar als Kino.<a href=\"http:\/\/www.mundi-roth.de\/teneriffa-blog\/wp-content\/uploads\/2012\/12\/Collage3.jpg\" rel=\"lightbox[1993]\"><img loading=\"lazy\" decoding=\"async\" class=\"aligncenter size-medium wp-image-2011\" title=\"Collage3\" src=\"http:\/\/www.mundi-roth.de\/teneriffa-blog\/wp-content\/uploads\/2012\/12\/Collage3-300x115.jpg\" alt=\"\" width=\"300\" height=\"115\" srcset=\"https:\/\/www.mundi-roth.de\/teneriffa-blog\/wp-content\/uploads\/2012\/12\/Collage3-300x115.jpg 300w, https:\/\/www.mundi-roth.de\/teneriffa-blog\/wp-content\/uploads\/2012\/12\/Collage3-150x57.jpg 150w, https:\/\/www.mundi-roth.de\/teneriffa-blog\/wp-content\/uploads\/2012\/12\/Collage3.jpg 600w\" sizes=\"auto, (max-width: 300px) 100vw, 300px\" \/><\/a><\/p>\n<p>Unser n\u00e4chstes Ziel ist die Playa de San Roque im Weiler Roque de las Bodegas.<\/p>\n<p>Man k\u00f6nnte zwar \u00fcber Treppen hinter der Kirche zu Fuss absteigen, da aber unser privates Taxi da ist, ziehen wir vor zu fahren.<br \/>\n<a href=\"http:\/\/www.mundi-roth.de\/teneriffa-blog\/wp-content\/uploads\/2012\/12\/DSCN1000a.jpg\" rel=\"lightbox[1993]\"><img loading=\"lazy\" decoding=\"async\" class=\"alignleft size-thumbnail wp-image-2012\" title=\"DSCN1000a\" src=\"http:\/\/www.mundi-roth.de\/teneriffa-blog\/wp-content\/uploads\/2012\/12\/DSCN1000a-150x65.jpg\" alt=\"\" width=\"150\" height=\"65\" srcset=\"https:\/\/www.mundi-roth.de\/teneriffa-blog\/wp-content\/uploads\/2012\/12\/DSCN1000a-150x65.jpg 150w, https:\/\/www.mundi-roth.de\/teneriffa-blog\/wp-content\/uploads\/2012\/12\/DSCN1000a-300x130.jpg 300w, https:\/\/www.mundi-roth.de\/teneriffa-blog\/wp-content\/uploads\/2012\/12\/DSCN1000a.jpg 600w\" sizes=\"auto, (max-width: 150px) 100vw, 150px\" \/><\/a>Zum einen wollen wir das phantastische Schauspiel der Brandung an den kleinen und gr\u00f6\u00dferen Felsen &#8211; Las Bajas &#8211; im Meer<a href=\"http:\/\/www.mundi-roth.de\/teneriffa-blog\/wp-content\/uploads\/2012\/12\/DSCN1008.jpg\" rel=\"lightbox[1993]\"><img loading=\"lazy\" decoding=\"async\" class=\"alignright size-thumbnail wp-image-2013\" title=\"DSCN1008\" src=\"http:\/\/www.mundi-roth.de\/teneriffa-blog\/wp-content\/uploads\/2012\/12\/DSCN1008-150x111.jpg\" alt=\"\" width=\"150\" height=\"111\" srcset=\"https:\/\/www.mundi-roth.de\/teneriffa-blog\/wp-content\/uploads\/2012\/12\/DSCN1008-150x111.jpg 150w, https:\/\/www.mundi-roth.de\/teneriffa-blog\/wp-content\/uploads\/2012\/12\/DSCN1008-300x223.jpg 300w, https:\/\/www.mundi-roth.de\/teneriffa-blog\/wp-content\/uploads\/2012\/12\/DSCN1008.jpg 600w\" sizes=\"auto, (max-width: 150px) 100vw, 150px\" \/><\/a> bestaunen und zum anderen lockt uns das Restaurant Casa Olga mit direktem Blick zum Meer.<\/p>\n<p><strong>Fazit:<\/strong><br \/>\nDie lange Anfahrt f\u00fcr diese relativ kurze\u00a0 &#8211; jedoch wundersch\u00f6ne &#8211; Wanderung wird zus\u00e4tzlich durch das Fischessen und die Brandung gerechtfertigt.<br \/>\n<strong>Anfahrt:<\/strong><br \/>\nVon Los Christianos kommend auf der TF 1 bis Santa Maria del Mar, dann auf die TF 2, auf dieser bis zur ersten Ausfahrt La Laguna, auf der TF 13 und dann auf der TF 12 bis zur Bushaltestelle bei der Casa Forestal. (ca. 1 \u00bd Stunden)<br \/>\n<strong>Abfahrt:<\/strong><br \/>\nWenn man will, weil die Strecke so sch\u00f6n ist.<br \/>\nZur\u00fcck auf die TF 12 und\u00a0 bis San Andr\u00e9s, hier auf der TF 11 \u00fcber Santa Cruz zur TF 1 Richtung Los Cristianos.<\/p>\n<p><strong>\u00dcbrigens:<\/strong><br \/>\nVor kurzem wurde ich gefragt, was f\u00fcr mich <strong>DIE sch\u00f6nste Wanderung<\/strong> ist.<br \/>\nAuf die Schnelle musste ich passen.<br \/>\nWenn ich es mir nun so \u00fcberlege w\u00fcrde ich einem Kurzurlauber auf Teneriffa zwei Touren empfehlen, bei denen er den Abwechslungsreichtum der Insel kompakt kennenlernen kann.<\/p>\n<p>Beide Touren sind nicht anstrengend, da sie weitestgehend nur bergab f\u00fchren. Sie dauern nicht mehr als 2 Stunden, wenn man das Gl\u00fcck eines privaten Tasxis hat Sonst wird es anstrengend, man kann beide als Rundtour gehen, jedoch der Aufstieg ist jeweils steil und schwei\u00dftreibend.<\/p>\n<p>Voraussetzung sind selbstverst\u00e4ndlich gutes Schuhwerk und St\u00f6cke.<\/p>\n<p>1.Tour in den Ca\u00f1adas: Um die <a href=\"http:\/\/www.mundi-roth.de\/teneriffa-blog\/wanderungen\/roques-de-garcia\/\"><strong>Roque de las Garc\u00edas<\/strong><\/a>. Hier bekommt man die Vielfalt der verschiedenen Vulkanformationen und Gesteinsarten kompakt vorgef\u00fchrt<br \/>\n2.Tour im Anagagebirge: Vom<a href=\"http:\/\/www.mundi-roth.de\/teneriffa-blog\/wanderungen\/casa-forestal-taganana-las-vueltas\/\"><strong> Casa Forestal nach Taganan<\/strong>a<\/a>. B\u00e4ume, Pflanzen und die besondere Atmosph\u00e4re des Nebel-Lorbeerwaldes bekommt man hier zu sehen und zu sp\u00fcren. Diese Wanderung l\u00e4sst sich auch mit dem Bus bewerkstelligen.<\/p>\n<p>F\u00fcr Elisabeth sind die zwei folgenden Touren DIE Sch\u00f6nsten:<br \/>\nAllerdings f\u00fcr Konditionsst\u00e4rkere:<\/p>\n<p>1.<a href=\"http:\/\/www.mundi-roth.de\/teneriffa-blog\/wanderungen\/organos-hohenweg\/\"><strong> \u00d3rganos H\u00f6henweg<\/strong><\/a>, Wanderwegstrecke 4 Stunden<br \/>\nIch schrieb damals: \u201eWill man die sch\u00f6nsten Wanderungen der Insel gehen, darf diese nicht fehlen.&#8220;<\/p>\n<p>2.<a href=\"http:\/\/www.mundi-roth.de\/teneriffa-blog\/wanderungen\/erjos-pass-%e2%80%93-la-vica-masca\/\"><strong>Erjos Pass \u2013 La Vica (Masca)<\/strong><\/a>, Wanderwegstrecke gut 3 Stunden Diese Tour aber unbedingt erst im Fr\u00fchjahr, so ab Februar gehen, denn dann ist diese Wanderung direkt ein \u201eMuss\u201c f\u00fcr diejenigen, die sich f\u00fcr die Botanik interessieren. Dazu noch ein beeindruckendes Panaorama im zweit\u00e4ltesten Inselteil mit seinen imposanten, markanten Felsabbr\u00fcchen.<\/p>\n<p>&nbsp;<\/p>\n","protected":false},"excerpt":{"rendered":"<p>Da die Wanderung vor 14 Tagen \u201eAfur \u2013 Tamadiste \u2013 Taganana \u2013 Afur\u201c so sch\u00f6n war, da wir bedauert haben, dass wir den den Abstecher in den Ort Taganana nicht gemacht haben, deshalb haben wir heute eine neue Wanderung im Anaga-Gebirge mit dem Ziel: Taganana unternommen. Wanderwegstrecke: 2 Stunden, ohne Pausen Um 10.30 Uhr starten [&hellip;]<\/p>\n","protected":false},"author":4,"featured_media":0,"comment_status":"open","ping_status":"open","sticky":false,"template":"","format":"standard","meta":{"footnotes":""},"categories":[768,6],"tags":[271,581,582,579,578,580,276],"class_list":["post-1993","post","type-post","status-publish","format-standard","hentry","category-anaga-gebirge","category-wanderungen","tag-anaga-gebirge","tag-barranco-de-las-iglesias","tag-barrio-de-portugal","tag-cruz-de-taganana","tag-las-vueltas","tag-roque-de-los-pasos","tag-taganana"],"yoast_head":"<!-- This site is optimized with the Yoast SEO plugin v27.5 - https:\/\/yoast.com\/product\/yoast-seo-wordpress\/ -->\n<title>Casa Forestal \u2013 Taganana (Las Vueltas) - Teneriffa Wandern<\/title>\n<meta name=\"robots\" content=\"index, follow, max-snippet:-1, max-image-preview:large, max-video-preview:-1\" \/>\n<link rel=\"canonical\" href=\"https:\/\/www.mundi-roth.de\/teneriffa-blog\/wanderungen\/casa-forestal-taganana-las-vueltas\/\" \/>\n<meta name=\"twitter:label1\" content=\"Verfasst von\" \/>\n\t<meta name=\"twitter:data1\" content=\"mundi\" \/>\n\t<meta name=\"twitter:label2\" content=\"Gesch\u00e4tzte Lesezeit\" \/>\n\t<meta name=\"twitter:data2\" content=\"6\u00a0Minuten\" \/>\n<script type=\"application\/ld+json\" class=\"yoast-schema-graph\">{\"@context\":\"https:\\\/\\\/schema.org\",\"@graph\":[{\"@type\":\"Article\",\"@id\":\"https:\\\/\\\/www.mundi-roth.de\\\/teneriffa-blog\\\/wanderungen\\\/casa-forestal-taganana-las-vueltas\\\/#article\",\"isPartOf\":{\"@id\":\"https:\\\/\\\/www.mundi-roth.de\\\/teneriffa-blog\\\/wanderungen\\\/casa-forestal-taganana-las-vueltas\\\/\"},\"author\":{\"name\":\"mundi\",\"@id\":\"https:\\\/\\\/www.mundi-roth.de\\\/teneriffa-blog\\\/#\\\/schema\\\/person\\\/971c66b55f3ae5e8741553688c413cac\"},\"headline\":\"Casa Forestal \u2013 Taganana (Las Vueltas)\",\"datePublished\":\"2012-11-29T21:00:38+00:00\",\"dateModified\":\"2015-04-09T13:51:18+00:00\",\"mainEntityOfPage\":{\"@id\":\"https:\\\/\\\/www.mundi-roth.de\\\/teneriffa-blog\\\/wanderungen\\\/casa-forestal-taganana-las-vueltas\\\/\"},\"wordCount\":1296,\"commentCount\":1,\"image\":{\"@id\":\"https:\\\/\\\/www.mundi-roth.de\\\/teneriffa-blog\\\/wanderungen\\\/casa-forestal-taganana-las-vueltas\\\/#primaryimage\"},\"thumbnailUrl\":\"http:\\\/\\\/www.mundi-roth.de\\\/teneriffa-blog\\\/wp-content\\\/uploads\\\/2012\\\/12\\\/DSCN0952Pfeil-150x82.jpg\",\"keywords\":[\"Anaga-Gebirge\",\"Barranco de las Iglesias\",\"Barrio de Portugal\",\"Cruz de Taganana\",\"Las Vueltas\",\"Roque de los Pasos\",\"Taganana\"],\"articleSection\":[\"Anaga-Gebirge\",\"Wanderungen\"],\"inLanguage\":\"de\",\"potentialAction\":[{\"@type\":\"CommentAction\",\"name\":\"Comment\",\"target\":[\"https:\\\/\\\/www.mundi-roth.de\\\/teneriffa-blog\\\/wanderungen\\\/casa-forestal-taganana-las-vueltas\\\/#respond\"]}]},{\"@type\":\"WebPage\",\"@id\":\"https:\\\/\\\/www.mundi-roth.de\\\/teneriffa-blog\\\/wanderungen\\\/casa-forestal-taganana-las-vueltas\\\/\",\"url\":\"https:\\\/\\\/www.mundi-roth.de\\\/teneriffa-blog\\\/wanderungen\\\/casa-forestal-taganana-las-vueltas\\\/\",\"name\":\"Casa Forestal \u2013 Taganana (Las Vueltas) - Teneriffa Wandern\",\"isPartOf\":{\"@id\":\"https:\\\/\\\/www.mundi-roth.de\\\/teneriffa-blog\\\/#website\"},\"primaryImageOfPage\":{\"@id\":\"https:\\\/\\\/www.mundi-roth.de\\\/teneriffa-blog\\\/wanderungen\\\/casa-forestal-taganana-las-vueltas\\\/#primaryimage\"},\"image\":{\"@id\":\"https:\\\/\\\/www.mundi-roth.de\\\/teneriffa-blog\\\/wanderungen\\\/casa-forestal-taganana-las-vueltas\\\/#primaryimage\"},\"thumbnailUrl\":\"http:\\\/\\\/www.mundi-roth.de\\\/teneriffa-blog\\\/wp-content\\\/uploads\\\/2012\\\/12\\\/DSCN0952Pfeil-150x82.jpg\",\"datePublished\":\"2012-11-29T21:00:38+00:00\",\"dateModified\":\"2015-04-09T13:51:18+00:00\",\"author\":{\"@id\":\"https:\\\/\\\/www.mundi-roth.de\\\/teneriffa-blog\\\/#\\\/schema\\\/person\\\/971c66b55f3ae5e8741553688c413cac\"},\"breadcrumb\":{\"@id\":\"https:\\\/\\\/www.mundi-roth.de\\\/teneriffa-blog\\\/wanderungen\\\/casa-forestal-taganana-las-vueltas\\\/#breadcrumb\"},\"inLanguage\":\"de\",\"potentialAction\":[{\"@type\":\"ReadAction\",\"target\":[\"https:\\\/\\\/www.mundi-roth.de\\\/teneriffa-blog\\\/wanderungen\\\/casa-forestal-taganana-las-vueltas\\\/\"]}]},{\"@type\":\"ImageObject\",\"inLanguage\":\"de\",\"@id\":\"https:\\\/\\\/www.mundi-roth.de\\\/teneriffa-blog\\\/wanderungen\\\/casa-forestal-taganana-las-vueltas\\\/#primaryimage\",\"url\":\"https:\\\/\\\/www.mundi-roth.de\\\/teneriffa-blog\\\/wp-content\\\/uploads\\\/2012\\\/12\\\/DSCN0952Pfeil.jpg\",\"contentUrl\":\"https:\\\/\\\/www.mundi-roth.de\\\/teneriffa-blog\\\/wp-content\\\/uploads\\\/2012\\\/12\\\/DSCN0952Pfeil.jpg\",\"width\":\"600\",\"height\":\"331\"},{\"@type\":\"BreadcrumbList\",\"@id\":\"https:\\\/\\\/www.mundi-roth.de\\\/teneriffa-blog\\\/wanderungen\\\/casa-forestal-taganana-las-vueltas\\\/#breadcrumb\",\"itemListElement\":[{\"@type\":\"ListItem\",\"position\":1,\"name\":\"Startseite\",\"item\":\"https:\\\/\\\/www.mundi-roth.de\\\/teneriffa-blog\\\/\"},{\"@type\":\"ListItem\",\"position\":2,\"name\":\"Casa Forestal \u2013 Taganana (Las Vueltas)\"}]},{\"@type\":\"WebSite\",\"@id\":\"https:\\\/\\\/www.mundi-roth.de\\\/teneriffa-blog\\\/#website\",\"url\":\"https:\\\/\\\/www.mundi-roth.de\\\/teneriffa-blog\\\/\",\"name\":\"Teneriffa Wandern\",\"description\":\"Nicht nur Wanderungen auf Teneriffa...\",\"potentialAction\":[{\"@type\":\"SearchAction\",\"target\":{\"@type\":\"EntryPoint\",\"urlTemplate\":\"https:\\\/\\\/www.mundi-roth.de\\\/teneriffa-blog\\\/?s={search_term_string}\"},\"query-input\":{\"@type\":\"PropertyValueSpecification\",\"valueRequired\":true,\"valueName\":\"search_term_string\"}}],\"inLanguage\":\"de\"},{\"@type\":\"Person\",\"@id\":\"https:\\\/\\\/www.mundi-roth.de\\\/teneriffa-blog\\\/#\\\/schema\\\/person\\\/971c66b55f3ae5e8741553688c413cac\",\"name\":\"mundi\",\"image\":{\"@type\":\"ImageObject\",\"inLanguage\":\"de\",\"@id\":\"https:\\\/\\\/secure.gravatar.com\\\/avatar\\\/555f0dd85428f1a9330f8e5dbe9e40ff9ca912bb81e5a89747ebf3ca9c20dc0f?s=96&d=mm&r=g\",\"url\":\"https:\\\/\\\/secure.gravatar.com\\\/avatar\\\/555f0dd85428f1a9330f8e5dbe9e40ff9ca912bb81e5a89747ebf3ca9c20dc0f?s=96&d=mm&r=g\",\"contentUrl\":\"https:\\\/\\\/secure.gravatar.com\\\/avatar\\\/555f0dd85428f1a9330f8e5dbe9e40ff9ca912bb81e5a89747ebf3ca9c20dc0f?s=96&d=mm&r=g\",\"caption\":\"mundi\"},\"sameAs\":[\"http:\\\/\\\/mundi-roth.de\"],\"url\":\"https:\\\/\\\/www.mundi-roth.de\\\/teneriffa-blog\\\/author\\\/mundi\\\/\"}]}<\/script>\n<!-- \/ Yoast SEO plugin. -->","yoast_head_json":{"title":"Casa Forestal \u2013 Taganana (Las Vueltas) - Teneriffa Wandern","robots":{"index":"index","follow":"follow","max-snippet":"max-snippet:-1","max-image-preview":"max-image-preview:large","max-video-preview":"max-video-preview:-1"},"canonical":"https:\/\/www.mundi-roth.de\/teneriffa-blog\/wanderungen\/casa-forestal-taganana-las-vueltas\/","twitter_misc":{"Verfasst von":"mundi","Gesch\u00e4tzte Lesezeit":"6\u00a0Minuten"},"schema":{"@context":"https:\/\/schema.org","@graph":[{"@type":"Article","@id":"https:\/\/www.mundi-roth.de\/teneriffa-blog\/wanderungen\/casa-forestal-taganana-las-vueltas\/#article","isPartOf":{"@id":"https:\/\/www.mundi-roth.de\/teneriffa-blog\/wanderungen\/casa-forestal-taganana-las-vueltas\/"},"author":{"name":"mundi","@id":"https:\/\/www.mundi-roth.de\/teneriffa-blog\/#\/schema\/person\/971c66b55f3ae5e8741553688c413cac"},"headline":"Casa Forestal \u2013 Taganana (Las Vueltas)","datePublished":"2012-11-29T21:00:38+00:00","dateModified":"2015-04-09T13:51:18+00:00","mainEntityOfPage":{"@id":"https:\/\/www.mundi-roth.de\/teneriffa-blog\/wanderungen\/casa-forestal-taganana-las-vueltas\/"},"wordCount":1296,"commentCount":1,"image":{"@id":"https:\/\/www.mundi-roth.de\/teneriffa-blog\/wanderungen\/casa-forestal-taganana-las-vueltas\/#primaryimage"},"thumbnailUrl":"http:\/\/www.mundi-roth.de\/teneriffa-blog\/wp-content\/uploads\/2012\/12\/DSCN0952Pfeil-150x82.jpg","keywords":["Anaga-Gebirge","Barranco de las Iglesias","Barrio de Portugal","Cruz de Taganana","Las Vueltas","Roque de los Pasos","Taganana"],"articleSection":["Anaga-Gebirge","Wanderungen"],"inLanguage":"de","potentialAction":[{"@type":"CommentAction","name":"Comment","target":["https:\/\/www.mundi-roth.de\/teneriffa-blog\/wanderungen\/casa-forestal-taganana-las-vueltas\/#respond"]}]},{"@type":"WebPage","@id":"https:\/\/www.mundi-roth.de\/teneriffa-blog\/wanderungen\/casa-forestal-taganana-las-vueltas\/","url":"https:\/\/www.mundi-roth.de\/teneriffa-blog\/wanderungen\/casa-forestal-taganana-las-vueltas\/","name":"Casa Forestal \u2013 Taganana (Las Vueltas) - Teneriffa Wandern","isPartOf":{"@id":"https:\/\/www.mundi-roth.de\/teneriffa-blog\/#website"},"primaryImageOfPage":{"@id":"https:\/\/www.mundi-roth.de\/teneriffa-blog\/wanderungen\/casa-forestal-taganana-las-vueltas\/#primaryimage"},"image":{"@id":"https:\/\/www.mundi-roth.de\/teneriffa-blog\/wanderungen\/casa-forestal-taganana-las-vueltas\/#primaryimage"},"thumbnailUrl":"http:\/\/www.mundi-roth.de\/teneriffa-blog\/wp-content\/uploads\/2012\/12\/DSCN0952Pfeil-150x82.jpg","datePublished":"2012-11-29T21:00:38+00:00","dateModified":"2015-04-09T13:51:18+00:00","author":{"@id":"https:\/\/www.mundi-roth.de\/teneriffa-blog\/#\/schema\/person\/971c66b55f3ae5e8741553688c413cac"},"breadcrumb":{"@id":"https:\/\/www.mundi-roth.de\/teneriffa-blog\/wanderungen\/casa-forestal-taganana-las-vueltas\/#breadcrumb"},"inLanguage":"de","potentialAction":[{"@type":"ReadAction","target":["https:\/\/www.mundi-roth.de\/teneriffa-blog\/wanderungen\/casa-forestal-taganana-las-vueltas\/"]}]},{"@type":"ImageObject","inLanguage":"de","@id":"https:\/\/www.mundi-roth.de\/teneriffa-blog\/wanderungen\/casa-forestal-taganana-las-vueltas\/#primaryimage","url":"https:\/\/www.mundi-roth.de\/teneriffa-blog\/wp-content\/uploads\/2012\/12\/DSCN0952Pfeil.jpg","contentUrl":"https:\/\/www.mundi-roth.de\/teneriffa-blog\/wp-content\/uploads\/2012\/12\/DSCN0952Pfeil.jpg","width":"600","height":"331"},{"@type":"BreadcrumbList","@id":"https:\/\/www.mundi-roth.de\/teneriffa-blog\/wanderungen\/casa-forestal-taganana-las-vueltas\/#breadcrumb","itemListElement":[{"@type":"ListItem","position":1,"name":"Startseite","item":"https:\/\/www.mundi-roth.de\/teneriffa-blog\/"},{"@type":"ListItem","position":2,"name":"Casa Forestal \u2013 Taganana (Las Vueltas)"}]},{"@type":"WebSite","@id":"https:\/\/www.mundi-roth.de\/teneriffa-blog\/#website","url":"https:\/\/www.mundi-roth.de\/teneriffa-blog\/","name":"Teneriffa Wandern","description":"Nicht nur Wanderungen auf Teneriffa...","potentialAction":[{"@type":"SearchAction","target":{"@type":"EntryPoint","urlTemplate":"https:\/\/www.mundi-roth.de\/teneriffa-blog\/?s={search_term_string}"},"query-input":{"@type":"PropertyValueSpecification","valueRequired":true,"valueName":"search_term_string"}}],"inLanguage":"de"},{"@type":"Person","@id":"https:\/\/www.mundi-roth.de\/teneriffa-blog\/#\/schema\/person\/971c66b55f3ae5e8741553688c413cac","name":"mundi","image":{"@type":"ImageObject","inLanguage":"de","@id":"https:\/\/secure.gravatar.com\/avatar\/555f0dd85428f1a9330f8e5dbe9e40ff9ca912bb81e5a89747ebf3ca9c20dc0f?s=96&d=mm&r=g","url":"https:\/\/secure.gravatar.com\/avatar\/555f0dd85428f1a9330f8e5dbe9e40ff9ca912bb81e5a89747ebf3ca9c20dc0f?s=96&d=mm&r=g","contentUrl":"https:\/\/secure.gravatar.com\/avatar\/555f0dd85428f1a9330f8e5dbe9e40ff9ca912bb81e5a89747ebf3ca9c20dc0f?s=96&d=mm&r=g","caption":"mundi"},"sameAs":["http:\/\/mundi-roth.de"],"url":"https:\/\/www.mundi-roth.de\/teneriffa-blog\/author\/mundi\/"}]}},"_links":{"self":[{"href":"https:\/\/www.mundi-roth.de\/teneriffa-blog\/wp-json\/wp\/v2\/posts\/1993","targetHints":{"allow":["GET"]}}],"collection":[{"href":"https:\/\/www.mundi-roth.de\/teneriffa-blog\/wp-json\/wp\/v2\/posts"}],"about":[{"href":"https:\/\/www.mundi-roth.de\/teneriffa-blog\/wp-json\/wp\/v2\/types\/post"}],"author":[{"embeddable":true,"href":"https:\/\/www.mundi-roth.de\/teneriffa-blog\/wp-json\/wp\/v2\/users\/4"}],"replies":[{"embeddable":true,"href":"https:\/\/www.mundi-roth.de\/teneriffa-blog\/wp-json\/wp\/v2\/comments?post=1993"}],"version-history":[{"count":0,"href":"https:\/\/www.mundi-roth.de\/teneriffa-blog\/wp-json\/wp\/v2\/posts\/1993\/revisions"}],"wp:attachment":[{"href":"https:\/\/www.mundi-roth.de\/teneriffa-blog\/wp-json\/wp\/v2\/media?parent=1993"}],"wp:term":[{"taxonomy":"category","embeddable":true,"href":"https:\/\/www.mundi-roth.de\/teneriffa-blog\/wp-json\/wp\/v2\/categories?post=1993"},{"taxonomy":"post_tag","embeddable":true,"href":"https:\/\/www.mundi-roth.de\/teneriffa-blog\/wp-json\/wp\/v2\/tags?post=1993"}],"curies":[{"name":"wp","href":"https:\/\/api.w.org\/{rel}","templated":true}]}}