{"id":2016,"date":"2012-12-04T22:00:30","date_gmt":"2012-12-04T21:00:30","guid":{"rendered":"http:\/\/www.mundi-roth.de\/teneriffa-blog\/?p=2016"},"modified":"2015-04-09T14:50:43","modified_gmt":"2015-04-09T13:50:43","slug":"teno-alto-punta-de-teno","status":"publish","type":"post","link":"https:\/\/www.mundi-roth.de\/teneriffa-blog\/wanderungen\/teno-alto-punta-de-teno\/","title":{"rendered":"Teno Alto \u2013 Punta de Teno"},"content":{"rendered":"<p style=\"text-align: left;\"><strong><em>Waren wir vergangene Woche im Nordosten Teneriffas, dem Anaga-Gebirge, so zog es uns heute in den Westen, in das Teno-Gebirge.<\/em><\/strong><br \/>\n<strong><em>Diese beiden Gebirge und noch das Bergmassiv bei Adeje waren die ersten drei Inselteile, die vor wahrscheinlich 10 Millionen Jahren aus dem Ozean auftauchten. Erst sp\u00e4ter erhob sich in der Mitte der drei Inselfragmente der Vorg\u00e4nger des Teide\u00a0 &#8211; nach heftigen Vulkanausbr\u00fcchen \u2013 und verband sich mit den drei Urinseln zu einer einzigen.<\/em><\/strong><\/p>\n<p>Also wir wandern \u2013 wie schon so oft \u2013 auf sehr altem, sehr geschichtstr\u00e4chtigem Boden.<\/p>\n<p>Im Dezember 2000 haben wir die heutige Tour\u00a0 &#8211; in Abwandlung \u2013 mit der Wandergruppe der evangelischen Kirchengemeinde Teneriffa S\u00fcd gemacht.<br \/>\nAllerdings gingen wir damals auf der Asphaltstra\u00dfe bis zum Abbruch und nur einige Wanderinnen und Wanderer der gro\u00dfen Gruppe stiegen von hier ab und gingen bis Punta de Teno und wieder zur\u00fcck nach Teno Alto.<\/p>\n<p><strong>Heutige Wanderwegstrecke: 2 \u00bd Stunden ohne Apfelpause<\/strong><\/p>\n<p>Die Anfahrt verl\u00e4ngerte sich ungewollt, da in Santiago del Teide die Zufahrt Richtung Masca f\u00fcr drei Tage wegen Stra\u00dfenbauarbeiten gesperrt ist.<br \/>\nAlso musste unser privates Taxi, sprich: mein lieber Mann, Elisabeth, unseren heutigen Wandergast Ulli und mich \u00fcber Buenavista \u2013 El Palmar \u2013 nach Teno Alto chauffieren. Zwei ganze Stunden!<\/p>\n<p>Aber: Wir haben Sonne in Teno Alto. Hier auch keine Selbstverst\u00e4ndlichkeit! Allerdings nur 12\u00b0C.<\/p>\n<p>Wie immer: Erst Infotafel studieren, etwas umsehen, denn Elisabeth und ich wir waren seit M\u00e4rz 2011 \u2013 unsere Wanderung<a href=\"http:\/\/www.mundi-roth.de\/teneriffa-blog\/wanderungen\/el-palmar-%e2%80%93-teno-alto-%e2%80%93-el-palmar\/\"> von El Palmar \u00fcber Teno Alto nach El Palmar<\/a> \u2013 nicht mehr hier.<br \/>\n<a href=\"http:\/\/www.mundi-roth.de\/teneriffa-blog\/wp-content\/uploads\/2012\/12\/Collage1.jpg\" rel=\"lightbox[2016]\"><img loading=\"lazy\" decoding=\"async\" class=\"aligncenter size-medium wp-image-2017\" title=\"Collage1\" src=\"http:\/\/www.mundi-roth.de\/teneriffa-blog\/wp-content\/uploads\/2012\/12\/Collage1-300x74.jpg\" alt=\"\" width=\"300\" height=\"74\" srcset=\"https:\/\/www.mundi-roth.de\/teneriffa-blog\/wp-content\/uploads\/2012\/12\/Collage1-300x74.jpg 300w, https:\/\/www.mundi-roth.de\/teneriffa-blog\/wp-content\/uploads\/2012\/12\/Collage1-150x37.jpg 150w, https:\/\/www.mundi-roth.de\/teneriffa-blog\/wp-content\/uploads\/2012\/12\/Collage1.jpg 750w\" sizes=\"auto, (max-width: 300px) 100vw, 300px\" \/><\/a><em>\u201eEntdecken Sie die Gegens\u00e4tze.<\/em><br \/>\n<em>Die Landschaft von Teno (Alto) ist anders als das restliche Gebirge.<\/em><br \/>\n<em>Die bisher steilen Abh\u00e4nge, das Merkmal des Teno-Gebirges, treten in diesem Gebiet zur\u00fcck und lassen Platz f\u00fcr ein oft windgepeitschtes Hochplateau.<\/em><br \/>\n<em>W\u00e4hrend Jahrhunderten beherbergte das wohlwollende Relief die Ureinwohner und ihre Ziegenherden. Nach der Eroberung durch die Europ\u00e4er besiedelten neue Bewohner diese Landschaft. Die Neuank\u00f6mmlinge brachten andere Vieharten, bereicherten den Getreideanbau mit neuen Varianten und pflanzten neue Nahrungsmittel wie Kartoffeln oder Weinst\u00f6cke. Trotzdem hat sich Teno seit diesen vergangenen Zeiten kaum ver\u00e4ndert. Heute noch klingen die Gipfel und T\u00e4ler nach dem Gebimmel der Ziegen, deren Milch den Grundstoff f\u00fcr den vorz\u00fcglichen K\u00e4se bildet.<\/em><br \/>\n<em>Die Bewohner von Teno haben der Zur\u00fcckgezogenheit und den harten Bedingungen getrotzt und jahrhundertealte Sitten erhalten. Zweifellos beschert Sie ein aufmerksamer und respektvoller Spaziergang in der Umgebung mit einigen sch\u00f6nen Beispielen.\u201c<\/em><\/p>\n<p>Um 11:05 Uhr marschieren wir \u2013 dem Wegweiser folgend:\u00a0 PR TF 51 Punta de <a href=\"http:\/\/www.mundi-roth.de\/teneriffa-blog\/wp-content\/uploads\/2012\/12\/DSCN1029.jpg\" rel=\"lightbox[2016]\"><img loading=\"lazy\" decoding=\"async\" class=\"alignleft size-thumbnail wp-image-2019\" title=\"DSCN1029\" src=\"http:\/\/www.mundi-roth.de\/teneriffa-blog\/wp-content\/uploads\/2012\/12\/DSCN1029-150x112.jpg\" alt=\"\" width=\"150\" height=\"112\" srcset=\"https:\/\/www.mundi-roth.de\/teneriffa-blog\/wp-content\/uploads\/2012\/12\/DSCN1029-150x112.jpg 150w, https:\/\/www.mundi-roth.de\/teneriffa-blog\/wp-content\/uploads\/2012\/12\/DSCN1029-300x225.jpg 300w, https:\/\/www.mundi-roth.de\/teneriffa-blog\/wp-content\/uploads\/2012\/12\/DSCN1029.jpg 600w\" sizes=\"auto, (max-width: 150px) 100vw, 150px\" \/><\/a>Teno 6,4 km &#8211;\u00a0\u00a0 auf der Asphaltstra\u00dfe gleich einer<a href=\"http:\/\/www.mundi-roth.de\/teneriffa-blog\/wp-content\/uploads\/2012\/12\/P1070287.jpg\" rel=\"lightbox[2016]\"><img loading=\"lazy\" decoding=\"async\" class=\"alignright size-thumbnail wp-image-2020\" title=\"P1070287\" src=\"http:\/\/www.mundi-roth.de\/teneriffa-blog\/wp-content\/uploads\/2012\/12\/P1070287-150x110.jpg\" alt=\"\" width=\"150\" height=\"110\" srcset=\"https:\/\/www.mundi-roth.de\/teneriffa-blog\/wp-content\/uploads\/2012\/12\/P1070287-150x110.jpg 150w, https:\/\/www.mundi-roth.de\/teneriffa-blog\/wp-content\/uploads\/2012\/12\/P1070287-300x221.jpg 300w, https:\/\/www.mundi-roth.de\/teneriffa-blog\/wp-content\/uploads\/2012\/12\/P1070287.jpg 600w\" sizes=\"auto, (max-width: 150px) 100vw, 150px\" \/><\/a> Ziegenherde entgegen, womit sich die Aussage auf der Infotafel umgehend best\u00e4tigt.<br \/>\nRechter Hand sehen wir H\u00f6hlenwohnungen und vor <a href=\"http:\/\/www.mundi-roth.de\/teneriffa-blog\/wp-content\/uploads\/2012\/12\/P1070286.jpg\" rel=\"lightbox[2016]\"><img loading=\"lazy\" decoding=\"async\" class=\"alignleft size-thumbnail wp-image-2021\" title=\"P1070286\" src=\"http:\/\/www.mundi-roth.de\/teneriffa-blog\/wp-content\/uploads\/2012\/12\/P1070286-150x112.jpg\" alt=\"\" width=\"150\" height=\"112\" srcset=\"https:\/\/www.mundi-roth.de\/teneriffa-blog\/wp-content\/uploads\/2012\/12\/P1070286-150x112.jpg 150w, https:\/\/www.mundi-roth.de\/teneriffa-blog\/wp-content\/uploads\/2012\/12\/P1070286-300x225.jpg 300w, https:\/\/www.mundi-roth.de\/teneriffa-blog\/wp-content\/uploads\/2012\/12\/P1070286.jpg 600w\" sizes=\"auto, (max-width: 150px) 100vw, 150px\" \/><\/a>uns breitet sich die Hochebene von Teno Alto aus.<br \/>\nWir sind gerade mal\u00a0 500 Meter gegangen, verlassen dann die Teerstra\u00dfe, folgen dem Hinweisschild \u201ePunta de Teno\u201c und gehen auf einen eigenartig bewachsenen<a href=\"http:\/\/www.mundi-roth.de\/teneriffa-blog\/wp-content\/uploads\/2012\/12\/P1070291.jpg\" rel=\"lightbox[2016]\"><img loading=\"lazy\" decoding=\"async\" class=\"alignright size-thumbnail wp-image-2022\" title=\"P1070291\" src=\"http:\/\/www.mundi-roth.de\/teneriffa-blog\/wp-content\/uploads\/2012\/12\/P1070291-150x112.jpg\" alt=\"\" width=\"150\" height=\"112\" srcset=\"https:\/\/www.mundi-roth.de\/teneriffa-blog\/wp-content\/uploads\/2012\/12\/P1070291-150x112.jpg 150w, https:\/\/www.mundi-roth.de\/teneriffa-blog\/wp-content\/uploads\/2012\/12\/P1070291-300x225.jpg 300w, https:\/\/www.mundi-roth.de\/teneriffa-blog\/wp-content\/uploads\/2012\/12\/P1070291.jpg 600w\" sizes=\"auto, (max-width: 150px) 100vw, 150px\" \/><\/a> H\u00fcgel zu \u2013 die Markierung \u2013 gelb-wei\u00df \u2013 ist auch nicht zu \u00fcbersehen.<br \/>\nNur wenige Schritte weiter\u00a0 &#8211; vorbei an einer gro\u00dfen <a href=\"http:\/\/www.mundi-roth.de\/teneriffa-blog\/wp-content\/uploads\/2012\/12\/P1070295.jpg\" rel=\"lightbox[2016]\"><img loading=\"lazy\" decoding=\"async\" class=\"alignleft size-thumbnail wp-image-2023\" title=\"P1070295\" src=\"http:\/\/www.mundi-roth.de\/teneriffa-blog\/wp-content\/uploads\/2012\/12\/P1070295-150x112.jpg\" alt=\"\" width=\"150\" height=\"112\" srcset=\"https:\/\/www.mundi-roth.de\/teneriffa-blog\/wp-content\/uploads\/2012\/12\/P1070295-150x112.jpg 150w, https:\/\/www.mundi-roth.de\/teneriffa-blog\/wp-content\/uploads\/2012\/12\/P1070295-300x225.jpg 300w, https:\/\/www.mundi-roth.de\/teneriffa-blog\/wp-content\/uploads\/2012\/12\/P1070295.jpg 600w\" sizes=\"auto, (max-width: 150px) 100vw, 150px\" \/><\/a>Steins\u00e4ule &#8211; geht der Blick geht zum Meer und auf unz\u00e4hlige Terrassenfelder, die die H\u00e4nge \u00fcberziehen. Respekt und Achtung zollen wir den Menschen, die das errichtet haben!<\/p>\n<p>Ein bequemer Weg im Erdreich\u00a0 &#8211; der dann auch wieder in eine Teerstra\u00dfe m\u00fcndet &#8211; f\u00fchrt uns abw\u00e4rts\u00a0 &#8211; vorbei an einem mit Kohl bepflanzten <a href=\"http:\/\/www.mundi-roth.de\/teneriffa-blog\/wp-content\/uploads\/2012\/12\/P1070297.jpg\" rel=\"lightbox[2016]\"><img loading=\"lazy\" decoding=\"async\" class=\"alignright size-thumbnail wp-image-2024\" title=\"P1070297\" src=\"http:\/\/www.mundi-roth.de\/teneriffa-blog\/wp-content\/uploads\/2012\/12\/P1070297-150x112.jpg\" alt=\"\" width=\"150\" height=\"112\" srcset=\"https:\/\/www.mundi-roth.de\/teneriffa-blog\/wp-content\/uploads\/2012\/12\/P1070297-150x112.jpg 150w, https:\/\/www.mundi-roth.de\/teneriffa-blog\/wp-content\/uploads\/2012\/12\/P1070297-300x225.jpg 300w, https:\/\/www.mundi-roth.de\/teneriffa-blog\/wp-content\/uploads\/2012\/12\/P1070297.jpg 600w\" sizes=\"auto, (max-width: 150px) 100vw, 150px\" \/><\/a>Terrassenfeld &#8211; zu einem rechts liegenden\u00a0 Ziegenstall.<br \/>\nLinks davon befindet sich ein gro\u00dfer Stein-Corall und hier biegen wir ab. Man k\u00f6nnte auch auf der Teerstra\u00dfe weitergehen, aber man w\u00fcrde sich die\u00a0 wunderbaren Ausblicke in den Barranco de las Cuevas nehmen. Gerade jetzt, nach den heftigen Regenf\u00e4llen, f\u00fchrt der Bach richtig Wasser und kleine Kaskaden und Gumpen unterhalb eines sch\u00f6n geformten Steinmassives begeistern uns.<\/p>\n<p style=\"text-align: center;\"><a href=\"http:\/\/www.mundi-roth.de\/teneriffa-blog\/wp-content\/uploads\/2012\/12\/Collage22.jpg\" rel=\"lightbox[2016]\"><img loading=\"lazy\" decoding=\"async\" class=\"aligncenter size-medium wp-image-2025\" title=\"Collage2\" src=\"http:\/\/www.mundi-roth.de\/teneriffa-blog\/wp-content\/uploads\/2012\/12\/Collage22-300x226.jpg\" alt=\"\" width=\"300\" height=\"226\" srcset=\"https:\/\/www.mundi-roth.de\/teneriffa-blog\/wp-content\/uploads\/2012\/12\/Collage22-300x226.jpg 300w, https:\/\/www.mundi-roth.de\/teneriffa-blog\/wp-content\/uploads\/2012\/12\/Collage22-150x113.jpg 150w, https:\/\/www.mundi-roth.de\/teneriffa-blog\/wp-content\/uploads\/2012\/12\/Collage22.jpg 743w\" sizes=\"auto, (max-width: 300px) 100vw, 300px\" \/><\/a><br \/>\nEs ist ein Pfad wie wir ihn m\u00f6gen!<\/p>\n<p style=\"text-align: left;\"><a href=\"http:\/\/www.mundi-roth.de\/teneriffa-blog\/wp-content\/uploads\/2012\/12\/P1070317.jpg\" rel=\"lightbox[2016]\"><img loading=\"lazy\" decoding=\"async\" class=\"alignleft size-thumbnail wp-image-2026\" title=\"P1070317\" src=\"http:\/\/www.mundi-roth.de\/teneriffa-blog\/wp-content\/uploads\/2012\/12\/P1070317-150x112.jpg\" alt=\"\" width=\"150\" height=\"112\" srcset=\"https:\/\/www.mundi-roth.de\/teneriffa-blog\/wp-content\/uploads\/2012\/12\/P1070317-150x112.jpg 150w, https:\/\/www.mundi-roth.de\/teneriffa-blog\/wp-content\/uploads\/2012\/12\/P1070317-300x225.jpg 300w, https:\/\/www.mundi-roth.de\/teneriffa-blog\/wp-content\/uploads\/2012\/12\/P1070317.jpg 600w\" sizes=\"auto, (max-width: 150px) 100vw, 150px\" \/><\/a>Immer wieder kommen wir an kleine Ansiedlungen vorbei,\u00a0 mit zum Teil verfallenen Geb\u00e4uden aber auch noch mit bewohnten.\u00a0<a href=\"http:\/\/www.mundi-roth.de\/teneriffa-blog\/wp-content\/uploads\/2012\/12\/P1070316.jpg\" rel=\"lightbox[2016]\"><img loading=\"lazy\" decoding=\"async\" class=\"alignright size-thumbnail wp-image-2027\" title=\"P1070316\" src=\"http:\/\/www.mundi-roth.de\/teneriffa-blog\/wp-content\/uploads\/2012\/12\/P1070316-150x112.jpg\" alt=\"\" width=\"150\" height=\"112\" srcset=\"https:\/\/www.mundi-roth.de\/teneriffa-blog\/wp-content\/uploads\/2012\/12\/P1070316-150x112.jpg 150w, https:\/\/www.mundi-roth.de\/teneriffa-blog\/wp-content\/uploads\/2012\/12\/P1070316-300x225.jpg 300w, https:\/\/www.mundi-roth.de\/teneriffa-blog\/wp-content\/uploads\/2012\/12\/P1070316.jpg 600w\" sizes=\"auto, (max-width: 150px) 100vw, 150px\" \/><\/a><br \/>\nUnd immer und \u00fcberall: Terrassenfelder!<br \/>\nAber auch Kleinodien im Lavagestein, die einer Beachtung w\u00fcrdig sind.<br \/>\n<a href=\"http:\/\/www.mundi-roth.de\/teneriffa-blog\/wp-content\/uploads\/2012\/12\/Collage31.jpg\" rel=\"lightbox[2016]\"><img loading=\"lazy\" decoding=\"async\" class=\"alignleft  wp-image-2028\" title=\"Collage3\" src=\"http:\/\/www.mundi-roth.de\/teneriffa-blog\/wp-content\/uploads\/2012\/12\/Collage31-300x73.jpg\" alt=\"\" width=\"300\" height=\"73\" srcset=\"https:\/\/www.mundi-roth.de\/teneriffa-blog\/wp-content\/uploads\/2012\/12\/Collage31-300x73.jpg 300w, https:\/\/www.mundi-roth.de\/teneriffa-blog\/wp-content\/uploads\/2012\/12\/Collage31-150x36.jpg 150w, https:\/\/www.mundi-roth.de\/teneriffa-blog\/wp-content\/uploads\/2012\/12\/Collage31.jpg 750w\" sizes=\"auto, (max-width: 300px) 100vw, 300px\" \/><\/a>Und immer weiter geht es abw\u00e4rts. Gro\u00dfe Agavengew\u00e4chse und Feigenkakteen, Tabaiba dulce wie amarga (Wolfsmilch s\u00fc\u00dfe wie bittere), die Bl\u00e4tter der G\u00e4nsedisteln, Zistrosenb\u00fcsche, schon vereinzelt bl\u00fchende Margariten und Kanaren Lavendel oder unscheinbarer die zarten Bl\u00fcten des rotsch\u00e4ftigen Blausterns\u00a0 <a href=\"http:\/\/www.mundi-roth.de\/teneriffa-blog\/wp-content\/uploads\/2012\/12\/P1070346a.jpg\" rel=\"lightbox[2016]\"><img loading=\"lazy\" decoding=\"async\" class=\"alignright size-thumbnail wp-image-2029\" title=\"P1070346a\" src=\"http:\/\/www.mundi-roth.de\/teneriffa-blog\/wp-content\/uploads\/2012\/12\/P1070346a-150x103.jpg\" alt=\"\" width=\"150\" height=\"103\" srcset=\"https:\/\/www.mundi-roth.de\/teneriffa-blog\/wp-content\/uploads\/2012\/12\/P1070346a-150x103.jpg 150w, https:\/\/www.mundi-roth.de\/teneriffa-blog\/wp-content\/uploads\/2012\/12\/P1070346a-300x206.jpg 300w, https:\/\/www.mundi-roth.de\/teneriffa-blog\/wp-content\/uploads\/2012\/12\/P1070346a.jpg 600w\" sizes=\"auto, (max-width: 150px) 100vw, 150px\" \/><\/a>s\u00e4umen den Pfad. Selbst wildwachsende Geranien beleben das Bild.<br \/>\nNach einer guten Stunde Gehzeit m\u00fcndet der Weg im <a href=\"http:\/\/www.mundi-roth.de\/teneriffa-blog\/wp-content\/uploads\/2012\/12\/P1070329.jpg\" rel=\"lightbox[2016]\"><img loading=\"lazy\" decoding=\"async\" class=\"alignleft size-thumbnail wp-image-2030\" title=\"P1070329\" src=\"http:\/\/www.mundi-roth.de\/teneriffa-blog\/wp-content\/uploads\/2012\/12\/P1070329-150x112.jpg\" alt=\"\" width=\"150\" height=\"112\" srcset=\"https:\/\/www.mundi-roth.de\/teneriffa-blog\/wp-content\/uploads\/2012\/12\/P1070329-150x112.jpg 150w, https:\/\/www.mundi-roth.de\/teneriffa-blog\/wp-content\/uploads\/2012\/12\/P1070329-300x225.jpg 300w, https:\/\/www.mundi-roth.de\/teneriffa-blog\/wp-content\/uploads\/2012\/12\/P1070329.jpg 600w\" sizes=\"auto, (max-width: 150px) 100vw, 150px\" \/><\/a>Barrancogrund und ein gr\u00f6\u00dferer T\u00fcmpel muss \u00fcberwunden werden, um dann wieder aufzusteigen.<br \/>\nNun wird der Weg im Erdreich wieder breiter und man kann rasch ausschreiten.<a href=\"http:\/\/www.mundi-roth.de\/teneriffa-blog\/wp-content\/uploads\/2012\/12\/P1070332a.jpg\" rel=\"lightbox[2016]\"><img loading=\"lazy\" decoding=\"async\" class=\"alignright size-thumbnail wp-image-2031\" title=\"P1070332a\" src=\"http:\/\/www.mundi-roth.de\/teneriffa-blog\/wp-content\/uploads\/2012\/12\/P1070332a-150x102.jpg\" alt=\"\" width=\"150\" height=\"102\" srcset=\"https:\/\/www.mundi-roth.de\/teneriffa-blog\/wp-content\/uploads\/2012\/12\/P1070332a-150x102.jpg 150w, https:\/\/www.mundi-roth.de\/teneriffa-blog\/wp-content\/uploads\/2012\/12\/P1070332a-300x205.jpg 300w, https:\/\/www.mundi-roth.de\/teneriffa-blog\/wp-content\/uploads\/2012\/12\/P1070332a.jpg 600w\" sizes=\"auto, (max-width: 150px) 100vw, 150px\" \/><\/a><br \/>\nDer Blick geht auf Windkraftm\u00fchlen, das Meer .<br \/>\n<a href=\"http:\/\/www.mundi-roth.de\/teneriffa-blog\/wp-content\/uploads\/2012\/12\/P1070333.jpg\" rel=\"lightbox[2016]\"><img loading=\"lazy\" decoding=\"async\" class=\"alignleft size-thumbnail wp-image-2032\" title=\"P1070333\" src=\"http:\/\/www.mundi-roth.de\/teneriffa-blog\/wp-content\/uploads\/2012\/12\/P1070333-150x112.jpg\" alt=\"\" width=\"150\" height=\"112\" srcset=\"https:\/\/www.mundi-roth.de\/teneriffa-blog\/wp-content\/uploads\/2012\/12\/P1070333-150x112.jpg 150w, https:\/\/www.mundi-roth.de\/teneriffa-blog\/wp-content\/uploads\/2012\/12\/P1070333-300x225.jpg 300w, https:\/\/www.mundi-roth.de\/teneriffa-blog\/wp-content\/uploads\/2012\/12\/P1070333.jpg 600w\" sizes=\"auto, (max-width: 150px) 100vw, 150px\" \/><\/a>Nicht ablenken lassen. Es gilt ein Gatter zu \u00f6ffnen und auch wieder zu schlie\u00dfen, denn dahinter geht es weiter.<br \/>\nIm Zick-Zack \u2013 mit \u00dcberwindung einer abgest\u00fcrzten alten, gro\u00dfen Feigenkaktee \u2013 geht es auf steinigem Pfad<a href=\"http:\/\/www.mundi-roth.de\/teneriffa-blog\/wp-content\/uploads\/2012\/12\/P1070340.jpg\" rel=\"lightbox[2016]\"><img loading=\"lazy\" decoding=\"async\" class=\"alignright size-thumbnail wp-image-2033\" title=\"P1070340\" src=\"http:\/\/www.mundi-roth.de\/teneriffa-blog\/wp-content\/uploads\/2012\/12\/P1070340-150x112.jpg\" alt=\"\" width=\"150\" height=\"112\" srcset=\"https:\/\/www.mundi-roth.de\/teneriffa-blog\/wp-content\/uploads\/2012\/12\/P1070340-150x112.jpg 150w, https:\/\/www.mundi-roth.de\/teneriffa-blog\/wp-content\/uploads\/2012\/12\/P1070340-300x225.jpg 300w, https:\/\/www.mundi-roth.de\/teneriffa-blog\/wp-content\/uploads\/2012\/12\/P1070340.jpg 600w\" sizes=\"auto, (max-width: 150px) 100vw, 150px\" \/><\/a>\u00a0 steil abw\u00e4rts.<br \/>\nWie immer: Gute Schuhe und St\u00f6cke sind unerl\u00e4sslich. Dass die Knie mitmachen, ist Bedingung.<br \/>\nNach einer Gehzeit ab Start von 1 \u00bd\u00a0 sehen wir unser Ziel: Den Leuchtturm von Punta de Teno.<br \/>\nSicher kann man das alles schneller bew\u00e4ltigen, man w\u00fcrde sich jedoch des Schauens und Staunens vergeben, denn nur auf den Weg zu achten, macht uns keinen Spa\u00df.<br \/>\nImmerhin bringe ich von fast jeder Wanderung mindestens 80 Aufnahmen mit!<br \/>\n<a href=\"http:\/\/www.mundi-roth.de\/teneriffa-blog\/wp-content\/uploads\/2012\/12\/P1070342.jpg\" rel=\"lightbox[2016]\"><img loading=\"lazy\" decoding=\"async\" class=\"alignleft size-thumbnail wp-image-2034\" title=\"P1070342\" src=\"http:\/\/www.mundi-roth.de\/teneriffa-blog\/wp-content\/uploads\/2012\/12\/P1070342-112x150.jpg\" alt=\"\" width=\"112\" height=\"150\" srcset=\"https:\/\/www.mundi-roth.de\/teneriffa-blog\/wp-content\/uploads\/2012\/12\/P1070342-112x150.jpg 112w, https:\/\/www.mundi-roth.de\/teneriffa-blog\/wp-content\/uploads\/2012\/12\/P1070342-225x300.jpg 225w, https:\/\/www.mundi-roth.de\/teneriffa-blog\/wp-content\/uploads\/2012\/12\/P1070342.jpg 450w\" sizes=\"auto, (max-width: 112px) 100vw, 112px\" \/><\/a>Die H\u00e4nge sind nunmehr mit gro\u00dfen, imposanten B\u00fcschen der Kanaren Wolfsmilch bewachsen und die Felsen sind mit Flechten \u00fcberzogen.<\/p>\n<p>Um 13.15 Uhr erreichen wir bei den Windkraftanlagen und einer Obst- und Gem\u00fcse-Verladestation die Asphaltstra\u00dfe, die von Buenavista zum Leuchtturm f\u00fchrt.<br \/>\nDa wir uns vor dem \u201eStra\u00dfe gehen\u201c dr\u00fccken wollen, versuchen wir erst unser Gl\u00fcck und halten uns etwas oberhalb links, an Tabaibab\u00fcschen und Feigenkakteen mit <a href=\"http:\/\/www.mundi-roth.de\/teneriffa-blog\/wp-content\/uploads\/2012\/12\/P1070345.jpg\" rel=\"lightbox[2016]\"><img loading=\"lazy\" decoding=\"async\" class=\"alignleft size-thumbnail wp-image-2035\" title=\"P1070345\" src=\"http:\/\/www.mundi-roth.de\/teneriffa-blog\/wp-content\/uploads\/2012\/12\/P1070345-150x112.jpg\" alt=\"\" width=\"150\" height=\"112\" srcset=\"https:\/\/www.mundi-roth.de\/teneriffa-blog\/wp-content\/uploads\/2012\/12\/P1070345-150x112.jpg 150w, https:\/\/www.mundi-roth.de\/teneriffa-blog\/wp-content\/uploads\/2012\/12\/P1070345-300x225.jpg 300w, https:\/\/www.mundi-roth.de\/teneriffa-blog\/wp-content\/uploads\/2012\/12\/P1070345.jpg 600w\" sizes=\"auto, (max-width: 150px) 100vw, 150px\" \/><\/a>ihren ekligen Stacheln vorbei. Jedoch nach ca. 10 Minuten m\u00fcssen wir erkennen, das geht gar nicht. Alles zugewachsen und sehr stachelig. Also einen Pfad durch die Str\u00e4ucher zur Stra\u00dfe suchen und wer erwartet uns dort? Unser Privat-Taxi!<\/p>\n<p>Wir brauchen also keine Teerstra\u00dfe mehr zu gehen sondern werden bequem zum Leuchtturm gefahren. Schlendern dort auf den <a href=\"http:\/\/www.mundi-roth.de\/teneriffa-blog\/wp-content\/uploads\/2012\/12\/P1070366.jpg\" rel=\"lightbox[2016]\"><img loading=\"lazy\" decoding=\"async\" class=\"alignright size-thumbnail wp-image-2036\" title=\"P1070366\" src=\"http:\/\/www.mundi-roth.de\/teneriffa-blog\/wp-content\/uploads\/2012\/12\/P1070366-150x112.jpg\" alt=\"\" width=\"150\" height=\"112\" srcset=\"https:\/\/www.mundi-roth.de\/teneriffa-blog\/wp-content\/uploads\/2012\/12\/P1070366-150x112.jpg 150w, https:\/\/www.mundi-roth.de\/teneriffa-blog\/wp-content\/uploads\/2012\/12\/P1070366-300x225.jpg 300w, https:\/\/www.mundi-roth.de\/teneriffa-blog\/wp-content\/uploads\/2012\/12\/P1070366.jpg 600w\" sizes=\"auto, (max-width: 150px) 100vw, 150px\" \/><\/a>sch\u00f6n angelegten Holzbohlenstegen, schauen mutigen <a href=\"http:\/\/www.mundi-roth.de\/teneriffa-blog\/wp-content\/uploads\/2012\/12\/P1070358.jpg\" rel=\"lightbox[2016]\"><img loading=\"lazy\" decoding=\"async\" class=\"alignleft size-thumbnail wp-image-2037\" title=\"P1070358\" src=\"http:\/\/www.mundi-roth.de\/teneriffa-blog\/wp-content\/uploads\/2012\/12\/P1070358-150x112.jpg\" alt=\"\" width=\"150\" height=\"112\" srcset=\"https:\/\/www.mundi-roth.de\/teneriffa-blog\/wp-content\/uploads\/2012\/12\/P1070358-150x112.jpg 150w, https:\/\/www.mundi-roth.de\/teneriffa-blog\/wp-content\/uploads\/2012\/12\/P1070358-300x225.jpg 300w, https:\/\/www.mundi-roth.de\/teneriffa-blog\/wp-content\/uploads\/2012\/12\/P1070358.jpg 600w\" sizes=\"auto, (max-width: 150px) 100vw, 150px\" \/><\/a>Schwimmern und Springern zu, fotografieren den Leuchtturm in all dem Lavagestein inclusive Blick auf La Gomera und\u00a0 die wuchtigen Felsen vor Los Gigantes.<\/p>\n<p style=\"text-align: center;\">Und nun geht es zur\u00fcck nach Buenavista.<\/p>\n<p style=\"text-align: center;\">Wir haben uns\u00a0 in dem besonderen Restaurant<br \/>\n<strong>El Burgado, <\/strong>Cno. Rinc\u00f3n (Tel. 922 72 7831)<\/p>\n<p style=\"text-align: center;\"><a href=\"http:\/\/www.mundi-roth.de\/teneriffa-blog\/wp-content\/uploads\/2012\/12\/Collage4.jpg\" rel=\"lightbox[2016]\"><img loading=\"lazy\" decoding=\"async\" class=\"aligncenter  wp-image-2039\" title=\"Collage4\" src=\"http:\/\/www.mundi-roth.de\/teneriffa-blog\/wp-content\/uploads\/2012\/12\/Collage4-300x144.jpg\" alt=\"\" width=\"300\" height=\"144\" srcset=\"https:\/\/www.mundi-roth.de\/teneriffa-blog\/wp-content\/uploads\/2012\/12\/Collage4-300x144.jpg 300w, https:\/\/www.mundi-roth.de\/teneriffa-blog\/wp-content\/uploads\/2012\/12\/Collage4-150x72.jpg 150w, https:\/\/www.mundi-roth.de\/teneriffa-blog\/wp-content\/uploads\/2012\/12\/Collage4.jpg 750w\" sizes=\"auto, (max-width: 300px) 100vw, 300px\" \/><\/a><\/p>\n<p style=\"text-align: center;\"><a href=\"http:\/\/www.mundi-roth.de\/teneriffa-blog\/wp-content\/uploads\/2012\/12\/P1070369.jpg\" rel=\"lightbox[2016]\"><img loading=\"lazy\" decoding=\"async\" class=\"aligncenter size-thumbnail wp-image-2038\" title=\"P1070369\" src=\"http:\/\/www.mundi-roth.de\/teneriffa-blog\/wp-content\/uploads\/2012\/12\/P1070369-150x112.jpg\" alt=\"\" width=\"150\" height=\"112\" srcset=\"https:\/\/www.mundi-roth.de\/teneriffa-blog\/wp-content\/uploads\/2012\/12\/P1070369-150x112.jpg 150w, https:\/\/www.mundi-roth.de\/teneriffa-blog\/wp-content\/uploads\/2012\/12\/P1070369-300x225.jpg 300w, https:\/\/www.mundi-roth.de\/teneriffa-blog\/wp-content\/uploads\/2012\/12\/P1070369.jpg 600w\" sizes=\"auto, (max-width: 150px) 100vw, 150px\" \/><\/a><\/p>\n<p style=\"text-align: center;\">ein gutes Mittagessen verdient<\/p>\n<p><strong>Fazit:<\/strong><br \/>\nWir sind wieder sehr angetan von der so ganz anderen Landschaft im Gegensatz zum Anagagebirge oder unseren sonstigen Touren.<br \/>\nWeite!<br \/>\nImmer wieder gerne!<\/p>\n<p><strong>Anfahrt:<\/strong><br \/>\nNormalerweise, wenn keine Stra\u00dfensperrung daran hindert:<br \/>\nAus Los Cristianos kommend fahren wir auf der Autobahn TF 1 bis zum Kreisel von Adeje, hier auf die TF 82 bis Santiago del Teide dort biegen wir Richtung Masca auf die abenteuerliche TF 436 bis Buena Vista, hier links auf die TF 42 Richtung Punta Teno, sofort wieder links auf die TF 445 \u201eCasa, Punta Teno\u201c.<\/p>\n<p><strong>Abfahrt:<\/strong><br \/>\nFaro de Teno \u2013 Punta de Teno auf der TF 445 bis Buenavista, dann auf der TF 42 bis kurz vor Garachico, hier auf die TF 421 bis Tanque, dann auf die TF 82 \u00fcber Santiago del Teide &#8211;\u00a0 Guia de Isora bis zur TF 1 nach Los Christianos.<\/p>\n","protected":false},"excerpt":{"rendered":"<p>Waren wir vergangene Woche im Nordosten Teneriffas, dem Anaga-Gebirge, so zog es uns heute in den Westen, in das Teno-Gebirge. Diese beiden Gebirge und noch das Bergmassiv bei Adeje waren die ersten drei Inselteile, die vor wahrscheinlich 10 Millionen Jahren aus dem Ozean auftauchten. Erst sp\u00e4ter erhob sich in der Mitte der drei Inselfragmente der [&hellip;]<\/p>\n","protected":false},"author":4,"featured_media":0,"comment_status":"open","ping_status":"open","sticky":false,"template":"","format":"standard","meta":{"footnotes":""},"categories":[778,6],"tags":[585,180,583,181,313,584],"class_list":["post-2016","post","type-post","status-publish","format-standard","hentry","category-teno-gebirge","category-wanderungen","tag-barranco-de-las-cuevas","tag-buenavista","tag-punta-de-teno","tag-teno-alto","tag-teno-gebirge","tag-terrassenfelder"],"yoast_head":"<!-- This site is optimized with the Yoast SEO plugin v27.5 - https:\/\/yoast.com\/product\/yoast-seo-wordpress\/ -->\n<title>Teno Alto \u2013 Punta de Teno - Teneriffa Wandern<\/title>\n<meta name=\"robots\" content=\"index, follow, max-snippet:-1, max-image-preview:large, max-video-preview:-1\" \/>\n<link rel=\"canonical\" href=\"https:\/\/www.mundi-roth.de\/teneriffa-blog\/wanderungen\/teno-alto-punta-de-teno\/\" \/>\n<meta name=\"twitter:label1\" content=\"Verfasst von\" \/>\n\t<meta name=\"twitter:data1\" content=\"mundi\" \/>\n\t<meta name=\"twitter:label2\" content=\"Gesch\u00e4tzte Lesezeit\" \/>\n\t<meta name=\"twitter:data2\" content=\"6\u00a0Minuten\" \/>\n<script type=\"application\/ld+json\" class=\"yoast-schema-graph\">{\"@context\":\"https:\\\/\\\/schema.org\",\"@graph\":[{\"@type\":\"Article\",\"@id\":\"https:\\\/\\\/www.mundi-roth.de\\\/teneriffa-blog\\\/wanderungen\\\/teno-alto-punta-de-teno\\\/#article\",\"isPartOf\":{\"@id\":\"https:\\\/\\\/www.mundi-roth.de\\\/teneriffa-blog\\\/wanderungen\\\/teno-alto-punta-de-teno\\\/\"},\"author\":{\"name\":\"mundi\",\"@id\":\"https:\\\/\\\/www.mundi-roth.de\\\/teneriffa-blog\\\/#\\\/schema\\\/person\\\/971c66b55f3ae5e8741553688c413cac\"},\"headline\":\"Teno Alto \u2013 Punta de Teno\",\"datePublished\":\"2012-12-04T21:00:30+00:00\",\"dateModified\":\"2015-04-09T13:50:43+00:00\",\"mainEntityOfPage\":{\"@id\":\"https:\\\/\\\/www.mundi-roth.de\\\/teneriffa-blog\\\/wanderungen\\\/teno-alto-punta-de-teno\\\/\"},\"wordCount\":1199,\"commentCount\":1,\"image\":{\"@id\":\"https:\\\/\\\/www.mundi-roth.de\\\/teneriffa-blog\\\/wanderungen\\\/teno-alto-punta-de-teno\\\/#primaryimage\"},\"thumbnailUrl\":\"http:\\\/\\\/www.mundi-roth.de\\\/teneriffa-blog\\\/wp-content\\\/uploads\\\/2012\\\/12\\\/Collage1-300x74.jpg\",\"keywords\":[\"Barranco de las Cuevas\",\"Buenavista\",\"Punta de Teno\",\"Teno Alto\",\"Teno-Gebirge\",\"Terrassenfelder\"],\"articleSection\":[\"Teno-Gebirge\",\"Wanderungen\"],\"inLanguage\":\"de\",\"potentialAction\":[{\"@type\":\"CommentAction\",\"name\":\"Comment\",\"target\":[\"https:\\\/\\\/www.mundi-roth.de\\\/teneriffa-blog\\\/wanderungen\\\/teno-alto-punta-de-teno\\\/#respond\"]}]},{\"@type\":\"WebPage\",\"@id\":\"https:\\\/\\\/www.mundi-roth.de\\\/teneriffa-blog\\\/wanderungen\\\/teno-alto-punta-de-teno\\\/\",\"url\":\"https:\\\/\\\/www.mundi-roth.de\\\/teneriffa-blog\\\/wanderungen\\\/teno-alto-punta-de-teno\\\/\",\"name\":\"Teno Alto \u2013 Punta de Teno - Teneriffa Wandern\",\"isPartOf\":{\"@id\":\"https:\\\/\\\/www.mundi-roth.de\\\/teneriffa-blog\\\/#website\"},\"primaryImageOfPage\":{\"@id\":\"https:\\\/\\\/www.mundi-roth.de\\\/teneriffa-blog\\\/wanderungen\\\/teno-alto-punta-de-teno\\\/#primaryimage\"},\"image\":{\"@id\":\"https:\\\/\\\/www.mundi-roth.de\\\/teneriffa-blog\\\/wanderungen\\\/teno-alto-punta-de-teno\\\/#primaryimage\"},\"thumbnailUrl\":\"http:\\\/\\\/www.mundi-roth.de\\\/teneriffa-blog\\\/wp-content\\\/uploads\\\/2012\\\/12\\\/Collage1-300x74.jpg\",\"datePublished\":\"2012-12-04T21:00:30+00:00\",\"dateModified\":\"2015-04-09T13:50:43+00:00\",\"author\":{\"@id\":\"https:\\\/\\\/www.mundi-roth.de\\\/teneriffa-blog\\\/#\\\/schema\\\/person\\\/971c66b55f3ae5e8741553688c413cac\"},\"breadcrumb\":{\"@id\":\"https:\\\/\\\/www.mundi-roth.de\\\/teneriffa-blog\\\/wanderungen\\\/teno-alto-punta-de-teno\\\/#breadcrumb\"},\"inLanguage\":\"de\",\"potentialAction\":[{\"@type\":\"ReadAction\",\"target\":[\"https:\\\/\\\/www.mundi-roth.de\\\/teneriffa-blog\\\/wanderungen\\\/teno-alto-punta-de-teno\\\/\"]}]},{\"@type\":\"ImageObject\",\"inLanguage\":\"de\",\"@id\":\"https:\\\/\\\/www.mundi-roth.de\\\/teneriffa-blog\\\/wanderungen\\\/teno-alto-punta-de-teno\\\/#primaryimage\",\"url\":\"https:\\\/\\\/www.mundi-roth.de\\\/teneriffa-blog\\\/wp-content\\\/uploads\\\/2012\\\/12\\\/Collage1.jpg\",\"contentUrl\":\"https:\\\/\\\/www.mundi-roth.de\\\/teneriffa-blog\\\/wp-content\\\/uploads\\\/2012\\\/12\\\/Collage1.jpg\",\"width\":\"750\",\"height\":\"186\"},{\"@type\":\"BreadcrumbList\",\"@id\":\"https:\\\/\\\/www.mundi-roth.de\\\/teneriffa-blog\\\/wanderungen\\\/teno-alto-punta-de-teno\\\/#breadcrumb\",\"itemListElement\":[{\"@type\":\"ListItem\",\"position\":1,\"name\":\"Startseite\",\"item\":\"https:\\\/\\\/www.mundi-roth.de\\\/teneriffa-blog\\\/\"},{\"@type\":\"ListItem\",\"position\":2,\"name\":\"Teno Alto \u2013 Punta de Teno\"}]},{\"@type\":\"WebSite\",\"@id\":\"https:\\\/\\\/www.mundi-roth.de\\\/teneriffa-blog\\\/#website\",\"url\":\"https:\\\/\\\/www.mundi-roth.de\\\/teneriffa-blog\\\/\",\"name\":\"Teneriffa Wandern\",\"description\":\"Nicht nur Wanderungen auf Teneriffa...\",\"potentialAction\":[{\"@type\":\"SearchAction\",\"target\":{\"@type\":\"EntryPoint\",\"urlTemplate\":\"https:\\\/\\\/www.mundi-roth.de\\\/teneriffa-blog\\\/?s={search_term_string}\"},\"query-input\":{\"@type\":\"PropertyValueSpecification\",\"valueRequired\":true,\"valueName\":\"search_term_string\"}}],\"inLanguage\":\"de\"},{\"@type\":\"Person\",\"@id\":\"https:\\\/\\\/www.mundi-roth.de\\\/teneriffa-blog\\\/#\\\/schema\\\/person\\\/971c66b55f3ae5e8741553688c413cac\",\"name\":\"mundi\",\"image\":{\"@type\":\"ImageObject\",\"inLanguage\":\"de\",\"@id\":\"https:\\\/\\\/secure.gravatar.com\\\/avatar\\\/555f0dd85428f1a9330f8e5dbe9e40ff9ca912bb81e5a89747ebf3ca9c20dc0f?s=96&d=mm&r=g\",\"url\":\"https:\\\/\\\/secure.gravatar.com\\\/avatar\\\/555f0dd85428f1a9330f8e5dbe9e40ff9ca912bb81e5a89747ebf3ca9c20dc0f?s=96&d=mm&r=g\",\"contentUrl\":\"https:\\\/\\\/secure.gravatar.com\\\/avatar\\\/555f0dd85428f1a9330f8e5dbe9e40ff9ca912bb81e5a89747ebf3ca9c20dc0f?s=96&d=mm&r=g\",\"caption\":\"mundi\"},\"sameAs\":[\"http:\\\/\\\/mundi-roth.de\"],\"url\":\"https:\\\/\\\/www.mundi-roth.de\\\/teneriffa-blog\\\/author\\\/mundi\\\/\"}]}<\/script>\n<!-- \/ Yoast SEO plugin. -->","yoast_head_json":{"title":"Teno Alto \u2013 Punta de Teno - Teneriffa Wandern","robots":{"index":"index","follow":"follow","max-snippet":"max-snippet:-1","max-image-preview":"max-image-preview:large","max-video-preview":"max-video-preview:-1"},"canonical":"https:\/\/www.mundi-roth.de\/teneriffa-blog\/wanderungen\/teno-alto-punta-de-teno\/","twitter_misc":{"Verfasst von":"mundi","Gesch\u00e4tzte Lesezeit":"6\u00a0Minuten"},"schema":{"@context":"https:\/\/schema.org","@graph":[{"@type":"Article","@id":"https:\/\/www.mundi-roth.de\/teneriffa-blog\/wanderungen\/teno-alto-punta-de-teno\/#article","isPartOf":{"@id":"https:\/\/www.mundi-roth.de\/teneriffa-blog\/wanderungen\/teno-alto-punta-de-teno\/"},"author":{"name":"mundi","@id":"https:\/\/www.mundi-roth.de\/teneriffa-blog\/#\/schema\/person\/971c66b55f3ae5e8741553688c413cac"},"headline":"Teno Alto \u2013 Punta de Teno","datePublished":"2012-12-04T21:00:30+00:00","dateModified":"2015-04-09T13:50:43+00:00","mainEntityOfPage":{"@id":"https:\/\/www.mundi-roth.de\/teneriffa-blog\/wanderungen\/teno-alto-punta-de-teno\/"},"wordCount":1199,"commentCount":1,"image":{"@id":"https:\/\/www.mundi-roth.de\/teneriffa-blog\/wanderungen\/teno-alto-punta-de-teno\/#primaryimage"},"thumbnailUrl":"http:\/\/www.mundi-roth.de\/teneriffa-blog\/wp-content\/uploads\/2012\/12\/Collage1-300x74.jpg","keywords":["Barranco de las Cuevas","Buenavista","Punta de Teno","Teno Alto","Teno-Gebirge","Terrassenfelder"],"articleSection":["Teno-Gebirge","Wanderungen"],"inLanguage":"de","potentialAction":[{"@type":"CommentAction","name":"Comment","target":["https:\/\/www.mundi-roth.de\/teneriffa-blog\/wanderungen\/teno-alto-punta-de-teno\/#respond"]}]},{"@type":"WebPage","@id":"https:\/\/www.mundi-roth.de\/teneriffa-blog\/wanderungen\/teno-alto-punta-de-teno\/","url":"https:\/\/www.mundi-roth.de\/teneriffa-blog\/wanderungen\/teno-alto-punta-de-teno\/","name":"Teno Alto \u2013 Punta de Teno - Teneriffa Wandern","isPartOf":{"@id":"https:\/\/www.mundi-roth.de\/teneriffa-blog\/#website"},"primaryImageOfPage":{"@id":"https:\/\/www.mundi-roth.de\/teneriffa-blog\/wanderungen\/teno-alto-punta-de-teno\/#primaryimage"},"image":{"@id":"https:\/\/www.mundi-roth.de\/teneriffa-blog\/wanderungen\/teno-alto-punta-de-teno\/#primaryimage"},"thumbnailUrl":"http:\/\/www.mundi-roth.de\/teneriffa-blog\/wp-content\/uploads\/2012\/12\/Collage1-300x74.jpg","datePublished":"2012-12-04T21:00:30+00:00","dateModified":"2015-04-09T13:50:43+00:00","author":{"@id":"https:\/\/www.mundi-roth.de\/teneriffa-blog\/#\/schema\/person\/971c66b55f3ae5e8741553688c413cac"},"breadcrumb":{"@id":"https:\/\/www.mundi-roth.de\/teneriffa-blog\/wanderungen\/teno-alto-punta-de-teno\/#breadcrumb"},"inLanguage":"de","potentialAction":[{"@type":"ReadAction","target":["https:\/\/www.mundi-roth.de\/teneriffa-blog\/wanderungen\/teno-alto-punta-de-teno\/"]}]},{"@type":"ImageObject","inLanguage":"de","@id":"https:\/\/www.mundi-roth.de\/teneriffa-blog\/wanderungen\/teno-alto-punta-de-teno\/#primaryimage","url":"https:\/\/www.mundi-roth.de\/teneriffa-blog\/wp-content\/uploads\/2012\/12\/Collage1.jpg","contentUrl":"https:\/\/www.mundi-roth.de\/teneriffa-blog\/wp-content\/uploads\/2012\/12\/Collage1.jpg","width":"750","height":"186"},{"@type":"BreadcrumbList","@id":"https:\/\/www.mundi-roth.de\/teneriffa-blog\/wanderungen\/teno-alto-punta-de-teno\/#breadcrumb","itemListElement":[{"@type":"ListItem","position":1,"name":"Startseite","item":"https:\/\/www.mundi-roth.de\/teneriffa-blog\/"},{"@type":"ListItem","position":2,"name":"Teno Alto \u2013 Punta de Teno"}]},{"@type":"WebSite","@id":"https:\/\/www.mundi-roth.de\/teneriffa-blog\/#website","url":"https:\/\/www.mundi-roth.de\/teneriffa-blog\/","name":"Teneriffa Wandern","description":"Nicht nur Wanderungen auf Teneriffa...","potentialAction":[{"@type":"SearchAction","target":{"@type":"EntryPoint","urlTemplate":"https:\/\/www.mundi-roth.de\/teneriffa-blog\/?s={search_term_string}"},"query-input":{"@type":"PropertyValueSpecification","valueRequired":true,"valueName":"search_term_string"}}],"inLanguage":"de"},{"@type":"Person","@id":"https:\/\/www.mundi-roth.de\/teneriffa-blog\/#\/schema\/person\/971c66b55f3ae5e8741553688c413cac","name":"mundi","image":{"@type":"ImageObject","inLanguage":"de","@id":"https:\/\/secure.gravatar.com\/avatar\/555f0dd85428f1a9330f8e5dbe9e40ff9ca912bb81e5a89747ebf3ca9c20dc0f?s=96&d=mm&r=g","url":"https:\/\/secure.gravatar.com\/avatar\/555f0dd85428f1a9330f8e5dbe9e40ff9ca912bb81e5a89747ebf3ca9c20dc0f?s=96&d=mm&r=g","contentUrl":"https:\/\/secure.gravatar.com\/avatar\/555f0dd85428f1a9330f8e5dbe9e40ff9ca912bb81e5a89747ebf3ca9c20dc0f?s=96&d=mm&r=g","caption":"mundi"},"sameAs":["http:\/\/mundi-roth.de"],"url":"https:\/\/www.mundi-roth.de\/teneriffa-blog\/author\/mundi\/"}]}},"_links":{"self":[{"href":"https:\/\/www.mundi-roth.de\/teneriffa-blog\/wp-json\/wp\/v2\/posts\/2016","targetHints":{"allow":["GET"]}}],"collection":[{"href":"https:\/\/www.mundi-roth.de\/teneriffa-blog\/wp-json\/wp\/v2\/posts"}],"about":[{"href":"https:\/\/www.mundi-roth.de\/teneriffa-blog\/wp-json\/wp\/v2\/types\/post"}],"author":[{"embeddable":true,"href":"https:\/\/www.mundi-roth.de\/teneriffa-blog\/wp-json\/wp\/v2\/users\/4"}],"replies":[{"embeddable":true,"href":"https:\/\/www.mundi-roth.de\/teneriffa-blog\/wp-json\/wp\/v2\/comments?post=2016"}],"version-history":[{"count":0,"href":"https:\/\/www.mundi-roth.de\/teneriffa-blog\/wp-json\/wp\/v2\/posts\/2016\/revisions"}],"wp:attachment":[{"href":"https:\/\/www.mundi-roth.de\/teneriffa-blog\/wp-json\/wp\/v2\/media?parent=2016"}],"wp:term":[{"taxonomy":"category","embeddable":true,"href":"https:\/\/www.mundi-roth.de\/teneriffa-blog\/wp-json\/wp\/v2\/categories?post=2016"},{"taxonomy":"post_tag","embeddable":true,"href":"https:\/\/www.mundi-roth.de\/teneriffa-blog\/wp-json\/wp\/v2\/tags?post=2016"}],"curies":[{"name":"wp","href":"https:\/\/api.w.org\/{rel}","templated":true}]}}