{"id":2043,"date":"2012-12-11T22:00:45","date_gmt":"2012-12-11T21:00:45","guid":{"rendered":"http:\/\/www.mundi-roth.de\/teneriffa-blog\/?p=2043"},"modified":"2015-04-09T14:50:11","modified_gmt":"2015-04-09T13:50:11","slug":"corral-del-nino-montana-del-limon-corral-del-nino","status":"publish","type":"post","link":"https:\/\/www.mundi-roth.de\/teneriffa-blog\/wanderungen\/corral-del-nino-montana-del-limon-corral-del-nino\/","title":{"rendered":"Corral del Ni\u00f1o \u2013 Monta\u00f1a del Lim\u00f3n \u2013 Corral del Ni\u00f1o"},"content":{"rendered":"<p><strong>Auf unserer Wanderung von <a href=\"http:\/\/www.mundi-roth.de\/teneriffa-blog\/wanderungen\/aguamansa-%e2%80%93-arafo\/\">Aguamansa nach Arafo<\/a> schloss sich uns unterwegs eine einsame Wanderin, Meike, an und schw\u00e4rmte uns von einer Tour von<a href=\"http:\/\/www.mundi-roth.de\/teneriffa-blog\/wp-content\/uploads\/2012\/12\/Track20121211-1a.jpg\" rel=\"lightbox[2043]\"><img loading=\"lazy\" decoding=\"async\" class=\"alignright size-thumbnail wp-image-2044\" title=\"Track20121211-1a\" src=\"http:\/\/www.mundi-roth.de\/teneriffa-blog\/wp-content\/uploads\/2012\/12\/Track20121211-1a-150x143.jpg\" alt=\"\" width=\"150\" height=\"143\" srcset=\"https:\/\/www.mundi-roth.de\/teneriffa-blog\/wp-content\/uploads\/2012\/12\/Track20121211-1a-150x143.jpg 150w, https:\/\/www.mundi-roth.de\/teneriffa-blog\/wp-content\/uploads\/2012\/12\/Track20121211-1a-300x286.jpg 300w, https:\/\/www.mundi-roth.de\/teneriffa-blog\/wp-content\/uploads\/2012\/12\/Track20121211-1a.jpg 344w\" sizes=\"auto, (max-width: 150px) 100vw, 150px\" \/><\/a> Aguamansa zur Monta\u00f1a del Lim\u00f3n vor.<\/strong><br \/>\n<strong> Das hatten wir immer noch im Hinterkopf und Elisabeth kam auf die Idee, es doch einmal\u00a0 zu probieren, ob man von der Kammh\u00f6henstra\u00dfe, der Cumbre Dorsal, dorthin gelangen kann.<\/strong><br \/>\n<strong> Ja! Man kann!<\/strong><\/p>\n<p><strong>Wanderwegstrecke:<\/strong> 10,85km &#8211; 3 \u00bd Stunden, reine Gehzeit, plus 20 Minuten Apfelpause.<\/p>\n<p>Eine sch\u00f6n angelegte, gepflasterte Haltebucht an der TF 24 mit diversen Informationstafeln in H\u00f6he \u201eCorral del Ni\u00f1o\u201c (2240 m), unterhalb des Observatoriums Iza\u00f1a, bildet den Einstieg in die heutige Tour.<br \/>\nAusgeschildert mit Nr. 21 und Ruta 11 Pista Monta\u00f1a de Lim\u00f3n\u00a0 zeigt uns, dass unsere Vermutung richtig ist.<br \/>\nErst noch ein Rundumblick zum mayest\u00e4tischen Teide, noch absolut wolkenfrei, zu den futuristisch anmutenden Geb\u00e4uden des Observatoriums Iza\u00f1a, zum blauen Meer mit fotogenen Wolken und dann, um 10.30 Uhr\u00a0 mal los bei 7\u00b0C. BRRRR<\/p>\n<p style=\"text-align: center;\"><a href=\"http:\/\/www.mundi-roth.de\/teneriffa-blog\/wp-content\/uploads\/2012\/12\/Collage1y.jpg\" rel=\"lightbox[2043]\"><img loading=\"lazy\" decoding=\"async\" class=\"aligncenter size-medium wp-image-2056\" title=\"Collage1y\" src=\"http:\/\/www.mundi-roth.de\/teneriffa-blog\/wp-content\/uploads\/2012\/12\/Collage1y-300x73.jpg\" alt=\"\" width=\"300\" height=\"73\" srcset=\"https:\/\/www.mundi-roth.de\/teneriffa-blog\/wp-content\/uploads\/2012\/12\/Collage1y-300x73.jpg 300w, https:\/\/www.mundi-roth.de\/teneriffa-blog\/wp-content\/uploads\/2012\/12\/Collage1y-150x36.jpg 150w, https:\/\/www.mundi-roth.de\/teneriffa-blog\/wp-content\/uploads\/2012\/12\/Collage1y.jpg 750w\" sizes=\"auto, (max-width: 300px) 100vw, 300px\" \/><\/a><\/p>\n<p>Dick eingemummelt spazieren wir auf der breiten, gut pr\u00e4parierten Forststra\u00dfe los.<br \/>\nDer Blick wird noch freigegeben links auf Puerto de la Cruz und rechts auf das Orotavatal mit der Stadt.\u00a0 Das ist das Gl\u00fcck der relativ fr\u00fchen Stunde, dass die Passatwolken noch nicht heraufziehen.<\/p>\n<p><a href=\"http:\/\/www.mundi-roth.de\/teneriffa-blog\/wp-content\/uploads\/2012\/12\/Collage23.jpg\" rel=\"lightbox[2043]\"><img loading=\"lazy\" decoding=\"async\" class=\"aligncenter size-medium wp-image-2046\" title=\"Collage2\" src=\"http:\/\/www.mundi-roth.de\/teneriffa-blog\/wp-content\/uploads\/2012\/12\/Collage23-300x94.jpg\" alt=\"\" width=\"300\" height=\"94\" srcset=\"https:\/\/www.mundi-roth.de\/teneriffa-blog\/wp-content\/uploads\/2012\/12\/Collage23-300x94.jpg 300w, https:\/\/www.mundi-roth.de\/teneriffa-blog\/wp-content\/uploads\/2012\/12\/Collage23-150x47.jpg 150w, https:\/\/www.mundi-roth.de\/teneriffa-blog\/wp-content\/uploads\/2012\/12\/Collage23.jpg 750w\" sizes=\"auto, (max-width: 300px) 100vw, 300px\" \/><\/a>Vorbei f\u00fchrt uns der Weg an den unterschiedlichsten Gesteinsformationen und -f\u00e4rbungen, an den Teideginsterb\u00fcschen und den Halbkugelb\u00fcschen der Besenrauke, die von den Spaniern auch liebevoll \u201eSch\u00e4fchen\u201c genannt werden, an Unmengen B\u00fcschen des Teidelacks. Leider, um diese Jahreszeit, alles noch <a href=\"http:\/\/www.mundi-roth.de\/teneriffa-blog\/wp-content\/uploads\/2012\/12\/P1070386.jpg\" rel=\"lightbox[2043]\"><img loading=\"lazy\" decoding=\"async\" class=\"alignright size-thumbnail wp-image-2049\" title=\"P1070386\" src=\"http:\/\/www.mundi-roth.de\/teneriffa-blog\/wp-content\/uploads\/2012\/12\/P1070386-150x112.jpg\" alt=\"\" width=\"150\" height=\"112\" srcset=\"https:\/\/www.mundi-roth.de\/teneriffa-blog\/wp-content\/uploads\/2012\/12\/P1070386-150x112.jpg 150w, https:\/\/www.mundi-roth.de\/teneriffa-blog\/wp-content\/uploads\/2012\/12\/P1070386-300x225.jpg 300w, https:\/\/www.mundi-roth.de\/teneriffa-blog\/wp-content\/uploads\/2012\/12\/P1070386.jpg 600w\" sizes=\"auto, (max-width: 150px) 100vw, 150px\" \/><\/a>bl\u00fctenlos, lediglich einige B\u00fcsche der Besenrauke lassen ihre gelbe Bl\u00fctenpracht bereits erahnen.<br \/>\nDaf\u00fcr entdecken wir noch \u201eEisblumen\u201c. <a href=\"http:\/\/www.mundi-roth.de\/teneriffa-blog\/wp-content\/uploads\/2012\/12\/P1070396a.jpg\" rel=\"lightbox[2043]\"><img loading=\"lazy\" decoding=\"async\" class=\"alignleft size-thumbnail wp-image-2048\" title=\"P1070396a\" src=\"http:\/\/www.mundi-roth.de\/teneriffa-blog\/wp-content\/uploads\/2012\/12\/P1070396a-150x121.jpg\" alt=\"\" width=\"150\" height=\"121\" srcset=\"https:\/\/www.mundi-roth.de\/teneriffa-blog\/wp-content\/uploads\/2012\/12\/P1070396a-150x121.jpg 150w, https:\/\/www.mundi-roth.de\/teneriffa-blog\/wp-content\/uploads\/2012\/12\/P1070396a-300x242.jpg 300w, https:\/\/www.mundi-roth.de\/teneriffa-blog\/wp-content\/uploads\/2012\/12\/P1070396a.jpg 600w\" sizes=\"auto, (max-width: 150px) 100vw, 150px\" \/><\/a><\/p>\n<p>Nach einer Stunde 15 Minuten erreichen wir den Abzweig des Sendero 34 vom Sendero 21 und der Weg m\u00fcndet nun in einen Pfad, der uns an<a href=\"http:\/\/www.mundi-roth.de\/teneriffa-blog\/wp-content\/uploads\/2012\/12\/P1070399.jpg\" rel=\"lightbox[2043]\"><img loading=\"lazy\" decoding=\"async\" class=\"alignright size-thumbnail wp-image-2050\" title=\"P1070399\" src=\"http:\/\/www.mundi-roth.de\/teneriffa-blog\/wp-content\/uploads\/2012\/12\/P1070399-150x112.jpg\" alt=\"\" width=\"150\" height=\"112\" srcset=\"https:\/\/www.mundi-roth.de\/teneriffa-blog\/wp-content\/uploads\/2012\/12\/P1070399-150x112.jpg 150w, https:\/\/www.mundi-roth.de\/teneriffa-blog\/wp-content\/uploads\/2012\/12\/P1070399-300x225.jpg 300w, https:\/\/www.mundi-roth.de\/teneriffa-blog\/wp-content\/uploads\/2012\/12\/P1070399.jpg 600w\" sizes=\"auto, (max-width: 150px) 100vw, 150px\" \/><\/a> riesigen Exemplaren des Teide-Ginsters vorbeif\u00fchrt.<br \/>\nWir steigen bis auf 2101 m, die H\u00f6he der Monta\u00f1a <a href=\"http:\/\/www.mundi-roth.de\/teneriffa-blog\/wp-content\/uploads\/2012\/12\/P1070403.jpg\" rel=\"lightbox[2043]\"><img loading=\"lazy\" decoding=\"async\" class=\"alignleft size-thumbnail wp-image-2051\" title=\"P1070403\" src=\"http:\/\/www.mundi-roth.de\/teneriffa-blog\/wp-content\/uploads\/2012\/12\/P1070403-150x112.jpg\" alt=\"\" width=\"150\" height=\"112\" srcset=\"https:\/\/www.mundi-roth.de\/teneriffa-blog\/wp-content\/uploads\/2012\/12\/P1070403-150x112.jpg 150w, https:\/\/www.mundi-roth.de\/teneriffa-blog\/wp-content\/uploads\/2012\/12\/P1070403-300x225.jpg 300w, https:\/\/www.mundi-roth.de\/teneriffa-blog\/wp-content\/uploads\/2012\/12\/P1070403.jpg 600w\" sizes=\"auto, (max-width: 150px) 100vw, 150px\" \/><\/a>Lim\u00f3n ab.<br \/>\nVerlaufen kann man sich nicht, der Weg ist gut gekennzeichnet, selbst alte Hinweisschilder sind noch auszumachen. <a href=\"http:\/\/www.mundi-roth.de\/teneriffa-blog\/wp-content\/uploads\/2012\/12\/P1070401.jpg\" rel=\"lightbox[2043]\"><img loading=\"lazy\" decoding=\"async\" class=\"alignright  wp-image-2052\" title=\"P1070401\" src=\"http:\/\/www.mundi-roth.de\/teneriffa-blog\/wp-content\/uploads\/2012\/12\/P1070401-150x112.jpg\" alt=\"\" width=\"150\" height=\"112\" srcset=\"https:\/\/www.mundi-roth.de\/teneriffa-blog\/wp-content\/uploads\/2012\/12\/P1070401-150x112.jpg 150w, https:\/\/www.mundi-roth.de\/teneriffa-blog\/wp-content\/uploads\/2012\/12\/P1070401-300x225.jpg 300w, https:\/\/www.mundi-roth.de\/teneriffa-blog\/wp-content\/uploads\/2012\/12\/P1070401.jpg 600w\" sizes=\"auto, (max-width: 150px) 100vw, 150px\" \/><\/a><\/p>\n<p>Nach 30 Minuten erreichen wir unser Ziel und an einem sonnigen, idyllischen Pl\u00e4tzchen, mit Blick auf den Teide, halten wir unsere <a href=\"http:\/\/www.mundi-roth.de\/teneriffa-blog\/wp-content\/uploads\/2012\/12\/P1070412.jpg\" rel=\"lightbox[2043]\"><img loading=\"lazy\" decoding=\"async\" class=\"alignleft size-thumbnail wp-image-2053\" title=\"P1070412\" src=\"http:\/\/www.mundi-roth.de\/teneriffa-blog\/wp-content\/uploads\/2012\/12\/P1070412-150x112.jpg\" alt=\"\" width=\"150\" height=\"112\" srcset=\"https:\/\/www.mundi-roth.de\/teneriffa-blog\/wp-content\/uploads\/2012\/12\/P1070412-150x112.jpg 150w, https:\/\/www.mundi-roth.de\/teneriffa-blog\/wp-content\/uploads\/2012\/12\/P1070412-300x225.jpg 300w, https:\/\/www.mundi-roth.de\/teneriffa-blog\/wp-content\/uploads\/2012\/12\/P1070412.jpg 600w\" sizes=\"auto, (max-width: 150px) 100vw, 150px\" \/><\/a>obligatorische Apfelpause ab, diesmal 20 Minuten, da es so sch\u00f6n ist. Bis hierher wachsen so gar die Kanarischen Kiefern.<\/p>\n<p>Eine Hinweistafel sagt uns, 40 Minuten sind von hier bis zur Monta\u00f1a del Lim\u00f3n. F\u00fcr uns ist der Hinweg zugleich der R\u00fcckweg. Wollten wir die Runde des Sendero 21 bis zum Mal Abrigo gehen, m\u00fcssten wir auf der Kammh\u00f6henstra\u00dfe ein gr\u00f6\u00dferes St\u00fcck bis zu unserem Wagen zur\u00fcckgehen, das finden wir nicht so spannend.<\/p>\n<p>Das Besondere bei der heutigen Wanderung, was wir in dieser Intensit\u00e4t noch nie so erlebt haben, ist das Auf- und Abziehen der Passatwolken.<br \/>\nWir haben das Gef\u00fchl, dass wir uns inmitten eines Wolkenkranzes befinden, der gerade unseren Wanderabschnitt ausspart. Es ist zwar kalt und windig, aber wir haben unentwegt Sonne.<br \/>\nBeim Aufstieg k\u00f6nnen wir es besonders gut beobachten: Mal ist der Teide absolut wolkenfrei, dann wird er teils, dann wieder ganz verh\u00fcllt, dann wieder wolkenfrei. Phantastisch und interessant!<\/p>\n<p style=\"text-align: center;\"><a href=\"http:\/\/www.mundi-roth.de\/teneriffa-blog\/wp-content\/uploads\/2012\/12\/Collage3x.jpg\" rel=\"lightbox[2043]\"><img loading=\"lazy\" decoding=\"async\" class=\"aligncenter size-medium wp-image-2058\" title=\"Collage3x\" src=\"http:\/\/www.mundi-roth.de\/teneriffa-blog\/wp-content\/uploads\/2012\/12\/Collage3x-300x73.jpg\" alt=\"\" width=\"300\" height=\"73\" srcset=\"https:\/\/www.mundi-roth.de\/teneriffa-blog\/wp-content\/uploads\/2012\/12\/Collage3x-300x73.jpg 300w, https:\/\/www.mundi-roth.de\/teneriffa-blog\/wp-content\/uploads\/2012\/12\/Collage3x-150x36.jpg 150w, https:\/\/www.mundi-roth.de\/teneriffa-blog\/wp-content\/uploads\/2012\/12\/Collage3x.jpg 750w\" sizes=\"auto, (max-width: 300px) 100vw, 300px\" \/><\/a><\/p>\n<p>Nach diesem gelungenen Experiment, von der Kammh\u00f6he aus zu einer Wanderung zu starten, denken wir, dass wir uns etwas Besonderes verdient haben und so ist das von uns geliebte Restaurant in Chirche unser n\u00e4chstes Ziel. Dort werden wir auch meinen lieben Mann treffen, der heute von den Taxidiensten befreit ist.<\/p>\n<p><strong>Restaurant:<\/strong><br \/>\nRomero Brasas de Chirche, Telefon 922 85 11 38<br \/>\nImmer wieder gut!<\/p>\n<p><strong>Anfahrt:<\/strong><br \/>\nEs gibt mehrere M\u00f6glichkeiten, um in die Ca\u00f1adas zu fahren. Wir haben uns f\u00fcr die Anfahrt aus Richtung Los Cristianos \u00fcber die TF 28 \/ TF 51 nach Arona und weiter \u00fcber Vilaflor und dann die TF 21 zum Nationalpark Teide entschieden. Von Boca de Tauce folgen wir der Stra\u00dfe vorbei am Parador und der Seilbahn bis El Portillo hier auf die TF 24, die Kammh\u00f6henstra\u00dfe bis zum Hinweisschild \u201eCorral del Ni\u00f1o (2240 m)\u201c<\/p>\n","protected":false},"excerpt":{"rendered":"<p>Auf unserer Wanderung von Aguamansa nach Arafo schloss sich uns unterwegs eine einsame Wanderin, Meike, an und schw\u00e4rmte uns von einer Tour von Aguamansa zur Monta\u00f1a del Lim\u00f3n vor. Das hatten wir immer noch im Hinterkopf und Elisabeth kam auf die Idee, es doch einmal\u00a0 zu probieren, ob man von der Kammh\u00f6henstra\u00dfe, der Cumbre Dorsal, [&hellip;]<\/p>\n","protected":false},"author":4,"featured_media":0,"comment_status":"open","ping_status":"open","sticky":false,"template":"","format":"standard","meta":{"footnotes":""},"categories":[779,6],"tags":[586],"class_list":["post-2043","post","type-post","status-publish","format-standard","hentry","category-canadas","category-wanderungen","tag-corral-del-nino"],"yoast_head":"<!-- This site is optimized with the Yoast SEO plugin v27.5 - https:\/\/yoast.com\/product\/yoast-seo-wordpress\/ -->\n<title>Corral del Ni\u00f1o \u2013 Monta\u00f1a del Lim\u00f3n \u2013 Corral del Ni\u00f1o - Teneriffa Wandern<\/title>\n<meta name=\"robots\" content=\"index, follow, max-snippet:-1, max-image-preview:large, max-video-preview:-1\" \/>\n<link rel=\"canonical\" href=\"https:\/\/www.mundi-roth.de\/teneriffa-blog\/wanderungen\/corral-del-nino-montana-del-limon-corral-del-nino\/\" \/>\n<meta name=\"twitter:label1\" content=\"Verfasst von\" \/>\n\t<meta name=\"twitter:data1\" content=\"mundi\" \/>\n\t<meta name=\"twitter:label2\" content=\"Gesch\u00e4tzte Lesezeit\" \/>\n\t<meta name=\"twitter:data2\" content=\"3\u00a0Minuten\" \/>\n<script type=\"application\/ld+json\" class=\"yoast-schema-graph\">{\"@context\":\"https:\\\/\\\/schema.org\",\"@graph\":[{\"@type\":\"Article\",\"@id\":\"https:\\\/\\\/www.mundi-roth.de\\\/teneriffa-blog\\\/wanderungen\\\/corral-del-nino-montana-del-limon-corral-del-nino\\\/#article\",\"isPartOf\":{\"@id\":\"https:\\\/\\\/www.mundi-roth.de\\\/teneriffa-blog\\\/wanderungen\\\/corral-del-nino-montana-del-limon-corral-del-nino\\\/\"},\"author\":{\"name\":\"mundi\",\"@id\":\"https:\\\/\\\/www.mundi-roth.de\\\/teneriffa-blog\\\/#\\\/schema\\\/person\\\/971c66b55f3ae5e8741553688c413cac\"},\"headline\":\"Corral del Ni\u00f1o \u2013 Monta\u00f1a del Lim\u00f3n \u2013 Corral del Ni\u00f1o\",\"datePublished\":\"2012-12-11T21:00:45+00:00\",\"dateModified\":\"2015-04-09T13:50:11+00:00\",\"mainEntityOfPage\":{\"@id\":\"https:\\\/\\\/www.mundi-roth.de\\\/teneriffa-blog\\\/wanderungen\\\/corral-del-nino-montana-del-limon-corral-del-nino\\\/\"},\"wordCount\":668,\"commentCount\":0,\"image\":{\"@id\":\"https:\\\/\\\/www.mundi-roth.de\\\/teneriffa-blog\\\/wanderungen\\\/corral-del-nino-montana-del-limon-corral-del-nino\\\/#primaryimage\"},\"thumbnailUrl\":\"http:\\\/\\\/www.mundi-roth.de\\\/teneriffa-blog\\\/wp-content\\\/uploads\\\/2012\\\/12\\\/Track20121211-1a-150x143.jpg\",\"keywords\":[\"Corral del Ni\u00f1o\"],\"articleSection\":[\"Ca\u00f1adas\",\"Wanderungen\"],\"inLanguage\":\"de\",\"potentialAction\":[{\"@type\":\"CommentAction\",\"name\":\"Comment\",\"target\":[\"https:\\\/\\\/www.mundi-roth.de\\\/teneriffa-blog\\\/wanderungen\\\/corral-del-nino-montana-del-limon-corral-del-nino\\\/#respond\"]}]},{\"@type\":\"WebPage\",\"@id\":\"https:\\\/\\\/www.mundi-roth.de\\\/teneriffa-blog\\\/wanderungen\\\/corral-del-nino-montana-del-limon-corral-del-nino\\\/\",\"url\":\"https:\\\/\\\/www.mundi-roth.de\\\/teneriffa-blog\\\/wanderungen\\\/corral-del-nino-montana-del-limon-corral-del-nino\\\/\",\"name\":\"Corral del Ni\u00f1o \u2013 Monta\u00f1a del Lim\u00f3n \u2013 Corral del Ni\u00f1o - Teneriffa Wandern\",\"isPartOf\":{\"@id\":\"https:\\\/\\\/www.mundi-roth.de\\\/teneriffa-blog\\\/#website\"},\"primaryImageOfPage\":{\"@id\":\"https:\\\/\\\/www.mundi-roth.de\\\/teneriffa-blog\\\/wanderungen\\\/corral-del-nino-montana-del-limon-corral-del-nino\\\/#primaryimage\"},\"image\":{\"@id\":\"https:\\\/\\\/www.mundi-roth.de\\\/teneriffa-blog\\\/wanderungen\\\/corral-del-nino-montana-del-limon-corral-del-nino\\\/#primaryimage\"},\"thumbnailUrl\":\"http:\\\/\\\/www.mundi-roth.de\\\/teneriffa-blog\\\/wp-content\\\/uploads\\\/2012\\\/12\\\/Track20121211-1a-150x143.jpg\",\"datePublished\":\"2012-12-11T21:00:45+00:00\",\"dateModified\":\"2015-04-09T13:50:11+00:00\",\"author\":{\"@id\":\"https:\\\/\\\/www.mundi-roth.de\\\/teneriffa-blog\\\/#\\\/schema\\\/person\\\/971c66b55f3ae5e8741553688c413cac\"},\"breadcrumb\":{\"@id\":\"https:\\\/\\\/www.mundi-roth.de\\\/teneriffa-blog\\\/wanderungen\\\/corral-del-nino-montana-del-limon-corral-del-nino\\\/#breadcrumb\"},\"inLanguage\":\"de\",\"potentialAction\":[{\"@type\":\"ReadAction\",\"target\":[\"https:\\\/\\\/www.mundi-roth.de\\\/teneriffa-blog\\\/wanderungen\\\/corral-del-nino-montana-del-limon-corral-del-nino\\\/\"]}]},{\"@type\":\"ImageObject\",\"inLanguage\":\"de\",\"@id\":\"https:\\\/\\\/www.mundi-roth.de\\\/teneriffa-blog\\\/wanderungen\\\/corral-del-nino-montana-del-limon-corral-del-nino\\\/#primaryimage\",\"url\":\"https:\\\/\\\/www.mundi-roth.de\\\/teneriffa-blog\\\/wp-content\\\/uploads\\\/2012\\\/12\\\/Track20121211-1a.jpg\",\"contentUrl\":\"https:\\\/\\\/www.mundi-roth.de\\\/teneriffa-blog\\\/wp-content\\\/uploads\\\/2012\\\/12\\\/Track20121211-1a.jpg\",\"width\":\"344\",\"height\":\"329\"},{\"@type\":\"BreadcrumbList\",\"@id\":\"https:\\\/\\\/www.mundi-roth.de\\\/teneriffa-blog\\\/wanderungen\\\/corral-del-nino-montana-del-limon-corral-del-nino\\\/#breadcrumb\",\"itemListElement\":[{\"@type\":\"ListItem\",\"position\":1,\"name\":\"Startseite\",\"item\":\"https:\\\/\\\/www.mundi-roth.de\\\/teneriffa-blog\\\/\"},{\"@type\":\"ListItem\",\"position\":2,\"name\":\"Corral del Ni\u00f1o \u2013 Monta\u00f1a del Lim\u00f3n \u2013 Corral del Ni\u00f1o\"}]},{\"@type\":\"WebSite\",\"@id\":\"https:\\\/\\\/www.mundi-roth.de\\\/teneriffa-blog\\\/#website\",\"url\":\"https:\\\/\\\/www.mundi-roth.de\\\/teneriffa-blog\\\/\",\"name\":\"Teneriffa Wandern\",\"description\":\"Nicht nur Wanderungen auf Teneriffa...\",\"potentialAction\":[{\"@type\":\"SearchAction\",\"target\":{\"@type\":\"EntryPoint\",\"urlTemplate\":\"https:\\\/\\\/www.mundi-roth.de\\\/teneriffa-blog\\\/?s={search_term_string}\"},\"query-input\":{\"@type\":\"PropertyValueSpecification\",\"valueRequired\":true,\"valueName\":\"search_term_string\"}}],\"inLanguage\":\"de\"},{\"@type\":\"Person\",\"@id\":\"https:\\\/\\\/www.mundi-roth.de\\\/teneriffa-blog\\\/#\\\/schema\\\/person\\\/971c66b55f3ae5e8741553688c413cac\",\"name\":\"mundi\",\"image\":{\"@type\":\"ImageObject\",\"inLanguage\":\"de\",\"@id\":\"https:\\\/\\\/secure.gravatar.com\\\/avatar\\\/555f0dd85428f1a9330f8e5dbe9e40ff9ca912bb81e5a89747ebf3ca9c20dc0f?s=96&d=mm&r=g\",\"url\":\"https:\\\/\\\/secure.gravatar.com\\\/avatar\\\/555f0dd85428f1a9330f8e5dbe9e40ff9ca912bb81e5a89747ebf3ca9c20dc0f?s=96&d=mm&r=g\",\"contentUrl\":\"https:\\\/\\\/secure.gravatar.com\\\/avatar\\\/555f0dd85428f1a9330f8e5dbe9e40ff9ca912bb81e5a89747ebf3ca9c20dc0f?s=96&d=mm&r=g\",\"caption\":\"mundi\"},\"sameAs\":[\"http:\\\/\\\/mundi-roth.de\"],\"url\":\"https:\\\/\\\/www.mundi-roth.de\\\/teneriffa-blog\\\/author\\\/mundi\\\/\"}]}<\/script>\n<!-- \/ Yoast SEO plugin. -->","yoast_head_json":{"title":"Corral del Ni\u00f1o \u2013 Monta\u00f1a del Lim\u00f3n \u2013 Corral del Ni\u00f1o - Teneriffa Wandern","robots":{"index":"index","follow":"follow","max-snippet":"max-snippet:-1","max-image-preview":"max-image-preview:large","max-video-preview":"max-video-preview:-1"},"canonical":"https:\/\/www.mundi-roth.de\/teneriffa-blog\/wanderungen\/corral-del-nino-montana-del-limon-corral-del-nino\/","twitter_misc":{"Verfasst von":"mundi","Gesch\u00e4tzte Lesezeit":"3\u00a0Minuten"},"schema":{"@context":"https:\/\/schema.org","@graph":[{"@type":"Article","@id":"https:\/\/www.mundi-roth.de\/teneriffa-blog\/wanderungen\/corral-del-nino-montana-del-limon-corral-del-nino\/#article","isPartOf":{"@id":"https:\/\/www.mundi-roth.de\/teneriffa-blog\/wanderungen\/corral-del-nino-montana-del-limon-corral-del-nino\/"},"author":{"name":"mundi","@id":"https:\/\/www.mundi-roth.de\/teneriffa-blog\/#\/schema\/person\/971c66b55f3ae5e8741553688c413cac"},"headline":"Corral del Ni\u00f1o \u2013 Monta\u00f1a del Lim\u00f3n \u2013 Corral del Ni\u00f1o","datePublished":"2012-12-11T21:00:45+00:00","dateModified":"2015-04-09T13:50:11+00:00","mainEntityOfPage":{"@id":"https:\/\/www.mundi-roth.de\/teneriffa-blog\/wanderungen\/corral-del-nino-montana-del-limon-corral-del-nino\/"},"wordCount":668,"commentCount":0,"image":{"@id":"https:\/\/www.mundi-roth.de\/teneriffa-blog\/wanderungen\/corral-del-nino-montana-del-limon-corral-del-nino\/#primaryimage"},"thumbnailUrl":"http:\/\/www.mundi-roth.de\/teneriffa-blog\/wp-content\/uploads\/2012\/12\/Track20121211-1a-150x143.jpg","keywords":["Corral del Ni\u00f1o"],"articleSection":["Ca\u00f1adas","Wanderungen"],"inLanguage":"de","potentialAction":[{"@type":"CommentAction","name":"Comment","target":["https:\/\/www.mundi-roth.de\/teneriffa-blog\/wanderungen\/corral-del-nino-montana-del-limon-corral-del-nino\/#respond"]}]},{"@type":"WebPage","@id":"https:\/\/www.mundi-roth.de\/teneriffa-blog\/wanderungen\/corral-del-nino-montana-del-limon-corral-del-nino\/","url":"https:\/\/www.mundi-roth.de\/teneriffa-blog\/wanderungen\/corral-del-nino-montana-del-limon-corral-del-nino\/","name":"Corral del Ni\u00f1o \u2013 Monta\u00f1a del Lim\u00f3n \u2013 Corral del Ni\u00f1o - Teneriffa Wandern","isPartOf":{"@id":"https:\/\/www.mundi-roth.de\/teneriffa-blog\/#website"},"primaryImageOfPage":{"@id":"https:\/\/www.mundi-roth.de\/teneriffa-blog\/wanderungen\/corral-del-nino-montana-del-limon-corral-del-nino\/#primaryimage"},"image":{"@id":"https:\/\/www.mundi-roth.de\/teneriffa-blog\/wanderungen\/corral-del-nino-montana-del-limon-corral-del-nino\/#primaryimage"},"thumbnailUrl":"http:\/\/www.mundi-roth.de\/teneriffa-blog\/wp-content\/uploads\/2012\/12\/Track20121211-1a-150x143.jpg","datePublished":"2012-12-11T21:00:45+00:00","dateModified":"2015-04-09T13:50:11+00:00","author":{"@id":"https:\/\/www.mundi-roth.de\/teneriffa-blog\/#\/schema\/person\/971c66b55f3ae5e8741553688c413cac"},"breadcrumb":{"@id":"https:\/\/www.mundi-roth.de\/teneriffa-blog\/wanderungen\/corral-del-nino-montana-del-limon-corral-del-nino\/#breadcrumb"},"inLanguage":"de","potentialAction":[{"@type":"ReadAction","target":["https:\/\/www.mundi-roth.de\/teneriffa-blog\/wanderungen\/corral-del-nino-montana-del-limon-corral-del-nino\/"]}]},{"@type":"ImageObject","inLanguage":"de","@id":"https:\/\/www.mundi-roth.de\/teneriffa-blog\/wanderungen\/corral-del-nino-montana-del-limon-corral-del-nino\/#primaryimage","url":"https:\/\/www.mundi-roth.de\/teneriffa-blog\/wp-content\/uploads\/2012\/12\/Track20121211-1a.jpg","contentUrl":"https:\/\/www.mundi-roth.de\/teneriffa-blog\/wp-content\/uploads\/2012\/12\/Track20121211-1a.jpg","width":"344","height":"329"},{"@type":"BreadcrumbList","@id":"https:\/\/www.mundi-roth.de\/teneriffa-blog\/wanderungen\/corral-del-nino-montana-del-limon-corral-del-nino\/#breadcrumb","itemListElement":[{"@type":"ListItem","position":1,"name":"Startseite","item":"https:\/\/www.mundi-roth.de\/teneriffa-blog\/"},{"@type":"ListItem","position":2,"name":"Corral del Ni\u00f1o \u2013 Monta\u00f1a del Lim\u00f3n \u2013 Corral del Ni\u00f1o"}]},{"@type":"WebSite","@id":"https:\/\/www.mundi-roth.de\/teneriffa-blog\/#website","url":"https:\/\/www.mundi-roth.de\/teneriffa-blog\/","name":"Teneriffa Wandern","description":"Nicht nur Wanderungen auf Teneriffa...","potentialAction":[{"@type":"SearchAction","target":{"@type":"EntryPoint","urlTemplate":"https:\/\/www.mundi-roth.de\/teneriffa-blog\/?s={search_term_string}"},"query-input":{"@type":"PropertyValueSpecification","valueRequired":true,"valueName":"search_term_string"}}],"inLanguage":"de"},{"@type":"Person","@id":"https:\/\/www.mundi-roth.de\/teneriffa-blog\/#\/schema\/person\/971c66b55f3ae5e8741553688c413cac","name":"mundi","image":{"@type":"ImageObject","inLanguage":"de","@id":"https:\/\/secure.gravatar.com\/avatar\/555f0dd85428f1a9330f8e5dbe9e40ff9ca912bb81e5a89747ebf3ca9c20dc0f?s=96&d=mm&r=g","url":"https:\/\/secure.gravatar.com\/avatar\/555f0dd85428f1a9330f8e5dbe9e40ff9ca912bb81e5a89747ebf3ca9c20dc0f?s=96&d=mm&r=g","contentUrl":"https:\/\/secure.gravatar.com\/avatar\/555f0dd85428f1a9330f8e5dbe9e40ff9ca912bb81e5a89747ebf3ca9c20dc0f?s=96&d=mm&r=g","caption":"mundi"},"sameAs":["http:\/\/mundi-roth.de"],"url":"https:\/\/www.mundi-roth.de\/teneriffa-blog\/author\/mundi\/"}]}},"_links":{"self":[{"href":"https:\/\/www.mundi-roth.de\/teneriffa-blog\/wp-json\/wp\/v2\/posts\/2043","targetHints":{"allow":["GET"]}}],"collection":[{"href":"https:\/\/www.mundi-roth.de\/teneriffa-blog\/wp-json\/wp\/v2\/posts"}],"about":[{"href":"https:\/\/www.mundi-roth.de\/teneriffa-blog\/wp-json\/wp\/v2\/types\/post"}],"author":[{"embeddable":true,"href":"https:\/\/www.mundi-roth.de\/teneriffa-blog\/wp-json\/wp\/v2\/users\/4"}],"replies":[{"embeddable":true,"href":"https:\/\/www.mundi-roth.de\/teneriffa-blog\/wp-json\/wp\/v2\/comments?post=2043"}],"version-history":[{"count":0,"href":"https:\/\/www.mundi-roth.de\/teneriffa-blog\/wp-json\/wp\/v2\/posts\/2043\/revisions"}],"wp:attachment":[{"href":"https:\/\/www.mundi-roth.de\/teneriffa-blog\/wp-json\/wp\/v2\/media?parent=2043"}],"wp:term":[{"taxonomy":"category","embeddable":true,"href":"https:\/\/www.mundi-roth.de\/teneriffa-blog\/wp-json\/wp\/v2\/categories?post=2043"},{"taxonomy":"post_tag","embeddable":true,"href":"https:\/\/www.mundi-roth.de\/teneriffa-blog\/wp-json\/wp\/v2\/tags?post=2043"}],"curies":[{"name":"wp","href":"https:\/\/api.w.org\/{rel}","templated":true}]}}