{"id":2086,"date":"2012-12-18T22:00:14","date_gmt":"2012-12-18T21:00:14","guid":{"rendered":"http:\/\/www.mundi-roth.de\/teneriffa-blog\/?p=2086"},"modified":"2015-04-09T14:49:00","modified_gmt":"2015-04-09T13:49:00","slug":"el-portillo-mirador-el-lance-in-icod-el-alto","status":"publish","type":"post","link":"https:\/\/www.mundi-roth.de\/teneriffa-blog\/wanderungen\/el-portillo-mirador-el-lance-in-icod-el-alto\/","title":{"rendered":"El Portillo \u2013 Mirador El Lance in Icod el Alto"},"content":{"rendered":"<p><strong>Traumwetter! Strahlender Sonnenschein! Noch nicht einmal ein <a href=\"http:\/\/www.mundi-roth.de\/teneriffa-blog\/wp-content\/uploads\/2012\/12\/ElLance3x.jpg\" rel=\"lightbox[2086]\"><img loading=\"lazy\" decoding=\"async\" class=\"alignright size-thumbnail wp-image-2087\" title=\"ElLance3x\" src=\"http:\/\/www.mundi-roth.de\/teneriffa-blog\/wp-content\/uploads\/2012\/12\/ElLance3x-106x150.jpg\" alt=\"\" width=\"106\" height=\"150\" srcset=\"https:\/\/www.mundi-roth.de\/teneriffa-blog\/wp-content\/uploads\/2012\/12\/ElLance3x-106x150.jpg 106w, https:\/\/www.mundi-roth.de\/teneriffa-blog\/wp-content\/uploads\/2012\/12\/ElLance3x-213x300.jpg 213w, https:\/\/www.mundi-roth.de\/teneriffa-blog\/wp-content\/uploads\/2012\/12\/ElLance3x.jpg 398w\" sizes=\"auto, (max-width: 106px) 100vw, 106px\" \/><\/a>Fotografierw\u00f6lkchen! Gef\u00fchlte satte 20\u00a0 Grad! Und das in den Ca\u00f1adas!<\/strong><br \/>\nGerade richtig f\u00fcr unsere Mammut-Tour: Es gilt 1580 Meter im Abstieg (2115m -&gt; 535m) und 17,42 Kilometer in der L\u00e4nge zu \u00fcberwinden.<br \/>\nDabei werden wir noch zus\u00e4tzlich belohnt, da wir so ziemlich alle m\u00f6glichen Vegetationszonen auf der Insel durchlaufen.<\/p>\n<p><strong>Wanderwegstrecke:<\/strong> gute 5 Stunden plus 10 Minuten Pause<br \/>\nWir fahren mal wieder mit dem Bus in die Ca\u00f1adas. 2 Stunden 40 Minuten Fahrt.<br \/>\nSchon in Playas de Las Amer\u00edcas ist der Bus bis auf einen Platz besetzt. Gut dass wir unseren Plan, in Chayofa zuzusteigen, nicht in die Tat umgesetzt haben.<br \/>\nWir werden w\u00e4hrend der Busfahrt mit einer wunderbaren Fernsicht belohnt: Die <a href=\"http:\/\/www.mundi-roth.de\/teneriffa-blog\/wp-content\/uploads\/2012\/12\/P1070508.jpg\" rel=\"lightbox[2086]\"><img loading=\"lazy\" decoding=\"async\" class=\"alignleft  wp-image-2088\" title=\"P1070508\" src=\"http:\/\/www.mundi-roth.de\/teneriffa-blog\/wp-content\/uploads\/2012\/12\/P1070508-150x112.jpg\" alt=\"\" width=\"150\" height=\"112\" srcset=\"https:\/\/www.mundi-roth.de\/teneriffa-blog\/wp-content\/uploads\/2012\/12\/P1070508-150x112.jpg 150w, https:\/\/www.mundi-roth.de\/teneriffa-blog\/wp-content\/uploads\/2012\/12\/P1070508-300x225.jpg 300w, https:\/\/www.mundi-roth.de\/teneriffa-blog\/wp-content\/uploads\/2012\/12\/P1070508.jpg 980w\" sizes=\"auto, (max-width: 150px) 100vw, 150px\" \/><\/a>Inseln La Gomera und sogar El Hierro liegen wie gemalt vor uns. Sieht man so auch nicht oft. Sp\u00e4ter pr\u00e4sentiert sich uns noch La Palma genau so sch\u00f6n, jedoch sehen wir unterwegs auch das ganze Ausma\u00df des verheerenden Brandes vom Sommer diesen Jahres.<\/p>\n<p>Der Busfahrer ist so nett und h\u00e4lt ausnahmsweise am<a href=\"http:\/\/www.mundi-roth.de\/teneriffa-blog\/wp-content\/uploads\/2012\/12\/P1070516.jpg\" rel=\"lightbox[2086]\"><img loading=\"lazy\" decoding=\"async\" class=\"alignright size-thumbnail wp-image-2089\" title=\"P1070516\" src=\"http:\/\/www.mundi-roth.de\/teneriffa-blog\/wp-content\/uploads\/2012\/12\/P1070516-150x112.jpg\" alt=\"\" width=\"150\" height=\"112\" srcset=\"https:\/\/www.mundi-roth.de\/teneriffa-blog\/wp-content\/uploads\/2012\/12\/P1070516-150x112.jpg 150w, https:\/\/www.mundi-roth.de\/teneriffa-blog\/wp-content\/uploads\/2012\/12\/P1070516-300x225.jpg 300w, https:\/\/www.mundi-roth.de\/teneriffa-blog\/wp-content\/uploads\/2012\/12\/P1070516.jpg 980w\" sizes=\"auto, (max-width: 150px) 100vw, 150px\" \/><\/a> Centro de Visitantes de El Portillo, so dass wir um 11:50 Uhr sofort unsere Wanderung starten k\u00f6nnen.<\/p>\n<p>Gleich am Geb\u00e4ude links vorbei steigen wir auf. Der Weg ist uns von fr\u00fcheren Wanderungen zur Fortaleza gut bekannt. Keine Schwierigkeit mit der Wegfindung. <a href=\"http:\/\/www.mundi-roth.de\/teneriffa-blog\/wp-content\/uploads\/2012\/12\/P1070518.jpg\" rel=\"lightbox[2086]\"><img loading=\"lazy\" decoding=\"async\" class=\"alignleft  wp-image-2090\" title=\"P1070518\" src=\"http:\/\/www.mundi-roth.de\/teneriffa-blog\/wp-content\/uploads\/2012\/12\/P1070518-112x150.jpg\" alt=\"\" width=\"112\" height=\"150\" srcset=\"https:\/\/www.mundi-roth.de\/teneriffa-blog\/wp-content\/uploads\/2012\/12\/P1070518-112x150.jpg 112w, https:\/\/www.mundi-roth.de\/teneriffa-blog\/wp-content\/uploads\/2012\/12\/P1070518-224x300.jpg 224w, https:\/\/www.mundi-roth.de\/teneriffa-blog\/wp-content\/uploads\/2012\/12\/P1070518.jpg 551w\" sizes=\"auto, (max-width: 112px) 100vw, 112px\" \/><\/a>Kurz darauf passieren wir ein \u201eGartent\u00f6rchen\u201c, sehen den auf der Nordseite leicht mit Schnee gepuderten Teide vor uns, bei der\u00a0 Wegverzweigung nehmen wir den rechten, unteren und bei der Infotafel gehen wir wieder rechts in die weite Ebene\u00a0 \u2013 folgen dem Sendero 1 &#8211; und sehen oben, auf der <a href=\"http:\/\/www.mundi-roth.de\/teneriffa-blog\/wanderungen\/fortaleza\/\">La Fortaleza<\/a>, diesem m\u00e4chtigen<a href=\"http:\/\/www.mundi-roth.de\/teneriffa-blog\/wp-content\/uploads\/2012\/12\/collage526529.jpg\" rel=\"lightbox[2086]\"><img loading=\"lazy\" decoding=\"async\" class=\"alignright size-medium wp-image-2091\" title=\"collage526529\" src=\"http:\/\/www.mundi-roth.de\/teneriffa-blog\/wp-content\/uploads\/2012\/12\/collage526529-300x106.jpg\" alt=\"\" width=\"300\" height=\"106\" srcset=\"https:\/\/www.mundi-roth.de\/teneriffa-blog\/wp-content\/uploads\/2012\/12\/collage526529-300x106.jpg 300w, https:\/\/www.mundi-roth.de\/teneriffa-blog\/wp-content\/uploads\/2012\/12\/collage526529-150x53.jpg 150w, https:\/\/www.mundi-roth.de\/teneriffa-blog\/wp-content\/uploads\/2012\/12\/collage526529.jpg 865w\" sizes=\"auto, (max-width: 300px) 100vw, 300px\" \/><\/a> Felsmassiv,\u00a0 zwischen den B\u00e4umen schon das Kapellchen \u201eCruz de Fregel\u201c.<br \/>\nDer knapp 10min\u00fctige, steile Aufstieg dorthin geht erst \u00fcber Sand, dann Steine und Ger\u00f6ll und dann Fels.<\/p>\n<p>So, die erste Etappe haben wir in einer Stunde geschafft. Trinkpause, Teideblick genie\u00dfen und nun welchen Weg? Die breite Forststra\u00dfe links hoch oder rechts eben? Kein Hinweis! Aber\u00a0 das Gl\u00fcck ist mit uns. Ein Ranger kommt gerade mit seinem Wagen angefahren und erkl\u00e4rt uns, zum Mirador El Lance m\u00fcssen wir den rechten Weg nehmen und immer \u201eabajo\u201c hinunter.<\/p>\n<p>Nun breitet sich vor uns eine Landschaft, wie wir sie auf unseren vielen Wanderungen in dieser Form noch nicht gesehen\u00a0 haben: Eine weite, breite, offene Fl\u00e4che, nur ganz niedrige B\u00fcsche des Besen-Sch\u00f6terich, besser bekannt als \u201eTeidelack\u201c, das gro\u00dfe Areal wird ges\u00e4umt von den Kanarischen Kiefern. <a href=\"http:\/\/www.mundi-roth.de\/teneriffa-blog\/wp-content\/uploads\/2012\/12\/P1070533.jpg\" rel=\"lightbox[2086]\"><img loading=\"lazy\" decoding=\"async\" class=\"alignright size-thumbnail wp-image-2092\" title=\"P1070533\" src=\"http:\/\/www.mundi-roth.de\/teneriffa-blog\/wp-content\/uploads\/2012\/12\/P1070533-150x101.jpg\" alt=\"\" width=\"150\" height=\"101\" srcset=\"https:\/\/www.mundi-roth.de\/teneriffa-blog\/wp-content\/uploads\/2012\/12\/P1070533-150x101.jpg 150w, https:\/\/www.mundi-roth.de\/teneriffa-blog\/wp-content\/uploads\/2012\/12\/P1070533-300x202.jpg 300w, https:\/\/www.mundi-roth.de\/teneriffa-blog\/wp-content\/uploads\/2012\/12\/P1070533.jpg 980w\" sizes=\"auto, (max-width: 150px) 100vw, 150px\" \/><\/a>Und die Insel La Palma ragt aus dem Dunst \u00fcber dem Meer.<br \/>\nWir befinden uns hier auf der Degollada del Cedro, dem Wanderweg Nummer 29. Die Infotafel stapelt nicht hoch, wenn sie verk\u00fcndet: wir befinden uns an der <em>Eingangspforte zu einer Zauberwelt<\/em>, die bis zum Gebirgsstock von Tigaiga reicht.<\/p>\n<p>Die ausgewaschene Fahrstra\u00dfe l\u00e4sst sich schlecht gehen. Bei der n\u00e4chsten Wegverzweigung w\u00e4hlen wir den rechten, oberen und er f\u00fchrt uns an einem gro\u00dfen, eingez\u00e4umten Gel\u00e4nde vorbei, das der Erholung der Pflanzen dient.<a href=\"http:\/\/www.mundi-roth.de\/teneriffa-blog\/wp-content\/uploads\/2012\/12\/P1070534.jpg\" rel=\"lightbox[2086]\"><img loading=\"lazy\" decoding=\"async\" class=\"alignright size-thumbnail wp-image-2093\" title=\"P1070534\" src=\"http:\/\/www.mundi-roth.de\/teneriffa-blog\/wp-content\/uploads\/2012\/12\/P1070534-150x112.jpg\" alt=\"\" width=\"150\" height=\"112\" srcset=\"https:\/\/www.mundi-roth.de\/teneriffa-blog\/wp-content\/uploads\/2012\/12\/P1070534-150x112.jpg 150w, https:\/\/www.mundi-roth.de\/teneriffa-blog\/wp-content\/uploads\/2012\/12\/P1070534-300x225.jpg 300w, https:\/\/www.mundi-roth.de\/teneriffa-blog\/wp-content\/uploads\/2012\/12\/P1070534.jpg 980w\" sizes=\"auto, (max-width: 150px) 100vw, 150px\" \/><\/a><br \/>\nNach einer knappen Viertelstunde erreichen wir den Kiefernsaum und haben von hier einen Blick auf Puerta de La Cruz und das Orotavatal in seiner ganzen Breite, wie wir ihn auch so klar und weit noch nie erlebt haben.<br \/>\nRechts hoch sehen wir die Monta\u00f1a Lim\u00f3n unterhalb der Geb\u00e4ude der Observatorien, dort wanderten wir ja vergangene Woche.<\/p>\n<p>Nach diesem wunderbaren Ausblick gehen wir gleich rechts runter und nicht die links abgehende Buckelpiste. Kurz darauf sehen wir das kleine Schildchen \u201eSendero 29\u201c und haben die Gewissheit, bis hierher sind wir schon mal richtig.<\/p>\n<p>Jedoch kurz darauf wieder R\u00e4tselraten: Weiter bergab, rechts, Puerto de la Cruz im Blick oder links, Blick auf La Palma und einen Leuchtturm?<br \/>\nWir folgen dem Rat des Rangers: immer abajo! Also rechts runter.<\/p>\n<p><a href=\"http:\/\/www.mundi-roth.de\/teneriffa-blog\/wp-content\/uploads\/2012\/12\/P1070539.jpg\" rel=\"lightbox[2086]\"><img loading=\"lazy\" decoding=\"async\" class=\"alignleft size-thumbnail wp-image-2094\" title=\"P1070539\" src=\"http:\/\/www.mundi-roth.de\/teneriffa-blog\/wp-content\/uploads\/2012\/12\/P1070539-150x112.jpg\" alt=\"\" width=\"150\" height=\"112\" srcset=\"https:\/\/www.mundi-roth.de\/teneriffa-blog\/wp-content\/uploads\/2012\/12\/P1070539-150x112.jpg 150w, https:\/\/www.mundi-roth.de\/teneriffa-blog\/wp-content\/uploads\/2012\/12\/P1070539-300x225.jpg 300w, https:\/\/www.mundi-roth.de\/teneriffa-blog\/wp-content\/uploads\/2012\/12\/P1070539.jpg 980w\" sizes=\"auto, (max-width: 150px) 100vw, 150px\" \/><\/a>Kurz darauf sto\u00dfen wir bei einer einzelnen Kiefer, malerisch den Teide als Hintergrund,\u00a0 auf die Infotafel\u00a0\u00a0 \u201eNr. 29 Degollada del Cedro\u201c.<br \/>\nHa! Wir haben richtig entschieden!<\/p>\n<p>Inzwischen ist es halb Zwei und wir marschieren durch den schattigen Kiefernwald und erfreuen uns an dem<a href=\"http:\/\/www.mundi-roth.de\/teneriffa-blog\/wanderungen\/el-portillo-mirador-el-lance-in-icod-el-alto\/attachment\/p1070542\/\" rel=\"attachment wp-att-2095\"><img loading=\"lazy\" decoding=\"async\" class=\"alignright size-thumbnail wp-image-2095\" title=\"P1070542\" src=\"http:\/\/www.mundi-roth.de\/teneriffa-blog\/wp-content\/uploads\/2012\/12\/P1070542-150x112.jpg\" alt=\"\" width=\"150\" height=\"112\" srcset=\"https:\/\/www.mundi-roth.de\/teneriffa-blog\/wp-content\/uploads\/2012\/12\/P1070542-150x112.jpg 150w, https:\/\/www.mundi-roth.de\/teneriffa-blog\/wp-content\/uploads\/2012\/12\/P1070542-300x225.jpg 300w, https:\/\/www.mundi-roth.de\/teneriffa-blog\/wp-content\/uploads\/2012\/12\/P1070542.jpg 980w\" sizes=\"auto, (max-width: 150px) 100vw, 150px\" \/><\/a> Lichtspiel. Erholung f\u00fcr die F\u00fc\u00dfe: Wir gehen \u00fcber Kiefernnadeln!<br \/>\n<a href=\"http:\/\/www.mundi-roth.de\/teneriffa-blog\/wp-content\/uploads\/2012\/12\/P1070543.jpg\" rel=\"lightbox[2086]\"><img loading=\"lazy\" decoding=\"async\" class=\"alignleft size-thumbnail wp-image-2096\" title=\"P1070543\" src=\"http:\/\/www.mundi-roth.de\/teneriffa-blog\/wp-content\/uploads\/2012\/12\/P1070543-150x112.jpg\" alt=\"\" width=\"150\" height=\"112\" srcset=\"https:\/\/www.mundi-roth.de\/teneriffa-blog\/wp-content\/uploads\/2012\/12\/P1070543-150x112.jpg 150w, https:\/\/www.mundi-roth.de\/teneriffa-blog\/wp-content\/uploads\/2012\/12\/P1070543-300x225.jpg 300w, https:\/\/www.mundi-roth.de\/teneriffa-blog\/wp-content\/uploads\/2012\/12\/P1070543.jpg 980w\" sizes=\"auto, (max-width: 150px) 100vw, 150px\" \/><\/a>Auch hier hat wohl vor ein paar Jahren ein heftiger Brand gew\u00fctet und diese phantastischen Kanarischen Kiefern, die ja Hitze bis 800 Grad \u00fcberstehen k\u00f6nnen, erholen sich schon wieder.<\/p>\n<p>Wir passieren eine Gedenkst\u00e4tte und kurz vor zwei Uhr erreichen wir einen<a href=\"http:\/\/www.mundi-roth.de\/teneriffa-blog\/wp-content\/uploads\/2012\/12\/collage545547.jpg\" rel=\"lightbox[2086]\"><img loading=\"lazy\" decoding=\"async\" class=\"alignright size-medium wp-image-2097\" title=\"collage545547\" src=\"http:\/\/www.mundi-roth.de\/teneriffa-blog\/wp-content\/uploads\/2012\/12\/collage545547-300x111.jpg\" alt=\"\" width=\"300\" height=\"111\" srcset=\"https:\/\/www.mundi-roth.de\/teneriffa-blog\/wp-content\/uploads\/2012\/12\/collage545547-300x111.jpg 300w, https:\/\/www.mundi-roth.de\/teneriffa-blog\/wp-content\/uploads\/2012\/12\/collage545547-150x55.jpg 150w, https:\/\/www.mundi-roth.de\/teneriffa-blog\/wp-content\/uploads\/2012\/12\/collage545547.jpg 927w\" sizes=\"auto, (max-width: 300px) 100vw, 300px\" \/><\/a> Rastplatz, Choza Piedra de los Pastores gerade recht f\u00fcr unsere obligatorische Apfelpause.<\/p>\n<p>Rundum gibt es diverse Hinweisschilder, wir studieren sie aufmerksam, mit dem \u201eSendero Turistico\u201c k\u00f6nnen wir nichts anfangen und so folgen\u00a0 wir dem Hinweis \u201eCampeches\u201c\u00a0 \u201eChanajiga\u201c<\/p>\n<p style=\"text-align: center;\"><a href=\"http:\/\/www.mundi-roth.de\/teneriffa-blog\/wp-content\/uploads\/2012\/12\/collage550551.jpg\" rel=\"lightbox[2086]\"><img loading=\"lazy\" decoding=\"async\" class=\"aligncenter size-medium wp-image-2098\" title=\"collage550551\" src=\"http:\/\/www.mundi-roth.de\/teneriffa-blog\/wp-content\/uploads\/2012\/12\/collage550551-300x106.jpg\" alt=\"\" width=\"300\" height=\"106\" srcset=\"https:\/\/www.mundi-roth.de\/teneriffa-blog\/wp-content\/uploads\/2012\/12\/collage550551-300x106.jpg 300w, https:\/\/www.mundi-roth.de\/teneriffa-blog\/wp-content\/uploads\/2012\/12\/collage550551-150x53.jpg 150w, https:\/\/www.mundi-roth.de\/teneriffa-blog\/wp-content\/uploads\/2012\/12\/collage550551.jpg 935w\" sizes=\"auto, (max-width: 300px) 100vw, 300px\" \/><\/a><\/p>\n<p><a href=\"http:\/\/www.mundi-roth.de\/teneriffa-blog\/wp-content\/uploads\/2012\/12\/P1070552.jpg\" rel=\"lightbox[2086]\"><img loading=\"lazy\" decoding=\"async\" class=\"alignleft size-thumbnail wp-image-2099\" title=\"P1070552\" src=\"http:\/\/www.mundi-roth.de\/teneriffa-blog\/wp-content\/uploads\/2012\/12\/P1070552-150x112.jpg\" alt=\"\" width=\"150\" height=\"112\" srcset=\"https:\/\/www.mundi-roth.de\/teneriffa-blog\/wp-content\/uploads\/2012\/12\/P1070552-150x112.jpg 150w, https:\/\/www.mundi-roth.de\/teneriffa-blog\/wp-content\/uploads\/2012\/12\/P1070552-300x225.jpg 300w, https:\/\/www.mundi-roth.de\/teneriffa-blog\/wp-content\/uploads\/2012\/12\/P1070552.jpg 980w\" sizes=\"auto, (max-width: 150px) 100vw, 150px\" \/><\/a>Bei der flechtenbehangenen Holztafel \u201eChanajiga\u201c sind wir mutig und\u00a0 verlassen den breiteren Weg, um in einen schmalen Pfad rechts einzubiegen, in der Hoffnung, dass unsere Interpretation des Planes richtig ist und er uns im Bogen wieder auf den breiteren Weg zur\u00fcckbringt.<br \/>\nDas ist eine Strecke wie wir sie lieben: rechts und links mit Flechten behangene Erika-, Gagel-, Lorbeerb\u00e4ume, Farne, Zistrosenstr\u00e4ucher, Felsen mit der <a href=\"http:\/\/www.mundi-roth.de\/teneriffa-blog\/wp-content\/uploads\/2012\/12\/collage558561564.jpg\" rel=\"lightbox[2086]\"><img loading=\"lazy\" decoding=\"async\" class=\"alignright size-medium wp-image-2100\" title=\"collage558561564\" src=\"http:\/\/www.mundi-roth.de\/teneriffa-blog\/wp-content\/uploads\/2012\/12\/collage558561564-300x81.jpg\" alt=\"\" width=\"300\" height=\"81\" srcset=\"https:\/\/www.mundi-roth.de\/teneriffa-blog\/wp-content\/uploads\/2012\/12\/collage558561564-300x81.jpg 300w, https:\/\/www.mundi-roth.de\/teneriffa-blog\/wp-content\/uploads\/2012\/12\/collage558561564-150x40.jpg 150w, https:\/\/www.mundi-roth.de\/teneriffa-blog\/wp-content\/uploads\/2012\/12\/collage558561564.jpg 851w\" sizes=\"auto, (max-width: 300px) 100vw, 300px\" \/><\/a>Kanaren-Dachwurz, den Aeonen bewachsen.<br \/>\nImmer wieder Ausblicke auf <a href=\"http:\/\/www.mundi-roth.de\/teneriffa-blog\/wp-content\/uploads\/2012\/12\/P1070557.jpg\" rel=\"lightbox[2086]\"><img loading=\"lazy\" decoding=\"async\" class=\"alignleft size-thumbnail wp-image-2101\" title=\"P1070557\" src=\"http:\/\/www.mundi-roth.de\/teneriffa-blog\/wp-content\/uploads\/2012\/12\/P1070557-150x112.jpg\" alt=\"\" width=\"150\" height=\"112\" srcset=\"https:\/\/www.mundi-roth.de\/teneriffa-blog\/wp-content\/uploads\/2012\/12\/P1070557-150x112.jpg 150w, https:\/\/www.mundi-roth.de\/teneriffa-blog\/wp-content\/uploads\/2012\/12\/P1070557-300x225.jpg 300w, https:\/\/www.mundi-roth.de\/teneriffa-blog\/wp-content\/uploads\/2012\/12\/P1070557.jpg 980w\" sizes=\"auto, (max-width: 150px) 100vw, 150px\" \/><\/a>die Bergkette und die mit Kiefern bewachsenen H\u00e4ngen.<\/p>\n<p>Nach weiteren zwanzig Minuten, um 14:30 Uhr,\u00a0 gelangen wir wieder auf einen Forstweg. Ein dickes <a href=\"http:\/\/www.mundi-roth.de\/teneriffa-blog\/wp-content\/uploads\/2012\/12\/P1070565.jpg\" rel=\"lightbox[2086]\"><img loading=\"lazy\" decoding=\"async\" class=\"alignright size-thumbnail wp-image-2102\" title=\"P1070565\" src=\"http:\/\/www.mundi-roth.de\/teneriffa-blog\/wp-content\/uploads\/2012\/12\/P1070565-150x112.jpg\" alt=\"\" width=\"150\" height=\"112\" srcset=\"https:\/\/www.mundi-roth.de\/teneriffa-blog\/wp-content\/uploads\/2012\/12\/P1070565-150x112.jpg 150w, https:\/\/www.mundi-roth.de\/teneriffa-blog\/wp-content\/uploads\/2012\/12\/P1070565-300x225.jpg 300w, https:\/\/www.mundi-roth.de\/teneriffa-blog\/wp-content\/uploads\/2012\/12\/P1070565.jpg 980w\" sizes=\"auto, (max-width: 150px) 100vw, 150px\" \/><\/a>Steinm\u00e4nnchen ziert den Weg. Nunmehr halten wir uns auf dem Forstweg links, wandern an sch\u00f6nen Felsw\u00e4nden,\u00a0 einem <a href=\"http:\/\/www.mundi-roth.de\/teneriffa-blog\/wp-content\/uploads\/2012\/12\/P1070567.jpg\" rel=\"lightbox[2086]\"><img loading=\"lazy\" decoding=\"async\" class=\"alignleft  wp-image-2103\" title=\"P1070567\" src=\"http:\/\/www.mundi-roth.de\/teneriffa-blog\/wp-content\/uploads\/2012\/12\/P1070567-150x112.jpg\" alt=\"\" width=\"150\" height=\"112\" srcset=\"https:\/\/www.mundi-roth.de\/teneriffa-blog\/wp-content\/uploads\/2012\/12\/P1070567-150x112.jpg 150w, https:\/\/www.mundi-roth.de\/teneriffa-blog\/wp-content\/uploads\/2012\/12\/P1070567-300x225.jpg 300w, https:\/\/www.mundi-roth.de\/teneriffa-blog\/wp-content\/uploads\/2012\/12\/P1070567.jpg 980w\" sizes=\"auto, (max-width: 150px) 100vw, 150px\" \/><\/a>Wasserstollen, wieder an Gedenkst\u00e4tten vorbei,\u00a0 gelangen an einen weiteren Rastplatz mit toller Aussicht rechts, und links Blick auf einen rot-wei\u00dfen Elektromasten. Dieser soll uns nun als<a href=\"http:\/\/www.mundi-roth.de\/teneriffa-blog\/wp-content\/uploads\/2012\/12\/collage570571572.jpg\" rel=\"lightbox[2086]\"><img loading=\"lazy\" decoding=\"async\" class=\"alignright size-medium wp-image-2104\" title=\"collage570571572\" src=\"http:\/\/www.mundi-roth.de\/teneriffa-blog\/wp-content\/uploads\/2012\/12\/collage570571572-300x71.jpg\" alt=\"\" width=\"300\" height=\"71\" srcset=\"https:\/\/www.mundi-roth.de\/teneriffa-blog\/wp-content\/uploads\/2012\/12\/collage570571572-300x71.jpg 300w, https:\/\/www.mundi-roth.de\/teneriffa-blog\/wp-content\/uploads\/2012\/12\/collage570571572-150x35.jpg 150w, https:\/\/www.mundi-roth.de\/teneriffa-blog\/wp-content\/uploads\/2012\/12\/collage570571572.jpg 954w\" sizes=\"auto, (max-width: 300px) 100vw, 300px\" \/><\/a> Richtschnur dienen.<\/p>\n<p>Der\u00a0 n\u00e4chste markante Anhaltspunkt f\u00fcr die Richtigkeit unserer Wanderung ist der Unterstand \u201eChoza Viera y Clavijo\u201c. Kurz darauf gelangen wir auf die von oben kommende Forststra\u00dfe und wunschgem\u00e4\u00df ist somit der Bogen vollzogen.<\/p>\n<p>Nun gehen wir vorerst kein Experiment\u00a0 mehr ein, folgen der Fahrstra\u00dfe in Richtung \u201eZona Recreativa\u201c.<br \/>\nImmer weiter, in langgezogenen B\u00f6gen ziehen wir\u00a0 Schleife f\u00fcr Schleife. Bringt uns nicht sehr schnell abw\u00e4rts, aber wir widerstehen der Versuchung, die rechts abgehenden Diritissimas zu gehen.<br \/>\nInzwischen sind wir so weit abgestiegen, dass uns schon der intensive Duft der\u00a0 Eukalyptusb\u00e4ume umgibt. Beim ersten Eukalyptusbaum zweigen wir nicht links ab sondern bleiben auf der Forststra\u00dfe.<br \/>\nNun s\u00e4umen die stachligen, teilweise schon gelb bl\u00fchenden\u00a0 B\u00fcsche des <a href=\"http:\/\/www.mundi-roth.de\/teneriffa-blog\/wp-content\/uploads\/2012\/12\/P1070577.jpg\" rel=\"lightbox[2086]\"><img loading=\"lazy\" decoding=\"async\" class=\"alignright size-thumbnail wp-image-2105\" title=\"P1070577\" src=\"http:\/\/www.mundi-roth.de\/teneriffa-blog\/wp-content\/uploads\/2012\/12\/P1070577-112x150.jpg\" alt=\"\" width=\"112\" height=\"150\" srcset=\"https:\/\/www.mundi-roth.de\/teneriffa-blog\/wp-content\/uploads\/2012\/12\/P1070577-112x150.jpg 112w, https:\/\/www.mundi-roth.de\/teneriffa-blog\/wp-content\/uploads\/2012\/12\/P1070577-224x300.jpg 224w, https:\/\/www.mundi-roth.de\/teneriffa-blog\/wp-content\/uploads\/2012\/12\/P1070577.jpg 551w\" sizes=\"auto, (max-width: 112px) 100vw, 112px\" \/><\/a>Stechginsters den Weg. Und eine Besonderheit, die wir bisher erst einmal gesehen haben: Ein Kanaren-Endemit,der Kanarische Erdbeerbaum in voller Bl\u00fcte.<\/p>\n<p>Wir folgen der \u201ePista general Icod el Alto\u201c, missachten wieder <a href=\"http:\/\/www.mundi-roth.de\/teneriffa-blog\/wp-content\/uploads\/2012\/12\/P1070579.jpg\" rel=\"lightbox[2086]\"><img loading=\"lazy\" decoding=\"async\" class=\"alignleft size-thumbnail wp-image-2106\" title=\"P1070579\" src=\"http:\/\/www.mundi-roth.de\/teneriffa-blog\/wp-content\/uploads\/2012\/12\/P1070579-150x112.jpg\" alt=\"\" width=\"150\" height=\"112\" srcset=\"https:\/\/www.mundi-roth.de\/teneriffa-blog\/wp-content\/uploads\/2012\/12\/P1070579-150x112.jpg 150w, https:\/\/www.mundi-roth.de\/teneriffa-blog\/wp-content\/uploads\/2012\/12\/P1070579-300x225.jpg 300w, https:\/\/www.mundi-roth.de\/teneriffa-blog\/wp-content\/uploads\/2012\/12\/P1070579.jpg 980w\" sizes=\"auto, (max-width: 150px) 100vw, 150px\" \/><\/a>einen rechts\u00a0\u00a0 abgehenden, steilen Pfad, obwohl wir vermuten, dass es sich um eine Abk\u00fcrzung handeln k\u00f6nnte. Wir wollen aber kein Experiment mehr eingehen, da wir nicht wissen, ob es so gut ausgeht wie unser erster\u00a0 Abstecher.<br \/>\nDen Abzweig \u201eVereda de Junquillos\u201c lassen wir im wahrsten Sinne des Wortes links und den Hinweis zum Mirador El Asomadero, einer Abflugstelle f\u00fcr Paraglider, rechts liegen.<\/p>\n<p>Aber der Weg zieht sich. Die Schleife scheint uns endlos und als wir wieder einen Pfad abgehen sehen, ist es mit unserer Standhaftigkeit vorbei. Wir wollen schneller weiter runter!<\/p>\n<p>Durch ein Dickicht, ziemlich zugewachsen, hangeln wir uns abw\u00e4rts.<br \/>\nElisabeth meint, das w\u00e4re die \u201eVia dolorosa\u201c da der Stechginster und die Brombeerzweige sich bei uns verhaken. Aber, es geht schnell steil abw\u00e4rts.<\/p>\n<p>Als wir aus diesem Gestr\u00fcpp-Tunnel heraustreten, bleiben wir wie angewurzelt stehen:<br \/>\nDer Blick, der sich uns nun bietet, ist unbeschreiblich sch\u00f6n: Vor uns die sattgr\u00fcnen Terrassenfelder, die sich den Hang hinaufziehen, die Ausl\u00e4ufer\u00a0 des Teno-Gebirges\u00a0 und im Hintergrund Dunst und daraus erheben sich die zwei<a href=\"http:\/\/www.mundi-roth.de\/teneriffa-blog\/wp-content\/uploads\/2012\/12\/collage596597.jpg\" rel=\"lightbox[2086]\"><img loading=\"lazy\" decoding=\"async\" class=\"alignright size-medium wp-image-2107\" title=\"collage596597\" src=\"http:\/\/www.mundi-roth.de\/teneriffa-blog\/wp-content\/uploads\/2012\/12\/collage596597-300x103.jpg\" alt=\"\" width=\"300\" height=\"103\" srcset=\"https:\/\/www.mundi-roth.de\/teneriffa-blog\/wp-content\/uploads\/2012\/12\/collage596597-300x103.jpg 300w, https:\/\/www.mundi-roth.de\/teneriffa-blog\/wp-content\/uploads\/2012\/12\/collage596597-150x51.jpg 150w, https:\/\/www.mundi-roth.de\/teneriffa-blog\/wp-content\/uploads\/2012\/12\/collage596597.jpg 920w\" sizes=\"auto, (max-width: 300px) 100vw, 300px\" \/><\/a> Buckel der Insel La Plama. Traumhaft sch\u00f6n! Und nat\u00fcrlich \u2013 Schwenk nach links &#8211; der dominante Teide.<br \/>\nDas kann ein Foto einfach nicht wiedergeben.<\/p>\n<p><a href=\"http:\/\/www.mundi-roth.de\/teneriffa-blog\/wp-content\/uploads\/2012\/12\/P1070599.jpg\" rel=\"lightbox[2086]\"><img loading=\"lazy\" decoding=\"async\" class=\"alignleft size-thumbnail wp-image-2108\" title=\"P1070599\" src=\"http:\/\/www.mundi-roth.de\/teneriffa-blog\/wp-content\/uploads\/2012\/12\/P1070599-112x150.jpg\" alt=\"\" width=\"112\" height=\"150\" srcset=\"https:\/\/www.mundi-roth.de\/teneriffa-blog\/wp-content\/uploads\/2012\/12\/P1070599-112x150.jpg 112w, https:\/\/www.mundi-roth.de\/teneriffa-blog\/wp-content\/uploads\/2012\/12\/P1070599-224x300.jpg 224w, https:\/\/www.mundi-roth.de\/teneriffa-blog\/wp-content\/uploads\/2012\/12\/P1070599.jpg 551w\" sizes=\"auto, (max-width: 112px) 100vw, 112px\" \/><\/a>Wir bleiben auf diesem abenteuerlichen Pfad, direkt unter den Elektromasten abw\u00e4rts und hier st\u00f6\u00dft unser Abstecher wieder auf den vorher verlassenen Forstweg.<br \/>\nKurz darauf gelangen wir an eine \u201eFunkmast-Sammelstelle\u201c <a href=\"http:\/\/www.mundi-roth.de\/teneriffa-blog\/wp-content\/uploads\/2012\/12\/P1070600.jpg\" rel=\"lightbox[2086]\"><img loading=\"lazy\" decoding=\"async\" class=\"alignright size-thumbnail wp-image-2109\" title=\"P1070600\" src=\"http:\/\/www.mundi-roth.de\/teneriffa-blog\/wp-content\/uploads\/2012\/12\/P1070600-150x112.jpg\" alt=\"\" width=\"150\" height=\"112\" srcset=\"https:\/\/www.mundi-roth.de\/teneriffa-blog\/wp-content\/uploads\/2012\/12\/P1070600-150x112.jpg 150w, https:\/\/www.mundi-roth.de\/teneriffa-blog\/wp-content\/uploads\/2012\/12\/P1070600-300x225.jpg 300w, https:\/\/www.mundi-roth.de\/teneriffa-blog\/wp-content\/uploads\/2012\/12\/P1070600.jpg 980w\" sizes=\"auto, (max-width: 150px) 100vw, 150px\" \/><\/a>.<br \/>\nAn diesem Gel\u00e4nde vorbei, links Kartoffelfelder und der Blick auf Icod el Alto steil, steil abw\u00e4rts.<br \/>\nZum Schluss \u00fcber eine gepflasterte Strecke, so erreichen wir den Mirador La Corona. Den <a href=\"http:\/\/www.mundi-roth.de\/teneriffa-blog\/wp-content\/uploads\/2012\/12\/P1070609.jpg\" rel=\"lightbox[2086]\"><img loading=\"lazy\" decoding=\"async\" class=\"alignleft size-thumbnail wp-image-2110\" title=\"P1070609\" src=\"http:\/\/www.mundi-roth.de\/teneriffa-blog\/wp-content\/uploads\/2012\/12\/P1070609-150x112.jpg\" alt=\"\" width=\"150\" height=\"112\" srcset=\"https:\/\/www.mundi-roth.de\/teneriffa-blog\/wp-content\/uploads\/2012\/12\/P1070609-150x112.jpg 150w, https:\/\/www.mundi-roth.de\/teneriffa-blog\/wp-content\/uploads\/2012\/12\/P1070609-300x225.jpg 300w, https:\/\/www.mundi-roth.de\/teneriffa-blog\/wp-content\/uploads\/2012\/12\/P1070609.jpg 980w\" sizes=\"auto, (max-width: 150px) 100vw, 150px\" \/><\/a>Abstecher machen wir noch, um den Ausblick zu genie\u00dfen.\u00a0 Inzwischen ist es halb f\u00fcnf Uhr.<\/p>\n<p>Wir m\u00fcssen dann wieder ein St\u00fcck aufsteigen, um auf die Asphaltstra\u00dfe zu gelangen, der wir links folgen. Kurz nach einem gelben Haus mit einer Reihe Palmen zweigen wir bei einem Eukalyptusbaum vor dem Barranco de Ruiz rechts ab.<br \/>\nAls wir den Hinweis \u201eFuente El Dornajito\u201c lesen, d\u00e4mmert es bei mir:<br \/>\nHierhin und zum Mirador El Lance f\u00fchrte uns vor vielen Jahren mal der <a href=\"http:\/\/www.gregorio-teneriffa.de\/cristobal\/\">Botaniker Christobal<\/a> bei einer Excursion die Frau Dr. Zimmermann vom Kulurkreis Teneriffa S\u00fcd initiiert hatte.<\/p>\n<p>Bis zum Mirador El Lance m\u00fcssen wir nun leider 35 Minuten auf der Asphaltstra\u00dfe gehen, die jedoch so gut wie nicht befahren ist.<a href=\"http:\/\/www.mundi-roth.de\/teneriffa-blog\/wp-content\/uploads\/2012\/12\/P1070616.jpg\" rel=\"lightbox[2086]\"><img loading=\"lazy\" decoding=\"async\" class=\"alignright size-thumbnail wp-image-2111\" title=\"P1070616\" src=\"http:\/\/www.mundi-roth.de\/teneriffa-blog\/wp-content\/uploads\/2012\/12\/P1070616-150x112.jpg\" alt=\"\" width=\"150\" height=\"112\" srcset=\"https:\/\/www.mundi-roth.de\/teneriffa-blog\/wp-content\/uploads\/2012\/12\/P1070616-150x112.jpg 150w, https:\/\/www.mundi-roth.de\/teneriffa-blog\/wp-content\/uploads\/2012\/12\/P1070616-300x225.jpg 300w, https:\/\/www.mundi-roth.de\/teneriffa-blog\/wp-content\/uploads\/2012\/12\/P1070616.jpg 980w\" sizes=\"auto, (max-width: 150px) 100vw, 150px\" \/><\/a><br \/>\nJedoch auch hier gibt es noch was Sch\u00f6nes zu sehen: Ein wundersch\u00f6ner Bauernhof.<br \/>\nAber: Im \u00d6rtchen Icod el Alto geht es so steil bergab, dass wir am liebsten r\u00fcckw\u00e4rts gehen w\u00fcrden. Das haben wir so nur einmal auf unserer Wanderung von Aguamansa nach Arafo in Arafo erlebt.<\/p>\n<p>Was sind wir froh, als wir endlich die TF 342 erreichen und in wenigen\u00a0 Minuten \u00fcber einen abenteuerlichen B\u00fcrgersteig\u00a0 am Mirador El Lance ankommen. Genaue Ankunft gem\u00e4\u00df der Aufzeichnung meiner Kamera: 17:04:42 Uhr.<\/p>\n<p style=\"text-align: center;\"><a href=\"http:\/\/www.mundi-roth.de\/teneriffa-blog\/wp-content\/uploads\/2012\/12\/collage621624.jpg\" rel=\"lightbox[2086]\"><img loading=\"lazy\" decoding=\"async\" class=\"aligncenter  wp-image-2112\" title=\"collage621624\" src=\"http:\/\/www.mundi-roth.de\/teneriffa-blog\/wp-content\/uploads\/2012\/12\/collage621624-300x140.jpg\" alt=\"\" width=\"300\" height=\"140\" srcset=\"https:\/\/www.mundi-roth.de\/teneriffa-blog\/wp-content\/uploads\/2012\/12\/collage621624-300x140.jpg 300w, https:\/\/www.mundi-roth.de\/teneriffa-blog\/wp-content\/uploads\/2012\/12\/collage621624-150x70.jpg 150w, https:\/\/www.mundi-roth.de\/teneriffa-blog\/wp-content\/uploads\/2012\/12\/collage621624.jpg 844w\" sizes=\"auto, (max-width: 300px) 100vw, 300px\" \/><\/a><\/p>\n<p><a href=\"http:\/\/www.mundi-roth.de\/teneriffa-blog\/wp-content\/uploads\/2012\/12\/P1070622.jpg\" rel=\"lightbox[2086]\"><img loading=\"lazy\" decoding=\"async\" class=\"alignleft size-thumbnail wp-image-2113\" title=\"P1070622\" src=\"http:\/\/www.mundi-roth.de\/teneriffa-blog\/wp-content\/uploads\/2012\/12\/P1070622-150x112.jpg\" alt=\"\" width=\"150\" height=\"112\" srcset=\"https:\/\/www.mundi-roth.de\/teneriffa-blog\/wp-content\/uploads\/2012\/12\/P1070622-150x112.jpg 150w, https:\/\/www.mundi-roth.de\/teneriffa-blog\/wp-content\/uploads\/2012\/12\/P1070622-300x225.jpg 300w, https:\/\/www.mundi-roth.de\/teneriffa-blog\/wp-content\/uploads\/2012\/12\/P1070622.jpg 980w\" sizes=\"auto, (max-width: 150px) 100vw, 150px\" \/><\/a>Wer erwartet uns dort? Mein lieber Mann, der es sich nicht nehmen l\u00e4sst, f\u00fcr uns Taxi zu spielen. Nach seinen eigenen Worten: \u201eTaxi IrmEli\u201c<br \/>\n(Irmgard und Elisabeth). Dankesch\u00f6n! Dankesch\u00f6n!<\/p>\n<p>&nbsp;<\/p>\n<p>&nbsp;<\/p>\n<p><strong>Fazit:<\/strong><br \/>\nEs ist zwar eine anstrengende Tour, welche die Oberschenkel und Waden durch ihre Steilheit strapaziert, aber sie lohnt sich!<br \/>\nSo unterschiedliche Landschaftsbilder sieht man selten bei einer einzigen Tour!<br \/>\nErst der Steingarten in den\u00a0 Ca\u00f1adas mit dem Teide-Natternkopf, Teide-Ginster, Teide-Margariten und den Endemiten wie Besenrauke, Teidelack, Teide-Skabiosen, leider zur Zeit alles noch ohne Bl\u00fcten.<br \/>\nDann die weite Sandfl\u00e4che, zum Teil in unterschiedlichen Farben.<br \/>\nAuf der Degollada del Cedro herrschen die niedrigen B\u00fcsche des Teidelacks vor.<br \/>\nNur wenig sp\u00e4ter erreichen wir den Saum des Waldes mit den Wolkenmelkern, den Kanaren-Kiefern, bis zu einer H\u00f6he von 2000 Metern treffen wir sie an.\u00a0 Den Weg s\u00e4umen nun die B\u00fcsche der Zistrosen.<br \/>\nAuf unserem Abstecher durch den Lorbeerwald sehen wir die typische, \u00fcppige Vegetation, vor allem die Erika-, Gagel- und Lorbeerb\u00e4ume, mit Flechten \u00fcberzogen, Farne, Moose und\u00a0 Aeonien.<br \/>\nTiefer unten sto\u00dfen wir auf die Eukalyptusb\u00e4ume, Escobonstr\u00e4ucher, Stechginster, Brombeeren,\u00a0 und und und<br \/>\nDann gelangen wir in die landwirtschaftlich genutzten Gebiete. Hier in dieser Ecke herrschen die Kartoffelfelder vor.<br \/>\nZu allem immer wieder die Ausblicke runter zur K\u00fcste mit den Ansiedlungen, auf die Insel La Palma, die aus dem Dunst herausragt, aufw\u00e4rts auf die Bergh\u00e4nge, gr\u00fcn, gr\u00fcn,von Kiefern \u00fcberzogen,<br \/>\nSch\u00f6n!<\/p>\n<p><strong>Anfahrt:<\/strong><br \/>\n9:15 Uhr Linie 342 von Playas de las Am\u00e9ricas &#8211; unbedingt dort einsteigen in Los Cristianos kam nur noch eine Person mit &#8211;\u00a0 bis El Portillo bzw. wenn man einen netten Busfahrer erwischt: bis zum Centro de Visitantes de Portillo.<\/p>\n<p><strong>Abfahrt:<\/strong><br \/>\nHat man nicht das Gl\u00fcck eines privaten Abholdienstes, so gibt es im Ort Icod el Alto, direkt an der Wanderstrecke, eine Bushaltestelle und auch an der TF 342.<\/p>\n","protected":false},"excerpt":{"rendered":"<p>Traumwetter! Strahlender Sonnenschein! Noch nicht einmal ein Fotografierw\u00f6lkchen! Gef\u00fchlte satte 20\u00a0 Grad! Und das in den Ca\u00f1adas! Gerade richtig f\u00fcr unsere Mammut-Tour: Es gilt 1580 Meter im Abstieg (2115m -&gt; 535m) und 17,42 Kilometer in der L\u00e4nge zu \u00fcberwinden. Dabei werden wir noch zus\u00e4tzlich belohnt, da wir so ziemlich alle m\u00f6glichen Vegetationszonen auf der Insel [&hellip;]<\/p>\n","protected":false},"author":4,"featured_media":0,"comment_status":"open","ping_status":"open","sticky":false,"template":"","format":"standard","meta":{"footnotes":""},"categories":[779,6],"tags":[603,596,599,600,597,598,355,601,595,357,594,602,371],"class_list":["post-2086","post","type-post","status-publish","format-standard","hentry","category-canadas","category-wanderungen","tag-barranco-de-ruiz","tag-centro-de-visitantes-de-el-portillo","tag-choza-piedra-de-los-pastores","tag-choza-viera-y-clavijo","tag-cruz-de-fregel","tag-degollada-del-cedro","tag-el-portillo","tag-erdbeerbaum","tag-icod-el-alto","tag-la-fortaleza","tag-mirador-el-lance","tag-mirador-la-corona","tag-orotavatal"],"yoast_head":"<!-- This site is optimized with the Yoast SEO plugin v27.5 - https:\/\/yoast.com\/product\/yoast-seo-wordpress\/ -->\n<title>El Portillo \u2013 Mirador El Lance in Icod el Alto - Teneriffa Wandern<\/title>\n<meta name=\"robots\" content=\"index, follow, max-snippet:-1, max-image-preview:large, max-video-preview:-1\" \/>\n<link rel=\"canonical\" href=\"https:\/\/www.mundi-roth.de\/teneriffa-blog\/wanderungen\/el-portillo-mirador-el-lance-in-icod-el-alto\/\" \/>\n<meta name=\"twitter:label1\" content=\"Verfasst von\" \/>\n\t<meta name=\"twitter:data1\" content=\"mundi\" \/>\n\t<meta name=\"twitter:label2\" content=\"Gesch\u00e4tzte Lesezeit\" \/>\n\t<meta name=\"twitter:data2\" content=\"9\u00a0Minuten\" \/>\n<script type=\"application\/ld+json\" class=\"yoast-schema-graph\">{\"@context\":\"https:\\\/\\\/schema.org\",\"@graph\":[{\"@type\":\"Article\",\"@id\":\"https:\\\/\\\/www.mundi-roth.de\\\/teneriffa-blog\\\/wanderungen\\\/el-portillo-mirador-el-lance-in-icod-el-alto\\\/#article\",\"isPartOf\":{\"@id\":\"https:\\\/\\\/www.mundi-roth.de\\\/teneriffa-blog\\\/wanderungen\\\/el-portillo-mirador-el-lance-in-icod-el-alto\\\/\"},\"author\":{\"name\":\"mundi\",\"@id\":\"https:\\\/\\\/www.mundi-roth.de\\\/teneriffa-blog\\\/#\\\/schema\\\/person\\\/971c66b55f3ae5e8741553688c413cac\"},\"headline\":\"El Portillo \u2013 Mirador El Lance in Icod el Alto\",\"datePublished\":\"2012-12-18T21:00:14+00:00\",\"dateModified\":\"2015-04-09T13:49:00+00:00\",\"mainEntityOfPage\":{\"@id\":\"https:\\\/\\\/www.mundi-roth.de\\\/teneriffa-blog\\\/wanderungen\\\/el-portillo-mirador-el-lance-in-icod-el-alto\\\/\"},\"wordCount\":1875,\"commentCount\":0,\"image\":{\"@id\":\"https:\\\/\\\/www.mundi-roth.de\\\/teneriffa-blog\\\/wanderungen\\\/el-portillo-mirador-el-lance-in-icod-el-alto\\\/#primaryimage\"},\"thumbnailUrl\":\"http:\\\/\\\/www.mundi-roth.de\\\/teneriffa-blog\\\/wp-content\\\/uploads\\\/2012\\\/12\\\/ElLance3x-106x150.jpg\",\"keywords\":[\"Barranco de Ruiz\",\"Centro de Visitantes de El Portillo\",\"Choza Piedra de los Pastores\",\"Choza Viera y Clavijo\",\"Cruz de Fregel\",\"Degollada del Cedro\",\"El Portillo\",\"Erdbeerbaum\",\"Icod el Alto\",\"La Fortaleza\",\"Mirador El Lance\",\"Mirador La Corona\",\"Orotavatal\"],\"articleSection\":[\"Ca\u00f1adas\",\"Wanderungen\"],\"inLanguage\":\"de\",\"potentialAction\":[{\"@type\":\"CommentAction\",\"name\":\"Comment\",\"target\":[\"https:\\\/\\\/www.mundi-roth.de\\\/teneriffa-blog\\\/wanderungen\\\/el-portillo-mirador-el-lance-in-icod-el-alto\\\/#respond\"]}]},{\"@type\":\"WebPage\",\"@id\":\"https:\\\/\\\/www.mundi-roth.de\\\/teneriffa-blog\\\/wanderungen\\\/el-portillo-mirador-el-lance-in-icod-el-alto\\\/\",\"url\":\"https:\\\/\\\/www.mundi-roth.de\\\/teneriffa-blog\\\/wanderungen\\\/el-portillo-mirador-el-lance-in-icod-el-alto\\\/\",\"name\":\"El Portillo \u2013 Mirador El Lance in Icod el Alto - Teneriffa Wandern\",\"isPartOf\":{\"@id\":\"https:\\\/\\\/www.mundi-roth.de\\\/teneriffa-blog\\\/#website\"},\"primaryImageOfPage\":{\"@id\":\"https:\\\/\\\/www.mundi-roth.de\\\/teneriffa-blog\\\/wanderungen\\\/el-portillo-mirador-el-lance-in-icod-el-alto\\\/#primaryimage\"},\"image\":{\"@id\":\"https:\\\/\\\/www.mundi-roth.de\\\/teneriffa-blog\\\/wanderungen\\\/el-portillo-mirador-el-lance-in-icod-el-alto\\\/#primaryimage\"},\"thumbnailUrl\":\"http:\\\/\\\/www.mundi-roth.de\\\/teneriffa-blog\\\/wp-content\\\/uploads\\\/2012\\\/12\\\/ElLance3x-106x150.jpg\",\"datePublished\":\"2012-12-18T21:00:14+00:00\",\"dateModified\":\"2015-04-09T13:49:00+00:00\",\"author\":{\"@id\":\"https:\\\/\\\/www.mundi-roth.de\\\/teneriffa-blog\\\/#\\\/schema\\\/person\\\/971c66b55f3ae5e8741553688c413cac\"},\"breadcrumb\":{\"@id\":\"https:\\\/\\\/www.mundi-roth.de\\\/teneriffa-blog\\\/wanderungen\\\/el-portillo-mirador-el-lance-in-icod-el-alto\\\/#breadcrumb\"},\"inLanguage\":\"de\",\"potentialAction\":[{\"@type\":\"ReadAction\",\"target\":[\"https:\\\/\\\/www.mundi-roth.de\\\/teneriffa-blog\\\/wanderungen\\\/el-portillo-mirador-el-lance-in-icod-el-alto\\\/\"]}]},{\"@type\":\"ImageObject\",\"inLanguage\":\"de\",\"@id\":\"https:\\\/\\\/www.mundi-roth.de\\\/teneriffa-blog\\\/wanderungen\\\/el-portillo-mirador-el-lance-in-icod-el-alto\\\/#primaryimage\",\"url\":\"https:\\\/\\\/www.mundi-roth.de\\\/teneriffa-blog\\\/wp-content\\\/uploads\\\/2012\\\/12\\\/ElLance3x.jpg\",\"contentUrl\":\"https:\\\/\\\/www.mundi-roth.de\\\/teneriffa-blog\\\/wp-content\\\/uploads\\\/2012\\\/12\\\/ElLance3x.jpg\",\"width\":\"398\",\"height\":\"558\"},{\"@type\":\"BreadcrumbList\",\"@id\":\"https:\\\/\\\/www.mundi-roth.de\\\/teneriffa-blog\\\/wanderungen\\\/el-portillo-mirador-el-lance-in-icod-el-alto\\\/#breadcrumb\",\"itemListElement\":[{\"@type\":\"ListItem\",\"position\":1,\"name\":\"Startseite\",\"item\":\"https:\\\/\\\/www.mundi-roth.de\\\/teneriffa-blog\\\/\"},{\"@type\":\"ListItem\",\"position\":2,\"name\":\"El Portillo \u2013 Mirador El Lance in Icod el Alto\"}]},{\"@type\":\"WebSite\",\"@id\":\"https:\\\/\\\/www.mundi-roth.de\\\/teneriffa-blog\\\/#website\",\"url\":\"https:\\\/\\\/www.mundi-roth.de\\\/teneriffa-blog\\\/\",\"name\":\"Teneriffa Wandern\",\"description\":\"Nicht nur Wanderungen auf Teneriffa...\",\"potentialAction\":[{\"@type\":\"SearchAction\",\"target\":{\"@type\":\"EntryPoint\",\"urlTemplate\":\"https:\\\/\\\/www.mundi-roth.de\\\/teneriffa-blog\\\/?s={search_term_string}\"},\"query-input\":{\"@type\":\"PropertyValueSpecification\",\"valueRequired\":true,\"valueName\":\"search_term_string\"}}],\"inLanguage\":\"de\"},{\"@type\":\"Person\",\"@id\":\"https:\\\/\\\/www.mundi-roth.de\\\/teneriffa-blog\\\/#\\\/schema\\\/person\\\/971c66b55f3ae5e8741553688c413cac\",\"name\":\"mundi\",\"image\":{\"@type\":\"ImageObject\",\"inLanguage\":\"de\",\"@id\":\"https:\\\/\\\/secure.gravatar.com\\\/avatar\\\/555f0dd85428f1a9330f8e5dbe9e40ff9ca912bb81e5a89747ebf3ca9c20dc0f?s=96&d=mm&r=g\",\"url\":\"https:\\\/\\\/secure.gravatar.com\\\/avatar\\\/555f0dd85428f1a9330f8e5dbe9e40ff9ca912bb81e5a89747ebf3ca9c20dc0f?s=96&d=mm&r=g\",\"contentUrl\":\"https:\\\/\\\/secure.gravatar.com\\\/avatar\\\/555f0dd85428f1a9330f8e5dbe9e40ff9ca912bb81e5a89747ebf3ca9c20dc0f?s=96&d=mm&r=g\",\"caption\":\"mundi\"},\"sameAs\":[\"http:\\\/\\\/mundi-roth.de\"],\"url\":\"https:\\\/\\\/www.mundi-roth.de\\\/teneriffa-blog\\\/author\\\/mundi\\\/\"}]}<\/script>\n<!-- \/ Yoast SEO plugin. -->","yoast_head_json":{"title":"El Portillo \u2013 Mirador El Lance in Icod el Alto - Teneriffa Wandern","robots":{"index":"index","follow":"follow","max-snippet":"max-snippet:-1","max-image-preview":"max-image-preview:large","max-video-preview":"max-video-preview:-1"},"canonical":"https:\/\/www.mundi-roth.de\/teneriffa-blog\/wanderungen\/el-portillo-mirador-el-lance-in-icod-el-alto\/","twitter_misc":{"Verfasst von":"mundi","Gesch\u00e4tzte Lesezeit":"9\u00a0Minuten"},"schema":{"@context":"https:\/\/schema.org","@graph":[{"@type":"Article","@id":"https:\/\/www.mundi-roth.de\/teneriffa-blog\/wanderungen\/el-portillo-mirador-el-lance-in-icod-el-alto\/#article","isPartOf":{"@id":"https:\/\/www.mundi-roth.de\/teneriffa-blog\/wanderungen\/el-portillo-mirador-el-lance-in-icod-el-alto\/"},"author":{"name":"mundi","@id":"https:\/\/www.mundi-roth.de\/teneriffa-blog\/#\/schema\/person\/971c66b55f3ae5e8741553688c413cac"},"headline":"El Portillo \u2013 Mirador El Lance in Icod el Alto","datePublished":"2012-12-18T21:00:14+00:00","dateModified":"2015-04-09T13:49:00+00:00","mainEntityOfPage":{"@id":"https:\/\/www.mundi-roth.de\/teneriffa-blog\/wanderungen\/el-portillo-mirador-el-lance-in-icod-el-alto\/"},"wordCount":1875,"commentCount":0,"image":{"@id":"https:\/\/www.mundi-roth.de\/teneriffa-blog\/wanderungen\/el-portillo-mirador-el-lance-in-icod-el-alto\/#primaryimage"},"thumbnailUrl":"http:\/\/www.mundi-roth.de\/teneriffa-blog\/wp-content\/uploads\/2012\/12\/ElLance3x-106x150.jpg","keywords":["Barranco de Ruiz","Centro de Visitantes de El Portillo","Choza Piedra de los Pastores","Choza Viera y Clavijo","Cruz de Fregel","Degollada del Cedro","El Portillo","Erdbeerbaum","Icod el Alto","La Fortaleza","Mirador El Lance","Mirador La Corona","Orotavatal"],"articleSection":["Ca\u00f1adas","Wanderungen"],"inLanguage":"de","potentialAction":[{"@type":"CommentAction","name":"Comment","target":["https:\/\/www.mundi-roth.de\/teneriffa-blog\/wanderungen\/el-portillo-mirador-el-lance-in-icod-el-alto\/#respond"]}]},{"@type":"WebPage","@id":"https:\/\/www.mundi-roth.de\/teneriffa-blog\/wanderungen\/el-portillo-mirador-el-lance-in-icod-el-alto\/","url":"https:\/\/www.mundi-roth.de\/teneriffa-blog\/wanderungen\/el-portillo-mirador-el-lance-in-icod-el-alto\/","name":"El Portillo \u2013 Mirador El Lance in Icod el Alto - Teneriffa Wandern","isPartOf":{"@id":"https:\/\/www.mundi-roth.de\/teneriffa-blog\/#website"},"primaryImageOfPage":{"@id":"https:\/\/www.mundi-roth.de\/teneriffa-blog\/wanderungen\/el-portillo-mirador-el-lance-in-icod-el-alto\/#primaryimage"},"image":{"@id":"https:\/\/www.mundi-roth.de\/teneriffa-blog\/wanderungen\/el-portillo-mirador-el-lance-in-icod-el-alto\/#primaryimage"},"thumbnailUrl":"http:\/\/www.mundi-roth.de\/teneriffa-blog\/wp-content\/uploads\/2012\/12\/ElLance3x-106x150.jpg","datePublished":"2012-12-18T21:00:14+00:00","dateModified":"2015-04-09T13:49:00+00:00","author":{"@id":"https:\/\/www.mundi-roth.de\/teneriffa-blog\/#\/schema\/person\/971c66b55f3ae5e8741553688c413cac"},"breadcrumb":{"@id":"https:\/\/www.mundi-roth.de\/teneriffa-blog\/wanderungen\/el-portillo-mirador-el-lance-in-icod-el-alto\/#breadcrumb"},"inLanguage":"de","potentialAction":[{"@type":"ReadAction","target":["https:\/\/www.mundi-roth.de\/teneriffa-blog\/wanderungen\/el-portillo-mirador-el-lance-in-icod-el-alto\/"]}]},{"@type":"ImageObject","inLanguage":"de","@id":"https:\/\/www.mundi-roth.de\/teneriffa-blog\/wanderungen\/el-portillo-mirador-el-lance-in-icod-el-alto\/#primaryimage","url":"https:\/\/www.mundi-roth.de\/teneriffa-blog\/wp-content\/uploads\/2012\/12\/ElLance3x.jpg","contentUrl":"https:\/\/www.mundi-roth.de\/teneriffa-blog\/wp-content\/uploads\/2012\/12\/ElLance3x.jpg","width":"398","height":"558"},{"@type":"BreadcrumbList","@id":"https:\/\/www.mundi-roth.de\/teneriffa-blog\/wanderungen\/el-portillo-mirador-el-lance-in-icod-el-alto\/#breadcrumb","itemListElement":[{"@type":"ListItem","position":1,"name":"Startseite","item":"https:\/\/www.mundi-roth.de\/teneriffa-blog\/"},{"@type":"ListItem","position":2,"name":"El Portillo \u2013 Mirador El Lance in Icod el Alto"}]},{"@type":"WebSite","@id":"https:\/\/www.mundi-roth.de\/teneriffa-blog\/#website","url":"https:\/\/www.mundi-roth.de\/teneriffa-blog\/","name":"Teneriffa Wandern","description":"Nicht nur Wanderungen auf Teneriffa...","potentialAction":[{"@type":"SearchAction","target":{"@type":"EntryPoint","urlTemplate":"https:\/\/www.mundi-roth.de\/teneriffa-blog\/?s={search_term_string}"},"query-input":{"@type":"PropertyValueSpecification","valueRequired":true,"valueName":"search_term_string"}}],"inLanguage":"de"},{"@type":"Person","@id":"https:\/\/www.mundi-roth.de\/teneriffa-blog\/#\/schema\/person\/971c66b55f3ae5e8741553688c413cac","name":"mundi","image":{"@type":"ImageObject","inLanguage":"de","@id":"https:\/\/secure.gravatar.com\/avatar\/555f0dd85428f1a9330f8e5dbe9e40ff9ca912bb81e5a89747ebf3ca9c20dc0f?s=96&d=mm&r=g","url":"https:\/\/secure.gravatar.com\/avatar\/555f0dd85428f1a9330f8e5dbe9e40ff9ca912bb81e5a89747ebf3ca9c20dc0f?s=96&d=mm&r=g","contentUrl":"https:\/\/secure.gravatar.com\/avatar\/555f0dd85428f1a9330f8e5dbe9e40ff9ca912bb81e5a89747ebf3ca9c20dc0f?s=96&d=mm&r=g","caption":"mundi"},"sameAs":["http:\/\/mundi-roth.de"],"url":"https:\/\/www.mundi-roth.de\/teneriffa-blog\/author\/mundi\/"}]}},"_links":{"self":[{"href":"https:\/\/www.mundi-roth.de\/teneriffa-blog\/wp-json\/wp\/v2\/posts\/2086","targetHints":{"allow":["GET"]}}],"collection":[{"href":"https:\/\/www.mundi-roth.de\/teneriffa-blog\/wp-json\/wp\/v2\/posts"}],"about":[{"href":"https:\/\/www.mundi-roth.de\/teneriffa-blog\/wp-json\/wp\/v2\/types\/post"}],"author":[{"embeddable":true,"href":"https:\/\/www.mundi-roth.de\/teneriffa-blog\/wp-json\/wp\/v2\/users\/4"}],"replies":[{"embeddable":true,"href":"https:\/\/www.mundi-roth.de\/teneriffa-blog\/wp-json\/wp\/v2\/comments?post=2086"}],"version-history":[{"count":0,"href":"https:\/\/www.mundi-roth.de\/teneriffa-blog\/wp-json\/wp\/v2\/posts\/2086\/revisions"}],"wp:attachment":[{"href":"https:\/\/www.mundi-roth.de\/teneriffa-blog\/wp-json\/wp\/v2\/media?parent=2086"}],"wp:term":[{"taxonomy":"category","embeddable":true,"href":"https:\/\/www.mundi-roth.de\/teneriffa-blog\/wp-json\/wp\/v2\/categories?post=2086"},{"taxonomy":"post_tag","embeddable":true,"href":"https:\/\/www.mundi-roth.de\/teneriffa-blog\/wp-json\/wp\/v2\/tags?post=2086"}],"curies":[{"name":"wp","href":"https:\/\/api.w.org\/{rel}","templated":true}]}}