{"id":211,"date":"2008-02-05T22:00:08","date_gmt":"2008-02-05T21:00:08","guid":{"rendered":"http:\/\/www.mundi-roth.de\/teneriffa-blog\/wanderungen\/barranco-de-erques-%e2%80%93-taucho\/"},"modified":"2015-04-12T11:53:32","modified_gmt":"2015-04-12T10:53:32","slug":"barranco-de-erques-%e2%80%93-taucho","status":"publish","type":"post","link":"https:\/\/www.mundi-roth.de\/teneriffa-blog\/wanderungen\/barranco-de-erques-%e2%80%93-taucho\/","title":{"rendered":"Barranco de Erques \u2013 Taucho"},"content":{"rendered":"<p><strong>Heute wollen wir es wissen: Wanderung &#8222;nur&#8220; in den Barranco de Erques bis zum Waschplatz mit nur 1,5 Stunden ist uns zu kurz &#8211; darum die Erweiterung bis Taucho. Unser Fazit: Lohnt nicht ! Bleiben wir lieber nur im Barranco.<\/strong><\/p>\n<p><!--more--><\/p>\n<p><strong>Wanderwegstrecke:<\/strong> 2 Stunden<br \/>\n<a title=\"wroutea2.jpg\" href=\"http:\/\/www.mundi-roth.de\/teneriffa-blog\/wp-content\/uploads\/2008\/02\/wroutea2.jpg\" rel=\"lightbox[211]\"><img loading=\"lazy\" decoding=\"async\" src=\"http:\/\/www.mundi-roth.de\/teneriffa-blog\/wp-content\/uploads\/2008\/02\/wroutea2.thumbnail.jpg\" alt=\"wroutea2.jpg\" width=\"120\" height=\"170\" align=\"right\" border=\"0\" hspace=\"3\" vspace=\"3\" \/><\/a> Sofort, unterhalb des urigen Hauses mit Ziegengehege davor, beginnt unser Wanderweg. Wir betreten auch fast unmittelbar danach ein Landschaftsschutzgebiet und der Pfad schl\u00e4ngelt sich \u2013 ger\u00f6llig \u2013 in den Barranco bergab. Linker Hand bestaunen wir tolle Felsformationen und rechts f\u00e4llt unser Blick in einen imposanten Barranco.<br \/>\nNach ca. 15 Minuten haben wir den Barranco-Grund erreicht, halten uns leicht links und nach kurzer Strecke gilt es die Entscheidung zu treffen:<br \/>\nWer ist gut zu Fu\u00df und wandert bis Taucho oder wer es lieber geruhsamer angehen lassen will, wandert bis zum ehemaligen Waschplatz von Vera de Erques und von dort wieder zum Ausgangspunkt zur\u00fcck.<br \/>\nDiese Strecke kann man nicht verfehlen und hin und zur\u00fcck sind es ca. 1 \u00bd Stunden. <a title=\"sany5455.jpg\" href=\"http:\/\/www.mundi-roth.de\/teneriffa-blog\/wp-content\/uploads\/2008\/02\/sany5455.jpg\" rel=\"lightbox[211]\"><img loading=\"lazy\" decoding=\"async\" src=\"http:\/\/www.mundi-roth.de\/teneriffa-blog\/wp-content\/uploads\/2008\/02\/sany5455.thumbnail.jpg\" alt=\"sany5455.jpg\" width=\"96\" height=\"128\" align=\"right\" border=\"0\" hspace=\"3\" vspace=\"3\" \/><\/a>Der Weg zum Waschplatz lohnt sich auf jeden Fall. Der Barranco verj\u00fcngt sich st\u00e4ndig und zu linken Hand kann man beeindruckende Felsw\u00e4nde bestaunen. Beim Waschplatz gibt es zwei kleine Becken, die eigentlich <a title=\"sany5449.jpg\" href=\"http:\/\/www.mundi-roth.de\/teneriffa-blog\/wp-content\/uploads\/2008\/02\/sany5449.jpg\" rel=\"lightbox[211]\"><img loading=\"lazy\" decoding=\"async\" src=\"http:\/\/www.mundi-roth.de\/teneriffa-blog\/wp-content\/uploads\/2008\/02\/sany5449.thumbnail.jpg\" alt=\"sany5449.jpg\" width=\"128\" height=\"96\" align=\"left\" border=\"0\" hspace=\"3\" vspace=\"3\" \/><\/a>immer mit Wasser gef\u00fcllt sind und beim unteren Becken findet man wunderh\u00fcbsche Farne. Ein weiterer Aufstieg in den Barranco ist m\u00f6glich, bedingt aber eine kleine, nicht ungef\u00e4hrliche Kletterei und es gibt dort oben keinen Weg.<\/p>\n<p>Richtung Taucho ist ab der Abzweigung erst einmal ein ca. 20 min\u00fctiger steiler, <a title=\"sany5446x.jpg\" href=\"http:\/\/www.mundi-roth.de\/teneriffa-blog\/wp-content\/uploads\/2008\/02\/sany5446x.jpg\" rel=\"lightbox[211]\"><img loading=\"lazy\" decoding=\"async\" src=\"http:\/\/www.mundi-roth.de\/teneriffa-blog\/wp-content\/uploads\/2008\/02\/sany5446x.thumbnail.jpg\" alt=\"sany5446x.jpg\" width=\"128\" height=\"96\" align=\"left\" border=\"0\" hspace=\"3\" vspace=\"3\" \/><\/a>schwei\u00dftreibender Aufstieg zu bew\u00e4ltigen, der dann, unterhalb eines verfallenen Hauses, im Bogen weiter rechts f\u00fchrt. Wir \u00fcbersteigen eine Wasserleitung, gehen Richtung H\u00e4user und kurz darauf f\u00fchrt links der Weg in den n\u00e4chsten Barranco.<br \/>\nBis hierher haben wir vom Ausgangspunkt 45 Minuten ben\u00f6tigt.<br \/>\nDiesen kleinen Barranco kann man fast niedlich finden, mit viel Gr\u00fcn und in nur 10 <a title=\"p1010227.jpg\" href=\"http:\/\/www.mundi-roth.de\/teneriffa-blog\/wp-content\/uploads\/2008\/02\/p1010227.jpg\" rel=\"lightbox[211]\"><img loading=\"lazy\" decoding=\"async\" src=\"http:\/\/www.mundi-roth.de\/teneriffa-blog\/wp-content\/uploads\/2008\/02\/p1010227.thumbnail.jpg\" alt=\"p1010227.jpg\" width=\"128\" height=\"96\" align=\"right\" border=\"0\" hspace=\"3\" vspace=\"3\" \/><\/a>Minuten sind wir runter und rauf gegangen. Sto\u00dfen auf einen h\u00e4\u00dflichen Drahtzaun und halten uns links, gehen an der Mauer eines Wasserbeckens vorbei und gelangen auf eine asphaltierte Stra\u00dfe, der wir nach links folgen und gelangen dann an ein Trafoturm rechts und links liegt die Villa Paula, Haus Nr. 2. Wir befinden uns bereits in <a title=\"p1010228.jpg\" href=\"http:\/\/www.mundi-roth.de\/teneriffa-blog\/wp-content\/uploads\/2008\/02\/p1010228.jpg\" rel=\"lightbox[211]\"><img loading=\"lazy\" decoding=\"async\" src=\"http:\/\/www.mundi-roth.de\/teneriffa-blog\/wp-content\/uploads\/2008\/02\/p1010228.thumbnail.jpg\" alt=\"p1010228.jpg\" width=\"128\" height=\"96\" align=\"left\" border=\"0\" hspace=\"3\" vspace=\"3\" \/><\/a>Tijoco alto. Von hier aus geht es nun leider nur auf geteerter Stra\u00dfe weiter. Bei dem Hinweisschild &#8222;La Conception\u201c \u201eBarranco de Ye\u201c biegen wir links ab und folgen der Fahrstra\u00dfe bis Taucho.<br \/>\nDiejenigen, die die Weiterwanderer abholen &#8222;d\u00fcrfen&#8220;, fahren auf der TF-583 hoch Richtung Taucho und k\u00f6nnen dort die Wanderer beim Abzweig \u201eBarranco de Ye\u201c einsammeln.<br \/>\nJedoch ehrlich: Der Aufwand lohnt nicht unbedingt. Es gen\u00fcgt, wenn man von Vera de Erques bis Tijoco Alto wandert und denselben Weg zur\u00fcckgeht.<\/p>\n<p><strong>Botanik<\/strong>:<br \/>\n<a title=\"p1010230.jpg\" href=\"http:\/\/www.mundi-roth.de\/teneriffa-blog\/wp-content\/uploads\/2008\/02\/p1010230.jpg\" rel=\"lightbox[211]\"><img loading=\"lazy\" decoding=\"async\" src=\"http:\/\/www.mundi-roth.de\/teneriffa-blog\/wp-content\/uploads\/2008\/02\/p1010230.thumbnail.jpg\" alt=\"p1010230.jpg\" width=\"128\" height=\"96\" align=\"right\" border=\"0\" hspace=\"3\" vspace=\"3\" \/><\/a> Zur Zeit ist die Bl\u00fctezeit des Kanaren-Lavendels (Lavandula multifida L.ssp.canariensis) \u201eMato risco, hierba risco, lavanda\u201c.<br \/>\nUm es gleich vorweg zu sagen: Er duftet nicht so gut wie der aus den Mittelmeerl\u00e4ndern, ist jedoch h\u00fcbsch anzusehen.<br \/>\n<a title=\"p1010231.jpg\" href=\"http:\/\/www.mundi-roth.de\/teneriffa-blog\/wp-content\/uploads\/2008\/02\/p1010231.jpg\" rel=\"lightbox[211]\"><img loading=\"lazy\" decoding=\"async\" src=\"http:\/\/www.mundi-roth.de\/teneriffa-blog\/wp-content\/uploads\/2008\/02\/p1010231.thumbnail.jpg\" alt=\"p1010231.jpg\" width=\"128\" height=\"96\" align=\"left\" border=\"0\" hspace=\"3\" vspace=\"3\" \/><\/a> \u201eBl\u00e4tter, \u00fcberwiegend 2-fach fiederschnittig. Die lang gestielten, verzweigten, schlanken Bl\u00fctenst\u00e4nde aus 2bl\u00fctigen Scheinquirlen. Tragbl\u00e4tter eif\u00f6rmig, lang zugespitzt, h\u00e4utig und blau \u00fcberlaufen, behaart oder fast kahl, etwas l\u00e4nger als der Kelch zur Bl\u00fctezeit oder ebenso lang\u201c.<br \/>\nEs ist ein Sukkulentenbusch, der auf den Kanaren und Kapverden vorkommt und endemisch ist.<\/p>\n<p><strong>Restaurant<\/strong>:<br \/>\nBodegon Irache Gara, Subida Vera de Erques, Telefon: 922 857 025<br \/>\nRuhetag: Sonntag-Abend und Montag.<br \/>\nBei kaltem Wetter besonders empfehlenswert, da offener Kamin. Die Wandverzierung ist h\u00fcbsch: Wandbilder aus diversen K\u00f6rnern.<br \/>\nEssen gut. Normale Preise. Freundlichkeit der Bedienung durchwachsen.<\/p>\n<p><strong>Anfahrt:<\/strong><br \/>\n<a title=\"nach_vera_de_erques_x.jpg\" href=\"http:\/\/www.mundi-roth.de\/teneriffa-blog\/wp-content\/uploads\/2008\/02\/nach_vera_de_erques_x.jpg\" rel=\"lightbox[211]\"><img loading=\"lazy\" decoding=\"async\" src=\"http:\/\/www.mundi-roth.de\/teneriffa-blog\/wp-content\/uploads\/2008\/02\/nach_vera_de_erques_x.thumbnail.jpg\" alt=\"nach_vera_de_erques_x.jpg\" width=\"150\" height=\"150\" align=\"left\" border=\"0\" hspace=\"3\" vspace=\"3\" \/><\/a> Aus Los Cristianos kommend auf der Autobahn TF-1 bis zum Ende bei Adeje. Den Kreisel Richtung Guia de Isora verlassen und auf der TF-82 bis zur Abfahrt TF-465 Richtung Vera de Erques fahren. Wir fahren hoch durch den Ort Vera de Erques und bei der Bar Juan Luis vorbei abw\u00e4rts. Die schmale Stra\u00dfe schl\u00e4ngelt sich am Barranco entlang. Vorsicht: Kurz nach einem Trafoturm nicht hoch geradeaus fahren \u2013 was verleitet &#8211; sondern unterhalb eines gelb gestrichenen Hauses rechts halten. Dies ist die einzige Stelle, an der man sich verfahren k\u00f6nnte.<br \/>\nWeiter geht der Weg, der dann stumpf an einem wei\u00df gestrichenen Haus ausl\u00e4uft. Links davon bietet sich eine gr\u00f6\u00dfere Fl\u00e4che als Parkplatz an oder man f\u00e4hrt links noch etwas bergauf und auch hier gibt es, mit Blick auf das erdfarbenen gestrichene Haus, das in den Berg hineingebaut wurde, Parkm\u00f6glichkeiten.<\/p>\n","protected":false},"excerpt":{"rendered":"<p>Heute wollen wir es wissen: Wanderung &#8222;nur&#8220; in den Barranco de Erques bis zum Waschplatz mit nur 1,5 Stunden ist uns zu kurz &#8211; darum die Erweiterung bis Taucho. Unser Fazit: Lohnt nicht ! Bleiben wir lieber nur im Barranco.<\/p>\n","protected":false},"author":3,"featured_media":0,"comment_status":"open","ping_status":"open","sticky":false,"template":"","format":"standard","meta":{"footnotes":""},"categories":[776,6],"tags":[76,75,3,74,21,4],"class_list":["post-211","post","type-post","status-publish","format-standard","hentry","category-guia-de-isora","category-wanderungen","tag-lavendel","tag-taucho","tag-teneriffa","tag-tijoco-alto","tag-vera-de-erques","tag-wandern"],"yoast_head":"<!-- This site is optimized with the Yoast SEO plugin v27.5 - https:\/\/yoast.com\/product\/yoast-seo-wordpress\/ -->\n<title>Barranco de Erques \u2013 Taucho - Teneriffa Wandern<\/title>\n<meta name=\"robots\" content=\"index, follow, max-snippet:-1, max-image-preview:large, max-video-preview:-1\" \/>\n<link rel=\"canonical\" href=\"https:\/\/www.mundi-roth.de\/teneriffa-blog\/wanderungen\/barranco-de-erques-\u2013-taucho\/\" \/>\n<meta name=\"twitter:label1\" content=\"Verfasst von\" \/>\n\t<meta name=\"twitter:data1\" content=\"ir\" \/>\n\t<meta name=\"twitter:label2\" content=\"Gesch\u00e4tzte Lesezeit\" \/>\n\t<meta name=\"twitter:data2\" content=\"4\u00a0Minuten\" \/>\n<script type=\"application\/ld+json\" class=\"yoast-schema-graph\">{\"@context\":\"https:\\\/\\\/schema.org\",\"@graph\":[{\"@type\":\"Article\",\"@id\":\"https:\\\/\\\/www.mundi-roth.de\\\/teneriffa-blog\\\/wanderungen\\\/barranco-de-erques-%e2%80%93-taucho\\\/#article\",\"isPartOf\":{\"@id\":\"https:\\\/\\\/www.mundi-roth.de\\\/teneriffa-blog\\\/wanderungen\\\/barranco-de-erques-%e2%80%93-taucho\\\/\"},\"author\":{\"name\":\"ir\",\"@id\":\"https:\\\/\\\/www.mundi-roth.de\\\/teneriffa-blog\\\/#\\\/schema\\\/person\\\/3afd0d251449790d15367c9aa52d203d\"},\"headline\":\"Barranco de Erques \u2013 Taucho\",\"datePublished\":\"2008-02-05T21:00:08+00:00\",\"dateModified\":\"2015-04-12T10:53:32+00:00\",\"mainEntityOfPage\":{\"@id\":\"https:\\\/\\\/www.mundi-roth.de\\\/teneriffa-blog\\\/wanderungen\\\/barranco-de-erques-%e2%80%93-taucho\\\/\"},\"wordCount\":740,\"commentCount\":0,\"image\":{\"@id\":\"https:\\\/\\\/www.mundi-roth.de\\\/teneriffa-blog\\\/wanderungen\\\/barranco-de-erques-%e2%80%93-taucho\\\/#primaryimage\"},\"thumbnailUrl\":\"http:\\\/\\\/www.mundi-roth.de\\\/teneriffa-blog\\\/wp-content\\\/uploads\\\/2008\\\/02\\\/wroutea2.thumbnail.jpg\",\"keywords\":[\"Lavendel\",\"Taucho\",\"Teneriffa\",\"Tijoco Alto\",\"Vera de Erques\",\"Wandern\"],\"articleSection\":[\"Guia de Isora\",\"Wanderungen\"],\"inLanguage\":\"de\",\"potentialAction\":[{\"@type\":\"CommentAction\",\"name\":\"Comment\",\"target\":[\"https:\\\/\\\/www.mundi-roth.de\\\/teneriffa-blog\\\/wanderungen\\\/barranco-de-erques-%e2%80%93-taucho\\\/#respond\"]}]},{\"@type\":\"WebPage\",\"@id\":\"https:\\\/\\\/www.mundi-roth.de\\\/teneriffa-blog\\\/wanderungen\\\/barranco-de-erques-%e2%80%93-taucho\\\/\",\"url\":\"https:\\\/\\\/www.mundi-roth.de\\\/teneriffa-blog\\\/wanderungen\\\/barranco-de-erques-%e2%80%93-taucho\\\/\",\"name\":\"Barranco de Erques \u2013 Taucho - Teneriffa Wandern\",\"isPartOf\":{\"@id\":\"https:\\\/\\\/www.mundi-roth.de\\\/teneriffa-blog\\\/#website\"},\"primaryImageOfPage\":{\"@id\":\"https:\\\/\\\/www.mundi-roth.de\\\/teneriffa-blog\\\/wanderungen\\\/barranco-de-erques-%e2%80%93-taucho\\\/#primaryimage\"},\"image\":{\"@id\":\"https:\\\/\\\/www.mundi-roth.de\\\/teneriffa-blog\\\/wanderungen\\\/barranco-de-erques-%e2%80%93-taucho\\\/#primaryimage\"},\"thumbnailUrl\":\"http:\\\/\\\/www.mundi-roth.de\\\/teneriffa-blog\\\/wp-content\\\/uploads\\\/2008\\\/02\\\/wroutea2.thumbnail.jpg\",\"datePublished\":\"2008-02-05T21:00:08+00:00\",\"dateModified\":\"2015-04-12T10:53:32+00:00\",\"author\":{\"@id\":\"https:\\\/\\\/www.mundi-roth.de\\\/teneriffa-blog\\\/#\\\/schema\\\/person\\\/3afd0d251449790d15367c9aa52d203d\"},\"breadcrumb\":{\"@id\":\"https:\\\/\\\/www.mundi-roth.de\\\/teneriffa-blog\\\/wanderungen\\\/barranco-de-erques-%e2%80%93-taucho\\\/#breadcrumb\"},\"inLanguage\":\"de\",\"potentialAction\":[{\"@type\":\"ReadAction\",\"target\":[\"https:\\\/\\\/www.mundi-roth.de\\\/teneriffa-blog\\\/wanderungen\\\/barranco-de-erques-%e2%80%93-taucho\\\/\"]}]},{\"@type\":\"ImageObject\",\"inLanguage\":\"de\",\"@id\":\"https:\\\/\\\/www.mundi-roth.de\\\/teneriffa-blog\\\/wanderungen\\\/barranco-de-erques-%e2%80%93-taucho\\\/#primaryimage\",\"url\":\"http:\\\/\\\/www.mundi-roth.de\\\/teneriffa-blog\\\/wp-content\\\/uploads\\\/2008\\\/02\\\/wroutea2.thumbnail.jpg\",\"contentUrl\":\"http:\\\/\\\/www.mundi-roth.de\\\/teneriffa-blog\\\/wp-content\\\/uploads\\\/2008\\\/02\\\/wroutea2.thumbnail.jpg\"},{\"@type\":\"BreadcrumbList\",\"@id\":\"https:\\\/\\\/www.mundi-roth.de\\\/teneriffa-blog\\\/wanderungen\\\/barranco-de-erques-%e2%80%93-taucho\\\/#breadcrumb\",\"itemListElement\":[{\"@type\":\"ListItem\",\"position\":1,\"name\":\"Startseite\",\"item\":\"https:\\\/\\\/www.mundi-roth.de\\\/teneriffa-blog\\\/\"},{\"@type\":\"ListItem\",\"position\":2,\"name\":\"Barranco de Erques \u2013 Taucho\"}]},{\"@type\":\"WebSite\",\"@id\":\"https:\\\/\\\/www.mundi-roth.de\\\/teneriffa-blog\\\/#website\",\"url\":\"https:\\\/\\\/www.mundi-roth.de\\\/teneriffa-blog\\\/\",\"name\":\"Teneriffa Wandern\",\"description\":\"Nicht nur Wanderungen auf Teneriffa...\",\"potentialAction\":[{\"@type\":\"SearchAction\",\"target\":{\"@type\":\"EntryPoint\",\"urlTemplate\":\"https:\\\/\\\/www.mundi-roth.de\\\/teneriffa-blog\\\/?s={search_term_string}\"},\"query-input\":{\"@type\":\"PropertyValueSpecification\",\"valueRequired\":true,\"valueName\":\"search_term_string\"}}],\"inLanguage\":\"de\"},{\"@type\":\"Person\",\"@id\":\"https:\\\/\\\/www.mundi-roth.de\\\/teneriffa-blog\\\/#\\\/schema\\\/person\\\/3afd0d251449790d15367c9aa52d203d\",\"name\":\"ir\",\"image\":{\"@type\":\"ImageObject\",\"inLanguage\":\"de\",\"@id\":\"https:\\\/\\\/secure.gravatar.com\\\/avatar\\\/e67b41513c921c2bb58363f44c8a00a447c9a2526ad8ff71b5b6257e5f7f5c66?s=96&d=mm&r=g\",\"url\":\"https:\\\/\\\/secure.gravatar.com\\\/avatar\\\/e67b41513c921c2bb58363f44c8a00a447c9a2526ad8ff71b5b6257e5f7f5c66?s=96&d=mm&r=g\",\"contentUrl\":\"https:\\\/\\\/secure.gravatar.com\\\/avatar\\\/e67b41513c921c2bb58363f44c8a00a447c9a2526ad8ff71b5b6257e5f7f5c66?s=96&d=mm&r=g\",\"caption\":\"ir\"},\"sameAs\":[\"http:\\\/\\\/www.mundi-roth.de\"],\"url\":\"https:\\\/\\\/www.mundi-roth.de\\\/teneriffa-blog\\\/author\\\/ir\\\/\"}]}<\/script>\n<!-- \/ Yoast SEO plugin. -->","yoast_head_json":{"title":"Barranco de Erques \u2013 Taucho - Teneriffa Wandern","robots":{"index":"index","follow":"follow","max-snippet":"max-snippet:-1","max-image-preview":"max-image-preview:large","max-video-preview":"max-video-preview:-1"},"canonical":"https:\/\/www.mundi-roth.de\/teneriffa-blog\/wanderungen\/barranco-de-erques-\u2013-taucho\/","twitter_misc":{"Verfasst von":"ir","Gesch\u00e4tzte Lesezeit":"4\u00a0Minuten"},"schema":{"@context":"https:\/\/schema.org","@graph":[{"@type":"Article","@id":"https:\/\/www.mundi-roth.de\/teneriffa-blog\/wanderungen\/barranco-de-erques-%e2%80%93-taucho\/#article","isPartOf":{"@id":"https:\/\/www.mundi-roth.de\/teneriffa-blog\/wanderungen\/barranco-de-erques-%e2%80%93-taucho\/"},"author":{"name":"ir","@id":"https:\/\/www.mundi-roth.de\/teneriffa-blog\/#\/schema\/person\/3afd0d251449790d15367c9aa52d203d"},"headline":"Barranco de Erques \u2013 Taucho","datePublished":"2008-02-05T21:00:08+00:00","dateModified":"2015-04-12T10:53:32+00:00","mainEntityOfPage":{"@id":"https:\/\/www.mundi-roth.de\/teneriffa-blog\/wanderungen\/barranco-de-erques-%e2%80%93-taucho\/"},"wordCount":740,"commentCount":0,"image":{"@id":"https:\/\/www.mundi-roth.de\/teneriffa-blog\/wanderungen\/barranco-de-erques-%e2%80%93-taucho\/#primaryimage"},"thumbnailUrl":"http:\/\/www.mundi-roth.de\/teneriffa-blog\/wp-content\/uploads\/2008\/02\/wroutea2.thumbnail.jpg","keywords":["Lavendel","Taucho","Teneriffa","Tijoco Alto","Vera de Erques","Wandern"],"articleSection":["Guia de Isora","Wanderungen"],"inLanguage":"de","potentialAction":[{"@type":"CommentAction","name":"Comment","target":["https:\/\/www.mundi-roth.de\/teneriffa-blog\/wanderungen\/barranco-de-erques-%e2%80%93-taucho\/#respond"]}]},{"@type":"WebPage","@id":"https:\/\/www.mundi-roth.de\/teneriffa-blog\/wanderungen\/barranco-de-erques-%e2%80%93-taucho\/","url":"https:\/\/www.mundi-roth.de\/teneriffa-blog\/wanderungen\/barranco-de-erques-%e2%80%93-taucho\/","name":"Barranco de Erques \u2013 Taucho - Teneriffa Wandern","isPartOf":{"@id":"https:\/\/www.mundi-roth.de\/teneriffa-blog\/#website"},"primaryImageOfPage":{"@id":"https:\/\/www.mundi-roth.de\/teneriffa-blog\/wanderungen\/barranco-de-erques-%e2%80%93-taucho\/#primaryimage"},"image":{"@id":"https:\/\/www.mundi-roth.de\/teneriffa-blog\/wanderungen\/barranco-de-erques-%e2%80%93-taucho\/#primaryimage"},"thumbnailUrl":"http:\/\/www.mundi-roth.de\/teneriffa-blog\/wp-content\/uploads\/2008\/02\/wroutea2.thumbnail.jpg","datePublished":"2008-02-05T21:00:08+00:00","dateModified":"2015-04-12T10:53:32+00:00","author":{"@id":"https:\/\/www.mundi-roth.de\/teneriffa-blog\/#\/schema\/person\/3afd0d251449790d15367c9aa52d203d"},"breadcrumb":{"@id":"https:\/\/www.mundi-roth.de\/teneriffa-blog\/wanderungen\/barranco-de-erques-%e2%80%93-taucho\/#breadcrumb"},"inLanguage":"de","potentialAction":[{"@type":"ReadAction","target":["https:\/\/www.mundi-roth.de\/teneriffa-blog\/wanderungen\/barranco-de-erques-%e2%80%93-taucho\/"]}]},{"@type":"ImageObject","inLanguage":"de","@id":"https:\/\/www.mundi-roth.de\/teneriffa-blog\/wanderungen\/barranco-de-erques-%e2%80%93-taucho\/#primaryimage","url":"http:\/\/www.mundi-roth.de\/teneriffa-blog\/wp-content\/uploads\/2008\/02\/wroutea2.thumbnail.jpg","contentUrl":"http:\/\/www.mundi-roth.de\/teneriffa-blog\/wp-content\/uploads\/2008\/02\/wroutea2.thumbnail.jpg"},{"@type":"BreadcrumbList","@id":"https:\/\/www.mundi-roth.de\/teneriffa-blog\/wanderungen\/barranco-de-erques-%e2%80%93-taucho\/#breadcrumb","itemListElement":[{"@type":"ListItem","position":1,"name":"Startseite","item":"https:\/\/www.mundi-roth.de\/teneriffa-blog\/"},{"@type":"ListItem","position":2,"name":"Barranco de Erques \u2013 Taucho"}]},{"@type":"WebSite","@id":"https:\/\/www.mundi-roth.de\/teneriffa-blog\/#website","url":"https:\/\/www.mundi-roth.de\/teneriffa-blog\/","name":"Teneriffa Wandern","description":"Nicht nur Wanderungen auf Teneriffa...","potentialAction":[{"@type":"SearchAction","target":{"@type":"EntryPoint","urlTemplate":"https:\/\/www.mundi-roth.de\/teneriffa-blog\/?s={search_term_string}"},"query-input":{"@type":"PropertyValueSpecification","valueRequired":true,"valueName":"search_term_string"}}],"inLanguage":"de"},{"@type":"Person","@id":"https:\/\/www.mundi-roth.de\/teneriffa-blog\/#\/schema\/person\/3afd0d251449790d15367c9aa52d203d","name":"ir","image":{"@type":"ImageObject","inLanguage":"de","@id":"https:\/\/secure.gravatar.com\/avatar\/e67b41513c921c2bb58363f44c8a00a447c9a2526ad8ff71b5b6257e5f7f5c66?s=96&d=mm&r=g","url":"https:\/\/secure.gravatar.com\/avatar\/e67b41513c921c2bb58363f44c8a00a447c9a2526ad8ff71b5b6257e5f7f5c66?s=96&d=mm&r=g","contentUrl":"https:\/\/secure.gravatar.com\/avatar\/e67b41513c921c2bb58363f44c8a00a447c9a2526ad8ff71b5b6257e5f7f5c66?s=96&d=mm&r=g","caption":"ir"},"sameAs":["http:\/\/www.mundi-roth.de"],"url":"https:\/\/www.mundi-roth.de\/teneriffa-blog\/author\/ir\/"}]}},"_links":{"self":[{"href":"https:\/\/www.mundi-roth.de\/teneriffa-blog\/wp-json\/wp\/v2\/posts\/211","targetHints":{"allow":["GET"]}}],"collection":[{"href":"https:\/\/www.mundi-roth.de\/teneriffa-blog\/wp-json\/wp\/v2\/posts"}],"about":[{"href":"https:\/\/www.mundi-roth.de\/teneriffa-blog\/wp-json\/wp\/v2\/types\/post"}],"author":[{"embeddable":true,"href":"https:\/\/www.mundi-roth.de\/teneriffa-blog\/wp-json\/wp\/v2\/users\/3"}],"replies":[{"embeddable":true,"href":"https:\/\/www.mundi-roth.de\/teneriffa-blog\/wp-json\/wp\/v2\/comments?post=211"}],"version-history":[{"count":0,"href":"https:\/\/www.mundi-roth.de\/teneriffa-blog\/wp-json\/wp\/v2\/posts\/211\/revisions"}],"wp:attachment":[{"href":"https:\/\/www.mundi-roth.de\/teneriffa-blog\/wp-json\/wp\/v2\/media?parent=211"}],"wp:term":[{"taxonomy":"category","embeddable":true,"href":"https:\/\/www.mundi-roth.de\/teneriffa-blog\/wp-json\/wp\/v2\/categories?post=211"},{"taxonomy":"post_tag","embeddable":true,"href":"https:\/\/www.mundi-roth.de\/teneriffa-blog\/wp-json\/wp\/v2\/tags?post=211"}],"curies":[{"name":"wp","href":"https:\/\/api.w.org\/{rel}","templated":true}]}}