{"id":2133,"date":"2013-01-17T19:13:06","date_gmt":"2013-01-17T18:13:06","guid":{"rendered":"http:\/\/www.mundi-roth.de\/teneriffa-blog\/?p=2133"},"modified":"2015-04-09T14:47:21","modified_gmt":"2015-04-09T13:47:21","slug":"von-chiguerque-nach-chirche-camino-la-canada","status":"publish","type":"post","link":"https:\/\/www.mundi-roth.de\/teneriffa-blog\/wanderungen\/von-chiguerque-nach-chirche-camino-la-canada\/","title":{"rendered":"Von Chiguergue nach Chirche &#8211; Camino La Ca\u00f1ada"},"content":{"rendered":"<p><strong>Eine kleine, feine Wanderung. F\u00fcr uns hier im S\u00fcden fast vor der <a href=\"http:\/\/www.mundi-roth.de\/teneriffa-blog\/wp-content\/uploads\/2013\/01\/Track01.jpg\" rel=\"lightbox[2133]\"><img loading=\"lazy\" decoding=\"async\" class=\"alignright size-thumbnail wp-image-2134\" title=\"Track01\" src=\"http:\/\/www.mundi-roth.de\/teneriffa-blog\/wp-content\/uploads\/2013\/01\/Track01-150x108.jpg\" alt=\"\" width=\"150\" height=\"108\" srcset=\"https:\/\/www.mundi-roth.de\/teneriffa-blog\/wp-content\/uploads\/2013\/01\/Track01-150x108.jpg 150w, https:\/\/www.mundi-roth.de\/teneriffa-blog\/wp-content\/uploads\/2013\/01\/Track01-300x217.jpg 300w, https:\/\/www.mundi-roth.de\/teneriffa-blog\/wp-content\/uploads\/2013\/01\/Track01.jpg 491w\" sizes=\"auto, (max-width: 150px) 100vw, 150px\" \/><\/a>Haust\u00fcre<\/strong><\/p>\n<p><strong>Laut Elisabeth soll sie den Namen: Affodill-Weg\u00a0erhalten &#8211; im Gegenzug zum <a href=\"http:\/\/www.mundi-roth.de\/teneriffa-blog\/wanderungen\/erjos-pass-%e2%80%93-la-vica-masca\/\">Glockenblumenweg vom Erjos Pass<\/a> nach La Vica (Masca), &#8211;\u00a0 denn eine solche F\u00fclle an den gerade erbl\u00fchenden Affodills sucht seinesgleichen. Nur einmal \u2013 zur rechten Zeit \u2013 auf dem <a href=\"http:\/\/www.mundi-roth.de\/teneriffa-blog\/wanderungen\/roque-del-conde\/\">Conde<\/a> haben wir diese \u00dcppigkeit, dieses Meer porzellanfarbener Bl\u00fcten erlebt.<\/strong><\/p>\n<p><strong>Wanderwegstrecke:<\/strong> Je nach Lust und Laune zwischen einer Stunde und einer halben Stunde<\/p>\n<p><a href=\"http:\/\/www.mundi-roth.de\/teneriffa-blog\/wp-content\/uploads\/2013\/01\/SANY0010.jpg\" rel=\"lightbox[2133]\"><img loading=\"lazy\" decoding=\"async\" class=\"alignleft size-thumbnail wp-image-2136\" title=\"SANY0010\" src=\"http:\/\/www.mundi-roth.de\/teneriffa-blog\/wp-content\/uploads\/2013\/01\/SANY0010-150x132.jpg\" alt=\"\" width=\"150\" height=\"132\" srcset=\"https:\/\/www.mundi-roth.de\/teneriffa-blog\/wp-content\/uploads\/2013\/01\/SANY0010-150x132.jpg 150w, https:\/\/www.mundi-roth.de\/teneriffa-blog\/wp-content\/uploads\/2013\/01\/SANY0010-300x264.jpg 300w, https:\/\/www.mundi-roth.de\/teneriffa-blog\/wp-content\/uploads\/2013\/01\/SANY0010.jpg 667w\" sizes=\"auto, (max-width: 150px) 100vw, 150px\" \/><\/a>Wir beginnen diesen Spaziergang am Ortsende von Chiguergue, nach dem <a href=\"http:\/\/www.mundi-roth.de\/teneriffa-blog\/wp-content\/uploads\/2013\/01\/P1070784.jpg\" rel=\"lightbox[2133]\"><img loading=\"lazy\" decoding=\"async\" class=\"alignright size-thumbnail wp-image-2135\" title=\"P1070784\" src=\"http:\/\/www.mundi-roth.de\/teneriffa-blog\/wp-content\/uploads\/2013\/01\/P1070784-150x112.jpg\" alt=\"\" width=\"150\" height=\"112\" srcset=\"https:\/\/www.mundi-roth.de\/teneriffa-blog\/wp-content\/uploads\/2013\/01\/P1070784-150x112.jpg 150w, https:\/\/www.mundi-roth.de\/teneriffa-blog\/wp-content\/uploads\/2013\/01\/P1070784-300x225.jpg 300w, https:\/\/www.mundi-roth.de\/teneriffa-blog\/wp-content\/uploads\/2013\/01\/P1070784.jpg 900w\" sizes=\"auto, (max-width: 150px) 100vw, 150px\" \/><\/a>Kirchplatz, bei der Infotafel in der Calle San Roque.\u00a0 Einen Parkplatz finden wir in der davon abzweigenden Stra\u00dfe.<br \/>\nDie Information sagt uns, dass wir uns im Ortsteil La Cancelita befinden und dass uns dieser Weg in 45 Minuten, bei einer Entfernung von 1,9 km und einem H\u00f6henunterschied von 107 m nach Chirche bringt und in der Calle El Cornical endet.<br \/>\nEntlang der Strecke verl\u00e4uft der Kanal von Vegara.<\/p>\n<p>Dann mal los: 10.30 Uhr gehen wir\u00a0 ca. 20 Minuten auf der Asphaltstra\u00dfe, die zum Gl\u00fcck so gut wie nicht befahren ist . (Sowohl auf dem Hin- wie auch auf dem R\u00fcckweg begegnet uns ein einziges Fahrzeug).<br \/>\n<a href=\"http:\/\/www.mundi-roth.de\/teneriffa-blog\/wp-content\/uploads\/2013\/01\/SANY0012.jpg\" rel=\"lightbox[2133]\"><img loading=\"lazy\" decoding=\"async\" class=\"alignleft size-thumbnail wp-image-2137\" title=\"SANY0012\" src=\"http:\/\/www.mundi-roth.de\/teneriffa-blog\/wp-content\/uploads\/2013\/01\/SANY0012-150x112.jpg\" alt=\"\" width=\"150\" height=\"112\" srcset=\"https:\/\/www.mundi-roth.de\/teneriffa-blog\/wp-content\/uploads\/2013\/01\/SANY0012-150x112.jpg 150w, https:\/\/www.mundi-roth.de\/teneriffa-blog\/wp-content\/uploads\/2013\/01\/SANY0012-300x225.jpg 300w, https:\/\/www.mundi-roth.de\/teneriffa-blog\/wp-content\/uploads\/2013\/01\/SANY0012.jpg 900w\" sizes=\"auto, (max-width: 150px) 100vw, 150px\" \/><\/a>Vorbei an landwirtschaftlich genutzten Fl\u00e4chen,\u00a0 Ausblick auf die Insel La Gomera, die K\u00fcste und die dort unten liegenden Orte Alcal\u00e0 und Playa San Juan schreiten wir z\u00fcgig aus.<br \/>\nDen Weg s\u00e4umen die hier so vorbildlich aufgeschichteten Steinm\u00e4uerchen, bewachsen von den zum Teil noch kr\u00e4ftig gelb bl\u00fchenden Ranken der warzigen Zaunr\u00fcbe, aber auch schon mit ihren niedlichen Ballons beschickt, den Aeonien und dahinter Opuntien \u2013 die Feigenkakteen &#8211;\u00a0 und Affodills \u2013 Affodills \u2013 Affodills und in voller Bl\u00fcte stehenden Mandelb\u00e4umen.<a href=\"http:\/\/www.mundi-roth.de\/teneriffa-blog\/wp-content\/uploads\/2013\/01\/P1070736.jpg\" rel=\"lightbox[2133]\"><img loading=\"lazy\" decoding=\"async\" class=\"alignright size-thumbnail wp-image-2149\" title=\"P1070736\" src=\"http:\/\/www.mundi-roth.de\/teneriffa-blog\/wp-content\/uploads\/2013\/01\/P1070736-150x112.jpg\" alt=\"\" width=\"150\" height=\"112\" srcset=\"https:\/\/www.mundi-roth.de\/teneriffa-blog\/wp-content\/uploads\/2013\/01\/P1070736-150x112.jpg 150w, https:\/\/www.mundi-roth.de\/teneriffa-blog\/wp-content\/uploads\/2013\/01\/P1070736-300x225.jpg 300w, https:\/\/www.mundi-roth.de\/teneriffa-blog\/wp-content\/uploads\/2013\/01\/P1070736.jpg 900w\" sizes=\"auto, (max-width: 150px) 100vw, 150px\" \/><\/a><\/p>\n<p><a href=\"http:\/\/www.mundi-roth.de\/teneriffa-blog\/wp-content\/uploads\/2013\/01\/P1070750.jpg\" rel=\"lightbox[2133]\"><img loading=\"lazy\" decoding=\"async\" class=\"alignleft size-thumbnail wp-image-2138\" title=\"P1070750\" src=\"http:\/\/www.mundi-roth.de\/teneriffa-blog\/wp-content\/uploads\/2013\/01\/P1070750-114x150.jpg\" alt=\"\" width=\"114\" height=\"150\" srcset=\"https:\/\/www.mundi-roth.de\/teneriffa-blog\/wp-content\/uploads\/2013\/01\/P1070750-114x150.jpg 114w, https:\/\/www.mundi-roth.de\/teneriffa-blog\/wp-content\/uploads\/2013\/01\/P1070750-229x300.jpg 229w, https:\/\/www.mundi-roth.de\/teneriffa-blog\/wp-content\/uploads\/2013\/01\/P1070750.jpg 492w\" sizes=\"auto, (max-width: 114px) 100vw, 114px\" \/><\/a><a href=\"http:\/\/www.mundi-roth.de\/teneriffa-blog\/wp-content\/uploads\/2013\/01\/SANY0014.jpg\" rel=\"lightbox[2133]\"><img loading=\"lazy\" decoding=\"async\" class=\"aligncenter size-thumbnail wp-image-2139\" title=\"SANY0014\" src=\"http:\/\/www.mundi-roth.de\/teneriffa-blog\/wp-content\/uploads\/2013\/01\/SANY0014-150x112.jpg\" alt=\"\" width=\"150\" height=\"112\" srcset=\"https:\/\/www.mundi-roth.de\/teneriffa-blog\/wp-content\/uploads\/2013\/01\/SANY0014-150x112.jpg 150w, https:\/\/www.mundi-roth.de\/teneriffa-blog\/wp-content\/uploads\/2013\/01\/SANY0014-300x225.jpg 300w, https:\/\/www.mundi-roth.de\/teneriffa-blog\/wp-content\/uploads\/2013\/01\/SANY0014.jpg 900w\" sizes=\"auto, (max-width: 150px) 100vw, 150px\" \/><\/a><a href=\"http:\/\/www.mundi-roth.de\/teneriffa-blog\/wp-content\/uploads\/2013\/01\/P1070751a.jpg\" rel=\"lightbox[2133]\"><img loading=\"lazy\" decoding=\"async\" class=\"alignright size-thumbnail wp-image-2150\" title=\"P1070751a\" src=\"http:\/\/www.mundi-roth.de\/teneriffa-blog\/wp-content\/uploads\/2013\/01\/P1070751a-150x113.jpg\" alt=\"\" width=\"150\" height=\"113\" srcset=\"https:\/\/www.mundi-roth.de\/teneriffa-blog\/wp-content\/uploads\/2013\/01\/P1070751a-150x113.jpg 150w, https:\/\/www.mundi-roth.de\/teneriffa-blog\/wp-content\/uploads\/2013\/01\/P1070751a-300x227.jpg 300w, https:\/\/www.mundi-roth.de\/teneriffa-blog\/wp-content\/uploads\/2013\/01\/P1070751a.jpg 900w\" sizes=\"auto, (max-width: 150px) 100vw, 150px\" \/><\/a><\/p>\n<p>Die wundersch\u00f6nen Margaritenb\u00fcsche sind schon so selbstverst\u00e4ndlich, dass man sie fast zu erw\u00e4hnen vergi\u00dft.<\/p>\n<p><a href=\"http:\/\/www.mundi-roth.de\/teneriffa-blog\/wanderungen\/von-chiguerque-nach-chirche-camino-la-canada\/attachment\/p1070745a\/\" rel=\"attachment wp-att-2140\"><img loading=\"lazy\" decoding=\"async\" class=\"alignleft size-thumbnail wp-image-2140\" title=\"P1070745a\" src=\"http:\/\/www.mundi-roth.de\/teneriffa-blog\/wp-content\/uploads\/2013\/01\/P1070745a-150x99.jpg\" alt=\"\" width=\"150\" height=\"99\" srcset=\"https:\/\/www.mundi-roth.de\/teneriffa-blog\/wp-content\/uploads\/2013\/01\/P1070745a-150x99.jpg 150w, https:\/\/www.mundi-roth.de\/teneriffa-blog\/wp-content\/uploads\/2013\/01\/P1070745a-300x198.jpg 300w, https:\/\/www.mundi-roth.de\/teneriffa-blog\/wp-content\/uploads\/2013\/01\/P1070745a.jpg 900w\" sizes=\"auto, (max-width: 150px) 100vw, 150px\" \/><\/a>Wir passieren ein Geh\u00f6ft, geschm\u00fcckt mit einer Christsternhecke und Kakteen, die in blaue Plastikf\u00e4sser getopft wurden.<br \/>\n<a href=\"http:\/\/www.mundi-roth.de\/teneriffa-blog\/wp-content\/uploads\/2013\/01\/P1070748.jpg\" rel=\"lightbox[2133]\"><img loading=\"lazy\" decoding=\"async\" class=\"alignleft size-thumbnail wp-image-2141\" title=\"P1070748\" src=\"http:\/\/www.mundi-roth.de\/teneriffa-blog\/wp-content\/uploads\/2013\/01\/P1070748-150x112.jpg\" alt=\"\" width=\"150\" height=\"112\" srcset=\"https:\/\/www.mundi-roth.de\/teneriffa-blog\/wp-content\/uploads\/2013\/01\/P1070748-150x112.jpg 150w, https:\/\/www.mundi-roth.de\/teneriffa-blog\/wp-content\/uploads\/2013\/01\/P1070748-300x225.jpg 300w, https:\/\/www.mundi-roth.de\/teneriffa-blog\/wp-content\/uploads\/2013\/01\/P1070748.jpg 900w\" sizes=\"auto, (max-width: 150px) 100vw, 150px\" \/><\/a><strong>Achtung:<\/strong> Kurz darauf zweigt links \u2013 gekennzeichnet durch Steinm\u00e4nnchen \u2013 der alte Wanderweg \u2013 vermutlich ebenfalls ein camino real \u2013 ab.<br \/>\nMan kann sich gut an einem links oberhalb liegenden Steinhaus mit Antenne orientieren.<br \/>\nZwischen den Steinm\u00e4ucherchen und \u00fcber einen Steinteppich, zum Teil an<a href=\"http:\/\/www.mundi-roth.de\/teneriffa-blog\/wp-content\/uploads\/2013\/01\/SANY0023.jpg\" rel=\"lightbox[2133]\"><img loading=\"lazy\" decoding=\"async\" class=\"alignright size-thumbnail wp-image-2142\" title=\"SANY0023\" src=\"http:\/\/www.mundi-roth.de\/teneriffa-blog\/wp-content\/uploads\/2013\/01\/SANY0023-112x150.jpg\" alt=\"\" width=\"112\" height=\"150\" srcset=\"https:\/\/www.mundi-roth.de\/teneriffa-blog\/wp-content\/uploads\/2013\/01\/SANY0023-112x150.jpg 112w, https:\/\/www.mundi-roth.de\/teneriffa-blog\/wp-content\/uploads\/2013\/01\/SANY0023-225x300.jpg 225w, https:\/\/www.mundi-roth.de\/teneriffa-blog\/wp-content\/uploads\/2013\/01\/SANY0023.jpg 675w\" sizes=\"auto, (max-width: 112px) 100vw, 112px\" \/><\/a> einem offenen Kanal, der noch Wasser f\u00fchrt,\u00a0 geht es romatisch weiter.<br \/>\nZwischen den Steinen wuchert der wilde Thymian und so gar Farne wagen sich hier heraus.<br \/>\nZwischendurch kleinere, kaum nennenswerte Aufstiege bis <a href=\"http:\/\/www.mundi-roth.de\/teneriffa-blog\/wp-content\/uploads\/2013\/01\/P1070762.jpg\" rel=\"lightbox[2133]\"><img loading=\"lazy\" decoding=\"async\" class=\"alignleft size-thumbnail wp-image-2143\" title=\"P1070762\" src=\"http:\/\/www.mundi-roth.de\/teneriffa-blog\/wp-content\/uploads\/2013\/01\/P1070762-150x112.jpg\" alt=\"\" width=\"150\" height=\"112\" srcset=\"https:\/\/www.mundi-roth.de\/teneriffa-blog\/wp-content\/uploads\/2013\/01\/P1070762-150x112.jpg 150w, https:\/\/www.mundi-roth.de\/teneriffa-blog\/wp-content\/uploads\/2013\/01\/P1070762-300x225.jpg 300w, https:\/\/www.mundi-roth.de\/teneriffa-blog\/wp-content\/uploads\/2013\/01\/P1070762.jpg 900w\" sizes=\"auto, (max-width: 150px) 100vw, 150px\" \/><\/a>wir zur einer gemauerten, bedeckten Wasserleitung und zwei hellen und einem verrosteten Wasserleitungsrohr kommen:<br \/>\nHier \u00fcbersteigen wir den Kanal und die Rohre, um uns links haltend weiter aufzusteigen.<br \/>\n<strong>Aber hier: nochmal Achtung:<\/strong><br \/>\nEs zweigt ein Pfad links hoch ab, und zwei f\u00fchren rechts weiter. Wir w\u00e4hlten erst den unteren, der h\u00e4tte uns, wie wir schnell feststellten,\u00a0 unterhalb von Chirche <a href=\"http:\/\/www.mundi-roth.de\/teneriffa-blog\/wp-content\/uploads\/2013\/01\/P1070772.jpg\" rel=\"lightbox[2133]\"><img loading=\"lazy\" decoding=\"async\" class=\"alignright size-thumbnail wp-image-2145\" title=\"P1070772\" src=\"http:\/\/www.mundi-roth.de\/teneriffa-blog\/wp-content\/uploads\/2013\/01\/P1070772-150x112.jpg\" alt=\"\" width=\"150\" height=\"112\" srcset=\"https:\/\/www.mundi-roth.de\/teneriffa-blog\/wp-content\/uploads\/2013\/01\/P1070772-150x112.jpg 150w, https:\/\/www.mundi-roth.de\/teneriffa-blog\/wp-content\/uploads\/2013\/01\/P1070772-300x225.jpg 300w, https:\/\/www.mundi-roth.de\/teneriffa-blog\/wp-content\/uploads\/2013\/01\/P1070772.jpg 900w\" sizes=\"auto, (max-width: 150px) 100vw, 150px\" \/><\/a>ankommen lassen. Also retour und\u00a0\u00a0 wir nehmen den etwas oberhalb liegenden. Steinnm\u00e4nnchen kennzeichnen ihn auch.<br \/>\nNur kurz, um die n\u00e4chste Biegung und Chirche und der Mirador sowie die\u00a0 Berge <a href=\"http:\/\/www.mundi-roth.de\/teneriffa-blog\/wp-content\/uploads\/2013\/01\/P1070777.jpg\" rel=\"lightbox[2133]\"><img loading=\"lazy\" decoding=\"async\" class=\"alignleft size-thumbnail wp-image-2144\" title=\"P1070777\" src=\"http:\/\/www.mundi-roth.de\/teneriffa-blog\/wp-content\/uploads\/2013\/01\/P1070777-150x112.jpg\" alt=\"\" width=\"150\" height=\"112\" srcset=\"https:\/\/www.mundi-roth.de\/teneriffa-blog\/wp-content\/uploads\/2013\/01\/P1070777-150x112.jpg 150w, https:\/\/www.mundi-roth.de\/teneriffa-blog\/wp-content\/uploads\/2013\/01\/P1070777-300x225.jpg 300w, https:\/\/www.mundi-roth.de\/teneriffa-blog\/wp-content\/uploads\/2013\/01\/P1070777.jpg 900w\" sizes=\"auto, (max-width: 150px) 100vw, 150px\" \/><\/a>der Ca\u00f1adas liegen vor uns. Rechts, unterhalb des Weges,\u00a0 schauen wir auf einen gut erhaltenen Dreschplatz und vorbei an einem Meer des<a href=\"http:\/\/www.mundi-roth.de\/teneriffa-blog\/wp-content\/uploads\/2013\/01\/SANY0032.jpg\" rel=\"lightbox[2133]\"><img loading=\"lazy\" decoding=\"async\" class=\"alignright size-thumbnail wp-image-2146\" title=\"SANY0032\" src=\"http:\/\/www.mundi-roth.de\/teneriffa-blog\/wp-content\/uploads\/2013\/01\/SANY0032-150x112.jpg\" alt=\"\" width=\"150\" height=\"112\" srcset=\"https:\/\/www.mundi-roth.de\/teneriffa-blog\/wp-content\/uploads\/2013\/01\/SANY0032-150x112.jpg 150w, https:\/\/www.mundi-roth.de\/teneriffa-blog\/wp-content\/uploads\/2013\/01\/SANY0032-300x225.jpg 300w, https:\/\/www.mundi-roth.de\/teneriffa-blog\/wp-content\/uploads\/2013\/01\/SANY0032.jpg 900w\" sizes=\"auto, (max-width: 150px) 100vw, 150px\" \/><\/a> kr\u00e4ftig blaubl\u00fchenden Kanaren-Lavendels sind wir schnell in Chirche.<\/p>\n<p>Wir passieren einem Kindergarten \u2013 hier befindet sich auch eine Bushaltestelle \u2013 sto\u00dfen auf das neue Centro Cultural de Chirche. Wir halten uns rechts und schon sehen wir unterhalb unser Ziel:<br \/>\n<a href=\"http:\/\/www.mundi-roth.de\/teneriffa-blog\/wp-content\/uploads\/2013\/01\/P1070781a.jpg\" rel=\"lightbox[2133]\"><img loading=\"lazy\" decoding=\"async\" class=\"alignleft size-thumbnail wp-image-2147\" title=\"P1070781a\" src=\"http:\/\/www.mundi-roth.de\/teneriffa-blog\/wp-content\/uploads\/2013\/01\/P1070781a-144x150.jpg\" alt=\"\" width=\"144\" height=\"150\" srcset=\"https:\/\/www.mundi-roth.de\/teneriffa-blog\/wp-content\/uploads\/2013\/01\/P1070781a-144x150.jpg 144w, https:\/\/www.mundi-roth.de\/teneriffa-blog\/wp-content\/uploads\/2013\/01\/P1070781a-289x300.jpg 289w, https:\/\/www.mundi-roth.de\/teneriffa-blog\/wp-content\/uploads\/2013\/01\/P1070781a.jpg 676w\" sizes=\"auto, (max-width: 144px) 100vw, 144px\" \/><\/a>das bew\u00e4hrte, immer wieder gute Restaurant: <strong>Romero Brasas de Chirche<\/strong><br \/>\nVon Conchi und Antonio, den Besitzern , werden wir freudig begr\u00fc\u00dft und haben das Gl\u00fcck an dem einzigen sonnigen Tisch Platz nehmen zu k\u00f6nnen. Nach dem &#8211;\u00a0 wie immer schmackhaften Essen \u2013 (Lamm in Kastaniensauce) gehen Elisabeth und ich auf demselben Weg zur\u00fcck, um den Wagen zu holen.\u00a0 Mein lieber Mann, der ja sonst immer Taxifahrer f\u00fcr uns spielt, darf\u00a0 sich solange bei einem Glas Tinto etwas ausruhen.<\/p>\n<p><strong>Fazit: \u00a0<\/strong><br \/>\nKeine anstrengende, keine lange Wanderung aber durch die jetzige\u00a0 Bl\u00fctenpracht und das ganze Umfeld\u00a0 eine sehr, sehr sch\u00f6ne.<\/p>\n<p><strong>Anfahrt:<\/strong><\/p>\n<p>Von Los Cristianos bis ans Ende der Autobahn TF1, weiter auf der TF82 Richtung Guia de Isora, Knapp 2km hinter Guia de Isora zweigt rechts eine Stra\u00dfe nach Chiguerge ab.<\/p>\n<p>Von Chiguerge nimmt man vom Ausgangspunkt der Wanderung aus die Querverbindung nach Chirche<\/p>\n<p><strong>Abfahrt:<\/strong><\/p>\n<p>Von Cirche immer bergab nach Guia de Isora und von dort auf der TF82 \/ TF1 zur\u00fcck.<\/p>\n","protected":false},"excerpt":{"rendered":"<p>Eine kleine, feine Wanderung. F\u00fcr uns hier im S\u00fcden fast vor der Haust\u00fcre Laut Elisabeth soll sie den Namen: Affodill-Weg\u00a0erhalten &#8211; im Gegenzug zum Glockenblumenweg vom Erjos Pass nach La Vica (Masca), &#8211;\u00a0 denn eine solche F\u00fclle an den gerade erbl\u00fchenden Affodills sucht seinesgleichen. Nur einmal \u2013 zur rechten Zeit \u2013 auf dem Conde haben [&hellip;]<\/p>\n","protected":false},"author":4,"featured_media":0,"comment_status":"open","ping_status":"open","sticky":false,"template":"","format":"standard","meta":{"footnotes":""},"categories":[776,6],"tags":[107,608,629,28,610],"class_list":["post-2133","post","type-post","status-publish","format-standard","hentry","category-guia-de-isora","category-wanderungen","tag-affodill","tag-camino-la-canada","tag-chiguergue","tag-chirche","tag-romero-brasas-de-chirche"],"yoast_head":"<!-- This site is optimized with the Yoast SEO plugin v27.5 - https:\/\/yoast.com\/product\/yoast-seo-wordpress\/ -->\n<title>Von Chiguergue nach Chirche - Camino La Ca\u00f1ada - Teneriffa Wandern<\/title>\n<meta name=\"robots\" content=\"index, follow, max-snippet:-1, max-image-preview:large, max-video-preview:-1\" \/>\n<link rel=\"canonical\" href=\"https:\/\/www.mundi-roth.de\/teneriffa-blog\/wanderungen\/von-chiguerque-nach-chirche-camino-la-canada\/\" \/>\n<meta name=\"twitter:label1\" content=\"Verfasst von\" \/>\n\t<meta name=\"twitter:data1\" content=\"mundi\" \/>\n\t<meta name=\"twitter:label2\" content=\"Gesch\u00e4tzte Lesezeit\" \/>\n\t<meta name=\"twitter:data2\" content=\"4\u00a0Minuten\" \/>\n<script type=\"application\/ld+json\" class=\"yoast-schema-graph\">{\"@context\":\"https:\\\/\\\/schema.org\",\"@graph\":[{\"@type\":\"Article\",\"@id\":\"https:\\\/\\\/www.mundi-roth.de\\\/teneriffa-blog\\\/wanderungen\\\/von-chiguerque-nach-chirche-camino-la-canada\\\/#article\",\"isPartOf\":{\"@id\":\"https:\\\/\\\/www.mundi-roth.de\\\/teneriffa-blog\\\/wanderungen\\\/von-chiguerque-nach-chirche-camino-la-canada\\\/\"},\"author\":{\"name\":\"mundi\",\"@id\":\"https:\\\/\\\/www.mundi-roth.de\\\/teneriffa-blog\\\/#\\\/schema\\\/person\\\/971c66b55f3ae5e8741553688c413cac\"},\"headline\":\"Von Chiguergue nach Chirche &#8211; Camino La Ca\u00f1ada\",\"datePublished\":\"2013-01-17T18:13:06+00:00\",\"dateModified\":\"2015-04-09T13:47:21+00:00\",\"mainEntityOfPage\":{\"@id\":\"https:\\\/\\\/www.mundi-roth.de\\\/teneriffa-blog\\\/wanderungen\\\/von-chiguerque-nach-chirche-camino-la-canada\\\/\"},\"wordCount\":726,\"commentCount\":2,\"image\":{\"@id\":\"https:\\\/\\\/www.mundi-roth.de\\\/teneriffa-blog\\\/wanderungen\\\/von-chiguerque-nach-chirche-camino-la-canada\\\/#primaryimage\"},\"thumbnailUrl\":\"http:\\\/\\\/www.mundi-roth.de\\\/teneriffa-blog\\\/wp-content\\\/uploads\\\/2013\\\/01\\\/Track01-150x108.jpg\",\"keywords\":[\"Affodill\",\"Camino La Ca\u00f1ada\",\"Chiguergue\",\"Chirche\",\"Romero Brasas de Chirche\"],\"articleSection\":[\"Guia de Isora\",\"Wanderungen\"],\"inLanguage\":\"de\",\"potentialAction\":[{\"@type\":\"CommentAction\",\"name\":\"Comment\",\"target\":[\"https:\\\/\\\/www.mundi-roth.de\\\/teneriffa-blog\\\/wanderungen\\\/von-chiguerque-nach-chirche-camino-la-canada\\\/#respond\"]}]},{\"@type\":\"WebPage\",\"@id\":\"https:\\\/\\\/www.mundi-roth.de\\\/teneriffa-blog\\\/wanderungen\\\/von-chiguerque-nach-chirche-camino-la-canada\\\/\",\"url\":\"https:\\\/\\\/www.mundi-roth.de\\\/teneriffa-blog\\\/wanderungen\\\/von-chiguerque-nach-chirche-camino-la-canada\\\/\",\"name\":\"Von Chiguergue nach Chirche - Camino La Ca\u00f1ada - Teneriffa Wandern\",\"isPartOf\":{\"@id\":\"https:\\\/\\\/www.mundi-roth.de\\\/teneriffa-blog\\\/#website\"},\"primaryImageOfPage\":{\"@id\":\"https:\\\/\\\/www.mundi-roth.de\\\/teneriffa-blog\\\/wanderungen\\\/von-chiguerque-nach-chirche-camino-la-canada\\\/#primaryimage\"},\"image\":{\"@id\":\"https:\\\/\\\/www.mundi-roth.de\\\/teneriffa-blog\\\/wanderungen\\\/von-chiguerque-nach-chirche-camino-la-canada\\\/#primaryimage\"},\"thumbnailUrl\":\"http:\\\/\\\/www.mundi-roth.de\\\/teneriffa-blog\\\/wp-content\\\/uploads\\\/2013\\\/01\\\/Track01-150x108.jpg\",\"datePublished\":\"2013-01-17T18:13:06+00:00\",\"dateModified\":\"2015-04-09T13:47:21+00:00\",\"author\":{\"@id\":\"https:\\\/\\\/www.mundi-roth.de\\\/teneriffa-blog\\\/#\\\/schema\\\/person\\\/971c66b55f3ae5e8741553688c413cac\"},\"breadcrumb\":{\"@id\":\"https:\\\/\\\/www.mundi-roth.de\\\/teneriffa-blog\\\/wanderungen\\\/von-chiguerque-nach-chirche-camino-la-canada\\\/#breadcrumb\"},\"inLanguage\":\"de\",\"potentialAction\":[{\"@type\":\"ReadAction\",\"target\":[\"https:\\\/\\\/www.mundi-roth.de\\\/teneriffa-blog\\\/wanderungen\\\/von-chiguerque-nach-chirche-camino-la-canada\\\/\"]}]},{\"@type\":\"ImageObject\",\"inLanguage\":\"de\",\"@id\":\"https:\\\/\\\/www.mundi-roth.de\\\/teneriffa-blog\\\/wanderungen\\\/von-chiguerque-nach-chirche-camino-la-canada\\\/#primaryimage\",\"url\":\"https:\\\/\\\/www.mundi-roth.de\\\/teneriffa-blog\\\/wp-content\\\/uploads\\\/2013\\\/01\\\/Track01.jpg\",\"contentUrl\":\"https:\\\/\\\/www.mundi-roth.de\\\/teneriffa-blog\\\/wp-content\\\/uploads\\\/2013\\\/01\\\/Track01.jpg\",\"width\":\"491\",\"height\":\"356\"},{\"@type\":\"BreadcrumbList\",\"@id\":\"https:\\\/\\\/www.mundi-roth.de\\\/teneriffa-blog\\\/wanderungen\\\/von-chiguerque-nach-chirche-camino-la-canada\\\/#breadcrumb\",\"itemListElement\":[{\"@type\":\"ListItem\",\"position\":1,\"name\":\"Startseite\",\"item\":\"https:\\\/\\\/www.mundi-roth.de\\\/teneriffa-blog\\\/\"},{\"@type\":\"ListItem\",\"position\":2,\"name\":\"Von Chiguergue nach Chirche &#8211; Camino La Ca\u00f1ada\"}]},{\"@type\":\"WebSite\",\"@id\":\"https:\\\/\\\/www.mundi-roth.de\\\/teneriffa-blog\\\/#website\",\"url\":\"https:\\\/\\\/www.mundi-roth.de\\\/teneriffa-blog\\\/\",\"name\":\"Teneriffa Wandern\",\"description\":\"Nicht nur Wanderungen auf Teneriffa...\",\"potentialAction\":[{\"@type\":\"SearchAction\",\"target\":{\"@type\":\"EntryPoint\",\"urlTemplate\":\"https:\\\/\\\/www.mundi-roth.de\\\/teneriffa-blog\\\/?s={search_term_string}\"},\"query-input\":{\"@type\":\"PropertyValueSpecification\",\"valueRequired\":true,\"valueName\":\"search_term_string\"}}],\"inLanguage\":\"de\"},{\"@type\":\"Person\",\"@id\":\"https:\\\/\\\/www.mundi-roth.de\\\/teneriffa-blog\\\/#\\\/schema\\\/person\\\/971c66b55f3ae5e8741553688c413cac\",\"name\":\"mundi\",\"image\":{\"@type\":\"ImageObject\",\"inLanguage\":\"de\",\"@id\":\"https:\\\/\\\/secure.gravatar.com\\\/avatar\\\/555f0dd85428f1a9330f8e5dbe9e40ff9ca912bb81e5a89747ebf3ca9c20dc0f?s=96&d=mm&r=g\",\"url\":\"https:\\\/\\\/secure.gravatar.com\\\/avatar\\\/555f0dd85428f1a9330f8e5dbe9e40ff9ca912bb81e5a89747ebf3ca9c20dc0f?s=96&d=mm&r=g\",\"contentUrl\":\"https:\\\/\\\/secure.gravatar.com\\\/avatar\\\/555f0dd85428f1a9330f8e5dbe9e40ff9ca912bb81e5a89747ebf3ca9c20dc0f?s=96&d=mm&r=g\",\"caption\":\"mundi\"},\"sameAs\":[\"http:\\\/\\\/mundi-roth.de\"],\"url\":\"https:\\\/\\\/www.mundi-roth.de\\\/teneriffa-blog\\\/author\\\/mundi\\\/\"}]}<\/script>\n<!-- \/ Yoast SEO plugin. -->","yoast_head_json":{"title":"Von Chiguergue nach Chirche - Camino La Ca\u00f1ada - Teneriffa Wandern","robots":{"index":"index","follow":"follow","max-snippet":"max-snippet:-1","max-image-preview":"max-image-preview:large","max-video-preview":"max-video-preview:-1"},"canonical":"https:\/\/www.mundi-roth.de\/teneriffa-blog\/wanderungen\/von-chiguerque-nach-chirche-camino-la-canada\/","twitter_misc":{"Verfasst von":"mundi","Gesch\u00e4tzte Lesezeit":"4\u00a0Minuten"},"schema":{"@context":"https:\/\/schema.org","@graph":[{"@type":"Article","@id":"https:\/\/www.mundi-roth.de\/teneriffa-blog\/wanderungen\/von-chiguerque-nach-chirche-camino-la-canada\/#article","isPartOf":{"@id":"https:\/\/www.mundi-roth.de\/teneriffa-blog\/wanderungen\/von-chiguerque-nach-chirche-camino-la-canada\/"},"author":{"name":"mundi","@id":"https:\/\/www.mundi-roth.de\/teneriffa-blog\/#\/schema\/person\/971c66b55f3ae5e8741553688c413cac"},"headline":"Von Chiguergue nach Chirche &#8211; Camino La Ca\u00f1ada","datePublished":"2013-01-17T18:13:06+00:00","dateModified":"2015-04-09T13:47:21+00:00","mainEntityOfPage":{"@id":"https:\/\/www.mundi-roth.de\/teneriffa-blog\/wanderungen\/von-chiguerque-nach-chirche-camino-la-canada\/"},"wordCount":726,"commentCount":2,"image":{"@id":"https:\/\/www.mundi-roth.de\/teneriffa-blog\/wanderungen\/von-chiguerque-nach-chirche-camino-la-canada\/#primaryimage"},"thumbnailUrl":"http:\/\/www.mundi-roth.de\/teneriffa-blog\/wp-content\/uploads\/2013\/01\/Track01-150x108.jpg","keywords":["Affodill","Camino La Ca\u00f1ada","Chiguergue","Chirche","Romero Brasas de Chirche"],"articleSection":["Guia de Isora","Wanderungen"],"inLanguage":"de","potentialAction":[{"@type":"CommentAction","name":"Comment","target":["https:\/\/www.mundi-roth.de\/teneriffa-blog\/wanderungen\/von-chiguerque-nach-chirche-camino-la-canada\/#respond"]}]},{"@type":"WebPage","@id":"https:\/\/www.mundi-roth.de\/teneriffa-blog\/wanderungen\/von-chiguerque-nach-chirche-camino-la-canada\/","url":"https:\/\/www.mundi-roth.de\/teneriffa-blog\/wanderungen\/von-chiguerque-nach-chirche-camino-la-canada\/","name":"Von Chiguergue nach Chirche - Camino La Ca\u00f1ada - Teneriffa Wandern","isPartOf":{"@id":"https:\/\/www.mundi-roth.de\/teneriffa-blog\/#website"},"primaryImageOfPage":{"@id":"https:\/\/www.mundi-roth.de\/teneriffa-blog\/wanderungen\/von-chiguerque-nach-chirche-camino-la-canada\/#primaryimage"},"image":{"@id":"https:\/\/www.mundi-roth.de\/teneriffa-blog\/wanderungen\/von-chiguerque-nach-chirche-camino-la-canada\/#primaryimage"},"thumbnailUrl":"http:\/\/www.mundi-roth.de\/teneriffa-blog\/wp-content\/uploads\/2013\/01\/Track01-150x108.jpg","datePublished":"2013-01-17T18:13:06+00:00","dateModified":"2015-04-09T13:47:21+00:00","author":{"@id":"https:\/\/www.mundi-roth.de\/teneriffa-blog\/#\/schema\/person\/971c66b55f3ae5e8741553688c413cac"},"breadcrumb":{"@id":"https:\/\/www.mundi-roth.de\/teneriffa-blog\/wanderungen\/von-chiguerque-nach-chirche-camino-la-canada\/#breadcrumb"},"inLanguage":"de","potentialAction":[{"@type":"ReadAction","target":["https:\/\/www.mundi-roth.de\/teneriffa-blog\/wanderungen\/von-chiguerque-nach-chirche-camino-la-canada\/"]}]},{"@type":"ImageObject","inLanguage":"de","@id":"https:\/\/www.mundi-roth.de\/teneriffa-blog\/wanderungen\/von-chiguerque-nach-chirche-camino-la-canada\/#primaryimage","url":"https:\/\/www.mundi-roth.de\/teneriffa-blog\/wp-content\/uploads\/2013\/01\/Track01.jpg","contentUrl":"https:\/\/www.mundi-roth.de\/teneriffa-blog\/wp-content\/uploads\/2013\/01\/Track01.jpg","width":"491","height":"356"},{"@type":"BreadcrumbList","@id":"https:\/\/www.mundi-roth.de\/teneriffa-blog\/wanderungen\/von-chiguerque-nach-chirche-camino-la-canada\/#breadcrumb","itemListElement":[{"@type":"ListItem","position":1,"name":"Startseite","item":"https:\/\/www.mundi-roth.de\/teneriffa-blog\/"},{"@type":"ListItem","position":2,"name":"Von Chiguergue nach Chirche &#8211; Camino La Ca\u00f1ada"}]},{"@type":"WebSite","@id":"https:\/\/www.mundi-roth.de\/teneriffa-blog\/#website","url":"https:\/\/www.mundi-roth.de\/teneriffa-blog\/","name":"Teneriffa Wandern","description":"Nicht nur Wanderungen auf Teneriffa...","potentialAction":[{"@type":"SearchAction","target":{"@type":"EntryPoint","urlTemplate":"https:\/\/www.mundi-roth.de\/teneriffa-blog\/?s={search_term_string}"},"query-input":{"@type":"PropertyValueSpecification","valueRequired":true,"valueName":"search_term_string"}}],"inLanguage":"de"},{"@type":"Person","@id":"https:\/\/www.mundi-roth.de\/teneriffa-blog\/#\/schema\/person\/971c66b55f3ae5e8741553688c413cac","name":"mundi","image":{"@type":"ImageObject","inLanguage":"de","@id":"https:\/\/secure.gravatar.com\/avatar\/555f0dd85428f1a9330f8e5dbe9e40ff9ca912bb81e5a89747ebf3ca9c20dc0f?s=96&d=mm&r=g","url":"https:\/\/secure.gravatar.com\/avatar\/555f0dd85428f1a9330f8e5dbe9e40ff9ca912bb81e5a89747ebf3ca9c20dc0f?s=96&d=mm&r=g","contentUrl":"https:\/\/secure.gravatar.com\/avatar\/555f0dd85428f1a9330f8e5dbe9e40ff9ca912bb81e5a89747ebf3ca9c20dc0f?s=96&d=mm&r=g","caption":"mundi"},"sameAs":["http:\/\/mundi-roth.de"],"url":"https:\/\/www.mundi-roth.de\/teneriffa-blog\/author\/mundi\/"}]}},"_links":{"self":[{"href":"https:\/\/www.mundi-roth.de\/teneriffa-blog\/wp-json\/wp\/v2\/posts\/2133","targetHints":{"allow":["GET"]}}],"collection":[{"href":"https:\/\/www.mundi-roth.de\/teneriffa-blog\/wp-json\/wp\/v2\/posts"}],"about":[{"href":"https:\/\/www.mundi-roth.de\/teneriffa-blog\/wp-json\/wp\/v2\/types\/post"}],"author":[{"embeddable":true,"href":"https:\/\/www.mundi-roth.de\/teneriffa-blog\/wp-json\/wp\/v2\/users\/4"}],"replies":[{"embeddable":true,"href":"https:\/\/www.mundi-roth.de\/teneriffa-blog\/wp-json\/wp\/v2\/comments?post=2133"}],"version-history":[{"count":0,"href":"https:\/\/www.mundi-roth.de\/teneriffa-blog\/wp-json\/wp\/v2\/posts\/2133\/revisions"}],"wp:attachment":[{"href":"https:\/\/www.mundi-roth.de\/teneriffa-blog\/wp-json\/wp\/v2\/media?parent=2133"}],"wp:term":[{"taxonomy":"category","embeddable":true,"href":"https:\/\/www.mundi-roth.de\/teneriffa-blog\/wp-json\/wp\/v2\/categories?post=2133"},{"taxonomy":"post_tag","embeddable":true,"href":"https:\/\/www.mundi-roth.de\/teneriffa-blog\/wp-json\/wp\/v2\/tags?post=2133"}],"curies":[{"name":"wp","href":"https:\/\/api.w.org\/{rel}","templated":true}]}}