{"id":2180,"date":"2013-01-29T22:00:59","date_gmt":"2013-01-29T21:00:59","guid":{"rendered":"http:\/\/www.mundi-roth.de\/teneriffa-blog\/?p=2180"},"modified":"2015-04-09T14:42:47","modified_gmt":"2015-04-09T13:42:47","slug":"el-bailadero-chamorga","status":"publish","type":"post","link":"https:\/\/www.mundi-roth.de\/teneriffa-blog\/wanderungen\/el-bailadero-chamorga\/","title":{"rendered":"El Bailadero \u2013 Chamorga"},"content":{"rendered":"<p><em><strong>Von El Bailadero nach Chamorga, auf dem Kamm\/H\u00f6henr\u00fccken, so war die Wanderung angedacht.<\/strong><\/em><br \/>\n<strong>Aber: Es war eine Wanderung mit Hindernissen. Inzwischen f\u00fcr uns schon ganz ungewohnt: Eine Strecke die \u00fcberhaupt nicht ausgeschildert ist. Noch nicht einmal Steinm\u00e4nnchen markieren den Weg.<\/strong><br \/>\n<strong> Und trotzdem: Auch das Teilst\u00fcck, das wir gingen, war wunder-wundersch\u00f6n!<\/strong><br \/>\n<strong> Das Anagagebirge mit seinem Lorbeer-Nebelwald ist schon wirklich etwas ganz Besonderes.<\/strong><br \/>\nUnd zudem: Wir haben Traumwetter! Sonne pur, stahlblauer Himmel, kaum Wind, jedoch 12 Grad.<\/p>\n<p><strong>Wander-Teilstrecke:<\/strong> 1 Stunde 45 Minuten<br \/>\nWir waren so optimistisch und dachten, dass oben in El Bailadero Hinweise auf den Einstieg der Wanderung sein werden.<br \/>\nLediglich ein Schild wies nach <a href=\"http:\/\/www.mundi-roth.de\/teneriffa-blog\/wanderungen\/casa-forestal-taganana-las-vueltas\/\">Taganana<\/a>. Dort waren wir aber in dieser Saison schon zweimal.<br \/>\nDas Gl\u00fcck war mal wieder mit uns und ein Wagen vom Gobierno, der Regierung von Teneriffa, kam angefahren. Der gute Mann sagte uns nur, ein St\u00fcck weiter die TF 123 entlang und im \u00fcbrigen w\u00e4ren es 12 km bis Chamorga.<br \/>\nBei Km 4,8 der TF 123, einem ehemaligen Picknick-Platz, La Ensillada, ging es los. Einige Wanderer machten sich ebenfalls abmarschbereit.<br \/>\nErstes R\u00e4tselraten: geradeaus oder gleich rechts hoch? Gemeinsam entschieden wir, es m\u00fcsse wohl rechts hoch gehen.<\/p>\n<p>Schon nach wenigen Metern Aufstieg auf dem Erdweg nimmt uns diese besondere Atmosph\u00e4re des Lorbeerwaldes gefangen.<\/p>\n<p>Den Weg s\u00e4umt \u00fcppig bl\u00fchender Storchschnabel, die Kanaren-Glockenblume,\u00a0 Aeonien und Farnwedel. Das Sonnenlicht, das durch das Bl\u00e4tterdach f\u00e4llt, zaubert wundersch\u00f6ne Stimmungsbilder.<\/p>\n<p style=\"text-align: center;\"><a href=\"http:\/\/www.mundi-roth.de\/teneriffa-blog\/wp-content\/uploads\/2013\/01\/P1070844.jpg\" rel=\"lightbox[2180]\"><img loading=\"lazy\" decoding=\"async\" class=\"alignleft size-thumbnail wp-image-2181\" title=\"P1070844\" src=\"http:\/\/www.mundi-roth.de\/teneriffa-blog\/wp-content\/uploads\/2013\/01\/P1070844-150x112.jpg\" alt=\"\" width=\"150\" height=\"112\" srcset=\"https:\/\/www.mundi-roth.de\/teneriffa-blog\/wp-content\/uploads\/2013\/01\/P1070844-150x112.jpg 150w, https:\/\/www.mundi-roth.de\/teneriffa-blog\/wp-content\/uploads\/2013\/01\/P1070844-300x225.jpg 300w, https:\/\/www.mundi-roth.de\/teneriffa-blog\/wp-content\/uploads\/2013\/01\/P1070844.jpg 900w\" sizes=\"auto, (max-width: 150px) 100vw, 150px\" \/><\/a><a href=\"http:\/\/www.mundi-roth.de\/teneriffa-blog\/wp-content\/uploads\/2013\/01\/P1070846.jpg\" rel=\"lightbox[2180]\"><img loading=\"lazy\" decoding=\"async\" class=\"aligncenter size-thumbnail wp-image-2182\" title=\"P1070846\" src=\"http:\/\/www.mundi-roth.de\/teneriffa-blog\/wp-content\/uploads\/2013\/01\/P1070846-150x112.jpg\" alt=\"\" width=\"150\" height=\"112\" srcset=\"https:\/\/www.mundi-roth.de\/teneriffa-blog\/wp-content\/uploads\/2013\/01\/P1070846-150x112.jpg 150w, https:\/\/www.mundi-roth.de\/teneriffa-blog\/wp-content\/uploads\/2013\/01\/P1070846-300x225.jpg 300w, https:\/\/www.mundi-roth.de\/teneriffa-blog\/wp-content\/uploads\/2013\/01\/P1070846.jpg 900w\" sizes=\"auto, (max-width: 150px) 100vw, 150px\" \/><\/a><\/p>\n<p><a href=\"http:\/\/www.mundi-roth.de\/teneriffa-blog\/wp-content\/uploads\/2013\/01\/P1070855.jpg\" rel=\"lightbox[2180]\"><img loading=\"lazy\" decoding=\"async\" class=\"alignleft size-thumbnail wp-image-2183\" title=\"P1070855\" src=\"http:\/\/www.mundi-roth.de\/teneriffa-blog\/wp-content\/uploads\/2013\/01\/P1070855-150x112.jpg\" alt=\"\" width=\"150\" height=\"112\" srcset=\"https:\/\/www.mundi-roth.de\/teneriffa-blog\/wp-content\/uploads\/2013\/01\/P1070855-150x112.jpg 150w, https:\/\/www.mundi-roth.de\/teneriffa-blog\/wp-content\/uploads\/2013\/01\/P1070855-300x225.jpg 300w, https:\/\/www.mundi-roth.de\/teneriffa-blog\/wp-content\/uploads\/2013\/01\/P1070855.jpg 900w\" sizes=\"auto, (max-width: 150px) 100vw, 150px\" \/><\/a>So schreiten wir begl\u00fcckt zwischen den verwinkelten <a href=\"http:\/\/www.mundi-roth.de\/teneriffa-blog\/wp-content\/uploads\/2013\/01\/P10708471.jpg\" rel=\"lightbox[2180]\"><img loading=\"lazy\" decoding=\"async\" class=\"alignright size-thumbnail wp-image-2185\" title=\"P1070847\" src=\"http:\/\/www.mundi-roth.de\/teneriffa-blog\/wp-content\/uploads\/2013\/01\/P10708471-112x150.jpg\" alt=\"\" width=\"112\" height=\"150\" srcset=\"https:\/\/www.mundi-roth.de\/teneriffa-blog\/wp-content\/uploads\/2013\/01\/P10708471-112x150.jpg 112w, https:\/\/www.mundi-roth.de\/teneriffa-blog\/wp-content\/uploads\/2013\/01\/P10708471-224x300.jpg 224w, https:\/\/www.mundi-roth.de\/teneriffa-blog\/wp-content\/uploads\/2013\/01\/P10708471.jpg 672w\" sizes=\"auto, (max-width: 112px) 100vw, 112px\" \/><\/a>Baumst\u00e4mmen der Erika-, Gagel- und Lorbeerb\u00e4ume aufw\u00e4rts. Inzwischen wird es etwas steiler und quasi \u00fcber Stufen gehen wir weiter.<\/p>\n<p>Nach 15 Minuten Gehzeit wieder eine Gewissensfrage: rechts oder links bei der Gabelung?<br \/>\nWir entscheide<a href=\"http:\/\/www.mundi-roth.de\/teneriffa-blog\/wp-content\/uploads\/2013\/01\/P1070852.jpg\" rel=\"lightbox[2180]\"><img loading=\"lazy\" decoding=\"async\" class=\"alignleft size-thumbnail wp-image-2186\" title=\"P1070852\" src=\"http:\/\/www.mundi-roth.de\/teneriffa-blog\/wp-content\/uploads\/2013\/01\/P1070852-150x112.jpg\" alt=\"\" width=\"150\" height=\"112\" srcset=\"https:\/\/www.mundi-roth.de\/teneriffa-blog\/wp-content\/uploads\/2013\/01\/P1070852-150x112.jpg 150w, https:\/\/www.mundi-roth.de\/teneriffa-blog\/wp-content\/uploads\/2013\/01\/P1070852-300x225.jpg 300w, https:\/\/www.mundi-roth.de\/teneriffa-blog\/wp-content\/uploads\/2013\/01\/P1070852.jpg 900w\" sizes=\"auto, (max-width: 150px) 100vw, 150px\" \/><\/a>n uns f\u00fcr links, rein intuitiv.<\/p>\n<p>Nunmehr wandern wir an dicht mit Moos bewachsenen<a href=\"http:\/\/www.mundi-roth.de\/teneriffa-blog\/wp-content\/uploads\/2013\/01\/P1070857.jpg\" rel=\"lightbox[2180]\"><img loading=\"lazy\" decoding=\"async\" class=\"alignright  wp-image-2204\" title=\"P1070857\" src=\"http:\/\/www.mundi-roth.de\/teneriffa-blog\/wp-content\/uploads\/2013\/01\/P1070857-150x112.jpg\" alt=\"\" width=\"150\" height=\"112\" srcset=\"https:\/\/www.mundi-roth.de\/teneriffa-blog\/wp-content\/uploads\/2013\/01\/P1070857-150x112.jpg 150w, https:\/\/www.mundi-roth.de\/teneriffa-blog\/wp-content\/uploads\/2013\/01\/P1070857-300x225.jpg 300w, https:\/\/www.mundi-roth.de\/teneriffa-blog\/wp-content\/uploads\/2013\/01\/P1070857.jpg 900w\" sizes=\"auto, (max-width: 150px) 100vw, 150px\" \/><\/a> und mit Flechten behangenen B\u00e4umen vorbei<\/p>\n<p>und kurz darauf laufen wir auf einen markanten Felsen zu.<\/p>\n<p style=\"text-align: left;\"><a href=\"http:\/\/www.mundi-roth.de\/teneriffa-blog\/wp-content\/uploads\/2013\/01\/P1070854.jpg\" rel=\"lightbox[2180]\"><img loading=\"lazy\" decoding=\"async\" class=\"alignleft size-thumbnail wp-image-2187\" title=\"P1070854\" src=\"http:\/\/www.mundi-roth.de\/teneriffa-blog\/wp-content\/uploads\/2013\/01\/P1070854-150x112.jpg\" alt=\"\" width=\"150\" height=\"112\" srcset=\"https:\/\/www.mundi-roth.de\/teneriffa-blog\/wp-content\/uploads\/2013\/01\/P1070854-150x112.jpg 150w, https:\/\/www.mundi-roth.de\/teneriffa-blog\/wp-content\/uploads\/2013\/01\/P1070854-300x225.jpg 300w, https:\/\/www.mundi-roth.de\/teneriffa-blog\/wp-content\/uploads\/2013\/01\/P1070854.jpg 900w\" sizes=\"auto, (max-width: 150px) 100vw, 150px\" \/><\/a><a href=\"http:\/\/www.mundi-roth.de\/teneriffa-blog\/wp-content\/uploads\/2013\/01\/P1070856.jpg\" rel=\"lightbox[2180]\"><img loading=\"lazy\" decoding=\"async\" class=\"aligncenter size-thumbnail wp-image-2188\" title=\"P1070856\" src=\"http:\/\/www.mundi-roth.de\/teneriffa-blog\/wp-content\/uploads\/2013\/01\/P1070856-112x150.jpg\" alt=\"\" width=\"112\" height=\"150\" srcset=\"https:\/\/www.mundi-roth.de\/teneriffa-blog\/wp-content\/uploads\/2013\/01\/P1070856-112x150.jpg 112w, https:\/\/www.mundi-roth.de\/teneriffa-blog\/wp-content\/uploads\/2013\/01\/P1070856-225x300.jpg 225w, https:\/\/www.mundi-roth.de\/teneriffa-blog\/wp-content\/uploads\/2013\/01\/P1070856.jpg 675w\" sizes=\"auto, (max-width: 112px) 100vw, 112px\" \/><\/a><br \/>\nHier lohnt sich ein kleiner Abstecher links hoch: Der Blick geht zwischen Erikazweigen auf die tief unten liegende K\u00fcste. Sch\u00f6n!<\/p>\n<p>Nur knapp 10 Minuten sp\u00e4ter: Nochmal links hoch: Nun sehen wir ein Heiligtum<a href=\"http:\/\/www.mundi-roth.de\/teneriffa-blog\/wp-content\/uploads\/2013\/01\/P1070860.jpg\" rel=\"lightbox[2180]\"><img loading=\"lazy\" decoding=\"async\" class=\"alignright size-thumbnail wp-image-2189\" title=\"P1070860\" src=\"http:\/\/www.mundi-roth.de\/teneriffa-blog\/wp-content\/uploads\/2013\/01\/P1070860-150x112.jpg\" alt=\"\" width=\"150\" height=\"112\" srcset=\"https:\/\/www.mundi-roth.de\/teneriffa-blog\/wp-content\/uploads\/2013\/01\/P1070860-150x112.jpg 150w, https:\/\/www.mundi-roth.de\/teneriffa-blog\/wp-content\/uploads\/2013\/01\/P1070860-300x225.jpg 300w, https:\/\/www.mundi-roth.de\/teneriffa-blog\/wp-content\/uploads\/2013\/01\/P1070860.jpg 900w\" sizes=\"auto, (max-width: 150px) 100vw, 150px\" \/><\/a> <a href=\"http:\/\/www.mundi-roth.de\/teneriffa-blog\/wp-content\/uploads\/2013\/01\/P1070873.jpg\" rel=\"lightbox[2180]\"><img loading=\"lazy\" decoding=\"async\" class=\"alignleft size-thumbnail wp-image-2190\" title=\"P1070873\" src=\"http:\/\/www.mundi-roth.de\/teneriffa-blog\/wp-content\/uploads\/2013\/01\/P1070873-112x150.jpg\" alt=\"\" width=\"112\" height=\"150\" srcset=\"https:\/\/www.mundi-roth.de\/teneriffa-blog\/wp-content\/uploads\/2013\/01\/P1070873-112x150.jpg 112w, https:\/\/www.mundi-roth.de\/teneriffa-blog\/wp-content\/uploads\/2013\/01\/P1070873-224x300.jpg 224w, https:\/\/www.mundi-roth.de\/teneriffa-blog\/wp-content\/uploads\/2013\/01\/P1070873.jpg 672w\" sizes=\"auto, (max-width: 112px) 100vw, 112px\" \/><\/a>der Guanchen vor uns: den m\u00e4chtig aufragenden Roque de Anambro.<br \/>\nBeeindruckend!<br \/>\nNochmal knapp 10 Minuten sp\u00e4ter, stehen wir am Fu\u00df dieses beeindruckenden Felsens.<br \/>\nDer Blick wird freigegeben auf den Teide, der aus dem Passatwolken-Meer aufragt. Zauberhaft!<\/p>\n<p><a href=\"http:\/\/www.mundi-roth.de\/teneriffa-blog\/wp-content\/uploads\/2013\/01\/P1070877.jpg\" rel=\"lightbox[2180]\"><img loading=\"lazy\" decoding=\"async\" class=\"size-thumbnail wp-image-2191 alignleft\" title=\"P1070877\" src=\"http:\/\/www.mundi-roth.de\/teneriffa-blog\/wp-content\/uploads\/2013\/01\/P1070877-150x112.jpg\" alt=\"\" width=\"150\" height=\"112\" srcset=\"https:\/\/www.mundi-roth.de\/teneriffa-blog\/wp-content\/uploads\/2013\/01\/P1070877-150x112.jpg 150w, https:\/\/www.mundi-roth.de\/teneriffa-blog\/wp-content\/uploads\/2013\/01\/P1070877-300x225.jpg 300w, https:\/\/www.mundi-roth.de\/teneriffa-blog\/wp-content\/uploads\/2013\/01\/P1070877.jpg 900w\" sizes=\"auto, (max-width: 150px) 100vw, 150px\" \/><\/a>Kurz nach 12 Uhr, also gerade mal nach einer knappen Stunde Geh-Steh-Schau-und Fotografier-Zeit im steten Auf und Ab, mal sanft, mal heftiger, steigen wir zur Aussichtsplattform des Cabezo del Tejo, auf 750 Metern H\u00f6he, ab.<\/p>\n<p>&nbsp;<\/p>\n<p style=\"text-align: center;\"><a href=\"http:\/\/www.mundi-roth.de\/teneriffa-blog\/wp-content\/uploads\/2013\/01\/P1070884.jpg\" rel=\"lightbox[2180]\"><img loading=\"lazy\" decoding=\"async\" class=\"alignleft size-thumbnail wp-image-2192\" title=\"P1070884\" src=\"http:\/\/www.mundi-roth.de\/teneriffa-blog\/wp-content\/uploads\/2013\/01\/P1070884-150x112.jpg\" alt=\"\" width=\"150\" height=\"112\" srcset=\"https:\/\/www.mundi-roth.de\/teneriffa-blog\/wp-content\/uploads\/2013\/01\/P1070884-150x112.jpg 150w, https:\/\/www.mundi-roth.de\/teneriffa-blog\/wp-content\/uploads\/2013\/01\/P1070884-300x225.jpg 300w, https:\/\/www.mundi-roth.de\/teneriffa-blog\/wp-content\/uploads\/2013\/01\/P1070884.jpg 900w\" sizes=\"auto, (max-width: 150px) 100vw, 150px\" \/><\/a><a href=\"http:\/\/www.mundi-roth.de\/teneriffa-blog\/wp-content\/uploads\/2013\/01\/P1070883.jpg\" rel=\"lightbox[2180]\"><img loading=\"lazy\" decoding=\"async\" class=\"aligncenter size-thumbnail wp-image-2193\" title=\"P1070883\" src=\"http:\/\/www.mundi-roth.de\/teneriffa-blog\/wp-content\/uploads\/2013\/01\/P1070883-150x112.jpg\" alt=\"\" width=\"150\" height=\"112\" srcset=\"https:\/\/www.mundi-roth.de\/teneriffa-blog\/wp-content\/uploads\/2013\/01\/P1070883-150x112.jpg 150w, https:\/\/www.mundi-roth.de\/teneriffa-blog\/wp-content\/uploads\/2013\/01\/P1070883-300x225.jpg 300w, https:\/\/www.mundi-roth.de\/teneriffa-blog\/wp-content\/uploads\/2013\/01\/P1070883.jpg 900w\" sizes=\"auto, (max-width: 150px) 100vw, 150px\" \/><\/a>Atemberaubend der Blick!<\/p>\n<p>Nochmal der Teide mit dem Passatwolkenteppich zu F\u00fcssen aber jetzt auch noch gleichzeitig der Blick auf die Bergh\u00e4nge des Anagagebirges, den Ort Benijo, das Meer, die Brandung.<\/p>\n<p>Wir finden, alleine schon diese Aussicht ist den ganzen Aufwand der langen Anfahrt vom S\u00fcden her wert.<\/p>\n<p><strong>Aber nun machen wir den entscheidenden Fehler<\/strong>.\u00a0 Wir gehen falsch !<a href=\"http:\/\/www.mundi-roth.de\/teneriffa-blog\/wp-content\/uploads\/2013\/01\/SANY0035.jpg\" rel=\"lightbox[2180]\"><img loading=\"lazy\" decoding=\"async\" class=\"alignright size-thumbnail wp-image-2205\" title=\"SANYO DIGITAL CAMERA\" src=\"http:\/\/www.mundi-roth.de\/teneriffa-blog\/wp-content\/uploads\/2013\/01\/SANY0035-150x134.jpg\" alt=\"\" width=\"150\" height=\"134\" srcset=\"https:\/\/www.mundi-roth.de\/teneriffa-blog\/wp-content\/uploads\/2013\/01\/SANY0035-150x134.jpg 150w, https:\/\/www.mundi-roth.de\/teneriffa-blog\/wp-content\/uploads\/2013\/01\/SANY0035-300x268.jpg 300w, https:\/\/www.mundi-roth.de\/teneriffa-blog\/wp-content\/uploads\/2013\/01\/SANY0035.jpg 900w\" sizes=\"auto, (max-width: 150px) 100vw, 150px\" \/><\/a><br \/>\nWir folgen 45 Minuten dem eben verlaufendem holprigen Fahrweg(Wei\u00dfe Linie) anstatt den abw\u00e4rtsf\u00fchrenden Weg\u00a0 zu nehmen. Es ist wie ein Spaziergang.<br \/>\nAuch wieder sehr, sehr sch\u00f6n. Mannshohe Farnwedel und die ersten erbl\u00fchten G\u00e4nsedisteln begleiten den Weg. Das Lichtspiel in dem inzwischen lichter gewachsenem Wald ist wundersch\u00f6n. An zwei H\u00f6hlen f\u00fchrt der Weg vorbei und dann sind wir nach einer Schranke auf der TF 123. Bei welchem Km? Keine Ahnung!<br \/>\nHier gibt es ein Hinweisschild darauf, wo wir herkommen sind, nach Chinobre und nach El Draguillo.<\/p>\n<p style=\"text-align: center;\"><a href=\"http:\/\/www.mundi-roth.de\/teneriffa-blog\/wp-content\/uploads\/2013\/01\/P1070887.jpg\" rel=\"lightbox[2180]\"><img loading=\"lazy\" decoding=\"async\" class=\"alignleft size-thumbnail wp-image-2194\" title=\"P1070887\" src=\"http:\/\/www.mundi-roth.de\/teneriffa-blog\/wp-content\/uploads\/2013\/01\/P1070887-150x112.jpg\" alt=\"\" width=\"150\" height=\"112\" srcset=\"https:\/\/www.mundi-roth.de\/teneriffa-blog\/wp-content\/uploads\/2013\/01\/P1070887-150x112.jpg 150w, https:\/\/www.mundi-roth.de\/teneriffa-blog\/wp-content\/uploads\/2013\/01\/P1070887-300x225.jpg 300w, https:\/\/www.mundi-roth.de\/teneriffa-blog\/wp-content\/uploads\/2013\/01\/P1070887.jpg 900w\" sizes=\"auto, (max-width: 150px) 100vw, 150px\" \/><\/a><a href=\"http:\/\/www.mundi-roth.de\/teneriffa-blog\/wp-content\/uploads\/2013\/01\/P1070895.jpg\" rel=\"lightbox[2180]\"><img loading=\"lazy\" decoding=\"async\" class=\"aligncenter size-thumbnail wp-image-2196\" title=\"P1070895\" src=\"http:\/\/www.mundi-roth.de\/teneriffa-blog\/wp-content\/uploads\/2013\/01\/P1070895-150x112.jpg\" alt=\"\" width=\"150\" height=\"112\" srcset=\"https:\/\/www.mundi-roth.de\/teneriffa-blog\/wp-content\/uploads\/2013\/01\/P1070895-150x112.jpg 150w, https:\/\/www.mundi-roth.de\/teneriffa-blog\/wp-content\/uploads\/2013\/01\/P1070895-300x225.jpg 300w, https:\/\/www.mundi-roth.de\/teneriffa-blog\/wp-content\/uploads\/2013\/01\/P1070895.jpg 900w\" sizes=\"auto, (max-width: 150px) 100vw, 150px\" \/><\/a><\/p>\n<p style=\"text-align: center;\"><a href=\"http:\/\/www.mundi-roth.de\/teneriffa-blog\/wp-content\/uploads\/2013\/01\/P1070896.jpg\" rel=\"lightbox[2180]\"><img loading=\"lazy\" decoding=\"async\" class=\"alignleft  wp-image-2197\" title=\"P1070896\" src=\"http:\/\/www.mundi-roth.de\/teneriffa-blog\/wp-content\/uploads\/2013\/01\/P1070896-150x112.jpg\" alt=\"\" width=\"150\" height=\"112\" srcset=\"https:\/\/www.mundi-roth.de\/teneriffa-blog\/wp-content\/uploads\/2013\/01\/P1070896-150x112.jpg 150w, https:\/\/www.mundi-roth.de\/teneriffa-blog\/wp-content\/uploads\/2013\/01\/P1070896-300x225.jpg 300w, https:\/\/www.mundi-roth.de\/teneriffa-blog\/wp-content\/uploads\/2013\/01\/P1070896.jpg 900w\" sizes=\"auto, (max-width: 150px) 100vw, 150px\" \/><\/a><a href=\"http:\/\/www.mundi-roth.de\/teneriffa-blog\/wp-content\/uploads\/2013\/01\/P1070897.jpg\" rel=\"lightbox[2180]\"><img loading=\"lazy\" decoding=\"async\" class=\"aligncenter  wp-image-2199\" title=\"P1070897\" src=\"http:\/\/www.mundi-roth.de\/teneriffa-blog\/wp-content\/uploads\/2013\/01\/P1070897-150x112.jpg\" alt=\"\" width=\"150\" height=\"112\" srcset=\"https:\/\/www.mundi-roth.de\/teneriffa-blog\/wp-content\/uploads\/2013\/01\/P1070897-150x112.jpg 150w, https:\/\/www.mundi-roth.de\/teneriffa-blog\/wp-content\/uploads\/2013\/01\/P1070897-300x225.jpg 300w, https:\/\/www.mundi-roth.de\/teneriffa-blog\/wp-content\/uploads\/2013\/01\/P1070897.jpg 900w\" sizes=\"auto, (max-width: 150px) 100vw, 150px\" \/><\/a><\/p>\n<p>Erstmal Apfelpause. Nachdenken. Mehrere Versuche meinen lieben Mann anzurufen, der in Chamorga auf unsere Ankunft wartet. Aber er sitzt dort gem\u00fctlich in einem absoluten Funkloch.<br \/>\nWas tun?<br \/>\nEin St\u00fcck gehen wir auf der TF 123 links abw\u00e4rts. Rechts wie links zweigen Pfade ab, aber nun sind wir nicht mehr experimentierfreudig.<br \/>\nWir entscheiden: Das erste Auto das kommt, die Strecke ist kaum befahren, das halten wir an.<br \/>\nUnd das Gl\u00fcck ist doch mit uns. Kurz darauf kommt ein Wagen. H\u00e4lt auch sofort und es stellt sich heraus, es ist ein deutsches Urlauberehepaar das uns ohne weitere Umst\u00e4nde alle drei mitnimmt, denn wir haben diesmal noch eine \u00f6sterreichische Freundin dabei.<br \/>\nKurz darauf stellen wir fest, wir sind ungef\u00e4hr bei km 6, 2 auf die TF 123 gesto\u00dfen und h\u00e4tten noch 6 km Fahrstra\u00dfe vor uns gehabt.<br \/>\nSo sind wir um 13.30 Uhr in Chamorga, wo wir meinen lieben Mann lesend vorfinden.<\/p>\n<p><a href=\"http:\/\/www.mundi-roth.de\/teneriffa-blog\/wp-content\/uploads\/2013\/01\/DSCN1244.jpg\" rel=\"lightbox[2180]\"><img loading=\"lazy\" decoding=\"async\" class=\"alignleft size-thumbnail wp-image-2200\" title=\"DSCN1244\" src=\"http:\/\/www.mundi-roth.de\/teneriffa-blog\/wp-content\/uploads\/2013\/01\/DSCN1244-150x112.jpg\" alt=\"\" width=\"150\" height=\"112\" srcset=\"https:\/\/www.mundi-roth.de\/teneriffa-blog\/wp-content\/uploads\/2013\/01\/DSCN1244-150x112.jpg 150w, https:\/\/www.mundi-roth.de\/teneriffa-blog\/wp-content\/uploads\/2013\/01\/DSCN1244-300x225.jpg 300w, https:\/\/www.mundi-roth.de\/teneriffa-blog\/wp-content\/uploads\/2013\/01\/DSCN1244.jpg 900w\" sizes=\"auto, (max-width: 150px) 100vw, 150px\" \/><\/a>Vorbei an \u00fcppig bl\u00fchendem nickenden Sauerklee und<a href=\"http:\/\/www.mundi-roth.de\/teneriffa-blog\/wp-content\/uploads\/2013\/01\/P1070904a.jpg\" rel=\"lightbox[2180]\"><img loading=\"lazy\" decoding=\"async\" class=\"alignright size-thumbnail wp-image-2201\" title=\"P1070904a\" src=\"http:\/\/www.mundi-roth.de\/teneriffa-blog\/wp-content\/uploads\/2013\/01\/P1070904a-150x132.jpg\" alt=\"\" width=\"150\" height=\"132\" srcset=\"https:\/\/www.mundi-roth.de\/teneriffa-blog\/wp-content\/uploads\/2013\/01\/P1070904a-150x132.jpg 150w, https:\/\/www.mundi-roth.de\/teneriffa-blog\/wp-content\/uploads\/2013\/01\/P1070904a-300x265.jpg 300w, https:\/\/www.mundi-roth.de\/teneriffa-blog\/wp-content\/uploads\/2013\/01\/P1070904a.jpg 900w\" sizes=\"auto, (max-width: 150px) 100vw, 150px\" \/><\/a> einem Drachenbaum, der die ersten Bl\u00fcten zeigt, an dem kleinen Kirchlein gehen wir zu dem etwas unterhalb liegenden Restaurant, Casa Alvaro <a href=\"http:\/\/www.mundi-roth.de\/teneriffa-blog\/wp-content\/uploads\/2013\/01\/P1070905a.jpg\" rel=\"lightbox[2180]\"><img loading=\"lazy\" decoding=\"async\" class=\"alignleft size-thumbnail wp-image-2202\" title=\"P1070905a\" src=\"http:\/\/www.mundi-roth.de\/teneriffa-blog\/wp-content\/uploads\/2013\/01\/P1070905a-150x104.jpg\" alt=\"\" width=\"150\" height=\"104\" srcset=\"https:\/\/www.mundi-roth.de\/teneriffa-blog\/wp-content\/uploads\/2013\/01\/P1070905a-150x104.jpg 150w, https:\/\/www.mundi-roth.de\/teneriffa-blog\/wp-content\/uploads\/2013\/01\/P1070905a-300x208.jpg 300w, https:\/\/www.mundi-roth.de\/teneriffa-blog\/wp-content\/uploads\/2013\/01\/P1070905a.jpg 900w\" sizes=\"auto, (max-width: 150px) 100vw, 150px\" \/><\/a>Chamorga. Wir d\u00fcrfen einen Tisch nach drau\u00dfen in die Sonne bringen und bei einem schmackhaften Tagesgericht: Fleisch mit Kartoffeln diskutieren wir, wo wir verkehrt gegangen sind.<\/p>\n<p><strong>Fazit:<\/strong><br \/>\nAuch wenn die Tour nicht ganz so verlaufen ist wie wir geplant haben, wir sind nicht entt\u00e4uscht, denn die gegangene Strecke war einfach wunder-wundersch\u00f6n.<\/p>\n<p>Es gilt wieder mein Motto:<br \/>\n<em>\u201eEs passiert nichts was nicht auch f\u00fcr etwas gut ist.\u201c<\/em><br \/>\nDenn nun wissen wir:<br \/>\nMan kann von dem Ausgangspunkt El Ensillada \u00fcber die Aussichtsplattform, \u00fcber den holprigen Fahrweg bis zur TF 123 und dort ein kurzes St\u00fcck auf der Stra\u00dfe rechts hoch einen Rundweg gehen, der dann auf die Strecke st\u00f6\u00dft, wo wir uns f\u00fcr den oberen Weg entschieden haben.<br \/>\nEine andere Variante k\u00f6nnte sein:<br \/>\nAn der Aussichtsplattform Cabezo del Tejo f\u00fchrt am unteren Ende ein schmaler Durchlass abw\u00e4rts. Dem folgend gelangt man an einer Abzweigung \u2013 sich rechts haltend, etwas sp\u00e4ter dann links\u00a0 &#8211;\u00a0 nach Chamorga oder h\u00e4lt man sich links gelangt man nach Benijo oder weiter abw\u00e4rts nach El Draguillo.<br \/>\nVon El Draguilloh hat man nun die M\u00f6glichkeit nochmals links nach Benijo zu gehen oder \u2013 hat man sehr viel Kondition \u2013 kann man die <a href=\"http:\/\/www.mundi-roth.de\/teneriffa-blog\/wanderungen\/grose-faro-de-anaga-rundtour\/\">gro\u00dfe Faro de Anaga Runde <\/a>machen und gelangt dann auch nach Chamorga.<\/p>\n<p>Noch etwas hat unser \u201eFehltritt\u201c gezeigt:<br \/>\nWer nicht eine\u00a0 so gro\u00dfe Wanderlust versp\u00fcrt oder nicht \u00fcber eine gute Kondition verf\u00fcgt, m\u00f6chte aber diesen einmaligen Blick von der Aussichtsplattform Cabezo del Tejo genie\u00dfen, dem k\u00f6nnen wir guten Gewissens den 1 1\/2 st\u00fcndigen Spaziergang \u2013 hin und zur\u00fcck &#8211; von der TF 123 bei ungef\u00e4hr km 6,2 bei der Schranke empfehlen. Lohnenswert!<\/p>\n<p><strong>Anfahrt:<\/strong><\/p>\n<p>Von Los Christianos kommend auf der TF 1 bis Santa Maria del Mar, dann auf die TF 2, auf dieser bis zur ersten Ausfahrt La Laguna, auf die TF13 und dann auf die TF12 wechseln, schlie\u00dflich den Abzweig Richtung El Bailadero \/ Chamorga nehmen.<\/p>\n<p><strong>Abfahrt:<\/strong><\/p>\n<p>Zur\u00fcck auf die TF 12 und\u00a0 bis San Andr\u00e9s, hier auf der TF 11 \u00fcber Santa Cruz zur TF 1 Richtung Los Cristianos.<\/p>\n","protected":false},"excerpt":{"rendered":"<p>Von El Bailadero nach Chamorga, auf dem Kamm\/H\u00f6henr\u00fccken, so war die Wanderung angedacht. Aber: Es war eine Wanderung mit Hindernissen. Inzwischen f\u00fcr uns schon ganz ungewohnt: Eine Strecke die \u00fcberhaupt nicht ausgeschildert ist. Noch nicht einmal Steinm\u00e4nnchen markieren den Weg. Und trotzdem: Auch das Teilst\u00fcck, das wir gingen, war wunder-wundersch\u00f6n! Das Anagagebirge mit seinem Lorbeer-Nebelwald [&hellip;]<\/p>\n","protected":false},"author":4,"featured_media":0,"comment_status":"open","ping_status":"open","sticky":false,"template":"","format":"standard","meta":{"footnotes":""},"categories":[768,6],"tags":[516,616,558,275,614,613,615],"class_list":["post-2180","post","type-post","status-publish","format-standard","hentry","category-anaga-gebirge","category-wanderungen","tag-anagagebirge","tag-cabezo-del-tejo","tag-chamorga","tag-el-bailadero","tag-la-ensillada","tag-lorbeer-nebelwald","tag-roque-de-anambro"],"yoast_head":"<!-- This site is optimized with the Yoast SEO plugin v27.5 - https:\/\/yoast.com\/product\/yoast-seo-wordpress\/ -->\n<title>El Bailadero \u2013 Chamorga - Teneriffa Wandern<\/title>\n<meta name=\"robots\" content=\"index, follow, max-snippet:-1, max-image-preview:large, max-video-preview:-1\" \/>\n<link rel=\"canonical\" href=\"https:\/\/www.mundi-roth.de\/teneriffa-blog\/wanderungen\/el-bailadero-chamorga\/\" \/>\n<meta name=\"twitter:label1\" content=\"Verfasst von\" \/>\n\t<meta name=\"twitter:data1\" content=\"mundi\" \/>\n\t<meta name=\"twitter:label2\" content=\"Gesch\u00e4tzte Lesezeit\" \/>\n\t<meta name=\"twitter:data2\" content=\"6\u00a0Minuten\" \/>\n<script type=\"application\/ld+json\" class=\"yoast-schema-graph\">{\"@context\":\"https:\\\/\\\/schema.org\",\"@graph\":[{\"@type\":\"Article\",\"@id\":\"https:\\\/\\\/www.mundi-roth.de\\\/teneriffa-blog\\\/wanderungen\\\/el-bailadero-chamorga\\\/#article\",\"isPartOf\":{\"@id\":\"https:\\\/\\\/www.mundi-roth.de\\\/teneriffa-blog\\\/wanderungen\\\/el-bailadero-chamorga\\\/\"},\"author\":{\"name\":\"mundi\",\"@id\":\"https:\\\/\\\/www.mundi-roth.de\\\/teneriffa-blog\\\/#\\\/schema\\\/person\\\/971c66b55f3ae5e8741553688c413cac\"},\"headline\":\"El Bailadero \u2013 Chamorga\",\"datePublished\":\"2013-01-29T21:00:59+00:00\",\"dateModified\":\"2015-04-09T13:42:47+00:00\",\"mainEntityOfPage\":{\"@id\":\"https:\\\/\\\/www.mundi-roth.de\\\/teneriffa-blog\\\/wanderungen\\\/el-bailadero-chamorga\\\/\"},\"wordCount\":1108,\"commentCount\":1,\"image\":{\"@id\":\"https:\\\/\\\/www.mundi-roth.de\\\/teneriffa-blog\\\/wanderungen\\\/el-bailadero-chamorga\\\/#primaryimage\"},\"thumbnailUrl\":\"http:\\\/\\\/www.mundi-roth.de\\\/teneriffa-blog\\\/wp-content\\\/uploads\\\/2013\\\/01\\\/P1070844-150x112.jpg\",\"keywords\":[\"Anagagebirge\",\"Cabezo del Tejo\",\"Chamorga\",\"El Bailadero\",\"La Ensillada\",\"Lorbeer-Nebelwald\",\"Roque de Anambro\"],\"articleSection\":[\"Anaga-Gebirge\",\"Wanderungen\"],\"inLanguage\":\"de\",\"potentialAction\":[{\"@type\":\"CommentAction\",\"name\":\"Comment\",\"target\":[\"https:\\\/\\\/www.mundi-roth.de\\\/teneriffa-blog\\\/wanderungen\\\/el-bailadero-chamorga\\\/#respond\"]}]},{\"@type\":\"WebPage\",\"@id\":\"https:\\\/\\\/www.mundi-roth.de\\\/teneriffa-blog\\\/wanderungen\\\/el-bailadero-chamorga\\\/\",\"url\":\"https:\\\/\\\/www.mundi-roth.de\\\/teneriffa-blog\\\/wanderungen\\\/el-bailadero-chamorga\\\/\",\"name\":\"El Bailadero \u2013 Chamorga - Teneriffa Wandern\",\"isPartOf\":{\"@id\":\"https:\\\/\\\/www.mundi-roth.de\\\/teneriffa-blog\\\/#website\"},\"primaryImageOfPage\":{\"@id\":\"https:\\\/\\\/www.mundi-roth.de\\\/teneriffa-blog\\\/wanderungen\\\/el-bailadero-chamorga\\\/#primaryimage\"},\"image\":{\"@id\":\"https:\\\/\\\/www.mundi-roth.de\\\/teneriffa-blog\\\/wanderungen\\\/el-bailadero-chamorga\\\/#primaryimage\"},\"thumbnailUrl\":\"http:\\\/\\\/www.mundi-roth.de\\\/teneriffa-blog\\\/wp-content\\\/uploads\\\/2013\\\/01\\\/P1070844-150x112.jpg\",\"datePublished\":\"2013-01-29T21:00:59+00:00\",\"dateModified\":\"2015-04-09T13:42:47+00:00\",\"author\":{\"@id\":\"https:\\\/\\\/www.mundi-roth.de\\\/teneriffa-blog\\\/#\\\/schema\\\/person\\\/971c66b55f3ae5e8741553688c413cac\"},\"breadcrumb\":{\"@id\":\"https:\\\/\\\/www.mundi-roth.de\\\/teneriffa-blog\\\/wanderungen\\\/el-bailadero-chamorga\\\/#breadcrumb\"},\"inLanguage\":\"de\",\"potentialAction\":[{\"@type\":\"ReadAction\",\"target\":[\"https:\\\/\\\/www.mundi-roth.de\\\/teneriffa-blog\\\/wanderungen\\\/el-bailadero-chamorga\\\/\"]}]},{\"@type\":\"ImageObject\",\"inLanguage\":\"de\",\"@id\":\"https:\\\/\\\/www.mundi-roth.de\\\/teneriffa-blog\\\/wanderungen\\\/el-bailadero-chamorga\\\/#primaryimage\",\"url\":\"https:\\\/\\\/www.mundi-roth.de\\\/teneriffa-blog\\\/wp-content\\\/uploads\\\/2013\\\/01\\\/P1070844.jpg\",\"contentUrl\":\"https:\\\/\\\/www.mundi-roth.de\\\/teneriffa-blog\\\/wp-content\\\/uploads\\\/2013\\\/01\\\/P1070844.jpg\",\"width\":\"900\",\"height\":\"675\"},{\"@type\":\"BreadcrumbList\",\"@id\":\"https:\\\/\\\/www.mundi-roth.de\\\/teneriffa-blog\\\/wanderungen\\\/el-bailadero-chamorga\\\/#breadcrumb\",\"itemListElement\":[{\"@type\":\"ListItem\",\"position\":1,\"name\":\"Startseite\",\"item\":\"https:\\\/\\\/www.mundi-roth.de\\\/teneriffa-blog\\\/\"},{\"@type\":\"ListItem\",\"position\":2,\"name\":\"El Bailadero \u2013 Chamorga\"}]},{\"@type\":\"WebSite\",\"@id\":\"https:\\\/\\\/www.mundi-roth.de\\\/teneriffa-blog\\\/#website\",\"url\":\"https:\\\/\\\/www.mundi-roth.de\\\/teneriffa-blog\\\/\",\"name\":\"Teneriffa Wandern\",\"description\":\"Nicht nur Wanderungen auf Teneriffa...\",\"potentialAction\":[{\"@type\":\"SearchAction\",\"target\":{\"@type\":\"EntryPoint\",\"urlTemplate\":\"https:\\\/\\\/www.mundi-roth.de\\\/teneriffa-blog\\\/?s={search_term_string}\"},\"query-input\":{\"@type\":\"PropertyValueSpecification\",\"valueRequired\":true,\"valueName\":\"search_term_string\"}}],\"inLanguage\":\"de\"},{\"@type\":\"Person\",\"@id\":\"https:\\\/\\\/www.mundi-roth.de\\\/teneriffa-blog\\\/#\\\/schema\\\/person\\\/971c66b55f3ae5e8741553688c413cac\",\"name\":\"mundi\",\"image\":{\"@type\":\"ImageObject\",\"inLanguage\":\"de\",\"@id\":\"https:\\\/\\\/secure.gravatar.com\\\/avatar\\\/555f0dd85428f1a9330f8e5dbe9e40ff9ca912bb81e5a89747ebf3ca9c20dc0f?s=96&d=mm&r=g\",\"url\":\"https:\\\/\\\/secure.gravatar.com\\\/avatar\\\/555f0dd85428f1a9330f8e5dbe9e40ff9ca912bb81e5a89747ebf3ca9c20dc0f?s=96&d=mm&r=g\",\"contentUrl\":\"https:\\\/\\\/secure.gravatar.com\\\/avatar\\\/555f0dd85428f1a9330f8e5dbe9e40ff9ca912bb81e5a89747ebf3ca9c20dc0f?s=96&d=mm&r=g\",\"caption\":\"mundi\"},\"sameAs\":[\"http:\\\/\\\/mundi-roth.de\"],\"url\":\"https:\\\/\\\/www.mundi-roth.de\\\/teneriffa-blog\\\/author\\\/mundi\\\/\"}]}<\/script>\n<!-- \/ Yoast SEO plugin. -->","yoast_head_json":{"title":"El Bailadero \u2013 Chamorga - Teneriffa Wandern","robots":{"index":"index","follow":"follow","max-snippet":"max-snippet:-1","max-image-preview":"max-image-preview:large","max-video-preview":"max-video-preview:-1"},"canonical":"https:\/\/www.mundi-roth.de\/teneriffa-blog\/wanderungen\/el-bailadero-chamorga\/","twitter_misc":{"Verfasst von":"mundi","Gesch\u00e4tzte Lesezeit":"6\u00a0Minuten"},"schema":{"@context":"https:\/\/schema.org","@graph":[{"@type":"Article","@id":"https:\/\/www.mundi-roth.de\/teneriffa-blog\/wanderungen\/el-bailadero-chamorga\/#article","isPartOf":{"@id":"https:\/\/www.mundi-roth.de\/teneriffa-blog\/wanderungen\/el-bailadero-chamorga\/"},"author":{"name":"mundi","@id":"https:\/\/www.mundi-roth.de\/teneriffa-blog\/#\/schema\/person\/971c66b55f3ae5e8741553688c413cac"},"headline":"El Bailadero \u2013 Chamorga","datePublished":"2013-01-29T21:00:59+00:00","dateModified":"2015-04-09T13:42:47+00:00","mainEntityOfPage":{"@id":"https:\/\/www.mundi-roth.de\/teneriffa-blog\/wanderungen\/el-bailadero-chamorga\/"},"wordCount":1108,"commentCount":1,"image":{"@id":"https:\/\/www.mundi-roth.de\/teneriffa-blog\/wanderungen\/el-bailadero-chamorga\/#primaryimage"},"thumbnailUrl":"http:\/\/www.mundi-roth.de\/teneriffa-blog\/wp-content\/uploads\/2013\/01\/P1070844-150x112.jpg","keywords":["Anagagebirge","Cabezo del Tejo","Chamorga","El Bailadero","La Ensillada","Lorbeer-Nebelwald","Roque de Anambro"],"articleSection":["Anaga-Gebirge","Wanderungen"],"inLanguage":"de","potentialAction":[{"@type":"CommentAction","name":"Comment","target":["https:\/\/www.mundi-roth.de\/teneriffa-blog\/wanderungen\/el-bailadero-chamorga\/#respond"]}]},{"@type":"WebPage","@id":"https:\/\/www.mundi-roth.de\/teneriffa-blog\/wanderungen\/el-bailadero-chamorga\/","url":"https:\/\/www.mundi-roth.de\/teneriffa-blog\/wanderungen\/el-bailadero-chamorga\/","name":"El Bailadero \u2013 Chamorga - Teneriffa Wandern","isPartOf":{"@id":"https:\/\/www.mundi-roth.de\/teneriffa-blog\/#website"},"primaryImageOfPage":{"@id":"https:\/\/www.mundi-roth.de\/teneriffa-blog\/wanderungen\/el-bailadero-chamorga\/#primaryimage"},"image":{"@id":"https:\/\/www.mundi-roth.de\/teneriffa-blog\/wanderungen\/el-bailadero-chamorga\/#primaryimage"},"thumbnailUrl":"http:\/\/www.mundi-roth.de\/teneriffa-blog\/wp-content\/uploads\/2013\/01\/P1070844-150x112.jpg","datePublished":"2013-01-29T21:00:59+00:00","dateModified":"2015-04-09T13:42:47+00:00","author":{"@id":"https:\/\/www.mundi-roth.de\/teneriffa-blog\/#\/schema\/person\/971c66b55f3ae5e8741553688c413cac"},"breadcrumb":{"@id":"https:\/\/www.mundi-roth.de\/teneriffa-blog\/wanderungen\/el-bailadero-chamorga\/#breadcrumb"},"inLanguage":"de","potentialAction":[{"@type":"ReadAction","target":["https:\/\/www.mundi-roth.de\/teneriffa-blog\/wanderungen\/el-bailadero-chamorga\/"]}]},{"@type":"ImageObject","inLanguage":"de","@id":"https:\/\/www.mundi-roth.de\/teneriffa-blog\/wanderungen\/el-bailadero-chamorga\/#primaryimage","url":"https:\/\/www.mundi-roth.de\/teneriffa-blog\/wp-content\/uploads\/2013\/01\/P1070844.jpg","contentUrl":"https:\/\/www.mundi-roth.de\/teneriffa-blog\/wp-content\/uploads\/2013\/01\/P1070844.jpg","width":"900","height":"675"},{"@type":"BreadcrumbList","@id":"https:\/\/www.mundi-roth.de\/teneriffa-blog\/wanderungen\/el-bailadero-chamorga\/#breadcrumb","itemListElement":[{"@type":"ListItem","position":1,"name":"Startseite","item":"https:\/\/www.mundi-roth.de\/teneriffa-blog\/"},{"@type":"ListItem","position":2,"name":"El Bailadero \u2013 Chamorga"}]},{"@type":"WebSite","@id":"https:\/\/www.mundi-roth.de\/teneriffa-blog\/#website","url":"https:\/\/www.mundi-roth.de\/teneriffa-blog\/","name":"Teneriffa Wandern","description":"Nicht nur Wanderungen auf Teneriffa...","potentialAction":[{"@type":"SearchAction","target":{"@type":"EntryPoint","urlTemplate":"https:\/\/www.mundi-roth.de\/teneriffa-blog\/?s={search_term_string}"},"query-input":{"@type":"PropertyValueSpecification","valueRequired":true,"valueName":"search_term_string"}}],"inLanguage":"de"},{"@type":"Person","@id":"https:\/\/www.mundi-roth.de\/teneriffa-blog\/#\/schema\/person\/971c66b55f3ae5e8741553688c413cac","name":"mundi","image":{"@type":"ImageObject","inLanguage":"de","@id":"https:\/\/secure.gravatar.com\/avatar\/555f0dd85428f1a9330f8e5dbe9e40ff9ca912bb81e5a89747ebf3ca9c20dc0f?s=96&d=mm&r=g","url":"https:\/\/secure.gravatar.com\/avatar\/555f0dd85428f1a9330f8e5dbe9e40ff9ca912bb81e5a89747ebf3ca9c20dc0f?s=96&d=mm&r=g","contentUrl":"https:\/\/secure.gravatar.com\/avatar\/555f0dd85428f1a9330f8e5dbe9e40ff9ca912bb81e5a89747ebf3ca9c20dc0f?s=96&d=mm&r=g","caption":"mundi"},"sameAs":["http:\/\/mundi-roth.de"],"url":"https:\/\/www.mundi-roth.de\/teneriffa-blog\/author\/mundi\/"}]}},"_links":{"self":[{"href":"https:\/\/www.mundi-roth.de\/teneriffa-blog\/wp-json\/wp\/v2\/posts\/2180","targetHints":{"allow":["GET"]}}],"collection":[{"href":"https:\/\/www.mundi-roth.de\/teneriffa-blog\/wp-json\/wp\/v2\/posts"}],"about":[{"href":"https:\/\/www.mundi-roth.de\/teneriffa-blog\/wp-json\/wp\/v2\/types\/post"}],"author":[{"embeddable":true,"href":"https:\/\/www.mundi-roth.de\/teneriffa-blog\/wp-json\/wp\/v2\/users\/4"}],"replies":[{"embeddable":true,"href":"https:\/\/www.mundi-roth.de\/teneriffa-blog\/wp-json\/wp\/v2\/comments?post=2180"}],"version-history":[{"count":0,"href":"https:\/\/www.mundi-roth.de\/teneriffa-blog\/wp-json\/wp\/v2\/posts\/2180\/revisions"}],"wp:attachment":[{"href":"https:\/\/www.mundi-roth.de\/teneriffa-blog\/wp-json\/wp\/v2\/media?parent=2180"}],"wp:term":[{"taxonomy":"category","embeddable":true,"href":"https:\/\/www.mundi-roth.de\/teneriffa-blog\/wp-json\/wp\/v2\/categories?post=2180"},{"taxonomy":"post_tag","embeddable":true,"href":"https:\/\/www.mundi-roth.de\/teneriffa-blog\/wp-json\/wp\/v2\/tags?post=2180"}],"curies":[{"name":"wp","href":"https:\/\/api.w.org\/{rel}","templated":true}]}}