{"id":22,"date":"2007-10-09T12:29:57","date_gmt":"2007-10-09T10:29:57","guid":{"rendered":"http:\/\/www.mundi-roth.de\/teneriffa-blog\/allgemein\/montana-%e2%80%9elas-coloradas%e2%80%9c\/"},"modified":"2015-04-12T12:16:21","modified_gmt":"2015-04-12T11:16:21","slug":"montana-%e2%80%9elas-coloradas%e2%80%9c","status":"publish","type":"post","link":"https:\/\/www.mundi-roth.de\/teneriffa-blog\/wanderungen\/montana-%e2%80%9elas-coloradas%e2%80%9c\/","title":{"rendered":"Monta\u00f1a \u201eLas Coloradas\u201c"},"content":{"rendered":"<p align=\"left\">\n<p class=\"MsoNormal\"><strong>Eine lange, kurvige Auffahrt f\u00fchrt uns bis zu unserem Ausgangspunkt der Wanderung um Monta\u00f1<\/strong><strong>a Las Coloradas. Durch landwirtschaftlich genutztes Gel\u00e4nde &#8211; die diversen Produkte kann man auf dem Mercado de Argricultura in San Isidro &#8211; Samstag und Sonntag &#8211; erwerben, f\u00fchrt uns die Tour zur Finca de la Mesa. Hier k\u00f6nnen wir noch die Zeugen fr\u00fcheren Lebens bestaunen: Eine Steinburg &#8211; als Toilette &#8211; genutzt, ein Schweinestall mit Auslauf &#8211; ein Dreschplatz. Nach dem Aufstieg auf den Berg belohnt uns ein Blick auf die K\u00fcste und eine Rast unter Kiefernb\u00e4umen l\u00e4dt ein.<\/strong><\/p>\n<p class=\"MsoNormal\"><!--more--><\/p>\n<p align=\"left\"><a href=\"http:\/\/www.mundi-roth.de\/teneriffa-blog\/wp-content\/uploads\/2007\/10\/colorada.jpg\" rel=\"lightbox[22]\"><img decoding=\"async\" src=\"http:\/\/www.mundi-roth.de\/teneriffa-blog\/wp-content\/uploads\/2007\/10\/colorada.jpg\" alt=\"\" \/><\/a><\/p>\n<p><strong>Wanderwegstrecke:<\/strong> 1 \u00be Stunde, geruhsam, teils steiler Auf- und Abstieg<\/p>\n<p>Der gr\u00f6\u00dfte Teil der Strecke befindet sich im Naturschutzgebiet \u201eLas Coloradas\u201c.<br \/>\nDer Anstieg beginnt steil. Jedoch schon kurz darauf bietet sich bereits Gelegenheit zu verschnaufen und eine verfallene Geh\u00f6ftanlage inklusive Backofen zu besichtigen, der wohl zum Brotbacken und Feigentrocknen benutzt wurde.<br \/>\n<a href=\"http:\/\/www.mundi-roth.de\/teneriffa-blog\/wp-content\/uploads\/2007\/10\/schranke.jpg\" rel=\"lightbox[22]\"><img loading=\"lazy\" decoding=\"async\" src=\"http:\/\/www.mundi-roth.de\/teneriffa-blog\/wp-content\/uploads\/2007\/10\/schranke.thumbnail.jpg\" alt=\"Schranke\" width=\"128\" height=\"96\" align=\"left\" border=\"0\" hspace=\"3\" vspace=\"3\" \/><\/a>Wir gehen bis zu einer Schranke \u201eFincas privadas\u201c weiter, st\u00f6ren uns nicht daran und gelangen nach ca. 15 Minuten an eine Finca mit sehr gepflegten Gem\u00fcse- Wein- und Obstterrassen.<br \/>\nRechts sehen wir eine Bimssteinh\u00f6hle und links k\u00f6nnen wir uns schon einmal ein Bild von unserem sp\u00e4teren Abstieg machen.<br \/>\nWir nehmen den Weg rechts, vorbei an weiteren Obstterrassen, der sich durch dichtes Geb\u00fcsch von fenchelartigem Rutenkraut und Escobon dahinzieht.<br \/>\nNach kurzem, leichtem Anstieg halten wir uns links \u2013 schenken dem weiter geradeaus f\u00fchrenden Pfad keine Beachtung &#8211; bis zu einem markanten Mandelbaum links des Weges, zum Zeitpunkt unserer Wanderung \u2013 wird der Weg hier durch dicke Steine abgetrennt. Wir halten uns weiter rechts und k\u00f6nnen bereits das Dach der Finca de las Mesas sehen. Linker Hand haben wir den ungehinderten Blick auf den Vulkankegel \u201eLas Coloradas\u201c (1414 m).<\/p>\n<p>Zu unserer \u00dcberraschung ist seit dem Fr\u00fchjahr hier kr\u00e4ftig renoviert worden.<br \/>\nDas Geb\u00e4ude, die St\u00e4lle, der Ziegelofen und der Dreschplatz vermitteln einen guten Einblick, wie hier das Leben ablief, als das Gut noch als Kellerei in Betrieb war.<br \/>\nEs bleibt zu hoffen, dass der urspr\u00fcngliche Betrieb der Kellerei wieder aufgenommen wird, denn die Weine der Finca de Las Mesas waren \u00fcber die Grenzen hinaus bekannt und hatten verschiedene Preise in England gewonnen.<br \/>\nKeine Angst: Es gibt hier viele Hunde, die jedoch entweder in ihren Zwingern sind oder aber, wenn sie frei rumlaufen, sehr gut auf ihren Herrn h\u00f6ren.<\/p>\n<p><a href=\"http:\/\/www.mundi-roth.de\/teneriffa-blog\/wp-content\/uploads\/2007\/10\/vilaflor.jpg\" rel=\"lightbox[22]\"><img loading=\"lazy\" decoding=\"async\" src=\"http:\/\/www.mundi-roth.de\/teneriffa-blog\/wp-content\/uploads\/2007\/10\/vilaflor.thumbnail.jpg\" alt=\"Vilaflor\" width=\"128\" height=\"96\" align=\"left\" border=\"0\" hspace=\"3\" vspace=\"3\" \/><\/a>Vor uns sehen wir Villaflor liegen.<br \/>\nWir gehen an den Geb\u00e4uden vorbei auf dem abw\u00e4rts f\u00fchrenden Weg bis zu einer Schranke. Hier halten wir uns links bis zu einer gro\u00dfen Kiefer. Nun beginnt links ein steiler Aufstieg der uns dann auf einem Querweg quasi an der R\u00fcckseite des Monta\u00f1a Las Coloradas entlangf\u00fchrt.<br \/>\n<a href=\"http:\/\/www.mundi-roth.de\/teneriffa-blog\/wp-content\/uploads\/2007\/10\/pause.jpg\" rel=\"lightbox[22]\"><img loading=\"lazy\" decoding=\"async\" src=\"http:\/\/www.mundi-roth.de\/teneriffa-blog\/wp-content\/uploads\/2007\/10\/pause.thumbnail.jpg\" alt=\"Pause\" width=\"128\" height=\"117\" align=\"right\" border=\"0\" hspace=\"3\" vspace=\"3\" \/><\/a>Im Schatten von Kiefern bietet sich eine Pause an und dabei k\u00f6nnen wir den grandiosen Blick auf die K\u00fcstenregion mit dem Monta\u00f1a Roja genie\u00dfen.<\/p>\n<p>Auf dem gut zu gehenden Weg halten wir uns dann etwas sp\u00e4ter links und beginnen den Abstieg mit Blick auf den Sombrero und unter uns wieder auf die gepflegten, mit Bimsstein abgedeckten Terrassenfelder.<br \/>\nHier unten schlie\u00dft sich unser Kreis und wenig sp\u00e4ter erreichen wir auf dem Weg, den wir auch hinauf genommen hatten, unsere Autos.<\/p>\n<p><strong>Botanik:<br \/>\n<\/strong>Es \u00fcberwiegen die Str\u00e4ucher des \u201eFutter-Gei\u00dfklees\u201c (Chamaecytisus profilerus) \u2013 Escobon \u2013 und die Doldenbl\u00fctler \u201eLinks Rutenkraut\u201c (Ferula linkii Webb) \u2013 \u201eCa\u00f1aheja, jul\u00e1n\u201c, die dem Fenchel so \u00e4hnlich sehen, dass wir erst r\u00e4tseln, ob es nicht doch Fenchel ist.<\/p>\n<p><strong>Restaurant:<br \/>\n<\/strong>Wir fahren wieder die abenteuerliche Stra\u00dfe bis Cruz de Tea, biegen an dem gelben Haus wieder rechts ab, so wie wir gekommen sind \u2013 und sehen nach kurzer Zeit links auf die Mauer geschrieben \u201eAlbelen\u201c, gleich darauf f\u00fchrt rechts eine Stra\u00dfe hinauf und nochmal kurz rechts und wir sind vor dem Restaurant \u201eCumbres de Abona\u201c, Tel. 922 77 06 21, Montag Ruhetag.<br \/>\nFleisch vom Holzkohlengrill, leckere Salate, freundliche Bedienung.<br \/>\nAlso: empfehlenswert<\/p>\n<p align=\"left\"><strong>Anfahrt:<\/strong><\/p>\n<p align=\"left\">Wir fahren von Granadilla de Abona \u2013 die Anfahrt dorthin bleibt jedem selbst \u00fcberlassen \u2013 auf der TF-21 Richtung Vilaflor bis zum Hinweisschild \u201eCruz de Tea\u201c &#8211; nach dem Schild &#8222;km 80&#8220;. Hier biegen wir scharf rechts ab und bleiben auf der Stra\u00dfe &#8211; bei dem Hinweis &#8222;Albelen&#8220; auf einer Mauer halten wir uns rechts &#8211; bis zum Stopp-Schild am Ende.<br \/>\n(Rechts befindet sich ein gelb gestrichenes Haus &#8211; Kindergarten). Wir fahren links die asphaltierte Stra\u00dfe \u2013 vorbei an einem alten Backofen, der 2003 restauriert wurde, \u2013 hinauf, hinauf, immer weiter. Vorbei an der Kapelle \u201eVirgen del buen Viaje\u201c bis wir 3 Palmen rechts der Stra\u00dfe sehen. An denen fahren wir vorbei. Bei einer Stra\u00dfengabelung (nach ca. 800m) fahren wir bei dem Schild \u201eDurchfahrt verboten 8 to\u201c im spitzen Winkel links hoch. Weiter sehr steil auf der \u201eCalle Las Paredes\u201c. Wir erreichen den Kiefernwald; auf der Stra\u00dfe ist Tempo \u201e40 km\u201c aufgemalt. Bei der Gabelung biegen wir links ab und folgen der immer noch asphaltierten Stra\u00dfe bis zu ihrem Ende. Vor der Kette gibt es Parkm\u00f6glichkeiten.<\/p>\n","protected":false},"excerpt":{"rendered":"<p>Eine lange, kurvige Auffahrt f\u00fchrt uns bis zu unserem Ausgangspunkt der Wanderung um Monta\u00f1a Las Coloradas. Durch landwirtschaftlich genutztes Gel\u00e4nde &#8211; die diversen Produkte kann man auf dem Mercado de Argricultura in San Isidro &#8211; Samstag und Sonntag &#8211; erwerben, f\u00fchrt uns die Tour zur Finca de la Mesa. Hier k\u00f6nnen wir noch die Zeugen [&hellip;]<\/p>\n","protected":false},"author":3,"featured_media":0,"comment_status":"open","ping_status":"open","sticky":false,"template":"","format":"standard","meta":{"footnotes":""},"categories":[773,6],"tags":[18,16,3,17,4],"class_list":["post-22","post","type-post","status-publish","format-standard","hentry","category-granadilla","category-wanderungen","tag-cruz-de-tea","tag-montana-colorada","tag-teneriffa","tag-vilaflor","tag-wandern"],"yoast_head":"<!-- This site is optimized with the Yoast SEO plugin v27.5 - https:\/\/yoast.com\/product\/yoast-seo-wordpress\/ -->\n<title>Monta\u00f1a \u201eLas Coloradas\u201c - Teneriffa Wandern<\/title>\n<meta name=\"robots\" content=\"index, follow, max-snippet:-1, max-image-preview:large, max-video-preview:-1\" \/>\n<link rel=\"canonical\" href=\"https:\/\/www.mundi-roth.de\/teneriffa-blog\/wanderungen\/montana-\u201elas-coloradas\u201c\/\" \/>\n<meta name=\"twitter:label1\" content=\"Verfasst von\" \/>\n\t<meta name=\"twitter:data1\" content=\"ir\" \/>\n\t<meta name=\"twitter:label2\" content=\"Gesch\u00e4tzte Lesezeit\" \/>\n\t<meta name=\"twitter:data2\" content=\"4\u00a0Minuten\" \/>\n<script type=\"application\/ld+json\" class=\"yoast-schema-graph\">{\"@context\":\"https:\\\/\\\/schema.org\",\"@graph\":[{\"@type\":\"Article\",\"@id\":\"https:\\\/\\\/www.mundi-roth.de\\\/teneriffa-blog\\\/wanderungen\\\/montana-%e2%80%9elas-coloradas%e2%80%9c\\\/#article\",\"isPartOf\":{\"@id\":\"https:\\\/\\\/www.mundi-roth.de\\\/teneriffa-blog\\\/wanderungen\\\/montana-%e2%80%9elas-coloradas%e2%80%9c\\\/\"},\"author\":{\"name\":\"ir\",\"@id\":\"https:\\\/\\\/www.mundi-roth.de\\\/teneriffa-blog\\\/#\\\/schema\\\/person\\\/3afd0d251449790d15367c9aa52d203d\"},\"headline\":\"Monta\u00f1a \u201eLas Coloradas\u201c\",\"datePublished\":\"2007-10-09T10:29:57+00:00\",\"dateModified\":\"2015-04-12T11:16:21+00:00\",\"mainEntityOfPage\":{\"@id\":\"https:\\\/\\\/www.mundi-roth.de\\\/teneriffa-blog\\\/wanderungen\\\/montana-%e2%80%9elas-coloradas%e2%80%9c\\\/\"},\"wordCount\":833,\"commentCount\":0,\"image\":{\"@id\":\"https:\\\/\\\/www.mundi-roth.de\\\/teneriffa-blog\\\/wanderungen\\\/montana-%e2%80%9elas-coloradas%e2%80%9c\\\/#primaryimage\"},\"thumbnailUrl\":\"http:\\\/\\\/www.mundi-roth.de\\\/teneriffa-blog\\\/wp-content\\\/uploads\\\/2007\\\/10\\\/colorada.jpg\",\"keywords\":[\"Cruz de Tea\",\"Montana Colorada\",\"Teneriffa\",\"Vilaflor\",\"Wandern\"],\"articleSection\":[\"Granadilla\",\"Wanderungen\"],\"inLanguage\":\"de\",\"potentialAction\":[{\"@type\":\"CommentAction\",\"name\":\"Comment\",\"target\":[\"https:\\\/\\\/www.mundi-roth.de\\\/teneriffa-blog\\\/wanderungen\\\/montana-%e2%80%9elas-coloradas%e2%80%9c\\\/#respond\"]}]},{\"@type\":\"WebPage\",\"@id\":\"https:\\\/\\\/www.mundi-roth.de\\\/teneriffa-blog\\\/wanderungen\\\/montana-%e2%80%9elas-coloradas%e2%80%9c\\\/\",\"url\":\"https:\\\/\\\/www.mundi-roth.de\\\/teneriffa-blog\\\/wanderungen\\\/montana-%e2%80%9elas-coloradas%e2%80%9c\\\/\",\"name\":\"Monta\u00f1a \u201eLas Coloradas\u201c - Teneriffa Wandern\",\"isPartOf\":{\"@id\":\"https:\\\/\\\/www.mundi-roth.de\\\/teneriffa-blog\\\/#website\"},\"primaryImageOfPage\":{\"@id\":\"https:\\\/\\\/www.mundi-roth.de\\\/teneriffa-blog\\\/wanderungen\\\/montana-%e2%80%9elas-coloradas%e2%80%9c\\\/#primaryimage\"},\"image\":{\"@id\":\"https:\\\/\\\/www.mundi-roth.de\\\/teneriffa-blog\\\/wanderungen\\\/montana-%e2%80%9elas-coloradas%e2%80%9c\\\/#primaryimage\"},\"thumbnailUrl\":\"http:\\\/\\\/www.mundi-roth.de\\\/teneriffa-blog\\\/wp-content\\\/uploads\\\/2007\\\/10\\\/colorada.jpg\",\"datePublished\":\"2007-10-09T10:29:57+00:00\",\"dateModified\":\"2015-04-12T11:16:21+00:00\",\"author\":{\"@id\":\"https:\\\/\\\/www.mundi-roth.de\\\/teneriffa-blog\\\/#\\\/schema\\\/person\\\/3afd0d251449790d15367c9aa52d203d\"},\"breadcrumb\":{\"@id\":\"https:\\\/\\\/www.mundi-roth.de\\\/teneriffa-blog\\\/wanderungen\\\/montana-%e2%80%9elas-coloradas%e2%80%9c\\\/#breadcrumb\"},\"inLanguage\":\"de\",\"potentialAction\":[{\"@type\":\"ReadAction\",\"target\":[\"https:\\\/\\\/www.mundi-roth.de\\\/teneriffa-blog\\\/wanderungen\\\/montana-%e2%80%9elas-coloradas%e2%80%9c\\\/\"]}]},{\"@type\":\"ImageObject\",\"inLanguage\":\"de\",\"@id\":\"https:\\\/\\\/www.mundi-roth.de\\\/teneriffa-blog\\\/wanderungen\\\/montana-%e2%80%9elas-coloradas%e2%80%9c\\\/#primaryimage\",\"url\":\"http:\\\/\\\/www.mundi-roth.de\\\/teneriffa-blog\\\/wp-content\\\/uploads\\\/2007\\\/10\\\/colorada.jpg\",\"contentUrl\":\"http:\\\/\\\/www.mundi-roth.de\\\/teneriffa-blog\\\/wp-content\\\/uploads\\\/2007\\\/10\\\/colorada.jpg\"},{\"@type\":\"BreadcrumbList\",\"@id\":\"https:\\\/\\\/www.mundi-roth.de\\\/teneriffa-blog\\\/wanderungen\\\/montana-%e2%80%9elas-coloradas%e2%80%9c\\\/#breadcrumb\",\"itemListElement\":[{\"@type\":\"ListItem\",\"position\":1,\"name\":\"Startseite\",\"item\":\"https:\\\/\\\/www.mundi-roth.de\\\/teneriffa-blog\\\/\"},{\"@type\":\"ListItem\",\"position\":2,\"name\":\"Monta\u00f1a \u201eLas Coloradas\u201c\"}]},{\"@type\":\"WebSite\",\"@id\":\"https:\\\/\\\/www.mundi-roth.de\\\/teneriffa-blog\\\/#website\",\"url\":\"https:\\\/\\\/www.mundi-roth.de\\\/teneriffa-blog\\\/\",\"name\":\"Teneriffa Wandern\",\"description\":\"Nicht nur Wanderungen auf Teneriffa...\",\"potentialAction\":[{\"@type\":\"SearchAction\",\"target\":{\"@type\":\"EntryPoint\",\"urlTemplate\":\"https:\\\/\\\/www.mundi-roth.de\\\/teneriffa-blog\\\/?s={search_term_string}\"},\"query-input\":{\"@type\":\"PropertyValueSpecification\",\"valueRequired\":true,\"valueName\":\"search_term_string\"}}],\"inLanguage\":\"de\"},{\"@type\":\"Person\",\"@id\":\"https:\\\/\\\/www.mundi-roth.de\\\/teneriffa-blog\\\/#\\\/schema\\\/person\\\/3afd0d251449790d15367c9aa52d203d\",\"name\":\"ir\",\"image\":{\"@type\":\"ImageObject\",\"inLanguage\":\"de\",\"@id\":\"https:\\\/\\\/secure.gravatar.com\\\/avatar\\\/e67b41513c921c2bb58363f44c8a00a447c9a2526ad8ff71b5b6257e5f7f5c66?s=96&d=mm&r=g\",\"url\":\"https:\\\/\\\/secure.gravatar.com\\\/avatar\\\/e67b41513c921c2bb58363f44c8a00a447c9a2526ad8ff71b5b6257e5f7f5c66?s=96&d=mm&r=g\",\"contentUrl\":\"https:\\\/\\\/secure.gravatar.com\\\/avatar\\\/e67b41513c921c2bb58363f44c8a00a447c9a2526ad8ff71b5b6257e5f7f5c66?s=96&d=mm&r=g\",\"caption\":\"ir\"},\"sameAs\":[\"http:\\\/\\\/www.mundi-roth.de\"],\"url\":\"https:\\\/\\\/www.mundi-roth.de\\\/teneriffa-blog\\\/author\\\/ir\\\/\"}]}<\/script>\n<!-- \/ Yoast SEO plugin. -->","yoast_head_json":{"title":"Monta\u00f1a \u201eLas Coloradas\u201c - Teneriffa Wandern","robots":{"index":"index","follow":"follow","max-snippet":"max-snippet:-1","max-image-preview":"max-image-preview:large","max-video-preview":"max-video-preview:-1"},"canonical":"https:\/\/www.mundi-roth.de\/teneriffa-blog\/wanderungen\/montana-\u201elas-coloradas\u201c\/","twitter_misc":{"Verfasst von":"ir","Gesch\u00e4tzte Lesezeit":"4\u00a0Minuten"},"schema":{"@context":"https:\/\/schema.org","@graph":[{"@type":"Article","@id":"https:\/\/www.mundi-roth.de\/teneriffa-blog\/wanderungen\/montana-%e2%80%9elas-coloradas%e2%80%9c\/#article","isPartOf":{"@id":"https:\/\/www.mundi-roth.de\/teneriffa-blog\/wanderungen\/montana-%e2%80%9elas-coloradas%e2%80%9c\/"},"author":{"name":"ir","@id":"https:\/\/www.mundi-roth.de\/teneriffa-blog\/#\/schema\/person\/3afd0d251449790d15367c9aa52d203d"},"headline":"Monta\u00f1a \u201eLas Coloradas\u201c","datePublished":"2007-10-09T10:29:57+00:00","dateModified":"2015-04-12T11:16:21+00:00","mainEntityOfPage":{"@id":"https:\/\/www.mundi-roth.de\/teneriffa-blog\/wanderungen\/montana-%e2%80%9elas-coloradas%e2%80%9c\/"},"wordCount":833,"commentCount":0,"image":{"@id":"https:\/\/www.mundi-roth.de\/teneriffa-blog\/wanderungen\/montana-%e2%80%9elas-coloradas%e2%80%9c\/#primaryimage"},"thumbnailUrl":"http:\/\/www.mundi-roth.de\/teneriffa-blog\/wp-content\/uploads\/2007\/10\/colorada.jpg","keywords":["Cruz de Tea","Montana Colorada","Teneriffa","Vilaflor","Wandern"],"articleSection":["Granadilla","Wanderungen"],"inLanguage":"de","potentialAction":[{"@type":"CommentAction","name":"Comment","target":["https:\/\/www.mundi-roth.de\/teneriffa-blog\/wanderungen\/montana-%e2%80%9elas-coloradas%e2%80%9c\/#respond"]}]},{"@type":"WebPage","@id":"https:\/\/www.mundi-roth.de\/teneriffa-blog\/wanderungen\/montana-%e2%80%9elas-coloradas%e2%80%9c\/","url":"https:\/\/www.mundi-roth.de\/teneriffa-blog\/wanderungen\/montana-%e2%80%9elas-coloradas%e2%80%9c\/","name":"Monta\u00f1a \u201eLas Coloradas\u201c - Teneriffa Wandern","isPartOf":{"@id":"https:\/\/www.mundi-roth.de\/teneriffa-blog\/#website"},"primaryImageOfPage":{"@id":"https:\/\/www.mundi-roth.de\/teneriffa-blog\/wanderungen\/montana-%e2%80%9elas-coloradas%e2%80%9c\/#primaryimage"},"image":{"@id":"https:\/\/www.mundi-roth.de\/teneriffa-blog\/wanderungen\/montana-%e2%80%9elas-coloradas%e2%80%9c\/#primaryimage"},"thumbnailUrl":"http:\/\/www.mundi-roth.de\/teneriffa-blog\/wp-content\/uploads\/2007\/10\/colorada.jpg","datePublished":"2007-10-09T10:29:57+00:00","dateModified":"2015-04-12T11:16:21+00:00","author":{"@id":"https:\/\/www.mundi-roth.de\/teneriffa-blog\/#\/schema\/person\/3afd0d251449790d15367c9aa52d203d"},"breadcrumb":{"@id":"https:\/\/www.mundi-roth.de\/teneriffa-blog\/wanderungen\/montana-%e2%80%9elas-coloradas%e2%80%9c\/#breadcrumb"},"inLanguage":"de","potentialAction":[{"@type":"ReadAction","target":["https:\/\/www.mundi-roth.de\/teneriffa-blog\/wanderungen\/montana-%e2%80%9elas-coloradas%e2%80%9c\/"]}]},{"@type":"ImageObject","inLanguage":"de","@id":"https:\/\/www.mundi-roth.de\/teneriffa-blog\/wanderungen\/montana-%e2%80%9elas-coloradas%e2%80%9c\/#primaryimage","url":"http:\/\/www.mundi-roth.de\/teneriffa-blog\/wp-content\/uploads\/2007\/10\/colorada.jpg","contentUrl":"http:\/\/www.mundi-roth.de\/teneriffa-blog\/wp-content\/uploads\/2007\/10\/colorada.jpg"},{"@type":"BreadcrumbList","@id":"https:\/\/www.mundi-roth.de\/teneriffa-blog\/wanderungen\/montana-%e2%80%9elas-coloradas%e2%80%9c\/#breadcrumb","itemListElement":[{"@type":"ListItem","position":1,"name":"Startseite","item":"https:\/\/www.mundi-roth.de\/teneriffa-blog\/"},{"@type":"ListItem","position":2,"name":"Monta\u00f1a \u201eLas Coloradas\u201c"}]},{"@type":"WebSite","@id":"https:\/\/www.mundi-roth.de\/teneriffa-blog\/#website","url":"https:\/\/www.mundi-roth.de\/teneriffa-blog\/","name":"Teneriffa Wandern","description":"Nicht nur Wanderungen auf Teneriffa...","potentialAction":[{"@type":"SearchAction","target":{"@type":"EntryPoint","urlTemplate":"https:\/\/www.mundi-roth.de\/teneriffa-blog\/?s={search_term_string}"},"query-input":{"@type":"PropertyValueSpecification","valueRequired":true,"valueName":"search_term_string"}}],"inLanguage":"de"},{"@type":"Person","@id":"https:\/\/www.mundi-roth.de\/teneriffa-blog\/#\/schema\/person\/3afd0d251449790d15367c9aa52d203d","name":"ir","image":{"@type":"ImageObject","inLanguage":"de","@id":"https:\/\/secure.gravatar.com\/avatar\/e67b41513c921c2bb58363f44c8a00a447c9a2526ad8ff71b5b6257e5f7f5c66?s=96&d=mm&r=g","url":"https:\/\/secure.gravatar.com\/avatar\/e67b41513c921c2bb58363f44c8a00a447c9a2526ad8ff71b5b6257e5f7f5c66?s=96&d=mm&r=g","contentUrl":"https:\/\/secure.gravatar.com\/avatar\/e67b41513c921c2bb58363f44c8a00a447c9a2526ad8ff71b5b6257e5f7f5c66?s=96&d=mm&r=g","caption":"ir"},"sameAs":["http:\/\/www.mundi-roth.de"],"url":"https:\/\/www.mundi-roth.de\/teneriffa-blog\/author\/ir\/"}]}},"_links":{"self":[{"href":"https:\/\/www.mundi-roth.de\/teneriffa-blog\/wp-json\/wp\/v2\/posts\/22","targetHints":{"allow":["GET"]}}],"collection":[{"href":"https:\/\/www.mundi-roth.de\/teneriffa-blog\/wp-json\/wp\/v2\/posts"}],"about":[{"href":"https:\/\/www.mundi-roth.de\/teneriffa-blog\/wp-json\/wp\/v2\/types\/post"}],"author":[{"embeddable":true,"href":"https:\/\/www.mundi-roth.de\/teneriffa-blog\/wp-json\/wp\/v2\/users\/3"}],"replies":[{"embeddable":true,"href":"https:\/\/www.mundi-roth.de\/teneriffa-blog\/wp-json\/wp\/v2\/comments?post=22"}],"version-history":[{"count":0,"href":"https:\/\/www.mundi-roth.de\/teneriffa-blog\/wp-json\/wp\/v2\/posts\/22\/revisions"}],"wp:attachment":[{"href":"https:\/\/www.mundi-roth.de\/teneriffa-blog\/wp-json\/wp\/v2\/media?parent=22"}],"wp:term":[{"taxonomy":"category","embeddable":true,"href":"https:\/\/www.mundi-roth.de\/teneriffa-blog\/wp-json\/wp\/v2\/categories?post=22"},{"taxonomy":"post_tag","embeddable":true,"href":"https:\/\/www.mundi-roth.de\/teneriffa-blog\/wp-json\/wp\/v2\/tags?post=22"}],"curies":[{"name":"wp","href":"https:\/\/api.w.org\/{rel}","templated":true}]}}