{"id":2328,"date":"2013-02-28T22:00:19","date_gmt":"2013-02-28T21:00:19","guid":{"rendered":"http:\/\/www.mundi-roth.de\/teneriffa-blog\/?p=2328"},"modified":"2015-04-06T17:43:47","modified_gmt":"2015-04-06T16:43:47","slug":"rundwanderung-um-die-montana-chinyero","status":"publish","type":"post","link":"https:\/\/www.mundi-roth.de\/teneriffa-blog\/wanderungen\/rundwanderung-um-die-montana-chinyero\/","title":{"rendered":"Rundwanderung um die Monta\u00f1a Chinyero"},"content":{"rendered":"<p><strong>Ja, manchmal zahlt sich Neugierde aus!<\/strong><br \/>\n<strong>So wie heute!<\/strong><a href=\"http:\/\/www.mundi-roth.de\/teneriffa-blog\/wp-content\/uploads\/2013\/02\/Track2-20130228a.jpg\" rel=\"lightbox[2328]\"><img loading=\"lazy\" decoding=\"async\" class=\"alignright size-thumbnail wp-image-2329\" title=\"Track2-20130228a\" src=\"http:\/\/www.mundi-roth.de\/teneriffa-blog\/wp-content\/uploads\/2013\/02\/Track2-20130228a-150x138.jpg\" alt=\"\" width=\"150\" height=\"138\" srcset=\"https:\/\/www.mundi-roth.de\/teneriffa-blog\/wp-content\/uploads\/2013\/02\/Track2-20130228a-150x138.jpg 150w, https:\/\/www.mundi-roth.de\/teneriffa-blog\/wp-content\/uploads\/2013\/02\/Track2-20130228a-300x276.jpg 300w, https:\/\/www.mundi-roth.de\/teneriffa-blog\/wp-content\/uploads\/2013\/02\/Track2-20130228a.jpg 324w\" sizes=\"auto, (max-width: 150px) 100vw, 150px\" \/><\/a><br \/>\n<strong>Als wir k\u00fcrzlich die Vulkanwanderung machten, stellten wir ja bereits fest, dass die Wanderwegstrecke um die Monta\u00f1a Cinyero ge\u00e4ndert wurde.<\/strong><br \/>\n<strong>Wie \u2013 im Ganzen \u2013 das wollen wir heute erkunden.<\/strong><\/p>\n<p><strong>Wanderwegstrecke: 6,32 km in 2 1\/4 Stunde \u2013 ohne Apfelpause<\/strong><\/p>\n<p>Der Beginn ist wie bei der <a href=\"http:\/\/www.mundi-roth.de\/teneriffa-blog\/wanderungen\/vulkanwanderung\/\">Vulkanwanderung<\/a>: Von der TF 38 durch die Senke, Aufstieg zu dem markanten Baum, dann links leicht\u00a0 abw\u00e4rts und nach der Kurve die Markierung: wei\u00df-gelbe Striche sowohl an dem rechts wie links abgehenden Wegen.<\/p>\n<p>Diesmal gehen wir links, also im Uhrzeigersinn.<br \/>\nDieses erste Teilst\u00fcck ist Elisabeth und mir von der <a href=\"http:\/\/www.mundi-roth.de\/teneriffa-blog\/wanderungen\/vom-chinyero-uber-santiago-del-teide-nach-tamaimo\/\">Wanderung \u00fcber Santiago del Teide nach Tamaimo<\/a> bereits bekannt.<br \/>\nDie jetzige Wegstrecke verl\u00e4uft unmittelbar neben dem Lavafeld, also weg vom Forstweg.<\/p>\n<p>Beim Abzweig nach Santiago del Teide halten wir uns rechts\u00a0 <a href=\"http:\/\/www.mundi-roth.de\/teneriffa-blog\/wp-content\/uploads\/2013\/02\/P1080195.jpg\" rel=\"lightbox[2328]\"><img loading=\"lazy\" decoding=\"async\" class=\"alignright size-thumbnail wp-image-2330\" title=\"P1080195\" src=\"http:\/\/www.mundi-roth.de\/teneriffa-blog\/wp-content\/uploads\/2013\/02\/P1080195-150x112.jpg\" alt=\"\" width=\"150\" height=\"112\" srcset=\"https:\/\/www.mundi-roth.de\/teneriffa-blog\/wp-content\/uploads\/2013\/02\/P1080195-150x112.jpg 150w, https:\/\/www.mundi-roth.de\/teneriffa-blog\/wp-content\/uploads\/2013\/02\/P1080195-300x225.jpg 300w, https:\/\/www.mundi-roth.de\/teneriffa-blog\/wp-content\/uploads\/2013\/02\/P1080195.jpg 900w\" sizes=\"auto, (max-width: 150px) 100vw, 150px\" \/><\/a>(Hinweisweistafeln: \u201eSantiago del Teide 7,4 km\u201c \u201eEl Calvario 3,9 km \u2013 \u201ePR TF 43 Circular Chinyero\u201c) und nach insgesamt 30 Minunten Gehzeit, vom Wagen aus,\u00a0 wird durch das <a href=\"http:\/\/www.mundi-roth.de\/teneriffa-blog\/wp-content\/uploads\/2013\/02\/P1080194.jpg\" rel=\"lightbox[2328]\"><img loading=\"lazy\" decoding=\"async\" class=\"alignleft size-thumbnail wp-image-2331\" title=\"P1080194\" src=\"http:\/\/www.mundi-roth.de\/teneriffa-blog\/wp-content\/uploads\/2013\/02\/P1080194-150x112.jpg\" alt=\"\" width=\"150\" height=\"112\" srcset=\"https:\/\/www.mundi-roth.de\/teneriffa-blog\/wp-content\/uploads\/2013\/02\/P1080194-150x112.jpg 150w, https:\/\/www.mundi-roth.de\/teneriffa-blog\/wp-content\/uploads\/2013\/02\/P1080194-300x225.jpg 300w, https:\/\/www.mundi-roth.de\/teneriffa-blog\/wp-content\/uploads\/2013\/02\/P1080194.jpg 900w\" sizes=\"auto, (max-width: 150px) 100vw, 150px\" \/><\/a>n\u00e4chste Hinweisschild \u201eCircular Chinyero 5,7 km\u201c auf den Abzweig\u00a0 aufmerksam gemacht. \u201eLos Portidos 4,7 km\u201c hat nichts mit unserer Tour zu tun.<br \/>\nEin paar Treppen hoch und nun queren wir den <a href=\"http:\/\/www.mundi-roth.de\/teneriffa-blog\/wp-content\/uploads\/2013\/02\/P1080197.jpg\" rel=\"lightbox[2328]\"><img loading=\"lazy\" decoding=\"async\" class=\"alignright size-thumbnail wp-image-2332\" title=\"P1080197\" src=\"http:\/\/www.mundi-roth.de\/teneriffa-blog\/wp-content\/uploads\/2013\/02\/P1080197-150x112.jpg\" alt=\"\" width=\"150\" height=\"112\" srcset=\"https:\/\/www.mundi-roth.de\/teneriffa-blog\/wp-content\/uploads\/2013\/02\/P1080197-150x112.jpg 150w, https:\/\/www.mundi-roth.de\/teneriffa-blog\/wp-content\/uploads\/2013\/02\/P1080197-300x225.jpg 300w, https:\/\/www.mundi-roth.de\/teneriffa-blog\/wp-content\/uploads\/2013\/02\/P1080197.jpg 900w\" sizes=\"auto, (max-width: 150px) 100vw, 150px\" \/><\/a>Lavafluss des <a href=\"http:\/\/de.wikipedia.org\/wiki\/Chinyero\">Vulkanausbruchs vom November 1909<\/a>.<br \/>\n<em>Also ganz neu:<\/em> Fr\u00fcher ging man auf dem Forstweg und querte \u00fcber diesen den Lavafluss etwas unterhalb.<\/p>\n<p style=\"text-align: center;\"><a href=\"http:\/\/www.mundi-roth.de\/teneriffa-blog\/wp-content\/uploads\/2013\/02\/P1080198.jpg\" rel=\"lightbox[2328]\"><img loading=\"lazy\" decoding=\"async\" class=\"alignleft size-thumbnail wp-image-2333\" title=\"P1080198\" src=\"http:\/\/www.mundi-roth.de\/teneriffa-blog\/wp-content\/uploads\/2013\/02\/P1080198-150x112.jpg\" alt=\"\" width=\"150\" height=\"112\" srcset=\"https:\/\/www.mundi-roth.de\/teneriffa-blog\/wp-content\/uploads\/2013\/02\/P1080198-150x112.jpg 150w, https:\/\/www.mundi-roth.de\/teneriffa-blog\/wp-content\/uploads\/2013\/02\/P1080198-300x225.jpg 300w, https:\/\/www.mundi-roth.de\/teneriffa-blog\/wp-content\/uploads\/2013\/02\/P1080198.jpg 900w\" sizes=\"auto, (max-width: 150px) 100vw, 150px\" \/><\/a><a href=\"http:\/\/www.mundi-roth.de\/teneriffa-blog\/wp-content\/uploads\/2013\/02\/P10802051.jpg\" rel=\"lightbox[2328]\"><img loading=\"lazy\" decoding=\"async\" class=\"aligncenter size-thumbnail wp-image-2335\" title=\"P1080205\" src=\"http:\/\/www.mundi-roth.de\/teneriffa-blog\/wp-content\/uploads\/2013\/02\/P10802051-150x109.jpg\" alt=\"\" width=\"150\" height=\"109\" srcset=\"https:\/\/www.mundi-roth.de\/teneriffa-blog\/wp-content\/uploads\/2013\/02\/P10802051-150x109.jpg 150w, https:\/\/www.mundi-roth.de\/teneriffa-blog\/wp-content\/uploads\/2013\/02\/P10802051-300x219.jpg 300w, https:\/\/www.mundi-roth.de\/teneriffa-blog\/wp-content\/uploads\/2013\/02\/P10802051.jpg 869w\" sizes=\"auto, (max-width: 150px) 100vw, 150px\" \/><\/a><\/p>\n<p>Gute Schuhe sollte man haben und trittfest sein, denn das Lavager\u00f6ll setzt sonst den F\u00fcssen arg zu.<br \/>\nWir sind begeistert. Lediglich Flechten weisen darauf hin, dass vor vielen, vielen Jahren der Ausbruch stattfand. Der Bewuchs ist hier gleich Null.<\/p>\n<p>Nach 15 Minuten haben wir das Feld durchquert und nun wird es f\u00fcr ein kurzes <a href=\"http:\/\/www.mundi-roth.de\/teneriffa-blog\/wp-content\/uploads\/2013\/02\/P1080206.jpg\" rel=\"lightbox[2328]\"><img loading=\"lazy\" decoding=\"async\" class=\"alignright size-thumbnail wp-image-2336\" title=\"P1080206\" src=\"http:\/\/www.mundi-roth.de\/teneriffa-blog\/wp-content\/uploads\/2013\/02\/P1080206-150x112.jpg\" alt=\"\" width=\"150\" height=\"112\" srcset=\"https:\/\/www.mundi-roth.de\/teneriffa-blog\/wp-content\/uploads\/2013\/02\/P1080206-150x112.jpg 150w, https:\/\/www.mundi-roth.de\/teneriffa-blog\/wp-content\/uploads\/2013\/02\/P1080206-300x225.jpg 300w, https:\/\/www.mundi-roth.de\/teneriffa-blog\/wp-content\/uploads\/2013\/02\/P1080206.jpg 900w\" sizes=\"auto, (max-width: 150px) 100vw, 150px\" \/><\/a>St\u00fcck fussfreundlich: Kiefernnadeln bedecken den Boden.<\/p>\n<p style=\"text-align: center;\"><a href=\"http:\/\/www.mundi-roth.de\/teneriffa-blog\/wp-content\/uploads\/2013\/02\/P1080207.jpg\" rel=\"lightbox[2328]\"><img loading=\"lazy\" decoding=\"async\" class=\"alignleft size-thumbnail wp-image-2337\" title=\"P1080207\" src=\"http:\/\/www.mundi-roth.de\/teneriffa-blog\/wp-content\/uploads\/2013\/02\/P1080207-150x112.jpg\" alt=\"\" width=\"150\" height=\"112\" srcset=\"https:\/\/www.mundi-roth.de\/teneriffa-blog\/wp-content\/uploads\/2013\/02\/P1080207-150x112.jpg 150w, https:\/\/www.mundi-roth.de\/teneriffa-blog\/wp-content\/uploads\/2013\/02\/P1080207-300x225.jpg 300w, https:\/\/www.mundi-roth.de\/teneriffa-blog\/wp-content\/uploads\/2013\/02\/P1080207.jpg 900w\" sizes=\"auto, (max-width: 150px) 100vw, 150px\" \/><\/a><a href=\"http:\/\/www.mundi-roth.de\/teneriffa-blog\/wp-content\/uploads\/2013\/03\/P1080208.jpg\" rel=\"lightbox[2328]\"><img loading=\"lazy\" decoding=\"async\" class=\"aligncenter size-thumbnail wp-image-2338\" title=\"P1080208\" src=\"http:\/\/www.mundi-roth.de\/teneriffa-blog\/wp-content\/uploads\/2013\/03\/P1080208-150x112.jpg\" alt=\"\" width=\"150\" height=\"112\" srcset=\"https:\/\/www.mundi-roth.de\/teneriffa-blog\/wp-content\/uploads\/2013\/03\/P1080208-150x112.jpg 150w, https:\/\/www.mundi-roth.de\/teneriffa-blog\/wp-content\/uploads\/2013\/03\/P1080208-300x225.jpg 300w, https:\/\/www.mundi-roth.de\/teneriffa-blog\/wp-content\/uploads\/2013\/03\/P1080208.jpg 900w\" sizes=\"auto, (max-width: 150px) 100vw, 150px\" \/><\/a><\/p>\n<p style=\"text-align: left;\"><a href=\"http:\/\/www.mundi-roth.de\/teneriffa-blog\/wp-content\/uploads\/2013\/03\/P1080209.jpg\" rel=\"lightbox[2328]\"><img loading=\"lazy\" decoding=\"async\" class=\"alignleft size-thumbnail wp-image-2339\" title=\"P1080209\" src=\"http:\/\/www.mundi-roth.de\/teneriffa-blog\/wp-content\/uploads\/2013\/03\/P1080209-150x112.jpg\" alt=\"\" width=\"150\" height=\"112\" srcset=\"https:\/\/www.mundi-roth.de\/teneriffa-blog\/wp-content\/uploads\/2013\/03\/P1080209-150x112.jpg 150w, https:\/\/www.mundi-roth.de\/teneriffa-blog\/wp-content\/uploads\/2013\/03\/P1080209-300x225.jpg 300w, https:\/\/www.mundi-roth.de\/teneriffa-blog\/wp-content\/uploads\/2013\/03\/P1080209.jpg 900w\" sizes=\"auto, (max-width: 150px) 100vw, 150px\" \/><\/a><a href=\"http:\/\/www.mundi-roth.de\/teneriffa-blog\/wp-content\/uploads\/2013\/03\/P1080210.jpg\" rel=\"lightbox[2328]\"><img loading=\"lazy\" decoding=\"async\" class=\"aligncenter size-thumbnail wp-image-2340\" title=\"P1080210\" src=\"http:\/\/www.mundi-roth.de\/teneriffa-blog\/wp-content\/uploads\/2013\/03\/P1080210-150x112.jpg\" alt=\"\" width=\"150\" height=\"112\" srcset=\"https:\/\/www.mundi-roth.de\/teneriffa-blog\/wp-content\/uploads\/2013\/03\/P1080210-150x112.jpg 150w, https:\/\/www.mundi-roth.de\/teneriffa-blog\/wp-content\/uploads\/2013\/03\/P1080210-300x225.jpg 300w, https:\/\/www.mundi-roth.de\/teneriffa-blog\/wp-content\/uploads\/2013\/03\/P1080210.jpg 900w\" sizes=\"auto, (max-width: 150px) 100vw, 150px\" \/><\/a><br \/>\nLinks wie rechts begleitet uns der Lavafluss und mit Moos und Flechten<\/p>\n<p style=\"text-align: center;\"><a href=\"http:\/\/www.mundi-roth.de\/teneriffa-blog\/wp-content\/uploads\/2013\/03\/P1080213.jpg\" rel=\"lightbox[2328]\"><img loading=\"lazy\" decoding=\"async\" class=\"alignleft size-thumbnail wp-image-2341\" title=\"P1080213\" src=\"http:\/\/www.mundi-roth.de\/teneriffa-blog\/wp-content\/uploads\/2013\/03\/P1080213-150x112.jpg\" alt=\"\" width=\"150\" height=\"112\" srcset=\"https:\/\/www.mundi-roth.de\/teneriffa-blog\/wp-content\/uploads\/2013\/03\/P1080213-150x112.jpg 150w, https:\/\/www.mundi-roth.de\/teneriffa-blog\/wp-content\/uploads\/2013\/03\/P1080213-300x225.jpg 300w, https:\/\/www.mundi-roth.de\/teneriffa-blog\/wp-content\/uploads\/2013\/03\/P1080213.jpg 900w\" sizes=\"auto, (max-width: 150px) 100vw, 150px\" \/><\/a><a href=\"http:\/\/www.mundi-roth.de\/teneriffa-blog\/wp-content\/uploads\/2013\/03\/P1080214.jpg\" rel=\"lightbox[2328]\"><img loading=\"lazy\" decoding=\"async\" class=\"aligncenter size-thumbnail wp-image-2342\" title=\"P1080214\" src=\"http:\/\/www.mundi-roth.de\/teneriffa-blog\/wp-content\/uploads\/2013\/03\/P1080214-150x112.jpg\" alt=\"\" width=\"150\" height=\"112\" srcset=\"https:\/\/www.mundi-roth.de\/teneriffa-blog\/wp-content\/uploads\/2013\/03\/P1080214-150x112.jpg 150w, https:\/\/www.mundi-roth.de\/teneriffa-blog\/wp-content\/uploads\/2013\/03\/P1080214-300x225.jpg 300w, https:\/\/www.mundi-roth.de\/teneriffa-blog\/wp-content\/uploads\/2013\/03\/P1080214.jpg 900w\" sizes=\"auto, (max-width: 150px) 100vw, 150px\" \/><\/a><\/p>\n<p style=\"text-align: center;\"><a href=\"http:\/\/www.mundi-roth.de\/teneriffa-blog\/wp-content\/uploads\/2013\/03\/P1080245.jpg\" rel=\"lightbox[2328]\"><img loading=\"lazy\" decoding=\"async\" class=\"alignleft size-thumbnail wp-image-2343\" title=\"P1080245\" src=\"http:\/\/www.mundi-roth.de\/teneriffa-blog\/wp-content\/uploads\/2013\/03\/P1080245-150x112.jpg\" alt=\"\" width=\"150\" height=\"112\" srcset=\"https:\/\/www.mundi-roth.de\/teneriffa-blog\/wp-content\/uploads\/2013\/03\/P1080245-150x112.jpg 150w, https:\/\/www.mundi-roth.de\/teneriffa-blog\/wp-content\/uploads\/2013\/03\/P1080245-300x225.jpg 300w, https:\/\/www.mundi-roth.de\/teneriffa-blog\/wp-content\/uploads\/2013\/03\/P1080245.jpg 900w\" sizes=\"auto, (max-width: 150px) 100vw, 150px\" \/><\/a><a href=\"http:\/\/www.mundi-roth.de\/teneriffa-blog\/wp-content\/uploads\/2013\/03\/P1080216.jpg\" rel=\"lightbox[2328]\"><img loading=\"lazy\" decoding=\"async\" class=\"aligncenter size-thumbnail wp-image-2344\" title=\"P1080216\" src=\"http:\/\/www.mundi-roth.de\/teneriffa-blog\/wp-content\/uploads\/2013\/03\/P1080216-150x109.jpg\" alt=\"\" width=\"150\" height=\"109\" srcset=\"https:\/\/www.mundi-roth.de\/teneriffa-blog\/wp-content\/uploads\/2013\/03\/P1080216-150x109.jpg 150w, https:\/\/www.mundi-roth.de\/teneriffa-blog\/wp-content\/uploads\/2013\/03\/P1080216-300x219.jpg 300w, https:\/\/www.mundi-roth.de\/teneriffa-blog\/wp-content\/uploads\/2013\/03\/P1080216.jpg 833w\" sizes=\"auto, (max-width: 150px) 100vw, 150px\" \/><\/a><\/p>\n<p style=\"text-align: left;\">\u00fcberzogene Lavafelsen s\u00e4umen den Weg. Damit es nicht langweilig wird: Fussmassage ist wieder angesagt.<\/p>\n<p>Nach 1 Stunde\u00a0 gelangen wir an die Stelle, an der wir bei der Vulkanwanderung \u2013 nach der Umrundung der Monta\u00f1a Abeque auskamen und nur den Forstweg \u00fcberquerten um nach San Jos\u00e9 de Los Llanos weiterzugehen.<\/p>\n<p>Nun ist uns die Strecke bekannt, leicht ansteigend, Kiefern links wie rechts, immer rechts den Chinyero vor Augen und links kann man durch die Wolken den Teide ausmachen. Wir gehen gro\u00dfe Strecken \u00fcber knirschenden Lavagrus<\/p>\n<p><a href=\"http:\/\/www.mundi-roth.de\/teneriffa-blog\/wp-content\/uploads\/2013\/03\/P1080231.jpg\" rel=\"lightbox[2328]\"><img loading=\"lazy\" decoding=\"async\" class=\"alignleft size-thumbnail wp-image-2345\" title=\"P1080231\" src=\"http:\/\/www.mundi-roth.de\/teneriffa-blog\/wp-content\/uploads\/2013\/03\/P1080231-150x112.jpg\" alt=\"\" width=\"150\" height=\"112\" srcset=\"https:\/\/www.mundi-roth.de\/teneriffa-blog\/wp-content\/uploads\/2013\/03\/P1080231-150x112.jpg 150w, https:\/\/www.mundi-roth.de\/teneriffa-blog\/wp-content\/uploads\/2013\/03\/P1080231-300x225.jpg 300w, https:\/\/www.mundi-roth.de\/teneriffa-blog\/wp-content\/uploads\/2013\/03\/P1080231.jpg 900w\" sizes=\"auto, (max-width: 150px) 100vw, 150px\" \/><\/a><a href=\"http:\/\/www.mundi-roth.de\/teneriffa-blog\/wp-content\/uploads\/2013\/03\/P1080241.jpg\" rel=\"lightbox[2328]\"><img loading=\"lazy\" decoding=\"async\" class=\"aligncenter size-thumbnail wp-image-2346\" title=\"P1080241\" src=\"http:\/\/www.mundi-roth.de\/teneriffa-blog\/wp-content\/uploads\/2013\/03\/P1080241-150x112.jpg\" alt=\"\" width=\"150\" height=\"112\" srcset=\"https:\/\/www.mundi-roth.de\/teneriffa-blog\/wp-content\/uploads\/2013\/03\/P1080241-150x112.jpg 150w, https:\/\/www.mundi-roth.de\/teneriffa-blog\/wp-content\/uploads\/2013\/03\/P1080241-300x225.jpg 300w, https:\/\/www.mundi-roth.de\/teneriffa-blog\/wp-content\/uploads\/2013\/03\/P1080241.jpg 900w\" sizes=\"auto, (max-width: 150px) 100vw, 150px\" \/><\/a>und Renata und ich bilden uns ein \u2013 Augen zu &#8211;\u00a0 wir w\u00fcrden \u00fcber verharschten Schnee marschieren.<\/p>\n<p>Beim n\u00e4chsten Hinweis &#8222;Circular Chinyero&#8220; steigen wir weiter an, diesmal durch einen Kiefernwald.<br \/>\nWir sind Gl\u00fcckskinder: Die Sonne hat sich durchgek\u00e4mpft und beschert uns zum Teil blauen Himmel und wunderbare, wei\u00dfe Wolken.<\/p>\n<p>Nach 1 Stunde 40 Minuten gelangen wir an eine weitere Hinweistafel \u201eCircular <a href=\"http:\/\/www.mundi-roth.de\/teneriffa-blog\/wp-content\/uploads\/2013\/03\/P1080263.jpg\" rel=\"lightbox[2328]\"><img loading=\"lazy\" decoding=\"async\" class=\"alignright size-thumbnail wp-image-2347\" title=\"P1080263\" src=\"http:\/\/www.mundi-roth.de\/teneriffa-blog\/wp-content\/uploads\/2013\/03\/P1080263-150x112.jpg\" alt=\"\" width=\"150\" height=\"112\" srcset=\"https:\/\/www.mundi-roth.de\/teneriffa-blog\/wp-content\/uploads\/2013\/03\/P1080263-150x112.jpg 150w, https:\/\/www.mundi-roth.de\/teneriffa-blog\/wp-content\/uploads\/2013\/03\/P1080263-300x225.jpg 300w, https:\/\/www.mundi-roth.de\/teneriffa-blog\/wp-content\/uploads\/2013\/03\/P1080263.jpg 900w\" sizes=\"auto, (max-width: 150px) 100vw, 150px\" \/><\/a>Chinyero\u201c und nach 20 Minunten passieren wir die Stelle bei der wir nach der Umrundung der Monta\u00f1a Abeque auskamen.<\/p>\n<p>Bequemen geht der Lava-ges\u00e4umte Pfad weiter und <a href=\"http:\/\/www.mundi-roth.de\/teneriffa-blog\/wp-content\/uploads\/2013\/03\/P1080272.jpg\" rel=\"lightbox[2328]\"><img loading=\"lazy\" decoding=\"async\" class=\"alignleft size-thumbnail wp-image-2348\" title=\"P1080272\" src=\"http:\/\/www.mundi-roth.de\/teneriffa-blog\/wp-content\/uploads\/2013\/03\/P1080272-112x150.jpg\" alt=\"\" width=\"112\" height=\"150\" srcset=\"https:\/\/www.mundi-roth.de\/teneriffa-blog\/wp-content\/uploads\/2013\/03\/P1080272-112x150.jpg 112w, https:\/\/www.mundi-roth.de\/teneriffa-blog\/wp-content\/uploads\/2013\/03\/P1080272-225x300.jpg 225w, https:\/\/www.mundi-roth.de\/teneriffa-blog\/wp-content\/uploads\/2013\/03\/P1080272.jpg 675w\" sizes=\"auto, (max-width: 112px) 100vw, 112px\" \/><\/a>nach weiteren 10 Minuten gelangen wir wieder an den markanten Baum,\u00a0 unseren Ausgangspunkt. Hier kann man den gut markierten, mit Lavabrocken eingefassten Weg bereits verlassen,um \u00fcber den Ab- und Anstieg wieder zu unserem Auto zu gelangen.<a href=\"http:\/\/www.mundi-roth.de\/teneriffa-blog\/wp-content\/uploads\/2013\/03\/P1080273.jpg\" rel=\"lightbox[2328]\"><img loading=\"lazy\" decoding=\"async\" class=\"alignright size-thumbnail wp-image-2349\" title=\"P1080273\" src=\"http:\/\/www.mundi-roth.de\/teneriffa-blog\/wp-content\/uploads\/2013\/03\/P1080273-150x112.jpg\" alt=\"\" width=\"150\" height=\"112\" srcset=\"https:\/\/www.mundi-roth.de\/teneriffa-blog\/wp-content\/uploads\/2013\/03\/P1080273-150x112.jpg 150w, https:\/\/www.mundi-roth.de\/teneriffa-blog\/wp-content\/uploads\/2013\/03\/P1080273-300x225.jpg 300w, https:\/\/www.mundi-roth.de\/teneriffa-blog\/wp-content\/uploads\/2013\/03\/P1080273.jpg 900w\" sizes=\"auto, (max-width: 150px) 100vw, 150px\" \/><\/a><br \/>\nWir wollen jedoch die Runde komplett auswandern und gehen die wenigen Meter noch bis zum Ende des Weges. Hier haben wir links die Wanderung begonnen.<\/p>\n<p>Bl\u00fchende Blumen sind hier wiederum sp\u00e4rlich. Jedoch der Heilgl\u00f6ckel-Hahnenfu\u00df mit seinen kr\u00e4ftigen gelben Bl\u00fcten und der zart wei\u00dflich-rosa bl\u00fchende Erdrauch bedecken gro\u00dfe Fl\u00e4chen unter den Kiefern. Dazwischen wieder Affodills.<\/p>\n<p style=\"text-align: center;\"><a href=\"http:\/\/www.mundi-roth.de\/teneriffa-blog\/wp-content\/uploads\/2013\/03\/P1080185.jpg\" rel=\"lightbox[2328]\"><img loading=\"lazy\" decoding=\"async\" class=\"alignleft size-thumbnail wp-image-2350\" title=\"P1080185\" src=\"http:\/\/www.mundi-roth.de\/teneriffa-blog\/wp-content\/uploads\/2013\/03\/P1080185-150x112.jpg\" alt=\"\" width=\"150\" height=\"112\" srcset=\"https:\/\/www.mundi-roth.de\/teneriffa-blog\/wp-content\/uploads\/2013\/03\/P1080185-150x112.jpg 150w, https:\/\/www.mundi-roth.de\/teneriffa-blog\/wp-content\/uploads\/2013\/03\/P1080185-300x225.jpg 300w, https:\/\/www.mundi-roth.de\/teneriffa-blog\/wp-content\/uploads\/2013\/03\/P1080185.jpg 900w\" sizes=\"auto, (max-width: 150px) 100vw, 150px\" \/><\/a><a href=\"http:\/\/www.mundi-roth.de\/teneriffa-blog\/wp-content\/uploads\/2013\/03\/P1080261.jpg\" rel=\"lightbox[2328]\"><img loading=\"lazy\" decoding=\"async\" class=\"aligncenter size-thumbnail wp-image-2351\" title=\"P1080261\" src=\"http:\/\/www.mundi-roth.de\/teneriffa-blog\/wp-content\/uploads\/2013\/03\/P1080261-150x112.jpg\" alt=\"\" width=\"150\" height=\"112\" srcset=\"https:\/\/www.mundi-roth.de\/teneriffa-blog\/wp-content\/uploads\/2013\/03\/P1080261-150x112.jpg 150w, https:\/\/www.mundi-roth.de\/teneriffa-blog\/wp-content\/uploads\/2013\/03\/P1080261-300x225.jpg 300w, https:\/\/www.mundi-roth.de\/teneriffa-blog\/wp-content\/uploads\/2013\/03\/P1080261.jpg 900w\" sizes=\"auto, (max-width: 150px) 100vw, 150px\" \/><\/a><\/p>\n<p><a href=\"http:\/\/www.mundi-roth.de\/teneriffa-blog\/wp-content\/uploads\/2013\/03\/P1080191.jpg\" rel=\"lightbox[2328]\"><img loading=\"lazy\" decoding=\"async\" class=\"alignleft size-thumbnail wp-image-2352\" title=\"P1080191\" src=\"http:\/\/www.mundi-roth.de\/teneriffa-blog\/wp-content\/uploads\/2013\/03\/P1080191-150x105.jpg\" alt=\"\" width=\"150\" height=\"105\" srcset=\"https:\/\/www.mundi-roth.de\/teneriffa-blog\/wp-content\/uploads\/2013\/03\/P1080191-150x105.jpg 150w, https:\/\/www.mundi-roth.de\/teneriffa-blog\/wp-content\/uploads\/2013\/03\/P1080191-300x211.jpg 300w, https:\/\/www.mundi-roth.de\/teneriffa-blog\/wp-content\/uploads\/2013\/03\/P1080191.jpg 900w\" sizes=\"auto, (max-width: 150px) 100vw, 150px\" \/><\/a><a href=\"http:\/\/www.mundi-roth.de\/teneriffa-blog\/wp-content\/uploads\/2013\/03\/P1080188.jpg\" rel=\"lightbox[2328]\"><img loading=\"lazy\" decoding=\"async\" class=\"aligncenter size-thumbnail wp-image-2353\" title=\"P1080188\" src=\"http:\/\/www.mundi-roth.de\/teneriffa-blog\/wp-content\/uploads\/2013\/03\/P1080188-150x112.jpg\" alt=\"\" width=\"150\" height=\"112\" srcset=\"https:\/\/www.mundi-roth.de\/teneriffa-blog\/wp-content\/uploads\/2013\/03\/P1080188-150x112.jpg 150w, https:\/\/www.mundi-roth.de\/teneriffa-blog\/wp-content\/uploads\/2013\/03\/P1080188-300x225.jpg 300w, https:\/\/www.mundi-roth.de\/teneriffa-blog\/wp-content\/uploads\/2013\/03\/P1080188.jpg 900w\" sizes=\"auto, (max-width: 150px) 100vw, 150px\" \/><\/a><br \/>\nHeute gilt jedoch meine besondere Aufmerksam den Veteranen der Kanaren-Kiefer die uns immer und immer wieder Respekt abverlangen, wie sie die Br\u00e4nde \u00fcberleben und zu neuem Leben erwachen.<\/p>\n<p style=\"text-align: center;\"><a href=\"http:\/\/www.mundi-roth.de\/teneriffa-blog\/wp-content\/uploads\/2013\/03\/coll1.jpg\" rel=\"lightbox[2328]\"><img loading=\"lazy\" decoding=\"async\" class=\"aligncenter size-medium wp-image-2354\" title=\"coll1\" src=\"http:\/\/www.mundi-roth.de\/teneriffa-blog\/wp-content\/uploads\/2013\/03\/coll1-300x134.jpg\" alt=\"\" width=\"300\" height=\"134\" srcset=\"https:\/\/www.mundi-roth.de\/teneriffa-blog\/wp-content\/uploads\/2013\/03\/coll1-300x134.jpg 300w, https:\/\/www.mundi-roth.de\/teneriffa-blog\/wp-content\/uploads\/2013\/03\/coll1-150x67.jpg 150w, https:\/\/www.mundi-roth.de\/teneriffa-blog\/wp-content\/uploads\/2013\/03\/coll1.jpg 900w\" sizes=\"auto, (max-width: 300px) 100vw, 300px\" \/><\/a><\/p>\n<p style=\"text-align: center;\"><a href=\"http:\/\/www.mundi-roth.de\/teneriffa-blog\/wp-content\/uploads\/2013\/03\/P1080254.jpg\" rel=\"lightbox[2328]\"><img loading=\"lazy\" decoding=\"async\" class=\"alignleft size-thumbnail wp-image-2355\" title=\"P1080254\" src=\"http:\/\/www.mundi-roth.de\/teneriffa-blog\/wp-content\/uploads\/2013\/03\/P1080254-112x150.jpg\" alt=\"\" width=\"112\" height=\"150\" srcset=\"https:\/\/www.mundi-roth.de\/teneriffa-blog\/wp-content\/uploads\/2013\/03\/P1080254-112x150.jpg 112w, https:\/\/www.mundi-roth.de\/teneriffa-blog\/wp-content\/uploads\/2013\/03\/P1080254-225x300.jpg 225w, https:\/\/www.mundi-roth.de\/teneriffa-blog\/wp-content\/uploads\/2013\/03\/P1080254.jpg 675w\" sizes=\"auto, (max-width: 112px) 100vw, 112px\" \/><\/a><a href=\"http:\/\/www.mundi-roth.de\/teneriffa-blog\/wp-content\/uploads\/2013\/03\/P1080270.jpg\" rel=\"lightbox[2328]\"><img loading=\"lazy\" decoding=\"async\" class=\"aligncenter size-thumbnail wp-image-2356\" title=\"P1080270\" src=\"http:\/\/www.mundi-roth.de\/teneriffa-blog\/wp-content\/uploads\/2013\/03\/P1080270-112x150.jpg\" alt=\"\" width=\"112\" height=\"150\" srcset=\"https:\/\/www.mundi-roth.de\/teneriffa-blog\/wp-content\/uploads\/2013\/03\/P1080270-112x150.jpg 112w, https:\/\/www.mundi-roth.de\/teneriffa-blog\/wp-content\/uploads\/2013\/03\/P1080270-225x300.jpg 225w, https:\/\/www.mundi-roth.de\/teneriffa-blog\/wp-content\/uploads\/2013\/03\/P1080270.jpg 675w\" sizes=\"auto, (max-width: 112px) 100vw, 112px\" \/><\/a><\/p>\n<p style=\"text-align: center;\"><a href=\"http:\/\/www.mundi-roth.de\/teneriffa-blog\/wp-content\/uploads\/2013\/03\/P1080223.jpg\" rel=\"lightbox[2328]\"><img loading=\"lazy\" decoding=\"async\" class=\"alignleft size-thumbnail wp-image-2357\" title=\"P1080223\" src=\"http:\/\/www.mundi-roth.de\/teneriffa-blog\/wp-content\/uploads\/2013\/03\/P1080223-150x112.jpg\" alt=\"\" width=\"150\" height=\"112\" srcset=\"https:\/\/www.mundi-roth.de\/teneriffa-blog\/wp-content\/uploads\/2013\/03\/P1080223-150x112.jpg 150w, https:\/\/www.mundi-roth.de\/teneriffa-blog\/wp-content\/uploads\/2013\/03\/P1080223-300x225.jpg 300w, https:\/\/www.mundi-roth.de\/teneriffa-blog\/wp-content\/uploads\/2013\/03\/P1080223.jpg 900w\" sizes=\"auto, (max-width: 150px) 100vw, 150px\" \/><\/a><a href=\"http:\/\/www.mundi-roth.de\/teneriffa-blog\/wp-content\/uploads\/2013\/03\/P1080236.jpg\" rel=\"lightbox[2328]\"><img loading=\"lazy\" decoding=\"async\" class=\"aligncenter size-thumbnail wp-image-2358\" title=\"P1080236\" src=\"http:\/\/www.mundi-roth.de\/teneriffa-blog\/wp-content\/uploads\/2013\/03\/P1080236-150x112.jpg\" alt=\"\" width=\"150\" height=\"112\" srcset=\"https:\/\/www.mundi-roth.de\/teneriffa-blog\/wp-content\/uploads\/2013\/03\/P1080236-150x112.jpg 150w, https:\/\/www.mundi-roth.de\/teneriffa-blog\/wp-content\/uploads\/2013\/03\/P1080236-300x225.jpg 300w, https:\/\/www.mundi-roth.de\/teneriffa-blog\/wp-content\/uploads\/2013\/03\/P1080236.jpg 900w\" sizes=\"auto, (max-width: 150px) 100vw, 150px\" \/><\/a><\/p>\n<p style=\"text-align: center;\"><a href=\"http:\/\/www.mundi-roth.de\/teneriffa-blog\/wp-content\/uploads\/2013\/03\/P1080255.jpg\" rel=\"lightbox[2328]\"><img loading=\"lazy\" decoding=\"async\" class=\"alignleft  wp-image-2359\" title=\"P1080255\" src=\"http:\/\/www.mundi-roth.de\/teneriffa-blog\/wp-content\/uploads\/2013\/03\/P1080255-150x112.jpg\" alt=\"\" width=\"150\" height=\"112\" srcset=\"https:\/\/www.mundi-roth.de\/teneriffa-blog\/wp-content\/uploads\/2013\/03\/P1080255-150x112.jpg 150w, https:\/\/www.mundi-roth.de\/teneriffa-blog\/wp-content\/uploads\/2013\/03\/P1080255-300x225.jpg 300w, https:\/\/www.mundi-roth.de\/teneriffa-blog\/wp-content\/uploads\/2013\/03\/P1080255.jpg 900w\" sizes=\"auto, (max-width: 150px) 100vw, 150px\" \/><\/a><a href=\"http:\/\/www.mundi-roth.de\/teneriffa-blog\/wp-content\/uploads\/2013\/03\/P1080271.jpg\" rel=\"lightbox[2328]\"><img loading=\"lazy\" decoding=\"async\" class=\"aligncenter  wp-image-2360\" title=\"P1080271\" src=\"http:\/\/www.mundi-roth.de\/teneriffa-blog\/wp-content\/uploads\/2013\/03\/P1080271-150x112.jpg\" alt=\"\" width=\"150\" height=\"112\" srcset=\"https:\/\/www.mundi-roth.de\/teneriffa-blog\/wp-content\/uploads\/2013\/03\/P1080271-150x112.jpg 150w, https:\/\/www.mundi-roth.de\/teneriffa-blog\/wp-content\/uploads\/2013\/03\/P1080271-300x225.jpg 300w, https:\/\/www.mundi-roth.de\/teneriffa-blog\/wp-content\/uploads\/2013\/03\/P1080271.jpg 900w\" sizes=\"auto, (max-width: 150px) 100vw, 150px\" \/><\/a><\/p>\n<p>Dagegen die Ginsterstr\u00e4ucher \u2013 treiben sie nicht ganz neu aus \u2013 bleiben als schwarze Mahnmale stehen.<\/p>\n<p style=\"text-align: center;\"><a href=\"http:\/\/www.mundi-roth.de\/teneriffa-blog\/wp-content\/uploads\/2013\/03\/P1080257.jpg\" rel=\"lightbox[2328]\"><img loading=\"lazy\" decoding=\"async\" class=\"aligncenter size-thumbnail wp-image-2361\" title=\"P1080257\" src=\"http:\/\/www.mundi-roth.de\/teneriffa-blog\/wp-content\/uploads\/2013\/03\/P1080257-150x112.jpg\" alt=\"\" width=\"150\" height=\"112\" srcset=\"https:\/\/www.mundi-roth.de\/teneriffa-blog\/wp-content\/uploads\/2013\/03\/P1080257-150x112.jpg 150w, https:\/\/www.mundi-roth.de\/teneriffa-blog\/wp-content\/uploads\/2013\/03\/P1080257-300x225.jpg 300w, https:\/\/www.mundi-roth.de\/teneriffa-blog\/wp-content\/uploads\/2013\/03\/P1080257.jpg 900w\" sizes=\"auto, (max-width: 150px) 100vw, 150px\" \/><\/a><\/p>\n<p><strong>Fazit:<\/strong><br \/>\nDurch die neue Wegf\u00fchrung eine ganz neue Wanderung die mit der oftmals gegangen Tour nicht mehr das mindeste zu tun hat.<br \/>\nAu\u00dferdem: Ich w\u00fcrde sie in Zukunft immer wieder mit dem Uhrzeigersinn gehen, denn dadurch hat man den Chinyero fast die ganze Wanderung stets aus einem neuen Blickwinkel\u00a0 vor Augen.<\/p>\n<p style=\"text-align: center;\"><a href=\"http:\/\/www.mundi-roth.de\/teneriffa-blog\/wp-content\/uploads\/2013\/03\/P1080224.jpg\" rel=\"lightbox[2328]\"><img loading=\"lazy\" decoding=\"async\" class=\"alignleft size-thumbnail wp-image-2363\" title=\"P1080224\" src=\"http:\/\/www.mundi-roth.de\/teneriffa-blog\/wp-content\/uploads\/2013\/03\/P1080224-150x112.jpg\" alt=\"\" width=\"150\" height=\"112\" srcset=\"https:\/\/www.mundi-roth.de\/teneriffa-blog\/wp-content\/uploads\/2013\/03\/P1080224-150x112.jpg 150w, https:\/\/www.mundi-roth.de\/teneriffa-blog\/wp-content\/uploads\/2013\/03\/P1080224-300x225.jpg 300w, https:\/\/www.mundi-roth.de\/teneriffa-blog\/wp-content\/uploads\/2013\/03\/P1080224.jpg 900w\" sizes=\"auto, (max-width: 150px) 100vw, 150px\" \/><\/a><a href=\"http:\/\/www.mundi-roth.de\/teneriffa-blog\/wp-content\/uploads\/2013\/03\/P1080230.jpg\" rel=\"lightbox[2328]\"><img loading=\"lazy\" decoding=\"async\" class=\"aligncenter  wp-image-2364\" title=\"P1080230\" src=\"http:\/\/www.mundi-roth.de\/teneriffa-blog\/wp-content\/uploads\/2013\/03\/P1080230-150x112.jpg\" alt=\"\" width=\"150\" height=\"112\" srcset=\"https:\/\/www.mundi-roth.de\/teneriffa-blog\/wp-content\/uploads\/2013\/03\/P1080230-150x112.jpg 150w, https:\/\/www.mundi-roth.de\/teneriffa-blog\/wp-content\/uploads\/2013\/03\/P1080230-300x225.jpg 300w, https:\/\/www.mundi-roth.de\/teneriffa-blog\/wp-content\/uploads\/2013\/03\/P1080230.jpg 900w\" sizes=\"auto, (max-width: 150px) 100vw, 150px\" \/><\/a><\/p>\n<p style=\"text-align: center;\"><a href=\"http:\/\/www.mundi-roth.de\/teneriffa-blog\/wp-content\/uploads\/2013\/03\/P1080233.jpg\" rel=\"lightbox[2328]\"><img loading=\"lazy\" decoding=\"async\" class=\"alignleft  wp-image-2365\" title=\"P1080233\" src=\"http:\/\/www.mundi-roth.de\/teneriffa-blog\/wp-content\/uploads\/2013\/03\/P1080233-150x112.jpg\" alt=\"\" width=\"150\" height=\"112\" srcset=\"https:\/\/www.mundi-roth.de\/teneriffa-blog\/wp-content\/uploads\/2013\/03\/P1080233-150x112.jpg 150w, https:\/\/www.mundi-roth.de\/teneriffa-blog\/wp-content\/uploads\/2013\/03\/P1080233-300x225.jpg 300w, https:\/\/www.mundi-roth.de\/teneriffa-blog\/wp-content\/uploads\/2013\/03\/P1080233.jpg 900w\" sizes=\"auto, (max-width: 150px) 100vw, 150px\" \/><\/a><a href=\"http:\/\/www.mundi-roth.de\/teneriffa-blog\/wp-content\/uploads\/2013\/03\/P1080234.jpg\" rel=\"lightbox[2328]\"><img loading=\"lazy\" decoding=\"async\" class=\"aligncenter size-thumbnail wp-image-2366\" title=\"P1080234\" src=\"http:\/\/www.mundi-roth.de\/teneriffa-blog\/wp-content\/uploads\/2013\/03\/P1080234-150x112.jpg\" alt=\"\" width=\"150\" height=\"112\" srcset=\"https:\/\/www.mundi-roth.de\/teneriffa-blog\/wp-content\/uploads\/2013\/03\/P1080234-150x112.jpg 150w, https:\/\/www.mundi-roth.de\/teneriffa-blog\/wp-content\/uploads\/2013\/03\/P1080234-300x225.jpg 300w, https:\/\/www.mundi-roth.de\/teneriffa-blog\/wp-content\/uploads\/2013\/03\/P1080234.jpg 900w\" sizes=\"auto, (max-width: 150px) 100vw, 150px\" \/><\/a><\/p>\n<p style=\"text-align: center;\"><a href=\"http:\/\/www.mundi-roth.de\/teneriffa-blog\/wp-content\/uploads\/2013\/03\/P1080235.jpg\" rel=\"lightbox[2328]\"><img loading=\"lazy\" decoding=\"async\" class=\"alignleft size-thumbnail wp-image-2367\" title=\"P1080235\" src=\"http:\/\/www.mundi-roth.de\/teneriffa-blog\/wp-content\/uploads\/2013\/03\/P1080235-150x112.jpg\" alt=\"\" width=\"150\" height=\"112\" srcset=\"https:\/\/www.mundi-roth.de\/teneriffa-blog\/wp-content\/uploads\/2013\/03\/P1080235-150x112.jpg 150w, https:\/\/www.mundi-roth.de\/teneriffa-blog\/wp-content\/uploads\/2013\/03\/P1080235-300x225.jpg 300w, https:\/\/www.mundi-roth.de\/teneriffa-blog\/wp-content\/uploads\/2013\/03\/P1080235.jpg 900w\" sizes=\"auto, (max-width: 150px) 100vw, 150px\" \/><\/a><a href=\"http:\/\/www.mundi-roth.de\/teneriffa-blog\/wp-content\/uploads\/2013\/03\/P1080237.jpg\" rel=\"lightbox[2328]\"><img loading=\"lazy\" decoding=\"async\" class=\"aligncenter size-thumbnail wp-image-2368\" title=\"P1080237\" src=\"http:\/\/www.mundi-roth.de\/teneriffa-blog\/wp-content\/uploads\/2013\/03\/P1080237-150x112.jpg\" alt=\"\" width=\"150\" height=\"112\" srcset=\"https:\/\/www.mundi-roth.de\/teneriffa-blog\/wp-content\/uploads\/2013\/03\/P1080237-150x112.jpg 150w, https:\/\/www.mundi-roth.de\/teneriffa-blog\/wp-content\/uploads\/2013\/03\/P1080237-300x225.jpg 300w, https:\/\/www.mundi-roth.de\/teneriffa-blog\/wp-content\/uploads\/2013\/03\/P1080237.jpg 900w\" sizes=\"auto, (max-width: 150px) 100vw, 150px\" \/><\/a><\/p>\n<p style=\"text-align: center;\"><a href=\"http:\/\/www.mundi-roth.de\/teneriffa-blog\/wp-content\/uploads\/2013\/03\/P1080240.jpg\" rel=\"lightbox[2328]\"><img loading=\"lazy\" decoding=\"async\" class=\"alignleft  wp-image-2369\" title=\"P1080240\" src=\"http:\/\/www.mundi-roth.de\/teneriffa-blog\/wp-content\/uploads\/2013\/03\/P1080240-150x112.jpg\" alt=\"\" width=\"150\" height=\"112\" srcset=\"https:\/\/www.mundi-roth.de\/teneriffa-blog\/wp-content\/uploads\/2013\/03\/P1080240-150x112.jpg 150w, https:\/\/www.mundi-roth.de\/teneriffa-blog\/wp-content\/uploads\/2013\/03\/P1080240-300x225.jpg 300w, https:\/\/www.mundi-roth.de\/teneriffa-blog\/wp-content\/uploads\/2013\/03\/P1080240.jpg 900w\" sizes=\"auto, (max-width: 150px) 100vw, 150px\" \/><\/a><a href=\"http:\/\/www.mundi-roth.de\/teneriffa-blog\/wp-content\/uploads\/2013\/03\/P1080246.jpg\" rel=\"lightbox[2328]\"><img loading=\"lazy\" decoding=\"async\" class=\"aligncenter size-thumbnail wp-image-2370\" title=\"P1080246\" src=\"http:\/\/www.mundi-roth.de\/teneriffa-blog\/wp-content\/uploads\/2013\/03\/P1080246-150x112.jpg\" alt=\"\" width=\"150\" height=\"112\" srcset=\"https:\/\/www.mundi-roth.de\/teneriffa-blog\/wp-content\/uploads\/2013\/03\/P1080246-150x112.jpg 150w, https:\/\/www.mundi-roth.de\/teneriffa-blog\/wp-content\/uploads\/2013\/03\/P1080246-300x225.jpg 300w, https:\/\/www.mundi-roth.de\/teneriffa-blog\/wp-content\/uploads\/2013\/03\/P1080246.jpg 900w\" sizes=\"auto, (max-width: 150px) 100vw, 150px\" \/><\/a><\/p>\n<p style=\"text-align: center;\"><a href=\"http:\/\/www.mundi-roth.de\/teneriffa-blog\/wp-content\/uploads\/2013\/03\/P1080248.jpg\" rel=\"lightbox[2328]\"><img loading=\"lazy\" decoding=\"async\" class=\"alignleft size-thumbnail wp-image-2371\" title=\"P1080248\" src=\"http:\/\/www.mundi-roth.de\/teneriffa-blog\/wp-content\/uploads\/2013\/03\/P1080248-150x112.jpg\" alt=\"\" width=\"150\" height=\"112\" srcset=\"https:\/\/www.mundi-roth.de\/teneriffa-blog\/wp-content\/uploads\/2013\/03\/P1080248-150x112.jpg 150w, https:\/\/www.mundi-roth.de\/teneriffa-blog\/wp-content\/uploads\/2013\/03\/P1080248-300x225.jpg 300w, https:\/\/www.mundi-roth.de\/teneriffa-blog\/wp-content\/uploads\/2013\/03\/P1080248.jpg 900w\" sizes=\"auto, (max-width: 150px) 100vw, 150px\" \/><\/a><a href=\"http:\/\/www.mundi-roth.de\/teneriffa-blog\/wp-content\/uploads\/2013\/03\/P1080253.jpg\" rel=\"lightbox[2328]\"><img loading=\"lazy\" decoding=\"async\" class=\"aligncenter size-thumbnail wp-image-2372\" title=\"P1080253\" src=\"http:\/\/www.mundi-roth.de\/teneriffa-blog\/wp-content\/uploads\/2013\/03\/P1080253-150x112.jpg\" alt=\"\" width=\"150\" height=\"112\" srcset=\"https:\/\/www.mundi-roth.de\/teneriffa-blog\/wp-content\/uploads\/2013\/03\/P1080253-150x112.jpg 150w, https:\/\/www.mundi-roth.de\/teneriffa-blog\/wp-content\/uploads\/2013\/03\/P1080253-300x225.jpg 300w, https:\/\/www.mundi-roth.de\/teneriffa-blog\/wp-content\/uploads\/2013\/03\/P1080253.jpg 900w\" sizes=\"auto, (max-width: 150px) 100vw, 150px\" \/><\/a><\/p>\n<p><a href=\"http:\/\/www.mundi-roth.de\/teneriffa-blog\/wp-content\/uploads\/2013\/03\/P1080258.jpg\" rel=\"lightbox[2328]\"><img loading=\"lazy\" decoding=\"async\" class=\"alignleft  wp-image-2373\" title=\"P1080258\" src=\"http:\/\/www.mundi-roth.de\/teneriffa-blog\/wp-content\/uploads\/2013\/03\/P1080258-150x112.jpg\" alt=\"\" width=\"150\" height=\"112\" srcset=\"https:\/\/www.mundi-roth.de\/teneriffa-blog\/wp-content\/uploads\/2013\/03\/P1080258-150x112.jpg 150w, https:\/\/www.mundi-roth.de\/teneriffa-blog\/wp-content\/uploads\/2013\/03\/P1080258-300x225.jpg 300w, https:\/\/www.mundi-roth.de\/teneriffa-blog\/wp-content\/uploads\/2013\/03\/P1080258.jpg 900w\" sizes=\"auto, (max-width: 150px) 100vw, 150px\" \/><\/a><a href=\"http:\/\/www.mundi-roth.de\/teneriffa-blog\/wp-content\/uploads\/2013\/03\/P1080259.jpg\" rel=\"lightbox[2328]\"><img loading=\"lazy\" decoding=\"async\" class=\"aligncenter size-thumbnail wp-image-2374\" title=\"P1080259\" src=\"http:\/\/www.mundi-roth.de\/teneriffa-blog\/wp-content\/uploads\/2013\/03\/P1080259-150x112.jpg\" alt=\"\" width=\"150\" height=\"112\" srcset=\"https:\/\/www.mundi-roth.de\/teneriffa-blog\/wp-content\/uploads\/2013\/03\/P1080259-150x112.jpg 150w, https:\/\/www.mundi-roth.de\/teneriffa-blog\/wp-content\/uploads\/2013\/03\/P1080259-300x225.jpg 300w, https:\/\/www.mundi-roth.de\/teneriffa-blog\/wp-content\/uploads\/2013\/03\/P1080259.jpg 900w\" sizes=\"auto, (max-width: 150px) 100vw, 150px\" \/><\/a> Zudem, wenn man &#8211;\u00a0 wie wir heute &#8211;\u00a0 das Gl\u00fcck hat, durch dichten Nebel bis fast\u00a0 zum Einstieg des Chinyero hochfahren zu m\u00fcssen, dann jedoch nebelfrei wandern kann und so gar die Sonne\u00a0 noch durchkommt, den Teide dann noch fast wolkenfrei vor sich hat, bleibt nur zu sagen: SCH\u00d6N!!!<\/p>\n<p style=\"text-align: center;\"><a href=\"http:\/\/www.mundi-roth.de\/teneriffa-blog\/wp-content\/uploads\/2013\/03\/P1080274.jpg\" rel=\"lightbox[2328]\"><img loading=\"lazy\" decoding=\"async\" class=\"aligncenter  wp-image-2362\" title=\"P1080274\" src=\"http:\/\/www.mundi-roth.de\/teneriffa-blog\/wp-content\/uploads\/2013\/03\/P1080274-300x225.jpg\" alt=\"\" width=\"300\" height=\"225\" srcset=\"https:\/\/www.mundi-roth.de\/teneriffa-blog\/wp-content\/uploads\/2013\/03\/P1080274-300x225.jpg 300w, https:\/\/www.mundi-roth.de\/teneriffa-blog\/wp-content\/uploads\/2013\/03\/P1080274-150x112.jpg 150w, https:\/\/www.mundi-roth.de\/teneriffa-blog\/wp-content\/uploads\/2013\/03\/P1080274.jpg 900w\" sizes=\"auto, (max-width: 300px) 100vw, 300px\" \/><\/a><\/p>\n<p><strong>Anfahrt:<\/strong><\/p>\n<p>Auf der Autobahn TF1 Richtung Adeje, am (derzeitigen) Ende der Autobahn wechelt man auf die TF82 Richtung Guia de Isora. Der TF82 folgt man und biegt kurz hinter Chio scharf rechts auf die TF38 Richtung Nationalpark Teide. Den Einstieg zur Chinyero-Wanderung findet man zwischen km 13 und km 14. Parken kann man dort leider nur am Stra\u00dfenrand<\/p>\n<p><strong>Abfahrt:<\/strong><br \/>\n<a href=\"http:\/\/www.mundi-roth.de\/teneriffa-blog\/wp-content\/uploads\/2013\/03\/P1080277.jpg\" rel=\"lightbox[2328]\"><img loading=\"lazy\" decoding=\"async\" class=\"alignleft size-thumbnail wp-image-2375\" title=\"P1080277\" src=\"http:\/\/www.mundi-roth.de\/teneriffa-blog\/wp-content\/uploads\/2013\/03\/P1080277-150x112.jpg\" alt=\"\" width=\"150\" height=\"112\" srcset=\"https:\/\/www.mundi-roth.de\/teneriffa-blog\/wp-content\/uploads\/2013\/03\/P1080277-150x112.jpg 150w, https:\/\/www.mundi-roth.de\/teneriffa-blog\/wp-content\/uploads\/2013\/03\/P1080277-300x225.jpg 300w, https:\/\/www.mundi-roth.de\/teneriffa-blog\/wp-content\/uploads\/2013\/03\/P1080277.jpg 900w\" sizes=\"auto, (max-width: 150px) 100vw, 150px\" \/><\/a>Wir drehen auch mit der Autofahrt eine Runde: Daher fahren wir die TF 38 weiter \u00fcber Boca Tauce \u2013 Vilaflor \u2013 Arona und haben dabei noch den Genuss, den Teide und den Pico Viejo, den Guajara im Blick zu haben und<a href=\"http:\/\/www.mundi-roth.de\/teneriffa-blog\/wp-content\/uploads\/2013\/03\/P1080279a.jpg\" rel=\"lightbox[2328]\"><img loading=\"lazy\" decoding=\"async\" class=\"alignright  wp-image-2376\" title=\"P1080279a\" src=\"http:\/\/www.mundi-roth.de\/teneriffa-blog\/wp-content\/uploads\/2013\/03\/P1080279a-150x91.jpg\" alt=\"\" width=\"150\" height=\"91\" srcset=\"https:\/\/www.mundi-roth.de\/teneriffa-blog\/wp-content\/uploads\/2013\/03\/P1080279a-150x91.jpg 150w, https:\/\/www.mundi-roth.de\/teneriffa-blog\/wp-content\/uploads\/2013\/03\/P1080279a-300x183.jpg 300w, https:\/\/www.mundi-roth.de\/teneriffa-blog\/wp-content\/uploads\/2013\/03\/P1080279a.jpg 900w\" sizes=\"auto, (max-width: 150px) 100vw, 150px\" \/><\/a> bei Vilaflor sind wir wieder entz\u00fcckt \u00fcber das Stra\u00dfenbegleitgr\u00fcn: Den Goldmohn.<br \/>\nSo sch\u00f6n!<\/p>\n","protected":false},"excerpt":{"rendered":"<p>Ja, manchmal zahlt sich Neugierde aus! So wie heute! Als wir k\u00fcrzlich die Vulkanwanderung machten, stellten wir ja bereits fest, dass die Wanderwegstrecke um die Monta\u00f1a Cinyero ge\u00e4ndert wurde. Wie \u2013 im Ganzen \u2013 das wollen wir heute erkunden. Wanderwegstrecke: 6,32 km in 2 1\/4 Stunde \u2013 ohne Apfelpause Der Beginn ist wie bei der [&hellip;]<\/p>\n","protected":false},"author":4,"featured_media":0,"comment_status":"open","ping_status":"open","sticky":false,"template":"","format":"standard","meta":{"footnotes":""},"categories":[779,6],"tags":[631,447,630],"class_list":["post-2328","post","type-post","status-publish","format-standard","hentry","category-canadas","category-wanderungen","tag-circular-chinyero","tag-el-calvario","tag-montana-chinyero"],"yoast_head":"<!-- This site is optimized with the Yoast SEO plugin v27.5 - https:\/\/yoast.com\/product\/yoast-seo-wordpress\/ -->\n<title>Rundwanderung um die Monta\u00f1a Chinyero - Teneriffa Wandern<\/title>\n<meta name=\"robots\" content=\"index, follow, max-snippet:-1, max-image-preview:large, max-video-preview:-1\" \/>\n<link rel=\"canonical\" href=\"https:\/\/www.mundi-roth.de\/teneriffa-blog\/wanderungen\/rundwanderung-um-die-montana-chinyero\/\" \/>\n<meta name=\"twitter:label1\" content=\"Verfasst von\" \/>\n\t<meta name=\"twitter:data1\" content=\"mundi\" \/>\n\t<meta name=\"twitter:label2\" content=\"Gesch\u00e4tzte Lesezeit\" \/>\n\t<meta name=\"twitter:data2\" content=\"4\u00a0Minuten\" \/>\n<script type=\"application\/ld+json\" class=\"yoast-schema-graph\">{\"@context\":\"https:\\\/\\\/schema.org\",\"@graph\":[{\"@type\":\"Article\",\"@id\":\"https:\\\/\\\/www.mundi-roth.de\\\/teneriffa-blog\\\/wanderungen\\\/rundwanderung-um-die-montana-chinyero\\\/#article\",\"isPartOf\":{\"@id\":\"https:\\\/\\\/www.mundi-roth.de\\\/teneriffa-blog\\\/wanderungen\\\/rundwanderung-um-die-montana-chinyero\\\/\"},\"author\":{\"name\":\"mundi\",\"@id\":\"https:\\\/\\\/www.mundi-roth.de\\\/teneriffa-blog\\\/#\\\/schema\\\/person\\\/971c66b55f3ae5e8741553688c413cac\"},\"headline\":\"Rundwanderung um die Monta\u00f1a Chinyero\",\"datePublished\":\"2013-02-28T21:00:19+00:00\",\"dateModified\":\"2015-04-06T16:43:47+00:00\",\"mainEntityOfPage\":{\"@id\":\"https:\\\/\\\/www.mundi-roth.de\\\/teneriffa-blog\\\/wanderungen\\\/rundwanderung-um-die-montana-chinyero\\\/\"},\"wordCount\":829,\"commentCount\":3,\"image\":{\"@id\":\"https:\\\/\\\/www.mundi-roth.de\\\/teneriffa-blog\\\/wanderungen\\\/rundwanderung-um-die-montana-chinyero\\\/#primaryimage\"},\"thumbnailUrl\":\"http:\\\/\\\/www.mundi-roth.de\\\/teneriffa-blog\\\/wp-content\\\/uploads\\\/2013\\\/02\\\/Track2-20130228a-150x138.jpg\",\"keywords\":[\"Circular Chinyero\",\"El Calvario\",\"Monta\u00f1a Chinyero\"],\"articleSection\":[\"Ca\u00f1adas\",\"Wanderungen\"],\"inLanguage\":\"de\",\"potentialAction\":[{\"@type\":\"CommentAction\",\"name\":\"Comment\",\"target\":[\"https:\\\/\\\/www.mundi-roth.de\\\/teneriffa-blog\\\/wanderungen\\\/rundwanderung-um-die-montana-chinyero\\\/#respond\"]}]},{\"@type\":\"WebPage\",\"@id\":\"https:\\\/\\\/www.mundi-roth.de\\\/teneriffa-blog\\\/wanderungen\\\/rundwanderung-um-die-montana-chinyero\\\/\",\"url\":\"https:\\\/\\\/www.mundi-roth.de\\\/teneriffa-blog\\\/wanderungen\\\/rundwanderung-um-die-montana-chinyero\\\/\",\"name\":\"Rundwanderung um die Monta\u00f1a Chinyero - Teneriffa Wandern\",\"isPartOf\":{\"@id\":\"https:\\\/\\\/www.mundi-roth.de\\\/teneriffa-blog\\\/#website\"},\"primaryImageOfPage\":{\"@id\":\"https:\\\/\\\/www.mundi-roth.de\\\/teneriffa-blog\\\/wanderungen\\\/rundwanderung-um-die-montana-chinyero\\\/#primaryimage\"},\"image\":{\"@id\":\"https:\\\/\\\/www.mundi-roth.de\\\/teneriffa-blog\\\/wanderungen\\\/rundwanderung-um-die-montana-chinyero\\\/#primaryimage\"},\"thumbnailUrl\":\"http:\\\/\\\/www.mundi-roth.de\\\/teneriffa-blog\\\/wp-content\\\/uploads\\\/2013\\\/02\\\/Track2-20130228a-150x138.jpg\",\"datePublished\":\"2013-02-28T21:00:19+00:00\",\"dateModified\":\"2015-04-06T16:43:47+00:00\",\"author\":{\"@id\":\"https:\\\/\\\/www.mundi-roth.de\\\/teneriffa-blog\\\/#\\\/schema\\\/person\\\/971c66b55f3ae5e8741553688c413cac\"},\"breadcrumb\":{\"@id\":\"https:\\\/\\\/www.mundi-roth.de\\\/teneriffa-blog\\\/wanderungen\\\/rundwanderung-um-die-montana-chinyero\\\/#breadcrumb\"},\"inLanguage\":\"de\",\"potentialAction\":[{\"@type\":\"ReadAction\",\"target\":[\"https:\\\/\\\/www.mundi-roth.de\\\/teneriffa-blog\\\/wanderungen\\\/rundwanderung-um-die-montana-chinyero\\\/\"]}]},{\"@type\":\"ImageObject\",\"inLanguage\":\"de\",\"@id\":\"https:\\\/\\\/www.mundi-roth.de\\\/teneriffa-blog\\\/wanderungen\\\/rundwanderung-um-die-montana-chinyero\\\/#primaryimage\",\"url\":\"https:\\\/\\\/www.mundi-roth.de\\\/teneriffa-blog\\\/wp-content\\\/uploads\\\/2013\\\/02\\\/Track2-20130228a.jpg\",\"contentUrl\":\"https:\\\/\\\/www.mundi-roth.de\\\/teneriffa-blog\\\/wp-content\\\/uploads\\\/2013\\\/02\\\/Track2-20130228a.jpg\",\"width\":\"324\",\"height\":\"299\"},{\"@type\":\"BreadcrumbList\",\"@id\":\"https:\\\/\\\/www.mundi-roth.de\\\/teneriffa-blog\\\/wanderungen\\\/rundwanderung-um-die-montana-chinyero\\\/#breadcrumb\",\"itemListElement\":[{\"@type\":\"ListItem\",\"position\":1,\"name\":\"Startseite\",\"item\":\"https:\\\/\\\/www.mundi-roth.de\\\/teneriffa-blog\\\/\"},{\"@type\":\"ListItem\",\"position\":2,\"name\":\"Rundwanderung um die Monta\u00f1a Chinyero\"}]},{\"@type\":\"WebSite\",\"@id\":\"https:\\\/\\\/www.mundi-roth.de\\\/teneriffa-blog\\\/#website\",\"url\":\"https:\\\/\\\/www.mundi-roth.de\\\/teneriffa-blog\\\/\",\"name\":\"Teneriffa Wandern\",\"description\":\"Nicht nur Wanderungen auf Teneriffa...\",\"potentialAction\":[{\"@type\":\"SearchAction\",\"target\":{\"@type\":\"EntryPoint\",\"urlTemplate\":\"https:\\\/\\\/www.mundi-roth.de\\\/teneriffa-blog\\\/?s={search_term_string}\"},\"query-input\":{\"@type\":\"PropertyValueSpecification\",\"valueRequired\":true,\"valueName\":\"search_term_string\"}}],\"inLanguage\":\"de\"},{\"@type\":\"Person\",\"@id\":\"https:\\\/\\\/www.mundi-roth.de\\\/teneriffa-blog\\\/#\\\/schema\\\/person\\\/971c66b55f3ae5e8741553688c413cac\",\"name\":\"mundi\",\"image\":{\"@type\":\"ImageObject\",\"inLanguage\":\"de\",\"@id\":\"https:\\\/\\\/secure.gravatar.com\\\/avatar\\\/555f0dd85428f1a9330f8e5dbe9e40ff9ca912bb81e5a89747ebf3ca9c20dc0f?s=96&d=mm&r=g\",\"url\":\"https:\\\/\\\/secure.gravatar.com\\\/avatar\\\/555f0dd85428f1a9330f8e5dbe9e40ff9ca912bb81e5a89747ebf3ca9c20dc0f?s=96&d=mm&r=g\",\"contentUrl\":\"https:\\\/\\\/secure.gravatar.com\\\/avatar\\\/555f0dd85428f1a9330f8e5dbe9e40ff9ca912bb81e5a89747ebf3ca9c20dc0f?s=96&d=mm&r=g\",\"caption\":\"mundi\"},\"sameAs\":[\"http:\\\/\\\/mundi-roth.de\"],\"url\":\"https:\\\/\\\/www.mundi-roth.de\\\/teneriffa-blog\\\/author\\\/mundi\\\/\"}]}<\/script>\n<!-- \/ Yoast SEO plugin. -->","yoast_head_json":{"title":"Rundwanderung um die Monta\u00f1a Chinyero - Teneriffa Wandern","robots":{"index":"index","follow":"follow","max-snippet":"max-snippet:-1","max-image-preview":"max-image-preview:large","max-video-preview":"max-video-preview:-1"},"canonical":"https:\/\/www.mundi-roth.de\/teneriffa-blog\/wanderungen\/rundwanderung-um-die-montana-chinyero\/","twitter_misc":{"Verfasst von":"mundi","Gesch\u00e4tzte Lesezeit":"4\u00a0Minuten"},"schema":{"@context":"https:\/\/schema.org","@graph":[{"@type":"Article","@id":"https:\/\/www.mundi-roth.de\/teneriffa-blog\/wanderungen\/rundwanderung-um-die-montana-chinyero\/#article","isPartOf":{"@id":"https:\/\/www.mundi-roth.de\/teneriffa-blog\/wanderungen\/rundwanderung-um-die-montana-chinyero\/"},"author":{"name":"mundi","@id":"https:\/\/www.mundi-roth.de\/teneriffa-blog\/#\/schema\/person\/971c66b55f3ae5e8741553688c413cac"},"headline":"Rundwanderung um die Monta\u00f1a Chinyero","datePublished":"2013-02-28T21:00:19+00:00","dateModified":"2015-04-06T16:43:47+00:00","mainEntityOfPage":{"@id":"https:\/\/www.mundi-roth.de\/teneriffa-blog\/wanderungen\/rundwanderung-um-die-montana-chinyero\/"},"wordCount":829,"commentCount":3,"image":{"@id":"https:\/\/www.mundi-roth.de\/teneriffa-blog\/wanderungen\/rundwanderung-um-die-montana-chinyero\/#primaryimage"},"thumbnailUrl":"http:\/\/www.mundi-roth.de\/teneriffa-blog\/wp-content\/uploads\/2013\/02\/Track2-20130228a-150x138.jpg","keywords":["Circular Chinyero","El Calvario","Monta\u00f1a Chinyero"],"articleSection":["Ca\u00f1adas","Wanderungen"],"inLanguage":"de","potentialAction":[{"@type":"CommentAction","name":"Comment","target":["https:\/\/www.mundi-roth.de\/teneriffa-blog\/wanderungen\/rundwanderung-um-die-montana-chinyero\/#respond"]}]},{"@type":"WebPage","@id":"https:\/\/www.mundi-roth.de\/teneriffa-blog\/wanderungen\/rundwanderung-um-die-montana-chinyero\/","url":"https:\/\/www.mundi-roth.de\/teneriffa-blog\/wanderungen\/rundwanderung-um-die-montana-chinyero\/","name":"Rundwanderung um die Monta\u00f1a Chinyero - Teneriffa Wandern","isPartOf":{"@id":"https:\/\/www.mundi-roth.de\/teneriffa-blog\/#website"},"primaryImageOfPage":{"@id":"https:\/\/www.mundi-roth.de\/teneriffa-blog\/wanderungen\/rundwanderung-um-die-montana-chinyero\/#primaryimage"},"image":{"@id":"https:\/\/www.mundi-roth.de\/teneriffa-blog\/wanderungen\/rundwanderung-um-die-montana-chinyero\/#primaryimage"},"thumbnailUrl":"http:\/\/www.mundi-roth.de\/teneriffa-blog\/wp-content\/uploads\/2013\/02\/Track2-20130228a-150x138.jpg","datePublished":"2013-02-28T21:00:19+00:00","dateModified":"2015-04-06T16:43:47+00:00","author":{"@id":"https:\/\/www.mundi-roth.de\/teneriffa-blog\/#\/schema\/person\/971c66b55f3ae5e8741553688c413cac"},"breadcrumb":{"@id":"https:\/\/www.mundi-roth.de\/teneriffa-blog\/wanderungen\/rundwanderung-um-die-montana-chinyero\/#breadcrumb"},"inLanguage":"de","potentialAction":[{"@type":"ReadAction","target":["https:\/\/www.mundi-roth.de\/teneriffa-blog\/wanderungen\/rundwanderung-um-die-montana-chinyero\/"]}]},{"@type":"ImageObject","inLanguage":"de","@id":"https:\/\/www.mundi-roth.de\/teneriffa-blog\/wanderungen\/rundwanderung-um-die-montana-chinyero\/#primaryimage","url":"https:\/\/www.mundi-roth.de\/teneriffa-blog\/wp-content\/uploads\/2013\/02\/Track2-20130228a.jpg","contentUrl":"https:\/\/www.mundi-roth.de\/teneriffa-blog\/wp-content\/uploads\/2013\/02\/Track2-20130228a.jpg","width":"324","height":"299"},{"@type":"BreadcrumbList","@id":"https:\/\/www.mundi-roth.de\/teneriffa-blog\/wanderungen\/rundwanderung-um-die-montana-chinyero\/#breadcrumb","itemListElement":[{"@type":"ListItem","position":1,"name":"Startseite","item":"https:\/\/www.mundi-roth.de\/teneriffa-blog\/"},{"@type":"ListItem","position":2,"name":"Rundwanderung um die Monta\u00f1a Chinyero"}]},{"@type":"WebSite","@id":"https:\/\/www.mundi-roth.de\/teneriffa-blog\/#website","url":"https:\/\/www.mundi-roth.de\/teneriffa-blog\/","name":"Teneriffa Wandern","description":"Nicht nur Wanderungen auf Teneriffa...","potentialAction":[{"@type":"SearchAction","target":{"@type":"EntryPoint","urlTemplate":"https:\/\/www.mundi-roth.de\/teneriffa-blog\/?s={search_term_string}"},"query-input":{"@type":"PropertyValueSpecification","valueRequired":true,"valueName":"search_term_string"}}],"inLanguage":"de"},{"@type":"Person","@id":"https:\/\/www.mundi-roth.de\/teneriffa-blog\/#\/schema\/person\/971c66b55f3ae5e8741553688c413cac","name":"mundi","image":{"@type":"ImageObject","inLanguage":"de","@id":"https:\/\/secure.gravatar.com\/avatar\/555f0dd85428f1a9330f8e5dbe9e40ff9ca912bb81e5a89747ebf3ca9c20dc0f?s=96&d=mm&r=g","url":"https:\/\/secure.gravatar.com\/avatar\/555f0dd85428f1a9330f8e5dbe9e40ff9ca912bb81e5a89747ebf3ca9c20dc0f?s=96&d=mm&r=g","contentUrl":"https:\/\/secure.gravatar.com\/avatar\/555f0dd85428f1a9330f8e5dbe9e40ff9ca912bb81e5a89747ebf3ca9c20dc0f?s=96&d=mm&r=g","caption":"mundi"},"sameAs":["http:\/\/mundi-roth.de"],"url":"https:\/\/www.mundi-roth.de\/teneriffa-blog\/author\/mundi\/"}]}},"_links":{"self":[{"href":"https:\/\/www.mundi-roth.de\/teneriffa-blog\/wp-json\/wp\/v2\/posts\/2328","targetHints":{"allow":["GET"]}}],"collection":[{"href":"https:\/\/www.mundi-roth.de\/teneriffa-blog\/wp-json\/wp\/v2\/posts"}],"about":[{"href":"https:\/\/www.mundi-roth.de\/teneriffa-blog\/wp-json\/wp\/v2\/types\/post"}],"author":[{"embeddable":true,"href":"https:\/\/www.mundi-roth.de\/teneriffa-blog\/wp-json\/wp\/v2\/users\/4"}],"replies":[{"embeddable":true,"href":"https:\/\/www.mundi-roth.de\/teneriffa-blog\/wp-json\/wp\/v2\/comments?post=2328"}],"version-history":[{"count":0,"href":"https:\/\/www.mundi-roth.de\/teneriffa-blog\/wp-json\/wp\/v2\/posts\/2328\/revisions"}],"wp:attachment":[{"href":"https:\/\/www.mundi-roth.de\/teneriffa-blog\/wp-json\/wp\/v2\/media?parent=2328"}],"wp:term":[{"taxonomy":"category","embeddable":true,"href":"https:\/\/www.mundi-roth.de\/teneriffa-blog\/wp-json\/wp\/v2\/categories?post=2328"},{"taxonomy":"post_tag","embeddable":true,"href":"https:\/\/www.mundi-roth.de\/teneriffa-blog\/wp-json\/wp\/v2\/tags?post=2328"}],"curies":[{"name":"wp","href":"https:\/\/api.w.org\/{rel}","templated":true}]}}