{"id":2379,"date":"2013-03-07T22:00:18","date_gmt":"2013-03-07T21:00:18","guid":{"rendered":"http:\/\/www.mundi-roth.de\/teneriffa-blog\/?p=2379"},"modified":"2015-04-06T17:42:38","modified_gmt":"2015-04-06T16:42:38","slug":"vilaflor-ifonche","status":"publish","type":"post","link":"https:\/\/www.mundi-roth.de\/teneriffa-blog\/wanderungen\/vilaflor-ifonche\/","title":{"rendered":"Vilaflor &#8211; Ifonche"},"content":{"rendered":"<p><em><strong>Das heutige Wetter gab unsere Wanderung vor.<\/strong><\/em><br \/>\n<strong> Angedacht war von Ifonche \u00fcber Roque Imoque nach\u00a0 Arona zu gehen.<\/strong><br \/>\n<strong> Jedoch: die Wolken hingen so tief und oberhalb schien die Sonne.<\/strong><br \/>\n<strong> Also umdisponieret: Vilaflor \u2013 Ifonche<\/strong><br \/>\n<strong> F\u00fcr uns kein Problem, denn Taxi \u201eIrmEli\u201c sammelt uns \u00fcberall ein.<\/strong><\/p>\n<p><strong>Wanderwegstrecke:<\/strong> 3 Stunden ohne nennenswerte Pause, 11,1 Kilometer<br \/>\nDie Strecke ist bekannt und ausgeschildert.<\/p>\n<p>Als Wandergast haben wir heute Elisabeths Bruder Theo als Begleiter dabei.<\/p>\n<p>Um 10.30 Uhr starten wir vom Hotel Vill-Alba in Vilaflor, folgen dem Hinweis \u201eLas Lajas\u201c und steigen bis zur Wasseraufbereitungs- Wasserverteilungsstelle auf. Dort zweigt links der Weg nach Ifonche ab.<\/p>\n<p style=\"text-align: center;\"><a href=\"http:\/\/www.mundi-roth.de\/teneriffa-blog\/wp-content\/uploads\/2013\/03\/P1080281.jpg\" rel=\"lightbox[2379]\"><img loading=\"lazy\" decoding=\"async\" class=\"alignleft size-thumbnail wp-image-2380\" title=\"P1080281\" src=\"http:\/\/www.mundi-roth.de\/teneriffa-blog\/wp-content\/uploads\/2013\/03\/P1080281-150x112.jpg\" alt=\"\" width=\"150\" height=\"112\" srcset=\"https:\/\/www.mundi-roth.de\/teneriffa-blog\/wp-content\/uploads\/2013\/03\/P1080281-150x112.jpg 150w, https:\/\/www.mundi-roth.de\/teneriffa-blog\/wp-content\/uploads\/2013\/03\/P1080281-300x225.jpg 300w, https:\/\/www.mundi-roth.de\/teneriffa-blog\/wp-content\/uploads\/2013\/03\/P1080281.jpg 900w\" sizes=\"auto, (max-width: 150px) 100vw, 150px\" \/><\/a><a href=\"http:\/\/www.mundi-roth.de\/teneriffa-blog\/wp-content\/uploads\/2013\/03\/P1080292.jpg\" rel=\"lightbox[2379]\"><img loading=\"lazy\" decoding=\"async\" class=\"aligncenter  wp-image-2381\" title=\"P1080292\" src=\"http:\/\/www.mundi-roth.de\/teneriffa-blog\/wp-content\/uploads\/2013\/03\/P1080292-150x112.jpg\" alt=\"\" width=\"150\" height=\"112\" srcset=\"https:\/\/www.mundi-roth.de\/teneriffa-blog\/wp-content\/uploads\/2013\/03\/P1080292-150x112.jpg 150w, https:\/\/www.mundi-roth.de\/teneriffa-blog\/wp-content\/uploads\/2013\/03\/P1080292-300x225.jpg 300w, https:\/\/www.mundi-roth.de\/teneriffa-blog\/wp-content\/uploads\/2013\/03\/P1080292.jpg 900w\" sizes=\"auto, (max-width: 150px) 100vw, 150px\" \/><\/a><\/p>\n<p>Alles kein Problem. Was uns jedoch ersch\u00fcttert ist, dass wir nunmehr 2 Stunden durch verbrannten Wald wandern und dass es noch leicht nach Brand richt.<\/p>\n<p><a href=\"http:\/\/www.mundi-roth.de\/teneriffa-blog\/wp-content\/uploads\/2013\/03\/P1080294.jpg\" rel=\"lightbox[2379]\"><img loading=\"lazy\" decoding=\"async\" class=\"alignleft size-thumbnail wp-image-2382\" title=\"P1080294\" src=\"http:\/\/www.mundi-roth.de\/teneriffa-blog\/wp-content\/uploads\/2013\/03\/P1080294-150x112.jpg\" alt=\"\" width=\"150\" height=\"112\" srcset=\"https:\/\/www.mundi-roth.de\/teneriffa-blog\/wp-content\/uploads\/2013\/03\/P1080294-150x112.jpg 150w, https:\/\/www.mundi-roth.de\/teneriffa-blog\/wp-content\/uploads\/2013\/03\/P1080294-300x225.jpg 300w, https:\/\/www.mundi-roth.de\/teneriffa-blog\/wp-content\/uploads\/2013\/03\/P1080294.jpg 900w\" sizes=\"auto, (max-width: 150px) 100vw, 150px\" \/><\/a><a href=\"http:\/\/www.mundi-roth.de\/teneriffa-blog\/wp-content\/uploads\/2013\/03\/P1080298.jpg\" rel=\"lightbox[2379]\"><img loading=\"lazy\" decoding=\"async\" class=\"aligncenter size-thumbnail wp-image-2383\" title=\"P1080298\" src=\"http:\/\/www.mundi-roth.de\/teneriffa-blog\/wp-content\/uploads\/2013\/03\/P1080298-150x112.jpg\" alt=\"\" width=\"150\" height=\"112\" srcset=\"https:\/\/www.mundi-roth.de\/teneriffa-blog\/wp-content\/uploads\/2013\/03\/P1080298-150x112.jpg 150w, https:\/\/www.mundi-roth.de\/teneriffa-blog\/wp-content\/uploads\/2013\/03\/P1080298-300x225.jpg 300w, https:\/\/www.mundi-roth.de\/teneriffa-blog\/wp-content\/uploads\/2013\/03\/P1080298.jpg 900w\" sizes=\"auto, (max-width: 150px) 100vw, 150px\" \/><\/a><\/p>\n<p><a href=\"http:\/\/www.mundi-roth.de\/teneriffa-blog\/wanderungen\/von-vilaflor-nach-ifonche\/\">2007 sind wir genau diese Tour gegangen<\/a> und <a href=\"http:\/\/www.mundi-roth.de\/teneriffa-blog\/wanderungen\/las-lajas-%e2%80%93-ifonche\/\">2010 von Las Lajas<\/a> aus. Alles war in bester Ordnung. Aber nun: verbrannter Wald. Der Brand vergangenen Jahres war wirklich verheerend. Fast kommen einem die Tr\u00e4nen.<\/p>\n<p>Aber: es gibt auch Hoffnung: wie immer, die z\u00e4hen kanarischen Kiefern, die ja eine Hitze bis zu 800 Grad vertagen k\u00f6nnen, treiben schon wieder aus.<\/p>\n<p><a href=\"http:\/\/www.mundi-roth.de\/teneriffa-blog\/wp-content\/uploads\/2013\/03\/P1080300.jpg\" rel=\"lightbox[2379]\"><img loading=\"lazy\" decoding=\"async\" class=\"alignleft size-thumbnail wp-image-2384\" title=\"P1080300\" src=\"http:\/\/www.mundi-roth.de\/teneriffa-blog\/wp-content\/uploads\/2013\/03\/P1080300-112x150.jpg\" alt=\"\" width=\"112\" height=\"150\" srcset=\"https:\/\/www.mundi-roth.de\/teneriffa-blog\/wp-content\/uploads\/2013\/03\/P1080300-112x150.jpg 112w, https:\/\/www.mundi-roth.de\/teneriffa-blog\/wp-content\/uploads\/2013\/03\/P1080300-225x300.jpg 225w, https:\/\/www.mundi-roth.de\/teneriffa-blog\/wp-content\/uploads\/2013\/03\/P1080300.jpg 675w\" sizes=\"auto, (max-width: 112px) 100vw, 112px\" \/><\/a><a href=\"http:\/\/www.mundi-roth.de\/teneriffa-blog\/wp-content\/uploads\/2013\/03\/P1080326a.jpg\" rel=\"lightbox[2379]\"><img loading=\"lazy\" decoding=\"async\" class=\"aligncenter size-thumbnail wp-image-2385\" title=\"P1080326a\" src=\"http:\/\/www.mundi-roth.de\/teneriffa-blog\/wp-content\/uploads\/2013\/03\/P1080326a-146x150.jpg\" alt=\"\" width=\"146\" height=\"150\" srcset=\"https:\/\/www.mundi-roth.de\/teneriffa-blog\/wp-content\/uploads\/2013\/03\/P1080326a-146x150.jpg 146w, https:\/\/www.mundi-roth.de\/teneriffa-blog\/wp-content\/uploads\/2013\/03\/P1080326a-293x300.jpg 293w, https:\/\/www.mundi-roth.de\/teneriffa-blog\/wp-content\/uploads\/2013\/03\/P1080326a.jpg 652w\" sizes=\"auto, (max-width: 146px) 100vw, 146px\" \/><\/a><\/p>\n<p>Gehen wir dieselbe Strecke in zwei Jahren, k\u00f6nnen wir\u00a0 sicher begl\u00fcckt feststellen, die Kiefern haben weitgehend \u00fcberlebt.<\/p>\n<p>So ergeht es uns im letzten St\u00fcck oberhalb von Ifonche, dort w\u00fctete vor einigen Jahren der Brand und siehe da: es gr\u00fcnt wieder!<\/p>\n<p><a href=\"http:\/\/www.mundi-roth.de\/teneriffa-blog\/wp-content\/uploads\/2013\/03\/P1080368.jpg\" rel=\"lightbox[2379]\"><img loading=\"lazy\" decoding=\"async\" class=\"alignleft size-thumbnail wp-image-2386\" title=\"P1080368\" src=\"http:\/\/www.mundi-roth.de\/teneriffa-blog\/wp-content\/uploads\/2013\/03\/P1080368-150x112.jpg\" alt=\"\" width=\"150\" height=\"112\" srcset=\"https:\/\/www.mundi-roth.de\/teneriffa-blog\/wp-content\/uploads\/2013\/03\/P1080368-150x112.jpg 150w, https:\/\/www.mundi-roth.de\/teneriffa-blog\/wp-content\/uploads\/2013\/03\/P1080368-300x225.jpg 300w, https:\/\/www.mundi-roth.de\/teneriffa-blog\/wp-content\/uploads\/2013\/03\/P1080368.jpg 900w\" sizes=\"auto, (max-width: 150px) 100vw, 150px\" \/><\/a><a href=\"http:\/\/www.mundi-roth.de\/teneriffa-blog\/wp-content\/uploads\/2013\/03\/P1080369.jpg\" rel=\"lightbox[2379]\"><img loading=\"lazy\" decoding=\"async\" class=\"aligncenter size-thumbnail wp-image-2387\" title=\"P1080369\" src=\"http:\/\/www.mundi-roth.de\/teneriffa-blog\/wp-content\/uploads\/2013\/03\/P1080369-150x112.jpg\" alt=\"\" width=\"150\" height=\"112\" srcset=\"https:\/\/www.mundi-roth.de\/teneriffa-blog\/wp-content\/uploads\/2013\/03\/P1080369-150x112.jpg 150w, https:\/\/www.mundi-roth.de\/teneriffa-blog\/wp-content\/uploads\/2013\/03\/P1080369-300x225.jpg 300w, https:\/\/www.mundi-roth.de\/teneriffa-blog\/wp-content\/uploads\/2013\/03\/P1080369.jpg 900w\" sizes=\"auto, (max-width: 150px) 100vw, 150px\" \/><\/a><\/p>\n<p>Zwischendurch haben wir den Blick auf auf den Roque Imoque und die Insel La Gomera, die sich aus dem Wolkenmeer erhebt und auf die ehemals landwirtschaftlich genutzten Terrassen.<\/p>\n<p style=\"text-align: center;\"><a href=\"http:\/\/www.mundi-roth.de\/teneriffa-blog\/wp-content\/uploads\/2013\/03\/P1080301.jpg\" rel=\"lightbox[2379]\"><img loading=\"lazy\" decoding=\"async\" class=\"alignleft  wp-image-2388\" title=\"P1080301\" src=\"http:\/\/www.mundi-roth.de\/teneriffa-blog\/wp-content\/uploads\/2013\/03\/P1080301-150x112.jpg\" alt=\"\" width=\"150\" height=\"112\" srcset=\"https:\/\/www.mundi-roth.de\/teneriffa-blog\/wp-content\/uploads\/2013\/03\/P1080301-150x112.jpg 150w, https:\/\/www.mundi-roth.de\/teneriffa-blog\/wp-content\/uploads\/2013\/03\/P1080301-300x225.jpg 300w, https:\/\/www.mundi-roth.de\/teneriffa-blog\/wp-content\/uploads\/2013\/03\/P1080301.jpg 900w\" sizes=\"auto, (max-width: 150px) 100vw, 150px\" \/><\/a><a href=\"http:\/\/www.mundi-roth.de\/teneriffa-blog\/wp-content\/uploads\/2013\/03\/P1080318.jpg\" rel=\"lightbox[2379]\"><img loading=\"lazy\" decoding=\"async\" class=\"aligncenter size-thumbnail wp-image-2389\" title=\"P1080318\" src=\"http:\/\/www.mundi-roth.de\/teneriffa-blog\/wp-content\/uploads\/2013\/03\/P1080318-150x112.jpg\" alt=\"\" width=\"150\" height=\"112\" srcset=\"https:\/\/www.mundi-roth.de\/teneriffa-blog\/wp-content\/uploads\/2013\/03\/P1080318-150x112.jpg 150w, https:\/\/www.mundi-roth.de\/teneriffa-blog\/wp-content\/uploads\/2013\/03\/P1080318-300x225.jpg 300w, https:\/\/www.mundi-roth.de\/teneriffa-blog\/wp-content\/uploads\/2013\/03\/P1080318.jpg 900w\" sizes=\"auto, (max-width: 150px) 100vw, 150px\" \/><\/a><\/p>\n<p>Das Bild, das sich uns bietet, ist fantastisch, wie die Wolken aufziehen:<\/p>\n<p><a href=\"http:\/\/www.mundi-roth.de\/teneriffa-blog\/wp-content\/uploads\/2013\/03\/P1080348.jpg\" rel=\"lightbox[2379]\"><img loading=\"lazy\" decoding=\"async\" class=\"alignleft size-thumbnail wp-image-2390\" title=\"P1080348\" src=\"http:\/\/www.mundi-roth.de\/teneriffa-blog\/wp-content\/uploads\/2013\/03\/P1080348-150x112.jpg\" alt=\"\" width=\"150\" height=\"112\" srcset=\"https:\/\/www.mundi-roth.de\/teneriffa-blog\/wp-content\/uploads\/2013\/03\/P1080348-150x112.jpg 150w, https:\/\/www.mundi-roth.de\/teneriffa-blog\/wp-content\/uploads\/2013\/03\/P1080348-300x225.jpg 300w, https:\/\/www.mundi-roth.de\/teneriffa-blog\/wp-content\/uploads\/2013\/03\/P1080348.jpg 900w\" sizes=\"auto, (max-width: 150px) 100vw, 150px\" \/><\/a><a href=\"http:\/\/www.mundi-roth.de\/teneriffa-blog\/wp-content\/uploads\/2013\/03\/P1080315.jpg\" rel=\"lightbox[2379]\"><img loading=\"lazy\" decoding=\"async\" class=\"aligncenter  wp-image-2391\" title=\"P1080315\" src=\"http:\/\/www.mundi-roth.de\/teneriffa-blog\/wp-content\/uploads\/2013\/03\/P1080315-150x112.jpg\" alt=\"\" width=\"150\" height=\"112\" srcset=\"https:\/\/www.mundi-roth.de\/teneriffa-blog\/wp-content\/uploads\/2013\/03\/P1080315-150x112.jpg 150w, https:\/\/www.mundi-roth.de\/teneriffa-blog\/wp-content\/uploads\/2013\/03\/P1080315-300x225.jpg 300w, https:\/\/www.mundi-roth.de\/teneriffa-blog\/wp-content\/uploads\/2013\/03\/P1080315.jpg 900w\" sizes=\"auto, (max-width: 150px) 100vw, 150px\" \/><\/a><br \/>\nDie Strecke muss nicht mehr detailliert beschrieben werden \u2013 ist fr\u00fcher bereits geschehen \u2013 und zudem ist sie auch nunmehr gut ausgeschildert. Lediglich beim letzten Abhang<a href=\"http:\/\/www.mundi-roth.de\/teneriffa-blog\/wp-content\/uploads\/2013\/03\/P1080360.jpg\" rel=\"lightbox[2379]\"><img loading=\"lazy\" decoding=\"async\" class=\"alignright size-thumbnail wp-image-2392\" title=\"P1080360\" src=\"http:\/\/www.mundi-roth.de\/teneriffa-blog\/wp-content\/uploads\/2013\/03\/P1080360-150x112.jpg\" alt=\"\" width=\"150\" height=\"112\" srcset=\"https:\/\/www.mundi-roth.de\/teneriffa-blog\/wp-content\/uploads\/2013\/03\/P1080360-150x112.jpg 150w, https:\/\/www.mundi-roth.de\/teneriffa-blog\/wp-content\/uploads\/2013\/03\/P1080360-300x225.jpg 300w, https:\/\/www.mundi-roth.de\/teneriffa-blog\/wp-content\/uploads\/2013\/03\/P1080360.jpg 900w\" sizes=\"auto, (max-width: 150px) 100vw, 150px\" \/><\/a> \u2013 zwischen den zwei Barrancos oberhalb von Ifonche hei\u00dft es etwas aufpassen: jedoch mit wei\u00dfen Punkten gekennzeichnete Lavabrocken weisen mittig den Weg.<\/p>\n<p>Wenn man durch dieses verbrannte Teilst\u00fcck des Kiefernwaldes wandert, kann man sich vorstellen, dass es ein Erlebnis ist, gerade hier regelrecht mit Blumen beschenkt zu werden.<\/p>\n<p>Ob es nun gro\u00dfe Fl\u00e4chen des rotsch\u00e4ftigen Blausterns sind, wilde Ringelblumen,\u00a0 Kanarenknoblauch,\u00a0 aparter Mohn, Hornklee, vereinzelte Bl\u00fcten der lila bl\u00fchenden Zistrosen, das Wei\u00df der Montpellier-Zistrose oder des Escobon, das leuchtende Blau des kleinen\u00a0 Bl\u00fcmchens des Acker-Gauchheils, das mir seit Kreta Respekt abverlangt, als es sich zwischen Felsspalten hervorquetschte, selten, unterhalb des Teide: die rosarot bl\u00fchenden Teide-Skabiosen, \u201eRosalito salvaje\u201c nennen sie die Einheimischen liebevoll &#8211;\u00a0 oder \u2013 wie wundersch\u00f6n \u2013 im letzten Drittel der Wanderung Affodills in einer Vielzahl, wie es uns seit der ersten Conde-Besteigung nie mehr begegnet ist. Wie sch\u00f6n, wie gut, dass sie \u00fcberlebt haben.<\/p>\n<p style=\"text-align: center;\"><a href=\"http:\/\/www.mundi-roth.de\/teneriffa-blog\/wp-content\/uploads\/2013\/03\/P1080310.jpg\" rel=\"lightbox[2379]\"><img loading=\"lazy\" decoding=\"async\" class=\"alignleft size-thumbnail wp-image-2393\" title=\"P1080310\" src=\"http:\/\/www.mundi-roth.de\/teneriffa-blog\/wp-content\/uploads\/2013\/03\/P1080310-150x112.jpg\" alt=\"\" width=\"150\" height=\"112\" srcset=\"https:\/\/www.mundi-roth.de\/teneriffa-blog\/wp-content\/uploads\/2013\/03\/P1080310-150x112.jpg 150w, https:\/\/www.mundi-roth.de\/teneriffa-blog\/wp-content\/uploads\/2013\/03\/P1080310-300x225.jpg 300w, https:\/\/www.mundi-roth.de\/teneriffa-blog\/wp-content\/uploads\/2013\/03\/P1080310.jpg 900w\" sizes=\"auto, (max-width: 150px) 100vw, 150px\" \/><\/a><a href=\"http:\/\/www.mundi-roth.de\/teneriffa-blog\/wp-content\/uploads\/2013\/03\/P1080311a.jpg\" rel=\"lightbox[2379]\"><img loading=\"lazy\" decoding=\"async\" class=\"aligncenter size-thumbnail wp-image-2394\" title=\"P1080311a\" src=\"http:\/\/www.mundi-roth.de\/teneriffa-blog\/wp-content\/uploads\/2013\/03\/P1080311a-150x101.jpg\" alt=\"\" width=\"150\" height=\"101\" srcset=\"https:\/\/www.mundi-roth.de\/teneriffa-blog\/wp-content\/uploads\/2013\/03\/P1080311a-150x101.jpg 150w, https:\/\/www.mundi-roth.de\/teneriffa-blog\/wp-content\/uploads\/2013\/03\/P1080311a-300x203.jpg 300w, https:\/\/www.mundi-roth.de\/teneriffa-blog\/wp-content\/uploads\/2013\/03\/P1080311a.jpg 900w\" sizes=\"auto, (max-width: 150px) 100vw, 150px\" \/><\/a><\/p>\n<p style=\"text-align: center;\"><a href=\"http:\/\/www.mundi-roth.de\/teneriffa-blog\/wp-content\/uploads\/2013\/03\/P1080341a1.jpg\" rel=\"lightbox[2379]\"><img loading=\"lazy\" decoding=\"async\" class=\"aligncenter size-thumbnail wp-image-2408\" title=\"P1080341a\" src=\"http:\/\/www.mundi-roth.de\/teneriffa-blog\/wp-content\/uploads\/2013\/03\/P1080341a1-150x89.jpg\" alt=\"\" width=\"150\" height=\"89\" srcset=\"https:\/\/www.mundi-roth.de\/teneriffa-blog\/wp-content\/uploads\/2013\/03\/P1080341a1-150x89.jpg 150w, https:\/\/www.mundi-roth.de\/teneriffa-blog\/wp-content\/uploads\/2013\/03\/P1080341a1-300x179.jpg 300w, https:\/\/www.mundi-roth.de\/teneriffa-blog\/wp-content\/uploads\/2013\/03\/P1080341a1.jpg 900w\" sizes=\"auto, (max-width: 150px) 100vw, 150px\" \/><\/a><\/p>\n<p style=\"text-align: center;\"><a href=\"http:\/\/www.mundi-roth.de\/teneriffa-blog\/wp-content\/uploads\/2013\/03\/P1080316a.jpg\" rel=\"lightbox[2379]\"><img loading=\"lazy\" decoding=\"async\" class=\"alignleft  wp-image-2396\" title=\"P1080316a\" src=\"http:\/\/www.mundi-roth.de\/teneriffa-blog\/wp-content\/uploads\/2013\/03\/P1080316a-150x95.jpg\" alt=\"\" width=\"150\" height=\"95\" srcset=\"https:\/\/www.mundi-roth.de\/teneriffa-blog\/wp-content\/uploads\/2013\/03\/P1080316a-150x95.jpg 150w, https:\/\/www.mundi-roth.de\/teneriffa-blog\/wp-content\/uploads\/2013\/03\/P1080316a-300x191.jpg 300w, https:\/\/www.mundi-roth.de\/teneriffa-blog\/wp-content\/uploads\/2013\/03\/P1080316a.jpg 900w\" sizes=\"auto, (max-width: 150px) 100vw, 150px\" \/><\/a><a href=\"http:\/\/www.mundi-roth.de\/teneriffa-blog\/wp-content\/uploads\/2013\/03\/P1080343a1.jpg\" rel=\"lightbox[2379]\"><img loading=\"lazy\" decoding=\"async\" class=\"aligncenter  wp-image-2398\" title=\"P1080343a\" src=\"http:\/\/www.mundi-roth.de\/teneriffa-blog\/wp-content\/uploads\/2013\/03\/P1080343a1-150x114.jpg\" alt=\"\" width=\"150\" height=\"114\" srcset=\"https:\/\/www.mundi-roth.de\/teneriffa-blog\/wp-content\/uploads\/2013\/03\/P1080343a1-150x114.jpg 150w, https:\/\/www.mundi-roth.de\/teneriffa-blog\/wp-content\/uploads\/2013\/03\/P1080343a1-300x228.jpg 300w, https:\/\/www.mundi-roth.de\/teneriffa-blog\/wp-content\/uploads\/2013\/03\/P1080343a1.jpg 900w\" sizes=\"auto, (max-width: 150px) 100vw, 150px\" \/><\/a><\/p>\n<p style=\"text-align: center;\"><a href=\"http:\/\/www.mundi-roth.de\/teneriffa-blog\/wp-content\/uploads\/2013\/03\/P1080347a.jpg\" rel=\"lightbox[2379]\"><img loading=\"lazy\" decoding=\"async\" class=\"alignleft size-thumbnail wp-image-2399\" title=\"P1080347a\" src=\"http:\/\/www.mundi-roth.de\/teneriffa-blog\/wp-content\/uploads\/2013\/03\/P1080347a-150x104.jpg\" alt=\"\" width=\"150\" height=\"104\" srcset=\"https:\/\/www.mundi-roth.de\/teneriffa-blog\/wp-content\/uploads\/2013\/03\/P1080347a-150x104.jpg 150w, https:\/\/www.mundi-roth.de\/teneriffa-blog\/wp-content\/uploads\/2013\/03\/P1080347a-300x209.jpg 300w, https:\/\/www.mundi-roth.de\/teneriffa-blog\/wp-content\/uploads\/2013\/03\/P1080347a.jpg 900w\" sizes=\"auto, (max-width: 150px) 100vw, 150px\" \/><\/a><a href=\"http:\/\/www.mundi-roth.de\/teneriffa-blog\/wp-content\/uploads\/2013\/03\/P1080362a.jpg\" rel=\"lightbox[2379]\"><img loading=\"lazy\" decoding=\"async\" class=\"aligncenter  wp-image-2400\" title=\"P1080362a\" src=\"http:\/\/www.mundi-roth.de\/teneriffa-blog\/wp-content\/uploads\/2013\/03\/P1080362a-150x103.jpg\" alt=\"\" width=\"150\" height=\"103\" srcset=\"https:\/\/www.mundi-roth.de\/teneriffa-blog\/wp-content\/uploads\/2013\/03\/P1080362a-150x103.jpg 150w, https:\/\/www.mundi-roth.de\/teneriffa-blog\/wp-content\/uploads\/2013\/03\/P1080362a-300x206.jpg 300w, https:\/\/www.mundi-roth.de\/teneriffa-blog\/wp-content\/uploads\/2013\/03\/P1080362a.jpg 900w\" sizes=\"auto, (max-width: 150px) 100vw, 150px\" \/><\/a><\/p>\n<p>Wanderten wir zwei Stunden im strahlenden Sonnenschein, so gerieten wir dann doch in die dichten Wolken und konnten beobachten, wie die bewundernswerten Kanarischen Kiefern die Wolken \u201eausmelken\u201c. Die Wassertr\u00f6pfchen h\u00e4ngen an den Kiefernnadeln und werden dem Boden zugef\u00fchrt. Im Inneren des Bodens sammelt sich das Wasser und wird dann in Galerien als Wasserquelle genutzt. Phantastisch.<a href=\"http:\/\/www.mundi-roth.de\/teneriffa-blog\/wp-content\/uploads\/2013\/03\/P1080367.jpg\" rel=\"lightbox[2379]\"><img loading=\"lazy\" decoding=\"async\" class=\"alignright size-thumbnail wp-image-2401\" title=\"P1080367\" src=\"http:\/\/www.mundi-roth.de\/teneriffa-blog\/wp-content\/uploads\/2013\/03\/P1080367-150x112.jpg\" alt=\"\" width=\"150\" height=\"112\" srcset=\"https:\/\/www.mundi-roth.de\/teneriffa-blog\/wp-content\/uploads\/2013\/03\/P1080367-150x112.jpg 150w, https:\/\/www.mundi-roth.de\/teneriffa-blog\/wp-content\/uploads\/2013\/03\/P1080367-300x225.jpg 300w, https:\/\/www.mundi-roth.de\/teneriffa-blog\/wp-content\/uploads\/2013\/03\/P1080367.jpg 900w\" sizes=\"auto, (max-width: 150px) 100vw, 150px\" \/><\/a><br \/>\nGro\u00dfe Mengen des Wasserverbrauchs auf der Insel werden auf diese Weise gewonnen.<br \/>\n\u201eWie wichtig der Baum und seine Funktion f\u00fcr den Wasserhaushalt der Insel ist und wie das Wasserausk\u00e4mmen durch die langen Nadeln funktoniert, hat H. Meyer schon 1896 erkannt. \u201eDie umherstehenden Pinien trieften von der Feuchtigkeit der Nebel, ohne dass es geregnet hatte\u201c schrieb er, und \u201ef\u00fchrten das von den langen Nadeln\u00a0 tropfende Nass in gro\u00dfen Pf\u00fctzen ihren Wurzeln zu, w\u00e4hrend ringsum der Boden und die Steine vollst\u00e4ndig trocken waren. Der Nebel gen\u00fcgt also vollkommen, um in diesen trockenen H\u00f6hen die Pinien zu bew\u00e4ssern\u201c. Heute wissen wir, dass der Eigenverbrauch weit unter der erbrachten Wassermenge liegt. Die Kanaren-Kiefer verdient gleicherma\u00dfen Schutz und Verehrung.\u201c (<em>Auszug aus: \u201ePflanzen auf Teneriffa\u201c von Hermann Schmidt<\/em>)<\/p>\n<p>Der Blick vom letzten H\u00f6henr\u00fccken vor Ifonche links wie rechts in den Barranco ist schon sehr durch die Wolken getr\u00fcbt.<\/p>\n<p style=\"text-align: center;\"><a href=\"http:\/\/www.mundi-roth.de\/teneriffa-blog\/wp-content\/uploads\/2013\/03\/P1080355.jpg\" rel=\"lightbox[2379]\"><img loading=\"lazy\" decoding=\"async\" class=\"alignleft size-thumbnail wp-image-2402\" title=\"P1080355\" src=\"http:\/\/www.mundi-roth.de\/teneriffa-blog\/wp-content\/uploads\/2013\/03\/P1080355-150x112.jpg\" alt=\"\" width=\"150\" height=\"112\" srcset=\"https:\/\/www.mundi-roth.de\/teneriffa-blog\/wp-content\/uploads\/2013\/03\/P1080355-150x112.jpg 150w, https:\/\/www.mundi-roth.de\/teneriffa-blog\/wp-content\/uploads\/2013\/03\/P1080355-300x225.jpg 300w, https:\/\/www.mundi-roth.de\/teneriffa-blog\/wp-content\/uploads\/2013\/03\/P1080355.jpg 900w\" sizes=\"auto, (max-width: 150px) 100vw, 150px\" \/><\/a><a href=\"http:\/\/www.mundi-roth.de\/teneriffa-blog\/wp-content\/uploads\/2013\/03\/P1080357.jpg\" rel=\"lightbox[2379]\"><img loading=\"lazy\" decoding=\"async\" class=\"aligncenter size-thumbnail wp-image-2403\" title=\"P1080357\" src=\"http:\/\/www.mundi-roth.de\/teneriffa-blog\/wp-content\/uploads\/2013\/03\/P1080357-150x112.jpg\" alt=\"\" width=\"150\" height=\"112\" srcset=\"https:\/\/www.mundi-roth.de\/teneriffa-blog\/wp-content\/uploads\/2013\/03\/P1080357-150x112.jpg 150w, https:\/\/www.mundi-roth.de\/teneriffa-blog\/wp-content\/uploads\/2013\/03\/P1080357-300x225.jpg 300w, https:\/\/www.mundi-roth.de\/teneriffa-blog\/wp-content\/uploads\/2013\/03\/P1080357.jpg 900w\" sizes=\"auto, (max-width: 150px) 100vw, 150px\" \/><\/a><\/p>\n<p style=\"text-align: center;\"><a href=\"http:\/\/www.mundi-roth.de\/teneriffa-blog\/wp-content\/uploads\/2013\/03\/P1080366.jpg\" rel=\"lightbox[2379]\"><img loading=\"lazy\" decoding=\"async\" class=\"aligncenter size-thumbnail wp-image-2404\" title=\"P1080366\" src=\"http:\/\/www.mundi-roth.de\/teneriffa-blog\/wp-content\/uploads\/2013\/03\/P1080366-150x112.jpg\" alt=\"\" width=\"150\" height=\"112\" srcset=\"https:\/\/www.mundi-roth.de\/teneriffa-blog\/wp-content\/uploads\/2013\/03\/P1080366-150x112.jpg 150w, https:\/\/www.mundi-roth.de\/teneriffa-blog\/wp-content\/uploads\/2013\/03\/P1080366-300x225.jpg 300w, https:\/\/www.mundi-roth.de\/teneriffa-blog\/wp-content\/uploads\/2013\/03\/P1080366.jpg 900w\" sizes=\"auto, (max-width: 150px) 100vw, 150px\" \/><\/a>Ah, welche Wohltat: es gr\u00fcnt wieder!<\/p>\n<p>Von hier oben teilen wir unserem Taxi \u201eIrmEli\u201c mit, dass wir wohl in ca. 45 Minuten unterhalb des Restaurants in Ifonche auskommen werden. Aus Erfahrung wissen wir, weiter unten gibt es kein Netz zum Telefonieren.<\/p>\n<p style=\"text-align: center;\"><a href=\"http:\/\/www.mundi-roth.de\/teneriffa-blog\/wp-content\/uploads\/2013\/03\/P1080372.jpg\" rel=\"lightbox[2379]\"><img loading=\"lazy\" decoding=\"async\" class=\"alignleft size-thumbnail wp-image-2405\" title=\"P1080372\" src=\"http:\/\/www.mundi-roth.de\/teneriffa-blog\/wp-content\/uploads\/2013\/03\/P1080372-150x112.jpg\" alt=\"\" width=\"150\" height=\"112\" srcset=\"https:\/\/www.mundi-roth.de\/teneriffa-blog\/wp-content\/uploads\/2013\/03\/P1080372-150x112.jpg 150w, https:\/\/www.mundi-roth.de\/teneriffa-blog\/wp-content\/uploads\/2013\/03\/P1080372-300x225.jpg 300w, https:\/\/www.mundi-roth.de\/teneriffa-blog\/wp-content\/uploads\/2013\/03\/P1080372.jpg 900w\" sizes=\"auto, (max-width: 150px) 100vw, 150px\" \/><\/a><a href=\"http:\/\/www.mundi-roth.de\/teneriffa-blog\/wp-content\/uploads\/2013\/03\/P1080370.jpg\" rel=\"lightbox[2379]\"><img loading=\"lazy\" decoding=\"async\" class=\"aligncenter size-thumbnail wp-image-2406\" title=\"P1080370\" src=\"http:\/\/www.mundi-roth.de\/teneriffa-blog\/wp-content\/uploads\/2013\/03\/P1080370-150x112.jpg\" alt=\"\" width=\"150\" height=\"112\" srcset=\"https:\/\/www.mundi-roth.de\/teneriffa-blog\/wp-content\/uploads\/2013\/03\/P1080370-150x112.jpg 150w, https:\/\/www.mundi-roth.de\/teneriffa-blog\/wp-content\/uploads\/2013\/03\/P1080370-300x225.jpg 300w, https:\/\/www.mundi-roth.de\/teneriffa-blog\/wp-content\/uploads\/2013\/03\/P1080370.jpg 900w\" sizes=\"auto, (max-width: 150px) 100vw, 150px\" \/><\/a><\/p>\n<p>Unten, im Barranco, wandern wir \u00fcber heftige Steinbrocken, blicken rechts hoch auf die \u201eLajas\u201c die Platten und werden zum Schluss noch mit dem Blick auf einen sch\u00f6nen Natternkopf-Busch belohnt.<\/p>\n<p style=\"text-align: center;\"><a href=\"http:\/\/www.mundi-roth.de\/teneriffa-blog\/wp-content\/uploads\/2013\/03\/P1080373.jpg\" rel=\"lightbox[2379]\"><img loading=\"lazy\" decoding=\"async\" class=\"aligncenter size-thumbnail wp-image-2407\" title=\"P1080373\" src=\"http:\/\/www.mundi-roth.de\/teneriffa-blog\/wp-content\/uploads\/2013\/03\/P1080373-150x112.jpg\" alt=\"\" width=\"150\" height=\"112\" srcset=\"https:\/\/www.mundi-roth.de\/teneriffa-blog\/wp-content\/uploads\/2013\/03\/P1080373-150x112.jpg 150w, https:\/\/www.mundi-roth.de\/teneriffa-blog\/wp-content\/uploads\/2013\/03\/P1080373-300x225.jpg 300w, https:\/\/www.mundi-roth.de\/teneriffa-blog\/wp-content\/uploads\/2013\/03\/P1080373.jpg 900w\" sizes=\"auto, (max-width: 150px) 100vw, 150px\" \/><\/a><\/p>\n<p>Es passt: Wir kommen an und wer erwartet uns? Mein lieber Mann!<\/p>\n<p>Nun m\u00fcssen wir nochmal hoch nach Vilaflor Elisabeths Auto holen und kehren in Escalona \u2013 wie schon mehrfach \u2013 im Restaurant<strong> \u201eLa Barrica\u201c<\/strong> ein.<\/p>\n<p>Wie immer: Zur vollsten Zufriedenheit.<br \/>\nNur ein Tipp am Rande: Der Gro\u00dfvater des Wirts war sein \u201eprofesor\u201c. Nunmehr keltert der Wirt den Wei\u00dfwein und den Rotwein selbst, ohne Filter, dadurch zwar mit etwas Tr\u00fcbstoffen, aber vom Geschmack her: <strong>unvergleichlich gut!<\/strong><\/p>\n","protected":false},"excerpt":{"rendered":"<p>Das heutige Wetter gab unsere Wanderung vor. Angedacht war von Ifonche \u00fcber Roque Imoque nach\u00a0 Arona zu gehen. Jedoch: die Wolken hingen so tief und oberhalb schien die Sonne. Also umdisponieret: Vilaflor \u2013 Ifonche F\u00fcr uns kein Problem, denn Taxi \u201eIrmEli\u201c sammelt uns \u00fcberall ein. Wanderwegstrecke: 3 Stunden ohne nennenswerte Pause, 11,1 Kilometer Die Strecke [&hellip;]<\/p>\n","protected":false},"author":4,"featured_media":0,"comment_status":"open","ping_status":"open","sticky":false,"template":"","format":"standard","meta":{"footnotes":""},"categories":[774,6],"tags":[632,64,178,429,17],"class_list":["post-2379","post","type-post","status-publish","format-standard","hentry","category-vilaflor","category-wanderungen","tag-hotel-vill-alba","tag-ifonche","tag-la-barrica","tag-las-lajas","tag-vilaflor"],"yoast_head":"<!-- This site is optimized with the Yoast SEO plugin v27.5 - https:\/\/yoast.com\/product\/yoast-seo-wordpress\/ -->\n<title>Vilaflor - Ifonche - Teneriffa Wandern<\/title>\n<meta name=\"robots\" content=\"index, follow, max-snippet:-1, max-image-preview:large, max-video-preview:-1\" \/>\n<link rel=\"canonical\" href=\"https:\/\/www.mundi-roth.de\/teneriffa-blog\/wanderungen\/vilaflor-ifonche\/\" \/>\n<meta name=\"twitter:label1\" content=\"Verfasst von\" \/>\n\t<meta name=\"twitter:data1\" content=\"mundi\" \/>\n\t<meta name=\"twitter:label2\" content=\"Gesch\u00e4tzte Lesezeit\" \/>\n\t<meta name=\"twitter:data2\" content=\"4\u00a0Minuten\" \/>\n<script type=\"application\/ld+json\" class=\"yoast-schema-graph\">{\"@context\":\"https:\\\/\\\/schema.org\",\"@graph\":[{\"@type\":\"Article\",\"@id\":\"https:\\\/\\\/www.mundi-roth.de\\\/teneriffa-blog\\\/wanderungen\\\/vilaflor-ifonche\\\/#article\",\"isPartOf\":{\"@id\":\"https:\\\/\\\/www.mundi-roth.de\\\/teneriffa-blog\\\/wanderungen\\\/vilaflor-ifonche\\\/\"},\"author\":{\"name\":\"mundi\",\"@id\":\"https:\\\/\\\/www.mundi-roth.de\\\/teneriffa-blog\\\/#\\\/schema\\\/person\\\/971c66b55f3ae5e8741553688c413cac\"},\"headline\":\"Vilaflor &#8211; Ifonche\",\"datePublished\":\"2013-03-07T21:00:18+00:00\",\"dateModified\":\"2015-04-06T16:42:38+00:00\",\"mainEntityOfPage\":{\"@id\":\"https:\\\/\\\/www.mundi-roth.de\\\/teneriffa-blog\\\/wanderungen\\\/vilaflor-ifonche\\\/\"},\"wordCount\":811,\"commentCount\":0,\"image\":{\"@id\":\"https:\\\/\\\/www.mundi-roth.de\\\/teneriffa-blog\\\/wanderungen\\\/vilaflor-ifonche\\\/#primaryimage\"},\"thumbnailUrl\":\"http:\\\/\\\/www.mundi-roth.de\\\/teneriffa-blog\\\/wp-content\\\/uploads\\\/2013\\\/03\\\/P1080281-150x112.jpg\",\"keywords\":[\"Hotel Vill-Alba\",\"Ifonche\",\"La Barrica\",\"Las Lajas\",\"Vilaflor\"],\"articleSection\":[\"Vilaflor\",\"Wanderungen\"],\"inLanguage\":\"de\",\"potentialAction\":[{\"@type\":\"CommentAction\",\"name\":\"Comment\",\"target\":[\"https:\\\/\\\/www.mundi-roth.de\\\/teneriffa-blog\\\/wanderungen\\\/vilaflor-ifonche\\\/#respond\"]}]},{\"@type\":\"WebPage\",\"@id\":\"https:\\\/\\\/www.mundi-roth.de\\\/teneriffa-blog\\\/wanderungen\\\/vilaflor-ifonche\\\/\",\"url\":\"https:\\\/\\\/www.mundi-roth.de\\\/teneriffa-blog\\\/wanderungen\\\/vilaflor-ifonche\\\/\",\"name\":\"Vilaflor - Ifonche - Teneriffa Wandern\",\"isPartOf\":{\"@id\":\"https:\\\/\\\/www.mundi-roth.de\\\/teneriffa-blog\\\/#website\"},\"primaryImageOfPage\":{\"@id\":\"https:\\\/\\\/www.mundi-roth.de\\\/teneriffa-blog\\\/wanderungen\\\/vilaflor-ifonche\\\/#primaryimage\"},\"image\":{\"@id\":\"https:\\\/\\\/www.mundi-roth.de\\\/teneriffa-blog\\\/wanderungen\\\/vilaflor-ifonche\\\/#primaryimage\"},\"thumbnailUrl\":\"http:\\\/\\\/www.mundi-roth.de\\\/teneriffa-blog\\\/wp-content\\\/uploads\\\/2013\\\/03\\\/P1080281-150x112.jpg\",\"datePublished\":\"2013-03-07T21:00:18+00:00\",\"dateModified\":\"2015-04-06T16:42:38+00:00\",\"author\":{\"@id\":\"https:\\\/\\\/www.mundi-roth.de\\\/teneriffa-blog\\\/#\\\/schema\\\/person\\\/971c66b55f3ae5e8741553688c413cac\"},\"breadcrumb\":{\"@id\":\"https:\\\/\\\/www.mundi-roth.de\\\/teneriffa-blog\\\/wanderungen\\\/vilaflor-ifonche\\\/#breadcrumb\"},\"inLanguage\":\"de\",\"potentialAction\":[{\"@type\":\"ReadAction\",\"target\":[\"https:\\\/\\\/www.mundi-roth.de\\\/teneriffa-blog\\\/wanderungen\\\/vilaflor-ifonche\\\/\"]}]},{\"@type\":\"ImageObject\",\"inLanguage\":\"de\",\"@id\":\"https:\\\/\\\/www.mundi-roth.de\\\/teneriffa-blog\\\/wanderungen\\\/vilaflor-ifonche\\\/#primaryimage\",\"url\":\"https:\\\/\\\/www.mundi-roth.de\\\/teneriffa-blog\\\/wp-content\\\/uploads\\\/2013\\\/03\\\/P1080281.jpg\",\"contentUrl\":\"https:\\\/\\\/www.mundi-roth.de\\\/teneriffa-blog\\\/wp-content\\\/uploads\\\/2013\\\/03\\\/P1080281.jpg\",\"width\":\"900\",\"height\":\"675\"},{\"@type\":\"BreadcrumbList\",\"@id\":\"https:\\\/\\\/www.mundi-roth.de\\\/teneriffa-blog\\\/wanderungen\\\/vilaflor-ifonche\\\/#breadcrumb\",\"itemListElement\":[{\"@type\":\"ListItem\",\"position\":1,\"name\":\"Startseite\",\"item\":\"https:\\\/\\\/www.mundi-roth.de\\\/teneriffa-blog\\\/\"},{\"@type\":\"ListItem\",\"position\":2,\"name\":\"Vilaflor &#8211; Ifonche\"}]},{\"@type\":\"WebSite\",\"@id\":\"https:\\\/\\\/www.mundi-roth.de\\\/teneriffa-blog\\\/#website\",\"url\":\"https:\\\/\\\/www.mundi-roth.de\\\/teneriffa-blog\\\/\",\"name\":\"Teneriffa Wandern\",\"description\":\"Nicht nur Wanderungen auf Teneriffa...\",\"potentialAction\":[{\"@type\":\"SearchAction\",\"target\":{\"@type\":\"EntryPoint\",\"urlTemplate\":\"https:\\\/\\\/www.mundi-roth.de\\\/teneriffa-blog\\\/?s={search_term_string}\"},\"query-input\":{\"@type\":\"PropertyValueSpecification\",\"valueRequired\":true,\"valueName\":\"search_term_string\"}}],\"inLanguage\":\"de\"},{\"@type\":\"Person\",\"@id\":\"https:\\\/\\\/www.mundi-roth.de\\\/teneriffa-blog\\\/#\\\/schema\\\/person\\\/971c66b55f3ae5e8741553688c413cac\",\"name\":\"mundi\",\"image\":{\"@type\":\"ImageObject\",\"inLanguage\":\"de\",\"@id\":\"https:\\\/\\\/secure.gravatar.com\\\/avatar\\\/555f0dd85428f1a9330f8e5dbe9e40ff9ca912bb81e5a89747ebf3ca9c20dc0f?s=96&d=mm&r=g\",\"url\":\"https:\\\/\\\/secure.gravatar.com\\\/avatar\\\/555f0dd85428f1a9330f8e5dbe9e40ff9ca912bb81e5a89747ebf3ca9c20dc0f?s=96&d=mm&r=g\",\"contentUrl\":\"https:\\\/\\\/secure.gravatar.com\\\/avatar\\\/555f0dd85428f1a9330f8e5dbe9e40ff9ca912bb81e5a89747ebf3ca9c20dc0f?s=96&d=mm&r=g\",\"caption\":\"mundi\"},\"sameAs\":[\"http:\\\/\\\/mundi-roth.de\"],\"url\":\"https:\\\/\\\/www.mundi-roth.de\\\/teneriffa-blog\\\/author\\\/mundi\\\/\"}]}<\/script>\n<!-- \/ Yoast SEO plugin. -->","yoast_head_json":{"title":"Vilaflor - Ifonche - Teneriffa Wandern","robots":{"index":"index","follow":"follow","max-snippet":"max-snippet:-1","max-image-preview":"max-image-preview:large","max-video-preview":"max-video-preview:-1"},"canonical":"https:\/\/www.mundi-roth.de\/teneriffa-blog\/wanderungen\/vilaflor-ifonche\/","twitter_misc":{"Verfasst von":"mundi","Gesch\u00e4tzte Lesezeit":"4\u00a0Minuten"},"schema":{"@context":"https:\/\/schema.org","@graph":[{"@type":"Article","@id":"https:\/\/www.mundi-roth.de\/teneriffa-blog\/wanderungen\/vilaflor-ifonche\/#article","isPartOf":{"@id":"https:\/\/www.mundi-roth.de\/teneriffa-blog\/wanderungen\/vilaflor-ifonche\/"},"author":{"name":"mundi","@id":"https:\/\/www.mundi-roth.de\/teneriffa-blog\/#\/schema\/person\/971c66b55f3ae5e8741553688c413cac"},"headline":"Vilaflor &#8211; Ifonche","datePublished":"2013-03-07T21:00:18+00:00","dateModified":"2015-04-06T16:42:38+00:00","mainEntityOfPage":{"@id":"https:\/\/www.mundi-roth.de\/teneriffa-blog\/wanderungen\/vilaflor-ifonche\/"},"wordCount":811,"commentCount":0,"image":{"@id":"https:\/\/www.mundi-roth.de\/teneriffa-blog\/wanderungen\/vilaflor-ifonche\/#primaryimage"},"thumbnailUrl":"http:\/\/www.mundi-roth.de\/teneriffa-blog\/wp-content\/uploads\/2013\/03\/P1080281-150x112.jpg","keywords":["Hotel Vill-Alba","Ifonche","La Barrica","Las Lajas","Vilaflor"],"articleSection":["Vilaflor","Wanderungen"],"inLanguage":"de","potentialAction":[{"@type":"CommentAction","name":"Comment","target":["https:\/\/www.mundi-roth.de\/teneriffa-blog\/wanderungen\/vilaflor-ifonche\/#respond"]}]},{"@type":"WebPage","@id":"https:\/\/www.mundi-roth.de\/teneriffa-blog\/wanderungen\/vilaflor-ifonche\/","url":"https:\/\/www.mundi-roth.de\/teneriffa-blog\/wanderungen\/vilaflor-ifonche\/","name":"Vilaflor - Ifonche - Teneriffa Wandern","isPartOf":{"@id":"https:\/\/www.mundi-roth.de\/teneriffa-blog\/#website"},"primaryImageOfPage":{"@id":"https:\/\/www.mundi-roth.de\/teneriffa-blog\/wanderungen\/vilaflor-ifonche\/#primaryimage"},"image":{"@id":"https:\/\/www.mundi-roth.de\/teneriffa-blog\/wanderungen\/vilaflor-ifonche\/#primaryimage"},"thumbnailUrl":"http:\/\/www.mundi-roth.de\/teneriffa-blog\/wp-content\/uploads\/2013\/03\/P1080281-150x112.jpg","datePublished":"2013-03-07T21:00:18+00:00","dateModified":"2015-04-06T16:42:38+00:00","author":{"@id":"https:\/\/www.mundi-roth.de\/teneriffa-blog\/#\/schema\/person\/971c66b55f3ae5e8741553688c413cac"},"breadcrumb":{"@id":"https:\/\/www.mundi-roth.de\/teneriffa-blog\/wanderungen\/vilaflor-ifonche\/#breadcrumb"},"inLanguage":"de","potentialAction":[{"@type":"ReadAction","target":["https:\/\/www.mundi-roth.de\/teneriffa-blog\/wanderungen\/vilaflor-ifonche\/"]}]},{"@type":"ImageObject","inLanguage":"de","@id":"https:\/\/www.mundi-roth.de\/teneriffa-blog\/wanderungen\/vilaflor-ifonche\/#primaryimage","url":"https:\/\/www.mundi-roth.de\/teneriffa-blog\/wp-content\/uploads\/2013\/03\/P1080281.jpg","contentUrl":"https:\/\/www.mundi-roth.de\/teneriffa-blog\/wp-content\/uploads\/2013\/03\/P1080281.jpg","width":"900","height":"675"},{"@type":"BreadcrumbList","@id":"https:\/\/www.mundi-roth.de\/teneriffa-blog\/wanderungen\/vilaflor-ifonche\/#breadcrumb","itemListElement":[{"@type":"ListItem","position":1,"name":"Startseite","item":"https:\/\/www.mundi-roth.de\/teneriffa-blog\/"},{"@type":"ListItem","position":2,"name":"Vilaflor &#8211; Ifonche"}]},{"@type":"WebSite","@id":"https:\/\/www.mundi-roth.de\/teneriffa-blog\/#website","url":"https:\/\/www.mundi-roth.de\/teneriffa-blog\/","name":"Teneriffa Wandern","description":"Nicht nur Wanderungen auf Teneriffa...","potentialAction":[{"@type":"SearchAction","target":{"@type":"EntryPoint","urlTemplate":"https:\/\/www.mundi-roth.de\/teneriffa-blog\/?s={search_term_string}"},"query-input":{"@type":"PropertyValueSpecification","valueRequired":true,"valueName":"search_term_string"}}],"inLanguage":"de"},{"@type":"Person","@id":"https:\/\/www.mundi-roth.de\/teneriffa-blog\/#\/schema\/person\/971c66b55f3ae5e8741553688c413cac","name":"mundi","image":{"@type":"ImageObject","inLanguage":"de","@id":"https:\/\/secure.gravatar.com\/avatar\/555f0dd85428f1a9330f8e5dbe9e40ff9ca912bb81e5a89747ebf3ca9c20dc0f?s=96&d=mm&r=g","url":"https:\/\/secure.gravatar.com\/avatar\/555f0dd85428f1a9330f8e5dbe9e40ff9ca912bb81e5a89747ebf3ca9c20dc0f?s=96&d=mm&r=g","contentUrl":"https:\/\/secure.gravatar.com\/avatar\/555f0dd85428f1a9330f8e5dbe9e40ff9ca912bb81e5a89747ebf3ca9c20dc0f?s=96&d=mm&r=g","caption":"mundi"},"sameAs":["http:\/\/mundi-roth.de"],"url":"https:\/\/www.mundi-roth.de\/teneriffa-blog\/author\/mundi\/"}]}},"_links":{"self":[{"href":"https:\/\/www.mundi-roth.de\/teneriffa-blog\/wp-json\/wp\/v2\/posts\/2379","targetHints":{"allow":["GET"]}}],"collection":[{"href":"https:\/\/www.mundi-roth.de\/teneriffa-blog\/wp-json\/wp\/v2\/posts"}],"about":[{"href":"https:\/\/www.mundi-roth.de\/teneriffa-blog\/wp-json\/wp\/v2\/types\/post"}],"author":[{"embeddable":true,"href":"https:\/\/www.mundi-roth.de\/teneriffa-blog\/wp-json\/wp\/v2\/users\/4"}],"replies":[{"embeddable":true,"href":"https:\/\/www.mundi-roth.de\/teneriffa-blog\/wp-json\/wp\/v2\/comments?post=2379"}],"version-history":[{"count":0,"href":"https:\/\/www.mundi-roth.de\/teneriffa-blog\/wp-json\/wp\/v2\/posts\/2379\/revisions"}],"wp:attachment":[{"href":"https:\/\/www.mundi-roth.de\/teneriffa-blog\/wp-json\/wp\/v2\/media?parent=2379"}],"wp:term":[{"taxonomy":"category","embeddable":true,"href":"https:\/\/www.mundi-roth.de\/teneriffa-blog\/wp-json\/wp\/v2\/categories?post=2379"},{"taxonomy":"post_tag","embeddable":true,"href":"https:\/\/www.mundi-roth.de\/teneriffa-blog\/wp-json\/wp\/v2\/tags?post=2379"}],"curies":[{"name":"wp","href":"https:\/\/api.w.org\/{rel}","templated":true}]}}