{"id":2447,"date":"2013-03-22T22:00:19","date_gmt":"2013-03-22T21:00:19","guid":{"rendered":"http:\/\/www.mundi-roth.de\/teneriffa-blog\/?p=2447"},"modified":"2015-04-06T17:36:13","modified_gmt":"2015-04-06T16:36:13","slug":"chinyero-garachico","status":"publish","type":"post","link":"https:\/\/www.mundi-roth.de\/teneriffa-blog\/wanderungen\/chinyero-garachico\/","title":{"rendered":"Chinyero \u2013 Garachico"},"content":{"rendered":"<p style=\"text-align: center;\"><strong><br \/>\n<\/strong><\/p>\n<h2 style=\"text-align: center;\">DIE Vulkanwanderung<\/h2>\n<p><strong>Bei unserer <a href=\"http:\/\/www.mundi-roth.de\/teneriffa-blog\/wanderungen\/vulkanwanderung\/\">Vulkanwanderung vom Chinyero vorbei am Vulkan Garachico nach San Jos\u00e9 de los Llanos<\/a> im Februar diesen Jahres sahen wir das Hinweisschild \u201cGarachico 12,9 km\u201c. Elisabeths und mein Entschluss stand fest: Diese Tour gehen wir noch in der Saison. Zudem ist Garachico mit einer der sch\u00f6nsten Orte hier auf der Insel.<\/strong><\/p>\n<p>Heute ist also der Tag: Bei strahlendem Sonnenschein f\u00e4hrt mein lieber Mann\u00a0 Elisabeth, Theo und mich schon um 9 Uhr hoch zum Chinyero.<\/p>\n<p>Es beginnt eine Wanderung die ihresgleichen sucht und die auf unserer<a href=\"http:\/\/www.mundi-roth.de\/teneriffa-blog\/wp-content\/uploads\/2013\/03\/2Track.jpg\" rel=\"lightbox[2447]\"><img loading=\"lazy\" decoding=\"async\" class=\"alignright size-thumbnail wp-image-2494\" title=\"2Track\" src=\"http:\/\/www.mundi-roth.de\/teneriffa-blog\/wp-content\/uploads\/2013\/03\/2Track-150x142.jpg\" alt=\"\" width=\"150\" height=\"142\" srcset=\"https:\/\/www.mundi-roth.de\/teneriffa-blog\/wp-content\/uploads\/2013\/03\/2Track-150x142.jpg 150w, https:\/\/www.mundi-roth.de\/teneriffa-blog\/wp-content\/uploads\/2013\/03\/2Track-300x285.jpg 300w, https:\/\/www.mundi-roth.de\/teneriffa-blog\/wp-content\/uploads\/2013\/03\/2Track.jpg 727w\" sizes=\"auto, (max-width: 150px) 100vw, 150px\" \/><\/a> Favoritenliste ganz, ganz oben steht.<\/p>\n<p>Sie ist zwar lang, jedoch ohne gro\u00dfen Schwierigkeiten, wenn man gute Knie und gute Schuhe hat, aber so was von sch\u00f6n und abwechslungsreich mit ihren unterschiedlichen Vegetationszonen. Einfach wundersch\u00f6n!!!<\/p>\n<p><strong>Wanderwegstrecke:<\/strong> 5 Stunden 40 Minuten mit zwei kurzen Pausen &#8211; ca. 15km und ca. 1500 H\u00f6henmeter<\/p>\n<p><a href=\"http:\/\/www.mundi-roth.de\/teneriffa-blog\/wp-content\/uploads\/2013\/03\/P1080468.jpg\" rel=\"lightbox[2447]\"><img loading=\"lazy\" decoding=\"async\" class=\"alignleft size-thumbnail wp-image-2449\" title=\"P1080468\" src=\"http:\/\/www.mundi-roth.de\/teneriffa-blog\/wp-content\/uploads\/2013\/03\/P1080468-150x112.jpg\" alt=\"\" width=\"150\" height=\"112\" srcset=\"https:\/\/www.mundi-roth.de\/teneriffa-blog\/wp-content\/uploads\/2013\/03\/P1080468-150x112.jpg 150w, https:\/\/www.mundi-roth.de\/teneriffa-blog\/wp-content\/uploads\/2013\/03\/P1080468-300x225.jpg 300w, https:\/\/www.mundi-roth.de\/teneriffa-blog\/wp-content\/uploads\/2013\/03\/P1080468.jpg 900w\" sizes=\"auto, (max-width: 150px) 100vw, 150px\" \/><\/a>Der<a href=\"http:\/\/www.mundi-roth.de\/teneriffa-blog\/wanderungen\/rundwanderung-um-die-montana-chinyero\/\"> Beginn der Tour<\/a> ist bekannt: Von der TF38 bis zum gro\u00dfen Baum, hier links und bei den beiden gekennzeichneten Wegen nehmen wir den linken, der<a href=\"http:\/\/www.mundi-roth.de\/teneriffa-blog\/wp-content\/uploads\/2013\/03\/P1080477.jpg\" rel=\"lightbox[2447]\"><img loading=\"lazy\" decoding=\"async\" class=\"alignright size-thumbnail wp-image-2450\" title=\"P1080477\" src=\"http:\/\/www.mundi-roth.de\/teneriffa-blog\/wp-content\/uploads\/2013\/03\/P1080477-150x112.jpg\" alt=\"\" width=\"150\" height=\"112\" srcset=\"https:\/\/www.mundi-roth.de\/teneriffa-blog\/wp-content\/uploads\/2013\/03\/P1080477-150x112.jpg 150w, https:\/\/www.mundi-roth.de\/teneriffa-blog\/wp-content\/uploads\/2013\/03\/P1080477-300x225.jpg 300w, https:\/\/www.mundi-roth.de\/teneriffa-blog\/wp-content\/uploads\/2013\/03\/P1080477.jpg 900w\" sizes=\"auto, (max-width: 150px) 100vw, 150px\" \/><\/a> uns dann links am Lavafluss vorbei f\u00fchrt, mit Blick auf den noch leicht mit Schnee gepuderten Teide und auf die Insel La Palma, die sich aus dem Wolkenmeer erhebt.<br \/>\nEin St\u00fcck gehen wir nun auf der Forststrasse, dann <a href=\"http:\/\/www.mundi-roth.de\/teneriffa-blog\/wp-content\/uploads\/2013\/03\/P1080495.jpg\" rel=\"lightbox[2447]\"><img loading=\"lazy\" decoding=\"async\" class=\"alignleft  wp-image-2451\" title=\"P1080495\" src=\"http:\/\/www.mundi-roth.de\/teneriffa-blog\/wp-content\/uploads\/2013\/03\/P1080495-150x112.jpg\" alt=\"\" width=\"150\" height=\"112\" srcset=\"https:\/\/www.mundi-roth.de\/teneriffa-blog\/wp-content\/uploads\/2013\/03\/P1080495-150x112.jpg 150w, https:\/\/www.mundi-roth.de\/teneriffa-blog\/wp-content\/uploads\/2013\/03\/P1080495-300x225.jpg 300w, https:\/\/www.mundi-roth.de\/teneriffa-blog\/wp-content\/uploads\/2013\/03\/P1080495.jpg 900w\" sizes=\"auto, (max-width: 150px) 100vw, 150px\" \/><\/a>werden wir rechts hoch\u00a0 \u00fcber eine paar Treppen durch den Lavastrom in 15 Minuten zu dem Punkt geleitet, an dem wir am 5. Februar den erw\u00e4hnten Hinweis sahen.<\/p>\n<p>Hier \u00fcberqueren wir die Forststra\u00dfe und folgen weitere 5 Minuten dem Weg, um<a href=\"http:\/\/www.mundi-roth.de\/teneriffa-blog\/wp-content\/uploads\/2013\/03\/P1080491.jpg\" rel=\"lightbox[2447]\"><img loading=\"lazy\" decoding=\"async\" class=\"alignright size-thumbnail wp-image-2448\" title=\"P1080491\" src=\"http:\/\/www.mundi-roth.de\/teneriffa-blog\/wp-content\/uploads\/2013\/03\/P1080491-150x112.jpg\" alt=\"\" width=\"150\" height=\"112\" srcset=\"https:\/\/www.mundi-roth.de\/teneriffa-blog\/wp-content\/uploads\/2013\/03\/P1080491-150x112.jpg 150w, https:\/\/www.mundi-roth.de\/teneriffa-blog\/wp-content\/uploads\/2013\/03\/P1080491-300x225.jpg 300w, https:\/\/www.mundi-roth.de\/teneriffa-blog\/wp-content\/uploads\/2013\/03\/P1080491.jpg 900w\" sizes=\"auto, (max-width: 150px) 100vw, 150px\" \/><\/a> dann nach rechts dem Schild \u201ePR TF 43 Garachico\u00a0 12,5 km\u201c zu folgen.<\/p>\n<p>Der Weg ist phantastisch pr\u00e4pariert. Von Anfang bis Ende ist er ges\u00e4umt von dicken Lavabrocken und von Anfang bis Ende ist die Bodenbeschaffenheit wechselnd von Kiefernnadeln zu Lavagrus zu grober Lava wieder zu Kiefernnadeln \u2026&#8230;&#8230;.<br \/>\nZudem tauchen st\u00e4ndig entsprechende Hinweisschilder auf.<br \/>\nAlso: keine Gefahr sich zu verlaufen oder zu versteigen.<\/p>\n<p style=\"text-align: center;\"><a href=\"http:\/\/www.mundi-roth.de\/teneriffa-blog\/wp-content\/uploads\/2013\/03\/P1080497.jpg\" rel=\"lightbox[2447]\"><img loading=\"lazy\" decoding=\"async\" class=\"alignleft size-thumbnail wp-image-2452\" title=\"P1080497\" src=\"http:\/\/www.mundi-roth.de\/teneriffa-blog\/wp-content\/uploads\/2013\/03\/P1080497-150x112.jpg\" alt=\"\" width=\"150\" height=\"112\" srcset=\"https:\/\/www.mundi-roth.de\/teneriffa-blog\/wp-content\/uploads\/2013\/03\/P1080497-150x112.jpg 150w, https:\/\/www.mundi-roth.de\/teneriffa-blog\/wp-content\/uploads\/2013\/03\/P1080497-300x225.jpg 300w, https:\/\/www.mundi-roth.de\/teneriffa-blog\/wp-content\/uploads\/2013\/03\/P1080497.jpg 900w\" sizes=\"auto, (max-width: 150px) 100vw, 150px\" \/><\/a><a href=\"http:\/\/www.mundi-roth.de\/teneriffa-blog\/wp-content\/uploads\/2013\/03\/P1080558.jpg\" rel=\"lightbox[2447]\"><img loading=\"lazy\" decoding=\"async\" class=\"aligncenter  wp-image-2453\" title=\"P1080558\" src=\"http:\/\/www.mundi-roth.de\/teneriffa-blog\/wp-content\/uploads\/2013\/03\/P1080558-150x112.jpg\" alt=\"\" width=\"150\" height=\"112\" srcset=\"https:\/\/www.mundi-roth.de\/teneriffa-blog\/wp-content\/uploads\/2013\/03\/P1080558-150x112.jpg 150w, https:\/\/www.mundi-roth.de\/teneriffa-blog\/wp-content\/uploads\/2013\/03\/P1080558-300x225.jpg 300w, https:\/\/www.mundi-roth.de\/teneriffa-blog\/wp-content\/uploads\/2013\/03\/P1080558.jpg 900w\" sizes=\"auto, (max-width: 150px) 100vw, 150px\" \/><\/a><\/p>\n<p style=\"text-align: center;\"><a href=\"http:\/\/www.mundi-roth.de\/teneriffa-blog\/wp-content\/uploads\/2013\/03\/P1080577.jpg\" rel=\"lightbox[2447]\"><img loading=\"lazy\" decoding=\"async\" class=\"alignleft size-thumbnail wp-image-2454\" title=\"P1080577\" src=\"http:\/\/www.mundi-roth.de\/teneriffa-blog\/wp-content\/uploads\/2013\/03\/P1080577-150x112.jpg\" alt=\"\" width=\"150\" height=\"112\" srcset=\"https:\/\/www.mundi-roth.de\/teneriffa-blog\/wp-content\/uploads\/2013\/03\/P1080577-150x112.jpg 150w, https:\/\/www.mundi-roth.de\/teneriffa-blog\/wp-content\/uploads\/2013\/03\/P1080577-300x225.jpg 300w, https:\/\/www.mundi-roth.de\/teneriffa-blog\/wp-content\/uploads\/2013\/03\/P1080577.jpg 900w\" sizes=\"auto, (max-width: 150px) 100vw, 150px\" \/><\/a><a href=\"http:\/\/www.mundi-roth.de\/teneriffa-blog\/wp-content\/uploads\/2013\/03\/P1080607.jpg\" rel=\"lightbox[2447]\"><img loading=\"lazy\" decoding=\"async\" class=\"aligncenter size-thumbnail wp-image-2455\" title=\"P1080607\" src=\"http:\/\/www.mundi-roth.de\/teneriffa-blog\/wp-content\/uploads\/2013\/03\/P1080607-150x112.jpg\" alt=\"\" width=\"150\" height=\"112\" srcset=\"https:\/\/www.mundi-roth.de\/teneriffa-blog\/wp-content\/uploads\/2013\/03\/P1080607-150x112.jpg 150w, https:\/\/www.mundi-roth.de\/teneriffa-blog\/wp-content\/uploads\/2013\/03\/P1080607-300x225.jpg 300w, https:\/\/www.mundi-roth.de\/teneriffa-blog\/wp-content\/uploads\/2013\/03\/P1080607.jpg 900w\" sizes=\"auto, (max-width: 150px) 100vw, 150px\" \/><\/a><\/p>\n<p>Fast die gesamte Wanderung gehen wir durch lichten Kiefernwald mit wechselnden zus\u00e4tzlichen Bepflanzungen. Anfangs noch sehr \u00fcppig mit \u201eEscobon\u201c, dem Sprossenden Zwergginster und auch Blumen, wie dem strahlend gelben Kanaren-Hahnenfu\u00df oder dem roten Berg-Erdrauch, sp\u00e4ter kommt die Baumheide dazu, in einem gro\u00dfen Abschnitt herrschen die B\u00fcsche <a href=\"http:\/\/www.mundi-roth.de\/teneriffa-blog\/wp-content\/uploads\/2013\/03\/P1080549.jpg\" rel=\"lightbox[2447]\"><img loading=\"lazy\" decoding=\"async\" class=\"alignleft size-thumbnail wp-image-2456\" title=\"P1080549\" src=\"http:\/\/www.mundi-roth.de\/teneriffa-blog\/wp-content\/uploads\/2013\/03\/P1080549-150x112.jpg\" alt=\"\" width=\"150\" height=\"112\" srcset=\"https:\/\/www.mundi-roth.de\/teneriffa-blog\/wp-content\/uploads\/2013\/03\/P1080549-150x112.jpg 150w, https:\/\/www.mundi-roth.de\/teneriffa-blog\/wp-content\/uploads\/2013\/03\/P1080549-300x225.jpg 300w, https:\/\/www.mundi-roth.de\/teneriffa-blog\/wp-content\/uploads\/2013\/03\/P1080549.jpg 900w\" sizes=\"auto, (max-width: 150px) 100vw, 150px\" \/><\/a>der Beinwellbl\u00e4ttrigen Zistrose vor, etwas sp\u00e4ter gesellt sich der Kanarische Lorbeerbaum dazu und in dieser Region haben wir uns\u00a0 immerhin Garachico schon auf 8,4 km gen\u00e4hert.<br \/>\nDann wiederum ist fast ausschlie\u00dflich Farn anzutreffen und zwischen durch verschiedene Arten der Aeonien und die Lava ist \u00fcberzogen von grauen Flechten. Im unteren Bereich treffen wir auf eine fast buschartige Kiefernart wie wir sie noch auf keiner Wanderung angetroffen haben.<a href=\"http:\/\/www.mundi-roth.de\/teneriffa-blog\/wp-content\/uploads\/2013\/03\/P1080611.jpg\" rel=\"lightbox[2447]\"><img loading=\"lazy\" decoding=\"async\" class=\"alignright size-thumbnail wp-image-2457\" title=\"P1080611\" src=\"http:\/\/www.mundi-roth.de\/teneriffa-blog\/wp-content\/uploads\/2013\/03\/P1080611-150x112.jpg\" alt=\"\" width=\"150\" height=\"112\" srcset=\"https:\/\/www.mundi-roth.de\/teneriffa-blog\/wp-content\/uploads\/2013\/03\/P1080611-150x112.jpg 150w, https:\/\/www.mundi-roth.de\/teneriffa-blog\/wp-content\/uploads\/2013\/03\/P1080611-300x225.jpg 300w, https:\/\/www.mundi-roth.de\/teneriffa-blog\/wp-content\/uploads\/2013\/03\/P1080611.jpg 900w\" sizes=\"auto, (max-width: 150px) 100vw, 150px\" \/><\/a><br \/>\nBei Elisabeth und mir ist es fast ein Sport geworden, nach dem kleinen, tapferen Bl\u00fcmchen, dem Ackergauchheil, Ausschau zu halten. Und jedesmal freuen wir uns, wenn es sich wieder zwischen der Lava behauptet.<\/p>\n<p style=\"text-align: center;\"><a href=\"http:\/\/www.mundi-roth.de\/teneriffa-blog\/wp-content\/uploads\/2013\/03\/P1080493.jpg\" rel=\"lightbox[2447]\"><img loading=\"lazy\" decoding=\"async\" class=\"alignleft  wp-image-2458\" title=\"P1080493\" src=\"http:\/\/www.mundi-roth.de\/teneriffa-blog\/wp-content\/uploads\/2013\/03\/P1080493-150x112.jpg\" alt=\"\" width=\"150\" height=\"112\" srcset=\"https:\/\/www.mundi-roth.de\/teneriffa-blog\/wp-content\/uploads\/2013\/03\/P1080493-150x112.jpg 150w, https:\/\/www.mundi-roth.de\/teneriffa-blog\/wp-content\/uploads\/2013\/03\/P1080493-300x225.jpg 300w, https:\/\/www.mundi-roth.de\/teneriffa-blog\/wp-content\/uploads\/2013\/03\/P1080493.jpg 900w\" sizes=\"auto, (max-width: 150px) 100vw, 150px\" \/><\/a><a href=\"http:\/\/www.mundi-roth.de\/teneriffa-blog\/wp-content\/uploads\/2013\/03\/P1080544.jpg\" rel=\"lightbox[2447]\"><img loading=\"lazy\" decoding=\"async\" class=\"aligncenter  wp-image-2459\" title=\"P1080544\" src=\"http:\/\/www.mundi-roth.de\/teneriffa-blog\/wp-content\/uploads\/2013\/03\/P1080544-150x112.jpg\" alt=\"\" width=\"150\" height=\"112\" srcset=\"https:\/\/www.mundi-roth.de\/teneriffa-blog\/wp-content\/uploads\/2013\/03\/P1080544-150x112.jpg 150w, https:\/\/www.mundi-roth.de\/teneriffa-blog\/wp-content\/uploads\/2013\/03\/P1080544-300x225.jpg 300w, https:\/\/www.mundi-roth.de\/teneriffa-blog\/wp-content\/uploads\/2013\/03\/P1080544.jpg 900w\" sizes=\"auto, (max-width: 150px) 100vw, 150px\" \/><\/a><\/p>\n<p style=\"text-align: center;\"><a href=\"http:\/\/www.mundi-roth.de\/teneriffa-blog\/wp-content\/uploads\/2013\/03\/P1080547.jpg\" rel=\"lightbox[2447]\"><img loading=\"lazy\" decoding=\"async\" class=\"alignleft size-thumbnail wp-image-2460\" title=\"P1080547\" src=\"http:\/\/www.mundi-roth.de\/teneriffa-blog\/wp-content\/uploads\/2013\/03\/P1080547-150x112.jpg\" alt=\"\" width=\"150\" height=\"112\" srcset=\"https:\/\/www.mundi-roth.de\/teneriffa-blog\/wp-content\/uploads\/2013\/03\/P1080547-150x112.jpg 150w, https:\/\/www.mundi-roth.de\/teneriffa-blog\/wp-content\/uploads\/2013\/03\/P1080547-300x225.jpg 300w, https:\/\/www.mundi-roth.de\/teneriffa-blog\/wp-content\/uploads\/2013\/03\/P1080547.jpg 900w\" sizes=\"auto, (max-width: 150px) 100vw, 150px\" \/><\/a><a href=\"http:\/\/www.mundi-roth.de\/teneriffa-blog\/wp-content\/uploads\/2013\/03\/P1080593.jpg\" rel=\"lightbox[2447]\"><img loading=\"lazy\" decoding=\"async\" class=\"aligncenter  wp-image-2461\" title=\"P1080593\" src=\"http:\/\/www.mundi-roth.de\/teneriffa-blog\/wp-content\/uploads\/2013\/03\/P1080593-150x112.jpg\" alt=\"\" width=\"150\" height=\"112\" srcset=\"https:\/\/www.mundi-roth.de\/teneriffa-blog\/wp-content\/uploads\/2013\/03\/P1080593-150x112.jpg 150w, https:\/\/www.mundi-roth.de\/teneriffa-blog\/wp-content\/uploads\/2013\/03\/P1080593-300x225.jpg 300w, https:\/\/www.mundi-roth.de\/teneriffa-blog\/wp-content\/uploads\/2013\/03\/P1080593.jpg 900w\" sizes=\"auto, (max-width: 150px) 100vw, 150px\" \/><\/a><\/p>\n<p style=\"text-align: center;\"><a href=\"http:\/\/www.mundi-roth.de\/teneriffa-blog\/wp-content\/uploads\/2013\/03\/P1080592.jpg\" rel=\"lightbox[2447]\"><img loading=\"lazy\" decoding=\"async\" class=\"alignleft  wp-image-2462\" title=\"P1080592\" src=\"http:\/\/www.mundi-roth.de\/teneriffa-blog\/wp-content\/uploads\/2013\/03\/P1080592-150x112.jpg\" alt=\"\" width=\"150\" height=\"112\" srcset=\"https:\/\/www.mundi-roth.de\/teneriffa-blog\/wp-content\/uploads\/2013\/03\/P1080592-150x112.jpg 150w, https:\/\/www.mundi-roth.de\/teneriffa-blog\/wp-content\/uploads\/2013\/03\/P1080592-300x225.jpg 300w, https:\/\/www.mundi-roth.de\/teneriffa-blog\/wp-content\/uploads\/2013\/03\/P1080592.jpg 900w\" sizes=\"auto, (max-width: 150px) 100vw, 150px\" \/><\/a><a href=\"http:\/\/www.mundi-roth.de\/teneriffa-blog\/wp-content\/uploads\/2013\/03\/P1080609.jpg\" rel=\"lightbox[2447]\"><img loading=\"lazy\" decoding=\"async\" class=\"aligncenter size-thumbnail wp-image-2463\" title=\"P1080609\" src=\"http:\/\/www.mundi-roth.de\/teneriffa-blog\/wp-content\/uploads\/2013\/03\/P1080609-150x112.jpg\" alt=\"\" width=\"150\" height=\"112\" srcset=\"https:\/\/www.mundi-roth.de\/teneriffa-blog\/wp-content\/uploads\/2013\/03\/P1080609-150x112.jpg 150w, https:\/\/www.mundi-roth.de\/teneriffa-blog\/wp-content\/uploads\/2013\/03\/P1080609-300x225.jpg 300w, https:\/\/www.mundi-roth.de\/teneriffa-blog\/wp-content\/uploads\/2013\/03\/P1080609.jpg 900w\" sizes=\"auto, (max-width: 150px) 100vw, 150px\" \/><\/a><\/p>\n<p>Was uns ganz gro\u00dfe Freude bereitet ist zu sehen, dass die Natur sich tats\u00e4chlich hier nach dem verheerenden Brand vor einigen Jahren wieder regeneriert.<br \/>\nWir haben das Gef\u00fchl, wir gehen durch einen Pflanzkindergarten:<br \/>\nGanz kleine, kleine und schon etwas gr\u00f6\u00dfere Kiefernspr\u00f6sslinge ebenso die Baumheide wachsen wieder heran.<\/p>\n<p style=\"text-align: center;\"><a href=\"http:\/\/www.mundi-roth.de\/teneriffa-blog\/wp-content\/uploads\/2013\/03\/P1080551.jpg\" rel=\"lightbox[2447]\"><img loading=\"lazy\" decoding=\"async\" class=\"alignleft  wp-image-2464\" title=\"P1080551\" src=\"http:\/\/www.mundi-roth.de\/teneriffa-blog\/wp-content\/uploads\/2013\/03\/P1080551-150x112.jpg\" alt=\"\" width=\"150\" height=\"112\" srcset=\"https:\/\/www.mundi-roth.de\/teneriffa-blog\/wp-content\/uploads\/2013\/03\/P1080551-150x112.jpg 150w, https:\/\/www.mundi-roth.de\/teneriffa-blog\/wp-content\/uploads\/2013\/03\/P1080551-300x225.jpg 300w, https:\/\/www.mundi-roth.de\/teneriffa-blog\/wp-content\/uploads\/2013\/03\/P1080551.jpg 900w\" sizes=\"auto, (max-width: 150px) 100vw, 150px\" \/><\/a><a href=\"http:\/\/www.mundi-roth.de\/teneriffa-blog\/wp-content\/uploads\/2013\/03\/P1080492a.jpg\" rel=\"lightbox[2447]\"><img loading=\"lazy\" decoding=\"async\" class=\"aligncenter  wp-image-2465\" title=\"P1080492a\" src=\"http:\/\/www.mundi-roth.de\/teneriffa-blog\/wp-content\/uploads\/2013\/03\/P1080492a-150x125.jpg\" alt=\"\" width=\"150\" height=\"125\" srcset=\"https:\/\/www.mundi-roth.de\/teneriffa-blog\/wp-content\/uploads\/2013\/03\/P1080492a-150x125.jpg 150w, https:\/\/www.mundi-roth.de\/teneriffa-blog\/wp-content\/uploads\/2013\/03\/P1080492a-300x250.jpg 300w, https:\/\/www.mundi-roth.de\/teneriffa-blog\/wp-content\/uploads\/2013\/03\/P1080492a.jpg 900w\" sizes=\"auto, (max-width: 150px) 100vw, 150px\" \/><\/a><\/p>\n<p style=\"text-align: center;\"><a href=\"http:\/\/www.mundi-roth.de\/teneriffa-blog\/wp-content\/uploads\/2013\/03\/P1080530.jpg\" rel=\"lightbox[2447]\"><img loading=\"lazy\" decoding=\"async\" class=\"alignleft size-thumbnail wp-image-2466\" title=\"P1080530\" src=\"http:\/\/www.mundi-roth.de\/teneriffa-blog\/wp-content\/uploads\/2013\/03\/P1080530-150x112.jpg\" alt=\"\" width=\"150\" height=\"112\" srcset=\"https:\/\/www.mundi-roth.de\/teneriffa-blog\/wp-content\/uploads\/2013\/03\/P1080530-150x112.jpg 150w, https:\/\/www.mundi-roth.de\/teneriffa-blog\/wp-content\/uploads\/2013\/03\/P1080530-300x225.jpg 300w, https:\/\/www.mundi-roth.de\/teneriffa-blog\/wp-content\/uploads\/2013\/03\/P1080530.jpg 900w\" sizes=\"auto, (max-width: 150px) 100vw, 150px\" \/><\/a><a href=\"http:\/\/www.mundi-roth.de\/teneriffa-blog\/wp-content\/uploads\/2013\/03\/P1080532.jpg\" rel=\"lightbox[2447]\"><img loading=\"lazy\" decoding=\"async\" class=\"aligncenter size-thumbnail wp-image-2467\" title=\"P1080532\" src=\"http:\/\/www.mundi-roth.de\/teneriffa-blog\/wp-content\/uploads\/2013\/03\/P1080532-150x112.jpg\" alt=\"\" width=\"150\" height=\"112\" srcset=\"https:\/\/www.mundi-roth.de\/teneriffa-blog\/wp-content\/uploads\/2013\/03\/P1080532-150x112.jpg 150w, https:\/\/www.mundi-roth.de\/teneriffa-blog\/wp-content\/uploads\/2013\/03\/P1080532-300x225.jpg 300w, https:\/\/www.mundi-roth.de\/teneriffa-blog\/wp-content\/uploads\/2013\/03\/P1080532.jpg 900w\" sizes=\"auto, (max-width: 150px) 100vw, 150px\" \/><\/a><\/p>\n<p><a href=\"http:\/\/www.mundi-roth.de\/teneriffa-blog\/wp-content\/uploads\/2013\/03\/P1080512.jpg\" rel=\"lightbox[2447]\"><img loading=\"lazy\" decoding=\"async\" class=\"alignleft size-thumbnail wp-image-2468\" title=\"P1080512\" src=\"http:\/\/www.mundi-roth.de\/teneriffa-blog\/wp-content\/uploads\/2013\/03\/P1080512-150x112.jpg\" alt=\"\" width=\"150\" height=\"112\" srcset=\"https:\/\/www.mundi-roth.de\/teneriffa-blog\/wp-content\/uploads\/2013\/03\/P1080512-150x112.jpg 150w, https:\/\/www.mundi-roth.de\/teneriffa-blog\/wp-content\/uploads\/2013\/03\/P1080512-300x225.jpg 300w, https:\/\/www.mundi-roth.de\/teneriffa-blog\/wp-content\/uploads\/2013\/03\/P1080512.jpg 900w\" sizes=\"auto, (max-width: 150px) 100vw, 150px\" \/><\/a>Im Abschnitt des Vulcan Garachico hat sich die neu ausgetriebene Baumheide schon zu richtigen B\u00fcschen entwickelt und es sieht skurril aus, wie sich das frische Gr\u00fcn zwischen den schwarz-verbrannten \u00c4sten abhebt.<\/p>\n<p>Der Weg verl\u00e4uft oberhalb des Vulcan Garachico und<a href=\"http:\/\/www.mundi-roth.de\/teneriffa-blog\/wp-content\/uploads\/2013\/03\/P1080508.jpg\" rel=\"lightbox[2447]\"><img loading=\"lazy\" decoding=\"async\" class=\"alignright size-thumbnail wp-image-2469\" title=\"P1080508\" src=\"http:\/\/www.mundi-roth.de\/teneriffa-blog\/wp-content\/uploads\/2013\/03\/P1080508-150x112.jpg\" alt=\"\" width=\"150\" height=\"112\" srcset=\"https:\/\/www.mundi-roth.de\/teneriffa-blog\/wp-content\/uploads\/2013\/03\/P1080508-150x112.jpg 150w, https:\/\/www.mundi-roth.de\/teneriffa-blog\/wp-content\/uploads\/2013\/03\/P1080508-300x225.jpg 300w, https:\/\/www.mundi-roth.de\/teneriffa-blog\/wp-content\/uploads\/2013\/03\/P1080508.jpg 900w\" sizes=\"auto, (max-width: 150px) 100vw, 150px\" \/><\/a> dem Picknickplatz \u201eArenas Negras\u201c\u00a0 und wir wandern an dem Zugang zu einer Galerie, einem Wasserstollen, vorbei.<\/p>\n<p style=\"text-align: center;\"><a href=\"http:\/\/www.mundi-roth.de\/teneriffa-blog\/wp-content\/uploads\/2013\/03\/P1080520.jpg\" rel=\"lightbox[2447]\"><img loading=\"lazy\" decoding=\"async\" class=\"alignleft size-thumbnail wp-image-2470\" title=\"P1080520\" src=\"http:\/\/www.mundi-roth.de\/teneriffa-blog\/wp-content\/uploads\/2013\/03\/P1080520-150x112.jpg\" alt=\"\" width=\"150\" height=\"112\" srcset=\"https:\/\/www.mundi-roth.de\/teneriffa-blog\/wp-content\/uploads\/2013\/03\/P1080520-150x112.jpg 150w, https:\/\/www.mundi-roth.de\/teneriffa-blog\/wp-content\/uploads\/2013\/03\/P1080520-300x225.jpg 300w, https:\/\/www.mundi-roth.de\/teneriffa-blog\/wp-content\/uploads\/2013\/03\/P1080520.jpg 900w\" sizes=\"auto, (max-width: 150px) 100vw, 150px\" \/><\/a><a href=\"http:\/\/www.mundi-roth.de\/teneriffa-blog\/wp-content\/uploads\/2013\/03\/P1080518.jpg\" rel=\"lightbox[2447]\"><img loading=\"lazy\" decoding=\"async\" class=\"aligncenter size-thumbnail wp-image-2471\" title=\"P1080518\" src=\"http:\/\/www.mundi-roth.de\/teneriffa-blog\/wp-content\/uploads\/2013\/03\/P1080518-150x112.jpg\" alt=\"\" width=\"150\" height=\"112\" srcset=\"https:\/\/www.mundi-roth.de\/teneriffa-blog\/wp-content\/uploads\/2013\/03\/P1080518-150x112.jpg 150w, https:\/\/www.mundi-roth.de\/teneriffa-blog\/wp-content\/uploads\/2013\/03\/P1080518-300x225.jpg 300w, https:\/\/www.mundi-roth.de\/teneriffa-blog\/wp-content\/uploads\/2013\/03\/P1080518.jpg 900w\" sizes=\"auto, (max-width: 150px) 100vw, 150px\" \/><\/a><\/p>\n<p>Hier ist einer der wenigen kleinen Anstiege zu \u201ebew\u00e4ltigen\u201c und danach steigen wir bis zur\u00a0 TF373 (?). ab., unser Weg f\u00fchrt parallel weiter.<\/p>\n<p>Nach 2 Stunden 30 Minuten Gehzeit\u00a0 erreichen wir das \u00d6rtchen Monta\u00f1eta und hier legen wir um 12.15 Uhr unsere obligatorische Apfelpause ein im Angesicht der Kapelle zu Ehren des \u201eSan Franciscus de Asis\u201c.<\/p>\n<p style=\"text-align: center;\"><a href=\"http:\/\/www.mundi-roth.de\/teneriffa-blog\/wp-content\/uploads\/2013\/03\/P1080567.jpg\" rel=\"lightbox[2447]\"><img loading=\"lazy\" decoding=\"async\" class=\"alignleft size-thumbnail wp-image-2472\" title=\"P1080567\" src=\"http:\/\/www.mundi-roth.de\/teneriffa-blog\/wp-content\/uploads\/2013\/03\/P1080567-150x112.jpg\" alt=\"\" width=\"150\" height=\"112\" srcset=\"https:\/\/www.mundi-roth.de\/teneriffa-blog\/wp-content\/uploads\/2013\/03\/P1080567-150x112.jpg 150w, https:\/\/www.mundi-roth.de\/teneriffa-blog\/wp-content\/uploads\/2013\/03\/P1080567-300x225.jpg 300w, https:\/\/www.mundi-roth.de\/teneriffa-blog\/wp-content\/uploads\/2013\/03\/P1080567.jpg 900w\" sizes=\"auto, (max-width: 150px) 100vw, 150px\" \/><\/a><a href=\"http:\/\/www.mundi-roth.de\/teneriffa-blog\/wp-content\/uploads\/2013\/03\/P1080563.jpg\" rel=\"lightbox[2447]\"><img loading=\"lazy\" decoding=\"async\" class=\"aligncenter size-thumbnail wp-image-2473\" title=\"P1080563\" src=\"http:\/\/www.mundi-roth.de\/teneriffa-blog\/wp-content\/uploads\/2013\/03\/P1080563-112x150.jpg\" alt=\"\" width=\"112\" height=\"150\" srcset=\"https:\/\/www.mundi-roth.de\/teneriffa-blog\/wp-content\/uploads\/2013\/03\/P1080563-112x150.jpg 112w, https:\/\/www.mundi-roth.de\/teneriffa-blog\/wp-content\/uploads\/2013\/03\/P1080563-225x300.jpg 225w, https:\/\/www.mundi-roth.de\/teneriffa-blog\/wp-content\/uploads\/2013\/03\/P1080563.jpg 675w\" sizes=\"auto, (max-width: 112px) 100vw, 112px\" \/><\/a><\/p>\n<p><a href=\"http:\/\/www.mundi-roth.de\/teneriffa-blog\/wp-content\/uploads\/2013\/03\/P1080564.jpg\" rel=\"lightbox[2447]\"><img loading=\"lazy\" decoding=\"async\" class=\"alignleft size-thumbnail wp-image-2474\" title=\"P1080564\" src=\"http:\/\/www.mundi-roth.de\/teneriffa-blog\/wp-content\/uploads\/2013\/03\/P1080564-150x112.jpg\" alt=\"\" width=\"150\" height=\"112\" srcset=\"https:\/\/www.mundi-roth.de\/teneriffa-blog\/wp-content\/uploads\/2013\/03\/P1080564-150x112.jpg 150w, https:\/\/www.mundi-roth.de\/teneriffa-blog\/wp-content\/uploads\/2013\/03\/P1080564-300x225.jpg 300w, https:\/\/www.mundi-roth.de\/teneriffa-blog\/wp-content\/uploads\/2013\/03\/P1080564.jpg 900w\" sizes=\"auto, (max-width: 150px) 100vw, 150px\" \/><\/a>Der Wegweiser leitet uns oberhalb der H\u00e4user und einem Kloster (?) an einem Abschnitt vorbei, der von der<a href=\"http:\/\/www.mundi-roth.de\/teneriffa-blog\/wp-content\/uploads\/2013\/03\/P1080569.jpg\" rel=\"lightbox[2447]\"><img loading=\"lazy\" decoding=\"async\" class=\"alignright size-thumbnail wp-image-2475\" title=\"P1080569\" src=\"http:\/\/www.mundi-roth.de\/teneriffa-blog\/wp-content\/uploads\/2013\/03\/P1080569-150x112.jpg\" alt=\"\" width=\"150\" height=\"112\" srcset=\"https:\/\/www.mundi-roth.de\/teneriffa-blog\/wp-content\/uploads\/2013\/03\/P1080569-150x112.jpg 150w, https:\/\/www.mundi-roth.de\/teneriffa-blog\/wp-content\/uploads\/2013\/03\/P1080569-300x225.jpg 300w, https:\/\/www.mundi-roth.de\/teneriffa-blog\/wp-content\/uploads\/2013\/03\/P1080569.jpg 900w\" sizes=\"auto, (max-width: 150px) 100vw, 150px\" \/><\/a> pinkfarbenen Platterbse \u00fcberwuchert ist. Im leichten Aufstieg geht es wieder zur\u00fcck zum Lavafluss des Vulcan Garachico und dem Kiefernwald und als \u201eWege-Begleitgelb\u201c haben wir die Str\u00e4ucher des Europ\u00e4ischen Stechginsters und das Lila der Cinerarien und das Gelb des Nickenden Sauerklees.<\/p>\n<p><a href=\"http:\/\/www.mundi-roth.de\/teneriffa-blog\/wp-content\/uploads\/2013\/03\/P1080575.jpg\" rel=\"lightbox[2447]\"><img loading=\"lazy\" decoding=\"async\" class=\"alignleft size-thumbnail wp-image-2476\" title=\"P1080575\" src=\"http:\/\/www.mundi-roth.de\/teneriffa-blog\/wp-content\/uploads\/2013\/03\/P1080575-150x112.jpg\" alt=\"\" width=\"150\" height=\"112\" srcset=\"https:\/\/www.mundi-roth.de\/teneriffa-blog\/wp-content\/uploads\/2013\/03\/P1080575-150x112.jpg 150w, https:\/\/www.mundi-roth.de\/teneriffa-blog\/wp-content\/uploads\/2013\/03\/P1080575-300x225.jpg 300w, https:\/\/www.mundi-roth.de\/teneriffa-blog\/wp-content\/uploads\/2013\/03\/P1080575.jpg 900w\" sizes=\"auto, (max-width: 150px) 100vw, 150px\" \/><\/a>4,1 km betr\u00e4gt unsere n\u00e4chste Etappe bis zum Ort San Juan de Reparo. <a href=\"http:\/\/www.mundi-roth.de\/teneriffa-blog\/wp-content\/uploads\/2013\/03\/P1080579.jpg\" rel=\"lightbox[2447]\"><img loading=\"lazy\" decoding=\"async\" class=\"alignright size-thumbnail wp-image-2478\" title=\"P1080579\" src=\"http:\/\/www.mundi-roth.de\/teneriffa-blog\/wp-content\/uploads\/2013\/03\/P1080579-150x112.jpg\" alt=\"\" width=\"150\" height=\"112\" srcset=\"https:\/\/www.mundi-roth.de\/teneriffa-blog\/wp-content\/uploads\/2013\/03\/P1080579-150x112.jpg 150w, https:\/\/www.mundi-roth.de\/teneriffa-blog\/wp-content\/uploads\/2013\/03\/P1080579-300x225.jpg 300w, https:\/\/www.mundi-roth.de\/teneriffa-blog\/wp-content\/uploads\/2013\/03\/P1080579.jpg 900w\" sizes=\"auto, (max-width: 150px) 100vw, 150px\" \/><\/a><br \/>\nNach gut 3 Stunden Gehzeit haben wir den ersten Blick auf&#8217;s Meer und kaum eine halbe Stunde sp\u00e4ter passieren wir einen Tunnel unter der TF 82.\u00a0 Feigenb\u00e4ume, G\u00e4nsedisteln und Margariten s\u00e4umen den Weg.<br \/>\n<a href=\"http:\/\/www.mundi-roth.de\/teneriffa-blog\/wp-content\/uploads\/2013\/03\/P1080632.jpg\" rel=\"lightbox[2447]\"><img loading=\"lazy\" decoding=\"async\" class=\"alignleft size-thumbnail wp-image-2479\" title=\"P1080632\" src=\"http:\/\/www.mundi-roth.de\/teneriffa-blog\/wp-content\/uploads\/2013\/03\/P1080632-150x112.jpg\" alt=\"\" width=\"150\" height=\"112\" srcset=\"https:\/\/www.mundi-roth.de\/teneriffa-blog\/wp-content\/uploads\/2013\/03\/P1080632-150x112.jpg 150w, https:\/\/www.mundi-roth.de\/teneriffa-blog\/wp-content\/uploads\/2013\/03\/P1080632-300x225.jpg 300w, https:\/\/www.mundi-roth.de\/teneriffa-blog\/wp-content\/uploads\/2013\/03\/P1080632.jpg 900w\" sizes=\"auto, (max-width: 150px) 100vw, 150px\" \/><\/a>Nur wenige Minuten sp\u00e4ter haben wir den Ort erreicht und\u00a0 es geht steil bergab. An den Laternenpfosten sind die wei\u00df-gelben Balken, die Wege-Kennzeichnung, auszumachen.<br \/>\nDurch die Calle Virgen de las Nieves gelangen wir an die<a href=\"http:\/\/www.mundi-roth.de\/teneriffa-blog\/wp-content\/uploads\/2013\/03\/P1080639.jpg\" rel=\"lightbox[2447]\"><img loading=\"lazy\" decoding=\"async\" class=\"alignright size-thumbnail wp-image-2480\" title=\"P1080639\" src=\"http:\/\/www.mundi-roth.de\/teneriffa-blog\/wp-content\/uploads\/2013\/03\/P1080639-126x150.jpg\" alt=\"\" width=\"126\" height=\"150\" srcset=\"https:\/\/www.mundi-roth.de\/teneriffa-blog\/wp-content\/uploads\/2013\/03\/P1080639-126x150.jpg 126w, https:\/\/www.mundi-roth.de\/teneriffa-blog\/wp-content\/uploads\/2013\/03\/P1080639-252x300.jpg 252w, https:\/\/www.mundi-roth.de\/teneriffa-blog\/wp-content\/uploads\/2013\/03\/P1080639.jpg 636w\" sizes=\"auto, (max-width: 126px) 100vw, 126px\" \/><\/a> Kirche und auf der Plaza legen wir nochmal eine kleine <a href=\"http:\/\/www.mundi-roth.de\/teneriffa-blog\/wp-content\/uploads\/2013\/03\/P1080641a.jpg\" rel=\"lightbox[2447]\"><img loading=\"lazy\" decoding=\"async\" class=\"alignleft size-thumbnail wp-image-2481\" title=\"P1080641a\" src=\"http:\/\/www.mundi-roth.de\/teneriffa-blog\/wp-content\/uploads\/2013\/03\/P1080641a-150x55.jpg\" alt=\"\" width=\"150\" height=\"55\" srcset=\"https:\/\/www.mundi-roth.de\/teneriffa-blog\/wp-content\/uploads\/2013\/03\/P1080641a-150x55.jpg 150w, https:\/\/www.mundi-roth.de\/teneriffa-blog\/wp-content\/uploads\/2013\/03\/P1080641a-300x110.jpg 300w, https:\/\/www.mundi-roth.de\/teneriffa-blog\/wp-content\/uploads\/2013\/03\/P1080641a.jpg 800w\" sizes=\"auto, (max-width: 150px) 100vw, 150px\" \/><\/a>Erholungspause f\u00fcr die Knie ein, denn nun geht es erst richtig steil auf einem ehemaligen \u201ecamino real\u201c\u00a0 &#8211; heute wohl als Kreuzweg genutzten Pfad &#8211;\u00a0 in gro\u00dfen Kehren hinab zu unserem Ziel: Garachico.<br \/>\nDas soll nicht verschwiegen werden, diese letzten 3 km haben es in sich, denn es gilt nochmal 500 H\u00f6henmeter zu <a href=\"http:\/\/www.mundi-roth.de\/teneriffa-blog\/wp-content\/uploads\/2013\/03\/P1080658.jpg\" rel=\"lightbox[2447]\"><img loading=\"lazy\" decoding=\"async\" class=\"alignleft size-thumbnail wp-image-2482\" title=\"P1080658\" src=\"http:\/\/www.mundi-roth.de\/teneriffa-blog\/wp-content\/uploads\/2013\/03\/P1080658-150x112.jpg\" alt=\"\" width=\"150\" height=\"112\" srcset=\"https:\/\/www.mundi-roth.de\/teneriffa-blog\/wp-content\/uploads\/2013\/03\/P1080658-150x112.jpg 150w, https:\/\/www.mundi-roth.de\/teneriffa-blog\/wp-content\/uploads\/2013\/03\/P1080658-300x225.jpg 300w, https:\/\/www.mundi-roth.de\/teneriffa-blog\/wp-content\/uploads\/2013\/03\/P1080658.jpg 900w\" sizes=\"auto, (max-width: 150px) 100vw, 150px\" \/><\/a>\u00fcberwinden. Also:\u00a0 Zwischendurch immer wieder die Knie aussch\u00fctteln. Jedoch, wir werden mit den phantastischen Ausblicken auf die K\u00fcste Richtung Buenavista und auf das unter uns liegende Garachico reichlich belohnt.<br \/>\nDass wir uns in einem Naturschutzgebiet bewegen, <a href=\"http:\/\/www.mundi-roth.de\/teneriffa-blog\/wp-content\/uploads\/2013\/03\/P1080654.jpg\" rel=\"lightbox[2447]\"><img loading=\"lazy\" decoding=\"async\" class=\"alignright  wp-image-2483\" title=\"P1080654\" src=\"http:\/\/www.mundi-roth.de\/teneriffa-blog\/wp-content\/uploads\/2013\/03\/P1080654-150x112.jpg\" alt=\"\" width=\"150\" height=\"112\" srcset=\"https:\/\/www.mundi-roth.de\/teneriffa-blog\/wp-content\/uploads\/2013\/03\/P1080654-150x112.jpg 150w, https:\/\/www.mundi-roth.de\/teneriffa-blog\/wp-content\/uploads\/2013\/03\/P1080654-300x225.jpg 300w, https:\/\/www.mundi-roth.de\/teneriffa-blog\/wp-content\/uploads\/2013\/03\/P1080654.jpg 900w\" sizes=\"auto, (max-width: 150px) 100vw, 150px\" \/><\/a>braucht sicher nicht extra betont zu werden.<\/p>\n<p><a href=\"http:\/\/www.mundi-roth.de\/teneriffa-blog\/wp-content\/uploads\/2013\/03\/P1080643a.jpg\" rel=\"lightbox[2447]\"><img loading=\"lazy\" decoding=\"async\" class=\"alignleft size-thumbnail wp-image-2484\" title=\"P1080643a\" src=\"http:\/\/www.mundi-roth.de\/teneriffa-blog\/wp-content\/uploads\/2013\/03\/P1080643a-150x104.jpg\" alt=\"\" width=\"150\" height=\"104\" srcset=\"https:\/\/www.mundi-roth.de\/teneriffa-blog\/wp-content\/uploads\/2013\/03\/P1080643a-150x104.jpg 150w, https:\/\/www.mundi-roth.de\/teneriffa-blog\/wp-content\/uploads\/2013\/03\/P1080643a-300x209.jpg 300w, https:\/\/www.mundi-roth.de\/teneriffa-blog\/wp-content\/uploads\/2013\/03\/P1080643a.jpg 900w\" sizes=\"auto, (max-width: 150px) 100vw, 150px\" \/><\/a>Aber erst sehen wir nochmal ein Musterexemplar eines Drachenbaumes, der dem angeblich 1000j\u00e4hrigen \u201eDrago\u201c in Icod de los Vi\u00f1os nicht nachsteht.\u00a0 <a href=\"http:\/\/www.mundi-roth.de\/teneriffa-blog\/wp-content\/uploads\/2013\/03\/P1080644.jpg\" rel=\"lightbox[2447]\"><img loading=\"lazy\" decoding=\"async\" class=\"alignright  wp-image-2485\" title=\"P1080644\" src=\"http:\/\/www.mundi-roth.de\/teneriffa-blog\/wp-content\/uploads\/2013\/03\/P1080644-150x112.jpg\" alt=\"\" width=\"150\" height=\"112\" srcset=\"https:\/\/www.mundi-roth.de\/teneriffa-blog\/wp-content\/uploads\/2013\/03\/P1080644-150x112.jpg 150w, https:\/\/www.mundi-roth.de\/teneriffa-blog\/wp-content\/uploads\/2013\/03\/P1080644-300x225.jpg 300w, https:\/\/www.mundi-roth.de\/teneriffa-blog\/wp-content\/uploads\/2013\/03\/P1080644.jpg 900w\" sizes=\"auto, (max-width: 150px) 100vw, 150px\" \/><\/a><br \/>\nDie mit Aeonien bewachsenen D\u00e4cher sind auch immer wieder ein Blickfang.<br \/>\n<a href=\"http:\/\/www.mundi-roth.de\/teneriffa-blog\/wp-content\/uploads\/2013\/03\/P1080652.jpg\" rel=\"lightbox[2447]\"><img loading=\"lazy\" decoding=\"async\" class=\"alignleft size-thumbnail wp-image-2486\" title=\"P1080652\" src=\"http:\/\/www.mundi-roth.de\/teneriffa-blog\/wp-content\/uploads\/2013\/03\/P1080652-150x112.jpg\" alt=\"\" width=\"150\" height=\"112\" srcset=\"https:\/\/www.mundi-roth.de\/teneriffa-blog\/wp-content\/uploads\/2013\/03\/P1080652-150x112.jpg 150w, https:\/\/www.mundi-roth.de\/teneriffa-blog\/wp-content\/uploads\/2013\/03\/P1080652-300x225.jpg 300w, https:\/\/www.mundi-roth.de\/teneriffa-blog\/wp-content\/uploads\/2013\/03\/P1080652.jpg 900w\" sizes=\"auto, (max-width: 150px) 100vw, 150px\" \/><\/a>Ebenso sind Callas als \u201eStra\u00dfenbegleitgr\u00fcn\u201c bei uns auch nicht \u00fcblich.<\/p>\n<p>Um 15 Uhr gelangen wir auf die Asphaltstra\u00dfe oberhalb von Garachico und die letzten 800 m schaffen wir auch<a href=\"http:\/\/www.mundi-roth.de\/teneriffa-blog\/wanderungen\/chinyero-garachico\/attachment\/p1080677\/\" rel=\"attachment wp-att-2487\"><img loading=\"lazy\" decoding=\"async\" class=\"alignright size-thumbnail wp-image-2487\" title=\"P1080677\" src=\"http:\/\/www.mundi-roth.de\/teneriffa-blog\/wp-content\/uploads\/2013\/03\/P1080677-150x112.jpg\" alt=\"\" width=\"150\" height=\"112\" srcset=\"https:\/\/www.mundi-roth.de\/teneriffa-blog\/wp-content\/uploads\/2013\/03\/P1080677-150x112.jpg 150w, https:\/\/www.mundi-roth.de\/teneriffa-blog\/wp-content\/uploads\/2013\/03\/P1080677-300x225.jpg 300w, https:\/\/www.mundi-roth.de\/teneriffa-blog\/wp-content\/uploads\/2013\/03\/P1080677.jpg 900w\" sizes=\"auto, (max-width: 150px) 100vw, 150px\" \/><\/a> noch. Wir k\u00f6nnen uns \u2013 trotz der Anstrengung \u2013 noch an den bl\u00fchende <a href=\"http:\/\/www.mundi-roth.de\/teneriffa-blog\/wp-content\/uploads\/2013\/03\/P1080682.jpg\" rel=\"lightbox[2447]\"><img loading=\"lazy\" decoding=\"async\" class=\"alignleft  wp-image-2488\" title=\"P1080682\" src=\"http:\/\/www.mundi-roth.de\/teneriffa-blog\/wp-content\/uploads\/2013\/03\/P1080682-150x112.jpg\" alt=\"\" width=\"150\" height=\"112\" srcset=\"https:\/\/www.mundi-roth.de\/teneriffa-blog\/wp-content\/uploads\/2013\/03\/P1080682-150x112.jpg 150w, https:\/\/www.mundi-roth.de\/teneriffa-blog\/wp-content\/uploads\/2013\/03\/P1080682-300x225.jpg 300w, https:\/\/www.mundi-roth.de\/teneriffa-blog\/wp-content\/uploads\/2013\/03\/P1080682.jpg 900w\" sizes=\"auto, (max-width: 150px) 100vw, 150px\" \/><\/a>Mimosenb\u00e4umen erfreuen.<br \/>\nBis zum Schluss ist die Kennzeichnung hervorragen!<br \/>\nUm 15:30 Uhr laufen wir\u00a0 in Garachico direkt auf das von uns angestrebte Restaurant La Perla zu.<\/p>\n<p>Obwohl der Wirt schon schlie\u00dfen wollte, hat er mit uns Erbarmen und wir k\u00f6nnen\u00a0 \u2013 wie gewohnt \u2013 gut essen. Er ist so liebensw\u00fcrdig und versorgt uns noch mit verschiedenen Zugaben aus der K\u00fcche, damit \u201eunsere Knie sich wieder erholen\u201c. Ist doch nett!<\/p>\n<p>Vorbei am ehemaligen Franziskanerkloster, das heute das Rathaus und die Casa de La Cultura beherbergt, dem Haus des Marqui von La Quinta Roja<\/p>\n<p style=\"text-align: center;\"><a href=\"http:\/\/www.mundi-roth.de\/teneriffa-blog\/wp-content\/uploads\/2013\/03\/P1080684.jpg\" rel=\"lightbox[2447]\"><img loading=\"lazy\" decoding=\"async\" class=\"alignleft size-thumbnail wp-image-2489\" title=\"P1080684\" src=\"http:\/\/www.mundi-roth.de\/teneriffa-blog\/wp-content\/uploads\/2013\/03\/P1080684-150x101.jpg\" alt=\"\" width=\"150\" height=\"101\" srcset=\"https:\/\/www.mundi-roth.de\/teneriffa-blog\/wp-content\/uploads\/2013\/03\/P1080684-150x101.jpg 150w, https:\/\/www.mundi-roth.de\/teneriffa-blog\/wp-content\/uploads\/2013\/03\/P1080684-300x202.jpg 300w, https:\/\/www.mundi-roth.de\/teneriffa-blog\/wp-content\/uploads\/2013\/03\/P1080684.jpg 875w\" sizes=\"auto, (max-width: 150px) 100vw, 150px\" \/><\/a><a href=\"http:\/\/www.mundi-roth.de\/teneriffa-blog\/wp-content\/uploads\/2013\/03\/P1080685.jpg\" rel=\"lightbox[2447]\"><img loading=\"lazy\" decoding=\"async\" class=\"aligncenter size-thumbnail wp-image-2491\" title=\"P1080685\" src=\"http:\/\/www.mundi-roth.de\/teneriffa-blog\/wp-content\/uploads\/2013\/03\/P1080685-150x112.jpg\" alt=\"\" width=\"150\" height=\"112\" srcset=\"https:\/\/www.mundi-roth.de\/teneriffa-blog\/wp-content\/uploads\/2013\/03\/P1080685-150x112.jpg 150w, https:\/\/www.mundi-roth.de\/teneriffa-blog\/wp-content\/uploads\/2013\/03\/P1080685-300x225.jpg 300w, https:\/\/www.mundi-roth.de\/teneriffa-blog\/wp-content\/uploads\/2013\/03\/P1080685.jpg 900w\" sizes=\"auto, (max-width: 150px) 100vw, 150px\" \/><\/a><\/p>\n<p><a href=\"http:\/\/www.mundi-roth.de\/teneriffa-blog\/wp-content\/uploads\/2013\/03\/P1080689.jpg\" rel=\"lightbox[2447]\"><img loading=\"lazy\" decoding=\"async\" class=\"alignleft size-thumbnail wp-image-2492\" title=\"P1080689\" src=\"http:\/\/www.mundi-roth.de\/teneriffa-blog\/wp-content\/uploads\/2013\/03\/P1080689-150x112.jpg\" alt=\"\" width=\"150\" height=\"112\" srcset=\"https:\/\/www.mundi-roth.de\/teneriffa-blog\/wp-content\/uploads\/2013\/03\/P1080689-150x112.jpg 150w, https:\/\/www.mundi-roth.de\/teneriffa-blog\/wp-content\/uploads\/2013\/03\/P1080689-300x225.jpg 300w, https:\/\/www.mundi-roth.de\/teneriffa-blog\/wp-content\/uploads\/2013\/03\/P1080689.jpg 900w\" sizes=\"auto, (max-width: 150px) 100vw, 150px\" \/><\/a>gehen wir zur K\u00fcstenstra\u00dfe zur Bushaltestelle.<br \/>\nIm Sonnenschein warten wir auf den Bus nach Ico de los Vinos, um dort nach 1 Stunde Aufenthalt \u2013 jedoch kein Problem es gibt ja direkt neben dem Busbahnhof die \u201eBodega Teidrago\u201c &#8211; \u00fcber den Erjos Pass zum Busbahnhof in Playas de las Americas zu fahren.<\/p>\n<p><strong>Fazit:<\/strong><br \/>\nEine traumhaft sch\u00f6ne Wanderung. Vielleicht sagt das Ergebnis meiner mitgebrachten Fotos mehr als Worte: \u00dcber 200 Aufnahmen habe ich gemacht, ich konnte nicht aufh\u00f6ren zu fotografieren und so kann mein lieber Mann die Wanderung wenigstens optisch nachvollziehen.<\/p>\n<p><strong>Besonderheit<\/strong><\/p>\n<p style=\"text-align: center;\"><strong>Garachico<\/strong><\/p>\n<p style=\"text-align: left;\">Der 1496 nach der spanischen Eroberung von dem Genueser Bankier Christ\u00f3bal de Ponte gegr\u00fcndete Ort besa\u00df einst den wichtigsten Hafen der Insel und entwickelte sich zu einer bl\u00fchenden Handelsstadt. Von hier aus wurde der ber\u00fchmte Malvasier-Wein in alle Welt exportiert.<\/p>\n<p>Jedoch: am 5. Mai 1706 machte der Ausbruch des Vulkan Garachico \u2013 man liest auch mal \u201eVolc\u00e1n Negro\u201c \u2013 alles zunichte.<br \/>\nDer Lavastrom w\u00e4lzte sich aus einer H\u00f6he von ca. 1400m bis zum Meer und versch\u00fcttete den gr\u00f6\u00dften Teil des Hafens. Ein zweiter Strom begrub die Pfarrkirche, Kl\u00f6ster und viele der pr\u00e4chtigen H\u00e4user unter sich.<br \/>\nDamit war die Glanzzeit von Garachico beendet.<\/p>\n<p>Nach der Katastrophe baute man die Hafenfestung und die Stadt wieder auf. Sie blieben bis heute gr\u00f6\u00dftenteils unver\u00e4ndert erhalten und bilden das Zentrum des von Besucherstr\u00f6men weitgehend verschonten Ortes. Seit April 1986 z\u00e4hlt Garachico zum Weltkulturerbe der UNESCO.<\/p>\n<p>(<em>Zusammengestellt aus verschiedenen Reisef\u00fchrern<\/em>)<\/p>\n<p><strong>Neben La Laguna und La Orotava geh\u00f6rt Garachico f\u00fcr mich zu den sch\u00f6nsten St\u00e4dten auf der Insel.<\/strong><\/p>\n<p><strong>Anfahrt:<\/strong><br \/>\nmit Taxi \u201eIrmEli\u201c bis zum Chinyero.<\/p>\n<p>Auf der Autobahn TF1 Richtung Adeje, am (derzeitigen) Ende der Autobahn wechelt man auf die TF82 Richtung Guia de Isora. Der TF82 folgt man und biegt kurz hinter Chio scharf rechts auf die TF38 Richtung Nationalpark Teide. Den Einstieg zur Chinyero-Wanderung findet man zwischen km 13 und km 14. Parken kann man dort leider nur am Stra\u00dfenrand.<\/p>\n<p><strong>Abfahrt:<\/strong><br \/>\nvon Garachico um 16:50 mit der Linie 363 nach Icod de los Vinos<br \/>\nWeiterfahrt: um 18:10 Uhr mit der Linie 460<br \/>\nAnkunft am Busbahnhof in Playas de las Americas um 19:40 Uhr<\/p>\n","protected":false},"excerpt":{"rendered":"<p>DIE Vulkanwanderung Bei unserer Vulkanwanderung vom Chinyero vorbei am Vulkan Garachico nach San Jos\u00e9 de los Llanos im Februar diesen Jahres sahen wir das Hinweisschild \u201cGarachico 12,9 km\u201c. Elisabeths und mein Entschluss stand fest: Diese Tour gehen wir noch in der Saison. Zudem ist Garachico mit einer der sch\u00f6nsten Orte hier auf der Insel. Heute [&hellip;]<\/p>\n","protected":false},"author":4,"featured_media":0,"comment_status":"open","ping_status":"open","sticky":false,"template":"","format":"standard","meta":{"footnotes":""},"categories":[779,6],"tags":[157,634,635,636,439,237,446],"class_list":["post-2447","post","type-post","status-publish","format-standard","hentry","category-canadas","category-wanderungen","tag-chinyero","tag-garachico","tag-montaneta","tag-san-juan-de-reparo","tag-teneriffa-wandern","tag-vulkanwanderung","tag-wandern-teneriffa"],"yoast_head":"<!-- This site is optimized with the Yoast SEO plugin v27.5 - https:\/\/yoast.com\/product\/yoast-seo-wordpress\/ -->\n<title>Chinyero \u2013 Garachico - Teneriffa Wandern<\/title>\n<meta name=\"robots\" content=\"index, follow, max-snippet:-1, max-image-preview:large, max-video-preview:-1\" \/>\n<link rel=\"canonical\" href=\"https:\/\/www.mundi-roth.de\/teneriffa-blog\/wanderungen\/chinyero-garachico\/\" \/>\n<meta name=\"twitter:label1\" content=\"Verfasst von\" \/>\n\t<meta name=\"twitter:data1\" content=\"mundi\" \/>\n\t<meta name=\"twitter:label2\" content=\"Gesch\u00e4tzte Lesezeit\" \/>\n\t<meta name=\"twitter:data2\" content=\"7\u00a0Minuten\" \/>\n<script type=\"application\/ld+json\" class=\"yoast-schema-graph\">{\"@context\":\"https:\\\/\\\/schema.org\",\"@graph\":[{\"@type\":\"Article\",\"@id\":\"https:\\\/\\\/www.mundi-roth.de\\\/teneriffa-blog\\\/wanderungen\\\/chinyero-garachico\\\/#article\",\"isPartOf\":{\"@id\":\"https:\\\/\\\/www.mundi-roth.de\\\/teneriffa-blog\\\/wanderungen\\\/chinyero-garachico\\\/\"},\"author\":{\"name\":\"mundi\",\"@id\":\"https:\\\/\\\/www.mundi-roth.de\\\/teneriffa-blog\\\/#\\\/schema\\\/person\\\/971c66b55f3ae5e8741553688c413cac\"},\"headline\":\"Chinyero \u2013 Garachico\",\"datePublished\":\"2013-03-22T21:00:19+00:00\",\"dateModified\":\"2015-04-06T16:36:13+00:00\",\"mainEntityOfPage\":{\"@id\":\"https:\\\/\\\/www.mundi-roth.de\\\/teneriffa-blog\\\/wanderungen\\\/chinyero-garachico\\\/\"},\"wordCount\":1419,\"commentCount\":2,\"image\":{\"@id\":\"https:\\\/\\\/www.mundi-roth.de\\\/teneriffa-blog\\\/wanderungen\\\/chinyero-garachico\\\/#primaryimage\"},\"thumbnailUrl\":\"http:\\\/\\\/www.mundi-roth.de\\\/teneriffa-blog\\\/wp-content\\\/uploads\\\/2013\\\/03\\\/2Track-150x142.jpg\",\"keywords\":[\"Chinyero\",\"Garachico\",\"Monta\u00f1eta\",\"San Juan de Reparo\",\"Teneriffa Wandern\",\"Vulkanwanderung\",\"Wandern Teneriffa\"],\"articleSection\":[\"Ca\u00f1adas\",\"Wanderungen\"],\"inLanguage\":\"de\",\"potentialAction\":[{\"@type\":\"CommentAction\",\"name\":\"Comment\",\"target\":[\"https:\\\/\\\/www.mundi-roth.de\\\/teneriffa-blog\\\/wanderungen\\\/chinyero-garachico\\\/#respond\"]}]},{\"@type\":\"WebPage\",\"@id\":\"https:\\\/\\\/www.mundi-roth.de\\\/teneriffa-blog\\\/wanderungen\\\/chinyero-garachico\\\/\",\"url\":\"https:\\\/\\\/www.mundi-roth.de\\\/teneriffa-blog\\\/wanderungen\\\/chinyero-garachico\\\/\",\"name\":\"Chinyero \u2013 Garachico - Teneriffa Wandern\",\"isPartOf\":{\"@id\":\"https:\\\/\\\/www.mundi-roth.de\\\/teneriffa-blog\\\/#website\"},\"primaryImageOfPage\":{\"@id\":\"https:\\\/\\\/www.mundi-roth.de\\\/teneriffa-blog\\\/wanderungen\\\/chinyero-garachico\\\/#primaryimage\"},\"image\":{\"@id\":\"https:\\\/\\\/www.mundi-roth.de\\\/teneriffa-blog\\\/wanderungen\\\/chinyero-garachico\\\/#primaryimage\"},\"thumbnailUrl\":\"http:\\\/\\\/www.mundi-roth.de\\\/teneriffa-blog\\\/wp-content\\\/uploads\\\/2013\\\/03\\\/2Track-150x142.jpg\",\"datePublished\":\"2013-03-22T21:00:19+00:00\",\"dateModified\":\"2015-04-06T16:36:13+00:00\",\"author\":{\"@id\":\"https:\\\/\\\/www.mundi-roth.de\\\/teneriffa-blog\\\/#\\\/schema\\\/person\\\/971c66b55f3ae5e8741553688c413cac\"},\"breadcrumb\":{\"@id\":\"https:\\\/\\\/www.mundi-roth.de\\\/teneriffa-blog\\\/wanderungen\\\/chinyero-garachico\\\/#breadcrumb\"},\"inLanguage\":\"de\",\"potentialAction\":[{\"@type\":\"ReadAction\",\"target\":[\"https:\\\/\\\/www.mundi-roth.de\\\/teneriffa-blog\\\/wanderungen\\\/chinyero-garachico\\\/\"]}]},{\"@type\":\"ImageObject\",\"inLanguage\":\"de\",\"@id\":\"https:\\\/\\\/www.mundi-roth.de\\\/teneriffa-blog\\\/wanderungen\\\/chinyero-garachico\\\/#primaryimage\",\"url\":\"https:\\\/\\\/www.mundi-roth.de\\\/teneriffa-blog\\\/wp-content\\\/uploads\\\/2013\\\/03\\\/2Track.jpg\",\"contentUrl\":\"https:\\\/\\\/www.mundi-roth.de\\\/teneriffa-blog\\\/wp-content\\\/uploads\\\/2013\\\/03\\\/2Track.jpg\",\"width\":\"727\",\"height\":\"691\"},{\"@type\":\"BreadcrumbList\",\"@id\":\"https:\\\/\\\/www.mundi-roth.de\\\/teneriffa-blog\\\/wanderungen\\\/chinyero-garachico\\\/#breadcrumb\",\"itemListElement\":[{\"@type\":\"ListItem\",\"position\":1,\"name\":\"Startseite\",\"item\":\"https:\\\/\\\/www.mundi-roth.de\\\/teneriffa-blog\\\/\"},{\"@type\":\"ListItem\",\"position\":2,\"name\":\"Chinyero \u2013 Garachico\"}]},{\"@type\":\"WebSite\",\"@id\":\"https:\\\/\\\/www.mundi-roth.de\\\/teneriffa-blog\\\/#website\",\"url\":\"https:\\\/\\\/www.mundi-roth.de\\\/teneriffa-blog\\\/\",\"name\":\"Teneriffa Wandern\",\"description\":\"Nicht nur Wanderungen auf Teneriffa...\",\"potentialAction\":[{\"@type\":\"SearchAction\",\"target\":{\"@type\":\"EntryPoint\",\"urlTemplate\":\"https:\\\/\\\/www.mundi-roth.de\\\/teneriffa-blog\\\/?s={search_term_string}\"},\"query-input\":{\"@type\":\"PropertyValueSpecification\",\"valueRequired\":true,\"valueName\":\"search_term_string\"}}],\"inLanguage\":\"de\"},{\"@type\":\"Person\",\"@id\":\"https:\\\/\\\/www.mundi-roth.de\\\/teneriffa-blog\\\/#\\\/schema\\\/person\\\/971c66b55f3ae5e8741553688c413cac\",\"name\":\"mundi\",\"image\":{\"@type\":\"ImageObject\",\"inLanguage\":\"de\",\"@id\":\"https:\\\/\\\/secure.gravatar.com\\\/avatar\\\/555f0dd85428f1a9330f8e5dbe9e40ff9ca912bb81e5a89747ebf3ca9c20dc0f?s=96&d=mm&r=g\",\"url\":\"https:\\\/\\\/secure.gravatar.com\\\/avatar\\\/555f0dd85428f1a9330f8e5dbe9e40ff9ca912bb81e5a89747ebf3ca9c20dc0f?s=96&d=mm&r=g\",\"contentUrl\":\"https:\\\/\\\/secure.gravatar.com\\\/avatar\\\/555f0dd85428f1a9330f8e5dbe9e40ff9ca912bb81e5a89747ebf3ca9c20dc0f?s=96&d=mm&r=g\",\"caption\":\"mundi\"},\"sameAs\":[\"http:\\\/\\\/mundi-roth.de\"],\"url\":\"https:\\\/\\\/www.mundi-roth.de\\\/teneriffa-blog\\\/author\\\/mundi\\\/\"}]}<\/script>\n<!-- \/ Yoast SEO plugin. -->","yoast_head_json":{"title":"Chinyero \u2013 Garachico - Teneriffa Wandern","robots":{"index":"index","follow":"follow","max-snippet":"max-snippet:-1","max-image-preview":"max-image-preview:large","max-video-preview":"max-video-preview:-1"},"canonical":"https:\/\/www.mundi-roth.de\/teneriffa-blog\/wanderungen\/chinyero-garachico\/","twitter_misc":{"Verfasst von":"mundi","Gesch\u00e4tzte Lesezeit":"7\u00a0Minuten"},"schema":{"@context":"https:\/\/schema.org","@graph":[{"@type":"Article","@id":"https:\/\/www.mundi-roth.de\/teneriffa-blog\/wanderungen\/chinyero-garachico\/#article","isPartOf":{"@id":"https:\/\/www.mundi-roth.de\/teneriffa-blog\/wanderungen\/chinyero-garachico\/"},"author":{"name":"mundi","@id":"https:\/\/www.mundi-roth.de\/teneriffa-blog\/#\/schema\/person\/971c66b55f3ae5e8741553688c413cac"},"headline":"Chinyero \u2013 Garachico","datePublished":"2013-03-22T21:00:19+00:00","dateModified":"2015-04-06T16:36:13+00:00","mainEntityOfPage":{"@id":"https:\/\/www.mundi-roth.de\/teneriffa-blog\/wanderungen\/chinyero-garachico\/"},"wordCount":1419,"commentCount":2,"image":{"@id":"https:\/\/www.mundi-roth.de\/teneriffa-blog\/wanderungen\/chinyero-garachico\/#primaryimage"},"thumbnailUrl":"http:\/\/www.mundi-roth.de\/teneriffa-blog\/wp-content\/uploads\/2013\/03\/2Track-150x142.jpg","keywords":["Chinyero","Garachico","Monta\u00f1eta","San Juan de Reparo","Teneriffa Wandern","Vulkanwanderung","Wandern Teneriffa"],"articleSection":["Ca\u00f1adas","Wanderungen"],"inLanguage":"de","potentialAction":[{"@type":"CommentAction","name":"Comment","target":["https:\/\/www.mundi-roth.de\/teneriffa-blog\/wanderungen\/chinyero-garachico\/#respond"]}]},{"@type":"WebPage","@id":"https:\/\/www.mundi-roth.de\/teneriffa-blog\/wanderungen\/chinyero-garachico\/","url":"https:\/\/www.mundi-roth.de\/teneriffa-blog\/wanderungen\/chinyero-garachico\/","name":"Chinyero \u2013 Garachico - Teneriffa Wandern","isPartOf":{"@id":"https:\/\/www.mundi-roth.de\/teneriffa-blog\/#website"},"primaryImageOfPage":{"@id":"https:\/\/www.mundi-roth.de\/teneriffa-blog\/wanderungen\/chinyero-garachico\/#primaryimage"},"image":{"@id":"https:\/\/www.mundi-roth.de\/teneriffa-blog\/wanderungen\/chinyero-garachico\/#primaryimage"},"thumbnailUrl":"http:\/\/www.mundi-roth.de\/teneriffa-blog\/wp-content\/uploads\/2013\/03\/2Track-150x142.jpg","datePublished":"2013-03-22T21:00:19+00:00","dateModified":"2015-04-06T16:36:13+00:00","author":{"@id":"https:\/\/www.mundi-roth.de\/teneriffa-blog\/#\/schema\/person\/971c66b55f3ae5e8741553688c413cac"},"breadcrumb":{"@id":"https:\/\/www.mundi-roth.de\/teneriffa-blog\/wanderungen\/chinyero-garachico\/#breadcrumb"},"inLanguage":"de","potentialAction":[{"@type":"ReadAction","target":["https:\/\/www.mundi-roth.de\/teneriffa-blog\/wanderungen\/chinyero-garachico\/"]}]},{"@type":"ImageObject","inLanguage":"de","@id":"https:\/\/www.mundi-roth.de\/teneriffa-blog\/wanderungen\/chinyero-garachico\/#primaryimage","url":"https:\/\/www.mundi-roth.de\/teneriffa-blog\/wp-content\/uploads\/2013\/03\/2Track.jpg","contentUrl":"https:\/\/www.mundi-roth.de\/teneriffa-blog\/wp-content\/uploads\/2013\/03\/2Track.jpg","width":"727","height":"691"},{"@type":"BreadcrumbList","@id":"https:\/\/www.mundi-roth.de\/teneriffa-blog\/wanderungen\/chinyero-garachico\/#breadcrumb","itemListElement":[{"@type":"ListItem","position":1,"name":"Startseite","item":"https:\/\/www.mundi-roth.de\/teneriffa-blog\/"},{"@type":"ListItem","position":2,"name":"Chinyero \u2013 Garachico"}]},{"@type":"WebSite","@id":"https:\/\/www.mundi-roth.de\/teneriffa-blog\/#website","url":"https:\/\/www.mundi-roth.de\/teneriffa-blog\/","name":"Teneriffa Wandern","description":"Nicht nur Wanderungen auf Teneriffa...","potentialAction":[{"@type":"SearchAction","target":{"@type":"EntryPoint","urlTemplate":"https:\/\/www.mundi-roth.de\/teneriffa-blog\/?s={search_term_string}"},"query-input":{"@type":"PropertyValueSpecification","valueRequired":true,"valueName":"search_term_string"}}],"inLanguage":"de"},{"@type":"Person","@id":"https:\/\/www.mundi-roth.de\/teneriffa-blog\/#\/schema\/person\/971c66b55f3ae5e8741553688c413cac","name":"mundi","image":{"@type":"ImageObject","inLanguage":"de","@id":"https:\/\/secure.gravatar.com\/avatar\/555f0dd85428f1a9330f8e5dbe9e40ff9ca912bb81e5a89747ebf3ca9c20dc0f?s=96&d=mm&r=g","url":"https:\/\/secure.gravatar.com\/avatar\/555f0dd85428f1a9330f8e5dbe9e40ff9ca912bb81e5a89747ebf3ca9c20dc0f?s=96&d=mm&r=g","contentUrl":"https:\/\/secure.gravatar.com\/avatar\/555f0dd85428f1a9330f8e5dbe9e40ff9ca912bb81e5a89747ebf3ca9c20dc0f?s=96&d=mm&r=g","caption":"mundi"},"sameAs":["http:\/\/mundi-roth.de"],"url":"https:\/\/www.mundi-roth.de\/teneriffa-blog\/author\/mundi\/"}]}},"_links":{"self":[{"href":"https:\/\/www.mundi-roth.de\/teneriffa-blog\/wp-json\/wp\/v2\/posts\/2447","targetHints":{"allow":["GET"]}}],"collection":[{"href":"https:\/\/www.mundi-roth.de\/teneriffa-blog\/wp-json\/wp\/v2\/posts"}],"about":[{"href":"https:\/\/www.mundi-roth.de\/teneriffa-blog\/wp-json\/wp\/v2\/types\/post"}],"author":[{"embeddable":true,"href":"https:\/\/www.mundi-roth.de\/teneriffa-blog\/wp-json\/wp\/v2\/users\/4"}],"replies":[{"embeddable":true,"href":"https:\/\/www.mundi-roth.de\/teneriffa-blog\/wp-json\/wp\/v2\/comments?post=2447"}],"version-history":[{"count":0,"href":"https:\/\/www.mundi-roth.de\/teneriffa-blog\/wp-json\/wp\/v2\/posts\/2447\/revisions"}],"wp:attachment":[{"href":"https:\/\/www.mundi-roth.de\/teneriffa-blog\/wp-json\/wp\/v2\/media?parent=2447"}],"wp:term":[{"taxonomy":"category","embeddable":true,"href":"https:\/\/www.mundi-roth.de\/teneriffa-blog\/wp-json\/wp\/v2\/categories?post=2447"},{"taxonomy":"post_tag","embeddable":true,"href":"https:\/\/www.mundi-roth.de\/teneriffa-blog\/wp-json\/wp\/v2\/tags?post=2447"}],"curies":[{"name":"wp","href":"https:\/\/api.w.org\/{rel}","templated":true}]}}