{"id":255,"date":"2008-03-11T18:20:21","date_gmt":"2008-03-11T17:20:21","guid":{"rendered":"http:\/\/www.mundi-roth.de\/teneriffa-blog\/allgemein\/volcan-del-chinyero\/"},"modified":"2015-04-12T11:51:33","modified_gmt":"2015-04-12T10:51:33","slug":"volcan-del-chinyero","status":"publish","type":"post","link":"https:\/\/www.mundi-roth.de\/teneriffa-blog\/wanderungen\/volcan-del-chinyero\/","title":{"rendered":"Volc\u00e1n del Chinyero"},"content":{"rendered":"<p><strong>Die sehr gem\u00e4chliche Tour \u2013 mit kaum H\u00f6henunterschied \u2013 f\u00fchrt uns in einer interessanten Rundwanderung um den Zeugen der letzten vulkanischen Eruption auf der Insel Teneriffa im November 1909. Zur Zeit lohnt sie \u2013 trotz der Folgen des verheerenden Brandes im Juli\/August des vergangenen Jahres \u2013 ganz besonders: Gleich zu Beginn finden wir mit bl\u00fchenden Affodill \u00fcbers\u00e4te H\u00e4nge.<\/strong><br \/>\n<!--more--><\/p>\n<p><strong>Wander-Wegstrecke<\/strong>: gaaanz langsam: 3 Stunden<br \/>\n<a title=\"chinyero-weg2.jpg\" href=\"http:\/\/www.mundi-roth.de\/teneriffa-blog\/wp-content\/uploads\/2008\/03\/chinyero-weg2.jpg\" rel=\"lightbox[255]\"><img loading=\"lazy\" decoding=\"async\" src=\"http:\/\/www.mundi-roth.de\/teneriffa-blog\/wp-content\/uploads\/2008\/03\/chinyero-weg2.thumbnail.jpg\" alt=\"chinyero-weg2.jpg\" width=\"100\" height=\"105\" align=\"right\" border=\"0\" hspace=\"3\" vspace=\"3\" \/><\/a>Wir gehen den Rundwanderweg gegen den Uhrzeigersinn, da wir der Ansicht sind, dann erschlie\u00dft sich der Vulkankegel des Chinyero mit seinen Rot- und Schwarzt\u00f6nen inmitten der gr\u00fcnen Umgebung besser. Wir haben oben auf der rechten Stra\u00dfenseite von Chio kommend geparkt, gehen den breiten Weg abw\u00e4rts um kurz darauf leicht anzusteigen und kommen auf ein Plateau, das von einer gro\u00dfen, markanten Kiefer mittig beschattet wird.<br \/>\nAchtung: Hier ist die erste Falle, sich zu verlaufen, da einige Wege abgehen.<br \/>\n<a title=\"p1010698.JPG\" href=\"http:\/\/www.mundi-roth.de\/teneriffa-blog\/wp-content\/uploads\/2008\/03\/p1010698.JPG\" rel=\"lightbox[255]\"><img loading=\"lazy\" decoding=\"async\" src=\"http:\/\/www.mundi-roth.de\/teneriffa-blog\/wp-content\/uploads\/2008\/03\/p1010698.thumbnail.JPG\" alt=\"p1010698.JPG\" width=\"128\" height=\"96\" align=\"left\" border=\"0\" hspace=\"3\" vspace=\"3\" \/><\/a>Wir w\u00e4hlen den linken, leicht abw\u00e4rts, lassen den kurz darauf links abgehenden Weg unbeachtet \u2013 hier kommen wir auf dem R\u00fcckweg aus \u2013 und folgen nun dem breiten, nicht zu verfehlenden Weg rechts durch den Kiefernwald und erblicken durch die vom gro\u00dfen Brand arg mitgenommenen St\u00e4mme ein wundervolles Feld voller Affodill.<br \/>\nNach ca. einer halben Stunde kommen wir an ein geschobenes Pl\u00e4tzchen, Rechts \u2013 durch eine Schranke gesperrt \u2013 geht ein Weg ab, den wir nicht beachten. Wir gehen links an der wei\u00dfen S\u00e4ule vorbei, auf deren R\u00fcckseite \u201eMP 5\u201c geschrieben steht. Wir befinden uns an der Flanke des Vulkankegels, die nicht durch den Lavaausfluss zerst\u00f6rt worden ist.<br \/>\n<a title=\"p1010703.JPG\" href=\"http:\/\/www.mundi-roth.de\/teneriffa-blog\/wp-content\/uploads\/2008\/03\/p1010703.JPG\" rel=\"lightbox[255]\"><img loading=\"lazy\" decoding=\"async\" src=\"http:\/\/www.mundi-roth.de\/teneriffa-blog\/wp-content\/uploads\/2008\/03\/p1010703.thumbnail.JPG\" alt=\"p1010703.JPG\" width=\"128\" height=\"96\" align=\"right\" border=\"0\" hspace=\"3\" vspace=\"3\" \/><\/a>Kurz darauf passieren wir eine Schranke und der Chinyero zeigt sich uns in seiner ganzen Pracht. Einige Kiefern unterbrechen die F\u00e4rbung der Lava. Wir durchqueren eine Lapilli-Decke, das Knirschen h\u00f6rt sich an als gingen wir \u00fcber Schnee. Es handelt sich um Auswurfsk\u00f6rner, die die Landschaft durch die Explosion und den Wind schwarz \u00fcbers\u00e4t haben. Wir gelangen an Lava vorbei, die \u00fcberzogen ist von der einfachsten Lebensform, n\u00e4mlich den Flechten und uns anzeigt, dass der langsame Entstehungsprozess des Bodens begonnen hat.<br \/>\nAn der n\u00e4chsten Schranke lassen wir wieder den rechts abgehenden, breiten Weg unbeachtet und wir gehen links weiter. Wir durchqueren kurz darauf ein St\u00fcck des hautps\u00e4chlichen Lavastroms, der gegen Norden verl\u00e4uft, sowie den Vulkanberg Monta\u00f1a del Estrecho. Dieser H\u00fcgel verursachte, dass sich die Lava vom Chinyero gabelte und dadurch der vorher genannte Lavastrom und der gr\u00f6\u00dfere Strom Richtung Westen entstand, der bis nach Valle de Arriba in Santiago del Teide reicht.<br \/>\nAchtung: Wenige Meter nach der Durchquerung des Lavastroms, dem wir rechts mit den Blicken bergab folgten, biegen wir wieder links ab, denn blieben wir auf dem Weg, k\u00e4men wir letztendlich in Valle de Arriba aus. Eine alleinstehende Kiefer,mit Steinen umrundet, erleichtert uns den richtigen Abzweig. Wir begehen nun das j\u00fcngste basalatische Gestein der Insel. Es ist nur 91 Jahre alt, ein krasser Gegesatz zu den 7 Millionen Jahren, welche das ebenfalls basaltische Gestein bei der Steilk\u00fcste von Los Gigantes aufweist.<br \/>\nDa wir nicht den Vulkanberg Monta\u00f1a del Estrecho besteigen wollen, lassen wir den rechts aufsteigenden Weg \u2013 durch eine Kette abgegrenzt &#8211; wieder unbeachtet und gelangen nach geraumer Zeit wieder an die Stelle, wie eingangs beschrieben, wenn man die Wanderung im Uhrzeigersinn machen m\u00f6chte. Also halten wir uns rechts, leicht bergauf und das letzte St\u00fcck des R\u00fcckWeges ist zugleich das St\u00fcck des Hin-Weges.<br \/>\n<a title=\"sany0220.JPG\" href=\"http:\/\/www.mundi-roth.de\/teneriffa-blog\/wp-content\/uploads\/2008\/03\/sany0220.JPG\" rel=\"lightbox[255]\"><img loading=\"lazy\" decoding=\"async\" src=\"http:\/\/www.mundi-roth.de\/teneriffa-blog\/wp-content\/uploads\/2008\/03\/sany0220.thumbnail.JPG\" alt=\"sany0220.JPG\" width=\"96\" height=\"128\" align=\"right\" border=\"0\" hspace=\"3\" vspace=\"3\" \/><\/a>Eins m\u00fcssen wir uns auf der Wanderung bewusst machen: Wir gehen durch ein Gebiet, das von dem Brand verheerend in Mitleidenschaft gezogen wurde. Viele Str\u00e4ucher sind total verkohlt. Dagegen zeigt uns die Kanarische Kiefer ihren \u00dcberlebenswillen, da an den total verkohlten \u00c4sten bereits neue Austriebe zu bestaunen sind.<br \/>\n<strong>Restaurant:<\/strong><br \/>\nWir haben dieses Lokal zwar schon einmal empfohlen, da jedoch die Wachteln in Dattelsauce \u2013 Codornices con salsa de d\u00e1tiles \u2013 so einmalig gut sind, kehren wir heute wieder hier ein und sind wiederum rundum zufrieden. Wer jedoch sicher gehen will, dass es dieses Gericht auch gibt, bestellt es besser einen Tag vorher.<br \/>\nBar Restaurant Romero Brasas de Chirche, Calle Camino Viejo 3, Telefon 922 85 11 38, Montag ist Ruhetag.<\/p>\n<p><strong>Anfahrt:<\/strong><a title=\"chinyero.jpg\" href=\"http:\/\/www.mundi-roth.de\/teneriffa-blog\/wp-content\/uploads\/2008\/03\/chinyero.jpg\" rel=\"lightbox[255]\"><img loading=\"lazy\" decoding=\"async\" src=\"http:\/\/www.mundi-roth.de\/teneriffa-blog\/wp-content\/uploads\/2008\/03\/chinyero.thumbnail.jpg\" alt=\"chinyero.jpg\" width=\"95\" height=\"90\" align=\"right\" border=\"0\" hspace=\"3\" vspace=\"3\" \/><\/a><br \/>\nAus Los Cristianos kommend \u00fcber Chio, hier biegen wir Richtung Nationalpark Teide ab und parken zwischen den Kilometern 14 und 15, neben dem Berg Boca Cangrejo. Zudem weist uns ein Schild \u201eMonta\u00f1a Chinyero\u201c darauf hin, dass wir angekommen sind.<\/p>\n","protected":false},"excerpt":{"rendered":"<p>Die sehr gem\u00e4chliche Tour \u2013 mit kaum H\u00f6henunterschied \u2013 f\u00fchrt uns in einer interessanten Rundwanderung um den Zeugen der letzten vulkanischen Eruption auf der Insel Teneriffa im November 1909. Zur Zeit lohnt sie \u2013 trotz der Folgen des verheerenden Brandes im Juli\/August des vergangenen Jahres \u2013 ganz besonders: Gleich zu Beginn finden wir mit bl\u00fchenden [&hellip;]<\/p>\n","protected":false},"author":3,"featured_media":0,"comment_status":"open","ping_status":"open","sticky":false,"template":"","format":"standard","meta":{"footnotes":""},"categories":[779,6],"tags":[107,106,50,105],"class_list":["post-255","post","type-post","status-publish","format-standard","hentry","category-canadas","category-wanderungen","tag-affodill","tag-brandschaden","tag-chio","tag-cinyero"],"yoast_head":"<!-- This site is optimized with the Yoast SEO plugin v27.5 - https:\/\/yoast.com\/product\/yoast-seo-wordpress\/ -->\n<title>Volc\u00e1n del Chinyero - Teneriffa Wandern<\/title>\n<meta name=\"robots\" content=\"index, follow, max-snippet:-1, max-image-preview:large, max-video-preview:-1\" \/>\n<link rel=\"canonical\" href=\"https:\/\/www.mundi-roth.de\/teneriffa-blog\/wanderungen\/volcan-del-chinyero\/\" \/>\n<meta name=\"twitter:label1\" content=\"Verfasst von\" \/>\n\t<meta name=\"twitter:data1\" content=\"ir\" \/>\n\t<meta name=\"twitter:label2\" content=\"Gesch\u00e4tzte Lesezeit\" \/>\n\t<meta name=\"twitter:data2\" content=\"4\u00a0Minuten\" \/>\n<script type=\"application\/ld+json\" class=\"yoast-schema-graph\">{\"@context\":\"https:\\\/\\\/schema.org\",\"@graph\":[{\"@type\":\"Article\",\"@id\":\"https:\\\/\\\/www.mundi-roth.de\\\/teneriffa-blog\\\/wanderungen\\\/volcan-del-chinyero\\\/#article\",\"isPartOf\":{\"@id\":\"https:\\\/\\\/www.mundi-roth.de\\\/teneriffa-blog\\\/wanderungen\\\/volcan-del-chinyero\\\/\"},\"author\":{\"name\":\"ir\",\"@id\":\"https:\\\/\\\/www.mundi-roth.de\\\/teneriffa-blog\\\/#\\\/schema\\\/person\\\/3afd0d251449790d15367c9aa52d203d\"},\"headline\":\"Volc\u00e1n del Chinyero\",\"datePublished\":\"2008-03-11T17:20:21+00:00\",\"dateModified\":\"2015-04-12T10:51:33+00:00\",\"mainEntityOfPage\":{\"@id\":\"https:\\\/\\\/www.mundi-roth.de\\\/teneriffa-blog\\\/wanderungen\\\/volcan-del-chinyero\\\/\"},\"wordCount\":731,\"commentCount\":1,\"image\":{\"@id\":\"https:\\\/\\\/www.mundi-roth.de\\\/teneriffa-blog\\\/wanderungen\\\/volcan-del-chinyero\\\/#primaryimage\"},\"thumbnailUrl\":\"http:\\\/\\\/www.mundi-roth.de\\\/teneriffa-blog\\\/wp-content\\\/uploads\\\/2008\\\/03\\\/chinyero-weg2.thumbnail.jpg\",\"keywords\":[\"Affodill\",\"Brandsch\u00e4den\",\"Chio\",\"Cinyero\"],\"articleSection\":[\"Ca\u00f1adas\",\"Wanderungen\"],\"inLanguage\":\"de\",\"potentialAction\":[{\"@type\":\"CommentAction\",\"name\":\"Comment\",\"target\":[\"https:\\\/\\\/www.mundi-roth.de\\\/teneriffa-blog\\\/wanderungen\\\/volcan-del-chinyero\\\/#respond\"]}]},{\"@type\":\"WebPage\",\"@id\":\"https:\\\/\\\/www.mundi-roth.de\\\/teneriffa-blog\\\/wanderungen\\\/volcan-del-chinyero\\\/\",\"url\":\"https:\\\/\\\/www.mundi-roth.de\\\/teneriffa-blog\\\/wanderungen\\\/volcan-del-chinyero\\\/\",\"name\":\"Volc\u00e1n del Chinyero - Teneriffa Wandern\",\"isPartOf\":{\"@id\":\"https:\\\/\\\/www.mundi-roth.de\\\/teneriffa-blog\\\/#website\"},\"primaryImageOfPage\":{\"@id\":\"https:\\\/\\\/www.mundi-roth.de\\\/teneriffa-blog\\\/wanderungen\\\/volcan-del-chinyero\\\/#primaryimage\"},\"image\":{\"@id\":\"https:\\\/\\\/www.mundi-roth.de\\\/teneriffa-blog\\\/wanderungen\\\/volcan-del-chinyero\\\/#primaryimage\"},\"thumbnailUrl\":\"http:\\\/\\\/www.mundi-roth.de\\\/teneriffa-blog\\\/wp-content\\\/uploads\\\/2008\\\/03\\\/chinyero-weg2.thumbnail.jpg\",\"datePublished\":\"2008-03-11T17:20:21+00:00\",\"dateModified\":\"2015-04-12T10:51:33+00:00\",\"author\":{\"@id\":\"https:\\\/\\\/www.mundi-roth.de\\\/teneriffa-blog\\\/#\\\/schema\\\/person\\\/3afd0d251449790d15367c9aa52d203d\"},\"breadcrumb\":{\"@id\":\"https:\\\/\\\/www.mundi-roth.de\\\/teneriffa-blog\\\/wanderungen\\\/volcan-del-chinyero\\\/#breadcrumb\"},\"inLanguage\":\"de\",\"potentialAction\":[{\"@type\":\"ReadAction\",\"target\":[\"https:\\\/\\\/www.mundi-roth.de\\\/teneriffa-blog\\\/wanderungen\\\/volcan-del-chinyero\\\/\"]}]},{\"@type\":\"ImageObject\",\"inLanguage\":\"de\",\"@id\":\"https:\\\/\\\/www.mundi-roth.de\\\/teneriffa-blog\\\/wanderungen\\\/volcan-del-chinyero\\\/#primaryimage\",\"url\":\"http:\\\/\\\/www.mundi-roth.de\\\/teneriffa-blog\\\/wp-content\\\/uploads\\\/2008\\\/03\\\/chinyero-weg2.thumbnail.jpg\",\"contentUrl\":\"http:\\\/\\\/www.mundi-roth.de\\\/teneriffa-blog\\\/wp-content\\\/uploads\\\/2008\\\/03\\\/chinyero-weg2.thumbnail.jpg\"},{\"@type\":\"BreadcrumbList\",\"@id\":\"https:\\\/\\\/www.mundi-roth.de\\\/teneriffa-blog\\\/wanderungen\\\/volcan-del-chinyero\\\/#breadcrumb\",\"itemListElement\":[{\"@type\":\"ListItem\",\"position\":1,\"name\":\"Startseite\",\"item\":\"https:\\\/\\\/www.mundi-roth.de\\\/teneriffa-blog\\\/\"},{\"@type\":\"ListItem\",\"position\":2,\"name\":\"Volc\u00e1n del Chinyero\"}]},{\"@type\":\"WebSite\",\"@id\":\"https:\\\/\\\/www.mundi-roth.de\\\/teneriffa-blog\\\/#website\",\"url\":\"https:\\\/\\\/www.mundi-roth.de\\\/teneriffa-blog\\\/\",\"name\":\"Teneriffa Wandern\",\"description\":\"Nicht nur Wanderungen auf Teneriffa...\",\"potentialAction\":[{\"@type\":\"SearchAction\",\"target\":{\"@type\":\"EntryPoint\",\"urlTemplate\":\"https:\\\/\\\/www.mundi-roth.de\\\/teneriffa-blog\\\/?s={search_term_string}\"},\"query-input\":{\"@type\":\"PropertyValueSpecification\",\"valueRequired\":true,\"valueName\":\"search_term_string\"}}],\"inLanguage\":\"de\"},{\"@type\":\"Person\",\"@id\":\"https:\\\/\\\/www.mundi-roth.de\\\/teneriffa-blog\\\/#\\\/schema\\\/person\\\/3afd0d251449790d15367c9aa52d203d\",\"name\":\"ir\",\"image\":{\"@type\":\"ImageObject\",\"inLanguage\":\"de\",\"@id\":\"https:\\\/\\\/secure.gravatar.com\\\/avatar\\\/e67b41513c921c2bb58363f44c8a00a447c9a2526ad8ff71b5b6257e5f7f5c66?s=96&d=mm&r=g\",\"url\":\"https:\\\/\\\/secure.gravatar.com\\\/avatar\\\/e67b41513c921c2bb58363f44c8a00a447c9a2526ad8ff71b5b6257e5f7f5c66?s=96&d=mm&r=g\",\"contentUrl\":\"https:\\\/\\\/secure.gravatar.com\\\/avatar\\\/e67b41513c921c2bb58363f44c8a00a447c9a2526ad8ff71b5b6257e5f7f5c66?s=96&d=mm&r=g\",\"caption\":\"ir\"},\"sameAs\":[\"http:\\\/\\\/www.mundi-roth.de\"],\"url\":\"https:\\\/\\\/www.mundi-roth.de\\\/teneriffa-blog\\\/author\\\/ir\\\/\"}]}<\/script>\n<!-- \/ Yoast SEO plugin. -->","yoast_head_json":{"title":"Volc\u00e1n del Chinyero - Teneriffa Wandern","robots":{"index":"index","follow":"follow","max-snippet":"max-snippet:-1","max-image-preview":"max-image-preview:large","max-video-preview":"max-video-preview:-1"},"canonical":"https:\/\/www.mundi-roth.de\/teneriffa-blog\/wanderungen\/volcan-del-chinyero\/","twitter_misc":{"Verfasst von":"ir","Gesch\u00e4tzte Lesezeit":"4\u00a0Minuten"},"schema":{"@context":"https:\/\/schema.org","@graph":[{"@type":"Article","@id":"https:\/\/www.mundi-roth.de\/teneriffa-blog\/wanderungen\/volcan-del-chinyero\/#article","isPartOf":{"@id":"https:\/\/www.mundi-roth.de\/teneriffa-blog\/wanderungen\/volcan-del-chinyero\/"},"author":{"name":"ir","@id":"https:\/\/www.mundi-roth.de\/teneriffa-blog\/#\/schema\/person\/3afd0d251449790d15367c9aa52d203d"},"headline":"Volc\u00e1n del Chinyero","datePublished":"2008-03-11T17:20:21+00:00","dateModified":"2015-04-12T10:51:33+00:00","mainEntityOfPage":{"@id":"https:\/\/www.mundi-roth.de\/teneriffa-blog\/wanderungen\/volcan-del-chinyero\/"},"wordCount":731,"commentCount":1,"image":{"@id":"https:\/\/www.mundi-roth.de\/teneriffa-blog\/wanderungen\/volcan-del-chinyero\/#primaryimage"},"thumbnailUrl":"http:\/\/www.mundi-roth.de\/teneriffa-blog\/wp-content\/uploads\/2008\/03\/chinyero-weg2.thumbnail.jpg","keywords":["Affodill","Brandsch\u00e4den","Chio","Cinyero"],"articleSection":["Ca\u00f1adas","Wanderungen"],"inLanguage":"de","potentialAction":[{"@type":"CommentAction","name":"Comment","target":["https:\/\/www.mundi-roth.de\/teneriffa-blog\/wanderungen\/volcan-del-chinyero\/#respond"]}]},{"@type":"WebPage","@id":"https:\/\/www.mundi-roth.de\/teneriffa-blog\/wanderungen\/volcan-del-chinyero\/","url":"https:\/\/www.mundi-roth.de\/teneriffa-blog\/wanderungen\/volcan-del-chinyero\/","name":"Volc\u00e1n del Chinyero - Teneriffa Wandern","isPartOf":{"@id":"https:\/\/www.mundi-roth.de\/teneriffa-blog\/#website"},"primaryImageOfPage":{"@id":"https:\/\/www.mundi-roth.de\/teneriffa-blog\/wanderungen\/volcan-del-chinyero\/#primaryimage"},"image":{"@id":"https:\/\/www.mundi-roth.de\/teneriffa-blog\/wanderungen\/volcan-del-chinyero\/#primaryimage"},"thumbnailUrl":"http:\/\/www.mundi-roth.de\/teneriffa-blog\/wp-content\/uploads\/2008\/03\/chinyero-weg2.thumbnail.jpg","datePublished":"2008-03-11T17:20:21+00:00","dateModified":"2015-04-12T10:51:33+00:00","author":{"@id":"https:\/\/www.mundi-roth.de\/teneriffa-blog\/#\/schema\/person\/3afd0d251449790d15367c9aa52d203d"},"breadcrumb":{"@id":"https:\/\/www.mundi-roth.de\/teneriffa-blog\/wanderungen\/volcan-del-chinyero\/#breadcrumb"},"inLanguage":"de","potentialAction":[{"@type":"ReadAction","target":["https:\/\/www.mundi-roth.de\/teneriffa-blog\/wanderungen\/volcan-del-chinyero\/"]}]},{"@type":"ImageObject","inLanguage":"de","@id":"https:\/\/www.mundi-roth.de\/teneriffa-blog\/wanderungen\/volcan-del-chinyero\/#primaryimage","url":"http:\/\/www.mundi-roth.de\/teneriffa-blog\/wp-content\/uploads\/2008\/03\/chinyero-weg2.thumbnail.jpg","contentUrl":"http:\/\/www.mundi-roth.de\/teneriffa-blog\/wp-content\/uploads\/2008\/03\/chinyero-weg2.thumbnail.jpg"},{"@type":"BreadcrumbList","@id":"https:\/\/www.mundi-roth.de\/teneriffa-blog\/wanderungen\/volcan-del-chinyero\/#breadcrumb","itemListElement":[{"@type":"ListItem","position":1,"name":"Startseite","item":"https:\/\/www.mundi-roth.de\/teneriffa-blog\/"},{"@type":"ListItem","position":2,"name":"Volc\u00e1n del Chinyero"}]},{"@type":"WebSite","@id":"https:\/\/www.mundi-roth.de\/teneriffa-blog\/#website","url":"https:\/\/www.mundi-roth.de\/teneriffa-blog\/","name":"Teneriffa Wandern","description":"Nicht nur Wanderungen auf Teneriffa...","potentialAction":[{"@type":"SearchAction","target":{"@type":"EntryPoint","urlTemplate":"https:\/\/www.mundi-roth.de\/teneriffa-blog\/?s={search_term_string}"},"query-input":{"@type":"PropertyValueSpecification","valueRequired":true,"valueName":"search_term_string"}}],"inLanguage":"de"},{"@type":"Person","@id":"https:\/\/www.mundi-roth.de\/teneriffa-blog\/#\/schema\/person\/3afd0d251449790d15367c9aa52d203d","name":"ir","image":{"@type":"ImageObject","inLanguage":"de","@id":"https:\/\/secure.gravatar.com\/avatar\/e67b41513c921c2bb58363f44c8a00a447c9a2526ad8ff71b5b6257e5f7f5c66?s=96&d=mm&r=g","url":"https:\/\/secure.gravatar.com\/avatar\/e67b41513c921c2bb58363f44c8a00a447c9a2526ad8ff71b5b6257e5f7f5c66?s=96&d=mm&r=g","contentUrl":"https:\/\/secure.gravatar.com\/avatar\/e67b41513c921c2bb58363f44c8a00a447c9a2526ad8ff71b5b6257e5f7f5c66?s=96&d=mm&r=g","caption":"ir"},"sameAs":["http:\/\/www.mundi-roth.de"],"url":"https:\/\/www.mundi-roth.de\/teneriffa-blog\/author\/ir\/"}]}},"_links":{"self":[{"href":"https:\/\/www.mundi-roth.de\/teneriffa-blog\/wp-json\/wp\/v2\/posts\/255","targetHints":{"allow":["GET"]}}],"collection":[{"href":"https:\/\/www.mundi-roth.de\/teneriffa-blog\/wp-json\/wp\/v2\/posts"}],"about":[{"href":"https:\/\/www.mundi-roth.de\/teneriffa-blog\/wp-json\/wp\/v2\/types\/post"}],"author":[{"embeddable":true,"href":"https:\/\/www.mundi-roth.de\/teneriffa-blog\/wp-json\/wp\/v2\/users\/3"}],"replies":[{"embeddable":true,"href":"https:\/\/www.mundi-roth.de\/teneriffa-blog\/wp-json\/wp\/v2\/comments?post=255"}],"version-history":[{"count":0,"href":"https:\/\/www.mundi-roth.de\/teneriffa-blog\/wp-json\/wp\/v2\/posts\/255\/revisions"}],"wp:attachment":[{"href":"https:\/\/www.mundi-roth.de\/teneriffa-blog\/wp-json\/wp\/v2\/media?parent=255"}],"wp:term":[{"taxonomy":"category","embeddable":true,"href":"https:\/\/www.mundi-roth.de\/teneriffa-blog\/wp-json\/wp\/v2\/categories?post=255"},{"taxonomy":"post_tag","embeddable":true,"href":"https:\/\/www.mundi-roth.de\/teneriffa-blog\/wp-json\/wp\/v2\/tags?post=255"}],"curies":[{"name":"wp","href":"https:\/\/api.w.org\/{rel}","templated":true}]}}