{"id":256,"date":"2008-03-09T18:29:48","date_gmt":"2008-03-09T17:29:48","guid":{"rendered":"http:\/\/www.mundi-roth.de\/teneriffa-blog\/allgemein\/roques-de-garcia\/"},"modified":"2011-05-05T12:17:30","modified_gmt":"2011-05-05T11:17:30","slug":"roques-de-garcia","status":"publish","type":"post","link":"https:\/\/www.mundi-roth.de\/teneriffa-blog\/wanderungen\/roques-de-garcia\/","title":{"rendered":"Roques de Garc\u00eda"},"content":{"rendered":"<p class=\"MsoBodyText\"><strong>Will man auf dichtestem, k\u00fcrzestem Raum die vielf\u00e4ltigsten und vielfarbigsten Gesteinsformationen sehen, ist diese Rundwanderung um die Roques de Garc\u00eda das beste Lehrbeispiel. <\/strong><\/p>\n<p><span style=\"font-size: 12pt\"><o:p><\/o:p><\/span><!--more--><\/p>\n<p class=\"MsoBodyText\"><strong><span style=\"font-size: 12pt\">Wanderstrecke: <\/span><\/strong><span style=\"font-size: 12pt\">1 \u00be Stunde<\/span><\/p>\n<p><span style=\"font-size: 12pt\">Wer &#8211; wie wir &#8211; an einem Sonntag auf die Idee kommt, dem deutschen<\/span><a href=\"http:\/\/www.mundi-roth.de\/teneriffa-blog\/wp-content\/uploads\/2008\/03\/roquegarcia.jpg\" title=\"roquegarcia.jpg\" rel=\"lightbox[256]\"><img loading=\"lazy\" decoding=\"async\" src=\"http:\/\/www.mundi-roth.de\/teneriffa-blog\/wp-content\/uploads\/2008\/03\/roquegarcia.thumbnail.jpg\" alt=\"roquegarcia.jpg\" align=\"right\" border=\"0\" height=\"100\" hspace=\"3\" vspace=\"3\" width=\"120\" \/><\/a><span style=\"font-size: 12pt\"> Kurz-Urlaubs-Besuch diese markante Ecke Teneriffas zu zeigen, muss erst mal den Schock der vielen Besucher verdauen.<o:p><\/o:p><\/span><span style=\"font-size: 12pt\">Jedoch: unweit des Parador del Turismo, dem Zuweg zu der Gruppe Los Roques, einer Ansammlung teilweise bizarrer Felsgestalten am Rande der Ucanca-Ebene biegt man rechts ab auf den \u201eSendero 3\u201c und nur wenige Minuten sp\u00e4ter &#8211; man kann es kaum glauben \u2013 wandern wir fast alleine.<o:p><\/o:p><\/span><a href=\"http:\/\/www.mundi-roth.de\/teneriffa-blog\/wp-content\/uploads\/2008\/03\/sany0181.JPG\" title=\"sany0181.JPG\" rel=\"lightbox[256]\"><img loading=\"lazy\" decoding=\"async\" src=\"http:\/\/www.mundi-roth.de\/teneriffa-blog\/wp-content\/uploads\/2008\/03\/sany0181.thumbnail.JPG\" alt=\"sany0181.JPG\" align=\"left\" border=\"0\" height=\"96\" hspace=\"3\" vspace=\"3\" width=\"128\" \/><\/a><span style=\"font-size: 12pt\">Die Wanderstrecke ist gut gekennzeichnet, der Weg schl\u00e4ngelt sich gut sichtbar unterhalb der skurrilsten Erscheinung, dem sogenannten \u201eFinger Gottes\u201c oder auch \u201eD\u00fcnne Hals\u201c genannt entlang. Wir <\/span><a href=\"http:\/\/www.mundi-roth.de\/teneriffa-blog\/wp-content\/uploads\/2008\/03\/sany0188.JPG\" title=\"sany0188.JPG\" rel=\"lightbox[256]\"><img loading=\"lazy\" decoding=\"async\" src=\"http:\/\/www.mundi-roth.de\/teneriffa-blog\/wp-content\/uploads\/2008\/03\/sany0188.thumbnail.JPG\" alt=\"sany0188.JPG\" align=\"right\" border=\"0\" height=\"96\" hspace=\"3\" vspace=\"3\" width=\"128\" \/><\/a><span style=\"font-size: 12pt\">wandern zwischen den B\u00fcschen des Teideginsters, Teide-Skabiose, des Teide-Lacks und der Halbkugelb\u00fcsche der Besenrauke hindurch und immer wieder machen wir uns auf besondere Felsformationen aufmerksam.<o:p><\/o:p><\/span><span style=\"font-size: 12pt\">Den Weg kann man nicht verfehlen, einzig am letzten Fels muss man <\/span><a href=\"http:\/\/www.mundi-roth.de\/teneriffa-blog\/wp-content\/uploads\/2008\/03\/sany0200.JPG\" title=\"sany0200.JPG\" rel=\"lightbox[256]\"><img loading=\"lazy\" decoding=\"async\" src=\"http:\/\/www.mundi-roth.de\/teneriffa-blog\/wp-content\/uploads\/2008\/03\/sany0200.thumbnail.JPG\" alt=\"sany0200.JPG\" align=\"left\" border=\"0\" height=\"128\" hspace=\"3\" vspace=\"3\" width=\"96\" \/><\/a><span style=\"font-size: 12pt\">den aufw\u00e4rts f\u00fchrenden Pfad aussp\u00e4hen. Aber dann ist kein Verlaufen mehr m\u00f6glich, wenn man sich an dem in der Ebene, Llano de Ucanca, stehenden, m\u00e4chtigen Turm links h\u00e4lt. <o:p><\/o:p><\/span><span style=\"font-size: 12pt\">Von hier aus geht es dann m\u00e4chtig steil, auf engem Pfad \u2013 schweissteibend \u2013bergauf.<o:p><\/o:p><\/span><\/p>\n<p class=\"MsoBodyText\"><span style=\"font-size: 12pt\">Hat man liebe Mitwanderer, die das Auto holen, kann man auch rechts von dem \u201eDom\u201c in der Ebene bis zur Stra\u00dfe eben gehen.<\/span><\/p>\n<p class=\"MsoBodyText\">&nbsp;<\/p>\n<p class=\"MsoBodyText\"><strong><span style=\"font-size: 12pt\">Anfahrt:<\/span><\/strong><\/p>\n<p><span style=\"font-size: 12pt\">Die Anfahrt zum Nationalpark Teide ist &#8211; ganz gleich, von wo man kommt &#8211; \u00fcberall gut ausgeschildert. Ausgangspunkt der Wanderung ist der Parkplatz beim Parador.<span><\/span><span style=\"display: none\">hh<o:p><\/o:p><\/span><\/span><\/p>\n<h2 style=\"text-align: left\" align=\"left\"><strong><span style=\"font-size: 12pt\">Besonderheit<\/span><\/strong><span style=\"font-size: 12pt\">:<o:p><\/o:p><\/span><\/h2>\n<h2 style=\"text-align: left\" align=\"left\"><span style=\"font-size: 12pt\">Bei dieser Wanderung kann ich auch das weitergeben was ich bei einem Ausflug gelernt habe, der<span> <\/span>vom Tourismusb\u00fcro des Ayuntamientos von Arona am 1. Dezember 2007 <\/span><span style=\"font-size: 12pt\">organisiert wurde .<o:p><\/o:p><\/span><\/h2>\n<p>Ein Ranger des Medio ambiente, Vittorio, f\u00fchrte uns und erl\u00e4uterte folgendes:<o:p><\/o:p>\u201eFr\u00fcher lebten hier oben die Sch\u00e4fer mit ihren Ziegen- oder Schafherden. Zu Ehren dieser M\u00e4nner wurden diverse Felsen nach ihren Namen benannt, z.B. Roque Garc\u00eda. Es ist f\u00fcr die Verantwortlichen sehr wichtig, dass das Andenken an diese Sch\u00e4fer erhalten bleibt.<o:p><\/o:p>Der Fels Garc\u00eda hat im Volksmund die unterschiedlichsten Namen. Da der rote Teil des Felsen an einen G\u00fcrtel errinnert, hei\u00dft er \u201eRoque Cintur\u00f3n\u201c oder andere sehen darin ein Schaf \u201eRoque Cordero\u201c unter Franco hatte er noch einen anderen Namen. Andere nennen ihn<span> <\/span>\u201eDedo de Dios\u201c \u201eFinger Gottes\u201c .<o:p><\/o:p>Auf die Frage einer Teilnehmerin, ob man f\u00fcr die verschiedenen Wanderwege Erlaubnisse braucht, teilt er mit, dass lediglich f\u00fcr den Teide, auch f\u00fcr das letzte St\u00fcck, eine Erlaubnis n\u00f6tig ist \u2013 zwar kostenlos aber aus Schutzgr\u00fcnden auf 200<span> <\/span>Personen pro Tag beschr\u00e4nkt ist.<o:p><\/o:p>Der \u201eparque nacional\u201c ist einzigartig in Spanien. In dieser kleinen Zone findet man alle vulkanischen Materialien die es auf der ganzen Welt gibt<o:p><\/o:p>Er fragt nach anderen Nationalparks auf den Kanaren und gibt selbst die Antwort: auf Lanzerote der Timofey, er ist jedoch \u201ereciente\u201c, frisch, neu, dagegen ist der Teide \u201eantiguo\u201c alt<o:p><\/o:p>Er will versuchen uns zu erkl\u00e4ren, was damals passiert ist, damit wir es verstehen. Er fragt, woran man das Alter eines Vulkanausbruchs erkennen kann.<o:p><\/o:p>An der Farbe, an der Beschaffenheit der Felsen, des Bewuchses.<o:p><\/o:p>Wir stehen am Aussichtspunkt in der N\u00e4he des Felsens \u201eFinger Gottes\u201c und blicken in die weite Ebene. Im Hintergrund sehen wir eine noch schwarze Fl\u00e4che. Daran kann man gut erkennen, dass es sich hier um eine junge Erruption handelt. Noch keine Zerst\u00f6rung des Materials durch Regen, Wind und Flechten. Dunkle Lava: jung, kein Bewuchs. Helle Lava: alt, Erosion durch die eiskalten N\u00e4chte, Regen, Wind. Im Sommer gibt es Temperaturen bis 40 Grad plus und im Winter bis 17 Grad minus. <o:p><\/o:p>Er erkl\u00e4rt, wie man sich einen Vulkanausbruch vorzustellen hat. Es sei wie ein Kamin in einem Haus. Dieser ist voll mit z\u00e4hfl\u00fcssiger Masse, Magma, diese dr\u00fcckt<span> <\/span>nach oben und oben angekommen ergie\u00dft sie sich als Lava \u00fcber den \u201eKamin\u201c. Ist der Kamin leer, schiebt sich diese schwere Masse, eine Menge davon, dann den Berg runter, im Falle Teneriffas zum Teil bis zum Meer. Der Teide ist ein lebendiger Vulkan. Daneben haben wir noch den Pico Viejo und Monta\u00f1a Blanca. Der Teide ist durch viele Erruptionen entstanden und z\u00e4hlt zu den drei h\u00f6chsten der Welt. Rund um den Teide gab es Erruptionen, er ist<span> <\/span>umgeben von Vulkanen, wie z.B. Guajara, Garachico, Chinyero, <o:p><\/o:p>Von unserem Standort aus k\u00f6nnen wir diverse solit\u00e4r aufragenden Felsen betrachten. Er macht darauf aufmerksam, dass es sich hierbei um die vorher genannten Kamine handelt.<o:p><\/o:p>Richtung Monta\u00f1a Blanca macht uns Vittorio darauf aufmerksam, dass die Lava sich wie eine Zunge mit rund 1700 Grad heiss den Berg herunterschob. Diese Form nennt man auf Hawai \u201eA-A-A\u201c.<o:p><\/o:p>Ferner erkl\u00e4rt er, wenn die flie\u00dfende Lavamasse langsam erkaltet, bildet sie eine kompakte, wasserdurchl\u00e4ssige Mauer, \u201edique\u201c .<o:p><\/o:p>Alle kanarischen Inseln sind vulkanischen Ursprungs, unterhalb des Meeres.<o:p><\/o:p>Auf meine Frage, ob Teneriffa fr\u00fcher aus zwei Teilen bestand, da man ja immer von den \u00e4ltesten Teilen, Anaga und Teno, spricht, erk\u00e4rt Vittorio aus seiner Sicht dies so: Nimmt man ein Blatt Papier und st\u00f6\u00dft von unten ein Loch in die Mitte, so bilden sich viele Falten und somit sind die Teile doch verbunden.<o:p><\/o:p>Er meint, es ist seine Theorie.<span> <\/span><o:p><\/o:p>Standortwechsel. Wir gehen ein St\u00fcck die Wanderung Nr. 3 und nun geht unser F\u00fchrer auf die Pflanzenwelt ein. Die hier anzutreffenden Arten sind die Kugelb\u00fcsche der Besenrauke, Teidelack und Teide-Skabiose. Sind sind Endemiten, das hei\u00dft, sie kommen nur auf den Kanaren vor. Eine weitere beherrschende Pflanze ist der Teideginster, Retama. <o:p><\/o:p>Vittorio zeigt uns die schwarzen Flecken in den Felsw\u00e4nden. Es sind Flechten. Diese sind f\u00fcr die Verbreitung der Pflanzen hier in den Ca\u00f1adas von gro\u00dfer Bedeutung.<o:p><\/o:p>Hier gibt es sehr viel Wind und der tr\u00e4gt den Samen, z.B. von \u201erosalita de cumbre\u201c auch rosalito salvaje\u201c Teide-Skabiose zu den Flechten. Diese bieten den Samen Nahrung, und sie k\u00f6nnen sich dann hier ansiedeln. <o:p><\/o:p>Die Samen sind vergleichbar mit den kleinen Schirmchen unseres L\u00f6wenzahns. Innerhalb der Samenst\u00e4nde befinden sich kleine Fr\u00fcchte. Die dienten den Ziegen als Nahrung.<o:p><\/o:p>Das wichtigste an dieser Pflanze ist jedoch der Stamm. Er erm\u00f6glicht es der Pflanze im Sommer, bei hohen Temperaturen wie ein Sonnenschirm zu wirken und im Winter bei den tiefen Temperaturen ist innerhalb des Busches eine angenehme Temperatur. Im Fr\u00fchjahr ist es eine Augenweide. Abh\u00e4ngig von den Temperaturen beginnt die Bl\u00fcte im Februar, M\u00e4rz.<span> <\/span><o:p><\/o:p>Nach diesen Ausf\u00fchrungen entl\u00e4sst uns unser F\u00fchrer und unter der Leitung einer Biologin machen wir den obenbeschriebenen Rundgang. <o:p><\/o:p><\/p>\n","protected":false},"excerpt":{"rendered":"<p>Will man auf dichtestem, k\u00fcrzestem Raum die vielf\u00e4ltigsten und vielfarbigsten Gesteinsformationen sehen, ist diese Rundwanderung um die Roques de Garc\u00eda das beste Lehrbeispiel.<\/p>\n","protected":false},"author":3,"featured_media":0,"comment_status":"open","ping_status":"open","sticky":false,"template":"","format":"standard","meta":{"footnotes":""},"categories":[6],"tags":[109,108,3,4],"class_list":["post-256","post","type-post","status-publish","format-standard","hentry","category-wanderungen","tag-parador","tag-teide","tag-teneriffa","tag-wandern"],"yoast_head":"<!-- This site is optimized with the Yoast SEO plugin v27.5 - https:\/\/yoast.com\/product\/yoast-seo-wordpress\/ -->\n<title>Roques de Garc\u00eda - Teneriffa Wandern<\/title>\n<meta name=\"robots\" content=\"index, follow, max-snippet:-1, max-image-preview:large, max-video-preview:-1\" \/>\n<link rel=\"canonical\" href=\"https:\/\/www.mundi-roth.de\/teneriffa-blog\/wanderungen\/roques-de-garcia\/\" \/>\n<meta name=\"twitter:label1\" content=\"Verfasst von\" \/>\n\t<meta name=\"twitter:data1\" content=\"ir\" \/>\n\t<meta name=\"twitter:label2\" content=\"Gesch\u00e4tzte Lesezeit\" \/>\n\t<meta name=\"twitter:data2\" content=\"6\u00a0Minuten\" \/>\n<script type=\"application\/ld+json\" class=\"yoast-schema-graph\">{\"@context\":\"https:\\\/\\\/schema.org\",\"@graph\":[{\"@type\":\"Article\",\"@id\":\"https:\\\/\\\/www.mundi-roth.de\\\/teneriffa-blog\\\/wanderungen\\\/roques-de-garcia\\\/#article\",\"isPartOf\":{\"@id\":\"https:\\\/\\\/www.mundi-roth.de\\\/teneriffa-blog\\\/wanderungen\\\/roques-de-garcia\\\/\"},\"author\":{\"name\":\"ir\",\"@id\":\"https:\\\/\\\/www.mundi-roth.de\\\/teneriffa-blog\\\/#\\\/schema\\\/person\\\/3afd0d251449790d15367c9aa52d203d\"},\"headline\":\"Roques de Garc\u00eda\",\"datePublished\":\"2008-03-09T17:29:48+00:00\",\"dateModified\":\"2011-05-05T11:17:30+00:00\",\"mainEntityOfPage\":{\"@id\":\"https:\\\/\\\/www.mundi-roth.de\\\/teneriffa-blog\\\/wanderungen\\\/roques-de-garcia\\\/\"},\"wordCount\":1126,\"commentCount\":0,\"image\":{\"@id\":\"https:\\\/\\\/www.mundi-roth.de\\\/teneriffa-blog\\\/wanderungen\\\/roques-de-garcia\\\/#primaryimage\"},\"thumbnailUrl\":\"http:\\\/\\\/www.mundi-roth.de\\\/teneriffa-blog\\\/wp-content\\\/uploads\\\/2008\\\/03\\\/roquegarcia.thumbnail.jpg\",\"keywords\":[\"Parador\",\"Teide\",\"Teneriffa\",\"Wandern\"],\"articleSection\":[\"Wanderungen\"],\"inLanguage\":\"de\",\"potentialAction\":[{\"@type\":\"CommentAction\",\"name\":\"Comment\",\"target\":[\"https:\\\/\\\/www.mundi-roth.de\\\/teneriffa-blog\\\/wanderungen\\\/roques-de-garcia\\\/#respond\"]}]},{\"@type\":\"WebPage\",\"@id\":\"https:\\\/\\\/www.mundi-roth.de\\\/teneriffa-blog\\\/wanderungen\\\/roques-de-garcia\\\/\",\"url\":\"https:\\\/\\\/www.mundi-roth.de\\\/teneriffa-blog\\\/wanderungen\\\/roques-de-garcia\\\/\",\"name\":\"Roques de Garc\u00eda - Teneriffa Wandern\",\"isPartOf\":{\"@id\":\"https:\\\/\\\/www.mundi-roth.de\\\/teneriffa-blog\\\/#website\"},\"primaryImageOfPage\":{\"@id\":\"https:\\\/\\\/www.mundi-roth.de\\\/teneriffa-blog\\\/wanderungen\\\/roques-de-garcia\\\/#primaryimage\"},\"image\":{\"@id\":\"https:\\\/\\\/www.mundi-roth.de\\\/teneriffa-blog\\\/wanderungen\\\/roques-de-garcia\\\/#primaryimage\"},\"thumbnailUrl\":\"http:\\\/\\\/www.mundi-roth.de\\\/teneriffa-blog\\\/wp-content\\\/uploads\\\/2008\\\/03\\\/roquegarcia.thumbnail.jpg\",\"datePublished\":\"2008-03-09T17:29:48+00:00\",\"dateModified\":\"2011-05-05T11:17:30+00:00\",\"author\":{\"@id\":\"https:\\\/\\\/www.mundi-roth.de\\\/teneriffa-blog\\\/#\\\/schema\\\/person\\\/3afd0d251449790d15367c9aa52d203d\"},\"breadcrumb\":{\"@id\":\"https:\\\/\\\/www.mundi-roth.de\\\/teneriffa-blog\\\/wanderungen\\\/roques-de-garcia\\\/#breadcrumb\"},\"inLanguage\":\"de\",\"potentialAction\":[{\"@type\":\"ReadAction\",\"target\":[\"https:\\\/\\\/www.mundi-roth.de\\\/teneriffa-blog\\\/wanderungen\\\/roques-de-garcia\\\/\"]}]},{\"@type\":\"ImageObject\",\"inLanguage\":\"de\",\"@id\":\"https:\\\/\\\/www.mundi-roth.de\\\/teneriffa-blog\\\/wanderungen\\\/roques-de-garcia\\\/#primaryimage\",\"url\":\"http:\\\/\\\/www.mundi-roth.de\\\/teneriffa-blog\\\/wp-content\\\/uploads\\\/2008\\\/03\\\/roquegarcia.thumbnail.jpg\",\"contentUrl\":\"http:\\\/\\\/www.mundi-roth.de\\\/teneriffa-blog\\\/wp-content\\\/uploads\\\/2008\\\/03\\\/roquegarcia.thumbnail.jpg\"},{\"@type\":\"BreadcrumbList\",\"@id\":\"https:\\\/\\\/www.mundi-roth.de\\\/teneriffa-blog\\\/wanderungen\\\/roques-de-garcia\\\/#breadcrumb\",\"itemListElement\":[{\"@type\":\"ListItem\",\"position\":1,\"name\":\"Startseite\",\"item\":\"https:\\\/\\\/www.mundi-roth.de\\\/teneriffa-blog\\\/\"},{\"@type\":\"ListItem\",\"position\":2,\"name\":\"Roques de Garc\u00eda\"}]},{\"@type\":\"WebSite\",\"@id\":\"https:\\\/\\\/www.mundi-roth.de\\\/teneriffa-blog\\\/#website\",\"url\":\"https:\\\/\\\/www.mundi-roth.de\\\/teneriffa-blog\\\/\",\"name\":\"Teneriffa Wandern\",\"description\":\"Nicht nur Wanderungen auf Teneriffa...\",\"potentialAction\":[{\"@type\":\"SearchAction\",\"target\":{\"@type\":\"EntryPoint\",\"urlTemplate\":\"https:\\\/\\\/www.mundi-roth.de\\\/teneriffa-blog\\\/?s={search_term_string}\"},\"query-input\":{\"@type\":\"PropertyValueSpecification\",\"valueRequired\":true,\"valueName\":\"search_term_string\"}}],\"inLanguage\":\"de\"},{\"@type\":\"Person\",\"@id\":\"https:\\\/\\\/www.mundi-roth.de\\\/teneriffa-blog\\\/#\\\/schema\\\/person\\\/3afd0d251449790d15367c9aa52d203d\",\"name\":\"ir\",\"image\":{\"@type\":\"ImageObject\",\"inLanguage\":\"de\",\"@id\":\"https:\\\/\\\/secure.gravatar.com\\\/avatar\\\/e67b41513c921c2bb58363f44c8a00a447c9a2526ad8ff71b5b6257e5f7f5c66?s=96&d=mm&r=g\",\"url\":\"https:\\\/\\\/secure.gravatar.com\\\/avatar\\\/e67b41513c921c2bb58363f44c8a00a447c9a2526ad8ff71b5b6257e5f7f5c66?s=96&d=mm&r=g\",\"contentUrl\":\"https:\\\/\\\/secure.gravatar.com\\\/avatar\\\/e67b41513c921c2bb58363f44c8a00a447c9a2526ad8ff71b5b6257e5f7f5c66?s=96&d=mm&r=g\",\"caption\":\"ir\"},\"sameAs\":[\"http:\\\/\\\/www.mundi-roth.de\"],\"url\":\"https:\\\/\\\/www.mundi-roth.de\\\/teneriffa-blog\\\/author\\\/ir\\\/\"}]}<\/script>\n<!-- \/ Yoast SEO plugin. -->","yoast_head_json":{"title":"Roques de Garc\u00eda - Teneriffa Wandern","robots":{"index":"index","follow":"follow","max-snippet":"max-snippet:-1","max-image-preview":"max-image-preview:large","max-video-preview":"max-video-preview:-1"},"canonical":"https:\/\/www.mundi-roth.de\/teneriffa-blog\/wanderungen\/roques-de-garcia\/","twitter_misc":{"Verfasst von":"ir","Gesch\u00e4tzte Lesezeit":"6\u00a0Minuten"},"schema":{"@context":"https:\/\/schema.org","@graph":[{"@type":"Article","@id":"https:\/\/www.mundi-roth.de\/teneriffa-blog\/wanderungen\/roques-de-garcia\/#article","isPartOf":{"@id":"https:\/\/www.mundi-roth.de\/teneriffa-blog\/wanderungen\/roques-de-garcia\/"},"author":{"name":"ir","@id":"https:\/\/www.mundi-roth.de\/teneriffa-blog\/#\/schema\/person\/3afd0d251449790d15367c9aa52d203d"},"headline":"Roques de Garc\u00eda","datePublished":"2008-03-09T17:29:48+00:00","dateModified":"2011-05-05T11:17:30+00:00","mainEntityOfPage":{"@id":"https:\/\/www.mundi-roth.de\/teneriffa-blog\/wanderungen\/roques-de-garcia\/"},"wordCount":1126,"commentCount":0,"image":{"@id":"https:\/\/www.mundi-roth.de\/teneriffa-blog\/wanderungen\/roques-de-garcia\/#primaryimage"},"thumbnailUrl":"http:\/\/www.mundi-roth.de\/teneriffa-blog\/wp-content\/uploads\/2008\/03\/roquegarcia.thumbnail.jpg","keywords":["Parador","Teide","Teneriffa","Wandern"],"articleSection":["Wanderungen"],"inLanguage":"de","potentialAction":[{"@type":"CommentAction","name":"Comment","target":["https:\/\/www.mundi-roth.de\/teneriffa-blog\/wanderungen\/roques-de-garcia\/#respond"]}]},{"@type":"WebPage","@id":"https:\/\/www.mundi-roth.de\/teneriffa-blog\/wanderungen\/roques-de-garcia\/","url":"https:\/\/www.mundi-roth.de\/teneriffa-blog\/wanderungen\/roques-de-garcia\/","name":"Roques de Garc\u00eda - Teneriffa Wandern","isPartOf":{"@id":"https:\/\/www.mundi-roth.de\/teneriffa-blog\/#website"},"primaryImageOfPage":{"@id":"https:\/\/www.mundi-roth.de\/teneriffa-blog\/wanderungen\/roques-de-garcia\/#primaryimage"},"image":{"@id":"https:\/\/www.mundi-roth.de\/teneriffa-blog\/wanderungen\/roques-de-garcia\/#primaryimage"},"thumbnailUrl":"http:\/\/www.mundi-roth.de\/teneriffa-blog\/wp-content\/uploads\/2008\/03\/roquegarcia.thumbnail.jpg","datePublished":"2008-03-09T17:29:48+00:00","dateModified":"2011-05-05T11:17:30+00:00","author":{"@id":"https:\/\/www.mundi-roth.de\/teneriffa-blog\/#\/schema\/person\/3afd0d251449790d15367c9aa52d203d"},"breadcrumb":{"@id":"https:\/\/www.mundi-roth.de\/teneriffa-blog\/wanderungen\/roques-de-garcia\/#breadcrumb"},"inLanguage":"de","potentialAction":[{"@type":"ReadAction","target":["https:\/\/www.mundi-roth.de\/teneriffa-blog\/wanderungen\/roques-de-garcia\/"]}]},{"@type":"ImageObject","inLanguage":"de","@id":"https:\/\/www.mundi-roth.de\/teneriffa-blog\/wanderungen\/roques-de-garcia\/#primaryimage","url":"http:\/\/www.mundi-roth.de\/teneriffa-blog\/wp-content\/uploads\/2008\/03\/roquegarcia.thumbnail.jpg","contentUrl":"http:\/\/www.mundi-roth.de\/teneriffa-blog\/wp-content\/uploads\/2008\/03\/roquegarcia.thumbnail.jpg"},{"@type":"BreadcrumbList","@id":"https:\/\/www.mundi-roth.de\/teneriffa-blog\/wanderungen\/roques-de-garcia\/#breadcrumb","itemListElement":[{"@type":"ListItem","position":1,"name":"Startseite","item":"https:\/\/www.mundi-roth.de\/teneriffa-blog\/"},{"@type":"ListItem","position":2,"name":"Roques de Garc\u00eda"}]},{"@type":"WebSite","@id":"https:\/\/www.mundi-roth.de\/teneriffa-blog\/#website","url":"https:\/\/www.mundi-roth.de\/teneriffa-blog\/","name":"Teneriffa Wandern","description":"Nicht nur Wanderungen auf Teneriffa...","potentialAction":[{"@type":"SearchAction","target":{"@type":"EntryPoint","urlTemplate":"https:\/\/www.mundi-roth.de\/teneriffa-blog\/?s={search_term_string}"},"query-input":{"@type":"PropertyValueSpecification","valueRequired":true,"valueName":"search_term_string"}}],"inLanguage":"de"},{"@type":"Person","@id":"https:\/\/www.mundi-roth.de\/teneriffa-blog\/#\/schema\/person\/3afd0d251449790d15367c9aa52d203d","name":"ir","image":{"@type":"ImageObject","inLanguage":"de","@id":"https:\/\/secure.gravatar.com\/avatar\/e67b41513c921c2bb58363f44c8a00a447c9a2526ad8ff71b5b6257e5f7f5c66?s=96&d=mm&r=g","url":"https:\/\/secure.gravatar.com\/avatar\/e67b41513c921c2bb58363f44c8a00a447c9a2526ad8ff71b5b6257e5f7f5c66?s=96&d=mm&r=g","contentUrl":"https:\/\/secure.gravatar.com\/avatar\/e67b41513c921c2bb58363f44c8a00a447c9a2526ad8ff71b5b6257e5f7f5c66?s=96&d=mm&r=g","caption":"ir"},"sameAs":["http:\/\/www.mundi-roth.de"],"url":"https:\/\/www.mundi-roth.de\/teneriffa-blog\/author\/ir\/"}]}},"_links":{"self":[{"href":"https:\/\/www.mundi-roth.de\/teneriffa-blog\/wp-json\/wp\/v2\/posts\/256","targetHints":{"allow":["GET"]}}],"collection":[{"href":"https:\/\/www.mundi-roth.de\/teneriffa-blog\/wp-json\/wp\/v2\/posts"}],"about":[{"href":"https:\/\/www.mundi-roth.de\/teneriffa-blog\/wp-json\/wp\/v2\/types\/post"}],"author":[{"embeddable":true,"href":"https:\/\/www.mundi-roth.de\/teneriffa-blog\/wp-json\/wp\/v2\/users\/3"}],"replies":[{"embeddable":true,"href":"https:\/\/www.mundi-roth.de\/teneriffa-blog\/wp-json\/wp\/v2\/comments?post=256"}],"version-history":[{"count":0,"href":"https:\/\/www.mundi-roth.de\/teneriffa-blog\/wp-json\/wp\/v2\/posts\/256\/revisions"}],"wp:attachment":[{"href":"https:\/\/www.mundi-roth.de\/teneriffa-blog\/wp-json\/wp\/v2\/media?parent=256"}],"wp:term":[{"taxonomy":"category","embeddable":true,"href":"https:\/\/www.mundi-roth.de\/teneriffa-blog\/wp-json\/wp\/v2\/categories?post=256"},{"taxonomy":"post_tag","embeddable":true,"href":"https:\/\/www.mundi-roth.de\/teneriffa-blog\/wp-json\/wp\/v2\/tags?post=256"}],"curies":[{"name":"wp","href":"https:\/\/api.w.org\/{rel}","templated":true}]}}