{"id":2596,"date":"2013-04-25T22:00:18","date_gmt":"2013-04-25T21:00:18","guid":{"rendered":"http:\/\/www.mundi-roth.de\/teneriffa-blog\/?p=2596"},"modified":"2015-04-06T17:30:21","modified_gmt":"2015-04-06T16:30:21","slug":"benijo-el-draguillo-benijo","status":"publish","type":"post","link":"https:\/\/www.mundi-roth.de\/teneriffa-blog\/wanderungen\/benijo-el-draguillo-benijo\/","title":{"rendered":"Benijo \u2013 El Draguillo \u2013 Benijo"},"content":{"rendered":"<p><strong>\u00a0<\/strong><\/p>\n<h3>F\u00fcr unsere letzte Wanderung in dieser Saison haben wir uns nochmal das Anaga-Gebirge ausgesucht.<\/h3>\n<p><a href=\"http:\/\/www.mundi-roth.de\/teneriffa-blog\/wp-content\/uploads\/2013\/04\/Benijo-Track.jpg\" rel=\"lightbox[2596]\"><img loading=\"lazy\" decoding=\"async\" class=\"alignright size-thumbnail wp-image-2597\" src=\"http:\/\/www.mundi-roth.de\/teneriffa-blog\/wp-content\/uploads\/2013\/04\/Benijo-Track-150x87.jpg\" alt=\"Benijo-Track\" width=\"150\" height=\"87\" srcset=\"https:\/\/www.mundi-roth.de\/teneriffa-blog\/wp-content\/uploads\/2013\/04\/Benijo-Track-150x87.jpg 150w, https:\/\/www.mundi-roth.de\/teneriffa-blog\/wp-content\/uploads\/2013\/04\/Benijo-Track-300x174.jpg 300w, https:\/\/www.mundi-roth.de\/teneriffa-blog\/wp-content\/uploads\/2013\/04\/Benijo-Track.jpg 850w\" sizes=\"auto, (max-width: 150px) 100vw, 150px\" \/><\/a><strong>Die heutige Tour stand schon lange auf unserem Wunschzettel \u2013 pr\u00e4zise: seit M\u00e4rz 2012 als wir die \u201eGro\u00dfe Faro de Anaga Rundtour\u201c gingen.<\/strong><br \/>\n<strong> Auch diese Rundwanderung f\u00fchrt uns, auf dieser relativ kurzen Strecke &#8211; 4,65 km &#8211; wieder die Vielfalt der Insel vor Augen.<\/strong><br \/>\nZu Beginn und am Ende die Pflanzenwelt der K\u00fcste: die Wolfsmilchgew\u00e4chse, <a href=\"http:\/\/www.mundi-roth.de\/teneriffa-blog\/wp-content\/uploads\/2013\/04\/P1090326.jpg\" rel=\"lightbox[2596]\"><img loading=\"lazy\" decoding=\"async\" class=\"alignleft size-thumbnail wp-image-2599\" src=\"http:\/\/www.mundi-roth.de\/teneriffa-blog\/wp-content\/uploads\/2013\/04\/P1090326-150x112.jpg\" alt=\"P1090326\" width=\"150\" height=\"112\" srcset=\"https:\/\/www.mundi-roth.de\/teneriffa-blog\/wp-content\/uploads\/2013\/04\/P1090326-150x112.jpg 150w, https:\/\/www.mundi-roth.de\/teneriffa-blog\/wp-content\/uploads\/2013\/04\/P1090326-300x225.jpg 300w, https:\/\/www.mundi-roth.de\/teneriffa-blog\/wp-content\/uploads\/2013\/04\/P1090326.jpg 850w\" sizes=\"auto, (max-width: 150px) 100vw, 150px\" \/><\/a>wie Tabaiba dulce, Exemplare von einer Gr\u00f6\u00dfe wie wir sie noch nie gesehen haben,\u00a0 Kandelaber Wolfsmilch, Agaven, Kaktusfeigen, Margaritenb\u00fcschen und vielen, vielen Str\u00e4uchern des Ampfer und wir steigen hoch bis zum Beginn des Lorbeerwaldes, Baumheide, Leuchterblumen, Dickblattgew\u00e4chse und, ganz au\u00dfergew\u00f6hnlich, Drachenb\u00e4ume treffen wir hier an.<br \/>\nDie ganze Wanderung sind wir umweht vom Duft des Wermuts.<\/p>\n<p>Die Zeitangabe ist nicht unbedingt ernst zu nehmen, denn wir haben getr\u00f6delt, haben die Sch\u00f6nheit dieser Landschaft in uns aufgesogen, die Passatwolken in ihrem Auf- und Abziehen beobachtet.<br \/>\nZudem waren wir f\u00fcr Esperanza, unsere kanarische Freundin, Fremdenf\u00fchrerinnen, da Esperanza noch nie in dieser Gegend war!<br \/>\nDas bedeutete auch, dass wir unser spanisch am \u201elaufenden Meter\u201c \u00fcben konnten.<\/p>\n<p><strong>Wanderwegstrecke:<\/strong> 3 1\/2 Stunden, inclusive Apfelpause, Schau-Staun-<a href=\"http:\/\/www.mundi-roth.de\/teneriffa-blog\/wp-content\/uploads\/2013\/04\/H\u00f6henprofil.jpg\" rel=\"lightbox[2596]\"><img loading=\"lazy\" decoding=\"async\" class=\"alignright size-thumbnail wp-image-2598\" src=\"http:\/\/www.mundi-roth.de\/teneriffa-blog\/wp-content\/uploads\/2013\/04\/H\u00f6henprofil-150x96.jpg\" alt=\"H\u00f6henprofil\" width=\"150\" height=\"96\" srcset=\"https:\/\/www.mundi-roth.de\/teneriffa-blog\/wp-content\/uploads\/2013\/04\/H\u00f6henprofil-150x96.jpg 150w, https:\/\/www.mundi-roth.de\/teneriffa-blog\/wp-content\/uploads\/2013\/04\/H\u00f6henprofil-300x193.jpg 300w, https:\/\/www.mundi-roth.de\/teneriffa-blog\/wp-content\/uploads\/2013\/04\/H\u00f6henprofil.jpg 505w\" sizes=\"auto, (max-width: 150px) 100vw, 150px\" \/><\/a>Fotographier-Erz\u00e4hlpausen<\/p>\n<p>Wir beginnen unsere Tour um 10.45 Uhr vom Parkplatz des Restaurants Fronton in Benijo aus.\u00a0 Erkl\u00e4ren der Wirtin, dass wir anschlie\u00dfend zum Essen kommen und somit ist die Parkerlaubnis gekl\u00e4rt.<\/p>\n<p>Der Infotafel entnehmen wir, dass wir auf den Pfaden PR -TF 6,2\u00a0 PR-TF 6 und PR-TF 6,3 wandern werden, dass hier in Benijo, ebenso wie in Taganana, die einzigen Siedlungen waren, in denen im fr\u00fchen 16. Jahrhundert Zuckerfabriken installiert wurden.<br \/>\nZudem ist es eine gl\u00fcckliche Gegend, denn ganzj\u00e4hrig flie\u00dft hier Oberfl\u00e4chenwasser.<\/p>\n<p>Die Stra\u00dfe \u201ePista al Draguilla\u201c, anfangs asphaltiert, sp\u00e4ter betoniert und noch sp\u00e4ter erdig, f\u00fchrt uns, gleich ansteigend, oberhalb der K\u00fcste entlang und das kurz darauf folgende Hinweisschild sagt uns, 2,0 km bis El Draguillo.<\/p>\n<p>Von Anfang an begeistert uns der Blick auf die vielen mit sch\u00e4umendem Wasser umsp\u00fclten kleinen Inselchen .<\/p>\n<p style=\"text-align: center;\"><a href=\"http:\/\/www.mundi-roth.de\/teneriffa-blog\/wp-content\/uploads\/2013\/04\/P1090250.jpg\" rel=\"lightbox[2596]\"><img loading=\"lazy\" decoding=\"async\" class=\"alignleft size-thumbnail wp-image-2600\" src=\"http:\/\/www.mundi-roth.de\/teneriffa-blog\/wp-content\/uploads\/2013\/04\/P1090250-150x112.jpg\" alt=\"P1090250\" width=\"150\" height=\"112\" srcset=\"https:\/\/www.mundi-roth.de\/teneriffa-blog\/wp-content\/uploads\/2013\/04\/P1090250-150x112.jpg 150w, https:\/\/www.mundi-roth.de\/teneriffa-blog\/wp-content\/uploads\/2013\/04\/P1090250-300x225.jpg 300w, https:\/\/www.mundi-roth.de\/teneriffa-blog\/wp-content\/uploads\/2013\/04\/P1090250.jpg 850w\" sizes=\"auto, (max-width: 150px) 100vw, 150px\" \/><\/a><a href=\"http:\/\/www.mundi-roth.de\/teneriffa-blog\/wp-content\/uploads\/2013\/04\/P1090248.jpg\" rel=\"lightbox[2596]\"><img loading=\"lazy\" decoding=\"async\" class=\"aligncenter size-thumbnail wp-image-2601\" src=\"http:\/\/www.mundi-roth.de\/teneriffa-blog\/wp-content\/uploads\/2013\/04\/P1090248-150x112.jpg\" alt=\"P1090248\" width=\"150\" height=\"112\" srcset=\"https:\/\/www.mundi-roth.de\/teneriffa-blog\/wp-content\/uploads\/2013\/04\/P1090248-150x112.jpg 150w, https:\/\/www.mundi-roth.de\/teneriffa-blog\/wp-content\/uploads\/2013\/04\/P1090248-300x225.jpg 300w, https:\/\/www.mundi-roth.de\/teneriffa-blog\/wp-content\/uploads\/2013\/04\/P1090248.jpg 850w\" sizes=\"auto, (max-width: 150px) 100vw, 150px\" \/><\/a><\/p>\n<p>Das Schild, \u201eErdrutschgefahr, Durchgang verboten\u201c l\u00e4sst uns erstmal stutzten. <a href=\"http:\/\/www.mundi-roth.de\/teneriffa-blog\/wp-content\/uploads\/2013\/04\/P1090249.jpg\" rel=\"lightbox[2596]\"><img loading=\"lazy\" decoding=\"async\" class=\"alignleft size-thumbnail wp-image-2602\" src=\"http:\/\/www.mundi-roth.de\/teneriffa-blog\/wp-content\/uploads\/2013\/04\/P1090249-150x112.jpg\" alt=\"P1090249\" width=\"150\" height=\"112\" srcset=\"https:\/\/www.mundi-roth.de\/teneriffa-blog\/wp-content\/uploads\/2013\/04\/P1090249-150x112.jpg 150w, https:\/\/www.mundi-roth.de\/teneriffa-blog\/wp-content\/uploads\/2013\/04\/P1090249-300x225.jpg 300w, https:\/\/www.mundi-roth.de\/teneriffa-blog\/wp-content\/uploads\/2013\/04\/P1090249.jpg 850w\" sizes=\"auto, (max-width: 150px) 100vw, 150px\" \/><\/a>Da es sich bei dieser Stra\u00dfe aber auch auf die Zufahrtsstra\u00dfe zum \u00d6rtchen El Draguillo handelt, ignorieren wir es und passieren kurz darauf auch schon ein Anwesen, das von einigen Hunden heftig bellend verteidigt wird.<\/p>\n<p><a href=\"http:\/\/www.mundi-roth.de\/teneriffa-blog\/wp-content\/uploads\/2013\/04\/P1090256.jpg\" rel=\"lightbox[2596]\"><img loading=\"lazy\" decoding=\"async\" class=\"alignright size-thumbnail wp-image-2603\" src=\"http:\/\/www.mundi-roth.de\/teneriffa-blog\/wp-content\/uploads\/2013\/04\/P1090256-150x137.jpg\" alt=\"P1090256\" width=\"150\" height=\"137\" srcset=\"https:\/\/www.mundi-roth.de\/teneriffa-blog\/wp-content\/uploads\/2013\/04\/P1090256-150x137.jpg 150w, https:\/\/www.mundi-roth.de\/teneriffa-blog\/wp-content\/uploads\/2013\/04\/P1090256-300x274.jpg 300w, https:\/\/www.mundi-roth.de\/teneriffa-blog\/wp-content\/uploads\/2013\/04\/P1090256.jpg 573w\" sizes=\"auto, (max-width: 150px) 100vw, 150px\" \/><\/a><\/p>\n<p>Auch hier treffen wir wieder auf Ein Gedicht des Anaga-Wanderweges<\/p>\n<p>Nach 45 Minuten erreichen wir das \u201e<em>auf einem H\u00fcgel am Fu\u00df der Steilk\u00fcste gelegenen D\u00f6rfchen El Draguillo, das sich durch seine, den Namen gebenden Drachenb\u00e4umen auszeichnet. Zudem ist es das Zentrum des traditionellen Weinbaus der Region mit interessanten Beispielen traditioneller h\u00e4uslicher Architektur.<\/em>\u201c<\/p>\n<p style=\"text-align: center;\"><a href=\"http:\/\/www.mundi-roth.de\/teneriffa-blog\/wp-content\/uploads\/2013\/04\/P1090257.jpg\" rel=\"lightbox[2596]\"><img loading=\"lazy\" decoding=\"async\" class=\"alignleft size-thumbnail wp-image-2604\" src=\"http:\/\/www.mundi-roth.de\/teneriffa-blog\/wp-content\/uploads\/2013\/04\/P1090257-150x112.jpg\" alt=\"P1090257\" width=\"150\" height=\"112\" srcset=\"https:\/\/www.mundi-roth.de\/teneriffa-blog\/wp-content\/uploads\/2013\/04\/P1090257-150x112.jpg 150w, https:\/\/www.mundi-roth.de\/teneriffa-blog\/wp-content\/uploads\/2013\/04\/P1090257-300x225.jpg 300w, https:\/\/www.mundi-roth.de\/teneriffa-blog\/wp-content\/uploads\/2013\/04\/P1090257.jpg 850w\" sizes=\"auto, (max-width: 150px) 100vw, 150px\" \/><\/a><a href=\"http:\/\/www.mundi-roth.de\/teneriffa-blog\/wp-content\/uploads\/2013\/04\/P1090260.jpg\" rel=\"lightbox[2596]\"><img loading=\"lazy\" decoding=\"async\" class=\"aligncenter size-thumbnail wp-image-2605\" src=\"http:\/\/www.mundi-roth.de\/teneriffa-blog\/wp-content\/uploads\/2013\/04\/P1090260-150x112.jpg\" alt=\"P1090260\" width=\"150\" height=\"112\" srcset=\"https:\/\/www.mundi-roth.de\/teneriffa-blog\/wp-content\/uploads\/2013\/04\/P1090260-150x112.jpg 150w, https:\/\/www.mundi-roth.de\/teneriffa-blog\/wp-content\/uploads\/2013\/04\/P1090260-300x225.jpg 300w, https:\/\/www.mundi-roth.de\/teneriffa-blog\/wp-content\/uploads\/2013\/04\/P1090260.jpg 850w\" sizes=\"auto, (max-width: 150px) 100vw, 150px\" \/><\/a><\/p>\n<p>Wir bestaunen den m\u00e4chtigen Drachenbaum und der nun folgende, steile Aufstieg auf dem Pfad PR-TF 6 ist uns von der im M\u00e4rz vergangenen Jahres in Chamorga gestarteten Rundtour noch in Erinnerung.<\/p>\n<p style=\"text-align: center;\"><a href=\"http:\/\/www.mundi-roth.de\/teneriffa-blog\/wp-content\/uploads\/2013\/04\/P1090262.jpg\" rel=\"lightbox[2596]\"><img loading=\"lazy\" decoding=\"async\" class=\"alignleft size-thumbnail wp-image-2606\" src=\"http:\/\/www.mundi-roth.de\/teneriffa-blog\/wp-content\/uploads\/2013\/04\/P1090262-150x112.jpg\" alt=\"P1090262\" width=\"150\" height=\"112\" srcset=\"https:\/\/www.mundi-roth.de\/teneriffa-blog\/wp-content\/uploads\/2013\/04\/P1090262-150x112.jpg 150w, https:\/\/www.mundi-roth.de\/teneriffa-blog\/wp-content\/uploads\/2013\/04\/P1090262-300x225.jpg 300w, https:\/\/www.mundi-roth.de\/teneriffa-blog\/wp-content\/uploads\/2013\/04\/P1090262.jpg 850w\" sizes=\"auto, (max-width: 150px) 100vw, 150px\" \/><\/a><a href=\"http:\/\/www.mundi-roth.de\/teneriffa-blog\/wp-content\/uploads\/2013\/04\/P1090266.jpg\" rel=\"lightbox[2596]\"><img loading=\"lazy\" decoding=\"async\" class=\"aligncenter size-thumbnail wp-image-2607\" src=\"http:\/\/www.mundi-roth.de\/teneriffa-blog\/wp-content\/uploads\/2013\/04\/P1090266-150x112.jpg\" alt=\"P1090266\" width=\"150\" height=\"112\" srcset=\"https:\/\/www.mundi-roth.de\/teneriffa-blog\/wp-content\/uploads\/2013\/04\/P1090266-150x112.jpg 150w, https:\/\/www.mundi-roth.de\/teneriffa-blog\/wp-content\/uploads\/2013\/04\/P1090266-300x225.jpg 300w, https:\/\/www.mundi-roth.de\/teneriffa-blog\/wp-content\/uploads\/2013\/04\/P1090266.jpg 850w\" sizes=\"auto, (max-width: 150px) 100vw, 150px\" \/><\/a><\/p>\n<p><a href=\"http:\/\/www.mundi-roth.de\/teneriffa-blog\/wp-content\/uploads\/2013\/04\/P1090264.jpg\" rel=\"lightbox[2596]\"><img loading=\"lazy\" decoding=\"async\" class=\"alignleft size-thumbnail wp-image-2608\" src=\"http:\/\/www.mundi-roth.de\/teneriffa-blog\/wp-content\/uploads\/2013\/04\/P1090264-150x112.jpg\" alt=\"P1090264\" width=\"150\" height=\"112\" srcset=\"https:\/\/www.mundi-roth.de\/teneriffa-blog\/wp-content\/uploads\/2013\/04\/P1090264-150x112.jpg 150w, https:\/\/www.mundi-roth.de\/teneriffa-blog\/wp-content\/uploads\/2013\/04\/P1090264-300x225.jpg 300w, https:\/\/www.mundi-roth.de\/teneriffa-blog\/wp-content\/uploads\/2013\/04\/P1090264.jpg 850w\" sizes=\"auto, (max-width: 150px) 100vw, 150px\" \/><\/a>Wir passieren nochmal ein h\u00fcbsches Haus und zwischen Mauern, bewachsen mit Aeoninen, <em>M\u00e4use\u00f6hrchen von Christobal, dem Botaniker, <a href=\"http:\/\/www.mundi-roth.de\/teneriffa-blog\/wp-content\/uploads\/2013\/04\/P1090272.jpg\" rel=\"lightbox[2596]\"><img loading=\"lazy\" decoding=\"async\" class=\"alignright size-thumbnail wp-image-2609\" src=\"http:\/\/www.mundi-roth.de\/teneriffa-blog\/wp-content\/uploads\/2013\/04\/P1090272-112x150.jpg\" alt=\"P1090272\" width=\"112\" height=\"150\" srcset=\"https:\/\/www.mundi-roth.de\/teneriffa-blog\/wp-content\/uploads\/2013\/04\/P1090272-112x150.jpg 112w, https:\/\/www.mundi-roth.de\/teneriffa-blog\/wp-content\/uploads\/2013\/04\/P1090272-225x300.jpg 225w, https:\/\/www.mundi-roth.de\/teneriffa-blog\/wp-content\/uploads\/2013\/04\/P1090272.jpg 638w\" sizes=\"auto, (max-width: 112px) 100vw, 112px\" \/><\/a>bezeichnet.<\/em> Vorbei an Mohn und G\u00e4nsedisteln geht es auf dicken Steinen, wie Stufen verlegt, schwei\u00dftreibend aufw\u00e4rts.<br \/>\nDas hei\u00dft: wir haben auch hier im Norden wieder Sonne pur! <a href=\"http:\/\/www.mundi-roth.de\/teneriffa-blog\/wp-content\/uploads\/2013\/04\/P1090273.jpg\" rel=\"lightbox[2596]\"><img loading=\"lazy\" decoding=\"async\" class=\"alignleft size-thumbnail wp-image-2610\" src=\"http:\/\/www.mundi-roth.de\/teneriffa-blog\/wp-content\/uploads\/2013\/04\/P1090273-150x112.jpg\" alt=\"P1090273\" width=\"150\" height=\"112\" srcset=\"https:\/\/www.mundi-roth.de\/teneriffa-blog\/wp-content\/uploads\/2013\/04\/P1090273-150x112.jpg 150w, https:\/\/www.mundi-roth.de\/teneriffa-blog\/wp-content\/uploads\/2013\/04\/P1090273-300x225.jpg 300w, https:\/\/www.mundi-roth.de\/teneriffa-blog\/wp-content\/uploads\/2013\/04\/P1090273.jpg 850w\" sizes=\"auto, (max-width: 150px) 100vw, 150px\" \/><\/a>Wir sind begeistert von diesen gr\u00fcn, gr\u00fcn, gr\u00fcnen H\u00e4ngen. Und wir staunen, wie schnell wir H\u00f6he gewonnen haben.<a href=\"http:\/\/www.mundi-roth.de\/teneriffa-blog\/wp-content\/uploads\/2013\/04\/P1090274.jpg\" rel=\"lightbox[2596]\"><img loading=\"lazy\" decoding=\"async\" class=\"alignright size-thumbnail wp-image-2611\" src=\"http:\/\/www.mundi-roth.de\/teneriffa-blog\/wp-content\/uploads\/2013\/04\/P1090274-150x112.jpg\" alt=\"P1090274\" width=\"150\" height=\"112\" srcset=\"https:\/\/www.mundi-roth.de\/teneriffa-blog\/wp-content\/uploads\/2013\/04\/P1090274-150x112.jpg 150w, https:\/\/www.mundi-roth.de\/teneriffa-blog\/wp-content\/uploads\/2013\/04\/P1090274-300x225.jpg 300w, https:\/\/www.mundi-roth.de\/teneriffa-blog\/wp-content\/uploads\/2013\/04\/P1090274.jpg 850w\" sizes=\"auto, (max-width: 150px) 100vw, 150px\" \/><\/a><\/p>\n<p>Um 12.20 Uhr erreichen wir das Cruz de Draguillo.\u00a0\u00a0\u00a0\u00a0\u00a0\u00a0\u00a0\u00a0\u00a0\u00a0\u00a0\u00a0\u00a0\u00a0\u00a0\u00a0\u00a0 1 km war der Aufstieg nur.<br \/>\nEigentlich hatten wir angedacht, noch bis zum einmalig <a href=\"http:\/\/www.mundi-roth.de\/teneriffa-blog\/wp-content\/uploads\/2013\/04\/P1090279.jpg\" rel=\"lightbox[2596]\"><img loading=\"lazy\" decoding=\"async\" class=\"alignleft size-thumbnail wp-image-2613\" src=\"http:\/\/www.mundi-roth.de\/teneriffa-blog\/wp-content\/uploads\/2013\/04\/P1090279-150x112.jpg\" alt=\"P1090279\" width=\"150\" height=\"112\" srcset=\"https:\/\/www.mundi-roth.de\/teneriffa-blog\/wp-content\/uploads\/2013\/04\/P1090279-150x112.jpg 150w, https:\/\/www.mundi-roth.de\/teneriffa-blog\/wp-content\/uploads\/2013\/04\/P1090279-300x225.jpg 300w, https:\/\/www.mundi-roth.de\/teneriffa-blog\/wp-content\/uploads\/2013\/04\/P1090279.jpg 850w\" sizes=\"auto, (max-width: 150px) 100vw, 150px\" \/><\/a>sch\u00f6nen Ausblick, Cabezo del Tejo, aufzusteigen, um mit Esperanza den Blick, gleichzeitig Teide und K\u00fcste zu genie\u00dfen, jedoch die schon heftig aufziehenden Passatwolken verh\u00e4ngen den Blick.<\/p>\n<p>Also nehmen wir die Route PR-TF 6,3 Benijo, wie angezeigt. Sofort \u00e4ndert sich der Pfad. Wir schl\u00e4ngeln uns durch dichten Farn <a href=\"http:\/\/www.mundi-roth.de\/teneriffa-blog\/wp-content\/uploads\/2013\/04\/P1090282.jpg\" rel=\"lightbox[2596]\"><img loading=\"lazy\" decoding=\"async\" class=\"alignleft size-thumbnail wp-image-2614\" src=\"http:\/\/www.mundi-roth.de\/teneriffa-blog\/wp-content\/uploads\/2013\/04\/P1090282-112x150.jpg\" alt=\"P1090282\" width=\"112\" height=\"150\" srcset=\"https:\/\/www.mundi-roth.de\/teneriffa-blog\/wp-content\/uploads\/2013\/04\/P1090282-112x150.jpg 112w, https:\/\/www.mundi-roth.de\/teneriffa-blog\/wp-content\/uploads\/2013\/04\/P1090282-225x300.jpg 225w, https:\/\/www.mundi-roth.de\/teneriffa-blog\/wp-content\/uploads\/2013\/04\/P1090282.jpg 638w\" sizes=\"auto, (max-width: 112px) 100vw, 112px\" \/><\/a>hindurch. Der Weg ist nunmehr erdig, f\u00fchrt erst am Hang entlang, steigt dann etwas auf und gibt den Blick auf einen <a href=\"http:\/\/www.mundi-roth.de\/teneriffa-blog\/wp-content\/uploads\/2013\/04\/P1090285.jpg\" rel=\"lightbox[2596]\"><img loading=\"lazy\" decoding=\"async\" class=\"alignright size-thumbnail wp-image-2615\" src=\"http:\/\/www.mundi-roth.de\/teneriffa-blog\/wp-content\/uploads\/2013\/04\/P1090285-150x112.jpg\" alt=\"P1090285\" width=\"150\" height=\"112\" srcset=\"https:\/\/www.mundi-roth.de\/teneriffa-blog\/wp-content\/uploads\/2013\/04\/P1090285-150x112.jpg 150w, https:\/\/www.mundi-roth.de\/teneriffa-blog\/wp-content\/uploads\/2013\/04\/P1090285-300x225.jpg 300w, https:\/\/www.mundi-roth.de\/teneriffa-blog\/wp-content\/uploads\/2013\/04\/P1090285.jpg 850w\" sizes=\"auto, (max-width: 150px) 100vw, 150px\" \/><\/a>ungew\u00f6hnlichen Felsen frei. Wir spa\u00dfen: \u201eEin gro\u00dfes Steinm\u00e4nnchen\u201c.<br \/>\nZwischendurch immer wieder Blicke zur K\u00fcste und das Schauspiel der Passatwolken.<\/p>\n<p>&nbsp;<\/p>\n<p><a href=\"http:\/\/www.mundi-roth.de\/teneriffa-blog\/wp-content\/uploads\/2013\/04\/P1090288.jpg\" rel=\"lightbox[2596]\"><img loading=\"lazy\" decoding=\"async\" class=\"alignleft size-thumbnail wp-image-2616\" src=\"http:\/\/www.mundi-roth.de\/teneriffa-blog\/wp-content\/uploads\/2013\/04\/P1090288-150x112.jpg\" alt=\"P1090288\" width=\"150\" height=\"112\" srcset=\"https:\/\/www.mundi-roth.de\/teneriffa-blog\/wp-content\/uploads\/2013\/04\/P1090288-150x112.jpg 150w, https:\/\/www.mundi-roth.de\/teneriffa-blog\/wp-content\/uploads\/2013\/04\/P1090288-300x225.jpg 300w, https:\/\/www.mundi-roth.de\/teneriffa-blog\/wp-content\/uploads\/2013\/04\/P1090288.jpg 850w\" sizes=\"auto, (max-width: 150px) 100vw, 150px\" \/><\/a><a href=\"http:\/\/www.mundi-roth.de\/teneriffa-blog\/wp-content\/uploads\/2013\/04\/P1090290.jpg\" rel=\"lightbox[2596]\"><img loading=\"lazy\" decoding=\"async\" class=\"aligncenter size-thumbnail wp-image-2617\" src=\"http:\/\/www.mundi-roth.de\/teneriffa-blog\/wp-content\/uploads\/2013\/04\/P1090290-150x112.jpg\" alt=\"P1090290\" width=\"150\" height=\"112\" srcset=\"https:\/\/www.mundi-roth.de\/teneriffa-blog\/wp-content\/uploads\/2013\/04\/P1090290-150x112.jpg 150w, https:\/\/www.mundi-roth.de\/teneriffa-blog\/wp-content\/uploads\/2013\/04\/P1090290-300x225.jpg 300w, https:\/\/www.mundi-roth.de\/teneriffa-blog\/wp-content\/uploads\/2013\/04\/P1090290.jpg 850w\" sizes=\"auto, (max-width: 150px) 100vw, 150px\" \/><\/a><\/p>\n<p>Aber auch die kleinen Kostbarkeiten, die am Wege sind, verlieren wir nicht aus dem Blick: in einer Leuchterblume entdecken wir eine h\u00fcbsche Raupe.<\/p>\n<p><a href=\"http:\/\/www.mundi-roth.de\/teneriffa-blog\/wp-content\/uploads\/2013\/04\/P1090295.jpg\" rel=\"lightbox[2596]\"><img loading=\"lazy\" decoding=\"async\" class=\"alignleft size-thumbnail wp-image-2618\" src=\"http:\/\/www.mundi-roth.de\/teneriffa-blog\/wp-content\/uploads\/2013\/04\/P1090295-150x112.jpg\" alt=\"P1090295\" width=\"150\" height=\"112\" srcset=\"https:\/\/www.mundi-roth.de\/teneriffa-blog\/wp-content\/uploads\/2013\/04\/P1090295-150x112.jpg 150w, https:\/\/www.mundi-roth.de\/teneriffa-blog\/wp-content\/uploads\/2013\/04\/P1090295-300x225.jpg 300w, https:\/\/www.mundi-roth.de\/teneriffa-blog\/wp-content\/uploads\/2013\/04\/P1090295.jpg 850w\" sizes=\"auto, (max-width: 150px) 100vw, 150px\" \/><\/a><a href=\"http:\/\/www.mundi-roth.de\/teneriffa-blog\/wp-content\/uploads\/2013\/04\/P1090294a.jpg\" rel=\"lightbox[2596]\"><img loading=\"lazy\" decoding=\"async\" class=\"aligncenter size-thumbnail wp-image-2619\" src=\"http:\/\/www.mundi-roth.de\/teneriffa-blog\/wp-content\/uploads\/2013\/04\/P1090294a-150x103.jpg\" alt=\"P1090294a\" width=\"150\" height=\"103\" srcset=\"https:\/\/www.mundi-roth.de\/teneriffa-blog\/wp-content\/uploads\/2013\/04\/P1090294a-150x103.jpg 150w, https:\/\/www.mundi-roth.de\/teneriffa-blog\/wp-content\/uploads\/2013\/04\/P1090294a-300x207.jpg 300w, https:\/\/www.mundi-roth.de\/teneriffa-blog\/wp-content\/uploads\/2013\/04\/P1090294a.jpg 850w\" sizes=\"auto, (max-width: 150px) 100vw, 150px\" \/><\/a><\/p>\n<p>Der etwas sp\u00e4ter wieder steil abw\u00e4rts f\u00fchrende Weg ist schlecht zu gehen, \u00e4u\u00dferst rutschig und oft dicht am Abhang, immer wieder sind Stellen weggebrochen.<\/p>\n<p>Wir haben ein Musterexemplar einer sogenannten <a href=\"http:\/\/www.mundi-roth.de\/teneriffa-blog\/wp-content\/uploads\/2013\/04\/P1090299.jpg\" rel=\"lightbox[2596]\"><img loading=\"lazy\" decoding=\"async\" class=\"alignright size-thumbnail wp-image-2620\" src=\"http:\/\/www.mundi-roth.de\/teneriffa-blog\/wp-content\/uploads\/2013\/04\/P1090299-150x112.jpg\" alt=\"P1090299\" width=\"150\" height=\"112\" srcset=\"https:\/\/www.mundi-roth.de\/teneriffa-blog\/wp-content\/uploads\/2013\/04\/P1090299-150x112.jpg 150w, https:\/\/www.mundi-roth.de\/teneriffa-blog\/wp-content\/uploads\/2013\/04\/P1090299-300x225.jpg 300w, https:\/\/www.mundi-roth.de\/teneriffa-blog\/wp-content\/uploads\/2013\/04\/P1090299.jpg 850w\" sizes=\"auto, (max-width: 150px) 100vw, 150px\" \/><\/a>\u201eMauer\u201c im Blick, wie sie\u00a0 bei der Wanderung <a href=\"http:\/\/www.mundi-roth.de\/teneriffa-blog\/wanderungen\/tamaimo-los-gigantes\/\">Tamaimo \u2013 Los Gigantes<\/a> beschrieben wurden.<\/p>\n<p>Kurz nach 13 Uhr machen wir unsere \u2013 diesmal ausgedehnte \u2013 Apfelpause.\u00a0 Die Eidechsen, Lagatos, flitzen um unsere F\u00fc\u00dfe und wir f\u00f6rdern dies noch, indem wir ihnen kleine Apfelst\u00fcckchen zuwerfen.<\/p>\n<p><a href=\"http:\/\/www.mundi-roth.de\/teneriffa-blog\/wp-content\/uploads\/2013\/04\/P1090307.jpg\" rel=\"lightbox[2596]\"><img loading=\"lazy\" decoding=\"async\" class=\"alignleft size-thumbnail wp-image-2622\" src=\"http:\/\/www.mundi-roth.de\/teneriffa-blog\/wp-content\/uploads\/2013\/04\/P1090307-150x112.jpg\" alt=\"P1090307\" width=\"150\" height=\"112\" srcset=\"https:\/\/www.mundi-roth.de\/teneriffa-blog\/wp-content\/uploads\/2013\/04\/P1090307-150x112.jpg 150w, https:\/\/www.mundi-roth.de\/teneriffa-blog\/wp-content\/uploads\/2013\/04\/P1090307-300x225.jpg 300w, https:\/\/www.mundi-roth.de\/teneriffa-blog\/wp-content\/uploads\/2013\/04\/P1090307.jpg 850w\" sizes=\"auto, (max-width: 150px) 100vw, 150px\" \/><\/a><a href=\"http:\/\/www.mundi-roth.de\/teneriffa-blog\/wp-content\/uploads\/2013\/04\/P1090304a.jpg\" rel=\"lightbox[2596]\"><img loading=\"lazy\" decoding=\"async\" class=\"aligncenter size-thumbnail wp-image-2623\" src=\"http:\/\/www.mundi-roth.de\/teneriffa-blog\/wp-content\/uploads\/2013\/04\/P1090304a-150x103.jpg\" alt=\"P1090304a\" width=\"150\" height=\"103\" srcset=\"https:\/\/www.mundi-roth.de\/teneriffa-blog\/wp-content\/uploads\/2013\/04\/P1090304a-150x103.jpg 150w, https:\/\/www.mundi-roth.de\/teneriffa-blog\/wp-content\/uploads\/2013\/04\/P1090304a-300x206.jpg 300w, https:\/\/www.mundi-roth.de\/teneriffa-blog\/wp-content\/uploads\/2013\/04\/P1090304a.jpg 850w\" sizes=\"auto, (max-width: 150px) 100vw, 150px\" \/><\/a><\/p>\n<p><a href=\"http:\/\/www.mundi-roth.de\/teneriffa-blog\/wp-content\/uploads\/2013\/04\/P1090309.jpg\" rel=\"lightbox[2596]\"><img loading=\"lazy\" decoding=\"async\" class=\"alignleft size-thumbnail wp-image-2624\" src=\"http:\/\/www.mundi-roth.de\/teneriffa-blog\/wp-content\/uploads\/2013\/04\/P1090309-112x150.jpg\" alt=\"P1090309\" width=\"112\" height=\"150\" srcset=\"https:\/\/www.mundi-roth.de\/teneriffa-blog\/wp-content\/uploads\/2013\/04\/P1090309-112x150.jpg 112w, https:\/\/www.mundi-roth.de\/teneriffa-blog\/wp-content\/uploads\/2013\/04\/P1090309-225x300.jpg 225w, https:\/\/www.mundi-roth.de\/teneriffa-blog\/wp-content\/uploads\/2013\/04\/P1090309.jpg 638w\" sizes=\"auto, (max-width: 112px) 100vw, 112px\" \/><\/a>Der weiterf\u00fchrende Weg wird nun wieder felsig, steigt auf, um an einer m\u00e4chtigen, Flechten \u00fcberzogenen Felswand <a href=\"http:\/\/www.mundi-roth.de\/teneriffa-blog\/wp-content\/uploads\/2013\/04\/P1090313.jpg\" rel=\"lightbox[2596]\"><img loading=\"lazy\" decoding=\"async\" class=\"alignright size-thumbnail wp-image-2625\" src=\"http:\/\/www.mundi-roth.de\/teneriffa-blog\/wp-content\/uploads\/2013\/04\/P1090313-150x112.jpg\" alt=\"P1090313\" width=\"150\" height=\"112\" srcset=\"https:\/\/www.mundi-roth.de\/teneriffa-blog\/wp-content\/uploads\/2013\/04\/P1090313-150x112.jpg 150w, https:\/\/www.mundi-roth.de\/teneriffa-blog\/wp-content\/uploads\/2013\/04\/P1090313-300x225.jpg 300w, https:\/\/www.mundi-roth.de\/teneriffa-blog\/wp-content\/uploads\/2013\/04\/P1090313.jpg 850w\" sizes=\"auto, (max-width: 150px) 100vw, 150px\" \/><\/a>vorbeizuf\u00fchren. Hier k\u00f6nnen wir wunderbare Aeonien, wie Teller, bestaunen. Und immer wieder, immer wieder: Der Blick zur K\u00fcste mit seinen vielen kleinen Inselchen. Ein Schauspiel.<br \/>\nZudem das Spiel der Passatwolken: In einem Moment ist die Landschaft<\/p>\n<p><a href=\"http:\/\/www.mundi-roth.de\/teneriffa-blog\/wp-content\/uploads\/2013\/04\/P1090314.jpg\" rel=\"lightbox[2596]\"><img loading=\"lazy\" decoding=\"async\" class=\"alignleft size-thumbnail wp-image-2626\" src=\"http:\/\/www.mundi-roth.de\/teneriffa-blog\/wp-content\/uploads\/2013\/04\/P1090314-150x112.jpg\" alt=\"P1090314\" width=\"150\" height=\"112\" srcset=\"https:\/\/www.mundi-roth.de\/teneriffa-blog\/wp-content\/uploads\/2013\/04\/P1090314-150x112.jpg 150w, https:\/\/www.mundi-roth.de\/teneriffa-blog\/wp-content\/uploads\/2013\/04\/P1090314-300x225.jpg 300w, https:\/\/www.mundi-roth.de\/teneriffa-blog\/wp-content\/uploads\/2013\/04\/P1090314.jpg 850w\" sizes=\"auto, (max-width: 150px) 100vw, 150px\" \/><\/a><a href=\"http:\/\/www.mundi-roth.de\/teneriffa-blog\/wp-content\/uploads\/2013\/04\/P1090315.jpg\" rel=\"lightbox[2596]\"><img loading=\"lazy\" decoding=\"async\" class=\"aligncenter size-thumbnail wp-image-2627\" src=\"http:\/\/www.mundi-roth.de\/teneriffa-blog\/wp-content\/uploads\/2013\/04\/P1090315-150x112.jpg\" alt=\"P1090315\" width=\"150\" height=\"112\" srcset=\"https:\/\/www.mundi-roth.de\/teneriffa-blog\/wp-content\/uploads\/2013\/04\/P1090315-150x112.jpg 150w, https:\/\/www.mundi-roth.de\/teneriffa-blog\/wp-content\/uploads\/2013\/04\/P1090315-300x225.jpg 300w, https:\/\/www.mundi-roth.de\/teneriffa-blog\/wp-content\/uploads\/2013\/04\/P1090315.jpg 850w\" sizes=\"auto, (max-width: 150px) 100vw, 150px\" \/><\/a>verh\u00fcllt, im n\u00e4chsten hat man den Blick\u00a0 bis zum Leuchtturm von Punta de Hidalgo frei. Kaum will man fotografieren, Vorhang zu.<\/p>\n<p><a href=\"http:\/\/www.mundi-roth.de\/teneriffa-blog\/wp-content\/uploads\/2013\/04\/P1090328.jpg\" rel=\"lightbox[2596]\"><img loading=\"lazy\" decoding=\"async\" class=\"alignleft size-thumbnail wp-image-2628\" src=\"http:\/\/www.mundi-roth.de\/teneriffa-blog\/wp-content\/uploads\/2013\/04\/P1090328-150x112.jpg\" alt=\"P1090328\" width=\"150\" height=\"112\" srcset=\"https:\/\/www.mundi-roth.de\/teneriffa-blog\/wp-content\/uploads\/2013\/04\/P1090328-150x112.jpg 150w, https:\/\/www.mundi-roth.de\/teneriffa-blog\/wp-content\/uploads\/2013\/04\/P1090328-300x225.jpg 300w, https:\/\/www.mundi-roth.de\/teneriffa-blog\/wp-content\/uploads\/2013\/04\/P1090328.jpg 850w\" sizes=\"auto, (max-width: 150px) 100vw, 150px\" \/><\/a><a href=\"http:\/\/www.mundi-roth.de\/teneriffa-blog\/wp-content\/uploads\/2013\/04\/P1090330.jpg\" rel=\"lightbox[2596]\"><img loading=\"lazy\" decoding=\"async\" class=\"aligncenter size-thumbnail wp-image-2629\" src=\"http:\/\/www.mundi-roth.de\/teneriffa-blog\/wp-content\/uploads\/2013\/04\/P1090330-150x112.jpg\" alt=\"P1090330\" width=\"150\" height=\"112\" srcset=\"https:\/\/www.mundi-roth.de\/teneriffa-blog\/wp-content\/uploads\/2013\/04\/P1090330-150x112.jpg 150w, https:\/\/www.mundi-roth.de\/teneriffa-blog\/wp-content\/uploads\/2013\/04\/P1090330-300x225.jpg 300w, https:\/\/www.mundi-roth.de\/teneriffa-blog\/wp-content\/uploads\/2013\/04\/P1090330.jpg 850w\" sizes=\"auto, (max-width: 150px) 100vw, 150px\" \/><\/a><\/p>\n<p>Auf diese Weise, und durch die angeregte Unterhaltung mit Esperanza, vergeht die Zeit im Flug und um kurz nach 14 Uhr erreichen wir wieder eine Asphaltstra\u00dfe, \u201eLomo Benijo\u201c, ein Schild warnt vor Gefahr (Peligro) und wir sind schnell bis zum Restaurant El Fronton hinabgewandert.<\/p>\n<p>\u00dcbrigens: Das Restaurant hat keinen Ruhetag.<\/p>\n<p><a href=\"http:\/\/www.mundi-roth.de\/teneriffa-blog\/wp-content\/uploads\/2013\/04\/P1090332.jpg\" rel=\"lightbox[2596]\"><img loading=\"lazy\" decoding=\"async\" class=\"aligncenter size-thumbnail wp-image-2630\" src=\"http:\/\/www.mundi-roth.de\/teneriffa-blog\/wp-content\/uploads\/2013\/04\/P1090332-150x112.jpg\" alt=\"P1090332\" width=\"150\" height=\"112\" srcset=\"https:\/\/www.mundi-roth.de\/teneriffa-blog\/wp-content\/uploads\/2013\/04\/P1090332-150x112.jpg 150w, https:\/\/www.mundi-roth.de\/teneriffa-blog\/wp-content\/uploads\/2013\/04\/P1090332-300x225.jpg 300w, https:\/\/www.mundi-roth.de\/teneriffa-blog\/wp-content\/uploads\/2013\/04\/P1090332.jpg 850w\" sizes=\"auto, (max-width: 150px) 100vw, 150px\" \/><\/a><\/p>\n<p><strong>Fazit:<\/strong><br \/>\nUnsere Schlusswanderung war so sch\u00f6n wie wir es erhofft hatten.<br \/>\nWir haben heute Grund, dankbar zu sein, eine Wandersaison, in der wir\u00a0 25 Touren bei \u00fcberwiegend bestem Wetter, mit guter Kondition, ohne Blessuren gegangen sind und bis auf zwei Ausnahmen nur neue Routen.<\/p>\n<p>Wir freuen uns auf die neue Wandersaison!<br \/>\nNeue Touren haben wir\u00a0schon eine ganze Menge\u00a0 im Kopf!<\/p>\n","protected":false},"excerpt":{"rendered":"<p>\u00a0 F\u00fcr unsere letzte Wanderung in dieser Saison haben wir uns nochmal das Anaga-Gebirge ausgesucht. Die heutige Tour stand schon lange auf unserem Wunschzettel \u2013 pr\u00e4zise: seit M\u00e4rz 2012 als wir die \u201eGro\u00dfe Faro de Anaga Rundtour\u201c gingen. Auch diese Rundwanderung f\u00fchrt uns, auf dieser relativ kurzen Strecke &#8211; 4,65 km &#8211; wieder die Vielfalt [&hellip;]<\/p>\n","protected":false},"author":4,"featured_media":0,"comment_status":"open","ping_status":"open","sticky":false,"template":"","format":"standard","meta":{"footnotes":""},"categories":[768,6],"tags":[563,559,645,3,439,446],"class_list":["post-2596","post","type-post","status-publish","format-standard","hentry","category-anaga-gebirge","category-wanderungen","tag-benijo","tag-el-draguillo","tag-restaurant-fronton","tag-teneriffa","tag-teneriffa-wandern","tag-wandern-teneriffa"],"yoast_head":"<!-- This site is optimized with the Yoast SEO plugin v27.5 - https:\/\/yoast.com\/product\/yoast-seo-wordpress\/ -->\n<title>Benijo \u2013 El Draguillo \u2013 Benijo - Teneriffa Wandern<\/title>\n<meta name=\"robots\" content=\"index, follow, max-snippet:-1, max-image-preview:large, max-video-preview:-1\" \/>\n<link rel=\"canonical\" href=\"https:\/\/www.mundi-roth.de\/teneriffa-blog\/wanderungen\/benijo-el-draguillo-benijo\/\" \/>\n<meta name=\"twitter:label1\" content=\"Verfasst von\" \/>\n\t<meta name=\"twitter:data1\" content=\"mundi\" \/>\n\t<meta name=\"twitter:label2\" content=\"Gesch\u00e4tzte Lesezeit\" \/>\n\t<meta name=\"twitter:data2\" content=\"5\u00a0Minuten\" \/>\n<script type=\"application\/ld+json\" class=\"yoast-schema-graph\">{\"@context\":\"https:\\\/\\\/schema.org\",\"@graph\":[{\"@type\":\"Article\",\"@id\":\"https:\\\/\\\/www.mundi-roth.de\\\/teneriffa-blog\\\/wanderungen\\\/benijo-el-draguillo-benijo\\\/#article\",\"isPartOf\":{\"@id\":\"https:\\\/\\\/www.mundi-roth.de\\\/teneriffa-blog\\\/wanderungen\\\/benijo-el-draguillo-benijo\\\/\"},\"author\":{\"name\":\"mundi\",\"@id\":\"https:\\\/\\\/www.mundi-roth.de\\\/teneriffa-blog\\\/#\\\/schema\\\/person\\\/971c66b55f3ae5e8741553688c413cac\"},\"headline\":\"Benijo \u2013 El Draguillo \u2013 Benijo\",\"datePublished\":\"2013-04-25T21:00:18+00:00\",\"dateModified\":\"2015-04-06T16:30:21+00:00\",\"mainEntityOfPage\":{\"@id\":\"https:\\\/\\\/www.mundi-roth.de\\\/teneriffa-blog\\\/wanderungen\\\/benijo-el-draguillo-benijo\\\/\"},\"wordCount\":967,\"commentCount\":1,\"image\":{\"@id\":\"https:\\\/\\\/www.mundi-roth.de\\\/teneriffa-blog\\\/wanderungen\\\/benijo-el-draguillo-benijo\\\/#primaryimage\"},\"thumbnailUrl\":\"http:\\\/\\\/www.mundi-roth.de\\\/teneriffa-blog\\\/wp-content\\\/uploads\\\/2013\\\/04\\\/Benijo-Track-150x87.jpg\",\"keywords\":[\"Benijo\",\"El Draguillo\",\"Restaurant Fronton\",\"Teneriffa\",\"Teneriffa Wandern\",\"Wandern Teneriffa\"],\"articleSection\":[\"Anaga-Gebirge\",\"Wanderungen\"],\"inLanguage\":\"de\",\"potentialAction\":[{\"@type\":\"CommentAction\",\"name\":\"Comment\",\"target\":[\"https:\\\/\\\/www.mundi-roth.de\\\/teneriffa-blog\\\/wanderungen\\\/benijo-el-draguillo-benijo\\\/#respond\"]}]},{\"@type\":\"WebPage\",\"@id\":\"https:\\\/\\\/www.mundi-roth.de\\\/teneriffa-blog\\\/wanderungen\\\/benijo-el-draguillo-benijo\\\/\",\"url\":\"https:\\\/\\\/www.mundi-roth.de\\\/teneriffa-blog\\\/wanderungen\\\/benijo-el-draguillo-benijo\\\/\",\"name\":\"Benijo \u2013 El Draguillo \u2013 Benijo - Teneriffa Wandern\",\"isPartOf\":{\"@id\":\"https:\\\/\\\/www.mundi-roth.de\\\/teneriffa-blog\\\/#website\"},\"primaryImageOfPage\":{\"@id\":\"https:\\\/\\\/www.mundi-roth.de\\\/teneriffa-blog\\\/wanderungen\\\/benijo-el-draguillo-benijo\\\/#primaryimage\"},\"image\":{\"@id\":\"https:\\\/\\\/www.mundi-roth.de\\\/teneriffa-blog\\\/wanderungen\\\/benijo-el-draguillo-benijo\\\/#primaryimage\"},\"thumbnailUrl\":\"http:\\\/\\\/www.mundi-roth.de\\\/teneriffa-blog\\\/wp-content\\\/uploads\\\/2013\\\/04\\\/Benijo-Track-150x87.jpg\",\"datePublished\":\"2013-04-25T21:00:18+00:00\",\"dateModified\":\"2015-04-06T16:30:21+00:00\",\"author\":{\"@id\":\"https:\\\/\\\/www.mundi-roth.de\\\/teneriffa-blog\\\/#\\\/schema\\\/person\\\/971c66b55f3ae5e8741553688c413cac\"},\"breadcrumb\":{\"@id\":\"https:\\\/\\\/www.mundi-roth.de\\\/teneriffa-blog\\\/wanderungen\\\/benijo-el-draguillo-benijo\\\/#breadcrumb\"},\"inLanguage\":\"de\",\"potentialAction\":[{\"@type\":\"ReadAction\",\"target\":[\"https:\\\/\\\/www.mundi-roth.de\\\/teneriffa-blog\\\/wanderungen\\\/benijo-el-draguillo-benijo\\\/\"]}]},{\"@type\":\"ImageObject\",\"inLanguage\":\"de\",\"@id\":\"https:\\\/\\\/www.mundi-roth.de\\\/teneriffa-blog\\\/wanderungen\\\/benijo-el-draguillo-benijo\\\/#primaryimage\",\"url\":\"https:\\\/\\\/www.mundi-roth.de\\\/teneriffa-blog\\\/wp-content\\\/uploads\\\/2013\\\/04\\\/Benijo-Track.jpg\",\"contentUrl\":\"https:\\\/\\\/www.mundi-roth.de\\\/teneriffa-blog\\\/wp-content\\\/uploads\\\/2013\\\/04\\\/Benijo-Track.jpg\",\"width\":850,\"height\":495},{\"@type\":\"BreadcrumbList\",\"@id\":\"https:\\\/\\\/www.mundi-roth.de\\\/teneriffa-blog\\\/wanderungen\\\/benijo-el-draguillo-benijo\\\/#breadcrumb\",\"itemListElement\":[{\"@type\":\"ListItem\",\"position\":1,\"name\":\"Startseite\",\"item\":\"https:\\\/\\\/www.mundi-roth.de\\\/teneriffa-blog\\\/\"},{\"@type\":\"ListItem\",\"position\":2,\"name\":\"Benijo \u2013 El Draguillo \u2013 Benijo\"}]},{\"@type\":\"WebSite\",\"@id\":\"https:\\\/\\\/www.mundi-roth.de\\\/teneriffa-blog\\\/#website\",\"url\":\"https:\\\/\\\/www.mundi-roth.de\\\/teneriffa-blog\\\/\",\"name\":\"Teneriffa Wandern\",\"description\":\"Nicht nur Wanderungen auf Teneriffa...\",\"potentialAction\":[{\"@type\":\"SearchAction\",\"target\":{\"@type\":\"EntryPoint\",\"urlTemplate\":\"https:\\\/\\\/www.mundi-roth.de\\\/teneriffa-blog\\\/?s={search_term_string}\"},\"query-input\":{\"@type\":\"PropertyValueSpecification\",\"valueRequired\":true,\"valueName\":\"search_term_string\"}}],\"inLanguage\":\"de\"},{\"@type\":\"Person\",\"@id\":\"https:\\\/\\\/www.mundi-roth.de\\\/teneriffa-blog\\\/#\\\/schema\\\/person\\\/971c66b55f3ae5e8741553688c413cac\",\"name\":\"mundi\",\"image\":{\"@type\":\"ImageObject\",\"inLanguage\":\"de\",\"@id\":\"https:\\\/\\\/secure.gravatar.com\\\/avatar\\\/555f0dd85428f1a9330f8e5dbe9e40ff9ca912bb81e5a89747ebf3ca9c20dc0f?s=96&d=mm&r=g\",\"url\":\"https:\\\/\\\/secure.gravatar.com\\\/avatar\\\/555f0dd85428f1a9330f8e5dbe9e40ff9ca912bb81e5a89747ebf3ca9c20dc0f?s=96&d=mm&r=g\",\"contentUrl\":\"https:\\\/\\\/secure.gravatar.com\\\/avatar\\\/555f0dd85428f1a9330f8e5dbe9e40ff9ca912bb81e5a89747ebf3ca9c20dc0f?s=96&d=mm&r=g\",\"caption\":\"mundi\"},\"sameAs\":[\"http:\\\/\\\/mundi-roth.de\"],\"url\":\"https:\\\/\\\/www.mundi-roth.de\\\/teneriffa-blog\\\/author\\\/mundi\\\/\"}]}<\/script>\n<!-- \/ Yoast SEO plugin. -->","yoast_head_json":{"title":"Benijo \u2013 El Draguillo \u2013 Benijo - Teneriffa Wandern","robots":{"index":"index","follow":"follow","max-snippet":"max-snippet:-1","max-image-preview":"max-image-preview:large","max-video-preview":"max-video-preview:-1"},"canonical":"https:\/\/www.mundi-roth.de\/teneriffa-blog\/wanderungen\/benijo-el-draguillo-benijo\/","twitter_misc":{"Verfasst von":"mundi","Gesch\u00e4tzte Lesezeit":"5\u00a0Minuten"},"schema":{"@context":"https:\/\/schema.org","@graph":[{"@type":"Article","@id":"https:\/\/www.mundi-roth.de\/teneriffa-blog\/wanderungen\/benijo-el-draguillo-benijo\/#article","isPartOf":{"@id":"https:\/\/www.mundi-roth.de\/teneriffa-blog\/wanderungen\/benijo-el-draguillo-benijo\/"},"author":{"name":"mundi","@id":"https:\/\/www.mundi-roth.de\/teneriffa-blog\/#\/schema\/person\/971c66b55f3ae5e8741553688c413cac"},"headline":"Benijo \u2013 El Draguillo \u2013 Benijo","datePublished":"2013-04-25T21:00:18+00:00","dateModified":"2015-04-06T16:30:21+00:00","mainEntityOfPage":{"@id":"https:\/\/www.mundi-roth.de\/teneriffa-blog\/wanderungen\/benijo-el-draguillo-benijo\/"},"wordCount":967,"commentCount":1,"image":{"@id":"https:\/\/www.mundi-roth.de\/teneriffa-blog\/wanderungen\/benijo-el-draguillo-benijo\/#primaryimage"},"thumbnailUrl":"http:\/\/www.mundi-roth.de\/teneriffa-blog\/wp-content\/uploads\/2013\/04\/Benijo-Track-150x87.jpg","keywords":["Benijo","El Draguillo","Restaurant Fronton","Teneriffa","Teneriffa Wandern","Wandern Teneriffa"],"articleSection":["Anaga-Gebirge","Wanderungen"],"inLanguage":"de","potentialAction":[{"@type":"CommentAction","name":"Comment","target":["https:\/\/www.mundi-roth.de\/teneriffa-blog\/wanderungen\/benijo-el-draguillo-benijo\/#respond"]}]},{"@type":"WebPage","@id":"https:\/\/www.mundi-roth.de\/teneriffa-blog\/wanderungen\/benijo-el-draguillo-benijo\/","url":"https:\/\/www.mundi-roth.de\/teneriffa-blog\/wanderungen\/benijo-el-draguillo-benijo\/","name":"Benijo \u2013 El Draguillo \u2013 Benijo - Teneriffa Wandern","isPartOf":{"@id":"https:\/\/www.mundi-roth.de\/teneriffa-blog\/#website"},"primaryImageOfPage":{"@id":"https:\/\/www.mundi-roth.de\/teneriffa-blog\/wanderungen\/benijo-el-draguillo-benijo\/#primaryimage"},"image":{"@id":"https:\/\/www.mundi-roth.de\/teneriffa-blog\/wanderungen\/benijo-el-draguillo-benijo\/#primaryimage"},"thumbnailUrl":"http:\/\/www.mundi-roth.de\/teneriffa-blog\/wp-content\/uploads\/2013\/04\/Benijo-Track-150x87.jpg","datePublished":"2013-04-25T21:00:18+00:00","dateModified":"2015-04-06T16:30:21+00:00","author":{"@id":"https:\/\/www.mundi-roth.de\/teneriffa-blog\/#\/schema\/person\/971c66b55f3ae5e8741553688c413cac"},"breadcrumb":{"@id":"https:\/\/www.mundi-roth.de\/teneriffa-blog\/wanderungen\/benijo-el-draguillo-benijo\/#breadcrumb"},"inLanguage":"de","potentialAction":[{"@type":"ReadAction","target":["https:\/\/www.mundi-roth.de\/teneriffa-blog\/wanderungen\/benijo-el-draguillo-benijo\/"]}]},{"@type":"ImageObject","inLanguage":"de","@id":"https:\/\/www.mundi-roth.de\/teneriffa-blog\/wanderungen\/benijo-el-draguillo-benijo\/#primaryimage","url":"https:\/\/www.mundi-roth.de\/teneriffa-blog\/wp-content\/uploads\/2013\/04\/Benijo-Track.jpg","contentUrl":"https:\/\/www.mundi-roth.de\/teneriffa-blog\/wp-content\/uploads\/2013\/04\/Benijo-Track.jpg","width":850,"height":495},{"@type":"BreadcrumbList","@id":"https:\/\/www.mundi-roth.de\/teneriffa-blog\/wanderungen\/benijo-el-draguillo-benijo\/#breadcrumb","itemListElement":[{"@type":"ListItem","position":1,"name":"Startseite","item":"https:\/\/www.mundi-roth.de\/teneriffa-blog\/"},{"@type":"ListItem","position":2,"name":"Benijo \u2013 El Draguillo \u2013 Benijo"}]},{"@type":"WebSite","@id":"https:\/\/www.mundi-roth.de\/teneriffa-blog\/#website","url":"https:\/\/www.mundi-roth.de\/teneriffa-blog\/","name":"Teneriffa Wandern","description":"Nicht nur Wanderungen auf Teneriffa...","potentialAction":[{"@type":"SearchAction","target":{"@type":"EntryPoint","urlTemplate":"https:\/\/www.mundi-roth.de\/teneriffa-blog\/?s={search_term_string}"},"query-input":{"@type":"PropertyValueSpecification","valueRequired":true,"valueName":"search_term_string"}}],"inLanguage":"de"},{"@type":"Person","@id":"https:\/\/www.mundi-roth.de\/teneriffa-blog\/#\/schema\/person\/971c66b55f3ae5e8741553688c413cac","name":"mundi","image":{"@type":"ImageObject","inLanguage":"de","@id":"https:\/\/secure.gravatar.com\/avatar\/555f0dd85428f1a9330f8e5dbe9e40ff9ca912bb81e5a89747ebf3ca9c20dc0f?s=96&d=mm&r=g","url":"https:\/\/secure.gravatar.com\/avatar\/555f0dd85428f1a9330f8e5dbe9e40ff9ca912bb81e5a89747ebf3ca9c20dc0f?s=96&d=mm&r=g","contentUrl":"https:\/\/secure.gravatar.com\/avatar\/555f0dd85428f1a9330f8e5dbe9e40ff9ca912bb81e5a89747ebf3ca9c20dc0f?s=96&d=mm&r=g","caption":"mundi"},"sameAs":["http:\/\/mundi-roth.de"],"url":"https:\/\/www.mundi-roth.de\/teneriffa-blog\/author\/mundi\/"}]}},"_links":{"self":[{"href":"https:\/\/www.mundi-roth.de\/teneriffa-blog\/wp-json\/wp\/v2\/posts\/2596","targetHints":{"allow":["GET"]}}],"collection":[{"href":"https:\/\/www.mundi-roth.de\/teneriffa-blog\/wp-json\/wp\/v2\/posts"}],"about":[{"href":"https:\/\/www.mundi-roth.de\/teneriffa-blog\/wp-json\/wp\/v2\/types\/post"}],"author":[{"embeddable":true,"href":"https:\/\/www.mundi-roth.de\/teneriffa-blog\/wp-json\/wp\/v2\/users\/4"}],"replies":[{"embeddable":true,"href":"https:\/\/www.mundi-roth.de\/teneriffa-blog\/wp-json\/wp\/v2\/comments?post=2596"}],"version-history":[{"count":0,"href":"https:\/\/www.mundi-roth.de\/teneriffa-blog\/wp-json\/wp\/v2\/posts\/2596\/revisions"}],"wp:attachment":[{"href":"https:\/\/www.mundi-roth.de\/teneriffa-blog\/wp-json\/wp\/v2\/media?parent=2596"}],"wp:term":[{"taxonomy":"category","embeddable":true,"href":"https:\/\/www.mundi-roth.de\/teneriffa-blog\/wp-json\/wp\/v2\/categories?post=2596"},{"taxonomy":"post_tag","embeddable":true,"href":"https:\/\/www.mundi-roth.de\/teneriffa-blog\/wp-json\/wp\/v2\/tags?post=2596"}],"curies":[{"name":"wp","href":"https:\/\/api.w.org\/{rel}","templated":true}]}}