{"id":2702,"date":"2013-10-16T22:00:03","date_gmt":"2013-10-16T21:00:03","guid":{"rendered":"http:\/\/www.mundi-roth.de\/teneriffa-blog\/?p=2702"},"modified":"2016-05-27T10:37:00","modified_gmt":"2016-05-27T09:37:00","slug":"erjos-tierra-del-trigo-los-silos","status":"publish","type":"post","link":"https:\/\/www.mundi-roth.de\/teneriffa-blog\/wanderungen\/erjos-tierra-del-trigo-los-silos\/","title":{"rendered":"Erjos \u2013 Tierra del Trigo \u2013 Los Silos"},"content":{"rendered":"<p><strong>Den Tipp f\u00fcr unsere heutige Wanderung erhielten wir von Steffi der &#8222;Chefin&#8220; von <a href=\"http:\/\/www.teneriffa-kreaktiv.com\/\">teneriffakreaktiv <\/a><\/strong><\/p>\n<p style=\"text-align: center;\"><strong>\u00a0<\/strong><\/p>\n<h2>Wasserf\u00e4lle In Tierra del Trigo<\/h2>\n<p style=\"text-align: left;\">Ein Wasserfall, der das ganze Jahr Wasser f\u00fchrt, das will hier auf der Insel schon etwas hei\u00dfen.<\/p>\n<p>Wanderwegstrecke: 4 Stunden plus Apfelpause , 920 H\u00f6henmeter, 10,4 km<\/p>\n<div id=\"attachment_2703\" style=\"width: 310px\" class=\"wp-caption aligncenter\"><a href=\"http:\/\/www.mundi-roth.de\/teneriffa-blog\/wp-content\/uploads\/2013\/10\/Track20131016.jpg\" rel=\"lightbox[2702]\"><img loading=\"lazy\" decoding=\"async\" aria-describedby=\"caption-attachment-2703\" class=\"size-medium wp-image-2703\" src=\"http:\/\/www.mundi-roth.de\/teneriffa-blog\/wp-content\/uploads\/2013\/10\/Track20131016-300x213.jpg\" alt=\"Erjos-Tierra del Trigo - Los Silos\" width=\"300\" height=\"213\" srcset=\"https:\/\/www.mundi-roth.de\/teneriffa-blog\/wp-content\/uploads\/2013\/10\/Track20131016-300x213.jpg 300w, https:\/\/www.mundi-roth.de\/teneriffa-blog\/wp-content\/uploads\/2013\/10\/Track20131016-150x106.jpg 150w, https:\/\/www.mundi-roth.de\/teneriffa-blog\/wp-content\/uploads\/2013\/10\/Track20131016.jpg 800w\" sizes=\"auto, (max-width: 300px) 100vw, 300px\" \/><\/a><p id=\"caption-attachment-2703\" class=\"wp-caption-text\">Erjos-Tierra del Trigo &#8211; Los Silos<\/p><\/div>\n<p>Wir starten diese Tour mal wieder von Erjos aus.<br \/>\nDer Bus 460 bringt uns von der Busstation Playa de las Am\u00e9ricas um 9:35 Uhr nach Erjos.<\/p>\n<p>11:40 Uhr sind wir in Erjos an der Kirche. Wir studieren die seit November 2012 neuen Infotafeln \u2013 damals gingen wir von hier \u00fcber <a href=\"http:\/\/www.mundi-roth.de\/teneriffa-blog\/wanderungen\/erjos-el-palmar-buenavista\/\">El Palmar nach Buenavista<\/a> &#8211;\u00a0 und machen uns startklar. Das hei\u00dft:<br \/>\nGPS-Tracker einschalten, Kamera in die rechte Hosentasche, Diktierger\u00e4t in die<\/p>\n<div id=\"attachment_2704\" style=\"width: 160px\" class=\"wp-caption alignleft\"><a href=\"http:\/\/www.mundi-roth.de\/teneriffa-blog\/wp-content\/uploads\/2013\/10\/P1120348.jpg\" rel=\"lightbox[2702]\"><img loading=\"lazy\" decoding=\"async\" aria-describedby=\"caption-attachment-2704\" class=\"size-thumbnail wp-image-2704\" src=\"http:\/\/www.mundi-roth.de\/teneriffa-blog\/wp-content\/uploads\/2013\/10\/P1120348-150x112.jpg\" alt=\"Hinweise\" width=\"150\" height=\"112\" srcset=\"https:\/\/www.mundi-roth.de\/teneriffa-blog\/wp-content\/uploads\/2013\/10\/P1120348-150x112.jpg 150w, https:\/\/www.mundi-roth.de\/teneriffa-blog\/wp-content\/uploads\/2013\/10\/P1120348-300x225.jpg 300w, https:\/\/www.mundi-roth.de\/teneriffa-blog\/wp-content\/uploads\/2013\/10\/P1120348.jpg 800w\" sizes=\"auto, (max-width: 150px) 100vw, 150px\" \/><\/a><p id=\"caption-attachment-2704\" class=\"wp-caption-text\">Hinweise<\/p><\/div>\n<p>linke, St\u00f6cke auf die richtige L\u00e4nge einstellen, H\u00fcte auf und los:<br \/>\nWir queren die Stra\u00dfe, etwas links oberhalb sind die Wegweiser neben einer Telefonzelle.<\/p>\n<p>Der mit PR TF 53 gekennzeichnete Weg \u201eLos Silos 5,7 km \u2013 Cuevas Negras 3,1 km\u201c, das ist unserer.<\/p>\n<p>Die Treppe runter, an der Kirche vorbei und schon sind wir auf die \u201eSpur gesetzt\u201c.<\/p>\n<p>Die alte Dame steht diesmal auf ihrer Veranda und w\u00fcnscht uns mit ihrer metallischen Stimme wieder \u201e<em><strong>buena suerte<\/strong><\/em>\u201c viel Gl\u00fcck.<br \/>\nNa dann kann ja nichts schief gehen.<\/p>\n<p>Der Blick geht hoch zu den verkohlten Str\u00e4uchern und B\u00e4umen, die noch immer Zeugnis von dem verheerenden Brand im Sommer 2012 ablegen.<\/p>\n<div id=\"attachment_2705\" style=\"width: 160px\" class=\"wp-caption alignleft\"><a href=\"http:\/\/www.mundi-roth.de\/teneriffa-blog\/wp-content\/uploads\/2013\/10\/P1120356.jpg\" rel=\"lightbox[2702]\"><img loading=\"lazy\" decoding=\"async\" aria-describedby=\"caption-attachment-2705\" class=\"size-thumbnail wp-image-2705\" src=\"http:\/\/www.mundi-roth.de\/teneriffa-blog\/wp-content\/uploads\/2013\/10\/P1120356-150x112.jpg\" alt=\"Brandzeugen\" width=\"150\" height=\"112\" srcset=\"https:\/\/www.mundi-roth.de\/teneriffa-blog\/wp-content\/uploads\/2013\/10\/P1120356-150x112.jpg 150w, https:\/\/www.mundi-roth.de\/teneriffa-blog\/wp-content\/uploads\/2013\/10\/P1120356-300x225.jpg 300w, https:\/\/www.mundi-roth.de\/teneriffa-blog\/wp-content\/uploads\/2013\/10\/P1120356.jpg 800w\" sizes=\"auto, (max-width: 150px) 100vw, 150px\" \/><\/a><p id=\"caption-attachment-2705\" class=\"wp-caption-text\">Brandzeugen<\/p><\/div>\n<p>&nbsp;<\/p>\n<div id=\"attachment_2706\" style=\"width: 160px\" class=\"wp-caption alignright\"><a href=\"http:\/\/www.mundi-roth.de\/teneriffa-blog\/wp-content\/uploads\/2013\/10\/P1120363.jpg\" rel=\"lightbox[2702]\"><img loading=\"lazy\" decoding=\"async\" aria-describedby=\"caption-attachment-2706\" class=\"size-thumbnail wp-image-2706\" src=\"http:\/\/www.mundi-roth.de\/teneriffa-blog\/wp-content\/uploads\/2013\/10\/P1120363-150x112.jpg\" alt=\"Nach dem Brand\" width=\"150\" height=\"112\" srcset=\"https:\/\/www.mundi-roth.de\/teneriffa-blog\/wp-content\/uploads\/2013\/10\/P1120363-150x112.jpg 150w, https:\/\/www.mundi-roth.de\/teneriffa-blog\/wp-content\/uploads\/2013\/10\/P1120363-300x225.jpg 300w, https:\/\/www.mundi-roth.de\/teneriffa-blog\/wp-content\/uploads\/2013\/10\/P1120363.jpg 800w\" sizes=\"auto, (max-width: 150px) 100vw, 150px\" \/><\/a><p id=\"caption-attachment-2706\" class=\"wp-caption-text\">Nach dem Brand<\/p><\/div>\n<p>Aber: wie wir auf der Wanderung feststellen k\u00f6nnen, die Natur regeneriert sich gl\u00fccklicherweise und die Erikab\u00fcsche<\/p>\n<div id=\"attachment_2707\" style=\"width: 126px\" class=\"wp-caption alignleft\"><a href=\"http:\/\/www.mundi-roth.de\/teneriffa-blog\/wp-content\/uploads\/2013\/10\/P1120362a.jpg\" rel=\"lightbox[2702]\"><img loading=\"lazy\" decoding=\"async\" aria-describedby=\"caption-attachment-2707\" class=\"size-thumbnail wp-image-2707\" src=\"http:\/\/www.mundi-roth.de\/teneriffa-blog\/wp-content\/uploads\/2013\/10\/P1120362a-116x150.jpg\" alt=\"Frische Triebe\" width=\"116\" height=\"150\" srcset=\"https:\/\/www.mundi-roth.de\/teneriffa-blog\/wp-content\/uploads\/2013\/10\/P1120362a-116x150.jpg 116w, https:\/\/www.mundi-roth.de\/teneriffa-blog\/wp-content\/uploads\/2013\/10\/P1120362a-232x300.jpg 232w, https:\/\/www.mundi-roth.de\/teneriffa-blog\/wp-content\/uploads\/2013\/10\/P1120362a.jpg 619w\" sizes=\"auto, (max-width: 116px) 100vw, 116px\" \/><\/a><p id=\"caption-attachment-2707\" class=\"wp-caption-text\">Frische Triebe<\/p><\/div>\n<p>treiben von unten neu aus und an den Kiefern zeigen sich schon wieder die \u201ePuschen\u201c.<\/p>\n<p>Die Beschreibung der Wanderung von<a href=\"http:\/\/www.mundi-roth.de\/teneriffa-blog\/wanderungen\/erjos-%e2%80%93-los-silos\/\"> Erjos nach Los Silos<\/a> ist unter dem 1. Dezember 2011 nachzulesen und erg\u00e4nzend zum ersten Teil der Wanderung auch die Tour <a href=\"http:\/\/www.mundi-roth.de\/teneriffa-blog\/wanderungen\/erjos-las-moradas-los-silos\/\">Erjos \u2013 Las Moradas \u2013 Los Silos<\/a> vom 15. M\u00e4rz 2012 oder von <a href=\"http:\/\/www.mundi-roth.de\/teneriffa-blog\/wanderungen\/erjos-el-palmar-buenavista\/\">Erjos \u00fcber El Palmar nach Buenavista<\/a> vom 21. November 2012)<\/p>\n<p>Die Wanderstrecke begeistert uns wie beim ersten Mal. Malerisch!<br \/>\nSchon von hier oben haben wir den Blick zum Meer!<br \/>\nDer schmale, steinige, ger\u00f6llige, erdige Pfad, ein ehemaliger \u201ecamino real\u201c (ein unter Schutz des K\u00f6nigs stehender Handelsweg der hier damals Puerto de Santiago \u2013 Erjos mit Los Silos und Garachico verband)\u00a0 ist zum Teil\u00a0 ges\u00e4umt von Mauern, Wasserleitungen oder alten Kan\u00e4len,mit Moos \u00fcberzogen, Eriken, Kiefern, Lorbeerb\u00e4ume, Farne und nochmals Farne.<\/p>\n<div id=\"attachment_2708\" style=\"width: 160px\" class=\"wp-caption alignleft\"><a href=\"http:\/\/www.mundi-roth.de\/teneriffa-blog\/wp-content\/uploads\/2013\/10\/P1120365.jpg\" rel=\"lightbox[2702]\"><img loading=\"lazy\" decoding=\"async\" aria-describedby=\"caption-attachment-2708\" class=\"size-thumbnail wp-image-2708\" src=\"http:\/\/www.mundi-roth.de\/teneriffa-blog\/wp-content\/uploads\/2013\/10\/P1120365-150x112.jpg\" alt=\"Leuchtende Farne\" width=\"150\" height=\"112\" srcset=\"https:\/\/www.mundi-roth.de\/teneriffa-blog\/wp-content\/uploads\/2013\/10\/P1120365-150x112.jpg 150w, https:\/\/www.mundi-roth.de\/teneriffa-blog\/wp-content\/uploads\/2013\/10\/P1120365-300x225.jpg 300w, https:\/\/www.mundi-roth.de\/teneriffa-blog\/wp-content\/uploads\/2013\/10\/P1120365.jpg 800w\" sizes=\"auto, (max-width: 150px) 100vw, 150px\" \/><\/a><p id=\"caption-attachment-2708\" class=\"wp-caption-text\">Leuchtende Farne<\/p><\/div>\n<p>Da wir noch Sonne haben ist auch das Lichtspiel wundersch\u00f6n.<\/p>\n<div id=\"attachment_2709\" style=\"width: 160px\" class=\"wp-caption alignright\"><a href=\"http:\/\/www.mundi-roth.de\/teneriffa-blog\/wp-content\/uploads\/2013\/10\/P1120367.jpg\" rel=\"lightbox[2702]\"><img loading=\"lazy\" decoding=\"async\" aria-describedby=\"caption-attachment-2709\" class=\"size-thumbnail wp-image-2709\" src=\"http:\/\/www.mundi-roth.de\/teneriffa-blog\/wp-content\/uploads\/2013\/10\/P1120367-150x112.jpg\" alt=\"Traumweg\" width=\"150\" height=\"112\" srcset=\"https:\/\/www.mundi-roth.de\/teneriffa-blog\/wp-content\/uploads\/2013\/10\/P1120367-150x112.jpg 150w, https:\/\/www.mundi-roth.de\/teneriffa-blog\/wp-content\/uploads\/2013\/10\/P1120367-300x225.jpg 300w, https:\/\/www.mundi-roth.de\/teneriffa-blog\/wp-content\/uploads\/2013\/10\/P1120367.jpg 800w\" sizes=\"auto, (max-width: 150px) 100vw, 150px\" \/><\/a><p id=\"caption-attachment-2709\" class=\"wp-caption-text\">Traumweg<\/p><\/div>\n<p>Dass wir uns einem Naturschutzgebiet befinden, ist schon fast selbstverst\u00e4ndlich.<\/p>\n<p>Nach 35 Minuten passieren wir das erste Haus der ehemaligen Ansiedlung \u201ecuevas negras\u201c .<\/p>\n<div id=\"attachment_2710\" style=\"width: 160px\" class=\"wp-caption alignright\"><a href=\"http:\/\/www.mundi-roth.de\/teneriffa-blog\/wp-content\/uploads\/2013\/10\/P1120370.jpg\" rel=\"lightbox[2702]\"><img loading=\"lazy\" decoding=\"async\" aria-describedby=\"caption-attachment-2710\" class=\"size-thumbnail wp-image-2710\" src=\"http:\/\/www.mundi-roth.de\/teneriffa-blog\/wp-content\/uploads\/2013\/10\/P1120370-150x112.jpg\" alt=\"Ehemalige Ansiedlung\" width=\"150\" height=\"112\" srcset=\"https:\/\/www.mundi-roth.de\/teneriffa-blog\/wp-content\/uploads\/2013\/10\/P1120370-150x112.jpg 150w, https:\/\/www.mundi-roth.de\/teneriffa-blog\/wp-content\/uploads\/2013\/10\/P1120370-300x225.jpg 300w, https:\/\/www.mundi-roth.de\/teneriffa-blog\/wp-content\/uploads\/2013\/10\/P1120370.jpg 800w\" sizes=\"auto, (max-width: 150px) 100vw, 150px\" \/><\/a><p id=\"caption-attachment-2710\" class=\"wp-caption-text\">Ehemalige Ansiedlung<\/p><\/div>\n<p>Weinreben, Orangen- Avocado- und Esskastanienb\u00e4ume geben noch Zeugnis davon, dass hier bis in die 50er Jahre hinein \u00fcber 60 Menschen lebten.<\/p>\n<p>In 1 Stunde 15 Minuten sind wir von Erjos bis zum Abzweig Tierra<\/p>\n<div id=\"attachment_2711\" style=\"width: 160px\" class=\"wp-caption alignleft\"><a href=\"http:\/\/www.mundi-roth.de\/teneriffa-blog\/wp-content\/uploads\/2013\/10\/P1120378.jpg\" rel=\"lightbox[2702]\"><img loading=\"lazy\" decoding=\"async\" aria-describedby=\"caption-attachment-2711\" class=\"size-thumbnail wp-image-2711\" src=\"http:\/\/www.mundi-roth.de\/teneriffa-blog\/wp-content\/uploads\/2013\/10\/P1120378-150x112.jpg\" alt=\"Da geht es weiter\" width=\"150\" height=\"112\" srcset=\"https:\/\/www.mundi-roth.de\/teneriffa-blog\/wp-content\/uploads\/2013\/10\/P1120378-150x112.jpg 150w, https:\/\/www.mundi-roth.de\/teneriffa-blog\/wp-content\/uploads\/2013\/10\/P1120378-300x225.jpg 300w, https:\/\/www.mundi-roth.de\/teneriffa-blog\/wp-content\/uploads\/2013\/10\/P1120378.jpg 800w\" sizes=\"auto, (max-width: 150px) 100vw, 150px\" \/><\/a><p id=\"caption-attachment-2711\" class=\"wp-caption-text\">Da geht es weiter<\/p><\/div>\n<p>del Trigo die 3,1 km bergab gegangen. Ab jetzt gehen wir auf dem Wanderweg PR TF-53.1<\/p>\n<p>Jetzt hei\u00dft es Schluss mit lustig! Aufstieg! Hinauf, hoch hinauf und das steil.<\/p>\n<p>Kurz nach dem Abzweig ist an einem Fels die bekannte Markierung: wei\u00df-gelbe Streifen.<br \/>\nNoch ein St\u00fccken h\u00f6her sehen wir rechts zwar die gekreuzten Balken, also hier nicht weiter, da aber in das Erdreich Stufen geschlagen sind, vermuten wir, ja, vielleicht, vielleicht sto\u00dfen wir ja hier auf die der Ansiedlung den Namen gebenden schwarzen H\u00f6hlen.<\/p>\n<div id=\"attachment_2712\" style=\"width: 160px\" class=\"wp-caption alignright\"><a href=\"http:\/\/www.mundi-roth.de\/teneriffa-blog\/wp-content\/uploads\/2013\/10\/P1120379.jpg\" rel=\"lightbox[2702]\"><img loading=\"lazy\" decoding=\"async\" aria-describedby=\"caption-attachment-2712\" class=\"size-thumbnail wp-image-2712\" src=\"http:\/\/www.mundi-roth.de\/teneriffa-blog\/wp-content\/uploads\/2013\/10\/P1120379-150x112.jpg\" alt=\"Gem\u00fcseg\u00e4rtchen\" width=\"150\" height=\"112\" srcset=\"https:\/\/www.mundi-roth.de\/teneriffa-blog\/wp-content\/uploads\/2013\/10\/P1120379-150x112.jpg 150w, https:\/\/www.mundi-roth.de\/teneriffa-blog\/wp-content\/uploads\/2013\/10\/P1120379-300x225.jpg 300w, https:\/\/www.mundi-roth.de\/teneriffa-blog\/wp-content\/uploads\/2013\/10\/P1120379.jpg 800w\" sizes=\"auto, (max-width: 150px) 100vw, 150px\" \/><\/a><p id=\"caption-attachment-2712\" class=\"wp-caption-text\">Gem\u00fcseg\u00e4rtchen<\/p><\/div>\n<p>War wohl ein Satz mit X. Wir gelangen zu ein zwei kleinen H\u00e4uschen mit Gem\u00fcsegarten.<br \/>\nAlso retour und brav auf dem gekennzeichneten Weg weiter.<\/p>\n<div id=\"attachment_2713\" style=\"width: 160px\" class=\"wp-caption alignleft\"><a href=\"http:\/\/www.mundi-roth.de\/teneriffa-blog\/wp-content\/uploads\/2013\/10\/P1120385.jpg\" rel=\"lightbox[2702]\"><img loading=\"lazy\" decoding=\"async\" aria-describedby=\"caption-attachment-2713\" class=\"size-thumbnail wp-image-2713\" src=\"http:\/\/www.mundi-roth.de\/teneriffa-blog\/wp-content\/uploads\/2013\/10\/P1120385-150x112.jpg\" alt=\"Toller Ausblick\" width=\"150\" height=\"112\" srcset=\"https:\/\/www.mundi-roth.de\/teneriffa-blog\/wp-content\/uploads\/2013\/10\/P1120385-150x112.jpg 150w, https:\/\/www.mundi-roth.de\/teneriffa-blog\/wp-content\/uploads\/2013\/10\/P1120385-300x225.jpg 300w, https:\/\/www.mundi-roth.de\/teneriffa-blog\/wp-content\/uploads\/2013\/10\/P1120385.jpg 800w\" sizes=\"auto, (max-width: 150px) 100vw, 150px\" \/><\/a><p id=\"caption-attachment-2713\" class=\"wp-caption-text\">Toller Ausblick<\/p><\/div>\n<p>Grandiose Ausblicke auf wuchtigste Felsmassive, der Blick zur K\u00fcste, nach Los Silos, auf verstreut liegende Anwesen, auf einen noch gut erhaltenen<\/p>\n<div id=\"attachment_2714\" style=\"width: 160px\" class=\"wp-caption alignright\"><a href=\"http:\/\/www.mundi-roth.de\/teneriffa-blog\/wp-content\/uploads\/2013\/10\/P1120381.jpg\" rel=\"lightbox[2702]\"><img loading=\"lazy\" decoding=\"async\" aria-describedby=\"caption-attachment-2714\" class=\"size-thumbnail wp-image-2714\" src=\"http:\/\/www.mundi-roth.de\/teneriffa-blog\/wp-content\/uploads\/2013\/10\/P1120381-150x112.jpg\" alt=\"Dreschplatz \u00fcber dem Haus\" width=\"150\" height=\"112\" srcset=\"https:\/\/www.mundi-roth.de\/teneriffa-blog\/wp-content\/uploads\/2013\/10\/P1120381-150x112.jpg 150w, https:\/\/www.mundi-roth.de\/teneriffa-blog\/wp-content\/uploads\/2013\/10\/P1120381-300x225.jpg 300w, https:\/\/www.mundi-roth.de\/teneriffa-blog\/wp-content\/uploads\/2013\/10\/P1120381.jpg 800w\" sizes=\"auto, (max-width: 150px) 100vw, 150px\" \/><\/a><p id=\"caption-attachment-2714\" class=\"wp-caption-text\">Dreschplatz \u00fcber dem Haus<\/p><\/div>\n<p>Dreschplatz.<br \/>\nWie sagte ich: Grandios!<br \/>\nDer schwei\u00dftreibende Aufstieg lohnt!<\/p>\n<div id=\"attachment_2715\" style=\"width: 122px\" class=\"wp-caption alignleft\"><a href=\"http:\/\/www.mundi-roth.de\/teneriffa-blog\/wp-content\/uploads\/2013\/10\/P1120391.jpg\" rel=\"lightbox[2702]\"><img loading=\"lazy\" decoding=\"async\" aria-describedby=\"caption-attachment-2715\" class=\"size-thumbnail wp-image-2715\" src=\"http:\/\/www.mundi-roth.de\/teneriffa-blog\/wp-content\/uploads\/2013\/10\/P1120391-112x150.jpg\" alt=\"Drachenbaum\" width=\"112\" height=\"150\" srcset=\"https:\/\/www.mundi-roth.de\/teneriffa-blog\/wp-content\/uploads\/2013\/10\/P1120391-112x150.jpg 112w, https:\/\/www.mundi-roth.de\/teneriffa-blog\/wp-content\/uploads\/2013\/10\/P1120391-225x300.jpg 225w, https:\/\/www.mundi-roth.de\/teneriffa-blog\/wp-content\/uploads\/2013\/10\/P1120391.jpg 600w\" sizes=\"auto, (max-width: 112px) 100vw, 112px\" \/><\/a><p id=\"caption-attachment-2715\" class=\"wp-caption-text\">Drachenbaum<\/p><\/div>\n<p>Hier gibt es zwischendurch einen Drachenbaum, Flechten, wilde Geranien, die mit ihrem grellen Rot hervorstechen, Aeonien und, und und.<\/p>\n<div id=\"attachment_2716\" style=\"width: 160px\" class=\"wp-caption alignright\"><a href=\"http:\/\/www.mundi-roth.de\/teneriffa-blog\/wp-content\/uploads\/2013\/10\/P1120392a.jpg\" rel=\"lightbox[2702]\"><img loading=\"lazy\" decoding=\"async\" aria-describedby=\"caption-attachment-2716\" class=\"size-thumbnail wp-image-2716\" src=\"http:\/\/www.mundi-roth.de\/teneriffa-blog\/wp-content\/uploads\/2013\/10\/P1120392a-150x133.jpg\" alt=\"Wilde Geranien\" width=\"150\" height=\"133\" srcset=\"https:\/\/www.mundi-roth.de\/teneriffa-blog\/wp-content\/uploads\/2013\/10\/P1120392a-150x133.jpg 150w, https:\/\/www.mundi-roth.de\/teneriffa-blog\/wp-content\/uploads\/2013\/10\/P1120392a-300x266.jpg 300w, https:\/\/www.mundi-roth.de\/teneriffa-blog\/wp-content\/uploads\/2013\/10\/P1120392a.jpg 800w\" sizes=\"auto, (max-width: 150px) 100vw, 150px\" \/><\/a><p id=\"caption-attachment-2716\" class=\"wp-caption-text\">Wilde Geranien<\/p><\/div>\n<p>Bei unserem K\u00fcstenblick sehen wir auf eine Kuriosit\u00e4t:<br \/>\nIn dem Krater eines Vulkankegels wurde ein mit Folie ausgelegter<\/p>\n<div id=\"attachment_2717\" style=\"width: 160px\" class=\"wp-caption alignleft\"><a href=\"http:\/\/www.mundi-roth.de\/teneriffa-blog\/wp-content\/uploads\/2013\/10\/P1120395.jpg\" rel=\"lightbox[2702]\"><img loading=\"lazy\" decoding=\"async\" aria-describedby=\"caption-attachment-2717\" class=\"size-thumbnail wp-image-2717\" src=\"http:\/\/www.mundi-roth.de\/teneriffa-blog\/wp-content\/uploads\/2013\/10\/P1120395-150x112.jpg\" alt=\"Wasserspeicher\" width=\"150\" height=\"112\" srcset=\"https:\/\/www.mundi-roth.de\/teneriffa-blog\/wp-content\/uploads\/2013\/10\/P1120395-150x112.jpg 150w, https:\/\/www.mundi-roth.de\/teneriffa-blog\/wp-content\/uploads\/2013\/10\/P1120395-300x225.jpg 300w, https:\/\/www.mundi-roth.de\/teneriffa-blog\/wp-content\/uploads\/2013\/10\/P1120395.jpg 800w\" sizes=\"auto, (max-width: 150px) 100vw, 150px\" \/><\/a><p id=\"caption-attachment-2717\" class=\"wp-caption-text\">Wasserspeicher<\/p><\/div>\n<p>Wasserspeicher angelegt. (Die Folie soll von der Firma H\u00f6chst stammen)<\/p>\n<p>Nach 40 Minuten \u2013 inclusive Schauen und Fotografieren \u2013 erreichen wir weit oberhalb von Tierra del Trigo eine Asphaltstra\u00dfe.<br \/>\nDer Hinweis sagt dort, noch 1, 1 km bis in den Ort.<\/p>\n<p>Jedoch kein Hinweis auf den Wasserfall. Was machen wir: Wir rufen<em> Steffi<\/em> an, die uns den Weg vom Ort aus erkl\u00e4rt.<\/p>\n<p>Wir halten uns links, sehen links unterhalb einen ehemaligen Waschplatz und<\/p>\n<div id=\"attachment_2718\" style=\"width: 160px\" class=\"wp-caption alignright\"><a href=\"http:\/\/www.mundi-roth.de\/teneriffa-blog\/wp-content\/uploads\/2013\/10\/P1120399.jpg\" rel=\"lightbox[2702]\"><img loading=\"lazy\" decoding=\"async\" aria-describedby=\"caption-attachment-2718\" class=\"size-thumbnail wp-image-2718\" src=\"http:\/\/www.mundi-roth.de\/teneriffa-blog\/wp-content\/uploads\/2013\/10\/P1120399-150x112.jpg\" alt=\"Waschplatz\" width=\"150\" height=\"112\" srcset=\"https:\/\/www.mundi-roth.de\/teneriffa-blog\/wp-content\/uploads\/2013\/10\/P1120399-150x112.jpg 150w, https:\/\/www.mundi-roth.de\/teneriffa-blog\/wp-content\/uploads\/2013\/10\/P1120399-300x225.jpg 300w, https:\/\/www.mundi-roth.de\/teneriffa-blog\/wp-content\/uploads\/2013\/10\/P1120399.jpg 800w\" sizes=\"auto, (max-width: 150px) 100vw, 150px\" \/><\/a><p id=\"caption-attachment-2718\" class=\"wp-caption-text\">Waschplatz<\/p><\/div>\n<p>bei den ersten H\u00e4usern fragen wir vorsichtshalber doch nochmal nach \u201ela Cascada\u201c, dem Wasserfall.<\/p>\n<p>In die erste links abgehende Stra\u00dfe sollen wir abbiegen und dann bis zur\u201ela loma\u201c dem Bergr\u00fccken gehen.<\/p>\n<p>Von Steffi wissen wir, dass wir durch einen Barranco gehen m\u00fcssen und dann bis zu einer Wasserleitung.<\/p>\n<p>So ger\u00fcstet, muss dieser Wasserfall doch zu finden sein.<\/p>\n<p>Durch die Stra\u00dfe Los Rijos gehen wir in direkter Linie links an einem gelben Haus vorbei bis linker Hand ein mit B\u00fcsten verziertes Haus auftaucht. Rechts<\/p>\n<div id=\"attachment_2719\" style=\"width: 160px\" class=\"wp-caption alignleft\"><a href=\"http:\/\/www.mundi-roth.de\/teneriffa-blog\/wp-content\/uploads\/2013\/10\/P1120401.jpg\" rel=\"lightbox[2702]\"><img loading=\"lazy\" decoding=\"async\" aria-describedby=\"caption-attachment-2719\" class=\"size-thumbnail wp-image-2719\" src=\"http:\/\/www.mundi-roth.de\/teneriffa-blog\/wp-content\/uploads\/2013\/10\/P1120401-150x112.jpg\" alt=\"Prunkwinden\" width=\"150\" height=\"112\" srcset=\"https:\/\/www.mundi-roth.de\/teneriffa-blog\/wp-content\/uploads\/2013\/10\/P1120401-150x112.jpg 150w, https:\/\/www.mundi-roth.de\/teneriffa-blog\/wp-content\/uploads\/2013\/10\/P1120401-300x225.jpg 300w, https:\/\/www.mundi-roth.de\/teneriffa-blog\/wp-content\/uploads\/2013\/10\/P1120401.jpg 800w\" sizes=\"auto, (max-width: 150px) 100vw, 150px\" \/><\/a><p id=\"caption-attachment-2719\" class=\"wp-caption-text\">Prunkwinden<\/p><\/div>\n<p>davon, zwischen zwei wei\u00dfen Geb\u00e4uden zweigt der schmale Pfad ab, der sofort oberhalb des Barranco an einem Hang vorbeif\u00fchrt, der mit den wundersch\u00f6nen, leuchtend blauen Bl\u00fcten der Prunkwinde bewachsen ist.<\/p>\n<p>Wir steigen auf, laufen direkt auf die Stoffwand<\/p>\n<div id=\"attachment_2720\" style=\"width: 160px\" class=\"wp-caption alignright\"><a href=\"http:\/\/www.mundi-roth.de\/teneriffa-blog\/wp-content\/uploads\/2013\/10\/P1120403.jpg\" rel=\"lightbox[2702]\"><img loading=\"lazy\" decoding=\"async\" aria-describedby=\"caption-attachment-2720\" class=\"size-thumbnail wp-image-2720\" src=\"http:\/\/www.mundi-roth.de\/teneriffa-blog\/wp-content\/uploads\/2013\/10\/P1120403-150x112.jpg\" alt=\"Weingarten\" width=\"150\" height=\"112\" srcset=\"https:\/\/www.mundi-roth.de\/teneriffa-blog\/wp-content\/uploads\/2013\/10\/P1120403-150x112.jpg 150w, https:\/\/www.mundi-roth.de\/teneriffa-blog\/wp-content\/uploads\/2013\/10\/P1120403-300x225.jpg 300w, https:\/\/www.mundi-roth.de\/teneriffa-blog\/wp-content\/uploads\/2013\/10\/P1120403.jpg 800w\" sizes=\"auto, (max-width: 150px) 100vw, 150px\" \/><\/a><p id=\"caption-attachment-2720\" class=\"wp-caption-text\">Weingarten<\/p><\/div>\n<p>einer Plantage zu, hier links und zwischen Weinreben aufw\u00e4rts bis zum gedeckten Wasserkanal.<br \/>\nDem folgen wir rechts, kurz darauf verschwindet die Abdeckung und das klare, frische Wasser sprudelt an uns mit hoher Geschwindigkeit vorbei.<br \/>\n10 Minuten dauert die Strecke entlang des Kanals, mal rechts, mal links, je nach Breite.<br \/>\nUnd dann sind wir da:<br \/>\nDer Kanal bricht hier ab und die Wassermassen laufen nun unkontrolliert den Hang hinab, der wei\u00df von Kalk ist.<\/p>\n<div id=\"attachment_2721\" style=\"width: 160px\" class=\"wp-caption alignleft\"><a href=\"http:\/\/www.mundi-roth.de\/teneriffa-blog\/wp-content\/uploads\/2013\/10\/P1120406.jpg\" rel=\"lightbox[2702]\"><img loading=\"lazy\" decoding=\"async\" aria-describedby=\"caption-attachment-2721\" class=\"size-thumbnail wp-image-2721\" src=\"http:\/\/www.mundi-roth.de\/teneriffa-blog\/wp-content\/uploads\/2013\/10\/P1120406-150x112.jpg\" alt=\"Vom Kalk befreit\" width=\"150\" height=\"112\" srcset=\"https:\/\/www.mundi-roth.de\/teneriffa-blog\/wp-content\/uploads\/2013\/10\/P1120406-150x112.jpg 150w, https:\/\/www.mundi-roth.de\/teneriffa-blog\/wp-content\/uploads\/2013\/10\/P1120406-300x225.jpg 300w, https:\/\/www.mundi-roth.de\/teneriffa-blog\/wp-content\/uploads\/2013\/10\/P1120406.jpg 800w\" sizes=\"auto, (max-width: 150px) 100vw, 150px\" \/><\/a><p id=\"caption-attachment-2721\" class=\"wp-caption-text\">Vom Kalk befreit<\/p><\/div>\n<div id=\"attachment_2722\" style=\"width: 160px\" class=\"wp-caption alignright\"><a href=\"http:\/\/www.mundi-roth.de\/teneriffa-blog\/wp-content\/uploads\/2013\/10\/P1120408.jpg\" rel=\"lightbox[2702]\"><img loading=\"lazy\" decoding=\"async\" aria-describedby=\"caption-attachment-2722\" class=\"size-thumbnail wp-image-2722\" src=\"http:\/\/www.mundi-roth.de\/teneriffa-blog\/wp-content\/uploads\/2013\/10\/P1120408-150x112.jpg\" alt=\"Kalkfreier Kanal\" width=\"150\" height=\"112\" srcset=\"https:\/\/www.mundi-roth.de\/teneriffa-blog\/wp-content\/uploads\/2013\/10\/P1120408-150x112.jpg 150w, https:\/\/www.mundi-roth.de\/teneriffa-blog\/wp-content\/uploads\/2013\/10\/P1120408-300x225.jpg 300w, https:\/\/www.mundi-roth.de\/teneriffa-blog\/wp-content\/uploads\/2013\/10\/P1120408.jpg 800w\" sizes=\"auto, (max-width: 150px) 100vw, 150px\" \/><\/a><p id=\"caption-attachment-2722\" class=\"wp-caption-text\">Kalkfreier Kanal<\/p><\/div>\n<p>&nbsp;<\/p>\n<p>&nbsp;<\/p>\n<p>&nbsp;<\/p>\n<p>&nbsp;<\/p>\n<p>&nbsp;<\/p>\n<div id=\"attachment_2723\" style=\"width: 160px\" class=\"wp-caption alignleft\"><a href=\"http:\/\/www.mundi-roth.de\/teneriffa-blog\/wp-content\/uploads\/2013\/10\/P1120409.jpg\" rel=\"lightbox[2702]\"><img loading=\"lazy\" decoding=\"async\" aria-describedby=\"caption-attachment-2723\" class=\"size-thumbnail wp-image-2723\" src=\"http:\/\/www.mundi-roth.de\/teneriffa-blog\/wp-content\/uploads\/2013\/10\/P1120409-150x112.jpg\" alt=\"Vom Kanal befreit\" width=\"150\" height=\"112\" srcset=\"https:\/\/www.mundi-roth.de\/teneriffa-blog\/wp-content\/uploads\/2013\/10\/P1120409-150x112.jpg 150w, https:\/\/www.mundi-roth.de\/teneriffa-blog\/wp-content\/uploads\/2013\/10\/P1120409-300x225.jpg 300w, https:\/\/www.mundi-roth.de\/teneriffa-blog\/wp-content\/uploads\/2013\/10\/P1120409.jpg 800w\" sizes=\"auto, (max-width: 150px) 100vw, 150px\" \/><\/a><p id=\"caption-attachment-2723\" class=\"wp-caption-text\">Vom Kanal befreit<\/p><\/div>\n<div id=\"attachment_2724\" style=\"width: 160px\" class=\"wp-caption alignright\"><a href=\"http:\/\/www.mundi-roth.de\/teneriffa-blog\/wp-content\/uploads\/2013\/10\/P1120410.jpg\" rel=\"lightbox[2702]\"><img loading=\"lazy\" decoding=\"async\" aria-describedby=\"caption-attachment-2724\" class=\"size-thumbnail wp-image-2724\" src=\"http:\/\/www.mundi-roth.de\/teneriffa-blog\/wp-content\/uploads\/2013\/10\/P1120410-150x112.jpg\" alt=\"Frei str\u00f6mend\" width=\"150\" height=\"112\" srcset=\"https:\/\/www.mundi-roth.de\/teneriffa-blog\/wp-content\/uploads\/2013\/10\/P1120410-150x112.jpg 150w, https:\/\/www.mundi-roth.de\/teneriffa-blog\/wp-content\/uploads\/2013\/10\/P1120410-300x225.jpg 300w, https:\/\/www.mundi-roth.de\/teneriffa-blog\/wp-content\/uploads\/2013\/10\/P1120410.jpg 800w\" sizes=\"auto, (max-width: 150px) 100vw, 150px\" \/><\/a><p id=\"caption-attachment-2724\" class=\"wp-caption-text\">Frei str\u00f6mend<\/p><\/div>\n<div style=\"clear: both;\">\n<div id=\"attachment_2725\" style=\"width: 310px\" class=\"wp-caption aligncenter\"><a href=\"http:\/\/www.mundi-roth.de\/teneriffa-blog\/wp-content\/uploads\/2013\/10\/P1120418.jpg\" rel=\"lightbox[2702]\"><img loading=\"lazy\" decoding=\"async\" aria-describedby=\"caption-attachment-2725\" class=\"size-medium wp-image-2725\" src=\"http:\/\/www.mundi-roth.de\/teneriffa-blog\/wp-content\/uploads\/2013\/10\/P1120418-300x225.jpg\" alt=\"Wasserfall\" width=\"300\" height=\"225\" srcset=\"https:\/\/www.mundi-roth.de\/teneriffa-blog\/wp-content\/uploads\/2013\/10\/P1120418-300x225.jpg 300w, https:\/\/www.mundi-roth.de\/teneriffa-blog\/wp-content\/uploads\/2013\/10\/P1120418-150x112.jpg 150w, https:\/\/www.mundi-roth.de\/teneriffa-blog\/wp-content\/uploads\/2013\/10\/P1120418.jpg 800w\" sizes=\"auto, (max-width: 300px) 100vw, 300px\" \/><\/a><p id=\"caption-attachment-2725\" class=\"wp-caption-text\">Wasserfall<\/p><\/div>\n<\/div>\n<div id=\"attachment_2726\" style=\"width: 160px\" class=\"wp-caption alignleft\"><a href=\"http:\/\/www.mundi-roth.de\/teneriffa-blog\/wp-content\/uploads\/2013\/10\/P1120427a.jpg\" rel=\"lightbox[2702]\"><img loading=\"lazy\" decoding=\"async\" aria-describedby=\"caption-attachment-2726\" class=\"size-thumbnail wp-image-2726\" src=\"http:\/\/www.mundi-roth.de\/teneriffa-blog\/wp-content\/uploads\/2013\/10\/P1120427a-150x144.jpg\" alt=\"&quot;Verkalkt&quot;\" width=\"150\" height=\"144\" srcset=\"https:\/\/www.mundi-roth.de\/teneriffa-blog\/wp-content\/uploads\/2013\/10\/P1120427a-150x144.jpg 150w, https:\/\/www.mundi-roth.de\/teneriffa-blog\/wp-content\/uploads\/2013\/10\/P1120427a-300x288.jpg 300w, https:\/\/www.mundi-roth.de\/teneriffa-blog\/wp-content\/uploads\/2013\/10\/P1120427a.jpg 800w\" sizes=\"auto, (max-width: 150px) 100vw, 150px\" \/><\/a><p id=\"caption-attachment-2726\" class=\"wp-caption-text\">&#8222;Verkalkt&#8220;<\/p><\/div>\n<p>Auch wenn es ein durch den Kanal gespeister Wasserfall ist, es ist beeindruckend.<\/p>\n<p>Wie kalkhaltig das Wasser ist, konnten wir schon unterwegs feststellen:<br \/>\nPlastikrohre wurden wohl durch den wieder instandgesetzten Kanal ersetzt, da sie fast v\u00f6llig innen von Kalk ummantelt waren. Leider verschandeln sie nun die Landschaft!<\/p>\n<div id=\"attachment_2732\" style=\"width: 160px\" class=\"wp-caption alignright\"><a href=\"http:\/\/www.mundi-roth.de\/teneriffa-blog\/wp-content\/uploads\/2013\/10\/P1120424.jpg\" rel=\"lightbox[2702]\"><img loading=\"lazy\" decoding=\"async\" aria-describedby=\"caption-attachment-2732\" class=\"size-thumbnail wp-image-2732\" src=\"http:\/\/www.mundi-roth.de\/teneriffa-blog\/wp-content\/uploads\/2013\/10\/P1120424-150x112.jpg\" alt=\"&quot;Tropfsteingebilde&quot;\" width=\"150\" height=\"112\" srcset=\"https:\/\/www.mundi-roth.de\/teneriffa-blog\/wp-content\/uploads\/2013\/10\/P1120424-150x112.jpg 150w, https:\/\/www.mundi-roth.de\/teneriffa-blog\/wp-content\/uploads\/2013\/10\/P1120424-300x225.jpg 300w, https:\/\/www.mundi-roth.de\/teneriffa-blog\/wp-content\/uploads\/2013\/10\/P1120424.jpg 800w\" sizes=\"auto, (max-width: 150px) 100vw, 150px\" \/><\/a><p id=\"caption-attachment-2732\" class=\"wp-caption-text\">&#8222;Tropfsteingebilde&#8220;<\/p><\/div>\n<p>&nbsp;<\/p>\n<p>Bizarre Kalkgebilde fast wie in einer Tropfsteinh\u00f6hle fanden wir auch.<\/p>\n<p>Unter uns liegt Los Silos und die K\u00fcste.<br \/>\nUnd was machen wir nun: Im leichten Spr\u00fchregen unsere Apfelpause.<\/p>\n<p>Die Passatwolken haben nicht dicht gehalten, es nieselt.<\/p>\n<p>Das bringt uns zum Nachdenken, denn auf nassen, dann rutschigen Steinen, Felsen oder Erdreich auf dem steilen Weg nach Los Silos runter oder nach Erjos hoch, erscheint uns zu gef\u00e4hrlich.<\/p>\n<p>Alternative?<br \/>\nTierra del Trigo und fragen welche M\u00f6glichkeit es gibt, nach Los Silos zu gelangen.<\/p>\n<p>Also auf dem nun bekannten Pfad zur\u00fcck in den Ort und der Besitzer des Hotels rural, der Finca de la Hacienda, sagt uns, auf der Carretera runter nach Los Silos sind wir \u201emuy r\u00e1pido\u201c &#8211; sehr schnelle &#8211;\u00a0 in einer halben Stunde.<br \/>\nEs ist 14 Uhr. &#8211; Um 14.30 Uhr k\u00e4me der Bus.<\/p>\n<p>Wir entscheiden uns f\u00fcr&#8217;s Gehen und waren gut beraten. Der Bus \u2013 ein Schulbus\u00a0 &#8211; kam uns entgegen und auf dessen R\u00fcckweg wollten wir ihn anhalten. Aber, wie in Deutschland,\u00a0d\u00fcrfen\u00a0 Schulbusse keine Passagiere mitnehmen. Das wusste wohl unser Ratgeber nicht.<\/p>\n<div id=\"attachment_2727\" style=\"width: 160px\" class=\"wp-caption alignleft\"><a href=\"http:\/\/www.mundi-roth.de\/teneriffa-blog\/wp-content\/uploads\/2013\/10\/P1120435a.jpg\" rel=\"lightbox[2702]\"><img loading=\"lazy\" decoding=\"async\" aria-describedby=\"caption-attachment-2727\" class=\"size-thumbnail wp-image-2727\" src=\"http:\/\/www.mundi-roth.de\/teneriffa-blog\/wp-content\/uploads\/2013\/10\/P1120435a-150x147.jpg\" alt=\"Gef\u00e4hrliche Stra\u00dfe\" width=\"150\" height=\"147\" srcset=\"https:\/\/www.mundi-roth.de\/teneriffa-blog\/wp-content\/uploads\/2013\/10\/P1120435a-150x147.jpg 150w, https:\/\/www.mundi-roth.de\/teneriffa-blog\/wp-content\/uploads\/2013\/10\/P1120435a-300x294.jpg 300w, https:\/\/www.mundi-roth.de\/teneriffa-blog\/wp-content\/uploads\/2013\/10\/P1120435a.jpg 715w\" sizes=\"auto, (max-width: 150px) 100vw, 150px\" \/><\/a><p id=\"caption-attachment-2727\" class=\"wp-caption-text\">Gef\u00e4hrliche Stra\u00dfe<\/p><\/div>\n<p>Die Stra\u00dfe hat es in sich, denn ein Schild mahnt zu gr\u00f6\u00dfter Vorsicht auf der gef\u00e4hrlichen Stra\u00dfe an.<br \/>\nNun, wir haben 45 Minuten auf der zum Gl\u00fcck nicht sehr befahrenen, steilen Stra\u00dfe mit vielen engen Kehren gebraucht.<br \/>\nGut, dass wir keine Knieprobleme haben.<\/p>\n<p>Wir wurden auch durch den Blick auf ein wuchtiges, zerkl\u00fcftetes Felsmassiv abgelenkt, zu<\/p>\n<div id=\"attachment_2728\" style=\"width: 160px\" class=\"wp-caption alignright\"><a href=\"http:\/\/www.mundi-roth.de\/teneriffa-blog\/wp-content\/uploads\/2013\/10\/P1120444.jpg\" rel=\"lightbox[2702]\"><img loading=\"lazy\" decoding=\"async\" aria-describedby=\"caption-attachment-2728\" class=\"size-thumbnail wp-image-2728\" src=\"http:\/\/www.mundi-roth.de\/teneriffa-blog\/wp-content\/uploads\/2013\/10\/P1120444-150x112.jpg\" alt=\"Palmenhain\" width=\"150\" height=\"112\" srcset=\"https:\/\/www.mundi-roth.de\/teneriffa-blog\/wp-content\/uploads\/2013\/10\/P1120444-150x112.jpg 150w, https:\/\/www.mundi-roth.de\/teneriffa-blog\/wp-content\/uploads\/2013\/10\/P1120444-300x225.jpg 300w, https:\/\/www.mundi-roth.de\/teneriffa-blog\/wp-content\/uploads\/2013\/10\/P1120444.jpg 800w\" sizes=\"auto, (max-width: 150px) 100vw, 150px\" \/><\/a><p id=\"caption-attachment-2728\" class=\"wp-caption-text\">Palmenhain<\/p><\/div>\n<p>dessen F\u00fc\u00dfen sich ein Palmenhain breit macht, sehr ungew\u00f6hnlich. Vermutlich bezieht sich die kleine Hinweistafel \u201eSitio de Inter\u00e9s Cient\u00edfico\u201c (naturwissenschaftliche Sehensw\u00fcrdigkeit) darauf.<\/p>\n<div id=\"attachment_2729\" style=\"width: 160px\" class=\"wp-caption alignleft\"><a href=\"http:\/\/www.mundi-roth.de\/teneriffa-blog\/wp-content\/uploads\/2013\/10\/P1120445.jpg\" rel=\"lightbox[2702]\"><img loading=\"lazy\" decoding=\"async\" aria-describedby=\"caption-attachment-2729\" class=\"size-thumbnail wp-image-2729\" src=\"http:\/\/www.mundi-roth.de\/teneriffa-blog\/wp-content\/uploads\/2013\/10\/P1120445-150x112.jpg\" alt=\"Bananen, Bananen\" width=\"150\" height=\"112\" srcset=\"https:\/\/www.mundi-roth.de\/teneriffa-blog\/wp-content\/uploads\/2013\/10\/P1120445-150x112.jpg 150w, https:\/\/www.mundi-roth.de\/teneriffa-blog\/wp-content\/uploads\/2013\/10\/P1120445-300x225.jpg 300w, https:\/\/www.mundi-roth.de\/teneriffa-blog\/wp-content\/uploads\/2013\/10\/P1120445.jpg 800w\" sizes=\"auto, (max-width: 150px) 100vw, 150px\" \/><\/a><p id=\"caption-attachment-2729\" class=\"wp-caption-text\">Bananen, Bananen<\/p><\/div>\n<p>Und aus dieser Vogelperspektive wird uns bewusst, wie viel Bananenanbau hier immer noch betrieben wird: Gr\u00fcn, viel, viel Gr\u00fcn.<\/p>\n<p>Unten angekommen vermuten wir, dass wir an<\/p>\n<div id=\"attachment_2730\" style=\"width: 160px\" class=\"wp-caption alignright\"><a href=\"http:\/\/www.mundi-roth.de\/teneriffa-blog\/wp-content\/uploads\/2013\/10\/P1120449.jpg\" rel=\"lightbox[2702]\"><img loading=\"lazy\" decoding=\"async\" aria-describedby=\"caption-attachment-2730\" class=\"size-thumbnail wp-image-2730\" src=\"http:\/\/www.mundi-roth.de\/teneriffa-blog\/wp-content\/uploads\/2013\/10\/P1120449-150x112.jpg\" alt=\"Wassersammelwerk ?\" width=\"150\" height=\"112\" srcset=\"https:\/\/www.mundi-roth.de\/teneriffa-blog\/wp-content\/uploads\/2013\/10\/P1120449-150x112.jpg 150w, https:\/\/www.mundi-roth.de\/teneriffa-blog\/wp-content\/uploads\/2013\/10\/P1120449-300x225.jpg 300w, https:\/\/www.mundi-roth.de\/teneriffa-blog\/wp-content\/uploads\/2013\/10\/P1120449.jpg 800w\" sizes=\"auto, (max-width: 150px) 100vw, 150px\" \/><\/a><p id=\"caption-attachment-2730\" class=\"wp-caption-text\">Wassersammelwerk ?<\/p><\/div>\n<p>einem Wasserwerk vorbeiwandern, das vielleicht die den Hang hinabst\u00fcrzenden Wassermassen wieder einsammelt.<\/p>\n<p>Wir befragen einen Jungen nach der n\u00e4chsten Bushaltestelle und welches Gl\u00fcck, nur ein kurzes St\u00fcck links, dann rechts, dem Hinweisschild folgend: Garachico \u2013 Icod de los Vi\u00f1os und wenige Meter weiter erreichen wir an der Ecke die Bushaltestelle an der Durchgangsstra\u00dfe im Ortsanfang von Los Silos.<\/p>\n<p>14:50 Uhr ist unsere Wanderung beendet.<br \/>\n14:59 Uhr soll laut Busplan die Linie 107 kommen, die uns zum Umsteigebahnhof nach Icod de los Vi\u00f1os bringt.<br \/>\n14:55 Uhr ist der Bus da!<br \/>\nWelch ein Gl\u00fcck! Was hat uns die alte Dame in Erjos gew\u00fcnscht:<br \/>\n\u201ebuena suerte\u201c<\/p>\n<p>Wenn das nicht so nahtlos geklappt h\u00e4tte, h\u00e4tten wir gegen\u00fcber der Bushaltestelle in einer Bar die M\u00f6glichkeit gehabt, einen Caf\u00e9 zu trinken.<\/p>\n<p>15 Minuten dauert die Fahrt, wir freuen uns, dass bis zur Abfahrt der Linie 460 zur\u00fcck nach Playas de las Am\u00e9ricas um 16:05 Uhr\u00a0 noch Zeit bleibt, in der neben der Bushaltestelle liegenden Bar \u201eTeidreago\u201c einen Caf\u00e9 zu trinken, eine Kleinigkeit zu essen und den Wein aus der dazugeh\u00f6rigen Bodega zu probieren.<br \/>\nDa uns der Besitzer wiedererkennt, bekommen wir so gar noch gratis Tapas dazu.<\/p>\n<p><strong>Fazit:<\/strong><br \/>\nEs bleibt nur zu sagen: Immer, immer wieder eine wundersch\u00f6ne Tour!<br \/>\nDer Abstecher nach Tierra del Trigo zum Wasserfall lohnt sich auf jeden Fall.<br \/>\nDanke Steffi!<\/p>\n<p>Sollte man wetterbedingt nicht zur\u00fcckgehen und nach Los Silos auf dem camino cuevas negras absteigen k\u00f6nnen \u2013 PR \u2013 TF 53,1 und TF 53 &#8211; w\u00e4re es eine \u00dcberlegung wert, nicht die wahrlich nicht gut zu gehen Stra\u00dfe nach Los Silos abzusteigen sondern hoch nach El Tanque zu gehen.<br \/>\nHier gibt es auch die entsprechenden Busverbindungen, wie mir der Schalterbeamte in Icod de los Vi\u00f1os Auskunft gab.<br \/>\nTierra del Trigo wird von keinem Bus angefahren.<\/p>\n<p><strong>Besonderheit:<\/strong><\/p>\n<p>Als wir bei unseren privaten w\u00f6chentlichen Konversations\u00fcbungen unserer Lehrerin, einer Kunsthistorikerin, von unserer Wanderung berichteten, wollte sie von uns wissen, ob wir w\u00fcssten, woher der Name \u201eLos Silos\u201c kommt.<\/p>\n<p>Wir vermuteten:\u00a0 Vielleicht Silo? Getreidespeicher?<\/p>\n<p>Ziemlich richtig.<\/p>\n<p>In der Gegend von Los Silos gibt es viel lehmige Erde. Dies nutzten die Bewohner fr\u00fcherund legten darin ihre Silos f\u00fcr Getreide aber auch Lebensmittel an.<\/p>\n<p><strong>So einfach also: Los Silos, die K\u00fchlschr\u00e4nke der Vergangenheit!<\/strong><\/p>\n","protected":false},"excerpt":{"rendered":"<p>Den Tipp f\u00fcr unsere heutige Wanderung erhielten wir von Steffi der &#8222;Chefin&#8220; von teneriffakreaktiv \u00a0 Wasserf\u00e4lle In Tierra del Trigo Ein Wasserfall, der das ganze Jahr Wasser f\u00fchrt, das will hier auf der Insel schon etwas hei\u00dfen. Wanderwegstrecke: 4 Stunden plus Apfelpause , 920 H\u00f6henmeter, 10,4 km Wir starten diese Tour mal wieder von Erjos [&hellip;]<\/p>\n","protected":false},"author":4,"featured_media":5193,"comment_status":"open","ping_status":"open","sticky":false,"template":"","format":"standard","meta":{"footnotes":""},"categories":[778,6],"tags":[47,511,658,509,657,510,439,654,446,655,656],"class_list":["post-2702","post","type-post","status-publish","format-standard","has-post-thumbnail","hentry","category-teno-gebirge","category-wanderungen","tag-camino-real","tag-cuevas-negras","tag-el-tanque","tag-erjos","tag-la-cascada","tag-los-silos","tag-teneriffa-wandern","tag-tierra-del-trigo","tag-wandern-teneriffa","tag-wasserfaelle","tag-wasserspeicher"],"yoast_head":"<!-- This site is optimized with the Yoast SEO plugin v27.5 - https:\/\/yoast.com\/product\/yoast-seo-wordpress\/ -->\n<title>Erjos \u2013 Tierra del Trigo \u2013 Los Silos - Teneriffa Wandern<\/title>\n<meta name=\"description\" content=\"Wasserf\u00e4lle In Tierra del Trigo. Ein Wasserfall, der das ganze Jahr Wasser f\u00fchrt, das will hier auf der Insel schon etwas hei\u00dfen.\" \/>\n<meta name=\"robots\" content=\"index, follow, max-snippet:-1, max-image-preview:large, max-video-preview:-1\" \/>\n<link rel=\"canonical\" href=\"https:\/\/www.mundi-roth.de\/teneriffa-blog\/wanderungen\/erjos-tierra-del-trigo-los-silos\/\" \/>\n<meta name=\"twitter:label1\" content=\"Verfasst von\" \/>\n\t<meta name=\"twitter:data1\" content=\"mundi\" \/>\n\t<meta name=\"twitter:label2\" content=\"Gesch\u00e4tzte Lesezeit\" \/>\n\t<meta name=\"twitter:data2\" content=\"10\u00a0Minuten\" \/>\n<script type=\"application\/ld+json\" class=\"yoast-schema-graph\">{\"@context\":\"https:\\\/\\\/schema.org\",\"@graph\":[{\"@type\":\"Article\",\"@id\":\"https:\\\/\\\/www.mundi-roth.de\\\/teneriffa-blog\\\/wanderungen\\\/erjos-tierra-del-trigo-los-silos\\\/#article\",\"isPartOf\":{\"@id\":\"https:\\\/\\\/www.mundi-roth.de\\\/teneriffa-blog\\\/wanderungen\\\/erjos-tierra-del-trigo-los-silos\\\/\"},\"author\":{\"name\":\"mundi\",\"@id\":\"https:\\\/\\\/www.mundi-roth.de\\\/teneriffa-blog\\\/#\\\/schema\\\/person\\\/971c66b55f3ae5e8741553688c413cac\"},\"headline\":\"Erjos \u2013 Tierra del Trigo \u2013 Los Silos\",\"datePublished\":\"2013-10-16T21:00:03+00:00\",\"dateModified\":\"2016-05-27T09:37:00+00:00\",\"mainEntityOfPage\":{\"@id\":\"https:\\\/\\\/www.mundi-roth.de\\\/teneriffa-blog\\\/wanderungen\\\/erjos-tierra-del-trigo-los-silos\\\/\"},\"wordCount\":1912,\"commentCount\":2,\"image\":{\"@id\":\"https:\\\/\\\/www.mundi-roth.de\\\/teneriffa-blog\\\/wanderungen\\\/erjos-tierra-del-trigo-los-silos\\\/#primaryimage\"},\"thumbnailUrl\":\"https:\\\/\\\/www.mundi-roth.de\\\/teneriffa-blog\\\/wp-content\\\/uploads\\\/2013\\\/10\\\/P1120411.jpg\",\"keywords\":[\"Camino Real\",\"Cuevas Negras\",\"El Tanque\",\"Erjos\",\"la Cascada\",\"Los Silos\",\"Teneriffa Wandern\",\"Tierra del Trigo\",\"Wandern Teneriffa\",\"Wasserf\u00e4lle\",\"Wasserspeicher\"],\"articleSection\":[\"Teno-Gebirge\",\"Wanderungen\"],\"inLanguage\":\"de\",\"potentialAction\":[{\"@type\":\"CommentAction\",\"name\":\"Comment\",\"target\":[\"https:\\\/\\\/www.mundi-roth.de\\\/teneriffa-blog\\\/wanderungen\\\/erjos-tierra-del-trigo-los-silos\\\/#respond\"]}]},{\"@type\":\"WebPage\",\"@id\":\"https:\\\/\\\/www.mundi-roth.de\\\/teneriffa-blog\\\/wanderungen\\\/erjos-tierra-del-trigo-los-silos\\\/\",\"url\":\"https:\\\/\\\/www.mundi-roth.de\\\/teneriffa-blog\\\/wanderungen\\\/erjos-tierra-del-trigo-los-silos\\\/\",\"name\":\"Erjos \u2013 Tierra del Trigo \u2013 Los Silos - Teneriffa Wandern\",\"isPartOf\":{\"@id\":\"https:\\\/\\\/www.mundi-roth.de\\\/teneriffa-blog\\\/#website\"},\"primaryImageOfPage\":{\"@id\":\"https:\\\/\\\/www.mundi-roth.de\\\/teneriffa-blog\\\/wanderungen\\\/erjos-tierra-del-trigo-los-silos\\\/#primaryimage\"},\"image\":{\"@id\":\"https:\\\/\\\/www.mundi-roth.de\\\/teneriffa-blog\\\/wanderungen\\\/erjos-tierra-del-trigo-los-silos\\\/#primaryimage\"},\"thumbnailUrl\":\"https:\\\/\\\/www.mundi-roth.de\\\/teneriffa-blog\\\/wp-content\\\/uploads\\\/2013\\\/10\\\/P1120411.jpg\",\"datePublished\":\"2013-10-16T21:00:03+00:00\",\"dateModified\":\"2016-05-27T09:37:00+00:00\",\"author\":{\"@id\":\"https:\\\/\\\/www.mundi-roth.de\\\/teneriffa-blog\\\/#\\\/schema\\\/person\\\/971c66b55f3ae5e8741553688c413cac\"},\"description\":\"Wasserf\u00e4lle In Tierra del Trigo. Ein Wasserfall, der das ganze Jahr Wasser f\u00fchrt, das will hier auf der Insel schon etwas hei\u00dfen.\",\"breadcrumb\":{\"@id\":\"https:\\\/\\\/www.mundi-roth.de\\\/teneriffa-blog\\\/wanderungen\\\/erjos-tierra-del-trigo-los-silos\\\/#breadcrumb\"},\"inLanguage\":\"de\",\"potentialAction\":[{\"@type\":\"ReadAction\",\"target\":[\"https:\\\/\\\/www.mundi-roth.de\\\/teneriffa-blog\\\/wanderungen\\\/erjos-tierra-del-trigo-los-silos\\\/\"]}]},{\"@type\":\"ImageObject\",\"inLanguage\":\"de\",\"@id\":\"https:\\\/\\\/www.mundi-roth.de\\\/teneriffa-blog\\\/wanderungen\\\/erjos-tierra-del-trigo-los-silos\\\/#primaryimage\",\"url\":\"https:\\\/\\\/www.mundi-roth.de\\\/teneriffa-blog\\\/wp-content\\\/uploads\\\/2013\\\/10\\\/P1120411.jpg\",\"contentUrl\":\"https:\\\/\\\/www.mundi-roth.de\\\/teneriffa-blog\\\/wp-content\\\/uploads\\\/2013\\\/10\\\/P1120411.jpg\",\"width\":269,\"height\":202},{\"@type\":\"BreadcrumbList\",\"@id\":\"https:\\\/\\\/www.mundi-roth.de\\\/teneriffa-blog\\\/wanderungen\\\/erjos-tierra-del-trigo-los-silos\\\/#breadcrumb\",\"itemListElement\":[{\"@type\":\"ListItem\",\"position\":1,\"name\":\"Startseite\",\"item\":\"https:\\\/\\\/www.mundi-roth.de\\\/teneriffa-blog\\\/\"},{\"@type\":\"ListItem\",\"position\":2,\"name\":\"Erjos \u2013 Tierra del Trigo \u2013 Los Silos\"}]},{\"@type\":\"WebSite\",\"@id\":\"https:\\\/\\\/www.mundi-roth.de\\\/teneriffa-blog\\\/#website\",\"url\":\"https:\\\/\\\/www.mundi-roth.de\\\/teneriffa-blog\\\/\",\"name\":\"Teneriffa Wandern\",\"description\":\"Nicht nur Wanderungen auf Teneriffa...\",\"potentialAction\":[{\"@type\":\"SearchAction\",\"target\":{\"@type\":\"EntryPoint\",\"urlTemplate\":\"https:\\\/\\\/www.mundi-roth.de\\\/teneriffa-blog\\\/?s={search_term_string}\"},\"query-input\":{\"@type\":\"PropertyValueSpecification\",\"valueRequired\":true,\"valueName\":\"search_term_string\"}}],\"inLanguage\":\"de\"},{\"@type\":\"Person\",\"@id\":\"https:\\\/\\\/www.mundi-roth.de\\\/teneriffa-blog\\\/#\\\/schema\\\/person\\\/971c66b55f3ae5e8741553688c413cac\",\"name\":\"mundi\",\"image\":{\"@type\":\"ImageObject\",\"inLanguage\":\"de\",\"@id\":\"https:\\\/\\\/secure.gravatar.com\\\/avatar\\\/555f0dd85428f1a9330f8e5dbe9e40ff9ca912bb81e5a89747ebf3ca9c20dc0f?s=96&d=mm&r=g\",\"url\":\"https:\\\/\\\/secure.gravatar.com\\\/avatar\\\/555f0dd85428f1a9330f8e5dbe9e40ff9ca912bb81e5a89747ebf3ca9c20dc0f?s=96&d=mm&r=g\",\"contentUrl\":\"https:\\\/\\\/secure.gravatar.com\\\/avatar\\\/555f0dd85428f1a9330f8e5dbe9e40ff9ca912bb81e5a89747ebf3ca9c20dc0f?s=96&d=mm&r=g\",\"caption\":\"mundi\"},\"sameAs\":[\"http:\\\/\\\/mundi-roth.de\"],\"url\":\"https:\\\/\\\/www.mundi-roth.de\\\/teneriffa-blog\\\/author\\\/mundi\\\/\"}]}<\/script>\n<!-- \/ Yoast SEO plugin. -->","yoast_head_json":{"title":"Erjos \u2013 Tierra del Trigo \u2013 Los Silos - Teneriffa Wandern","description":"Wasserf\u00e4lle In Tierra del Trigo. Ein Wasserfall, der das ganze Jahr Wasser f\u00fchrt, das will hier auf der Insel schon etwas hei\u00dfen.","robots":{"index":"index","follow":"follow","max-snippet":"max-snippet:-1","max-image-preview":"max-image-preview:large","max-video-preview":"max-video-preview:-1"},"canonical":"https:\/\/www.mundi-roth.de\/teneriffa-blog\/wanderungen\/erjos-tierra-del-trigo-los-silos\/","twitter_misc":{"Verfasst von":"mundi","Gesch\u00e4tzte Lesezeit":"10\u00a0Minuten"},"schema":{"@context":"https:\/\/schema.org","@graph":[{"@type":"Article","@id":"https:\/\/www.mundi-roth.de\/teneriffa-blog\/wanderungen\/erjos-tierra-del-trigo-los-silos\/#article","isPartOf":{"@id":"https:\/\/www.mundi-roth.de\/teneriffa-blog\/wanderungen\/erjos-tierra-del-trigo-los-silos\/"},"author":{"name":"mundi","@id":"https:\/\/www.mundi-roth.de\/teneriffa-blog\/#\/schema\/person\/971c66b55f3ae5e8741553688c413cac"},"headline":"Erjos \u2013 Tierra del Trigo \u2013 Los Silos","datePublished":"2013-10-16T21:00:03+00:00","dateModified":"2016-05-27T09:37:00+00:00","mainEntityOfPage":{"@id":"https:\/\/www.mundi-roth.de\/teneriffa-blog\/wanderungen\/erjos-tierra-del-trigo-los-silos\/"},"wordCount":1912,"commentCount":2,"image":{"@id":"https:\/\/www.mundi-roth.de\/teneriffa-blog\/wanderungen\/erjos-tierra-del-trigo-los-silos\/#primaryimage"},"thumbnailUrl":"https:\/\/www.mundi-roth.de\/teneriffa-blog\/wp-content\/uploads\/2013\/10\/P1120411.jpg","keywords":["Camino Real","Cuevas Negras","El Tanque","Erjos","la Cascada","Los Silos","Teneriffa Wandern","Tierra del Trigo","Wandern Teneriffa","Wasserf\u00e4lle","Wasserspeicher"],"articleSection":["Teno-Gebirge","Wanderungen"],"inLanguage":"de","potentialAction":[{"@type":"CommentAction","name":"Comment","target":["https:\/\/www.mundi-roth.de\/teneriffa-blog\/wanderungen\/erjos-tierra-del-trigo-los-silos\/#respond"]}]},{"@type":"WebPage","@id":"https:\/\/www.mundi-roth.de\/teneriffa-blog\/wanderungen\/erjos-tierra-del-trigo-los-silos\/","url":"https:\/\/www.mundi-roth.de\/teneriffa-blog\/wanderungen\/erjos-tierra-del-trigo-los-silos\/","name":"Erjos \u2013 Tierra del Trigo \u2013 Los Silos - Teneriffa Wandern","isPartOf":{"@id":"https:\/\/www.mundi-roth.de\/teneriffa-blog\/#website"},"primaryImageOfPage":{"@id":"https:\/\/www.mundi-roth.de\/teneriffa-blog\/wanderungen\/erjos-tierra-del-trigo-los-silos\/#primaryimage"},"image":{"@id":"https:\/\/www.mundi-roth.de\/teneriffa-blog\/wanderungen\/erjos-tierra-del-trigo-los-silos\/#primaryimage"},"thumbnailUrl":"https:\/\/www.mundi-roth.de\/teneriffa-blog\/wp-content\/uploads\/2013\/10\/P1120411.jpg","datePublished":"2013-10-16T21:00:03+00:00","dateModified":"2016-05-27T09:37:00+00:00","author":{"@id":"https:\/\/www.mundi-roth.de\/teneriffa-blog\/#\/schema\/person\/971c66b55f3ae5e8741553688c413cac"},"description":"Wasserf\u00e4lle In Tierra del Trigo. Ein Wasserfall, der das ganze Jahr Wasser f\u00fchrt, das will hier auf der Insel schon etwas hei\u00dfen.","breadcrumb":{"@id":"https:\/\/www.mundi-roth.de\/teneriffa-blog\/wanderungen\/erjos-tierra-del-trigo-los-silos\/#breadcrumb"},"inLanguage":"de","potentialAction":[{"@type":"ReadAction","target":["https:\/\/www.mundi-roth.de\/teneriffa-blog\/wanderungen\/erjos-tierra-del-trigo-los-silos\/"]}]},{"@type":"ImageObject","inLanguage":"de","@id":"https:\/\/www.mundi-roth.de\/teneriffa-blog\/wanderungen\/erjos-tierra-del-trigo-los-silos\/#primaryimage","url":"https:\/\/www.mundi-roth.de\/teneriffa-blog\/wp-content\/uploads\/2013\/10\/P1120411.jpg","contentUrl":"https:\/\/www.mundi-roth.de\/teneriffa-blog\/wp-content\/uploads\/2013\/10\/P1120411.jpg","width":269,"height":202},{"@type":"BreadcrumbList","@id":"https:\/\/www.mundi-roth.de\/teneriffa-blog\/wanderungen\/erjos-tierra-del-trigo-los-silos\/#breadcrumb","itemListElement":[{"@type":"ListItem","position":1,"name":"Startseite","item":"https:\/\/www.mundi-roth.de\/teneriffa-blog\/"},{"@type":"ListItem","position":2,"name":"Erjos \u2013 Tierra del Trigo \u2013 Los Silos"}]},{"@type":"WebSite","@id":"https:\/\/www.mundi-roth.de\/teneriffa-blog\/#website","url":"https:\/\/www.mundi-roth.de\/teneriffa-blog\/","name":"Teneriffa Wandern","description":"Nicht nur Wanderungen auf Teneriffa...","potentialAction":[{"@type":"SearchAction","target":{"@type":"EntryPoint","urlTemplate":"https:\/\/www.mundi-roth.de\/teneriffa-blog\/?s={search_term_string}"},"query-input":{"@type":"PropertyValueSpecification","valueRequired":true,"valueName":"search_term_string"}}],"inLanguage":"de"},{"@type":"Person","@id":"https:\/\/www.mundi-roth.de\/teneriffa-blog\/#\/schema\/person\/971c66b55f3ae5e8741553688c413cac","name":"mundi","image":{"@type":"ImageObject","inLanguage":"de","@id":"https:\/\/secure.gravatar.com\/avatar\/555f0dd85428f1a9330f8e5dbe9e40ff9ca912bb81e5a89747ebf3ca9c20dc0f?s=96&d=mm&r=g","url":"https:\/\/secure.gravatar.com\/avatar\/555f0dd85428f1a9330f8e5dbe9e40ff9ca912bb81e5a89747ebf3ca9c20dc0f?s=96&d=mm&r=g","contentUrl":"https:\/\/secure.gravatar.com\/avatar\/555f0dd85428f1a9330f8e5dbe9e40ff9ca912bb81e5a89747ebf3ca9c20dc0f?s=96&d=mm&r=g","caption":"mundi"},"sameAs":["http:\/\/mundi-roth.de"],"url":"https:\/\/www.mundi-roth.de\/teneriffa-blog\/author\/mundi\/"}]}},"_links":{"self":[{"href":"https:\/\/www.mundi-roth.de\/teneriffa-blog\/wp-json\/wp\/v2\/posts\/2702","targetHints":{"allow":["GET"]}}],"collection":[{"href":"https:\/\/www.mundi-roth.de\/teneriffa-blog\/wp-json\/wp\/v2\/posts"}],"about":[{"href":"https:\/\/www.mundi-roth.de\/teneriffa-blog\/wp-json\/wp\/v2\/types\/post"}],"author":[{"embeddable":true,"href":"https:\/\/www.mundi-roth.de\/teneriffa-blog\/wp-json\/wp\/v2\/users\/4"}],"replies":[{"embeddable":true,"href":"https:\/\/www.mundi-roth.de\/teneriffa-blog\/wp-json\/wp\/v2\/comments?post=2702"}],"version-history":[{"count":0,"href":"https:\/\/www.mundi-roth.de\/teneriffa-blog\/wp-json\/wp\/v2\/posts\/2702\/revisions"}],"wp:featuredmedia":[{"embeddable":true,"href":"https:\/\/www.mundi-roth.de\/teneriffa-blog\/wp-json\/wp\/v2\/media\/5193"}],"wp:attachment":[{"href":"https:\/\/www.mundi-roth.de\/teneriffa-blog\/wp-json\/wp\/v2\/media?parent=2702"}],"wp:term":[{"taxonomy":"category","embeddable":true,"href":"https:\/\/www.mundi-roth.de\/teneriffa-blog\/wp-json\/wp\/v2\/categories?post=2702"},{"taxonomy":"post_tag","embeddable":true,"href":"https:\/\/www.mundi-roth.de\/teneriffa-blog\/wp-json\/wp\/v2\/tags?post=2702"}],"curies":[{"name":"wp","href":"https:\/\/api.w.org\/{rel}","templated":true}]}}