{"id":274,"date":"2008-03-25T20:32:28","date_gmt":"2008-03-25T19:32:28","guid":{"rendered":"http:\/\/www.mundi-roth.de\/teneriffa-blog\/wanderungen\/pal-mar-%e2%80%93-punta-de-rasca\/"},"modified":"2015-04-12T11:48:30","modified_gmt":"2015-04-12T10:48:30","slug":"pal-mar-%e2%80%93-punta-de-rasca","status":"publish","type":"post","link":"https:\/\/www.mundi-roth.de\/teneriffa-blog\/wanderungen\/pal-mar-%e2%80%93-punta-de-rasca\/","title":{"rendered":"Palm-Mar \u2013 Punta de Rasca"},"content":{"rendered":"<p><strong>Auf dieser Rundwanderung zum Leuchtturm von Rasca bewegen wir uns <\/strong><a title=\"sany0293.JPG\" href=\"http:\/\/www.mundi-roth.de\/teneriffa-blog\/wp-content\/uploads\/2008\/03\/sany0293.JPG\" rel=\"lightbox[274]\"><img loading=\"lazy\" decoding=\"async\" src=\"http:\/\/www.mundi-roth.de\/teneriffa-blog\/wp-content\/uploads\/2008\/03\/sany0293.thumbnail.JPG\" alt=\"sany0293.JPG\" width=\"128\" height=\"96\" align=\"right\" border=\"0\" hspace=\"3\" vspace=\"3\" \/><\/a><strong>\u00fcber die wohl flachste K\u00fcstenzone von Arona. Wundersch\u00f6n entlang der K\u00fcste mit seinen vielen bizarren Buchten \u2013 man muss sich nur bewusst sein, dass wir uns auf einer Vulkaninsel befinden und die Wege und Pfade eben uneben sind. Den gr\u00f6\u00dften Teil der Wanderung befinden wir uns in einem gesch\u00fctzten Naturraum .<\/strong><br \/>\n<!--more--><br \/>\n<strong>Wander-Wegstrecke:<\/strong> Hin und Zur\u00fcck 2 \u00be Stunden<\/p>\n<p>Wir beginnen unsere Wanderung in Palm-Mar. Auf der Promenade gehen wir hoch bis zu einem Turm, wenige Schritte nach links und wir biegen rechts auf einen schmalen Pfad, der nun stets der K\u00fcste entlang verl\u00e4uft. Wir bewundern rechter Hand s\u00e4ulen- und strahlenf\u00f6rmige Lavaformationen, die durch die Meereserosion freigelegt worden sind. <a title=\"sany0299.JPG\" href=\"http:\/\/www.mundi-roth.de\/teneriffa-blog\/wp-content\/uploads\/2008\/03\/sany0299.JPG\" rel=\"lightbox[274]\"><img loading=\"lazy\" decoding=\"async\" src=\"http:\/\/www.mundi-roth.de\/teneriffa-blog\/wp-content\/uploads\/2008\/03\/sany0299.thumbnail.JPG\" alt=\"sany0299.JPG\" width=\"128\" height=\"96\" align=\"left\" border=\"0\" hspace=\"3\" vspace=\"3\" \/><\/a>Die Lavaoberfl\u00e4che ist oft mit auff\u00e4lligen orangegelben Flecken bedeckt. Es handelt sich um eine Flechte der Gattung Xanthoria. Linker Hand begleitet uns im Blickfeld der Vulkan Monta\u00f1a Grande mit seinen 153 m H\u00f6he.<\/p>\n<p><a title=\"sany0301.JPG\" href=\"http:\/\/www.mundi-roth.de\/teneriffa-blog\/wp-content\/uploads\/2008\/03\/sany0301.JPG\" rel=\"lightbox[274]\"><img loading=\"lazy\" decoding=\"async\" src=\"http:\/\/www.mundi-roth.de\/teneriffa-blog\/wp-content\/uploads\/2008\/03\/sany0301.thumbnail.JPG\" alt=\"sany0301.JPG\" width=\"96\" height=\"128\" align=\"right\" border=\"0\" hspace=\"3\" vspace=\"3\" \/><\/a>Nach ca. 1 Stunde verschwenkt der Weg etwas nach links und f\u00fchrt auf einem breiten Sandweg weiter, nach einer Miniaturanh\u00f6he gehen wir rechts, der Pfad schl\u00e4ngelt sich durch Kameldorn \u2013 Dornlattich und Tabaibab\u00fcschen, f\u00fchrt \u00fcber einen Sandbuckel, wenige Schritte geradeaus und danach weiter nach rechts.<\/p>\n<p>Ab hier ist dann etwas Pfadfindergeist gefragt. Folgt man dem breiteren <a title=\"p1010780.JPG\" href=\"http:\/\/www.mundi-roth.de\/teneriffa-blog\/wp-content\/uploads\/2008\/03\/p1010780.JPG\" rel=\"lightbox[274]\"><img loading=\"lazy\" decoding=\"async\" src=\"http:\/\/www.mundi-roth.de\/teneriffa-blog\/wp-content\/uploads\/2008\/03\/p1010780.thumbnail.JPG\" alt=\"p1010780.JPG\" width=\"128\" height=\"96\" align=\"left\" border=\"0\" hspace=\"3\" vspace=\"3\" \/><\/a>Weg links, gelangt man ohne gro\u00dfe Probleme bis zum Leuchtturm. Will man jedoch auch das letzte St\u00fcck am Meer entlang zur\u00fccklegen, gilt es einen Weg zu suchen, jedoch an der K\u00fcste angelangt, kann man ohne Schwierigkeiten einem kleinen, zum Teil sandigen Pfad, zum Teil mit Steinm\u00e4nnchen gekennzeichnet, folgen.<\/p>\n<p>Nach der Rast am Leuchtturm, der alte wurde 1898 aus Guaza Gestein errichtet und der neue, automatische, erst vor geraumer Zeit (1978). Er braucht im Gegensatz zu fr\u00fcheren Zeiten keinen Leuchtturmw\u00e4rter mehr.<\/p>\n<p>Der R\u00fcckweg ist problemlos zu finden und zu gehen. Vom Leuchtturm geradeaus ein<a title=\"sany0303.JPG\" href=\"http:\/\/www.mundi-roth.de\/teneriffa-blog\/wp-content\/uploads\/2008\/03\/sany0303.JPG\" rel=\"lightbox[274]\"><img loading=\"lazy\" decoding=\"async\" src=\"http:\/\/www.mundi-roth.de\/teneriffa-blog\/wp-content\/uploads\/2008\/03\/sany0303.thumbnail.JPG\" alt=\"sany0303.JPG\" width=\"128\" height=\"96\" align=\"right\" border=\"0\" hspace=\"3\" vspace=\"3\" \/><\/a> kleines St\u00fcck auf der geteerten Stra\u00dfe, dann nach links und immer dem breiten Sandweg nach. Bei einer Gabelung halten wir uns leicht links und bei der darauffolgenden Gabelung wieder links, auf ein zerfallenes Gem\u00e4uer zu.<\/p>\n<p>Es zweigen immer mal wieder Wege nach links ab, denen kann man genauso folgen, dann ist der R\u00fcckweg wie der Hinweg an der K\u00fcste entlang. Wir bleiben jedoch etwas oberhalb und gelangen bei den erdfarbenen H\u00e4usern wieder auf die Stra\u00dfe.<\/p>\n<p>Die Wanderung ist auch aus ethnographischer und arch\u00e4ologischer Sicht interessant.<\/p>\n<p>Das Meer bedeutete f\u00fcr die Menschen von Rasca stets schon eine Einnahmequelle. Zeugen vom Fisch- und Meeresfr\u00fcchtefang sind die zahlreichen Muschelreste. So wurde einst eine Fischfang-Technik eingesetzt, bei der die Guanchen das Gew\u00e4sser mit bet\u00e4ubendem Wolfsmilch-Saft anreicherten. Ferner wurde aus nat\u00fcrlichen, oder in den Tuff gehauenen Meerespf\u00fctzen Salz gewonnen.<\/p>\n<p>Es hei\u00dft, die knotenbl\u00fctige Mittagsblume soll in solchen Pf\u00fctzen eingelegt worden sein, um die Samen zu gewinnen, woraus in kargen Zeiten der Gofio, das typische kanarische ger\u00f6stete Getreidemehl, hergestellt wurde.<\/p>\n<p>Das Hirtenwesen sowie der Getreide- und Tomantenanbau sind andere Bewirtschaftungen dieser einzigartigen Landschaft gewesen. Ein weiteres ethnographisches Merkmal dieser Zone bildet neben den \u00dcberresten der Ureinwohner-Behausungen auch die Steinmauern oder die St\u00e4lle, die den letzten Bewohnern dieses Gebiets gedient hatten.<\/p>\n<p><strong>Botanik:<\/strong><br \/>\nWir befinden uns wieder in der Zone der salzliebenden Pflanzenarten, die ich bei \u201eBotanik mit Cristobal\u201c n\u00e4her beschrieben habe und wir treffen die typischen Vertreter der Sukkulenten-Formation.<\/p>\n<p><a title=\"p1010776a.jpg\" href=\"http:\/\/www.mundi-roth.de\/teneriffa-blog\/wp-content\/uploads\/2008\/03\/p1010776a.jpg\" rel=\"lightbox[274]\"><img loading=\"lazy\" decoding=\"async\" src=\"http:\/\/www.mundi-roth.de\/teneriffa-blog\/wp-content\/uploads\/2008\/03\/p1010776a.thumbnail.jpg\" alt=\"p1010776a.jpg\" width=\"128\" height=\"96\" align=\"left\" border=\"0\" hspace=\"3\" vspace=\"3\" \/><\/a>Heute beschr\u00e4nke ich mich auf den Kammf\u00f6rmigen Strandflieder (Limonium pectinatum) \u201eSiempreviva\u201c.<\/p>\n<p>Es handelt sich um eine Pflanze aufrecht wachsend oder mit niederliegenden Stenglen. Zahlreiche Rosetten aus lang verschm\u00e4lerten, nur 25 cm gro\u00dfen, schmal bis breit spateligen, stumpfen, zum Teil ausgerandeten und bespitzte, durch Salzausscheidungen grauen, kahlen Bl\u00e4ttern an verzweigten St\u00e4mmchen, auch an bl\u00fchenden Stengeln bisweilen Gruppen von Bl\u00e4ttern. Stengel der Bl\u00fctenst\u00e4nde kantig, kaum gefl\u00fcgelt. Bl\u00fcten klein, formenreiche Art mit 4 Variet\u00e4ten.<\/p>\n<p>Vorkommen: An den Felsk\u00fcsten weit verbreitet, h\u00e4ufigste Art. Kanaren-Endemit.<\/p>\n<p><strong>Anfahrt:<\/strong><a title=\"karte1x.jpg\" href=\"http:\/\/www.mundi-roth.de\/teneriffa-blog\/wp-content\/uploads\/2008\/03\/karte1x.jpg\" rel=\"lightbox[274]\"><img loading=\"lazy\" decoding=\"async\" src=\"http:\/\/www.mundi-roth.de\/teneriffa-blog\/wp-content\/uploads\/2008\/03\/karte1x.thumbnail.jpg\" alt=\"karte1x.jpg\" width=\"110\" height=\"96\" align=\"right\" border=\"0\" hspace=\"3\" vspace=\"3\" \/><\/a><br \/>\nAuf der Autobahn TF-1 aus Los Cristianos kommend Richtung Santa Cruz die Ausfahrt \u201eGuaza\u201c, nach dem Kreisel auf die TF-66 bis zum n\u00e4chstenKreisel und hier rechts ab Richtung Palm-Mar. In Palm-Mar halten wir uns Richtung Meer, geradeaus durch, dann links. Hier gibt es Parkm\u00f6glichkeiten und man ist bereits an der Promenade.<\/p>\n","protected":false},"excerpt":{"rendered":"<p>Auf dieser Rundwanderung zum Leuchtturm von Rasca bewegen wir uns \u00fcber die wohl flachste K\u00fcstenzone von Arona. Wundersch\u00f6n entlang der K\u00fcste mit seinen vielen bizarren Buchten \u2013 man muss sich nur bewusst sein, dass wir uns auf einer Vulkaninsel befinden und die Wege und Pfade eben uneben sind. Den gr\u00f6\u00dften Teil der Wanderung befinden wir [&hellip;]<\/p>\n","protected":false},"author":3,"featured_media":0,"comment_status":"open","ping_status":"open","sticky":false,"template":"","format":"standard","meta":{"footnotes":""},"categories":[775,6],"tags":[129,128,130,3,4],"class_list":["post-274","post","type-post","status-publish","format-standard","hentry","category-arona","category-wanderungen","tag-leuchtturm","tag-palm-mar","tag-strandflieder","tag-teneriffa","tag-wandern"],"yoast_head":"<!-- This site is optimized with the Yoast SEO plugin v27.5 - https:\/\/yoast.com\/product\/yoast-seo-wordpress\/ -->\n<title>Palm-Mar \u2013 Punta de Rasca - Teneriffa Wandern<\/title>\n<meta name=\"robots\" content=\"index, follow, max-snippet:-1, max-image-preview:large, max-video-preview:-1\" \/>\n<link rel=\"canonical\" href=\"https:\/\/www.mundi-roth.de\/teneriffa-blog\/wanderungen\/pal-mar-\u2013-punta-de-rasca\/\" \/>\n<meta name=\"twitter:label1\" content=\"Verfasst von\" \/>\n\t<meta name=\"twitter:data1\" content=\"ir\" \/>\n\t<meta name=\"twitter:label2\" content=\"Gesch\u00e4tzte Lesezeit\" \/>\n\t<meta name=\"twitter:data2\" content=\"4\u00a0Minuten\" \/>\n<script type=\"application\/ld+json\" class=\"yoast-schema-graph\">{\"@context\":\"https:\\\/\\\/schema.org\",\"@graph\":[{\"@type\":\"Article\",\"@id\":\"https:\\\/\\\/www.mundi-roth.de\\\/teneriffa-blog\\\/wanderungen\\\/pal-mar-%e2%80%93-punta-de-rasca\\\/#article\",\"isPartOf\":{\"@id\":\"https:\\\/\\\/www.mundi-roth.de\\\/teneriffa-blog\\\/wanderungen\\\/pal-mar-%e2%80%93-punta-de-rasca\\\/\"},\"author\":{\"name\":\"ir\",\"@id\":\"https:\\\/\\\/www.mundi-roth.de\\\/teneriffa-blog\\\/#\\\/schema\\\/person\\\/3afd0d251449790d15367c9aa52d203d\"},\"headline\":\"Palm-Mar \u2013 Punta de Rasca\",\"datePublished\":\"2008-03-25T19:32:28+00:00\",\"dateModified\":\"2015-04-12T10:48:30+00:00\",\"mainEntityOfPage\":{\"@id\":\"https:\\\/\\\/www.mundi-roth.de\\\/teneriffa-blog\\\/wanderungen\\\/pal-mar-%e2%80%93-punta-de-rasca\\\/\"},\"wordCount\":721,\"commentCount\":0,\"image\":{\"@id\":\"https:\\\/\\\/www.mundi-roth.de\\\/teneriffa-blog\\\/wanderungen\\\/pal-mar-%e2%80%93-punta-de-rasca\\\/#primaryimage\"},\"thumbnailUrl\":\"http:\\\/\\\/www.mundi-roth.de\\\/teneriffa-blog\\\/wp-content\\\/uploads\\\/2008\\\/03\\\/sany0293.thumbnail.JPG\",\"keywords\":[\"Leuchtturm\",\"Palm-Mar\",\"Strandflieder\",\"Teneriffa\",\"Wandern\"],\"articleSection\":[\"Arona\",\"Wanderungen\"],\"inLanguage\":\"de\",\"potentialAction\":[{\"@type\":\"CommentAction\",\"name\":\"Comment\",\"target\":[\"https:\\\/\\\/www.mundi-roth.de\\\/teneriffa-blog\\\/wanderungen\\\/pal-mar-%e2%80%93-punta-de-rasca\\\/#respond\"]}]},{\"@type\":\"WebPage\",\"@id\":\"https:\\\/\\\/www.mundi-roth.de\\\/teneriffa-blog\\\/wanderungen\\\/pal-mar-%e2%80%93-punta-de-rasca\\\/\",\"url\":\"https:\\\/\\\/www.mundi-roth.de\\\/teneriffa-blog\\\/wanderungen\\\/pal-mar-%e2%80%93-punta-de-rasca\\\/\",\"name\":\"Palm-Mar \u2013 Punta de Rasca - Teneriffa Wandern\",\"isPartOf\":{\"@id\":\"https:\\\/\\\/www.mundi-roth.de\\\/teneriffa-blog\\\/#website\"},\"primaryImageOfPage\":{\"@id\":\"https:\\\/\\\/www.mundi-roth.de\\\/teneriffa-blog\\\/wanderungen\\\/pal-mar-%e2%80%93-punta-de-rasca\\\/#primaryimage\"},\"image\":{\"@id\":\"https:\\\/\\\/www.mundi-roth.de\\\/teneriffa-blog\\\/wanderungen\\\/pal-mar-%e2%80%93-punta-de-rasca\\\/#primaryimage\"},\"thumbnailUrl\":\"http:\\\/\\\/www.mundi-roth.de\\\/teneriffa-blog\\\/wp-content\\\/uploads\\\/2008\\\/03\\\/sany0293.thumbnail.JPG\",\"datePublished\":\"2008-03-25T19:32:28+00:00\",\"dateModified\":\"2015-04-12T10:48:30+00:00\",\"author\":{\"@id\":\"https:\\\/\\\/www.mundi-roth.de\\\/teneriffa-blog\\\/#\\\/schema\\\/person\\\/3afd0d251449790d15367c9aa52d203d\"},\"breadcrumb\":{\"@id\":\"https:\\\/\\\/www.mundi-roth.de\\\/teneriffa-blog\\\/wanderungen\\\/pal-mar-%e2%80%93-punta-de-rasca\\\/#breadcrumb\"},\"inLanguage\":\"de\",\"potentialAction\":[{\"@type\":\"ReadAction\",\"target\":[\"https:\\\/\\\/www.mundi-roth.de\\\/teneriffa-blog\\\/wanderungen\\\/pal-mar-%e2%80%93-punta-de-rasca\\\/\"]}]},{\"@type\":\"ImageObject\",\"inLanguage\":\"de\",\"@id\":\"https:\\\/\\\/www.mundi-roth.de\\\/teneriffa-blog\\\/wanderungen\\\/pal-mar-%e2%80%93-punta-de-rasca\\\/#primaryimage\",\"url\":\"http:\\\/\\\/www.mundi-roth.de\\\/teneriffa-blog\\\/wp-content\\\/uploads\\\/2008\\\/03\\\/sany0293.thumbnail.JPG\",\"contentUrl\":\"http:\\\/\\\/www.mundi-roth.de\\\/teneriffa-blog\\\/wp-content\\\/uploads\\\/2008\\\/03\\\/sany0293.thumbnail.JPG\"},{\"@type\":\"BreadcrumbList\",\"@id\":\"https:\\\/\\\/www.mundi-roth.de\\\/teneriffa-blog\\\/wanderungen\\\/pal-mar-%e2%80%93-punta-de-rasca\\\/#breadcrumb\",\"itemListElement\":[{\"@type\":\"ListItem\",\"position\":1,\"name\":\"Startseite\",\"item\":\"https:\\\/\\\/www.mundi-roth.de\\\/teneriffa-blog\\\/\"},{\"@type\":\"ListItem\",\"position\":2,\"name\":\"Palm-Mar \u2013 Punta de Rasca\"}]},{\"@type\":\"WebSite\",\"@id\":\"https:\\\/\\\/www.mundi-roth.de\\\/teneriffa-blog\\\/#website\",\"url\":\"https:\\\/\\\/www.mundi-roth.de\\\/teneriffa-blog\\\/\",\"name\":\"Teneriffa Wandern\",\"description\":\"Nicht nur Wanderungen auf Teneriffa...\",\"potentialAction\":[{\"@type\":\"SearchAction\",\"target\":{\"@type\":\"EntryPoint\",\"urlTemplate\":\"https:\\\/\\\/www.mundi-roth.de\\\/teneriffa-blog\\\/?s={search_term_string}\"},\"query-input\":{\"@type\":\"PropertyValueSpecification\",\"valueRequired\":true,\"valueName\":\"search_term_string\"}}],\"inLanguage\":\"de\"},{\"@type\":\"Person\",\"@id\":\"https:\\\/\\\/www.mundi-roth.de\\\/teneriffa-blog\\\/#\\\/schema\\\/person\\\/3afd0d251449790d15367c9aa52d203d\",\"name\":\"ir\",\"image\":{\"@type\":\"ImageObject\",\"inLanguage\":\"de\",\"@id\":\"https:\\\/\\\/secure.gravatar.com\\\/avatar\\\/e67b41513c921c2bb58363f44c8a00a447c9a2526ad8ff71b5b6257e5f7f5c66?s=96&d=mm&r=g\",\"url\":\"https:\\\/\\\/secure.gravatar.com\\\/avatar\\\/e67b41513c921c2bb58363f44c8a00a447c9a2526ad8ff71b5b6257e5f7f5c66?s=96&d=mm&r=g\",\"contentUrl\":\"https:\\\/\\\/secure.gravatar.com\\\/avatar\\\/e67b41513c921c2bb58363f44c8a00a447c9a2526ad8ff71b5b6257e5f7f5c66?s=96&d=mm&r=g\",\"caption\":\"ir\"},\"sameAs\":[\"http:\\\/\\\/www.mundi-roth.de\"],\"url\":\"https:\\\/\\\/www.mundi-roth.de\\\/teneriffa-blog\\\/author\\\/ir\\\/\"}]}<\/script>\n<!-- \/ Yoast SEO plugin. -->","yoast_head_json":{"title":"Palm-Mar \u2013 Punta de Rasca - Teneriffa Wandern","robots":{"index":"index","follow":"follow","max-snippet":"max-snippet:-1","max-image-preview":"max-image-preview:large","max-video-preview":"max-video-preview:-1"},"canonical":"https:\/\/www.mundi-roth.de\/teneriffa-blog\/wanderungen\/pal-mar-\u2013-punta-de-rasca\/","twitter_misc":{"Verfasst von":"ir","Gesch\u00e4tzte Lesezeit":"4\u00a0Minuten"},"schema":{"@context":"https:\/\/schema.org","@graph":[{"@type":"Article","@id":"https:\/\/www.mundi-roth.de\/teneriffa-blog\/wanderungen\/pal-mar-%e2%80%93-punta-de-rasca\/#article","isPartOf":{"@id":"https:\/\/www.mundi-roth.de\/teneriffa-blog\/wanderungen\/pal-mar-%e2%80%93-punta-de-rasca\/"},"author":{"name":"ir","@id":"https:\/\/www.mundi-roth.de\/teneriffa-blog\/#\/schema\/person\/3afd0d251449790d15367c9aa52d203d"},"headline":"Palm-Mar \u2013 Punta de Rasca","datePublished":"2008-03-25T19:32:28+00:00","dateModified":"2015-04-12T10:48:30+00:00","mainEntityOfPage":{"@id":"https:\/\/www.mundi-roth.de\/teneriffa-blog\/wanderungen\/pal-mar-%e2%80%93-punta-de-rasca\/"},"wordCount":721,"commentCount":0,"image":{"@id":"https:\/\/www.mundi-roth.de\/teneriffa-blog\/wanderungen\/pal-mar-%e2%80%93-punta-de-rasca\/#primaryimage"},"thumbnailUrl":"http:\/\/www.mundi-roth.de\/teneriffa-blog\/wp-content\/uploads\/2008\/03\/sany0293.thumbnail.JPG","keywords":["Leuchtturm","Palm-Mar","Strandflieder","Teneriffa","Wandern"],"articleSection":["Arona","Wanderungen"],"inLanguage":"de","potentialAction":[{"@type":"CommentAction","name":"Comment","target":["https:\/\/www.mundi-roth.de\/teneriffa-blog\/wanderungen\/pal-mar-%e2%80%93-punta-de-rasca\/#respond"]}]},{"@type":"WebPage","@id":"https:\/\/www.mundi-roth.de\/teneriffa-blog\/wanderungen\/pal-mar-%e2%80%93-punta-de-rasca\/","url":"https:\/\/www.mundi-roth.de\/teneriffa-blog\/wanderungen\/pal-mar-%e2%80%93-punta-de-rasca\/","name":"Palm-Mar \u2013 Punta de Rasca - Teneriffa Wandern","isPartOf":{"@id":"https:\/\/www.mundi-roth.de\/teneriffa-blog\/#website"},"primaryImageOfPage":{"@id":"https:\/\/www.mundi-roth.de\/teneriffa-blog\/wanderungen\/pal-mar-%e2%80%93-punta-de-rasca\/#primaryimage"},"image":{"@id":"https:\/\/www.mundi-roth.de\/teneriffa-blog\/wanderungen\/pal-mar-%e2%80%93-punta-de-rasca\/#primaryimage"},"thumbnailUrl":"http:\/\/www.mundi-roth.de\/teneriffa-blog\/wp-content\/uploads\/2008\/03\/sany0293.thumbnail.JPG","datePublished":"2008-03-25T19:32:28+00:00","dateModified":"2015-04-12T10:48:30+00:00","author":{"@id":"https:\/\/www.mundi-roth.de\/teneriffa-blog\/#\/schema\/person\/3afd0d251449790d15367c9aa52d203d"},"breadcrumb":{"@id":"https:\/\/www.mundi-roth.de\/teneriffa-blog\/wanderungen\/pal-mar-%e2%80%93-punta-de-rasca\/#breadcrumb"},"inLanguage":"de","potentialAction":[{"@type":"ReadAction","target":["https:\/\/www.mundi-roth.de\/teneriffa-blog\/wanderungen\/pal-mar-%e2%80%93-punta-de-rasca\/"]}]},{"@type":"ImageObject","inLanguage":"de","@id":"https:\/\/www.mundi-roth.de\/teneriffa-blog\/wanderungen\/pal-mar-%e2%80%93-punta-de-rasca\/#primaryimage","url":"http:\/\/www.mundi-roth.de\/teneriffa-blog\/wp-content\/uploads\/2008\/03\/sany0293.thumbnail.JPG","contentUrl":"http:\/\/www.mundi-roth.de\/teneriffa-blog\/wp-content\/uploads\/2008\/03\/sany0293.thumbnail.JPG"},{"@type":"BreadcrumbList","@id":"https:\/\/www.mundi-roth.de\/teneriffa-blog\/wanderungen\/pal-mar-%e2%80%93-punta-de-rasca\/#breadcrumb","itemListElement":[{"@type":"ListItem","position":1,"name":"Startseite","item":"https:\/\/www.mundi-roth.de\/teneriffa-blog\/"},{"@type":"ListItem","position":2,"name":"Palm-Mar \u2013 Punta de Rasca"}]},{"@type":"WebSite","@id":"https:\/\/www.mundi-roth.de\/teneriffa-blog\/#website","url":"https:\/\/www.mundi-roth.de\/teneriffa-blog\/","name":"Teneriffa Wandern","description":"Nicht nur Wanderungen auf Teneriffa...","potentialAction":[{"@type":"SearchAction","target":{"@type":"EntryPoint","urlTemplate":"https:\/\/www.mundi-roth.de\/teneriffa-blog\/?s={search_term_string}"},"query-input":{"@type":"PropertyValueSpecification","valueRequired":true,"valueName":"search_term_string"}}],"inLanguage":"de"},{"@type":"Person","@id":"https:\/\/www.mundi-roth.de\/teneriffa-blog\/#\/schema\/person\/3afd0d251449790d15367c9aa52d203d","name":"ir","image":{"@type":"ImageObject","inLanguage":"de","@id":"https:\/\/secure.gravatar.com\/avatar\/e67b41513c921c2bb58363f44c8a00a447c9a2526ad8ff71b5b6257e5f7f5c66?s=96&d=mm&r=g","url":"https:\/\/secure.gravatar.com\/avatar\/e67b41513c921c2bb58363f44c8a00a447c9a2526ad8ff71b5b6257e5f7f5c66?s=96&d=mm&r=g","contentUrl":"https:\/\/secure.gravatar.com\/avatar\/e67b41513c921c2bb58363f44c8a00a447c9a2526ad8ff71b5b6257e5f7f5c66?s=96&d=mm&r=g","caption":"ir"},"sameAs":["http:\/\/www.mundi-roth.de"],"url":"https:\/\/www.mundi-roth.de\/teneriffa-blog\/author\/ir\/"}]}},"_links":{"self":[{"href":"https:\/\/www.mundi-roth.de\/teneriffa-blog\/wp-json\/wp\/v2\/posts\/274","targetHints":{"allow":["GET"]}}],"collection":[{"href":"https:\/\/www.mundi-roth.de\/teneriffa-blog\/wp-json\/wp\/v2\/posts"}],"about":[{"href":"https:\/\/www.mundi-roth.de\/teneriffa-blog\/wp-json\/wp\/v2\/types\/post"}],"author":[{"embeddable":true,"href":"https:\/\/www.mundi-roth.de\/teneriffa-blog\/wp-json\/wp\/v2\/users\/3"}],"replies":[{"embeddable":true,"href":"https:\/\/www.mundi-roth.de\/teneriffa-blog\/wp-json\/wp\/v2\/comments?post=274"}],"version-history":[{"count":0,"href":"https:\/\/www.mundi-roth.de\/teneriffa-blog\/wp-json\/wp\/v2\/posts\/274\/revisions"}],"wp:attachment":[{"href":"https:\/\/www.mundi-roth.de\/teneriffa-blog\/wp-json\/wp\/v2\/media?parent=274"}],"wp:term":[{"taxonomy":"category","embeddable":true,"href":"https:\/\/www.mundi-roth.de\/teneriffa-blog\/wp-json\/wp\/v2\/categories?post=274"},{"taxonomy":"post_tag","embeddable":true,"href":"https:\/\/www.mundi-roth.de\/teneriffa-blog\/wp-json\/wp\/v2\/tags?post=274"}],"curies":[{"name":"wp","href":"https:\/\/api.w.org\/{rel}","templated":true}]}}