{"id":2798,"date":"2013-12-10T22:00:43","date_gmt":"2013-12-10T21:00:43","guid":{"rendered":"http:\/\/www.mundi-roth.de\/teneriffa-blog\/?p=2798"},"modified":"2016-05-27T10:25:44","modified_gmt":"2016-05-27T09:25:44","slug":"ruta-del-agua","status":"publish","type":"post","link":"https:\/\/www.mundi-roth.de\/teneriffa-blog\/allgemein\/ruta-del-agua\/","title":{"rendered":"Ruta del Agua  &#8211;  Erjos &#8211; El Tanque"},"content":{"rendered":"<p>Nach einer l\u00e4ngeren Zwangspause haben wir uns zum \u201eEinlaufen\u201c den Rundweg von Erjos \u00fcber San Jos\u00e9 de Los Llanos \u00fcber Ruig\u00f3mez wieder nach Erjos ausgesucht.<\/p>\n<p>Die Tour sahen wir bei unserer letzten Wanderung zu dem Wasserfall in <a href=\"http:\/\/www.mundi-roth.de\/teneriffa-blog\/allgemein\/ruta-del-agua\/\">Tierra del Trigo<\/a> an der Bushaltestelle in Erjos ausgeschildert.<\/p>\n<p>Aber: erstens kommt es anders, zweitens als man denkt.<\/p>\n<div id=\"attachment_2841\" style=\"width: 160px\" class=\"wp-caption alignright\"><a href=\"http:\/\/www.mundi-roth.de\/teneriffa-blog\/wp-content\/uploads\/2013\/12\/Track.jpg\" rel=\"lightbox[2798]\"><img loading=\"lazy\" decoding=\"async\" aria-describedby=\"caption-attachment-2841\" class=\"size-thumbnail wp-image-2841\" src=\"http:\/\/www.mundi-roth.de\/teneriffa-blog\/wp-content\/uploads\/2013\/12\/Track-150x144.jpg\" alt=\"Die Strecke\" width=\"150\" height=\"144\" srcset=\"https:\/\/www.mundi-roth.de\/teneriffa-blog\/wp-content\/uploads\/2013\/12\/Track-150x144.jpg 150w, https:\/\/www.mundi-roth.de\/teneriffa-blog\/wp-content\/uploads\/2013\/12\/Track-300x288.jpg 300w, https:\/\/www.mundi-roth.de\/teneriffa-blog\/wp-content\/uploads\/2013\/12\/Track.jpg 358w\" sizes=\"auto, (max-width: 150px) 100vw, 150px\" \/><\/a><p id=\"caption-attachment-2841\" class=\"wp-caption-text\">Die Strecke<\/p><\/div>\n<p><strong>Wanderwegstrecke:<\/strong> Erjos \u2013 Los Llanos \u2013 Ruig\u00f3mez \u2013 El Tanque &#8211; ca. 11km<\/p>\n<div id=\"attachment_2842\" style=\"width: 160px\" class=\"wp-caption alignleft\"><a href=\"http:\/\/www.mundi-roth.de\/teneriffa-blog\/wp-content\/uploads\/2013\/12\/H\u00f6henprofil.jpg\" rel=\"lightbox[2798]\"><img loading=\"lazy\" decoding=\"async\" aria-describedby=\"caption-attachment-2842\" class=\"size-thumbnail wp-image-2842\" src=\"http:\/\/www.mundi-roth.de\/teneriffa-blog\/wp-content\/uploads\/2013\/12\/H\u00f6henprofil-150x80.jpg\" alt=\"H\u00fchenprofil\" width=\"150\" height=\"80\" srcset=\"https:\/\/www.mundi-roth.de\/teneriffa-blog\/wp-content\/uploads\/2013\/12\/H\u00f6henprofil-150x80.jpg 150w, https:\/\/www.mundi-roth.de\/teneriffa-blog\/wp-content\/uploads\/2013\/12\/H\u00f6henprofil-300x160.jpg 300w, https:\/\/www.mundi-roth.de\/teneriffa-blog\/wp-content\/uploads\/2013\/12\/H\u00f6henprofil.jpg 599w\" sizes=\"auto, (max-width: 150px) 100vw, 150px\" \/><\/a><p id=\"caption-attachment-2842\" class=\"wp-caption-text\">H\u00f6henprofil<\/p><\/div>\n<p>3 Stunden 15 Minuten \u2013 ohne Apfelpause<\/p>\n<p>Mit dem Bus 460 fuhren wir um 9:35 Uhr vom Busbahnhof\u00a0 Costa Adeje los und waren um 10:40 Uhr in Erjos.<\/p>\n<p>Ein mitfahrender Canario erkl\u00e4rte uns, gleich die Stra\u00dfe neben dem Bush\u00e4uschen nehmen und dann immer geradeaus.<\/p>\n<p>Wir folgten jedoch dem ausgeschilderten Weg wenige Meter unterhalb der Bushaltestelle: PR TF 51 San Jos\u00e9 de los Llanos 4,1 km um dann festzustellen,<\/p>\n<p>dass die beiden Stra\u00dfen kurz darauf ineinander \u00fcbergehen.<\/p>\n<div id=\"attachment_2843\" style=\"width: 122px\" class=\"wp-caption alignright\"><a href=\"http:\/\/www.mundi-roth.de\/teneriffa-blog\/wp-content\/uploads\/2013\/12\/P1120731.jpg\" rel=\"lightbox[2798]\"><img loading=\"lazy\" decoding=\"async\" aria-describedby=\"caption-attachment-2843\" class=\"size-thumbnail wp-image-2843\" src=\"http:\/\/www.mundi-roth.de\/teneriffa-blog\/wp-content\/uploads\/2013\/12\/P1120731-112x150.jpg\" alt=\"Es geht wieder los\" width=\"112\" height=\"150\" srcset=\"https:\/\/www.mundi-roth.de\/teneriffa-blog\/wp-content\/uploads\/2013\/12\/P1120731-112x150.jpg 112w, https:\/\/www.mundi-roth.de\/teneriffa-blog\/wp-content\/uploads\/2013\/12\/P1120731-225x300.jpg 225w, https:\/\/www.mundi-roth.de\/teneriffa-blog\/wp-content\/uploads\/2013\/12\/P1120731.jpg 600w\" sizes=\"auto, (max-width: 112px) 100vw, 112px\" \/><\/a><p id=\"caption-attachment-2843\" class=\"wp-caption-text\">Es geht wieder los<\/p><\/div>\n<p>Die Markierung f\u00fcr diese Wanderung ist weiss-gelb.<\/p>\n<div id=\"attachment_2802\" style=\"width: 160px\" class=\"wp-caption alignleft\"><a href=\"http:\/\/www.mundi-roth.de\/teneriffa-blog\/wp-content\/uploads\/2013\/12\/P1120734.jpg\" rel=\"lightbox[2798]\"><img loading=\"lazy\" decoding=\"async\" aria-describedby=\"caption-attachment-2802\" class=\"size-thumbnail wp-image-2802\" src=\"http:\/\/www.mundi-roth.de\/teneriffa-blog\/wp-content\/uploads\/2013\/12\/P1120734-150x112.jpg\" alt=\"Klarer Hinweis\" width=\"150\" height=\"112\" srcset=\"https:\/\/www.mundi-roth.de\/teneriffa-blog\/wp-content\/uploads\/2013\/12\/P1120734-150x112.jpg 150w, https:\/\/www.mundi-roth.de\/teneriffa-blog\/wp-content\/uploads\/2013\/12\/P1120734-300x225.jpg 300w, https:\/\/www.mundi-roth.de\/teneriffa-blog\/wp-content\/uploads\/2013\/12\/P1120734.jpg 800w\" sizes=\"auto, (max-width: 150px) 100vw, 150px\" \/><\/a><p id=\"caption-attachment-2802\" class=\"wp-caption-text\">Klarer Hinweis<\/p><\/div>\n<p>Den Wegeverlauf nach San Jos\u00e9 de los Llanos brauche ich nicht detailliert zu beschreiben, da er bis zur TF 373 sehr gut ausgeschildert ist.<\/p>\n<p>Nach 10 Minuten Gehzeit k\u00f6nnen wir die Asphaltstra\u00dfe verlassen und gehen nun \u2013 ganz<\/p>\n<div id=\"attachment_2803\" style=\"width: 160px\" class=\"wp-caption alignright\"><a href=\"http:\/\/www.mundi-roth.de\/teneriffa-blog\/wp-content\/uploads\/2013\/12\/P1120736.jpg\" rel=\"lightbox[2798]\"><img loading=\"lazy\" decoding=\"async\" aria-describedby=\"caption-attachment-2803\" class=\"size-thumbnail wp-image-2803\" src=\"http:\/\/www.mundi-roth.de\/teneriffa-blog\/wp-content\/uploads\/2013\/12\/P1120736-150x112.jpg\" alt=\"Ungew\u00f6hnlicher Pfad\" width=\"150\" height=\"112\" srcset=\"https:\/\/www.mundi-roth.de\/teneriffa-blog\/wp-content\/uploads\/2013\/12\/P1120736-150x112.jpg 150w, https:\/\/www.mundi-roth.de\/teneriffa-blog\/wp-content\/uploads\/2013\/12\/P1120736-300x225.jpg 300w, https:\/\/www.mundi-roth.de\/teneriffa-blog\/wp-content\/uploads\/2013\/12\/P1120736.jpg 800w\" sizes=\"auto, (max-width: 150px) 100vw, 150px\" \/><\/a><p id=\"caption-attachment-2803\" class=\"wp-caption-text\">Ungew\u00f6hnlicher Pfad<\/p><\/div>\n<p>ungew\u00f6hnlich auf der Insel \u2013 \u00fcber einen hellgr\u00fcnen Graspfad, der sofort leicht ansteigt.<\/p>\n<p>Vorbei an Erikab\u00fcschen, vielen Zistrosenstr\u00e4uchern und gelbbl\u00fchendem Stechginster geht es stets sanft bergauf.<\/p>\n<div id=\"attachment_2804\" style=\"width: 122px\" class=\"wp-caption alignleft\"><a href=\"http:\/\/www.mundi-roth.de\/teneriffa-blog\/wp-content\/uploads\/2013\/12\/P1120743.jpg\" rel=\"lightbox[2798]\"><img loading=\"lazy\" decoding=\"async\" aria-describedby=\"caption-attachment-2804\" class=\"size-thumbnail wp-image-2804\" src=\"http:\/\/www.mundi-roth.de\/teneriffa-blog\/wp-content\/uploads\/2013\/12\/P1120743-112x150.jpg\" alt=\"Recht uneben\" width=\"112\" height=\"150\" srcset=\"https:\/\/www.mundi-roth.de\/teneriffa-blog\/wp-content\/uploads\/2013\/12\/P1120743-112x150.jpg 112w, https:\/\/www.mundi-roth.de\/teneriffa-blog\/wp-content\/uploads\/2013\/12\/P1120743-225x300.jpg 225w, https:\/\/www.mundi-roth.de\/teneriffa-blog\/wp-content\/uploads\/2013\/12\/P1120743.jpg 600w\" sizes=\"auto, (max-width: 112px) 100vw, 112px\" \/><\/a><p id=\"caption-attachment-2804\" class=\"wp-caption-text\">Recht uneben<\/p><\/div>\n<p>Die Bodenbeschaffenheit wechselt zu Fels und der Blick weit zur\u00fcck geht zur Monta\u00f1a Gala und nach Erjos mit den noch immer als Mahnmal an den schlimmen Brand (von 2012 ??)<\/p>\n<div id=\"attachment_2806\" style=\"width: 160px\" class=\"wp-caption alignright\"><a href=\"http:\/\/www.mundi-roth.de\/teneriffa-blog\/wp-content\/uploads\/2013\/12\/P1120742.jpg\" rel=\"lightbox[2798]\"><img loading=\"lazy\" decoding=\"async\" aria-describedby=\"caption-attachment-2806\" class=\"size-thumbnail wp-image-2806\" src=\"http:\/\/www.mundi-roth.de\/teneriffa-blog\/wp-content\/uploads\/2013\/12\/P1120742-150x112.jpg\" alt=\"Blick zur\u00fcck\" width=\"150\" height=\"112\" srcset=\"https:\/\/www.mundi-roth.de\/teneriffa-blog\/wp-content\/uploads\/2013\/12\/P1120742-150x112.jpg 150w, https:\/\/www.mundi-roth.de\/teneriffa-blog\/wp-content\/uploads\/2013\/12\/P1120742-300x225.jpg 300w, https:\/\/www.mundi-roth.de\/teneriffa-blog\/wp-content\/uploads\/2013\/12\/P1120742.jpg 800w\" sizes=\"auto, (max-width: 150px) 100vw, 150px\" \/><\/a><p id=\"caption-attachment-2806\" class=\"wp-caption-text\">Blick zur\u00fcck<\/p><\/div>\n<p>erinnernden schwarz-verbrannten S\u00e4ulen der Kiefern.<\/p>\n<p>Ein sch\u00f6nes Wolkenspiel<\/p>\n<div id=\"attachment_2807\" style=\"width: 160px\" class=\"wp-caption alignleft\"><a href=\"http:\/\/www.mundi-roth.de\/teneriffa-blog\/wp-content\/uploads\/2013\/12\/P1120747.jpg\" rel=\"lightbox[2798]\"><img loading=\"lazy\" decoding=\"async\" aria-describedby=\"caption-attachment-2807\" class=\"size-thumbnail wp-image-2807\" src=\"http:\/\/www.mundi-roth.de\/teneriffa-blog\/wp-content\/uploads\/2013\/12\/P1120747-150x112.jpg\" alt=\"Wolkendrama\" width=\"150\" height=\"112\" srcset=\"https:\/\/www.mundi-roth.de\/teneriffa-blog\/wp-content\/uploads\/2013\/12\/P1120747-150x112.jpg 150w, https:\/\/www.mundi-roth.de\/teneriffa-blog\/wp-content\/uploads\/2013\/12\/P1120747-300x225.jpg 300w, https:\/\/www.mundi-roth.de\/teneriffa-blog\/wp-content\/uploads\/2013\/12\/P1120747.jpg 800w\" sizes=\"auto, (max-width: 150px) 100vw, 150px\" \/><\/a><p id=\"caption-attachment-2807\" class=\"wp-caption-text\">Wolkendrama<\/p><\/div>\n<p>fesselt unsere Blick noch zus\u00e4tzlich.<\/p>\n<p>Nach knapp 1,5 Stunden Aufstieg gelangen wir an ein sch\u00f6nes<\/p>\n<div id=\"attachment_2808\" style=\"width: 160px\" class=\"wp-caption alignright\"><a href=\"http:\/\/www.mundi-roth.de\/teneriffa-blog\/wp-content\/uploads\/2013\/12\/P1120748.jpg\" rel=\"lightbox[2798]\"><img loading=\"lazy\" decoding=\"async\" aria-describedby=\"caption-attachment-2808\" class=\"size-thumbnail wp-image-2808\" src=\"http:\/\/www.mundi-roth.de\/teneriffa-blog\/wp-content\/uploads\/2013\/12\/P1120748-150x112.jpg\" alt=\"Dreschplatz\" width=\"150\" height=\"112\" srcset=\"https:\/\/www.mundi-roth.de\/teneriffa-blog\/wp-content\/uploads\/2013\/12\/P1120748-150x112.jpg 150w, https:\/\/www.mundi-roth.de\/teneriffa-blog\/wp-content\/uploads\/2013\/12\/P1120748-300x225.jpg 300w, https:\/\/www.mundi-roth.de\/teneriffa-blog\/wp-content\/uploads\/2013\/12\/P1120748.jpg 800w\" sizes=\"auto, (max-width: 150px) 100vw, 150px\" \/><\/a><p id=\"caption-attachment-2808\" class=\"wp-caption-text\">Dreschplatz<\/p><\/div>\n<p>Anwesen mit einem gut erhaltenen und gepflegten Dreschplatz.<\/p>\n<div id=\"attachment_2845\" style=\"width: 122px\" class=\"wp-caption alignleft\"><a href=\"http:\/\/www.mundi-roth.de\/teneriffa-blog\/wp-content\/uploads\/2013\/12\/P1120751.jpg\" rel=\"lightbox[2798]\"><img loading=\"lazy\" decoding=\"async\" aria-describedby=\"caption-attachment-2845\" class=\"size-thumbnail wp-image-2845\" src=\"http:\/\/www.mundi-roth.de\/teneriffa-blog\/wp-content\/uploads\/2013\/12\/P1120751-112x150.jpg\" alt=\"Pino-Loro\" width=\"112\" height=\"150\" srcset=\"https:\/\/www.mundi-roth.de\/teneriffa-blog\/wp-content\/uploads\/2013\/12\/P1120751-112x150.jpg 112w, https:\/\/www.mundi-roth.de\/teneriffa-blog\/wp-content\/uploads\/2013\/12\/P1120751-225x300.jpg 225w, https:\/\/www.mundi-roth.de\/teneriffa-blog\/wp-content\/uploads\/2013\/12\/P1120751.jpg 600w\" sizes=\"auto, (max-width: 112px) 100vw, 112px\" \/><\/a><p id=\"caption-attachment-2845\" class=\"wp-caption-text\">Pino-Loro<\/p><\/div>\n<p>Nur noch wenige Meter und wir sehen bereits den \u201egro\u00dfen Baum\u201c von dem wir fr\u00fcher des \u00f6fteren Wanderungen starteten.<\/p>\n<p>Auf der <a href=\"http:\/\/franciscofarina.blogspot.com.es\/2009\/12\/pr-tf-51-i-san-jose-de-los-llanos-erjos.html\">web-Seite von Francisco Fari\u00f1<\/a>a fand ich den Hinweis, dass sich um diesen \u201egro\u00dfen Baum\u201c eine kanarische Kiefer, die im Volksmund Pino-Loro genannt wird, eine Legende rankt: in ihrem Gipfel soll ein Lorbeerbaum gewachsen sein, ein \u201eLaurel o Loro (Laurus azorica = Azoren oder Kanaren-Lorbeer)<\/p>\n<p>Wir queren die TF 373 um in den Forstweg einzubiegen.<\/p>\n<p>Die Kennzeichnung sagt uns noch 2,4 km bis nach San Jos\u00e9 de los Llanos.<\/p>\n<p>Rechts lassen wir das <em>Hotel und Restaurant rural<\/em> liegen, den Teide haben wir vor uns, jedoch sein schneebedecktes Haupt ist hinter einer tiefh\u00e4ngenden Wolkenschicht versteckt.<\/p>\n<div id=\"attachment_2809\" style=\"width: 160px\" class=\"wp-caption alignleft\"><a href=\"http:\/\/www.mundi-roth.de\/teneriffa-blog\/wp-content\/uploads\/2013\/12\/P1120755.jpg\" rel=\"lightbox[2798]\"><img loading=\"lazy\" decoding=\"async\" aria-describedby=\"caption-attachment-2809\" class=\"size-thumbnail wp-image-2809\" src=\"http:\/\/www.mundi-roth.de\/teneriffa-blog\/wp-content\/uploads\/2013\/12\/P1120755-150x112.jpg\" alt=\"Dichter Kiefernwald\" width=\"150\" height=\"112\" srcset=\"https:\/\/www.mundi-roth.de\/teneriffa-blog\/wp-content\/uploads\/2013\/12\/P1120755-150x112.jpg 150w, https:\/\/www.mundi-roth.de\/teneriffa-blog\/wp-content\/uploads\/2013\/12\/P1120755-300x225.jpg 300w, https:\/\/www.mundi-roth.de\/teneriffa-blog\/wp-content\/uploads\/2013\/12\/P1120755.jpg 800w\" sizes=\"auto, (max-width: 150px) 100vw, 150px\" \/><\/a><p id=\"caption-attachment-2809\" class=\"wp-caption-text\">Dichter Kiefernwald<\/p><\/div>\n<p>Einige m\u00e4chtige Kiefern ragen in den Himmel und wir wandern an einem Kiefernwald vorbei.<\/p>\n<p>Noch 0,5 km bis San Jos\u00e9 de los Llanos.<\/p>\n<p>Wir erreichen den Ort von einer anderen Seite als<\/p>\n<div id=\"attachment_2810\" style=\"width: 160px\" class=\"wp-caption alignright\"><a href=\"http:\/\/www.mundi-roth.de\/teneriffa-blog\/wp-content\/uploads\/2013\/12\/Collage01.jpg\" rel=\"lightbox[2798]\"><img loading=\"lazy\" decoding=\"async\" aria-describedby=\"caption-attachment-2810\" class=\"size-thumbnail wp-image-2810\" src=\"http:\/\/www.mundi-roth.de\/teneriffa-blog\/wp-content\/uploads\/2013\/12\/Collage01-150x111.jpg\" alt=\"Heute leider geschlossen\" width=\"150\" height=\"111\" srcset=\"https:\/\/www.mundi-roth.de\/teneriffa-blog\/wp-content\/uploads\/2013\/12\/Collage01-150x111.jpg 150w, https:\/\/www.mundi-roth.de\/teneriffa-blog\/wp-content\/uploads\/2013\/12\/Collage01-300x223.jpg 300w, https:\/\/www.mundi-roth.de\/teneriffa-blog\/wp-content\/uploads\/2013\/12\/Collage01.jpg 641w\" sizes=\"auto, (max-width: 150px) 100vw, 150px\" \/><\/a><p id=\"caption-attachment-2810\" class=\"wp-caption-text\">Heute leider geschlossen<\/p><\/div>\n<p>wir sonst gewandert sind und gelangen zu dem kleinen Restaurant \u201eEl Risco\u201c, das von einem Schweizer gef\u00fchrt wird, nur leider heute ist es geschlossen.<\/p>\n<div id=\"attachment_2811\" style=\"width: 160px\" class=\"wp-caption alignleft\"><a href=\"http:\/\/www.mundi-roth.de\/teneriffa-blog\/wp-content\/uploads\/2013\/12\/P1120762.jpg\" rel=\"lightbox[2798]\"><img loading=\"lazy\" decoding=\"async\" aria-describedby=\"caption-attachment-2811\" class=\"size-thumbnail wp-image-2811\" src=\"http:\/\/www.mundi-roth.de\/teneriffa-blog\/wp-content\/uploads\/2013\/12\/P1120762-150x112.jpg\" alt=\"\u00dcberraschung\" width=\"150\" height=\"112\" srcset=\"https:\/\/www.mundi-roth.de\/teneriffa-blog\/wp-content\/uploads\/2013\/12\/P1120762-150x112.jpg 150w, https:\/\/www.mundi-roth.de\/teneriffa-blog\/wp-content\/uploads\/2013\/12\/P1120762-300x225.jpg 300w, https:\/\/www.mundi-roth.de\/teneriffa-blog\/wp-content\/uploads\/2013\/12\/P1120762.jpg 800w\" sizes=\"auto, (max-width: 150px) 100vw, 150px\" \/><\/a><p id=\"caption-attachment-2811\" class=\"wp-caption-text\">\u00dcberraschung<\/p><\/div>\n<p>\u00dcberraschung am Wegesrand: Eine Edeltanne, Nordland? Und das auf Teneriffa!<\/p>\n<p>Nun geht es auf der Asphaltstra\u00dfe runter in den<\/p>\n<div id=\"attachment_2812\" style=\"width: 160px\" class=\"wp-caption alignright\"><a href=\"http:\/\/www.mundi-roth.de\/teneriffa-blog\/wp-content\/uploads\/2013\/12\/P1120766.jpg\" rel=\"lightbox[2798]\"><img loading=\"lazy\" decoding=\"async\" aria-describedby=\"caption-attachment-2812\" class=\"size-thumbnail wp-image-2812\" src=\"http:\/\/www.mundi-roth.de\/teneriffa-blog\/wp-content\/uploads\/2013\/12\/P1120766-150x112.jpg\" alt=\"Los Llanos\" width=\"150\" height=\"112\" srcset=\"https:\/\/www.mundi-roth.de\/teneriffa-blog\/wp-content\/uploads\/2013\/12\/P1120766-150x112.jpg 150w, https:\/\/www.mundi-roth.de\/teneriffa-blog\/wp-content\/uploads\/2013\/12\/P1120766-300x225.jpg 300w, https:\/\/www.mundi-roth.de\/teneriffa-blog\/wp-content\/uploads\/2013\/12\/P1120766.jpg 800w\" sizes=\"auto, (max-width: 150px) 100vw, 150px\" \/><\/a><p id=\"caption-attachment-2812\" class=\"wp-caption-text\">Los Llanos<\/p><\/div>\n<p>Ort mit sch\u00f6nem Blick bereits auf&#8217;s Meer.<\/p>\n<p>Einfach nur der Ausschilderung folgen und die Winkel an den Markierungen beachten, die das Abbiegen anzeigen.<\/p>\n<p>Zehn Minuten vor 12 Uhr sind wir am Kirchplatz und von da an ist es vorbei mit der Ausschilderung.<\/p>\n<p>Ein Einheimischer erkl\u00e4rt uns den Weg nach Erjos \u00fcber Ruig\u00f3mez und wir wandern \u2013 vor der Kirche stehend \u2013 links die TF 373 f\u00fcnf Minuten hoch bis zum rechts abzweigenden Wanderweg \u201eSL TF 151 Ruig\u00f3mez 1,8 km \u2013 ruta del agua\u201c.<\/p>\n<p>Nach wiederum nur wenigen Metern erreichen wir wieder ein gro\u00dfes Anwesen und hier nun Vorsicht:<\/p>\n<p><em>Die Ausschilderung ist nicht sofort auszumachen. Den Zaun entlang runter und dann links abbiegen.<\/em><\/p>\n<p>Ein Pfahl mit der Plakette \u201eruta del agua\u201c ist die Kennzeichnung und der Weg wird nun bilderbuchm\u00e4\u00dfig.<\/p>\n<p>Erikab\u00fcsche, flechtenbehangen, Lorbeerb\u00e4ume, braune \u201eFarnwiesen\u201c, die ersten kanarischen Glockenblumen, bemooste Steine und \u00c4ste, frisch austreibender Farn, Efeu bewachsene H\u00e4nge, interessante Steinformationen, und und und.<\/p>\n<div id=\"attachment_2813\" style=\"width: 160px\" class=\"wp-caption alignleft\"><a href=\"http:\/\/www.mundi-roth.de\/teneriffa-blog\/wp-content\/uploads\/2013\/12\/P1120779.jpg\" rel=\"lightbox[2798]\"><img loading=\"lazy\" decoding=\"async\" aria-describedby=\"caption-attachment-2813\" class=\"size-thumbnail wp-image-2813\" src=\"http:\/\/www.mundi-roth.de\/teneriffa-blog\/wp-content\/uploads\/2013\/12\/P1120779-150x112.jpg\" alt=\"RUTA DEL AGUA\" width=\"150\" height=\"112\" srcset=\"https:\/\/www.mundi-roth.de\/teneriffa-blog\/wp-content\/uploads\/2013\/12\/P1120779-150x112.jpg 150w, https:\/\/www.mundi-roth.de\/teneriffa-blog\/wp-content\/uploads\/2013\/12\/P1120779-300x225.jpg 300w, https:\/\/www.mundi-roth.de\/teneriffa-blog\/wp-content\/uploads\/2013\/12\/P1120779.jpg 800w\" sizes=\"auto, (max-width: 150px) 100vw, 150px\" \/><\/a><p id=\"caption-attachment-2813\" class=\"wp-caption-text\">RUTA DEL AGUA<\/p><\/div>\n<div id=\"attachment_2814\" style=\"width: 160px\" class=\"wp-caption alignright\"><a href=\"http:\/\/www.mundi-roth.de\/teneriffa-blog\/wp-content\/uploads\/2013\/12\/P1120783.jpg\" rel=\"lightbox[2798]\"><img loading=\"lazy\" decoding=\"async\" aria-describedby=\"caption-attachment-2814\" class=\"size-thumbnail wp-image-2814\" src=\"http:\/\/www.mundi-roth.de\/teneriffa-blog\/wp-content\/uploads\/2013\/12\/P1120783-150x112.jpg\" alt=\"Der Weg\" width=\"150\" height=\"112\" srcset=\"https:\/\/www.mundi-roth.de\/teneriffa-blog\/wp-content\/uploads\/2013\/12\/P1120783-150x112.jpg 150w, https:\/\/www.mundi-roth.de\/teneriffa-blog\/wp-content\/uploads\/2013\/12\/P1120783-300x225.jpg 300w, https:\/\/www.mundi-roth.de\/teneriffa-blog\/wp-content\/uploads\/2013\/12\/P1120783.jpg 800w\" sizes=\"auto, (max-width: 150px) 100vw, 150px\" \/><\/a><p id=\"caption-attachment-2814\" class=\"wp-caption-text\">Der Weg<\/p><\/div>\n<p>&nbsp;<\/p>\n<p>&nbsp;<\/p>\n<p>&nbsp;<\/p>\n<p>&nbsp;<\/p>\n<p>&nbsp;<\/p>\n<div id=\"attachment_2815\" style=\"width: 160px\" class=\"wp-caption alignleft\"><a href=\"http:\/\/www.mundi-roth.de\/teneriffa-blog\/wp-content\/uploads\/2013\/12\/P1120784.jpg\" rel=\"lightbox[2798]\"><img loading=\"lazy\" decoding=\"async\" aria-describedby=\"caption-attachment-2815\" class=\"size-thumbnail wp-image-2815\" src=\"http:\/\/www.mundi-roth.de\/teneriffa-blog\/wp-content\/uploads\/2013\/12\/P1120784-150x112.jpg\" alt=\"Traumstimmung 1\" width=\"150\" height=\"112\" srcset=\"https:\/\/www.mundi-roth.de\/teneriffa-blog\/wp-content\/uploads\/2013\/12\/P1120784-150x112.jpg 150w, https:\/\/www.mundi-roth.de\/teneriffa-blog\/wp-content\/uploads\/2013\/12\/P1120784-300x225.jpg 300w, https:\/\/www.mundi-roth.de\/teneriffa-blog\/wp-content\/uploads\/2013\/12\/P1120784.jpg 800w\" sizes=\"auto, (max-width: 150px) 100vw, 150px\" \/><\/a><p id=\"caption-attachment-2815\" class=\"wp-caption-text\">Traumstimmung 1<\/p><\/div>\n<div id=\"attachment_2816\" style=\"width: 160px\" class=\"wp-caption alignright\"><a href=\"http:\/\/www.mundi-roth.de\/teneriffa-blog\/wp-content\/uploads\/2013\/12\/P1120785.jpg\" rel=\"lightbox[2798]\"><img loading=\"lazy\" decoding=\"async\" aria-describedby=\"caption-attachment-2816\" class=\"size-thumbnail wp-image-2816\" src=\"http:\/\/www.mundi-roth.de\/teneriffa-blog\/wp-content\/uploads\/2013\/12\/P1120785-150x112.jpg\" alt=\"Traumstimmung 2\" width=\"150\" height=\"112\" srcset=\"https:\/\/www.mundi-roth.de\/teneriffa-blog\/wp-content\/uploads\/2013\/12\/P1120785-150x112.jpg 150w, https:\/\/www.mundi-roth.de\/teneriffa-blog\/wp-content\/uploads\/2013\/12\/P1120785-300x225.jpg 300w, https:\/\/www.mundi-roth.de\/teneriffa-blog\/wp-content\/uploads\/2013\/12\/P1120785.jpg 800w\" sizes=\"auto, (max-width: 150px) 100vw, 150px\" \/><\/a><p id=\"caption-attachment-2816\" class=\"wp-caption-text\">Traumstimmung 2<\/p><\/div>\n<div style=\"clear: both;\"><\/div>\n<div id=\"attachment_2817\" style=\"width: 160px\" class=\"wp-caption alignleft\"><a href=\"http:\/\/www.mundi-roth.de\/teneriffa-blog\/wp-content\/uploads\/2013\/12\/P1120792.jpg\" rel=\"lightbox[2798]\"><img loading=\"lazy\" decoding=\"async\" aria-describedby=\"caption-attachment-2817\" class=\"size-thumbnail wp-image-2817\" src=\"http:\/\/www.mundi-roth.de\/teneriffa-blog\/wp-content\/uploads\/2013\/12\/P1120792-150x112.jpg\" alt=\"Nicht f\u00fcr Angsthasen\" width=\"150\" height=\"112\" srcset=\"https:\/\/www.mundi-roth.de\/teneriffa-blog\/wp-content\/uploads\/2013\/12\/P1120792-150x112.jpg 150w, https:\/\/www.mundi-roth.de\/teneriffa-blog\/wp-content\/uploads\/2013\/12\/P1120792-300x225.jpg 300w, https:\/\/www.mundi-roth.de\/teneriffa-blog\/wp-content\/uploads\/2013\/12\/P1120792.jpg 800w\" sizes=\"auto, (max-width: 150px) 100vw, 150px\" \/><\/a><p id=\"caption-attachment-2817\" class=\"wp-caption-text\">Nicht f\u00fcr Angsthasen<\/p><\/div>\n<div id=\"attachment_2818\" style=\"width: 160px\" class=\"wp-caption alignright\"><a href=\"http:\/\/www.mundi-roth.de\/teneriffa-blog\/wp-content\/uploads\/2013\/12\/P1120837.jpg\" rel=\"lightbox[2798]\"><img loading=\"lazy\" decoding=\"async\" aria-describedby=\"caption-attachment-2818\" class=\"size-thumbnail wp-image-2818\" src=\"http:\/\/www.mundi-roth.de\/teneriffa-blog\/wp-content\/uploads\/2013\/12\/P1120837-150x112.jpg\" alt=\"Kanaren-Glockenblume\" width=\"150\" height=\"112\" srcset=\"https:\/\/www.mundi-roth.de\/teneriffa-blog\/wp-content\/uploads\/2013\/12\/P1120837-150x112.jpg 150w, https:\/\/www.mundi-roth.de\/teneriffa-blog\/wp-content\/uploads\/2013\/12\/P1120837-300x225.jpg 300w, https:\/\/www.mundi-roth.de\/teneriffa-blog\/wp-content\/uploads\/2013\/12\/P1120837.jpg 800w\" sizes=\"auto, (max-width: 150px) 100vw, 150px\" \/><\/a><p id=\"caption-attachment-2818\" class=\"wp-caption-text\">Kanaren-Glockenblume<\/p><\/div>\n<p>&nbsp;<\/p>\n<p>&nbsp;<\/p>\n<p>&nbsp;<\/p>\n<p>&nbsp;<\/p>\n<p>&nbsp;<\/p>\n<p>Nach einer knappen halben Stunde Gehzeit erreichen wir die erste <a href=\"http:\/\/www.teneriffaplus.de\/Infos\/Galerias_Teneriffa\/galerias_teneriffa.html\">Galerie<\/a>, den ersten Wasserstollen &#8211;\u00a0 <em>Galeria de la Flora<\/em>.<\/p>\n<p>Das Haus ist leerstehend und die ehemals der Information dienenden Tafeln sind ebenfalls leer.<\/p>\n<div id=\"attachment_2819\" style=\"width: 160px\" class=\"wp-caption alignright\"><a href=\"http:\/\/www.mundi-roth.de\/teneriffa-blog\/wp-content\/uploads\/2013\/12\/P1120797a.jpg\" rel=\"lightbox[2798]\"><img loading=\"lazy\" decoding=\"async\" aria-describedby=\"caption-attachment-2819\" class=\"size-thumbnail wp-image-2819\" src=\"http:\/\/www.mundi-roth.de\/teneriffa-blog\/wp-content\/uploads\/2013\/12\/P1120797a-150x109.jpg\" alt=\"Alte Informationen\" width=\"150\" height=\"109\" srcset=\"https:\/\/www.mundi-roth.de\/teneriffa-blog\/wp-content\/uploads\/2013\/12\/P1120797a-150x109.jpg 150w, https:\/\/www.mundi-roth.de\/teneriffa-blog\/wp-content\/uploads\/2013\/12\/P1120797a-300x218.jpg 300w, https:\/\/www.mundi-roth.de\/teneriffa-blog\/wp-content\/uploads\/2013\/12\/P1120797a.jpg 800w\" sizes=\"auto, (max-width: 150px) 100vw, 150px\" \/><\/a><p id=\"caption-attachment-2819\" class=\"wp-caption-text\">Alte Informationen<\/p><\/div>\n<p>Wir entdecken die Infotafeln jedoch in dem mit Brombeerstr\u00e4uchern umrankten Haus.<\/p>\n<p>Hier war offensichtlich eine Werkstatt zur Ausbildung von Erwachsenen ab 25 Jahren in den Berufen Maurer, Schreiner, Steinhauer und Umwelterziehung.<\/p>\n<p>Alles vorbei!<\/p>\n<p>Noch 1 km bis Ruig\u00f3mez., gr\u00fcn-wei\u00df ist die Markierung.<\/p>\n<div id=\"attachment_2820\" style=\"width: 160px\" class=\"wp-caption alignleft\"><a href=\"http:\/\/www.mundi-roth.de\/teneriffa-blog\/wp-content\/uploads\/2013\/12\/P1120807.jpg\" rel=\"lightbox[2798]\"><img loading=\"lazy\" decoding=\"async\" aria-describedby=\"caption-attachment-2820\" class=\"size-thumbnail wp-image-2820\" src=\"http:\/\/www.mundi-roth.de\/teneriffa-blog\/wp-content\/uploads\/2013\/12\/P1120807-150x112.jpg\" alt=\"Weiter Blick\" width=\"150\" height=\"112\" srcset=\"https:\/\/www.mundi-roth.de\/teneriffa-blog\/wp-content\/uploads\/2013\/12\/P1120807-150x112.jpg 150w, https:\/\/www.mundi-roth.de\/teneriffa-blog\/wp-content\/uploads\/2013\/12\/P1120807-300x225.jpg 300w, https:\/\/www.mundi-roth.de\/teneriffa-blog\/wp-content\/uploads\/2013\/12\/P1120807.jpg 800w\" sizes=\"auto, (max-width: 150px) 100vw, 150px\" \/><\/a><p id=\"caption-attachment-2820\" class=\"wp-caption-text\">Weiter Blick<\/p><\/div>\n<p>Vorbei einem gro\u00dfen wei\u00dfen Kasten, sicher f\u00fcr die Wassersammlung, durch teilweise noch landwirtschaftliche genutzte Fl\u00e4chen erreichen wir in 10 Minuten die Asphaltstra\u00dfe, die uns wiederum in den Ort f\u00fchrt. Und wieder mit Meerblick.<\/p>\n<p>An der Kirche gibt es eine Infotafel und wir halten<\/p>\n<div id=\"attachment_2821\" style=\"width: 160px\" class=\"wp-caption alignright\"><a href=\"http:\/\/www.mundi-roth.de\/teneriffa-blog\/wp-content\/uploads\/2013\/12\/P1120812.jpg\" rel=\"lightbox[2798]\"><img loading=\"lazy\" decoding=\"async\" aria-describedby=\"caption-attachment-2821\" class=\"size-thumbnail wp-image-2821\" src=\"http:\/\/www.mundi-roth.de\/teneriffa-blog\/wp-content\/uploads\/2013\/12\/P1120812-150x112.jpg\" alt=\"Kirchplatz Ruig\u00f3mez\" width=\"150\" height=\"112\" srcset=\"https:\/\/www.mundi-roth.de\/teneriffa-blog\/wp-content\/uploads\/2013\/12\/P1120812-150x112.jpg 150w, https:\/\/www.mundi-roth.de\/teneriffa-blog\/wp-content\/uploads\/2013\/12\/P1120812-300x225.jpg 300w, https:\/\/www.mundi-roth.de\/teneriffa-blog\/wp-content\/uploads\/2013\/12\/P1120812.jpg 800w\" sizes=\"auto, (max-width: 150px) 100vw, 150px\" \/><\/a><p id=\"caption-attachment-2821\" class=\"wp-caption-text\">Kirchplatz Ruig\u00f3mez<\/p><\/div>\n<p>uns weisungsgem\u00e4\u00df<\/p>\n<div id=\"attachment_2822\" style=\"width: 140px\" class=\"wp-caption alignleft\"><a href=\"http:\/\/www.mundi-roth.de\/teneriffa-blog\/wp-content\/uploads\/2013\/12\/P1120815ax.jpg\" rel=\"lightbox[2798]\"><img loading=\"lazy\" decoding=\"async\" aria-describedby=\"caption-attachment-2822\" class=\"size-thumbnail wp-image-2822\" src=\"http:\/\/www.mundi-roth.de\/teneriffa-blog\/wp-content\/uploads\/2013\/12\/P1120815ax-130x150.jpg\" alt=\"Klare Sache ?\" width=\"130\" height=\"150\" srcset=\"https:\/\/www.mundi-roth.de\/teneriffa-blog\/wp-content\/uploads\/2013\/12\/P1120815ax-130x150.jpg 130w, https:\/\/www.mundi-roth.de\/teneriffa-blog\/wp-content\/uploads\/2013\/12\/P1120815ax-260x300.jpg 260w, https:\/\/www.mundi-roth.de\/teneriffa-blog\/wp-content\/uploads\/2013\/12\/P1120815ax.jpg 600w\" sizes=\"auto, (max-width: 130px) 100vw, 130px\" \/><\/a><p id=\"caption-attachment-2822\" class=\"wp-caption-text\">Klare Sache ?<\/p><\/div>\n<p>links, die Stra\u00dfe entlang und hier begehen wir unseren Fehler: wir biegen rechts ab, geleitet von der ruta del agua, statt dem Stra\u00dfenverlauf weiter links bergauf zu folgen.<\/p>\n<div id=\"attachment_2823\" style=\"width: 160px\" class=\"wp-caption alignright\"><a href=\"http:\/\/www.mundi-roth.de\/teneriffa-blog\/wp-content\/uploads\/2013\/12\/P1120817.jpg\" rel=\"lightbox[2798]\"><img loading=\"lazy\" decoding=\"async\" aria-describedby=\"caption-attachment-2823\" class=\"size-thumbnail wp-image-2823\" src=\"http:\/\/www.mundi-roth.de\/teneriffa-blog\/wp-content\/uploads\/2013\/12\/P1120817-150x112.jpg\" alt=\"Diesmal eindeutig\" width=\"150\" height=\"112\" srcset=\"https:\/\/www.mundi-roth.de\/teneriffa-blog\/wp-content\/uploads\/2013\/12\/P1120817-150x112.jpg 150w, https:\/\/www.mundi-roth.de\/teneriffa-blog\/wp-content\/uploads\/2013\/12\/P1120817-300x225.jpg 300w, https:\/\/www.mundi-roth.de\/teneriffa-blog\/wp-content\/uploads\/2013\/12\/P1120817.jpg 800w\" sizes=\"auto, (max-width: 150px) 100vw, 150px\" \/><\/a><p id=\"caption-attachment-2823\" class=\"wp-caption-text\">Diesmal eindeutig<\/p><\/div>\n<p>&nbsp;<\/p>\n<p>Schnell ist uns klar, von der Ortskenntnis her, wir m\u00fcssten aufsteigen und nicht immer weiter abw\u00e4rts. Wir vermuten, wir kommen in El Tanque aus, was sich ja auch bewahrheitet.<\/p>\n<p>Aber, wir haben ja diesen absoluten Komfort: Selbst wenn wir mal keinen Bus bekommen sollten, so bald wir ein Netz f\u00fcr das Handy haben, mein lieber Mann holt uns mit dem \u201eTaxi IrmEli\u201c (Irmgard-Elisabeth) ab \u2013 egal wo!!! Toll!<\/p>\n<p>Im Endeffekt w\u00e4re es schade gewesen, h\u00e4tten wir den Fehler nicht begangen, denn die nun folgende Strecke ist wieder wundersch\u00f6n.<\/p>\n<div id=\"attachment_2825\" style=\"width: 160px\" class=\"wp-caption alignleft\"><a href=\"http:\/\/www.mundi-roth.de\/teneriffa-blog\/wp-content\/uploads\/2013\/12\/P1120823.jpg\" rel=\"lightbox[2798]\"><img loading=\"lazy\" decoding=\"async\" aria-describedby=\"caption-attachment-2825\" class=\"size-thumbnail wp-image-2825\" src=\"http:\/\/www.mundi-roth.de\/teneriffa-blog\/wp-content\/uploads\/2013\/12\/P1120823-150x112.jpg\" alt=\"Carneceria y Quieseria El Tanque\" width=\"150\" height=\"112\" srcset=\"https:\/\/www.mundi-roth.de\/teneriffa-blog\/wp-content\/uploads\/2013\/12\/P1120823-150x112.jpg 150w, https:\/\/www.mundi-roth.de\/teneriffa-blog\/wp-content\/uploads\/2013\/12\/P1120823-300x225.jpg 300w, https:\/\/www.mundi-roth.de\/teneriffa-blog\/wp-content\/uploads\/2013\/12\/P1120823.jpg 800w\" sizes=\"auto, (max-width: 150px) 100vw, 150px\" \/><\/a><p id=\"caption-attachment-2825\" class=\"wp-caption-text\">Carneceria y Quieseria<br \/>El Tanque<\/p><\/div>\n<p>Vorbei an der Carnicer\u00eda und Queser\u00eda El Tanque erreichen wir nach einer knappen halben Stunde die n\u00e4chste Galerie \u201eEl Cubo\u201c, gerahmt mit<\/p>\n<div id=\"attachment_2826\" style=\"width: 160px\" class=\"wp-caption alignright\"><a href=\"http:\/\/www.mundi-roth.de\/teneriffa-blog\/wp-content\/uploads\/2013\/12\/P1120828.jpg\" rel=\"lightbox[2798]\"><img loading=\"lazy\" decoding=\"async\" aria-describedby=\"caption-attachment-2826\" class=\"size-thumbnail wp-image-2826\" src=\"http:\/\/www.mundi-roth.de\/teneriffa-blog\/wp-content\/uploads\/2013\/12\/P1120828-150x112.jpg\" alt=\"Eingang zur Galeria\" width=\"150\" height=\"112\" srcset=\"https:\/\/www.mundi-roth.de\/teneriffa-blog\/wp-content\/uploads\/2013\/12\/P1120828-150x112.jpg 150w, https:\/\/www.mundi-roth.de\/teneriffa-blog\/wp-content\/uploads\/2013\/12\/P1120828-300x225.jpg 300w, https:\/\/www.mundi-roth.de\/teneriffa-blog\/wp-content\/uploads\/2013\/12\/P1120828.jpg 800w\" sizes=\"auto, (max-width: 150px) 100vw, 150px\" \/><\/a><p id=\"caption-attachment-2826\" class=\"wp-caption-text\">Eingang zur Galeria<\/p><\/div>\n<p>riesigen B\u00fcschen des flei\u00dfigen Lieschens.<\/p>\n<p>Auch auf diesem Abschnitt ist der Wanderweg gut gekennzeichnet mit den Pf\u00e4hlen \u201eRUTA DEL AGUA\u201c.<\/p>\n<div id=\"attachment_2827\" style=\"width: 160px\" class=\"wp-caption alignleft\"><a href=\"http:\/\/www.mundi-roth.de\/teneriffa-blog\/wp-content\/uploads\/2013\/12\/P1120836.jpg\" rel=\"lightbox[2798]\"><img loading=\"lazy\" decoding=\"async\" aria-describedby=\"caption-attachment-2827\" class=\"size-thumbnail wp-image-2827\" src=\"http:\/\/www.mundi-roth.de\/teneriffa-blog\/wp-content\/uploads\/2013\/12\/P1120836-150x112.jpg\" alt=\"Durch Kastanienlaub\" width=\"150\" height=\"112\" srcset=\"https:\/\/www.mundi-roth.de\/teneriffa-blog\/wp-content\/uploads\/2013\/12\/P1120836-150x112.jpg 150w, https:\/\/www.mundi-roth.de\/teneriffa-blog\/wp-content\/uploads\/2013\/12\/P1120836-300x225.jpg 300w, https:\/\/www.mundi-roth.de\/teneriffa-blog\/wp-content\/uploads\/2013\/12\/P1120836.jpg 800w\" sizes=\"auto, (max-width: 150px) 100vw, 150px\" \/><\/a><p id=\"caption-attachment-2827\" class=\"wp-caption-text\">Durch Kastanienlaub<\/p><\/div>\n<p>Hah! Noch ein Novum: Erst ein grasbewachsener Weg und nun stapfen wir durch raschelndes Laub. Esskastanienlaub.<\/p>\n<p>Wir gelangen um 13:30 Uhr auf die TF 82, die<\/p>\n<div id=\"attachment_2828\" style=\"width: 160px\" class=\"wp-caption alignright\"><a href=\"http:\/\/www.mundi-roth.de\/teneriffa-blog\/wp-content\/uploads\/2013\/12\/P1120843.jpg\" rel=\"lightbox[2798]\"><img loading=\"lazy\" decoding=\"async\" aria-describedby=\"caption-attachment-2828\" class=\"size-thumbnail wp-image-2828\" src=\"http:\/\/www.mundi-roth.de\/teneriffa-blog\/wp-content\/uploads\/2013\/12\/P1120843-150x112.jpg\" alt=\"Guagua = Bus\" width=\"150\" height=\"112\" srcset=\"https:\/\/www.mundi-roth.de\/teneriffa-blog\/wp-content\/uploads\/2013\/12\/P1120843-150x112.jpg 150w, https:\/\/www.mundi-roth.de\/teneriffa-blog\/wp-content\/uploads\/2013\/12\/P1120843-300x225.jpg 300w, https:\/\/www.mundi-roth.de\/teneriffa-blog\/wp-content\/uploads\/2013\/12\/P1120843.jpg 800w\" sizes=\"auto, (max-width: 150px) 100vw, 150px\" \/><\/a><p id=\"caption-attachment-2828\" class=\"wp-caption-text\">Guagua = Bus<\/p><\/div>\n<p>nach Erjos f\u00fchrt, z\u00f6gern kurz, ob wir an der Bushaltestelle warten sollen, bis evtl. so gegen 14:30 der Bus 460 kommt, jedoch, nein wir wollen noch weitergehen.<\/p>\n<p>Ein kurzes St\u00fcck legen wir auf der Fahrstra\u00dfe zur\u00fcck, um dann schnell wieder links abbiegen zu k\u00f6nnen.<\/p>\n<div id=\"attachment_2829\" style=\"width: 160px\" class=\"wp-caption alignleft\"><a href=\"http:\/\/www.mundi-roth.de\/teneriffa-blog\/wp-content\/uploads\/2013\/12\/P1120845.jpg\" rel=\"lightbox[2798]\"><img loading=\"lazy\" decoding=\"async\" aria-describedby=\"caption-attachment-2829\" class=\"size-thumbnail wp-image-2829\" src=\"http:\/\/www.mundi-roth.de\/teneriffa-blog\/wp-content\/uploads\/2013\/12\/P1120845-150x112.jpg\" alt=\"Gr\u00fcner Pfad\" width=\"150\" height=\"112\" srcset=\"https:\/\/www.mundi-roth.de\/teneriffa-blog\/wp-content\/uploads\/2013\/12\/P1120845-150x112.jpg 150w, https:\/\/www.mundi-roth.de\/teneriffa-blog\/wp-content\/uploads\/2013\/12\/P1120845-300x225.jpg 300w, https:\/\/www.mundi-roth.de\/teneriffa-blog\/wp-content\/uploads\/2013\/12\/P1120845.jpg 800w\" sizes=\"auto, (max-width: 150px) 100vw, 150px\" \/><\/a><p id=\"caption-attachment-2829\" class=\"wp-caption-text\">Gr\u00fcner Pfad<\/p><\/div>\n<p>Achtung: Unmittelbar danach ein paar Lavabrocken \u00fcbersteigen und den schmalen, mit nickendem Sauerklee bewachsenen Pfad nehmen. Der untere Weg f\u00fchrt zu einem von vielen Hunden bewachten Haus, das wir oberhalb passieren.<\/p>\n<p>Auch dieser Abschnitt geizt nicht mit sch\u00f6nem \u201eWegebegleitgr\u00fcn\u201c.<\/p>\n<p>Gelbbl\u00fchender Efeu?, unbekannte Bl\u00fcten, Kaktusfeigen, Jucca-Palmen, riesige Agaven, Aeonien, Farne und wieder ein Blick auf&#8217;s Meer, auf El Tanque und den Lomo Molino mit dem Restaurant, das nach Pl\u00e4nen von C\u00e4sar Manrique gebaut wurde. Wurde es jemals bewirtschaftet fragen wir uns.<\/p>\n<div id=\"attachment_2830\" style=\"width: 160px\" class=\"wp-caption alignleft\"><a href=\"http:\/\/www.mundi-roth.de\/teneriffa-blog\/wp-content\/uploads\/2013\/12\/P1120840.jpg\" rel=\"lightbox[2798]\"><img loading=\"lazy\" decoding=\"async\" aria-describedby=\"caption-attachment-2830\" class=\"size-thumbnail wp-image-2830\" src=\"http:\/\/www.mundi-roth.de\/teneriffa-blog\/wp-content\/uploads\/2013\/12\/P1120840-150x112.jpg\" alt=\"Am Wegesrand\" width=\"150\" height=\"112\" srcset=\"https:\/\/www.mundi-roth.de\/teneriffa-blog\/wp-content\/uploads\/2013\/12\/P1120840-150x112.jpg 150w, https:\/\/www.mundi-roth.de\/teneriffa-blog\/wp-content\/uploads\/2013\/12\/P1120840-300x225.jpg 300w, https:\/\/www.mundi-roth.de\/teneriffa-blog\/wp-content\/uploads\/2013\/12\/P1120840.jpg 800w\" sizes=\"auto, (max-width: 150px) 100vw, 150px\" \/><\/a><p id=\"caption-attachment-2830\" class=\"wp-caption-text\">Am Wegesrand<\/p><\/div>\n<div id=\"attachment_2831\" style=\"width: 160px\" class=\"wp-caption alignright\"><a href=\"http:\/\/www.mundi-roth.de\/teneriffa-blog\/wp-content\/uploads\/2013\/12\/P1120846.jpg\" rel=\"lightbox[2798]\"><img loading=\"lazy\" decoding=\"async\" aria-describedby=\"caption-attachment-2831\" class=\"size-thumbnail wp-image-2831\" src=\"http:\/\/www.mundi-roth.de\/teneriffa-blog\/wp-content\/uploads\/2013\/12\/P1120846-150x112.jpg\" alt=\"Am Wegesrand\" width=\"150\" height=\"112\" srcset=\"https:\/\/www.mundi-roth.de\/teneriffa-blog\/wp-content\/uploads\/2013\/12\/P1120846-150x112.jpg 150w, https:\/\/www.mundi-roth.de\/teneriffa-blog\/wp-content\/uploads\/2013\/12\/P1120846-300x225.jpg 300w, https:\/\/www.mundi-roth.de\/teneriffa-blog\/wp-content\/uploads\/2013\/12\/P1120846.jpg 800w\" sizes=\"auto, (max-width: 150px) 100vw, 150px\" \/><\/a><p id=\"caption-attachment-2831\" class=\"wp-caption-text\">Am Wegesrand<\/p><\/div>\n<p>&nbsp;<\/p>\n<p>&nbsp;<\/p>\n<p>&nbsp;<\/p>\n<p>&nbsp;<\/p>\n<p>&nbsp;<\/p>\n<div id=\"attachment_2832\" style=\"width: 160px\" class=\"wp-caption alignleft\"><a href=\"http:\/\/www.mundi-roth.de\/teneriffa-blog\/wp-content\/uploads\/2013\/12\/P1120849.jpg\" rel=\"lightbox[2798]\"><img loading=\"lazy\" decoding=\"async\" aria-describedby=\"caption-attachment-2832\" class=\"size-thumbnail wp-image-2832\" src=\"http:\/\/www.mundi-roth.de\/teneriffa-blog\/wp-content\/uploads\/2013\/12\/P1120849-150x112.jpg\" alt=\"Am Wegesrand\" width=\"150\" height=\"112\" srcset=\"https:\/\/www.mundi-roth.de\/teneriffa-blog\/wp-content\/uploads\/2013\/12\/P1120849-150x112.jpg 150w, https:\/\/www.mundi-roth.de\/teneriffa-blog\/wp-content\/uploads\/2013\/12\/P1120849-300x225.jpg 300w, https:\/\/www.mundi-roth.de\/teneriffa-blog\/wp-content\/uploads\/2013\/12\/P1120849.jpg 800w\" sizes=\"auto, (max-width: 150px) 100vw, 150px\" \/><\/a><p id=\"caption-attachment-2832\" class=\"wp-caption-text\">Am Wegesrand<\/p><\/div>\n<div id=\"attachment_2833\" style=\"width: 160px\" class=\"wp-caption alignright\"><a href=\"http:\/\/www.mundi-roth.de\/teneriffa-blog\/wp-content\/uploads\/2013\/12\/P1120851.jpg\" rel=\"lightbox[2798]\"><img loading=\"lazy\" decoding=\"async\" aria-describedby=\"caption-attachment-2833\" class=\"size-thumbnail wp-image-2833\" src=\"http:\/\/www.mundi-roth.de\/teneriffa-blog\/wp-content\/uploads\/2013\/12\/P1120851-150x111.jpg\" alt=\"Am Wegesrand\" width=\"150\" height=\"111\" srcset=\"https:\/\/www.mundi-roth.de\/teneriffa-blog\/wp-content\/uploads\/2013\/12\/P1120851-150x111.jpg 150w, https:\/\/www.mundi-roth.de\/teneriffa-blog\/wp-content\/uploads\/2013\/12\/P1120851-300x222.jpg 300w, https:\/\/www.mundi-roth.de\/teneriffa-blog\/wp-content\/uploads\/2013\/12\/P1120851.jpg 767w\" sizes=\"auto, (max-width: 150px) 100vw, 150px\" \/><\/a><p id=\"caption-attachment-2833\" class=\"wp-caption-text\">Am Wegesrand<\/p><\/div>\n<p>&nbsp;<\/p>\n<p>&nbsp;<\/p>\n<p>&nbsp;<\/p>\n<p>&nbsp;<\/p>\n<p>&nbsp;<\/p>\n<div id=\"attachment_2834\" style=\"width: 160px\" class=\"wp-caption alignleft\"><a href=\"http:\/\/www.mundi-roth.de\/teneriffa-blog\/wp-content\/uploads\/2013\/12\/P1120852.jpg\" rel=\"lightbox[2798]\"><img loading=\"lazy\" decoding=\"async\" aria-describedby=\"caption-attachment-2834\" class=\"size-thumbnail wp-image-2834\" src=\"http:\/\/www.mundi-roth.de\/teneriffa-blog\/wp-content\/uploads\/2013\/12\/P1120852-150x112.jpg\" alt=\"Am Wegesrand\" width=\"150\" height=\"112\" srcset=\"https:\/\/www.mundi-roth.de\/teneriffa-blog\/wp-content\/uploads\/2013\/12\/P1120852-150x112.jpg 150w, https:\/\/www.mundi-roth.de\/teneriffa-blog\/wp-content\/uploads\/2013\/12\/P1120852-300x225.jpg 300w, https:\/\/www.mundi-roth.de\/teneriffa-blog\/wp-content\/uploads\/2013\/12\/P1120852.jpg 800w\" sizes=\"auto, (max-width: 150px) 100vw, 150px\" \/><\/a><p id=\"caption-attachment-2834\" class=\"wp-caption-text\">Am Wegesrand<\/p><\/div>\n<div id=\"attachment_2835\" style=\"width: 160px\" class=\"wp-caption alignright\"><a href=\"http:\/\/www.mundi-roth.de\/teneriffa-blog\/wp-content\/uploads\/2013\/12\/P1120859.jpg\" rel=\"lightbox[2798]\"><img loading=\"lazy\" decoding=\"async\" aria-describedby=\"caption-attachment-2835\" class=\"size-thumbnail wp-image-2835\" src=\"http:\/\/www.mundi-roth.de\/teneriffa-blog\/wp-content\/uploads\/2013\/12\/P1120859-150x112.jpg\" alt=\"Am Wegesrand\" width=\"150\" height=\"112\" srcset=\"https:\/\/www.mundi-roth.de\/teneriffa-blog\/wp-content\/uploads\/2013\/12\/P1120859-150x112.jpg 150w, https:\/\/www.mundi-roth.de\/teneriffa-blog\/wp-content\/uploads\/2013\/12\/P1120859-300x225.jpg 300w, https:\/\/www.mundi-roth.de\/teneriffa-blog\/wp-content\/uploads\/2013\/12\/P1120859.jpg 800w\" sizes=\"auto, (max-width: 150px) 100vw, 150px\" \/><\/a><p id=\"caption-attachment-2835\" class=\"wp-caption-text\">Am Wegesrand<\/p><\/div>\n<div style=\"clear: both;\"><\/div>\n<div id=\"attachment_2836\" style=\"width: 160px\" class=\"wp-caption alignleft\"><a href=\"http:\/\/www.mundi-roth.de\/teneriffa-blog\/wp-content\/uploads\/2013\/12\/P1120856.jpg\" rel=\"lightbox[2798]\"><img loading=\"lazy\" decoding=\"async\" aria-describedby=\"caption-attachment-2836\" class=\"size-thumbnail wp-image-2836\" src=\"http:\/\/www.mundi-roth.de\/teneriffa-blog\/wp-content\/uploads\/2013\/12\/P1120856-150x112.jpg\" alt=\"Nur trocken gut zu gehen\" width=\"150\" height=\"112\" srcset=\"https:\/\/www.mundi-roth.de\/teneriffa-blog\/wp-content\/uploads\/2013\/12\/P1120856-150x112.jpg 150w, https:\/\/www.mundi-roth.de\/teneriffa-blog\/wp-content\/uploads\/2013\/12\/P1120856-300x225.jpg 300w, https:\/\/www.mundi-roth.de\/teneriffa-blog\/wp-content\/uploads\/2013\/12\/P1120856.jpg 800w\" sizes=\"auto, (max-width: 150px) 100vw, 150px\" \/><\/a><p id=\"caption-attachment-2836\" class=\"wp-caption-text\">Nur trocken gut zu gehen<\/p><\/div>\n<p>Gut dass es noch nicht regnet, obwohl es bereits drohend aussieht und der Wind teilweise auch nicht ohne ist, denn in der Rinne w\u00e4re es sonst nicht so gut zu gehen.<\/p>\n<p>Keine 10 Minuten brauchen wir vom Abzweig zum Lomo Molino \u2013 den wir uns heute schenken &#8211; in den Ort El Tanque bis zur Bushaltestelle vor der Kirche.<\/p>\n<div id=\"attachment_2837\" style=\"width: 160px\" class=\"wp-caption alignleft\"><a href=\"http:\/\/www.mundi-roth.de\/teneriffa-blog\/wp-content\/uploads\/2013\/12\/P1120867.jpg\" rel=\"lightbox[2798]\"><img loading=\"lazy\" decoding=\"async\" aria-describedby=\"caption-attachment-2837\" class=\"size-thumbnail wp-image-2837\" src=\"http:\/\/www.mundi-roth.de\/teneriffa-blog\/wp-content\/uploads\/2013\/12\/P1120867-150x108.jpg\" alt=\"El Tanque\" width=\"150\" height=\"108\" srcset=\"https:\/\/www.mundi-roth.de\/teneriffa-blog\/wp-content\/uploads\/2013\/12\/P1120867-150x108.jpg 150w, https:\/\/www.mundi-roth.de\/teneriffa-blog\/wp-content\/uploads\/2013\/12\/P1120867-300x217.jpg 300w, https:\/\/www.mundi-roth.de\/teneriffa-blog\/wp-content\/uploads\/2013\/12\/P1120867.jpg 782w\" sizes=\"auto, (max-width: 150px) 100vw, 150px\" \/><\/a><p id=\"caption-attachment-2837\" class=\"wp-caption-text\">El Tanque<\/p><\/div>\n<div id=\"attachment_2838\" style=\"width: 160px\" class=\"wp-caption alignright\"><a href=\"http:\/\/www.mundi-roth.de\/teneriffa-blog\/wp-content\/uploads\/2013\/12\/P1120868.jpg\" rel=\"lightbox[2798]\"><img loading=\"lazy\" decoding=\"async\" aria-describedby=\"caption-attachment-2838\" class=\"size-thumbnail wp-image-2838\" src=\"http:\/\/www.mundi-roth.de\/teneriffa-blog\/wp-content\/uploads\/2013\/12\/P1120868-150x112.jpg\" alt=\"Endstation\" width=\"150\" height=\"112\" srcset=\"https:\/\/www.mundi-roth.de\/teneriffa-blog\/wp-content\/uploads\/2013\/12\/P1120868-150x112.jpg 150w, https:\/\/www.mundi-roth.de\/teneriffa-blog\/wp-content\/uploads\/2013\/12\/P1120868-300x225.jpg 300w, https:\/\/www.mundi-roth.de\/teneriffa-blog\/wp-content\/uploads\/2013\/12\/P1120868.jpg 800w\" sizes=\"auto, (max-width: 150px) 100vw, 150px\" \/><\/a><p id=\"caption-attachment-2838\" class=\"wp-caption-text\">Endstation<\/p><\/div>\n<p>&nbsp;<\/p>\n<p>&nbsp;<\/p>\n<p>&nbsp;<\/p>\n<p>&nbsp;<\/p>\n<p>&nbsp;<\/p>\n<p>Hier erst machen wir unsere obligatorische Apfelpause nachdem wir dem Busplan entnommen haben, dass um 14:05 Uhr die Linie 460 von Icod de Los Vi\u00f1os abf\u00e4hrt und wir sch\u00e4tzen, dass der Bus dann in ca. 20 Minuten hier in El Tanque sein wird.<\/p>\n<p>Und: 14:20 Uhr kommt er und bringt uns in 55 Minuten \u00fcber Ruig\u00f3mez, Erjos nach Tejina de Isora, wo wir meinen lieben Mann im Restaurant Las Goteras zum Essen treffen.<\/p>\n<p><strong>Fazit:<\/strong><\/p>\n<p>Eine Tour, die von uns zwar anders angedacht war aber dann \u2013 durch fehlende, weiterf\u00fchrende Kennzeichnung und durch einen Denkfehler unsererseits &#8211; ganz anders verlief.<\/p>\n<p>Wir sagen nun:\u00a0 Zum Gl\u00fcck!<\/p>\n<p>Die Tour ist wundersch\u00f6n, abwechslungsreich, nicht zu lang, nicht anstrengend. Die Steigung von Erjos bis zur TF 373 ist harmlos.<\/p>\n<p>Und die Busverbindung ist ideal.<\/p>\n<p>(Sollte man bei sch\u00f6nem Wetter Pausen einlegen wollen, in 2 Stunden geht der n\u00e4chste Bus)<\/p>\n<p><strong><em>\u00dcbrigens, eine nette, kleine Begebenheit noch als Anhang:<\/em><\/strong><\/p>\n<p>Als wir beim Essen sa\u00dfen kam ein Herr vom Nebentisch und fragte uns, ob wir <strong>mundi-roth<\/strong> seien.<\/p>\n<p>Wir best\u00e4tigten es und waren nun doch neugierig, wie er darauf gekommen ist:<\/p>\n<p>Es stellte sich heraus, er ist emsiger Leser unserer Wanderberichte, wandert auch nach, hat sich sogar einen Link auf seinem Computer gesetzt, um jedesmal informiert zu werden, wenn ein neuer Bericht von uns ins Netz gestellt wird.<\/p>\n<p>Identifiziert hat er uns so:<\/p>\n<p>Er schlussfolgerte: 2 Frauen in Wanderkleidung, ein Mann in \u201ezivil\u201c und hin und wieder ist doch wohl auch ein Foto von Elisabeth und mir in den Berichten zu sehen.<\/p>\n<p>Hat uns gefreut!<\/p>\n<p>Erstaunlich f\u00fcr uns ist auch, dass zum Beispiel im Monat November 2366 Personen unsere web-Seite besucht haben.<\/p>\n<p><strong>2 Nachtr\u00e4ge:<\/strong><\/p>\n<p>Keine Lust zu wandern ? Keine Lust nur rumzuh\u00e4ngen ?<\/p>\n<p>Vorschlag:<\/p>\n<p><a href=\"http:\/\/www.kanarenexpress.com\/1000003\/1000019\/0\/41550\/reportage.html\"> Kleine feine Kunstausstellung bis zum 26.1.2014<\/a> in Callao Salvaje. Sehr interessant.<\/p>\n<p>&nbsp;<\/p>\n<p>Ihnen steht der Sinn mehr nach Wintersport ?<\/p>\n<p>Bei <a href=\"http:\/\/www.skigebiete-vergleich.com\/\">Skigebietevergleich<\/a> kann man sich informieren und erh\u00e4lt wertvolle Tipps. Absolut aktuell.<\/p>\n<p>&nbsp;<\/p>\n","protected":false},"excerpt":{"rendered":"<p>Nach einer l\u00e4ngeren Zwangspause haben wir uns zum \u201eEinlaufen\u201c den Rundweg von Erjos \u00fcber San Jos\u00e9 de Los Llanos \u00fcber Ruig\u00f3mez wieder nach Erjos ausgesucht. Die Tour sahen wir bei unserer letzten Wanderung zu dem Wasserfall in Tierra del Trigo an der Bushaltestelle in Erjos ausgeschildert. Aber: erstens kommt es anders, zweitens als man denkt. [&hellip;]<\/p>\n","protected":false},"author":4,"featured_media":5190,"comment_status":"open","ping_status":"open","sticky":false,"template":"","format":"standard","meta":{"footnotes":""},"categories":[1,777,6],"tags":[398,658,509,681,682,683,684,333,679,680,678,677,3,439,446],"class_list":["post-2798","post","type-post","status-publish","format-standard","has-post-thumbnail","hentry","category-allgemein","category-santiago-del-teide","category-wanderungen","tag-dreschplatz","tag-el-tanque","tag-erjos","tag-galerie","tag-galerie-el-cubo","tag-guagua-bus","tag-lomo-molino","tag-los-llanos","tag-montana-gala","tag-restaurant-el-risco","tag-ruigomez","tag-ruta-del-agua","tag-teneriffa","tag-teneriffa-wandern","tag-wandern-teneriffa"],"yoast_head":"<!-- This site is optimized with the Yoast SEO plugin v27.5 - https:\/\/yoast.com\/product\/yoast-seo-wordpress\/ -->\n<title>Ruta del Agua - Erjos - El Tanque - Teneriffa Wandern<\/title>\n<meta name=\"description\" content=\"Wir hatten einen Rundweg Erjos - Los Llanos - Erjos geplant. Ungeplant gingen wir dann noch die RUTA DEL AGUA bos nach El Tanque. Tolle Tour !\" \/>\n<meta name=\"robots\" content=\"index, follow, max-snippet:-1, max-image-preview:large, max-video-preview:-1\" \/>\n<link rel=\"canonical\" href=\"https:\/\/www.mundi-roth.de\/teneriffa-blog\/allgemein\/ruta-del-agua\/\" \/>\n<meta name=\"twitter:label1\" content=\"Verfasst von\" \/>\n\t<meta name=\"twitter:data1\" content=\"mundi\" \/>\n\t<meta name=\"twitter:label2\" content=\"Gesch\u00e4tzte Lesezeit\" \/>\n\t<meta name=\"twitter:data2\" content=\"9\u00a0Minuten\" \/>\n<script type=\"application\/ld+json\" class=\"yoast-schema-graph\">{\"@context\":\"https:\\\/\\\/schema.org\",\"@graph\":[{\"@type\":\"Article\",\"@id\":\"https:\\\/\\\/www.mundi-roth.de\\\/teneriffa-blog\\\/allgemein\\\/ruta-del-agua\\\/#article\",\"isPartOf\":{\"@id\":\"https:\\\/\\\/www.mundi-roth.de\\\/teneriffa-blog\\\/allgemein\\\/ruta-del-agua\\\/\"},\"author\":{\"name\":\"mundi\",\"@id\":\"https:\\\/\\\/www.mundi-roth.de\\\/teneriffa-blog\\\/#\\\/schema\\\/person\\\/971c66b55f3ae5e8741553688c413cac\"},\"headline\":\"Ruta del Agua &#8211; Erjos &#8211; El Tanque\",\"datePublished\":\"2013-12-10T21:00:43+00:00\",\"dateModified\":\"2016-05-27T09:25:44+00:00\",\"mainEntityOfPage\":{\"@id\":\"https:\\\/\\\/www.mundi-roth.de\\\/teneriffa-blog\\\/allgemein\\\/ruta-del-agua\\\/\"},\"wordCount\":1856,\"commentCount\":0,\"image\":{\"@id\":\"https:\\\/\\\/www.mundi-roth.de\\\/teneriffa-blog\\\/allgemein\\\/ruta-del-agua\\\/#primaryimage\"},\"thumbnailUrl\":\"https:\\\/\\\/www.mundi-roth.de\\\/teneriffa-blog\\\/wp-content\\\/uploads\\\/2013\\\/12\\\/P1120856-1.jpg\",\"keywords\":[\"Dreschplatz\",\"El Tanque\",\"Erjos\",\"Galerie\",\"Galerie \u201eEl Cubo\u201c\",\"Guagua = Bus\",\"Lomo Molino\",\"Los Llanos\",\"Monta\u00f1a Gala\",\"Restaurant \u201eEl Risco\u201c\",\"Ruig\u00f3mez\",\"Ruta del Agua\",\"Teneriffa\",\"Teneriffa Wandern\",\"Wandern Teneriffa\"],\"articleSection\":{\"1\":\"Santiago del Teide\",\"2\":\"Wanderungen\"},\"inLanguage\":\"de\",\"potentialAction\":[{\"@type\":\"CommentAction\",\"name\":\"Comment\",\"target\":[\"https:\\\/\\\/www.mundi-roth.de\\\/teneriffa-blog\\\/allgemein\\\/ruta-del-agua\\\/#respond\"]}]},{\"@type\":\"WebPage\",\"@id\":\"https:\\\/\\\/www.mundi-roth.de\\\/teneriffa-blog\\\/allgemein\\\/ruta-del-agua\\\/\",\"url\":\"https:\\\/\\\/www.mundi-roth.de\\\/teneriffa-blog\\\/allgemein\\\/ruta-del-agua\\\/\",\"name\":\"Ruta del Agua - Erjos - El Tanque - Teneriffa Wandern\",\"isPartOf\":{\"@id\":\"https:\\\/\\\/www.mundi-roth.de\\\/teneriffa-blog\\\/#website\"},\"primaryImageOfPage\":{\"@id\":\"https:\\\/\\\/www.mundi-roth.de\\\/teneriffa-blog\\\/allgemein\\\/ruta-del-agua\\\/#primaryimage\"},\"image\":{\"@id\":\"https:\\\/\\\/www.mundi-roth.de\\\/teneriffa-blog\\\/allgemein\\\/ruta-del-agua\\\/#primaryimage\"},\"thumbnailUrl\":\"https:\\\/\\\/www.mundi-roth.de\\\/teneriffa-blog\\\/wp-content\\\/uploads\\\/2013\\\/12\\\/P1120856-1.jpg\",\"datePublished\":\"2013-12-10T21:00:43+00:00\",\"dateModified\":\"2016-05-27T09:25:44+00:00\",\"author\":{\"@id\":\"https:\\\/\\\/www.mundi-roth.de\\\/teneriffa-blog\\\/#\\\/schema\\\/person\\\/971c66b55f3ae5e8741553688c413cac\"},\"description\":\"Wir hatten einen Rundweg Erjos - Los Llanos - Erjos geplant. Ungeplant gingen wir dann noch die RUTA DEL AGUA bos nach El Tanque. Tolle Tour !\",\"breadcrumb\":{\"@id\":\"https:\\\/\\\/www.mundi-roth.de\\\/teneriffa-blog\\\/allgemein\\\/ruta-del-agua\\\/#breadcrumb\"},\"inLanguage\":\"de\",\"potentialAction\":[{\"@type\":\"ReadAction\",\"target\":[\"https:\\\/\\\/www.mundi-roth.de\\\/teneriffa-blog\\\/allgemein\\\/ruta-del-agua\\\/\"]}]},{\"@type\":\"ImageObject\",\"inLanguage\":\"de\",\"@id\":\"https:\\\/\\\/www.mundi-roth.de\\\/teneriffa-blog\\\/allgemein\\\/ruta-del-agua\\\/#primaryimage\",\"url\":\"https:\\\/\\\/www.mundi-roth.de\\\/teneriffa-blog\\\/wp-content\\\/uploads\\\/2013\\\/12\\\/P1120856-1.jpg\",\"contentUrl\":\"https:\\\/\\\/www.mundi-roth.de\\\/teneriffa-blog\\\/wp-content\\\/uploads\\\/2013\\\/12\\\/P1120856-1.jpg\",\"width\":269,\"height\":202},{\"@type\":\"BreadcrumbList\",\"@id\":\"https:\\\/\\\/www.mundi-roth.de\\\/teneriffa-blog\\\/allgemein\\\/ruta-del-agua\\\/#breadcrumb\",\"itemListElement\":[{\"@type\":\"ListItem\",\"position\":1,\"name\":\"Startseite\",\"item\":\"https:\\\/\\\/www.mundi-roth.de\\\/teneriffa-blog\\\/\"},{\"@type\":\"ListItem\",\"position\":2,\"name\":\"Ruta del Agua &#8211; Erjos &#8211; El Tanque\"}]},{\"@type\":\"WebSite\",\"@id\":\"https:\\\/\\\/www.mundi-roth.de\\\/teneriffa-blog\\\/#website\",\"url\":\"https:\\\/\\\/www.mundi-roth.de\\\/teneriffa-blog\\\/\",\"name\":\"Teneriffa Wandern\",\"description\":\"Nicht nur Wanderungen auf Teneriffa...\",\"potentialAction\":[{\"@type\":\"SearchAction\",\"target\":{\"@type\":\"EntryPoint\",\"urlTemplate\":\"https:\\\/\\\/www.mundi-roth.de\\\/teneriffa-blog\\\/?s={search_term_string}\"},\"query-input\":{\"@type\":\"PropertyValueSpecification\",\"valueRequired\":true,\"valueName\":\"search_term_string\"}}],\"inLanguage\":\"de\"},{\"@type\":\"Person\",\"@id\":\"https:\\\/\\\/www.mundi-roth.de\\\/teneriffa-blog\\\/#\\\/schema\\\/person\\\/971c66b55f3ae5e8741553688c413cac\",\"name\":\"mundi\",\"image\":{\"@type\":\"ImageObject\",\"inLanguage\":\"de\",\"@id\":\"https:\\\/\\\/secure.gravatar.com\\\/avatar\\\/555f0dd85428f1a9330f8e5dbe9e40ff9ca912bb81e5a89747ebf3ca9c20dc0f?s=96&d=mm&r=g\",\"url\":\"https:\\\/\\\/secure.gravatar.com\\\/avatar\\\/555f0dd85428f1a9330f8e5dbe9e40ff9ca912bb81e5a89747ebf3ca9c20dc0f?s=96&d=mm&r=g\",\"contentUrl\":\"https:\\\/\\\/secure.gravatar.com\\\/avatar\\\/555f0dd85428f1a9330f8e5dbe9e40ff9ca912bb81e5a89747ebf3ca9c20dc0f?s=96&d=mm&r=g\",\"caption\":\"mundi\"},\"sameAs\":[\"http:\\\/\\\/mundi-roth.de\"],\"url\":\"https:\\\/\\\/www.mundi-roth.de\\\/teneriffa-blog\\\/author\\\/mundi\\\/\"}]}<\/script>\n<!-- \/ Yoast SEO plugin. -->","yoast_head_json":{"title":"Ruta del Agua - Erjos - El Tanque - Teneriffa Wandern","description":"Wir hatten einen Rundweg Erjos - Los Llanos - Erjos geplant. Ungeplant gingen wir dann noch die RUTA DEL AGUA bos nach El Tanque. Tolle Tour !","robots":{"index":"index","follow":"follow","max-snippet":"max-snippet:-1","max-image-preview":"max-image-preview:large","max-video-preview":"max-video-preview:-1"},"canonical":"https:\/\/www.mundi-roth.de\/teneriffa-blog\/allgemein\/ruta-del-agua\/","twitter_misc":{"Verfasst von":"mundi","Gesch\u00e4tzte Lesezeit":"9\u00a0Minuten"},"schema":{"@context":"https:\/\/schema.org","@graph":[{"@type":"Article","@id":"https:\/\/www.mundi-roth.de\/teneriffa-blog\/allgemein\/ruta-del-agua\/#article","isPartOf":{"@id":"https:\/\/www.mundi-roth.de\/teneriffa-blog\/allgemein\/ruta-del-agua\/"},"author":{"name":"mundi","@id":"https:\/\/www.mundi-roth.de\/teneriffa-blog\/#\/schema\/person\/971c66b55f3ae5e8741553688c413cac"},"headline":"Ruta del Agua &#8211; Erjos &#8211; El Tanque","datePublished":"2013-12-10T21:00:43+00:00","dateModified":"2016-05-27T09:25:44+00:00","mainEntityOfPage":{"@id":"https:\/\/www.mundi-roth.de\/teneriffa-blog\/allgemein\/ruta-del-agua\/"},"wordCount":1856,"commentCount":0,"image":{"@id":"https:\/\/www.mundi-roth.de\/teneriffa-blog\/allgemein\/ruta-del-agua\/#primaryimage"},"thumbnailUrl":"https:\/\/www.mundi-roth.de\/teneriffa-blog\/wp-content\/uploads\/2013\/12\/P1120856-1.jpg","keywords":["Dreschplatz","El Tanque","Erjos","Galerie","Galerie \u201eEl Cubo\u201c","Guagua = Bus","Lomo Molino","Los Llanos","Monta\u00f1a Gala","Restaurant \u201eEl Risco\u201c","Ruig\u00f3mez","Ruta del Agua","Teneriffa","Teneriffa Wandern","Wandern Teneriffa"],"articleSection":{"1":"Santiago del Teide","2":"Wanderungen"},"inLanguage":"de","potentialAction":[{"@type":"CommentAction","name":"Comment","target":["https:\/\/www.mundi-roth.de\/teneriffa-blog\/allgemein\/ruta-del-agua\/#respond"]}]},{"@type":"WebPage","@id":"https:\/\/www.mundi-roth.de\/teneriffa-blog\/allgemein\/ruta-del-agua\/","url":"https:\/\/www.mundi-roth.de\/teneriffa-blog\/allgemein\/ruta-del-agua\/","name":"Ruta del Agua - Erjos - El Tanque - Teneriffa Wandern","isPartOf":{"@id":"https:\/\/www.mundi-roth.de\/teneriffa-blog\/#website"},"primaryImageOfPage":{"@id":"https:\/\/www.mundi-roth.de\/teneriffa-blog\/allgemein\/ruta-del-agua\/#primaryimage"},"image":{"@id":"https:\/\/www.mundi-roth.de\/teneriffa-blog\/allgemein\/ruta-del-agua\/#primaryimage"},"thumbnailUrl":"https:\/\/www.mundi-roth.de\/teneriffa-blog\/wp-content\/uploads\/2013\/12\/P1120856-1.jpg","datePublished":"2013-12-10T21:00:43+00:00","dateModified":"2016-05-27T09:25:44+00:00","author":{"@id":"https:\/\/www.mundi-roth.de\/teneriffa-blog\/#\/schema\/person\/971c66b55f3ae5e8741553688c413cac"},"description":"Wir hatten einen Rundweg Erjos - Los Llanos - Erjos geplant. Ungeplant gingen wir dann noch die RUTA DEL AGUA bos nach El Tanque. Tolle Tour !","breadcrumb":{"@id":"https:\/\/www.mundi-roth.de\/teneriffa-blog\/allgemein\/ruta-del-agua\/#breadcrumb"},"inLanguage":"de","potentialAction":[{"@type":"ReadAction","target":["https:\/\/www.mundi-roth.de\/teneriffa-blog\/allgemein\/ruta-del-agua\/"]}]},{"@type":"ImageObject","inLanguage":"de","@id":"https:\/\/www.mundi-roth.de\/teneriffa-blog\/allgemein\/ruta-del-agua\/#primaryimage","url":"https:\/\/www.mundi-roth.de\/teneriffa-blog\/wp-content\/uploads\/2013\/12\/P1120856-1.jpg","contentUrl":"https:\/\/www.mundi-roth.de\/teneriffa-blog\/wp-content\/uploads\/2013\/12\/P1120856-1.jpg","width":269,"height":202},{"@type":"BreadcrumbList","@id":"https:\/\/www.mundi-roth.de\/teneriffa-blog\/allgemein\/ruta-del-agua\/#breadcrumb","itemListElement":[{"@type":"ListItem","position":1,"name":"Startseite","item":"https:\/\/www.mundi-roth.de\/teneriffa-blog\/"},{"@type":"ListItem","position":2,"name":"Ruta del Agua &#8211; Erjos &#8211; El Tanque"}]},{"@type":"WebSite","@id":"https:\/\/www.mundi-roth.de\/teneriffa-blog\/#website","url":"https:\/\/www.mundi-roth.de\/teneriffa-blog\/","name":"Teneriffa Wandern","description":"Nicht nur Wanderungen auf Teneriffa...","potentialAction":[{"@type":"SearchAction","target":{"@type":"EntryPoint","urlTemplate":"https:\/\/www.mundi-roth.de\/teneriffa-blog\/?s={search_term_string}"},"query-input":{"@type":"PropertyValueSpecification","valueRequired":true,"valueName":"search_term_string"}}],"inLanguage":"de"},{"@type":"Person","@id":"https:\/\/www.mundi-roth.de\/teneriffa-blog\/#\/schema\/person\/971c66b55f3ae5e8741553688c413cac","name":"mundi","image":{"@type":"ImageObject","inLanguage":"de","@id":"https:\/\/secure.gravatar.com\/avatar\/555f0dd85428f1a9330f8e5dbe9e40ff9ca912bb81e5a89747ebf3ca9c20dc0f?s=96&d=mm&r=g","url":"https:\/\/secure.gravatar.com\/avatar\/555f0dd85428f1a9330f8e5dbe9e40ff9ca912bb81e5a89747ebf3ca9c20dc0f?s=96&d=mm&r=g","contentUrl":"https:\/\/secure.gravatar.com\/avatar\/555f0dd85428f1a9330f8e5dbe9e40ff9ca912bb81e5a89747ebf3ca9c20dc0f?s=96&d=mm&r=g","caption":"mundi"},"sameAs":["http:\/\/mundi-roth.de"],"url":"https:\/\/www.mundi-roth.de\/teneriffa-blog\/author\/mundi\/"}]}},"_links":{"self":[{"href":"https:\/\/www.mundi-roth.de\/teneriffa-blog\/wp-json\/wp\/v2\/posts\/2798","targetHints":{"allow":["GET"]}}],"collection":[{"href":"https:\/\/www.mundi-roth.de\/teneriffa-blog\/wp-json\/wp\/v2\/posts"}],"about":[{"href":"https:\/\/www.mundi-roth.de\/teneriffa-blog\/wp-json\/wp\/v2\/types\/post"}],"author":[{"embeddable":true,"href":"https:\/\/www.mundi-roth.de\/teneriffa-blog\/wp-json\/wp\/v2\/users\/4"}],"replies":[{"embeddable":true,"href":"https:\/\/www.mundi-roth.de\/teneriffa-blog\/wp-json\/wp\/v2\/comments?post=2798"}],"version-history":[{"count":0,"href":"https:\/\/www.mundi-roth.de\/teneriffa-blog\/wp-json\/wp\/v2\/posts\/2798\/revisions"}],"wp:featuredmedia":[{"embeddable":true,"href":"https:\/\/www.mundi-roth.de\/teneriffa-blog\/wp-json\/wp\/v2\/media\/5190"}],"wp:attachment":[{"href":"https:\/\/www.mundi-roth.de\/teneriffa-blog\/wp-json\/wp\/v2\/media?parent=2798"}],"wp:term":[{"taxonomy":"category","embeddable":true,"href":"https:\/\/www.mundi-roth.de\/teneriffa-blog\/wp-json\/wp\/v2\/categories?post=2798"},{"taxonomy":"post_tag","embeddable":true,"href":"https:\/\/www.mundi-roth.de\/teneriffa-blog\/wp-json\/wp\/v2\/tags?post=2798"}],"curies":[{"name":"wp","href":"https:\/\/api.w.org\/{rel}","templated":true}]}}