{"id":28,"date":"2007-10-12T12:34:04","date_gmt":"2007-10-12T10:34:04","guid":{"rendered":"http:\/\/www.mundi-roth.de\/teneriffa-blog\/allgemein\/wanderung-unterhalb-von-vilaflor\/"},"modified":"2015-04-12T12:15:24","modified_gmt":"2015-04-12T11:15:24","slug":"wanderung-unterhalb-von-vilaflor","status":"publish","type":"post","link":"https:\/\/www.mundi-roth.de\/teneriffa-blog\/wanderungen\/wanderung-unterhalb-von-vilaflor\/","title":{"rendered":"Wanderung unterhalb von Vilaflor &#8211; mit Varianten"},"content":{"rendered":"<p align=\"left\">Heute ist der Nationalfeiertag Spaniens.<br \/>\nZum einen erinnert er an die Entdeckung Amerikas durch Cristoph Kolumbus, daher der Tag der Gemeinschaft der hispanischen V\u00f6lker &#8211; zum anderen ist es das Fest der Heiligen Pilar, die die Schutzpatronin der Guardia Civil und der Stadt Zaragossa ist.<\/p>\n<p>Wir haben uns eine Wanderung durch die unterhalb von Villaflor liegenden \u201eG\u00e4rten\u201c vorgenommen.<\/p>\n<p><!--more--><br \/>\n<a href=\"http:\/\/www.mundi-roth.de\/teneriffa-blog\/wp-content\/uploads\/2007\/12\/becken3.jpg\" rel=\"lightbox[28]\"><img decoding=\"async\" src=\"http:\/\/www.mundi-roth.de\/teneriffa-blog\/wp-content\/uploads\/2007\/12\/becken3.jpg\" alt=\"\" \/><\/a><\/p>\n<p><strong>Wanderwegstrecke:<\/strong> gut 2 Stunden<br \/>\nNach einem kurzen Wegst\u00fcck betreten wir das Naturschutzgebiet und auf der rechten Seite macht uns ein Schild darauf aufmerksam, dass wir uns auf der \u201ePista Forestal Categoria 2 A\u201c befinden. Rechts und links des Weges sind die gut gepflegten Terrassen mit Weinst\u00f6cken bepflanzt und links oberhalb sehen wir die Reste eines Hauses.<br \/>\nZum Bau der Terrassenmauern wurde der leicht zu bearbeitende Toscastein verwendet. Die Feldfl\u00e4chen werden zentimeterdick mit kleinen, hellen Bimssteinchen (Pomez) oder auch \u201ejable\u201c genannt, bedeckt, die auch mitunter in den Ackerboden eingepfl\u00fcgt werden. Sie sch\u00fctzen ihn wirksam vor Trockenheit.<\/p>\n<p>Nach ca. 5 Minuten laufen wir auf einen dicken Feigenbaum zu, der eine Wegegabelung markiert. Wir wandern geradeaus, lassen die abgehenden Pfade rechts und links unbeachtet. Eine Betonpiste f\u00fchrt uns ziemlich steil bergauf, links begleiten uns Kartoffelfelder und dahinter sehen wir ein riesiges Wasserbecken, das ziemlich leer ist. Wir laufen auf einen Platz zu, von dem viele Wege abgehen. Wir folgen dem Schild des Cabildo Tenerife mit den roten Pfeilen, und nehmen den rechten Weg. Es geht ein kurzes St\u00fcck bergauf bis von links viele Wasserrohre nach unten f\u00fchren. Wir bleiben auf dem breiten Weg. Nach geraumer Zeit sto\u00dfen wir auf das n\u00e4chste Schild und nach weiteren wenigen 100m sehen wir rechts des Weges etwas abseits ein kleines verfallenes Geb\u00e4ude. Wenige Schritte weiter verlassen wir den Weg nach rechts um eine kleine Pause einzulegen. Hier laden ein paar gro\u00dfe Steine zum Sitrzen ein. Da es von hier mehrere Alternativen gibt, um zur\u00fcck zu den Fahrzeugen zu kommen, bilden sich zwei kleine Gruppen.<br \/>\nDie eine Gruppe w\u00e4hlt die \u201eDiretissima\u201c, vom Rastplatz direkt abw\u00e4rts und dann dem Barranco folgend. Diese Strecke ist nur ein kurzes St\u00fcck ohne erkennbaren Pfad mit Vorsicht zu genie\u00dfen, dann aber leicht und angenehm zu gehen. An einigen Stellen verzweigt sich der Pfad. Es sollte immer der linke Zweig genommen werden, da der rechte Zweig von Cross-Bykern genutzt wird und nicht f\u00fcr Wanderer geeignet ist (Sprungschanzen). Der Pfad kommt unmittelbar bei unserem Parkplatz aus.<\/p>\n<p>Wir \u2013 mit der zweiten Gruppe &#8211; steigen die wenigen Meter wieder zum Weg auf und folgen diesem unverdrossen bis zum n\u00e4chsten Schild. Hier liegt links ein schmuckes, kleines H\u00e4uschen mit Solaranlage auf dem Dach, wir gehen rechts weiter und gehen an einem m\u00e4chtigen Esskastanienbaum vorbei aufw\u00e4rts.<br \/>\nAuf der linken Seite befindet sich wie zu Beginn der Wanderung das Schild \u201ePista Forestal Categoria 2 A\u201c und ein Hinweis, dass hier nur autorisierte Fahrzeuge fahren d\u00fcrfen.<br \/>\nDer Weg f\u00fchrt uns weiter bergauf, vorbei an dem leuchtend orangen Kalifornischen Goldmohn und den Weinterrassen. Den rechts abbiegenden Weg k\u00f6nnten wir w\u00e4hlen, um wieder direkt zu unseren geparkten Autos zu gelangen.<br \/>\nEr w\u00fcrde uns \u2013 nachdem wir unter einer Absperrkette hergegangen w\u00e4ren &#8211; an gepflegten, mit Weinst\u00f6cken bepflanzten Terrassenfeldern und mit Blumen verzierten G\u00e4rten und einem Laubengang vorbeif\u00fchren.<\/p>\n<p>Wir wollen jedoch den anderen Weg erkunden und sehen rechter Hand etliche gestaffelte, intensiv gr\u00fcne Kartoffelfelder.<br \/>\nEin breiter Weg, offensichtlich die Zufahrt zu den Wein- und Kartoffelterrassen, f\u00fchrt uns oberhalb der Cooperative von Villaflor abw\u00e4rts wieder zur TF-51.<br \/>\nPraktisch ist es, wenn man hier \u2013 oder im Ort &#8211; einen Wagen geparkt hat, dann muss man zum zu Beginn der Wanderung geparkten Wagen nicht entlang der Strasse zur\u00fcckgehen.<br \/>\nEs ist ein sch\u00f6ner Spaziergang, zum Teil durch Kiefernwald, wenig anstrengend, gut zu gehen.<\/p>\n<p><strong>Botanik:<br \/>\n<\/strong>Auffallend ist in der Gegend von Vilaflor der Kalifornische Goldmohn (Eschscholzia californica) oder auch Schlafm\u00fctzchen genannt. Das Orange der kleinen spitzzipfeligen Knospen leuchtet hier bis hinauf in die W\u00e4lder. Seinen Namen hat es von einem deutschen Naturforscher Johann Friedrich Eschscholtz (1793 \u2013 1831) erhalten. Wer den Goldmohn hier ausges\u00e4t hat und wann, wei\u00df niemand zu berichten.<br \/>\n<a href=\"http:\/\/www.mundi-roth.de\/teneriffa-blog\/wp-content\/uploads\/2007\/10\/waldweg.jpg\" rel=\"lightbox[28]\"><img loading=\"lazy\" decoding=\"async\" src=\"http:\/\/www.mundi-roth.de\/teneriffa-blog\/wp-content\/uploads\/2007\/10\/waldweg.thumbnail.jpg\" alt=\"Waldweg\" width=\"96\" height=\"128\" align=\"left\" border=\"0\" hspace=\"3\" vspace=\"3\" \/><\/a>Hier, unterhalb von Vilaflor, finden wir bereits den Kanaren-Kiefernwald. Wir treffen die Kiefern in H\u00f6hen von 1000 bis 2000 m an, wo bei uns in Deutschland die Baumgrenze schon \u00fcberschritten ist. Die kanarische Kiefer (Pinus canariensis) hat Besonderheiten: Mit ihren bis zu 30 cm langen Nadeln k\u00e4mmt sie das Wasser aus den Wolken aus, sie melkt diese regelrecht. Durch diese Funktion ist der Baum \u00e4u\u00dferst wichtig f\u00fcr den Wasserhaushalt der Insel. Das von den langen Nadeln \u201eausgek\u00e4mmte\u201c Nass f\u00fchrt die Kiefer in gro\u00dfen Pf\u00fctzen ihren Wurzeln zu, w\u00e4hrend ringsum der Boden und die Steine vollst\u00e4ndig trocken sind. Der Nebel gen\u00fcgt also vollkommen, um in diesen trockenen H\u00f6hen die Pinien zu bew\u00e4ssern. Es ist erwiesen, dass der Eigenverbrauch weit unter der erbrachten Wassermenge liegt. Daher verdient die Kanaren-Kiefer gleicherma\u00dfen Schutz und Verehrung.<br \/>\nEine weitere Besonderheit besitzt die Kanaren-Kiefer: Sie ist durch ihre dicke Borke sehr widerstandsf\u00e4hig gegen Feuer. Wir k\u00f6nnen in Regionen, wo Waldbr\u00e4nde w\u00fcteteten \u2013 wie leider erst jetzt im Juli\/August \u2013 beobachten, wie aus total schwarzen St\u00e4mmen neue Triebe sprie\u00dfen.<br \/>\nIn der Vergangenheit wurde ihr Kernholz \u201etea\u201c f\u00fcr Balkone, T\u00fcren und Balken verwendet. Sie wurde ebenfalls f\u00fcr die Harz- und Terpentin-Gewinnung genutzt.<br \/>\nSelbst ihre abgeworfenen Nadeln werden gerne als Streu f\u00fcr das Vieh gesammelt.<br \/>\n<strong>Restaurant:<\/strong><\/p>\n<p>Wir fahren zur\u00fcck bis La Escalona, Carretera Principal 15 und kehren im Restaurant \u201eLa Barrica\u201c ein. Tel. 922 72 50 57, Montag-Abend geschlossen.<br \/>\nTypisch kanarische K\u00fcche, es empfiehlt sich, nach den Gerichten \u201efuera de la carta\u201c (ausserhalb der Men\u00fckarte) zu fragen. Hierbei handelt es sich immer um typische kanarische Gerichte.<\/p>\n<p><strong>Anfahrt:<\/strong><\/p>\n<p>Aus Richtung Los Cristianos kommend fahren wir auf der TF-51 (via Arona und La Escalona) bis zum Kilometer 15 vor Vilaflor. Kurz vor dem Kilometerschild, bei einem Wartungsh\u00e4uschen, biegen wir links ab und fahren auf der geraden \u2013 nicht asphaltierten \u2013 Stra\u00dfe ein St\u00fcck an Weinterrassen, einem gelb gestrichenen Haus vorbei, um uns dort einen Parkplatz zu suchen.<\/p>\n","protected":false},"excerpt":{"rendered":"<p>Heute ist der Nationalfeiertag Spaniens. Zum einen erinnert er an die Entdeckung Amerikas durch Cristoph Kolumbus, daher der Tag der Gemeinschaft der hispanischen V\u00f6lker &#8211; zum anderen ist es das Fest der Heiligen Pilar, die die Schutzpatronin der Guardia Civil und der Stadt Zaragossa ist. Wir haben uns eine Wanderung durch die unterhalb von Villaflor [&hellip;]<\/p>\n","protected":false},"author":3,"featured_media":0,"comment_status":"open","ping_status":"open","sticky":false,"template":"","format":"standard","meta":{"footnotes":""},"categories":[774,6],"tags":[19,3,17,4],"class_list":["post-28","post","type-post","status-publish","format-standard","hentry","category-vilaflor","category-wanderungen","tag-escalona","tag-teneriffa","tag-vilaflor","tag-wandern"],"yoast_head":"<!-- This site is optimized with the Yoast SEO plugin v27.5 - https:\/\/yoast.com\/product\/yoast-seo-wordpress\/ -->\n<title>Wanderung unterhalb von Vilaflor - mit Varianten - Teneriffa Wandern<\/title>\n<meta name=\"robots\" content=\"index, follow, max-snippet:-1, max-image-preview:large, max-video-preview:-1\" \/>\n<link rel=\"canonical\" href=\"https:\/\/www.mundi-roth.de\/teneriffa-blog\/wanderungen\/wanderung-unterhalb-von-vilaflor\/\" \/>\n<meta name=\"twitter:label1\" content=\"Verfasst von\" \/>\n\t<meta name=\"twitter:data1\" content=\"ir\" \/>\n\t<meta name=\"twitter:label2\" content=\"Gesch\u00e4tzte Lesezeit\" \/>\n\t<meta name=\"twitter:data2\" content=\"5\u00a0Minuten\" \/>\n<script type=\"application\/ld+json\" class=\"yoast-schema-graph\">{\"@context\":\"https:\\\/\\\/schema.org\",\"@graph\":[{\"@type\":\"Article\",\"@id\":\"https:\\\/\\\/www.mundi-roth.de\\\/teneriffa-blog\\\/wanderungen\\\/wanderung-unterhalb-von-vilaflor\\\/#article\",\"isPartOf\":{\"@id\":\"https:\\\/\\\/www.mundi-roth.de\\\/teneriffa-blog\\\/wanderungen\\\/wanderung-unterhalb-von-vilaflor\\\/\"},\"author\":{\"name\":\"ir\",\"@id\":\"https:\\\/\\\/www.mundi-roth.de\\\/teneriffa-blog\\\/#\\\/schema\\\/person\\\/3afd0d251449790d15367c9aa52d203d\"},\"headline\":\"Wanderung unterhalb von Vilaflor &#8211; mit Varianten\",\"datePublished\":\"2007-10-12T10:34:04+00:00\",\"dateModified\":\"2015-04-12T11:15:24+00:00\",\"mainEntityOfPage\":{\"@id\":\"https:\\\/\\\/www.mundi-roth.de\\\/teneriffa-blog\\\/wanderungen\\\/wanderung-unterhalb-von-vilaflor\\\/\"},\"wordCount\":1033,\"commentCount\":0,\"image\":{\"@id\":\"https:\\\/\\\/www.mundi-roth.de\\\/teneriffa-blog\\\/wanderungen\\\/wanderung-unterhalb-von-vilaflor\\\/#primaryimage\"},\"thumbnailUrl\":\"http:\\\/\\\/www.mundi-roth.de\\\/teneriffa-blog\\\/wp-content\\\/uploads\\\/2007\\\/12\\\/becken3.jpg\",\"keywords\":[\"Escalona\",\"Teneriffa\",\"Vilaflor\",\"Wandern\"],\"articleSection\":[\"Vilaflor\",\"Wanderungen\"],\"inLanguage\":\"de\",\"potentialAction\":[{\"@type\":\"CommentAction\",\"name\":\"Comment\",\"target\":[\"https:\\\/\\\/www.mundi-roth.de\\\/teneriffa-blog\\\/wanderungen\\\/wanderung-unterhalb-von-vilaflor\\\/#respond\"]}]},{\"@type\":\"WebPage\",\"@id\":\"https:\\\/\\\/www.mundi-roth.de\\\/teneriffa-blog\\\/wanderungen\\\/wanderung-unterhalb-von-vilaflor\\\/\",\"url\":\"https:\\\/\\\/www.mundi-roth.de\\\/teneriffa-blog\\\/wanderungen\\\/wanderung-unterhalb-von-vilaflor\\\/\",\"name\":\"Wanderung unterhalb von Vilaflor - mit Varianten - Teneriffa Wandern\",\"isPartOf\":{\"@id\":\"https:\\\/\\\/www.mundi-roth.de\\\/teneriffa-blog\\\/#website\"},\"primaryImageOfPage\":{\"@id\":\"https:\\\/\\\/www.mundi-roth.de\\\/teneriffa-blog\\\/wanderungen\\\/wanderung-unterhalb-von-vilaflor\\\/#primaryimage\"},\"image\":{\"@id\":\"https:\\\/\\\/www.mundi-roth.de\\\/teneriffa-blog\\\/wanderungen\\\/wanderung-unterhalb-von-vilaflor\\\/#primaryimage\"},\"thumbnailUrl\":\"http:\\\/\\\/www.mundi-roth.de\\\/teneriffa-blog\\\/wp-content\\\/uploads\\\/2007\\\/12\\\/becken3.jpg\",\"datePublished\":\"2007-10-12T10:34:04+00:00\",\"dateModified\":\"2015-04-12T11:15:24+00:00\",\"author\":{\"@id\":\"https:\\\/\\\/www.mundi-roth.de\\\/teneriffa-blog\\\/#\\\/schema\\\/person\\\/3afd0d251449790d15367c9aa52d203d\"},\"breadcrumb\":{\"@id\":\"https:\\\/\\\/www.mundi-roth.de\\\/teneriffa-blog\\\/wanderungen\\\/wanderung-unterhalb-von-vilaflor\\\/#breadcrumb\"},\"inLanguage\":\"de\",\"potentialAction\":[{\"@type\":\"ReadAction\",\"target\":[\"https:\\\/\\\/www.mundi-roth.de\\\/teneriffa-blog\\\/wanderungen\\\/wanderung-unterhalb-von-vilaflor\\\/\"]}]},{\"@type\":\"ImageObject\",\"inLanguage\":\"de\",\"@id\":\"https:\\\/\\\/www.mundi-roth.de\\\/teneriffa-blog\\\/wanderungen\\\/wanderung-unterhalb-von-vilaflor\\\/#primaryimage\",\"url\":\"http:\\\/\\\/www.mundi-roth.de\\\/teneriffa-blog\\\/wp-content\\\/uploads\\\/2007\\\/12\\\/becken3.jpg\",\"contentUrl\":\"http:\\\/\\\/www.mundi-roth.de\\\/teneriffa-blog\\\/wp-content\\\/uploads\\\/2007\\\/12\\\/becken3.jpg\"},{\"@type\":\"BreadcrumbList\",\"@id\":\"https:\\\/\\\/www.mundi-roth.de\\\/teneriffa-blog\\\/wanderungen\\\/wanderung-unterhalb-von-vilaflor\\\/#breadcrumb\",\"itemListElement\":[{\"@type\":\"ListItem\",\"position\":1,\"name\":\"Startseite\",\"item\":\"https:\\\/\\\/www.mundi-roth.de\\\/teneriffa-blog\\\/\"},{\"@type\":\"ListItem\",\"position\":2,\"name\":\"Wanderung unterhalb von Vilaflor &#8211; mit Varianten\"}]},{\"@type\":\"WebSite\",\"@id\":\"https:\\\/\\\/www.mundi-roth.de\\\/teneriffa-blog\\\/#website\",\"url\":\"https:\\\/\\\/www.mundi-roth.de\\\/teneriffa-blog\\\/\",\"name\":\"Teneriffa Wandern\",\"description\":\"Nicht nur Wanderungen auf Teneriffa...\",\"potentialAction\":[{\"@type\":\"SearchAction\",\"target\":{\"@type\":\"EntryPoint\",\"urlTemplate\":\"https:\\\/\\\/www.mundi-roth.de\\\/teneriffa-blog\\\/?s={search_term_string}\"},\"query-input\":{\"@type\":\"PropertyValueSpecification\",\"valueRequired\":true,\"valueName\":\"search_term_string\"}}],\"inLanguage\":\"de\"},{\"@type\":\"Person\",\"@id\":\"https:\\\/\\\/www.mundi-roth.de\\\/teneriffa-blog\\\/#\\\/schema\\\/person\\\/3afd0d251449790d15367c9aa52d203d\",\"name\":\"ir\",\"image\":{\"@type\":\"ImageObject\",\"inLanguage\":\"de\",\"@id\":\"https:\\\/\\\/secure.gravatar.com\\\/avatar\\\/e67b41513c921c2bb58363f44c8a00a447c9a2526ad8ff71b5b6257e5f7f5c66?s=96&d=mm&r=g\",\"url\":\"https:\\\/\\\/secure.gravatar.com\\\/avatar\\\/e67b41513c921c2bb58363f44c8a00a447c9a2526ad8ff71b5b6257e5f7f5c66?s=96&d=mm&r=g\",\"contentUrl\":\"https:\\\/\\\/secure.gravatar.com\\\/avatar\\\/e67b41513c921c2bb58363f44c8a00a447c9a2526ad8ff71b5b6257e5f7f5c66?s=96&d=mm&r=g\",\"caption\":\"ir\"},\"sameAs\":[\"http:\\\/\\\/www.mundi-roth.de\"],\"url\":\"https:\\\/\\\/www.mundi-roth.de\\\/teneriffa-blog\\\/author\\\/ir\\\/\"}]}<\/script>\n<!-- \/ Yoast SEO plugin. -->","yoast_head_json":{"title":"Wanderung unterhalb von Vilaflor - mit Varianten - Teneriffa Wandern","robots":{"index":"index","follow":"follow","max-snippet":"max-snippet:-1","max-image-preview":"max-image-preview:large","max-video-preview":"max-video-preview:-1"},"canonical":"https:\/\/www.mundi-roth.de\/teneriffa-blog\/wanderungen\/wanderung-unterhalb-von-vilaflor\/","twitter_misc":{"Verfasst von":"ir","Gesch\u00e4tzte Lesezeit":"5\u00a0Minuten"},"schema":{"@context":"https:\/\/schema.org","@graph":[{"@type":"Article","@id":"https:\/\/www.mundi-roth.de\/teneriffa-blog\/wanderungen\/wanderung-unterhalb-von-vilaflor\/#article","isPartOf":{"@id":"https:\/\/www.mundi-roth.de\/teneriffa-blog\/wanderungen\/wanderung-unterhalb-von-vilaflor\/"},"author":{"name":"ir","@id":"https:\/\/www.mundi-roth.de\/teneriffa-blog\/#\/schema\/person\/3afd0d251449790d15367c9aa52d203d"},"headline":"Wanderung unterhalb von Vilaflor &#8211; mit Varianten","datePublished":"2007-10-12T10:34:04+00:00","dateModified":"2015-04-12T11:15:24+00:00","mainEntityOfPage":{"@id":"https:\/\/www.mundi-roth.de\/teneriffa-blog\/wanderungen\/wanderung-unterhalb-von-vilaflor\/"},"wordCount":1033,"commentCount":0,"image":{"@id":"https:\/\/www.mundi-roth.de\/teneriffa-blog\/wanderungen\/wanderung-unterhalb-von-vilaflor\/#primaryimage"},"thumbnailUrl":"http:\/\/www.mundi-roth.de\/teneriffa-blog\/wp-content\/uploads\/2007\/12\/becken3.jpg","keywords":["Escalona","Teneriffa","Vilaflor","Wandern"],"articleSection":["Vilaflor","Wanderungen"],"inLanguage":"de","potentialAction":[{"@type":"CommentAction","name":"Comment","target":["https:\/\/www.mundi-roth.de\/teneriffa-blog\/wanderungen\/wanderung-unterhalb-von-vilaflor\/#respond"]}]},{"@type":"WebPage","@id":"https:\/\/www.mundi-roth.de\/teneriffa-blog\/wanderungen\/wanderung-unterhalb-von-vilaflor\/","url":"https:\/\/www.mundi-roth.de\/teneriffa-blog\/wanderungen\/wanderung-unterhalb-von-vilaflor\/","name":"Wanderung unterhalb von Vilaflor - mit Varianten - Teneriffa Wandern","isPartOf":{"@id":"https:\/\/www.mundi-roth.de\/teneriffa-blog\/#website"},"primaryImageOfPage":{"@id":"https:\/\/www.mundi-roth.de\/teneriffa-blog\/wanderungen\/wanderung-unterhalb-von-vilaflor\/#primaryimage"},"image":{"@id":"https:\/\/www.mundi-roth.de\/teneriffa-blog\/wanderungen\/wanderung-unterhalb-von-vilaflor\/#primaryimage"},"thumbnailUrl":"http:\/\/www.mundi-roth.de\/teneriffa-blog\/wp-content\/uploads\/2007\/12\/becken3.jpg","datePublished":"2007-10-12T10:34:04+00:00","dateModified":"2015-04-12T11:15:24+00:00","author":{"@id":"https:\/\/www.mundi-roth.de\/teneriffa-blog\/#\/schema\/person\/3afd0d251449790d15367c9aa52d203d"},"breadcrumb":{"@id":"https:\/\/www.mundi-roth.de\/teneriffa-blog\/wanderungen\/wanderung-unterhalb-von-vilaflor\/#breadcrumb"},"inLanguage":"de","potentialAction":[{"@type":"ReadAction","target":["https:\/\/www.mundi-roth.de\/teneriffa-blog\/wanderungen\/wanderung-unterhalb-von-vilaflor\/"]}]},{"@type":"ImageObject","inLanguage":"de","@id":"https:\/\/www.mundi-roth.de\/teneriffa-blog\/wanderungen\/wanderung-unterhalb-von-vilaflor\/#primaryimage","url":"http:\/\/www.mundi-roth.de\/teneriffa-blog\/wp-content\/uploads\/2007\/12\/becken3.jpg","contentUrl":"http:\/\/www.mundi-roth.de\/teneriffa-blog\/wp-content\/uploads\/2007\/12\/becken3.jpg"},{"@type":"BreadcrumbList","@id":"https:\/\/www.mundi-roth.de\/teneriffa-blog\/wanderungen\/wanderung-unterhalb-von-vilaflor\/#breadcrumb","itemListElement":[{"@type":"ListItem","position":1,"name":"Startseite","item":"https:\/\/www.mundi-roth.de\/teneriffa-blog\/"},{"@type":"ListItem","position":2,"name":"Wanderung unterhalb von Vilaflor &#8211; mit Varianten"}]},{"@type":"WebSite","@id":"https:\/\/www.mundi-roth.de\/teneriffa-blog\/#website","url":"https:\/\/www.mundi-roth.de\/teneriffa-blog\/","name":"Teneriffa Wandern","description":"Nicht nur Wanderungen auf Teneriffa...","potentialAction":[{"@type":"SearchAction","target":{"@type":"EntryPoint","urlTemplate":"https:\/\/www.mundi-roth.de\/teneriffa-blog\/?s={search_term_string}"},"query-input":{"@type":"PropertyValueSpecification","valueRequired":true,"valueName":"search_term_string"}}],"inLanguage":"de"},{"@type":"Person","@id":"https:\/\/www.mundi-roth.de\/teneriffa-blog\/#\/schema\/person\/3afd0d251449790d15367c9aa52d203d","name":"ir","image":{"@type":"ImageObject","inLanguage":"de","@id":"https:\/\/secure.gravatar.com\/avatar\/e67b41513c921c2bb58363f44c8a00a447c9a2526ad8ff71b5b6257e5f7f5c66?s=96&d=mm&r=g","url":"https:\/\/secure.gravatar.com\/avatar\/e67b41513c921c2bb58363f44c8a00a447c9a2526ad8ff71b5b6257e5f7f5c66?s=96&d=mm&r=g","contentUrl":"https:\/\/secure.gravatar.com\/avatar\/e67b41513c921c2bb58363f44c8a00a447c9a2526ad8ff71b5b6257e5f7f5c66?s=96&d=mm&r=g","caption":"ir"},"sameAs":["http:\/\/www.mundi-roth.de"],"url":"https:\/\/www.mundi-roth.de\/teneriffa-blog\/author\/ir\/"}]}},"_links":{"self":[{"href":"https:\/\/www.mundi-roth.de\/teneriffa-blog\/wp-json\/wp\/v2\/posts\/28","targetHints":{"allow":["GET"]}}],"collection":[{"href":"https:\/\/www.mundi-roth.de\/teneriffa-blog\/wp-json\/wp\/v2\/posts"}],"about":[{"href":"https:\/\/www.mundi-roth.de\/teneriffa-blog\/wp-json\/wp\/v2\/types\/post"}],"author":[{"embeddable":true,"href":"https:\/\/www.mundi-roth.de\/teneriffa-blog\/wp-json\/wp\/v2\/users\/3"}],"replies":[{"embeddable":true,"href":"https:\/\/www.mundi-roth.de\/teneriffa-blog\/wp-json\/wp\/v2\/comments?post=28"}],"version-history":[{"count":0,"href":"https:\/\/www.mundi-roth.de\/teneriffa-blog\/wp-json\/wp\/v2\/posts\/28\/revisions"}],"wp:attachment":[{"href":"https:\/\/www.mundi-roth.de\/teneriffa-blog\/wp-json\/wp\/v2\/media?parent=28"}],"wp:term":[{"taxonomy":"category","embeddable":true,"href":"https:\/\/www.mundi-roth.de\/teneriffa-blog\/wp-json\/wp\/v2\/categories?post=28"},{"taxonomy":"post_tag","embeddable":true,"href":"https:\/\/www.mundi-roth.de\/teneriffa-blog\/wp-json\/wp\/v2\/tags?post=28"}],"curies":[{"name":"wp","href":"https:\/\/api.w.org\/{rel}","templated":true}]}}