{"id":282,"date":"2008-04-02T20:00:07","date_gmt":"2008-04-02T19:00:07","guid":{"rendered":"http:\/\/www.mundi-roth.de\/teneriffa-blog\/allgemein\/fortaleza\/"},"modified":"2015-04-12T11:46:50","modified_gmt":"2015-04-12T10:46:50","slug":"fortaleza","status":"publish","type":"post","link":"https:\/\/www.mundi-roth.de\/teneriffa-blog\/wanderungen\/fortaleza\/","title":{"rendered":"Fortaleza"},"content":{"rendered":"<p><a title=\"sany0390.JPG\" href=\"http:\/\/www.mundi-roth.de\/teneriffa-blog\/wp-content\/uploads\/2008\/04\/sany0390.JPG\" rel=\"lightbox[282]\"><img loading=\"lazy\" decoding=\"async\" src=\"http:\/\/www.mundi-roth.de\/teneriffa-blog\/wp-content\/uploads\/2008\/04\/sany0390.thumbnail.JPG\" alt=\"sany0390.JPG\" width=\"128\" height=\"96\" align=\"left\" border=\"0\" hspace=\"3\" vspace=\"3\" \/><\/a><strong>Wer keine Probleme mit der H\u00f6he hat f\u00fcr den ist es eine unvergleichlich sch\u00f6ne Wanderung, geringe H\u00f6henunterschiede, stets den mayest\u00e4tischen Teide vor Augen, eine Vulkanlandschaft der besonderen Art.<\/strong><\/p>\n<p><!--more--><br \/>\n<strong>Wander-Wegstrecke:<\/strong> gut 3 Stunden mit Abstechern<br \/>\n<a title=\"sany0429.jpg\" href=\"http:\/\/www.mundi-roth.de\/teneriffa-blog\/wp-content\/uploads\/2008\/04\/sany0429.jpg\" rel=\"lightbox[282]\"><img loading=\"lazy\" decoding=\"async\" src=\"http:\/\/www.mundi-roth.de\/teneriffa-blog\/wp-content\/uploads\/2008\/04\/sany0429.thumbnail.jpg\" alt=\"sany0429.jpg\" width=\"128\" height=\"96\" align=\"right\" border=\"0\" hspace=\"3\" vspace=\"3\" \/><\/a> Wir starten unsere Wanderung am Besucherzentrum \u2013 Centro de Visitantes (IOC-NA-Besucherzentrum) in El Portillo bei einer H\u00f6he von 2050 m. 15\u00b0C erwarten uns heute, strahlende Sonne und wolkenloser blauer Himmel und wir k\u00f6nnen kurz\u00e4rmlig \u2013 jedoch empfehlenswert: gut eingecremt \u2013 starten.<br \/>\nGleich links neben dem Besucherzentrum gehen wir auf dem zuerst gepflasterten Weg \u2013 Sendero Nr. 1 \u2013 leicht bergauf. Kurz darauf kommen wir auf den mit Steinen links und rechts gut gekennzeichneten Pfad und lassen alle links oder rechts abgehenden Pfade unbeachtet.<br \/>\nNach geraumer Zeit kommen wir an einem Eisenzaum vorbei, \u00f6ffnen das Eisent\u00f6rchen und von nun an ist es ein steter Wechsel von leichtem An- und Abstieg, jedoch von der Bodenbeschaffenheit her sehr gut zu gehen. Wir gehen durch die mit den B\u00fcschen des zum Teil schon violette-bl\u00fchenden Teidelacks und den gr\u00fcnen, kugeligen B\u00fcschen des <a title=\"sany0393.JPG\" href=\"http:\/\/www.mundi-roth.de\/teneriffa-blog\/wp-content\/uploads\/2008\/04\/sany0393.JPG\" rel=\"lightbox[282]\"><img loading=\"lazy\" decoding=\"async\" src=\"http:\/\/www.mundi-roth.de\/teneriffa-blog\/wp-content\/uploads\/2008\/04\/sany0393.thumbnail.JPG\" alt=\"sany0393.JPG\" width=\"128\" height=\"96\" align=\"right\" border=\"0\" hspace=\"3\" vspace=\"3\" \/><\/a>behaarten Federkopf, der Teide-Skabiose, von uns Deutschen so bezeichnet, die Canarios sagen liebevoll &#8222;Rosalito salvaje&#8220; dazu. M\u00e4chtige Ginsterb\u00fcsche und zum Teil &#8211; rechter Hand -Kiefernwaldbestand begleiten uns. Und nat\u00fcrlich: stets im Blick der Pico del Teide und linker Hand Monta\u00f1a Blanca.<br \/>\n<a title=\"sany0400.JPG\" href=\"http:\/\/www.mundi-roth.de\/teneriffa-blog\/wp-content\/uploads\/2008\/04\/sany0400.JPG\" rel=\"lightbox[282]\"><img loading=\"lazy\" decoding=\"async\" src=\"http:\/\/www.mundi-roth.de\/teneriffa-blog\/wp-content\/uploads\/2008\/04\/sany0400.thumbnail.JPG\" alt=\"sany0400.JPG\" width=\"128\" height=\"96\" align=\"left\" border=\"0\" hspace=\"3\" vspace=\"3\" \/><\/a> Nach einer Stunde kommen wir in die langgezogene sandige Ebene \u2013 Ca\u00f1ada de los Guancheros &#8211; von der aus der kurze, ca. 10 Minuten dauernde Aufstieg bis zur Kapelle \u2013 Cruz de Fregel \u2013 rechts abzweigt.<br \/>\n<a title=\"p1010819.JPG\" href=\"http:\/\/www.mundi-roth.de\/teneriffa-blog\/wp-content\/uploads\/2008\/04\/p1010819.JPG\" rel=\"lightbox[282]\"><img loading=\"lazy\" decoding=\"async\" src=\"http:\/\/www.mundi-roth.de\/teneriffa-blog\/wp-content\/uploads\/2008\/04\/p1010819.thumbnail.JPG\" alt=\"p1010819.JPG\" width=\"128\" height=\"96\" align=\"right\" border=\"0\" hspace=\"3\" vspace=\"3\" \/><\/a> Vor dem Brand befand sich hier ein Picknickplatz mit Tischen und B\u00e4nken, die jedoch ein Opfer der Flammen wurden.<br \/>\nErstaunlich: Die um die Kapelle wachsenden Kiefern sind sch\u00f6n gr\u00fcn, unmittelbar rechter Hand, hinter dem M\u00e4uerchen, w\u00fctete der Brand und die verkohlten Kiefernst\u00e4mme geben mit ihrem zarten Neuaustrieb Hoffnung.<br \/>\nHier, auf dieser Anh\u00f6he, endet die Wanderung \u2013 Sendero 1 \u2013 die vom Ver\u00f6ffentlichungsdienst des Nationaparks in einer Karte dargestellt wird.<br \/>\nWir wollen jedoch noch etwas in dieser herrlichen Landschaft verweilen.<\/p>\n<p><a title=\"p1010794.JPG\" href=\"http:\/\/www.mundi-roth.de\/teneriffa-blog\/wp-content\/uploads\/2008\/04\/p1010794.JPG\" rel=\"lightbox[282]\"><img loading=\"lazy\" decoding=\"async\" src=\"http:\/\/www.mundi-roth.de\/teneriffa-blog\/wp-content\/uploads\/2008\/04\/p1010794.thumbnail.JPG\" alt=\"p1010794.JPG\" width=\"128\" height=\"96\" align=\"left\" border=\"0\" hspace=\"3\" vspace=\"3\" \/><\/a>Nach einer kurzen Rast gehen wir im R\u00fccken der Kapelle auf dem <a title=\"p1010793.JPG\" href=\"http:\/\/www.mundi-roth.de\/teneriffa-blog\/wp-content\/uploads\/2008\/04\/p1010793.JPG\" rel=\"lightbox[282]\"><img loading=\"lazy\" decoding=\"async\" src=\"http:\/\/www.mundi-roth.de\/teneriffa-blog\/wp-content\/uploads\/2008\/04\/p1010793.thumbnail.JPG\" alt=\"p1010793.JPG\" width=\"128\" height=\"96\" align=\"right\" border=\"0\" hspace=\"3\" vspace=\"3\" \/><\/a>breiten, leicht ansteigenden Weg, an einer kleinen Gedenkst\u00e4tte vorbei, aufw\u00e4rts. Links geht ein kleiner Pfad ab, den wir unbeachtet lassen. Wir folgen dem gut sichtbaren Pfad, der sich vorbei an vereinzelten Exemplaren der &#8222;Kanarischen Zeder&#8220; &#8211; die keine echte <a title=\"p1010802.JPG\" href=\"http:\/\/www.mundi-roth.de\/teneriffa-blog\/wp-content\/uploads\/2008\/04\/p1010802.JPG\" rel=\"lightbox[282]\"><img loading=\"lazy\" decoding=\"async\" src=\"http:\/\/www.mundi-roth.de\/teneriffa-blog\/wp-content\/uploads\/2008\/04\/p1010802.thumbnail.JPG\" alt=\"p1010802.JPG\" width=\"128\" height=\"96\" align=\"left\" border=\"0\" hspace=\"3\" vspace=\"3\" \/><\/a>Zeder, sondern eine seltene, endemische Wacholder-Art ist &#8211; und Ginsterb\u00fcschen entlang schl\u00e4ngelt &#8211; stets leicht rechtshaltend &#8211; bis wir einen sch\u00f6nen Blick in das Orotava-Tal haben. Wir genie\u00dfen den Blick auf den Pico Teide, Monta\u00f1a Blanca, auf die vorgelagerten Vulkane und gehen nun zur\u00fcck bis kurz vor einer alleinstehenden <a title=\"p1010809.JPG\" href=\"http:\/\/www.mundi-roth.de\/teneriffa-blog\/wp-content\/uploads\/2008\/04\/p1010809.JPG\" rel=\"lightbox[282]\"><img loading=\"lazy\" decoding=\"async\" src=\"http:\/\/www.mundi-roth.de\/teneriffa-blog\/wp-content\/uploads\/2008\/04\/p1010809.thumbnail.JPG\" alt=\"p1010809.JPG\" width=\"128\" height=\"96\" align=\"right\" border=\"0\" hspace=\"3\" vspace=\"3\" \/><\/a>Kiefer, durch Steinm\u00e4nnchen gekennzeichnet, ein schmaler, kaum zu erkennender Weg abzweigt. Dem folgen wir bergauf, zum Teil \u00fcber dicke Felsbrocken und \u2013platten, schlecht zu gehen, bis wir wieder <a title=\"p1010814.JPG\" href=\"http:\/\/www.mundi-roth.de\/teneriffa-blog\/wp-content\/uploads\/2008\/04\/p1010814.JPG\" rel=\"lightbox[282]\"><img loading=\"lazy\" decoding=\"async\" src=\"http:\/\/www.mundi-roth.de\/teneriffa-blog\/wp-content\/uploads\/2008\/04\/p1010814.thumbnail.JPG\" alt=\"p1010814.JPG\" width=\"128\" height=\"96\" align=\"left\" border=\"0\" hspace=\"3\" vspace=\"3\" \/><\/a>rechts von den Felsen einen phantastischen Blick in die beigefarbene Sandebene und auf bizarre Felsformationen haben.<br \/>\nOben, am h\u00f6chsten Punkt des Pico de la Fortaleza, freuen wir uns \u00fcber unsere Abenteuerlust und den grandiosen \u00dcberblick. Wir haben den Risco de la Fortaleza gemacht! 2159 m hoch!<\/p>\n<p>Den Abstieg vom &#8222;Steilen Felsen&#8220; = &#8222;Risco&#8220; finden wir \u2013 Dank Steinm\u00e4nnchen \u2013 recht gut, es empfiehlt sich jedoch, ihn \u00e4u\u00dferst vorsichtig zu gehen, da Rutschgefahrt, und kommen wieder bei der Kapelle aus.<br \/>\nLinks von der Kapelle f\u00fchrt ein Weg unterhalb des Pico de la Fortaleza entlang. Auf diesem Weg gelangt man in einem gr\u00f6\u00dferen Bogen in die Sandebene und erreicht dann wieder unseren Hinweg, der von hier aus auch der R\u00fcckweg ist.<br \/>\nWir haben uns diesen Bogen gespart und sind gleich \u2013 wie wir gekommen sind \u2013 nach unten gegangen.<br \/>\n<a title=\"sany0399.JPG\" href=\"http:\/\/www.mundi-roth.de\/teneriffa-blog\/wp-content\/uploads\/2008\/04\/sany0399.JPG\" rel=\"lightbox[282]\"><img loading=\"lazy\" decoding=\"async\" src=\"http:\/\/www.mundi-roth.de\/teneriffa-blog\/wp-content\/uploads\/2008\/04\/sany0399.thumbnail.JPG\" alt=\"sany0399.JPG\" width=\"96\" height=\"128\" align=\"left\" border=\"0\" hspace=\"3\" vspace=\"3\" \/><\/a> Auf dem R\u00fcckweg &#8211; immer den majest\u00e4tischen Teide im Blick -muss man sich nicht von den abgehenden Wegen ablenken lassen.<br \/>\nWir halten auf den Kiefernwald zu, kommen an den &#8222;Natur-Steinb\u00e4nken&#8220; vorbei, die ich auf dem Hinweg nicht erw\u00e4hnt habe, erkennen das Hinweisschild \u201eportillo\u201c, durchqueren das Eisent\u00f6rchen und wissen: Wir sind auf dem richtigen Weg.<\/p>\n<p>Haben wir unsere Wanderung links des Besucherzentrums begonnen, beenden wir sie rechts, das gibt uns die M\u00f6glichkeit durch den hier angelegten sehr lehrreichen Botanischen Garten zu gehen und k\u00f6nnen dabei die Pflanzen, die uns unterwegs begegnet sind, namentlich identifizieren.<\/p>\n<p><strong>Tipp:<\/strong><br \/>\nMan sollte soviel Zeit einplanen, dass man sich in dem sehenswerten und informativen Besucherzentrum, unter anderem mit einer Filmvorf\u00fchrung \u00fcber den Vulkanismus, \u201eschlau\u201c machen lassen kann sowie \u00fcber Flora, Fauna und Gesteine.<\/p>\n<p><strong>Botanik:<\/strong><br \/>\n<a title=\"p1010799a.jpg\" href=\"http:\/\/www.mundi-roth.de\/teneriffa-blog\/wp-content\/uploads\/2008\/04\/p1010799a.jpg\" rel=\"lightbox[282]\"><img loading=\"lazy\" decoding=\"async\" src=\"http:\/\/www.mundi-roth.de\/teneriffa-blog\/wp-content\/uploads\/2008\/04\/p1010799a.thumbnail.jpg\" alt=\"p1010799a.jpg\" width=\"95\" height=\"100\" align=\"left\" border=\"0\" hspace=\"3\" vspace=\"3\" \/><\/a> Besen-Sch\u00f6terich, Teidelack (Erysimum scoparium ) \u201eAlheli del Teide\u201c<br \/>\nEs handelt sich um einen graugr\u00fcnen Halbstrauch mit anliegender <a title=\"sany0407.JPG\" href=\"http:\/\/www.mundi-roth.de\/teneriffa-blog\/wp-content\/uploads\/2008\/04\/sany0407.JPG\" rel=\"lightbox[282]\"><img loading=\"lazy\" decoding=\"async\" src=\"http:\/\/www.mundi-roth.de\/teneriffa-blog\/wp-content\/uploads\/2008\/04\/sany0407.thumbnail.JPG\" alt=\"sany0407.JPG\" width=\"96\" height=\"128\" align=\"right\" border=\"0\" hspace=\"3\" vspace=\"3\" \/><\/a>Behaarung. Bl\u00e4tter schopfig unterhalb der Bl\u00fctentrauben, linealanlanzettlich, granzrandi, auf Ober- und Unterseite mt \u00fcberwiegend 2armigen Haaren, bis 8 x 0,7 cm. Bl\u00fcten hellviolett, 2-4 mm lang gestielt. 2 der 4 Kelchbl\u00e4tter ander Spitze mit kleinem Anh\u00e4ngsel. Schoten 3-6 cm lang. vor allem mit 3armigen Haaren und ausdauerndem, 2-4,5 mm langem Griffel.<br \/>\nVorkommen. Ca\u00f1adas, Teneriffa-Endemit.<\/p>\n<p><strong>Restaurant:<\/strong><br \/>\n<a title=\"sany0432.jpg\" href=\"http:\/\/www.mundi-roth.de\/teneriffa-blog\/wp-content\/uploads\/2008\/04\/sany0432.jpg\" rel=\"lightbox[282]\"><img loading=\"lazy\" decoding=\"async\" src=\"http:\/\/www.mundi-roth.de\/teneriffa-blog\/wp-content\/uploads\/2008\/04\/sany0432.thumbnail.jpg\" alt=\"sany0432.jpg\" width=\"120\" height=\"60\" align=\"right\" border=\"0\" hspace=\"3\" vspace=\"3\" \/><\/a> Asador El Portillo.<br \/>\nEs gibt sicher n\u00e4here Restaurants. Aber der Umweg nach San Miguel lohnt sich immer:<br \/>\nK\u00f6stliche Entrecotes, oder die doppelte Version: Churasco.<br \/>\nAuf dem Holzkohlengrill, der in Kleinformat auf den Tisch kommt und kann jeder das Fleisch nach seinem Gusto weitergrillen. HMMMM!<\/p>\n<p><strong>Anfahrt:<\/strong><\/p>\n<p><a title=\"anfahrt.jpg\" href=\"http:\/\/www.mundi-roth.de\/teneriffa-blog\/wp-content\/uploads\/2008\/04\/anfahrt.jpg\" rel=\"lightbox[282]\"><img loading=\"lazy\" decoding=\"async\" src=\"http:\/\/www.mundi-roth.de\/teneriffa-blog\/wp-content\/uploads\/2008\/04\/anfahrt.thumbnail.jpg\" alt=\"anfahrt.jpg\" width=\"105\" height=\"110\" align=\"right\" border=\"0\" hspace=\"3\" vspace=\"3\" \/><\/a>Es gibt mehrere M\u00f6glichkeiten, um in die Ca\u00f1adas zu fahren. Wir hatten uns f\u00fcr die Anfahrt aus Richtung Los Cristianos \u00fcber die TF 28 \/ TF 51 nach Arona und weiter \u00fcber Vilaflor und dann die TF 21 zum Nationalpark Teide entschieden. Von Boca de Tauche folgen wir der Stra\u00dfe vorbei am Parador und der Seilbahn bis zum Besucher-Center El Portillo.<\/p>\n","protected":false},"excerpt":{"rendered":"<p>Wer keine Probleme mit der H\u00f6he hat f\u00fcr den ist es eine unvergleichlich sch\u00f6ne Wanderung, geringe H\u00f6henunterschiede, stets den mayest\u00e4tischen Teide vor Augen, eine Vulkanlandschaft der besonderen Art.<\/p>\n","protected":false},"author":3,"featured_media":0,"comment_status":"open","ping_status":"open","sticky":false,"template":"","format":"standard","meta":{"footnotes":""},"categories":[779,6],"tags":[133,131,135,136,134,3,4],"class_list":["post-282","post","type-post","status-publish","format-standard","hentry","category-canadas","category-wanderungen","tag-besucherzentrum","tag-canadas","tag-churasco","tag-fortaleza","tag-portillo","tag-teneriffa","tag-wandern"],"yoast_head":"<!-- This site is optimized with the Yoast SEO plugin v27.5 - https:\/\/yoast.com\/product\/yoast-seo-wordpress\/ -->\n<title>Fortaleza - Teneriffa Wandern<\/title>\n<meta name=\"robots\" content=\"index, follow, max-snippet:-1, max-image-preview:large, max-video-preview:-1\" \/>\n<link rel=\"canonical\" href=\"https:\/\/www.mundi-roth.de\/teneriffa-blog\/wanderungen\/fortaleza\/\" \/>\n<meta name=\"twitter:label1\" content=\"Verfasst von\" \/>\n\t<meta name=\"twitter:data1\" content=\"ir\" \/>\n\t<meta name=\"twitter:label2\" content=\"Gesch\u00e4tzte Lesezeit\" \/>\n\t<meta name=\"twitter:data2\" content=\"5\u00a0Minuten\" \/>\n<script type=\"application\/ld+json\" class=\"yoast-schema-graph\">{\"@context\":\"https:\\\/\\\/schema.org\",\"@graph\":[{\"@type\":\"Article\",\"@id\":\"https:\\\/\\\/www.mundi-roth.de\\\/teneriffa-blog\\\/wanderungen\\\/fortaleza\\\/#article\",\"isPartOf\":{\"@id\":\"https:\\\/\\\/www.mundi-roth.de\\\/teneriffa-blog\\\/wanderungen\\\/fortaleza\\\/\"},\"author\":{\"name\":\"ir\",\"@id\":\"https:\\\/\\\/www.mundi-roth.de\\\/teneriffa-blog\\\/#\\\/schema\\\/person\\\/3afd0d251449790d15367c9aa52d203d\"},\"headline\":\"Fortaleza\",\"datePublished\":\"2008-04-02T19:00:07+00:00\",\"dateModified\":\"2015-04-12T10:46:50+00:00\",\"mainEntityOfPage\":{\"@id\":\"https:\\\/\\\/www.mundi-roth.de\\\/teneriffa-blog\\\/wanderungen\\\/fortaleza\\\/\"},\"wordCount\":932,\"commentCount\":0,\"image\":{\"@id\":\"https:\\\/\\\/www.mundi-roth.de\\\/teneriffa-blog\\\/wanderungen\\\/fortaleza\\\/#primaryimage\"},\"thumbnailUrl\":\"http:\\\/\\\/www.mundi-roth.de\\\/teneriffa-blog\\\/wp-content\\\/uploads\\\/2008\\\/04\\\/sany0390.thumbnail.JPG\",\"keywords\":[\"Besucherzentrum\",\"Ca\u00f1adas\",\"Churasco\",\"Fortaleza\",\"Portillo\",\"Teneriffa\",\"Wandern\"],\"articleSection\":[\"Ca\u00f1adas\",\"Wanderungen\"],\"inLanguage\":\"de\",\"potentialAction\":[{\"@type\":\"CommentAction\",\"name\":\"Comment\",\"target\":[\"https:\\\/\\\/www.mundi-roth.de\\\/teneriffa-blog\\\/wanderungen\\\/fortaleza\\\/#respond\"]}]},{\"@type\":\"WebPage\",\"@id\":\"https:\\\/\\\/www.mundi-roth.de\\\/teneriffa-blog\\\/wanderungen\\\/fortaleza\\\/\",\"url\":\"https:\\\/\\\/www.mundi-roth.de\\\/teneriffa-blog\\\/wanderungen\\\/fortaleza\\\/\",\"name\":\"Fortaleza - Teneriffa Wandern\",\"isPartOf\":{\"@id\":\"https:\\\/\\\/www.mundi-roth.de\\\/teneriffa-blog\\\/#website\"},\"primaryImageOfPage\":{\"@id\":\"https:\\\/\\\/www.mundi-roth.de\\\/teneriffa-blog\\\/wanderungen\\\/fortaleza\\\/#primaryimage\"},\"image\":{\"@id\":\"https:\\\/\\\/www.mundi-roth.de\\\/teneriffa-blog\\\/wanderungen\\\/fortaleza\\\/#primaryimage\"},\"thumbnailUrl\":\"http:\\\/\\\/www.mundi-roth.de\\\/teneriffa-blog\\\/wp-content\\\/uploads\\\/2008\\\/04\\\/sany0390.thumbnail.JPG\",\"datePublished\":\"2008-04-02T19:00:07+00:00\",\"dateModified\":\"2015-04-12T10:46:50+00:00\",\"author\":{\"@id\":\"https:\\\/\\\/www.mundi-roth.de\\\/teneriffa-blog\\\/#\\\/schema\\\/person\\\/3afd0d251449790d15367c9aa52d203d\"},\"breadcrumb\":{\"@id\":\"https:\\\/\\\/www.mundi-roth.de\\\/teneriffa-blog\\\/wanderungen\\\/fortaleza\\\/#breadcrumb\"},\"inLanguage\":\"de\",\"potentialAction\":[{\"@type\":\"ReadAction\",\"target\":[\"https:\\\/\\\/www.mundi-roth.de\\\/teneriffa-blog\\\/wanderungen\\\/fortaleza\\\/\"]}]},{\"@type\":\"ImageObject\",\"inLanguage\":\"de\",\"@id\":\"https:\\\/\\\/www.mundi-roth.de\\\/teneriffa-blog\\\/wanderungen\\\/fortaleza\\\/#primaryimage\",\"url\":\"http:\\\/\\\/www.mundi-roth.de\\\/teneriffa-blog\\\/wp-content\\\/uploads\\\/2008\\\/04\\\/sany0390.thumbnail.JPG\",\"contentUrl\":\"http:\\\/\\\/www.mundi-roth.de\\\/teneriffa-blog\\\/wp-content\\\/uploads\\\/2008\\\/04\\\/sany0390.thumbnail.JPG\"},{\"@type\":\"BreadcrumbList\",\"@id\":\"https:\\\/\\\/www.mundi-roth.de\\\/teneriffa-blog\\\/wanderungen\\\/fortaleza\\\/#breadcrumb\",\"itemListElement\":[{\"@type\":\"ListItem\",\"position\":1,\"name\":\"Startseite\",\"item\":\"https:\\\/\\\/www.mundi-roth.de\\\/teneriffa-blog\\\/\"},{\"@type\":\"ListItem\",\"position\":2,\"name\":\"Fortaleza\"}]},{\"@type\":\"WebSite\",\"@id\":\"https:\\\/\\\/www.mundi-roth.de\\\/teneriffa-blog\\\/#website\",\"url\":\"https:\\\/\\\/www.mundi-roth.de\\\/teneriffa-blog\\\/\",\"name\":\"Teneriffa Wandern\",\"description\":\"Nicht nur Wanderungen auf Teneriffa...\",\"potentialAction\":[{\"@type\":\"SearchAction\",\"target\":{\"@type\":\"EntryPoint\",\"urlTemplate\":\"https:\\\/\\\/www.mundi-roth.de\\\/teneriffa-blog\\\/?s={search_term_string}\"},\"query-input\":{\"@type\":\"PropertyValueSpecification\",\"valueRequired\":true,\"valueName\":\"search_term_string\"}}],\"inLanguage\":\"de\"},{\"@type\":\"Person\",\"@id\":\"https:\\\/\\\/www.mundi-roth.de\\\/teneriffa-blog\\\/#\\\/schema\\\/person\\\/3afd0d251449790d15367c9aa52d203d\",\"name\":\"ir\",\"image\":{\"@type\":\"ImageObject\",\"inLanguage\":\"de\",\"@id\":\"https:\\\/\\\/secure.gravatar.com\\\/avatar\\\/e67b41513c921c2bb58363f44c8a00a447c9a2526ad8ff71b5b6257e5f7f5c66?s=96&d=mm&r=g\",\"url\":\"https:\\\/\\\/secure.gravatar.com\\\/avatar\\\/e67b41513c921c2bb58363f44c8a00a447c9a2526ad8ff71b5b6257e5f7f5c66?s=96&d=mm&r=g\",\"contentUrl\":\"https:\\\/\\\/secure.gravatar.com\\\/avatar\\\/e67b41513c921c2bb58363f44c8a00a447c9a2526ad8ff71b5b6257e5f7f5c66?s=96&d=mm&r=g\",\"caption\":\"ir\"},\"sameAs\":[\"http:\\\/\\\/www.mundi-roth.de\"],\"url\":\"https:\\\/\\\/www.mundi-roth.de\\\/teneriffa-blog\\\/author\\\/ir\\\/\"}]}<\/script>\n<!-- \/ Yoast SEO plugin. -->","yoast_head_json":{"title":"Fortaleza - Teneriffa Wandern","robots":{"index":"index","follow":"follow","max-snippet":"max-snippet:-1","max-image-preview":"max-image-preview:large","max-video-preview":"max-video-preview:-1"},"canonical":"https:\/\/www.mundi-roth.de\/teneriffa-blog\/wanderungen\/fortaleza\/","twitter_misc":{"Verfasst von":"ir","Gesch\u00e4tzte Lesezeit":"5\u00a0Minuten"},"schema":{"@context":"https:\/\/schema.org","@graph":[{"@type":"Article","@id":"https:\/\/www.mundi-roth.de\/teneriffa-blog\/wanderungen\/fortaleza\/#article","isPartOf":{"@id":"https:\/\/www.mundi-roth.de\/teneriffa-blog\/wanderungen\/fortaleza\/"},"author":{"name":"ir","@id":"https:\/\/www.mundi-roth.de\/teneriffa-blog\/#\/schema\/person\/3afd0d251449790d15367c9aa52d203d"},"headline":"Fortaleza","datePublished":"2008-04-02T19:00:07+00:00","dateModified":"2015-04-12T10:46:50+00:00","mainEntityOfPage":{"@id":"https:\/\/www.mundi-roth.de\/teneriffa-blog\/wanderungen\/fortaleza\/"},"wordCount":932,"commentCount":0,"image":{"@id":"https:\/\/www.mundi-roth.de\/teneriffa-blog\/wanderungen\/fortaleza\/#primaryimage"},"thumbnailUrl":"http:\/\/www.mundi-roth.de\/teneriffa-blog\/wp-content\/uploads\/2008\/04\/sany0390.thumbnail.JPG","keywords":["Besucherzentrum","Ca\u00f1adas","Churasco","Fortaleza","Portillo","Teneriffa","Wandern"],"articleSection":["Ca\u00f1adas","Wanderungen"],"inLanguage":"de","potentialAction":[{"@type":"CommentAction","name":"Comment","target":["https:\/\/www.mundi-roth.de\/teneriffa-blog\/wanderungen\/fortaleza\/#respond"]}]},{"@type":"WebPage","@id":"https:\/\/www.mundi-roth.de\/teneriffa-blog\/wanderungen\/fortaleza\/","url":"https:\/\/www.mundi-roth.de\/teneriffa-blog\/wanderungen\/fortaleza\/","name":"Fortaleza - Teneriffa Wandern","isPartOf":{"@id":"https:\/\/www.mundi-roth.de\/teneriffa-blog\/#website"},"primaryImageOfPage":{"@id":"https:\/\/www.mundi-roth.de\/teneriffa-blog\/wanderungen\/fortaleza\/#primaryimage"},"image":{"@id":"https:\/\/www.mundi-roth.de\/teneriffa-blog\/wanderungen\/fortaleza\/#primaryimage"},"thumbnailUrl":"http:\/\/www.mundi-roth.de\/teneriffa-blog\/wp-content\/uploads\/2008\/04\/sany0390.thumbnail.JPG","datePublished":"2008-04-02T19:00:07+00:00","dateModified":"2015-04-12T10:46:50+00:00","author":{"@id":"https:\/\/www.mundi-roth.de\/teneriffa-blog\/#\/schema\/person\/3afd0d251449790d15367c9aa52d203d"},"breadcrumb":{"@id":"https:\/\/www.mundi-roth.de\/teneriffa-blog\/wanderungen\/fortaleza\/#breadcrumb"},"inLanguage":"de","potentialAction":[{"@type":"ReadAction","target":["https:\/\/www.mundi-roth.de\/teneriffa-blog\/wanderungen\/fortaleza\/"]}]},{"@type":"ImageObject","inLanguage":"de","@id":"https:\/\/www.mundi-roth.de\/teneriffa-blog\/wanderungen\/fortaleza\/#primaryimage","url":"http:\/\/www.mundi-roth.de\/teneriffa-blog\/wp-content\/uploads\/2008\/04\/sany0390.thumbnail.JPG","contentUrl":"http:\/\/www.mundi-roth.de\/teneriffa-blog\/wp-content\/uploads\/2008\/04\/sany0390.thumbnail.JPG"},{"@type":"BreadcrumbList","@id":"https:\/\/www.mundi-roth.de\/teneriffa-blog\/wanderungen\/fortaleza\/#breadcrumb","itemListElement":[{"@type":"ListItem","position":1,"name":"Startseite","item":"https:\/\/www.mundi-roth.de\/teneriffa-blog\/"},{"@type":"ListItem","position":2,"name":"Fortaleza"}]},{"@type":"WebSite","@id":"https:\/\/www.mundi-roth.de\/teneriffa-blog\/#website","url":"https:\/\/www.mundi-roth.de\/teneriffa-blog\/","name":"Teneriffa Wandern","description":"Nicht nur Wanderungen auf Teneriffa...","potentialAction":[{"@type":"SearchAction","target":{"@type":"EntryPoint","urlTemplate":"https:\/\/www.mundi-roth.de\/teneriffa-blog\/?s={search_term_string}"},"query-input":{"@type":"PropertyValueSpecification","valueRequired":true,"valueName":"search_term_string"}}],"inLanguage":"de"},{"@type":"Person","@id":"https:\/\/www.mundi-roth.de\/teneriffa-blog\/#\/schema\/person\/3afd0d251449790d15367c9aa52d203d","name":"ir","image":{"@type":"ImageObject","inLanguage":"de","@id":"https:\/\/secure.gravatar.com\/avatar\/e67b41513c921c2bb58363f44c8a00a447c9a2526ad8ff71b5b6257e5f7f5c66?s=96&d=mm&r=g","url":"https:\/\/secure.gravatar.com\/avatar\/e67b41513c921c2bb58363f44c8a00a447c9a2526ad8ff71b5b6257e5f7f5c66?s=96&d=mm&r=g","contentUrl":"https:\/\/secure.gravatar.com\/avatar\/e67b41513c921c2bb58363f44c8a00a447c9a2526ad8ff71b5b6257e5f7f5c66?s=96&d=mm&r=g","caption":"ir"},"sameAs":["http:\/\/www.mundi-roth.de"],"url":"https:\/\/www.mundi-roth.de\/teneriffa-blog\/author\/ir\/"}]}},"_links":{"self":[{"href":"https:\/\/www.mundi-roth.de\/teneriffa-blog\/wp-json\/wp\/v2\/posts\/282","targetHints":{"allow":["GET"]}}],"collection":[{"href":"https:\/\/www.mundi-roth.de\/teneriffa-blog\/wp-json\/wp\/v2\/posts"}],"about":[{"href":"https:\/\/www.mundi-roth.de\/teneriffa-blog\/wp-json\/wp\/v2\/types\/post"}],"author":[{"embeddable":true,"href":"https:\/\/www.mundi-roth.de\/teneriffa-blog\/wp-json\/wp\/v2\/users\/3"}],"replies":[{"embeddable":true,"href":"https:\/\/www.mundi-roth.de\/teneriffa-blog\/wp-json\/wp\/v2\/comments?post=282"}],"version-history":[{"count":0,"href":"https:\/\/www.mundi-roth.de\/teneriffa-blog\/wp-json\/wp\/v2\/posts\/282\/revisions"}],"wp:attachment":[{"href":"https:\/\/www.mundi-roth.de\/teneriffa-blog\/wp-json\/wp\/v2\/media?parent=282"}],"wp:term":[{"taxonomy":"category","embeddable":true,"href":"https:\/\/www.mundi-roth.de\/teneriffa-blog\/wp-json\/wp\/v2\/categories?post=282"},{"taxonomy":"post_tag","embeddable":true,"href":"https:\/\/www.mundi-roth.de\/teneriffa-blog\/wp-json\/wp\/v2\/tags?post=282"}],"curies":[{"name":"wp","href":"https:\/\/api.w.org\/{rel}","templated":true}]}}