{"id":2847,"date":"2013-12-17T22:00:35","date_gmt":"2013-12-17T21:00:35","guid":{"rendered":"http:\/\/www.mundi-roth.de\/teneriffa-blog\/?p=2847"},"modified":"2016-05-27T10:20:38","modified_gmt":"2016-05-27T09:20:38","slug":"monomento-natural-los-derriscaderos","status":"publish","type":"post","link":"https:\/\/www.mundi-roth.de\/teneriffa-blog\/wanderungen\/monomento-natural-los-derriscaderos\/","title":{"rendered":"Monomento Natural  Los Derriscaderos"},"content":{"rendered":"<h3 style=\"text-align: center;\">Wanderung ab der Haifischflosse<br \/>\nan der TF 1 Abfahrt 51<\/h3>\n<p>Auf diese Wanderung wurden wir durch<a href=\"https:\/\/picasaweb.google.com\/116940229988364070836\/09122013_Cielo_Haifischflosse_Barranco\"> Bayernfranz<\/a> aufmerksam, der sie mit den GPS-Daten versehen ins Internet gestellt hat.<br \/>\nElisabeth lud sich die Daten auf ihr Handy und so ger\u00fcstet starteten wir das Unterfangen, zum ersten Mal durch GPS-Daten gesteuert eine Wanderung zu unternehmen.<br \/>\nJedoch: Es sollte nicht gelingen. Bereits beim Start hie\u00df es: \u201eSignal schwach\u201c. Es war nichts zu erkennen.<\/p>\n<p>Also: Wie gehabt auf eigene Faust, vertrauend auf die Pfadfinderf\u00e4higkeiten und<\/p>\n<div id=\"attachment_2874\" style=\"width: 160px\" class=\"wp-caption alignright\"><a href=\"http:\/\/www.mundi-roth.de\/teneriffa-blog\/wp-content\/uploads\/2013\/12\/Track022.jpg\" rel=\"lightbox[2847]\"><img loading=\"lazy\" decoding=\"async\" aria-describedby=\"caption-attachment-2874\" class=\"size-thumbnail wp-image-2874\" src=\"http:\/\/www.mundi-roth.de\/teneriffa-blog\/wp-content\/uploads\/2013\/12\/Track022-150x93.jpg\" alt=\"Irtrungen und Wirrungen\" width=\"150\" height=\"93\" srcset=\"https:\/\/www.mundi-roth.de\/teneriffa-blog\/wp-content\/uploads\/2013\/12\/Track022-150x93.jpg 150w, https:\/\/www.mundi-roth.de\/teneriffa-blog\/wp-content\/uploads\/2013\/12\/Track022-300x187.jpg 300w, https:\/\/www.mundi-roth.de\/teneriffa-blog\/wp-content\/uploads\/2013\/12\/Track022.jpg 588w\" sizes=\"auto, (max-width: 150px) 100vw, 150px\" \/><\/a><p id=\"caption-attachment-2874\" class=\"wp-caption-text\">Irrungen und Wirrungen<\/p><\/div>\n<p>Intuition.<br \/>\nEs gelang halbwegs.<\/p>\n<p>Jedoch: Egal, ob man nun punktgenau geht oder &#8211; wie wir teilweise herumirrt &#8211; die Landschaft ist spektakul\u00e4r und es spielt keine Rolle, welche Wege man einschl\u00e4gt: Es gibt stets neue, phantastische An- Aus- Einblicke.<\/p>\n<p><strong>Wanderwegzeit:<\/strong> 2 Stunden 30 Minuten \u2013 ohne Apfelpause<\/p>\n<p>Wir nehmen \u2013 aus Los Cristianos kommend \u2013 die Abfahrt 51 der TF 1, fahren bis zum Kreisel Richtung Gewerbegebiet und wieder \u00fcber die Br\u00fccke zur\u00fcck Richtung Autobahnaufahrt Los Cristianos.<\/p>\n<div id=\"attachment_2848\" style=\"width: 160px\" class=\"wp-caption alignright\"><a href=\"http:\/\/www.mundi-roth.de\/teneriffa-blog\/wp-content\/uploads\/2013\/12\/P1120897.jpg\" rel=\"lightbox[2847]\"><img loading=\"lazy\" decoding=\"async\" aria-describedby=\"caption-attachment-2848\" class=\"size-thumbnail wp-image-2848\" src=\"http:\/\/www.mundi-roth.de\/teneriffa-blog\/wp-content\/uploads\/2013\/12\/P1120897-150x112.jpg\" alt=\"Die Haifischflosse\" width=\"150\" height=\"112\" srcset=\"https:\/\/www.mundi-roth.de\/teneriffa-blog\/wp-content\/uploads\/2013\/12\/P1120897-150x112.jpg 150w, https:\/\/www.mundi-roth.de\/teneriffa-blog\/wp-content\/uploads\/2013\/12\/P1120897-300x225.jpg 300w, https:\/\/www.mundi-roth.de\/teneriffa-blog\/wp-content\/uploads\/2013\/12\/P1120897.jpg 800w\" sizes=\"auto, (max-width: 150px) 100vw, 150px\" \/><\/a><p id=\"caption-attachment-2848\" class=\"wp-caption-text\">Die Haifischflosse<\/p><\/div>\n<p>Auf der Br\u00fccke mit der markanten Skulptur der<\/p>\n<div id=\"attachment_2849\" style=\"width: 160px\" class=\"wp-caption alignleft\"><a href=\"http:\/\/www.mundi-roth.de\/teneriffa-blog\/wp-content\/uploads\/2013\/12\/P1120899.jpg\" rel=\"lightbox[2847]\"><img loading=\"lazy\" decoding=\"async\" aria-describedby=\"caption-attachment-2849\" class=\"size-thumbnail wp-image-2849\" src=\"http:\/\/www.mundi-roth.de\/teneriffa-blog\/wp-content\/uploads\/2013\/12\/P1120899-150x112.jpg\" alt=\"Parkm\u00f6glichkeit\" width=\"150\" height=\"112\" srcset=\"https:\/\/www.mundi-roth.de\/teneriffa-blog\/wp-content\/uploads\/2013\/12\/P1120899-150x112.jpg 150w, https:\/\/www.mundi-roth.de\/teneriffa-blog\/wp-content\/uploads\/2013\/12\/P1120899-300x225.jpg 300w, https:\/\/www.mundi-roth.de\/teneriffa-blog\/wp-content\/uploads\/2013\/12\/P1120899.jpg 800w\" sizes=\"auto, (max-width: 150px) 100vw, 150px\" \/><\/a><p id=\"caption-attachment-2849\" class=\"wp-caption-text\">Parkm\u00f6glichkeit<\/p><\/div>\n<p>Haifischflosse parken wir auf dem Parkstreifen und finden den Einstieg erstmal gef\u00e4hrlich, denn wir m\u00fcssen sowohl die Autobahnausfahrt wie\u00a0 -einfahrt queren.<\/p>\n<div id=\"attachment_2850\" style=\"width: 160px\" class=\"wp-caption alignright\"><a href=\"http:\/\/www.mundi-roth.de\/teneriffa-blog\/wp-content\/uploads\/2013\/12\/P1120901.jpg\" rel=\"lightbox[2847]\"><img loading=\"lazy\" decoding=\"async\" aria-describedby=\"caption-attachment-2850\" class=\"size-thumbnail wp-image-2850\" src=\"http:\/\/www.mundi-roth.de\/teneriffa-blog\/wp-content\/uploads\/2013\/12\/P1120901-150x112.jpg\" alt=\"Yuccas\" width=\"150\" height=\"112\" srcset=\"https:\/\/www.mundi-roth.de\/teneriffa-blog\/wp-content\/uploads\/2013\/12\/P1120901-150x112.jpg 150w, https:\/\/www.mundi-roth.de\/teneriffa-blog\/wp-content\/uploads\/2013\/12\/P1120901-300x225.jpg 300w, https:\/\/www.mundi-roth.de\/teneriffa-blog\/wp-content\/uploads\/2013\/12\/P1120901.jpg 800w\" sizes=\"auto, (max-width: 150px) 100vw, 150px\" \/><\/a><p id=\"caption-attachment-2850\" class=\"wp-caption-text\">Yuccas<\/p><\/div>\n<p>Wir \u00fcbersteigen die Bruchsteinmauer und halten uns links auf eine Yuccapalmenformation zu.<br \/>\nWo ist der Weg?<br \/>\nDas Handy gibt keine Daten preis, also halten wir uns erstmal weiter links, Richtung Barranco. Zwei Gruppen Leuchterblumen, die wir lange nicht mehr gesehen haben, passieren wir und bleiben<\/p>\n<div id=\"attachment_2851\" style=\"width: 160px\" class=\"wp-caption alignleft\"><a href=\"http:\/\/www.mundi-roth.de\/teneriffa-blog\/wp-content\/uploads\/2013\/12\/P1120905a.jpg\" rel=\"lightbox[2847]\"><img loading=\"lazy\" decoding=\"async\" aria-describedby=\"caption-attachment-2851\" class=\"size-thumbnail wp-image-2851\" src=\"http:\/\/www.mundi-roth.de\/teneriffa-blog\/wp-content\/uploads\/2013\/12\/P1120905a-150x100.jpg\" alt=\"In der Ferne: Teide\" width=\"150\" height=\"100\" srcset=\"https:\/\/www.mundi-roth.de\/teneriffa-blog\/wp-content\/uploads\/2013\/12\/P1120905a-150x100.jpg 150w, https:\/\/www.mundi-roth.de\/teneriffa-blog\/wp-content\/uploads\/2013\/12\/P1120905a-300x201.jpg 300w, https:\/\/www.mundi-roth.de\/teneriffa-blog\/wp-content\/uploads\/2013\/12\/P1120905a.jpg 800w\" sizes=\"auto, (max-width: 150px) 100vw, 150px\" \/><\/a><p id=\"caption-attachment-2851\" class=\"wp-caption-text\">In der Ferne: Teide<\/p><\/div>\n<p>auf dem Plateau. Durch Zistrosenb\u00fcsche suchen wir uns einen Pfad, im Blick eine bizarre Formation und den zur Zeit wei\u00dfgekr\u00f6nten Teide.<\/p>\n<div id=\"attachment_2852\" style=\"width: 160px\" class=\"wp-caption alignright\"><a href=\"http:\/\/www.mundi-roth.de\/teneriffa-blog\/wp-content\/uploads\/2013\/12\/P1120906.jpg\" rel=\"lightbox[2847]\"><img loading=\"lazy\" decoding=\"async\" aria-describedby=\"caption-attachment-2852\" class=\"size-thumbnail wp-image-2852\" src=\"http:\/\/www.mundi-roth.de\/teneriffa-blog\/wp-content\/uploads\/2013\/12\/P1120906-150x112.jpg\" alt=\"Bizarre Felsformationen\" width=\"150\" height=\"112\" srcset=\"https:\/\/www.mundi-roth.de\/teneriffa-blog\/wp-content\/uploads\/2013\/12\/P1120906-150x112.jpg 150w, https:\/\/www.mundi-roth.de\/teneriffa-blog\/wp-content\/uploads\/2013\/12\/P1120906-300x225.jpg 300w, https:\/\/www.mundi-roth.de\/teneriffa-blog\/wp-content\/uploads\/2013\/12\/P1120906.jpg 800w\" sizes=\"auto, (max-width: 150px) 100vw, 150px\" \/><\/a><p id=\"caption-attachment-2852\" class=\"wp-caption-text\">Bizarre Felsformationen<\/p><\/div>\n<p>Sch\u00f6n!!<br \/>\nUnterhalb k\u00f6nnen wir einen Weg ausmachen, zu dem wir nun absteigen.<\/p>\n<div id=\"attachment_2853\" style=\"width: 160px\" class=\"wp-caption alignleft\"><a href=\"http:\/\/www.mundi-roth.de\/teneriffa-blog\/wp-content\/uploads\/2013\/12\/P1120913.jpg\" rel=\"lightbox[2847]\"><img loading=\"lazy\" decoding=\"async\" aria-describedby=\"caption-attachment-2853\" class=\"size-thumbnail wp-image-2853\" src=\"http:\/\/www.mundi-roth.de\/teneriffa-blog\/wp-content\/uploads\/2013\/12\/P1120913-150x112.jpg\" alt=\"Holpriger Weg\" width=\"150\" height=\"112\" srcset=\"https:\/\/www.mundi-roth.de\/teneriffa-blog\/wp-content\/uploads\/2013\/12\/P1120913-150x112.jpg 150w, https:\/\/www.mundi-roth.de\/teneriffa-blog\/wp-content\/uploads\/2013\/12\/P1120913-300x225.jpg 300w, https:\/\/www.mundi-roth.de\/teneriffa-blog\/wp-content\/uploads\/2013\/12\/P1120913.jpg 800w\" sizes=\"auto, (max-width: 150px) 100vw, 150px\" \/><\/a><p id=\"caption-attachment-2853\" class=\"wp-caption-text\">Holpriger Weg<\/p><\/div>\n<p>Es ist eine Fahrstra\u00dfe, die an skurilen Felsformationen vorbeif\u00fchrt und der wir nun weiter bergauf folgen.<\/p>\n<div id=\"attachment_2854\" style=\"width: 160px\" class=\"wp-caption alignright\"><a href=\"http:\/\/www.mundi-roth.de\/teneriffa-blog\/wp-content\/uploads\/2013\/12\/P1120915.jpg\" rel=\"lightbox[2847]\"><img loading=\"lazy\" decoding=\"async\" aria-describedby=\"caption-attachment-2854\" class=\"size-thumbnail wp-image-2854\" src=\"http:\/\/www.mundi-roth.de\/teneriffa-blog\/wp-content\/uploads\/2013\/12\/P1120915-150x112.jpg\" alt=\"Felswand\" width=\"150\" height=\"112\" srcset=\"https:\/\/www.mundi-roth.de\/teneriffa-blog\/wp-content\/uploads\/2013\/12\/P1120915-150x112.jpg 150w, https:\/\/www.mundi-roth.de\/teneriffa-blog\/wp-content\/uploads\/2013\/12\/P1120915-300x225.jpg 300w, https:\/\/www.mundi-roth.de\/teneriffa-blog\/wp-content\/uploads\/2013\/12\/P1120915.jpg 800w\" sizes=\"auto, (max-width: 150px) 100vw, 150px\" \/><\/a><p id=\"caption-attachment-2854\" class=\"wp-caption-text\">Felswand<\/p><\/div>\n<p>Linker Hand gro\u00dfe, ausgeschachtete<\/p>\n<div id=\"attachment_2855\" style=\"width: 160px\" class=\"wp-caption alignleft\"><a href=\"http:\/\/www.mundi-roth.de\/teneriffa-blog\/wp-content\/uploads\/2013\/12\/P1120918.jpg\" rel=\"lightbox[2847]\"><img loading=\"lazy\" decoding=\"async\" aria-describedby=\"caption-attachment-2855\" class=\"size-thumbnail wp-image-2855\" src=\"http:\/\/www.mundi-roth.de\/teneriffa-blog\/wp-content\/uploads\/2013\/12\/P1120918-150x112.jpg\" alt=\"Garagen ?\" width=\"150\" height=\"112\" srcset=\"https:\/\/www.mundi-roth.de\/teneriffa-blog\/wp-content\/uploads\/2013\/12\/P1120918-150x112.jpg 150w, https:\/\/www.mundi-roth.de\/teneriffa-blog\/wp-content\/uploads\/2013\/12\/P1120918-300x225.jpg 300w, https:\/\/www.mundi-roth.de\/teneriffa-blog\/wp-content\/uploads\/2013\/12\/P1120918.jpg 800w\" sizes=\"auto, (max-width: 150px) 100vw, 150px\" \/><\/a><p id=\"caption-attachment-2855\" class=\"wp-caption-text\">Garagen ?<\/p><\/div>\n<p>\u201eLKW-Garagen\u201c?, wie wir vermuten. Vielleicht wurde dieses Gel\u00e4nde ja mal milit\u00e4risch genutzt? Vielleicht war es die \u201eKiesgrube\u201c von Chimiche? Wer wei\u00df?<\/p>\n<p>Auf alle F\u00e4lle: Wir sind begeistert! Solche Formationen der Vulkanausbr\u00fcche sind uns bisher nur von der ber\u00fchmten \u201ePaisaje Lunar\u201c &#8211; Mondlandschaft \u2013 in Vilaflor und von San Blas bekannt.<\/p>\n<p>Es ist uns egal, ob wir nun den \u201erichtigen\u201c Weg erwischt haben oder nicht, es ist nicht wichtig. Wichtig ist, die Landschaft ist von jedem Punkt aus sehenswert.<br \/>\nDass wir uns in einem Naturschutzgebiet bewegen, ist auch nachvollziehbar.<\/p>\n<div id=\"attachment_2856\" style=\"width: 160px\" class=\"wp-caption alignleft\"><a href=\"http:\/\/www.mundi-roth.de\/teneriffa-blog\/wp-content\/uploads\/2013\/12\/P1120921.jpg\" rel=\"lightbox[2847]\"><img loading=\"lazy\" decoding=\"async\" aria-describedby=\"caption-attachment-2856\" class=\"size-thumbnail wp-image-2856\" src=\"http:\/\/www.mundi-roth.de\/teneriffa-blog\/wp-content\/uploads\/2013\/12\/P1120921-150x112.jpg\" alt=\"Beeindrucken - mit Teide\" width=\"150\" height=\"112\" srcset=\"https:\/\/www.mundi-roth.de\/teneriffa-blog\/wp-content\/uploads\/2013\/12\/P1120921-150x112.jpg 150w, https:\/\/www.mundi-roth.de\/teneriffa-blog\/wp-content\/uploads\/2013\/12\/P1120921-300x225.jpg 300w, https:\/\/www.mundi-roth.de\/teneriffa-blog\/wp-content\/uploads\/2013\/12\/P1120921.jpg 800w\" sizes=\"auto, (max-width: 150px) 100vw, 150px\" \/><\/a><p id=\"caption-attachment-2856\" class=\"wp-caption-text\">Beeindruckend &#8211; mit Teide<\/p><\/div>\n<div id=\"attachment_2857\" style=\"width: 160px\" class=\"wp-caption alignright\"><a href=\"http:\/\/www.mundi-roth.de\/teneriffa-blog\/wp-content\/uploads\/2013\/12\/P1120924.jpg\" rel=\"lightbox[2847]\"><img loading=\"lazy\" decoding=\"async\" aria-describedby=\"caption-attachment-2857\" class=\"size-thumbnail wp-image-2857\" src=\"http:\/\/www.mundi-roth.de\/teneriffa-blog\/wp-content\/uploads\/2013\/12\/P1120924-150x112.jpg\" alt=\"Ohne Worte\" width=\"150\" height=\"112\" srcset=\"https:\/\/www.mundi-roth.de\/teneriffa-blog\/wp-content\/uploads\/2013\/12\/P1120924-150x112.jpg 150w, https:\/\/www.mundi-roth.de\/teneriffa-blog\/wp-content\/uploads\/2013\/12\/P1120924-300x225.jpg 300w, https:\/\/www.mundi-roth.de\/teneriffa-blog\/wp-content\/uploads\/2013\/12\/P1120924.jpg 800w\" sizes=\"auto, (max-width: 150px) 100vw, 150px\" \/><\/a><p id=\"caption-attachment-2857\" class=\"wp-caption-text\">Ohne Worte<\/p><\/div>\n<p>&nbsp;<\/p>\n<p>&nbsp;<\/p>\n<p>&nbsp;<\/p>\n<p>&nbsp;<\/p>\n<p>&nbsp;<\/p>\n<div id=\"attachment_2858\" style=\"width: 160px\" class=\"wp-caption alignleft\"><a href=\"http:\/\/www.mundi-roth.de\/teneriffa-blog\/wp-content\/uploads\/2013\/12\/P1120925.jpg\" rel=\"lightbox[2847]\"><img loading=\"lazy\" decoding=\"async\" aria-describedby=\"caption-attachment-2858\" class=\"size-thumbnail wp-image-2858\" src=\"http:\/\/www.mundi-roth.de\/teneriffa-blog\/wp-content\/uploads\/2013\/12\/P1120925-150x112.jpg\" alt=\"Regenreste\" width=\"150\" height=\"112\" srcset=\"https:\/\/www.mundi-roth.de\/teneriffa-blog\/wp-content\/uploads\/2013\/12\/P1120925-150x112.jpg 150w, https:\/\/www.mundi-roth.de\/teneriffa-blog\/wp-content\/uploads\/2013\/12\/P1120925-300x225.jpg 300w, https:\/\/www.mundi-roth.de\/teneriffa-blog\/wp-content\/uploads\/2013\/12\/P1120925.jpg 800w\" sizes=\"auto, (max-width: 150px) 100vw, 150px\" \/><\/a><p id=\"caption-attachment-2858\" class=\"wp-caption-text\">Regenreste<\/p><\/div>\n<p>Zwischendurch m\u00fcssen wir durch Pf\u00fctzen waten, die noch \u00dcberreste der heftigen Regenf\u00e4lle der letzten Wochen sind.<br \/>\nWir verlieren den Weg und rechts oben sehen wir<\/p>\n<div id=\"attachment_2859\" style=\"width: 160px\" class=\"wp-caption alignright\"><a href=\"http:\/\/www.mundi-roth.de\/teneriffa-blog\/wp-content\/uploads\/2013\/12\/P1120930a.jpg\" rel=\"lightbox[2847]\"><img loading=\"lazy\" decoding=\"async\" aria-describedby=\"caption-attachment-2859\" class=\"size-thumbnail wp-image-2859\" src=\"http:\/\/www.mundi-roth.de\/teneriffa-blog\/wp-content\/uploads\/2013\/12\/P1120930a-150x104.jpg\" alt=\"Oben ein Wasserbecken\" width=\"150\" height=\"104\" srcset=\"https:\/\/www.mundi-roth.de\/teneriffa-blog\/wp-content\/uploads\/2013\/12\/P1120930a-150x104.jpg 150w, https:\/\/www.mundi-roth.de\/teneriffa-blog\/wp-content\/uploads\/2013\/12\/P1120930a-300x208.jpg 300w, https:\/\/www.mundi-roth.de\/teneriffa-blog\/wp-content\/uploads\/2013\/12\/P1120930a.jpg 800w\" sizes=\"auto, (max-width: 150px) 100vw, 150px\" \/><\/a><p id=\"caption-attachment-2859\" class=\"wp-caption-text\">Oben ein Wasserbecken<\/p><\/div>\n<p>ein Wasserbecken.\u00a0 Wir vermuten, dass wir dort eine Weiterf\u00fchrung finden und steigen dorthin auf. Passieren das<\/p>\n<div id=\"attachment_2860\" style=\"width: 160px\" class=\"wp-caption alignleft\"><a href=\"http:\/\/www.mundi-roth.de\/teneriffa-blog\/wp-content\/uploads\/2013\/12\/P1120934.jpg\" rel=\"lightbox[2847]\"><img loading=\"lazy\" decoding=\"async\" aria-describedby=\"caption-attachment-2860\" class=\"size-thumbnail wp-image-2860\" src=\"http:\/\/www.mundi-roth.de\/teneriffa-blog\/wp-content\/uploads\/2013\/12\/P1120934-150x112.jpg\" alt=\"Felskegel\" width=\"150\" height=\"112\" srcset=\"https:\/\/www.mundi-roth.de\/teneriffa-blog\/wp-content\/uploads\/2013\/12\/P1120934-150x112.jpg 150w, https:\/\/www.mundi-roth.de\/teneriffa-blog\/wp-content\/uploads\/2013\/12\/P1120934-300x225.jpg 300w, https:\/\/www.mundi-roth.de\/teneriffa-blog\/wp-content\/uploads\/2013\/12\/P1120934.jpg 800w\" sizes=\"auto, (max-width: 150px) 100vw, 150px\" \/><\/a><p id=\"caption-attachment-2860\" class=\"wp-caption-text\">Felskegel<\/p><\/div>\n<p>Becken auf der rechten Seite und laufen auf einen Felskegel zu, links davon, unterhalb, gelangen wir wieder auf einen Weg.<\/p>\n<p>Immer wieder lassen wir den Blick in dem weiten Talkessel schweifen und freuen uns einfach, dass wir in diesem Umfeld, in der Sonne, wandern k\u00f6nnen.<\/p>\n<div id=\"attachment_2861\" style=\"width: 310px\" class=\"wp-caption aligncenter\"><a href=\"http:\/\/www.mundi-roth.de\/teneriffa-blog\/wp-content\/uploads\/2013\/12\/P1120937w.jpg\" rel=\"lightbox[2847]\"><img loading=\"lazy\" decoding=\"async\" aria-describedby=\"caption-attachment-2861\" class=\"size-medium wp-image-2861\" src=\"http:\/\/www.mundi-roth.de\/teneriffa-blog\/wp-content\/uploads\/2013\/12\/P1120937w-300x96.jpg\" alt=\"Weiter Blick\" width=\"300\" height=\"96\" srcset=\"https:\/\/www.mundi-roth.de\/teneriffa-blog\/wp-content\/uploads\/2013\/12\/P1120937w-300x96.jpg 300w, https:\/\/www.mundi-roth.de\/teneriffa-blog\/wp-content\/uploads\/2013\/12\/P1120937w-150x48.jpg 150w, https:\/\/www.mundi-roth.de\/teneriffa-blog\/wp-content\/uploads\/2013\/12\/P1120937w-1024x329.jpg 1024w, https:\/\/www.mundi-roth.de\/teneriffa-blog\/wp-content\/uploads\/2013\/12\/P1120937w.jpg 1465w\" sizes=\"auto, (max-width: 300px) 100vw, 300px\" \/><\/a><p id=\"caption-attachment-2861\" class=\"wp-caption-text\">Weiter Blick<\/p><\/div>\n<p>Nach 50 Minuten Auf- und Absteigen, zick-zack gelangen wir an ein gr\u00f6\u00dferes Steinm\u00e4nnchen. Soll das der Gipfel sein?<\/p>\n<div id=\"attachment_2862\" style=\"width: 160px\" class=\"wp-caption alignleft\"><a href=\"http:\/\/www.mundi-roth.de\/teneriffa-blog\/wp-content\/uploads\/2013\/12\/P1120939.jpg\" rel=\"lightbox[2847]\"><img loading=\"lazy\" decoding=\"async\" aria-describedby=\"caption-attachment-2862\" class=\"size-thumbnail wp-image-2862\" src=\"http:\/\/www.mundi-roth.de\/teneriffa-blog\/wp-content\/uploads\/2013\/12\/P1120939-150x112.jpg\" alt=\"Steinm\u00e4nnchen\" width=\"150\" height=\"112\" srcset=\"https:\/\/www.mundi-roth.de\/teneriffa-blog\/wp-content\/uploads\/2013\/12\/P1120939-150x112.jpg 150w, https:\/\/www.mundi-roth.de\/teneriffa-blog\/wp-content\/uploads\/2013\/12\/P1120939-300x225.jpg 300w, https:\/\/www.mundi-roth.de\/teneriffa-blog\/wp-content\/uploads\/2013\/12\/P1120939.jpg 800w\" sizes=\"auto, (max-width: 150px) 100vw, 150px\" \/><\/a><p id=\"caption-attachment-2862\" class=\"wp-caption-text\">Steinm\u00e4nnchen<\/p><\/div>\n<div id=\"attachment_2863\" style=\"width: 160px\" class=\"wp-caption alignright\"><a href=\"http:\/\/www.mundi-roth.de\/teneriffa-blog\/wp-content\/uploads\/2013\/12\/P1120940.jpg\" rel=\"lightbox[2847]\"><img loading=\"lazy\" decoding=\"async\" aria-describedby=\"caption-attachment-2863\" class=\"size-thumbnail wp-image-2863\" src=\"http:\/\/www.mundi-roth.de\/teneriffa-blog\/wp-content\/uploads\/2013\/12\/P1120940-150x112.jpg\" alt=\"Wir wollen noch weiter\" width=\"150\" height=\"112\" srcset=\"https:\/\/www.mundi-roth.de\/teneriffa-blog\/wp-content\/uploads\/2013\/12\/P1120940-150x112.jpg 150w, https:\/\/www.mundi-roth.de\/teneriffa-blog\/wp-content\/uploads\/2013\/12\/P1120940-300x225.jpg 300w, https:\/\/www.mundi-roth.de\/teneriffa-blog\/wp-content\/uploads\/2013\/12\/P1120940.jpg 800w\" sizes=\"auto, (max-width: 150px) 100vw, 150px\" \/><\/a><p id=\"caption-attachment-2863\" class=\"wp-caption-text\">Wir wollen noch weiter<\/p><\/div>\n<p>&nbsp;<\/p>\n<p>&nbsp;<\/p>\n<p>&nbsp;<\/p>\n<p>&nbsp;<\/p>\n<p>Aber wir wollen noch mehr entdecken und setzen den Weg weiter fort.<br \/>\nDie Formationen reihen sich aneinander und wir machen uns auf\u00a0 immer noch eine Besonderheit aufmerksam.<\/p>\n<div id=\"attachment_2864\" style=\"width: 310px\" class=\"wp-caption aligncenter\"><a href=\"http:\/\/www.mundi-roth.de\/teneriffa-blog\/wp-content\/uploads\/2013\/12\/P1120941col.jpg\" rel=\"lightbox[2847]\"><img loading=\"lazy\" decoding=\"async\" aria-describedby=\"caption-attachment-2864\" class=\"size-medium wp-image-2864\" src=\"http:\/\/www.mundi-roth.de\/teneriffa-blog\/wp-content\/uploads\/2013\/12\/P1120941col-300x75.jpg\" alt=\"Mehr Beachtenwertes\" width=\"300\" height=\"75\" srcset=\"https:\/\/www.mundi-roth.de\/teneriffa-blog\/wp-content\/uploads\/2013\/12\/P1120941col-300x75.jpg 300w, https:\/\/www.mundi-roth.de\/teneriffa-blog\/wp-content\/uploads\/2013\/12\/P1120941col-150x37.jpg 150w, https:\/\/www.mundi-roth.de\/teneriffa-blog\/wp-content\/uploads\/2013\/12\/P1120941col.jpg 800w\" sizes=\"auto, (max-width: 300px) 100vw, 300px\" \/><\/a><p id=\"caption-attachment-2864\" class=\"wp-caption-text\">Mehr Beachtenwertes<\/p><\/div>\n<p>Als wir um 1\/2 1 Uhr an ein erneutes Schild \u201epaisaje natural protegido\u201c treffen und links ein Weg abw\u00e4rts f\u00fchrt, entscheiden wir, den R\u00fcckweg anzutreten.<\/p>\n<div id=\"attachment_2865\" style=\"width: 160px\" class=\"wp-caption alignright\"><a href=\"http:\/\/www.mundi-roth.de\/teneriffa-blog\/wp-content\/uploads\/2013\/12\/P1120946.jpg\" rel=\"lightbox[2847]\"><img loading=\"lazy\" decoding=\"async\" aria-describedby=\"caption-attachment-2865\" class=\"size-thumbnail wp-image-2865\" src=\"http:\/\/www.mundi-roth.de\/teneriffa-blog\/wp-content\/uploads\/2013\/12\/P1120946-150x112.jpg\" alt=\"Es geht zur\u00fcck\" width=\"150\" height=\"112\" srcset=\"https:\/\/www.mundi-roth.de\/teneriffa-blog\/wp-content\/uploads\/2013\/12\/P1120946-150x112.jpg 150w, https:\/\/www.mundi-roth.de\/teneriffa-blog\/wp-content\/uploads\/2013\/12\/P1120946-300x225.jpg 300w, https:\/\/www.mundi-roth.de\/teneriffa-blog\/wp-content\/uploads\/2013\/12\/P1120946.jpg 800w\" sizes=\"auto, (max-width: 150px) 100vw, 150px\" \/><\/a><p id=\"caption-attachment-2865\" class=\"wp-caption-text\">Es geht zur\u00fcck<\/p><\/div>\n<p>Der Weg ist f\u00fcr eine gro\u00dfe Strecke gut auszumachen und wir wandern zwischen den gr\u00fcnen B\u00fcschen von Tabaiba dulce und Tabaiba amarga \u2013 Wolfsmilchgew\u00e4chse &#8211; hindurch, sogar die ersten Bl\u00fcten der Kanaren-Trichter-Narzissen entdecken wir und links wie rechts \u2013 ich wiederhole mich \u2013 skurile Felsgebilde.<\/p>\n<div id=\"attachment_2866\" style=\"width: 160px\" class=\"wp-caption alignleft\"><a href=\"http:\/\/www.mundi-roth.de\/teneriffa-blog\/wp-content\/uploads\/2013\/12\/P1120948.jpg\" rel=\"lightbox[2847]\"><img loading=\"lazy\" decoding=\"async\" aria-describedby=\"caption-attachment-2866\" class=\"size-thumbnail wp-image-2866\" src=\"http:\/\/www.mundi-roth.de\/teneriffa-blog\/wp-content\/uploads\/2013\/12\/P1120948-150x112.jpg\" alt=\"An der Wand lang\" width=\"150\" height=\"112\" srcset=\"https:\/\/www.mundi-roth.de\/teneriffa-blog\/wp-content\/uploads\/2013\/12\/P1120948-150x112.jpg 150w, https:\/\/www.mundi-roth.de\/teneriffa-blog\/wp-content\/uploads\/2013\/12\/P1120948-300x225.jpg 300w, https:\/\/www.mundi-roth.de\/teneriffa-blog\/wp-content\/uploads\/2013\/12\/P1120948.jpg 800w\" sizes=\"auto, (max-width: 150px) 100vw, 150px\" \/><\/a><p id=\"caption-attachment-2866\" class=\"wp-caption-text\">An der Wand lang<\/p><\/div>\n<p>&nbsp;<\/p>\n<div id=\"attachment_2867\" style=\"width: 160px\" class=\"wp-caption alignright\"><a href=\"http:\/\/www.mundi-roth.de\/teneriffa-blog\/wp-content\/uploads\/2013\/12\/P1120949.jpg\" rel=\"lightbox[2847]\"><img loading=\"lazy\" decoding=\"async\" aria-describedby=\"caption-attachment-2867\" class=\"size-thumbnail wp-image-2867\" src=\"http:\/\/www.mundi-roth.de\/teneriffa-blog\/wp-content\/uploads\/2013\/12\/P1120949-150x112.jpg\" alt=\"Kanaren-Trichternarzissen\" width=\"150\" height=\"112\" srcset=\"https:\/\/www.mundi-roth.de\/teneriffa-blog\/wp-content\/uploads\/2013\/12\/P1120949-150x112.jpg 150w, https:\/\/www.mundi-roth.de\/teneriffa-blog\/wp-content\/uploads\/2013\/12\/P1120949-300x225.jpg 300w, https:\/\/www.mundi-roth.de\/teneriffa-blog\/wp-content\/uploads\/2013\/12\/P1120949.jpg 800w\" sizes=\"auto, (max-width: 150px) 100vw, 150px\" \/><\/a><p id=\"caption-attachment-2867\" class=\"wp-caption-text\">Kanaren-Trichternarzissen<\/p><\/div>\n<p>&nbsp;<\/p>\n<p>&nbsp;<\/p>\n<p>&nbsp;<\/p>\n<p>Wer sagt&#8217;s denn, dass hier nichts gekennzeichnet ist? Nun sehen wir von Zeit zu Zeit<\/p>\n<div id=\"attachment_2868\" style=\"width: 160px\" class=\"wp-caption alignleft\"><a href=\"http:\/\/www.mundi-roth.de\/teneriffa-blog\/wp-content\/uploads\/2013\/12\/P1120952.jpg\" rel=\"lightbox[2847]\"><img loading=\"lazy\" decoding=\"async\" aria-describedby=\"caption-attachment-2868\" class=\"size-thumbnail wp-image-2868\" src=\"http:\/\/www.mundi-roth.de\/teneriffa-blog\/wp-content\/uploads\/2013\/12\/P1120952-150x112.jpg\" alt=\"Hoppla - Kennzeichnung\" width=\"150\" height=\"112\" srcset=\"https:\/\/www.mundi-roth.de\/teneriffa-blog\/wp-content\/uploads\/2013\/12\/P1120952-150x112.jpg 150w, https:\/\/www.mundi-roth.de\/teneriffa-blog\/wp-content\/uploads\/2013\/12\/P1120952-300x225.jpg 300w, https:\/\/www.mundi-roth.de\/teneriffa-blog\/wp-content\/uploads\/2013\/12\/P1120952.jpg 800w\" sizes=\"auto, (max-width: 150px) 100vw, 150px\" \/><\/a><p id=\"caption-attachment-2868\" class=\"wp-caption-text\">Hoppla &#8211; Kennzeichnung<\/p><\/div>\n<p>blaue Pfeile auf dem Erdreich.<br \/>\nWir passieren einen Strommasten, queren einen Barranco, sehen, welche \u00dcberraschung, eine erneute Felsformation, zwischen das Gr\u00fcn der Tabaibas mischen sich die m\u00e4chtigen Kandelaber-Kakteen.<\/p>\n<p>&nbsp;<\/p>\n<div id=\"attachment_2869\" style=\"width: 160px\" class=\"wp-caption alignleft\"><a href=\"http:\/\/www.mundi-roth.de\/teneriffa-blog\/wp-content\/uploads\/2013\/12\/P1120956.jpg\" rel=\"lightbox[2847]\"><img loading=\"lazy\" decoding=\"async\" aria-describedby=\"caption-attachment-2869\" class=\"size-thumbnail wp-image-2869\" src=\"http:\/\/www.mundi-roth.de\/teneriffa-blog\/wp-content\/uploads\/2013\/12\/P1120956-150x112.jpg\" alt=\"Vielf\u00e4ltige Landschaft\" width=\"150\" height=\"112\" srcset=\"https:\/\/www.mundi-roth.de\/teneriffa-blog\/wp-content\/uploads\/2013\/12\/P1120956-150x112.jpg 150w, https:\/\/www.mundi-roth.de\/teneriffa-blog\/wp-content\/uploads\/2013\/12\/P1120956-300x225.jpg 300w, https:\/\/www.mundi-roth.de\/teneriffa-blog\/wp-content\/uploads\/2013\/12\/P1120956.jpg 800w\" sizes=\"auto, (max-width: 150px) 100vw, 150px\" \/><\/a><p id=\"caption-attachment-2869\" class=\"wp-caption-text\">Vielf\u00e4ltige Landschaft<\/p><\/div>\n<div id=\"attachment_2870\" style=\"width: 160px\" class=\"wp-caption alignright\"><a href=\"http:\/\/www.mundi-roth.de\/teneriffa-blog\/wp-content\/uploads\/2013\/12\/P1120963.jpg\" rel=\"lightbox[2847]\"><img loading=\"lazy\" decoding=\"async\" aria-describedby=\"caption-attachment-2870\" class=\"size-thumbnail wp-image-2870\" src=\"http:\/\/www.mundi-roth.de\/teneriffa-blog\/wp-content\/uploads\/2013\/12\/P1120963-150x112.jpg\" alt=\"Das Auge wird verw\u00f6hnt\" width=\"150\" height=\"112\" srcset=\"https:\/\/www.mundi-roth.de\/teneriffa-blog\/wp-content\/uploads\/2013\/12\/P1120963-150x112.jpg 150w, https:\/\/www.mundi-roth.de\/teneriffa-blog\/wp-content\/uploads\/2013\/12\/P1120963-300x225.jpg 300w, https:\/\/www.mundi-roth.de\/teneriffa-blog\/wp-content\/uploads\/2013\/12\/P1120963.jpg 800w\" sizes=\"auto, (max-width: 150px) 100vw, 150px\" \/><\/a><p id=\"caption-attachment-2870\" class=\"wp-caption-text\">Das Auge wird verw\u00f6hnt<\/p><\/div>\n<p>Auf eine weitere Wegebeschreibung verzichte ich, da wir aus der Vielzahl der das Gel\u00e4nde durchziehenden Wege ganz offensichtlich die Gabe hatten, immer die falschen auszuw\u00e4hlen. Was bedeutete, dass wir rauf und wieder runter gingen um dann an einem ganz anderen Ende, oberhalb von Gewerbehallen, auszukommen.<\/p>\n<p>Hier w\u00e4re wohl der Einstieg gewesen, denn das Schild sagt uns, dass wir nun das Naturschutzgebiet des Naturdenkmals Derriscaderos verlassen.<\/p>\n<div id=\"attachment_2876\" style=\"width: 160px\" class=\"wp-caption alignleft\"><a href=\"http:\/\/www.mundi-roth.de\/teneriffa-blog\/wp-content\/uploads\/2013\/12\/P11209701.jpg\" rel=\"lightbox[2847]\"><img loading=\"lazy\" decoding=\"async\" aria-describedby=\"caption-attachment-2876\" class=\"size-thumbnail wp-image-2876\" src=\"http:\/\/www.mundi-roth.de\/teneriffa-blog\/wp-content\/uploads\/2013\/12\/P11209701-150x118.jpg\" alt=\"Ende einer Tour - fast\" width=\"150\" height=\"118\" srcset=\"https:\/\/www.mundi-roth.de\/teneriffa-blog\/wp-content\/uploads\/2013\/12\/P11209701-150x118.jpg 150w, https:\/\/www.mundi-roth.de\/teneriffa-blog\/wp-content\/uploads\/2013\/12\/P11209701-300x237.jpg 300w, https:\/\/www.mundi-roth.de\/teneriffa-blog\/wp-content\/uploads\/2013\/12\/P11209701.jpg 800w\" sizes=\"auto, (max-width: 150px) 100vw, 150px\" \/><\/a><p id=\"caption-attachment-2876\" class=\"wp-caption-text\">Ende einer Tour &#8211; fast<\/p><\/div>\n<p>Und, wie freundlich, es wird uns noch eine gute Fahrt gew\u00fcnscht.<\/p>\n<p>Auch das letzte St\u00fcckchen bis zu unserem Wagen ist etwas abenteuerlich.<br \/>\nOberhalb der Hallen gehen wir links querbeet, die Haifischflosse gibt uns die<\/p>\n<div id=\"attachment_2872\" style=\"width: 160px\" class=\"wp-caption alignright\"><a href=\"http:\/\/www.mundi-roth.de\/teneriffa-blog\/wp-content\/uploads\/2013\/12\/P1120974.jpg\" rel=\"lightbox[2847]\"><img loading=\"lazy\" decoding=\"async\" aria-describedby=\"caption-attachment-2872\" class=\"size-thumbnail wp-image-2872\" src=\"http:\/\/www.mundi-roth.de\/teneriffa-blog\/wp-content\/uploads\/2013\/12\/P1120974-150x112.jpg\" alt=\"ZUR\u00dcCK\" width=\"150\" height=\"112\" srcset=\"https:\/\/www.mundi-roth.de\/teneriffa-blog\/wp-content\/uploads\/2013\/12\/P1120974-150x112.jpg 150w, https:\/\/www.mundi-roth.de\/teneriffa-blog\/wp-content\/uploads\/2013\/12\/P1120974-300x225.jpg 300w, https:\/\/www.mundi-roth.de\/teneriffa-blog\/wp-content\/uploads\/2013\/12\/P1120974.jpg 800w\" sizes=\"auto, (max-width: 150px) 100vw, 150px\" \/><\/a><p id=\"caption-attachment-2872\" class=\"wp-caption-text\">ZUR\u00dcCK<\/p><\/div>\n<p>Richtung vor, queren eine gemauerte Wasserrinne, die Autobahnzufahrt und sind nach 2 1\/2 Stunden Wanderung bei unserem Wagen.<\/p>\n<p><strong>Fazit:<\/strong><br \/>\nAuch wenn wir erst entt\u00e4uscht waren, dass unser erster Versuch per GPS geleitet zu wandern, ein Flop war, so war die Wanderung ein Erlebnis.<br \/>\nUnd f\u00fcr Nachwanderer: Egal welchen Weg man letztendlich einschl\u00e4gt, die Landschaft ist eine Wucht! Es lohnt!<\/p>\n<p><strong>Besonderheit:<\/strong><br \/>\nDa wir noch nie in dem Gewerbegebiet waren, machten wir dort noch eine Rundfahrt bis zum Windpark\u00a0 an dem im Bau befindlichen und sehr umstrittenen Hafen von Granadilla vorbei und wir wollten mal ein neues Lokal ausprobieren.<br \/>\nSo fuhren wir wieder auf die Autobahn, nahmen die Ausfahrt<br \/>\nChimiche \u2013 El Rio und folgten dem Hinweis Las Maretas.<\/p>\n<p><strong>Restaurant: Andromeda<\/strong><br \/>\nEin kleines \u00d6rtchen mit etlichen Restaurants.<br \/>\nJedoch hatte heute nur \u201eAndromeda\u201c ge\u00f6ffnet.<\/p>\n<p>Nach Befragen der Wirtin gab es drei Gerichte: H\u00fchnersuppe, frittiertes Huhn und Carne mechada. Dieses Gericht bestellten wir, da wir es noch nie gegessen haben.<br \/>\nEs handelt sich um gerupftes Fleisch, w\u00fcrzig gebraten. (nicht unbedingt appetitlich anzusehen) Dazu gab es selbstgemachte Fritten, Bohnen und M\u00f6hren Gem\u00fcse. Ein Salat, 1\/2 Liter Rotwein, Wasser und Caf\u00e9 rundeten unser Mahl ab und wir bezahlten insgesamt 16.&#8211; Euro.<br \/>\nAbsolut touristenfreie Zone, war unser Eindruck.<br \/>\nLediglich einige Arbeiter kamen noch zum Essen.<br \/>\nDas Pl\u00e4tzchen vor dem Lokal war jedoch so sch\u00f6n:<br \/>\nSonne pur, und wie wir die nach der Schlechtwetterperiode genossen haben!<br \/>\nWindstill! Denn auf der Wanderung blies er so stark, dass wir auf die Apfelpause verzichteten.<br \/>\nDer Blick ging auf ein kleines, mit Palmen geschm\u00fccktes P\u00e4rkchen, eine kleine<\/p>\n<div id=\"attachment_2873\" style=\"width: 160px\" class=\"wp-caption alignright\"><a href=\"http:\/\/www.mundi-roth.de\/teneriffa-blog\/wp-content\/uploads\/2013\/12\/P1120981.jpg\" rel=\"lightbox[2847]\"><img loading=\"lazy\" decoding=\"async\" aria-describedby=\"caption-attachment-2873\" class=\"size-thumbnail wp-image-2873\" src=\"http:\/\/www.mundi-roth.de\/teneriffa-blog\/wp-content\/uploads\/2013\/12\/P1120981-150x112.jpg\" alt=\"Ausruhen\" width=\"150\" height=\"112\" srcset=\"https:\/\/www.mundi-roth.de\/teneriffa-blog\/wp-content\/uploads\/2013\/12\/P1120981-150x112.jpg 150w, https:\/\/www.mundi-roth.de\/teneriffa-blog\/wp-content\/uploads\/2013\/12\/P1120981-300x225.jpg 300w, https:\/\/www.mundi-roth.de\/teneriffa-blog\/wp-content\/uploads\/2013\/12\/P1120981.jpg 800w\" sizes=\"auto, (max-width: 150px) 100vw, 150px\" \/><\/a><p id=\"caption-attachment-2873\" class=\"wp-caption-text\">Ausruhen<\/p><\/div>\n<p>Kapelle und seitlich so gar bis zum Meer.Wie gut es uns hier gefiel zeigt, dass wir dort 2 Stunden sa\u00dfen.<\/p>\n<p>&nbsp;<\/p>\n<p><strong>Anhang:<\/strong><\/p>\n<p>Der Windpark I.T.E.R. im Gewerbegebiet von Granadilla beherbergt seit 2012 ein inzwischen renomiertes \u00f6kologisches Dorf das unter dem Gesichtspunkt der Umweltvertr\u00e4glichkeit erbaut wurde.<\/p>\n<p>Auf der web-side von TUI fand ich die folgende, gute Beschreibung:<\/p>\n<p><em><strong>\u201eCasas Bioclim\u00e1ticas ITER in Granadilla de Abona<\/strong><\/em><\/p>\n<p>Urlaub im CO2-freien Feriendorf &#8211; werden Sie Teil eines einzigartigen Projektes! Aus einem internationalen Architektenwettbewerb entstanden an der S\u00fcdostk\u00fcste Teneriffas 25 H\u00e4user der ganz besonderen Art: Ein \u00d6ko-Dorf im Zeichen der Forschung. Die stylishen CO2-neutralen H\u00e4user wurden urspr\u00fcnglich als Forschungsobjekte f\u00fcr Wissenschaftler aus aller Welt erbaut, nun haben Urlauber die Gelegenheit, die bemerkenswert gestalteten Casas Bioclim\u00e1ticas zu bewohnen. Gelegen innerhalb des ITER-Windparks (Instituto Tecnol\u00f3gico y de Energ\u00edas Renovables), sind Freunde von Wind und Wetter hier genau richtig, denn Windr\u00e4der bestimmen das Landschaftsbild. Jeder ist herzlich willkommen, der nicht nur Sonne, Strand und Meer genie\u00dfen will, sondern dem auch die Umwelt am Herzen liegt. Harmonisch in die Landschaft des Windparks eingebettet, liegen die H\u00e4user am Rande des Naturparks Monta\u00f1a Pelada. Die bioklimatischen Villen bestehen teilweise aus recycelten und \u00f6kologischen Materialien und bieten uneingeschr\u00e4nkten Komfort. Unter Ber\u00fccksichtigung nat\u00fcrlicher Kr\u00e4fte wurde beim Bau unter anderem die Tradition des Windschutzes mit von Luftkammern durchzogenen Felsw\u00e4nden einbezogen: In manchen H\u00e4usern halten die Mauern st\u00e4rkeren Wind ab, ihre Luftkammern sorgen jedoch f\u00fcr eine nat\u00fcrlich Isolation des Geb\u00e4udes und eine angenehme K\u00fchlung durch L\u00fcftungsschlitze. Im harmonischen Einklang mit der Natur und den lokalen Br\u00e4uchen k\u00f6nnen die H\u00e4user auf externe Energie g\u00e4nzlich verzichten und bieten nebenbei auch noch teilweise einen wundersch\u00f6nen Meerblick. Je nach Lage des Hauses trennen Sie etwa 150 &#8211; 200 m vom Meer. Das CO2-freie Feriendorf ist eine autofreie Zone, die nur zum Be- und Entladen befahren werden darf. Innerhalb der Anlage k\u00f6nnen ausschlie\u00dflich Fahrr\u00e4der und Elektroautos benutzt werden. Die Unterkunftstypen 6, A und B sind Ferienh\u00e4user aus dem Programm der ITER, welche vor Ort zugewiesen werden.\u201c<\/p>\n","protected":false},"excerpt":{"rendered":"<p>Wanderung ab der Haifischflosse an der TF 1 Abfahrt 51 Auf diese Wanderung wurden wir durch Bayernfranz aufmerksam, der sie mit den GPS-Daten versehen ins Internet gestellt hat. Elisabeth lud sich die Daten auf ihr Handy und so ger\u00fcstet starteten wir das Unterfangen, zum ersten Mal durch GPS-Daten gesteuert eine Wanderung zu unternehmen. Jedoch: Es [&hellip;]<\/p>\n","protected":false},"author":4,"featured_media":5189,"comment_status":"open","ping_status":"open","sticky":false,"template":"","format":"standard","meta":{"footnotes":""},"categories":[772,6],"tags":[690,685,688,686,149,689,687,108,439,446],"class_list":["post-2847","post","type-post","status-publish","format-standard","has-post-thumbnail","hentry","category-arico","category-wanderungen","tag-hafen-von-granadilla","tag-haifischflosse-an-der-tf-1","tag-kanaren-trichter-narzissen","tag-los-derriscaderos","tag-paisaje-lunar","tag-park-eologico","tag-san-blas","tag-teide","tag-teneriffa-wandern","tag-wandern-teneriffa"],"yoast_head":"<!-- This site is optimized with the Yoast SEO plugin v27.5 - https:\/\/yoast.com\/product\/yoast-seo-wordpress\/ -->\n<title>Monomento Natural Los Derriscaderos - Teneriffa Wandern<\/title>\n<meta name=\"description\" content=\"Wanderung ab der Haifischflosse an der TF 1 Abfahrt 51.Egal, ob man nun punktgenau geht oder - wie wir teilweise herumirrt - die Landschaft ist spektakul\u00e4r.\" \/>\n<meta name=\"robots\" content=\"index, follow, max-snippet:-1, max-image-preview:large, max-video-preview:-1\" \/>\n<link rel=\"canonical\" href=\"https:\/\/www.mundi-roth.de\/teneriffa-blog\/wanderungen\/monomento-natural-los-derriscaderos\/\" \/>\n<meta name=\"twitter:label1\" content=\"Verfasst von\" \/>\n\t<meta name=\"twitter:data1\" content=\"mundi\" \/>\n\t<meta name=\"twitter:label2\" content=\"Gesch\u00e4tzte Lesezeit\" \/>\n\t<meta name=\"twitter:data2\" content=\"8\u00a0Minuten\" \/>\n<script type=\"application\/ld+json\" class=\"yoast-schema-graph\">{\"@context\":\"https:\\\/\\\/schema.org\",\"@graph\":[{\"@type\":\"Article\",\"@id\":\"https:\\\/\\\/www.mundi-roth.de\\\/teneriffa-blog\\\/wanderungen\\\/monomento-natural-los-derriscaderos\\\/#article\",\"isPartOf\":{\"@id\":\"https:\\\/\\\/www.mundi-roth.de\\\/teneriffa-blog\\\/wanderungen\\\/monomento-natural-los-derriscaderos\\\/\"},\"author\":{\"name\":\"mundi\",\"@id\":\"https:\\\/\\\/www.mundi-roth.de\\\/teneriffa-blog\\\/#\\\/schema\\\/person\\\/971c66b55f3ae5e8741553688c413cac\"},\"headline\":\"Monomento Natural Los Derriscaderos\",\"datePublished\":\"2013-12-17T21:00:35+00:00\",\"dateModified\":\"2016-05-27T09:20:38+00:00\",\"mainEntityOfPage\":{\"@id\":\"https:\\\/\\\/www.mundi-roth.de\\\/teneriffa-blog\\\/wanderungen\\\/monomento-natural-los-derriscaderos\\\/\"},\"wordCount\":1646,\"commentCount\":2,\"image\":{\"@id\":\"https:\\\/\\\/www.mundi-roth.de\\\/teneriffa-blog\\\/wanderungen\\\/monomento-natural-los-derriscaderos\\\/#primaryimage\"},\"thumbnailUrl\":\"https:\\\/\\\/www.mundi-roth.de\\\/teneriffa-blog\\\/wp-content\\\/uploads\\\/2013\\\/12\\\/P1120929.jpg\",\"keywords\":[\"Hafen von Granadilla\",\"Haifischflosse an der TF 1\",\"Kanaren-Trichter-Narzissen\",\"Los Derriscaderos\",\"Paisaje Lunar\",\"park eol\u00f3gico\",\"San Blas\",\"Teide\",\"Teneriffa Wandern\",\"Wandern Teneriffa\"],\"articleSection\":[\"Arico\",\"Wanderungen\"],\"inLanguage\":\"de\",\"potentialAction\":[{\"@type\":\"CommentAction\",\"name\":\"Comment\",\"target\":[\"https:\\\/\\\/www.mundi-roth.de\\\/teneriffa-blog\\\/wanderungen\\\/monomento-natural-los-derriscaderos\\\/#respond\"]}]},{\"@type\":\"WebPage\",\"@id\":\"https:\\\/\\\/www.mundi-roth.de\\\/teneriffa-blog\\\/wanderungen\\\/monomento-natural-los-derriscaderos\\\/\",\"url\":\"https:\\\/\\\/www.mundi-roth.de\\\/teneriffa-blog\\\/wanderungen\\\/monomento-natural-los-derriscaderos\\\/\",\"name\":\"Monomento Natural Los Derriscaderos - Teneriffa Wandern\",\"isPartOf\":{\"@id\":\"https:\\\/\\\/www.mundi-roth.de\\\/teneriffa-blog\\\/#website\"},\"primaryImageOfPage\":{\"@id\":\"https:\\\/\\\/www.mundi-roth.de\\\/teneriffa-blog\\\/wanderungen\\\/monomento-natural-los-derriscaderos\\\/#primaryimage\"},\"image\":{\"@id\":\"https:\\\/\\\/www.mundi-roth.de\\\/teneriffa-blog\\\/wanderungen\\\/monomento-natural-los-derriscaderos\\\/#primaryimage\"},\"thumbnailUrl\":\"https:\\\/\\\/www.mundi-roth.de\\\/teneriffa-blog\\\/wp-content\\\/uploads\\\/2013\\\/12\\\/P1120929.jpg\",\"datePublished\":\"2013-12-17T21:00:35+00:00\",\"dateModified\":\"2016-05-27T09:20:38+00:00\",\"author\":{\"@id\":\"https:\\\/\\\/www.mundi-roth.de\\\/teneriffa-blog\\\/#\\\/schema\\\/person\\\/971c66b55f3ae5e8741553688c413cac\"},\"description\":\"Wanderung ab der Haifischflosse an der TF 1 Abfahrt 51.Egal, ob man nun punktgenau geht oder - wie wir teilweise herumirrt - die Landschaft ist spektakul\u00e4r.\",\"breadcrumb\":{\"@id\":\"https:\\\/\\\/www.mundi-roth.de\\\/teneriffa-blog\\\/wanderungen\\\/monomento-natural-los-derriscaderos\\\/#breadcrumb\"},\"inLanguage\":\"de\",\"potentialAction\":[{\"@type\":\"ReadAction\",\"target\":[\"https:\\\/\\\/www.mundi-roth.de\\\/teneriffa-blog\\\/wanderungen\\\/monomento-natural-los-derriscaderos\\\/\"]}]},{\"@type\":\"ImageObject\",\"inLanguage\":\"de\",\"@id\":\"https:\\\/\\\/www.mundi-roth.de\\\/teneriffa-blog\\\/wanderungen\\\/monomento-natural-los-derriscaderos\\\/#primaryimage\",\"url\":\"https:\\\/\\\/www.mundi-roth.de\\\/teneriffa-blog\\\/wp-content\\\/uploads\\\/2013\\\/12\\\/P1120929.jpg\",\"contentUrl\":\"https:\\\/\\\/www.mundi-roth.de\\\/teneriffa-blog\\\/wp-content\\\/uploads\\\/2013\\\/12\\\/P1120929.jpg\",\"width\":269,\"height\":202},{\"@type\":\"BreadcrumbList\",\"@id\":\"https:\\\/\\\/www.mundi-roth.de\\\/teneriffa-blog\\\/wanderungen\\\/monomento-natural-los-derriscaderos\\\/#breadcrumb\",\"itemListElement\":[{\"@type\":\"ListItem\",\"position\":1,\"name\":\"Startseite\",\"item\":\"https:\\\/\\\/www.mundi-roth.de\\\/teneriffa-blog\\\/\"},{\"@type\":\"ListItem\",\"position\":2,\"name\":\"Monomento Natural Los Derriscaderos\"}]},{\"@type\":\"WebSite\",\"@id\":\"https:\\\/\\\/www.mundi-roth.de\\\/teneriffa-blog\\\/#website\",\"url\":\"https:\\\/\\\/www.mundi-roth.de\\\/teneriffa-blog\\\/\",\"name\":\"Teneriffa Wandern\",\"description\":\"Nicht nur Wanderungen auf Teneriffa...\",\"potentialAction\":[{\"@type\":\"SearchAction\",\"target\":{\"@type\":\"EntryPoint\",\"urlTemplate\":\"https:\\\/\\\/www.mundi-roth.de\\\/teneriffa-blog\\\/?s={search_term_string}\"},\"query-input\":{\"@type\":\"PropertyValueSpecification\",\"valueRequired\":true,\"valueName\":\"search_term_string\"}}],\"inLanguage\":\"de\"},{\"@type\":\"Person\",\"@id\":\"https:\\\/\\\/www.mundi-roth.de\\\/teneriffa-blog\\\/#\\\/schema\\\/person\\\/971c66b55f3ae5e8741553688c413cac\",\"name\":\"mundi\",\"image\":{\"@type\":\"ImageObject\",\"inLanguage\":\"de\",\"@id\":\"https:\\\/\\\/secure.gravatar.com\\\/avatar\\\/555f0dd85428f1a9330f8e5dbe9e40ff9ca912bb81e5a89747ebf3ca9c20dc0f?s=96&d=mm&r=g\",\"url\":\"https:\\\/\\\/secure.gravatar.com\\\/avatar\\\/555f0dd85428f1a9330f8e5dbe9e40ff9ca912bb81e5a89747ebf3ca9c20dc0f?s=96&d=mm&r=g\",\"contentUrl\":\"https:\\\/\\\/secure.gravatar.com\\\/avatar\\\/555f0dd85428f1a9330f8e5dbe9e40ff9ca912bb81e5a89747ebf3ca9c20dc0f?s=96&d=mm&r=g\",\"caption\":\"mundi\"},\"sameAs\":[\"http:\\\/\\\/mundi-roth.de\"],\"url\":\"https:\\\/\\\/www.mundi-roth.de\\\/teneriffa-blog\\\/author\\\/mundi\\\/\"}]}<\/script>\n<!-- \/ Yoast SEO plugin. -->","yoast_head_json":{"title":"Monomento Natural Los Derriscaderos - Teneriffa Wandern","description":"Wanderung ab der Haifischflosse an der TF 1 Abfahrt 51.Egal, ob man nun punktgenau geht oder - wie wir teilweise herumirrt - die Landschaft ist spektakul\u00e4r.","robots":{"index":"index","follow":"follow","max-snippet":"max-snippet:-1","max-image-preview":"max-image-preview:large","max-video-preview":"max-video-preview:-1"},"canonical":"https:\/\/www.mundi-roth.de\/teneriffa-blog\/wanderungen\/monomento-natural-los-derriscaderos\/","twitter_misc":{"Verfasst von":"mundi","Gesch\u00e4tzte Lesezeit":"8\u00a0Minuten"},"schema":{"@context":"https:\/\/schema.org","@graph":[{"@type":"Article","@id":"https:\/\/www.mundi-roth.de\/teneriffa-blog\/wanderungen\/monomento-natural-los-derriscaderos\/#article","isPartOf":{"@id":"https:\/\/www.mundi-roth.de\/teneriffa-blog\/wanderungen\/monomento-natural-los-derriscaderos\/"},"author":{"name":"mundi","@id":"https:\/\/www.mundi-roth.de\/teneriffa-blog\/#\/schema\/person\/971c66b55f3ae5e8741553688c413cac"},"headline":"Monomento Natural Los Derriscaderos","datePublished":"2013-12-17T21:00:35+00:00","dateModified":"2016-05-27T09:20:38+00:00","mainEntityOfPage":{"@id":"https:\/\/www.mundi-roth.de\/teneriffa-blog\/wanderungen\/monomento-natural-los-derriscaderos\/"},"wordCount":1646,"commentCount":2,"image":{"@id":"https:\/\/www.mundi-roth.de\/teneriffa-blog\/wanderungen\/monomento-natural-los-derriscaderos\/#primaryimage"},"thumbnailUrl":"https:\/\/www.mundi-roth.de\/teneriffa-blog\/wp-content\/uploads\/2013\/12\/P1120929.jpg","keywords":["Hafen von Granadilla","Haifischflosse an der TF 1","Kanaren-Trichter-Narzissen","Los Derriscaderos","Paisaje Lunar","park eol\u00f3gico","San Blas","Teide","Teneriffa Wandern","Wandern Teneriffa"],"articleSection":["Arico","Wanderungen"],"inLanguage":"de","potentialAction":[{"@type":"CommentAction","name":"Comment","target":["https:\/\/www.mundi-roth.de\/teneriffa-blog\/wanderungen\/monomento-natural-los-derriscaderos\/#respond"]}]},{"@type":"WebPage","@id":"https:\/\/www.mundi-roth.de\/teneriffa-blog\/wanderungen\/monomento-natural-los-derriscaderos\/","url":"https:\/\/www.mundi-roth.de\/teneriffa-blog\/wanderungen\/monomento-natural-los-derriscaderos\/","name":"Monomento Natural Los Derriscaderos - Teneriffa Wandern","isPartOf":{"@id":"https:\/\/www.mundi-roth.de\/teneriffa-blog\/#website"},"primaryImageOfPage":{"@id":"https:\/\/www.mundi-roth.de\/teneriffa-blog\/wanderungen\/monomento-natural-los-derriscaderos\/#primaryimage"},"image":{"@id":"https:\/\/www.mundi-roth.de\/teneriffa-blog\/wanderungen\/monomento-natural-los-derriscaderos\/#primaryimage"},"thumbnailUrl":"https:\/\/www.mundi-roth.de\/teneriffa-blog\/wp-content\/uploads\/2013\/12\/P1120929.jpg","datePublished":"2013-12-17T21:00:35+00:00","dateModified":"2016-05-27T09:20:38+00:00","author":{"@id":"https:\/\/www.mundi-roth.de\/teneriffa-blog\/#\/schema\/person\/971c66b55f3ae5e8741553688c413cac"},"description":"Wanderung ab der Haifischflosse an der TF 1 Abfahrt 51.Egal, ob man nun punktgenau geht oder - wie wir teilweise herumirrt - die Landschaft ist spektakul\u00e4r.","breadcrumb":{"@id":"https:\/\/www.mundi-roth.de\/teneriffa-blog\/wanderungen\/monomento-natural-los-derriscaderos\/#breadcrumb"},"inLanguage":"de","potentialAction":[{"@type":"ReadAction","target":["https:\/\/www.mundi-roth.de\/teneriffa-blog\/wanderungen\/monomento-natural-los-derriscaderos\/"]}]},{"@type":"ImageObject","inLanguage":"de","@id":"https:\/\/www.mundi-roth.de\/teneriffa-blog\/wanderungen\/monomento-natural-los-derriscaderos\/#primaryimage","url":"https:\/\/www.mundi-roth.de\/teneriffa-blog\/wp-content\/uploads\/2013\/12\/P1120929.jpg","contentUrl":"https:\/\/www.mundi-roth.de\/teneriffa-blog\/wp-content\/uploads\/2013\/12\/P1120929.jpg","width":269,"height":202},{"@type":"BreadcrumbList","@id":"https:\/\/www.mundi-roth.de\/teneriffa-blog\/wanderungen\/monomento-natural-los-derriscaderos\/#breadcrumb","itemListElement":[{"@type":"ListItem","position":1,"name":"Startseite","item":"https:\/\/www.mundi-roth.de\/teneriffa-blog\/"},{"@type":"ListItem","position":2,"name":"Monomento Natural Los Derriscaderos"}]},{"@type":"WebSite","@id":"https:\/\/www.mundi-roth.de\/teneriffa-blog\/#website","url":"https:\/\/www.mundi-roth.de\/teneriffa-blog\/","name":"Teneriffa Wandern","description":"Nicht nur Wanderungen auf Teneriffa...","potentialAction":[{"@type":"SearchAction","target":{"@type":"EntryPoint","urlTemplate":"https:\/\/www.mundi-roth.de\/teneriffa-blog\/?s={search_term_string}"},"query-input":{"@type":"PropertyValueSpecification","valueRequired":true,"valueName":"search_term_string"}}],"inLanguage":"de"},{"@type":"Person","@id":"https:\/\/www.mundi-roth.de\/teneriffa-blog\/#\/schema\/person\/971c66b55f3ae5e8741553688c413cac","name":"mundi","image":{"@type":"ImageObject","inLanguage":"de","@id":"https:\/\/secure.gravatar.com\/avatar\/555f0dd85428f1a9330f8e5dbe9e40ff9ca912bb81e5a89747ebf3ca9c20dc0f?s=96&d=mm&r=g","url":"https:\/\/secure.gravatar.com\/avatar\/555f0dd85428f1a9330f8e5dbe9e40ff9ca912bb81e5a89747ebf3ca9c20dc0f?s=96&d=mm&r=g","contentUrl":"https:\/\/secure.gravatar.com\/avatar\/555f0dd85428f1a9330f8e5dbe9e40ff9ca912bb81e5a89747ebf3ca9c20dc0f?s=96&d=mm&r=g","caption":"mundi"},"sameAs":["http:\/\/mundi-roth.de"],"url":"https:\/\/www.mundi-roth.de\/teneriffa-blog\/author\/mundi\/"}]}},"_links":{"self":[{"href":"https:\/\/www.mundi-roth.de\/teneriffa-blog\/wp-json\/wp\/v2\/posts\/2847","targetHints":{"allow":["GET"]}}],"collection":[{"href":"https:\/\/www.mundi-roth.de\/teneriffa-blog\/wp-json\/wp\/v2\/posts"}],"about":[{"href":"https:\/\/www.mundi-roth.de\/teneriffa-blog\/wp-json\/wp\/v2\/types\/post"}],"author":[{"embeddable":true,"href":"https:\/\/www.mundi-roth.de\/teneriffa-blog\/wp-json\/wp\/v2\/users\/4"}],"replies":[{"embeddable":true,"href":"https:\/\/www.mundi-roth.de\/teneriffa-blog\/wp-json\/wp\/v2\/comments?post=2847"}],"version-history":[{"count":0,"href":"https:\/\/www.mundi-roth.de\/teneriffa-blog\/wp-json\/wp\/v2\/posts\/2847\/revisions"}],"wp:featuredmedia":[{"embeddable":true,"href":"https:\/\/www.mundi-roth.de\/teneriffa-blog\/wp-json\/wp\/v2\/media\/5189"}],"wp:attachment":[{"href":"https:\/\/www.mundi-roth.de\/teneriffa-blog\/wp-json\/wp\/v2\/media?parent=2847"}],"wp:term":[{"taxonomy":"category","embeddable":true,"href":"https:\/\/www.mundi-roth.de\/teneriffa-blog\/wp-json\/wp\/v2\/categories?post=2847"},{"taxonomy":"post_tag","embeddable":true,"href":"https:\/\/www.mundi-roth.de\/teneriffa-blog\/wp-json\/wp\/v2\/tags?post=2847"}],"curies":[{"name":"wp","href":"https:\/\/api.w.org\/{rel}","templated":true}]}}