{"id":2878,"date":"2013-12-27T22:00:53","date_gmt":"2013-12-27T21:00:53","guid":{"rendered":"http:\/\/www.mundi-roth.de\/teneriffa-blog\/?p=2878"},"modified":"2016-05-27T10:17:22","modified_gmt":"2016-05-27T09:17:22","slug":"krippen-santa-cruz","status":"publish","type":"post","link":"https:\/\/www.mundi-roth.de\/teneriffa-blog\/wanderungen\/krippen-santa-cruz\/","title":{"rendered":"Krippen in Santa Cruz"},"content":{"rendered":"<p>Diese Woche mal keine Wanderung sondern eine \u201eKrippenfahrt\u201c nach Santa Cruz.<br \/>\nSeit nunmehr 25 Jahren wird die Tradition der Krippen auf Teneriffa gepflegt. Wir haben uns aus der F\u00fclle der ausgestellten Krippen zwei absolut gegens\u00e4tzliche ausgesucht.<\/p>\n<p><strong>Eine traditionelle Krippe im Regierungsgeb\u00e4ude an der Plaza Espa\u00f1a<\/strong><\/p>\n<p>Anl\u00e4sslich des 25-Jahres-Jubil\u00e4ums wurde im Regierungsgeb\u00e4ude eine Krippe von drei K\u00fcnstlern \u2013 <strong>Jes\u00fas David Blanco, Miguel Barqu\u00edn y Mar\u00eda Candelaria Gonz\u00e1lez<\/strong> &#8211; gestaltet, bei der die die Figuren, die damals vor 25 Jahren zum ersten Mal gezeigt wurde, in die Landschaft und das t\u00e4gliche Leben eingepasst wurden.<\/p>\n<div id=\"attachment_2879\" style=\"width: 310px\" class=\"wp-caption aligncenter\"><a href=\"http:\/\/www.mundi-roth.de\/teneriffa-blog\/wp-content\/uploads\/2013\/12\/27.jpg\" rel=\"lightbox[2878]\"><img loading=\"lazy\" decoding=\"async\" aria-describedby=\"caption-attachment-2879\" class=\"size-medium wp-image-2879\" src=\"http:\/\/www.mundi-roth.de\/teneriffa-blog\/wp-content\/uploads\/2013\/12\/27-300x109.jpg\" alt=\"Krippe im Regierungsgeb\u00e4ude\" width=\"300\" height=\"109\" srcset=\"https:\/\/www.mundi-roth.de\/teneriffa-blog\/wp-content\/uploads\/2013\/12\/27-300x109.jpg 300w, https:\/\/www.mundi-roth.de\/teneriffa-blog\/wp-content\/uploads\/2013\/12\/27-150x54.jpg 150w, https:\/\/www.mundi-roth.de\/teneriffa-blog\/wp-content\/uploads\/2013\/12\/27.jpg 800w\" sizes=\"auto, (max-width: 300px) 100vw, 300px\" \/><\/a><p id=\"caption-attachment-2879\" class=\"wp-caption-text\">Krippe im Regierungsgeb\u00e4ude<\/p><\/div>\n<p>Bei der Er\u00f6ffnung der Ausstellung f\u00fchrte der Insel-Pr\u00e4sident Carlos Alonso Rodr\u00edguez aus, dass Wasser f\u00fcr die Entwicklung des Menschen und seine Umgebung essenziell sei.<br \/>\nIn dieser Krippe, welche die Geburt Jesus pr\u00e4sentiert, sind in die\u00a0 Darstellung die verschiedensten Formen des Wassers eingebettet: Brunnen, B\u00e4che, Teiche oder traditionellen Waschbecken an denen die Frauen ihre t\u00e4gliche Arbeit verrichten.<\/p>\n<p>Hingehen und anschauen, das ist mein Rat. Es gibt so viele Dinge aus dem<\/p>\n<div id=\"attachment_2880\" style=\"width: 160px\" class=\"wp-caption alignright\"><a href=\"http:\/\/www.mundi-roth.de\/teneriffa-blog\/wp-content\/uploads\/2013\/12\/37.jpg\" rel=\"lightbox[2878]\"><img loading=\"lazy\" decoding=\"async\" aria-describedby=\"caption-attachment-2880\" class=\"size-thumbnail wp-image-2880\" src=\"http:\/\/www.mundi-roth.de\/teneriffa-blog\/wp-content\/uploads\/2013\/12\/37-150x112.jpg\" alt=\"Das Meer am Krippenrand\" width=\"150\" height=\"112\" srcset=\"https:\/\/www.mundi-roth.de\/teneriffa-blog\/wp-content\/uploads\/2013\/12\/37-150x112.jpg 150w, https:\/\/www.mundi-roth.de\/teneriffa-blog\/wp-content\/uploads\/2013\/12\/37-300x225.jpg 300w, https:\/\/www.mundi-roth.de\/teneriffa-blog\/wp-content\/uploads\/2013\/12\/37.jpg 800w\" sizes=\"auto, (max-width: 150px) 100vw, 150px\" \/><\/a><p id=\"caption-attachment-2880\" class=\"wp-caption-text\">Das Meer am Krippenrand<\/p><\/div>\n<p>t\u00e4glichen Leben zu entdecken. Alles ganz, ganz liebevoll gestaltet.<br \/>\nAuch das Meer mit Fischern darf nicht fehlen.<\/p>\n<p>Bis zum 6. Januar kann man die Krippe t\u00e4glich von 9:00 bis 15:00 Uhr und von 16 bis 21:30 besichtigen.<br \/>\nAusnahmen sind der 31. Dezember, wo sie nur vormittags von 9:00 bis 15:00 Uhr zu sehen ist und der 1. und 6. Januar dann nur von 16:00 bis 21.30 Uhr.<\/p>\n<p>Sein Gefallen an der Ausstellung kann man mit einer Spende ausdr\u00fccken die dem Verein f\u00fcr Frauen mit Brustkrebs auf Teneriffa zu Gute kommt.<\/p>\n<p>&nbsp;<\/p>\n<p><strong>Eine moderne Austellung im Centro Arte La Recova<\/strong><\/p>\n<div id=\"attachment_2881\" style=\"width: 310px\" class=\"wp-caption aligncenter\"><a href=\"http:\/\/www.mundi-roth.de\/teneriffa-blog\/wp-content\/uploads\/2013\/12\/60.jpg\" rel=\"lightbox[2878]\"><img loading=\"lazy\" decoding=\"async\" aria-describedby=\"caption-attachment-2881\" class=\"size-medium wp-image-2881\" src=\"http:\/\/www.mundi-roth.de\/teneriffa-blog\/wp-content\/uploads\/2013\/12\/60-300x75.jpg\" alt=\"Die sehr moderne Krippengestaltung\" width=\"300\" height=\"75\" srcset=\"https:\/\/www.mundi-roth.de\/teneriffa-blog\/wp-content\/uploads\/2013\/12\/60-300x75.jpg 300w, https:\/\/www.mundi-roth.de\/teneriffa-blog\/wp-content\/uploads\/2013\/12\/60-150x37.jpg 150w, https:\/\/www.mundi-roth.de\/teneriffa-blog\/wp-content\/uploads\/2013\/12\/60.jpg 800w\" sizes=\"auto, (max-width: 300px) 100vw, 300px\" \/><\/a><p id=\"caption-attachment-2881\" class=\"wp-caption-text\">Die sehr moderne Krippengestaltung<\/p><\/div>\n<p>Diese zweite Krippengestaltung ist ganz au\u00dfergew\u00f6hnlich.<br \/>\nEs ist bewundernswert, wie der Recycling-Gedanke nunmehr auf der Insel \u00fcberall Platz greift &#8211; sogar in der Kunst.<\/p>\n<p>Diese modernen Krippen \u2013 in den 4 Jahreszeiten dargestellt \u2013 bestehen\u00a0 hundertprozentig aus Recycling-Material.<\/p>\n<p>Die Idee, das Sammeln des Recycling-Materials, die Gestaltung und den Aufbau haben die beiden Doktoranden der Bildhauerkunst <strong>Carmen Gloria Mart\u00edn Afonso<\/strong> und <strong>Esther Lidia Rodriguez Su\u00e1rez<\/strong> in die Hand genommen.<br \/>\nDas Ergebnis:<br \/>\n\u00dcberraschend, ungew\u00f6hnlich, begeisternd!<\/p>\n<p>Wir waren p\u00fcnktlich um 12:30 Uhr im Kunstzentrum, da wir gelesen hatten, dass dann eine F\u00fchrung stattfinden solle.<br \/>\nDie Aufsicht f\u00fchrende Dame, Angeles, wusste davon nichts, war aber dann spontan so liebensw\u00fcrdig mit uns einen Rundgang durch die Ausstellung zu machen und erl\u00e4uterte uns, welche Materialien f\u00fcr den Aufbau Verwendung fanden und wie die Heilige Familie und die Heiligen Drei K\u00f6nige in den vier Jahreszeiten dargestellt sind:<\/p>\n<p><strong>Im Fr\u00fchjahr:<\/strong><\/p>\n<div id=\"attachment_2882\" style=\"width: 160px\" class=\"wp-caption alignleft\"><a href=\"http:\/\/www.mundi-roth.de\/teneriffa-blog\/wp-content\/uploads\/2013\/12\/12.jpg\" rel=\"lightbox[2878]\"><img loading=\"lazy\" decoding=\"async\" aria-describedby=\"caption-attachment-2882\" class=\"size-thumbnail wp-image-2882\" src=\"http:\/\/www.mundi-roth.de\/teneriffa-blog\/wp-content\/uploads\/2013\/12\/12-150x112.jpg\" alt=\"Heilige Familie im Fr\u00fchling\" width=\"150\" height=\"112\" srcset=\"https:\/\/www.mundi-roth.de\/teneriffa-blog\/wp-content\/uploads\/2013\/12\/12-150x112.jpg 150w, https:\/\/www.mundi-roth.de\/teneriffa-blog\/wp-content\/uploads\/2013\/12\/12-300x225.jpg 300w, https:\/\/www.mundi-roth.de\/teneriffa-blog\/wp-content\/uploads\/2013\/12\/12.jpg 800w\" sizes=\"auto, (max-width: 150px) 100vw, 150px\" \/><\/a><p id=\"caption-attachment-2882\" class=\"wp-caption-text\">Heilige Familie im Fr\u00fchling<\/p><\/div>\n<p>Zwischen riesigen Blumen, einem wundersch\u00f6nen<\/p>\n<div id=\"attachment_2883\" style=\"width: 122px\" class=\"wp-caption alignright\"><a href=\"http:\/\/www.mundi-roth.de\/teneriffa-blog\/wp-content\/uploads\/2013\/12\/14.jpg\" rel=\"lightbox[2878]\"><img loading=\"lazy\" decoding=\"async\" aria-describedby=\"caption-attachment-2883\" class=\"size-thumbnail wp-image-2883\" src=\"http:\/\/www.mundi-roth.de\/teneriffa-blog\/wp-content\/uploads\/2013\/12\/14-112x150.jpg\" alt=\"Ein Engel in der Bl\u00fcte\" width=\"112\" height=\"150\" srcset=\"https:\/\/www.mundi-roth.de\/teneriffa-blog\/wp-content\/uploads\/2013\/12\/14-112x150.jpg 112w, https:\/\/www.mundi-roth.de\/teneriffa-blog\/wp-content\/uploads\/2013\/12\/14-225x300.jpg 225w, https:\/\/www.mundi-roth.de\/teneriffa-blog\/wp-content\/uploads\/2013\/12\/14.jpg 600w\" sizes=\"auto, (max-width: 112px) 100vw, 112px\" \/><\/a><p id=\"caption-attachment-2883\" class=\"wp-caption-text\">Ein Engel in der Bl\u00fcte<\/p><\/div>\n<p>Spinnennetz und Schmetterlingen befindet sich die Heilige Familie und die Heiligen Drei K\u00f6nige aus Blument\u00f6pfen gestaltet. Die Anreise der heiligen drei K\u00f6nige wurde sehr interessant dargestellt..<\/p>\n<div id=\"attachment_2884\" style=\"width: 122px\" class=\"wp-caption alignleft\"><a href=\"http:\/\/www.mundi-roth.de\/teneriffa-blog\/wp-content\/uploads\/2013\/12\/52.jpg\" rel=\"lightbox[2878]\"><img loading=\"lazy\" decoding=\"async\" aria-describedby=\"caption-attachment-2884\" class=\"size-thumbnail wp-image-2884\" src=\"http:\/\/www.mundi-roth.de\/teneriffa-blog\/wp-content\/uploads\/2013\/12\/52-112x150.jpg\" alt=\"Einer der anreisenden K\u00f6nige\" width=\"112\" height=\"150\" srcset=\"https:\/\/www.mundi-roth.de\/teneriffa-blog\/wp-content\/uploads\/2013\/12\/52-112x150.jpg 112w, https:\/\/www.mundi-roth.de\/teneriffa-blog\/wp-content\/uploads\/2013\/12\/52-225x300.jpg 225w, https:\/\/www.mundi-roth.de\/teneriffa-blog\/wp-content\/uploads\/2013\/12\/52.jpg 600w\" sizes=\"auto, (max-width: 112px) 100vw, 112px\" \/><\/a><p id=\"caption-attachment-2884\" class=\"wp-caption-text\">Einer der anreisenden K\u00f6nige<\/p><\/div>\n<p>&nbsp;<\/p>\n<p>&nbsp;<\/p>\n<p><strong>Im Sommer:<\/strong><\/p>\n<div id=\"attachment_2885\" style=\"width: 160px\" class=\"wp-caption alignright\"><a href=\"http:\/\/www.mundi-roth.de\/teneriffa-blog\/wp-content\/uploads\/2013\/12\/16.jpg\" rel=\"lightbox[2878]\"><img loading=\"lazy\" decoding=\"async\" aria-describedby=\"caption-attachment-2885\" class=\"size-thumbnail wp-image-2885\" src=\"http:\/\/www.mundi-roth.de\/teneriffa-blog\/wp-content\/uploads\/2013\/12\/16-150x112.jpg\" alt=\"Die sommerliche Familie\" width=\"150\" height=\"112\" srcset=\"https:\/\/www.mundi-roth.de\/teneriffa-blog\/wp-content\/uploads\/2013\/12\/16-150x112.jpg 150w, https:\/\/www.mundi-roth.de\/teneriffa-blog\/wp-content\/uploads\/2013\/12\/16-300x225.jpg 300w, https:\/\/www.mundi-roth.de\/teneriffa-blog\/wp-content\/uploads\/2013\/12\/16.jpg 800w\" sizes=\"auto, (max-width: 150px) 100vw, 150px\" \/><\/a><p id=\"caption-attachment-2885\" class=\"wp-caption-text\">Die sommerliche Familie<\/p><\/div>\n<p>Inmitten des Meers, umgeben von Felsen und Palmen erscheinen Nixen \u2013 Maria und Josef &#8211; mit Jesus.<br \/>\nBeachtlich: Der<\/p>\n<div id=\"attachment_2886\" style=\"width: 160px\" class=\"wp-caption alignleft\"><a href=\"http:\/\/www.mundi-roth.de\/teneriffa-blog\/wp-content\/uploads\/2013\/12\/17.jpg\" rel=\"lightbox[2878]\"><img loading=\"lazy\" decoding=\"async\" aria-describedby=\"caption-attachment-2886\" class=\"size-thumbnail wp-image-2886\" src=\"http:\/\/www.mundi-roth.de\/teneriffa-blog\/wp-content\/uploads\/2013\/12\/17-150x112.jpg\" alt=\"Die K\u00f6nige\" width=\"150\" height=\"112\" srcset=\"https:\/\/www.mundi-roth.de\/teneriffa-blog\/wp-content\/uploads\/2013\/12\/17-150x112.jpg 150w, https:\/\/www.mundi-roth.de\/teneriffa-blog\/wp-content\/uploads\/2013\/12\/17-300x225.jpg 300w, https:\/\/www.mundi-roth.de\/teneriffa-blog\/wp-content\/uploads\/2013\/12\/17.jpg 800w\" sizes=\"auto, (max-width: 150px) 100vw, 150px\" \/><\/a><p id=\"caption-attachment-2886\" class=\"wp-caption-text\">Die K\u00f6nige<\/p><\/div>\n<p>Fischschwanz besteht aus \u00fcber 1000 \u2013 tausend \u2013 \u00d6ffnnungslaschen von Getr\u00e4nkedosen.<br \/>\nDie Heiligen Dreik\u00f6nige kommen statt auf Kameln als Seepferdchen und die Geschenke werden auf einem Floss in Netzen gebracht.<\/p>\n<p>&nbsp;<\/p>\n<p>Und so geht es weiter im Ideenreichtum.<\/p>\n<p><strong>Im Herbst:<\/strong><br \/>\nEin Wald mit phantastisch gestalteten B\u00e4umen.<\/p>\n<div id=\"attachment_2887\" style=\"width: 160px\" class=\"wp-caption alignright\"><a href=\"http:\/\/www.mundi-roth.de\/teneriffa-blog\/wp-content\/uploads\/2013\/12\/Herbst.jpg\" rel=\"lightbox[2878]\"><img loading=\"lazy\" decoding=\"async\" aria-describedby=\"caption-attachment-2887\" class=\"size-thumbnail wp-image-2887\" src=\"http:\/\/www.mundi-roth.de\/teneriffa-blog\/wp-content\/uploads\/2013\/12\/Herbst-150x112.jpg\" alt=\"Die herbstliche Familie\" width=\"150\" height=\"112\" srcset=\"https:\/\/www.mundi-roth.de\/teneriffa-blog\/wp-content\/uploads\/2013\/12\/Herbst-150x112.jpg 150w, https:\/\/www.mundi-roth.de\/teneriffa-blog\/wp-content\/uploads\/2013\/12\/Herbst-300x225.jpg 300w, https:\/\/www.mundi-roth.de\/teneriffa-blog\/wp-content\/uploads\/2013\/12\/Herbst.jpg 800w\" sizes=\"auto, (max-width: 150px) 100vw, 150px\" \/><\/a><p id=\"caption-attachment-2887\" class=\"wp-caption-text\">Die herbstliche Familie<\/p><\/div>\n<p>Auch hier wieder, die Heilige Familie in Form von 3 B\u00e4umen und die Heiligen Drei K\u00f6nige befinden sich links davon w\u00e4hrend die anderen B\u00e4ume die Hirten symbolisieren.<br \/>\nAuf der R\u00fcckseite macht uns Angeles auf einen Uhu und ein Vogelnest aufmerksam.<\/p>\n<p><strong>Im Winter:<\/strong><\/p>\n<div id=\"attachment_2888\" style=\"width: 160px\" class=\"wp-caption alignleft\"><a href=\"http:\/\/www.mundi-roth.de\/teneriffa-blog\/wp-content\/uploads\/2013\/12\/49.jpg\" rel=\"lightbox[2878]\"><img loading=\"lazy\" decoding=\"async\" aria-describedby=\"caption-attachment-2888\" class=\"size-thumbnail wp-image-2888\" src=\"http:\/\/www.mundi-roth.de\/teneriffa-blog\/wp-content\/uploads\/2013\/12\/49-150x112.jpg\" alt=\"Winterlich\" width=\"150\" height=\"112\" srcset=\"https:\/\/www.mundi-roth.de\/teneriffa-blog\/wp-content\/uploads\/2013\/12\/49-150x112.jpg 150w, https:\/\/www.mundi-roth.de\/teneriffa-blog\/wp-content\/uploads\/2013\/12\/49-300x225.jpg 300w, https:\/\/www.mundi-roth.de\/teneriffa-blog\/wp-content\/uploads\/2013\/12\/49.jpg 800w\" sizes=\"auto, (max-width: 150px) 100vw, 150px\" \/><\/a><p id=\"caption-attachment-2888\" class=\"wp-caption-text\">Winterlich<\/p><\/div>\n<p>Maria-Josef-das Christkind als Schneem\u00e4nner vor einem \u201eHolzh\u00e4uschen\u201c aus Kartons gefertigt. Auch eine Ratte kann man ausmachen.<br \/>\nStyropor bietet sich als Schnee an und Tetrapak gibt den Schneem\u00e4nnern die Form.<\/p>\n<p>Unsere liebenswerte F\u00fchrerin Angeles ist selbst ganz beeindrucket von der Menge an Material, das f\u00fcr die Arbeiten verwendet wurde.<br \/>\nNur einige Beispiele: 100 Zeitschriften und 300 Quadratmeter Packpapier f\u00fcr die Ummantelung der B\u00e4ume, 100 Blument\u00f6pfe, 3000 Plastikflaschen und Plastikkaraffen, die zum Beispiel f\u00fcr das Innere der B\u00e4ume gebraucht wurden, 7000 Plastikdeckel, 2500 Tetra-Beh\u00e4lter, 2000 Glaskorken und 2000 Korkpfropfen, 5 Lattenroste.<\/p>\n<p><strong>Mein Rat: Hingehen und anschauen noch bis 5. Januar.<\/strong><\/p>\n<p>Das Centro Arte La Recova kann man gut in Santa Cruz finden, es befindet sich direkt neben dem Theater G\u00fcimar an der Plaza Isla de La Madera.<\/p>\n<p>Und kennt man sich gar nicht aus in Santa Cruz:<\/p>\n<div id=\"attachment_2889\" style=\"width: 160px\" class=\"wp-caption alignright\"><a href=\"http:\/\/www.mundi-roth.de\/teneriffa-blog\/wp-content\/uploads\/2013\/12\/Information.jpg\" rel=\"lightbox[2878]\"><img loading=\"lazy\" decoding=\"async\" aria-describedby=\"caption-attachment-2889\" class=\"size-thumbnail wp-image-2889\" src=\"http:\/\/www.mundi-roth.de\/teneriffa-blog\/wp-content\/uploads\/2013\/12\/Information-150x96.jpg\" alt=\"Tourist-Information\" width=\"150\" height=\"96\" srcset=\"https:\/\/www.mundi-roth.de\/teneriffa-blog\/wp-content\/uploads\/2013\/12\/Information-150x96.jpg 150w, https:\/\/www.mundi-roth.de\/teneriffa-blog\/wp-content\/uploads\/2013\/12\/Information-300x193.jpg 300w, https:\/\/www.mundi-roth.de\/teneriffa-blog\/wp-content\/uploads\/2013\/12\/Information.jpg 800w\" sizes=\"auto, (max-width: 150px) 100vw, 150px\" \/><\/a><p id=\"caption-attachment-2889\" class=\"wp-caption-text\">Tourist-Information<\/p><\/div>\n<p>Mitten auf der Plaza Espa\u00f1a befindet sich das Tourismusb\u00fcro in einem Geb\u00e4ude mit einem wundersch\u00f6n bepflanzten Dach. Dort gibt es einen Stadtplan und der Weg zum Centro Arte wird f\u00fcr den Besucher eingezeichnet.<\/p>\n","protected":false},"excerpt":{"rendered":"<p>Diese Woche mal keine Wanderung sondern eine \u201eKrippenfahrt\u201c nach Santa Cruz. Seit nunmehr 25 Jahren wird die Tradition der Krippen auf Teneriffa gepflegt. Wir haben uns aus der F\u00fclle der ausgestellten Krippen zwei absolut gegens\u00e4tzliche ausgesucht. Eine traditionelle Krippe im Regierungsgeb\u00e4ude an der Plaza Espa\u00f1a Anl\u00e4sslich des 25-Jahres-Jubil\u00e4ums wurde im Regierungsgeb\u00e4ude eine Krippe von drei [&hellip;]<\/p>\n","protected":false},"author":4,"featured_media":5188,"comment_status":"open","ping_status":"open","sticky":false,"template":"","format":"standard","meta":{"footnotes":""},"categories":[768,6],"tags":[693,691,692,515],"class_list":["post-2878","post","type-post","status-publish","format-standard","has-post-thumbnail","hentry","category-anaga-gebirge","category-wanderungen","tag-centro-arte-la-recova","tag-krippen","tag-plaza-espana","tag-santa-cruz"],"yoast_head":"<!-- This site is optimized with the Yoast SEO plugin v27.5 - https:\/\/yoast.com\/product\/yoast-seo-wordpress\/ -->\n<title>Krippen in Santa Cruz - Teneriffa Wandern<\/title>\n<meta name=\"robots\" content=\"index, follow, max-snippet:-1, max-image-preview:large, max-video-preview:-1\" \/>\n<link rel=\"canonical\" href=\"https:\/\/www.mundi-roth.de\/teneriffa-blog\/wanderungen\/krippen-santa-cruz\/\" \/>\n<meta name=\"twitter:label1\" content=\"Verfasst von\" \/>\n\t<meta name=\"twitter:data1\" content=\"mundi\" \/>\n\t<meta name=\"twitter:label2\" content=\"Gesch\u00e4tzte Lesezeit\" \/>\n\t<meta name=\"twitter:data2\" content=\"4\u00a0Minuten\" \/>\n<script type=\"application\/ld+json\" class=\"yoast-schema-graph\">{\"@context\":\"https:\\\/\\\/schema.org\",\"@graph\":[{\"@type\":\"Article\",\"@id\":\"https:\\\/\\\/www.mundi-roth.de\\\/teneriffa-blog\\\/wanderungen\\\/krippen-santa-cruz\\\/#article\",\"isPartOf\":{\"@id\":\"https:\\\/\\\/www.mundi-roth.de\\\/teneriffa-blog\\\/wanderungen\\\/krippen-santa-cruz\\\/\"},\"author\":{\"name\":\"mundi\",\"@id\":\"https:\\\/\\\/www.mundi-roth.de\\\/teneriffa-blog\\\/#\\\/schema\\\/person\\\/971c66b55f3ae5e8741553688c413cac\"},\"headline\":\"Krippen in Santa Cruz\",\"datePublished\":\"2013-12-27T21:00:53+00:00\",\"dateModified\":\"2016-05-27T09:17:22+00:00\",\"mainEntityOfPage\":{\"@id\":\"https:\\\/\\\/www.mundi-roth.de\\\/teneriffa-blog\\\/wanderungen\\\/krippen-santa-cruz\\\/\"},\"wordCount\":866,\"commentCount\":0,\"image\":{\"@id\":\"https:\\\/\\\/www.mundi-roth.de\\\/teneriffa-blog\\\/wanderungen\\\/krippen-santa-cruz\\\/#primaryimage\"},\"thumbnailUrl\":\"https:\\\/\\\/www.mundi-roth.de\\\/teneriffa-blog\\\/wp-content\\\/uploads\\\/2013\\\/12\\\/SANY0069.jpg\",\"keywords\":[\"Centro Arte La Recova\",\"Krippen\",\"Plaza Espa\u00f1a\",\"Santa Cruz\"],\"articleSection\":[\"Anaga-Gebirge\",\"Wanderungen\"],\"inLanguage\":\"de\",\"potentialAction\":[{\"@type\":\"CommentAction\",\"name\":\"Comment\",\"target\":[\"https:\\\/\\\/www.mundi-roth.de\\\/teneriffa-blog\\\/wanderungen\\\/krippen-santa-cruz\\\/#respond\"]}]},{\"@type\":\"WebPage\",\"@id\":\"https:\\\/\\\/www.mundi-roth.de\\\/teneriffa-blog\\\/wanderungen\\\/krippen-santa-cruz\\\/\",\"url\":\"https:\\\/\\\/www.mundi-roth.de\\\/teneriffa-blog\\\/wanderungen\\\/krippen-santa-cruz\\\/\",\"name\":\"Krippen in Santa Cruz - Teneriffa Wandern\",\"isPartOf\":{\"@id\":\"https:\\\/\\\/www.mundi-roth.de\\\/teneriffa-blog\\\/#website\"},\"primaryImageOfPage\":{\"@id\":\"https:\\\/\\\/www.mundi-roth.de\\\/teneriffa-blog\\\/wanderungen\\\/krippen-santa-cruz\\\/#primaryimage\"},\"image\":{\"@id\":\"https:\\\/\\\/www.mundi-roth.de\\\/teneriffa-blog\\\/wanderungen\\\/krippen-santa-cruz\\\/#primaryimage\"},\"thumbnailUrl\":\"https:\\\/\\\/www.mundi-roth.de\\\/teneriffa-blog\\\/wp-content\\\/uploads\\\/2013\\\/12\\\/SANY0069.jpg\",\"datePublished\":\"2013-12-27T21:00:53+00:00\",\"dateModified\":\"2016-05-27T09:17:22+00:00\",\"author\":{\"@id\":\"https:\\\/\\\/www.mundi-roth.de\\\/teneriffa-blog\\\/#\\\/schema\\\/person\\\/971c66b55f3ae5e8741553688c413cac\"},\"breadcrumb\":{\"@id\":\"https:\\\/\\\/www.mundi-roth.de\\\/teneriffa-blog\\\/wanderungen\\\/krippen-santa-cruz\\\/#breadcrumb\"},\"inLanguage\":\"de\",\"potentialAction\":[{\"@type\":\"ReadAction\",\"target\":[\"https:\\\/\\\/www.mundi-roth.de\\\/teneriffa-blog\\\/wanderungen\\\/krippen-santa-cruz\\\/\"]}]},{\"@type\":\"ImageObject\",\"inLanguage\":\"de\",\"@id\":\"https:\\\/\\\/www.mundi-roth.de\\\/teneriffa-blog\\\/wanderungen\\\/krippen-santa-cruz\\\/#primaryimage\",\"url\":\"https:\\\/\\\/www.mundi-roth.de\\\/teneriffa-blog\\\/wp-content\\\/uploads\\\/2013\\\/12\\\/SANY0069.jpg\",\"contentUrl\":\"https:\\\/\\\/www.mundi-roth.de\\\/teneriffa-blog\\\/wp-content\\\/uploads\\\/2013\\\/12\\\/SANY0069.jpg\",\"width\":269,\"height\":202,\"caption\":\"SANYO DIGITAL CAMERA\"},{\"@type\":\"BreadcrumbList\",\"@id\":\"https:\\\/\\\/www.mundi-roth.de\\\/teneriffa-blog\\\/wanderungen\\\/krippen-santa-cruz\\\/#breadcrumb\",\"itemListElement\":[{\"@type\":\"ListItem\",\"position\":1,\"name\":\"Startseite\",\"item\":\"https:\\\/\\\/www.mundi-roth.de\\\/teneriffa-blog\\\/\"},{\"@type\":\"ListItem\",\"position\":2,\"name\":\"Krippen in Santa Cruz\"}]},{\"@type\":\"WebSite\",\"@id\":\"https:\\\/\\\/www.mundi-roth.de\\\/teneriffa-blog\\\/#website\",\"url\":\"https:\\\/\\\/www.mundi-roth.de\\\/teneriffa-blog\\\/\",\"name\":\"Teneriffa Wandern\",\"description\":\"Nicht nur Wanderungen auf Teneriffa...\",\"potentialAction\":[{\"@type\":\"SearchAction\",\"target\":{\"@type\":\"EntryPoint\",\"urlTemplate\":\"https:\\\/\\\/www.mundi-roth.de\\\/teneriffa-blog\\\/?s={search_term_string}\"},\"query-input\":{\"@type\":\"PropertyValueSpecification\",\"valueRequired\":true,\"valueName\":\"search_term_string\"}}],\"inLanguage\":\"de\"},{\"@type\":\"Person\",\"@id\":\"https:\\\/\\\/www.mundi-roth.de\\\/teneriffa-blog\\\/#\\\/schema\\\/person\\\/971c66b55f3ae5e8741553688c413cac\",\"name\":\"mundi\",\"image\":{\"@type\":\"ImageObject\",\"inLanguage\":\"de\",\"@id\":\"https:\\\/\\\/secure.gravatar.com\\\/avatar\\\/555f0dd85428f1a9330f8e5dbe9e40ff9ca912bb81e5a89747ebf3ca9c20dc0f?s=96&d=mm&r=g\",\"url\":\"https:\\\/\\\/secure.gravatar.com\\\/avatar\\\/555f0dd85428f1a9330f8e5dbe9e40ff9ca912bb81e5a89747ebf3ca9c20dc0f?s=96&d=mm&r=g\",\"contentUrl\":\"https:\\\/\\\/secure.gravatar.com\\\/avatar\\\/555f0dd85428f1a9330f8e5dbe9e40ff9ca912bb81e5a89747ebf3ca9c20dc0f?s=96&d=mm&r=g\",\"caption\":\"mundi\"},\"sameAs\":[\"http:\\\/\\\/mundi-roth.de\"],\"url\":\"https:\\\/\\\/www.mundi-roth.de\\\/teneriffa-blog\\\/author\\\/mundi\\\/\"}]}<\/script>\n<!-- \/ Yoast SEO plugin. -->","yoast_head_json":{"title":"Krippen in Santa Cruz - Teneriffa Wandern","robots":{"index":"index","follow":"follow","max-snippet":"max-snippet:-1","max-image-preview":"max-image-preview:large","max-video-preview":"max-video-preview:-1"},"canonical":"https:\/\/www.mundi-roth.de\/teneriffa-blog\/wanderungen\/krippen-santa-cruz\/","twitter_misc":{"Verfasst von":"mundi","Gesch\u00e4tzte Lesezeit":"4\u00a0Minuten"},"schema":{"@context":"https:\/\/schema.org","@graph":[{"@type":"Article","@id":"https:\/\/www.mundi-roth.de\/teneriffa-blog\/wanderungen\/krippen-santa-cruz\/#article","isPartOf":{"@id":"https:\/\/www.mundi-roth.de\/teneriffa-blog\/wanderungen\/krippen-santa-cruz\/"},"author":{"name":"mundi","@id":"https:\/\/www.mundi-roth.de\/teneriffa-blog\/#\/schema\/person\/971c66b55f3ae5e8741553688c413cac"},"headline":"Krippen in Santa Cruz","datePublished":"2013-12-27T21:00:53+00:00","dateModified":"2016-05-27T09:17:22+00:00","mainEntityOfPage":{"@id":"https:\/\/www.mundi-roth.de\/teneriffa-blog\/wanderungen\/krippen-santa-cruz\/"},"wordCount":866,"commentCount":0,"image":{"@id":"https:\/\/www.mundi-roth.de\/teneriffa-blog\/wanderungen\/krippen-santa-cruz\/#primaryimage"},"thumbnailUrl":"https:\/\/www.mundi-roth.de\/teneriffa-blog\/wp-content\/uploads\/2013\/12\/SANY0069.jpg","keywords":["Centro Arte La Recova","Krippen","Plaza Espa\u00f1a","Santa Cruz"],"articleSection":["Anaga-Gebirge","Wanderungen"],"inLanguage":"de","potentialAction":[{"@type":"CommentAction","name":"Comment","target":["https:\/\/www.mundi-roth.de\/teneriffa-blog\/wanderungen\/krippen-santa-cruz\/#respond"]}]},{"@type":"WebPage","@id":"https:\/\/www.mundi-roth.de\/teneriffa-blog\/wanderungen\/krippen-santa-cruz\/","url":"https:\/\/www.mundi-roth.de\/teneriffa-blog\/wanderungen\/krippen-santa-cruz\/","name":"Krippen in Santa Cruz - Teneriffa Wandern","isPartOf":{"@id":"https:\/\/www.mundi-roth.de\/teneriffa-blog\/#website"},"primaryImageOfPage":{"@id":"https:\/\/www.mundi-roth.de\/teneriffa-blog\/wanderungen\/krippen-santa-cruz\/#primaryimage"},"image":{"@id":"https:\/\/www.mundi-roth.de\/teneriffa-blog\/wanderungen\/krippen-santa-cruz\/#primaryimage"},"thumbnailUrl":"https:\/\/www.mundi-roth.de\/teneriffa-blog\/wp-content\/uploads\/2013\/12\/SANY0069.jpg","datePublished":"2013-12-27T21:00:53+00:00","dateModified":"2016-05-27T09:17:22+00:00","author":{"@id":"https:\/\/www.mundi-roth.de\/teneriffa-blog\/#\/schema\/person\/971c66b55f3ae5e8741553688c413cac"},"breadcrumb":{"@id":"https:\/\/www.mundi-roth.de\/teneriffa-blog\/wanderungen\/krippen-santa-cruz\/#breadcrumb"},"inLanguage":"de","potentialAction":[{"@type":"ReadAction","target":["https:\/\/www.mundi-roth.de\/teneriffa-blog\/wanderungen\/krippen-santa-cruz\/"]}]},{"@type":"ImageObject","inLanguage":"de","@id":"https:\/\/www.mundi-roth.de\/teneriffa-blog\/wanderungen\/krippen-santa-cruz\/#primaryimage","url":"https:\/\/www.mundi-roth.de\/teneriffa-blog\/wp-content\/uploads\/2013\/12\/SANY0069.jpg","contentUrl":"https:\/\/www.mundi-roth.de\/teneriffa-blog\/wp-content\/uploads\/2013\/12\/SANY0069.jpg","width":269,"height":202,"caption":"SANYO DIGITAL CAMERA"},{"@type":"BreadcrumbList","@id":"https:\/\/www.mundi-roth.de\/teneriffa-blog\/wanderungen\/krippen-santa-cruz\/#breadcrumb","itemListElement":[{"@type":"ListItem","position":1,"name":"Startseite","item":"https:\/\/www.mundi-roth.de\/teneriffa-blog\/"},{"@type":"ListItem","position":2,"name":"Krippen in Santa Cruz"}]},{"@type":"WebSite","@id":"https:\/\/www.mundi-roth.de\/teneriffa-blog\/#website","url":"https:\/\/www.mundi-roth.de\/teneriffa-blog\/","name":"Teneriffa Wandern","description":"Nicht nur Wanderungen auf Teneriffa...","potentialAction":[{"@type":"SearchAction","target":{"@type":"EntryPoint","urlTemplate":"https:\/\/www.mundi-roth.de\/teneriffa-blog\/?s={search_term_string}"},"query-input":{"@type":"PropertyValueSpecification","valueRequired":true,"valueName":"search_term_string"}}],"inLanguage":"de"},{"@type":"Person","@id":"https:\/\/www.mundi-roth.de\/teneriffa-blog\/#\/schema\/person\/971c66b55f3ae5e8741553688c413cac","name":"mundi","image":{"@type":"ImageObject","inLanguage":"de","@id":"https:\/\/secure.gravatar.com\/avatar\/555f0dd85428f1a9330f8e5dbe9e40ff9ca912bb81e5a89747ebf3ca9c20dc0f?s=96&d=mm&r=g","url":"https:\/\/secure.gravatar.com\/avatar\/555f0dd85428f1a9330f8e5dbe9e40ff9ca912bb81e5a89747ebf3ca9c20dc0f?s=96&d=mm&r=g","contentUrl":"https:\/\/secure.gravatar.com\/avatar\/555f0dd85428f1a9330f8e5dbe9e40ff9ca912bb81e5a89747ebf3ca9c20dc0f?s=96&d=mm&r=g","caption":"mundi"},"sameAs":["http:\/\/mundi-roth.de"],"url":"https:\/\/www.mundi-roth.de\/teneriffa-blog\/author\/mundi\/"}]}},"_links":{"self":[{"href":"https:\/\/www.mundi-roth.de\/teneriffa-blog\/wp-json\/wp\/v2\/posts\/2878","targetHints":{"allow":["GET"]}}],"collection":[{"href":"https:\/\/www.mundi-roth.de\/teneriffa-blog\/wp-json\/wp\/v2\/posts"}],"about":[{"href":"https:\/\/www.mundi-roth.de\/teneriffa-blog\/wp-json\/wp\/v2\/types\/post"}],"author":[{"embeddable":true,"href":"https:\/\/www.mundi-roth.de\/teneriffa-blog\/wp-json\/wp\/v2\/users\/4"}],"replies":[{"embeddable":true,"href":"https:\/\/www.mundi-roth.de\/teneriffa-blog\/wp-json\/wp\/v2\/comments?post=2878"}],"version-history":[{"count":0,"href":"https:\/\/www.mundi-roth.de\/teneriffa-blog\/wp-json\/wp\/v2\/posts\/2878\/revisions"}],"wp:featuredmedia":[{"embeddable":true,"href":"https:\/\/www.mundi-roth.de\/teneriffa-blog\/wp-json\/wp\/v2\/media\/5188"}],"wp:attachment":[{"href":"https:\/\/www.mundi-roth.de\/teneriffa-blog\/wp-json\/wp\/v2\/media?parent=2878"}],"wp:term":[{"taxonomy":"category","embeddable":true,"href":"https:\/\/www.mundi-roth.de\/teneriffa-blog\/wp-json\/wp\/v2\/categories?post=2878"},{"taxonomy":"post_tag","embeddable":true,"href":"https:\/\/www.mundi-roth.de\/teneriffa-blog\/wp-json\/wp\/v2\/tags?post=2878"}],"curies":[{"name":"wp","href":"https:\/\/api.w.org\/{rel}","templated":true}]}}