{"id":2933,"date":"2014-02-25T22:00:39","date_gmt":"2014-02-25T21:00:39","guid":{"rendered":"http:\/\/www.mundi-roth.de\/teneriffa-blog\/?p=2933"},"modified":"2016-05-27T10:02:59","modified_gmt":"2016-05-27T09:02:59","slug":"el-carrizal-rechter-masca-steig","status":"publish","type":"post","link":"https:\/\/www.mundi-roth.de\/teneriffa-blog\/wanderungen\/el-carrizal-rechter-masca-steig\/","title":{"rendered":"Rechter Masca-Steig &#8211; Cumbre de Carrizal"},"content":{"rendered":"<p style=\"text-align: center;\"><strong>Kein Spaziergang!<\/strong><br \/>\n<strong> Eine anspruchsvolle Wanderung fast ausschlie\u00dflich auf Felsbrocken!<\/strong><br \/>\n<strong> Ein stetes Auf und Ab! Trittsicherheit ganz wichtig !<\/strong><br \/>\n<strong> Begeisternde Aus- Weit- Rundum- und Tiefblicke!<\/strong><br \/>\n<strong> Eine Bl\u00fctenpracht! Die Farbskala rauf und runter!<\/strong><\/p>\n<p><strong>Wanderwegstrecke:<\/strong>\u00a0 5, 97 km &#8211; 3 Stunden \u2013 m\u00e1s o menos \u2013 mehr oder weniger, wenn man sich nicht versteigt.<\/p>\n<div id=\"attachment_2935\" style=\"width: 310px\" class=\"wp-caption aligncenter\"><a href=\"http:\/\/www.mundi-roth.de\/teneriffa-blog\/wp-content\/uploads\/2014\/02\/GPS-Route.jpg\" rel=\"lightbox[2933]\"><img loading=\"lazy\" decoding=\"async\" aria-describedby=\"caption-attachment-2935\" class=\"size-medium wp-image-2935\" src=\"http:\/\/www.mundi-roth.de\/teneriffa-blog\/wp-content\/uploads\/2014\/02\/GPS-Route-300x187.jpg\" alt=\"Unsere Route\" width=\"300\" height=\"187\" srcset=\"https:\/\/www.mundi-roth.de\/teneriffa-blog\/wp-content\/uploads\/2014\/02\/GPS-Route-300x187.jpg 300w, https:\/\/www.mundi-roth.de\/teneriffa-blog\/wp-content\/uploads\/2014\/02\/GPS-Route-150x93.jpg 150w, https:\/\/www.mundi-roth.de\/teneriffa-blog\/wp-content\/uploads\/2014\/02\/GPS-Route.jpg 800w\" sizes=\"auto, (max-width: 300px) 100vw, 300px\" \/><\/a><p id=\"caption-attachment-2935\" class=\"wp-caption-text\">Unsere Route<\/p><\/div>\n<div id=\"attachment_2936\" style=\"width: 310px\" class=\"wp-caption aligncenter\"><a href=\"http:\/\/www.mundi-roth.de\/teneriffa-blog\/wp-content\/uploads\/2014\/02\/H\u00f6henprofil.jpg\" rel=\"lightbox[2933]\"><img loading=\"lazy\" decoding=\"async\" aria-describedby=\"caption-attachment-2936\" class=\"size-medium wp-image-2936\" src=\"http:\/\/www.mundi-roth.de\/teneriffa-blog\/wp-content\/uploads\/2014\/02\/H\u00f6henprofil-300x32.jpg\" alt=\"H\u00f6henprofil\" width=\"300\" height=\"32\" srcset=\"https:\/\/www.mundi-roth.de\/teneriffa-blog\/wp-content\/uploads\/2014\/02\/H\u00f6henprofil-300x32.jpg 300w, https:\/\/www.mundi-roth.de\/teneriffa-blog\/wp-content\/uploads\/2014\/02\/H\u00f6henprofil-150x16.jpg 150w, https:\/\/www.mundi-roth.de\/teneriffa-blog\/wp-content\/uploads\/2014\/02\/H\u00f6henprofil.jpg 862w\" sizes=\"auto, (max-width: 300px) 100vw, 300px\" \/><\/a><p id=\"caption-attachment-2936\" class=\"wp-caption-text\">H\u00f6henprofil<\/p><\/div>\n<p>Die Anfahrt ist schon mal abenteuerlich und wundersch\u00f6n, jetzt zur Zeit der noch Mandelbl\u00fcte.<br \/>\nWir fahren von Santiago del Teide kommend am Ort Masca vorbei hoch bis zum Mirador de la Cruz de Hilda.<br \/>\nHier parken wir (gute Parkm\u00f6glichkeiten), werfen einen Blick nach Masca runter<\/p>\n<div id=\"attachment_2934\" style=\"width: 160px\" class=\"wp-caption alignright\"><a href=\"http:\/\/www.mundi-roth.de\/teneriffa-blog\/wp-content\/uploads\/2014\/02\/P1130671.jpg\" rel=\"lightbox[2933]\"><img loading=\"lazy\" decoding=\"async\" aria-describedby=\"caption-attachment-2934\" class=\"size-thumbnail wp-image-2934\" src=\"http:\/\/www.mundi-roth.de\/teneriffa-blog\/wp-content\/uploads\/2014\/02\/P1130671-150x124.jpg\" alt=\"Blick auf Masca\" width=\"150\" height=\"124\" srcset=\"https:\/\/www.mundi-roth.de\/teneriffa-blog\/wp-content\/uploads\/2014\/02\/P1130671-150x124.jpg 150w, https:\/\/www.mundi-roth.de\/teneriffa-blog\/wp-content\/uploads\/2014\/02\/P1130671-300x249.jpg 300w, https:\/\/www.mundi-roth.de\/teneriffa-blog\/wp-content\/uploads\/2014\/02\/P1130671.jpg 707w\" sizes=\"auto, (max-width: 150px) 100vw, 150px\" \/><\/a><p id=\"caption-attachment-2934\" class=\"wp-caption-text\">Blick auf Masca<\/p><\/div>\n<p>und beginnen sofort unsere Wanderung um 11 Uhr auf der linken Seite der TF 436.<br \/>\nWir marschieren an den Masten des Radio- und TV-Senders vorbei und folgen in gerader Linie dem Aufstieg.<br \/>\nSchon gleich zu Beginn begeistern uns die vielen, vielen wei\u00dfen B\u00fcsche der Margariten und dazwischen schon die ersten gro\u00dfen, gelben G\u00e4nsedistelbl\u00fcten.<br \/>\nSchnell geht der Sandweg in einen Felspfad \u00fcber, der sich an Ginsterb\u00fcschen vorbei schl\u00e4ngelt.<\/p>\n<div id=\"attachment_2937\" style=\"width: 160px\" class=\"wp-caption alignleft\"><a href=\"http:\/\/www.mundi-roth.de\/teneriffa-blog\/wp-content\/uploads\/2014\/02\/P1130681.jpg\" rel=\"lightbox[2933]\"><img loading=\"lazy\" decoding=\"async\" aria-describedby=\"caption-attachment-2937\" class=\"size-thumbnail wp-image-2937\" src=\"http:\/\/www.mundi-roth.de\/teneriffa-blog\/wp-content\/uploads\/2014\/02\/P1130681-150x112.jpg\" alt=\"In diese Richtung wollen wir\" width=\"150\" height=\"112\" srcset=\"https:\/\/www.mundi-roth.de\/teneriffa-blog\/wp-content\/uploads\/2014\/02\/P1130681-150x112.jpg 150w, https:\/\/www.mundi-roth.de\/teneriffa-blog\/wp-content\/uploads\/2014\/02\/P1130681-300x225.jpg 300w, https:\/\/www.mundi-roth.de\/teneriffa-blog\/wp-content\/uploads\/2014\/02\/P1130681.jpg 800w\" sizes=\"auto, (max-width: 150px) 100vw, 150px\" \/><\/a><p id=\"caption-attachment-2937\" class=\"wp-caption-text\">In diese Richtung wollen wir<\/p><\/div>\n<p>Immer wieder mal ein Blick links runter Richtung Masca und Schlucht und vor uns Roque la Fortaleza.<br \/>\nIn diese Richtung wollen wir.<br \/>\nDer \u201eWanderweg\u201c ist eher ein Steig, zum Teil schwer auszumachen, jedoch \u00e4u\u00dferst reizvoll.<br \/>\nNach ca. 20 Minuten Gehzeit haben wir einen Fehler gemacht, wir sind hoch geblieben und haben uns an der Felswand entlang gehangelt.<\/p>\n<p>Wenn man diesen Blick hat, dann ist man falsch gegangen, wie wir sp\u00e4ter feststellen mussten. Nach ca. 10 Minuten Gehzeit haben wir uns \u201cfestgelaufen\u201c. &#8211; Kein Weiterkommen.<br \/>\nEin Blick zur\u00fcck und wir sehen zwei M\u00e4nner, die uns winken, wir sind zu hoch, runter, runter!<br \/>\nWir ziehen es vor, uns wieder zur\u00fcck zu hangeln bis wir bei den Beiden ankommen. Es sind zwei Mitarbeiter des Umweltamtes die uns auf den \u201erichten Weg\u201c verhelfen.<br \/>\nSie erkl\u00e4ren uns, dass dies eigentlich kein offizieller Wanderweg ist und dass wir<\/p>\n<p>vor uns Roque de Fortaleza haben und im \u00fcbrigen auf der Cumbre gehen.11:40<\/p>\n<div id=\"attachment_2950\" style=\"width: 160px\" class=\"wp-caption alignleft\"><a href=\"http:\/\/www.mundi-roth.de\/teneriffa-blog\/wp-content\/uploads\/2014\/02\/P1130693.jpg\" rel=\"lightbox[2933]\"><img loading=\"lazy\" decoding=\"async\" aria-describedby=\"caption-attachment-2950\" class=\"size-thumbnail wp-image-2950\" src=\"http:\/\/www.mundi-roth.de\/teneriffa-blog\/wp-content\/uploads\/2014\/02\/P1130693-150x112.jpg\" alt=\"Wenn sich dieser Blick bietet, hei\u00dft es aufpassen\" width=\"150\" height=\"112\" srcset=\"https:\/\/www.mundi-roth.de\/teneriffa-blog\/wp-content\/uploads\/2014\/02\/P1130693-150x112.jpg 150w, https:\/\/www.mundi-roth.de\/teneriffa-blog\/wp-content\/uploads\/2014\/02\/P1130693-300x225.jpg 300w, https:\/\/www.mundi-roth.de\/teneriffa-blog\/wp-content\/uploads\/2014\/02\/P1130693.jpg 800w\" sizes=\"auto, (max-width: 150px) 100vw, 150px\" \/><\/a><p id=\"caption-attachment-2950\" class=\"wp-caption-text\">Wenn sich dieser Blick bietet, ist man falsch<\/p><\/div>\n<p>Uhr ist es inzwischen.<br \/>\nAuf der Felsplatte haben wir die schlecht auszumachenden Felsm\u00e4nnchen \u00fcbersehen.<br \/>\nJetzt, wo wir es wissen, sehen wir sie auch.<\/p>\n<div id=\"attachment_2952\" style=\"width: 310px\" class=\"wp-caption alignright\"><a href=\"http:\/\/www.mundi-roth.de\/teneriffa-blog\/wp-content\/uploads\/2014\/02\/Collage2.jpg\" rel=\"lightbox[2933]\"><img loading=\"lazy\" decoding=\"async\" aria-describedby=\"caption-attachment-2952\" class=\"size-medium wp-image-2952\" src=\"http:\/\/www.mundi-roth.de\/teneriffa-blog\/wp-content\/uploads\/2014\/02\/Collage2-300x110.jpg\" alt=\"Achtung - Bei diesem Auisblick nicht weiter hochsteigen\" width=\"300\" height=\"110\" srcset=\"https:\/\/www.mundi-roth.de\/teneriffa-blog\/wp-content\/uploads\/2014\/02\/Collage2-300x110.jpg 300w, https:\/\/www.mundi-roth.de\/teneriffa-blog\/wp-content\/uploads\/2014\/02\/Collage2-150x55.jpg 150w, https:\/\/www.mundi-roth.de\/teneriffa-blog\/wp-content\/uploads\/2014\/02\/Collage2.jpg 946w\" sizes=\"auto, (max-width: 300px) 100vw, 300px\" \/><\/a><p id=\"caption-attachment-2952\" class=\"wp-caption-text\">Achtung &#8211; Bei diesem Ausblick nicht weiter hochsteigen<\/p><\/div>\n<p>Achtung: Dies ist die Stelle bei der es aufzupassen hei\u00dft:Aber von nun an sind wir auf Spur gesetzt und<\/p>\n<p>stapfen erst ab, dann etwas eben, dann wieder heftiger steil bergauf. Immer vorbei an einer Bl\u00fctenpracht von wei\u00df, creme, gelb, orange, rosa, lila, blau. Vorbei an einer Flechtenpracht in orange, unterbrochen von dem Gr\u00fcn der<\/p>\n<div id=\"attachment_2943\" style=\"width: 160px\" class=\"wp-caption alignleft\"><a href=\"http:\/\/www.mundi-roth.de\/teneriffa-blog\/wp-content\/uploads\/2014\/02\/P1130757.jpg\" rel=\"lightbox[2933]\"><img loading=\"lazy\" decoding=\"async\" aria-describedby=\"caption-attachment-2943\" class=\"size-thumbnail wp-image-2943\" src=\"http:\/\/www.mundi-roth.de\/teneriffa-blog\/wp-content\/uploads\/2014\/02\/P1130757-150x112.jpg\" alt=\"Tiefrote Bl\u00fcten\" width=\"150\" height=\"112\" srcset=\"https:\/\/www.mundi-roth.de\/teneriffa-blog\/wp-content\/uploads\/2014\/02\/P1130757-150x112.jpg 150w, https:\/\/www.mundi-roth.de\/teneriffa-blog\/wp-content\/uploads\/2014\/02\/P1130757-300x225.jpg 300w, https:\/\/www.mundi-roth.de\/teneriffa-blog\/wp-content\/uploads\/2014\/02\/P1130757.jpg 800w\" sizes=\"auto, (max-width: 150px) 100vw, 150px\" \/><\/a><p id=\"caption-attachment-2943\" class=\"wp-caption-text\">Tiefrote Bl\u00fcten<\/p><\/div>\n<p>Monanthes, wir gehen durch einen regelrechten Tabaiba-Hain \u2013 der Dunkelpurpurroten Wolfsmilch &#8211; mit zur Zeit schon wundersch\u00f6nen Bl\u00fcten.<br \/>\nGanze Abh\u00e4nge \u00fcberzogen von riesigen Exemplaren der Kandelaber-Wolfsmilch und Margariten. Der Ginster beginnt zum Teil schon zu bl\u00fchen und die H\u00e4nge sind gr\u00fcn, gr\u00fcn, gr\u00fcn durch den vielen Regen. Dazwischen eine Ziegenherde.<\/p>\n<p>Wir sind mutterseelenalleine! Eine Stille! Die Sonne scheint! Traumhaft!<\/p>\n<p>Die n\u00e4chste kritische Stelle ist auf einem Felsplateau, ca. 15 Minuten sp\u00e4ter.<br \/>\nHier muss man sich links halten, auf eine kleine Quelle zu und an den Fu\u00df der Felsen.<\/p>\n<div id=\"attachment_2944\" style=\"width: 310px\" class=\"wp-caption aligncenter\"><a href=\"http:\/\/www.mundi-roth.de\/teneriffa-blog\/wp-content\/uploads\/2014\/02\/Collage1.jpg\" rel=\"lightbox[2933]\"><img loading=\"lazy\" decoding=\"async\" aria-describedby=\"caption-attachment-2944\" class=\"size-medium wp-image-2944\" src=\"http:\/\/www.mundi-roth.de\/teneriffa-blog\/wp-content\/uploads\/2014\/02\/Collage1-300x116.jpg\" alt=\"Kritische Stelle\" width=\"300\" height=\"116\" srcset=\"https:\/\/www.mundi-roth.de\/teneriffa-blog\/wp-content\/uploads\/2014\/02\/Collage1-300x116.jpg 300w, https:\/\/www.mundi-roth.de\/teneriffa-blog\/wp-content\/uploads\/2014\/02\/Collage1-150x58.jpg 150w, https:\/\/www.mundi-roth.de\/teneriffa-blog\/wp-content\/uploads\/2014\/02\/Collage1.jpg 800w\" sizes=\"auto, (max-width: 300px) 100vw, 300px\" \/><\/a><p id=\"caption-attachment-2944\" class=\"wp-caption-text\">Kritische Stelle<\/p><\/div>\n<p>Pinkfarbene Cinerarien und wei\u00df bl\u00fchende Affodills beleben nun das Bild und der Pfad schl\u00e4ngelt sich an den Felsen entlang, sehr schmal, rechts geht es zum Teil steil abw\u00e4rts. Man muss schwindelfrei sein!<\/p>\n<p>Einen steilen Aufstieg bew\u00e4ltigen wir in ca. 20 Minuten, vorbei an phantastischen Felsgebilden. Zum Teil versperren dicke Brocken den Steig.<\/p>\n<p>Nach 1 Stunde 50 Minuten (inclusive 20 Minuten versteigen) haben wir das gr\u00fcne Plateau &#8211; \u00fcbers\u00e4t mit orangefarbenen wilden Ringelbl\u00fcmchen, blau bl\u00fchendem Ackergauchheil, Natternkopf in klein und als B\u00fcsche mit wei\u00dfen Bl\u00fcten, Krokussen und Lavendel, rosa Winden, vielen Ginsterb\u00fcschen und und und &#8211; erreicht.<\/p>\n<div id=\"attachment_2949\" style=\"width: 160px\" class=\"wp-caption alignright\"><a href=\"http:\/\/www.mundi-roth.de\/teneriffa-blog\/wp-content\/uploads\/2014\/02\/P1130738.jpg\" rel=\"lightbox[2933]\"><img loading=\"lazy\" decoding=\"async\" aria-describedby=\"caption-attachment-2949\" class=\"size-thumbnail wp-image-2949\" src=\"http:\/\/www.mundi-roth.de\/teneriffa-blog\/wp-content\/uploads\/2014\/02\/P1130738-150x112.jpg\" alt=\"Die Buicht vor der Mascaschlucht\" width=\"150\" height=\"112\" srcset=\"https:\/\/www.mundi-roth.de\/teneriffa-blog\/wp-content\/uploads\/2014\/02\/P1130738-150x112.jpg 150w, https:\/\/www.mundi-roth.de\/teneriffa-blog\/wp-content\/uploads\/2014\/02\/P1130738-300x225.jpg 300w, https:\/\/www.mundi-roth.de\/teneriffa-blog\/wp-content\/uploads\/2014\/02\/P1130738.jpg 800w\" sizes=\"auto, (max-width: 150px) 100vw, 150px\" \/><\/a><p id=\"caption-attachment-2949\" class=\"wp-caption-text\">Die Buicht vor der Mascaschlucht<\/p><\/div>\n<p>Der Blick geht bis zum Conde und in die Bucht vor der Mascaschlucht!<\/p>\n<p>Sch\u00f6n!<\/p>\n<p>Mit diesem Blick legen wir unsere obligatorische Apfelpause ein und sind rundum gl\u00fccklich und zufrieden! Es ist auch noch windstill und sonnig!<\/p>\n<p>Wir gehen den einzigen Weg, der hierher f\u00fchrt \u2013 mit kleinen Abweichungen, denn der Pfad ist wirklich zum Teil schlecht auszumachen &#8211; wieder retour und entdecken Besonderheiten, die uns beim Aufstieg entgangen sind.<\/p>\n<div id=\"attachment_2946\" style=\"width: 160px\" class=\"wp-caption aligncenter\"><a href=\"http:\/\/www.mundi-roth.de\/teneriffa-blog\/wp-content\/uploads\/2014\/02\/P1130749.jpg\" rel=\"lightbox[2933]\"><img loading=\"lazy\" decoding=\"async\" aria-describedby=\"caption-attachment-2946\" class=\"size-thumbnail wp-image-2946\" src=\"http:\/\/www.mundi-roth.de\/teneriffa-blog\/wp-content\/uploads\/2014\/02\/P1130749-150x112.jpg\" alt=\"Kr\u00e4ftiger Klotz\" width=\"150\" height=\"112\" srcset=\"https:\/\/www.mundi-roth.de\/teneriffa-blog\/wp-content\/uploads\/2014\/02\/P1130749-150x112.jpg 150w, https:\/\/www.mundi-roth.de\/teneriffa-blog\/wp-content\/uploads\/2014\/02\/P1130749-300x225.jpg 300w, https:\/\/www.mundi-roth.de\/teneriffa-blog\/wp-content\/uploads\/2014\/02\/P1130749.jpg 800w\" sizes=\"auto, (max-width: 150px) 100vw, 150px\" \/><\/a><p id=\"caption-attachment-2946\" class=\"wp-caption-text\">Abenteuerlich<\/p><\/div>\n<div id=\"attachment_2947\" style=\"width: 160px\" class=\"wp-caption alignleft\"><a href=\"http:\/\/www.mundi-roth.de\/teneriffa-blog\/wp-content\/uploads\/2014\/02\/P1130767.jpg\" rel=\"lightbox[2933]\"><img loading=\"lazy\" decoding=\"async\" aria-describedby=\"caption-attachment-2947\" class=\"size-thumbnail wp-image-2947\" src=\"http:\/\/www.mundi-roth.de\/teneriffa-blog\/wp-content\/uploads\/2014\/02\/P1130767-150x112.jpg\" alt=\"Sehr markant\" width=\"150\" height=\"112\" srcset=\"https:\/\/www.mundi-roth.de\/teneriffa-blog\/wp-content\/uploads\/2014\/02\/P1130767-150x112.jpg 150w, https:\/\/www.mundi-roth.de\/teneriffa-blog\/wp-content\/uploads\/2014\/02\/P1130767-300x225.jpg 300w, https:\/\/www.mundi-roth.de\/teneriffa-blog\/wp-content\/uploads\/2014\/02\/P1130767.jpg 800w\" sizes=\"auto, (max-width: 150px) 100vw, 150px\" \/><\/a><p id=\"caption-attachment-2947\" class=\"wp-caption-text\">Sehr markant<\/p><\/div>\n<div id=\"attachment_2948\" style=\"width: 160px\" class=\"wp-caption alignright\"><a href=\"http:\/\/www.mundi-roth.de\/teneriffa-blog\/wp-content\/uploads\/2014\/02\/P1130773.jpg\" rel=\"lightbox[2933]\"><img loading=\"lazy\" decoding=\"async\" aria-describedby=\"caption-attachment-2948\" class=\"size-thumbnail wp-image-2948\" src=\"http:\/\/www.mundi-roth.de\/teneriffa-blog\/wp-content\/uploads\/2014\/02\/P1130773-150x112.jpg\" alt=\"Fast wie Schiefer\" width=\"150\" height=\"112\" srcset=\"https:\/\/www.mundi-roth.de\/teneriffa-blog\/wp-content\/uploads\/2014\/02\/P1130773-150x112.jpg 150w, https:\/\/www.mundi-roth.de\/teneriffa-blog\/wp-content\/uploads\/2014\/02\/P1130773-300x225.jpg 300w, https:\/\/www.mundi-roth.de\/teneriffa-blog\/wp-content\/uploads\/2014\/02\/P1130773.jpg 800w\" sizes=\"auto, (max-width: 150px) 100vw, 150px\" \/><\/a><p id=\"caption-attachment-2948\" class=\"wp-caption-text\">Fast wie Schiefer<\/p><\/div>\n<p>&nbsp;<\/p>\n<p>&nbsp;<\/p>\n<p>&nbsp;<\/p>\n<p>&nbsp;<\/p>\n<p>&nbsp;<\/p>\n<p>Inzwischen pfeift ein heftiger Wind und wir sind froh, dass wir die besonders kritischen, engen und auf der linken Seite steil abfallenden Stellen schon<\/p>\n<div id=\"attachment_2945\" style=\"width: 160px\" class=\"wp-caption alignleft\"><a href=\"http:\/\/www.mundi-roth.de\/teneriffa-blog\/wp-content\/uploads\/2014\/02\/P1130760a.jpg\" rel=\"lightbox[2933]\"><img loading=\"lazy\" decoding=\"async\" aria-describedby=\"caption-attachment-2945\" class=\"size-thumbnail wp-image-2945\" src=\"http:\/\/www.mundi-roth.de\/teneriffa-blog\/wp-content\/uploads\/2014\/02\/P1130760a-150x91.jpg\" alt=\"Die H\u00f6hlen\" width=\"150\" height=\"91\" srcset=\"https:\/\/www.mundi-roth.de\/teneriffa-blog\/wp-content\/uploads\/2014\/02\/P1130760a-150x91.jpg 150w, https:\/\/www.mundi-roth.de\/teneriffa-blog\/wp-content\/uploads\/2014\/02\/P1130760a-300x183.jpg 300w, https:\/\/www.mundi-roth.de\/teneriffa-blog\/wp-content\/uploads\/2014\/02\/P1130760a.jpg 800w\" sizes=\"auto, (max-width: 150px) 100vw, 150px\" \/><\/a><p id=\"caption-attachment-2945\" class=\"wp-caption-text\">Die H\u00f6hlen<\/p><\/div>\n<p>\u00fcberwunden haben.<br \/>\nWir sehen nun von unten die \u201eH\u00f6hlen\u201c, die wir auf dem Hinweg auf der falschen F\u00e4hrte von oben gesehen haben.<\/p>\n<p>Wir bewundern die Pr\u00e4zision der Wettervorhersage die mein lieber Mann f\u00fcr uns aus dem Internet geholt hat:<br \/>\nSonnig, ab 14 Uhr teilweise bew\u00f6lkt und heftiger Wind.<\/p>\n<p>Um 14:40 Uhr haben wir diese wundersch\u00f6ne Tour beendet und die abenteuerliche Fahrt \u00fcber Masca nach Santiago del Teide bei einem Wahnsinnsverkehr erfordert Elisabeths volle Aufmerksamkeit.<\/p>\n<p><strong>Fazit:<\/strong><br \/>\nEine au\u00dferordentlich spektakul\u00e4re Tour! &#8211; Mehr Steig als Weg!<br \/>\nDaher: Bei feuchtem Wetter unter keinen Umst\u00e4nden gehen!<br \/>\nWer nicht schwindelfrei und trittfest ist, dem raten wir ebenfalls dringend von dieser Tour ab!<br \/>\nZudem erfordert es immer wieder Pfadfindermentalit\u00e4t.<\/p>\n<p>Wir gingen hier wohl das letzte Mal vor ca. 10 Jahren. Und obwohl wir inzwischen wirkliche viele Wanderungen und Ecken Teneriffas erkundet haben, z\u00e4hlt diese Tour schon zu den ganz besonderen!<\/p>\n<p><a href=\"https:\/\/plus.google.com\/photos\/100524631176750962101\/albums\/5984654245632435505\/5984654639312982946?pid=5984654639312982946&amp;oid=10052463\">Fotos der Bl\u00fctenpracht<\/a><\/p>\n<p>&nbsp;<\/p>\n","protected":false},"excerpt":{"rendered":"<p>Kein Spaziergang! Eine anspruchsvolle Wanderung fast ausschlie\u00dflich auf Felsbrocken! Ein stetes Auf und Ab! Trittsicherheit ganz wichtig ! Begeisternde Aus- Weit- Rundum- und Tiefblicke! Eine Bl\u00fctenpracht! Die Farbskala rauf und runter! Wanderwegstrecke:\u00a0 5, 97 km &#8211; 3 Stunden \u2013 m\u00e1s o menos \u2013 mehr oder weniger, wenn man sich nicht versteigt. Die Anfahrt ist schon [&hellip;]<\/p>\n","protected":false},"author":4,"featured_media":5184,"comment_status":"open","ping_status":"open","sticky":false,"template":"","format":"standard","meta":{"footnotes":""},"categories":[777,6],"tags":[444,702,700,701,67,439,446],"class_list":["post-2933","post","type-post","status-publish","format-standard","has-post-thumbnail","hentry","category-santiago-del-teide","category-wanderungen","tag-masca","tag-mascaschlucht","tag-mirador-de-la-cruz-de-hilda","tag-roque-la-fortaleza","tag-santiago-del-teide","tag-teneriffa-wandern","tag-wandern-teneriffa"],"yoast_head":"<!-- This site is optimized with the Yoast SEO plugin v27.5 - https:\/\/yoast.com\/product\/yoast-seo-wordpress\/ -->\n<title>Rechter Masca-Steig - Cumbre de Carrizal - Teneriffa Wandern<\/title>\n<meta name=\"description\" content=\"Kein Spaziergang! Eine anspruchsvolle Wanderung fast ausschlie\u00dflich auf Felsbrocken! Begeisternde Aus-, Weit-, Rundum- und Tiefblicke.\" \/>\n<meta name=\"robots\" content=\"index, follow, max-snippet:-1, max-image-preview:large, max-video-preview:-1\" \/>\n<link rel=\"canonical\" href=\"https:\/\/www.mundi-roth.de\/teneriffa-blog\/wanderungen\/el-carrizal-rechter-masca-steig\/\" \/>\n<meta name=\"twitter:label1\" content=\"Verfasst von\" \/>\n\t<meta name=\"twitter:data1\" content=\"mundi\" \/>\n\t<meta name=\"twitter:label2\" content=\"Gesch\u00e4tzte Lesezeit\" \/>\n\t<meta name=\"twitter:data2\" content=\"5\u00a0Minuten\" \/>\n<script type=\"application\/ld+json\" class=\"yoast-schema-graph\">{\"@context\":\"https:\\\/\\\/schema.org\",\"@graph\":[{\"@type\":\"Article\",\"@id\":\"https:\\\/\\\/www.mundi-roth.de\\\/teneriffa-blog\\\/wanderungen\\\/el-carrizal-rechter-masca-steig\\\/#article\",\"isPartOf\":{\"@id\":\"https:\\\/\\\/www.mundi-roth.de\\\/teneriffa-blog\\\/wanderungen\\\/el-carrizal-rechter-masca-steig\\\/\"},\"author\":{\"name\":\"mundi\",\"@id\":\"https:\\\/\\\/www.mundi-roth.de\\\/teneriffa-blog\\\/#\\\/schema\\\/person\\\/971c66b55f3ae5e8741553688c413cac\"},\"headline\":\"Rechter Masca-Steig &#8211; Cumbre de Carrizal\",\"datePublished\":\"2014-02-25T21:00:39+00:00\",\"dateModified\":\"2016-05-27T09:02:59+00:00\",\"mainEntityOfPage\":{\"@id\":\"https:\\\/\\\/www.mundi-roth.de\\\/teneriffa-blog\\\/wanderungen\\\/el-carrizal-rechter-masca-steig\\\/\"},\"wordCount\":1010,\"commentCount\":7,\"image\":{\"@id\":\"https:\\\/\\\/www.mundi-roth.de\\\/teneriffa-blog\\\/wanderungen\\\/el-carrizal-rechter-masca-steig\\\/#primaryimage\"},\"thumbnailUrl\":\"https:\\\/\\\/www.mundi-roth.de\\\/teneriffa-blog\\\/wp-content\\\/uploads\\\/2014\\\/02\\\/P1130682.jpg\",\"keywords\":[\"Masca\",\"Mascaschlucht\",\"Mirador de la Cruz de Hilda\",\"Roque la Fortaleza\",\"Santiago del Teide\",\"Teneriffa Wandern\",\"Wandern Teneriffa\"],\"articleSection\":[\"Santiago del Teide\",\"Wanderungen\"],\"inLanguage\":\"de\",\"potentialAction\":[{\"@type\":\"CommentAction\",\"name\":\"Comment\",\"target\":[\"https:\\\/\\\/www.mundi-roth.de\\\/teneriffa-blog\\\/wanderungen\\\/el-carrizal-rechter-masca-steig\\\/#respond\"]}]},{\"@type\":\"WebPage\",\"@id\":\"https:\\\/\\\/www.mundi-roth.de\\\/teneriffa-blog\\\/wanderungen\\\/el-carrizal-rechter-masca-steig\\\/\",\"url\":\"https:\\\/\\\/www.mundi-roth.de\\\/teneriffa-blog\\\/wanderungen\\\/el-carrizal-rechter-masca-steig\\\/\",\"name\":\"Rechter Masca-Steig - Cumbre de Carrizal - Teneriffa Wandern\",\"isPartOf\":{\"@id\":\"https:\\\/\\\/www.mundi-roth.de\\\/teneriffa-blog\\\/#website\"},\"primaryImageOfPage\":{\"@id\":\"https:\\\/\\\/www.mundi-roth.de\\\/teneriffa-blog\\\/wanderungen\\\/el-carrizal-rechter-masca-steig\\\/#primaryimage\"},\"image\":{\"@id\":\"https:\\\/\\\/www.mundi-roth.de\\\/teneriffa-blog\\\/wanderungen\\\/el-carrizal-rechter-masca-steig\\\/#primaryimage\"},\"thumbnailUrl\":\"https:\\\/\\\/www.mundi-roth.de\\\/teneriffa-blog\\\/wp-content\\\/uploads\\\/2014\\\/02\\\/P1130682.jpg\",\"datePublished\":\"2014-02-25T21:00:39+00:00\",\"dateModified\":\"2016-05-27T09:02:59+00:00\",\"author\":{\"@id\":\"https:\\\/\\\/www.mundi-roth.de\\\/teneriffa-blog\\\/#\\\/schema\\\/person\\\/971c66b55f3ae5e8741553688c413cac\"},\"description\":\"Kein Spaziergang! Eine anspruchsvolle Wanderung fast ausschlie\u00dflich auf Felsbrocken! Begeisternde Aus-, Weit-, Rundum- und Tiefblicke.\",\"breadcrumb\":{\"@id\":\"https:\\\/\\\/www.mundi-roth.de\\\/teneriffa-blog\\\/wanderungen\\\/el-carrizal-rechter-masca-steig\\\/#breadcrumb\"},\"inLanguage\":\"de\",\"potentialAction\":[{\"@type\":\"ReadAction\",\"target\":[\"https:\\\/\\\/www.mundi-roth.de\\\/teneriffa-blog\\\/wanderungen\\\/el-carrizal-rechter-masca-steig\\\/\"]}]},{\"@type\":\"ImageObject\",\"inLanguage\":\"de\",\"@id\":\"https:\\\/\\\/www.mundi-roth.de\\\/teneriffa-blog\\\/wanderungen\\\/el-carrizal-rechter-masca-steig\\\/#primaryimage\",\"url\":\"https:\\\/\\\/www.mundi-roth.de\\\/teneriffa-blog\\\/wp-content\\\/uploads\\\/2014\\\/02\\\/P1130682.jpg\",\"contentUrl\":\"https:\\\/\\\/www.mundi-roth.de\\\/teneriffa-blog\\\/wp-content\\\/uploads\\\/2014\\\/02\\\/P1130682.jpg\",\"width\":269,\"height\":202},{\"@type\":\"BreadcrumbList\",\"@id\":\"https:\\\/\\\/www.mundi-roth.de\\\/teneriffa-blog\\\/wanderungen\\\/el-carrizal-rechter-masca-steig\\\/#breadcrumb\",\"itemListElement\":[{\"@type\":\"ListItem\",\"position\":1,\"name\":\"Startseite\",\"item\":\"https:\\\/\\\/www.mundi-roth.de\\\/teneriffa-blog\\\/\"},{\"@type\":\"ListItem\",\"position\":2,\"name\":\"Rechter Masca-Steig &#8211; Cumbre de Carrizal\"}]},{\"@type\":\"WebSite\",\"@id\":\"https:\\\/\\\/www.mundi-roth.de\\\/teneriffa-blog\\\/#website\",\"url\":\"https:\\\/\\\/www.mundi-roth.de\\\/teneriffa-blog\\\/\",\"name\":\"Teneriffa Wandern\",\"description\":\"Nicht nur Wanderungen auf Teneriffa...\",\"potentialAction\":[{\"@type\":\"SearchAction\",\"target\":{\"@type\":\"EntryPoint\",\"urlTemplate\":\"https:\\\/\\\/www.mundi-roth.de\\\/teneriffa-blog\\\/?s={search_term_string}\"},\"query-input\":{\"@type\":\"PropertyValueSpecification\",\"valueRequired\":true,\"valueName\":\"search_term_string\"}}],\"inLanguage\":\"de\"},{\"@type\":\"Person\",\"@id\":\"https:\\\/\\\/www.mundi-roth.de\\\/teneriffa-blog\\\/#\\\/schema\\\/person\\\/971c66b55f3ae5e8741553688c413cac\",\"name\":\"mundi\",\"image\":{\"@type\":\"ImageObject\",\"inLanguage\":\"de\",\"@id\":\"https:\\\/\\\/secure.gravatar.com\\\/avatar\\\/555f0dd85428f1a9330f8e5dbe9e40ff9ca912bb81e5a89747ebf3ca9c20dc0f?s=96&d=mm&r=g\",\"url\":\"https:\\\/\\\/secure.gravatar.com\\\/avatar\\\/555f0dd85428f1a9330f8e5dbe9e40ff9ca912bb81e5a89747ebf3ca9c20dc0f?s=96&d=mm&r=g\",\"contentUrl\":\"https:\\\/\\\/secure.gravatar.com\\\/avatar\\\/555f0dd85428f1a9330f8e5dbe9e40ff9ca912bb81e5a89747ebf3ca9c20dc0f?s=96&d=mm&r=g\",\"caption\":\"mundi\"},\"sameAs\":[\"http:\\\/\\\/mundi-roth.de\"],\"url\":\"https:\\\/\\\/www.mundi-roth.de\\\/teneriffa-blog\\\/author\\\/mundi\\\/\"}]}<\/script>\n<!-- \/ Yoast SEO plugin. -->","yoast_head_json":{"title":"Rechter Masca-Steig - Cumbre de Carrizal - Teneriffa Wandern","description":"Kein Spaziergang! Eine anspruchsvolle Wanderung fast ausschlie\u00dflich auf Felsbrocken! Begeisternde Aus-, Weit-, Rundum- und Tiefblicke.","robots":{"index":"index","follow":"follow","max-snippet":"max-snippet:-1","max-image-preview":"max-image-preview:large","max-video-preview":"max-video-preview:-1"},"canonical":"https:\/\/www.mundi-roth.de\/teneriffa-blog\/wanderungen\/el-carrizal-rechter-masca-steig\/","twitter_misc":{"Verfasst von":"mundi","Gesch\u00e4tzte Lesezeit":"5\u00a0Minuten"},"schema":{"@context":"https:\/\/schema.org","@graph":[{"@type":"Article","@id":"https:\/\/www.mundi-roth.de\/teneriffa-blog\/wanderungen\/el-carrizal-rechter-masca-steig\/#article","isPartOf":{"@id":"https:\/\/www.mundi-roth.de\/teneriffa-blog\/wanderungen\/el-carrizal-rechter-masca-steig\/"},"author":{"name":"mundi","@id":"https:\/\/www.mundi-roth.de\/teneriffa-blog\/#\/schema\/person\/971c66b55f3ae5e8741553688c413cac"},"headline":"Rechter Masca-Steig &#8211; Cumbre de Carrizal","datePublished":"2014-02-25T21:00:39+00:00","dateModified":"2016-05-27T09:02:59+00:00","mainEntityOfPage":{"@id":"https:\/\/www.mundi-roth.de\/teneriffa-blog\/wanderungen\/el-carrizal-rechter-masca-steig\/"},"wordCount":1010,"commentCount":7,"image":{"@id":"https:\/\/www.mundi-roth.de\/teneriffa-blog\/wanderungen\/el-carrizal-rechter-masca-steig\/#primaryimage"},"thumbnailUrl":"https:\/\/www.mundi-roth.de\/teneriffa-blog\/wp-content\/uploads\/2014\/02\/P1130682.jpg","keywords":["Masca","Mascaschlucht","Mirador de la Cruz de Hilda","Roque la Fortaleza","Santiago del Teide","Teneriffa Wandern","Wandern Teneriffa"],"articleSection":["Santiago del Teide","Wanderungen"],"inLanguage":"de","potentialAction":[{"@type":"CommentAction","name":"Comment","target":["https:\/\/www.mundi-roth.de\/teneriffa-blog\/wanderungen\/el-carrizal-rechter-masca-steig\/#respond"]}]},{"@type":"WebPage","@id":"https:\/\/www.mundi-roth.de\/teneriffa-blog\/wanderungen\/el-carrizal-rechter-masca-steig\/","url":"https:\/\/www.mundi-roth.de\/teneriffa-blog\/wanderungen\/el-carrizal-rechter-masca-steig\/","name":"Rechter Masca-Steig - Cumbre de Carrizal - Teneriffa Wandern","isPartOf":{"@id":"https:\/\/www.mundi-roth.de\/teneriffa-blog\/#website"},"primaryImageOfPage":{"@id":"https:\/\/www.mundi-roth.de\/teneriffa-blog\/wanderungen\/el-carrizal-rechter-masca-steig\/#primaryimage"},"image":{"@id":"https:\/\/www.mundi-roth.de\/teneriffa-blog\/wanderungen\/el-carrizal-rechter-masca-steig\/#primaryimage"},"thumbnailUrl":"https:\/\/www.mundi-roth.de\/teneriffa-blog\/wp-content\/uploads\/2014\/02\/P1130682.jpg","datePublished":"2014-02-25T21:00:39+00:00","dateModified":"2016-05-27T09:02:59+00:00","author":{"@id":"https:\/\/www.mundi-roth.de\/teneriffa-blog\/#\/schema\/person\/971c66b55f3ae5e8741553688c413cac"},"description":"Kein Spaziergang! Eine anspruchsvolle Wanderung fast ausschlie\u00dflich auf Felsbrocken! Begeisternde Aus-, Weit-, Rundum- und Tiefblicke.","breadcrumb":{"@id":"https:\/\/www.mundi-roth.de\/teneriffa-blog\/wanderungen\/el-carrizal-rechter-masca-steig\/#breadcrumb"},"inLanguage":"de","potentialAction":[{"@type":"ReadAction","target":["https:\/\/www.mundi-roth.de\/teneriffa-blog\/wanderungen\/el-carrizal-rechter-masca-steig\/"]}]},{"@type":"ImageObject","inLanguage":"de","@id":"https:\/\/www.mundi-roth.de\/teneriffa-blog\/wanderungen\/el-carrizal-rechter-masca-steig\/#primaryimage","url":"https:\/\/www.mundi-roth.de\/teneriffa-blog\/wp-content\/uploads\/2014\/02\/P1130682.jpg","contentUrl":"https:\/\/www.mundi-roth.de\/teneriffa-blog\/wp-content\/uploads\/2014\/02\/P1130682.jpg","width":269,"height":202},{"@type":"BreadcrumbList","@id":"https:\/\/www.mundi-roth.de\/teneriffa-blog\/wanderungen\/el-carrizal-rechter-masca-steig\/#breadcrumb","itemListElement":[{"@type":"ListItem","position":1,"name":"Startseite","item":"https:\/\/www.mundi-roth.de\/teneriffa-blog\/"},{"@type":"ListItem","position":2,"name":"Rechter Masca-Steig &#8211; Cumbre de Carrizal"}]},{"@type":"WebSite","@id":"https:\/\/www.mundi-roth.de\/teneriffa-blog\/#website","url":"https:\/\/www.mundi-roth.de\/teneriffa-blog\/","name":"Teneriffa Wandern","description":"Nicht nur Wanderungen auf Teneriffa...","potentialAction":[{"@type":"SearchAction","target":{"@type":"EntryPoint","urlTemplate":"https:\/\/www.mundi-roth.de\/teneriffa-blog\/?s={search_term_string}"},"query-input":{"@type":"PropertyValueSpecification","valueRequired":true,"valueName":"search_term_string"}}],"inLanguage":"de"},{"@type":"Person","@id":"https:\/\/www.mundi-roth.de\/teneriffa-blog\/#\/schema\/person\/971c66b55f3ae5e8741553688c413cac","name":"mundi","image":{"@type":"ImageObject","inLanguage":"de","@id":"https:\/\/secure.gravatar.com\/avatar\/555f0dd85428f1a9330f8e5dbe9e40ff9ca912bb81e5a89747ebf3ca9c20dc0f?s=96&d=mm&r=g","url":"https:\/\/secure.gravatar.com\/avatar\/555f0dd85428f1a9330f8e5dbe9e40ff9ca912bb81e5a89747ebf3ca9c20dc0f?s=96&d=mm&r=g","contentUrl":"https:\/\/secure.gravatar.com\/avatar\/555f0dd85428f1a9330f8e5dbe9e40ff9ca912bb81e5a89747ebf3ca9c20dc0f?s=96&d=mm&r=g","caption":"mundi"},"sameAs":["http:\/\/mundi-roth.de"],"url":"https:\/\/www.mundi-roth.de\/teneriffa-blog\/author\/mundi\/"}]}},"_links":{"self":[{"href":"https:\/\/www.mundi-roth.de\/teneriffa-blog\/wp-json\/wp\/v2\/posts\/2933","targetHints":{"allow":["GET"]}}],"collection":[{"href":"https:\/\/www.mundi-roth.de\/teneriffa-blog\/wp-json\/wp\/v2\/posts"}],"about":[{"href":"https:\/\/www.mundi-roth.de\/teneriffa-blog\/wp-json\/wp\/v2\/types\/post"}],"author":[{"embeddable":true,"href":"https:\/\/www.mundi-roth.de\/teneriffa-blog\/wp-json\/wp\/v2\/users\/4"}],"replies":[{"embeddable":true,"href":"https:\/\/www.mundi-roth.de\/teneriffa-blog\/wp-json\/wp\/v2\/comments?post=2933"}],"version-history":[{"count":0,"href":"https:\/\/www.mundi-roth.de\/teneriffa-blog\/wp-json\/wp\/v2\/posts\/2933\/revisions"}],"wp:featuredmedia":[{"embeddable":true,"href":"https:\/\/www.mundi-roth.de\/teneriffa-blog\/wp-json\/wp\/v2\/media\/5184"}],"wp:attachment":[{"href":"https:\/\/www.mundi-roth.de\/teneriffa-blog\/wp-json\/wp\/v2\/media?parent=2933"}],"wp:term":[{"taxonomy":"category","embeddable":true,"href":"https:\/\/www.mundi-roth.de\/teneriffa-blog\/wp-json\/wp\/v2\/categories?post=2933"},{"taxonomy":"post_tag","embeddable":true,"href":"https:\/\/www.mundi-roth.de\/teneriffa-blog\/wp-json\/wp\/v2\/tags?post=2933"}],"curies":[{"name":"wp","href":"https:\/\/api.w.org\/{rel}","templated":true}]}}