{"id":2974,"date":"2014-03-11T22:00:23","date_gmt":"2014-03-11T21:00:23","guid":{"rendered":"http:\/\/www.mundi-roth.de\/teneriffa-blog\/?p=2974"},"modified":"2016-05-27T09:56:13","modified_gmt":"2016-05-27T08:56:13","slug":"tijoco-alto-richtung-taucho-tijoco-alto","status":"publish","type":"post","link":"https:\/\/www.mundi-roth.de\/teneriffa-blog\/wanderungen\/tijoco-alto-richtung-taucho-tijoco-alto\/","title":{"rendered":"Tijoco Alto \u2013 Richtung Taucho \u2013 Tijoco Alto"},"content":{"rendered":"<p>Rund um\u00a0 &#8220; La Casilla&#8220; wollten wir eine Tour gehen, die wir mit dem Online-Programm<strong> <a href=\"http:\/\/www.komoot.de\/\">KOMOOT<\/a><\/strong> geplant und aufs Smartphone geladen hatten. Per Sprachausgabe wollten wir uns f\u00fchren lassen. Ein Test, der &#8222;weitgehend&#8220; gelungen ist.<\/p>\n<div id=\"attachment_2993\" style=\"width: 310px\" class=\"wp-caption aligncenter\"><a href=\"http:\/\/www.mundi-roth.de\/teneriffa-blog\/wp-content\/uploads\/2014\/03\/Track01.jpg\" rel=\"lightbox[2974]\"><img loading=\"lazy\" decoding=\"async\" aria-describedby=\"caption-attachment-2993\" class=\"size-medium wp-image-2993\" src=\"http:\/\/www.mundi-roth.de\/teneriffa-blog\/wp-content\/uploads\/2014\/03\/Track01-300x177.jpg\" alt=\"Die Strecke\" width=\"300\" height=\"177\" srcset=\"https:\/\/www.mundi-roth.de\/teneriffa-blog\/wp-content\/uploads\/2014\/03\/Track01-300x177.jpg 300w, https:\/\/www.mundi-roth.de\/teneriffa-blog\/wp-content\/uploads\/2014\/03\/Track01-150x88.jpg 150w, https:\/\/www.mundi-roth.de\/teneriffa-blog\/wp-content\/uploads\/2014\/03\/Track01.jpg 464w\" sizes=\"auto, (max-width: 300px) 100vw, 300px\" \/><\/a><p id=\"caption-attachment-2993\" class=\"wp-caption-text\">Die Strecke<\/p><\/div>\n<p><strong>Wanderwegstrecke:<\/strong> 5,9 km, 2:17\u00a0 Stunden \u2013 ohne Apfelpause<\/p>\n<p>310 H\u00f6henmeter aufw\u00e4rts &#8211; 320 H\u00f6henmeter abw\u00e4rts<br \/>\nUm 10:30 Uhr beginnen wir unsere Tour hoch oben in Tijoco Alto, dort wo es kein Weiterkommen mit dem Wagen mehr gibt.<\/p>\n<div id=\"attachment_2975\" style=\"width: 160px\" class=\"wp-caption alignright\"><a href=\"http:\/\/www.mundi-roth.de\/teneriffa-blog\/wp-content\/uploads\/2014\/03\/P1130928.jpg\" rel=\"lightbox[2974]\"><img loading=\"lazy\" decoding=\"async\" aria-describedby=\"caption-attachment-2975\" class=\"size-thumbnail wp-image-2975\" src=\"http:\/\/www.mundi-roth.de\/teneriffa-blog\/wp-content\/uploads\/2014\/03\/P1130928-150x112.jpg\" alt=\"Hier geht es nicht weiter\" width=\"150\" height=\"112\" srcset=\"https:\/\/www.mundi-roth.de\/teneriffa-blog\/wp-content\/uploads\/2014\/03\/P1130928-150x112.jpg 150w, https:\/\/www.mundi-roth.de\/teneriffa-blog\/wp-content\/uploads\/2014\/03\/P1130928-300x225.jpg 300w, https:\/\/www.mundi-roth.de\/teneriffa-blog\/wp-content\/uploads\/2014\/03\/P1130928.jpg 800w\" sizes=\"auto, (max-width: 150px) 100vw, 150px\" \/><\/a><p id=\"caption-attachment-2975\" class=\"wp-caption-text\">Hier geht es nicht weiter<\/p><\/div>\n<p>Vor einer Absperrkette parken wir und folgen dem breiten Forstweg gleich nach der Kette, die nur eine Durchfahrt f\u00fcr Eigent\u00fcmer gestattet.<br \/>\nSchon nach wenigen Minuten sagt uns unser Smartphone:<\/p>\n<div id=\"attachment_2976\" style=\"width: 160px\" class=\"wp-caption alignleft\"><a href=\"http:\/\/www.mundi-roth.de\/teneriffa-blog\/wp-content\/uploads\/2014\/03\/P1130931.jpg\" rel=\"lightbox[2974]\"><img loading=\"lazy\" decoding=\"async\" aria-describedby=\"caption-attachment-2976\" class=\"size-thumbnail wp-image-2976\" src=\"http:\/\/www.mundi-roth.de\/teneriffa-blog\/wp-content\/uploads\/2014\/03\/P1130931-150x112.jpg\" alt=\"Den Pfad hinauf\" width=\"150\" height=\"112\" srcset=\"https:\/\/www.mundi-roth.de\/teneriffa-blog\/wp-content\/uploads\/2014\/03\/P1130931-150x112.jpg 150w, https:\/\/www.mundi-roth.de\/teneriffa-blog\/wp-content\/uploads\/2014\/03\/P1130931-300x225.jpg 300w, https:\/\/www.mundi-roth.de\/teneriffa-blog\/wp-content\/uploads\/2014\/03\/P1130931.jpg 800w\" sizes=\"auto, (max-width: 150px) 100vw, 150px\" \/><\/a><p id=\"caption-attachment-2976\" class=\"wp-caption-text\">Den Pfad hinauf<\/p><\/div>\n<p>&#8222;Links abbiegen&#8220;. Also steigen wir den schmalen Pfad aufw\u00e4rts, vorbei an flechtenbehangenen B\u00e4umen und gehen weich auf Kieferennadeln. Nach knapp 10 Minuten sehen wir<\/p>\n<div id=\"attachment_2977\" style=\"width: 160px\" class=\"wp-caption alignright\"><a href=\"http:\/\/www.mundi-roth.de\/teneriffa-blog\/wp-content\/uploads\/2014\/03\/P1130933.jpg\" rel=\"lightbox[2974]\"><img loading=\"lazy\" decoding=\"async\" aria-describedby=\"caption-attachment-2977\" class=\"size-thumbnail wp-image-2977\" src=\"http:\/\/www.mundi-roth.de\/teneriffa-blog\/wp-content\/uploads\/2014\/03\/P1130933-150x112.jpg\" alt=\"Einsam und verlassen\" width=\"150\" height=\"112\" srcset=\"https:\/\/www.mundi-roth.de\/teneriffa-blog\/wp-content\/uploads\/2014\/03\/P1130933-150x112.jpg 150w, https:\/\/www.mundi-roth.de\/teneriffa-blog\/wp-content\/uploads\/2014\/03\/P1130933-300x225.jpg 300w, https:\/\/www.mundi-roth.de\/teneriffa-blog\/wp-content\/uploads\/2014\/03\/P1130933.jpg 800w\" sizes=\"auto, (max-width: 150px) 100vw, 150px\" \/><\/a><p id=\"caption-attachment-2977\" class=\"wp-caption-text\">Einsam und verlassen<\/p><\/div>\n<p>rechts ein verlassenes Haus &#8222;La Casilla&#8220; und steigen weiter auf.<\/p>\n<p>Der Blick geht neidvoll zur K\u00fcste: Sonne! Und wir<\/p>\n<div id=\"attachment_2978\" style=\"width: 160px\" class=\"wp-caption alignleft\"><a href=\"http:\/\/www.mundi-roth.de\/teneriffa-blog\/wp-content\/uploads\/2014\/03\/P1130934.jpg\" rel=\"lightbox[2974]\"><img loading=\"lazy\" decoding=\"async\" aria-describedby=\"caption-attachment-2978\" class=\"size-thumbnail wp-image-2978\" src=\"http:\/\/www.mundi-roth.de\/teneriffa-blog\/wp-content\/uploads\/2014\/03\/P1130934-150x112.jpg\" alt=\"Die K\u00fcste in der Sonne\" width=\"150\" height=\"112\" srcset=\"https:\/\/www.mundi-roth.de\/teneriffa-blog\/wp-content\/uploads\/2014\/03\/P1130934-150x112.jpg 150w, https:\/\/www.mundi-roth.de\/teneriffa-blog\/wp-content\/uploads\/2014\/03\/P1130934-300x225.jpg 300w, https:\/\/www.mundi-roth.de\/teneriffa-blog\/wp-content\/uploads\/2014\/03\/P1130934.jpg 800w\" sizes=\"auto, (max-width: 150px) 100vw, 150px\" \/><\/a><p id=\"caption-attachment-2978\" class=\"wp-caption-text\">Die K\u00fcste in der Sonne<\/p><\/div>\n<p>wandern mal wieder in den Passatwolken.<br \/>\nErstaunlich: Hier oben stehen Riesenexemplare von Eukalyptusb\u00e4umen und an einer Kanarischen Kiefer machen wir eine Mutation aus. Wir h\u00f6ren Wasser pl\u00e4tschern und kurz darauf sehen wir die Ursache: Rechter Hand begleitet uns nun eine gemauerte Wasserleitung in der das Wasser dahin sprudelt.<\/p>\n<div id=\"attachment_2979\" style=\"width: 160px\" class=\"wp-caption alignleft\"><a href=\"http:\/\/www.mundi-roth.de\/teneriffa-blog\/wp-content\/uploads\/2014\/03\/P1130936.jpg\" rel=\"lightbox[2974]\"><img loading=\"lazy\" decoding=\"async\" aria-describedby=\"caption-attachment-2979\" class=\"size-thumbnail wp-image-2979\" src=\"http:\/\/www.mundi-roth.de\/teneriffa-blog\/wp-content\/uploads\/2014\/03\/P1130936-150x112.jpg\" alt=\"Dicke Mutation im Baum\" width=\"150\" height=\"112\" srcset=\"https:\/\/www.mundi-roth.de\/teneriffa-blog\/wp-content\/uploads\/2014\/03\/P1130936-150x112.jpg 150w, https:\/\/www.mundi-roth.de\/teneriffa-blog\/wp-content\/uploads\/2014\/03\/P1130936-300x225.jpg 300w, https:\/\/www.mundi-roth.de\/teneriffa-blog\/wp-content\/uploads\/2014\/03\/P1130936.jpg 800w\" sizes=\"auto, (max-width: 150px) 100vw, 150px\" \/><\/a><p id=\"caption-attachment-2979\" class=\"wp-caption-text\">Dicke Mutation im Baum<\/p><\/div>\n<div id=\"attachment_2980\" style=\"width: 160px\" class=\"wp-caption alignright\"><a href=\"http:\/\/www.mundi-roth.de\/teneriffa-blog\/wp-content\/uploads\/2014\/03\/P1130939.jpg\" rel=\"lightbox[2974]\"><img loading=\"lazy\" decoding=\"async\" aria-describedby=\"caption-attachment-2980\" class=\"size-thumbnail wp-image-2980\" src=\"http:\/\/www.mundi-roth.de\/teneriffa-blog\/wp-content\/uploads\/2014\/03\/P1130939-150x112.jpg\" alt=\"Wasserleitung\" width=\"150\" height=\"112\" srcset=\"https:\/\/www.mundi-roth.de\/teneriffa-blog\/wp-content\/uploads\/2014\/03\/P1130939-150x112.jpg 150w, https:\/\/www.mundi-roth.de\/teneriffa-blog\/wp-content\/uploads\/2014\/03\/P1130939-300x225.jpg 300w, https:\/\/www.mundi-roth.de\/teneriffa-blog\/wp-content\/uploads\/2014\/03\/P1130939.jpg 800w\" sizes=\"auto, (max-width: 150px) 100vw, 150px\" \/><\/a><p id=\"caption-attachment-2980\" class=\"wp-caption-text\">Wasserleitung<\/p><\/div>\n<p>Wir steigen soweit auf, bis die Wasserleitung unter einer Betonschicht verschwindet, hier queren wir und sehen vor uns wieder ein verlassenes Haus.<br \/>\nDer Forstweg f\u00fchrt uns an einer Baumskulptur vorbei und wir gelangen an einen Dreschplatz. Halten uns nun rechts, beachten die Sperrkette nicht und steigen zu den verlassenen H\u00e4usern hinab.<\/p>\n<div id=\"attachment_2981\" style=\"width: 160px\" class=\"wp-caption alignleft\"><a href=\"http:\/\/www.mundi-roth.de\/teneriffa-blog\/wp-content\/uploads\/2014\/03\/P1130946.jpg\" rel=\"lightbox[2974]\"><img loading=\"lazy\" decoding=\"async\" aria-describedby=\"caption-attachment-2981\" class=\"size-thumbnail wp-image-2981\" src=\"http:\/\/www.mundi-roth.de\/teneriffa-blog\/wp-content\/uploads\/2014\/03\/P1130946-150x112.jpg\" alt=\"Keine Sperre f\u00fcr uns\" width=\"150\" height=\"112\" srcset=\"https:\/\/www.mundi-roth.de\/teneriffa-blog\/wp-content\/uploads\/2014\/03\/P1130946-150x112.jpg 150w, https:\/\/www.mundi-roth.de\/teneriffa-blog\/wp-content\/uploads\/2014\/03\/P1130946-300x225.jpg 300w, https:\/\/www.mundi-roth.de\/teneriffa-blog\/wp-content\/uploads\/2014\/03\/P1130946.jpg 800w\" sizes=\"auto, (max-width: 150px) 100vw, 150px\" \/><\/a><p id=\"caption-attachment-2981\" class=\"wp-caption-text\">Keine Sperre f\u00fcr uns<\/p><\/div>\n<div id=\"attachment_2982\" style=\"width: 160px\" class=\"wp-caption alignright\"><a href=\"http:\/\/www.mundi-roth.de\/teneriffa-blog\/wp-content\/uploads\/2014\/03\/P1130947.jpg\" rel=\"lightbox[2974]\"><img loading=\"lazy\" decoding=\"async\" aria-describedby=\"caption-attachment-2982\" class=\"size-thumbnail wp-image-2982\" src=\"http:\/\/www.mundi-roth.de\/teneriffa-blog\/wp-content\/uploads\/2014\/03\/P1130947-150x112.jpg\" alt=\"V erlassen\" width=\"150\" height=\"112\" srcset=\"https:\/\/www.mundi-roth.de\/teneriffa-blog\/wp-content\/uploads\/2014\/03\/P1130947-150x112.jpg 150w, https:\/\/www.mundi-roth.de\/teneriffa-blog\/wp-content\/uploads\/2014\/03\/P1130947-300x225.jpg 300w, https:\/\/www.mundi-roth.de\/teneriffa-blog\/wp-content\/uploads\/2014\/03\/P1130947.jpg 800w\" sizes=\"auto, (max-width: 150px) 100vw, 150px\" \/><\/a><p id=\"caption-attachment-2982\" class=\"wp-caption-text\">Verlassen<\/p><\/div>\n<p>Bis hierher haben wir knapp 45 Minuten gebraucht.<\/p>\n<p>Der Weg geht an der R\u00fcckseite der H\u00e4user vorbei, wir aber besichtigen diese, machen so gar einen Backofen aus und weiter geht es bergab.<\/p>\n<div id=\"attachment_2983\" style=\"width: 160px\" class=\"wp-caption alignright\"><a href=\"http:\/\/www.mundi-roth.de\/teneriffa-blog\/wp-content\/uploads\/2014\/03\/P1130950.jpg\" rel=\"lightbox[2974]\"><img loading=\"lazy\" decoding=\"async\" aria-describedby=\"caption-attachment-2983\" class=\"size-thumbnail wp-image-2983\" src=\"http:\/\/www.mundi-roth.de\/teneriffa-blog\/wp-content\/uploads\/2014\/03\/P1130950-150x112.jpg\" alt=\"Nur noch Ruine\" width=\"150\" height=\"112\" srcset=\"https:\/\/www.mundi-roth.de\/teneriffa-blog\/wp-content\/uploads\/2014\/03\/P1130950-150x112.jpg 150w, https:\/\/www.mundi-roth.de\/teneriffa-blog\/wp-content\/uploads\/2014\/03\/P1130950-300x225.jpg 300w, https:\/\/www.mundi-roth.de\/teneriffa-blog\/wp-content\/uploads\/2014\/03\/P1130950.jpg 800w\" sizes=\"auto, (max-width: 150px) 100vw, 150px\" \/><\/a><p id=\"caption-attachment-2983\" class=\"wp-caption-text\">Nur noch Ruine<\/p><\/div>\n<p>Als Wegebegleitblau haben wir die B\u00fcsche des Lavendel, ein Exemplar des Bocksbarts, dazwischen die Polster des Hornklees, Flecken von pinkfarbenen Winden und gelb-bl\u00fchende Aeonien. Obwohl die Sonne fehlt, damit die Pflanzen voll erstrahlen, finden wir es sch\u00f6n.<\/p>\n<div style=\"clear: both;\"><\/div>\n<div id=\"attachment_2984\" style=\"width: 310px\" class=\"wp-caption aligncenter\"><a href=\"http:\/\/www.mundi-roth.de\/teneriffa-blog\/wp-content\/uploads\/2014\/03\/Collage1.jpg\" rel=\"lightbox[2974]\"><img loading=\"lazy\" decoding=\"async\" aria-describedby=\"caption-attachment-2984\" class=\"size-medium wp-image-2984\" src=\"http:\/\/www.mundi-roth.de\/teneriffa-blog\/wp-content\/uploads\/2014\/03\/Collage1-300x111.jpg\" alt=\"Einfach sch\u00f6n\" width=\"300\" height=\"111\" srcset=\"https:\/\/www.mundi-roth.de\/teneriffa-blog\/wp-content\/uploads\/2014\/03\/Collage1-300x111.jpg 300w, https:\/\/www.mundi-roth.de\/teneriffa-blog\/wp-content\/uploads\/2014\/03\/Collage1-150x55.jpg 150w, https:\/\/www.mundi-roth.de\/teneriffa-blog\/wp-content\/uploads\/2014\/03\/Collage1.jpg 800w\" sizes=\"auto, (max-width: 300px) 100vw, 300px\" \/><\/a><p id=\"caption-attachment-2984\" class=\"wp-caption-text\">Einfach sch\u00f6n<\/p><\/div>\n<div id=\"attachment_2985\" style=\"width: 310px\" class=\"wp-caption aligncenter\"><a href=\"http:\/\/www.mundi-roth.de\/teneriffa-blog\/wp-content\/uploads\/2014\/03\/Collage2.jpg\" rel=\"lightbox[2974]\"><img loading=\"lazy\" decoding=\"async\" aria-describedby=\"caption-attachment-2985\" class=\"size-medium wp-image-2985\" src=\"http:\/\/www.mundi-roth.de\/teneriffa-blog\/wp-content\/uploads\/2014\/03\/Collage2-300x154.jpg\" alt=\"Nochmal sch\u00f6n\" width=\"300\" height=\"154\" srcset=\"https:\/\/www.mundi-roth.de\/teneriffa-blog\/wp-content\/uploads\/2014\/03\/Collage2-300x154.jpg 300w, https:\/\/www.mundi-roth.de\/teneriffa-blog\/wp-content\/uploads\/2014\/03\/Collage2-150x77.jpg 150w, https:\/\/www.mundi-roth.de\/teneriffa-blog\/wp-content\/uploads\/2014\/03\/Collage2.jpg 800w\" sizes=\"auto, (max-width: 300px) 100vw, 300px\" \/><\/a><p id=\"caption-attachment-2985\" class=\"wp-caption-text\">Nochmal sch\u00f6n<\/p><\/div>\n<p>Auf abenteuerlichem Weg, Stein-Fels-\u00fcbers\u00e4t haben wir nach einer Stunde Gehzeit wieder Hausruinen vor uns.<br \/>\nKurz darauf gelangen wir an einen wuchtigen Barranco und unser Smartphone-Navi will uns<\/p>\n<div id=\"attachment_2986\" style=\"width: 160px\" class=\"wp-caption alignright\"><a href=\"http:\/\/www.mundi-roth.de\/teneriffa-blog\/wp-content\/uploads\/2014\/03\/P1130962.jpg\" rel=\"lightbox[2974]\"><img loading=\"lazy\" decoding=\"async\" aria-describedby=\"caption-attachment-2986\" class=\"size-thumbnail wp-image-2986\" src=\"http:\/\/www.mundi-roth.de\/teneriffa-blog\/wp-content\/uploads\/2014\/03\/P1130962-150x112.jpg\" alt=\"Barranco\" width=\"150\" height=\"112\" srcset=\"https:\/\/www.mundi-roth.de\/teneriffa-blog\/wp-content\/uploads\/2014\/03\/P1130962-150x112.jpg 150w, https:\/\/www.mundi-roth.de\/teneriffa-blog\/wp-content\/uploads\/2014\/03\/P1130962-300x225.jpg 300w, https:\/\/www.mundi-roth.de\/teneriffa-blog\/wp-content\/uploads\/2014\/03\/P1130962.jpg 800w\" sizes=\"auto, (max-width: 150px) 100vw, 150px\" \/><\/a><p id=\"caption-attachment-2986\" class=\"wp-caption-text\">Barranco<\/p><\/div>\n<p>dort hinunter schicken. Der anf\u00e4ngliche Pfad verliert sich sehr schnell und selbst mit einem Adlerauge kann man weder Weg noch Steig ausmachen.<br \/>\nAlso verlassen wir uns auf unser Gef\u00fchl und folgen dem nunmehr breiten, gut zu gehenden Weg weiter bergab.<br \/>\nDaf\u00fcr werden wir mit dem Blick auf eine riesige Ansammlung des Natternkopfes &#8211; Taginaste &#8211; und Schwertlilien belohnt.<\/p>\n<div id=\"attachment_2987\" style=\"width: 310px\" class=\"wp-caption alignleft\"><a href=\"http:\/\/www.mundi-roth.de\/teneriffa-blog\/wp-content\/uploads\/2014\/03\/Collage3.jpg\" rel=\"lightbox[2974]\"><img loading=\"lazy\" decoding=\"async\" aria-describedby=\"caption-attachment-2987\" class=\"size-medium wp-image-2987\" src=\"http:\/\/www.mundi-roth.de\/teneriffa-blog\/wp-content\/uploads\/2014\/03\/Collage3-300x115.jpg\" alt=\"Tajinasten + Schwertlilien\" width=\"300\" height=\"115\" srcset=\"https:\/\/www.mundi-roth.de\/teneriffa-blog\/wp-content\/uploads\/2014\/03\/Collage3-300x115.jpg 300w, https:\/\/www.mundi-roth.de\/teneriffa-blog\/wp-content\/uploads\/2014\/03\/Collage3-150x57.jpg 150w, https:\/\/www.mundi-roth.de\/teneriffa-blog\/wp-content\/uploads\/2014\/03\/Collage3.jpg 800w\" sizes=\"auto, (max-width: 300px) 100vw, 300px\" \/><\/a><p id=\"caption-attachment-2987\" class=\"wp-caption-text\">Tajinasten + Schwertlilien<\/p><\/div>\n<p>Vorbei an einem leeren Wasserbecken mit einem Kreuz befragen wir etwas unterhalb einige M\u00e4nner, die die Weinreben beschneiden, wie das hei\u00dft, wo wir herkommen.\u00a0&#8220; Lomo de Trigo und der Blick geht auf Taucho.&#8220; Der Weg bildet eine Haarnadelkurve und von nun an steigen wir wieder aufw\u00e4rts.<br \/>\nWir nehmen an, dass wir wieder an die Wasserleitung gekommen sind die wir<\/p>\n<div id=\"attachment_2988\" style=\"width: 160px\" class=\"wp-caption alignleft\"><a href=\"http:\/\/www.mundi-roth.de\/teneriffa-blog\/wp-content\/uploads\/2014\/03\/P1130974a.jpg\" rel=\"lightbox[2974]\"><img loading=\"lazy\" decoding=\"async\" aria-describedby=\"caption-attachment-2988\" class=\"size-thumbnail wp-image-2988\" src=\"http:\/\/www.mundi-roth.de\/teneriffa-blog\/wp-content\/uploads\/2014\/03\/P1130974a-150x100.jpg\" alt=\"Mimosen\" width=\"150\" height=\"100\" srcset=\"https:\/\/www.mundi-roth.de\/teneriffa-blog\/wp-content\/uploads\/2014\/03\/P1130974a-150x100.jpg 150w, https:\/\/www.mundi-roth.de\/teneriffa-blog\/wp-content\/uploads\/2014\/03\/P1130974a-300x201.jpg 300w, https:\/\/www.mundi-roth.de\/teneriffa-blog\/wp-content\/uploads\/2014\/03\/P1130974a.jpg 800w\" sizes=\"auto, (max-width: 150px) 100vw, 150px\" \/><\/a><p id=\"caption-attachment-2988\" class=\"wp-caption-text\">Mimosen<\/p><\/div>\n<p>hoch oben gequert haben bestaunen hier oben Mimosenb\u00e4ume, die gerade anfangen zu bl\u00fchen w\u00e4hrend sie auf der Fahrt nach Tijoco Alto schon in voller Bl\u00fcte sind.<\/p>\n<p>Und: eins, zwei, drei, nach knapp 2 Stunden Gehzeit sind wir auf der anderen Seite des verlassenen Hauses &#8222;La Casilla&#8220;, das wir nach 10 Minuten Aufstieg am Beginn der Wanderung rechts vom Weg gesehen haben. Damit hat sich unsere Runde geschlossen.<br \/>\nHier queren wir zum Haus und kurz darauf befinden wir uns wieder auf dem letzten St\u00fcck der Wanderung, das mit dem Beginn identisch ist.<br \/>\nZwischen den B\u00e4umen sehen wir schon unser Auto und erreichen dieses bevor es zu nieseln anf\u00e4ngt. Gl\u00fcck muss man haben.<\/p>\n<p>Da Elisabeth experimentierfreudig ist, kutschiert sie uns von Tijoco Alto auf einer abenteuerlichen, engen Stra\u00dfe durch den wundersch\u00f6nen, bizarren Barranco Ye<\/p>\n<div id=\"attachment_2989\" style=\"width: 160px\" class=\"wp-caption alignright\"><a href=\"http:\/\/www.mundi-roth.de\/teneriffa-blog\/wp-content\/uploads\/2014\/03\/P1130983.jpg\" rel=\"lightbox[2974]\"><img loading=\"lazy\" decoding=\"async\" aria-describedby=\"caption-attachment-2989\" class=\"size-thumbnail wp-image-2989\" src=\"http:\/\/www.mundi-roth.de\/teneriffa-blog\/wp-content\/uploads\/2014\/03\/P1130983-150x112.jpg\" alt=\"Barranco de Ye\" width=\"150\" height=\"112\" srcset=\"https:\/\/www.mundi-roth.de\/teneriffa-blog\/wp-content\/uploads\/2014\/03\/P1130983-150x112.jpg 150w, https:\/\/www.mundi-roth.de\/teneriffa-blog\/wp-content\/uploads\/2014\/03\/P1130983-300x225.jpg 300w, https:\/\/www.mundi-roth.de\/teneriffa-blog\/wp-content\/uploads\/2014\/03\/P1130983.jpg 800w\" sizes=\"auto, (max-width: 150px) 100vw, 150px\" \/><\/a><p id=\"caption-attachment-2989\" class=\"wp-caption-text\">Barranco Ye<\/p><\/div>\n<p>nach Taucho und von dort nach Quinta abw\u00e4rts \u00fcber Las Moraditas zum Kreisel der Autobahn bei Adeje.<br \/>\nNur etwas f\u00fcr Jemanden mit starken Nerven!<\/p>\n<p><strong>Fazit:<\/strong><br \/>\nEine sch\u00f6ne, kurzweilige Wanderung, bei sch\u00f6nem Wetter sicher noch sch\u00f6ner und so nah vor den Zentren im S\u00fcden der Insel.<\/p>\n<p><strong>Restaurant:<\/strong><br \/>\nWir sind Jahre nicht mehr dort gewesen und von Freunden, die vor kurzem dort gegessen haben und sehr zufrieden waren, darauf aufmersam gemacht:<br \/>\nFinca Restaurante <strong>\u201e<a href=\"http:\/\/lasgangarras.com\/index.htm\">Las Gangarras<\/a>\u201c<\/strong> in Buzanada.<br \/>\nH\u00fcbsch liegen die kleinen Restaurant-H\u00e4uschen in dem Garten verstreut. Bei sch\u00f6nem Wetter laden viele Tische drau\u00dfen \u2013 zum Teil unter B\u00e4umen \u2013 zum Sitzen ein.<br \/>\nDas Essen war ausgezeichnet und zu moderaten Preisen, die Bedienung freundlich.<br \/>\nWir waren sehr zufrieden mit: Brunnenkressesalat, geschmortem Ziegenfleisch, Schweinskotelett und Schweinefilet mit Zwiebeln und s\u00fc\u00dfer Sauce. (Wir waren zu viert zum Essen!)<br \/>\nMontag ist Ruhetag.<br \/>\nTelefon: 922 76 64 23<\/p>\n<div id=\"attachment_2991\" style=\"width: 160px\" class=\"wp-caption alignright\"><a href=\"http:\/\/www.mundi-roth.de\/teneriffa-blog\/wp-content\/uploads\/2014\/03\/P1130988.jpg\" rel=\"lightbox[2974]\"><img loading=\"lazy\" decoding=\"async\" aria-describedby=\"caption-attachment-2991\" class=\"size-thumbnail wp-image-2991\" src=\"http:\/\/www.mundi-roth.de\/teneriffa-blog\/wp-content\/uploads\/2014\/03\/P1130988-150x112.jpg\" alt=\"Las Gangarras\" width=\"150\" height=\"112\" srcset=\"https:\/\/www.mundi-roth.de\/teneriffa-blog\/wp-content\/uploads\/2014\/03\/P1130988-150x112.jpg 150w, https:\/\/www.mundi-roth.de\/teneriffa-blog\/wp-content\/uploads\/2014\/03\/P1130988-300x225.jpg 300w, https:\/\/www.mundi-roth.de\/teneriffa-blog\/wp-content\/uploads\/2014\/03\/P1130988.jpg 800w\" sizes=\"auto, (max-width: 150px) 100vw, 150px\" \/><\/a><p id=\"caption-attachment-2991\" class=\"wp-caption-text\">Las Gangarras<\/p><\/div>\n<div id=\"attachment_2990\" style=\"width: 160px\" class=\"wp-caption alignleft\"><a href=\"http:\/\/www.mundi-roth.de\/teneriffa-blog\/wp-content\/uploads\/2014\/03\/P1130984.jpg\" rel=\"lightbox[2974]\"><img loading=\"lazy\" decoding=\"async\" aria-describedby=\"caption-attachment-2990\" class=\"size-thumbnail wp-image-2990\" src=\"http:\/\/www.mundi-roth.de\/teneriffa-blog\/wp-content\/uploads\/2014\/03\/P1130984-150x112.jpg\" alt=\"Las Gangarras\" width=\"150\" height=\"112\" srcset=\"https:\/\/www.mundi-roth.de\/teneriffa-blog\/wp-content\/uploads\/2014\/03\/P1130984-150x112.jpg 150w, https:\/\/www.mundi-roth.de\/teneriffa-blog\/wp-content\/uploads\/2014\/03\/P1130984-300x225.jpg 300w, https:\/\/www.mundi-roth.de\/teneriffa-blog\/wp-content\/uploads\/2014\/03\/P1130984.jpg 800w\" sizes=\"auto, (max-width: 150px) 100vw, 150px\" \/><\/a><p id=\"caption-attachment-2990\" class=\"wp-caption-text\">Las Gangarras<\/p><\/div>\n","protected":false},"excerpt":{"rendered":"<p>Rund um\u00a0 &#8220; La Casilla&#8220; wollten wir eine Tour gehen, die wir mit dem Online-Programm KOMOOT geplant und aufs Smartphone geladen hatten. Per Sprachausgabe wollten wir uns f\u00fchren lassen. Ein Test, der &#8222;weitgehend&#8220; gelungen ist. Wanderwegstrecke: 5,9 km, 2:17\u00a0 Stunden \u2013 ohne Apfelpause 310 H\u00f6henmeter aufw\u00e4rts &#8211; 320 H\u00f6henmeter abw\u00e4rts Um 10:30 Uhr beginnen wir [&hellip;]<\/p>\n","protected":false},"author":4,"featured_media":5182,"comment_status":"open","ping_status":"open","sticky":false,"template":"","format":"standard","meta":{"footnotes":""},"categories":[776,6],"tags":[709,707,708,706,75,439,74,446],"class_list":["post-2974","post","type-post","status-publish","format-standard","has-post-thumbnail","hentry","category-guia-de-isora","category-wanderungen","tag-las-gangarras","tag-lomo-de-trigo","tag-mimosenbaeume","tag-passatwolken","tag-taucho","tag-teneriffa-wandern","tag-tijoco-alto","tag-wandern-teneriffa"],"yoast_head":"<!-- This site is optimized with the Yoast SEO plugin v27.5 - https:\/\/yoast.com\/product\/yoast-seo-wordpress\/ -->\n<title>Tijoco Alto \u2013 Richtung Taucho \u2013 Tijoco Alto - Teneriffa Wandern<\/title>\n<meta name=\"description\" content=\"Rund um die Casillas wollten wir eine Tour gehen, die wir mit dem Online-Program KOMOOT geplant und aufs Smartphone geladen hatten, um uns f\u00fchren zu lassen.\" \/>\n<meta name=\"robots\" content=\"index, follow, max-snippet:-1, max-image-preview:large, max-video-preview:-1\" \/>\n<link rel=\"canonical\" href=\"https:\/\/www.mundi-roth.de\/teneriffa-blog\/wanderungen\/tijoco-alto-richtung-taucho-tijoco-alto\/\" \/>\n<meta name=\"twitter:label1\" content=\"Verfasst von\" \/>\n\t<meta name=\"twitter:data1\" content=\"mundi\" \/>\n\t<meta name=\"twitter:label2\" content=\"Gesch\u00e4tzte Lesezeit\" \/>\n\t<meta name=\"twitter:data2\" content=\"5\u00a0Minuten\" \/>\n<script type=\"application\/ld+json\" class=\"yoast-schema-graph\">{\"@context\":\"https:\\\/\\\/schema.org\",\"@graph\":[{\"@type\":\"Article\",\"@id\":\"https:\\\/\\\/www.mundi-roth.de\\\/teneriffa-blog\\\/wanderungen\\\/tijoco-alto-richtung-taucho-tijoco-alto\\\/#article\",\"isPartOf\":{\"@id\":\"https:\\\/\\\/www.mundi-roth.de\\\/teneriffa-blog\\\/wanderungen\\\/tijoco-alto-richtung-taucho-tijoco-alto\\\/\"},\"author\":{\"name\":\"mundi\",\"@id\":\"https:\\\/\\\/www.mundi-roth.de\\\/teneriffa-blog\\\/#\\\/schema\\\/person\\\/971c66b55f3ae5e8741553688c413cac\"},\"headline\":\"Tijoco Alto \u2013 Richtung Taucho \u2013 Tijoco Alto\",\"datePublished\":\"2014-03-11T21:00:23+00:00\",\"dateModified\":\"2016-05-27T08:56:13+00:00\",\"mainEntityOfPage\":{\"@id\":\"https:\\\/\\\/www.mundi-roth.de\\\/teneriffa-blog\\\/wanderungen\\\/tijoco-alto-richtung-taucho-tijoco-alto\\\/\"},\"wordCount\":943,\"commentCount\":1,\"image\":{\"@id\":\"https:\\\/\\\/www.mundi-roth.de\\\/teneriffa-blog\\\/wanderungen\\\/tijoco-alto-richtung-taucho-tijoco-alto\\\/#primaryimage\"},\"thumbnailUrl\":\"https:\\\/\\\/www.mundi-roth.de\\\/teneriffa-blog\\\/wp-content\\\/uploads\\\/2014\\\/03\\\/P1130930.jpg\",\"keywords\":[\"Las Gangarras\",\"Lomo de Trigo\",\"Mimosenb\u00e4ume\",\"Passatwolken\",\"Taucho\",\"Teneriffa Wandern\",\"Tijoco Alto\",\"Wandern Teneriffa\"],\"articleSection\":[\"Guia de Isora\",\"Wanderungen\"],\"inLanguage\":\"de\",\"potentialAction\":[{\"@type\":\"CommentAction\",\"name\":\"Comment\",\"target\":[\"https:\\\/\\\/www.mundi-roth.de\\\/teneriffa-blog\\\/wanderungen\\\/tijoco-alto-richtung-taucho-tijoco-alto\\\/#respond\"]}]},{\"@type\":\"WebPage\",\"@id\":\"https:\\\/\\\/www.mundi-roth.de\\\/teneriffa-blog\\\/wanderungen\\\/tijoco-alto-richtung-taucho-tijoco-alto\\\/\",\"url\":\"https:\\\/\\\/www.mundi-roth.de\\\/teneriffa-blog\\\/wanderungen\\\/tijoco-alto-richtung-taucho-tijoco-alto\\\/\",\"name\":\"Tijoco Alto \u2013 Richtung Taucho \u2013 Tijoco Alto - Teneriffa Wandern\",\"isPartOf\":{\"@id\":\"https:\\\/\\\/www.mundi-roth.de\\\/teneriffa-blog\\\/#website\"},\"primaryImageOfPage\":{\"@id\":\"https:\\\/\\\/www.mundi-roth.de\\\/teneriffa-blog\\\/wanderungen\\\/tijoco-alto-richtung-taucho-tijoco-alto\\\/#primaryimage\"},\"image\":{\"@id\":\"https:\\\/\\\/www.mundi-roth.de\\\/teneriffa-blog\\\/wanderungen\\\/tijoco-alto-richtung-taucho-tijoco-alto\\\/#primaryimage\"},\"thumbnailUrl\":\"https:\\\/\\\/www.mundi-roth.de\\\/teneriffa-blog\\\/wp-content\\\/uploads\\\/2014\\\/03\\\/P1130930.jpg\",\"datePublished\":\"2014-03-11T21:00:23+00:00\",\"dateModified\":\"2016-05-27T08:56:13+00:00\",\"author\":{\"@id\":\"https:\\\/\\\/www.mundi-roth.de\\\/teneriffa-blog\\\/#\\\/schema\\\/person\\\/971c66b55f3ae5e8741553688c413cac\"},\"description\":\"Rund um die Casillas wollten wir eine Tour gehen, die wir mit dem Online-Program KOMOOT geplant und aufs Smartphone geladen hatten, um uns f\u00fchren zu lassen.\",\"breadcrumb\":{\"@id\":\"https:\\\/\\\/www.mundi-roth.de\\\/teneriffa-blog\\\/wanderungen\\\/tijoco-alto-richtung-taucho-tijoco-alto\\\/#breadcrumb\"},\"inLanguage\":\"de\",\"potentialAction\":[{\"@type\":\"ReadAction\",\"target\":[\"https:\\\/\\\/www.mundi-roth.de\\\/teneriffa-blog\\\/wanderungen\\\/tijoco-alto-richtung-taucho-tijoco-alto\\\/\"]}]},{\"@type\":\"ImageObject\",\"inLanguage\":\"de\",\"@id\":\"https:\\\/\\\/www.mundi-roth.de\\\/teneriffa-blog\\\/wanderungen\\\/tijoco-alto-richtung-taucho-tijoco-alto\\\/#primaryimage\",\"url\":\"https:\\\/\\\/www.mundi-roth.de\\\/teneriffa-blog\\\/wp-content\\\/uploads\\\/2014\\\/03\\\/P1130930.jpg\",\"contentUrl\":\"https:\\\/\\\/www.mundi-roth.de\\\/teneriffa-blog\\\/wp-content\\\/uploads\\\/2014\\\/03\\\/P1130930.jpg\",\"width\":269,\"height\":202},{\"@type\":\"BreadcrumbList\",\"@id\":\"https:\\\/\\\/www.mundi-roth.de\\\/teneriffa-blog\\\/wanderungen\\\/tijoco-alto-richtung-taucho-tijoco-alto\\\/#breadcrumb\",\"itemListElement\":[{\"@type\":\"ListItem\",\"position\":1,\"name\":\"Startseite\",\"item\":\"https:\\\/\\\/www.mundi-roth.de\\\/teneriffa-blog\\\/\"},{\"@type\":\"ListItem\",\"position\":2,\"name\":\"Tijoco Alto \u2013 Richtung Taucho \u2013 Tijoco Alto\"}]},{\"@type\":\"WebSite\",\"@id\":\"https:\\\/\\\/www.mundi-roth.de\\\/teneriffa-blog\\\/#website\",\"url\":\"https:\\\/\\\/www.mundi-roth.de\\\/teneriffa-blog\\\/\",\"name\":\"Teneriffa Wandern\",\"description\":\"Nicht nur Wanderungen auf Teneriffa...\",\"potentialAction\":[{\"@type\":\"SearchAction\",\"target\":{\"@type\":\"EntryPoint\",\"urlTemplate\":\"https:\\\/\\\/www.mundi-roth.de\\\/teneriffa-blog\\\/?s={search_term_string}\"},\"query-input\":{\"@type\":\"PropertyValueSpecification\",\"valueRequired\":true,\"valueName\":\"search_term_string\"}}],\"inLanguage\":\"de\"},{\"@type\":\"Person\",\"@id\":\"https:\\\/\\\/www.mundi-roth.de\\\/teneriffa-blog\\\/#\\\/schema\\\/person\\\/971c66b55f3ae5e8741553688c413cac\",\"name\":\"mundi\",\"image\":{\"@type\":\"ImageObject\",\"inLanguage\":\"de\",\"@id\":\"https:\\\/\\\/secure.gravatar.com\\\/avatar\\\/555f0dd85428f1a9330f8e5dbe9e40ff9ca912bb81e5a89747ebf3ca9c20dc0f?s=96&d=mm&r=g\",\"url\":\"https:\\\/\\\/secure.gravatar.com\\\/avatar\\\/555f0dd85428f1a9330f8e5dbe9e40ff9ca912bb81e5a89747ebf3ca9c20dc0f?s=96&d=mm&r=g\",\"contentUrl\":\"https:\\\/\\\/secure.gravatar.com\\\/avatar\\\/555f0dd85428f1a9330f8e5dbe9e40ff9ca912bb81e5a89747ebf3ca9c20dc0f?s=96&d=mm&r=g\",\"caption\":\"mundi\"},\"sameAs\":[\"http:\\\/\\\/mundi-roth.de\"],\"url\":\"https:\\\/\\\/www.mundi-roth.de\\\/teneriffa-blog\\\/author\\\/mundi\\\/\"}]}<\/script>\n<!-- \/ Yoast SEO plugin. -->","yoast_head_json":{"title":"Tijoco Alto \u2013 Richtung Taucho \u2013 Tijoco Alto - Teneriffa Wandern","description":"Rund um die Casillas wollten wir eine Tour gehen, die wir mit dem Online-Program KOMOOT geplant und aufs Smartphone geladen hatten, um uns f\u00fchren zu lassen.","robots":{"index":"index","follow":"follow","max-snippet":"max-snippet:-1","max-image-preview":"max-image-preview:large","max-video-preview":"max-video-preview:-1"},"canonical":"https:\/\/www.mundi-roth.de\/teneriffa-blog\/wanderungen\/tijoco-alto-richtung-taucho-tijoco-alto\/","twitter_misc":{"Verfasst von":"mundi","Gesch\u00e4tzte Lesezeit":"5\u00a0Minuten"},"schema":{"@context":"https:\/\/schema.org","@graph":[{"@type":"Article","@id":"https:\/\/www.mundi-roth.de\/teneriffa-blog\/wanderungen\/tijoco-alto-richtung-taucho-tijoco-alto\/#article","isPartOf":{"@id":"https:\/\/www.mundi-roth.de\/teneriffa-blog\/wanderungen\/tijoco-alto-richtung-taucho-tijoco-alto\/"},"author":{"name":"mundi","@id":"https:\/\/www.mundi-roth.de\/teneriffa-blog\/#\/schema\/person\/971c66b55f3ae5e8741553688c413cac"},"headline":"Tijoco Alto \u2013 Richtung Taucho \u2013 Tijoco Alto","datePublished":"2014-03-11T21:00:23+00:00","dateModified":"2016-05-27T08:56:13+00:00","mainEntityOfPage":{"@id":"https:\/\/www.mundi-roth.de\/teneriffa-blog\/wanderungen\/tijoco-alto-richtung-taucho-tijoco-alto\/"},"wordCount":943,"commentCount":1,"image":{"@id":"https:\/\/www.mundi-roth.de\/teneriffa-blog\/wanderungen\/tijoco-alto-richtung-taucho-tijoco-alto\/#primaryimage"},"thumbnailUrl":"https:\/\/www.mundi-roth.de\/teneriffa-blog\/wp-content\/uploads\/2014\/03\/P1130930.jpg","keywords":["Las Gangarras","Lomo de Trigo","Mimosenb\u00e4ume","Passatwolken","Taucho","Teneriffa Wandern","Tijoco Alto","Wandern Teneriffa"],"articleSection":["Guia de Isora","Wanderungen"],"inLanguage":"de","potentialAction":[{"@type":"CommentAction","name":"Comment","target":["https:\/\/www.mundi-roth.de\/teneriffa-blog\/wanderungen\/tijoco-alto-richtung-taucho-tijoco-alto\/#respond"]}]},{"@type":"WebPage","@id":"https:\/\/www.mundi-roth.de\/teneriffa-blog\/wanderungen\/tijoco-alto-richtung-taucho-tijoco-alto\/","url":"https:\/\/www.mundi-roth.de\/teneriffa-blog\/wanderungen\/tijoco-alto-richtung-taucho-tijoco-alto\/","name":"Tijoco Alto \u2013 Richtung Taucho \u2013 Tijoco Alto - Teneriffa Wandern","isPartOf":{"@id":"https:\/\/www.mundi-roth.de\/teneriffa-blog\/#website"},"primaryImageOfPage":{"@id":"https:\/\/www.mundi-roth.de\/teneriffa-blog\/wanderungen\/tijoco-alto-richtung-taucho-tijoco-alto\/#primaryimage"},"image":{"@id":"https:\/\/www.mundi-roth.de\/teneriffa-blog\/wanderungen\/tijoco-alto-richtung-taucho-tijoco-alto\/#primaryimage"},"thumbnailUrl":"https:\/\/www.mundi-roth.de\/teneriffa-blog\/wp-content\/uploads\/2014\/03\/P1130930.jpg","datePublished":"2014-03-11T21:00:23+00:00","dateModified":"2016-05-27T08:56:13+00:00","author":{"@id":"https:\/\/www.mundi-roth.de\/teneriffa-blog\/#\/schema\/person\/971c66b55f3ae5e8741553688c413cac"},"description":"Rund um die Casillas wollten wir eine Tour gehen, die wir mit dem Online-Program KOMOOT geplant und aufs Smartphone geladen hatten, um uns f\u00fchren zu lassen.","breadcrumb":{"@id":"https:\/\/www.mundi-roth.de\/teneriffa-blog\/wanderungen\/tijoco-alto-richtung-taucho-tijoco-alto\/#breadcrumb"},"inLanguage":"de","potentialAction":[{"@type":"ReadAction","target":["https:\/\/www.mundi-roth.de\/teneriffa-blog\/wanderungen\/tijoco-alto-richtung-taucho-tijoco-alto\/"]}]},{"@type":"ImageObject","inLanguage":"de","@id":"https:\/\/www.mundi-roth.de\/teneriffa-blog\/wanderungen\/tijoco-alto-richtung-taucho-tijoco-alto\/#primaryimage","url":"https:\/\/www.mundi-roth.de\/teneriffa-blog\/wp-content\/uploads\/2014\/03\/P1130930.jpg","contentUrl":"https:\/\/www.mundi-roth.de\/teneriffa-blog\/wp-content\/uploads\/2014\/03\/P1130930.jpg","width":269,"height":202},{"@type":"BreadcrumbList","@id":"https:\/\/www.mundi-roth.de\/teneriffa-blog\/wanderungen\/tijoco-alto-richtung-taucho-tijoco-alto\/#breadcrumb","itemListElement":[{"@type":"ListItem","position":1,"name":"Startseite","item":"https:\/\/www.mundi-roth.de\/teneriffa-blog\/"},{"@type":"ListItem","position":2,"name":"Tijoco Alto \u2013 Richtung Taucho \u2013 Tijoco Alto"}]},{"@type":"WebSite","@id":"https:\/\/www.mundi-roth.de\/teneriffa-blog\/#website","url":"https:\/\/www.mundi-roth.de\/teneriffa-blog\/","name":"Teneriffa Wandern","description":"Nicht nur Wanderungen auf Teneriffa...","potentialAction":[{"@type":"SearchAction","target":{"@type":"EntryPoint","urlTemplate":"https:\/\/www.mundi-roth.de\/teneriffa-blog\/?s={search_term_string}"},"query-input":{"@type":"PropertyValueSpecification","valueRequired":true,"valueName":"search_term_string"}}],"inLanguage":"de"},{"@type":"Person","@id":"https:\/\/www.mundi-roth.de\/teneriffa-blog\/#\/schema\/person\/971c66b55f3ae5e8741553688c413cac","name":"mundi","image":{"@type":"ImageObject","inLanguage":"de","@id":"https:\/\/secure.gravatar.com\/avatar\/555f0dd85428f1a9330f8e5dbe9e40ff9ca912bb81e5a89747ebf3ca9c20dc0f?s=96&d=mm&r=g","url":"https:\/\/secure.gravatar.com\/avatar\/555f0dd85428f1a9330f8e5dbe9e40ff9ca912bb81e5a89747ebf3ca9c20dc0f?s=96&d=mm&r=g","contentUrl":"https:\/\/secure.gravatar.com\/avatar\/555f0dd85428f1a9330f8e5dbe9e40ff9ca912bb81e5a89747ebf3ca9c20dc0f?s=96&d=mm&r=g","caption":"mundi"},"sameAs":["http:\/\/mundi-roth.de"],"url":"https:\/\/www.mundi-roth.de\/teneriffa-blog\/author\/mundi\/"}]}},"_links":{"self":[{"href":"https:\/\/www.mundi-roth.de\/teneriffa-blog\/wp-json\/wp\/v2\/posts\/2974","targetHints":{"allow":["GET"]}}],"collection":[{"href":"https:\/\/www.mundi-roth.de\/teneriffa-blog\/wp-json\/wp\/v2\/posts"}],"about":[{"href":"https:\/\/www.mundi-roth.de\/teneriffa-blog\/wp-json\/wp\/v2\/types\/post"}],"author":[{"embeddable":true,"href":"https:\/\/www.mundi-roth.de\/teneriffa-blog\/wp-json\/wp\/v2\/users\/4"}],"replies":[{"embeddable":true,"href":"https:\/\/www.mundi-roth.de\/teneriffa-blog\/wp-json\/wp\/v2\/comments?post=2974"}],"version-history":[{"count":0,"href":"https:\/\/www.mundi-roth.de\/teneriffa-blog\/wp-json\/wp\/v2\/posts\/2974\/revisions"}],"wp:featuredmedia":[{"embeddable":true,"href":"https:\/\/www.mundi-roth.de\/teneriffa-blog\/wp-json\/wp\/v2\/media\/5182"}],"wp:attachment":[{"href":"https:\/\/www.mundi-roth.de\/teneriffa-blog\/wp-json\/wp\/v2\/media?parent=2974"}],"wp:term":[{"taxonomy":"category","embeddable":true,"href":"https:\/\/www.mundi-roth.de\/teneriffa-blog\/wp-json\/wp\/v2\/categories?post=2974"},{"taxonomy":"post_tag","embeddable":true,"href":"https:\/\/www.mundi-roth.de\/teneriffa-blog\/wp-json\/wp\/v2\/tags?post=2974"}],"curies":[{"name":"wp","href":"https:\/\/api.w.org\/{rel}","templated":true}]}}