{"id":2998,"date":"2014-03-18T22:00:42","date_gmt":"2014-03-18T21:00:42","guid":{"rendered":"http:\/\/www.mundi-roth.de\/teneriffa-blog\/?p=2998"},"modified":"2015-07-13T14:14:40","modified_gmt":"2015-07-13T13:14:40","slug":"el-medano-montana-pelada-bioklimatisches-dorf-el-medano","status":"publish","type":"post","link":"https:\/\/www.mundi-roth.de\/teneriffa-blog\/wanderungen\/el-medano-montana-pelada-bioklimatisches-dorf-el-medano\/","title":{"rendered":"El M\u00e9dano \u2013 Monta\u00f1a Pelada \u2013 Bioklimatisches Dorf"},"content":{"rendered":"<p style=\"text-center: left;\"><strong>\u201e\u00d6ko-Tripp\u201c &#8211; <\/strong><strong>Photovoltaik-Anlage \u2013 Windr\u00e4derpark \u2013 Bioklimatisches Dorf<\/strong><\/p>\n<p><strong>Die letzten zwei Wanderungen stapften wir durch die Passatwolken und sahen neidisch zur sonnigen K\u00fcste, heute wollten wir in der Sonne wandern.<\/strong><br \/>\n<strong> Was lag n\u00e4her als eine seit Dezember 2007 nicht mehr gegangene Wanderung zu machen und sie bis zu den \u201e\u00d6ko-H\u00e4usern\u201c auszudehnen, vor deren Eingang wir nach der Wanderung \u201e<a href=\"http:\/\/www.mundi-roth.de\/teneriffa-blog\/wanderungen\/monomento-natural-los-derriscaderos\/\"> Monomento Natural Los Derriscaderos<\/a>\u201c standen.<\/strong><\/p>\n<p>Bei der Beschreibung der <a href=\"http:\/\/www.mundi-roth.de\/teneriffa-blog\/wanderungen\/montana-pelada\/\">Pelada-Tour<\/a> vor fast 7 Jahren habe ich geschrieben:<br \/>\n<em>\u201eWer staunend vor zu Fels gewordenen Wellen stehen will, der sollte diese Wanderung bei Ebbe unbedingt machen.\u201c<\/em><br \/>\nKann ich auch diesmal nur best\u00e4tigen.<\/p>\n<div id=\"attachment_2999\" style=\"width: 160px\" class=\"wp-caption alignright\"><a href=\"http:\/\/www.mundi-roth.de\/teneriffa-blog\/wp-content\/uploads\/2014\/03\/Track03.jpg\" rel=\"lightbox[2998]\"><img loading=\"lazy\" decoding=\"async\" aria-describedby=\"caption-attachment-2999\" class=\"size-thumbnail wp-image-2999\" src=\"http:\/\/www.mundi-roth.de\/teneriffa-blog\/wp-content\/uploads\/2014\/03\/Track03-150x91.jpg\" alt=\"Unser Hin und Her\" width=\"150\" height=\"91\" srcset=\"https:\/\/www.mundi-roth.de\/teneriffa-blog\/wp-content\/uploads\/2014\/03\/Track03-150x91.jpg 150w, https:\/\/www.mundi-roth.de\/teneriffa-blog\/wp-content\/uploads\/2014\/03\/Track03-300x182.jpg 300w, https:\/\/www.mundi-roth.de\/teneriffa-blog\/wp-content\/uploads\/2014\/03\/Track03.jpg 800w\" sizes=\"auto, (max-width: 150px) 100vw, 150px\" \/><\/a><p id=\"caption-attachment-2999\" class=\"wp-caption-text\">Unser Hin und Her<\/p><\/div>\n<p><strong>Wanderwegstrecke:<\/strong> 4 Stunden \u2013 inclusive ca. 20 Minuten Information im Bioklimatischen Dorf und einigen freiwilligen und unfreiwilligen Schwenks.<\/p>\n<p>Was als kleine Wanderung angedacht war, hat sich dann zu einer l\u00e4ngeren Tour entwickelt.<br \/>\nAus zwei Gr\u00fcnden:<br \/>\nWir glaubten uns\u00a0\u2013 nach unserer Information &#8211; noch am fr\u00fchen Beginn der Flut zu befinden\u00a0\u00a0 und wagten daher die Tour am Meer, unterhalb dieser phantastischen Felsen zu beginnen.<br \/>\nJedoch, heute herrschte hier nicht der \u00fcbliche Wind, sondern ein heftiger Sturm, der das Wasser regelrecht aufpeitsche und somit auch gegen die Felsen dr\u00fcckte.<br \/>\nEine halbe Stunde hangelten wir uns\u00a0 entlang \u2013 mit inzwischen schon nassen Stiefeln \u2013\u00a0 bis die Vernunft siegte:<br \/>\nEs blieb nur durch das Wasser zu waten oder umzukehren.<br \/>\nAlso zur\u00fcck und zwar so schnell es ging, damit wir nicht patschnass wurden.<\/p>\n<p><a href=\"https:\/\/plus.google.com\/photos\/100524631176750962101\/albums\/5992772937205437489\/5992772942038343666?banner=pwa&amp;pid=5992772942038343666&amp;oid=100524631176750962101\">Bilder der Felsformationen<\/a><\/p>\n<p>Nun steigen wir erst wieder zu unserem Wagen auf, um dann, unterhalb des letzten Hauses am Barranco \u2013 das mal<\/p>\n<div id=\"attachment_3004\" style=\"width: 160px\" class=\"wp-caption alignright\"><a href=\"http:\/\/www.mundi-roth.de\/teneriffa-blog\/wp-content\/uploads\/2014\/03\/P1140016.jpg\" rel=\"lightbox[2998]\"><img loading=\"lazy\" decoding=\"async\" aria-describedby=\"caption-attachment-3004\" class=\"size-thumbnail wp-image-3004\" src=\"http:\/\/www.mundi-roth.de\/teneriffa-blog\/wp-content\/uploads\/2014\/03\/P1140016-150x112.jpg\" alt=\"Haus an der Pelada\" width=\"150\" height=\"112\" srcset=\"https:\/\/www.mundi-roth.de\/teneriffa-blog\/wp-content\/uploads\/2014\/03\/P1140016-150x112.jpg 150w, https:\/\/www.mundi-roth.de\/teneriffa-blog\/wp-content\/uploads\/2014\/03\/P1140016-300x225.jpg 300w, https:\/\/www.mundi-roth.de\/teneriffa-blog\/wp-content\/uploads\/2014\/03\/P1140016.jpg 800w\" sizes=\"auto, (max-width: 150px) 100vw, 150px\" \/><\/a><p id=\"caption-attachment-3004\" class=\"wp-caption-text\">Haus an der Pelada<\/p><\/div>\n<p>ehemaligen Wanderfreunden geh\u00f6rte \u2013 auf einem schmalen Pfad, durch den Barranco La Barca zur Monta\u00f1a Pelada \u00fcberzuwechseln.<br \/>\nWir h\u00e4tten auch von der Bucht \u201eEnsenada de la Pelada\u201c aus direkt an den Felsen den sich durch Gr\u00fcn schl\u00e4ngelnden Weg nehmen k\u00f6nnen.<\/p>\n<div id=\"attachment_3005\" style=\"width: 160px\" class=\"wp-caption alignleft\"><a href=\"http:\/\/www.mundi-roth.de\/teneriffa-blog\/wp-content\/uploads\/2014\/03\/P1130996.jpg\" rel=\"lightbox[2998]\"><img loading=\"lazy\" decoding=\"async\" aria-describedby=\"caption-attachment-3005\" class=\"size-thumbnail wp-image-3005\" src=\"http:\/\/www.mundi-roth.de\/teneriffa-blog\/wp-content\/uploads\/2014\/03\/P1130996-150x112.jpg\" alt=\"Am Rande der Pelada\" width=\"150\" height=\"112\" srcset=\"https:\/\/www.mundi-roth.de\/teneriffa-blog\/wp-content\/uploads\/2014\/03\/P1130996-150x112.jpg 150w, https:\/\/www.mundi-roth.de\/teneriffa-blog\/wp-content\/uploads\/2014\/03\/P1130996-300x225.jpg 300w, https:\/\/www.mundi-roth.de\/teneriffa-blog\/wp-content\/uploads\/2014\/03\/P1130996.jpg 800w\" sizes=\"auto, (max-width: 150px) 100vw, 150px\" \/><\/a><p id=\"caption-attachment-3005\" class=\"wp-caption-text\">Am Rande der Pelada<\/p><\/div>\n<p>Von nun an bewegen wir uns in einem \u201eMonumento Natural\u201c &#8211; Naturdenkmal, denn bei \u201e\u201cMonta\u00f1a Pelada\u201c\u00a0 &#8211;\u00a0 dem kahlen Berg &#8211;\u00a0 handelt es sich um den einzigen Grundwasser-Vulkanausbruch hier auf der Insel.<\/p>\n<p>Im Zick-Zack winden wir uns durch den aufw\u00e4rts f\u00fchrenden Barranco und steigen \u00fcber<\/p>\n<div id=\"attachment_3006\" style=\"width: 160px\" class=\"wp-caption alignright\"><a href=\"http:\/\/www.mundi-roth.de\/teneriffa-blog\/wp-content\/uploads\/2014\/03\/P1140022.jpg\" rel=\"lightbox[2998]\"><img loading=\"lazy\" decoding=\"async\" aria-describedby=\"caption-attachment-3006\" class=\"size-thumbnail wp-image-3006\" src=\"http:\/\/www.mundi-roth.de\/teneriffa-blog\/wp-content\/uploads\/2014\/03\/P1140022-150x112.jpg\" alt=\"Durcg den Barranco\" width=\"150\" height=\"112\" srcset=\"https:\/\/www.mundi-roth.de\/teneriffa-blog\/wp-content\/uploads\/2014\/03\/P1140022-150x112.jpg 150w, https:\/\/www.mundi-roth.de\/teneriffa-blog\/wp-content\/uploads\/2014\/03\/P1140022-300x225.jpg 300w, https:\/\/www.mundi-roth.de\/teneriffa-blog\/wp-content\/uploads\/2014\/03\/P1140022.jpg 800w\" sizes=\"auto, (max-width: 150px) 100vw, 150px\" \/><\/a><p id=\"caption-attachment-3006\" class=\"wp-caption-text\">Durch den Barranco<\/p><\/div>\n<p>dickes Vulkangestein, Sand und glatten Fels , vorbei an den Str\u00e4uchern der Tabaiba dulce und gro\u00dfen Ansammlungen der Kandelaber-Wolfsmilch<\/p>\n<div id=\"attachment_3007\" style=\"width: 160px\" class=\"wp-caption alignleft\"><a href=\"http:\/\/www.mundi-roth.de\/teneriffa-blog\/wp-content\/uploads\/2014\/03\/P1140033.jpg\" rel=\"lightbox[2998]\"><img loading=\"lazy\" decoding=\"async\" aria-describedby=\"caption-attachment-3007\" class=\"size-thumbnail wp-image-3007\" src=\"http:\/\/www.mundi-roth.de\/teneriffa-blog\/wp-content\/uploads\/2014\/03\/P1140033-150x112.jpg\" alt=\"Voltaik-Anlage\" width=\"150\" height=\"112\" srcset=\"https:\/\/www.mundi-roth.de\/teneriffa-blog\/wp-content\/uploads\/2014\/03\/P1140033-150x112.jpg 150w, https:\/\/www.mundi-roth.de\/teneriffa-blog\/wp-content\/uploads\/2014\/03\/P1140033-300x225.jpg 300w, https:\/\/www.mundi-roth.de\/teneriffa-blog\/wp-content\/uploads\/2014\/03\/P1140033.jpg 800w\" sizes=\"auto, (max-width: 150px) 100vw, 150px\" \/><\/a><p id=\"caption-attachment-3007\" class=\"wp-caption-text\">Photo-Voltaik-Anlage<\/p><\/div>\n<p>aufw\u00e4rts bis zur H\u00f6he der riesigen Photovoltaik-Anlage (Energiegewinnung durch Sonnenlicht).<\/p>\n<p>Hier halten wir uns rechts, sehen die ersten Windr\u00e4der und gelangen auf einen breiten, mit Vulkangestein eingefassten Weg.<br \/>\nBei einer \u201eKreuzung\u201c nehmen wir den linken Weg. Diesem folgen wir im Bogen. Von hier oben haben wir bereits einen Blick auf das Bioklimatische Dorf. Und genau da h\u00e4tten wir<\/p>\n<div id=\"attachment_3008\" style=\"width: 160px\" class=\"wp-caption alignright\"><a href=\"http:\/\/www.mundi-roth.de\/teneriffa-blog\/wp-content\/uploads\/2014\/03\/P1140041.jpg\" rel=\"lightbox[2998]\"><img loading=\"lazy\" decoding=\"async\" aria-describedby=\"caption-attachment-3008\" class=\"size-thumbnail wp-image-3008\" src=\"http:\/\/www.mundi-roth.de\/teneriffa-blog\/wp-content\/uploads\/2014\/03\/P1140041-150x112.jpg\" alt=\"ITER\" width=\"150\" height=\"112\" srcset=\"https:\/\/www.mundi-roth.de\/teneriffa-blog\/wp-content\/uploads\/2014\/03\/P1140041-150x112.jpg 150w, https:\/\/www.mundi-roth.de\/teneriffa-blog\/wp-content\/uploads\/2014\/03\/P1140041-300x225.jpg 300w, https:\/\/www.mundi-roth.de\/teneriffa-blog\/wp-content\/uploads\/2014\/03\/P1140041.jpg 800w\" sizes=\"auto, (max-width: 150px) 100vw, 150px\" \/><\/a><p id=\"caption-attachment-3008\" class=\"wp-caption-text\">ITER<\/p><\/div>\n<p>den Abstieg nehmen sollen.<br \/>\nWir halten uns jedoch\u00a0 weiter rechts bis wir an einer Stelle glauben, wenn wir hier absteigen, k\u00f6nnen wir weit unten, jedoch oberhalb des Meeres zu unserem Ziel gelangen.<\/p>\n<div id=\"attachment_3009\" style=\"width: 160px\" class=\"wp-caption alignleft\"><a href=\"http:\/\/www.mundi-roth.de\/teneriffa-blog\/wp-content\/uploads\/2014\/03\/P1140050.jpg\" rel=\"lightbox[2998]\"><img loading=\"lazy\" decoding=\"async\" aria-describedby=\"caption-attachment-3009\" class=\"size-thumbnail wp-image-3009\" src=\"http:\/\/www.mundi-roth.de\/teneriffa-blog\/wp-content\/uploads\/2014\/03\/P1140050-150x112.jpg\" alt=\"Die Bucht\" width=\"150\" height=\"112\" srcset=\"https:\/\/www.mundi-roth.de\/teneriffa-blog\/wp-content\/uploads\/2014\/03\/P1140050-150x112.jpg 150w, https:\/\/www.mundi-roth.de\/teneriffa-blog\/wp-content\/uploads\/2014\/03\/P1140050-300x225.jpg 300w, https:\/\/www.mundi-roth.de\/teneriffa-blog\/wp-content\/uploads\/2014\/03\/P1140050.jpg 800w\" sizes=\"auto, (max-width: 150px) 100vw, 150px\" \/><\/a><p id=\"caption-attachment-3009\" class=\"wp-caption-text\">Die Bucht<\/p><\/div>\n<p>Au\u00dfer dass es eine wundersch\u00f6ne Schlucht und eine ebenso wundersch\u00f6ne einsame Badebucht mit Sandstrand war, m\u00fcssen wir feststellen: Da geht nichts. Also:\u00a0 Alles wieder retour.<br \/>\nNeuer Anlauf:<br \/>\nEin gro\u00dfes St\u00fcck retour bis wir wieder auf die vielen Windr\u00e4der des gro\u00dfen Windparks blicken.<\/p>\n<div id=\"attachment_3010\" style=\"width: 160px\" class=\"wp-caption alignright\"><a href=\"http:\/\/www.mundi-roth.de\/teneriffa-blog\/wp-content\/uploads\/2014\/03\/P1140055.jpg\" rel=\"lightbox[2998]\"><img loading=\"lazy\" decoding=\"async\" aria-describedby=\"caption-attachment-3010\" class=\"size-thumbnail wp-image-3010\" src=\"http:\/\/www.mundi-roth.de\/teneriffa-blog\/wp-content\/uploads\/2014\/03\/P1140055-150x112.jpg\" alt=\"Das Ziel vor Augen\" width=\"150\" height=\"112\" srcset=\"https:\/\/www.mundi-roth.de\/teneriffa-blog\/wp-content\/uploads\/2014\/03\/P1140055-150x112.jpg 150w, https:\/\/www.mundi-roth.de\/teneriffa-blog\/wp-content\/uploads\/2014\/03\/P1140055-300x225.jpg 300w, https:\/\/www.mundi-roth.de\/teneriffa-blog\/wp-content\/uploads\/2014\/03\/P1140055.jpg 800w\" sizes=\"auto, (max-width: 150px) 100vw, 150px\" \/><\/a><p id=\"caption-attachment-3010\" class=\"wp-caption-text\">Das Ziel vor Augen<\/p><\/div>\n<p>In H\u00f6he des dritten Windrades, vom Meer aus gesehen, nehmen wir den linken, abw\u00e4rts f\u00fchrenden Pfad. Hier kann man auf dem dunklen Gestein n\u00e4mlich diverse Pfade abw\u00e4rts ausmachen.<\/p>\n<div id=\"attachment_3011\" style=\"width: 160px\" class=\"wp-caption alignleft\"><a href=\"http:\/\/www.mundi-roth.de\/teneriffa-blog\/wp-content\/uploads\/2014\/03\/P1140059.jpg\" rel=\"lightbox[2998]\"><img loading=\"lazy\" decoding=\"async\" aria-describedby=\"caption-attachment-3011\" class=\"size-thumbnail wp-image-3011\" src=\"http:\/\/www.mundi-roth.de\/teneriffa-blog\/wp-content\/uploads\/2014\/03\/P1140059-150x112.jpg\" alt=\"Noch eine ensame Bucht\" width=\"150\" height=\"112\" srcset=\"https:\/\/www.mundi-roth.de\/teneriffa-blog\/wp-content\/uploads\/2014\/03\/P1140059-150x112.jpg 150w, https:\/\/www.mundi-roth.de\/teneriffa-blog\/wp-content\/uploads\/2014\/03\/P1140059-300x225.jpg 300w, https:\/\/www.mundi-roth.de\/teneriffa-blog\/wp-content\/uploads\/2014\/03\/P1140059.jpg 800w\" sizes=\"auto, (max-width: 150px) 100vw, 150px\" \/><\/a><p id=\"caption-attachment-3011\" class=\"wp-caption-text\">Noch eine ensame Bucht<\/p><\/div>\n<p>Unsere Wahl war richtig und wir gelangen wieder an eine einsame Bucht.<br \/>\nWir steigen auf, ab, noch eine Bucht, diesmal kein Sand daf\u00fcr viele, viele Steine, unterhalb des \u201e\u00d6kodorfes\u201c, steigen wir wieder auf, \u00fcberqueren eine kleine Abgrenzungsmauer und studieren die Infotafel<\/p>\n<div id=\"attachment_3012\" style=\"width: 160px\" class=\"wp-caption alignright\"><a href=\"http:\/\/www.mundi-roth.de\/teneriffa-blog\/wp-content\/uploads\/2014\/03\/P1140062.jpg\" rel=\"lightbox[2998]\"><img loading=\"lazy\" decoding=\"async\" aria-describedby=\"caption-attachment-3012\" class=\"size-thumbnail wp-image-3012\" src=\"http:\/\/www.mundi-roth.de\/teneriffa-blog\/wp-content\/uploads\/2014\/03\/P1140062-150x112.jpg\" alt=\"Informationen\" width=\"150\" height=\"112\" srcset=\"https:\/\/www.mundi-roth.de\/teneriffa-blog\/wp-content\/uploads\/2014\/03\/P1140062-150x112.jpg 150w, https:\/\/www.mundi-roth.de\/teneriffa-blog\/wp-content\/uploads\/2014\/03\/P1140062-300x225.jpg 300w, https:\/\/www.mundi-roth.de\/teneriffa-blog\/wp-content\/uploads\/2014\/03\/P1140062.jpg 800w\" sizes=\"auto, (max-width: 150px) 100vw, 150px\" \/><\/a><p id=\"caption-attachment-3012\" class=\"wp-caption-text\">Informationen<\/p><\/div>\n<p>und gelangen auf das Gel\u00e4nde des Bioklimatischen Dorfes.<br \/>\nWir bestaunen die unterschiedlich gestalteten H\u00e4uschen und wundern uns, dass ganz offensichtlich alle bewohnt sind.<\/p>\n<div id=\"attachment_3013\" style=\"width: 160px\" class=\"wp-caption alignleft\"><a href=\"http:\/\/www.mundi-roth.de\/teneriffa-blog\/wp-content\/uploads\/2014\/03\/P1140080.jpg\" rel=\"lightbox[2998]\"><img loading=\"lazy\" decoding=\"async\" aria-describedby=\"caption-attachment-3013\" class=\"size-thumbnail wp-image-3013\" src=\"http:\/\/www.mundi-roth.de\/teneriffa-blog\/wp-content\/uploads\/2014\/03\/P1140080-150x112.jpg\" alt=\"Am Ziel\" width=\"150\" height=\"112\" srcset=\"https:\/\/www.mundi-roth.de\/teneriffa-blog\/wp-content\/uploads\/2014\/03\/P1140080-150x112.jpg 150w, https:\/\/www.mundi-roth.de\/teneriffa-blog\/wp-content\/uploads\/2014\/03\/P1140080-300x225.jpg 300w, https:\/\/www.mundi-roth.de\/teneriffa-blog\/wp-content\/uploads\/2014\/03\/P1140080.jpg 800w\" sizes=\"auto, (max-width: 150px) 100vw, 150px\" \/><\/a><p id=\"caption-attachment-3013\" class=\"wp-caption-text\">Am Ziel<\/p><\/div>\n<p>Wir fragen uns zur Reception durch und haben Gl\u00fcck: Bis 14 Uhr ist sie noch ge\u00f6ffnet.<br \/>\nNach einer kurzen Wartezeit \u00f6ffnet unseine\u00a0 ganz reizende junge Frau, Natalia, und f\u00fchrt\u00a0\u00a0uns in dem Besucherzentrum zu einer<\/p>\n<div id=\"attachment_3014\" style=\"width: 122px\" class=\"wp-caption alignright\"><a href=\"http:\/\/www.mundi-roth.de\/teneriffa-blog\/wp-content\/uploads\/2014\/03\/P1140082.jpg\" rel=\"lightbox[2998]\"><img loading=\"lazy\" decoding=\"async\" aria-describedby=\"caption-attachment-3014\" class=\"size-thumbnail wp-image-3014\" src=\"http:\/\/www.mundi-roth.de\/teneriffa-blog\/wp-content\/uploads\/2014\/03\/P1140082-112x150.jpg\" alt=\"Liebenswerte F\u00fchrerin\" width=\"112\" height=\"150\" srcset=\"https:\/\/www.mundi-roth.de\/teneriffa-blog\/wp-content\/uploads\/2014\/03\/P1140082-112x150.jpg 112w, https:\/\/www.mundi-roth.de\/teneriffa-blog\/wp-content\/uploads\/2014\/03\/P1140082-225x300.jpg 225w, https:\/\/www.mundi-roth.de\/teneriffa-blog\/wp-content\/uploads\/2014\/03\/P1140082.jpg 600w\" sizes=\"auto, (max-width: 112px) 100vw, 112px\" \/><\/a><p id=\"caption-attachment-3014\" class=\"wp-caption-text\">Liebenswerte F\u00fchrerin<\/p><\/div>\n<p>Modellanlage des Dorfes.<\/p>\n<p>Sie erl\u00e4utert uns, was wir uns zum Teil schon angelesen hatten:<br \/>\nDas \u201eInstituto Tecnol\u00f3gico y de Energias Renovables\u201c kurz \u201eITER\u201c genannt, wurde vor 20 Jahren von der Inselregierung gegr\u00fcndet.<\/p>\n<div id=\"attachment_3015\" style=\"width: 160px\" class=\"wp-caption alignleft\"><a href=\"http:\/\/www.mundi-roth.de\/teneriffa-blog\/wp-content\/uploads\/2014\/03\/P1140081.jpg\" rel=\"lightbox[2998]\"><img loading=\"lazy\" decoding=\"async\" aria-describedby=\"caption-attachment-3015\" class=\"size-thumbnail wp-image-3015\" src=\"http:\/\/www.mundi-roth.de\/teneriffa-blog\/wp-content\/uploads\/2014\/03\/P1140081-150x112.jpg\" alt=\"Das Modell\" width=\"150\" height=\"112\" srcset=\"https:\/\/www.mundi-roth.de\/teneriffa-blog\/wp-content\/uploads\/2014\/03\/P1140081-150x112.jpg 150w, https:\/\/www.mundi-roth.de\/teneriffa-blog\/wp-content\/uploads\/2014\/03\/P1140081-300x225.jpg 300w, https:\/\/www.mundi-roth.de\/teneriffa-blog\/wp-content\/uploads\/2014\/03\/P1140081.jpg 800w\" sizes=\"auto, (max-width: 150px) 100vw, 150px\" \/><\/a><p id=\"caption-attachment-3015\" class=\"wp-caption-text\">Das Modell<\/p><\/div>\n<p>1995 rief das Cabildo einen Wettbewerb f\u00fcr \u00f6kologische Einfamilienh\u00e4user aus, an dem ca. 400 Architekten aus 38 L\u00e4ndern teilnahmen.<br \/>\nDie Bedingungen waren:<br \/>\nEs sollte die Energieneutralit\u00e4t der Geb\u00e4ude gew\u00e4hrleistet sein. (Ton und Stein sollten tags\u00fcber die W\u00e4rme aufnehmen um sie nachts kontinuierliche wieder abzugeben).<br \/>\nDie Bauweise sollte Klimaanlagen durch die Gestaltung der T\u00fcren und Fenster \u00fcberfl\u00fcssig machen.<br \/>\nEine angenehme Luftfeuchtigkeit sollten sie aufweisen.<br \/>\nNatalia erkl\u00e4rt uns, dass in jedem Haus Thermometer installiert sind, die st\u00e4ndig kontrolliert werden, ob die Temperatur gehalten wird. Es handelt sich quasi um Labors im praktischen Leben.<br \/>\n125 Quadratmeter Wohnfl\u00e4che sollten die H\u00e4user haben und Meerblick und sich \u00e4sthetisch in die Landschaft einf\u00fcgen.<br \/>\nAu\u00dferdem sollten m\u00f6glichst regionale, \u00f6kologische und recycelte Werkstoffe verwendet werden.<br \/>\nPhotovoltaik-Anlagen produzieren den Strom.<br \/>\nIm M\u00e4rz 2010 wurde auf dem Gel\u00e4nde des ITER das erste komplett CO 2 emissionsfreie Dorf der Welt er\u00f6ffnet.<br \/>\n24 Entw\u00fcrfe wurden in die Tat umgesetzt.<br \/>\n4 H\u00e4user wurden pr\u00e4miert:<br \/>\nBerechtigt stolz verk\u00fcndet uns Natalia, dass der Sieger des Wettbewerbs ein spanischer Architekt war.<br \/>\nDas pr\u00e4mierte Haus nennt sich \u201eLa Geria\u201c.<br \/>\nAlles \u00e4u\u00dferst ansprechend.<\/p>\n<p><a href=\"https:\/\/plus.google.com\/photos\/100524631176750962101\/albums\/5992827252141356129\/5992827255559370994?banner=pwa&amp;pid=5992827255559370994&amp;oid=100524631176750962101\">Einige H\u00e4user des Bioklimatischen Dorfes<\/a><\/p>\n<p>Wer sich die H\u00e4user von innen ansehen will, der kann \u201e<a href=\"http:\/\/casas.iter.es\/\">casas.iter.es<\/a>\u201c aufrufen.<br \/>\nZu den Preisen \u00e4u\u00dfert sich Natalia:<br \/>\nDie H\u00e4user sind f\u00fcr 6 Personen konzipiert. Dann kosten sie 30.&#8211; Euro pro Tag und Person.<br \/>\nWerden sie jedoch nur von zwei Personen belegt, dann erh\u00f6ht sich der Preis auf 50.&#8211; Euro pro Tag und Person.<br \/>\nWas Elisabeth und mich jedoch davon abhalten w\u00fcrde, hier einen Urlaub zu verbringen:<br \/>\nDas Surren, Summen und Brummen der Windr\u00e4der und das \u00dcberfliegen durch die Flugzeuge. Schade!<br \/>\nNach dieser Aufkl\u00e4rung gehen wir auf mehr oder weniger demselben Weg zur\u00fcck, wie wir gekommen sind.<br \/>\nBl\u00fchendes suchen wir um diese Jahreszeit hier vergeblich.<br \/>\nJedoch eine F\u00fclle von Leuchterblumen sehen wir, wie man sie sonst selten antrifft<\/p>\n<div id=\"attachment_3017\" style=\"width: 160px\" class=\"wp-caption alignright\"><a href=\"http:\/\/www.mundi-roth.de\/teneriffa-blog\/wp-content\/uploads\/2014\/03\/P1140044.jpg\" rel=\"lightbox[2998]\"><img loading=\"lazy\" decoding=\"async\" aria-describedby=\"caption-attachment-3017\" class=\"size-thumbnail wp-image-3017\" src=\"http:\/\/www.mundi-roth.de\/teneriffa-blog\/wp-content\/uploads\/2014\/03\/P1140044-150x112.jpg\" alt=\"Leuchterblumen\" width=\"150\" height=\"112\" srcset=\"https:\/\/www.mundi-roth.de\/teneriffa-blog\/wp-content\/uploads\/2014\/03\/P1140044-150x112.jpg 150w, https:\/\/www.mundi-roth.de\/teneriffa-blog\/wp-content\/uploads\/2014\/03\/P1140044-300x225.jpg 300w, https:\/\/www.mundi-roth.de\/teneriffa-blog\/wp-content\/uploads\/2014\/03\/P1140044.jpg 800w\" sizes=\"auto, (max-width: 150px) 100vw, 150px\" \/><\/a><p id=\"caption-attachment-3017\" class=\"wp-caption-text\">Leuchterblumen<\/p><\/div>\n<p>Wir wollen eigentlich k\u00fcstennah, hoch oben von der Monta\u00f1a Pelade absteigen \u2013 mit Blick auf El M\u00e9dano bis zur Monta\u00f1a Roja. Daf\u00fcr nehmen wir nochmals einen Schwenk in Kauf,<\/p>\n<div id=\"attachment_3018\" style=\"width: 160px\" class=\"wp-caption alignleft\"><a href=\"http:\/\/www.mundi-roth.de\/teneriffa-blog\/wp-content\/uploads\/2014\/03\/P1140095.jpg\" rel=\"lightbox[2998]\"><img loading=\"lazy\" decoding=\"async\" aria-describedby=\"caption-attachment-3018\" class=\"size-thumbnail wp-image-3018\" src=\"http:\/\/www.mundi-roth.de\/teneriffa-blog\/wp-content\/uploads\/2014\/03\/P1140095-150x112.jpg\" alt=\"Die St\u00f6cke &quot;wehen&quot; davon\" width=\"150\" height=\"112\" srcset=\"https:\/\/www.mundi-roth.de\/teneriffa-blog\/wp-content\/uploads\/2014\/03\/P1140095-150x112.jpg 150w, https:\/\/www.mundi-roth.de\/teneriffa-blog\/wp-content\/uploads\/2014\/03\/P1140095-300x225.jpg 300w, https:\/\/www.mundi-roth.de\/teneriffa-blog\/wp-content\/uploads\/2014\/03\/P1140095.jpg 800w\" sizes=\"auto, (max-width: 150px) 100vw, 150px\" \/><\/a><p id=\"caption-attachment-3018\" class=\"wp-caption-text\">Die St\u00f6cke &#8222;wehen&#8220; davon<\/p><\/div>\n<p>jedoch der Sturm ist wirklich heftig und somit erscheint uns diese Strecke zu gef\u00e4hrlich.<br \/>\nAlso wieder auf diesem autobahn\u00e4hnlichen Weg, am Gipfel-Steinm\u00e4nnchen vorbei Richtung Photovoltaik-Anlage und wieder durch den Barranco abw\u00e4rts. Hier sind wir wenigstens etwas windgesch\u00fctzt.<\/p>\n<div id=\"attachment_3019\" style=\"width: 160px\" class=\"wp-caption alignright\"><a href=\"http:\/\/www.mundi-roth.de\/teneriffa-blog\/wp-content\/uploads\/2014\/03\/P1140096.jpg\" rel=\"lightbox[2998]\"><img loading=\"lazy\" decoding=\"async\" aria-describedby=\"caption-attachment-3019\" class=\"size-thumbnail wp-image-3019\" src=\"http:\/\/www.mundi-roth.de\/teneriffa-blog\/wp-content\/uploads\/2014\/03\/P1140096-150x112.jpg\" alt=\"Fast am Ausgangspunkt\" width=\"150\" height=\"112\" srcset=\"https:\/\/www.mundi-roth.de\/teneriffa-blog\/wp-content\/uploads\/2014\/03\/P1140096-150x112.jpg 150w, https:\/\/www.mundi-roth.de\/teneriffa-blog\/wp-content\/uploads\/2014\/03\/P1140096-300x225.jpg 300w, https:\/\/www.mundi-roth.de\/teneriffa-blog\/wp-content\/uploads\/2014\/03\/P1140096.jpg 800w\" sizes=\"auto, (max-width: 150px) 100vw, 150px\" \/><\/a><p id=\"caption-attachment-3019\" class=\"wp-caption-text\">Fast am Ausgangspunkt<\/p><\/div>\n<p>&nbsp;<\/p>\n<p><strong>Fazit:<\/strong><br \/>\nSo wie wir die Tour gegangen sind, ist es alles andere als empfehlenswert, sie nachzuwandern.<br \/>\nLaut Aussage von Natalia kann man wohl bei absoluter Ebbe vom Bioklimatischen-Dorf bis nach El M\u00e9dano am Meer\u00a0entlang gehen \u2013 nat\u00fcrlich auch in umgekehrter Richtung .<br \/>\nDas reizt uns denn dann doch noch!<br \/>\nIrgenwann werden wir es wohl noch mal ausprobieren.<br \/>\nAber sicher eine sch\u00f6ne, kleine Tour ist es,\u00a0 die \u201eCaldera\u201c der Monta\u00f1a Pelada auf dem autobahn\u00e4hnlich ausgebauten Weg zu umrunden .<\/p>\n<p><strong>Restaurant:<\/strong><br \/>\nWenn wir schon in El M\u00e9dano sind, wo gehen wir dann zum Essen?<br \/>\nSelbstverst\u00e4ndlich ins Caf\u00e9 M an der Promenade!<\/p>\n<p><strong>Besonderheit:<\/strong><br \/>\nWer einmal eine gef\u00fchrte Tour durch das Bioklimatische Dorf machen will, dem empfehlen wir, sich mit Natalia in Verbindung zu setzen.<br \/>\nSie macht die F\u00fchrungen in spanisch und englisch.<br \/>\nTelefon: 922 74 77 36<br \/>\noder nrvalls@iter.es<\/p>\n<p><strong>Anfahrt:<\/strong><br \/>\nMan erreicht das Naturdenkmal Monta\u00f1a Pelada \u00fcber die TF-1, die man an der Ausfahrt San Isidro verl\u00e4sst. Weiter geht es dann auf der TF-64 Richtung M\u00e9dano. In M\u00e9dano wird die TF-64 zur Avenida Jos\u00e9 Miguel Galv\u00e1n Bello, die am Kai endet. Wenn man diesen Punkt erreicht hat, biegt man nach links ab und f\u00e4hrt auf der Avenida Juan Carlos I. Richtung La Jaquita \/ El Cabezo. Am Ende der Stra\u00dfe parkt man den Wagen und begibt sich zu Fu\u00df\u00a0 entweder \u00fcber den Barranco von La Barca oder von der Bucht \u201eEnsenada de la Pelada\u201c aus in das Naturschutzgebiet.<\/p>\n<p>&nbsp;<\/p>\n","protected":false},"excerpt":{"rendered":"<p>\u201e\u00d6ko-Tripp\u201c &#8211; Photovoltaik-Anlage \u2013 Windr\u00e4derpark \u2013 Bioklimatisches Dorf Die letzten zwei Wanderungen stapften wir durch die Passatwolken und sahen neidisch zur sonnigen K\u00fcste, heute wollten wir in der Sonne wandern. Was lag n\u00e4her als eine seit Dezember 2007 nicht mehr gegangene Wanderung zu machen und sie bis zu den \u201e\u00d6ko-H\u00e4usern\u201c auszudehnen, vor deren Eingang wir [&hellip;]<\/p>\n","protected":false},"author":4,"featured_media":4233,"comment_status":"open","ping_status":"open","sticky":false,"template":"","format":"standard","meta":{"footnotes":""},"categories":[773,6],"tags":[710,697,713,714,543,711,439,446,712],"class_list":["post-2998","post","type-post","status-publish","format-standard","has-post-thumbnail","hentry","category-granadilla","category-wanderungen","tag-bioklimatisches-dorf","tag-el-medano","tag-grundwasser-vulkanausbruch","tag-iter","tag-montana-pelada","tag-photovoltaik-anlage","tag-teneriffa-wandern","tag-wandern-teneriffa","tag-windraederpark"],"yoast_head":"<!-- This site is optimized with the Yoast SEO plugin v27.5 - https:\/\/yoast.com\/product\/yoast-seo-wordpress\/ -->\n<title>El M\u00e9dano \u2013 Monta\u00f1a Pelada \u2013 Bioklimatisches Dorf - Teneriffa Wandern<\/title>\n<meta name=\"description\" content=\"\u201e\u00d6ko-Tripp\u201c - Photovoltaik-Anlage \u2013 Windr\u00e4derpark \u2013 Bioklimatisches Dorf. Von El M\u00e9dano \u00fcber die Monta\u00f1a Pelada zur ITER-Anlage\" \/>\n<meta name=\"robots\" content=\"index, follow, max-snippet:-1, max-image-preview:large, max-video-preview:-1\" \/>\n<link rel=\"canonical\" href=\"https:\/\/www.mundi-roth.de\/teneriffa-blog\/wanderungen\/el-medano-montana-pelada-bioklimatisches-dorf-el-medano\/\" \/>\n<meta name=\"twitter:label1\" content=\"Verfasst von\" \/>\n\t<meta name=\"twitter:data1\" content=\"mundi\" \/>\n\t<meta name=\"twitter:label2\" content=\"Gesch\u00e4tzte Lesezeit\" \/>\n\t<meta name=\"twitter:data2\" content=\"7\u00a0Minuten\" \/>\n<script type=\"application\/ld+json\" class=\"yoast-schema-graph\">{\"@context\":\"https:\\\/\\\/schema.org\",\"@graph\":[{\"@type\":\"Article\",\"@id\":\"https:\\\/\\\/www.mundi-roth.de\\\/teneriffa-blog\\\/wanderungen\\\/el-medano-montana-pelada-bioklimatisches-dorf-el-medano\\\/#article\",\"isPartOf\":{\"@id\":\"https:\\\/\\\/www.mundi-roth.de\\\/teneriffa-blog\\\/wanderungen\\\/el-medano-montana-pelada-bioklimatisches-dorf-el-medano\\\/\"},\"author\":{\"name\":\"mundi\",\"@id\":\"https:\\\/\\\/www.mundi-roth.de\\\/teneriffa-blog\\\/#\\\/schema\\\/person\\\/971c66b55f3ae5e8741553688c413cac\"},\"headline\":\"El M\u00e9dano \u2013 Monta\u00f1a Pelada \u2013 Bioklimatisches Dorf\",\"datePublished\":\"2014-03-18T21:00:42+00:00\",\"dateModified\":\"2015-07-13T13:14:40+00:00\",\"mainEntityOfPage\":{\"@id\":\"https:\\\/\\\/www.mundi-roth.de\\\/teneriffa-blog\\\/wanderungen\\\/el-medano-montana-pelada-bioklimatisches-dorf-el-medano\\\/\"},\"wordCount\":1494,\"commentCount\":2,\"image\":{\"@id\":\"https:\\\/\\\/www.mundi-roth.de\\\/teneriffa-blog\\\/wanderungen\\\/el-medano-montana-pelada-bioklimatisches-dorf-el-medano\\\/#primaryimage\"},\"thumbnailUrl\":\"https:\\\/\\\/www.mundi-roth.de\\\/teneriffa-blog\\\/wp-content\\\/uploads\\\/2014\\\/03\\\/P1140070.jpg\",\"keywords\":[\"Bioklimatisches Dorf\",\"El M\u00e9dano\",\"Grundwasser-Vulkanausbruch\",\"ITER\",\"Monta\u00f1a Pelada\",\"Photovoltaik-Anlage\",\"Teneriffa Wandern\",\"Wandern Teneriffa\",\"Windr\u00e4derpark\"],\"articleSection\":[\"Granadilla\",\"Wanderungen\"],\"inLanguage\":\"de\",\"potentialAction\":[{\"@type\":\"CommentAction\",\"name\":\"Comment\",\"target\":[\"https:\\\/\\\/www.mundi-roth.de\\\/teneriffa-blog\\\/wanderungen\\\/el-medano-montana-pelada-bioklimatisches-dorf-el-medano\\\/#respond\"]}]},{\"@type\":\"WebPage\",\"@id\":\"https:\\\/\\\/www.mundi-roth.de\\\/teneriffa-blog\\\/wanderungen\\\/el-medano-montana-pelada-bioklimatisches-dorf-el-medano\\\/\",\"url\":\"https:\\\/\\\/www.mundi-roth.de\\\/teneriffa-blog\\\/wanderungen\\\/el-medano-montana-pelada-bioklimatisches-dorf-el-medano\\\/\",\"name\":\"El M\u00e9dano \u2013 Monta\u00f1a Pelada \u2013 Bioklimatisches Dorf - Teneriffa Wandern\",\"isPartOf\":{\"@id\":\"https:\\\/\\\/www.mundi-roth.de\\\/teneriffa-blog\\\/#website\"},\"primaryImageOfPage\":{\"@id\":\"https:\\\/\\\/www.mundi-roth.de\\\/teneriffa-blog\\\/wanderungen\\\/el-medano-montana-pelada-bioklimatisches-dorf-el-medano\\\/#primaryimage\"},\"image\":{\"@id\":\"https:\\\/\\\/www.mundi-roth.de\\\/teneriffa-blog\\\/wanderungen\\\/el-medano-montana-pelada-bioklimatisches-dorf-el-medano\\\/#primaryimage\"},\"thumbnailUrl\":\"https:\\\/\\\/www.mundi-roth.de\\\/teneriffa-blog\\\/wp-content\\\/uploads\\\/2014\\\/03\\\/P1140070.jpg\",\"datePublished\":\"2014-03-18T21:00:42+00:00\",\"dateModified\":\"2015-07-13T13:14:40+00:00\",\"author\":{\"@id\":\"https:\\\/\\\/www.mundi-roth.de\\\/teneriffa-blog\\\/#\\\/schema\\\/person\\\/971c66b55f3ae5e8741553688c413cac\"},\"description\":\"\u201e\u00d6ko-Tripp\u201c - Photovoltaik-Anlage \u2013 Windr\u00e4derpark \u2013 Bioklimatisches Dorf. Von El M\u00e9dano \u00fcber die Monta\u00f1a Pelada zur ITER-Anlage\",\"breadcrumb\":{\"@id\":\"https:\\\/\\\/www.mundi-roth.de\\\/teneriffa-blog\\\/wanderungen\\\/el-medano-montana-pelada-bioklimatisches-dorf-el-medano\\\/#breadcrumb\"},\"inLanguage\":\"de\",\"potentialAction\":[{\"@type\":\"ReadAction\",\"target\":[\"https:\\\/\\\/www.mundi-roth.de\\\/teneriffa-blog\\\/wanderungen\\\/el-medano-montana-pelada-bioklimatisches-dorf-el-medano\\\/\"]}]},{\"@type\":\"ImageObject\",\"inLanguage\":\"de\",\"@id\":\"https:\\\/\\\/www.mundi-roth.de\\\/teneriffa-blog\\\/wanderungen\\\/el-medano-montana-pelada-bioklimatisches-dorf-el-medano\\\/#primaryimage\",\"url\":\"https:\\\/\\\/www.mundi-roth.de\\\/teneriffa-blog\\\/wp-content\\\/uploads\\\/2014\\\/03\\\/P1140070.jpg\",\"contentUrl\":\"https:\\\/\\\/www.mundi-roth.de\\\/teneriffa-blog\\\/wp-content\\\/uploads\\\/2014\\\/03\\\/P1140070.jpg\",\"width\":800,\"height\":600},{\"@type\":\"BreadcrumbList\",\"@id\":\"https:\\\/\\\/www.mundi-roth.de\\\/teneriffa-blog\\\/wanderungen\\\/el-medano-montana-pelada-bioklimatisches-dorf-el-medano\\\/#breadcrumb\",\"itemListElement\":[{\"@type\":\"ListItem\",\"position\":1,\"name\":\"Startseite\",\"item\":\"https:\\\/\\\/www.mundi-roth.de\\\/teneriffa-blog\\\/\"},{\"@type\":\"ListItem\",\"position\":2,\"name\":\"El M\u00e9dano \u2013 Monta\u00f1a Pelada \u2013 Bioklimatisches Dorf\"}]},{\"@type\":\"WebSite\",\"@id\":\"https:\\\/\\\/www.mundi-roth.de\\\/teneriffa-blog\\\/#website\",\"url\":\"https:\\\/\\\/www.mundi-roth.de\\\/teneriffa-blog\\\/\",\"name\":\"Teneriffa Wandern\",\"description\":\"Nicht nur Wanderungen auf Teneriffa...\",\"potentialAction\":[{\"@type\":\"SearchAction\",\"target\":{\"@type\":\"EntryPoint\",\"urlTemplate\":\"https:\\\/\\\/www.mundi-roth.de\\\/teneriffa-blog\\\/?s={search_term_string}\"},\"query-input\":{\"@type\":\"PropertyValueSpecification\",\"valueRequired\":true,\"valueName\":\"search_term_string\"}}],\"inLanguage\":\"de\"},{\"@type\":\"Person\",\"@id\":\"https:\\\/\\\/www.mundi-roth.de\\\/teneriffa-blog\\\/#\\\/schema\\\/person\\\/971c66b55f3ae5e8741553688c413cac\",\"name\":\"mundi\",\"image\":{\"@type\":\"ImageObject\",\"inLanguage\":\"de\",\"@id\":\"https:\\\/\\\/secure.gravatar.com\\\/avatar\\\/555f0dd85428f1a9330f8e5dbe9e40ff9ca912bb81e5a89747ebf3ca9c20dc0f?s=96&d=mm&r=g\",\"url\":\"https:\\\/\\\/secure.gravatar.com\\\/avatar\\\/555f0dd85428f1a9330f8e5dbe9e40ff9ca912bb81e5a89747ebf3ca9c20dc0f?s=96&d=mm&r=g\",\"contentUrl\":\"https:\\\/\\\/secure.gravatar.com\\\/avatar\\\/555f0dd85428f1a9330f8e5dbe9e40ff9ca912bb81e5a89747ebf3ca9c20dc0f?s=96&d=mm&r=g\",\"caption\":\"mundi\"},\"sameAs\":[\"http:\\\/\\\/mundi-roth.de\"],\"url\":\"https:\\\/\\\/www.mundi-roth.de\\\/teneriffa-blog\\\/author\\\/mundi\\\/\"}]}<\/script>\n<!-- \/ Yoast SEO plugin. -->","yoast_head_json":{"title":"El M\u00e9dano \u2013 Monta\u00f1a Pelada \u2013 Bioklimatisches Dorf - Teneriffa Wandern","description":"\u201e\u00d6ko-Tripp\u201c - Photovoltaik-Anlage \u2013 Windr\u00e4derpark \u2013 Bioklimatisches Dorf. Von El M\u00e9dano \u00fcber die Monta\u00f1a Pelada zur ITER-Anlage","robots":{"index":"index","follow":"follow","max-snippet":"max-snippet:-1","max-image-preview":"max-image-preview:large","max-video-preview":"max-video-preview:-1"},"canonical":"https:\/\/www.mundi-roth.de\/teneriffa-blog\/wanderungen\/el-medano-montana-pelada-bioklimatisches-dorf-el-medano\/","twitter_misc":{"Verfasst von":"mundi","Gesch\u00e4tzte Lesezeit":"7\u00a0Minuten"},"schema":{"@context":"https:\/\/schema.org","@graph":[{"@type":"Article","@id":"https:\/\/www.mundi-roth.de\/teneriffa-blog\/wanderungen\/el-medano-montana-pelada-bioklimatisches-dorf-el-medano\/#article","isPartOf":{"@id":"https:\/\/www.mundi-roth.de\/teneriffa-blog\/wanderungen\/el-medano-montana-pelada-bioklimatisches-dorf-el-medano\/"},"author":{"name":"mundi","@id":"https:\/\/www.mundi-roth.de\/teneriffa-blog\/#\/schema\/person\/971c66b55f3ae5e8741553688c413cac"},"headline":"El M\u00e9dano \u2013 Monta\u00f1a Pelada \u2013 Bioklimatisches Dorf","datePublished":"2014-03-18T21:00:42+00:00","dateModified":"2015-07-13T13:14:40+00:00","mainEntityOfPage":{"@id":"https:\/\/www.mundi-roth.de\/teneriffa-blog\/wanderungen\/el-medano-montana-pelada-bioklimatisches-dorf-el-medano\/"},"wordCount":1494,"commentCount":2,"image":{"@id":"https:\/\/www.mundi-roth.de\/teneriffa-blog\/wanderungen\/el-medano-montana-pelada-bioklimatisches-dorf-el-medano\/#primaryimage"},"thumbnailUrl":"https:\/\/www.mundi-roth.de\/teneriffa-blog\/wp-content\/uploads\/2014\/03\/P1140070.jpg","keywords":["Bioklimatisches Dorf","El M\u00e9dano","Grundwasser-Vulkanausbruch","ITER","Monta\u00f1a Pelada","Photovoltaik-Anlage","Teneriffa Wandern","Wandern Teneriffa","Windr\u00e4derpark"],"articleSection":["Granadilla","Wanderungen"],"inLanguage":"de","potentialAction":[{"@type":"CommentAction","name":"Comment","target":["https:\/\/www.mundi-roth.de\/teneriffa-blog\/wanderungen\/el-medano-montana-pelada-bioklimatisches-dorf-el-medano\/#respond"]}]},{"@type":"WebPage","@id":"https:\/\/www.mundi-roth.de\/teneriffa-blog\/wanderungen\/el-medano-montana-pelada-bioklimatisches-dorf-el-medano\/","url":"https:\/\/www.mundi-roth.de\/teneriffa-blog\/wanderungen\/el-medano-montana-pelada-bioklimatisches-dorf-el-medano\/","name":"El M\u00e9dano \u2013 Monta\u00f1a Pelada \u2013 Bioklimatisches Dorf - Teneriffa Wandern","isPartOf":{"@id":"https:\/\/www.mundi-roth.de\/teneriffa-blog\/#website"},"primaryImageOfPage":{"@id":"https:\/\/www.mundi-roth.de\/teneriffa-blog\/wanderungen\/el-medano-montana-pelada-bioklimatisches-dorf-el-medano\/#primaryimage"},"image":{"@id":"https:\/\/www.mundi-roth.de\/teneriffa-blog\/wanderungen\/el-medano-montana-pelada-bioklimatisches-dorf-el-medano\/#primaryimage"},"thumbnailUrl":"https:\/\/www.mundi-roth.de\/teneriffa-blog\/wp-content\/uploads\/2014\/03\/P1140070.jpg","datePublished":"2014-03-18T21:00:42+00:00","dateModified":"2015-07-13T13:14:40+00:00","author":{"@id":"https:\/\/www.mundi-roth.de\/teneriffa-blog\/#\/schema\/person\/971c66b55f3ae5e8741553688c413cac"},"description":"\u201e\u00d6ko-Tripp\u201c - Photovoltaik-Anlage \u2013 Windr\u00e4derpark \u2013 Bioklimatisches Dorf. Von El M\u00e9dano \u00fcber die Monta\u00f1a Pelada zur ITER-Anlage","breadcrumb":{"@id":"https:\/\/www.mundi-roth.de\/teneriffa-blog\/wanderungen\/el-medano-montana-pelada-bioklimatisches-dorf-el-medano\/#breadcrumb"},"inLanguage":"de","potentialAction":[{"@type":"ReadAction","target":["https:\/\/www.mundi-roth.de\/teneriffa-blog\/wanderungen\/el-medano-montana-pelada-bioklimatisches-dorf-el-medano\/"]}]},{"@type":"ImageObject","inLanguage":"de","@id":"https:\/\/www.mundi-roth.de\/teneriffa-blog\/wanderungen\/el-medano-montana-pelada-bioklimatisches-dorf-el-medano\/#primaryimage","url":"https:\/\/www.mundi-roth.de\/teneriffa-blog\/wp-content\/uploads\/2014\/03\/P1140070.jpg","contentUrl":"https:\/\/www.mundi-roth.de\/teneriffa-blog\/wp-content\/uploads\/2014\/03\/P1140070.jpg","width":800,"height":600},{"@type":"BreadcrumbList","@id":"https:\/\/www.mundi-roth.de\/teneriffa-blog\/wanderungen\/el-medano-montana-pelada-bioklimatisches-dorf-el-medano\/#breadcrumb","itemListElement":[{"@type":"ListItem","position":1,"name":"Startseite","item":"https:\/\/www.mundi-roth.de\/teneriffa-blog\/"},{"@type":"ListItem","position":2,"name":"El M\u00e9dano \u2013 Monta\u00f1a Pelada \u2013 Bioklimatisches Dorf"}]},{"@type":"WebSite","@id":"https:\/\/www.mundi-roth.de\/teneriffa-blog\/#website","url":"https:\/\/www.mundi-roth.de\/teneriffa-blog\/","name":"Teneriffa Wandern","description":"Nicht nur Wanderungen auf Teneriffa...","potentialAction":[{"@type":"SearchAction","target":{"@type":"EntryPoint","urlTemplate":"https:\/\/www.mundi-roth.de\/teneriffa-blog\/?s={search_term_string}"},"query-input":{"@type":"PropertyValueSpecification","valueRequired":true,"valueName":"search_term_string"}}],"inLanguage":"de"},{"@type":"Person","@id":"https:\/\/www.mundi-roth.de\/teneriffa-blog\/#\/schema\/person\/971c66b55f3ae5e8741553688c413cac","name":"mundi","image":{"@type":"ImageObject","inLanguage":"de","@id":"https:\/\/secure.gravatar.com\/avatar\/555f0dd85428f1a9330f8e5dbe9e40ff9ca912bb81e5a89747ebf3ca9c20dc0f?s=96&d=mm&r=g","url":"https:\/\/secure.gravatar.com\/avatar\/555f0dd85428f1a9330f8e5dbe9e40ff9ca912bb81e5a89747ebf3ca9c20dc0f?s=96&d=mm&r=g","contentUrl":"https:\/\/secure.gravatar.com\/avatar\/555f0dd85428f1a9330f8e5dbe9e40ff9ca912bb81e5a89747ebf3ca9c20dc0f?s=96&d=mm&r=g","caption":"mundi"},"sameAs":["http:\/\/mundi-roth.de"],"url":"https:\/\/www.mundi-roth.de\/teneriffa-blog\/author\/mundi\/"}]}},"_links":{"self":[{"href":"https:\/\/www.mundi-roth.de\/teneriffa-blog\/wp-json\/wp\/v2\/posts\/2998","targetHints":{"allow":["GET"]}}],"collection":[{"href":"https:\/\/www.mundi-roth.de\/teneriffa-blog\/wp-json\/wp\/v2\/posts"}],"about":[{"href":"https:\/\/www.mundi-roth.de\/teneriffa-blog\/wp-json\/wp\/v2\/types\/post"}],"author":[{"embeddable":true,"href":"https:\/\/www.mundi-roth.de\/teneriffa-blog\/wp-json\/wp\/v2\/users\/4"}],"replies":[{"embeddable":true,"href":"https:\/\/www.mundi-roth.de\/teneriffa-blog\/wp-json\/wp\/v2\/comments?post=2998"}],"version-history":[{"count":0,"href":"https:\/\/www.mundi-roth.de\/teneriffa-blog\/wp-json\/wp\/v2\/posts\/2998\/revisions"}],"wp:featuredmedia":[{"embeddable":true,"href":"https:\/\/www.mundi-roth.de\/teneriffa-blog\/wp-json\/wp\/v2\/media\/4233"}],"wp:attachment":[{"href":"https:\/\/www.mundi-roth.de\/teneriffa-blog\/wp-json\/wp\/v2\/media?parent=2998"}],"wp:term":[{"taxonomy":"category","embeddable":true,"href":"https:\/\/www.mundi-roth.de\/teneriffa-blog\/wp-json\/wp\/v2\/categories?post=2998"},{"taxonomy":"post_tag","embeddable":true,"href":"https:\/\/www.mundi-roth.de\/teneriffa-blog\/wp-json\/wp\/v2\/tags?post=2998"}],"curies":[{"name":"wp","href":"https:\/\/api.w.org\/{rel}","templated":true}]}}