{"id":3029,"date":"2014-03-25T22:00:38","date_gmt":"2014-03-25T21:00:38","guid":{"rendered":"http:\/\/www.mundi-roth.de\/teneriffa-blog\/?p=3029"},"modified":"2016-12-01T14:26:16","modified_gmt":"2016-12-01T13:26:16","slug":"la-fuente-el-chorillo","status":"publish","type":"post","link":"https:\/\/www.mundi-roth.de\/teneriffa-blog\/wanderungen\/la-fuente-el-chorillo\/","title":{"rendered":"La Fuente El Chorrillo"},"content":{"rendered":"<p><strong>Quellen- und H\u00f6hlen-Rundweg von Ifonche nach Ifonche<\/strong><\/p>\n<p>Unsere Wanderfreunde Monika und Horst haben vor kurzem bei der Wanderung \u201eCamino Carrasca\u201c bei der Plattform den Hinweis auf einen neu angelegten Weg ausgemacht. Diesen Weg wollen wir heute gemeinsam mit Elisabeth erkunden.<\/p>\n<p><strong>Wanderwegstrecke:<\/strong> 4,6 km, 90 H\u00f6henmeter aufw\u00e4rts, 70 H\u00f6henmeter abw\u00e4rts, 2:15\u00a0 Stunde ohne Pause<\/p>\n<div id=\"attachment_3030\" style=\"width: 310px\" class=\"wp-caption aligncenter\"><a href=\"http:\/\/www.mundi-roth.de\/teneriffa-blog\/wp-content\/uploads\/2014\/03\/Track01-Kompass.jpg\" rel=\"lightbox[3029]\"><img loading=\"lazy\" decoding=\"async\" aria-describedby=\"caption-attachment-3030\" class=\"size-medium wp-image-3030\" src=\"http:\/\/www.mundi-roth.de\/teneriffa-blog\/wp-content\/uploads\/2014\/03\/Track01-Kompass-300x216.jpg\" alt=\"Die Tour\" width=\"300\" height=\"216\" srcset=\"https:\/\/www.mundi-roth.de\/teneriffa-blog\/wp-content\/uploads\/2014\/03\/Track01-Kompass-300x216.jpg 300w, https:\/\/www.mundi-roth.de\/teneriffa-blog\/wp-content\/uploads\/2014\/03\/Track01-Kompass-150x108.jpg 150w, https:\/\/www.mundi-roth.de\/teneriffa-blog\/wp-content\/uploads\/2014\/03\/Track01-Kompass.jpg 992w\" sizes=\"auto, (max-width: 300px) 100vw, 300px\" \/><\/a><p id=\"caption-attachment-3030\" class=\"wp-caption-text\">Die Tour<\/p><\/div>\n<p>Um 1\/2 11 Uhr beginnen wir die Tour hinter dem Restaurant Dornejo in Ifonche und folgen erst mal dem Hinweisschildern u.a. \u201eCamino de Ifonche La Qinta 6,2 km\u201c.<br \/>\nWolkenloser Himmel, strahlende Sonne, kein Wind!<br \/>\nWann hatten wir das zum letzten Mal?<br \/>\nSofort wird unser Blick von den voll erbl\u00fchten Montpellier-Zistrosen und den Gei\u00dfkleestr\u00e4uchern, einem Musterexemplar der Affodill und den gro\u00dfen, gelben Flecken des Hornklees zwischen den dicken St\u00e4mmen der Kanarischen Kiefern angezogen. Dazu noch Margariten- und wilden Ringelblumen-Feldern.<\/p>\n<div id=\"attachment_3031\" style=\"width: 160px\" class=\"wp-caption alignright\"><a href=\"http:\/\/www.mundi-roth.de\/teneriffa-blog\/wp-content\/uploads\/2014\/03\/P1140185.jpg\" rel=\"lightbox[3029]\"><img loading=\"lazy\" decoding=\"async\" aria-describedby=\"caption-attachment-3031\" class=\"size-thumbnail wp-image-3031\" src=\"http:\/\/www.mundi-roth.de\/teneriffa-blog\/wp-content\/uploads\/2014\/03\/P1140185-150x109.jpg\" alt=\"Erster Hinweis\" width=\"150\" height=\"109\" srcset=\"https:\/\/www.mundi-roth.de\/teneriffa-blog\/wp-content\/uploads\/2014\/03\/P1140185-150x109.jpg 150w, https:\/\/www.mundi-roth.de\/teneriffa-blog\/wp-content\/uploads\/2014\/03\/P1140185-300x219.jpg 300w, https:\/\/www.mundi-roth.de\/teneriffa-blog\/wp-content\/uploads\/2014\/03\/P1140185.jpg 774w\" sizes=\"auto, (max-width: 150px) 100vw, 150px\" \/><\/a><p id=\"caption-attachment-3031\" class=\"wp-caption-text\">Erster Hinweis<\/p><\/div>\n<p>Schon nach 10 Minuten erreichen wir das 1. Hinweisschild \u201eLa Fuente El Chorillo\u201c.<br \/>\nAlso links hoch, immer noch auf der Strecke der bekannten Wanderung. Nach nur 3 Minuten der n\u00e4chste Hinweis.<br \/>\nNa, das l\u00e4sst ja hoffen, dass wir den Weg finden werden.<\/p>\n<div id=\"attachment_3032\" style=\"width: 160px\" class=\"wp-caption alignleft\"><a href=\"http:\/\/www.mundi-roth.de\/teneriffa-blog\/wp-content\/uploads\/2014\/03\/P1140191.jpg\" rel=\"lightbox[3029]\"><img loading=\"lazy\" decoding=\"async\" aria-describedby=\"caption-attachment-3032\" class=\"size-thumbnail wp-image-3032\" src=\"http:\/\/www.mundi-roth.de\/teneriffa-blog\/wp-content\/uploads\/2014\/03\/P1140191-150x112.jpg\" alt=\"Ein Blick nach unten\" width=\"150\" height=\"112\" srcset=\"https:\/\/www.mundi-roth.de\/teneriffa-blog\/wp-content\/uploads\/2014\/03\/P1140191-150x112.jpg 150w, https:\/\/www.mundi-roth.de\/teneriffa-blog\/wp-content\/uploads\/2014\/03\/P1140191-300x225.jpg 300w, https:\/\/www.mundi-roth.de\/teneriffa-blog\/wp-content\/uploads\/2014\/03\/P1140191.jpg 800w\" sizes=\"auto, (max-width: 150px) 100vw, 150px\" \/><\/a><p id=\"caption-attachment-3032\" class=\"wp-caption-text\">Ein Blick nach unten<\/p><\/div>\n<p>Selbstverst\u00e4ndlich ist auf H\u00f6he des Dreschplatzes wieder ein Blick in den Barranco del Infierno, zur K\u00fcste auf die Orte El Paraiso und Callao Salvaje sowie auf die Insel la Gomera angebracht.<\/p>\n<div>\n<p><em><em><span style=\"color: #120803;\"><strong>Erg\u00e4nzung: <\/strong>Vor dem Aufstieg zum Aussichtspunkt \u201cLa Vista\u201d geht bei dem wei\u00dfen Pfeil und wei\u00dfen Punkt rechts ein schmaler Pfad ab, der sich links an der Felswand entlang schl\u00e4ngelt und rechts unten verl\u00e4uft der Barranco del Infierno &#8211; man sollte vielleicht schwindelfrei sein.Wir steigen hinab zwischen all&#8216; der Bl\u00fctenpracht der gelbbl\u00fchenden G\u00e4nsedisteln und den B\u00fcschen des Ginsters, den Cinerarien und Glockenblumen, den phantastischen Felsformationen.<\/span><\/em><\/em><\/p>\n<div id=\"attachment_3994\" style=\"width: 160px\" class=\"wp-caption alignright\"><a href=\"http:\/\/www.mundi-roth.de\/teneriffa-blog\/wp-content\/uploads\/2014\/03\/P11402061.jpg\" rel=\"lightbox[3029]\"><img loading=\"lazy\" decoding=\"async\" aria-describedby=\"caption-attachment-3994\" class=\"size-thumbnail wp-image-3994\" src=\"http:\/\/www.mundi-roth.de\/teneriffa-blog\/wp-content\/uploads\/2014\/03\/P11402061-150x113.jpg\" alt=\"Auf der Plattform\" width=\"150\" height=\"113\" srcset=\"https:\/\/www.mundi-roth.de\/teneriffa-blog\/wp-content\/uploads\/2014\/03\/P11402061-150x113.jpg 150w, https:\/\/www.mundi-roth.de\/teneriffa-blog\/wp-content\/uploads\/2014\/03\/P11402061-300x225.jpg 300w, https:\/\/www.mundi-roth.de\/teneriffa-blog\/wp-content\/uploads\/2014\/03\/P11402061.jpg 800w\" sizes=\"auto, (max-width: 150px) 100vw, 150px\" \/><\/a><p id=\"caption-attachment-3994\" class=\"wp-caption-text\">Auf der Plattform<\/p><\/div>\n<p><span style=\"color: #120803;\"><span style=\"color: #120803;\">Nach ca. 10 Minuten erreichen wir die Plattform.<\/span><\/span><span style=\"color: #120803;\">Hier f\u00fchrt der Weg nach Adeje bergab und genau auf dieser Plattform zweigt der neue Pfad links ab. \u201cFuente El Chorillo\u201d wird angezeigt.<\/span><\/p>\n<\/div>\n<p>Nach einer halben Stunde Gehzeit sind wir an der ersten Quelle \u201eLa \u201eFuente Viva\u201c, der lebendigen Quelle.<\/p>\n<p>Wir lassen uns immer noch begeistern von den phantastischen, unterschiedlichen Felsen, Farben und Formen.<br \/>\nNun den Blick Richtung Puerto Col\u00f3n und ein kleiner Abzweig geht zur \u201eLa Cueva de la Burra\u201c, der H\u00f6hle der Eselin.<\/p>\n<p>Es soll keine Langeweile aufkommen, darum der n\u00e4chste Hinweis zur \u201eLas Cuevas de la Estancia\u201c den Aufenthaltsh\u00f6hlen\u201c.<\/p>\n<p>Auf einem schmalen Steig werden wir auf einen alten Kanal aufmerksam gemacht .<\/p>\n<p>Die n\u00e4chste H\u00f6hle\u00a0 ist bald erreicht und wir steigen zur \u201eLa Cueva fria\u201c zur kalten H\u00f6hle auf.<br \/>\n\u00dcberraschung: Rosa Felsen! Rosa Staub! Haben wir bisher so ausgepr\u00e4gt auch noch nie gesehen.<\/p>\n<p>Keine Angst, die H\u00f6hlen- und Quellen-Tour wartet noch mit mehr \u00dcberraschungen auf:<br \/>\n\u201eLa Cueva de Regocijo\u201c Die H\u00f6hle der Freude und von hier wieder der freie Blick zur K\u00fcste.<\/p>\n<p>Noch kein Ende es folgt die \u201eLa Cueva Negra\u201c, die schwarze H\u00f6hle.<\/p>\n<p>Nach Einer Stunde 15 Minuten haben wir die Quelle erreicht, die der Tour ihren Namen gibt: \u201eLa Fuente El Chorillo\u201c, die Quelle des d\u00fcnnen Strahls.<br \/>\nHier k\u00f6nnen wir ein frisch angelegtes Beet mit Callas bestaunen und so gar Hortensien haben die flei\u00dfigen Wegebauer hier gepflanzt.<br \/>\nDass wir achtsam mit der Quelle umgehen sollen, darauf werden wir durch ein Schild aufmerksam gemacht: &#8222;Wie sch\u00f6n ist diese Quelle, wenn sie gr\u00fcn ist.&#8220; &#8211; Frei \u00fcbersetzt: &#8222;Es h\u00e4ngt vor Dir ab, dass sie so sch\u00f6n bleibt&#8220;<\/p>\n<p>Wir steigen weiter auf und \u2013 was sage ich \u2013 die n\u00e4chste H\u00f6hle wird angezeigt: \u201eLa Cueva de las Goteras\u201c, die H\u00f6hle der Tropfen. Wir r\u00e4tseln: Wassertropfen oder Steintropfen?<\/p>\n<p>Auf dem weiteren Aufstieg h\u00e4ngt ein Musterexemplar des Meerkohls in den Weg und der Blick wird auf Roque de Los Brezos und den Roque de Imoque gelenkt.<\/p>\n<p>Ein Margaritenmeer durchsetzt mit blauem Natternkopf, gelben Ringelbl\u00fcmchen, pinkfarbenen Winden,\u00a0 erwartet uns beim Schild \u201eLa Fuente El Chorillo\u201c wollte man den Rundweg von hier aus beginnen.<br \/>\nEine Ansammlung von Bocksbart mit dem wundersch\u00f6nen Samenstand begeistert uns und das kr\u00e4ftige Orange des Goldmohns fehlt auch nicht.<\/p>\n<p>Auf der Asphaltstra\u00dfe geht es die letzten Meter zu unserm Auto retour und um 12:43 Uhr ist diese wundersch\u00f6ne Wanderung zu Ende!<\/p>\n<p><strong>Fazit:<\/strong><br \/>\nWenn man trittsicher und schwindelfrei ist, jetzt gehen!<br \/>\nDie Bl\u00fctenpracht ist herrlich.<\/p>\n<p><a href=\"http:\/\/www.mundi-roth.de\/teneriffa-blog\/wanderungen\/bildergalerie-25-maerz-2014\/\"><strong>Fotos der Tour<\/strong>, die nicht alle im Text unterzubringen waren<\/a><\/p>\n<p><em><strong>\u00a0<\/strong><\/em><\/p>\n<p><strong>Restaurant:<\/strong><br \/>\nHeute ist uns nicht nach Kaninchen darum kehren wir im Restaurant &#8222;Tasca Taguara&#8220; an der Stra\u00dfe Richtung Escalona gleich neben der Andachtsst\u00e4tte &#8222;Hermano Pedro&#8220; ein.<br \/>\nDas Restaurant hat jeden Tag von morgens 10 Uhr bis abends 10 Uhr ge\u00f6ffnet und bietet ausgesprochen leckere kanarische K\u00fcche zu sehr, sehr zivilen Preisen an.<br \/>\nWir hatten jeder unterschiedlich Ziegenfleisch, kalten Schweinebraten, Scampi im Knoblauch\u00f6l, \u201eCarne fiesta\u201c\u00a0 und Salat bestellt. Alle waren wir hoch zufrieden.<br \/>\nUnd: Oh Wunder! Wir konnten drau\u00dfen im Sonnenschein ohne Jacken sitzen! Traum!<\/p>\n","protected":false},"excerpt":{"rendered":"<p>Quellen- und H\u00f6hlen-Rundweg von Ifonche nach Ifonche Unsere Wanderfreunde Monika und Horst haben vor kurzem bei der Wanderung \u201eCamino Carrasca\u201c bei der Plattform den Hinweis auf einen neu angelegten Weg ausgemacht. Diesen Weg wollen wir heute gemeinsam mit Elisabeth erkunden. Wanderwegstrecke: 4,6 km, 90 H\u00f6henmeter aufw\u00e4rts, 70 H\u00f6henmeter abw\u00e4rts, 2:15\u00a0 Stunde ohne Pause Um 1\/2 [&hellip;]<\/p>\n","protected":false},"author":4,"featured_media":4231,"comment_status":"open","ping_status":"open","sticky":false,"template":"","format":"standard","meta":{"footnotes":""},"categories":[775,6],"tags":[716,339,319,64,717,722,720,719,721,715,718,222,3,439,446],"class_list":["post-3029","post","type-post","status-publish","format-standard","has-post-thumbnail","hentry","category-arona","category-wanderungen","tag-fuente-viva","tag-gansedistel","tag-glockenblumen","tag-ifonche","tag-la-cueva-de-la-burra","tag-la-cueva-de-las-goteras","tag-la-cueva-de-regocijo","tag-la-cueva-fria","tag-la-cueva-negra","tag-la-fuente-el-chorillo","tag-las-cuevas-de-la-estancia","tag-natternkopf","tag-teneriffa","tag-teneriffa-wandern","tag-wandern-teneriffa"],"yoast_head":"<!-- This site is optimized with the Yoast SEO plugin v27.5 - https:\/\/yoast.com\/product\/yoast-seo-wordpress\/ -->\n<title>La Fuente El Chorrillo - Teneriffa Wandern<\/title>\n<meta name=\"description\" content=\"Quellen- und H\u00f6hlenrundweg bei Ifonche zur La Fuente El Chorrillo. Eine wundersch\u00f6ne Tour, die aber trockenes Wetter und Trittsicherheit verlangt.\" \/>\n<meta name=\"robots\" content=\"index, follow, max-snippet:-1, max-image-preview:large, max-video-preview:-1\" \/>\n<link rel=\"canonical\" href=\"https:\/\/www.mundi-roth.de\/teneriffa-blog\/wanderungen\/la-fuente-el-chorillo\/\" \/>\n<meta name=\"twitter:label1\" content=\"Verfasst von\" \/>\n\t<meta name=\"twitter:data1\" content=\"mundi\" \/>\n\t<meta name=\"twitter:label2\" content=\"Gesch\u00e4tzte Lesezeit\" \/>\n\t<meta name=\"twitter:data2\" content=\"4\u00a0Minuten\" \/>\n<script type=\"application\/ld+json\" class=\"yoast-schema-graph\">{\"@context\":\"https:\\\/\\\/schema.org\",\"@graph\":[{\"@type\":\"Article\",\"@id\":\"https:\\\/\\\/www.mundi-roth.de\\\/teneriffa-blog\\\/wanderungen\\\/la-fuente-el-chorillo\\\/#article\",\"isPartOf\":{\"@id\":\"https:\\\/\\\/www.mundi-roth.de\\\/teneriffa-blog\\\/wanderungen\\\/la-fuente-el-chorillo\\\/\"},\"author\":{\"name\":\"mundi\",\"@id\":\"https:\\\/\\\/www.mundi-roth.de\\\/teneriffa-blog\\\/#\\\/schema\\\/person\\\/971c66b55f3ae5e8741553688c413cac\"},\"headline\":\"La Fuente El Chorrillo\",\"datePublished\":\"2014-03-25T21:00:38+00:00\",\"dateModified\":\"2016-12-01T13:26:16+00:00\",\"mainEntityOfPage\":{\"@id\":\"https:\\\/\\\/www.mundi-roth.de\\\/teneriffa-blog\\\/wanderungen\\\/la-fuente-el-chorillo\\\/\"},\"wordCount\":854,\"commentCount\":4,\"image\":{\"@id\":\"https:\\\/\\\/www.mundi-roth.de\\\/teneriffa-blog\\\/wanderungen\\\/la-fuente-el-chorillo\\\/#primaryimage\"},\"thumbnailUrl\":\"https:\\\/\\\/www.mundi-roth.de\\\/teneriffa-blog\\\/wp-content\\\/uploads\\\/2014\\\/03\\\/P11402301.jpg\",\"keywords\":[\"Fuente Viva\",\"G\u00e4nsedistel\",\"Glockenblumen\",\"Ifonche\",\"La Cueva de la Burra\",\"La Cueva de las Goteras\",\"La Cueva de Regocijo\",\"La Cueva fria\",\"La Cueva Negra\",\"La Fuente El Chorillo\",\"Las Cuevas de la Estancia\",\"Natternkopf\",\"Teneriffa\",\"Teneriffa Wandern\",\"Wandern Teneriffa\"],\"articleSection\":[\"Arona\",\"Wanderungen\"],\"inLanguage\":\"de\",\"potentialAction\":[{\"@type\":\"CommentAction\",\"name\":\"Comment\",\"target\":[\"https:\\\/\\\/www.mundi-roth.de\\\/teneriffa-blog\\\/wanderungen\\\/la-fuente-el-chorillo\\\/#respond\"]}]},{\"@type\":\"WebPage\",\"@id\":\"https:\\\/\\\/www.mundi-roth.de\\\/teneriffa-blog\\\/wanderungen\\\/la-fuente-el-chorillo\\\/\",\"url\":\"https:\\\/\\\/www.mundi-roth.de\\\/teneriffa-blog\\\/wanderungen\\\/la-fuente-el-chorillo\\\/\",\"name\":\"La Fuente El Chorrillo - Teneriffa Wandern\",\"isPartOf\":{\"@id\":\"https:\\\/\\\/www.mundi-roth.de\\\/teneriffa-blog\\\/#website\"},\"primaryImageOfPage\":{\"@id\":\"https:\\\/\\\/www.mundi-roth.de\\\/teneriffa-blog\\\/wanderungen\\\/la-fuente-el-chorillo\\\/#primaryimage\"},\"image\":{\"@id\":\"https:\\\/\\\/www.mundi-roth.de\\\/teneriffa-blog\\\/wanderungen\\\/la-fuente-el-chorillo\\\/#primaryimage\"},\"thumbnailUrl\":\"https:\\\/\\\/www.mundi-roth.de\\\/teneriffa-blog\\\/wp-content\\\/uploads\\\/2014\\\/03\\\/P11402301.jpg\",\"datePublished\":\"2014-03-25T21:00:38+00:00\",\"dateModified\":\"2016-12-01T13:26:16+00:00\",\"author\":{\"@id\":\"https:\\\/\\\/www.mundi-roth.de\\\/teneriffa-blog\\\/#\\\/schema\\\/person\\\/971c66b55f3ae5e8741553688c413cac\"},\"description\":\"Quellen- und H\u00f6hlenrundweg bei Ifonche zur La Fuente El Chorrillo. Eine wundersch\u00f6ne Tour, die aber trockenes Wetter und Trittsicherheit verlangt.\",\"breadcrumb\":{\"@id\":\"https:\\\/\\\/www.mundi-roth.de\\\/teneriffa-blog\\\/wanderungen\\\/la-fuente-el-chorillo\\\/#breadcrumb\"},\"inLanguage\":\"de\",\"potentialAction\":[{\"@type\":\"ReadAction\",\"target\":[\"https:\\\/\\\/www.mundi-roth.de\\\/teneriffa-blog\\\/wanderungen\\\/la-fuente-el-chorillo\\\/\"]}]},{\"@type\":\"ImageObject\",\"inLanguage\":\"de\",\"@id\":\"https:\\\/\\\/www.mundi-roth.de\\\/teneriffa-blog\\\/wanderungen\\\/la-fuente-el-chorillo\\\/#primaryimage\",\"url\":\"https:\\\/\\\/www.mundi-roth.de\\\/teneriffa-blog\\\/wp-content\\\/uploads\\\/2014\\\/03\\\/P11402301.jpg\",\"contentUrl\":\"https:\\\/\\\/www.mundi-roth.de\\\/teneriffa-blog\\\/wp-content\\\/uploads\\\/2014\\\/03\\\/P11402301.jpg\",\"width\":800,\"height\":600},{\"@type\":\"BreadcrumbList\",\"@id\":\"https:\\\/\\\/www.mundi-roth.de\\\/teneriffa-blog\\\/wanderungen\\\/la-fuente-el-chorillo\\\/#breadcrumb\",\"itemListElement\":[{\"@type\":\"ListItem\",\"position\":1,\"name\":\"Startseite\",\"item\":\"https:\\\/\\\/www.mundi-roth.de\\\/teneriffa-blog\\\/\"},{\"@type\":\"ListItem\",\"position\":2,\"name\":\"La Fuente El Chorrillo\"}]},{\"@type\":\"WebSite\",\"@id\":\"https:\\\/\\\/www.mundi-roth.de\\\/teneriffa-blog\\\/#website\",\"url\":\"https:\\\/\\\/www.mundi-roth.de\\\/teneriffa-blog\\\/\",\"name\":\"Teneriffa Wandern\",\"description\":\"Nicht nur Wanderungen auf Teneriffa...\",\"potentialAction\":[{\"@type\":\"SearchAction\",\"target\":{\"@type\":\"EntryPoint\",\"urlTemplate\":\"https:\\\/\\\/www.mundi-roth.de\\\/teneriffa-blog\\\/?s={search_term_string}\"},\"query-input\":{\"@type\":\"PropertyValueSpecification\",\"valueRequired\":true,\"valueName\":\"search_term_string\"}}],\"inLanguage\":\"de\"},{\"@type\":\"Person\",\"@id\":\"https:\\\/\\\/www.mundi-roth.de\\\/teneriffa-blog\\\/#\\\/schema\\\/person\\\/971c66b55f3ae5e8741553688c413cac\",\"name\":\"mundi\",\"image\":{\"@type\":\"ImageObject\",\"inLanguage\":\"de\",\"@id\":\"https:\\\/\\\/secure.gravatar.com\\\/avatar\\\/555f0dd85428f1a9330f8e5dbe9e40ff9ca912bb81e5a89747ebf3ca9c20dc0f?s=96&d=mm&r=g\",\"url\":\"https:\\\/\\\/secure.gravatar.com\\\/avatar\\\/555f0dd85428f1a9330f8e5dbe9e40ff9ca912bb81e5a89747ebf3ca9c20dc0f?s=96&d=mm&r=g\",\"contentUrl\":\"https:\\\/\\\/secure.gravatar.com\\\/avatar\\\/555f0dd85428f1a9330f8e5dbe9e40ff9ca912bb81e5a89747ebf3ca9c20dc0f?s=96&d=mm&r=g\",\"caption\":\"mundi\"},\"sameAs\":[\"http:\\\/\\\/mundi-roth.de\"],\"url\":\"https:\\\/\\\/www.mundi-roth.de\\\/teneriffa-blog\\\/author\\\/mundi\\\/\"}]}<\/script>\n<!-- \/ Yoast SEO plugin. -->","yoast_head_json":{"title":"La Fuente El Chorrillo - Teneriffa Wandern","description":"Quellen- und H\u00f6hlenrundweg bei Ifonche zur La Fuente El Chorrillo. Eine wundersch\u00f6ne Tour, die aber trockenes Wetter und Trittsicherheit verlangt.","robots":{"index":"index","follow":"follow","max-snippet":"max-snippet:-1","max-image-preview":"max-image-preview:large","max-video-preview":"max-video-preview:-1"},"canonical":"https:\/\/www.mundi-roth.de\/teneriffa-blog\/wanderungen\/la-fuente-el-chorillo\/","twitter_misc":{"Verfasst von":"mundi","Gesch\u00e4tzte Lesezeit":"4\u00a0Minuten"},"schema":{"@context":"https:\/\/schema.org","@graph":[{"@type":"Article","@id":"https:\/\/www.mundi-roth.de\/teneriffa-blog\/wanderungen\/la-fuente-el-chorillo\/#article","isPartOf":{"@id":"https:\/\/www.mundi-roth.de\/teneriffa-blog\/wanderungen\/la-fuente-el-chorillo\/"},"author":{"name":"mundi","@id":"https:\/\/www.mundi-roth.de\/teneriffa-blog\/#\/schema\/person\/971c66b55f3ae5e8741553688c413cac"},"headline":"La Fuente El Chorrillo","datePublished":"2014-03-25T21:00:38+00:00","dateModified":"2016-12-01T13:26:16+00:00","mainEntityOfPage":{"@id":"https:\/\/www.mundi-roth.de\/teneriffa-blog\/wanderungen\/la-fuente-el-chorillo\/"},"wordCount":854,"commentCount":4,"image":{"@id":"https:\/\/www.mundi-roth.de\/teneriffa-blog\/wanderungen\/la-fuente-el-chorillo\/#primaryimage"},"thumbnailUrl":"https:\/\/www.mundi-roth.de\/teneriffa-blog\/wp-content\/uploads\/2014\/03\/P11402301.jpg","keywords":["Fuente Viva","G\u00e4nsedistel","Glockenblumen","Ifonche","La Cueva de la Burra","La Cueva de las Goteras","La Cueva de Regocijo","La Cueva fria","La Cueva Negra","La Fuente El Chorillo","Las Cuevas de la Estancia","Natternkopf","Teneriffa","Teneriffa Wandern","Wandern Teneriffa"],"articleSection":["Arona","Wanderungen"],"inLanguage":"de","potentialAction":[{"@type":"CommentAction","name":"Comment","target":["https:\/\/www.mundi-roth.de\/teneriffa-blog\/wanderungen\/la-fuente-el-chorillo\/#respond"]}]},{"@type":"WebPage","@id":"https:\/\/www.mundi-roth.de\/teneriffa-blog\/wanderungen\/la-fuente-el-chorillo\/","url":"https:\/\/www.mundi-roth.de\/teneriffa-blog\/wanderungen\/la-fuente-el-chorillo\/","name":"La Fuente El Chorrillo - Teneriffa Wandern","isPartOf":{"@id":"https:\/\/www.mundi-roth.de\/teneriffa-blog\/#website"},"primaryImageOfPage":{"@id":"https:\/\/www.mundi-roth.de\/teneriffa-blog\/wanderungen\/la-fuente-el-chorillo\/#primaryimage"},"image":{"@id":"https:\/\/www.mundi-roth.de\/teneriffa-blog\/wanderungen\/la-fuente-el-chorillo\/#primaryimage"},"thumbnailUrl":"https:\/\/www.mundi-roth.de\/teneriffa-blog\/wp-content\/uploads\/2014\/03\/P11402301.jpg","datePublished":"2014-03-25T21:00:38+00:00","dateModified":"2016-12-01T13:26:16+00:00","author":{"@id":"https:\/\/www.mundi-roth.de\/teneriffa-blog\/#\/schema\/person\/971c66b55f3ae5e8741553688c413cac"},"description":"Quellen- und H\u00f6hlenrundweg bei Ifonche zur La Fuente El Chorrillo. Eine wundersch\u00f6ne Tour, die aber trockenes Wetter und Trittsicherheit verlangt.","breadcrumb":{"@id":"https:\/\/www.mundi-roth.de\/teneriffa-blog\/wanderungen\/la-fuente-el-chorillo\/#breadcrumb"},"inLanguage":"de","potentialAction":[{"@type":"ReadAction","target":["https:\/\/www.mundi-roth.de\/teneriffa-blog\/wanderungen\/la-fuente-el-chorillo\/"]}]},{"@type":"ImageObject","inLanguage":"de","@id":"https:\/\/www.mundi-roth.de\/teneriffa-blog\/wanderungen\/la-fuente-el-chorillo\/#primaryimage","url":"https:\/\/www.mundi-roth.de\/teneriffa-blog\/wp-content\/uploads\/2014\/03\/P11402301.jpg","contentUrl":"https:\/\/www.mundi-roth.de\/teneriffa-blog\/wp-content\/uploads\/2014\/03\/P11402301.jpg","width":800,"height":600},{"@type":"BreadcrumbList","@id":"https:\/\/www.mundi-roth.de\/teneriffa-blog\/wanderungen\/la-fuente-el-chorillo\/#breadcrumb","itemListElement":[{"@type":"ListItem","position":1,"name":"Startseite","item":"https:\/\/www.mundi-roth.de\/teneriffa-blog\/"},{"@type":"ListItem","position":2,"name":"La Fuente El Chorrillo"}]},{"@type":"WebSite","@id":"https:\/\/www.mundi-roth.de\/teneriffa-blog\/#website","url":"https:\/\/www.mundi-roth.de\/teneriffa-blog\/","name":"Teneriffa Wandern","description":"Nicht nur Wanderungen auf Teneriffa...","potentialAction":[{"@type":"SearchAction","target":{"@type":"EntryPoint","urlTemplate":"https:\/\/www.mundi-roth.de\/teneriffa-blog\/?s={search_term_string}"},"query-input":{"@type":"PropertyValueSpecification","valueRequired":true,"valueName":"search_term_string"}}],"inLanguage":"de"},{"@type":"Person","@id":"https:\/\/www.mundi-roth.de\/teneriffa-blog\/#\/schema\/person\/971c66b55f3ae5e8741553688c413cac","name":"mundi","image":{"@type":"ImageObject","inLanguage":"de","@id":"https:\/\/secure.gravatar.com\/avatar\/555f0dd85428f1a9330f8e5dbe9e40ff9ca912bb81e5a89747ebf3ca9c20dc0f?s=96&d=mm&r=g","url":"https:\/\/secure.gravatar.com\/avatar\/555f0dd85428f1a9330f8e5dbe9e40ff9ca912bb81e5a89747ebf3ca9c20dc0f?s=96&d=mm&r=g","contentUrl":"https:\/\/secure.gravatar.com\/avatar\/555f0dd85428f1a9330f8e5dbe9e40ff9ca912bb81e5a89747ebf3ca9c20dc0f?s=96&d=mm&r=g","caption":"mundi"},"sameAs":["http:\/\/mundi-roth.de"],"url":"https:\/\/www.mundi-roth.de\/teneriffa-blog\/author\/mundi\/"}]}},"_links":{"self":[{"href":"https:\/\/www.mundi-roth.de\/teneriffa-blog\/wp-json\/wp\/v2\/posts\/3029","targetHints":{"allow":["GET"]}}],"collection":[{"href":"https:\/\/www.mundi-roth.de\/teneriffa-blog\/wp-json\/wp\/v2\/posts"}],"about":[{"href":"https:\/\/www.mundi-roth.de\/teneriffa-blog\/wp-json\/wp\/v2\/types\/post"}],"author":[{"embeddable":true,"href":"https:\/\/www.mundi-roth.de\/teneriffa-blog\/wp-json\/wp\/v2\/users\/4"}],"replies":[{"embeddable":true,"href":"https:\/\/www.mundi-roth.de\/teneriffa-blog\/wp-json\/wp\/v2\/comments?post=3029"}],"version-history":[{"count":0,"href":"https:\/\/www.mundi-roth.de\/teneriffa-blog\/wp-json\/wp\/v2\/posts\/3029\/revisions"}],"wp:featuredmedia":[{"embeddable":true,"href":"https:\/\/www.mundi-roth.de\/teneriffa-blog\/wp-json\/wp\/v2\/media\/4231"}],"wp:attachment":[{"href":"https:\/\/www.mundi-roth.de\/teneriffa-blog\/wp-json\/wp\/v2\/media?parent=3029"}],"wp:term":[{"taxonomy":"category","embeddable":true,"href":"https:\/\/www.mundi-roth.de\/teneriffa-blog\/wp-json\/wp\/v2\/categories?post=3029"},{"taxonomy":"post_tag","embeddable":true,"href":"https:\/\/www.mundi-roth.de\/teneriffa-blog\/wp-json\/wp\/v2\/tags?post=3029"}],"curies":[{"name":"wp","href":"https:\/\/api.w.org\/{rel}","templated":true}]}}