{"id":3093,"date":"2014-04-09T22:00:58","date_gmt":"2014-04-09T21:00:58","guid":{"rendered":"http:\/\/www.mundi-roth.de\/teneriffa-blog\/?p=3093"},"modified":"2015-07-13T14:07:35","modified_gmt":"2015-07-13T13:07:35","slug":"boca-tauce-acojeja","status":"publish","type":"post","link":"https:\/\/www.mundi-roth.de\/teneriffa-blog\/wanderungen\/boca-tauce-acojeja\/","title":{"rendered":"Boca Tauce \u2013 Acojeja"},"content":{"rendered":"<p><strong>Wir wollen heute die von Elisa, Kunsthistorikerin und unsere private Spanisch-Lehrerin, vorgeschlagene Route von Boca Tauce nach Tejina gehen. Wir landen dann schlussendlich oberhalb von Acojeja, das \u00e4ndert aber nichts daran, dass diese Strecke jetzt einmalig sch\u00f6n ist<\/strong>.<br \/>\n<strong>Was die Blumenpracht angeht haben wir so etwas Sch\u00f6nes auf der Insel noch nicht gesehen.<\/strong><br \/>\n<strong> Elisabeth schl\u00e4gt vor, die Tour \u201eMargariten-Wanderung\u201c zu nennen.<\/strong><\/p>\n<p><strong>Wanderwegstrecke:<\/strong> 12,2 km, ca. 60 H\u00f6henmeter Aufstieg aber satte 1270 H\u00f6henmeter bergab, 5 Stunden reine Gehzeit, aber nur, wenn man ein Taxi \u201eIrmEli\u201c hat, welches die &#8222;platten&#8220; Wanderinnen hoch oben oberhalb von Acojeja aufliest, sonst noch mindestes eine Stunde l\u00e4nger.<\/p>\n<div id=\"attachment_4229\" style=\"width: 310px\" class=\"wp-caption aligncenter\"><a href=\"http:\/\/www.mundi-roth.de\/teneriffa-blog\/wp-content\/uploads\/2014\/04\/Track021.jpg\" rel=\"lightbox[3093]\"><img loading=\"lazy\" decoding=\"async\" aria-describedby=\"caption-attachment-4229\" class=\"size-medium wp-image-4229\" src=\"http:\/\/www.mundi-roth.de\/teneriffa-blog\/wp-content\/uploads\/2014\/04\/Track021-300x208.jpg\" alt=\"Die Tour\" width=\"300\" height=\"208\" srcset=\"https:\/\/www.mundi-roth.de\/teneriffa-blog\/wp-content\/uploads\/2014\/04\/Track021-300x208.jpg 300w, https:\/\/www.mundi-roth.de\/teneriffa-blog\/wp-content\/uploads\/2014\/04\/Track021-150x104.jpg 150w, https:\/\/www.mundi-roth.de\/teneriffa-blog\/wp-content\/uploads\/2014\/04\/Track021.jpg 800w\" sizes=\"auto, (max-width: 300px) 100vw, 300px\" \/><\/a><p id=\"caption-attachment-4229\" class=\"wp-caption-text\">Die Tour<\/p><\/div>\n<p>Um 9:15 Uhr nehmen wir den Bus 342 vom Busbahnhof Costa Adeje in die Cana\u00f1das und bitten den Busfahrer, ob er bei Boca Tauce halten kann. Er ist so lieb und macht es um 11:42 Uhr.<\/p>\n<p>Wir gehen das kleine St\u00fcck auf der TF 21 zur\u00fcck, am Abzweig der TF 38 vorbei bis zum ehemaligen Treffpunkt der Sch\u00e4fer, die im Sommer ihre Herden in die Ca\u00f1adas brachten und hier ist auch das alte Haus des Imkers Juan \u00c9vora, der bis in die 80er Jahre des 20. Jahrhunderts als letzter Bewohner der Ca\u00f1adas hier lebte. Der Parkplatz ist aber immer noch nicht freigegeben.<\/p>\n<p>Hier ziehen wir erstmal unsere Jacken an, denn trotz Sonne ist es frisch. St\u00f6cke auf die richtige L\u00e4nge einstellen, GPS einschalten, Elisabeth aktiviert ihr Handy, auf das sie die Route von Komoot runtergeladen hat, Foto-Apparat<\/p>\n<div id=\"attachment_3094\" style=\"width: 160px\" class=\"wp-caption alignright\"><a href=\"http:\/\/www.mundi-roth.de\/teneriffa-blog\/wp-content\/uploads\/2014\/04\/P1140359.jpg\" rel=\"lightbox[3093]\"><img loading=\"lazy\" decoding=\"async\" aria-describedby=\"caption-attachment-3094\" class=\"size-thumbnail wp-image-3094\" src=\"http:\/\/www.mundi-roth.de\/teneriffa-blog\/wp-content\/uploads\/2014\/04\/P1140359-150x112.jpg\" alt=\"Blick auf Teide und Pico Viejo\" width=\"150\" height=\"112\" srcset=\"https:\/\/www.mundi-roth.de\/teneriffa-blog\/wp-content\/uploads\/2014\/04\/P1140359-150x112.jpg 150w, https:\/\/www.mundi-roth.de\/teneriffa-blog\/wp-content\/uploads\/2014\/04\/P1140359-300x225.jpg 300w, https:\/\/www.mundi-roth.de\/teneriffa-blog\/wp-content\/uploads\/2014\/04\/P1140359.jpg 800w\" sizes=\"auto, (max-width: 150px) 100vw, 150px\" \/><\/a><p id=\"caption-attachment-3094\" class=\"wp-caption-text\">Blick auf Teide und Pico Viejo<\/p><\/div>\n<p>umh\u00e4ngen, Infotafel nochmal studieren, Blick auf Teide und Pico Viejo und dann los, den Richtungshinweisen Sendero PR-TF 70 bzw Nr.18 folgend.<\/p>\n<p>Das erste St\u00fcck des Weges ist uns von der <a href=\"http:\/\/www.mundi-roth.de\/teneriffa-blog\/wanderungen\/boca-tauce-%e2%80%93-chirche\/\">Wanderung nach Chirche<\/a> bekannt und trotzdem sind wir wieder von den Felsformationen, dem Lavafeld, auch mit Stricklava, begeistert.<\/p>\n<p>Ersch\u00fcttert sind wir jedoch von den verheerenden Auswirkungen des Brandes von 2012. Dieses Gebiet war ja auch eine ganze Zeit absolut gesperrt, damit sich die Natur erholen konnte.<br \/>\nFlei\u00dfig wurde hier gearbeitet und die nicht mehr zu rettenden Kanarischen Kiefern wurden gef\u00e4llt und zur Hangverbauung eingesetzt.<br \/>\nJetzt stechen besonders die satt gr\u00fcnen B\u00fcsche der Teide-Minze und das Heer der Teide-Skabiosen, liebevoll \u201eRosalito salvaje\u201c genannt neben den die H\u00e4nge \u00fcberziehenden Teide-Lacks hervor.<br \/>\nDer wundersch\u00f6nen Teide-Natternkopfes bildet sich schon \u2013 noch ohne Bl\u00fcten \u2013 aus.<br \/>\nDazwischen aber, ganz gespenstisch, die verkohlten Ginsterb\u00fcsche.<\/p>\n<p>Nach knapp 15 Minuten Gehzeit wechselt der Weg vom Sand auf Lava und nach 20 Minuten, nach dem kleinen<\/p>\n<div id=\"attachment_3095\" style=\"width: 160px\" class=\"wp-caption alignleft\"><a href=\"http:\/\/www.mundi-roth.de\/teneriffa-blog\/wp-content\/uploads\/2014\/04\/P1140373.jpg\" rel=\"lightbox[3093]\"><img loading=\"lazy\" decoding=\"async\" aria-describedby=\"caption-attachment-3095\" class=\"size-thumbnail wp-image-3095\" src=\"http:\/\/www.mundi-roth.de\/teneriffa-blog\/wp-content\/uploads\/2014\/04\/P1140373-150x112.jpg\" alt=\"Hier geht es hoch\" width=\"150\" height=\"112\" srcset=\"https:\/\/www.mundi-roth.de\/teneriffa-blog\/wp-content\/uploads\/2014\/04\/P1140373-150x112.jpg 150w, https:\/\/www.mundi-roth.de\/teneriffa-blog\/wp-content\/uploads\/2014\/04\/P1140373-300x225.jpg 300w, https:\/\/www.mundi-roth.de\/teneriffa-blog\/wp-content\/uploads\/2014\/04\/P1140373.jpg 800w\" sizes=\"auto, (max-width: 150px) 100vw, 150px\" \/><\/a><p id=\"caption-attachment-3095\" class=\"wp-caption-text\">Hier geht es ins Lavafeld<\/p><\/div>\n<p>Anstieg, befinden wir uns am Scheideweg.<br \/>\nRechts gingen wir damals weiter und heute queren wir die Forststra\u00dfe um dann sofort in<\/p>\n<div id=\"attachment_3096\" style=\"width: 160px\" class=\"wp-caption alignright\"><a href=\"http:\/\/www.mundi-roth.de\/teneriffa-blog\/wp-content\/uploads\/2014\/04\/P1140387.jpg\" rel=\"lightbox[3093]\"><img loading=\"lazy\" decoding=\"async\" aria-describedby=\"caption-attachment-3096\" class=\"size-thumbnail wp-image-3096\" src=\"http:\/\/www.mundi-roth.de\/teneriffa-blog\/wp-content\/uploads\/2014\/04\/P1140387-150x112.jpg\" alt=\"Am &quot;Scheideweg&quot;\" width=\"150\" height=\"112\" srcset=\"https:\/\/www.mundi-roth.de\/teneriffa-blog\/wp-content\/uploads\/2014\/04\/P1140387-150x112.jpg 150w, https:\/\/www.mundi-roth.de\/teneriffa-blog\/wp-content\/uploads\/2014\/04\/P1140387-300x225.jpg 300w, https:\/\/www.mundi-roth.de\/teneriffa-blog\/wp-content\/uploads\/2014\/04\/P1140387.jpg 800w\" sizes=\"auto, (max-width: 150px) 100vw, 150px\" \/><\/a><p id=\"caption-attachment-3096\" class=\"wp-caption-text\">Am &#8222;Scheideweg&#8220;<\/p><\/div>\n<p>den unbetitelten Wanderweg einzubiegen. Die damals vorhandene Tafel ist auch verbrannt.<\/p>\n<p>Der Weg war wohl pr\u00e4pariert, jedoch die Regeng\u00fcsse haben die M\u00fche zum Teil zunichte gemacht.<br \/>\nHier wird uns nun das ganze Ausma\u00df des Brandes vor Augen gef\u00fchrt. Man kann sagen, der ganze Kiefernwald ist verbrannt, aber Dank dieser fantastischen B\u00e4ume, die ja bis 800 Grad Hitze \u00fcberstehen k\u00f6nnen, treiben sie sowohl am Stamm wie auch von unten wieder aus und dazwischen immer wieder Pulks des Teide-Lacks.<\/p>\n<p>Kaum 10 Minuten gegangen und da kommen sie: DIE MARGARITEN!<\/p>\n<div id=\"attachment_3097\" style=\"width: 310px\" class=\"wp-caption aligncenter\"><a href=\"http:\/\/www.mundi-roth.de\/teneriffa-blog\/wp-content\/uploads\/2014\/04\/P1140393.jpg\" rel=\"lightbox[3093]\"><img loading=\"lazy\" decoding=\"async\" aria-describedby=\"caption-attachment-3097\" class=\"size-medium wp-image-3097\" src=\"http:\/\/www.mundi-roth.de\/teneriffa-blog\/wp-content\/uploads\/2014\/04\/P1140393-300x225.jpg\" alt=\"Margariten in F\u00fclle\" width=\"300\" height=\"225\" srcset=\"https:\/\/www.mundi-roth.de\/teneriffa-blog\/wp-content\/uploads\/2014\/04\/P1140393-300x225.jpg 300w, https:\/\/www.mundi-roth.de\/teneriffa-blog\/wp-content\/uploads\/2014\/04\/P1140393-150x112.jpg 150w, https:\/\/www.mundi-roth.de\/teneriffa-blog\/wp-content\/uploads\/2014\/04\/P1140393.jpg 800w\" sizes=\"auto, (max-width: 300px) 100vw, 300px\" \/><\/a><p id=\"caption-attachment-3097\" class=\"wp-caption-text\">Margariten in F\u00fclle<\/p><\/div>\n<p>Um 12 Uhr gelangen wir auf die Forststra\u00dfe, folgen ihr nach links ein kurzes St\u00fcck aufw\u00e4rts, haben rechts oben den<\/p>\n<div id=\"attachment_3098\" style=\"width: 160px\" class=\"wp-caption alignleft\"><a href=\"http:\/\/www.mundi-roth.de\/teneriffa-blog\/wp-content\/uploads\/2014\/04\/P1140402.jpg\" rel=\"lightbox[3093]\"><img loading=\"lazy\" decoding=\"async\" aria-describedby=\"caption-attachment-3098\" class=\"size-thumbnail wp-image-3098\" src=\"http:\/\/www.mundi-roth.de\/teneriffa-blog\/wp-content\/uploads\/2014\/04\/P1140402-150x112.jpg\" alt=\"Der P\u00dcfosten weist den Weg\" width=\"150\" height=\"112\" srcset=\"https:\/\/www.mundi-roth.de\/teneriffa-blog\/wp-content\/uploads\/2014\/04\/P1140402-150x112.jpg 150w, https:\/\/www.mundi-roth.de\/teneriffa-blog\/wp-content\/uploads\/2014\/04\/P1140402-300x225.jpg 300w, https:\/\/www.mundi-roth.de\/teneriffa-blog\/wp-content\/uploads\/2014\/04\/P1140402.jpg 800w\" sizes=\"auto, (max-width: 150px) 100vw, 150px\" \/><\/a><p id=\"caption-attachment-3098\" class=\"wp-caption-text\">Der Pfosten weist den Weg<\/p><\/div>\n<p>Feuer-\u00dcberwachungs-Turm, den wir damals auf der Chirche-Tour umrundet haben, um dann rechts wieder auf den Wanderweg einzubiegen. Ein angekohlter Pfosten zeigt uns: \u201eHier geht\u2019s lang\u201c.<br \/>\nNach 10 Minuten Wanderung durch den Kiefernwald und \u00fcber Kiefernnadeln kommt rechts der Hinweis nach Gu\u00eda de Isora.<br \/>\nWir gehen gerade aus.<\/p>\n<div id=\"attachment_3099\" style=\"width: 160px\" class=\"wp-caption alignright\"><a href=\"http:\/\/www.mundi-roth.de\/teneriffa-blog\/wp-content\/uploads\/2014\/04\/P1140404.jpg\" rel=\"lightbox[3093]\"><img loading=\"lazy\" decoding=\"async\" aria-describedby=\"caption-attachment-3099\" class=\"size-thumbnail wp-image-3099\" src=\"http:\/\/www.mundi-roth.de\/teneriffa-blog\/wp-content\/uploads\/2014\/04\/P1140404-150x112.jpg\" alt=\"Gepflegter Weg\" width=\"150\" height=\"112\" srcset=\"https:\/\/www.mundi-roth.de\/teneriffa-blog\/wp-content\/uploads\/2014\/04\/P1140404-150x112.jpg 150w, https:\/\/www.mundi-roth.de\/teneriffa-blog\/wp-content\/uploads\/2014\/04\/P1140404-300x225.jpg 300w, https:\/\/www.mundi-roth.de\/teneriffa-blog\/wp-content\/uploads\/2014\/04\/P1140404.jpg 800w\" sizes=\"auto, (max-width: 150px) 100vw, 150px\" \/><\/a><p id=\"caption-attachment-3099\" class=\"wp-caption-text\">Gepflegter Weg<\/p><\/div>\n<p>Der Weg ist noch mit Lavabrocken eingefasst und die Hoffnungstr\u00e4ger der Kanarischen Kiefer sprie\u00dfen.<\/p>\n<div id=\"attachment_3139\" style=\"width: 160px\" class=\"wp-caption alignleft\"><a href=\"http:\/\/www.mundi-roth.de\/teneriffa-blog\/wp-content\/uploads\/2014\/04\/P1140409T1.jpg\" rel=\"lightbox[3093]\"><img loading=\"lazy\" decoding=\"async\" aria-describedby=\"caption-attachment-3139\" class=\"size-thumbnail wp-image-3139\" src=\"http:\/\/www.mundi-roth.de\/teneriffa-blog\/wp-content\/uploads\/2014\/04\/P1140409T1-150x112.jpg\" alt=\"Die Nachbarinseln\" width=\"150\" height=\"112\" srcset=\"https:\/\/www.mundi-roth.de\/teneriffa-blog\/wp-content\/uploads\/2014\/04\/P1140409T1-150x112.jpg 150w, https:\/\/www.mundi-roth.de\/teneriffa-blog\/wp-content\/uploads\/2014\/04\/P1140409T1-300x225.jpg 300w, https:\/\/www.mundi-roth.de\/teneriffa-blog\/wp-content\/uploads\/2014\/04\/P1140409T1.jpg 800w\" sizes=\"auto, (max-width: 150px) 100vw, 150px\" \/><\/a><p id=\"caption-attachment-3139\" class=\"wp-caption-text\">Die Nachbarinseln<\/p><\/div>\n<p>Wie ein Spaziergang mutet dieses St\u00fcck der Wanderung an und kurz darauf wird der Blick auf die Inseln La Gomera und La Palma freigegeben.<br \/>\nUnd nun beginnt f\u00fcr uns das Wunder der Margariten. Waren es es bisher vereinzelte B\u00fcsche, nun kommen die \u201eWiesen\u201c.<br \/>\nSo was haben wir wirklich noch nie zu sehen bekommen.<\/p>\n<p>Der viele Regen und auch die Asche als D\u00fcnger haben dieses wundersch\u00f6ne Ph\u00e4nomen wohl zu Stande gebracht.<\/p>\n<div id=\"attachment_3101\" style=\"width: 310px\" class=\"wp-caption aligncenter\"><a href=\"http:\/\/www.mundi-roth.de\/teneriffa-blog\/wp-content\/uploads\/2014\/04\/P1140416.jpg\" rel=\"lightbox[3093]\"><img loading=\"lazy\" decoding=\"async\" aria-describedby=\"caption-attachment-3101\" class=\"size-medium wp-image-3101\" src=\"http:\/\/www.mundi-roth.de\/teneriffa-blog\/wp-content\/uploads\/2014\/04\/P1140416-300x225.jpg\" alt=\"Wundersch\u00f6n\" width=\"300\" height=\"225\" srcset=\"https:\/\/www.mundi-roth.de\/teneriffa-blog\/wp-content\/uploads\/2014\/04\/P1140416-300x225.jpg 300w, https:\/\/www.mundi-roth.de\/teneriffa-blog\/wp-content\/uploads\/2014\/04\/P1140416-150x112.jpg 150w, https:\/\/www.mundi-roth.de\/teneriffa-blog\/wp-content\/uploads\/2014\/04\/P1140416.jpg 800w\" sizes=\"auto, (max-width: 300px) 100vw, 300px\" \/><\/a><p id=\"caption-attachment-3101\" class=\"wp-caption-text\">Wundersch\u00f6n<\/p><\/div>\n<p>Wir k\u00f6nnen uns nicht sattsehen und fotografieren wie die Weltmeister.<br \/>\nNur so nebenbei: Von dieser Wanderung habe ich 163 Aufnahmen mit nach Hause gebracht. Das wurde nur \u00fcbertroffen, von der <a href=\"http:\/\/www.mundi-roth.de\/teneriffa-blog\/wanderungen\/chinyero-garachico\/\">Vulkanwanderung vom Chinyero nach Garachico<\/a>. Da waren es 238.<br \/>\nDank der Digital-Fotografiererei.<\/p>\n<p>Wir waten regelrecht durch diese Margritenf\u00fclle und wenn nicht nette Vorwanderer oder die \u201eWegebauer\u201c immer, wenn man die Forststra\u00dfe queren muss Steinm\u00e4nnchen bzw. dickere Brocken wie Toreing\u00e4nge gesetzt h\u00e4tten, wir h\u00e4tten den Weg nicht ausmachen k\u00f6nnen. Er ist wohl wenig begangen und die Margariten machen alles dicht. Sp\u00e4ter kommen noch gro\u00dfe Ansammlungen der Affodills dazu, die aber ihre Hauptbl\u00fcte \u2013 wohl Anfang Februar \u2013 schon hinter sich haben.<\/p>\n<p>Gegen 13 Uhr verlassen wir die Waldzone und kommen in den Bereich der verkohlten Ginsterb\u00fcsche.<br \/>\nHier hei\u00dft es aufpassen:<br \/>\nEin kurzes St\u00fcck nach dem Wald<strong> nicht<\/strong> dem breiteren Pfad gerade aus folgen. Wir hatten es getan, jedoch \u201eAgathe\u201c<\/p>\n<div id=\"attachment_3103\" style=\"width: 160px\" class=\"wp-caption alignright\"><a href=\"http:\/\/www.mundi-roth.de\/teneriffa-blog\/wp-content\/uploads\/2014\/04\/P1140444.jpg\" rel=\"lightbox[3093]\"><img loading=\"lazy\" decoding=\"async\" aria-describedby=\"caption-attachment-3103\" class=\"size-thumbnail wp-image-3103\" src=\"http:\/\/www.mundi-roth.de\/teneriffa-blog\/wp-content\/uploads\/2014\/04\/P1140444-150x112.jpg\" alt=\"Steinm\u00e4nnchen beachten\" width=\"150\" height=\"112\" srcset=\"https:\/\/www.mundi-roth.de\/teneriffa-blog\/wp-content\/uploads\/2014\/04\/P1140444-150x112.jpg 150w, https:\/\/www.mundi-roth.de\/teneriffa-blog\/wp-content\/uploads\/2014\/04\/P1140444-300x225.jpg 300w, https:\/\/www.mundi-roth.de\/teneriffa-blog\/wp-content\/uploads\/2014\/04\/P1140444.jpg 800w\" sizes=\"auto, (max-width: 150px) 100vw, 150px\" \/><\/a><p id=\"caption-attachment-3103\" class=\"wp-caption-text\">Steinm\u00e4nnchen beachten<\/p><\/div>\n<p>(<em>unsere GPS-F\u00fchrerin im Handy<\/em>) rief uns zur Ordnung und so kehrten wir um, um unterhalb einer gro\u00dfen Steinmauer links abzubiegen und dann bei dem Steinm\u00e4nnchen gleich wieder rechts.<\/p>\n<div id=\"attachment_3104\" style=\"width: 160px\" class=\"wp-caption alignleft\"><a href=\"http:\/\/www.mundi-roth.de\/teneriffa-blog\/wp-content\/uploads\/2014\/04\/P1140448.jpg\" rel=\"lightbox[3093]\"><img loading=\"lazy\" decoding=\"async\" aria-describedby=\"caption-attachment-3104\" class=\"size-thumbnail wp-image-3104\" src=\"http:\/\/www.mundi-roth.de\/teneriffa-blog\/wp-content\/uploads\/2014\/04\/P1140448-150x112.jpg\" alt=\"Im Margariten-Meer\" width=\"150\" height=\"112\" srcset=\"https:\/\/www.mundi-roth.de\/teneriffa-blog\/wp-content\/uploads\/2014\/04\/P1140448-150x112.jpg 150w, https:\/\/www.mundi-roth.de\/teneriffa-blog\/wp-content\/uploads\/2014\/04\/P1140448-300x225.jpg 300w, https:\/\/www.mundi-roth.de\/teneriffa-blog\/wp-content\/uploads\/2014\/04\/P1140448.jpg 800w\" sizes=\"auto, (max-width: 150px) 100vw, 150px\" \/><\/a><p id=\"caption-attachment-3104\" class=\"wp-caption-text\">Im Margariten-Meer<\/p><\/div>\n<p>Und immer noch Margariten, Margariten.<br \/>\nNeben einem Wasserleitungsrohr geht es leicht bergan und von dort wird der Blick freigegeben auf den Barranco, La Gomera und rechts spitzt noch La Palma hervor.<\/p>\n<p>Unterwegs treffen wir auf regelrechte Steinb\u00e4nke und eine davon l\u00e4dt uns zu unserer<\/p>\n<div id=\"attachment_3105\" style=\"width: 160px\" class=\"wp-caption alignright\"><a href=\"http:\/\/www.mundi-roth.de\/teneriffa-blog\/wp-content\/uploads\/2014\/04\/P1140460.jpg\" rel=\"lightbox[3093]\"><img loading=\"lazy\" decoding=\"async\" aria-describedby=\"caption-attachment-3105\" class=\"size-thumbnail wp-image-3105\" src=\"http:\/\/www.mundi-roth.de\/teneriffa-blog\/wp-content\/uploads\/2014\/04\/P1140460-150x112.jpg\" alt=\"Steinb\u00e4nke f\u00fcr die Rast\" width=\"150\" height=\"112\" srcset=\"https:\/\/www.mundi-roth.de\/teneriffa-blog\/wp-content\/uploads\/2014\/04\/P1140460-150x112.jpg 150w, https:\/\/www.mundi-roth.de\/teneriffa-blog\/wp-content\/uploads\/2014\/04\/P1140460-300x225.jpg 300w, https:\/\/www.mundi-roth.de\/teneriffa-blog\/wp-content\/uploads\/2014\/04\/P1140460.jpg 800w\" sizes=\"auto, (max-width: 150px) 100vw, 150px\" \/><\/a><p id=\"caption-attachment-3105\" class=\"wp-caption-text\">Steinb\u00e4nke f\u00fcr die Rast<\/p><\/div>\n<p>Apfelpause ein.<\/p>\n<p>Allm\u00e4hlich werden die Margariten weniger aber daf\u00fcr begleiten uns nun an den Felsw\u00e4nden entlang die lila bl\u00fchenden Cinerarien. Auch nicht schlecht.<\/p>\n<div id=\"attachment_3106\" style=\"width: 160px\" class=\"wp-caption alignleft\"><a href=\"http:\/\/www.mundi-roth.de\/teneriffa-blog\/wp-content\/uploads\/2014\/04\/P1140471.jpg\" rel=\"lightbox[3093]\"><img loading=\"lazy\" decoding=\"async\" aria-describedby=\"caption-attachment-3106\" class=\"size-thumbnail wp-image-3106\" src=\"http:\/\/www.mundi-roth.de\/teneriffa-blog\/wp-content\/uploads\/2014\/04\/P1140471-150x124.jpg\" alt=\"Haus Poleo\" width=\"150\" height=\"124\" srcset=\"https:\/\/www.mundi-roth.de\/teneriffa-blog\/wp-content\/uploads\/2014\/04\/P1140471-150x124.jpg 150w, https:\/\/www.mundi-roth.de\/teneriffa-blog\/wp-content\/uploads\/2014\/04\/P1140471-300x248.jpg 300w, https:\/\/www.mundi-roth.de\/teneriffa-blog\/wp-content\/uploads\/2014\/04\/P1140471.jpg 681w\" sizes=\"auto, (max-width: 150px) 100vw, 150px\" \/><\/a><p id=\"caption-attachment-3106\" class=\"wp-caption-text\">Haus Poleo<\/p><\/div>\n<p>So gegen 14 Uhr n\u00e4hern wir uns dem Haus \u201ePoleo\u201c. Wenig einladend. Ob noch zeitweise bewohnt?<br \/>\nAber das Lavagestein ist \u00fcberwuchert von dem Rosa der Winden.<br \/>\nAn einer gedeckten, gemauerten Wasserleitung und sp\u00e4ter Wasserleitungsrohren geht es weiter abw\u00e4rts \u00fcber schlecht zu gehende Felsbrocken.<br \/>\nWer bisher keine Knie- oder Fu\u00df-Probleme hatte, der hat sie nach dieser Wanderung garantiert!<br \/>\nDa sehen wir nach einem Wasserbecken links von unserem Weg eine Betonpiste. Darauf wechseln wir, um unseren F\u00fcssen Erholung zu bieten. Jedoch kurz darauf wechseln wir zur\u00fcck, da wir den Eindruck haben, sie f\u00fchrt uns zu weit links von unserer geplanten Tour.<\/p>\n<p>Etwas unterhalb schauen wir auf \u201edas verlassene Dorf, &#8222;Caserios de las Fuentes&#8220;.<\/p>\n<div id=\"attachment_3107\" style=\"width: 160px\" class=\"wp-caption alignright\"><a href=\"http:\/\/www.mundi-roth.de\/teneriffa-blog\/wp-content\/uploads\/2014\/04\/P1140484.jpg\" rel=\"lightbox[3093]\"><img loading=\"lazy\" decoding=\"async\" aria-describedby=\"caption-attachment-3107\" class=\"size-thumbnail wp-image-3107\" src=\"http:\/\/www.mundi-roth.de\/teneriffa-blog\/wp-content\/uploads\/2014\/04\/P1140484-150x112.jpg\" alt=\"Las Casas Fuente\" width=\"150\" height=\"112\" srcset=\"https:\/\/www.mundi-roth.de\/teneriffa-blog\/wp-content\/uploads\/2014\/04\/P1140484-150x112.jpg 150w, https:\/\/www.mundi-roth.de\/teneriffa-blog\/wp-content\/uploads\/2014\/04\/P1140484-300x225.jpg 300w, https:\/\/www.mundi-roth.de\/teneriffa-blog\/wp-content\/uploads\/2014\/04\/P1140484.jpg 800w\" sizes=\"auto, (max-width: 150px) 100vw, 150px\" \/><\/a><p id=\"caption-attachment-3107\" class=\"wp-caption-text\">Caserios de las Fuentes<\/p><\/div>\n<div id=\"attachment_3108\" style=\"width: 160px\" class=\"wp-caption alignleft\"><a href=\"http:\/\/www.mundi-roth.de\/teneriffa-blog\/wp-content\/uploads\/2014\/04\/P1140493.jpg\" rel=\"lightbox[3093]\"><img loading=\"lazy\" decoding=\"async\" aria-describedby=\"caption-attachment-3108\" class=\"size-thumbnail wp-image-3108\" src=\"http:\/\/www.mundi-roth.de\/teneriffa-blog\/wp-content\/uploads\/2014\/04\/P1140493-150x112.jpg\" alt=\"Verlassen\" width=\"150\" height=\"112\" srcset=\"https:\/\/www.mundi-roth.de\/teneriffa-blog\/wp-content\/uploads\/2014\/04\/P1140493-150x112.jpg 150w, https:\/\/www.mundi-roth.de\/teneriffa-blog\/wp-content\/uploads\/2014\/04\/P1140493-300x225.jpg 300w, https:\/\/www.mundi-roth.de\/teneriffa-blog\/wp-content\/uploads\/2014\/04\/P1140493.jpg 800w\" sizes=\"auto, (max-width: 150px) 100vw, 150px\" \/><\/a><p id=\"caption-attachment-3108\" class=\"wp-caption-text\">Verlassen<\/p><\/div>\n<p>Es geht vorbei an einer Kapelle (?) einigen H\u00e4usern und wir gelangen an die Ansammlung verfallener H\u00e4user. Aber: in dieser verlassenen Zone bl\u00fchen wei\u00dfe Rosen!<br \/>\nVorbei an dem ehemaligen Waschplatz lockt uns \u201eAgathe\u201c nach links.<br \/>\nWir passieren ein neues Haus, steigen ab um worauf zuzulaufen? Auf die Betonpiste! Hier sollen wir rechts an einer Mauer abzweigen, werden an einem Kartoffelfeld aufw\u00e4rts zu den n\u00e4chsten verfallenen H\u00e4usern gelockt.<\/p>\n<div id=\"attachment_3109\" style=\"width: 160px\" class=\"wp-caption alignleft\"><a href=\"http:\/\/www.mundi-roth.de\/teneriffa-blog\/wp-content\/uploads\/2014\/04\/P1140503.jpg\" rel=\"lightbox[3093]\"><img loading=\"lazy\" decoding=\"async\" aria-describedby=\"caption-attachment-3109\" class=\"size-thumbnail wp-image-3109\" src=\"http:\/\/www.mundi-roth.de\/teneriffa-blog\/wp-content\/uploads\/2014\/04\/P1140503-150x112.jpg\" alt=\"Kein Weiterkommen\" width=\"150\" height=\"112\" srcset=\"https:\/\/www.mundi-roth.de\/teneriffa-blog\/wp-content\/uploads\/2014\/04\/P1140503-150x112.jpg 150w, https:\/\/www.mundi-roth.de\/teneriffa-blog\/wp-content\/uploads\/2014\/04\/P1140503-300x225.jpg 300w, https:\/\/www.mundi-roth.de\/teneriffa-blog\/wp-content\/uploads\/2014\/04\/P1140503.jpg 800w\" sizes=\"auto, (max-width: 150px) 100vw, 150px\" \/><\/a><p id=\"caption-attachment-3109\" class=\"wp-caption-text\">Kein Weiterkommen<\/p><\/div>\n<p>Jedoch hier absolut ENDE. Riesige Kaktusfeigen-Exemplare versperren ein Weiterkommen.<br \/>\nAlso:<br \/>\nLiebe Agathe, das war wohl nichts.<br \/>\nWir beschlie\u00dfen retour zu gehen, um dann an dem neueren H\u00e4user-Komplex, der noch bewohnt wird, die Stra\u00dfe entlang zu gehen, die uns dann hoffentlich nach Tejina bringen wird.<\/p>\n<div id=\"attachment_3110\" style=\"width: 160px\" class=\"wp-caption alignright\"><a href=\"http:\/\/www.mundi-roth.de\/teneriffa-blog\/wp-content\/uploads\/2014\/04\/P1140504.jpg\" rel=\"lightbox[3093]\"><img loading=\"lazy\" decoding=\"async\" aria-describedby=\"caption-attachment-3110\" class=\"size-thumbnail wp-image-3110\" src=\"http:\/\/www.mundi-roth.de\/teneriffa-blog\/wp-content\/uploads\/2014\/04\/P1140504-150x128.jpg\" alt=\"Kaum lesbarer Hinweis\" width=\"150\" height=\"128\" srcset=\"https:\/\/www.mundi-roth.de\/teneriffa-blog\/wp-content\/uploads\/2014\/04\/P1140504-150x128.jpg 150w, https:\/\/www.mundi-roth.de\/teneriffa-blog\/wp-content\/uploads\/2014\/04\/P1140504-300x257.jpg 300w, https:\/\/www.mundi-roth.de\/teneriffa-blog\/wp-content\/uploads\/2014\/04\/P1140504.jpg 659w\" sizes=\"auto, (max-width: 150px) 100vw, 150px\" \/><\/a><p id=\"caption-attachment-3110\" class=\"wp-caption-text\">Kaum lesbarer Hinweis<\/p><\/div>\n<p>Jedoch kurz vor dem Komplex sehen wir rechts eine ganz verwittere Hinweistafel: Acojeja 1 1\/2 Stunden.<br \/>\nNa, dieser Abschnitt oberhalb des Barrancos, vorbei an imposanten Felsw\u00e4nden ist mir von fr\u00fcheren Wanderungen mit der gro\u00dfen Wandergruppe bekannt.<br \/>\nAbstieg in den Barranco de Guar\u00eda, diesen queren und wieder Aufsteigen.<br \/>\nObwohl wir schon 4 Stunden gegangen sind, sind wir froh, mal wieder aufsteigen zu &#8222;d\u00fcrfen&#8220;. Es ist direkt Labsal f\u00fcr die geschundenen F\u00fc\u00dfe.<\/p>\n<p>An den bewirtschaften Feldern, noch an einer gro\u00dfen Wermuth-Ansammlung vorbei, gelangen wir auf die H\u00f6he um dort den Hinweis zu lesen: \u201e4,0 km Vera de Erques, 1,3 km Las Fuentes, 2,0 km El Jaral\u201c.<\/p>\n<p>Nun wollen wir meinen lieben Mann anrufen, dass er uns abholen kann.<br \/>\nEr ist bereits in Tejina, wo wir glaubten auszukommen. Da wir jedoch lange Strecken kein Netz hatten, war die Verst\u00e4ndigung schwierig.<br \/>\nLanger Rede kurzer Sinn: Wir konnten doch noch zusammenfinden, nachdem wir schon ein ganze Strecke auf der Asphaltstra\u00dfe Richtung Acojeja unterwegs waren.<\/p>\n<div id=\"attachment_3111\" style=\"width: 160px\" class=\"wp-caption alignright\"><a href=\"http:\/\/www.mundi-roth.de\/teneriffa-blog\/wp-content\/uploads\/2014\/04\/P1140516.jpg\" rel=\"lightbox[3093]\"><img loading=\"lazy\" decoding=\"async\" aria-describedby=\"caption-attachment-3111\" class=\"size-thumbnail wp-image-3111\" src=\"http:\/\/www.mundi-roth.de\/teneriffa-blog\/wp-content\/uploads\/2014\/04\/P1140516-150x112.jpg\" alt=\"&quot;Taxi IrmEl&quot; kommt\" width=\"150\" height=\"112\" srcset=\"https:\/\/www.mundi-roth.de\/teneriffa-blog\/wp-content\/uploads\/2014\/04\/P1140516-150x112.jpg 150w, https:\/\/www.mundi-roth.de\/teneriffa-blog\/wp-content\/uploads\/2014\/04\/P1140516-300x225.jpg 300w, https:\/\/www.mundi-roth.de\/teneriffa-blog\/wp-content\/uploads\/2014\/04\/P1140516.jpg 800w\" sizes=\"auto, (max-width: 150px) 100vw, 150px\" \/><\/a><p id=\"caption-attachment-3111\" class=\"wp-caption-text\">&#8222;Taxi IrmEli&#8220; kommt<\/p><\/div>\n<p>Noch nie wurde mein lieber Mann mit Taxi \u201eIrmEli\u201c so sehns\u00fcchtig erwartet wie heute.<br \/>\nUnsere F\u00fc\u00dfe dampften und schmerzten und wir dankten ihm heftig!<\/p>\n<p><strong>Fazit:<\/strong><br \/>\nZur Zeit \u2013 zur Margaritenbl\u00fcte \u2013 eine zauberhafte Tour.<br \/>\nSo eine F\u00fclle von Margariten haben wir noch nie gesehen!<br \/>\nDie Abwechslung: Fantastische Lavalandschaft, Kiefernwald, auch wenn sehr angekokelt, Felsformationen, Ausblicke. Selbst die Insel El Hierro konnten wir ausmachen.<br \/>\nEine Strecke, die wohl kaum bewandert wird.<br \/>\nAber: Es sei nicht verschwiegen, sie ist zwar nicht anstrengend, da kaum Aufstiege, aber bedingt durch die Bodenbeschaffenheit &#8211; dicke Felsbrocken &#8211; ist auf dem gr\u00f6\u00dften Teil der Strecke sehr, sehr schlecht zu gehen!<br \/>\nTrotz allem:<br \/>\nWir waren \u2013 obwohl zum Schluss Knie und F\u00fc\u00dfe schmerzten \u2013 gl\u00fccklich, diese Wanderung gemacht zu haben.<\/p>\n<p>Noch mehr Bilder, die den Text gesprengt h\u00e4tten<\/p>\n\n\t\t<style type=\"text\/css\">\n\t\t\t#gallery-1 {\n\t\t\t\tmargin: auto;\n\t\t\t}\n\t\t\t#gallery-1 .gallery-item {\n\t\t\t\tfloat: left;\n\t\t\t\tmargin-top: 10px;\n\t\t\t\ttext-align: center;\n\t\t\t\twidth: 33%;\n\t\t\t}\n\t\t\t#gallery-1 img {\n\t\t\t\tborder: 2px solid #cfcfcf;\n\t\t\t}\n\t\t\t#gallery-1 .gallery-caption {\n\t\t\t\tmargin-left: 0;\n\t\t\t}\n\t\t\t\/* see gallery_shortcode() in wp-includes\/media.php *\/\n\t\t<\/style>\n\t\t<div id='gallery-1' class='gallery galleryid-3093 gallery-columns-3 gallery-size-thumbnail'><dl class='gallery-item'>\n\t\t\t<dt class='gallery-icon portrait'>\n\t\t\t\t<a href='https:\/\/www.mundi-roth.de\/teneriffa-blog\/wp-content\/uploads\/2014\/04\/P1140374.jpg' rel=\"lightbox[3093]\"><img loading=\"lazy\" decoding=\"async\" width=\"112\" height=\"150\" src=\"https:\/\/www.mundi-roth.de\/teneriffa-blog\/wp-content\/uploads\/2014\/04\/P1140374-112x150.jpg\" class=\"attachment-thumbnail size-thumbnail\" alt=\"\" aria-describedby=\"gallery-1-3113\" srcset=\"https:\/\/www.mundi-roth.de\/teneriffa-blog\/wp-content\/uploads\/2014\/04\/P1140374-112x150.jpg 112w, https:\/\/www.mundi-roth.de\/teneriffa-blog\/wp-content\/uploads\/2014\/04\/P1140374-225x300.jpg 225w, https:\/\/www.mundi-roth.de\/teneriffa-blog\/wp-content\/uploads\/2014\/04\/P1140374.jpg 600w\" sizes=\"auto, (max-width: 112px) 100vw, 112px\" \/><\/a>\n\t\t\t<\/dt>\n\t\t\t\t<dd class='wp-caption-text gallery-caption' id='gallery-1-3113'>\n\t\t\t\tFelsskulptur\n\t\t\t\t<\/dd><\/dl><dl class='gallery-item'>\n\t\t\t<dt class='gallery-icon portrait'>\n\t\t\t\t<a href='https:\/\/www.mundi-roth.de\/teneriffa-blog\/wp-content\/uploads\/2014\/04\/P1140377.jpg' rel=\"lightbox[3093]\"><img loading=\"lazy\" decoding=\"async\" width=\"112\" height=\"150\" src=\"https:\/\/www.mundi-roth.de\/teneriffa-blog\/wp-content\/uploads\/2014\/04\/P1140377-112x150.jpg\" class=\"attachment-thumbnail size-thumbnail\" alt=\"\" aria-describedby=\"gallery-1-3114\" srcset=\"https:\/\/www.mundi-roth.de\/teneriffa-blog\/wp-content\/uploads\/2014\/04\/P1140377-112x150.jpg 112w, https:\/\/www.mundi-roth.de\/teneriffa-blog\/wp-content\/uploads\/2014\/04\/P1140377-225x300.jpg 225w, https:\/\/www.mundi-roth.de\/teneriffa-blog\/wp-content\/uploads\/2014\/04\/P1140377.jpg 600w\" sizes=\"auto, (max-width: 112px) 100vw, 112px\" \/><\/a>\n\t\t\t<\/dt>\n\t\t\t\t<dd class='wp-caption-text gallery-caption' id='gallery-1-3114'>\n\t\t\t\tFelsskulptur\n\t\t\t\t<\/dd><\/dl><dl class='gallery-item'>\n\t\t\t<dt class='gallery-icon landscape'>\n\t\t\t\t<a href='https:\/\/www.mundi-roth.de\/teneriffa-blog\/wp-content\/uploads\/2014\/04\/P1140378.jpg' rel=\"lightbox[3093]\"><img loading=\"lazy\" decoding=\"async\" width=\"150\" height=\"112\" src=\"https:\/\/www.mundi-roth.de\/teneriffa-blog\/wp-content\/uploads\/2014\/04\/P1140378-150x112.jpg\" class=\"attachment-thumbnail size-thumbnail\" alt=\"\" aria-describedby=\"gallery-1-3115\" srcset=\"https:\/\/www.mundi-roth.de\/teneriffa-blog\/wp-content\/uploads\/2014\/04\/P1140378-150x112.jpg 150w, https:\/\/www.mundi-roth.de\/teneriffa-blog\/wp-content\/uploads\/2014\/04\/P1140378-300x225.jpg 300w, https:\/\/www.mundi-roth.de\/teneriffa-blog\/wp-content\/uploads\/2014\/04\/P1140378.jpg 800w\" sizes=\"auto, (max-width: 150px) 100vw, 150px\" \/><\/a>\n\t\t\t<\/dt>\n\t\t\t\t<dd class='wp-caption-text gallery-caption' id='gallery-1-3115'>\n\t\t\t\tNoch vor der Bl\u00fcte\n\t\t\t\t<\/dd><\/dl><br style=\"clear: both\" \/><dl class='gallery-item'>\n\t\t\t<dt class='gallery-icon landscape'>\n\t\t\t\t<a href='https:\/\/www.mundi-roth.de\/teneriffa-blog\/wp-content\/uploads\/2014\/04\/P1140380.jpg' rel=\"lightbox[3093]\"><img loading=\"lazy\" decoding=\"async\" width=\"150\" height=\"112\" src=\"https:\/\/www.mundi-roth.de\/teneriffa-blog\/wp-content\/uploads\/2014\/04\/P1140380-150x112.jpg\" class=\"attachment-thumbnail size-thumbnail\" alt=\"\" aria-describedby=\"gallery-1-3116\" srcset=\"https:\/\/www.mundi-roth.de\/teneriffa-blog\/wp-content\/uploads\/2014\/04\/P1140380-150x112.jpg 150w, https:\/\/www.mundi-roth.de\/teneriffa-blog\/wp-content\/uploads\/2014\/04\/P1140380-300x225.jpg 300w, https:\/\/www.mundi-roth.de\/teneriffa-blog\/wp-content\/uploads\/2014\/04\/P1140380.jpg 800w\" sizes=\"auto, (max-width: 150px) 100vw, 150px\" \/><\/a>\n\t\t\t<\/dt>\n\t\t\t\t<dd class='wp-caption-text gallery-caption' id='gallery-1-3116'>\n\t\t\t\tNeues Leben nach dem Brand\n\t\t\t\t<\/dd><\/dl><dl class='gallery-item'>\n\t\t\t<dt class='gallery-icon landscape'>\n\t\t\t\t<a href='https:\/\/www.mundi-roth.de\/teneriffa-blog\/wp-content\/uploads\/2014\/04\/P1140390.jpg' rel=\"lightbox[3093]\"><img loading=\"lazy\" decoding=\"async\" width=\"150\" height=\"112\" src=\"https:\/\/www.mundi-roth.de\/teneriffa-blog\/wp-content\/uploads\/2014\/04\/P1140390-150x112.jpg\" class=\"attachment-thumbnail size-thumbnail\" alt=\"\" aria-describedby=\"gallery-1-3117\" srcset=\"https:\/\/www.mundi-roth.de\/teneriffa-blog\/wp-content\/uploads\/2014\/04\/P1140390-150x112.jpg 150w, https:\/\/www.mundi-roth.de\/teneriffa-blog\/wp-content\/uploads\/2014\/04\/P1140390-300x225.jpg 300w, https:\/\/www.mundi-roth.de\/teneriffa-blog\/wp-content\/uploads\/2014\/04\/P1140390.jpg 800w\" sizes=\"auto, (max-width: 150px) 100vw, 150px\" \/><\/a>\n\t\t\t<\/dt>\n\t\t\t\t<dd class='wp-caption-text gallery-caption' id='gallery-1-3117'>\n\t\t\t\tSteiniger Weg\n\t\t\t\t<\/dd><\/dl><dl class='gallery-item'>\n\t\t\t<dt class='gallery-icon landscape'>\n\t\t\t\t<a href='https:\/\/www.mundi-roth.de\/teneriffa-blog\/wp-content\/uploads\/2014\/04\/P1140396.jpg' rel=\"lightbox[3093]\"><img loading=\"lazy\" decoding=\"async\" width=\"150\" height=\"112\" src=\"https:\/\/www.mundi-roth.de\/teneriffa-blog\/wp-content\/uploads\/2014\/04\/P1140396-150x112.jpg\" class=\"attachment-thumbnail size-thumbnail\" alt=\"\" aria-describedby=\"gallery-1-3118\" srcset=\"https:\/\/www.mundi-roth.de\/teneriffa-blog\/wp-content\/uploads\/2014\/04\/P1140396-150x112.jpg 150w, https:\/\/www.mundi-roth.de\/teneriffa-blog\/wp-content\/uploads\/2014\/04\/P1140396-300x225.jpg 300w, https:\/\/www.mundi-roth.de\/teneriffa-blog\/wp-content\/uploads\/2014\/04\/P1140396.jpg 800w\" sizes=\"auto, (max-width: 150px) 100vw, 150px\" \/><\/a>\n\t\t\t<\/dt>\n\t\t\t\t<dd class='wp-caption-text gallery-caption' id='gallery-1-3118'>\n\t\t\t\tMargariten und schwarz verkohlte St\u00e4mme\n\t\t\t\t<\/dd><\/dl><br style=\"clear: both\" \/><dl class='gallery-item'>\n\t\t\t<dt class='gallery-icon landscape'>\n\t\t\t\t<a href='https:\/\/www.mundi-roth.de\/teneriffa-blog\/wp-content\/uploads\/2014\/04\/P1140400.jpg' rel=\"lightbox[3093]\"><img loading=\"lazy\" decoding=\"async\" width=\"150\" height=\"112\" src=\"https:\/\/www.mundi-roth.de\/teneriffa-blog\/wp-content\/uploads\/2014\/04\/P1140400-150x112.jpg\" class=\"attachment-thumbnail size-thumbnail\" alt=\"\" aria-describedby=\"gallery-1-3119\" srcset=\"https:\/\/www.mundi-roth.de\/teneriffa-blog\/wp-content\/uploads\/2014\/04\/P1140400-150x112.jpg 150w, https:\/\/www.mundi-roth.de\/teneriffa-blog\/wp-content\/uploads\/2014\/04\/P1140400-300x225.jpg 300w, https:\/\/www.mundi-roth.de\/teneriffa-blog\/wp-content\/uploads\/2014\/04\/P1140400.jpg 800w\" sizes=\"auto, (max-width: 150px) 100vw, 150px\" \/><\/a>\n\t\t\t<\/dt>\n\t\t\t\t<dd class='wp-caption-text gallery-caption' id='gallery-1-3119'>\n\t\t\t\tMargariten\n\t\t\t\t<\/dd><\/dl><dl class='gallery-item'>\n\t\t\t<dt class='gallery-icon landscape'>\n\t\t\t\t<a href='https:\/\/www.mundi-roth.de\/teneriffa-blog\/wp-content\/uploads\/2014\/04\/P1140413.jpg' rel=\"lightbox[3093]\"><img loading=\"lazy\" decoding=\"async\" width=\"150\" height=\"112\" src=\"https:\/\/www.mundi-roth.de\/teneriffa-blog\/wp-content\/uploads\/2014\/04\/P1140413-150x112.jpg\" class=\"attachment-thumbnail size-thumbnail\" alt=\"\" aria-describedby=\"gallery-1-3120\" srcset=\"https:\/\/www.mundi-roth.de\/teneriffa-blog\/wp-content\/uploads\/2014\/04\/P1140413-150x112.jpg 150w, https:\/\/www.mundi-roth.de\/teneriffa-blog\/wp-content\/uploads\/2014\/04\/P1140413-300x225.jpg 300w, https:\/\/www.mundi-roth.de\/teneriffa-blog\/wp-content\/uploads\/2014\/04\/P1140413.jpg 800w\" sizes=\"auto, (max-width: 150px) 100vw, 150px\" \/><\/a>\n\t\t\t<\/dt>\n\t\t\t\t<dd class='wp-caption-text gallery-caption' id='gallery-1-3120'>\n\t\t\t\tMargariten\n\t\t\t\t<\/dd><\/dl><dl class='gallery-item'>\n\t\t\t<dt class='gallery-icon landscape'>\n\t\t\t\t<a href='https:\/\/www.mundi-roth.de\/teneriffa-blog\/wp-content\/uploads\/2014\/04\/P11404161.jpg' rel=\"lightbox[3093]\"><img loading=\"lazy\" decoding=\"async\" width=\"150\" height=\"112\" src=\"https:\/\/www.mundi-roth.de\/teneriffa-blog\/wp-content\/uploads\/2014\/04\/P11404161-150x112.jpg\" class=\"attachment-thumbnail size-thumbnail\" alt=\"\" aria-describedby=\"gallery-1-3122\" srcset=\"https:\/\/www.mundi-roth.de\/teneriffa-blog\/wp-content\/uploads\/2014\/04\/P11404161-150x112.jpg 150w, https:\/\/www.mundi-roth.de\/teneriffa-blog\/wp-content\/uploads\/2014\/04\/P11404161-300x225.jpg 300w, https:\/\/www.mundi-roth.de\/teneriffa-blog\/wp-content\/uploads\/2014\/04\/P11404161.jpg 800w\" sizes=\"auto, (max-width: 150px) 100vw, 150px\" \/><\/a>\n\t\t\t<\/dt>\n\t\t\t\t<dd class='wp-caption-text gallery-caption' id='gallery-1-3122'>\n\t\t\t\tMargariten\n\t\t\t\t<\/dd><\/dl><br style=\"clear: both\" \/><dl class='gallery-item'>\n\t\t\t<dt class='gallery-icon landscape'>\n\t\t\t\t<a href='https:\/\/www.mundi-roth.de\/teneriffa-blog\/wp-content\/uploads\/2014\/04\/P1140422.jpg' rel=\"lightbox[3093]\"><img loading=\"lazy\" decoding=\"async\" width=\"150\" height=\"112\" src=\"https:\/\/www.mundi-roth.de\/teneriffa-blog\/wp-content\/uploads\/2014\/04\/P1140422-150x112.jpg\" class=\"attachment-thumbnail size-thumbnail\" alt=\"\" aria-describedby=\"gallery-1-3123\" srcset=\"https:\/\/www.mundi-roth.de\/teneriffa-blog\/wp-content\/uploads\/2014\/04\/P1140422-150x112.jpg 150w, https:\/\/www.mundi-roth.de\/teneriffa-blog\/wp-content\/uploads\/2014\/04\/P1140422-300x225.jpg 300w, https:\/\/www.mundi-roth.de\/teneriffa-blog\/wp-content\/uploads\/2014\/04\/P1140422.jpg 800w\" sizes=\"auto, (max-width: 150px) 100vw, 150px\" \/><\/a>\n\t\t\t<\/dt>\n\t\t\t\t<dd class='wp-caption-text gallery-caption' id='gallery-1-3123'>\n\t\t\t\tNoch mehr Margariten\n\t\t\t\t<\/dd><\/dl><dl class='gallery-item'>\n\t\t\t<dt class='gallery-icon landscape'>\n\t\t\t\t<a href='https:\/\/www.mundi-roth.de\/teneriffa-blog\/wp-content\/uploads\/2014\/04\/P1140426.jpg' rel=\"lightbox[3093]\"><img loading=\"lazy\" decoding=\"async\" width=\"150\" height=\"112\" src=\"https:\/\/www.mundi-roth.de\/teneriffa-blog\/wp-content\/uploads\/2014\/04\/P1140426-150x112.jpg\" class=\"attachment-thumbnail size-thumbnail\" alt=\"\" aria-describedby=\"gallery-1-3124\" srcset=\"https:\/\/www.mundi-roth.de\/teneriffa-blog\/wp-content\/uploads\/2014\/04\/P1140426-150x112.jpg 150w, https:\/\/www.mundi-roth.de\/teneriffa-blog\/wp-content\/uploads\/2014\/04\/P1140426-300x225.jpg 300w, https:\/\/www.mundi-roth.de\/teneriffa-blog\/wp-content\/uploads\/2014\/04\/P1140426.jpg 800w\" sizes=\"auto, (max-width: 150px) 100vw, 150px\" \/><\/a>\n\t\t\t<\/dt>\n\t\t\t\t<dd class='wp-caption-text gallery-caption' id='gallery-1-3124'>\n\t\t\t\tKaum ein Weg zu erkenen\n\t\t\t\t<\/dd><\/dl><dl class='gallery-item'>\n\t\t\t<dt class='gallery-icon landscape'>\n\t\t\t\t<a href='https:\/\/www.mundi-roth.de\/teneriffa-blog\/wp-content\/uploads\/2014\/04\/P1140431.jpg' rel=\"lightbox[3093]\"><img loading=\"lazy\" decoding=\"async\" width=\"150\" height=\"112\" src=\"https:\/\/www.mundi-roth.de\/teneriffa-blog\/wp-content\/uploads\/2014\/04\/P1140431-150x112.jpg\" class=\"attachment-thumbnail size-thumbnail\" alt=\"\" aria-describedby=\"gallery-1-3125\" srcset=\"https:\/\/www.mundi-roth.de\/teneriffa-blog\/wp-content\/uploads\/2014\/04\/P1140431-150x112.jpg 150w, https:\/\/www.mundi-roth.de\/teneriffa-blog\/wp-content\/uploads\/2014\/04\/P1140431-300x225.jpg 300w, https:\/\/www.mundi-roth.de\/teneriffa-blog\/wp-content\/uploads\/2014\/04\/P1140431.jpg 800w\" sizes=\"auto, (max-width: 150px) 100vw, 150px\" \/><\/a>\n\t\t\t<\/dt>\n\t\t\t\t<dd class='wp-caption-text gallery-caption' id='gallery-1-3125'>\n\t\t\t\tUnwiederbringlich verbrannte Ginsterb\u00fcsche\n\t\t\t\t<\/dd><\/dl><br style=\"clear: both\" \/><dl class='gallery-item'>\n\t\t\t<dt class='gallery-icon landscape'>\n\t\t\t\t<a href='https:\/\/www.mundi-roth.de\/teneriffa-blog\/wp-content\/uploads\/2014\/04\/P1140439.jpg' rel=\"lightbox[3093]\"><img loading=\"lazy\" decoding=\"async\" width=\"150\" height=\"112\" src=\"https:\/\/www.mundi-roth.de\/teneriffa-blog\/wp-content\/uploads\/2014\/04\/P1140439-150x112.jpg\" class=\"attachment-thumbnail size-thumbnail\" alt=\"\" aria-describedby=\"gallery-1-3126\" srcset=\"https:\/\/www.mundi-roth.de\/teneriffa-blog\/wp-content\/uploads\/2014\/04\/P1140439-150x112.jpg 150w, https:\/\/www.mundi-roth.de\/teneriffa-blog\/wp-content\/uploads\/2014\/04\/P1140439-300x225.jpg 300w, https:\/\/www.mundi-roth.de\/teneriffa-blog\/wp-content\/uploads\/2014\/04\/P1140439.jpg 800w\" sizes=\"auto, (max-width: 150px) 100vw, 150px\" \/><\/a>\n\t\t\t<\/dt>\n\t\t\t\t<dd class='wp-caption-text gallery-caption' id='gallery-1-3126'>\n\t\t\t\tJunge Triebe am verkohlten Stamm\n\t\t\t\t<\/dd><\/dl><dl class='gallery-item'>\n\t\t\t<dt class='gallery-icon landscape'>\n\t\t\t\t<a href='https:\/\/www.mundi-roth.de\/teneriffa-blog\/wp-content\/uploads\/2014\/04\/P1140443.jpg' rel=\"lightbox[3093]\"><img loading=\"lazy\" decoding=\"async\" width=\"150\" height=\"112\" src=\"https:\/\/www.mundi-roth.de\/teneriffa-blog\/wp-content\/uploads\/2014\/04\/P1140443-150x112.jpg\" class=\"attachment-thumbnail size-thumbnail\" alt=\"\" aria-describedby=\"gallery-1-3127\" srcset=\"https:\/\/www.mundi-roth.de\/teneriffa-blog\/wp-content\/uploads\/2014\/04\/P1140443-150x112.jpg 150w, https:\/\/www.mundi-roth.de\/teneriffa-blog\/wp-content\/uploads\/2014\/04\/P1140443-300x225.jpg 300w, https:\/\/www.mundi-roth.de\/teneriffa-blog\/wp-content\/uploads\/2014\/04\/P1140443.jpg 800w\" sizes=\"auto, (max-width: 150px) 100vw, 150px\" \/><\/a>\n\t\t\t<\/dt>\n\t\t\t\t<dd class='wp-caption-text gallery-caption' id='gallery-1-3127'>\n\t\t\t\tTraurig &#8211; der verbrannte Ginster\n\t\t\t\t<\/dd><\/dl><dl class='gallery-item'>\n\t\t\t<dt class='gallery-icon landscape'>\n\t\t\t\t<a href='https:\/\/www.mundi-roth.de\/teneriffa-blog\/wp-content\/uploads\/2014\/04\/P1140446.jpg' rel=\"lightbox[3093]\"><img loading=\"lazy\" decoding=\"async\" width=\"150\" height=\"112\" src=\"https:\/\/www.mundi-roth.de\/teneriffa-blog\/wp-content\/uploads\/2014\/04\/P1140446-150x112.jpg\" class=\"attachment-thumbnail size-thumbnail\" alt=\"\" aria-describedby=\"gallery-1-3128\" srcset=\"https:\/\/www.mundi-roth.de\/teneriffa-blog\/wp-content\/uploads\/2014\/04\/P1140446-150x112.jpg 150w, https:\/\/www.mundi-roth.de\/teneriffa-blog\/wp-content\/uploads\/2014\/04\/P1140446-300x225.jpg 300w, https:\/\/www.mundi-roth.de\/teneriffa-blog\/wp-content\/uploads\/2014\/04\/P1140446.jpg 800w\" sizes=\"auto, (max-width: 150px) 100vw, 150px\" \/><\/a>\n\t\t\t<\/dt>\n\t\t\t\t<dd class='wp-caption-text gallery-caption' id='gallery-1-3128'>\n\t\t\t\tNochmal Margariten und toter Ginster\n\t\t\t\t<\/dd><\/dl><br style=\"clear: both\" \/><dl class='gallery-item'>\n\t\t\t<dt class='gallery-icon landscape'>\n\t\t\t\t<a href='https:\/\/www.mundi-roth.de\/teneriffa-blog\/wp-content\/uploads\/2014\/04\/P1140472.jpg' rel=\"lightbox[3093]\"><img loading=\"lazy\" decoding=\"async\" width=\"150\" height=\"112\" src=\"https:\/\/www.mundi-roth.de\/teneriffa-blog\/wp-content\/uploads\/2014\/04\/P1140472-150x112.jpg\" class=\"attachment-thumbnail size-thumbnail\" alt=\"\" aria-describedby=\"gallery-1-3130\" srcset=\"https:\/\/www.mundi-roth.de\/teneriffa-blog\/wp-content\/uploads\/2014\/04\/P1140472-150x112.jpg 150w, https:\/\/www.mundi-roth.de\/teneriffa-blog\/wp-content\/uploads\/2014\/04\/P1140472-300x225.jpg 300w, https:\/\/www.mundi-roth.de\/teneriffa-blog\/wp-content\/uploads\/2014\/04\/P1140472.jpg 800w\" sizes=\"auto, (max-width: 150px) 100vw, 150px\" \/><\/a>\n\t\t\t<\/dt>\n\t\t\t\t<dd class='wp-caption-text gallery-caption' id='gallery-1-3130'>\n\t\t\t\tWinden\n\t\t\t\t<\/dd><\/dl><dl class='gallery-item'>\n\t\t\t<dt class='gallery-icon landscape'>\n\t\t\t\t<a href='https:\/\/www.mundi-roth.de\/teneriffa-blog\/wp-content\/uploads\/2014\/04\/P1140476.jpg' rel=\"lightbox[3093]\"><img loading=\"lazy\" decoding=\"async\" width=\"150\" height=\"112\" src=\"https:\/\/www.mundi-roth.de\/teneriffa-blog\/wp-content\/uploads\/2014\/04\/P1140476-150x112.jpg\" class=\"attachment-thumbnail size-thumbnail\" alt=\"\" aria-describedby=\"gallery-1-3131\" srcset=\"https:\/\/www.mundi-roth.de\/teneriffa-blog\/wp-content\/uploads\/2014\/04\/P1140476-150x112.jpg 150w, https:\/\/www.mundi-roth.de\/teneriffa-blog\/wp-content\/uploads\/2014\/04\/P1140476-300x225.jpg 300w, https:\/\/www.mundi-roth.de\/teneriffa-blog\/wp-content\/uploads\/2014\/04\/P1140476.jpg 800w\" sizes=\"auto, (max-width: 150px) 100vw, 150px\" \/><\/a>\n\t\t\t<\/dt>\n\t\t\t\t<dd class='wp-caption-text gallery-caption' id='gallery-1-3131'>\n\t\t\t\tWasserleitung alter Art\n\t\t\t\t<\/dd><\/dl><dl class='gallery-item'>\n\t\t\t<dt class='gallery-icon landscape'>\n\t\t\t\t<a href='https:\/\/www.mundi-roth.de\/teneriffa-blog\/wp-content\/uploads\/2014\/04\/P1140477.jpg' rel=\"lightbox[3093]\"><img loading=\"lazy\" decoding=\"async\" width=\"150\" height=\"112\" src=\"https:\/\/www.mundi-roth.de\/teneriffa-blog\/wp-content\/uploads\/2014\/04\/P1140477-150x112.jpg\" class=\"attachment-thumbnail size-thumbnail\" alt=\"\" aria-describedby=\"gallery-1-3132\" srcset=\"https:\/\/www.mundi-roth.de\/teneriffa-blog\/wp-content\/uploads\/2014\/04\/P1140477-150x112.jpg 150w, https:\/\/www.mundi-roth.de\/teneriffa-blog\/wp-content\/uploads\/2014\/04\/P1140477-300x225.jpg 300w, https:\/\/www.mundi-roth.de\/teneriffa-blog\/wp-content\/uploads\/2014\/04\/P1140477.jpg 800w\" sizes=\"auto, (max-width: 150px) 100vw, 150px\" \/><\/a>\n\t\t\t<\/dt>\n\t\t\t\t<dd class='wp-caption-text gallery-caption' id='gallery-1-3132'>\n\t\t\t\tWasserleitung neuer Art\n\t\t\t\t<\/dd><\/dl><br style=\"clear: both\" \/><dl class='gallery-item'>\n\t\t\t<dt class='gallery-icon landscape'>\n\t\t\t\t<a href='https:\/\/www.mundi-roth.de\/teneriffa-blog\/wp-content\/uploads\/2014\/04\/P1140481.jpg' rel=\"lightbox[3093]\"><img loading=\"lazy\" decoding=\"async\" width=\"150\" height=\"112\" src=\"https:\/\/www.mundi-roth.de\/teneriffa-blog\/wp-content\/uploads\/2014\/04\/P1140481-150x112.jpg\" class=\"attachment-thumbnail size-thumbnail\" alt=\"\" aria-describedby=\"gallery-1-3133\" srcset=\"https:\/\/www.mundi-roth.de\/teneriffa-blog\/wp-content\/uploads\/2014\/04\/P1140481-150x112.jpg 150w, https:\/\/www.mundi-roth.de\/teneriffa-blog\/wp-content\/uploads\/2014\/04\/P1140481-300x225.jpg 300w, https:\/\/www.mundi-roth.de\/teneriffa-blog\/wp-content\/uploads\/2014\/04\/P1140481.jpg 800w\" sizes=\"auto, (max-width: 150px) 100vw, 150px\" \/><\/a>\n\t\t\t<\/dt>\n\t\t\t\t<dd class='wp-caption-text gallery-caption' id='gallery-1-3133'>\n\t\t\t\tBl\u00fchende Kanarenkiefer\n\t\t\t\t<\/dd><\/dl><dl class='gallery-item'>\n\t\t\t<dt class='gallery-icon landscape'>\n\t\t\t\t<a href='https:\/\/www.mundi-roth.de\/teneriffa-blog\/wp-content\/uploads\/2014\/04\/P1140492.jpg' rel=\"lightbox[3093]\"><img loading=\"lazy\" decoding=\"async\" width=\"150\" height=\"112\" src=\"https:\/\/www.mundi-roth.de\/teneriffa-blog\/wp-content\/uploads\/2014\/04\/P1140492-150x112.jpg\" class=\"attachment-thumbnail size-thumbnail\" alt=\"\" aria-describedby=\"gallery-1-3134\" srcset=\"https:\/\/www.mundi-roth.de\/teneriffa-blog\/wp-content\/uploads\/2014\/04\/P1140492-150x112.jpg 150w, https:\/\/www.mundi-roth.de\/teneriffa-blog\/wp-content\/uploads\/2014\/04\/P1140492-300x225.jpg 300w, https:\/\/www.mundi-roth.de\/teneriffa-blog\/wp-content\/uploads\/2014\/04\/P1140492.jpg 800w\" sizes=\"auto, (max-width: 150px) 100vw, 150px\" \/><\/a>\n\t\t\t<\/dt>\n\t\t\t\t<dd class='wp-caption-text gallery-caption' id='gallery-1-3134'>\n\t\t\t\tVerfallen\n\t\t\t\t<\/dd><\/dl><dl class='gallery-item'>\n\t\t\t<dt class='gallery-icon landscape'>\n\t\t\t\t<a href='https:\/\/www.mundi-roth.de\/teneriffa-blog\/wp-content\/uploads\/2014\/04\/P1140502.jpg' rel=\"lightbox[3093]\"><img loading=\"lazy\" decoding=\"async\" width=\"150\" height=\"112\" src=\"https:\/\/www.mundi-roth.de\/teneriffa-blog\/wp-content\/uploads\/2014\/04\/P1140502-150x112.jpg\" class=\"attachment-thumbnail size-thumbnail\" alt=\"\" aria-describedby=\"gallery-1-3135\" srcset=\"https:\/\/www.mundi-roth.de\/teneriffa-blog\/wp-content\/uploads\/2014\/04\/P1140502-150x112.jpg 150w, https:\/\/www.mundi-roth.de\/teneriffa-blog\/wp-content\/uploads\/2014\/04\/P1140502-300x225.jpg 300w, https:\/\/www.mundi-roth.de\/teneriffa-blog\/wp-content\/uploads\/2014\/04\/P1140502.jpg 800w\" sizes=\"auto, (max-width: 150px) 100vw, 150px\" \/><\/a>\n\t\t\t<\/dt>\n\t\t\t\t<dd class='wp-caption-text gallery-caption' id='gallery-1-3135'>\n\t\t\t\tRomantisch aber verfallen\n\t\t\t\t<\/dd><\/dl><br style=\"clear: both\" \/>\n\t\t<\/div>\n\n<p>&nbsp;<\/p>\n","protected":false},"excerpt":{"rendered":"<p>Wir wollen heute die von Elisa, Kunsthistorikerin und unsere private Spanisch-Lehrerin, vorgeschlagene Route von Boca Tauce nach Tejina gehen. Wir landen dann schlussendlich oberhalb von Acojeja, das \u00e4ndert aber nichts daran, dass diese Strecke jetzt einmalig sch\u00f6n ist. Was die Blumenpracht angeht haben wir so etwas Sch\u00f6nes auf der Insel noch nicht gesehen. Elisabeth schl\u00e4gt [&hellip;]<\/p>\n","protected":false},"author":4,"featured_media":4230,"comment_status":"open","ping_status":"open","sticky":false,"template":"","format":"standard","meta":{"footnotes":""},"categories":[776,6],"tags":[723,399,131,726,724,725,240,30,108,24,3,439,446],"class_list":["post-3093","post","type-post","status-publish","format-standard","has-post-thumbnail","hentry","category-guia-de-isora","category-wanderungen","tag-acojeja","tag-boca-tauce","tag-canadas","tag-caserios-de-las-fuentes","tag-juan-evora","tag-margariten","tag-pico-viejo","tag-stricklava","tag-teide","tag-tejina","tag-teneriffa","tag-teneriffa-wandern","tag-wandern-teneriffa"],"yoast_head":"<!-- This site is optimized with the Yoast SEO plugin v27.5 - https:\/\/yoast.com\/product\/yoast-seo-wordpress\/ -->\n<title>Boca Tauce \u2013 Acojeja - Teneriffa Wandern<\/title>\n<meta name=\"description\" content=\"Boca Tauce - Tejina war geplant. Unser Endpunkt war ungeplant oberhalb von Acojejo. Eine tolle Tour. Teilweise ein &quot;Meer&quot; von Margariten.\" \/>\n<meta name=\"robots\" content=\"index, follow, max-snippet:-1, max-image-preview:large, max-video-preview:-1\" \/>\n<link rel=\"canonical\" href=\"https:\/\/www.mundi-roth.de\/teneriffa-blog\/wanderungen\/boca-tauce-acojeja\/\" \/>\n<meta name=\"twitter:label1\" content=\"Verfasst von\" \/>\n\t<meta name=\"twitter:data1\" content=\"mundi\" \/>\n\t<meta name=\"twitter:label2\" content=\"Gesch\u00e4tzte Lesezeit\" \/>\n\t<meta name=\"twitter:data2\" content=\"8\u00a0Minuten\" \/>\n<script type=\"application\/ld+json\" class=\"yoast-schema-graph\">{\"@context\":\"https:\\\/\\\/schema.org\",\"@graph\":[{\"@type\":\"Article\",\"@id\":\"https:\\\/\\\/www.mundi-roth.de\\\/teneriffa-blog\\\/wanderungen\\\/boca-tauce-acojeja\\\/#article\",\"isPartOf\":{\"@id\":\"https:\\\/\\\/www.mundi-roth.de\\\/teneriffa-blog\\\/wanderungen\\\/boca-tauce-acojeja\\\/\"},\"author\":{\"name\":\"mundi\",\"@id\":\"https:\\\/\\\/www.mundi-roth.de\\\/teneriffa-blog\\\/#\\\/schema\\\/person\\\/971c66b55f3ae5e8741553688c413cac\"},\"headline\":\"Boca Tauce \u2013 Acojeja\",\"datePublished\":\"2014-04-09T21:00:58+00:00\",\"dateModified\":\"2015-07-13T13:07:35+00:00\",\"mainEntityOfPage\":{\"@id\":\"https:\\\/\\\/www.mundi-roth.de\\\/teneriffa-blog\\\/wanderungen\\\/boca-tauce-acojeja\\\/\"},\"wordCount\":1667,\"commentCount\":2,\"image\":{\"@id\":\"https:\\\/\\\/www.mundi-roth.de\\\/teneriffa-blog\\\/wanderungen\\\/boca-tauce-acojeja\\\/#primaryimage\"},\"thumbnailUrl\":\"https:\\\/\\\/www.mundi-roth.de\\\/teneriffa-blog\\\/wp-content\\\/uploads\\\/2014\\\/04\\\/P11403801.jpg\",\"keywords\":[\"Acojeja\",\"Boca Tauce\",\"Ca\u00f1adas\",\"Caserios de las Fuentes\",\"Juan \u00c9vora\",\"Margariten\",\"Pico Viejo\",\"Stricklava\",\"Teide\",\"Tejina\",\"Teneriffa\",\"Teneriffa Wandern\",\"Wandern Teneriffa\"],\"articleSection\":[\"Guia de Isora\",\"Wanderungen\"],\"inLanguage\":\"de\",\"potentialAction\":[{\"@type\":\"CommentAction\",\"name\":\"Comment\",\"target\":[\"https:\\\/\\\/www.mundi-roth.de\\\/teneriffa-blog\\\/wanderungen\\\/boca-tauce-acojeja\\\/#respond\"]}]},{\"@type\":\"WebPage\",\"@id\":\"https:\\\/\\\/www.mundi-roth.de\\\/teneriffa-blog\\\/wanderungen\\\/boca-tauce-acojeja\\\/\",\"url\":\"https:\\\/\\\/www.mundi-roth.de\\\/teneriffa-blog\\\/wanderungen\\\/boca-tauce-acojeja\\\/\",\"name\":\"Boca Tauce \u2013 Acojeja - Teneriffa Wandern\",\"isPartOf\":{\"@id\":\"https:\\\/\\\/www.mundi-roth.de\\\/teneriffa-blog\\\/#website\"},\"primaryImageOfPage\":{\"@id\":\"https:\\\/\\\/www.mundi-roth.de\\\/teneriffa-blog\\\/wanderungen\\\/boca-tauce-acojeja\\\/#primaryimage\"},\"image\":{\"@id\":\"https:\\\/\\\/www.mundi-roth.de\\\/teneriffa-blog\\\/wanderungen\\\/boca-tauce-acojeja\\\/#primaryimage\"},\"thumbnailUrl\":\"https:\\\/\\\/www.mundi-roth.de\\\/teneriffa-blog\\\/wp-content\\\/uploads\\\/2014\\\/04\\\/P11403801.jpg\",\"datePublished\":\"2014-04-09T21:00:58+00:00\",\"dateModified\":\"2015-07-13T13:07:35+00:00\",\"author\":{\"@id\":\"https:\\\/\\\/www.mundi-roth.de\\\/teneriffa-blog\\\/#\\\/schema\\\/person\\\/971c66b55f3ae5e8741553688c413cac\"},\"description\":\"Boca Tauce - Tejina war geplant. Unser Endpunkt war ungeplant oberhalb von Acojejo. Eine tolle Tour. Teilweise ein \\\"Meer\\\" von Margariten.\",\"breadcrumb\":{\"@id\":\"https:\\\/\\\/www.mundi-roth.de\\\/teneriffa-blog\\\/wanderungen\\\/boca-tauce-acojeja\\\/#breadcrumb\"},\"inLanguage\":\"de\",\"potentialAction\":[{\"@type\":\"ReadAction\",\"target\":[\"https:\\\/\\\/www.mundi-roth.de\\\/teneriffa-blog\\\/wanderungen\\\/boca-tauce-acojeja\\\/\"]}]},{\"@type\":\"ImageObject\",\"inLanguage\":\"de\",\"@id\":\"https:\\\/\\\/www.mundi-roth.de\\\/teneriffa-blog\\\/wanderungen\\\/boca-tauce-acojeja\\\/#primaryimage\",\"url\":\"https:\\\/\\\/www.mundi-roth.de\\\/teneriffa-blog\\\/wp-content\\\/uploads\\\/2014\\\/04\\\/P11403801.jpg\",\"contentUrl\":\"https:\\\/\\\/www.mundi-roth.de\\\/teneriffa-blog\\\/wp-content\\\/uploads\\\/2014\\\/04\\\/P11403801.jpg\",\"width\":800,\"height\":600},{\"@type\":\"BreadcrumbList\",\"@id\":\"https:\\\/\\\/www.mundi-roth.de\\\/teneriffa-blog\\\/wanderungen\\\/boca-tauce-acojeja\\\/#breadcrumb\",\"itemListElement\":[{\"@type\":\"ListItem\",\"position\":1,\"name\":\"Startseite\",\"item\":\"https:\\\/\\\/www.mundi-roth.de\\\/teneriffa-blog\\\/\"},{\"@type\":\"ListItem\",\"position\":2,\"name\":\"Boca Tauce \u2013 Acojeja\"}]},{\"@type\":\"WebSite\",\"@id\":\"https:\\\/\\\/www.mundi-roth.de\\\/teneriffa-blog\\\/#website\",\"url\":\"https:\\\/\\\/www.mundi-roth.de\\\/teneriffa-blog\\\/\",\"name\":\"Teneriffa Wandern\",\"description\":\"Nicht nur Wanderungen auf Teneriffa...\",\"potentialAction\":[{\"@type\":\"SearchAction\",\"target\":{\"@type\":\"EntryPoint\",\"urlTemplate\":\"https:\\\/\\\/www.mundi-roth.de\\\/teneriffa-blog\\\/?s={search_term_string}\"},\"query-input\":{\"@type\":\"PropertyValueSpecification\",\"valueRequired\":true,\"valueName\":\"search_term_string\"}}],\"inLanguage\":\"de\"},{\"@type\":\"Person\",\"@id\":\"https:\\\/\\\/www.mundi-roth.de\\\/teneriffa-blog\\\/#\\\/schema\\\/person\\\/971c66b55f3ae5e8741553688c413cac\",\"name\":\"mundi\",\"image\":{\"@type\":\"ImageObject\",\"inLanguage\":\"de\",\"@id\":\"https:\\\/\\\/secure.gravatar.com\\\/avatar\\\/555f0dd85428f1a9330f8e5dbe9e40ff9ca912bb81e5a89747ebf3ca9c20dc0f?s=96&d=mm&r=g\",\"url\":\"https:\\\/\\\/secure.gravatar.com\\\/avatar\\\/555f0dd85428f1a9330f8e5dbe9e40ff9ca912bb81e5a89747ebf3ca9c20dc0f?s=96&d=mm&r=g\",\"contentUrl\":\"https:\\\/\\\/secure.gravatar.com\\\/avatar\\\/555f0dd85428f1a9330f8e5dbe9e40ff9ca912bb81e5a89747ebf3ca9c20dc0f?s=96&d=mm&r=g\",\"caption\":\"mundi\"},\"sameAs\":[\"http:\\\/\\\/mundi-roth.de\"],\"url\":\"https:\\\/\\\/www.mundi-roth.de\\\/teneriffa-blog\\\/author\\\/mundi\\\/\"}]}<\/script>\n<!-- \/ Yoast SEO plugin. -->","yoast_head_json":{"title":"Boca Tauce \u2013 Acojeja - Teneriffa Wandern","description":"Boca Tauce - Tejina war geplant. Unser Endpunkt war ungeplant oberhalb von Acojejo. Eine tolle Tour. Teilweise ein \"Meer\" von Margariten.","robots":{"index":"index","follow":"follow","max-snippet":"max-snippet:-1","max-image-preview":"max-image-preview:large","max-video-preview":"max-video-preview:-1"},"canonical":"https:\/\/www.mundi-roth.de\/teneriffa-blog\/wanderungen\/boca-tauce-acojeja\/","twitter_misc":{"Verfasst von":"mundi","Gesch\u00e4tzte Lesezeit":"8\u00a0Minuten"},"schema":{"@context":"https:\/\/schema.org","@graph":[{"@type":"Article","@id":"https:\/\/www.mundi-roth.de\/teneriffa-blog\/wanderungen\/boca-tauce-acojeja\/#article","isPartOf":{"@id":"https:\/\/www.mundi-roth.de\/teneriffa-blog\/wanderungen\/boca-tauce-acojeja\/"},"author":{"name":"mundi","@id":"https:\/\/www.mundi-roth.de\/teneriffa-blog\/#\/schema\/person\/971c66b55f3ae5e8741553688c413cac"},"headline":"Boca Tauce \u2013 Acojeja","datePublished":"2014-04-09T21:00:58+00:00","dateModified":"2015-07-13T13:07:35+00:00","mainEntityOfPage":{"@id":"https:\/\/www.mundi-roth.de\/teneriffa-blog\/wanderungen\/boca-tauce-acojeja\/"},"wordCount":1667,"commentCount":2,"image":{"@id":"https:\/\/www.mundi-roth.de\/teneriffa-blog\/wanderungen\/boca-tauce-acojeja\/#primaryimage"},"thumbnailUrl":"https:\/\/www.mundi-roth.de\/teneriffa-blog\/wp-content\/uploads\/2014\/04\/P11403801.jpg","keywords":["Acojeja","Boca Tauce","Ca\u00f1adas","Caserios de las Fuentes","Juan \u00c9vora","Margariten","Pico Viejo","Stricklava","Teide","Tejina","Teneriffa","Teneriffa Wandern","Wandern Teneriffa"],"articleSection":["Guia de Isora","Wanderungen"],"inLanguage":"de","potentialAction":[{"@type":"CommentAction","name":"Comment","target":["https:\/\/www.mundi-roth.de\/teneriffa-blog\/wanderungen\/boca-tauce-acojeja\/#respond"]}]},{"@type":"WebPage","@id":"https:\/\/www.mundi-roth.de\/teneriffa-blog\/wanderungen\/boca-tauce-acojeja\/","url":"https:\/\/www.mundi-roth.de\/teneriffa-blog\/wanderungen\/boca-tauce-acojeja\/","name":"Boca Tauce \u2013 Acojeja - Teneriffa Wandern","isPartOf":{"@id":"https:\/\/www.mundi-roth.de\/teneriffa-blog\/#website"},"primaryImageOfPage":{"@id":"https:\/\/www.mundi-roth.de\/teneriffa-blog\/wanderungen\/boca-tauce-acojeja\/#primaryimage"},"image":{"@id":"https:\/\/www.mundi-roth.de\/teneriffa-blog\/wanderungen\/boca-tauce-acojeja\/#primaryimage"},"thumbnailUrl":"https:\/\/www.mundi-roth.de\/teneriffa-blog\/wp-content\/uploads\/2014\/04\/P11403801.jpg","datePublished":"2014-04-09T21:00:58+00:00","dateModified":"2015-07-13T13:07:35+00:00","author":{"@id":"https:\/\/www.mundi-roth.de\/teneriffa-blog\/#\/schema\/person\/971c66b55f3ae5e8741553688c413cac"},"description":"Boca Tauce - Tejina war geplant. Unser Endpunkt war ungeplant oberhalb von Acojejo. Eine tolle Tour. Teilweise ein \"Meer\" von Margariten.","breadcrumb":{"@id":"https:\/\/www.mundi-roth.de\/teneriffa-blog\/wanderungen\/boca-tauce-acojeja\/#breadcrumb"},"inLanguage":"de","potentialAction":[{"@type":"ReadAction","target":["https:\/\/www.mundi-roth.de\/teneriffa-blog\/wanderungen\/boca-tauce-acojeja\/"]}]},{"@type":"ImageObject","inLanguage":"de","@id":"https:\/\/www.mundi-roth.de\/teneriffa-blog\/wanderungen\/boca-tauce-acojeja\/#primaryimage","url":"https:\/\/www.mundi-roth.de\/teneriffa-blog\/wp-content\/uploads\/2014\/04\/P11403801.jpg","contentUrl":"https:\/\/www.mundi-roth.de\/teneriffa-blog\/wp-content\/uploads\/2014\/04\/P11403801.jpg","width":800,"height":600},{"@type":"BreadcrumbList","@id":"https:\/\/www.mundi-roth.de\/teneriffa-blog\/wanderungen\/boca-tauce-acojeja\/#breadcrumb","itemListElement":[{"@type":"ListItem","position":1,"name":"Startseite","item":"https:\/\/www.mundi-roth.de\/teneriffa-blog\/"},{"@type":"ListItem","position":2,"name":"Boca Tauce \u2013 Acojeja"}]},{"@type":"WebSite","@id":"https:\/\/www.mundi-roth.de\/teneriffa-blog\/#website","url":"https:\/\/www.mundi-roth.de\/teneriffa-blog\/","name":"Teneriffa Wandern","description":"Nicht nur Wanderungen auf Teneriffa...","potentialAction":[{"@type":"SearchAction","target":{"@type":"EntryPoint","urlTemplate":"https:\/\/www.mundi-roth.de\/teneriffa-blog\/?s={search_term_string}"},"query-input":{"@type":"PropertyValueSpecification","valueRequired":true,"valueName":"search_term_string"}}],"inLanguage":"de"},{"@type":"Person","@id":"https:\/\/www.mundi-roth.de\/teneriffa-blog\/#\/schema\/person\/971c66b55f3ae5e8741553688c413cac","name":"mundi","image":{"@type":"ImageObject","inLanguage":"de","@id":"https:\/\/secure.gravatar.com\/avatar\/555f0dd85428f1a9330f8e5dbe9e40ff9ca912bb81e5a89747ebf3ca9c20dc0f?s=96&d=mm&r=g","url":"https:\/\/secure.gravatar.com\/avatar\/555f0dd85428f1a9330f8e5dbe9e40ff9ca912bb81e5a89747ebf3ca9c20dc0f?s=96&d=mm&r=g","contentUrl":"https:\/\/secure.gravatar.com\/avatar\/555f0dd85428f1a9330f8e5dbe9e40ff9ca912bb81e5a89747ebf3ca9c20dc0f?s=96&d=mm&r=g","caption":"mundi"},"sameAs":["http:\/\/mundi-roth.de"],"url":"https:\/\/www.mundi-roth.de\/teneriffa-blog\/author\/mundi\/"}]}},"_links":{"self":[{"href":"https:\/\/www.mundi-roth.de\/teneriffa-blog\/wp-json\/wp\/v2\/posts\/3093","targetHints":{"allow":["GET"]}}],"collection":[{"href":"https:\/\/www.mundi-roth.de\/teneriffa-blog\/wp-json\/wp\/v2\/posts"}],"about":[{"href":"https:\/\/www.mundi-roth.de\/teneriffa-blog\/wp-json\/wp\/v2\/types\/post"}],"author":[{"embeddable":true,"href":"https:\/\/www.mundi-roth.de\/teneriffa-blog\/wp-json\/wp\/v2\/users\/4"}],"replies":[{"embeddable":true,"href":"https:\/\/www.mundi-roth.de\/teneriffa-blog\/wp-json\/wp\/v2\/comments?post=3093"}],"version-history":[{"count":0,"href":"https:\/\/www.mundi-roth.de\/teneriffa-blog\/wp-json\/wp\/v2\/posts\/3093\/revisions"}],"wp:featuredmedia":[{"embeddable":true,"href":"https:\/\/www.mundi-roth.de\/teneriffa-blog\/wp-json\/wp\/v2\/media\/4230"}],"wp:attachment":[{"href":"https:\/\/www.mundi-roth.de\/teneriffa-blog\/wp-json\/wp\/v2\/media?parent=3093"}],"wp:term":[{"taxonomy":"category","embeddable":true,"href":"https:\/\/www.mundi-roth.de\/teneriffa-blog\/wp-json\/wp\/v2\/categories?post=3093"},{"taxonomy":"post_tag","embeddable":true,"href":"https:\/\/www.mundi-roth.de\/teneriffa-blog\/wp-json\/wp\/v2\/tags?post=3093"}],"curies":[{"name":"wp","href":"https:\/\/api.w.org\/{rel}","templated":true}]}}