{"id":314,"date":"2008-04-13T13:02:01","date_gmt":"2008-04-13T12:02:01","guid":{"rendered":"http:\/\/www.mundi-roth.de\/teneriffa-blog\/?p=314"},"modified":"2015-04-12T11:46:21","modified_gmt":"2015-04-12T10:46:21","slug":"la-mesa-igueste-araya","status":"publish","type":"post","link":"https:\/\/www.mundi-roth.de\/teneriffa-blog\/wanderungen\/la-mesa-igueste-araya\/","title":{"rendered":"La Mesa (Igueste &#8211;> Araya)"},"content":{"rendered":"<p><strong>W\u00fcrden wir unsere einzelnen Wanderung bewerten, so bek\u00e4me diese hier bestimmt eine <\/strong><a href=\"http:\/\/www.mundi-roth.de\/teneriffa-blog\/wp-content\/uploads\/2008\/04\/der-weg.jpg\" rel=\"lightbox[314]\"><img loading=\"lazy\" decoding=\"async\" class=\"alignright alignnone size-thumbnail wp-image-316\" style=\"float: right; border: 0; margin: 3px;\" title=\"der-weg\" src=\"http:\/\/www.mundi-roth.de\/teneriffa-blog\/wp-content\/uploads\/2008\/04\/der-weg-150x150.jpg\" alt=\"\" width=\"128\" height=\"82\" srcset=\"https:\/\/www.mundi-roth.de\/teneriffa-blog\/wp-content\/uploads\/2008\/04\/der-weg-300x193.jpg 300w, https:\/\/www.mundi-roth.de\/teneriffa-blog\/wp-content\/uploads\/2008\/04\/der-weg.jpg 600w\" sizes=\"auto, (max-width: 128px) 100vw, 128px\" \/><\/a><strong>Auszeichnung. Sie ist ein Fest f\u00fcr die Sinne: Die Augen werden verw\u00f6hnt von einer Bl\u00fctenvielfalt und einem Bl\u00fctenreichtum, die Nase wird umweht von Duftwolken des Ginsters, des starken Aromas des Wermuts, dem ausstr\u00f6menden Duft der sonnengew\u00e4rmten Kiefern und Kiefernnadeln, die Ohren vom S\u00e4useln des Windes, dem Zwitschern der V\u00f6gel und sogar eine Kirchturmuhr h\u00f6rten wir schlagen.<br \/>\nJedoch: Keine Rose ohne Dornen. Dies alles mussten wir uns durch einen schwei\u00dftreibenden und kr\u00e4ftezehrenden Auf- und Abstieg verdienen.<\/strong><!--more--><\/p>\n<p><strong>Wander-Wegstrecke:<\/strong> gut 3 \u00bd Stunden<br \/>\nF\u00fcr diese Wanderung empfiehlt es sich mit zwei Autos zu rangieren. Einen Wagen stellen wir in Araya in der N\u00e4he der Plaza de Araya ab, mit dem anderen fahren wir hoch bis Igueste de Candelaria, Richtung Friedhof \u201ecementerio\u201c. (Hinweisschild Barranco Chacorche)<br \/>\nIn der Calle Los Revolcaderos parken wir an einer wilden M\u00fcllkippe und gehen zuerst rechts hoch, an wenig vertrauenserweckenden Geb\u00e4uden, Ziegen-St\u00e4llen und einem Schrott-Auto-Abstell-Platz vorbei. <a href=\"http:\/\/www.mundi-roth.de\/teneriffa-blog\/wp-content\/uploads\/2008\/04\/sany0434.jpg\" rel=\"lightbox[314]\"><img loading=\"lazy\" decoding=\"async\" class=\"alignleft alignnone size-thumbnail wp-image-317\" style=\"border: 0; float: left; margin: 3px;\" title=\"sany0434\" src=\"http:\/\/www.mundi-roth.de\/teneriffa-blog\/wp-content\/uploads\/2008\/04\/sany0434-150x150.jpg\" alt=\"\" width=\"128\" height=\"96\" srcset=\"https:\/\/www.mundi-roth.de\/teneriffa-blog\/wp-content\/uploads\/2008\/04\/sany0434-300x225.jpg 300w, https:\/\/www.mundi-roth.de\/teneriffa-blog\/wp-content\/uploads\/2008\/04\/sany0434.jpg 600w\" sizes=\"auto, (max-width: 128px) 100vw, 128px\" \/><\/a>An einer Mauer sehen wir erstmals die Markierung: wei\u00df-gr\u00fcne Striche. Sehr schnell sind wir bei dem Hinweisschild \u201eLa Mesa, Araya 5,5 km, Wanderweg SL TF 296\u201c, biegen links ab und von nun an geht es ca. 2 \u00bd Stunden bergauf. Der Weg ist nicht mehr zu verfehlen, er ist sehr gut pr\u00e4pariert. Nicht nur zum \u201eVerschnaufen\u201c sondern <a href=\"http:\/\/www.mundi-roth.de\/teneriffa-blog\/wp-content\/uploads\/2008\/04\/sany0448.jpg\" rel=\"lightbox[314]\"><img loading=\"lazy\" decoding=\"async\" class=\"alignright alignnone size-thumbnail wp-image-318\" style=\"float: right; border: 0; margin: 3px;\" title=\"sany0448\" src=\"http:\/\/www.mundi-roth.de\/teneriffa-blog\/wp-content\/uploads\/2008\/04\/sany0448-150x150.jpg\" alt=\"\" width=\"128\" height=\"96\" srcset=\"https:\/\/www.mundi-roth.de\/teneriffa-blog\/wp-content\/uploads\/2008\/04\/sany0448-300x225.jpg 300w, https:\/\/www.mundi-roth.de\/teneriffa-blog\/wp-content\/uploads\/2008\/04\/sany0448.jpg 600w\" sizes=\"auto, (max-width: 128px) 100vw, 128px\" \/><\/a>wir bleiben auch immer wieder zum Fotografieren und Schauen stehen. Der Blick geht runter nach Candelaria, weiter schweift der Blick zum Anagagebirge und auf die gr\u00fcnen H\u00e4nge rings um uns und hoch oben das Basaltrelief. Wir erreichen die erste Wasserleitung &#8211; nach ca. 45 Minuten &#8211; folgen dem Weg links an einem dicken Exemplar der Kandelaber-Wolfsmilch vorbei.<br \/>\n<a href=\"http:\/\/www.mundi-roth.de\/teneriffa-blog\/wp-content\/uploads\/2008\/04\/p1010864.jpg\" rel=\"lightbox[314]\"><img loading=\"lazy\" decoding=\"async\" class=\"alignleft alignnone size-thumbnail wp-image-319\" style=\"float: left; border: 0; margin: 3px;\" title=\"p1010864\" src=\"http:\/\/www.mundi-roth.de\/teneriffa-blog\/wp-content\/uploads\/2008\/04\/p1010864-150x150.jpg\" alt=\"\" width=\"128\" height=\"96\" srcset=\"https:\/\/www.mundi-roth.de\/teneriffa-blog\/wp-content\/uploads\/2008\/04\/p1010864-300x225.jpg 300w, https:\/\/www.mundi-roth.de\/teneriffa-blog\/wp-content\/uploads\/2008\/04\/p1010864.jpg 600w\" sizes=\"auto, (max-width: 128px) 100vw, 128px\" \/><\/a> Stattliche B\u00fcsche der Bl\u00fctenreichen Winde \u201eGuaydil\u201c wachsen unmittelbar am Wegesrand. Diese haben wir noch bei keiner anderen Wanderung angetroffen.<br \/>\nNun geht es tats\u00e4chlich etwas bergab, wir streifen fast eine Palme und kurz darauf <a href=\"http:\/\/www.mundi-roth.de\/teneriffa-blog\/wp-content\/uploads\/2008\/04\/sany0464.jpg\" rel=\"lightbox[314]\"><img loading=\"lazy\" decoding=\"async\" class=\"alignright alignnone size-thumbnail wp-image-320\" style=\"float: right; border: 0; margin: 3px;\" title=\"sany0464\" src=\"http:\/\/www.mundi-roth.de\/teneriffa-blog\/wp-content\/uploads\/2008\/04\/sany0464-150x150.jpg\" alt=\"\" width=\"128\" height=\"96\" srcset=\"https:\/\/www.mundi-roth.de\/teneriffa-blog\/wp-content\/uploads\/2008\/04\/sany0464-300x225.jpg 300w, https:\/\/www.mundi-roth.de\/teneriffa-blog\/wp-content\/uploads\/2008\/04\/sany0464.jpg 600w\" sizes=\"auto, (max-width: 128px) 100vw, 128px\" \/><\/a>gelangen wir auf ein Felsplateau mit glatten Steinen. Hier legen wir &#8211; mit Blick auf die K\u00fcste &#8211; eine Pause ein.<br \/>\nAn dicken Exemplaren von Agaven vorbei geht es dann wieder bergauf. Oben sehen wir bereits die Bimssteinmauern von Terrassenfeldern, die nunmehr zwar nicht mehr bewirtschaftet sind, von Kanarenampfer, Wermut und Asphaltklee erobert wurden, aber ein Zeugnis davon ablegen, dass hier oben fr\u00fcher intensiv Landwirtschaft betrieben wurde.<br \/>\nDie wei\u00df-gr\u00fcne Markierung zeigt uns immer wieder an, dass wir auf dem richtigen Weg sind.<br \/>\nZwischen den Terrassenfeldern durch geht es weiter aufw\u00e4rts bis wir zur n\u00e4chsten Wasserleitung gelangen.<br \/>\nUnverdrossen geht es weiter hoch, hoch bis wir zum verfallenenen Geb\u00e4ude der Casa de La Mesa <a href=\"http:\/\/www.mundi-roth.de\/teneriffa-blog\/wp-content\/uploads\/2008\/04\/p1010879.jpg\" rel=\"lightbox[314]\"><img loading=\"lazy\" decoding=\"async\" class=\"alignleft alignnone size-thumbnail wp-image-321\" style=\"float: left; border: 0; margin: 3px;\" title=\"p1010879\" src=\"http:\/\/www.mundi-roth.de\/teneriffa-blog\/wp-content\/uploads\/2008\/04\/p1010879-150x150.jpg\" alt=\"\" width=\"128\" height=\"96\" srcset=\"https:\/\/www.mundi-roth.de\/teneriffa-blog\/wp-content\/uploads\/2008\/04\/p1010879-300x225.jpg 300w, https:\/\/www.mundi-roth.de\/teneriffa-blog\/wp-content\/uploads\/2008\/04\/p1010879.jpg 600w\" sizes=\"auto, (max-width: 128px) 100vw, 128px\" \/><\/a>gelangen, das im 19. Jahrhundert von den Landbewohnern genutzt wurde. Wir sind jetzt auf 550 m H\u00f6he.<br \/>\n<a href=\"http:\/\/www.mundi-roth.de\/teneriffa-blog\/wp-content\/uploads\/2008\/04\/p1010905.jpg\" rel=\"lightbox[314]\"><img loading=\"lazy\" decoding=\"async\" class=\"alignright alignnone size-thumbnail wp-image-322\" style=\"float: right; border: 0; margin: 3px;\" title=\"p1010905\" src=\"http:\/\/www.mundi-roth.de\/teneriffa-blog\/wp-content\/uploads\/2008\/04\/p1010905-150x150.jpg\" alt=\"\" width=\"128\" height=\"96\" \/><\/a> Hier befand sich die m\u00e4chtige Weinpresse, die erst im Oktober 1980 mit viel Aufwand in den Ort Igueste geschafft wurde und nun als Denkmal die Plaza Dimas Coello schm\u00fcckt.<br \/>\nEs n\u00fctzt uns alles nichts, es geht weiter hoch. Wir erreichen den Parque Natural de la Corona Forestal und wandern im Schatten der kanarischen <a href=\"http:\/\/www.mundi-roth.de\/teneriffa-blog\/wp-content\/uploads\/2008\/04\/sany04681.jpg\" rel=\"lightbox[314]\"><img loading=\"lazy\" decoding=\"async\" class=\"alignleft alignnone size-thumbnail wp-image-324\" style=\"float: left; border: 0; margin: 3px;\" title=\"sany04681\" src=\"http:\/\/www.mundi-roth.de\/teneriffa-blog\/wp-content\/uploads\/2008\/04\/sany04681-150x150.jpg\" alt=\"\" width=\"129\" height=\"96\" srcset=\"https:\/\/www.mundi-roth.de\/teneriffa-blog\/wp-content\/uploads\/2008\/04\/sany04681-300x225.jpg 300w, https:\/\/www.mundi-roth.de\/teneriffa-blog\/wp-content\/uploads\/2008\/04\/sany04681.jpg 600w\" sizes=\"auto, (max-width: 129px) 100vw, 129px\" \/><\/a>Kiefer. Der zarte Duft der Zistrosen und der der Kiefernnadeln und Ginsterb\u00fcsche l\u00e4sst uns tief durchatmen.<br \/>\nWir erreichen den Kontrollschacht des Canal R\u00edo-Portezuelo, umgeben von Wolken wei\u00dfbl\u00fchenden Ginsterb\u00fcschen und Exemplaren des Kanaren-Wacholder.<br \/>\nEtwas h\u00f6her legen wir in diesem wunderbaren Ambiente eine Pause zur Regeneration ein und genie\u00dfen den Sonnenschein und das Zwitschern der V\u00f6gel.<br \/>\n<a href=\"http:\/\/www.mundi-roth.de\/teneriffa-blog\/wp-content\/uploads\/2008\/04\/p1010897.jpg\" rel=\"lightbox[314]\"><img loading=\"lazy\" decoding=\"async\" class=\"alignleft alignnone size-thumbnail wp-image-325\" style=\"float: left; border: 0; margin: 3px;\" title=\"p1010897\" src=\"http:\/\/www.mundi-roth.de\/teneriffa-blog\/wp-content\/uploads\/2008\/04\/p1010897-150x150.jpg\" alt=\"\" width=\"128\" height=\"96\" srcset=\"https:\/\/www.mundi-roth.de\/teneriffa-blog\/wp-content\/uploads\/2008\/04\/p1010897-300x225.jpg 300w, https:\/\/www.mundi-roth.de\/teneriffa-blog\/wp-content\/uploads\/2008\/04\/p1010897.jpg 600w\" sizes=\"auto, (max-width: 128px) 100vw, 128px\" \/><\/a> Kurz unterhalb der Elektromasten kommen wir links an den steilen Abbruch und <a href=\"http:\/\/www.mundi-roth.de\/teneriffa-blog\/wp-content\/uploads\/2008\/04\/sany0470.jpg\" rel=\"lightbox[314]\"><img loading=\"lazy\" decoding=\"async\" class=\"alignright alignnone size-thumbnail wp-image-326\" style=\"float: right; border: 0; margin: 3px;\" title=\"sany0470\" src=\"http:\/\/www.mundi-roth.de\/teneriffa-blog\/wp-content\/uploads\/2008\/04\/sany0470-150x150.jpg\" alt=\"\" width=\"96\" height=\"128\" srcset=\"https:\/\/www.mundi-roth.de\/teneriffa-blog\/wp-content\/uploads\/2008\/04\/sany0470-225x300.jpg 225w, https:\/\/www.mundi-roth.de\/teneriffa-blog\/wp-content\/uploads\/2008\/04\/sany0470.jpg 450w\" sizes=\"auto, (max-width: 96px) 100vw, 96px\" \/><\/a>blicken auf Araya hinab. Wenige Meter entlang der Kante kennzeichnet ein Turm aus Lavasteinen, der am 17.11.2001 errichtet wurde, den Einstieg in unseren Abstieg. Immerhin haben wir bis hierher ca. 600 H\u00f6henmeter geschafft.<br \/>\nVon nun an geht`s bergab. Ein meist wunderbar zu gehender Weg mit Blick auf die landwirtschaftlich genutzten Terrassen und nach einer Stunde sind wir unten bei der Finca de las Haciendas in Araya, einem Geb\u00e4ude, das im traditionellen canarischen Stil erbaut ist.<br \/>\nWir gehen auf der asphaltierten Stra\u00dfe ein ganz kurzes St\u00fcck bis wir rechter Hand einen Abzweig <a href=\"http:\/\/www.mundi-roth.de\/teneriffa-blog\/wp-content\/uploads\/2008\/04\/p1010900.jpg\" rel=\"lightbox[314]\"><img loading=\"lazy\" decoding=\"async\" class=\"alignright alignnone size-thumbnail wp-image-327\" style=\"float: right; border: 0; margin: 3px;\" title=\"p1010900\" src=\"http:\/\/www.mundi-roth.de\/teneriffa-blog\/wp-content\/uploads\/2008\/04\/p1010900-150x150.jpg\" alt=\"\" width=\"128\" height=\"96\" srcset=\"https:\/\/www.mundi-roth.de\/teneriffa-blog\/wp-content\/uploads\/2008\/04\/p1010900-300x225.jpg 300w, https:\/\/www.mundi-roth.de\/teneriffa-blog\/wp-content\/uploads\/2008\/04\/p1010900.jpg 600w\" sizes=\"auto, (max-width: 128px) 100vw, 128px\" \/><\/a>in den Barranco de La Florida sehen. Diesem gepflasterten Gehweg folgen wir bis wir wieder auf die Asphaltstra\u00dfe sto\u00dfen. Noch einmal ein kleiner Anstieg, vorbei an einem Garten der besonderen Art: alle \u201eBeete\u201c sind in Badewannen arrangiert.<br \/>\nUnd eins, zwei, drei, hast Du nicht gesehen, sind wir beim Wagen.<br \/>\nDie Wanderung war wundersch\u00f6n aber wir wissen auch was wir getan haben.<\/p>\n<p><strong>Botanik:<\/strong><br \/>\n<a href=\"http:\/\/www.mundi-roth.de\/teneriffa-blog\/wp-content\/uploads\/2008\/04\/sany0455.jpg\" rel=\"lightbox[314]\"><img loading=\"lazy\" decoding=\"async\" class=\"alignleft alignnone size-thumbnail wp-image-328\" style=\"float: left; border: 0; margin: 3px;\" title=\"sany0455\" src=\"http:\/\/www.mundi-roth.de\/teneriffa-blog\/wp-content\/uploads\/2008\/04\/sany0455-150x150.jpg\" alt=\"\" width=\"96\" height=\"128\" srcset=\"https:\/\/www.mundi-roth.de\/teneriffa-blog\/wp-content\/uploads\/2008\/04\/sany0455-225x300.jpg 225w, https:\/\/www.mundi-roth.de\/teneriffa-blog\/wp-content\/uploads\/2008\/04\/sany0455.jpg 450w\" sizes=\"auto, (max-width: 96px) 100vw, 96px\" \/><\/a> Bl\u00fctenreiche Winde (Convolvulus floridus) \u201eGuaydil\u201c<br \/>\nBis 4 m hoch werdener, nicht windender Stauch, der im Sukkulentenbusch der niedrigen Lagen aller Kanaren ausser Lanzarote und Fuerteventura, wo es nur noch wenige Reliktvorkommen gibt, h\u00e4ufig ist. Wegen ihrer grossen, aus Hunderten weisser Bl\u00fcten bestehenden Bl\u00fctenst\u00e4nden ist die Pflanze sehr zierend, wird oft in G\u00e4rten und Anlagen der Kanaren gezogen und w\u00fcrde sich auch gut f\u00fcr Trockengebiete anderer L\u00e4nder eignen. Sie kann leicht aus Samen vermehrt werden.<\/p>\n<p><strong>Besonderheit:<\/strong><br \/>\n<a href=\"http:\/\/www.mundi-roth.de\/teneriffa-blog\/wp-content\/uploads\/2008\/04\/sany0027a.jpg\" rel=\"lightbox[314]\"><img loading=\"lazy\" decoding=\"async\" class=\"alignleft alignnone size-thumbnail wp-image-329\" style=\"float: left; border: 0; margin: 3px;\" title=\"sany0027a\" src=\"http:\/\/www.mundi-roth.de\/teneriffa-blog\/wp-content\/uploads\/2008\/04\/sany0027a-150x150.jpg\" alt=\"\" width=\"128\" height=\"79\" \/><\/a> Gleich zu Beginn der Wanderung beobachteten wir einen etwa 3,5cm gro\u00dfen schwarzen K\u00e4fer, der uns so interessant schien, dass wir ihn fotografierten und einen Freund, der Biologe ist, um eine Bestimmung baten. Das Ergebnis war wirklich hochinteressant:<br \/>\n<em> Bei dem K\u00e4fer handelt es sich um einen Weich- bzw. Pflaster-K\u00e4fer. Meloe proscarabaeus &#8211; \u00d6lk\u00e4fer oder Maiwurm. Er ist verwandt mit der &#8222;Spanischen Fliege&#8220; (Lytta vesicatoria). Beide enthalten in ihren K\u00f6rperfl\u00fcssigkeiten den Giftstoff Cantharidin (kann in Dosen h\u00f6her als 30 mg reine Substanz f\u00fcr Menschen t\u00f6dlich sein &#8211; beliebt im Mittelalter). Bei Bedrohung scheidet der K\u00e4fer zum Schutz giftige Tr\u00f6pfchen ab, die wie \u00d6l aussehen (Name!). Einige Frassfeinde sind allerdings gegen das Cantharidin immun. Die Entwicklung des K\u00e4fers ist ungew\u00f6hnlich und interessant: Er legt Eier im Boden ab. Daraus schl\u00fcpfen Larven, die in Bl\u00fcten klettern und sich dort an Nahrung suchenden Bienen festklammern und in die Bienenst\u00f6cke mitgenommen werden. Hier frisst die Larve in einer Wabe ein Ei und den Honig auf. Aus dieser ersten Larve schl\u00fcpft eine zweite Larve, die stark w\u00e4chst (3 H\u00e4utungen) und sich dann im n\u00e4chsten Jahr zu einem neuen K\u00e4fer verpuppt, der den Bienenstock verl\u00e4sst und nur von Pflanzen lebt.<\/em><\/p>\n<p><em>Aus getrockneten und pulverisierten spanischen Fliegen stellte man fr\u00fcher in Apotheken blasenziehende Pflaster her (Pflaster-K\u00e4fer) und noch fr\u00fcher wurde Cantharidin als Aphroditisiakum benutzt indem man Pulver aus Spanischen Fliegen den jeweiligen &#8222;Angebeteten&#8220; heimlich in ein Getr\u00e4nk mischte, wodurch bei der Ausscheidung Juckreiz verursacht wurde.<\/em><br \/>\n<strong> Restaurant:<\/strong><br \/>\n<a href=\"http:\/\/www.mundi-roth.de\/teneriffa-blog\/wp-content\/uploads\/2008\/04\/sany0471.jpg\" rel=\"lightbox[314]\"><img loading=\"lazy\" decoding=\"async\" class=\"alignleft alignnone size-thumbnail wp-image-330\" style=\"float: left; border: 0; margin: 3px;\" title=\"sany0471\" src=\"http:\/\/www.mundi-roth.de\/teneriffa-blog\/wp-content\/uploads\/2008\/04\/sany0471-150x150.jpg\" alt=\"\" width=\"128\" height=\"96\" srcset=\"https:\/\/www.mundi-roth.de\/teneriffa-blog\/wp-content\/uploads\/2008\/04\/sany0471-300x225.jpg 300w, https:\/\/www.mundi-roth.de\/teneriffa-blog\/wp-content\/uploads\/2008\/04\/sany0471.jpg 600w\" sizes=\"auto, (max-width: 128px) 100vw, 128px\" \/><\/a> Ein Gl\u00fccksfall: Das ganz unscheinbare Restaurante \u201eCasa Candido\u201c entpuppte sich als offensichtlicher Geheimtipp f\u00fcr die Einheimischen:<br \/>\nEs gibt nur ein Hauptgericht: Carne de conejo = Kaninchen, dazu: Salzkartoffeln und separat gereichtes Chili\u00f6l. Dazu einen guten Rotwein aus der Gegend. Sehr gut!<br \/>\nSelbstverst\u00e4ndlich gibt es diverse Vorspeisen.<br \/>\nCasa Candido, Araya de Candelaria, Telefon 922 501 201<br \/>\nMontag = Ruhetag, Dienstag, Mittwoch, Donnerstag 12 bis 17 Uhr und Freitag, Samstag, Sonntag 13 bis 23 Uhr ge\u00f6ffnet.<\/p>\n<p>Anfahrt:<br \/>\n<a href=\"http:\/\/www.mundi-roth.de\/teneriffa-blog\/wp-content\/uploads\/2008\/04\/anfahrt1.jpg\" rel=\"lightbox[314]\"><img loading=\"lazy\" decoding=\"async\" class=\"alignright alignnone size-thumbnail wp-image-315\" style=\"float: right; border: 0; margin: 3px;\" title=\"anfahrt1\" src=\"http:\/\/www.mundi-roth.de\/teneriffa-blog\/wp-content\/uploads\/2008\/04\/anfahrt1-150x150.jpg\" alt=\"\" width=\"128\" height=\"92\" \/><\/a> Auf der Autobahn TF 1 aus Los Cristianos kommend bis zur Ausfahrt \u201eCandelaria, Araya\u201c dann auf die TF 283 Richtung Araya. Weiter auf der TF 28 \u201ePunta, Araya\u201c, TF 247 \u201eAraya\u201c, in den Ort und an der Kirche vorbei hoch bis zur kleinen Plaza Araya. Hier muss ein Parkplatz gefunden werden.<br \/>\nMit dem anderen Wagen fahren wir wieder auf die TF 28, links bis zur Abzweigung Igueste, TF 252, wieder links bei dem gro\u00dfen Hinweisschild \u201eRincon de Pedro\u201c .Im Ort Igueste an der Plaza Dimas Coello vorbei, gleich links in die Calle Los Revolcaderos, Hinweis: Barranco Chacorche und &#8222;Cementerio&#8220;, bis zur wilden M\u00fcllkippe.<\/p>\n","protected":false},"excerpt":{"rendered":"<p>W\u00fcrden wir unsere einzelnen Wanderung bewerten, so bek\u00e4me diese hier bestimmt eine Auszeichnung. Sie ist ein Fest f\u00fcr die Sinne: Die Augen werden verw\u00f6hnt von einer Bl\u00fctenvielfalt und einem Bl\u00fctenreichtum, die Nase wird umweht von Duftwolken des Ginsters, des starken Aromas des Wermuts, dem ausstr\u00f6menden Duft der sonnengew\u00e4rmten Kiefern und Kiefernnadeln, die Ohren vom S\u00e4useln [&hellip;]<\/p>\n","protected":false},"author":3,"featured_media":0,"comment_status":"open","ping_status":"open","sticky":false,"template":"","format":"standard","meta":{"footnotes":""},"categories":[770,6],"tags":[139,140,141,3,4],"class_list":["post-314","post","type-post","status-publish","format-standard","hentry","category-araya","category-wanderungen","tag-araya","tag-igueste","tag-olkafer","tag-teneriffa","tag-wandern"],"yoast_head":"<!-- This site is optimized with the Yoast SEO plugin v27.5 - https:\/\/yoast.com\/product\/yoast-seo-wordpress\/ -->\n<title>La Mesa (Igueste -&gt; Araya) - Teneriffa Wandern<\/title>\n<meta name=\"robots\" content=\"index, follow, max-snippet:-1, max-image-preview:large, max-video-preview:-1\" \/>\n<link rel=\"canonical\" href=\"https:\/\/www.mundi-roth.de\/teneriffa-blog\/wanderungen\/la-mesa-igueste-araya\/\" \/>\n<meta name=\"twitter:label1\" content=\"Verfasst von\" \/>\n\t<meta name=\"twitter:data1\" content=\"ir\" \/>\n\t<meta name=\"twitter:label2\" content=\"Gesch\u00e4tzte Lesezeit\" \/>\n\t<meta name=\"twitter:data2\" content=\"6\u00a0Minuten\" \/>\n<script type=\"application\/ld+json\" class=\"yoast-schema-graph\">{\"@context\":\"https:\\\/\\\/schema.org\",\"@graph\":[{\"@type\":\"Article\",\"@id\":\"https:\\\/\\\/www.mundi-roth.de\\\/teneriffa-blog\\\/wanderungen\\\/la-mesa-igueste-araya\\\/#article\",\"isPartOf\":{\"@id\":\"https:\\\/\\\/www.mundi-roth.de\\\/teneriffa-blog\\\/wanderungen\\\/la-mesa-igueste-araya\\\/\"},\"author\":{\"name\":\"ir\",\"@id\":\"https:\\\/\\\/www.mundi-roth.de\\\/teneriffa-blog\\\/#\\\/schema\\\/person\\\/3afd0d251449790d15367c9aa52d203d\"},\"headline\":\"La Mesa (Igueste &#8211;> Araya)\",\"datePublished\":\"2008-04-13T12:02:01+00:00\",\"dateModified\":\"2015-04-12T10:46:21+00:00\",\"mainEntityOfPage\":{\"@id\":\"https:\\\/\\\/www.mundi-roth.de\\\/teneriffa-blog\\\/wanderungen\\\/la-mesa-igueste-araya\\\/\"},\"wordCount\":1268,\"commentCount\":0,\"image\":{\"@id\":\"https:\\\/\\\/www.mundi-roth.de\\\/teneriffa-blog\\\/wanderungen\\\/la-mesa-igueste-araya\\\/#primaryimage\"},\"thumbnailUrl\":\"http:\\\/\\\/www.mundi-roth.de\\\/teneriffa-blog\\\/wp-content\\\/uploads\\\/2008\\\/04\\\/der-weg-150x150.jpg\",\"keywords\":[\"Araya\",\"Igueste\",\"\u00d6lk\u00e4fer\",\"Teneriffa\",\"Wandern\"],\"articleSection\":[\"Araya\",\"Wanderungen\"],\"inLanguage\":\"de\",\"potentialAction\":[{\"@type\":\"CommentAction\",\"name\":\"Comment\",\"target\":[\"https:\\\/\\\/www.mundi-roth.de\\\/teneriffa-blog\\\/wanderungen\\\/la-mesa-igueste-araya\\\/#respond\"]}]},{\"@type\":\"WebPage\",\"@id\":\"https:\\\/\\\/www.mundi-roth.de\\\/teneriffa-blog\\\/wanderungen\\\/la-mesa-igueste-araya\\\/\",\"url\":\"https:\\\/\\\/www.mundi-roth.de\\\/teneriffa-blog\\\/wanderungen\\\/la-mesa-igueste-araya\\\/\",\"name\":\"La Mesa (Igueste -> Araya) - Teneriffa Wandern\",\"isPartOf\":{\"@id\":\"https:\\\/\\\/www.mundi-roth.de\\\/teneriffa-blog\\\/#website\"},\"primaryImageOfPage\":{\"@id\":\"https:\\\/\\\/www.mundi-roth.de\\\/teneriffa-blog\\\/wanderungen\\\/la-mesa-igueste-araya\\\/#primaryimage\"},\"image\":{\"@id\":\"https:\\\/\\\/www.mundi-roth.de\\\/teneriffa-blog\\\/wanderungen\\\/la-mesa-igueste-araya\\\/#primaryimage\"},\"thumbnailUrl\":\"http:\\\/\\\/www.mundi-roth.de\\\/teneriffa-blog\\\/wp-content\\\/uploads\\\/2008\\\/04\\\/der-weg-150x150.jpg\",\"datePublished\":\"2008-04-13T12:02:01+00:00\",\"dateModified\":\"2015-04-12T10:46:21+00:00\",\"author\":{\"@id\":\"https:\\\/\\\/www.mundi-roth.de\\\/teneriffa-blog\\\/#\\\/schema\\\/person\\\/3afd0d251449790d15367c9aa52d203d\"},\"breadcrumb\":{\"@id\":\"https:\\\/\\\/www.mundi-roth.de\\\/teneriffa-blog\\\/wanderungen\\\/la-mesa-igueste-araya\\\/#breadcrumb\"},\"inLanguage\":\"de\",\"potentialAction\":[{\"@type\":\"ReadAction\",\"target\":[\"https:\\\/\\\/www.mundi-roth.de\\\/teneriffa-blog\\\/wanderungen\\\/la-mesa-igueste-araya\\\/\"]}]},{\"@type\":\"ImageObject\",\"inLanguage\":\"de\",\"@id\":\"https:\\\/\\\/www.mundi-roth.de\\\/teneriffa-blog\\\/wanderungen\\\/la-mesa-igueste-araya\\\/#primaryimage\",\"url\":\"https:\\\/\\\/www.mundi-roth.de\\\/teneriffa-blog\\\/wp-content\\\/uploads\\\/2008\\\/04\\\/der-weg.jpg\",\"contentUrl\":\"https:\\\/\\\/www.mundi-roth.de\\\/teneriffa-blog\\\/wp-content\\\/uploads\\\/2008\\\/04\\\/der-weg.jpg\",\"width\":600,\"height\":386},{\"@type\":\"BreadcrumbList\",\"@id\":\"https:\\\/\\\/www.mundi-roth.de\\\/teneriffa-blog\\\/wanderungen\\\/la-mesa-igueste-araya\\\/#breadcrumb\",\"itemListElement\":[{\"@type\":\"ListItem\",\"position\":1,\"name\":\"Startseite\",\"item\":\"https:\\\/\\\/www.mundi-roth.de\\\/teneriffa-blog\\\/\"},{\"@type\":\"ListItem\",\"position\":2,\"name\":\"La Mesa (Igueste &#8211;> Araya)\"}]},{\"@type\":\"WebSite\",\"@id\":\"https:\\\/\\\/www.mundi-roth.de\\\/teneriffa-blog\\\/#website\",\"url\":\"https:\\\/\\\/www.mundi-roth.de\\\/teneriffa-blog\\\/\",\"name\":\"Teneriffa Wandern\",\"description\":\"Nicht nur Wanderungen auf Teneriffa...\",\"potentialAction\":[{\"@type\":\"SearchAction\",\"target\":{\"@type\":\"EntryPoint\",\"urlTemplate\":\"https:\\\/\\\/www.mundi-roth.de\\\/teneriffa-blog\\\/?s={search_term_string}\"},\"query-input\":{\"@type\":\"PropertyValueSpecification\",\"valueRequired\":true,\"valueName\":\"search_term_string\"}}],\"inLanguage\":\"de\"},{\"@type\":\"Person\",\"@id\":\"https:\\\/\\\/www.mundi-roth.de\\\/teneriffa-blog\\\/#\\\/schema\\\/person\\\/3afd0d251449790d15367c9aa52d203d\",\"name\":\"ir\",\"image\":{\"@type\":\"ImageObject\",\"inLanguage\":\"de\",\"@id\":\"https:\\\/\\\/secure.gravatar.com\\\/avatar\\\/e67b41513c921c2bb58363f44c8a00a447c9a2526ad8ff71b5b6257e5f7f5c66?s=96&d=mm&r=g\",\"url\":\"https:\\\/\\\/secure.gravatar.com\\\/avatar\\\/e67b41513c921c2bb58363f44c8a00a447c9a2526ad8ff71b5b6257e5f7f5c66?s=96&d=mm&r=g\",\"contentUrl\":\"https:\\\/\\\/secure.gravatar.com\\\/avatar\\\/e67b41513c921c2bb58363f44c8a00a447c9a2526ad8ff71b5b6257e5f7f5c66?s=96&d=mm&r=g\",\"caption\":\"ir\"},\"sameAs\":[\"http:\\\/\\\/www.mundi-roth.de\"],\"url\":\"https:\\\/\\\/www.mundi-roth.de\\\/teneriffa-blog\\\/author\\\/ir\\\/\"}]}<\/script>\n<!-- \/ Yoast SEO plugin. -->","yoast_head_json":{"title":"La Mesa (Igueste -> Araya) - Teneriffa Wandern","robots":{"index":"index","follow":"follow","max-snippet":"max-snippet:-1","max-image-preview":"max-image-preview:large","max-video-preview":"max-video-preview:-1"},"canonical":"https:\/\/www.mundi-roth.de\/teneriffa-blog\/wanderungen\/la-mesa-igueste-araya\/","twitter_misc":{"Verfasst von":"ir","Gesch\u00e4tzte Lesezeit":"6\u00a0Minuten"},"schema":{"@context":"https:\/\/schema.org","@graph":[{"@type":"Article","@id":"https:\/\/www.mundi-roth.de\/teneriffa-blog\/wanderungen\/la-mesa-igueste-araya\/#article","isPartOf":{"@id":"https:\/\/www.mundi-roth.de\/teneriffa-blog\/wanderungen\/la-mesa-igueste-araya\/"},"author":{"name":"ir","@id":"https:\/\/www.mundi-roth.de\/teneriffa-blog\/#\/schema\/person\/3afd0d251449790d15367c9aa52d203d"},"headline":"La Mesa (Igueste &#8211;> Araya)","datePublished":"2008-04-13T12:02:01+00:00","dateModified":"2015-04-12T10:46:21+00:00","mainEntityOfPage":{"@id":"https:\/\/www.mundi-roth.de\/teneriffa-blog\/wanderungen\/la-mesa-igueste-araya\/"},"wordCount":1268,"commentCount":0,"image":{"@id":"https:\/\/www.mundi-roth.de\/teneriffa-blog\/wanderungen\/la-mesa-igueste-araya\/#primaryimage"},"thumbnailUrl":"http:\/\/www.mundi-roth.de\/teneriffa-blog\/wp-content\/uploads\/2008\/04\/der-weg-150x150.jpg","keywords":["Araya","Igueste","\u00d6lk\u00e4fer","Teneriffa","Wandern"],"articleSection":["Araya","Wanderungen"],"inLanguage":"de","potentialAction":[{"@type":"CommentAction","name":"Comment","target":["https:\/\/www.mundi-roth.de\/teneriffa-blog\/wanderungen\/la-mesa-igueste-araya\/#respond"]}]},{"@type":"WebPage","@id":"https:\/\/www.mundi-roth.de\/teneriffa-blog\/wanderungen\/la-mesa-igueste-araya\/","url":"https:\/\/www.mundi-roth.de\/teneriffa-blog\/wanderungen\/la-mesa-igueste-araya\/","name":"La Mesa (Igueste -> Araya) - Teneriffa Wandern","isPartOf":{"@id":"https:\/\/www.mundi-roth.de\/teneriffa-blog\/#website"},"primaryImageOfPage":{"@id":"https:\/\/www.mundi-roth.de\/teneriffa-blog\/wanderungen\/la-mesa-igueste-araya\/#primaryimage"},"image":{"@id":"https:\/\/www.mundi-roth.de\/teneriffa-blog\/wanderungen\/la-mesa-igueste-araya\/#primaryimage"},"thumbnailUrl":"http:\/\/www.mundi-roth.de\/teneriffa-blog\/wp-content\/uploads\/2008\/04\/der-weg-150x150.jpg","datePublished":"2008-04-13T12:02:01+00:00","dateModified":"2015-04-12T10:46:21+00:00","author":{"@id":"https:\/\/www.mundi-roth.de\/teneriffa-blog\/#\/schema\/person\/3afd0d251449790d15367c9aa52d203d"},"breadcrumb":{"@id":"https:\/\/www.mundi-roth.de\/teneriffa-blog\/wanderungen\/la-mesa-igueste-araya\/#breadcrumb"},"inLanguage":"de","potentialAction":[{"@type":"ReadAction","target":["https:\/\/www.mundi-roth.de\/teneriffa-blog\/wanderungen\/la-mesa-igueste-araya\/"]}]},{"@type":"ImageObject","inLanguage":"de","@id":"https:\/\/www.mundi-roth.de\/teneriffa-blog\/wanderungen\/la-mesa-igueste-araya\/#primaryimage","url":"https:\/\/www.mundi-roth.de\/teneriffa-blog\/wp-content\/uploads\/2008\/04\/der-weg.jpg","contentUrl":"https:\/\/www.mundi-roth.de\/teneriffa-blog\/wp-content\/uploads\/2008\/04\/der-weg.jpg","width":600,"height":386},{"@type":"BreadcrumbList","@id":"https:\/\/www.mundi-roth.de\/teneriffa-blog\/wanderungen\/la-mesa-igueste-araya\/#breadcrumb","itemListElement":[{"@type":"ListItem","position":1,"name":"Startseite","item":"https:\/\/www.mundi-roth.de\/teneriffa-blog\/"},{"@type":"ListItem","position":2,"name":"La Mesa (Igueste &#8211;> Araya)"}]},{"@type":"WebSite","@id":"https:\/\/www.mundi-roth.de\/teneriffa-blog\/#website","url":"https:\/\/www.mundi-roth.de\/teneriffa-blog\/","name":"Teneriffa Wandern","description":"Nicht nur Wanderungen auf Teneriffa...","potentialAction":[{"@type":"SearchAction","target":{"@type":"EntryPoint","urlTemplate":"https:\/\/www.mundi-roth.de\/teneriffa-blog\/?s={search_term_string}"},"query-input":{"@type":"PropertyValueSpecification","valueRequired":true,"valueName":"search_term_string"}}],"inLanguage":"de"},{"@type":"Person","@id":"https:\/\/www.mundi-roth.de\/teneriffa-blog\/#\/schema\/person\/3afd0d251449790d15367c9aa52d203d","name":"ir","image":{"@type":"ImageObject","inLanguage":"de","@id":"https:\/\/secure.gravatar.com\/avatar\/e67b41513c921c2bb58363f44c8a00a447c9a2526ad8ff71b5b6257e5f7f5c66?s=96&d=mm&r=g","url":"https:\/\/secure.gravatar.com\/avatar\/e67b41513c921c2bb58363f44c8a00a447c9a2526ad8ff71b5b6257e5f7f5c66?s=96&d=mm&r=g","contentUrl":"https:\/\/secure.gravatar.com\/avatar\/e67b41513c921c2bb58363f44c8a00a447c9a2526ad8ff71b5b6257e5f7f5c66?s=96&d=mm&r=g","caption":"ir"},"sameAs":["http:\/\/www.mundi-roth.de"],"url":"https:\/\/www.mundi-roth.de\/teneriffa-blog\/author\/ir\/"}]}},"_links":{"self":[{"href":"https:\/\/www.mundi-roth.de\/teneriffa-blog\/wp-json\/wp\/v2\/posts\/314","targetHints":{"allow":["GET"]}}],"collection":[{"href":"https:\/\/www.mundi-roth.de\/teneriffa-blog\/wp-json\/wp\/v2\/posts"}],"about":[{"href":"https:\/\/www.mundi-roth.de\/teneriffa-blog\/wp-json\/wp\/v2\/types\/post"}],"author":[{"embeddable":true,"href":"https:\/\/www.mundi-roth.de\/teneriffa-blog\/wp-json\/wp\/v2\/users\/3"}],"replies":[{"embeddable":true,"href":"https:\/\/www.mundi-roth.de\/teneriffa-blog\/wp-json\/wp\/v2\/comments?post=314"}],"version-history":[{"count":0,"href":"https:\/\/www.mundi-roth.de\/teneriffa-blog\/wp-json\/wp\/v2\/posts\/314\/revisions"}],"wp:attachment":[{"href":"https:\/\/www.mundi-roth.de\/teneriffa-blog\/wp-json\/wp\/v2\/media?parent=314"}],"wp:term":[{"taxonomy":"category","embeddable":true,"href":"https:\/\/www.mundi-roth.de\/teneriffa-blog\/wp-json\/wp\/v2\/categories?post=314"},{"taxonomy":"post_tag","embeddable":true,"href":"https:\/\/www.mundi-roth.de\/teneriffa-blog\/wp-json\/wp\/v2\/tags?post=314"}],"curies":[{"name":"wp","href":"https:\/\/api.w.org\/{rel}","templated":true}]}}