{"id":3142,"date":"2014-04-15T22:00:21","date_gmt":"2014-04-15T21:00:21","guid":{"rendered":"http:\/\/www.mundi-roth.de\/teneriffa-blog\/?p=3142"},"modified":"2015-07-13T14:03:07","modified_gmt":"2015-07-13T13:03:07","slug":"tejina-caserios-de-las-fuentes-vera-de-erques-tejina","status":"publish","type":"post","link":"https:\/\/www.mundi-roth.de\/teneriffa-blog\/wanderungen\/tejina-caserios-de-las-fuentes-vera-de-erques-tejina\/","title":{"rendered":"Tejina\u2013Caser\u00edos de las Fuentes\u2013Vera de Erques\u2013Tejina"},"content":{"rendered":"<p>Die heutige Wanderung gab uns unsere Neugierde vor.<br \/>\nWir wollten unbedingt wissen: &#8222;Wo h\u00e4tten wir vergangene Woche von Boca Tauce nach Tejina weitergehen m\u00fcssen.&#8220;<br \/>\n\u201eAgathe\u201c, die Elisabeth so titulierte Sprecherin von Komoot, leitete uns ja in die Irre, so dass wir dann ohne Anleitung Richtung Acojeja gingen.<br \/>\nVorab: Wir h\u00e4tten nur wenige Meter weiter gerade aus gehen m\u00fcssen, dort wo wir rechts abgebogen sind, dann w\u00e4ren wir &#8211; wie geplant &#8211; in Tejina angekommen.<\/p>\n<p>Aber: Auf diese Weise haben wir wieder eine sch\u00f6ne Tour gemacht.<\/p>\n<p><strong>Wanderwegstrecke:<\/strong> 3 Stunden 20 Minuten\u2013 ohne Apfelpause<\/p>\n<div id=\"attachment_3143\" style=\"width: 310px\" class=\"wp-caption alignright\"><a href=\"http:\/\/www.mundi-roth.de\/teneriffa-blog\/wp-content\/uploads\/2014\/04\/Zwischenablage03.jpg\" rel=\"lightbox[3142]\"><img loading=\"lazy\" decoding=\"async\" aria-describedby=\"caption-attachment-3143\" class=\"size-medium wp-image-3143\" src=\"http:\/\/www.mundi-roth.de\/teneriffa-blog\/wp-content\/uploads\/2014\/04\/Zwischenablage03-300x195.jpg\" alt=\"Unsere Tour\" width=\"300\" height=\"195\" srcset=\"https:\/\/www.mundi-roth.de\/teneriffa-blog\/wp-content\/uploads\/2014\/04\/Zwischenablage03-300x195.jpg 300w, https:\/\/www.mundi-roth.de\/teneriffa-blog\/wp-content\/uploads\/2014\/04\/Zwischenablage03-150x97.jpg 150w, https:\/\/www.mundi-roth.de\/teneriffa-blog\/wp-content\/uploads\/2014\/04\/Zwischenablage03.jpg 800w\" sizes=\"auto, (max-width: 300px) 100vw, 300px\" \/><\/a><p id=\"caption-attachment-3143\" class=\"wp-caption-text\">Unsere Tour<\/p><\/div>\n<p>7,7 km, 410 m im Aufstieg und 420 m im Abstieg<br \/>\nmaximal: 1070 m \u2013 minimum: 650 m<\/p>\n<p>Um 10:40 Uhr starten wir in Tejina am Ende der Calle Zaragoza.<br \/>\nDie dort angebrachte Infotafel weist den Weg \u201eCamino de las Fuentes \u2013 Ca\u00f1adas\u201c aus.<\/p>\n<div id=\"attachment_3144\" style=\"width: 160px\" class=\"wp-caption alignleft\"><a href=\"http:\/\/www.mundi-roth.de\/teneriffa-blog\/wp-content\/uploads\/2014\/04\/P1140518.jpg\" rel=\"lightbox[3142]\"><img loading=\"lazy\" decoding=\"async\" aria-describedby=\"caption-attachment-3144\" class=\"size-thumbnail wp-image-3144\" src=\"http:\/\/www.mundi-roth.de\/teneriffa-blog\/wp-content\/uploads\/2014\/04\/P1140518-150x112.jpg\" alt=\"Blck zur K\u00fcste\" width=\"150\" height=\"112\" srcset=\"https:\/\/www.mundi-roth.de\/teneriffa-blog\/wp-content\/uploads\/2014\/04\/P1140518-150x112.jpg 150w, https:\/\/www.mundi-roth.de\/teneriffa-blog\/wp-content\/uploads\/2014\/04\/P1140518-300x225.jpg 300w, https:\/\/www.mundi-roth.de\/teneriffa-blog\/wp-content\/uploads\/2014\/04\/P1140518.jpg 800w\" sizes=\"auto, (max-width: 150px) 100vw, 150px\" \/><\/a><p id=\"caption-attachment-3144\" class=\"wp-caption-text\">Blck zur K\u00fcste<\/p><\/div>\n<p>Wir folgen dem Forstweg und gehen strammen Schrittes bergauf.<br \/>\nSchnell gewinnen wir H\u00f6he, haben einen<\/p>\n<div id=\"attachment_3145\" style=\"width: 160px\" class=\"wp-caption alignright\"><a href=\"http:\/\/www.mundi-roth.de\/teneriffa-blog\/wp-content\/uploads\/2014\/04\/P1140520.jpg\" rel=\"lightbox[3142]\"><img loading=\"lazy\" decoding=\"async\" aria-describedby=\"caption-attachment-3145\" class=\"size-thumbnail wp-image-3145\" src=\"http:\/\/www.mundi-roth.de\/teneriffa-blog\/wp-content\/uploads\/2014\/04\/P1140520-150x112.jpg\" alt=\"H\u00f6hle\" width=\"150\" height=\"112\" srcset=\"https:\/\/www.mundi-roth.de\/teneriffa-blog\/wp-content\/uploads\/2014\/04\/P1140520-150x112.jpg 150w, https:\/\/www.mundi-roth.de\/teneriffa-blog\/wp-content\/uploads\/2014\/04\/P1140520-300x225.jpg 300w, https:\/\/www.mundi-roth.de\/teneriffa-blog\/wp-content\/uploads\/2014\/04\/P1140520.jpg 800w\" sizes=\"auto, (max-width: 150px) 100vw, 150px\" \/><\/a><p id=\"caption-attachment-3145\" class=\"wp-caption-text\">H\u00f6hle<\/p><\/div>\n<p>sch\u00f6nen Blick auf die sonnige K\u00fcste, wandern an einer H\u00f6hle und markanten Felsw\u00e4nden vorbei. Nach 50 Minuten Gehzeit sind wir froh, als rechts ein schmaler Pfad ins \u201eEspacio Natural protegido\u201c &#8211; Naturschutzgebiet &#8211; abzweigt.<br \/>\nKeine Ahnung wo dieser Weg hinf\u00fchrt. Wir verlassen uns auf unser Gef\u00fchl, denn nach der Margariten-Wanderung letzte Woche war der<\/p>\n<div id=\"attachment_3146\" style=\"width: 160px\" class=\"wp-caption alignleft\"><a href=\"http:\/\/www.mundi-roth.de\/teneriffa-blog\/wp-content\/uploads\/2014\/04\/P1140527.jpg\" rel=\"lightbox[3142]\"><img loading=\"lazy\" decoding=\"async\" aria-describedby=\"caption-attachment-3146\" class=\"size-thumbnail wp-image-3146\" src=\"http:\/\/www.mundi-roth.de\/teneriffa-blog\/wp-content\/uploads\/2014\/04\/P1140527-150x112.jpg\" alt=\"Solche Pfade lieben wir\" width=\"150\" height=\"112\" srcset=\"https:\/\/www.mundi-roth.de\/teneriffa-blog\/wp-content\/uploads\/2014\/04\/P1140527-150x112.jpg 150w, https:\/\/www.mundi-roth.de\/teneriffa-blog\/wp-content\/uploads\/2014\/04\/P1140527-300x225.jpg 300w, https:\/\/www.mundi-roth.de\/teneriffa-blog\/wp-content\/uploads\/2014\/04\/P1140527.jpg 800w\" sizes=\"auto, (max-width: 150px) 100vw, 150px\" \/><\/a><p id=\"caption-attachment-3146\" class=\"wp-caption-text\">Solche Pfade lieben wir<\/p><\/div>\n<p>Forstweg nur langweilig.<br \/>\nGenau: Das lieben wir: ein kleiner, schmaler Pfad, kaum begangen, schl\u00e4ngelt sich durch Gr\u00fcn. \u00dcber dicke, d\u00fcnne, kleine Steine, vorbei an Tabaiba (Juba-Wolfsmilch) und Opuntien\u00a0 (Kaktusfeigen) &#8211; geht es aufw\u00e4rts.<\/p>\n<p>Schon 10 Minuten sp\u00e4ter haben wir den ersten<\/p>\n<div id=\"attachment_3147\" style=\"width: 160px\" class=\"wp-caption alignright\"><a href=\"http:\/\/www.mundi-roth.de\/teneriffa-blog\/wp-content\/uploads\/2014\/04\/P1140528.jpg\" rel=\"lightbox[3142]\"><img loading=\"lazy\" decoding=\"async\" aria-describedby=\"caption-attachment-3147\" class=\"size-thumbnail wp-image-3147\" src=\"http:\/\/www.mundi-roth.de\/teneriffa-blog\/wp-content\/uploads\/2014\/04\/P1140528-150x112.jpg\" alt=\"Oben die ersten H\u00e4user\" width=\"150\" height=\"112\" srcset=\"https:\/\/www.mundi-roth.de\/teneriffa-blog\/wp-content\/uploads\/2014\/04\/P1140528-150x112.jpg 150w, https:\/\/www.mundi-roth.de\/teneriffa-blog\/wp-content\/uploads\/2014\/04\/P1140528-300x225.jpg 300w, https:\/\/www.mundi-roth.de\/teneriffa-blog\/wp-content\/uploads\/2014\/04\/P1140528.jpg 800w\" sizes=\"auto, (max-width: 150px) 100vw, 150px\" \/><\/a><p id=\"caption-attachment-3147\" class=\"wp-caption-text\">Oben die ersten H\u00e4user<\/p><\/div>\n<p>Blick auf die zum Teil bewirtschafteten Terrassen und die ersten H\u00e4user des Weilers<\/p>\n<div id=\"attachment_3148\" style=\"width: 160px\" class=\"wp-caption alignleft\"><a href=\"http:\/\/www.mundi-roth.de\/teneriffa-blog\/wp-content\/uploads\/2014\/04\/P1140529.jpg\" rel=\"lightbox[3142]\"><img loading=\"lazy\" decoding=\"async\" aria-describedby=\"caption-attachment-3148\" class=\"size-thumbnail wp-image-3148\" src=\"http:\/\/www.mundi-roth.de\/teneriffa-blog\/wp-content\/uploads\/2014\/04\/P1140529-150x112.jpg\" alt=\"Wir noch genutzt\" width=\"150\" height=\"112\" srcset=\"https:\/\/www.mundi-roth.de\/teneriffa-blog\/wp-content\/uploads\/2014\/04\/P1140529-150x112.jpg 150w, https:\/\/www.mundi-roth.de\/teneriffa-blog\/wp-content\/uploads\/2014\/04\/P1140529-300x225.jpg 300w, https:\/\/www.mundi-roth.de\/teneriffa-blog\/wp-content\/uploads\/2014\/04\/P1140529.jpg 800w\" sizes=\"auto, (max-width: 150px) 100vw, 150px\" \/><\/a><p id=\"caption-attachment-3148\" class=\"wp-caption-text\">Wird noch genutzt<\/p><\/div>\n<p>Caser\u00edo de Las Fuentes.<br \/>\nWir passieren eine noch genutzte H\u00f6hle und erreichen das erste Anwesen.<\/p>\n<div id=\"attachment_3149\" style=\"width: 160px\" class=\"wp-caption alignright\"><a href=\"http:\/\/www.mundi-roth.de\/teneriffa-blog\/wp-content\/uploads\/2014\/04\/P1140533.jpg\" rel=\"lightbox[3142]\"><img loading=\"lazy\" decoding=\"async\" aria-describedby=\"caption-attachment-3149\" class=\"size-thumbnail wp-image-3149\" src=\"http:\/\/www.mundi-roth.de\/teneriffa-blog\/wp-content\/uploads\/2014\/04\/P1140533-150x112.jpg\" alt=\"Das erste Anwesen\" width=\"150\" height=\"112\" srcset=\"https:\/\/www.mundi-roth.de\/teneriffa-blog\/wp-content\/uploads\/2014\/04\/P1140533-150x112.jpg 150w, https:\/\/www.mundi-roth.de\/teneriffa-blog\/wp-content\/uploads\/2014\/04\/P1140533-300x225.jpg 300w, https:\/\/www.mundi-roth.de\/teneriffa-blog\/wp-content\/uploads\/2014\/04\/P1140533.jpg 800w\" sizes=\"auto, (max-width: 150px) 100vw, 150px\" \/><\/a><p id=\"caption-attachment-3149\" class=\"wp-caption-text\">Das erste Anwesen<\/p><\/div>\n<p>Wir halten uns rechts, sehen all&#8216; die H\u00e4user, an denen wir am vergangenen Dienstag vorbeiwandert sind, auch unseren \u201eFehltritt\u201c und unseren Abzweig nach Acojeja.<br \/>\nWie gesagt: Vielleicht 10 Meter weiter nach dem Abzweig, w\u00e4ren wir auf dem geplanten Weg nach Tejina gewesen.<br \/>\nAber: Dann h\u00e4tten wir die heutige Wanderung nicht gemacht.<\/p>\n<p>\u201eEs passiert nichts, was nicht auch f\u00fcr etwas gut ist\u201c.<\/p>\n<p>Nun wissen wir es also, sind zufrieden und k\u00f6nnen uns nun dem Aufstieg zur Kapelle auf der Monta\u00f1a Tejina (1049 m) widmen.<\/p>\n\n\t\t<style type=\"text\/css\">\n\t\t\t#gallery-1 {\n\t\t\t\tmargin: auto;\n\t\t\t}\n\t\t\t#gallery-1 .gallery-item {\n\t\t\t\tfloat: left;\n\t\t\t\tmargin-top: 10px;\n\t\t\t\ttext-align: center;\n\t\t\t\twidth: 33%;\n\t\t\t}\n\t\t\t#gallery-1 img {\n\t\t\t\tborder: 2px solid #cfcfcf;\n\t\t\t}\n\t\t\t#gallery-1 .gallery-caption {\n\t\t\t\tmargin-left: 0;\n\t\t\t}\n\t\t\t\/* see gallery_shortcode() in wp-includes\/media.php *\/\n\t\t<\/style>\n\t\t<div id='gallery-1' class='gallery galleryid-3142 gallery-columns-3 gallery-size-thumbnail'><dl class='gallery-item'>\n\t\t\t<dt class='gallery-icon landscape'>\n\t\t\t\t<a href='https:\/\/www.mundi-roth.de\/teneriffa-blog\/wp-content\/uploads\/2014\/04\/P1140542.jpg' rel=\"lightbox[3142]\"><img loading=\"lazy\" decoding=\"async\" width=\"150\" height=\"112\" src=\"https:\/\/www.mundi-roth.de\/teneriffa-blog\/wp-content\/uploads\/2014\/04\/P1140542-150x112.jpg\" class=\"attachment-thumbnail size-thumbnail\" alt=\"\" aria-describedby=\"gallery-1-3150\" srcset=\"https:\/\/www.mundi-roth.de\/teneriffa-blog\/wp-content\/uploads\/2014\/04\/P1140542-150x112.jpg 150w, https:\/\/www.mundi-roth.de\/teneriffa-blog\/wp-content\/uploads\/2014\/04\/P1140542-300x225.jpg 300w, https:\/\/www.mundi-roth.de\/teneriffa-blog\/wp-content\/uploads\/2014\/04\/P1140542.jpg 800w\" sizes=\"auto, (max-width: 150px) 100vw, 150px\" \/><\/a>\n\t\t\t<\/dt>\n\t\t\t\t<dd class='wp-caption-text gallery-caption' id='gallery-1-3150'>\n\t\t\t\tAufstieg\n\t\t\t\t<\/dd><\/dl><dl class='gallery-item'>\n\t\t\t<dt class='gallery-icon portrait'>\n\t\t\t\t<a href='https:\/\/www.mundi-roth.de\/teneriffa-blog\/wp-content\/uploads\/2014\/04\/P1140544.jpg' rel=\"lightbox[3142]\"><img loading=\"lazy\" decoding=\"async\" width=\"112\" height=\"150\" src=\"https:\/\/www.mundi-roth.de\/teneriffa-blog\/wp-content\/uploads\/2014\/04\/P1140544-112x150.jpg\" class=\"attachment-thumbnail size-thumbnail\" alt=\"\" aria-describedby=\"gallery-1-3151\" srcset=\"https:\/\/www.mundi-roth.de\/teneriffa-blog\/wp-content\/uploads\/2014\/04\/P1140544-112x150.jpg 112w, https:\/\/www.mundi-roth.de\/teneriffa-blog\/wp-content\/uploads\/2014\/04\/P1140544-225x300.jpg 225w, https:\/\/www.mundi-roth.de\/teneriffa-blog\/wp-content\/uploads\/2014\/04\/P1140544.jpg 600w\" sizes=\"auto, (max-width: 112px) 100vw, 112px\" \/><\/a>\n\t\t\t<\/dt>\n\t\t\t\t<dd class='wp-caption-text gallery-caption' id='gallery-1-3151'>\n\t\t\t\tKapelle\n\t\t\t\t<\/dd><\/dl><dl class='gallery-item'>\n\t\t\t<dt class='gallery-icon landscape'>\n\t\t\t\t<a href='https:\/\/www.mundi-roth.de\/teneriffa-blog\/wp-content\/uploads\/2014\/04\/P1140547.jpg' rel=\"lightbox[3142]\"><img loading=\"lazy\" decoding=\"async\" width=\"150\" height=\"112\" src=\"https:\/\/www.mundi-roth.de\/teneriffa-blog\/wp-content\/uploads\/2014\/04\/P1140547-150x112.jpg\" class=\"attachment-thumbnail size-thumbnail\" alt=\"\" aria-describedby=\"gallery-1-3152\" srcset=\"https:\/\/www.mundi-roth.de\/teneriffa-blog\/wp-content\/uploads\/2014\/04\/P1140547-150x112.jpg 150w, https:\/\/www.mundi-roth.de\/teneriffa-blog\/wp-content\/uploads\/2014\/04\/P1140547-300x225.jpg 300w, https:\/\/www.mundi-roth.de\/teneriffa-blog\/wp-content\/uploads\/2014\/04\/P1140547.jpg 800w\" sizes=\"auto, (max-width: 150px) 100vw, 150px\" \/><\/a>\n\t\t\t<\/dt>\n\t\t\t\t<dd class='wp-caption-text gallery-caption' id='gallery-1-3152'>\n\t\t\t\t&#8222;In Memoriam&#8220;\n\t\t\t\t<\/dd><\/dl><br style=\"clear: both\" \/>\n\t\t<\/div>\n\n<p>Gleich zu Beginn erinnert ein Blumengesteck an den \u201eD\u00eda de Las Fuentes\u201c, der vor zwei Wochen begangen wurde.<\/p>\n<div id=\"attachment_3153\" style=\"width: 160px\" class=\"wp-caption alignright\"><a href=\"http:\/\/www.mundi-roth.de\/teneriffa-blog\/wp-content\/uploads\/2014\/04\/P1140543a.jpg\" rel=\"lightbox[3142]\"><img loading=\"lazy\" decoding=\"async\" aria-describedby=\"caption-attachment-3153\" class=\"size-thumbnail wp-image-3153\" src=\"http:\/\/www.mundi-roth.de\/teneriffa-blog\/wp-content\/uploads\/2014\/04\/P1140543a-150x101.jpg\" alt=\"Jugendgruppe bei der Erkundung der Heimat\" width=\"150\" height=\"101\" srcset=\"https:\/\/www.mundi-roth.de\/teneriffa-blog\/wp-content\/uploads\/2014\/04\/P1140543a-150x101.jpg 150w, https:\/\/www.mundi-roth.de\/teneriffa-blog\/wp-content\/uploads\/2014\/04\/P1140543a-300x202.jpg 300w, https:\/\/www.mundi-roth.de\/teneriffa-blog\/wp-content\/uploads\/2014\/04\/P1140543a.jpg 800w\" sizes=\"auto, (max-width: 150px) 100vw, 150px\" \/><\/a><p id=\"caption-attachment-3153\" class=\"wp-caption-text\">Jugendgruppe bei der Erkundung der Heimat<\/p><\/div>\n<p>Eine Wandergruppe mit vielen Kindern erklimmt mit uns gleichzeitig die Anh\u00f6he und die Wanderf\u00fchrerin berichtet, dass an diesem Festtag, der alle 5 Jahre stattfindet, die Madonnen-Figur von Tejina im Rahmen einer Prozession hier herauf getragen wird.<\/p>\n<p>Sie selbst macht einmal im Jahr mit einem F\u00f6rderkurs der Grundschule von Tejina eine Wanderung, um den Kindern ihre Heimat mit Pflanzen und Heilkr\u00e4utern zu erl\u00e4utern.<\/p>\n<p><em><strong>Apfelpause?<\/strong><\/em> Nein Danke! Die Wolken sind dick um uns! Sicht gleich Null.<br \/>\nWir lassen uns erkl\u00e4ren, wie wir nach Vera de Erques gelangen und von dort nach Tejina.<\/p>\n<p>Also wieder auf dem schmalen Pfad bergab bis kurz vor die Kurve der Forststra\u00dfe.<\/p>\n<div id=\"attachment_3154\" style=\"width: 160px\" class=\"wp-caption alignleft\"><a href=\"http:\/\/www.mundi-roth.de\/teneriffa-blog\/wp-content\/uploads\/2014\/04\/P1140549.jpg\" rel=\"lightbox[3142]\"><img loading=\"lazy\" decoding=\"async\" aria-describedby=\"caption-attachment-3154\" class=\"size-thumbnail wp-image-3154\" src=\"http:\/\/www.mundi-roth.de\/teneriffa-blog\/wp-content\/uploads\/2014\/04\/P1140549-150x112.jpg\" alt=\"Leicht zu \u00fcbersehen\" width=\"150\" height=\"112\" srcset=\"https:\/\/www.mundi-roth.de\/teneriffa-blog\/wp-content\/uploads\/2014\/04\/P1140549-150x112.jpg 150w, https:\/\/www.mundi-roth.de\/teneriffa-blog\/wp-content\/uploads\/2014\/04\/P1140549-300x225.jpg 300w, https:\/\/www.mundi-roth.de\/teneriffa-blog\/wp-content\/uploads\/2014\/04\/P1140549.jpg 800w\" sizes=\"auto, (max-width: 150px) 100vw, 150px\" \/><\/a><p id=\"caption-attachment-3154\" class=\"wp-caption-text\">Leicht zu \u00fcbersehen<\/p><\/div>\n<p>Dort haben wir beim Aufstieg schon auf der gegen\u00fcberliegenden Seite einen schmalen Pfad, von einer Steinmauer ges\u00e4umt, ausgemacht. Nun sehen wir auch kleine r\u00f6tliche Pfeile auf den Felsen aufgemalt.<\/p>\n<p>Also: Heiter weiter! Aufw\u00e4rts, abw\u00e4rts.<br \/>\nVereinzelte Margaritenb\u00fcsche, einige gelb<\/p>\n<div id=\"attachment_3155\" style=\"width: 160px\" class=\"wp-caption alignright\"><a href=\"http:\/\/www.mundi-roth.de\/teneriffa-blog\/wp-content\/uploads\/2014\/04\/P1140556.jpg\" rel=\"lightbox[3142]\"><img loading=\"lazy\" decoding=\"async\" aria-describedby=\"caption-attachment-3155\" class=\"size-thumbnail wp-image-3155\" src=\"http:\/\/www.mundi-roth.de\/teneriffa-blog\/wp-content\/uploads\/2014\/04\/P1140556-150x112.jpg\" alt=\"Natterkopf\" width=\"150\" height=\"112\" srcset=\"https:\/\/www.mundi-roth.de\/teneriffa-blog\/wp-content\/uploads\/2014\/04\/P1140556-150x112.jpg 150w, https:\/\/www.mundi-roth.de\/teneriffa-blog\/wp-content\/uploads\/2014\/04\/P1140556-300x225.jpg 300w, https:\/\/www.mundi-roth.de\/teneriffa-blog\/wp-content\/uploads\/2014\/04\/P1140556.jpg 800w\" sizes=\"auto, (max-width: 150px) 100vw, 150px\" \/><\/a><p id=\"caption-attachment-3155\" class=\"wp-caption-text\">Natternkopf<\/p><\/div>\n<p>bl\u00fchende Kaktusfeigen, wundersch\u00f6ne Exemplare des Natternkopfes, Winden und nat\u00fcrlich auch Acker-Gauchheil sowie gewaltige Felsmassive zieren den Pfad.<\/p>\n<div id=\"attachment_3156\" style=\"width: 160px\" class=\"wp-caption alignleft\"><a href=\"http:\/\/www.mundi-roth.de\/teneriffa-blog\/wp-content\/uploads\/2014\/04\/P1140564.jpg\" rel=\"lightbox[3142]\"><img loading=\"lazy\" decoding=\"async\" aria-describedby=\"caption-attachment-3156\" class=\"size-thumbnail wp-image-3156\" src=\"http:\/\/www.mundi-roth.de\/teneriffa-blog\/wp-content\/uploads\/2014\/04\/P1140564-150x112.jpg\" alt=\"Geh\u00f6ft\" width=\"150\" height=\"112\" srcset=\"https:\/\/www.mundi-roth.de\/teneriffa-blog\/wp-content\/uploads\/2014\/04\/P1140564-150x112.jpg 150w, https:\/\/www.mundi-roth.de\/teneriffa-blog\/wp-content\/uploads\/2014\/04\/P1140564-300x225.jpg 300w, https:\/\/www.mundi-roth.de\/teneriffa-blog\/wp-content\/uploads\/2014\/04\/P1140564.jpg 800w\" sizes=\"auto, (max-width: 150px) 100vw, 150px\" \/><\/a><p id=\"caption-attachment-3156\" class=\"wp-caption-text\">Geh\u00f6ft &#8222;Casa Montiel&#8220;<\/p><\/div>\n<p>Nach 45 Minuten Gehzeit vom Caser\u00edo de las Fuentes blicken wir auf das verlassene Geh\u00f6ft \u201eCasa Montiel\u201c.<br \/>\nAls wir vor 7 Jahren diese Strecke gingen, konnte man das Geb\u00e4ude noch besichtigen. Nun verbietet ein Schild den Zugang.<br \/>\nDieses sagt uns jedoch auch, dass wir uns auf dem<br \/>\n\u201eCamino Montiel&#8220; befinden.<\/p>\n<p>Etwas unterhalb gehen wir am ehemaligen Waschplatz vorbei und der dar\u00fcber liegende tiefe Brunnen f\u00fchrt noch Wasser, wie Elisabeth nach einem Steinwurf feststellen kann.<\/p>\n<div id=\"attachment_3157\" style=\"width: 122px\" class=\"wp-caption alignleft\"><a href=\"http:\/\/www.mundi-roth.de\/teneriffa-blog\/wp-content\/uploads\/2014\/04\/P1140573.jpg\" rel=\"lightbox[3142]\"><img loading=\"lazy\" decoding=\"async\" aria-describedby=\"caption-attachment-3157\" class=\"size-thumbnail wp-image-3157\" src=\"http:\/\/www.mundi-roth.de\/teneriffa-blog\/wp-content\/uploads\/2014\/04\/P1140573-112x150.jpg\" alt=\"Noch ein Aufstieg\" width=\"112\" height=\"150\" srcset=\"https:\/\/www.mundi-roth.de\/teneriffa-blog\/wp-content\/uploads\/2014\/04\/P1140573-112x150.jpg 112w, https:\/\/www.mundi-roth.de\/teneriffa-blog\/wp-content\/uploads\/2014\/04\/P1140573-225x300.jpg 225w, https:\/\/www.mundi-roth.de\/teneriffa-blog\/wp-content\/uploads\/2014\/04\/P1140573.jpg 600w\" sizes=\"auto, (max-width: 112px) 100vw, 112px\" \/><\/a><p id=\"caption-attachment-3157\" class=\"wp-caption-text\">Noch ein Aufstieg<\/p><\/div>\n<p>Zwar sehen wir schon die unteren H\u00e4user von Vera de Erques, jedoch f\u00fcr uns gilt es erst nochmal aufzusteigen.<br \/>\nNur wenige Minuten sp\u00e4ter erreichen wir den Einstiegspunkt zu dieser Wanderung von Vera de Erques aus. Die dort angebrachte Tafel informiert, dass der Weg bis nach El Jaral 4 D\u00f6rfer in der Mittellage verbindet, deren Ursprung auf die Holzwirtschaft im Kiefernwald und andere landwirtschaftliche T\u00e4tigkeiten zur\u00fcckgeht.<\/p>\n<p>Wir gehen auf der TF 465 einige Meter abw\u00e4rts, um zur n\u00e4chsten Infotafel zu gelangen. Sie macht uns \u00fcber den \u201eCamino Cueva de Teja\u201c schlau.<br \/>\nWir biegen auf den hier abgehenden, zun\u00e4chst noch asphaltierten Weg ab, an einem Haus vorbei, parallel zum Barranco Bic\u00e1caro.<\/p>\n<p>Der Weg ist wohl so gut wie nicht begangen und wir gelangen an ein hellblau gestrichenes Haus. Hier sto\u00dfen wir fast auf die TF 465, jedoch wir halten uns rechts, um kurz darauf scharf rechts abzubiegen.<br \/>\nVorbei an einem H\u00fchnerstall mit stolzen H\u00e4hnen, einem kl\u00e4ffenden Hund und einem schwarzen Schwein, steigen wir zum Barranco Bic\u00e1caro ab.<\/p>\n\n\t\t<style type=\"text\/css\">\n\t\t\t#gallery-2 {\n\t\t\t\tmargin: auto;\n\t\t\t}\n\t\t\t#gallery-2 .gallery-item {\n\t\t\t\tfloat: left;\n\t\t\t\tmargin-top: 10px;\n\t\t\t\ttext-align: center;\n\t\t\t\twidth: 33%;\n\t\t\t}\n\t\t\t#gallery-2 img {\n\t\t\t\tborder: 2px solid #cfcfcf;\n\t\t\t}\n\t\t\t#gallery-2 .gallery-caption {\n\t\t\t\tmargin-left: 0;\n\t\t\t}\n\t\t\t\/* see gallery_shortcode() in wp-includes\/media.php *\/\n\t\t<\/style>\n\t\t<div id='gallery-2' class='gallery galleryid-3142 gallery-columns-3 gallery-size-thumbnail'><dl class='gallery-item'>\n\t\t\t<dt class='gallery-icon landscape'>\n\t\t\t\t<a href='https:\/\/www.mundi-roth.de\/teneriffa-blog\/wp-content\/uploads\/2014\/04\/P1140580.jpg' rel=\"lightbox[3142]\"><img loading=\"lazy\" decoding=\"async\" width=\"150\" height=\"112\" src=\"https:\/\/www.mundi-roth.de\/teneriffa-blog\/wp-content\/uploads\/2014\/04\/P1140580-150x112.jpg\" class=\"attachment-thumbnail size-thumbnail\" alt=\"\" aria-describedby=\"gallery-2-3158\" srcset=\"https:\/\/www.mundi-roth.de\/teneriffa-blog\/wp-content\/uploads\/2014\/04\/P1140580-150x112.jpg 150w, https:\/\/www.mundi-roth.de\/teneriffa-blog\/wp-content\/uploads\/2014\/04\/P1140580-300x225.jpg 300w, https:\/\/www.mundi-roth.de\/teneriffa-blog\/wp-content\/uploads\/2014\/04\/P1140580.jpg 800w\" sizes=\"auto, (max-width: 150px) 100vw, 150px\" \/><\/a>\n\t\t\t<\/dt>\n\t\t\t\t<dd class='wp-caption-text gallery-caption' id='gallery-2-3158'>\n\t\t\t\tDas Haus\n\t\t\t\t<\/dd><\/dl><dl class='gallery-item'>\n\t\t\t<dt class='gallery-icon landscape'>\n\t\t\t\t<a href='https:\/\/www.mundi-roth.de\/teneriffa-blog\/wp-content\/uploads\/2014\/04\/P1140582.jpg' rel=\"lightbox[3142]\"><img loading=\"lazy\" decoding=\"async\" width=\"150\" height=\"112\" src=\"https:\/\/www.mundi-roth.de\/teneriffa-blog\/wp-content\/uploads\/2014\/04\/P1140582-150x112.jpg\" class=\"attachment-thumbnail size-thumbnail\" alt=\"\" aria-describedby=\"gallery-2-3159\" srcset=\"https:\/\/www.mundi-roth.de\/teneriffa-blog\/wp-content\/uploads\/2014\/04\/P1140582-150x112.jpg 150w, https:\/\/www.mundi-roth.de\/teneriffa-blog\/wp-content\/uploads\/2014\/04\/P1140582-300x225.jpg 300w, https:\/\/www.mundi-roth.de\/teneriffa-blog\/wp-content\/uploads\/2014\/04\/P1140582.jpg 800w\" sizes=\"auto, (max-width: 150px) 100vw, 150px\" \/><\/a>\n\t\t\t<\/dt>\n\t\t\t\t<dd class='wp-caption-text gallery-caption' id='gallery-2-3159'>\n\t\t\t\tDie H\u00fchner\n\t\t\t\t<\/dd><\/dl><dl class='gallery-item'>\n\t\t\t<dt class='gallery-icon landscape'>\n\t\t\t\t<a href='https:\/\/www.mundi-roth.de\/teneriffa-blog\/wp-content\/uploads\/2014\/04\/P1140586.jpg' rel=\"lightbox[3142]\"><img loading=\"lazy\" decoding=\"async\" width=\"150\" height=\"112\" src=\"https:\/\/www.mundi-roth.de\/teneriffa-blog\/wp-content\/uploads\/2014\/04\/P1140586-150x112.jpg\" class=\"attachment-thumbnail size-thumbnail\" alt=\"\" aria-describedby=\"gallery-2-3160\" srcset=\"https:\/\/www.mundi-roth.de\/teneriffa-blog\/wp-content\/uploads\/2014\/04\/P1140586-150x112.jpg 150w, https:\/\/www.mundi-roth.de\/teneriffa-blog\/wp-content\/uploads\/2014\/04\/P1140586-300x225.jpg 300w, https:\/\/www.mundi-roth.de\/teneriffa-blog\/wp-content\/uploads\/2014\/04\/P1140586.jpg 800w\" sizes=\"auto, (max-width: 150px) 100vw, 150px\" \/><\/a>\n\t\t\t<\/dt>\n\t\t\t\t<dd class='wp-caption-text gallery-caption' id='gallery-2-3160'>\n\t\t\t\tDas schwarze Schwein\n\t\t\t\t<\/dd><\/dl><br style=\"clear: both\" \/>\n\t\t<\/div>\n\n<p>Nat\u00fcrlich auf der anderen Seite geht es wieder aufw\u00e4rts. Wir queren eine<\/p>\n<div id=\"attachment_3161\" style=\"width: 160px\" class=\"wp-caption alignleft\"><a href=\"http:\/\/www.mundi-roth.de\/teneriffa-blog\/wp-content\/uploads\/2014\/04\/P1140589.jpg\" rel=\"lightbox[3142]\"><img loading=\"lazy\" decoding=\"async\" aria-describedby=\"caption-attachment-3161\" class=\"size-thumbnail wp-image-3161\" src=\"http:\/\/www.mundi-roth.de\/teneriffa-blog\/wp-content\/uploads\/2014\/04\/P1140589-150x112.jpg\" alt=\"Deutliche Hinweise\" width=\"150\" height=\"112\" srcset=\"https:\/\/www.mundi-roth.de\/teneriffa-blog\/wp-content\/uploads\/2014\/04\/P1140589-150x112.jpg 150w, https:\/\/www.mundi-roth.de\/teneriffa-blog\/wp-content\/uploads\/2014\/04\/P1140589-300x225.jpg 300w, https:\/\/www.mundi-roth.de\/teneriffa-blog\/wp-content\/uploads\/2014\/04\/P1140589.jpg 800w\" sizes=\"auto, (max-width: 150px) 100vw, 150px\" \/><\/a><p id=\"caption-attachment-3161\" class=\"wp-caption-text\">Deutliche Hinweise<\/p><\/div>\n<p>Betonpiste, mit aufgemalten Hinweispfeilen &#8211; vor einem ochsenblut-rot gestrichenen Haus, an dem wir unterhalb vorbeigehen.<br \/>\nAuf der darunterliegenden Wiese weiden Ziegen und viele Zistrosen s\u00e4umen den Weg.<br \/>\nSo gelangen wir an ein den Barranco Cu\u00e9scaro \u00fcberspannendes, helles Wasserleitungsrohr.<br \/>\nHier steigen wir ein kleines St\u00fcck ab, um uns dann links den schlecht auszumachenden Weg weiter zum<\/p>\n<div id=\"attachment_3162\" style=\"width: 160px\" class=\"wp-caption alignright\"><a href=\"http:\/\/www.mundi-roth.de\/teneriffa-blog\/wp-content\/uploads\/2014\/04\/P1140595.jpg\" rel=\"lightbox[3142]\"><img loading=\"lazy\" decoding=\"async\" aria-describedby=\"caption-attachment-3162\" class=\"size-thumbnail wp-image-3162\" src=\"http:\/\/www.mundi-roth.de\/teneriffa-blog\/wp-content\/uploads\/2014\/04\/P1140595-150x112.jpg\" alt=\"Den Pfad muss man erst mal erkennen\" width=\"150\" height=\"112\" srcset=\"https:\/\/www.mundi-roth.de\/teneriffa-blog\/wp-content\/uploads\/2014\/04\/P1140595-150x112.jpg 150w, https:\/\/www.mundi-roth.de\/teneriffa-blog\/wp-content\/uploads\/2014\/04\/P1140595-300x225.jpg 300w, https:\/\/www.mundi-roth.de\/teneriffa-blog\/wp-content\/uploads\/2014\/04\/P1140595.jpg 800w\" sizes=\"auto, (max-width: 150px) 100vw, 150px\" \/><\/a><p id=\"caption-attachment-3162\" class=\"wp-caption-text\">Den Pfad muss man erst mal erkennen<\/p><\/div>\n<p>Barrancogrund abw\u00e4rts zu hangeln, da wir auf der gegen\u00fcberliegenden Seite einen Pfad &#8211; mit dicken Steinen abgegrenzt &#8211; sehen k\u00f6nnen.<\/p>\n<div id=\"attachment_3163\" style=\"width: 160px\" class=\"wp-caption alignleft\"><a href=\"http:\/\/www.mundi-roth.de\/teneriffa-blog\/wp-content\/uploads\/2014\/04\/P1140596.jpg\" rel=\"lightbox[3142]\"><img loading=\"lazy\" decoding=\"async\" aria-describedby=\"caption-attachment-3163\" class=\"size-thumbnail wp-image-3163\" src=\"http:\/\/www.mundi-roth.de\/teneriffa-blog\/wp-content\/uploads\/2014\/04\/P1140596-150x112.jpg\" alt=\"Absperrband als Wegweiser\" width=\"150\" height=\"112\" srcset=\"https:\/\/www.mundi-roth.de\/teneriffa-blog\/wp-content\/uploads\/2014\/04\/P1140596-150x112.jpg 150w, https:\/\/www.mundi-roth.de\/teneriffa-blog\/wp-content\/uploads\/2014\/04\/P1140596-300x225.jpg 300w, https:\/\/www.mundi-roth.de\/teneriffa-blog\/wp-content\/uploads\/2014\/04\/P1140596.jpg 800w\" sizes=\"auto, (max-width: 150px) 100vw, 150px\" \/><\/a><p id=\"caption-attachment-3163\" class=\"wp-caption-text\">Absperrband als Wegweiser<\/p><\/div>\n<p>An den Wolfsmilch-B\u00fcschen sehen wir rot-wei\u00df-gestreifte Absperrb\u00e4nder. Sollen wohl Wegweiser sein.<br \/>\nUm 13:50 Uhr erreichen wir wieder die Forststra\u00dfe bei den Weinfeldern und wir begl\u00fcckw\u00fcnschen uns wie gut wir den Rundweg gemeistert haben, ganz ohne belehrende \u201eAgathe\u201c.<br \/>\n35 Minuten sind wir nur vom Betreten der TF 465 oben in Vera de Erques die Querspange gegangen.<\/p>\n<p><strong>Fazit:<\/strong><br \/>\nSieht man mal von der langweiligen Forststra\u00dfe ab, jedoch, zugegeben, dadurch haben wir schnelle H\u00f6he gewonnen, ist es eine wundersch\u00f6ne, nicht allzu anstrengende Tour.<br \/>\nSchwindelfrei muss man nicht sein, jedoch gut zu Fu\u00df, da sehr uneben.<br \/>\nNun haben wir die Caser\u00edos de Las Fuentes von links, von rechts, von oben und von unten angewandert.<br \/>\nJetzt sind wir zufrieden.<\/p>\n<p><strong>Besonderheit:<\/strong><br \/>\nCaser\u00edos de Las Fuentes war die Kornkammer von Gu\u00eda de Isora und war bis in die 70er Jahre des vergangen Jahrhunderts bewirtschaftet und zaghaft wird wohl die Wiederbewirtschaftung in Gang gesetzt.<br \/>\nWer mehr dar\u00fcber lesen m\u00f6chte, der rufe die von mir beschriebene <a href=\"http:\/\/www.mundi-roth.de\/teneriffa-blog\/wanderungen\/vera-de-erques-las-fuentes\/\">Wanderung vom 16. Oktober 2007 auf.<\/a><\/p>\n<p><strong>Restaurant:<\/strong><br \/>\nUns ist nach Sonne, darum steuern wir La Caletta an.<br \/>\nHeute probieren wir das f\u00fcr uns neue Restaurant \u201eEl Caldero\u201c aus.<br \/>\nSonne! Meer! Gutes Essen zu zivilen Preisen.<br \/>\nWas will man mehr?<\/p>\n<p><strong>Anfahrt:<\/strong><\/p>\n<p>Aus Richtung Los Cristianos kommend verlassen wir die Autobahn TF1 Richtun Guia de Isora. In Tejina nehmen wir die erste rechts abzweigende Stra\u00dfe nach oben und folgen dann der quer verlaufenden &#8222;Calle Virgen de Rosario&#8220; nach rechts, biegen bei einem Bushalteschild auf\u00a0 der linken Seite nach links in die &#8222;Calle Zaragoza ab. Am Ende der Stra\u00dfe parken wir.<\/p>\n","protected":false},"excerpt":{"rendered":"<p>Die heutige Wanderung gab uns unsere Neugierde vor. Wir wollten unbedingt wissen: &#8222;Wo h\u00e4tten wir vergangene Woche von Boca Tauce nach Tejina weitergehen m\u00fcssen.&#8220; \u201eAgathe\u201c, die Elisabeth so titulierte Sprecherin von Komoot, leitete uns ja in die Irre, so dass wir dann ohne Anleitung Richtung Acojeja gingen. Vorab: Wir h\u00e4tten nur wenige Meter weiter gerade [&hellip;]<\/p>\n","protected":false},"author":4,"featured_media":4227,"comment_status":"open","ping_status":"open","sticky":false,"template":"","format":"standard","meta":{"footnotes":""},"categories":[776,6],"tags":[729,727,23,726,728,222,24,3,439,21,446],"class_list":["post-3142","post","type-post","status-publish","format-standard","has-post-thumbnail","hentry","category-guia-de-isora","category-wanderungen","tag-barranco-cuescaro","tag-camino-de-las-fuentes","tag-casa-montiel","tag-caserios-de-las-fuentes","tag-montana-tejina","tag-natternkopf","tag-tejina","tag-teneriffa","tag-teneriffa-wandern","tag-vera-de-erques","tag-wandern-teneriffa"],"yoast_head":"<!-- This site is optimized with the Yoast SEO plugin v27.5 - https:\/\/yoast.com\/product\/yoast-seo-wordpress\/ -->\n<title>Tejina\u2013Caser\u00edos de las Fuentes\u2013Vera de Erques\u2013Tejina - Teneriffa Wandern<\/title>\n<meta name=\"description\" content=\"Der lohnende Rundweg Tejina-Caser\u00edos de las Fuentes-Vera de Erques-Tejina ist in 3,5 Stunden ohne nennenswerte Schwierigkeiten zu bew\u00e4ltigen.\" \/>\n<meta name=\"robots\" content=\"index, follow, max-snippet:-1, max-image-preview:large, max-video-preview:-1\" \/>\n<link rel=\"canonical\" href=\"https:\/\/www.mundi-roth.de\/teneriffa-blog\/wanderungen\/tejina-caserios-de-las-fuentes-vera-de-erques-tejina\/\" \/>\n<meta name=\"twitter:label1\" content=\"Verfasst von\" \/>\n\t<meta name=\"twitter:data1\" content=\"mundi\" \/>\n\t<meta name=\"twitter:label2\" content=\"Gesch\u00e4tzte Lesezeit\" \/>\n\t<meta name=\"twitter:data2\" content=\"7\u00a0Minuten\" \/>\n<script type=\"application\/ld+json\" class=\"yoast-schema-graph\">{\"@context\":\"https:\\\/\\\/schema.org\",\"@graph\":[{\"@type\":\"Article\",\"@id\":\"https:\\\/\\\/www.mundi-roth.de\\\/teneriffa-blog\\\/wanderungen\\\/tejina-caserios-de-las-fuentes-vera-de-erques-tejina\\\/#article\",\"isPartOf\":{\"@id\":\"https:\\\/\\\/www.mundi-roth.de\\\/teneriffa-blog\\\/wanderungen\\\/tejina-caserios-de-las-fuentes-vera-de-erques-tejina\\\/\"},\"author\":{\"name\":\"mundi\",\"@id\":\"https:\\\/\\\/www.mundi-roth.de\\\/teneriffa-blog\\\/#\\\/schema\\\/person\\\/971c66b55f3ae5e8741553688c413cac\"},\"headline\":\"Tejina\u2013Caser\u00edos de las Fuentes\u2013Vera de Erques\u2013Tejina\",\"datePublished\":\"2014-04-15T21:00:21+00:00\",\"dateModified\":\"2015-07-13T13:03:07+00:00\",\"mainEntityOfPage\":{\"@id\":\"https:\\\/\\\/www.mundi-roth.de\\\/teneriffa-blog\\\/wanderungen\\\/tejina-caserios-de-las-fuentes-vera-de-erques-tejina\\\/\"},\"wordCount\":1355,\"commentCount\":0,\"image\":{\"@id\":\"https:\\\/\\\/www.mundi-roth.de\\\/teneriffa-blog\\\/wanderungen\\\/tejina-caserios-de-las-fuentes-vera-de-erques-tejina\\\/#primaryimage\"},\"thumbnailUrl\":\"https:\\\/\\\/www.mundi-roth.de\\\/teneriffa-blog\\\/wp-content\\\/uploads\\\/2014\\\/04\\\/P11405491.jpg\",\"keywords\":[\"Barranco Cu\u00e9scaro\",\"Camino de las Fuentes\",\"Casa Montiel\",\"Caserios de las Fuentes\",\"Monta\u00f1a Tejina\",\"Natternkopf\",\"Tejina\",\"Teneriffa\",\"Teneriffa Wandern\",\"Vera de Erques\",\"Wandern Teneriffa\"],\"articleSection\":[\"Guia de Isora\",\"Wanderungen\"],\"inLanguage\":\"de\",\"potentialAction\":[{\"@type\":\"CommentAction\",\"name\":\"Comment\",\"target\":[\"https:\\\/\\\/www.mundi-roth.de\\\/teneriffa-blog\\\/wanderungen\\\/tejina-caserios-de-las-fuentes-vera-de-erques-tejina\\\/#respond\"]}]},{\"@type\":\"WebPage\",\"@id\":\"https:\\\/\\\/www.mundi-roth.de\\\/teneriffa-blog\\\/wanderungen\\\/tejina-caserios-de-las-fuentes-vera-de-erques-tejina\\\/\",\"url\":\"https:\\\/\\\/www.mundi-roth.de\\\/teneriffa-blog\\\/wanderungen\\\/tejina-caserios-de-las-fuentes-vera-de-erques-tejina\\\/\",\"name\":\"Tejina\u2013Caser\u00edos de las Fuentes\u2013Vera de Erques\u2013Tejina - Teneriffa Wandern\",\"isPartOf\":{\"@id\":\"https:\\\/\\\/www.mundi-roth.de\\\/teneriffa-blog\\\/#website\"},\"primaryImageOfPage\":{\"@id\":\"https:\\\/\\\/www.mundi-roth.de\\\/teneriffa-blog\\\/wanderungen\\\/tejina-caserios-de-las-fuentes-vera-de-erques-tejina\\\/#primaryimage\"},\"image\":{\"@id\":\"https:\\\/\\\/www.mundi-roth.de\\\/teneriffa-blog\\\/wanderungen\\\/tejina-caserios-de-las-fuentes-vera-de-erques-tejina\\\/#primaryimage\"},\"thumbnailUrl\":\"https:\\\/\\\/www.mundi-roth.de\\\/teneriffa-blog\\\/wp-content\\\/uploads\\\/2014\\\/04\\\/P11405491.jpg\",\"datePublished\":\"2014-04-15T21:00:21+00:00\",\"dateModified\":\"2015-07-13T13:03:07+00:00\",\"author\":{\"@id\":\"https:\\\/\\\/www.mundi-roth.de\\\/teneriffa-blog\\\/#\\\/schema\\\/person\\\/971c66b55f3ae5e8741553688c413cac\"},\"description\":\"Der lohnende Rundweg Tejina-Caser\u00edos de las Fuentes-Vera de Erques-Tejina ist in 3,5 Stunden ohne nennenswerte Schwierigkeiten zu bew\u00e4ltigen.\",\"breadcrumb\":{\"@id\":\"https:\\\/\\\/www.mundi-roth.de\\\/teneriffa-blog\\\/wanderungen\\\/tejina-caserios-de-las-fuentes-vera-de-erques-tejina\\\/#breadcrumb\"},\"inLanguage\":\"de\",\"potentialAction\":[{\"@type\":\"ReadAction\",\"target\":[\"https:\\\/\\\/www.mundi-roth.de\\\/teneriffa-blog\\\/wanderungen\\\/tejina-caserios-de-las-fuentes-vera-de-erques-tejina\\\/\"]}]},{\"@type\":\"ImageObject\",\"inLanguage\":\"de\",\"@id\":\"https:\\\/\\\/www.mundi-roth.de\\\/teneriffa-blog\\\/wanderungen\\\/tejina-caserios-de-las-fuentes-vera-de-erques-tejina\\\/#primaryimage\",\"url\":\"https:\\\/\\\/www.mundi-roth.de\\\/teneriffa-blog\\\/wp-content\\\/uploads\\\/2014\\\/04\\\/P11405491.jpg\",\"contentUrl\":\"https:\\\/\\\/www.mundi-roth.de\\\/teneriffa-blog\\\/wp-content\\\/uploads\\\/2014\\\/04\\\/P11405491.jpg\",\"width\":800,\"height\":600},{\"@type\":\"BreadcrumbList\",\"@id\":\"https:\\\/\\\/www.mundi-roth.de\\\/teneriffa-blog\\\/wanderungen\\\/tejina-caserios-de-las-fuentes-vera-de-erques-tejina\\\/#breadcrumb\",\"itemListElement\":[{\"@type\":\"ListItem\",\"position\":1,\"name\":\"Startseite\",\"item\":\"https:\\\/\\\/www.mundi-roth.de\\\/teneriffa-blog\\\/\"},{\"@type\":\"ListItem\",\"position\":2,\"name\":\"Tejina\u2013Caser\u00edos de las Fuentes\u2013Vera de Erques\u2013Tejina\"}]},{\"@type\":\"WebSite\",\"@id\":\"https:\\\/\\\/www.mundi-roth.de\\\/teneriffa-blog\\\/#website\",\"url\":\"https:\\\/\\\/www.mundi-roth.de\\\/teneriffa-blog\\\/\",\"name\":\"Teneriffa Wandern\",\"description\":\"Nicht nur Wanderungen auf Teneriffa...\",\"potentialAction\":[{\"@type\":\"SearchAction\",\"target\":{\"@type\":\"EntryPoint\",\"urlTemplate\":\"https:\\\/\\\/www.mundi-roth.de\\\/teneriffa-blog\\\/?s={search_term_string}\"},\"query-input\":{\"@type\":\"PropertyValueSpecification\",\"valueRequired\":true,\"valueName\":\"search_term_string\"}}],\"inLanguage\":\"de\"},{\"@type\":\"Person\",\"@id\":\"https:\\\/\\\/www.mundi-roth.de\\\/teneriffa-blog\\\/#\\\/schema\\\/person\\\/971c66b55f3ae5e8741553688c413cac\",\"name\":\"mundi\",\"image\":{\"@type\":\"ImageObject\",\"inLanguage\":\"de\",\"@id\":\"https:\\\/\\\/secure.gravatar.com\\\/avatar\\\/555f0dd85428f1a9330f8e5dbe9e40ff9ca912bb81e5a89747ebf3ca9c20dc0f?s=96&d=mm&r=g\",\"url\":\"https:\\\/\\\/secure.gravatar.com\\\/avatar\\\/555f0dd85428f1a9330f8e5dbe9e40ff9ca912bb81e5a89747ebf3ca9c20dc0f?s=96&d=mm&r=g\",\"contentUrl\":\"https:\\\/\\\/secure.gravatar.com\\\/avatar\\\/555f0dd85428f1a9330f8e5dbe9e40ff9ca912bb81e5a89747ebf3ca9c20dc0f?s=96&d=mm&r=g\",\"caption\":\"mundi\"},\"sameAs\":[\"http:\\\/\\\/mundi-roth.de\"],\"url\":\"https:\\\/\\\/www.mundi-roth.de\\\/teneriffa-blog\\\/author\\\/mundi\\\/\"}]}<\/script>\n<!-- \/ Yoast SEO plugin. -->","yoast_head_json":{"title":"Tejina\u2013Caser\u00edos de las Fuentes\u2013Vera de Erques\u2013Tejina - Teneriffa Wandern","description":"Der lohnende Rundweg Tejina-Caser\u00edos de las Fuentes-Vera de Erques-Tejina ist in 3,5 Stunden ohne nennenswerte Schwierigkeiten zu bew\u00e4ltigen.","robots":{"index":"index","follow":"follow","max-snippet":"max-snippet:-1","max-image-preview":"max-image-preview:large","max-video-preview":"max-video-preview:-1"},"canonical":"https:\/\/www.mundi-roth.de\/teneriffa-blog\/wanderungen\/tejina-caserios-de-las-fuentes-vera-de-erques-tejina\/","twitter_misc":{"Verfasst von":"mundi","Gesch\u00e4tzte Lesezeit":"7\u00a0Minuten"},"schema":{"@context":"https:\/\/schema.org","@graph":[{"@type":"Article","@id":"https:\/\/www.mundi-roth.de\/teneriffa-blog\/wanderungen\/tejina-caserios-de-las-fuentes-vera-de-erques-tejina\/#article","isPartOf":{"@id":"https:\/\/www.mundi-roth.de\/teneriffa-blog\/wanderungen\/tejina-caserios-de-las-fuentes-vera-de-erques-tejina\/"},"author":{"name":"mundi","@id":"https:\/\/www.mundi-roth.de\/teneriffa-blog\/#\/schema\/person\/971c66b55f3ae5e8741553688c413cac"},"headline":"Tejina\u2013Caser\u00edos de las Fuentes\u2013Vera de Erques\u2013Tejina","datePublished":"2014-04-15T21:00:21+00:00","dateModified":"2015-07-13T13:03:07+00:00","mainEntityOfPage":{"@id":"https:\/\/www.mundi-roth.de\/teneriffa-blog\/wanderungen\/tejina-caserios-de-las-fuentes-vera-de-erques-tejina\/"},"wordCount":1355,"commentCount":0,"image":{"@id":"https:\/\/www.mundi-roth.de\/teneriffa-blog\/wanderungen\/tejina-caserios-de-las-fuentes-vera-de-erques-tejina\/#primaryimage"},"thumbnailUrl":"https:\/\/www.mundi-roth.de\/teneriffa-blog\/wp-content\/uploads\/2014\/04\/P11405491.jpg","keywords":["Barranco Cu\u00e9scaro","Camino de las Fuentes","Casa Montiel","Caserios de las Fuentes","Monta\u00f1a Tejina","Natternkopf","Tejina","Teneriffa","Teneriffa Wandern","Vera de Erques","Wandern Teneriffa"],"articleSection":["Guia de Isora","Wanderungen"],"inLanguage":"de","potentialAction":[{"@type":"CommentAction","name":"Comment","target":["https:\/\/www.mundi-roth.de\/teneriffa-blog\/wanderungen\/tejina-caserios-de-las-fuentes-vera-de-erques-tejina\/#respond"]}]},{"@type":"WebPage","@id":"https:\/\/www.mundi-roth.de\/teneriffa-blog\/wanderungen\/tejina-caserios-de-las-fuentes-vera-de-erques-tejina\/","url":"https:\/\/www.mundi-roth.de\/teneriffa-blog\/wanderungen\/tejina-caserios-de-las-fuentes-vera-de-erques-tejina\/","name":"Tejina\u2013Caser\u00edos de las Fuentes\u2013Vera de Erques\u2013Tejina - Teneriffa Wandern","isPartOf":{"@id":"https:\/\/www.mundi-roth.de\/teneriffa-blog\/#website"},"primaryImageOfPage":{"@id":"https:\/\/www.mundi-roth.de\/teneriffa-blog\/wanderungen\/tejina-caserios-de-las-fuentes-vera-de-erques-tejina\/#primaryimage"},"image":{"@id":"https:\/\/www.mundi-roth.de\/teneriffa-blog\/wanderungen\/tejina-caserios-de-las-fuentes-vera-de-erques-tejina\/#primaryimage"},"thumbnailUrl":"https:\/\/www.mundi-roth.de\/teneriffa-blog\/wp-content\/uploads\/2014\/04\/P11405491.jpg","datePublished":"2014-04-15T21:00:21+00:00","dateModified":"2015-07-13T13:03:07+00:00","author":{"@id":"https:\/\/www.mundi-roth.de\/teneriffa-blog\/#\/schema\/person\/971c66b55f3ae5e8741553688c413cac"},"description":"Der lohnende Rundweg Tejina-Caser\u00edos de las Fuentes-Vera de Erques-Tejina ist in 3,5 Stunden ohne nennenswerte Schwierigkeiten zu bew\u00e4ltigen.","breadcrumb":{"@id":"https:\/\/www.mundi-roth.de\/teneriffa-blog\/wanderungen\/tejina-caserios-de-las-fuentes-vera-de-erques-tejina\/#breadcrumb"},"inLanguage":"de","potentialAction":[{"@type":"ReadAction","target":["https:\/\/www.mundi-roth.de\/teneriffa-blog\/wanderungen\/tejina-caserios-de-las-fuentes-vera-de-erques-tejina\/"]}]},{"@type":"ImageObject","inLanguage":"de","@id":"https:\/\/www.mundi-roth.de\/teneriffa-blog\/wanderungen\/tejina-caserios-de-las-fuentes-vera-de-erques-tejina\/#primaryimage","url":"https:\/\/www.mundi-roth.de\/teneriffa-blog\/wp-content\/uploads\/2014\/04\/P11405491.jpg","contentUrl":"https:\/\/www.mundi-roth.de\/teneriffa-blog\/wp-content\/uploads\/2014\/04\/P11405491.jpg","width":800,"height":600},{"@type":"BreadcrumbList","@id":"https:\/\/www.mundi-roth.de\/teneriffa-blog\/wanderungen\/tejina-caserios-de-las-fuentes-vera-de-erques-tejina\/#breadcrumb","itemListElement":[{"@type":"ListItem","position":1,"name":"Startseite","item":"https:\/\/www.mundi-roth.de\/teneriffa-blog\/"},{"@type":"ListItem","position":2,"name":"Tejina\u2013Caser\u00edos de las Fuentes\u2013Vera de Erques\u2013Tejina"}]},{"@type":"WebSite","@id":"https:\/\/www.mundi-roth.de\/teneriffa-blog\/#website","url":"https:\/\/www.mundi-roth.de\/teneriffa-blog\/","name":"Teneriffa Wandern","description":"Nicht nur Wanderungen auf Teneriffa...","potentialAction":[{"@type":"SearchAction","target":{"@type":"EntryPoint","urlTemplate":"https:\/\/www.mundi-roth.de\/teneriffa-blog\/?s={search_term_string}"},"query-input":{"@type":"PropertyValueSpecification","valueRequired":true,"valueName":"search_term_string"}}],"inLanguage":"de"},{"@type":"Person","@id":"https:\/\/www.mundi-roth.de\/teneriffa-blog\/#\/schema\/person\/971c66b55f3ae5e8741553688c413cac","name":"mundi","image":{"@type":"ImageObject","inLanguage":"de","@id":"https:\/\/secure.gravatar.com\/avatar\/555f0dd85428f1a9330f8e5dbe9e40ff9ca912bb81e5a89747ebf3ca9c20dc0f?s=96&d=mm&r=g","url":"https:\/\/secure.gravatar.com\/avatar\/555f0dd85428f1a9330f8e5dbe9e40ff9ca912bb81e5a89747ebf3ca9c20dc0f?s=96&d=mm&r=g","contentUrl":"https:\/\/secure.gravatar.com\/avatar\/555f0dd85428f1a9330f8e5dbe9e40ff9ca912bb81e5a89747ebf3ca9c20dc0f?s=96&d=mm&r=g","caption":"mundi"},"sameAs":["http:\/\/mundi-roth.de"],"url":"https:\/\/www.mundi-roth.de\/teneriffa-blog\/author\/mundi\/"}]}},"_links":{"self":[{"href":"https:\/\/www.mundi-roth.de\/teneriffa-blog\/wp-json\/wp\/v2\/posts\/3142","targetHints":{"allow":["GET"]}}],"collection":[{"href":"https:\/\/www.mundi-roth.de\/teneriffa-blog\/wp-json\/wp\/v2\/posts"}],"about":[{"href":"https:\/\/www.mundi-roth.de\/teneriffa-blog\/wp-json\/wp\/v2\/types\/post"}],"author":[{"embeddable":true,"href":"https:\/\/www.mundi-roth.de\/teneriffa-blog\/wp-json\/wp\/v2\/users\/4"}],"replies":[{"embeddable":true,"href":"https:\/\/www.mundi-roth.de\/teneriffa-blog\/wp-json\/wp\/v2\/comments?post=3142"}],"version-history":[{"count":0,"href":"https:\/\/www.mundi-roth.de\/teneriffa-blog\/wp-json\/wp\/v2\/posts\/3142\/revisions"}],"wp:featuredmedia":[{"embeddable":true,"href":"https:\/\/www.mundi-roth.de\/teneriffa-blog\/wp-json\/wp\/v2\/media\/4227"}],"wp:attachment":[{"href":"https:\/\/www.mundi-roth.de\/teneriffa-blog\/wp-json\/wp\/v2\/media?parent=3142"}],"wp:term":[{"taxonomy":"category","embeddable":true,"href":"https:\/\/www.mundi-roth.de\/teneriffa-blog\/wp-json\/wp\/v2\/categories?post=3142"},{"taxonomy":"post_tag","embeddable":true,"href":"https:\/\/www.mundi-roth.de\/teneriffa-blog\/wp-json\/wp\/v2\/tags?post=3142"}],"curies":[{"name":"wp","href":"https:\/\/api.w.org\/{rel}","templated":true}]}}