{"id":3248,"date":"2014-10-15T22:00:14","date_gmt":"2014-10-15T21:00:14","guid":{"rendered":"http:\/\/www.mundi-roth.de\/teneriffa-blog\/?p=3248"},"modified":"2015-07-13T12:59:01","modified_gmt":"2015-07-13T11:59:01","slug":"wanderung-von-weiler-zu-weiler","status":"publish","type":"post","link":"https:\/\/www.mundi-roth.de\/teneriffa-blog\/wanderungen\/wanderung-von-weiler-zu-weiler\/","title":{"rendered":"Wanderung von Weiler zu Weiler"},"content":{"rendered":"<p><strong>Ch\u00edo \u2013 Chiguergue \u2013 Aripe \u2013 Chirche \u2013 El Jaral \u2013\u00a0 Gu\u00eda de Isora<\/strong><\/p>\n<p>Mit der heutigen Wanderung steigen wir in unsere Wandersaison 2014\/2015 \u2013 ohne Besuch &#8211; gleich mit einem Experiment ein:<\/p>\n<p>Die Gemeinde Gu\u00eda de Isora hat einen neuen Wanderf\u00fchrer herausgegeben, den wir uns im Touristb\u00fcro in Alcal\u00e1 geholt haben.<\/p>\n<p>Hier werden 10 Touren\u00a0 vorgestellt, teils k\u00fcrzer, teils l\u00e4nger.<\/p>\n<p>Elisabeth und ich haben uns eine Kombination von 4 angebotenen Touren &#8211;\u00a0 mit\u00a0 Abweichungen &#8211;\u00a0 zusammengestellt:<br \/>\nNr. 5: Von Ch\u00edo &#8211; Chiguergue = Camino Cabezo de Vaca = 2,72 km, Dauer 45 Minuten<br \/>\nNr. 8: Chiguergue &#8211;\u00a0 Aripe = Camino La Ca\u00f1ada = 1,9 km, Dauer 50 Minuten<br \/>\nNr. 2: Aripe \u2013 Chirche = Camino La Campana\u00a0 = 3 km, Dauer 1:30 Uhr<br \/>\nChirche \u2013 El Jaral = eigenm\u00e4chtig, nach Intuition Dauer= knapp 2 Stunden<br \/>\nNr. 3: El Jaral \u2013 bis kurz vor Gu\u00eda de Isora =\u00a0 Camino Maderos Abajo = 1,6 km, Dauer: 40 Minuten<\/p>\n<p><strong>Unsere Wanderwegstrecke mit iPhone aufgezeichnet: 4:19 Std. &#8211; 13,9km &#8211; 520m auf &#8211; 680m ab<\/strong><\/p>\n<div id=\"attachment_3250\" style=\"width: 160px\" class=\"wp-caption alignright\"><a href=\"http:\/\/www.mundi-roth.de\/teneriffa-blog\/wp-content\/uploads\/2014\/10\/Karte04.jpg\" rel=\"lightbox[3248]\"><img loading=\"lazy\" decoding=\"async\" aria-describedby=\"caption-attachment-3250\" class=\"size-thumbnail wp-image-3250\" src=\"http:\/\/www.mundi-roth.de\/teneriffa-blog\/wp-content\/uploads\/2014\/10\/Karte04-150x76.jpg\" alt=\"Verlauf\" width=\"150\" height=\"76\" srcset=\"https:\/\/www.mundi-roth.de\/teneriffa-blog\/wp-content\/uploads\/2014\/10\/Karte04-150x76.jpg 150w, https:\/\/www.mundi-roth.de\/teneriffa-blog\/wp-content\/uploads\/2014\/10\/Karte04-300x153.jpg 300w, https:\/\/www.mundi-roth.de\/teneriffa-blog\/wp-content\/uploads\/2014\/10\/Karte04.jpg 390w\" sizes=\"auto, (max-width: 150px) 100vw, 150px\" \/><\/a><p id=\"caption-attachment-3250\" class=\"wp-caption-text\">Verlauf<\/p><\/div>\n<div id=\"attachment_3249\" style=\"width: 160px\" class=\"wp-caption alignleft\"><a href=\"http:\/\/www.mundi-roth.de\/teneriffa-blog\/wp-content\/uploads\/2014\/10\/Karte03.jpg\" rel=\"lightbox[3248]\"><img loading=\"lazy\" decoding=\"async\" aria-describedby=\"caption-attachment-3249\" class=\"size-thumbnail wp-image-3249\" src=\"http:\/\/www.mundi-roth.de\/teneriffa-blog\/wp-content\/uploads\/2014\/10\/Karte03-150x113.jpg\" alt=\"Unsere Strecke\" width=\"150\" height=\"113\" srcset=\"https:\/\/www.mundi-roth.de\/teneriffa-blog\/wp-content\/uploads\/2014\/10\/Karte03-150x113.jpg 150w, https:\/\/www.mundi-roth.de\/teneriffa-blog\/wp-content\/uploads\/2014\/10\/Karte03-300x227.jpg 300w, https:\/\/www.mundi-roth.de\/teneriffa-blog\/wp-content\/uploads\/2014\/10\/Karte03.jpg 682w\" sizes=\"auto, (max-width: 150px) 100vw, 150px\" \/><\/a><p id=\"caption-attachment-3249\" class=\"wp-caption-text\">Unsere Strecke<\/p><\/div>\n<p>&nbsp;<\/p>\n<p>&nbsp;<\/p>\n<p>&nbsp;<\/p>\n<p>&nbsp;<\/p>\n<p>&nbsp;<\/p>\n<p>&nbsp;<\/p>\n<p>Wir nehmen wieder den Bus 460 um 9:35 Uhr vom Busbahnhof Playa de Las Americas.<br \/>\nWir sind dem Busfahrer wohl schon so vertraut, dass er uns mit K\u00fcsschen\u00a0 links &#8211; K\u00fcsschen rechts auf die Wange begr\u00fc\u00dft und uns auf Befragen mitteilt, wir sollen an der ersten Haltestelle in Ch\u00edo aussteigen, um dann dort mit der Wanderung zu beginnen.<\/p>\n<div id=\"attachment_3252\" style=\"width: 160px\" class=\"wp-caption alignleft\"><a href=\"http:\/\/www.mundi-roth.de\/teneriffa-blog\/wp-content\/uploads\/2014\/10\/P1150988a.jpg\" rel=\"lightbox[3248]\"><img loading=\"lazy\" decoding=\"async\" aria-describedby=\"caption-attachment-3252\" class=\"size-thumbnail wp-image-3252\" src=\"http:\/\/www.mundi-roth.de\/teneriffa-blog\/wp-content\/uploads\/2014\/10\/P1150988a-150x86.jpg\" alt=\"1. Info-Tafel\" width=\"150\" height=\"86\" srcset=\"https:\/\/www.mundi-roth.de\/teneriffa-blog\/wp-content\/uploads\/2014\/10\/P1150988a-150x86.jpg 150w, https:\/\/www.mundi-roth.de\/teneriffa-blog\/wp-content\/uploads\/2014\/10\/P1150988a-300x172.jpg 300w, https:\/\/www.mundi-roth.de\/teneriffa-blog\/wp-content\/uploads\/2014\/10\/P1150988a.jpg 347w\" sizes=\"auto, (max-width: 150px) 100vw, 150px\" \/><\/a><p id=\"caption-attachment-3252\" class=\"wp-caption-text\">1. Info-Tafel<\/p><\/div>\n<p>So starten wir auch um 10:15 Uhr. Einige wenige Schritte zur\u00fcck und gleich links abbiegen.<br \/>\nDie erste Infotafel kl\u00e4rt uns hier bereits dar\u00fcber auf, was uns erwartet.<\/p>\n<p>Kurz oberhalb sehen wir das gelbgestrichene Geb\u00e4ude des alten Friedhofes von Ch\u00edo den wir besichtigen.<\/p>\n<p>Teils auf Asphalt, teils auf Beton oder Ger\u00f6ll und Sand steigen wir aufw\u00e4rts durch landwirtschaftlich genutzte Fl\u00e4chen , vorbei an den diversen Wasserleitungsrohren, der Weg ist ges\u00e4umt von Mauern und wir sind bereits um 11 Uhr im Weiler Chiguergue.<\/p>\n<p>Auch hier wieder eine Infotafel.<br \/>\nDiese Tafeln zeigen das Wanderwegenetz auf und den Standort. In drei Sprachen \u2013 spanisch \u2013 englisch \u2013 deutsch \u2013 wird auf die ethnographischen Besonderheiten, wie Dreschpl\u00e4tze, Brot-Back\u00f6fen etc. aufmerksam gemacht &#8211; zudem erfolgt eine Wegbeschreibung:<\/p>\n<p>Jedoch die Wege selbst sind in keiner Weise gekennzeichnet.<\/p>\n<p>Auf der Stra\u00dfe \u201eTinguaro\u201c wandern wir an einigen sehenswerten und skurilen H\u00e4usern vorbei und gelangen auf der Fahrstra\u00dfe an die n\u00e4chste Infotafel.<br \/>\nAus dem Weiler Chiguergue heraus begleiten uns links wie rechts des Weges die Weinreben, landwirtschaftlich genutzte Fl\u00e4chen, Obstb\u00e4ume und witzige Zaunverzierungen.<\/p>\n<p>Ein gro\u00dfes Areal wird wieder f\u00fcr die landwirtschaftliche Nutzung aufbereitet, neue Mauern erstellt.<\/p>\n<p>Kurz darauf zweigt links der mit niedrigen Mauern ges\u00e4umte Pfad nach Chirche ab, den wir diesmal nicht nehmen,\u00a0 da\u00a0 wir den bereits am 17. Januar 2013 von <a href=\"http:\/\/www.mundi-roth.de\/teneriffa-blog\/wanderungen\/von-chiguerque-nach-chirche-camino-la-canada\/\">Chiguergue nach Chirche<\/a> und retour gegangen sind.<br \/>\nWir w\u00e4hlen hier die Variante: Wandern auf der so gut wie nicht befahrenen Stra\u00dfe in einer halben Stunde nach Aripe zum Kirchplatz. Hier kl\u00e4rt uns die Infotafel auf, dass der Weiler Aripe wegen seiner historischen Vergangenheit 2008 zum Weltkulturerbe deklariert wurde.<\/p>\n<p>In 10 Minuten sind wir unten auf der Stra\u00dfe (Camino Nuevo), die von Gu\u00eda de Isora nach Chirche f\u00fchrt. Wir passieren einen\u00a0 gut gepflegten Dreschplatz. Die Strecke ist uns\u00a0 vom Mandelfest her bekannt.<br \/>\nHier wird am letzten Oktober-Wochenende vorgef\u00fchrt, wie fr\u00fcher die Mandelernte stattgefunden hat. Zugleich gibt es einen Markt mit den damit hergestellten Spezereien.<\/p>\n<p>Auch hier gibt es wieder eine Infotafel. Daran hat die Gemeinde Gu\u00eda de Isora nicht gespart.<\/p>\n<p>Wir gehen ein St\u00fcck auf dem vorgegebenen Weg Richtung Gu\u00eda de Isora, vorbei an einem witzig gestaltetem Fussball-Vereinshaus,\u00a0 steigen dann jedoch \u2013 hier gibt es\u00a0 einen Wegweiser der den Weg nach\u00a0 Gu\u00eda de Isora mit 1,7 km (<a href=\"http:\/\/www.mundi-roth.de\/teneriffa-blog\/wanderungen\/chirche-%E2%80%93-guia-de-isora\/\">beschrieben am 08.01.2010<\/a>)\u00a0 und nach Chirche mit 1,2 km anzeigt \u2013 bei dem sch\u00f6nen, rot-gestrichenen Haus gehen wir aufw\u00e4rts auf dem Wanderweg PR TF 70 nach Chirche.<br \/>\nVorbei geht es an Dreschpl\u00e4tzen, Zisternen und Wasserleitungen: modern und h\u00e4sslich als Plastik-oder Metall-Rohre und sch\u00f6ne alte, gemauert offen und gedeckt &#8211;\u00a0 steigen wir auf bekanntem Pfad aufw\u00e4rts, linker Hand unter uns der Beginn von Chirche.<\/p>\n<p>Kaum eine halbe Stunde sind wir gegangen, erreichen wir den n\u00e4chsten Hinweis: noch\u00a0 0,2 km nach Chirche.<\/p>\n<p>Hier zweigen wir nun rechts, rein intuitiv, auf einem Ger\u00f6llweg ab. Keine Kennzeichen, kein Hinweis, nichts.<br \/>\nAber: nach 5 Minuten Gehzeit: Ein Steinm\u00e4nnchen mit Blick auf einen Dreschplatz.<\/p>\n<p>Hier muss ich einf\u00fcgen:<\/p>\n<p>Elisabeth hat \u00fcber die Internetanwendung \u201eKomoot\u201c die verschiedenen Streckenabschnitte in ihr iPhone eingegeben.<br \/>\n\u201eAgathe\u201c, die von Elisabeth so titulierte Sprecherin treiben wir zur Verzweiflung, da wir von den von ihr vorgesehenen Strecken \u00f6fter abweichen. Energisch fordert sie uns immer wieder auf, umzukehren.<br \/>\nAls alles nichts nutzt gibt sie klein bei und verk\u00fcndet uns dann \u201eRoute wurde angepasst !&#8220;\u00a0 Ha, wer sagt&#8217;s denn!<\/p>\n<p>Die kanarische Kiefer taucht immer h\u00e4ufiger auf, der Blick geht auf landwirtschaftliche genutzte Fl\u00e4chen und viel, viel Ger\u00f6ll.<br \/>\nEs l\u00e4sst sich zwar nirgends ein Hinweis ausmachen, dass wir uns auf dem Weg nach El Jaral befinden, jedoch es gibt<\/p>\n<div id=\"attachment_3253\" style=\"width: 122px\" class=\"wp-caption alignleft\"><a href=\"http:\/\/www.mundi-roth.de\/teneriffa-blog\/wp-content\/uploads\/2014\/10\/P1160084.jpg\" rel=\"lightbox[3248]\"><img loading=\"lazy\" decoding=\"async\" aria-describedby=\"caption-attachment-3253\" class=\"size-thumbnail wp-image-3253\" src=\"http:\/\/www.mundi-roth.de\/teneriffa-blog\/wp-content\/uploads\/2014\/10\/P1160084-112x150.jpg\" alt=\"Angelegte Tritte\" width=\"112\" height=\"150\" srcset=\"https:\/\/www.mundi-roth.de\/teneriffa-blog\/wp-content\/uploads\/2014\/10\/P1160084-112x150.jpg 112w, https:\/\/www.mundi-roth.de\/teneriffa-blog\/wp-content\/uploads\/2014\/10\/P1160084-225x300.jpg 225w, https:\/\/www.mundi-roth.de\/teneriffa-blog\/wp-content\/uploads\/2014\/10\/P1160084.jpg 600w\" sizes=\"auto, (max-width: 112px) 100vw, 112px\" \/><\/a><p id=\"caption-attachment-3253\" class=\"wp-caption-text\">Angelegte Tritte<\/p><\/div>\n<p>immer wieder Steinm\u00e4nnchen, die von umsichtigen, flei\u00dfigen Wanderern oder Offiziellen errichtet wurden. Sie leiten\u00a0 gut. Zudem haben wir den Eindruck, dass der Weg wohl erst vor kurzem pr\u00e4pariert wurde, denn regelrechte Stufen aus Steinplatten sind aufgebaut.<br \/>\nEinen\u00a0 Barranco gehen wir runter, auf der anderen Seite der Schlucht wieder hinauf. Der Blick geht zur K\u00fcste, Gu\u00eda de Isora und hoch zu den Bergen der Ca\u00f1adas.<\/p>\n<p>Wuchtige, imposante Felsformationen ziehen unsere Aufmerksamkeit auf sich.<\/p>\n<p>Wir w\u00e4hnen uns El Jaral schon ganz nah. Haben aber den n\u00e4chsten Barranco noch nicht im Blick. Der ist nicht ohne! Es geht steil hinunter und \u2013 oh Wunder \u2013 er l\u00e4sst sich gut aufw\u00e4rts gehen. Erst ein steiler Anstieg, dann aber entlang des gesamten Felsmassives fast eben. Es gibt einige wenige Stellen, da m\u00fcssen wir uns mit den H\u00e4nden an Felsnasen festhalten, um sie zu \u00fcberwinden. Es ist also Trittsicherheit, Schwindelfreiheit und gutes Schuhwerk Bedingung !<\/p>\n<p>Oben angekommen gehen wir erst einige Schritte nach rechts um ein verfallenes Haus und einen gut erhaltenen Brot-Backofen zu bewundern.<br \/>\nDann gehen wir zur\u00fcck zum Ausgangspunkt und links hoch. Zwei Kreuze haben wir im Blickfeld hoch oben und sehen wir bereits El Jaral, das wir nun bequem erreichen.<br \/>\nBis hierher &#8211; \u00a0von dem Wegweiser 0,2 km nach Chirche &#8211; haben wir\u00a01 Stunde 50 Minuten gebraucht.<\/p>\n<p>Und, was soll ich sagen? Wieder eine Infotafel. Sie erkl\u00e4rt zwar genau wie es weiter geht nach Gu\u00eda de Isora, aber woooo?<\/p>\n<p>Wir gehen links in den Ort, finden in der n\u00e4chsten Kurve 3 weitere Infotafeln aber keinen Wegweiser.<\/p>\n<p>Wir klopfen an einem Haus und bekommen freundlich den Weg gezeigt.<\/p>\n<p>Am Schulhaus \u201eLas Escuelas\u201c rechts die Stra\u00dfe runter, vorbei an Solar-betriebenen Stra\u00dfenlampen bis zu der M\u00fclltonnenansammlung an der Stra\u00dfe bei einem Strommasten. Hier rechts ab auf den Betonweg und einige Meter tiefer, noch vor den mit Beton gef\u00fcllten Tonnen links weg.<br \/>\nEine gedeckte, gemauerte Wasserleitung begleitet uns linker Hand und durch Gestr\u00fcpp geht es abw\u00e4rts.<\/p>\n<p>Hier sind wir \u201eAgathe\u201c ausgesprochen dankbar. Wir gehen strammen Schrittes, erz\u00e4hlen und achten nicht besonders auf Steinm\u00e4nnchen.<br \/>\nPl\u00f6tzlich wird \u201eAgathe\u201c energisch: \u201eScharf rechts\u201c!<br \/>\nWo? H\u00e4tten wir \u00fcbersehen: Auf der Stra\u00dfe ein blass-roter Pfeil nach rechts und zwei kleine Steinm\u00e4nnchen markieren den Einstieg in den Pfad.<\/p>\n<div id=\"attachment_3254\" style=\"width: 160px\" class=\"wp-caption alignright\"><a href=\"http:\/\/www.mundi-roth.de\/teneriffa-blog\/wp-content\/uploads\/2014\/10\/P1160119.jpg\" rel=\"lightbox[3248]\"><img loading=\"lazy\" decoding=\"async\" aria-describedby=\"caption-attachment-3254\" class=\"size-thumbnail wp-image-3254\" src=\"http:\/\/www.mundi-roth.de\/teneriffa-blog\/wp-content\/uploads\/2014\/10\/P1160119-150x112.jpg\" alt=\"Schlusspunkt\" width=\"150\" height=\"112\" srcset=\"https:\/\/www.mundi-roth.de\/teneriffa-blog\/wp-content\/uploads\/2014\/10\/P1160119-150x112.jpg 150w, https:\/\/www.mundi-roth.de\/teneriffa-blog\/wp-content\/uploads\/2014\/10\/P1160119-300x225.jpg 300w, https:\/\/www.mundi-roth.de\/teneriffa-blog\/wp-content\/uploads\/2014\/10\/P1160119.jpg 800w\" sizes=\"auto, (max-width: 150px) 100vw, 150px\" \/><\/a><p id=\"caption-attachment-3254\" class=\"wp-caption-text\">Schlusspunkt<\/p><\/div>\n<p>Dank dieses Hinweises sind wir in 35 Minuten unten an der mit einer Skulptur verzierten Kurve vor Gu\u00eda de Isora.<\/p>\n<p>Da wir inzwischen Kontakt mit meinem lieben Mann hatten, der als Taxi \u201eIrmEli\u201c unterwegs und bereits in Los Menores ist, haben wir nur eine kurze Wartezeit.<\/p>\n<p>M\u00f6chte man jedoch mit dem Bus von Gu\u00eda de Isora zur\u00fcckfahren, dann muss man von hier noch einmal aufsteigen, um dann wieder abzusteigen\u00a0 \u2013 will man nicht an der stark befahrenen Stra\u00dfe gehen.<\/p>\n<p><strong>Fazit:<\/strong><br \/>\nEine interessante, kurzweilige Tour, die man je nach Kondition und Belieben l\u00e4nger oder k\u00fcrzer gestalten kann.<br \/>\nWir haben auf alle F\u00e4lle vor, nochmal oberhalb von Chirche nach El Jaral zu gehen oder auch umgekehrt oder aber hin und retour.<br \/>\nSchau&#8216; ma mal!<br \/>\nVamos a ver!<\/p>\n<p>&nbsp;<\/p>\n<p>Biuldergalerie<\/p>\n\n\t\t<style type=\"text\/css\">\n\t\t\t#gallery-1 {\n\t\t\t\tmargin: auto;\n\t\t\t}\n\t\t\t#gallery-1 .gallery-item {\n\t\t\t\tfloat: left;\n\t\t\t\tmargin-top: 10px;\n\t\t\t\ttext-align: center;\n\t\t\t\twidth: 33%;\n\t\t\t}\n\t\t\t#gallery-1 img {\n\t\t\t\tborder: 2px solid #cfcfcf;\n\t\t\t}\n\t\t\t#gallery-1 .gallery-caption {\n\t\t\t\tmargin-left: 0;\n\t\t\t}\n\t\t\t\/* see gallery_shortcode() in wp-includes\/media.php *\/\n\t\t<\/style>\n\t\t<div id='gallery-1' class='gallery galleryid-3248 gallery-columns-3 gallery-size-thumbnail'><dl class='gallery-item'>\n\t\t\t<dt class='gallery-icon landscape'>\n\t\t\t\t<a href='https:\/\/www.mundi-roth.de\/teneriffa-blog\/wp-content\/uploads\/2014\/10\/P11509911.jpg' rel=\"lightbox[3248]\"><img loading=\"lazy\" decoding=\"async\" width=\"150\" height=\"112\" src=\"https:\/\/www.mundi-roth.de\/teneriffa-blog\/wp-content\/uploads\/2014\/10\/P11509911-150x112.jpg\" class=\"attachment-thumbnail size-thumbnail\" alt=\"\" aria-describedby=\"gallery-1-3255\" srcset=\"https:\/\/www.mundi-roth.de\/teneriffa-blog\/wp-content\/uploads\/2014\/10\/P11509911-150x112.jpg 150w, https:\/\/www.mundi-roth.de\/teneriffa-blog\/wp-content\/uploads\/2014\/10\/P11509911-300x225.jpg 300w, https:\/\/www.mundi-roth.de\/teneriffa-blog\/wp-content\/uploads\/2014\/10\/P11509911.jpg 800w\" sizes=\"auto, (max-width: 150px) 100vw, 150px\" \/><\/a>\n\t\t\t<\/dt>\n\t\t\t\t<dd class='wp-caption-text gallery-caption' id='gallery-1-3255'>\n\t\t\t\tChio &#8211; Friedhof\n\t\t\t\t<\/dd><\/dl><dl class='gallery-item'>\n\t\t\t<dt class='gallery-icon landscape'>\n\t\t\t\t<a href='https:\/\/www.mundi-roth.de\/teneriffa-blog\/wp-content\/uploads\/2014\/10\/P1160011.jpg' rel=\"lightbox[3248]\"><img loading=\"lazy\" decoding=\"async\" width=\"150\" height=\"112\" src=\"https:\/\/www.mundi-roth.de\/teneriffa-blog\/wp-content\/uploads\/2014\/10\/P1160011-150x112.jpg\" class=\"attachment-thumbnail size-thumbnail\" alt=\"\" aria-describedby=\"gallery-1-3256\" srcset=\"https:\/\/www.mundi-roth.de\/teneriffa-blog\/wp-content\/uploads\/2014\/10\/P1160011-150x112.jpg 150w, https:\/\/www.mundi-roth.de\/teneriffa-blog\/wp-content\/uploads\/2014\/10\/P1160011-300x225.jpg 300w, https:\/\/www.mundi-roth.de\/teneriffa-blog\/wp-content\/uploads\/2014\/10\/P1160011.jpg 800w\" sizes=\"auto, (max-width: 150px) 100vw, 150px\" \/><\/a>\n\t\t\t<\/dt>\n\t\t\t\t<dd class='wp-caption-text gallery-caption' id='gallery-1-3256'>\n\t\t\t\tHaus in die Mauer integriert\n\t\t\t\t<\/dd><\/dl><dl class='gallery-item'>\n\t\t\t<dt class='gallery-icon landscape'>\n\t\t\t\t<a href='https:\/\/www.mundi-roth.de\/teneriffa-blog\/wp-content\/uploads\/2014\/10\/P1160021.jpg' rel=\"lightbox[3248]\"><img loading=\"lazy\" decoding=\"async\" width=\"150\" height=\"112\" src=\"https:\/\/www.mundi-roth.de\/teneriffa-blog\/wp-content\/uploads\/2014\/10\/P1160021-150x112.jpg\" class=\"attachment-thumbnail size-thumbnail\" alt=\"\" aria-describedby=\"gallery-1-3257\" srcset=\"https:\/\/www.mundi-roth.de\/teneriffa-blog\/wp-content\/uploads\/2014\/10\/P1160021-150x112.jpg 150w, https:\/\/www.mundi-roth.de\/teneriffa-blog\/wp-content\/uploads\/2014\/10\/P1160021-300x225.jpg 300w, https:\/\/www.mundi-roth.de\/teneriffa-blog\/wp-content\/uploads\/2014\/10\/P1160021.jpg 800w\" sizes=\"auto, (max-width: 150px) 100vw, 150px\" \/><\/a>\n\t\t\t<\/dt>\n\t\t\t\t<dd class='wp-caption-text gallery-caption' id='gallery-1-3257'>\n\t\t\t\tBesondere Zaunbegr\u00fcnung\n\t\t\t\t<\/dd><\/dl><br style=\"clear: both\" \/><dl class='gallery-item'>\n\t\t\t<dt class='gallery-icon landscape'>\n\t\t\t\t<a href='https:\/\/www.mundi-roth.de\/teneriffa-blog\/wp-content\/uploads\/2014\/10\/P1160029.jpg' rel=\"lightbox[3248]\"><img loading=\"lazy\" decoding=\"async\" width=\"150\" height=\"112\" src=\"https:\/\/www.mundi-roth.de\/teneriffa-blog\/wp-content\/uploads\/2014\/10\/P1160029-150x112.jpg\" class=\"attachment-thumbnail size-thumbnail\" alt=\"\" aria-describedby=\"gallery-1-3258\" srcset=\"https:\/\/www.mundi-roth.de\/teneriffa-blog\/wp-content\/uploads\/2014\/10\/P1160029-150x112.jpg 150w, https:\/\/www.mundi-roth.de\/teneriffa-blog\/wp-content\/uploads\/2014\/10\/P1160029-300x225.jpg 300w, https:\/\/www.mundi-roth.de\/teneriffa-blog\/wp-content\/uploads\/2014\/10\/P1160029.jpg 800w\" sizes=\"auto, (max-width: 150px) 100vw, 150px\" \/><\/a>\n\t\t\t<\/dt>\n\t\t\t\t<dd class='wp-caption-text gallery-caption' id='gallery-1-3258'>\n\t\t\t\tHier entstehen neue landwirtschaftliche Fl\u00e4chen\n\t\t\t\t<\/dd><\/dl><dl class='gallery-item'>\n\t\t\t<dt class='gallery-icon landscape'>\n\t\t\t\t<a href='https:\/\/www.mundi-roth.de\/teneriffa-blog\/wp-content\/uploads\/2014\/10\/P1160037.jpg' rel=\"lightbox[3248]\"><img loading=\"lazy\" decoding=\"async\" width=\"150\" height=\"112\" src=\"https:\/\/www.mundi-roth.de\/teneriffa-blog\/wp-content\/uploads\/2014\/10\/P1160037-150x112.jpg\" class=\"attachment-thumbnail size-thumbnail\" alt=\"\" aria-describedby=\"gallery-1-3259\" srcset=\"https:\/\/www.mundi-roth.de\/teneriffa-blog\/wp-content\/uploads\/2014\/10\/P1160037-150x112.jpg 150w, https:\/\/www.mundi-roth.de\/teneriffa-blog\/wp-content\/uploads\/2014\/10\/P1160037-300x225.jpg 300w, https:\/\/www.mundi-roth.de\/teneriffa-blog\/wp-content\/uploads\/2014\/10\/P1160037.jpg 800w\" sizes=\"auto, (max-width: 150px) 100vw, 150px\" \/><\/a>\n\t\t\t<\/dt>\n\t\t\t\t<dd class='wp-caption-text gallery-caption' id='gallery-1-3259'>\n\t\t\t\tAripe &#8211; St. Petrus-Kirche\n\t\t\t\t<\/dd><\/dl><dl class='gallery-item'>\n\t\t\t<dt class='gallery-icon landscape'>\n\t\t\t\t<a href='https:\/\/www.mundi-roth.de\/teneriffa-blog\/wp-content\/uploads\/2014\/10\/P1160039.jpg' rel=\"lightbox[3248]\"><img loading=\"lazy\" decoding=\"async\" width=\"150\" height=\"112\" src=\"https:\/\/www.mundi-roth.de\/teneriffa-blog\/wp-content\/uploads\/2014\/10\/P1160039-150x112.jpg\" class=\"attachment-thumbnail size-thumbnail\" alt=\"\" aria-describedby=\"gallery-1-3260\" srcset=\"https:\/\/www.mundi-roth.de\/teneriffa-blog\/wp-content\/uploads\/2014\/10\/P1160039-150x112.jpg 150w, https:\/\/www.mundi-roth.de\/teneriffa-blog\/wp-content\/uploads\/2014\/10\/P1160039-300x225.jpg 300w, https:\/\/www.mundi-roth.de\/teneriffa-blog\/wp-content\/uploads\/2014\/10\/P1160039.jpg 800w\" sizes=\"auto, (max-width: 150px) 100vw, 150px\" \/><\/a>\n\t\t\t<\/dt>\n\t\t\t\t<dd class='wp-caption-text gallery-caption' id='gallery-1-3260'>\n\t\t\t\tDreschplatz\n\t\t\t\t<\/dd><\/dl><br style=\"clear: both\" \/><dl class='gallery-item'>\n\t\t\t<dt class='gallery-icon landscape'>\n\t\t\t\t<a href='https:\/\/www.mundi-roth.de\/teneriffa-blog\/wp-content\/uploads\/2014\/10\/P1160047.jpg' rel=\"lightbox[3248]\"><img loading=\"lazy\" decoding=\"async\" width=\"150\" height=\"112\" src=\"https:\/\/www.mundi-roth.de\/teneriffa-blog\/wp-content\/uploads\/2014\/10\/P1160047-150x112.jpg\" class=\"attachment-thumbnail size-thumbnail\" alt=\"\" aria-describedby=\"gallery-1-3261\" srcset=\"https:\/\/www.mundi-roth.de\/teneriffa-blog\/wp-content\/uploads\/2014\/10\/P1160047-150x112.jpg 150w, https:\/\/www.mundi-roth.de\/teneriffa-blog\/wp-content\/uploads\/2014\/10\/P1160047-300x225.jpg 300w, https:\/\/www.mundi-roth.de\/teneriffa-blog\/wp-content\/uploads\/2014\/10\/P1160047.jpg 800w\" sizes=\"auto, (max-width: 150px) 100vw, 150px\" \/><\/a>\n\t\t\t<\/dt>\n\t\t\t\t<dd class='wp-caption-text gallery-caption' id='gallery-1-3261'>\n\t\t\t\tWitziges Vereinshaus\n\t\t\t\t<\/dd><\/dl><dl class='gallery-item'>\n\t\t\t<dt class='gallery-icon landscape'>\n\t\t\t\t<a href='https:\/\/www.mundi-roth.de\/teneriffa-blog\/wp-content\/uploads\/2014\/10\/P1160049.jpg' rel=\"lightbox[3248]\"><img loading=\"lazy\" decoding=\"async\" width=\"150\" height=\"112\" src=\"https:\/\/www.mundi-roth.de\/teneriffa-blog\/wp-content\/uploads\/2014\/10\/P1160049-150x112.jpg\" class=\"attachment-thumbnail size-thumbnail\" alt=\"\" aria-describedby=\"gallery-1-3262\" srcset=\"https:\/\/www.mundi-roth.de\/teneriffa-blog\/wp-content\/uploads\/2014\/10\/P1160049-150x112.jpg 150w, https:\/\/www.mundi-roth.de\/teneriffa-blog\/wp-content\/uploads\/2014\/10\/P1160049-300x225.jpg 300w, https:\/\/www.mundi-roth.de\/teneriffa-blog\/wp-content\/uploads\/2014\/10\/P1160049.jpg 800w\" sizes=\"auto, (max-width: 150px) 100vw, 150px\" \/><\/a>\n\t\t\t<\/dt>\n\t\t\t\t<dd class='wp-caption-text gallery-caption' id='gallery-1-3262'>\n\t\t\t\t&#8222;Tiefrotes&#8220; Haus\n\t\t\t\t<\/dd><\/dl><dl class='gallery-item'>\n\t\t\t<dt class='gallery-icon landscape'>\n\t\t\t\t<a href='https:\/\/www.mundi-roth.de\/teneriffa-blog\/wp-content\/uploads\/2014\/10\/P1160054.jpg' rel=\"lightbox[3248]\"><img loading=\"lazy\" decoding=\"async\" width=\"150\" height=\"112\" src=\"https:\/\/www.mundi-roth.de\/teneriffa-blog\/wp-content\/uploads\/2014\/10\/P1160054-150x112.jpg\" class=\"attachment-thumbnail size-thumbnail\" alt=\"\" aria-describedby=\"gallery-1-3263\" srcset=\"https:\/\/www.mundi-roth.de\/teneriffa-blog\/wp-content\/uploads\/2014\/10\/P1160054-150x112.jpg 150w, https:\/\/www.mundi-roth.de\/teneriffa-blog\/wp-content\/uploads\/2014\/10\/P1160054-300x225.jpg 300w, https:\/\/www.mundi-roth.de\/teneriffa-blog\/wp-content\/uploads\/2014\/10\/P1160054.jpg 800w\" sizes=\"auto, (max-width: 150px) 100vw, 150px\" \/><\/a>\n\t\t\t<\/dt>\n\t\t\t\t<dd class='wp-caption-text gallery-caption' id='gallery-1-3263'>\n\t\t\t\tZisterne\n\t\t\t\t<\/dd><\/dl><br style=\"clear: both\" \/><dl class='gallery-item'>\n\t\t\t<dt class='gallery-icon landscape'>\n\t\t\t\t<a href='https:\/\/www.mundi-roth.de\/teneriffa-blog\/wp-content\/uploads\/2014\/10\/P1160059.jpg' rel=\"lightbox[3248]\"><img loading=\"lazy\" decoding=\"async\" width=\"150\" height=\"112\" src=\"https:\/\/www.mundi-roth.de\/teneriffa-blog\/wp-content\/uploads\/2014\/10\/P1160059-150x112.jpg\" class=\"attachment-thumbnail size-thumbnail\" alt=\"\" aria-describedby=\"gallery-1-3264\" srcset=\"https:\/\/www.mundi-roth.de\/teneriffa-blog\/wp-content\/uploads\/2014\/10\/P1160059-150x112.jpg 150w, https:\/\/www.mundi-roth.de\/teneriffa-blog\/wp-content\/uploads\/2014\/10\/P1160059-300x225.jpg 300w, https:\/\/www.mundi-roth.de\/teneriffa-blog\/wp-content\/uploads\/2014\/10\/P1160059.jpg 800w\" sizes=\"auto, (max-width: 150px) 100vw, 150px\" \/><\/a>\n\t\t\t<\/dt>\n\t\t\t\t<dd class='wp-caption-text gallery-caption' id='gallery-1-3264'>\n\t\t\t\tWasserleitung Alt \/ Neu\n\t\t\t\t<\/dd><\/dl><dl class='gallery-item'>\n\t\t\t<dt class='gallery-icon landscape'>\n\t\t\t\t<a href='https:\/\/www.mundi-roth.de\/teneriffa-blog\/wp-content\/uploads\/2014\/10\/P1160075.jpg' rel=\"lightbox[3248]\"><img loading=\"lazy\" decoding=\"async\" width=\"150\" height=\"112\" src=\"https:\/\/www.mundi-roth.de\/teneriffa-blog\/wp-content\/uploads\/2014\/10\/P1160075-150x112.jpg\" class=\"attachment-thumbnail size-thumbnail\" alt=\"\" aria-describedby=\"gallery-1-3265\" srcset=\"https:\/\/www.mundi-roth.de\/teneriffa-blog\/wp-content\/uploads\/2014\/10\/P1160075-150x112.jpg 150w, https:\/\/www.mundi-roth.de\/teneriffa-blog\/wp-content\/uploads\/2014\/10\/P1160075-300x225.jpg 300w, https:\/\/www.mundi-roth.de\/teneriffa-blog\/wp-content\/uploads\/2014\/10\/P1160075.jpg 800w\" sizes=\"auto, (max-width: 150px) 100vw, 150px\" \/><\/a>\n\t\t\t<\/dt>\n\t\t\t\t<dd class='wp-caption-text gallery-caption' id='gallery-1-3265'>\n\t\t\t\tHilfreiche Steinm\u00e4nnchen\n\t\t\t\t<\/dd><\/dl><dl class='gallery-item'>\n\t\t\t<dt class='gallery-icon landscape'>\n\t\t\t\t<a href='https:\/\/www.mundi-roth.de\/teneriffa-blog\/wp-content\/uploads\/2014\/10\/P1160085.jpg' rel=\"lightbox[3248]\"><img loading=\"lazy\" decoding=\"async\" width=\"150\" height=\"112\" src=\"https:\/\/www.mundi-roth.de\/teneriffa-blog\/wp-content\/uploads\/2014\/10\/P1160085-150x112.jpg\" class=\"attachment-thumbnail size-thumbnail\" alt=\"\" aria-describedby=\"gallery-1-3266\" srcset=\"https:\/\/www.mundi-roth.de\/teneriffa-blog\/wp-content\/uploads\/2014\/10\/P1160085-150x112.jpg 150w, https:\/\/www.mundi-roth.de\/teneriffa-blog\/wp-content\/uploads\/2014\/10\/P1160085-300x225.jpg 300w, https:\/\/www.mundi-roth.de\/teneriffa-blog\/wp-content\/uploads\/2014\/10\/P1160085.jpg 800w\" sizes=\"auto, (max-width: 150px) 100vw, 150px\" \/><\/a>\n\t\t\t<\/dt>\n\t\t\t\t<dd class='wp-caption-text gallery-caption' id='gallery-1-3266'>\n\t\t\t\tBeeindruckende Felsen\n\t\t\t\t<\/dd><\/dl><br style=\"clear: both\" \/><dl class='gallery-item'>\n\t\t\t<dt class='gallery-icon landscape'>\n\t\t\t\t<a href='https:\/\/www.mundi-roth.de\/teneriffa-blog\/wp-content\/uploads\/2014\/10\/P1160091.jpg' rel=\"lightbox[3248]\"><img loading=\"lazy\" decoding=\"async\" width=\"150\" height=\"112\" src=\"https:\/\/www.mundi-roth.de\/teneriffa-blog\/wp-content\/uploads\/2014\/10\/P1160091-150x112.jpg\" class=\"attachment-thumbnail size-thumbnail\" alt=\"\" aria-describedby=\"gallery-1-3267\" srcset=\"https:\/\/www.mundi-roth.de\/teneriffa-blog\/wp-content\/uploads\/2014\/10\/P1160091-150x112.jpg 150w, https:\/\/www.mundi-roth.de\/teneriffa-blog\/wp-content\/uploads\/2014\/10\/P1160091-300x225.jpg 300w, https:\/\/www.mundi-roth.de\/teneriffa-blog\/wp-content\/uploads\/2014\/10\/P1160091.jpg 800w\" sizes=\"auto, (max-width: 150px) 100vw, 150px\" \/><\/a>\n\t\t\t<\/dt>\n\t\t\t\t<dd class='wp-caption-text gallery-caption' id='gallery-1-3267'>\n\t\t\t\tAufstieg zum Felsrand\n\t\t\t\t<\/dd><\/dl><dl class='gallery-item'>\n\t\t\t<dt class='gallery-icon landscape'>\n\t\t\t\t<a href='https:\/\/www.mundi-roth.de\/teneriffa-blog\/wp-content\/uploads\/2014\/10\/P1160096.jpg' rel=\"lightbox[3248]\"><img loading=\"lazy\" decoding=\"async\" width=\"150\" height=\"112\" src=\"https:\/\/www.mundi-roth.de\/teneriffa-blog\/wp-content\/uploads\/2014\/10\/P1160096-150x112.jpg\" class=\"attachment-thumbnail size-thumbnail\" alt=\"\" aria-describedby=\"gallery-1-3268\" srcset=\"https:\/\/www.mundi-roth.de\/teneriffa-blog\/wp-content\/uploads\/2014\/10\/P1160096-150x112.jpg 150w, https:\/\/www.mundi-roth.de\/teneriffa-blog\/wp-content\/uploads\/2014\/10\/P1160096-300x225.jpg 300w, https:\/\/www.mundi-roth.de\/teneriffa-blog\/wp-content\/uploads\/2014\/10\/P1160096.jpg 800w\" sizes=\"auto, (max-width: 150px) 100vw, 150px\" \/><\/a>\n\t\t\t<\/dt>\n\t\t\t\t<dd class='wp-caption-text gallery-caption' id='gallery-1-3268'>\n\t\t\t\tBrot-Backofen\n\t\t\t\t<\/dd><\/dl><dl class='gallery-item'>\n\t\t\t<dt class='gallery-icon landscape'>\n\t\t\t\t<a href='https:\/\/www.mundi-roth.de\/teneriffa-blog\/wp-content\/uploads\/2014\/10\/P1160100.jpg' rel=\"lightbox[3248]\"><img loading=\"lazy\" decoding=\"async\" width=\"150\" height=\"112\" src=\"https:\/\/www.mundi-roth.de\/teneriffa-blog\/wp-content\/uploads\/2014\/10\/P1160100-150x112.jpg\" class=\"attachment-thumbnail size-thumbnail\" alt=\"\" aria-describedby=\"gallery-1-3269\" srcset=\"https:\/\/www.mundi-roth.de\/teneriffa-blog\/wp-content\/uploads\/2014\/10\/P1160100-150x112.jpg 150w, https:\/\/www.mundi-roth.de\/teneriffa-blog\/wp-content\/uploads\/2014\/10\/P1160100-300x225.jpg 300w, https:\/\/www.mundi-roth.de\/teneriffa-blog\/wp-content\/uploads\/2014\/10\/P1160100.jpg 800w\" sizes=\"auto, (max-width: 150px) 100vw, 150px\" \/><\/a>\n\t\t\t<\/dt>\n\t\t\t\t<dd class='wp-caption-text gallery-caption' id='gallery-1-3269'>\n\t\t\t\tKurz vor El Jaral\n\t\t\t\t<\/dd><\/dl><br style=\"clear: both\" \/>\n\t\t<\/div>\n\n","protected":false},"excerpt":{"rendered":"<p>Ch\u00edo \u2013 Chiguergue \u2013 Aripe \u2013 Chirche \u2013 El Jaral \u2013\u00a0 Gu\u00eda de Isora Mit der heutigen Wanderung steigen wir in unsere Wandersaison 2014\/2015 \u2013 ohne Besuch &#8211; gleich mit einem Experiment ein: Die Gemeinde Gu\u00eda de Isora hat einen neuen Wanderf\u00fchrer herausgegeben, den wir uns im Touristb\u00fcro in Alcal\u00e1 geholt haben. Hier werden 10 [&hellip;]<\/p>\n","protected":false},"author":4,"featured_media":4223,"comment_status":"open","ping_status":"open","sticky":false,"template":"","format":"standard","meta":{"footnotes":""},"categories":[776,6],"tags":[732,629,50,28,733,266,269,439,446],"class_list":["post-3248","post","type-post","status-publish","format-standard","has-post-thumbnail","hentry","category-guia-de-isora","category-wanderungen","tag-aripe","tag-chiguergue","tag-chio","tag-chirche","tag-el-jaral","tag-guia-de-isora","tag-mandelfest","tag-teneriffa-wandern","tag-wandern-teneriffa"],"yoast_head":"<!-- This site is optimized with the Yoast SEO plugin v27.5 - https:\/\/yoast.com\/product\/yoast-seo-wordpress\/ -->\n<title>Wanderung von Weiler zu Weiler - Teneriffa Wandern<\/title>\n<meta name=\"robots\" content=\"index, follow, max-snippet:-1, max-image-preview:large, max-video-preview:-1\" \/>\n<link rel=\"canonical\" href=\"https:\/\/www.mundi-roth.de\/teneriffa-blog\/wanderungen\/wanderung-von-weiler-zu-weiler\/\" \/>\n<meta name=\"twitter:label1\" content=\"Verfasst von\" \/>\n\t<meta name=\"twitter:data1\" content=\"mundi\" \/>\n\t<meta name=\"twitter:label2\" content=\"Gesch\u00e4tzte Lesezeit\" \/>\n\t<meta name=\"twitter:data2\" content=\"7\u00a0Minuten\" \/>\n<script type=\"application\/ld+json\" class=\"yoast-schema-graph\">{\"@context\":\"https:\\\/\\\/schema.org\",\"@graph\":[{\"@type\":\"Article\",\"@id\":\"https:\\\/\\\/www.mundi-roth.de\\\/teneriffa-blog\\\/wanderungen\\\/wanderung-von-weiler-zu-weiler\\\/#article\",\"isPartOf\":{\"@id\":\"https:\\\/\\\/www.mundi-roth.de\\\/teneriffa-blog\\\/wanderungen\\\/wanderung-von-weiler-zu-weiler\\\/\"},\"author\":{\"name\":\"mundi\",\"@id\":\"https:\\\/\\\/www.mundi-roth.de\\\/teneriffa-blog\\\/#\\\/schema\\\/person\\\/971c66b55f3ae5e8741553688c413cac\"},\"headline\":\"Wanderung von Weiler zu Weiler\",\"datePublished\":\"2014-10-15T21:00:14+00:00\",\"dateModified\":\"2015-07-13T11:59:01+00:00\",\"mainEntityOfPage\":{\"@id\":\"https:\\\/\\\/www.mundi-roth.de\\\/teneriffa-blog\\\/wanderungen\\\/wanderung-von-weiler-zu-weiler\\\/\"},\"wordCount\":1395,\"commentCount\":1,\"image\":{\"@id\":\"https:\\\/\\\/www.mundi-roth.de\\\/teneriffa-blog\\\/wanderungen\\\/wanderung-von-weiler-zu-weiler\\\/#primaryimage\"},\"thumbnailUrl\":\"https:\\\/\\\/www.mundi-roth.de\\\/teneriffa-blog\\\/wp-content\\\/uploads\\\/2014\\\/10\\\/P1160008.jpg\",\"keywords\":[\"Aripe\",\"Chiguergue\",\"Chio\",\"Chirche\",\"El Jaral\",\"Gu\u00eda de Isora\",\"Mandelfest\",\"Teneriffa Wandern\",\"Wandern Teneriffa\"],\"articleSection\":[\"Guia de Isora\",\"Wanderungen\"],\"inLanguage\":\"de\",\"potentialAction\":[{\"@type\":\"CommentAction\",\"name\":\"Comment\",\"target\":[\"https:\\\/\\\/www.mundi-roth.de\\\/teneriffa-blog\\\/wanderungen\\\/wanderung-von-weiler-zu-weiler\\\/#respond\"]}]},{\"@type\":\"WebPage\",\"@id\":\"https:\\\/\\\/www.mundi-roth.de\\\/teneriffa-blog\\\/wanderungen\\\/wanderung-von-weiler-zu-weiler\\\/\",\"url\":\"https:\\\/\\\/www.mundi-roth.de\\\/teneriffa-blog\\\/wanderungen\\\/wanderung-von-weiler-zu-weiler\\\/\",\"name\":\"Wanderung von Weiler zu Weiler - Teneriffa Wandern\",\"isPartOf\":{\"@id\":\"https:\\\/\\\/www.mundi-roth.de\\\/teneriffa-blog\\\/#website\"},\"primaryImageOfPage\":{\"@id\":\"https:\\\/\\\/www.mundi-roth.de\\\/teneriffa-blog\\\/wanderungen\\\/wanderung-von-weiler-zu-weiler\\\/#primaryimage\"},\"image\":{\"@id\":\"https:\\\/\\\/www.mundi-roth.de\\\/teneriffa-blog\\\/wanderungen\\\/wanderung-von-weiler-zu-weiler\\\/#primaryimage\"},\"thumbnailUrl\":\"https:\\\/\\\/www.mundi-roth.de\\\/teneriffa-blog\\\/wp-content\\\/uploads\\\/2014\\\/10\\\/P1160008.jpg\",\"datePublished\":\"2014-10-15T21:00:14+00:00\",\"dateModified\":\"2015-07-13T11:59:01+00:00\",\"author\":{\"@id\":\"https:\\\/\\\/www.mundi-roth.de\\\/teneriffa-blog\\\/#\\\/schema\\\/person\\\/971c66b55f3ae5e8741553688c413cac\"},\"breadcrumb\":{\"@id\":\"https:\\\/\\\/www.mundi-roth.de\\\/teneriffa-blog\\\/wanderungen\\\/wanderung-von-weiler-zu-weiler\\\/#breadcrumb\"},\"inLanguage\":\"de\",\"potentialAction\":[{\"@type\":\"ReadAction\",\"target\":[\"https:\\\/\\\/www.mundi-roth.de\\\/teneriffa-blog\\\/wanderungen\\\/wanderung-von-weiler-zu-weiler\\\/\"]}]},{\"@type\":\"ImageObject\",\"inLanguage\":\"de\",\"@id\":\"https:\\\/\\\/www.mundi-roth.de\\\/teneriffa-blog\\\/wanderungen\\\/wanderung-von-weiler-zu-weiler\\\/#primaryimage\",\"url\":\"https:\\\/\\\/www.mundi-roth.de\\\/teneriffa-blog\\\/wp-content\\\/uploads\\\/2014\\\/10\\\/P1160008.jpg\",\"contentUrl\":\"https:\\\/\\\/www.mundi-roth.de\\\/teneriffa-blog\\\/wp-content\\\/uploads\\\/2014\\\/10\\\/P1160008.jpg\",\"width\":800,\"height\":600},{\"@type\":\"BreadcrumbList\",\"@id\":\"https:\\\/\\\/www.mundi-roth.de\\\/teneriffa-blog\\\/wanderungen\\\/wanderung-von-weiler-zu-weiler\\\/#breadcrumb\",\"itemListElement\":[{\"@type\":\"ListItem\",\"position\":1,\"name\":\"Startseite\",\"item\":\"https:\\\/\\\/www.mundi-roth.de\\\/teneriffa-blog\\\/\"},{\"@type\":\"ListItem\",\"position\":2,\"name\":\"Wanderung von Weiler zu Weiler\"}]},{\"@type\":\"WebSite\",\"@id\":\"https:\\\/\\\/www.mundi-roth.de\\\/teneriffa-blog\\\/#website\",\"url\":\"https:\\\/\\\/www.mundi-roth.de\\\/teneriffa-blog\\\/\",\"name\":\"Teneriffa Wandern\",\"description\":\"Nicht nur Wanderungen auf Teneriffa...\",\"potentialAction\":[{\"@type\":\"SearchAction\",\"target\":{\"@type\":\"EntryPoint\",\"urlTemplate\":\"https:\\\/\\\/www.mundi-roth.de\\\/teneriffa-blog\\\/?s={search_term_string}\"},\"query-input\":{\"@type\":\"PropertyValueSpecification\",\"valueRequired\":true,\"valueName\":\"search_term_string\"}}],\"inLanguage\":\"de\"},{\"@type\":\"Person\",\"@id\":\"https:\\\/\\\/www.mundi-roth.de\\\/teneriffa-blog\\\/#\\\/schema\\\/person\\\/971c66b55f3ae5e8741553688c413cac\",\"name\":\"mundi\",\"image\":{\"@type\":\"ImageObject\",\"inLanguage\":\"de\",\"@id\":\"https:\\\/\\\/secure.gravatar.com\\\/avatar\\\/555f0dd85428f1a9330f8e5dbe9e40ff9ca912bb81e5a89747ebf3ca9c20dc0f?s=96&d=mm&r=g\",\"url\":\"https:\\\/\\\/secure.gravatar.com\\\/avatar\\\/555f0dd85428f1a9330f8e5dbe9e40ff9ca912bb81e5a89747ebf3ca9c20dc0f?s=96&d=mm&r=g\",\"contentUrl\":\"https:\\\/\\\/secure.gravatar.com\\\/avatar\\\/555f0dd85428f1a9330f8e5dbe9e40ff9ca912bb81e5a89747ebf3ca9c20dc0f?s=96&d=mm&r=g\",\"caption\":\"mundi\"},\"sameAs\":[\"http:\\\/\\\/mundi-roth.de\"],\"url\":\"https:\\\/\\\/www.mundi-roth.de\\\/teneriffa-blog\\\/author\\\/mundi\\\/\"}]}<\/script>\n<!-- \/ Yoast SEO plugin. -->","yoast_head_json":{"title":"Wanderung von Weiler zu Weiler - Teneriffa Wandern","robots":{"index":"index","follow":"follow","max-snippet":"max-snippet:-1","max-image-preview":"max-image-preview:large","max-video-preview":"max-video-preview:-1"},"canonical":"https:\/\/www.mundi-roth.de\/teneriffa-blog\/wanderungen\/wanderung-von-weiler-zu-weiler\/","twitter_misc":{"Verfasst von":"mundi","Gesch\u00e4tzte Lesezeit":"7\u00a0Minuten"},"schema":{"@context":"https:\/\/schema.org","@graph":[{"@type":"Article","@id":"https:\/\/www.mundi-roth.de\/teneriffa-blog\/wanderungen\/wanderung-von-weiler-zu-weiler\/#article","isPartOf":{"@id":"https:\/\/www.mundi-roth.de\/teneriffa-blog\/wanderungen\/wanderung-von-weiler-zu-weiler\/"},"author":{"name":"mundi","@id":"https:\/\/www.mundi-roth.de\/teneriffa-blog\/#\/schema\/person\/971c66b55f3ae5e8741553688c413cac"},"headline":"Wanderung von Weiler zu Weiler","datePublished":"2014-10-15T21:00:14+00:00","dateModified":"2015-07-13T11:59:01+00:00","mainEntityOfPage":{"@id":"https:\/\/www.mundi-roth.de\/teneriffa-blog\/wanderungen\/wanderung-von-weiler-zu-weiler\/"},"wordCount":1395,"commentCount":1,"image":{"@id":"https:\/\/www.mundi-roth.de\/teneriffa-blog\/wanderungen\/wanderung-von-weiler-zu-weiler\/#primaryimage"},"thumbnailUrl":"https:\/\/www.mundi-roth.de\/teneriffa-blog\/wp-content\/uploads\/2014\/10\/P1160008.jpg","keywords":["Aripe","Chiguergue","Chio","Chirche","El Jaral","Gu\u00eda de Isora","Mandelfest","Teneriffa Wandern","Wandern Teneriffa"],"articleSection":["Guia de Isora","Wanderungen"],"inLanguage":"de","potentialAction":[{"@type":"CommentAction","name":"Comment","target":["https:\/\/www.mundi-roth.de\/teneriffa-blog\/wanderungen\/wanderung-von-weiler-zu-weiler\/#respond"]}]},{"@type":"WebPage","@id":"https:\/\/www.mundi-roth.de\/teneriffa-blog\/wanderungen\/wanderung-von-weiler-zu-weiler\/","url":"https:\/\/www.mundi-roth.de\/teneriffa-blog\/wanderungen\/wanderung-von-weiler-zu-weiler\/","name":"Wanderung von Weiler zu Weiler - Teneriffa Wandern","isPartOf":{"@id":"https:\/\/www.mundi-roth.de\/teneriffa-blog\/#website"},"primaryImageOfPage":{"@id":"https:\/\/www.mundi-roth.de\/teneriffa-blog\/wanderungen\/wanderung-von-weiler-zu-weiler\/#primaryimage"},"image":{"@id":"https:\/\/www.mundi-roth.de\/teneriffa-blog\/wanderungen\/wanderung-von-weiler-zu-weiler\/#primaryimage"},"thumbnailUrl":"https:\/\/www.mundi-roth.de\/teneriffa-blog\/wp-content\/uploads\/2014\/10\/P1160008.jpg","datePublished":"2014-10-15T21:00:14+00:00","dateModified":"2015-07-13T11:59:01+00:00","author":{"@id":"https:\/\/www.mundi-roth.de\/teneriffa-blog\/#\/schema\/person\/971c66b55f3ae5e8741553688c413cac"},"breadcrumb":{"@id":"https:\/\/www.mundi-roth.de\/teneriffa-blog\/wanderungen\/wanderung-von-weiler-zu-weiler\/#breadcrumb"},"inLanguage":"de","potentialAction":[{"@type":"ReadAction","target":["https:\/\/www.mundi-roth.de\/teneriffa-blog\/wanderungen\/wanderung-von-weiler-zu-weiler\/"]}]},{"@type":"ImageObject","inLanguage":"de","@id":"https:\/\/www.mundi-roth.de\/teneriffa-blog\/wanderungen\/wanderung-von-weiler-zu-weiler\/#primaryimage","url":"https:\/\/www.mundi-roth.de\/teneriffa-blog\/wp-content\/uploads\/2014\/10\/P1160008.jpg","contentUrl":"https:\/\/www.mundi-roth.de\/teneriffa-blog\/wp-content\/uploads\/2014\/10\/P1160008.jpg","width":800,"height":600},{"@type":"BreadcrumbList","@id":"https:\/\/www.mundi-roth.de\/teneriffa-blog\/wanderungen\/wanderung-von-weiler-zu-weiler\/#breadcrumb","itemListElement":[{"@type":"ListItem","position":1,"name":"Startseite","item":"https:\/\/www.mundi-roth.de\/teneriffa-blog\/"},{"@type":"ListItem","position":2,"name":"Wanderung von Weiler zu Weiler"}]},{"@type":"WebSite","@id":"https:\/\/www.mundi-roth.de\/teneriffa-blog\/#website","url":"https:\/\/www.mundi-roth.de\/teneriffa-blog\/","name":"Teneriffa Wandern","description":"Nicht nur Wanderungen auf Teneriffa...","potentialAction":[{"@type":"SearchAction","target":{"@type":"EntryPoint","urlTemplate":"https:\/\/www.mundi-roth.de\/teneriffa-blog\/?s={search_term_string}"},"query-input":{"@type":"PropertyValueSpecification","valueRequired":true,"valueName":"search_term_string"}}],"inLanguage":"de"},{"@type":"Person","@id":"https:\/\/www.mundi-roth.de\/teneriffa-blog\/#\/schema\/person\/971c66b55f3ae5e8741553688c413cac","name":"mundi","image":{"@type":"ImageObject","inLanguage":"de","@id":"https:\/\/secure.gravatar.com\/avatar\/555f0dd85428f1a9330f8e5dbe9e40ff9ca912bb81e5a89747ebf3ca9c20dc0f?s=96&d=mm&r=g","url":"https:\/\/secure.gravatar.com\/avatar\/555f0dd85428f1a9330f8e5dbe9e40ff9ca912bb81e5a89747ebf3ca9c20dc0f?s=96&d=mm&r=g","contentUrl":"https:\/\/secure.gravatar.com\/avatar\/555f0dd85428f1a9330f8e5dbe9e40ff9ca912bb81e5a89747ebf3ca9c20dc0f?s=96&d=mm&r=g","caption":"mundi"},"sameAs":["http:\/\/mundi-roth.de"],"url":"https:\/\/www.mundi-roth.de\/teneriffa-blog\/author\/mundi\/"}]}},"_links":{"self":[{"href":"https:\/\/www.mundi-roth.de\/teneriffa-blog\/wp-json\/wp\/v2\/posts\/3248","targetHints":{"allow":["GET"]}}],"collection":[{"href":"https:\/\/www.mundi-roth.de\/teneriffa-blog\/wp-json\/wp\/v2\/posts"}],"about":[{"href":"https:\/\/www.mundi-roth.de\/teneriffa-blog\/wp-json\/wp\/v2\/types\/post"}],"author":[{"embeddable":true,"href":"https:\/\/www.mundi-roth.de\/teneriffa-blog\/wp-json\/wp\/v2\/users\/4"}],"replies":[{"embeddable":true,"href":"https:\/\/www.mundi-roth.de\/teneriffa-blog\/wp-json\/wp\/v2\/comments?post=3248"}],"version-history":[{"count":0,"href":"https:\/\/www.mundi-roth.de\/teneriffa-blog\/wp-json\/wp\/v2\/posts\/3248\/revisions"}],"wp:featuredmedia":[{"embeddable":true,"href":"https:\/\/www.mundi-roth.de\/teneriffa-blog\/wp-json\/wp\/v2\/media\/4223"}],"wp:attachment":[{"href":"https:\/\/www.mundi-roth.de\/teneriffa-blog\/wp-json\/wp\/v2\/media?parent=3248"}],"wp:term":[{"taxonomy":"category","embeddable":true,"href":"https:\/\/www.mundi-roth.de\/teneriffa-blog\/wp-json\/wp\/v2\/categories?post=3248"},{"taxonomy":"post_tag","embeddable":true,"href":"https:\/\/www.mundi-roth.de\/teneriffa-blog\/wp-json\/wp\/v2\/tags?post=3248"}],"curies":[{"name":"wp","href":"https:\/\/api.w.org\/{rel}","templated":true}]}}