{"id":3287,"date":"2014-10-30T22:00:49","date_gmt":"2014-10-30T21:00:49","guid":{"rendered":"http:\/\/www.mundi-roth.de\/teneriffa-blog\/?p=3287"},"modified":"2015-07-13T12:54:13","modified_gmt":"2015-07-13T11:54:13","slug":"tabaiba-pass-cumbre-de-baracan-teno-alto-risco-steig-buenas-vistas","status":"publish","type":"post","link":"https:\/\/www.mundi-roth.de\/teneriffa-blog\/wanderungen\/tabaiba-pass-cumbre-de-baracan-teno-alto-risco-steig-buenas-vistas\/","title":{"rendered":"Tabaiba-Pass \u2013 Cumbre de Barac\u00e1n \u2013 Teno Alto \u2013 Risco Steig \u2013 Buenavista"},"content":{"rendered":"<p>\u201eWow! Im Vergleich zu dieser Tour sind alle bisher von uns gegangenen Touren fast Spazierg\u00e4nge.<br \/>\nEin absoluter Wander-H\u00f6hepunkt!<br \/>\nGrandiose Aus- und Anblicke!<\/p>\n<p><strong>Jedoch nur gehen bei: Guter Kondition! Gutem Wetter! Ohne Schwindelgef\u00fchl!<\/strong><\/p>\n<p><a href=\"http:\/\/www.mundi-roth.de\/teneriffa-blog\/wanderungen\/risco-steig-von-buenavista-nach-teno-alto\/\">So schrieb ich am 3. Dezember 2008<\/a>, als wir von Buenavista nach Teno Alto den Risco-Steig hoch gingen.<\/p>\n<p>Heute f\u00fcge ich noch an: Ein solch&#8216; wechselndes Farbspiel der Felsen und ihre Formationen, Erika-und Lorbeerwald, immer wieder andere Lanschaftseindr\u00fccke: Steile, tiefe Abbr\u00fcche, Hochebenen.<\/p>\n<p>Wir k\u00f6nnen nur sagen: Sch\u00f6\u00f6\u00f6\u00f6\u00f6\u00f6n!<\/p>\n<p>Nun der dritte Anlauf f\u00fcr diese Tour in umgekehrter Richtung!<\/p>\n<p>Beim ersten Mal, Start Erjos-Pass, mussten wir in H\u00f6he von Masca wieder umkehren, da die Passatwolken die Sicht versperrten und die Felsen feucht wurden.<\/p>\n<p>Beim zweiten Mal, wieder <a href=\"http:\/\/www.mundi-roth.de\/teneriffa-blog\/wanderungen\/erjos-pass-mirador-de-tabaiba-el-palmar-monte-del-agua-erjos\/\">Start am Erjos-Pass, am 4. M\u00e4rz 201<\/a>4 gingen Elisabeth und ich bis zum Tabaiba-Pass, um dann bei heftigstem Sturm zu entscheiden, Schluss f\u00fcr heute, Abstieg nach El Palmar, dann unfreiwillig weitergewandert bis Erjos.<\/p>\n<p><strong>Heute nun: Wetterbedingungen hervorragend!<\/strong><br \/>\nMein lieber Mann machte f\u00fcr uns wieder \u201eTaxi IrmEli\u201c und wir entscheiden, den Teil vom Erjos-Pass bis zum Tabaiba-Pass schenken wir uns, den kennen wir inzwischen gut.<\/p>\n<div id=\"attachment_3325\" style=\"width: 160px\" class=\"wp-caption alignright\"><a href=\"http:\/\/www.mundi-roth.de\/teneriffa-blog\/wp-content\/uploads\/2014\/10\/Track3.jpg\" rel=\"lightbox[3287]\"><img loading=\"lazy\" decoding=\"async\" aria-describedby=\"caption-attachment-3325\" class=\"size-thumbnail wp-image-3325\" src=\"http:\/\/www.mundi-roth.de\/teneriffa-blog\/wp-content\/uploads\/2014\/10\/Track3-150x135.jpg\" alt=\"Unsere Strecke\" width=\"150\" height=\"135\" srcset=\"https:\/\/www.mundi-roth.de\/teneriffa-blog\/wp-content\/uploads\/2014\/10\/Track3-150x135.jpg 150w, https:\/\/www.mundi-roth.de\/teneriffa-blog\/wp-content\/uploads\/2014\/10\/Track3-300x270.jpg 300w, https:\/\/www.mundi-roth.de\/teneriffa-blog\/wp-content\/uploads\/2014\/10\/Track3.jpg 928w\" sizes=\"auto, (max-width: 150px) 100vw, 150px\" \/><\/a><p id=\"caption-attachment-3325\" class=\"wp-caption-text\">Unsere Strecke<\/p><\/div>\n<p><strong>Wanderwegstrecke<\/strong>: 3 Stunden 15 Minuten<\/p>\n<p>Start also um 10:30 Uhr bei Sonnenschein und Windstille am Tabaiba-Pass.<br \/>\nErst die fantastischen Rundumblicke genie\u00dfen, Verabschiedung von unserem Fahrer und schon beginnt der Aufstieg zu den Cumbres de Barac\u00e1n. Eine Stunde hei\u00dft es nun bei gro\u00dfer W\u00e4rme auf einem Pfad, der durch einen regelrechten Steingarten f\u00fchrt, aufzusteigen. Schwei\u00dftreibend!<\/p>\n<p>Aber dieser Blick:<br \/>\nLinks Richtung Masca-Schlucht mit den Berggraten und das \u00d6rtchen El Carizal, links runter nach El Palmar und zum Meer. Der Teide ist hinter Wolken versteckt.<\/p>\n<p>Durch einen regelrechten gr\u00fcnen Tunnel aus Erika- und Lorbeeb\u00e4umen gehen wir auf der Bergkuppe, steigen \u00fcber tiefrot gef\u00e4rbte Felsen ab bis zum Hinweis: 7,2 km Punta de Teno.<\/p>\n<div id=\"attachment_3324\" style=\"width: 160px\" class=\"wp-caption alignleft\"><a href=\"http:\/\/www.mundi-roth.de\/teneriffa-blog\/wp-content\/uploads\/2014\/10\/P1160263.jpg\" rel=\"lightbox[3287]\"><img loading=\"lazy\" decoding=\"async\" aria-describedby=\"caption-attachment-3324\" class=\"size-thumbnail wp-image-3324\" src=\"http:\/\/www.mundi-roth.de\/teneriffa-blog\/wp-content\/uploads\/2014\/10\/P1160263-150x102.jpg\" alt=\"Die Bar\" width=\"150\" height=\"102\" srcset=\"https:\/\/www.mundi-roth.de\/teneriffa-blog\/wp-content\/uploads\/2014\/10\/P1160263-150x102.jpg 150w, https:\/\/www.mundi-roth.de\/teneriffa-blog\/wp-content\/uploads\/2014\/10\/P1160263-300x204.jpg 300w, https:\/\/www.mundi-roth.de\/teneriffa-blog\/wp-content\/uploads\/2014\/10\/P1160263.jpg 742w\" sizes=\"auto, (max-width: 150px) 100vw, 150px\" \/><\/a><p id=\"caption-attachment-3324\" class=\"wp-caption-text\">Die Bar<\/p><\/div>\n<p>Schnell sind wir im Weiler Teno-Alto, nochmal den Wegweiser studieren und hinter der Bar Los Bailaderos geht es gleich rechts ab.<\/p>\n<p>Es gibt inzwischen Hinweistafeln, die eine sagt uns: PR TF 58 Camino del Risco, Buena Vista (Casablanca) 3,9 km das ist unsere Strecke.<\/p>\n<p>Es er\u00fcbrigt\u00a0 sich die Wegstrecke detailliert zu beschreiben, da die Markierung \u2013 wei\u00df-gelbe Balken \u2013 die Richtung vorgibt.<\/p>\n<p>Aufstieg, Abstieg, Aufstieg, Bergkegel, Hochlandfl\u00e4chen, windgepeitsche Erikastr\u00e4ucher, die Insel La Gomera zum Greifen nah.<br \/>\nImmer wieder Hinweistafeln.<\/p>\n<p>Wir schreiten rasch aus, bis wir zum eigentlichen Abstieg, dem Risco-Steig kommen.<\/p>\n<p>Wir bewundern im Nachhinein die Menschen, die diese abenteuerliche Strecke als Verbindung zwischen\u00a0 Buena Vista und dem Rest der Insel nutzen mussten, um zum Kirchenbesuch und den Hochzeiten abzusteigen. Die Waren von unten nach oben aber auch ihre Toten von oben nach unten zur Beerdigung zu transportierten.<\/p>\n<p>Respekt! Hut ab!<\/p>\n<p>Wir machen es heute\u00a0 nur zu unserem Vergn\u00fcgen.<\/p>\n<p>Aber hier will jeder Tritt bewusst gesetzt werden, denn es geht im Zick-Zack auf schmalstem Pfad, dicht an den Abh\u00e4ngen nur \u00fcber Gestein abw\u00e4rts.<br \/>\nDas letzte St\u00fcck, vorbei an den riesigen Wasserbassins werden wir durch den Barranco mit seinen Monument-Felsen geleitet.<\/p>\n<p>Um 14:45 Uhr werden wir bereits von meinem lieben Mann auf der Stra\u00dfe erwartet, die zur Punta de Teno, dem Leuchtturm f\u00fchrt \u2013 die aber schon geraume Zeit wegen Steinschlaggefahr gesperrt ist.<\/p>\n<p>Kurze Beratschlagung, wo gehen wir essen?<\/p>\n<p>M\u00fcssen nicht lange \u00fcberlegen: Wenn wir schon mal in Buenavista sind, ist unser Lieblingslokal:<\/p>\n<p><strong>Restaurant \u201eEl Burgado\u201c<\/strong><\/p>\n<div id=\"attachment_3323\" style=\"width: 160px\" class=\"wp-caption alignright\"><a href=\"http:\/\/www.mundi-roth.de\/teneriffa-blog\/wp-content\/uploads\/2014\/10\/P1160318.jpg\" rel=\"lightbox[3287]\"><img loading=\"lazy\" decoding=\"async\" aria-describedby=\"caption-attachment-3323\" class=\"size-thumbnail wp-image-3323\" src=\"http:\/\/www.mundi-roth.de\/teneriffa-blog\/wp-content\/uploads\/2014\/10\/P1160318-150x112.jpg\" alt=\"Restaurant El Burgado\" width=\"150\" height=\"112\" srcset=\"https:\/\/www.mundi-roth.de\/teneriffa-blog\/wp-content\/uploads\/2014\/10\/P1160318-150x112.jpg 150w, https:\/\/www.mundi-roth.de\/teneriffa-blog\/wp-content\/uploads\/2014\/10\/P1160318-300x225.jpg 300w, https:\/\/www.mundi-roth.de\/teneriffa-blog\/wp-content\/uploads\/2014\/10\/P1160318.jpg 800w\" sizes=\"auto, (max-width: 150px) 100vw, 150px\" \/><\/a><p id=\"caption-attachment-3323\" class=\"wp-caption-text\">Restaurant El Burgado<\/p><\/div>\n<p>Playa La Arena<br \/>\nBuenavista del Norte<br \/>\nTelefon: 922 12 78 31<br \/>\nDie K\u00fcche ist jeden Tag von 12:00 bis 21:00 Uhr ge\u00f6ffnet.<\/p>\n<p>Was uns daran so gut gef\u00e4llt:<br \/>\nDas Essen ist gut, das Ambiente au\u00dfergew\u00f6hnlich: Ein B\u00e4chlein flie\u00dft durch das Lokal und die Terrasse.<br \/>\nDer Blick auf das bewegte, sch\u00e4umende, brandende Meer &#8211; heute im Sonnenschein \u2013 ist kaum zu toppen.<\/p>\n<p>Da wir\u00a0 nun schon mal in Buenavista sind, fahren wir auch noch in den Ort.<br \/>\nIn der N\u00e4he der Kirche ist die Calle La\u00a0 Alh\u00f3ndiga und hier die Pasteler\u00eda El Aderno, die ganz excellente T\u00f6rtchen anbietet. &#8211; Leider kann man hier nicht Caf\u00e9 trinken, jedoch die freundliche Verk\u00e4uferin erkl\u00e4rt uns, mit unserem Kuchenpaket k\u00f6nnen wir zur Bar auf der Plaza gehen und dort zum Caf\u00e9 den Kuchen verzehren.<\/p>\n<p>Gesagt, getan! &#8211; und nicht bereut !!!<\/p>\n<p>&nbsp;<\/p>\n<p>Impressionen von unserer Tour<\/p>\n\n\t\t<style type=\"text\/css\">\n\t\t\t#gallery-1 {\n\t\t\t\tmargin: auto;\n\t\t\t}\n\t\t\t#gallery-1 .gallery-item {\n\t\t\t\tfloat: left;\n\t\t\t\tmargin-top: 10px;\n\t\t\t\ttext-align: center;\n\t\t\t\twidth: 33%;\n\t\t\t}\n\t\t\t#gallery-1 img {\n\t\t\t\tborder: 2px solid #cfcfcf;\n\t\t\t}\n\t\t\t#gallery-1 .gallery-caption {\n\t\t\t\tmargin-left: 0;\n\t\t\t}\n\t\t\t\/* see gallery_shortcode() in wp-includes\/media.php *\/\n\t\t<\/style>\n\t\t<div id='gallery-1' class='gallery galleryid-3287 gallery-columns-3 gallery-size-thumbnail'><dl class='gallery-item'>\n\t\t\t<dt class='gallery-icon landscape'>\n\t\t\t\t<a href='https:\/\/www.mundi-roth.de\/teneriffa-blog\/wp-content\/uploads\/2014\/10\/P1160202.jpg' rel=\"lightbox[3287]\"><img loading=\"lazy\" decoding=\"async\" width=\"150\" height=\"112\" src=\"https:\/\/www.mundi-roth.de\/teneriffa-blog\/wp-content\/uploads\/2014\/10\/P1160202-150x112.jpg\" class=\"attachment-thumbnail size-thumbnail\" alt=\"\" srcset=\"https:\/\/www.mundi-roth.de\/teneriffa-blog\/wp-content\/uploads\/2014\/10\/P1160202-150x112.jpg 150w, https:\/\/www.mundi-roth.de\/teneriffa-blog\/wp-content\/uploads\/2014\/10\/P1160202-300x225.jpg 300w, https:\/\/www.mundi-roth.de\/teneriffa-blog\/wp-content\/uploads\/2014\/10\/P1160202.jpg 800w\" sizes=\"auto, (max-width: 150px) 100vw, 150px\" \/><\/a>\n\t\t\t<\/dt><\/dl><dl class='gallery-item'>\n\t\t\t<dt class='gallery-icon landscape'>\n\t\t\t\t<a href='https:\/\/www.mundi-roth.de\/teneriffa-blog\/wp-content\/uploads\/2014\/10\/P1160211a.jpg' rel=\"lightbox[3287]\"><img loading=\"lazy\" decoding=\"async\" width=\"150\" height=\"112\" src=\"https:\/\/www.mundi-roth.de\/teneriffa-blog\/wp-content\/uploads\/2014\/10\/P1160211a-150x112.jpg\" class=\"attachment-thumbnail size-thumbnail\" alt=\"\" srcset=\"https:\/\/www.mundi-roth.de\/teneriffa-blog\/wp-content\/uploads\/2014\/10\/P1160211a-150x112.jpg 150w, https:\/\/www.mundi-roth.de\/teneriffa-blog\/wp-content\/uploads\/2014\/10\/P1160211a-300x225.jpg 300w, https:\/\/www.mundi-roth.de\/teneriffa-blog\/wp-content\/uploads\/2014\/10\/P1160211a.jpg 800w\" sizes=\"auto, (max-width: 150px) 100vw, 150px\" \/><\/a>\n\t\t\t<\/dt><\/dl><dl class='gallery-item'>\n\t\t\t<dt class='gallery-icon landscape'>\n\t\t\t\t<a href='https:\/\/www.mundi-roth.de\/teneriffa-blog\/wp-content\/uploads\/2014\/10\/P1160222.jpg' rel=\"lightbox[3287]\"><img loading=\"lazy\" decoding=\"async\" width=\"150\" height=\"112\" src=\"https:\/\/www.mundi-roth.de\/teneriffa-blog\/wp-content\/uploads\/2014\/10\/P1160222-150x112.jpg\" class=\"attachment-thumbnail size-thumbnail\" alt=\"\" srcset=\"https:\/\/www.mundi-roth.de\/teneriffa-blog\/wp-content\/uploads\/2014\/10\/P1160222-150x112.jpg 150w, https:\/\/www.mundi-roth.de\/teneriffa-blog\/wp-content\/uploads\/2014\/10\/P1160222-300x225.jpg 300w, https:\/\/www.mundi-roth.de\/teneriffa-blog\/wp-content\/uploads\/2014\/10\/P1160222.jpg 800w\" sizes=\"auto, (max-width: 150px) 100vw, 150px\" \/><\/a>\n\t\t\t<\/dt><\/dl><br style=\"clear: both\" \/><dl class='gallery-item'>\n\t\t\t<dt class='gallery-icon landscape'>\n\t\t\t\t<a href='https:\/\/www.mundi-roth.de\/teneriffa-blog\/wp-content\/uploads\/2014\/10\/P1160237.jpg' rel=\"lightbox[3287]\"><img loading=\"lazy\" decoding=\"async\" width=\"150\" height=\"112\" src=\"https:\/\/www.mundi-roth.de\/teneriffa-blog\/wp-content\/uploads\/2014\/10\/P1160237-150x112.jpg\" class=\"attachment-thumbnail size-thumbnail\" alt=\"\" srcset=\"https:\/\/www.mundi-roth.de\/teneriffa-blog\/wp-content\/uploads\/2014\/10\/P1160237-150x112.jpg 150w, https:\/\/www.mundi-roth.de\/teneriffa-blog\/wp-content\/uploads\/2014\/10\/P1160237-300x225.jpg 300w, https:\/\/www.mundi-roth.de\/teneriffa-blog\/wp-content\/uploads\/2014\/10\/P1160237.jpg 800w\" sizes=\"auto, (max-width: 150px) 100vw, 150px\" \/><\/a>\n\t\t\t<\/dt><\/dl><dl class='gallery-item'>\n\t\t\t<dt class='gallery-icon landscape'>\n\t\t\t\t<a href='https:\/\/www.mundi-roth.de\/teneriffa-blog\/wp-content\/uploads\/2014\/10\/P1160239a.jpg' rel=\"lightbox[3287]\"><img loading=\"lazy\" decoding=\"async\" width=\"150\" height=\"76\" src=\"https:\/\/www.mundi-roth.de\/teneriffa-blog\/wp-content\/uploads\/2014\/10\/P1160239a-150x76.jpg\" class=\"attachment-thumbnail size-thumbnail\" alt=\"\" srcset=\"https:\/\/www.mundi-roth.de\/teneriffa-blog\/wp-content\/uploads\/2014\/10\/P1160239a-150x76.jpg 150w, https:\/\/www.mundi-roth.de\/teneriffa-blog\/wp-content\/uploads\/2014\/10\/P1160239a-300x153.jpg 300w, https:\/\/www.mundi-roth.de\/teneriffa-blog\/wp-content\/uploads\/2014\/10\/P1160239a.jpg 800w\" sizes=\"auto, (max-width: 150px) 100vw, 150px\" \/><\/a>\n\t\t\t<\/dt><\/dl><dl class='gallery-item'>\n\t\t\t<dt class='gallery-icon landscape'>\n\t\t\t\t<a href='https:\/\/www.mundi-roth.de\/teneriffa-blog\/wp-content\/uploads\/2014\/10\/P1160240.jpg' rel=\"lightbox[3287]\"><img loading=\"lazy\" decoding=\"async\" width=\"150\" height=\"112\" src=\"https:\/\/www.mundi-roth.de\/teneriffa-blog\/wp-content\/uploads\/2014\/10\/P1160240-150x112.jpg\" class=\"attachment-thumbnail size-thumbnail\" alt=\"\" srcset=\"https:\/\/www.mundi-roth.de\/teneriffa-blog\/wp-content\/uploads\/2014\/10\/P1160240-150x112.jpg 150w, https:\/\/www.mundi-roth.de\/teneriffa-blog\/wp-content\/uploads\/2014\/10\/P1160240-300x225.jpg 300w, https:\/\/www.mundi-roth.de\/teneriffa-blog\/wp-content\/uploads\/2014\/10\/P1160240.jpg 800w\" sizes=\"auto, (max-width: 150px) 100vw, 150px\" \/><\/a>\n\t\t\t<\/dt><\/dl><br style=\"clear: both\" \/><dl class='gallery-item'>\n\t\t\t<dt class='gallery-icon landscape'>\n\t\t\t\t<a href='https:\/\/www.mundi-roth.de\/teneriffa-blog\/wp-content\/uploads\/2014\/10\/P1160249.jpg' rel=\"lightbox[3287]\"><img loading=\"lazy\" decoding=\"async\" width=\"150\" height=\"112\" src=\"https:\/\/www.mundi-roth.de\/teneriffa-blog\/wp-content\/uploads\/2014\/10\/P1160249-150x112.jpg\" class=\"attachment-thumbnail size-thumbnail\" alt=\"\" srcset=\"https:\/\/www.mundi-roth.de\/teneriffa-blog\/wp-content\/uploads\/2014\/10\/P1160249-150x112.jpg 150w, https:\/\/www.mundi-roth.de\/teneriffa-blog\/wp-content\/uploads\/2014\/10\/P1160249-300x225.jpg 300w, https:\/\/www.mundi-roth.de\/teneriffa-blog\/wp-content\/uploads\/2014\/10\/P1160249.jpg 800w\" sizes=\"auto, (max-width: 150px) 100vw, 150px\" \/><\/a>\n\t\t\t<\/dt><\/dl><dl class='gallery-item'>\n\t\t\t<dt class='gallery-icon landscape'>\n\t\t\t\t<a href='https:\/\/www.mundi-roth.de\/teneriffa-blog\/wp-content\/uploads\/2014\/10\/P1160252.jpg' rel=\"lightbox[3287]\"><img loading=\"lazy\" decoding=\"async\" width=\"150\" height=\"112\" src=\"https:\/\/www.mundi-roth.de\/teneriffa-blog\/wp-content\/uploads\/2014\/10\/P1160252-150x112.jpg\" class=\"attachment-thumbnail size-thumbnail\" alt=\"\" srcset=\"https:\/\/www.mundi-roth.de\/teneriffa-blog\/wp-content\/uploads\/2014\/10\/P1160252-150x112.jpg 150w, https:\/\/www.mundi-roth.de\/teneriffa-blog\/wp-content\/uploads\/2014\/10\/P1160252-300x225.jpg 300w, https:\/\/www.mundi-roth.de\/teneriffa-blog\/wp-content\/uploads\/2014\/10\/P1160252.jpg 800w\" sizes=\"auto, (max-width: 150px) 100vw, 150px\" \/><\/a>\n\t\t\t<\/dt><\/dl><dl class='gallery-item'>\n\t\t\t<dt class='gallery-icon landscape'>\n\t\t\t\t<a href='https:\/\/www.mundi-roth.de\/teneriffa-blog\/wp-content\/uploads\/2014\/10\/P1160244.jpg' rel=\"lightbox[3287]\"><img loading=\"lazy\" decoding=\"async\" width=\"150\" height=\"112\" src=\"https:\/\/www.mundi-roth.de\/teneriffa-blog\/wp-content\/uploads\/2014\/10\/P1160244-150x112.jpg\" class=\"attachment-thumbnail size-thumbnail\" alt=\"\" srcset=\"https:\/\/www.mundi-roth.de\/teneriffa-blog\/wp-content\/uploads\/2014\/10\/P1160244-150x112.jpg 150w, https:\/\/www.mundi-roth.de\/teneriffa-blog\/wp-content\/uploads\/2014\/10\/P1160244-300x225.jpg 300w, https:\/\/www.mundi-roth.de\/teneriffa-blog\/wp-content\/uploads\/2014\/10\/P1160244.jpg 800w\" sizes=\"auto, (max-width: 150px) 100vw, 150px\" \/><\/a>\n\t\t\t<\/dt><\/dl><br style=\"clear: both\" \/><dl class='gallery-item'>\n\t\t\t<dt class='gallery-icon landscape'>\n\t\t\t\t<a href='https:\/\/www.mundi-roth.de\/teneriffa-blog\/wp-content\/uploads\/2014\/10\/P1160253.jpg' rel=\"lightbox[3287]\"><img loading=\"lazy\" decoding=\"async\" width=\"150\" height=\"112\" src=\"https:\/\/www.mundi-roth.de\/teneriffa-blog\/wp-content\/uploads\/2014\/10\/P1160253-150x112.jpg\" class=\"attachment-thumbnail size-thumbnail\" alt=\"\" srcset=\"https:\/\/www.mundi-roth.de\/teneriffa-blog\/wp-content\/uploads\/2014\/10\/P1160253-150x112.jpg 150w, https:\/\/www.mundi-roth.de\/teneriffa-blog\/wp-content\/uploads\/2014\/10\/P1160253-300x225.jpg 300w, https:\/\/www.mundi-roth.de\/teneriffa-blog\/wp-content\/uploads\/2014\/10\/P1160253.jpg 800w\" sizes=\"auto, (max-width: 150px) 100vw, 150px\" \/><\/a>\n\t\t\t<\/dt><\/dl><dl class='gallery-item'>\n\t\t\t<dt class='gallery-icon landscape'>\n\t\t\t\t<a href='https:\/\/www.mundi-roth.de\/teneriffa-blog\/wp-content\/uploads\/2014\/10\/P1160259.jpg' rel=\"lightbox[3287]\"><img loading=\"lazy\" decoding=\"async\" width=\"150\" height=\"112\" src=\"https:\/\/www.mundi-roth.de\/teneriffa-blog\/wp-content\/uploads\/2014\/10\/P1160259-150x112.jpg\" class=\"attachment-thumbnail size-thumbnail\" alt=\"\" srcset=\"https:\/\/www.mundi-roth.de\/teneriffa-blog\/wp-content\/uploads\/2014\/10\/P1160259-150x112.jpg 150w, https:\/\/www.mundi-roth.de\/teneriffa-blog\/wp-content\/uploads\/2014\/10\/P1160259-300x225.jpg 300w, https:\/\/www.mundi-roth.de\/teneriffa-blog\/wp-content\/uploads\/2014\/10\/P1160259.jpg 800w\" sizes=\"auto, (max-width: 150px) 100vw, 150px\" \/><\/a>\n\t\t\t<\/dt><\/dl><dl class='gallery-item'>\n\t\t\t<dt class='gallery-icon landscape'>\n\t\t\t\t<a href='https:\/\/www.mundi-roth.de\/teneriffa-blog\/wp-content\/uploads\/2014\/10\/P1160267.jpg' rel=\"lightbox[3287]\"><img loading=\"lazy\" decoding=\"async\" width=\"150\" height=\"112\" src=\"https:\/\/www.mundi-roth.de\/teneriffa-blog\/wp-content\/uploads\/2014\/10\/P1160267-150x112.jpg\" class=\"attachment-thumbnail size-thumbnail\" alt=\"\" srcset=\"https:\/\/www.mundi-roth.de\/teneriffa-blog\/wp-content\/uploads\/2014\/10\/P1160267-150x112.jpg 150w, https:\/\/www.mundi-roth.de\/teneriffa-blog\/wp-content\/uploads\/2014\/10\/P1160267-300x225.jpg 300w, https:\/\/www.mundi-roth.de\/teneriffa-blog\/wp-content\/uploads\/2014\/10\/P1160267.jpg 800w\" sizes=\"auto, (max-width: 150px) 100vw, 150px\" \/><\/a>\n\t\t\t<\/dt><\/dl><br style=\"clear: both\" \/><dl class='gallery-item'>\n\t\t\t<dt class='gallery-icon landscape'>\n\t\t\t\t<a href='https:\/\/www.mundi-roth.de\/teneriffa-blog\/wp-content\/uploads\/2014\/10\/P1160273.jpg' rel=\"lightbox[3287]\"><img loading=\"lazy\" decoding=\"async\" width=\"150\" height=\"112\" src=\"https:\/\/www.mundi-roth.de\/teneriffa-blog\/wp-content\/uploads\/2014\/10\/P1160273-150x112.jpg\" class=\"attachment-thumbnail size-thumbnail\" alt=\"\" srcset=\"https:\/\/www.mundi-roth.de\/teneriffa-blog\/wp-content\/uploads\/2014\/10\/P1160273-150x112.jpg 150w, https:\/\/www.mundi-roth.de\/teneriffa-blog\/wp-content\/uploads\/2014\/10\/P1160273-300x225.jpg 300w, https:\/\/www.mundi-roth.de\/teneriffa-blog\/wp-content\/uploads\/2014\/10\/P1160273.jpg 800w\" sizes=\"auto, (max-width: 150px) 100vw, 150px\" \/><\/a>\n\t\t\t<\/dt><\/dl><dl class='gallery-item'>\n\t\t\t<dt class='gallery-icon landscape'>\n\t\t\t\t<a href='https:\/\/www.mundi-roth.de\/teneriffa-blog\/wp-content\/uploads\/2014\/10\/P1160276.jpg' rel=\"lightbox[3287]\"><img loading=\"lazy\" decoding=\"async\" width=\"150\" height=\"112\" src=\"https:\/\/www.mundi-roth.de\/teneriffa-blog\/wp-content\/uploads\/2014\/10\/P1160276-150x112.jpg\" class=\"attachment-thumbnail size-thumbnail\" alt=\"\" srcset=\"https:\/\/www.mundi-roth.de\/teneriffa-blog\/wp-content\/uploads\/2014\/10\/P1160276-150x112.jpg 150w, https:\/\/www.mundi-roth.de\/teneriffa-blog\/wp-content\/uploads\/2014\/10\/P1160276-300x225.jpg 300w, https:\/\/www.mundi-roth.de\/teneriffa-blog\/wp-content\/uploads\/2014\/10\/P1160276.jpg 800w\" sizes=\"auto, (max-width: 150px) 100vw, 150px\" \/><\/a>\n\t\t\t<\/dt><\/dl><dl class='gallery-item'>\n\t\t\t<dt class='gallery-icon landscape'>\n\t\t\t\t<a href='https:\/\/www.mundi-roth.de\/teneriffa-blog\/wp-content\/uploads\/2014\/10\/P1160280.jpg' rel=\"lightbox[3287]\"><img loading=\"lazy\" decoding=\"async\" width=\"150\" height=\"112\" src=\"https:\/\/www.mundi-roth.de\/teneriffa-blog\/wp-content\/uploads\/2014\/10\/P1160280-150x112.jpg\" class=\"attachment-thumbnail size-thumbnail\" alt=\"\" srcset=\"https:\/\/www.mundi-roth.de\/teneriffa-blog\/wp-content\/uploads\/2014\/10\/P1160280-150x112.jpg 150w, https:\/\/www.mundi-roth.de\/teneriffa-blog\/wp-content\/uploads\/2014\/10\/P1160280-300x225.jpg 300w, https:\/\/www.mundi-roth.de\/teneriffa-blog\/wp-content\/uploads\/2014\/10\/P1160280.jpg 800w\" sizes=\"auto, (max-width: 150px) 100vw, 150px\" \/><\/a>\n\t\t\t<\/dt><\/dl><br style=\"clear: both\" \/><dl class='gallery-item'>\n\t\t\t<dt class='gallery-icon landscape'>\n\t\t\t\t<a href='https:\/\/www.mundi-roth.de\/teneriffa-blog\/wp-content\/uploads\/2014\/10\/P1160282.jpg' rel=\"lightbox[3287]\"><img loading=\"lazy\" decoding=\"async\" width=\"150\" height=\"112\" src=\"https:\/\/www.mundi-roth.de\/teneriffa-blog\/wp-content\/uploads\/2014\/10\/P1160282-150x112.jpg\" class=\"attachment-thumbnail size-thumbnail\" alt=\"\" srcset=\"https:\/\/www.mundi-roth.de\/teneriffa-blog\/wp-content\/uploads\/2014\/10\/P1160282-150x112.jpg 150w, https:\/\/www.mundi-roth.de\/teneriffa-blog\/wp-content\/uploads\/2014\/10\/P1160282-300x225.jpg 300w, https:\/\/www.mundi-roth.de\/teneriffa-blog\/wp-content\/uploads\/2014\/10\/P1160282.jpg 800w\" sizes=\"auto, (max-width: 150px) 100vw, 150px\" \/><\/a>\n\t\t\t<\/dt><\/dl><dl class='gallery-item'>\n\t\t\t<dt class='gallery-icon landscape'>\n\t\t\t\t<a href='https:\/\/www.mundi-roth.de\/teneriffa-blog\/wp-content\/uploads\/2014\/10\/P1160284.jpg' rel=\"lightbox[3287]\"><img loading=\"lazy\" decoding=\"async\" width=\"150\" height=\"112\" src=\"https:\/\/www.mundi-roth.de\/teneriffa-blog\/wp-content\/uploads\/2014\/10\/P1160284-150x112.jpg\" class=\"attachment-thumbnail size-thumbnail\" alt=\"\" srcset=\"https:\/\/www.mundi-roth.de\/teneriffa-blog\/wp-content\/uploads\/2014\/10\/P1160284-150x112.jpg 150w, https:\/\/www.mundi-roth.de\/teneriffa-blog\/wp-content\/uploads\/2014\/10\/P1160284-300x225.jpg 300w, https:\/\/www.mundi-roth.de\/teneriffa-blog\/wp-content\/uploads\/2014\/10\/P1160284.jpg 800w\" sizes=\"auto, (max-width: 150px) 100vw, 150px\" \/><\/a>\n\t\t\t<\/dt><\/dl><dl class='gallery-item'>\n\t\t\t<dt class='gallery-icon landscape'>\n\t\t\t\t<a href='https:\/\/www.mundi-roth.de\/teneriffa-blog\/wp-content\/uploads\/2014\/10\/P1160285.jpg' rel=\"lightbox[3287]\"><img loading=\"lazy\" decoding=\"async\" width=\"150\" height=\"112\" src=\"https:\/\/www.mundi-roth.de\/teneriffa-blog\/wp-content\/uploads\/2014\/10\/P1160285-150x112.jpg\" class=\"attachment-thumbnail size-thumbnail\" alt=\"\" srcset=\"https:\/\/www.mundi-roth.de\/teneriffa-blog\/wp-content\/uploads\/2014\/10\/P1160285-150x112.jpg 150w, https:\/\/www.mundi-roth.de\/teneriffa-blog\/wp-content\/uploads\/2014\/10\/P1160285-300x225.jpg 300w, https:\/\/www.mundi-roth.de\/teneriffa-blog\/wp-content\/uploads\/2014\/10\/P1160285.jpg 800w\" sizes=\"auto, (max-width: 150px) 100vw, 150px\" \/><\/a>\n\t\t\t<\/dt><\/dl><br style=\"clear: both\" \/><dl class='gallery-item'>\n\t\t\t<dt class='gallery-icon landscape'>\n\t\t\t\t<a href='https:\/\/www.mundi-roth.de\/teneriffa-blog\/wp-content\/uploads\/2014\/10\/P1160288.jpg' rel=\"lightbox[3287]\"><img loading=\"lazy\" decoding=\"async\" width=\"150\" height=\"112\" src=\"https:\/\/www.mundi-roth.de\/teneriffa-blog\/wp-content\/uploads\/2014\/10\/P1160288-150x112.jpg\" class=\"attachment-thumbnail size-thumbnail\" alt=\"\" srcset=\"https:\/\/www.mundi-roth.de\/teneriffa-blog\/wp-content\/uploads\/2014\/10\/P1160288-150x112.jpg 150w, https:\/\/www.mundi-roth.de\/teneriffa-blog\/wp-content\/uploads\/2014\/10\/P1160288-300x225.jpg 300w, https:\/\/www.mundi-roth.de\/teneriffa-blog\/wp-content\/uploads\/2014\/10\/P1160288.jpg 800w\" sizes=\"auto, (max-width: 150px) 100vw, 150px\" \/><\/a>\n\t\t\t<\/dt><\/dl><dl class='gallery-item'>\n\t\t\t<dt class='gallery-icon landscape'>\n\t\t\t\t<a href='https:\/\/www.mundi-roth.de\/teneriffa-blog\/wp-content\/uploads\/2014\/10\/P1160289.jpg' rel=\"lightbox[3287]\"><img loading=\"lazy\" decoding=\"async\" width=\"150\" height=\"112\" src=\"https:\/\/www.mundi-roth.de\/teneriffa-blog\/wp-content\/uploads\/2014\/10\/P1160289-150x112.jpg\" class=\"attachment-thumbnail size-thumbnail\" alt=\"\" srcset=\"https:\/\/www.mundi-roth.de\/teneriffa-blog\/wp-content\/uploads\/2014\/10\/P1160289-150x112.jpg 150w, https:\/\/www.mundi-roth.de\/teneriffa-blog\/wp-content\/uploads\/2014\/10\/P1160289-300x225.jpg 300w, https:\/\/www.mundi-roth.de\/teneriffa-blog\/wp-content\/uploads\/2014\/10\/P1160289.jpg 800w\" sizes=\"auto, (max-width: 150px) 100vw, 150px\" \/><\/a>\n\t\t\t<\/dt><\/dl><dl class='gallery-item'>\n\t\t\t<dt class='gallery-icon landscape'>\n\t\t\t\t<a href='https:\/\/www.mundi-roth.de\/teneriffa-blog\/wp-content\/uploads\/2014\/10\/P1160290.jpg' rel=\"lightbox[3287]\"><img loading=\"lazy\" decoding=\"async\" width=\"150\" height=\"112\" src=\"https:\/\/www.mundi-roth.de\/teneriffa-blog\/wp-content\/uploads\/2014\/10\/P1160290-150x112.jpg\" class=\"attachment-thumbnail size-thumbnail\" alt=\"\" srcset=\"https:\/\/www.mundi-roth.de\/teneriffa-blog\/wp-content\/uploads\/2014\/10\/P1160290-150x112.jpg 150w, https:\/\/www.mundi-roth.de\/teneriffa-blog\/wp-content\/uploads\/2014\/10\/P1160290-300x225.jpg 300w, https:\/\/www.mundi-roth.de\/teneriffa-blog\/wp-content\/uploads\/2014\/10\/P1160290.jpg 800w\" sizes=\"auto, (max-width: 150px) 100vw, 150px\" \/><\/a>\n\t\t\t<\/dt><\/dl><br style=\"clear: both\" \/><dl class='gallery-item'>\n\t\t\t<dt class='gallery-icon landscape'>\n\t\t\t\t<a href='https:\/\/www.mundi-roth.de\/teneriffa-blog\/wp-content\/uploads\/2014\/10\/P1160295.jpg' rel=\"lightbox[3287]\"><img loading=\"lazy\" decoding=\"async\" width=\"150\" height=\"112\" src=\"https:\/\/www.mundi-roth.de\/teneriffa-blog\/wp-content\/uploads\/2014\/10\/P1160295-150x112.jpg\" class=\"attachment-thumbnail size-thumbnail\" alt=\"\" srcset=\"https:\/\/www.mundi-roth.de\/teneriffa-blog\/wp-content\/uploads\/2014\/10\/P1160295-150x112.jpg 150w, https:\/\/www.mundi-roth.de\/teneriffa-blog\/wp-content\/uploads\/2014\/10\/P1160295-300x225.jpg 300w, https:\/\/www.mundi-roth.de\/teneriffa-blog\/wp-content\/uploads\/2014\/10\/P1160295.jpg 800w\" sizes=\"auto, (max-width: 150px) 100vw, 150px\" \/><\/a>\n\t\t\t<\/dt><\/dl><dl class='gallery-item'>\n\t\t\t<dt class='gallery-icon portrait'>\n\t\t\t\t<a href='https:\/\/www.mundi-roth.de\/teneriffa-blog\/wp-content\/uploads\/2014\/10\/P1160296.jpg' rel=\"lightbox[3287]\"><img loading=\"lazy\" decoding=\"async\" width=\"112\" height=\"150\" src=\"https:\/\/www.mundi-roth.de\/teneriffa-blog\/wp-content\/uploads\/2014\/10\/P1160296-112x150.jpg\" class=\"attachment-thumbnail size-thumbnail\" alt=\"\" srcset=\"https:\/\/www.mundi-roth.de\/teneriffa-blog\/wp-content\/uploads\/2014\/10\/P1160296-112x150.jpg 112w, https:\/\/www.mundi-roth.de\/teneriffa-blog\/wp-content\/uploads\/2014\/10\/P1160296-225x300.jpg 225w, https:\/\/www.mundi-roth.de\/teneriffa-blog\/wp-content\/uploads\/2014\/10\/P1160296.jpg 600w\" sizes=\"auto, (max-width: 112px) 100vw, 112px\" \/><\/a>\n\t\t\t<\/dt><\/dl><dl class='gallery-item'>\n\t\t\t<dt class='gallery-icon landscape'>\n\t\t\t\t<a href='https:\/\/www.mundi-roth.de\/teneriffa-blog\/wp-content\/uploads\/2014\/10\/P1160300.jpg' rel=\"lightbox[3287]\"><img loading=\"lazy\" decoding=\"async\" width=\"150\" height=\"112\" src=\"https:\/\/www.mundi-roth.de\/teneriffa-blog\/wp-content\/uploads\/2014\/10\/P1160300-150x112.jpg\" class=\"attachment-thumbnail size-thumbnail\" alt=\"\" srcset=\"https:\/\/www.mundi-roth.de\/teneriffa-blog\/wp-content\/uploads\/2014\/10\/P1160300-150x112.jpg 150w, https:\/\/www.mundi-roth.de\/teneriffa-blog\/wp-content\/uploads\/2014\/10\/P1160300-300x225.jpg 300w, https:\/\/www.mundi-roth.de\/teneriffa-blog\/wp-content\/uploads\/2014\/10\/P1160300.jpg 800w\" sizes=\"auto, (max-width: 150px) 100vw, 150px\" \/><\/a>\n\t\t\t<\/dt><\/dl><br style=\"clear: both\" \/><dl class='gallery-item'>\n\t\t\t<dt class='gallery-icon landscape'>\n\t\t\t\t<a href='https:\/\/www.mundi-roth.de\/teneriffa-blog\/wp-content\/uploads\/2014\/10\/P1160304.jpg' rel=\"lightbox[3287]\"><img loading=\"lazy\" decoding=\"async\" width=\"150\" height=\"112\" src=\"https:\/\/www.mundi-roth.de\/teneriffa-blog\/wp-content\/uploads\/2014\/10\/P1160304-150x112.jpg\" class=\"attachment-thumbnail size-thumbnail\" alt=\"\" srcset=\"https:\/\/www.mundi-roth.de\/teneriffa-blog\/wp-content\/uploads\/2014\/10\/P1160304-150x112.jpg 150w, https:\/\/www.mundi-roth.de\/teneriffa-blog\/wp-content\/uploads\/2014\/10\/P1160304-300x225.jpg 300w, https:\/\/www.mundi-roth.de\/teneriffa-blog\/wp-content\/uploads\/2014\/10\/P1160304.jpg 800w\" sizes=\"auto, (max-width: 150px) 100vw, 150px\" \/><\/a>\n\t\t\t<\/dt><\/dl><dl class='gallery-item'>\n\t\t\t<dt class='gallery-icon landscape'>\n\t\t\t\t<a href='https:\/\/www.mundi-roth.de\/teneriffa-blog\/wp-content\/uploads\/2014\/10\/P1160306.jpg' rel=\"lightbox[3287]\"><img loading=\"lazy\" decoding=\"async\" width=\"150\" height=\"112\" src=\"https:\/\/www.mundi-roth.de\/teneriffa-blog\/wp-content\/uploads\/2014\/10\/P1160306-150x112.jpg\" class=\"attachment-thumbnail size-thumbnail\" alt=\"\" srcset=\"https:\/\/www.mundi-roth.de\/teneriffa-blog\/wp-content\/uploads\/2014\/10\/P1160306-150x112.jpg 150w, https:\/\/www.mundi-roth.de\/teneriffa-blog\/wp-content\/uploads\/2014\/10\/P1160306-300x225.jpg 300w, https:\/\/www.mundi-roth.de\/teneriffa-blog\/wp-content\/uploads\/2014\/10\/P1160306.jpg 800w\" sizes=\"auto, (max-width: 150px) 100vw, 150px\" \/><\/a>\n\t\t\t<\/dt><\/dl><dl class='gallery-item'>\n\t\t\t<dt class='gallery-icon landscape'>\n\t\t\t\t<a href='https:\/\/www.mundi-roth.de\/teneriffa-blog\/wp-content\/uploads\/2014\/10\/P1160307.jpg' rel=\"lightbox[3287]\"><img loading=\"lazy\" decoding=\"async\" width=\"150\" height=\"112\" src=\"https:\/\/www.mundi-roth.de\/teneriffa-blog\/wp-content\/uploads\/2014\/10\/P1160307-150x112.jpg\" class=\"attachment-thumbnail size-thumbnail\" alt=\"\" srcset=\"https:\/\/www.mundi-roth.de\/teneriffa-blog\/wp-content\/uploads\/2014\/10\/P1160307-150x112.jpg 150w, https:\/\/www.mundi-roth.de\/teneriffa-blog\/wp-content\/uploads\/2014\/10\/P1160307-300x225.jpg 300w, https:\/\/www.mundi-roth.de\/teneriffa-blog\/wp-content\/uploads\/2014\/10\/P1160307.jpg 800w\" sizes=\"auto, (max-width: 150px) 100vw, 150px\" \/><\/a>\n\t\t\t<\/dt><\/dl><br style=\"clear: both\" \/><dl class='gallery-item'>\n\t\t\t<dt class='gallery-icon landscape'>\n\t\t\t\t<a href='https:\/\/www.mundi-roth.de\/teneriffa-blog\/wp-content\/uploads\/2014\/10\/P1160309.jpg' rel=\"lightbox[3287]\"><img loading=\"lazy\" decoding=\"async\" width=\"150\" height=\"112\" src=\"https:\/\/www.mundi-roth.de\/teneriffa-blog\/wp-content\/uploads\/2014\/10\/P1160309-150x112.jpg\" class=\"attachment-thumbnail size-thumbnail\" alt=\"\" srcset=\"https:\/\/www.mundi-roth.de\/teneriffa-blog\/wp-content\/uploads\/2014\/10\/P1160309-150x112.jpg 150w, https:\/\/www.mundi-roth.de\/teneriffa-blog\/wp-content\/uploads\/2014\/10\/P1160309-300x225.jpg 300w, https:\/\/www.mundi-roth.de\/teneriffa-blog\/wp-content\/uploads\/2014\/10\/P1160309.jpg 800w\" sizes=\"auto, (max-width: 150px) 100vw, 150px\" \/><\/a>\n\t\t\t<\/dt><\/dl><dl class='gallery-item'>\n\t\t\t<dt class='gallery-icon landscape'>\n\t\t\t\t<a href='https:\/\/www.mundi-roth.de\/teneriffa-blog\/wp-content\/uploads\/2014\/10\/P1160310.jpg' rel=\"lightbox[3287]\"><img loading=\"lazy\" decoding=\"async\" width=\"150\" height=\"112\" src=\"https:\/\/www.mundi-roth.de\/teneriffa-blog\/wp-content\/uploads\/2014\/10\/P1160310-150x112.jpg\" class=\"attachment-thumbnail size-thumbnail\" alt=\"\" srcset=\"https:\/\/www.mundi-roth.de\/teneriffa-blog\/wp-content\/uploads\/2014\/10\/P1160310-150x112.jpg 150w, https:\/\/www.mundi-roth.de\/teneriffa-blog\/wp-content\/uploads\/2014\/10\/P1160310-300x225.jpg 300w, https:\/\/www.mundi-roth.de\/teneriffa-blog\/wp-content\/uploads\/2014\/10\/P1160310.jpg 800w\" sizes=\"auto, (max-width: 150px) 100vw, 150px\" \/><\/a>\n\t\t\t<\/dt><\/dl><dl class='gallery-item'>\n\t\t\t<dt class='gallery-icon landscape'>\n\t\t\t\t<a href='https:\/\/www.mundi-roth.de\/teneriffa-blog\/wp-content\/uploads\/2014\/10\/P1160311.jpg' rel=\"lightbox[3287]\"><img loading=\"lazy\" decoding=\"async\" width=\"150\" height=\"112\" src=\"https:\/\/www.mundi-roth.de\/teneriffa-blog\/wp-content\/uploads\/2014\/10\/P1160311-150x112.jpg\" class=\"attachment-thumbnail size-thumbnail\" alt=\"\" srcset=\"https:\/\/www.mundi-roth.de\/teneriffa-blog\/wp-content\/uploads\/2014\/10\/P1160311-150x112.jpg 150w, https:\/\/www.mundi-roth.de\/teneriffa-blog\/wp-content\/uploads\/2014\/10\/P1160311-300x225.jpg 300w, https:\/\/www.mundi-roth.de\/teneriffa-blog\/wp-content\/uploads\/2014\/10\/P1160311.jpg 800w\" sizes=\"auto, (max-width: 150px) 100vw, 150px\" \/><\/a>\n\t\t\t<\/dt><\/dl><br style=\"clear: both\" \/><dl class='gallery-item'>\n\t\t\t<dt class='gallery-icon landscape'>\n\t\t\t\t<a href='https:\/\/www.mundi-roth.de\/teneriffa-blog\/wp-content\/uploads\/2014\/10\/P1160312.jpg' rel=\"lightbox[3287]\"><img loading=\"lazy\" decoding=\"async\" width=\"150\" height=\"112\" src=\"https:\/\/www.mundi-roth.de\/teneriffa-blog\/wp-content\/uploads\/2014\/10\/P1160312-150x112.jpg\" class=\"attachment-thumbnail size-thumbnail\" alt=\"\" srcset=\"https:\/\/www.mundi-roth.de\/teneriffa-blog\/wp-content\/uploads\/2014\/10\/P1160312-150x112.jpg 150w, https:\/\/www.mundi-roth.de\/teneriffa-blog\/wp-content\/uploads\/2014\/10\/P1160312-300x225.jpg 300w, https:\/\/www.mundi-roth.de\/teneriffa-blog\/wp-content\/uploads\/2014\/10\/P1160312.jpg 800w\" sizes=\"auto, (max-width: 150px) 100vw, 150px\" \/><\/a>\n\t\t\t<\/dt><\/dl>\n\t\t\t<br style='clear: both' \/>\n\t\t<\/div>\n\n","protected":false},"excerpt":{"rendered":"<p>\u201eWow! Im Vergleich zu dieser Tour sind alle bisher von uns gegangenen Touren fast Spazierg\u00e4nge. Ein absoluter Wander-H\u00f6hepunkt! Grandiose Aus- und Anblicke! Jedoch nur gehen bei: Guter Kondition! Gutem Wetter! Ohne Schwindelgef\u00fchl! So schrieb ich am 3. Dezember 2008, als wir von Buenavista nach Teno Alto den Risco-Steig hoch gingen. Heute f\u00fcge ich noch an: [&hellip;]<\/p>\n","protected":false},"author":4,"featured_media":4221,"comment_status":"open","ping_status":"open","sticky":false,"template":"","format":"standard","meta":{"footnotes":""},"categories":[778,6],"tags":[705,734,179,461,439,181,446],"class_list":["post-3287","post","type-post","status-publish","format-standard","has-post-thumbnail","hentry","category-teno-gebirge","category-wanderungen","tag-buena-vista","tag-cumbre-de-baracan","tag-risco-steig","tag-tabaiba-pass","tag-teneriffa-wandern","tag-teno-alto","tag-wandern-teneriffa"],"yoast_head":"<!-- This site is optimized with the Yoast SEO plugin v27.5 - https:\/\/yoast.com\/product\/yoast-seo-wordpress\/ -->\n<title>Tabaiba-Pass \u2013 Cumbre de Barac\u00e1n \u2013 Teno Alto \u2013 Risco Steig \u2013 Buenavista - Teneriffa Wandern<\/title>\n<meta name=\"robots\" content=\"index, follow, max-snippet:-1, max-image-preview:large, max-video-preview:-1\" \/>\n<link rel=\"canonical\" href=\"https:\/\/www.mundi-roth.de\/teneriffa-blog\/wanderungen\/tabaiba-pass-cumbre-de-baracan-teno-alto-risco-steig-buenas-vistas\/\" \/>\n<meta name=\"twitter:label1\" content=\"Verfasst von\" \/>\n\t<meta name=\"twitter:data1\" content=\"mundi\" \/>\n\t<meta name=\"twitter:label2\" content=\"Gesch\u00e4tzte Lesezeit\" \/>\n\t<meta name=\"twitter:data2\" content=\"4\u00a0Minuten\" \/>\n<script type=\"application\/ld+json\" class=\"yoast-schema-graph\">{\"@context\":\"https:\\\/\\\/schema.org\",\"@graph\":[{\"@type\":\"Article\",\"@id\":\"https:\\\/\\\/www.mundi-roth.de\\\/teneriffa-blog\\\/wanderungen\\\/tabaiba-pass-cumbre-de-baracan-teno-alto-risco-steig-buenas-vistas\\\/#article\",\"isPartOf\":{\"@id\":\"https:\\\/\\\/www.mundi-roth.de\\\/teneriffa-blog\\\/wanderungen\\\/tabaiba-pass-cumbre-de-baracan-teno-alto-risco-steig-buenas-vistas\\\/\"},\"author\":{\"name\":\"mundi\",\"@id\":\"https:\\\/\\\/www.mundi-roth.de\\\/teneriffa-blog\\\/#\\\/schema\\\/person\\\/971c66b55f3ae5e8741553688c413cac\"},\"headline\":\"Tabaiba-Pass \u2013 Cumbre de Barac\u00e1n \u2013 Teno Alto \u2013 Risco Steig \u2013 Buenavista\",\"datePublished\":\"2014-10-30T21:00:49+00:00\",\"dateModified\":\"2015-07-13T11:54:13+00:00\",\"mainEntityOfPage\":{\"@id\":\"https:\\\/\\\/www.mundi-roth.de\\\/teneriffa-blog\\\/wanderungen\\\/tabaiba-pass-cumbre-de-baracan-teno-alto-risco-steig-buenas-vistas\\\/\"},\"wordCount\":746,\"commentCount\":0,\"image\":{\"@id\":\"https:\\\/\\\/www.mundi-roth.de\\\/teneriffa-blog\\\/wanderungen\\\/tabaiba-pass-cumbre-de-baracan-teno-alto-risco-steig-buenas-vistas\\\/#primaryimage\"},\"thumbnailUrl\":\"https:\\\/\\\/www.mundi-roth.de\\\/teneriffa-blog\\\/wp-content\\\/uploads\\\/2014\\\/10\\\/P11602371.jpg\",\"keywords\":[\"Buena Vista\",\"Cumbre de Barac\u00e1n\",\"Risco Steig\",\"Tabaiba Pass\",\"Teneriffa Wandern\",\"Teno Alto\",\"Wandern Teneriffa\"],\"articleSection\":[\"Teno-Gebirge\",\"Wanderungen\"],\"inLanguage\":\"de\",\"potentialAction\":[{\"@type\":\"CommentAction\",\"name\":\"Comment\",\"target\":[\"https:\\\/\\\/www.mundi-roth.de\\\/teneriffa-blog\\\/wanderungen\\\/tabaiba-pass-cumbre-de-baracan-teno-alto-risco-steig-buenas-vistas\\\/#respond\"]}]},{\"@type\":\"WebPage\",\"@id\":\"https:\\\/\\\/www.mundi-roth.de\\\/teneriffa-blog\\\/wanderungen\\\/tabaiba-pass-cumbre-de-baracan-teno-alto-risco-steig-buenas-vistas\\\/\",\"url\":\"https:\\\/\\\/www.mundi-roth.de\\\/teneriffa-blog\\\/wanderungen\\\/tabaiba-pass-cumbre-de-baracan-teno-alto-risco-steig-buenas-vistas\\\/\",\"name\":\"Tabaiba-Pass \u2013 Cumbre de Barac\u00e1n \u2013 Teno Alto \u2013 Risco Steig \u2013 Buenavista - Teneriffa Wandern\",\"isPartOf\":{\"@id\":\"https:\\\/\\\/www.mundi-roth.de\\\/teneriffa-blog\\\/#website\"},\"primaryImageOfPage\":{\"@id\":\"https:\\\/\\\/www.mundi-roth.de\\\/teneriffa-blog\\\/wanderungen\\\/tabaiba-pass-cumbre-de-baracan-teno-alto-risco-steig-buenas-vistas\\\/#primaryimage\"},\"image\":{\"@id\":\"https:\\\/\\\/www.mundi-roth.de\\\/teneriffa-blog\\\/wanderungen\\\/tabaiba-pass-cumbre-de-baracan-teno-alto-risco-steig-buenas-vistas\\\/#primaryimage\"},\"thumbnailUrl\":\"https:\\\/\\\/www.mundi-roth.de\\\/teneriffa-blog\\\/wp-content\\\/uploads\\\/2014\\\/10\\\/P11602371.jpg\",\"datePublished\":\"2014-10-30T21:00:49+00:00\",\"dateModified\":\"2015-07-13T11:54:13+00:00\",\"author\":{\"@id\":\"https:\\\/\\\/www.mundi-roth.de\\\/teneriffa-blog\\\/#\\\/schema\\\/person\\\/971c66b55f3ae5e8741553688c413cac\"},\"breadcrumb\":{\"@id\":\"https:\\\/\\\/www.mundi-roth.de\\\/teneriffa-blog\\\/wanderungen\\\/tabaiba-pass-cumbre-de-baracan-teno-alto-risco-steig-buenas-vistas\\\/#breadcrumb\"},\"inLanguage\":\"de\",\"potentialAction\":[{\"@type\":\"ReadAction\",\"target\":[\"https:\\\/\\\/www.mundi-roth.de\\\/teneriffa-blog\\\/wanderungen\\\/tabaiba-pass-cumbre-de-baracan-teno-alto-risco-steig-buenas-vistas\\\/\"]}]},{\"@type\":\"ImageObject\",\"inLanguage\":\"de\",\"@id\":\"https:\\\/\\\/www.mundi-roth.de\\\/teneriffa-blog\\\/wanderungen\\\/tabaiba-pass-cumbre-de-baracan-teno-alto-risco-steig-buenas-vistas\\\/#primaryimage\",\"url\":\"https:\\\/\\\/www.mundi-roth.de\\\/teneriffa-blog\\\/wp-content\\\/uploads\\\/2014\\\/10\\\/P11602371.jpg\",\"contentUrl\":\"https:\\\/\\\/www.mundi-roth.de\\\/teneriffa-blog\\\/wp-content\\\/uploads\\\/2014\\\/10\\\/P11602371.jpg\",\"width\":800,\"height\":600},{\"@type\":\"BreadcrumbList\",\"@id\":\"https:\\\/\\\/www.mundi-roth.de\\\/teneriffa-blog\\\/wanderungen\\\/tabaiba-pass-cumbre-de-baracan-teno-alto-risco-steig-buenas-vistas\\\/#breadcrumb\",\"itemListElement\":[{\"@type\":\"ListItem\",\"position\":1,\"name\":\"Startseite\",\"item\":\"https:\\\/\\\/www.mundi-roth.de\\\/teneriffa-blog\\\/\"},{\"@type\":\"ListItem\",\"position\":2,\"name\":\"Tabaiba-Pass \u2013 Cumbre de Barac\u00e1n \u2013 Teno Alto \u2013 Risco Steig \u2013 Buenavista\"}]},{\"@type\":\"WebSite\",\"@id\":\"https:\\\/\\\/www.mundi-roth.de\\\/teneriffa-blog\\\/#website\",\"url\":\"https:\\\/\\\/www.mundi-roth.de\\\/teneriffa-blog\\\/\",\"name\":\"Teneriffa Wandern\",\"description\":\"Nicht nur Wanderungen auf Teneriffa...\",\"potentialAction\":[{\"@type\":\"SearchAction\",\"target\":{\"@type\":\"EntryPoint\",\"urlTemplate\":\"https:\\\/\\\/www.mundi-roth.de\\\/teneriffa-blog\\\/?s={search_term_string}\"},\"query-input\":{\"@type\":\"PropertyValueSpecification\",\"valueRequired\":true,\"valueName\":\"search_term_string\"}}],\"inLanguage\":\"de\"},{\"@type\":\"Person\",\"@id\":\"https:\\\/\\\/www.mundi-roth.de\\\/teneriffa-blog\\\/#\\\/schema\\\/person\\\/971c66b55f3ae5e8741553688c413cac\",\"name\":\"mundi\",\"image\":{\"@type\":\"ImageObject\",\"inLanguage\":\"de\",\"@id\":\"https:\\\/\\\/secure.gravatar.com\\\/avatar\\\/555f0dd85428f1a9330f8e5dbe9e40ff9ca912bb81e5a89747ebf3ca9c20dc0f?s=96&d=mm&r=g\",\"url\":\"https:\\\/\\\/secure.gravatar.com\\\/avatar\\\/555f0dd85428f1a9330f8e5dbe9e40ff9ca912bb81e5a89747ebf3ca9c20dc0f?s=96&d=mm&r=g\",\"contentUrl\":\"https:\\\/\\\/secure.gravatar.com\\\/avatar\\\/555f0dd85428f1a9330f8e5dbe9e40ff9ca912bb81e5a89747ebf3ca9c20dc0f?s=96&d=mm&r=g\",\"caption\":\"mundi\"},\"sameAs\":[\"http:\\\/\\\/mundi-roth.de\"],\"url\":\"https:\\\/\\\/www.mundi-roth.de\\\/teneriffa-blog\\\/author\\\/mundi\\\/\"}]}<\/script>\n<!-- \/ Yoast SEO plugin. -->","yoast_head_json":{"title":"Tabaiba-Pass \u2013 Cumbre de Barac\u00e1n \u2013 Teno Alto \u2013 Risco Steig \u2013 Buenavista - Teneriffa Wandern","robots":{"index":"index","follow":"follow","max-snippet":"max-snippet:-1","max-image-preview":"max-image-preview:large","max-video-preview":"max-video-preview:-1"},"canonical":"https:\/\/www.mundi-roth.de\/teneriffa-blog\/wanderungen\/tabaiba-pass-cumbre-de-baracan-teno-alto-risco-steig-buenas-vistas\/","twitter_misc":{"Verfasst von":"mundi","Gesch\u00e4tzte Lesezeit":"4\u00a0Minuten"},"schema":{"@context":"https:\/\/schema.org","@graph":[{"@type":"Article","@id":"https:\/\/www.mundi-roth.de\/teneriffa-blog\/wanderungen\/tabaiba-pass-cumbre-de-baracan-teno-alto-risco-steig-buenas-vistas\/#article","isPartOf":{"@id":"https:\/\/www.mundi-roth.de\/teneriffa-blog\/wanderungen\/tabaiba-pass-cumbre-de-baracan-teno-alto-risco-steig-buenas-vistas\/"},"author":{"name":"mundi","@id":"https:\/\/www.mundi-roth.de\/teneriffa-blog\/#\/schema\/person\/971c66b55f3ae5e8741553688c413cac"},"headline":"Tabaiba-Pass \u2013 Cumbre de Barac\u00e1n \u2013 Teno Alto \u2013 Risco Steig \u2013 Buenavista","datePublished":"2014-10-30T21:00:49+00:00","dateModified":"2015-07-13T11:54:13+00:00","mainEntityOfPage":{"@id":"https:\/\/www.mundi-roth.de\/teneriffa-blog\/wanderungen\/tabaiba-pass-cumbre-de-baracan-teno-alto-risco-steig-buenas-vistas\/"},"wordCount":746,"commentCount":0,"image":{"@id":"https:\/\/www.mundi-roth.de\/teneriffa-blog\/wanderungen\/tabaiba-pass-cumbre-de-baracan-teno-alto-risco-steig-buenas-vistas\/#primaryimage"},"thumbnailUrl":"https:\/\/www.mundi-roth.de\/teneriffa-blog\/wp-content\/uploads\/2014\/10\/P11602371.jpg","keywords":["Buena Vista","Cumbre de Barac\u00e1n","Risco Steig","Tabaiba Pass","Teneriffa Wandern","Teno Alto","Wandern Teneriffa"],"articleSection":["Teno-Gebirge","Wanderungen"],"inLanguage":"de","potentialAction":[{"@type":"CommentAction","name":"Comment","target":["https:\/\/www.mundi-roth.de\/teneriffa-blog\/wanderungen\/tabaiba-pass-cumbre-de-baracan-teno-alto-risco-steig-buenas-vistas\/#respond"]}]},{"@type":"WebPage","@id":"https:\/\/www.mundi-roth.de\/teneriffa-blog\/wanderungen\/tabaiba-pass-cumbre-de-baracan-teno-alto-risco-steig-buenas-vistas\/","url":"https:\/\/www.mundi-roth.de\/teneriffa-blog\/wanderungen\/tabaiba-pass-cumbre-de-baracan-teno-alto-risco-steig-buenas-vistas\/","name":"Tabaiba-Pass \u2013 Cumbre de Barac\u00e1n \u2013 Teno Alto \u2013 Risco Steig \u2013 Buenavista - Teneriffa Wandern","isPartOf":{"@id":"https:\/\/www.mundi-roth.de\/teneriffa-blog\/#website"},"primaryImageOfPage":{"@id":"https:\/\/www.mundi-roth.de\/teneriffa-blog\/wanderungen\/tabaiba-pass-cumbre-de-baracan-teno-alto-risco-steig-buenas-vistas\/#primaryimage"},"image":{"@id":"https:\/\/www.mundi-roth.de\/teneriffa-blog\/wanderungen\/tabaiba-pass-cumbre-de-baracan-teno-alto-risco-steig-buenas-vistas\/#primaryimage"},"thumbnailUrl":"https:\/\/www.mundi-roth.de\/teneriffa-blog\/wp-content\/uploads\/2014\/10\/P11602371.jpg","datePublished":"2014-10-30T21:00:49+00:00","dateModified":"2015-07-13T11:54:13+00:00","author":{"@id":"https:\/\/www.mundi-roth.de\/teneriffa-blog\/#\/schema\/person\/971c66b55f3ae5e8741553688c413cac"},"breadcrumb":{"@id":"https:\/\/www.mundi-roth.de\/teneriffa-blog\/wanderungen\/tabaiba-pass-cumbre-de-baracan-teno-alto-risco-steig-buenas-vistas\/#breadcrumb"},"inLanguage":"de","potentialAction":[{"@type":"ReadAction","target":["https:\/\/www.mundi-roth.de\/teneriffa-blog\/wanderungen\/tabaiba-pass-cumbre-de-baracan-teno-alto-risco-steig-buenas-vistas\/"]}]},{"@type":"ImageObject","inLanguage":"de","@id":"https:\/\/www.mundi-roth.de\/teneriffa-blog\/wanderungen\/tabaiba-pass-cumbre-de-baracan-teno-alto-risco-steig-buenas-vistas\/#primaryimage","url":"https:\/\/www.mundi-roth.de\/teneriffa-blog\/wp-content\/uploads\/2014\/10\/P11602371.jpg","contentUrl":"https:\/\/www.mundi-roth.de\/teneriffa-blog\/wp-content\/uploads\/2014\/10\/P11602371.jpg","width":800,"height":600},{"@type":"BreadcrumbList","@id":"https:\/\/www.mundi-roth.de\/teneriffa-blog\/wanderungen\/tabaiba-pass-cumbre-de-baracan-teno-alto-risco-steig-buenas-vistas\/#breadcrumb","itemListElement":[{"@type":"ListItem","position":1,"name":"Startseite","item":"https:\/\/www.mundi-roth.de\/teneriffa-blog\/"},{"@type":"ListItem","position":2,"name":"Tabaiba-Pass \u2013 Cumbre de Barac\u00e1n \u2013 Teno Alto \u2013 Risco Steig \u2013 Buenavista"}]},{"@type":"WebSite","@id":"https:\/\/www.mundi-roth.de\/teneriffa-blog\/#website","url":"https:\/\/www.mundi-roth.de\/teneriffa-blog\/","name":"Teneriffa Wandern","description":"Nicht nur Wanderungen auf Teneriffa...","potentialAction":[{"@type":"SearchAction","target":{"@type":"EntryPoint","urlTemplate":"https:\/\/www.mundi-roth.de\/teneriffa-blog\/?s={search_term_string}"},"query-input":{"@type":"PropertyValueSpecification","valueRequired":true,"valueName":"search_term_string"}}],"inLanguage":"de"},{"@type":"Person","@id":"https:\/\/www.mundi-roth.de\/teneriffa-blog\/#\/schema\/person\/971c66b55f3ae5e8741553688c413cac","name":"mundi","image":{"@type":"ImageObject","inLanguage":"de","@id":"https:\/\/secure.gravatar.com\/avatar\/555f0dd85428f1a9330f8e5dbe9e40ff9ca912bb81e5a89747ebf3ca9c20dc0f?s=96&d=mm&r=g","url":"https:\/\/secure.gravatar.com\/avatar\/555f0dd85428f1a9330f8e5dbe9e40ff9ca912bb81e5a89747ebf3ca9c20dc0f?s=96&d=mm&r=g","contentUrl":"https:\/\/secure.gravatar.com\/avatar\/555f0dd85428f1a9330f8e5dbe9e40ff9ca912bb81e5a89747ebf3ca9c20dc0f?s=96&d=mm&r=g","caption":"mundi"},"sameAs":["http:\/\/mundi-roth.de"],"url":"https:\/\/www.mundi-roth.de\/teneriffa-blog\/author\/mundi\/"}]}},"_links":{"self":[{"href":"https:\/\/www.mundi-roth.de\/teneriffa-blog\/wp-json\/wp\/v2\/posts\/3287","targetHints":{"allow":["GET"]}}],"collection":[{"href":"https:\/\/www.mundi-roth.de\/teneriffa-blog\/wp-json\/wp\/v2\/posts"}],"about":[{"href":"https:\/\/www.mundi-roth.de\/teneriffa-blog\/wp-json\/wp\/v2\/types\/post"}],"author":[{"embeddable":true,"href":"https:\/\/www.mundi-roth.de\/teneriffa-blog\/wp-json\/wp\/v2\/users\/4"}],"replies":[{"embeddable":true,"href":"https:\/\/www.mundi-roth.de\/teneriffa-blog\/wp-json\/wp\/v2\/comments?post=3287"}],"version-history":[{"count":0,"href":"https:\/\/www.mundi-roth.de\/teneriffa-blog\/wp-json\/wp\/v2\/posts\/3287\/revisions"}],"wp:featuredmedia":[{"embeddable":true,"href":"https:\/\/www.mundi-roth.de\/teneriffa-blog\/wp-json\/wp\/v2\/media\/4221"}],"wp:attachment":[{"href":"https:\/\/www.mundi-roth.de\/teneriffa-blog\/wp-json\/wp\/v2\/media?parent=3287"}],"wp:term":[{"taxonomy":"category","embeddable":true,"href":"https:\/\/www.mundi-roth.de\/teneriffa-blog\/wp-json\/wp\/v2\/categories?post=3287"},{"taxonomy":"post_tag","embeddable":true,"href":"https:\/\/www.mundi-roth.de\/teneriffa-blog\/wp-json\/wp\/v2\/tags?post=3287"}],"curies":[{"name":"wp","href":"https:\/\/api.w.org\/{rel}","templated":true}]}}