{"id":331,"date":"2008-04-15T18:17:49","date_gmt":"2008-04-15T17:17:49","guid":{"rendered":"http:\/\/www.mundi-roth.de\/teneriffa-blog\/?p=331"},"modified":"2015-04-12T11:45:29","modified_gmt":"2015-04-12T10:45:29","slug":"vilaflor-rundweg-richtung-paisaje-lunar","status":"publish","type":"post","link":"https:\/\/www.mundi-roth.de\/teneriffa-blog\/wanderungen\/vilaflor-rundweg-richtung-paisaje-lunar\/","title":{"rendered":"Vilaflor &#8211; Rundweg Richtung Paisaje Lunar"},"content":{"rendered":"<p><strong>Vorweg: Unsere Wanderungen sind alles keine Gewaltm\u00e4rsche, vielleicht die eine oder andere Ausnahme.<br \/>\nJedoch: Wir wollen uns bewegen und dabei die Natur bestaunen.<br \/>\nDarum: Die heutige Wanderung f\u00fchrt uns das malerische, h\u00f6chstlegene Dorf Spaniens vor Augen und wir bekommen einen Eindruck von der intensiv betriebenen Landwirtschaft und eines zur Zeit unvergleichlichen Bl\u00fctenreichtums des kr\u00e4ftig organge-bl\u00fchenden kalifornischen Schlafmohns, der wei\u00df-bl\u00fchenden Margeriten, des violett-bl\u00fchenden Harzklees und der blassblauen Krone des Natternkopfes.<\/strong><!--more--><\/p>\n<p><strong>Wander-Wegstrecke:<\/strong> Rundweg, ca. 2 Stunden<br \/>\n<a href=\"http:\/\/www.mundi-roth.de\/teneriffa-blog\/wp-content\/uploads\/2008\/04\/sany03335.jpg\" rel=\"lightbox[331]\"><img loading=\"lazy\" decoding=\"async\" class=\"alignleft alignnone size-thumbnail wp-image-345\" style=\"float: left; border: 0; margin: 3px;\" title=\"sany03335\" src=\"http:\/\/www.mundi-roth.de\/teneriffa-blog\/wp-content\/uploads\/2008\/04\/sany03335-112x150.jpg\" alt=\"\" width=\"88\" height=\"120\" \/><\/a> Wir beginnen die Wanderung am Platz vor dem Rathaus, am Brunnen des Hermano Pedro. Wir gehen die Calle de los Casta\u00f1os abw\u00e4rts bis wir unterhalb des Ortes auf das Holzschild \u201cLas Paredes \u2013 El Cercadito\u201c sto\u00dfen. Hier biegen wir links ab und <a href=\"http:\/\/www.mundi-roth.de\/teneriffa-blog\/wp-content\/uploads\/2008\/04\/sany0476.jpg\" rel=\"lightbox[331]\"><img loading=\"lazy\" decoding=\"async\" class=\"alignright alignnone size-thumbnail wp-image-335\" style=\"float: right; border: 0; margin: 3px;\" title=\"sany0476\" src=\"http:\/\/www.mundi-roth.de\/teneriffa-blog\/wp-content\/uploads\/2008\/04\/sany0476-150x150.jpg\" alt=\"\" width=\"128\" height=\"96\" srcset=\"https:\/\/www.mundi-roth.de\/teneriffa-blog\/wp-content\/uploads\/2008\/04\/sany0476-300x225.jpg 300w, https:\/\/www.mundi-roth.de\/teneriffa-blog\/wp-content\/uploads\/2008\/04\/sany0476.jpg 600w\" sizes=\"auto, (max-width: 128px) 100vw, 128px\" \/><\/a>gehen zwischen den Terassen abw\u00e4rts, um gleich darauf auf einer Betonpiste aufzusteigen. Wir haben zur\u00fcck einen sch\u00f6nen Blick auf Vilaflor und links des Weges hat man fast den Eindruck, einen gro\u00dfartig angelegten Steingarten vor sich zu haben. Wir gehen den Weg weiter bis wir an zwei Wasserbecken gelangen. Den rechts abw\u00e4rts gehenden Weg lassen wir unber\u00fccksichtigt, steigen links auf, kommen an einem Gitter vorbei, das den Weg zu einer Galerie absperrt und weiter geht es hinauf. Wir folgen dem gut auszumachenden Weg bis wir bei einer Kieferngruppe auf den dort vor kurzem eingeweihten, wiederinstandgesetzten Weg, der zur Paisjae Lunar f\u00fchrt, sto\u00dfen.<br \/>\nDa uns dieser lange Weg \u2013 ca. 6 \u2013 8 Stunden hin und zur\u00fcck \u2013 zu weit ist, folgen wir den Markierungen bergab: Holzpf\u00e4hle sind wei\u00df-gelb gekennzeichnet.<a href=\"http:\/\/www.mundi-roth.de\/teneriffa-blog\/wp-content\/uploads\/2008\/04\/sany0484.jpg\" rel=\"lightbox[331]\"><img loading=\"lazy\" decoding=\"async\" class=\"alignright alignnone size-thumbnail wp-image-346\" style=\"float: right; border: 0; margin: 3px;\" title=\"sany0484\" src=\"http:\/\/www.mundi-roth.de\/teneriffa-blog\/wp-content\/uploads\/2008\/04\/sany0484-112x150.jpg\" alt=\"\" width=\"96\" height=\"128\" srcset=\"https:\/\/www.mundi-roth.de\/teneriffa-blog\/wp-content\/uploads\/2008\/04\/sany0484-112x150.jpg 112w, https:\/\/www.mundi-roth.de\/teneriffa-blog\/wp-content\/uploads\/2008\/04\/sany0484-225x300.jpg 225w, https:\/\/www.mundi-roth.de\/teneriffa-blog\/wp-content\/uploads\/2008\/04\/sany0484.jpg 450w\" sizes=\"auto, (max-width: 96px) 100vw, 96px\" \/><\/a><br \/>\nDer Weg ist beidseits von Mauern eingefasst und f\u00fchrt \u00fcber sehr uriges Gestein.<br \/>\nNach ca. einer halben Stunde Abstieg gelangen wir in das bewirtschaftete Gebiet und gehen unterhalb des gro\u00dfen Wasserbeckens im Bogen auf den Weg, der unser Hinweg war. Gleich an der Stra\u00dfe finden wir dick behangene Mandelb\u00e4ume.<br \/>\nEine sch\u00f6ne Wanderung, nicht zu anstrengend und eine echte Augenweide.<\/p>\n<p><strong>Botanik:<\/strong><br \/>\n<a href=\"http:\/\/www.mundi-roth.de\/teneriffa-blog\/wp-content\/uploads\/2008\/04\/sany0327.jpg\" rel=\"lightbox[331]\"><img loading=\"lazy\" decoding=\"async\" class=\"alignleft alignnone size-thumbnail wp-image-338\" style=\"border: 0; float: left; margin: 3px;\" title=\"sany0327\" src=\"http:\/\/www.mundi-roth.de\/teneriffa-blog\/wp-content\/uploads\/2008\/04\/sany0327-150x150.jpg\" alt=\"\" width=\"128\" height=\"96\" \/><\/a> Gr\u00fcnender Natternkopf (Echium virescens) \u201eTaginaste\u201c<br \/>\nDie strauchigen, verholzten Natternk\u00f6pfe der Kanaren, Madeiras und Kapverden haben ihre n\u00e4chsten Verwandten in S\u00fcdafrika. Manche sind sch\u00f6ne Zierpflanzen, die man heute in vielen L\u00e4ndern mit suptropischem Klima bewundern kann. Auf den Kanaren kommen 25 Arten vor, die ein gutes Beispiel von \u201eadaptative Radiation\u201c darstellen, einer der Artbildungs-Mechanismen der Evolution, bei der sich die neuen Arten durch Anpassung einer Ausgangs-Art an verschiedene Lebensr\u00e4ume bilden.<br \/>\nDer gr\u00fcnende Natternkopf stammt von der Insel Teneriffa, wo er an lichtoffenen, felsigen Orten in den Lorbeeer- und Kiefernw\u00e4ldern sowie in h\u00f6heren feuchteren Zonen des Sukkulentenbuschs w\u00e4chst. Im S\u00fcden der Insel erreicht eine sehr schmalbl\u00e4ttrige Variet\u00e4t mit 2000 m H\u00f6he die Waldgenze. Die Art wird nicht selten als Zierpflanze gezogen und ist in Kalifornien und auf Neuseeland eingeb\u00fcrgert. Die Bl\u00fcten produzieren, wie die der verwandten Arten, eine Menge Nektar und werden gerne von Bienen besucht.<\/p>\n<p><strong>Restaurant:<\/strong><br \/>\nRestaurante Casa Pana, Stra\u00dfe: Los Casta\u00f1os Nr. 7 \u2013 neben der Dulcer\u00eda Vilaflor (hier soll es das beste Mandelgeb\u00e4ck auf der Insel geben) \u2013<br \/>\nTelefon: 922 70 50 70, Montag ist Ruhetag<br \/>\nEin Restaurant das die traditionelle kanarische K\u00fcche pflegt. Sch\u00f6nes Ambiente, sch\u00f6ne Terrasse, freundliche Bedienung, normale Preise.<\/p>\n<p><strong>Anfahrt:<\/strong><br \/>\n<a href=\"http:\/\/www.mundi-roth.de\/teneriffa-blog\/wp-content\/uploads\/2008\/04\/anfahrt3.jpg\" rel=\"lightbox[331]\"><img loading=\"lazy\" decoding=\"async\" class=\"alignright alignnone size-thumbnail wp-image-340\" style=\"float: right; border: 0; margin: 3px;\" title=\"anfahrt3\" src=\"http:\/\/www.mundi-roth.de\/teneriffa-blog\/wp-content\/uploads\/2008\/04\/anfahrt3-150x150.jpg\" alt=\"\" width=\"100\" height=\"100\" srcset=\"https:\/\/www.mundi-roth.de\/teneriffa-blog\/wp-content\/uploads\/2008\/04\/anfahrt3-150x150.jpg 150w, https:\/\/www.mundi-roth.de\/teneriffa-blog\/wp-content\/uploads\/2008\/04\/anfahrt3-298x300.jpg 298w, https:\/\/www.mundi-roth.de\/teneriffa-blog\/wp-content\/uploads\/2008\/04\/anfahrt3.jpg 415w\" sizes=\"auto, (max-width: 100px) 100vw, 100px\" \/><\/a>Von Los Cristianos kommend auf der TF 51 \u00fcber Arona hoch bis Vilaflor. Gegen\u00fcber der Tankstelle biegen wir rechts ab in den Ort Vilaflor und fahren bis zur Iglesia de San Pedro Ap\u00f3stol, an dem sich darunter erstreckenden Platz liegt auch das Rathaus und es d\u00fcrfte im Normalfall keine Schwierigkeiten bereiten, einen Parkplatz zu finden.<\/p>\n","protected":false},"excerpt":{"rendered":"<p>Vorweg: Unsere Wanderungen sind alles keine Gewaltm\u00e4rsche, vielleicht die eine oder andere Ausnahme. Jedoch: Wir wollen uns bewegen und dabei die Natur bestaunen. Darum: Die heutige Wanderung f\u00fchrt uns das malerische, h\u00f6chstlegene Dorf Spaniens vor Augen und wir bekommen einen Eindruck von der intensiv betriebenen Landwirtschaft und eines zur Zeit unvergleichlichen Bl\u00fctenreichtums des kr\u00e4ftig organge-bl\u00fchenden [&hellip;]<\/p>\n","protected":false},"author":3,"featured_media":0,"comment_status":"open","ping_status":"open","sticky":false,"template":"","format":"standard","meta":{"footnotes":""},"categories":[774,6],"tags":[144,143,3,17,4],"class_list":["post-331","post","type-post","status-publish","format-standard","hentry","category-vilaflor","category-wanderungen","tag-hermano-pedro","tag-taginasten","tag-teneriffa","tag-vilaflor","tag-wandern"],"yoast_head":"<!-- This site is optimized with the Yoast SEO plugin v27.5 - https:\/\/yoast.com\/product\/yoast-seo-wordpress\/ -->\n<title>Vilaflor - Rundweg Richtung Paisaje Lunar - Teneriffa Wandern<\/title>\n<meta name=\"robots\" content=\"index, follow, max-snippet:-1, max-image-preview:large, max-video-preview:-1\" \/>\n<link rel=\"canonical\" href=\"https:\/\/www.mundi-roth.de\/teneriffa-blog\/wanderungen\/vilaflor-rundweg-richtung-paisaje-lunar\/\" \/>\n<meta name=\"twitter:label1\" content=\"Verfasst von\" \/>\n\t<meta name=\"twitter:data1\" content=\"ir\" \/>\n\t<meta name=\"twitter:label2\" content=\"Gesch\u00e4tzte Lesezeit\" \/>\n\t<meta name=\"twitter:data2\" content=\"3\u00a0Minuten\" \/>\n<script type=\"application\/ld+json\" class=\"yoast-schema-graph\">{\"@context\":\"https:\\\/\\\/schema.org\",\"@graph\":[{\"@type\":\"Article\",\"@id\":\"https:\\\/\\\/www.mundi-roth.de\\\/teneriffa-blog\\\/wanderungen\\\/vilaflor-rundweg-richtung-paisaje-lunar\\\/#article\",\"isPartOf\":{\"@id\":\"https:\\\/\\\/www.mundi-roth.de\\\/teneriffa-blog\\\/wanderungen\\\/vilaflor-rundweg-richtung-paisaje-lunar\\\/\"},\"author\":{\"name\":\"ir\",\"@id\":\"https:\\\/\\\/www.mundi-roth.de\\\/teneriffa-blog\\\/#\\\/schema\\\/person\\\/3afd0d251449790d15367c9aa52d203d\"},\"headline\":\"Vilaflor &#8211; Rundweg Richtung Paisaje Lunar\",\"datePublished\":\"2008-04-15T17:17:49+00:00\",\"dateModified\":\"2015-04-12T10:45:29+00:00\",\"mainEntityOfPage\":{\"@id\":\"https:\\\/\\\/www.mundi-roth.de\\\/teneriffa-blog\\\/wanderungen\\\/vilaflor-rundweg-richtung-paisaje-lunar\\\/\"},\"wordCount\":597,\"commentCount\":0,\"image\":{\"@id\":\"https:\\\/\\\/www.mundi-roth.de\\\/teneriffa-blog\\\/wanderungen\\\/vilaflor-rundweg-richtung-paisaje-lunar\\\/#primaryimage\"},\"thumbnailUrl\":\"http:\\\/\\\/www.mundi-roth.de\\\/teneriffa-blog\\\/wp-content\\\/uploads\\\/2008\\\/04\\\/sany03335-112x150.jpg\",\"keywords\":[\"Hermano Pedro\",\"Taginasten\",\"Teneriffa\",\"Vilaflor\",\"Wandern\"],\"articleSection\":[\"Vilaflor\",\"Wanderungen\"],\"inLanguage\":\"de\",\"potentialAction\":[{\"@type\":\"CommentAction\",\"name\":\"Comment\",\"target\":[\"https:\\\/\\\/www.mundi-roth.de\\\/teneriffa-blog\\\/wanderungen\\\/vilaflor-rundweg-richtung-paisaje-lunar\\\/#respond\"]}]},{\"@type\":\"WebPage\",\"@id\":\"https:\\\/\\\/www.mundi-roth.de\\\/teneriffa-blog\\\/wanderungen\\\/vilaflor-rundweg-richtung-paisaje-lunar\\\/\",\"url\":\"https:\\\/\\\/www.mundi-roth.de\\\/teneriffa-blog\\\/wanderungen\\\/vilaflor-rundweg-richtung-paisaje-lunar\\\/\",\"name\":\"Vilaflor - Rundweg Richtung Paisaje Lunar - Teneriffa Wandern\",\"isPartOf\":{\"@id\":\"https:\\\/\\\/www.mundi-roth.de\\\/teneriffa-blog\\\/#website\"},\"primaryImageOfPage\":{\"@id\":\"https:\\\/\\\/www.mundi-roth.de\\\/teneriffa-blog\\\/wanderungen\\\/vilaflor-rundweg-richtung-paisaje-lunar\\\/#primaryimage\"},\"image\":{\"@id\":\"https:\\\/\\\/www.mundi-roth.de\\\/teneriffa-blog\\\/wanderungen\\\/vilaflor-rundweg-richtung-paisaje-lunar\\\/#primaryimage\"},\"thumbnailUrl\":\"http:\\\/\\\/www.mundi-roth.de\\\/teneriffa-blog\\\/wp-content\\\/uploads\\\/2008\\\/04\\\/sany03335-112x150.jpg\",\"datePublished\":\"2008-04-15T17:17:49+00:00\",\"dateModified\":\"2015-04-12T10:45:29+00:00\",\"author\":{\"@id\":\"https:\\\/\\\/www.mundi-roth.de\\\/teneriffa-blog\\\/#\\\/schema\\\/person\\\/3afd0d251449790d15367c9aa52d203d\"},\"breadcrumb\":{\"@id\":\"https:\\\/\\\/www.mundi-roth.de\\\/teneriffa-blog\\\/wanderungen\\\/vilaflor-rundweg-richtung-paisaje-lunar\\\/#breadcrumb\"},\"inLanguage\":\"de\",\"potentialAction\":[{\"@type\":\"ReadAction\",\"target\":[\"https:\\\/\\\/www.mundi-roth.de\\\/teneriffa-blog\\\/wanderungen\\\/vilaflor-rundweg-richtung-paisaje-lunar\\\/\"]}]},{\"@type\":\"ImageObject\",\"inLanguage\":\"de\",\"@id\":\"https:\\\/\\\/www.mundi-roth.de\\\/teneriffa-blog\\\/wanderungen\\\/vilaflor-rundweg-richtung-paisaje-lunar\\\/#primaryimage\",\"url\":\"https:\\\/\\\/www.mundi-roth.de\\\/teneriffa-blog\\\/wp-content\\\/uploads\\\/2008\\\/04\\\/sany03335.jpg\",\"contentUrl\":\"https:\\\/\\\/www.mundi-roth.de\\\/teneriffa-blog\\\/wp-content\\\/uploads\\\/2008\\\/04\\\/sany03335.jpg\",\"width\":450,\"height\":600},{\"@type\":\"BreadcrumbList\",\"@id\":\"https:\\\/\\\/www.mundi-roth.de\\\/teneriffa-blog\\\/wanderungen\\\/vilaflor-rundweg-richtung-paisaje-lunar\\\/#breadcrumb\",\"itemListElement\":[{\"@type\":\"ListItem\",\"position\":1,\"name\":\"Startseite\",\"item\":\"https:\\\/\\\/www.mundi-roth.de\\\/teneriffa-blog\\\/\"},{\"@type\":\"ListItem\",\"position\":2,\"name\":\"Vilaflor &#8211; Rundweg Richtung Paisaje Lunar\"}]},{\"@type\":\"WebSite\",\"@id\":\"https:\\\/\\\/www.mundi-roth.de\\\/teneriffa-blog\\\/#website\",\"url\":\"https:\\\/\\\/www.mundi-roth.de\\\/teneriffa-blog\\\/\",\"name\":\"Teneriffa Wandern\",\"description\":\"Nicht nur Wanderungen auf Teneriffa...\",\"potentialAction\":[{\"@type\":\"SearchAction\",\"target\":{\"@type\":\"EntryPoint\",\"urlTemplate\":\"https:\\\/\\\/www.mundi-roth.de\\\/teneriffa-blog\\\/?s={search_term_string}\"},\"query-input\":{\"@type\":\"PropertyValueSpecification\",\"valueRequired\":true,\"valueName\":\"search_term_string\"}}],\"inLanguage\":\"de\"},{\"@type\":\"Person\",\"@id\":\"https:\\\/\\\/www.mundi-roth.de\\\/teneriffa-blog\\\/#\\\/schema\\\/person\\\/3afd0d251449790d15367c9aa52d203d\",\"name\":\"ir\",\"image\":{\"@type\":\"ImageObject\",\"inLanguage\":\"de\",\"@id\":\"https:\\\/\\\/secure.gravatar.com\\\/avatar\\\/e67b41513c921c2bb58363f44c8a00a447c9a2526ad8ff71b5b6257e5f7f5c66?s=96&d=mm&r=g\",\"url\":\"https:\\\/\\\/secure.gravatar.com\\\/avatar\\\/e67b41513c921c2bb58363f44c8a00a447c9a2526ad8ff71b5b6257e5f7f5c66?s=96&d=mm&r=g\",\"contentUrl\":\"https:\\\/\\\/secure.gravatar.com\\\/avatar\\\/e67b41513c921c2bb58363f44c8a00a447c9a2526ad8ff71b5b6257e5f7f5c66?s=96&d=mm&r=g\",\"caption\":\"ir\"},\"sameAs\":[\"http:\\\/\\\/www.mundi-roth.de\"],\"url\":\"https:\\\/\\\/www.mundi-roth.de\\\/teneriffa-blog\\\/author\\\/ir\\\/\"}]}<\/script>\n<!-- \/ Yoast SEO plugin. -->","yoast_head_json":{"title":"Vilaflor - Rundweg Richtung Paisaje Lunar - Teneriffa Wandern","robots":{"index":"index","follow":"follow","max-snippet":"max-snippet:-1","max-image-preview":"max-image-preview:large","max-video-preview":"max-video-preview:-1"},"canonical":"https:\/\/www.mundi-roth.de\/teneriffa-blog\/wanderungen\/vilaflor-rundweg-richtung-paisaje-lunar\/","twitter_misc":{"Verfasst von":"ir","Gesch\u00e4tzte Lesezeit":"3\u00a0Minuten"},"schema":{"@context":"https:\/\/schema.org","@graph":[{"@type":"Article","@id":"https:\/\/www.mundi-roth.de\/teneriffa-blog\/wanderungen\/vilaflor-rundweg-richtung-paisaje-lunar\/#article","isPartOf":{"@id":"https:\/\/www.mundi-roth.de\/teneriffa-blog\/wanderungen\/vilaflor-rundweg-richtung-paisaje-lunar\/"},"author":{"name":"ir","@id":"https:\/\/www.mundi-roth.de\/teneriffa-blog\/#\/schema\/person\/3afd0d251449790d15367c9aa52d203d"},"headline":"Vilaflor &#8211; Rundweg Richtung Paisaje Lunar","datePublished":"2008-04-15T17:17:49+00:00","dateModified":"2015-04-12T10:45:29+00:00","mainEntityOfPage":{"@id":"https:\/\/www.mundi-roth.de\/teneriffa-blog\/wanderungen\/vilaflor-rundweg-richtung-paisaje-lunar\/"},"wordCount":597,"commentCount":0,"image":{"@id":"https:\/\/www.mundi-roth.de\/teneriffa-blog\/wanderungen\/vilaflor-rundweg-richtung-paisaje-lunar\/#primaryimage"},"thumbnailUrl":"http:\/\/www.mundi-roth.de\/teneriffa-blog\/wp-content\/uploads\/2008\/04\/sany03335-112x150.jpg","keywords":["Hermano Pedro","Taginasten","Teneriffa","Vilaflor","Wandern"],"articleSection":["Vilaflor","Wanderungen"],"inLanguage":"de","potentialAction":[{"@type":"CommentAction","name":"Comment","target":["https:\/\/www.mundi-roth.de\/teneriffa-blog\/wanderungen\/vilaflor-rundweg-richtung-paisaje-lunar\/#respond"]}]},{"@type":"WebPage","@id":"https:\/\/www.mundi-roth.de\/teneriffa-blog\/wanderungen\/vilaflor-rundweg-richtung-paisaje-lunar\/","url":"https:\/\/www.mundi-roth.de\/teneriffa-blog\/wanderungen\/vilaflor-rundweg-richtung-paisaje-lunar\/","name":"Vilaflor - Rundweg Richtung Paisaje Lunar - Teneriffa Wandern","isPartOf":{"@id":"https:\/\/www.mundi-roth.de\/teneriffa-blog\/#website"},"primaryImageOfPage":{"@id":"https:\/\/www.mundi-roth.de\/teneriffa-blog\/wanderungen\/vilaflor-rundweg-richtung-paisaje-lunar\/#primaryimage"},"image":{"@id":"https:\/\/www.mundi-roth.de\/teneriffa-blog\/wanderungen\/vilaflor-rundweg-richtung-paisaje-lunar\/#primaryimage"},"thumbnailUrl":"http:\/\/www.mundi-roth.de\/teneriffa-blog\/wp-content\/uploads\/2008\/04\/sany03335-112x150.jpg","datePublished":"2008-04-15T17:17:49+00:00","dateModified":"2015-04-12T10:45:29+00:00","author":{"@id":"https:\/\/www.mundi-roth.de\/teneriffa-blog\/#\/schema\/person\/3afd0d251449790d15367c9aa52d203d"},"breadcrumb":{"@id":"https:\/\/www.mundi-roth.de\/teneriffa-blog\/wanderungen\/vilaflor-rundweg-richtung-paisaje-lunar\/#breadcrumb"},"inLanguage":"de","potentialAction":[{"@type":"ReadAction","target":["https:\/\/www.mundi-roth.de\/teneriffa-blog\/wanderungen\/vilaflor-rundweg-richtung-paisaje-lunar\/"]}]},{"@type":"ImageObject","inLanguage":"de","@id":"https:\/\/www.mundi-roth.de\/teneriffa-blog\/wanderungen\/vilaflor-rundweg-richtung-paisaje-lunar\/#primaryimage","url":"https:\/\/www.mundi-roth.de\/teneriffa-blog\/wp-content\/uploads\/2008\/04\/sany03335.jpg","contentUrl":"https:\/\/www.mundi-roth.de\/teneriffa-blog\/wp-content\/uploads\/2008\/04\/sany03335.jpg","width":450,"height":600},{"@type":"BreadcrumbList","@id":"https:\/\/www.mundi-roth.de\/teneriffa-blog\/wanderungen\/vilaflor-rundweg-richtung-paisaje-lunar\/#breadcrumb","itemListElement":[{"@type":"ListItem","position":1,"name":"Startseite","item":"https:\/\/www.mundi-roth.de\/teneriffa-blog\/"},{"@type":"ListItem","position":2,"name":"Vilaflor &#8211; Rundweg Richtung Paisaje Lunar"}]},{"@type":"WebSite","@id":"https:\/\/www.mundi-roth.de\/teneriffa-blog\/#website","url":"https:\/\/www.mundi-roth.de\/teneriffa-blog\/","name":"Teneriffa Wandern","description":"Nicht nur Wanderungen auf Teneriffa...","potentialAction":[{"@type":"SearchAction","target":{"@type":"EntryPoint","urlTemplate":"https:\/\/www.mundi-roth.de\/teneriffa-blog\/?s={search_term_string}"},"query-input":{"@type":"PropertyValueSpecification","valueRequired":true,"valueName":"search_term_string"}}],"inLanguage":"de"},{"@type":"Person","@id":"https:\/\/www.mundi-roth.de\/teneriffa-blog\/#\/schema\/person\/3afd0d251449790d15367c9aa52d203d","name":"ir","image":{"@type":"ImageObject","inLanguage":"de","@id":"https:\/\/secure.gravatar.com\/avatar\/e67b41513c921c2bb58363f44c8a00a447c9a2526ad8ff71b5b6257e5f7f5c66?s=96&d=mm&r=g","url":"https:\/\/secure.gravatar.com\/avatar\/e67b41513c921c2bb58363f44c8a00a447c9a2526ad8ff71b5b6257e5f7f5c66?s=96&d=mm&r=g","contentUrl":"https:\/\/secure.gravatar.com\/avatar\/e67b41513c921c2bb58363f44c8a00a447c9a2526ad8ff71b5b6257e5f7f5c66?s=96&d=mm&r=g","caption":"ir"},"sameAs":["http:\/\/www.mundi-roth.de"],"url":"https:\/\/www.mundi-roth.de\/teneriffa-blog\/author\/ir\/"}]}},"_links":{"self":[{"href":"https:\/\/www.mundi-roth.de\/teneriffa-blog\/wp-json\/wp\/v2\/posts\/331","targetHints":{"allow":["GET"]}}],"collection":[{"href":"https:\/\/www.mundi-roth.de\/teneriffa-blog\/wp-json\/wp\/v2\/posts"}],"about":[{"href":"https:\/\/www.mundi-roth.de\/teneriffa-blog\/wp-json\/wp\/v2\/types\/post"}],"author":[{"embeddable":true,"href":"https:\/\/www.mundi-roth.de\/teneriffa-blog\/wp-json\/wp\/v2\/users\/3"}],"replies":[{"embeddable":true,"href":"https:\/\/www.mundi-roth.de\/teneriffa-blog\/wp-json\/wp\/v2\/comments?post=331"}],"version-history":[{"count":0,"href":"https:\/\/www.mundi-roth.de\/teneriffa-blog\/wp-json\/wp\/v2\/posts\/331\/revisions"}],"wp:attachment":[{"href":"https:\/\/www.mundi-roth.de\/teneriffa-blog\/wp-json\/wp\/v2\/media?parent=331"}],"wp:term":[{"taxonomy":"category","embeddable":true,"href":"https:\/\/www.mundi-roth.de\/teneriffa-blog\/wp-json\/wp\/v2\/categories?post=331"},{"taxonomy":"post_tag","embeddable":true,"href":"https:\/\/www.mundi-roth.de\/teneriffa-blog\/wp-json\/wp\/v2\/tags?post=331"}],"curies":[{"name":"wp","href":"https:\/\/api.w.org\/{rel}","templated":true}]}}