{"id":3402,"date":"2014-11-27T22:00:59","date_gmt":"2014-11-27T21:00:59","guid":{"rendered":"http:\/\/www.mundi-roth.de\/teneriffa-blog\/?p=3402"},"modified":"2015-07-13T12:46:42","modified_gmt":"2015-07-13T11:46:42","slug":"kuestenwanderung-costa-de-silencio-los-abrigos-el-medano","status":"publish","type":"post","link":"https:\/\/www.mundi-roth.de\/teneriffa-blog\/wanderungen\/kuestenwanderung-costa-de-silencio-los-abrigos-el-medano\/","title":{"rendered":"K\u00fcstenwanderung Costa de Silencio &#8211;> Los Abrigos &#8211;> El M\u00e9dano"},"content":{"rendered":"<p>Zwar sind wir diese Tour von Costa de Silencio, Monta\u00f1a Amarilla nach Los Abrigos schon X-Male sowohl in die eine Richtung wie in die andere gegangen, aber heute wollten wir das noch fehlende St\u00fcck von Los Abrigos bis nach El M\u00e9dano dranh\u00e4ngen.<\/p>\n<p>Diese K\u00fcstenwanderung geh\u00f6rt, wie jeweils eine Wanderung im Anaga- und Teno-Gebirge sowie in den Ca\u00f1adas, zu den \u201eMuss\u201c, wenn es darum geht unseren Besuchern aus Deutschland die Vielfalt und Sch\u00f6nheit der unterschiedlichsten Regionen mit ihren unterschiedlichsten Gesichtern Teneriffas n\u00e4herzubringen.<\/p>\n<div id=\"attachment_3403\" style=\"width: 160px\" class=\"wp-caption alignright\"><a href=\"http:\/\/www.mundi-roth.de\/teneriffa-blog\/wp-content\/uploads\/2014\/11\/Track2.jpg\" rel=\"lightbox[3402]\"><img loading=\"lazy\" decoding=\"async\" aria-describedby=\"caption-attachment-3403\" class=\"size-thumbnail wp-image-3403\" src=\"http:\/\/www.mundi-roth.de\/teneriffa-blog\/wp-content\/uploads\/2014\/11\/Track2-150x99.jpg\" alt=\"Unsere Strecke\" width=\"150\" height=\"99\" srcset=\"https:\/\/www.mundi-roth.de\/teneriffa-blog\/wp-content\/uploads\/2014\/11\/Track2-150x99.jpg 150w, https:\/\/www.mundi-roth.de\/teneriffa-blog\/wp-content\/uploads\/2014\/11\/Track2-300x198.jpg 300w, https:\/\/www.mundi-roth.de\/teneriffa-blog\/wp-content\/uploads\/2014\/11\/Track2.jpg 800w\" sizes=\"auto, (max-width: 150px) 100vw, 150px\" \/><\/a><p id=\"caption-attachment-3403\" class=\"wp-caption-text\">Unsere Strecke<\/p><\/div>\n<p><strong>Wanderwegstrecke:<\/strong> 13 km 3 Stunden 15 Minuten Gehzeit<br \/>\nund 25 Minuten Trinkpause.<\/p>\n<p>Beschrieben habe ich die Wanderung am <a href=\"http:\/\/www.mundi-roth.de\/teneriffa-blog\/wanderungen\/rund-um-montana-amarilla\/\">18.4.2014<\/a> \u201erund um die Monta\u00f1a Amarilla\u201c und am <a href=\"http:\/\/www.mundi-roth.de\/teneriffa-blog\/wanderungen\/los-abrigos-%E2%80%93-montana-amarilla\/\">3.10.2007<\/a> \u201eLos Abrigos \u2013 Monta\u00f1a Amarilla\u201c.<\/p>\n<p>Wir parken direkt am Fu\u00dfe des Berges und w\u00e4hlen heute den Aufstieg auf den Vulkankegel.<br \/>\nMan hat hier wirklich die Qual der Wahl:<br \/>\nEs gibt drei M\u00f6glichkeiten:<br \/>\nIm Uhrzeigersinn links den \u201egelben Berg\u201c an dessen Fu\u00df eben umwandern,<br \/>\nbei Ebbe rechts unterhalb des Berges mit seinen phantastischen Felsformationen- teilweise etwas abenteuerlich-umrunden<br \/>\noder, wie wir heute, man steigt in ca. 10 Minuten steil aufw\u00e4rts und hat dann einmal den Blick in das weite Rund des Vulkans, auf den Conde, auf 13 Vulkankegel, die Monta\u00f1a Roja, das Meer\u00a0und insgesamt einen sch\u00f6nen Rundumblick.<\/p>\n<p>Verlaufen kann man sich dabei nicht.<br \/>\nMotto: nicht immer an der Wand lang sondern immer am Meer lang.<br \/>\nViele kleine Pfade zweigen ab, aber im Endeffekt kommt man immer wieder auf den \u201erichtigen\u201c Weg.<\/p>\n<p>Vorbei an einer Lagune, einer sch\u00f6nen <a href=\"http:\/\/de.wikipedia.org\/wiki\/Lavarosette\">Basaltrose<\/a>, am Hafen und dem Golf-Platz erreichen wir nach 1,5 Stunden Los Abrigos.<br \/>\nHier kehren wir erst mal im Restaurant \u201eEl Mirador\u201c zu einer Trinkpause ein und bestellen einen Tisch f\u00fcr das sp\u00e4tere Mittagessen.<\/p>\n<p>So, von nun an ist es auch f\u00fcr uns Neuland.<\/p>\n<p>Wir gehen an einer ausgefallenen Skulptur und den vielen Restaurants vorbei abw\u00e4rts Richtung Hafen, um dann nach dem letzten Restaurant \u201eLa Perla\u201c links hoch abzubiegen.<br \/>\nWir halten uns weiter aufw\u00e4rts, rechts das Meer und links die H\u00e4user, an denen der schmale Gehweg entlang f\u00fchrt, um dann &#8211; weniger sch\u00f6n &#8211;\u00a0 zwischen M\u00fcll auf die Fahrstra\u00dfe aufzusteigen.<br \/>\nWir passieren einen sch\u00f6n gestalteten Platz mit Skulpturen und Blick auf die\u00a0 Monta\u00f1a Roja (roter Berg) die heute, bei diesem strahlenden Sonnenschein ihrem Namen gerecht wird.<br \/>\nAuf einem kurzen, gepl\u00e4tteten St\u00fcck Promenade gehen wir dann weiter, um dann links hoch zur TF 643 bei Km 6 zu wandern, gehen innerhalb der Leitplanke \u2013 nichts f\u00fcr Schwindelanf\u00e4llige \u2013 auf einen schmalen Streifen \u00fcber einem Barranco-Abfluss, um dann rasch wieder auf einem breiteren Weg weitergehen zu k\u00f6nnen.<br \/>\nNach El M\u00e9dano sind es von hier aus \u2013 gem\u00e4\u00df Hinweistafel \u2013 noch 6 km und zum Tejita-Strand 3 km Fahrstra\u00dfe.<br \/>\nWir gelangen dicht am Meer an einen fr\u00fcheren wilden Zeltplatz und nun wird es abenteuerlich:<\/p>\n<div id=\"attachment_3405\" style=\"width: 160px\" class=\"wp-caption alignright\"><a href=\"http:\/\/www.mundi-roth.de\/teneriffa-blog\/wp-content\/uploads\/2014\/11\/P1160550.jpg\" rel=\"lightbox[3402]\"><img loading=\"lazy\" decoding=\"async\" aria-describedby=\"caption-attachment-3405\" class=\"size-thumbnail wp-image-3405\" src=\"http:\/\/www.mundi-roth.de\/teneriffa-blog\/wp-content\/uploads\/2014\/11\/P1160550-150x112.jpg\" alt=\"Rechts ein Elefant ?\" width=\"150\" height=\"112\" srcset=\"https:\/\/www.mundi-roth.de\/teneriffa-blog\/wp-content\/uploads\/2014\/11\/P1160550-150x112.jpg 150w, https:\/\/www.mundi-roth.de\/teneriffa-blog\/wp-content\/uploads\/2014\/11\/P1160550-300x225.jpg 300w, https:\/\/www.mundi-roth.de\/teneriffa-blog\/wp-content\/uploads\/2014\/11\/P1160550.jpg 800w\" sizes=\"auto, (max-width: 150px) 100vw, 150px\" \/><\/a><p id=\"caption-attachment-3405\" class=\"wp-caption-text\">Rechts ein Elefant ?<\/p><\/div>\n<p>\u00dcber Lavafelsen suchen wir uns ein Weiterkommen und sind begeistert von den Felsformationen. Ein zu Stein gewordener Elefant? Sch\u00f6\u00f6\u00f6\u00f6n!!!<br \/>\nGehen an einer bewohnten H\u00f6hle vorbei und an einer, die uns an eine Tropfsteinh\u00f6hle denken l\u00e4sst.<\/p>\n<p>Irgendwann zwingen die Felsen sich links hoch zu halten, denn rechts geht nichts mehr weiter. Wir gelangen auf einen breiten Sandweg, der uns direkt zum Meer, zu einer Playa f\u00fchrt,\u00a0 die zudem ein ausgewiesener Hundestrand ist. Laufen auf den fr\u00fcheren Campingplatz zu mit seinen nicht sehr einladenden H\u00e4uschen zu und gehen\u00a0 rechts bis zum Ende der riesigen Gew\u00e4chsh\u00e4user, hier\u00a0 dann links auf einem schmalen Pfad an diesen entlang.<br \/>\nStets haben wir die Monta\u00f1a Roja im Blick.<\/p>\n<p>Urpl\u00f6tzlich, am Ende der Gew\u00e4chsh\u00e4user: Wohnh\u00e4user und davor eine Promenade, die\u00a0 direkt \u2013 ein paar Stufen abw\u00e4rts \u2013 auf ein \u201eChiringuito\u201c, ein Strandcaf\u00e9\u00a0 zul\u00e4uft das sehr gut besucht ist und einen eigenem Badestrand hat.<\/p>\n<p>Kann man sich mal f\u00fcr eine Einkehr merken!<\/p>\n<p>Ja, nur einige Meter weiter haben wir den langen Sandstrand Tejita erreicht.<br \/>\nHier halten wir uns etwas oberhalb, queren den Parkplatz und auf einem gut pr\u00e4parierten Sandweg schreiten wir rasch aus. Ein Schild weist zur Playa Leocaido Machado (unser Ziel), zur Monta\u00f1a Roja und zur Monta\u00f1a Bocinegro. Links und rechts begleiten uns Kameldornb\u00fcsche, Tabaiba dulce und die Seidenhaarige Schizogyne.<br \/>\nEinige Infotafeln kl\u00e4ren \u00fcber die Bedeutung der blauen Flagge und \u00fcber die Vegetation in dieser Zone auf.<br \/>\nKurz vor 2 Uhr erreichen wir den n\u00e4chsten Wegweiser und nach ein paar Meter geht der Blick auf El M\u00e9dano.<br \/>\nEine Seltenheit: Da kein Wind geht, gibt es auch kein lebhaftes Bild mit Windsurfern und ihren bunten Segeln, denn normalerweise ist dies das Eldorado f\u00fcr diese Sportart.<\/p>\n<p>Nun wird es Zeit, dass wir meinen lieben Mann anrufen, damit er f\u00fcr uns wieder Taxi \u201eIrmEli\u201c spielt und uns an der Plaza in El M\u00e9dano einsammelt und wir zum Essen nach Los Abrigos fahren und anschlie\u00dfend nach Costa de Silencio, zu Elisabeths Wagen.<\/p>\n<p><strong>Fazit:<\/strong><br \/>\nDiese K\u00fcstenwanderung gef\u00e4llt uns immer wieder und die Verl\u00e4ngerung nach El M\u00e9dano mit dem f\u00fcr uns neuen Streckenabschnitt hat uns ausnehmend gut gefallen, ist eine Bereicherung und wir haben uns zu unserer Entscheidung gratuliert.<br \/>\nEs ist schon erstaunlich, wie oft sind wir die Strecke von Los Abrigos nach El M\u00e9dano mit dem Wagen gefahren. Nicht ahnend, welch beeindruckende Felsformationen sich an der K\u00fcste verstecken, gut getarnt durch Gew\u00e4chsh\u00e4user und Feriensiedlungen.<\/p>\n<p><strong>Besonderheit: Vegetation<br \/>\n<\/strong><\/p>\n<p><a href=\"http:\/\/www.mundi-roth.de\/teneriffa-blog\/wp-content\/uploads\/2014\/11\/P1160574.jpg\" rel=\"lightbox[3402]\"><img loading=\"lazy\" decoding=\"async\" class=\"aligncenter size-medium wp-image-3404\" src=\"http:\/\/www.mundi-roth.de\/teneriffa-blog\/wp-content\/uploads\/2014\/11\/P1160574-300x166.jpg\" alt=\"P1160574\" width=\"300\" height=\"166\" srcset=\"https:\/\/www.mundi-roth.de\/teneriffa-blog\/wp-content\/uploads\/2014\/11\/P1160574-300x166.jpg 300w, https:\/\/www.mundi-roth.de\/teneriffa-blog\/wp-content\/uploads\/2014\/11\/P1160574-150x83.jpg 150w, https:\/\/www.mundi-roth.de\/teneriffa-blog\/wp-content\/uploads\/2014\/11\/P1160574.jpg 655w\" sizes=\"auto, (max-width: 300px) 100vw, 300px\" \/><\/a><br \/>\n<a href=\"https:\/\/www.google.de\/search?q=restaurant+el+mirador+los+abrigos&amp;biw=1280&amp;bih=899&amp;tbm=isch&amp;tbo=u&amp;source=univ&amp;sa=X&amp;ei=wGJ4VMq4MMHxarPIgIgB&amp;ved=0CFUQsAQ\"><strong>Restaurant El Mirador<\/strong><\/a><br \/>\nImmer wieder gern: Filete de Cherne al ajillo<br \/>\nZudem sitzt man auf der schmalen Terrasse traumhaft sch\u00f6n, direkt \u00fcber dem Meer.<\/p>\n<p><strong>Foto-Impressionen<\/strong><\/p>\n<p>&nbsp;<\/p>\n\n\t\t<style type=\"text\/css\">\n\t\t\t#gallery-1 {\n\t\t\t\tmargin: auto;\n\t\t\t}\n\t\t\t#gallery-1 .gallery-item {\n\t\t\t\tfloat: left;\n\t\t\t\tmargin-top: 10px;\n\t\t\t\ttext-align: center;\n\t\t\t\twidth: 33%;\n\t\t\t}\n\t\t\t#gallery-1 img {\n\t\t\t\tborder: 2px solid #cfcfcf;\n\t\t\t}\n\t\t\t#gallery-1 .gallery-caption {\n\t\t\t\tmargin-left: 0;\n\t\t\t}\n\t\t\t\/* see gallery_shortcode() in wp-includes\/media.php *\/\n\t\t<\/style>\n\t\t<div id='gallery-1' class='gallery galleryid-3402 gallery-columns-3 gallery-size-thumbnail'><dl class='gallery-item'>\n\t\t\t<dt class='gallery-icon landscape'>\n\t\t\t\t<a href='https:\/\/www.mundi-roth.de\/teneriffa-blog\/wp-content\/uploads\/2014\/11\/P1160518.jpg' rel=\"lightbox[3402]\"><img loading=\"lazy\" decoding=\"async\" width=\"150\" height=\"112\" src=\"https:\/\/www.mundi-roth.de\/teneriffa-blog\/wp-content\/uploads\/2014\/11\/P1160518-150x112.jpg\" class=\"attachment-thumbnail size-thumbnail\" alt=\"\" aria-describedby=\"gallery-1-3406\" srcset=\"https:\/\/www.mundi-roth.de\/teneriffa-blog\/wp-content\/uploads\/2014\/11\/P1160518-150x112.jpg 150w, https:\/\/www.mundi-roth.de\/teneriffa-blog\/wp-content\/uploads\/2014\/11\/P1160518-300x225.jpg 300w, https:\/\/www.mundi-roth.de\/teneriffa-blog\/wp-content\/uploads\/2014\/11\/P1160518.jpg 800w\" sizes=\"auto, (max-width: 150px) 100vw, 150px\" \/><\/a>\n\t\t\t<\/dt>\n\t\t\t\t<dd class='wp-caption-text gallery-caption' id='gallery-1-3406'>\n\t\t\t\tMonta\u00f1a Amarilla\n\t\t\t\t<\/dd><\/dl><dl class='gallery-item'>\n\t\t\t<dt class='gallery-icon landscape'>\n\t\t\t\t<a href='https:\/\/www.mundi-roth.de\/teneriffa-blog\/wp-content\/uploads\/2014\/11\/P1160521.jpg' rel=\"lightbox[3402]\"><img loading=\"lazy\" decoding=\"async\" width=\"150\" height=\"112\" src=\"https:\/\/www.mundi-roth.de\/teneriffa-blog\/wp-content\/uploads\/2014\/11\/P1160521-150x112.jpg\" class=\"attachment-thumbnail size-thumbnail\" alt=\"\" aria-describedby=\"gallery-1-3407\" srcset=\"https:\/\/www.mundi-roth.de\/teneriffa-blog\/wp-content\/uploads\/2014\/11\/P1160521-150x112.jpg 150w, https:\/\/www.mundi-roth.de\/teneriffa-blog\/wp-content\/uploads\/2014\/11\/P1160521-300x225.jpg 300w, https:\/\/www.mundi-roth.de\/teneriffa-blog\/wp-content\/uploads\/2014\/11\/P1160521.jpg 800w\" sizes=\"auto, (max-width: 150px) 100vw, 150px\" \/><\/a>\n\t\t\t<\/dt>\n\t\t\t\t<dd class='wp-caption-text gallery-caption' id='gallery-1-3407'>\n\t\t\t\tKrater und Vulkankegel\n\t\t\t\t<\/dd><\/dl><dl class='gallery-item'>\n\t\t\t<dt class='gallery-icon landscape'>\n\t\t\t\t<a href='https:\/\/www.mundi-roth.de\/teneriffa-blog\/wp-content\/uploads\/2014\/11\/P1160522.jpg' rel=\"lightbox[3402]\"><img loading=\"lazy\" decoding=\"async\" width=\"150\" height=\"112\" src=\"https:\/\/www.mundi-roth.de\/teneriffa-blog\/wp-content\/uploads\/2014\/11\/P1160522-150x112.jpg\" class=\"attachment-thumbnail size-thumbnail\" alt=\"\" aria-describedby=\"gallery-1-3408\" srcset=\"https:\/\/www.mundi-roth.de\/teneriffa-blog\/wp-content\/uploads\/2014\/11\/P1160522-150x112.jpg 150w, https:\/\/www.mundi-roth.de\/teneriffa-blog\/wp-content\/uploads\/2014\/11\/P1160522-300x225.jpg 300w, https:\/\/www.mundi-roth.de\/teneriffa-blog\/wp-content\/uploads\/2014\/11\/P1160522.jpg 800w\" sizes=\"auto, (max-width: 150px) 100vw, 150px\" \/><\/a>\n\t\t\t<\/dt>\n\t\t\t\t<dd class='wp-caption-text gallery-caption' id='gallery-1-3408'>\n\t\t\t\tKrater und Conde\n\t\t\t\t<\/dd><\/dl><br style=\"clear: both\" \/><dl class='gallery-item'>\n\t\t\t<dt class='gallery-icon landscape'>\n\t\t\t\t<a href='https:\/\/www.mundi-roth.de\/teneriffa-blog\/wp-content\/uploads\/2014\/11\/P1160526.jpg' rel=\"lightbox[3402]\"><img loading=\"lazy\" decoding=\"async\" width=\"150\" height=\"112\" src=\"https:\/\/www.mundi-roth.de\/teneriffa-blog\/wp-content\/uploads\/2014\/11\/P1160526-150x112.jpg\" class=\"attachment-thumbnail size-thumbnail\" alt=\"\" aria-describedby=\"gallery-1-3409\" srcset=\"https:\/\/www.mundi-roth.de\/teneriffa-blog\/wp-content\/uploads\/2014\/11\/P1160526-150x112.jpg 150w, https:\/\/www.mundi-roth.de\/teneriffa-blog\/wp-content\/uploads\/2014\/11\/P1160526-300x225.jpg 300w, https:\/\/www.mundi-roth.de\/teneriffa-blog\/wp-content\/uploads\/2014\/11\/P1160526.jpg 800w\" sizes=\"auto, (max-width: 150px) 100vw, 150px\" \/><\/a>\n\t\t\t<\/dt>\n\t\t\t\t<dd class='wp-caption-text gallery-caption' id='gallery-1-3409'>\n\t\t\t\tLagune\n\t\t\t\t<\/dd><\/dl><dl class='gallery-item'>\n\t\t\t<dt class='gallery-icon landscape'>\n\t\t\t\t<a href='https:\/\/www.mundi-roth.de\/teneriffa-blog\/wp-content\/uploads\/2014\/11\/P1160528a.jpg' rel=\"lightbox[3402]\"><img loading=\"lazy\" decoding=\"async\" width=\"150\" height=\"106\" src=\"https:\/\/www.mundi-roth.de\/teneriffa-blog\/wp-content\/uploads\/2014\/11\/P1160528a-150x106.jpg\" class=\"attachment-thumbnail size-thumbnail\" alt=\"\" aria-describedby=\"gallery-1-3410\" srcset=\"https:\/\/www.mundi-roth.de\/teneriffa-blog\/wp-content\/uploads\/2014\/11\/P1160528a-150x106.jpg 150w, https:\/\/www.mundi-roth.de\/teneriffa-blog\/wp-content\/uploads\/2014\/11\/P1160528a-300x213.jpg 300w, https:\/\/www.mundi-roth.de\/teneriffa-blog\/wp-content\/uploads\/2014\/11\/P1160528a.jpg 800w\" sizes=\"auto, (max-width: 150px) 100vw, 150px\" \/><\/a>\n\t\t\t<\/dt>\n\t\t\t\t<dd class='wp-caption-text gallery-caption' id='gallery-1-3410'>\n\t\t\t\tBasaltrose\n\t\t\t\t<\/dd><\/dl><dl class='gallery-item'>\n\t\t\t<dt class='gallery-icon landscape'>\n\t\t\t\t<a href='https:\/\/www.mundi-roth.de\/teneriffa-blog\/wp-content\/uploads\/2014\/11\/P1160529.jpg' rel=\"lightbox[3402]\"><img loading=\"lazy\" decoding=\"async\" width=\"150\" height=\"112\" src=\"https:\/\/www.mundi-roth.de\/teneriffa-blog\/wp-content\/uploads\/2014\/11\/P1160529-150x112.jpg\" class=\"attachment-thumbnail size-thumbnail\" alt=\"\" aria-describedby=\"gallery-1-3411\" srcset=\"https:\/\/www.mundi-roth.de\/teneriffa-blog\/wp-content\/uploads\/2014\/11\/P1160529-150x112.jpg 150w, https:\/\/www.mundi-roth.de\/teneriffa-blog\/wp-content\/uploads\/2014\/11\/P1160529-300x225.jpg 300w, https:\/\/www.mundi-roth.de\/teneriffa-blog\/wp-content\/uploads\/2014\/11\/P1160529.jpg 800w\" sizes=\"auto, (max-width: 150px) 100vw, 150px\" \/><\/a>\n\t\t\t<\/dt>\n\t\t\t\t<dd class='wp-caption-text gallery-caption' id='gallery-1-3411'>\n\t\t\t\tHafen\n\t\t\t\t<\/dd><\/dl><br style=\"clear: both\" \/><dl class='gallery-item'>\n\t\t\t<dt class='gallery-icon landscape'>\n\t\t\t\t<a href='https:\/\/www.mundi-roth.de\/teneriffa-blog\/wp-content\/uploads\/2014\/11\/P1160533.jpg' rel=\"lightbox[3402]\"><img loading=\"lazy\" decoding=\"async\" width=\"150\" height=\"112\" src=\"https:\/\/www.mundi-roth.de\/teneriffa-blog\/wp-content\/uploads\/2014\/11\/P1160533-150x112.jpg\" class=\"attachment-thumbnail size-thumbnail\" alt=\"\" aria-describedby=\"gallery-1-3412\" srcset=\"https:\/\/www.mundi-roth.de\/teneriffa-blog\/wp-content\/uploads\/2014\/11\/P1160533-150x112.jpg 150w, https:\/\/www.mundi-roth.de\/teneriffa-blog\/wp-content\/uploads\/2014\/11\/P1160533-300x225.jpg 300w, https:\/\/www.mundi-roth.de\/teneriffa-blog\/wp-content\/uploads\/2014\/11\/P1160533.jpg 800w\" sizes=\"auto, (max-width: 150px) 100vw, 150px\" \/><\/a>\n\t\t\t<\/dt>\n\t\t\t\t<dd class='wp-caption-text gallery-caption' id='gallery-1-3412'>\n\t\t\t\tSkulptur in Los Abrigos\n\t\t\t\t<\/dd><\/dl><dl class='gallery-item'>\n\t\t\t<dt class='gallery-icon landscape'>\n\t\t\t\t<a href='https:\/\/www.mundi-roth.de\/teneriffa-blog\/wp-content\/uploads\/2014\/11\/P1160534.jpg' rel=\"lightbox[3402]\"><img loading=\"lazy\" decoding=\"async\" width=\"150\" height=\"112\" src=\"https:\/\/www.mundi-roth.de\/teneriffa-blog\/wp-content\/uploads\/2014\/11\/P1160534-150x112.jpg\" class=\"attachment-thumbnail size-thumbnail\" alt=\"\" aria-describedby=\"gallery-1-3413\" srcset=\"https:\/\/www.mundi-roth.de\/teneriffa-blog\/wp-content\/uploads\/2014\/11\/P1160534-150x112.jpg 150w, https:\/\/www.mundi-roth.de\/teneriffa-blog\/wp-content\/uploads\/2014\/11\/P1160534-300x225.jpg 300w, https:\/\/www.mundi-roth.de\/teneriffa-blog\/wp-content\/uploads\/2014\/11\/P1160534.jpg 800w\" sizes=\"auto, (max-width: 150px) 100vw, 150px\" \/><\/a>\n\t\t\t<\/dt>\n\t\t\t\t<dd class='wp-caption-text gallery-caption' id='gallery-1-3413'>\n\t\t\t\tDicht an den H\u00e4usen vorbei\n\t\t\t\t<\/dd><\/dl><dl class='gallery-item'>\n\t\t\t<dt class='gallery-icon landscape'>\n\t\t\t\t<a href='https:\/\/www.mundi-roth.de\/teneriffa-blog\/wp-content\/uploads\/2014\/11\/P1160538.jpg' rel=\"lightbox[3402]\"><img loading=\"lazy\" decoding=\"async\" width=\"150\" height=\"112\" src=\"https:\/\/www.mundi-roth.de\/teneriffa-blog\/wp-content\/uploads\/2014\/11\/P1160538-150x112.jpg\" class=\"attachment-thumbnail size-thumbnail\" alt=\"\" aria-describedby=\"gallery-1-3414\" srcset=\"https:\/\/www.mundi-roth.de\/teneriffa-blog\/wp-content\/uploads\/2014\/11\/P1160538-150x112.jpg 150w, https:\/\/www.mundi-roth.de\/teneriffa-blog\/wp-content\/uploads\/2014\/11\/P1160538-300x225.jpg 300w, https:\/\/www.mundi-roth.de\/teneriffa-blog\/wp-content\/uploads\/2014\/11\/P1160538.jpg 800w\" sizes=\"auto, (max-width: 150px) 100vw, 150px\" \/><\/a>\n\t\t\t<\/dt>\n\t\t\t\t<dd class='wp-caption-text gallery-caption' id='gallery-1-3414'>\n\t\t\t\tPlaza\n\t\t\t\t<\/dd><\/dl><br style=\"clear: both\" \/><dl class='gallery-item'>\n\t\t\t<dt class='gallery-icon landscape'>\n\t\t\t\t<a href='https:\/\/www.mundi-roth.de\/teneriffa-blog\/wp-content\/uploads\/2014\/11\/P1160546.jpg' rel=\"lightbox[3402]\"><img loading=\"lazy\" decoding=\"async\" width=\"150\" height=\"112\" src=\"https:\/\/www.mundi-roth.de\/teneriffa-blog\/wp-content\/uploads\/2014\/11\/P1160546-150x112.jpg\" class=\"attachment-thumbnail size-thumbnail\" alt=\"\" aria-describedby=\"gallery-1-3415\" srcset=\"https:\/\/www.mundi-roth.de\/teneriffa-blog\/wp-content\/uploads\/2014\/11\/P1160546-150x112.jpg 150w, https:\/\/www.mundi-roth.de\/teneriffa-blog\/wp-content\/uploads\/2014\/11\/P1160546-300x225.jpg 300w, https:\/\/www.mundi-roth.de\/teneriffa-blog\/wp-content\/uploads\/2014\/11\/P1160546.jpg 800w\" sizes=\"auto, (max-width: 150px) 100vw, 150px\" \/><\/a>\n\t\t\t<\/dt>\n\t\t\t\t<dd class='wp-caption-text gallery-caption' id='gallery-1-3415'>\n\t\t\t\tBegeisternde Lavaformationen\n\t\t\t\t<\/dd><\/dl><dl class='gallery-item'>\n\t\t\t<dt class='gallery-icon landscape'>\n\t\t\t\t<a href='https:\/\/www.mundi-roth.de\/teneriffa-blog\/wp-content\/uploads\/2014\/11\/P1160547.jpg' rel=\"lightbox[3402]\"><img loading=\"lazy\" decoding=\"async\" width=\"150\" height=\"112\" src=\"https:\/\/www.mundi-roth.de\/teneriffa-blog\/wp-content\/uploads\/2014\/11\/P1160547-150x112.jpg\" class=\"attachment-thumbnail size-thumbnail\" alt=\"\" aria-describedby=\"gallery-1-3416\" srcset=\"https:\/\/www.mundi-roth.de\/teneriffa-blog\/wp-content\/uploads\/2014\/11\/P1160547-150x112.jpg 150w, https:\/\/www.mundi-roth.de\/teneriffa-blog\/wp-content\/uploads\/2014\/11\/P1160547-300x225.jpg 300w, https:\/\/www.mundi-roth.de\/teneriffa-blog\/wp-content\/uploads\/2014\/11\/P1160547.jpg 800w\" sizes=\"auto, (max-width: 150px) 100vw, 150px\" \/><\/a>\n\t\t\t<\/dt>\n\t\t\t\t<dd class='wp-caption-text gallery-caption' id='gallery-1-3416'>\n\t\t\t\tImmer am Meer entlang\n\t\t\t\t<\/dd><\/dl><dl class='gallery-item'>\n\t\t\t<dt class='gallery-icon landscape'>\n\t\t\t\t<a href='https:\/\/www.mundi-roth.de\/teneriffa-blog\/wp-content\/uploads\/2014\/11\/P1160545a.jpg' rel=\"lightbox[3402]\"><img loading=\"lazy\" decoding=\"async\" width=\"150\" height=\"112\" src=\"https:\/\/www.mundi-roth.de\/teneriffa-blog\/wp-content\/uploads\/2014\/11\/P1160545a-150x112.jpg\" class=\"attachment-thumbnail size-thumbnail\" alt=\"\" aria-describedby=\"gallery-1-3417\" srcset=\"https:\/\/www.mundi-roth.de\/teneriffa-blog\/wp-content\/uploads\/2014\/11\/P1160545a-150x112.jpg 150w, https:\/\/www.mundi-roth.de\/teneriffa-blog\/wp-content\/uploads\/2014\/11\/P1160545a-300x225.jpg 300w, https:\/\/www.mundi-roth.de\/teneriffa-blog\/wp-content\/uploads\/2014\/11\/P1160545a.jpg 800w\" sizes=\"auto, (max-width: 150px) 100vw, 150px\" \/><\/a>\n\t\t\t<\/dt>\n\t\t\t\t<dd class='wp-caption-text gallery-caption' id='gallery-1-3417'>\n\t\t\t\tBewohnte H\u00f6hle\n\t\t\t\t<\/dd><\/dl><br style=\"clear: both\" \/><dl class='gallery-item'>\n\t\t\t<dt class='gallery-icon landscape'>\n\t\t\t\t<a href='https:\/\/www.mundi-roth.de\/teneriffa-blog\/wp-content\/uploads\/2014\/11\/P1160559.jpg' rel=\"lightbox[3402]\"><img loading=\"lazy\" decoding=\"async\" width=\"150\" height=\"112\" src=\"https:\/\/www.mundi-roth.de\/teneriffa-blog\/wp-content\/uploads\/2014\/11\/P1160559-150x112.jpg\" class=\"attachment-thumbnail size-thumbnail\" alt=\"\" aria-describedby=\"gallery-1-3418\" srcset=\"https:\/\/www.mundi-roth.de\/teneriffa-blog\/wp-content\/uploads\/2014\/11\/P1160559-150x112.jpg 150w, https:\/\/www.mundi-roth.de\/teneriffa-blog\/wp-content\/uploads\/2014\/11\/P1160559-300x225.jpg 300w, https:\/\/www.mundi-roth.de\/teneriffa-blog\/wp-content\/uploads\/2014\/11\/P1160559.jpg 800w\" sizes=\"auto, (max-width: 150px) 100vw, 150px\" \/><\/a>\n\t\t\t<\/dt>\n\t\t\t\t<dd class='wp-caption-text gallery-caption' id='gallery-1-3418'>\n\t\t\t\tHundestrand\n\t\t\t\t<\/dd><\/dl><dl class='gallery-item'>\n\t\t\t<dt class='gallery-icon landscape'>\n\t\t\t\t<a href='https:\/\/www.mundi-roth.de\/teneriffa-blog\/wp-content\/uploads\/2014\/11\/P1160564a.jpg' rel=\"lightbox[3402]\"><img loading=\"lazy\" decoding=\"async\" width=\"150\" height=\"115\" src=\"https:\/\/www.mundi-roth.de\/teneriffa-blog\/wp-content\/uploads\/2014\/11\/P1160564a-150x115.jpg\" class=\"attachment-thumbnail size-thumbnail\" alt=\"\" aria-describedby=\"gallery-1-3420\" srcset=\"https:\/\/www.mundi-roth.de\/teneriffa-blog\/wp-content\/uploads\/2014\/11\/P1160564a-150x115.jpg 150w, https:\/\/www.mundi-roth.de\/teneriffa-blog\/wp-content\/uploads\/2014\/11\/P1160564a-300x231.jpg 300w, https:\/\/www.mundi-roth.de\/teneriffa-blog\/wp-content\/uploads\/2014\/11\/P1160564a.jpg 800w\" sizes=\"auto, (max-width: 150px) 100vw, 150px\" \/><\/a>\n\t\t\t<\/dt>\n\t\t\t\t<dd class='wp-caption-text gallery-caption' id='gallery-1-3420'>\n\t\t\t\tGew\u00e4chsh\u00e4user und Monta\u00f1a Roja\n\t\t\t\t<\/dd><\/dl><dl class='gallery-item'>\n\t\t\t<dt class='gallery-icon landscape'>\n\t\t\t\t<a href='https:\/\/www.mundi-roth.de\/teneriffa-blog\/wp-content\/uploads\/2014\/11\/P1160566.jpg' rel=\"lightbox[3402]\"><img loading=\"lazy\" decoding=\"async\" width=\"150\" height=\"112\" src=\"https:\/\/www.mundi-roth.de\/teneriffa-blog\/wp-content\/uploads\/2014\/11\/P1160566-150x112.jpg\" class=\"attachment-thumbnail size-thumbnail\" alt=\"\" aria-describedby=\"gallery-1-3421\" srcset=\"https:\/\/www.mundi-roth.de\/teneriffa-blog\/wp-content\/uploads\/2014\/11\/P1160566-150x112.jpg 150w, https:\/\/www.mundi-roth.de\/teneriffa-blog\/wp-content\/uploads\/2014\/11\/P1160566-300x225.jpg 300w, https:\/\/www.mundi-roth.de\/teneriffa-blog\/wp-content\/uploads\/2014\/11\/P1160566.jpg 800w\" sizes=\"auto, (max-width: 150px) 100vw, 150px\" \/><\/a>\n\t\t\t<\/dt>\n\t\t\t\t<dd class='wp-caption-text gallery-caption' id='gallery-1-3421'>\n\t\t\t\tChiringuito\n\t\t\t\t<\/dd><\/dl><br style=\"clear: both\" \/><dl class='gallery-item'>\n\t\t\t<dt class='gallery-icon landscape'>\n\t\t\t\t<a href='https:\/\/www.mundi-roth.de\/teneriffa-blog\/wp-content\/uploads\/2014\/11\/P1160571.jpg' rel=\"lightbox[3402]\"><img loading=\"lazy\" decoding=\"async\" width=\"150\" height=\"112\" src=\"https:\/\/www.mundi-roth.de\/teneriffa-blog\/wp-content\/uploads\/2014\/11\/P1160571-150x112.jpg\" class=\"attachment-thumbnail size-thumbnail\" alt=\"\" aria-describedby=\"gallery-1-3422\" srcset=\"https:\/\/www.mundi-roth.de\/teneriffa-blog\/wp-content\/uploads\/2014\/11\/P1160571-150x112.jpg 150w, https:\/\/www.mundi-roth.de\/teneriffa-blog\/wp-content\/uploads\/2014\/11\/P1160571-300x225.jpg 300w, https:\/\/www.mundi-roth.de\/teneriffa-blog\/wp-content\/uploads\/2014\/11\/P1160571.jpg 800w\" sizes=\"auto, (max-width: 150px) 100vw, 150px\" \/><\/a>\n\t\t\t<\/dt>\n\t\t\t\t<dd class='wp-caption-text gallery-caption' id='gallery-1-3422'>\n\t\t\t\tSandweg\n\t\t\t\t<\/dd><\/dl><dl class='gallery-item'>\n\t\t\t<dt class='gallery-icon landscape'>\n\t\t\t\t<a href='https:\/\/www.mundi-roth.de\/teneriffa-blog\/wp-content\/uploads\/2014\/11\/P1160578a.jpg' rel=\"lightbox[3402]\"><img loading=\"lazy\" decoding=\"async\" width=\"150\" height=\"71\" src=\"https:\/\/www.mundi-roth.de\/teneriffa-blog\/wp-content\/uploads\/2014\/11\/P1160578a-150x71.jpg\" class=\"attachment-thumbnail size-thumbnail\" alt=\"\" aria-describedby=\"gallery-1-3423\" srcset=\"https:\/\/www.mundi-roth.de\/teneriffa-blog\/wp-content\/uploads\/2014\/11\/P1160578a-150x71.jpg 150w, https:\/\/www.mundi-roth.de\/teneriffa-blog\/wp-content\/uploads\/2014\/11\/P1160578a-300x142.jpg 300w, https:\/\/www.mundi-roth.de\/teneriffa-blog\/wp-content\/uploads\/2014\/11\/P1160578a.jpg 800w\" sizes=\"auto, (max-width: 150px) 100vw, 150px\" \/><\/a>\n\t\t\t<\/dt>\n\t\t\t\t<dd class='wp-caption-text gallery-caption' id='gallery-1-3423'>\n\t\t\t\tLavazunge ins Meer\n\t\t\t\t<\/dd><\/dl><dl class='gallery-item'>\n\t\t\t<dt class='gallery-icon landscape'>\n\t\t\t\t<a href='https:\/\/www.mundi-roth.de\/teneriffa-blog\/wp-content\/uploads\/2014\/11\/P1160579a.jpg' rel=\"lightbox[3402]\"><img loading=\"lazy\" decoding=\"async\" width=\"150\" height=\"79\" src=\"https:\/\/www.mundi-roth.de\/teneriffa-blog\/wp-content\/uploads\/2014\/11\/P1160579a-150x79.jpg\" class=\"attachment-thumbnail size-thumbnail\" alt=\"\" aria-describedby=\"gallery-1-3424\" srcset=\"https:\/\/www.mundi-roth.de\/teneriffa-blog\/wp-content\/uploads\/2014\/11\/P1160579a-150x79.jpg 150w, https:\/\/www.mundi-roth.de\/teneriffa-blog\/wp-content\/uploads\/2014\/11\/P1160579a-300x159.jpg 300w, https:\/\/www.mundi-roth.de\/teneriffa-blog\/wp-content\/uploads\/2014\/11\/P1160579a.jpg 800w\" sizes=\"auto, (max-width: 150px) 100vw, 150px\" \/><\/a>\n\t\t\t<\/dt>\n\t\t\t\t<dd class='wp-caption-text gallery-caption' id='gallery-1-3424'>\n\t\t\t\tSchaut da ein Fisch aus der Wand ?\n\t\t\t\t<\/dd><\/dl><br style=\"clear: both\" \/>\n\t\t<\/div>\n\n<p>&nbsp;<\/p>\n","protected":false},"excerpt":{"rendered":"<p>Zwar sind wir diese Tour von Costa de Silencio, Monta\u00f1a Amarilla nach Los Abrigos schon X-Male sowohl in die eine Richtung wie in die andere gegangen, aber heute wollten wir das noch fehlende St\u00fcck von Los Abrigos bis nach El M\u00e9dano dranh\u00e4ngen. Diese K\u00fcstenwanderung geh\u00f6rt, wie jeweils eine Wanderung im Anaga- und Teno-Gebirge sowie in [&hellip;]<\/p>\n","protected":false},"author":4,"featured_media":4218,"comment_status":"open","ping_status":"open","sticky":false,"template":"","format":"standard","meta":{"footnotes":""},"categories":[773,6],"tags":[443,730,697,12,13,152,738,439,446],"class_list":["post-3402","post","type-post","status-publish","format-standard","has-post-thumbnail","hentry","category-granadilla","category-wanderungen","tag-basaltrose","tag-costa-de-silencio","tag-el-medano","tag-los-abrigos","tag-montana-amarilla","tag-montana-roja","tag-tejita-strand","tag-teneriffa-wandern","tag-wandern-teneriffa"],"yoast_head":"<!-- This site is optimized with the Yoast SEO plugin v27.5 - https:\/\/yoast.com\/product\/yoast-seo-wordpress\/ -->\n<title>K\u00fcstenwanderung Costa de Silencio -&gt; Los Abrigos -&gt; El M\u00e9dano - Teneriffa Wandern<\/title>\n<meta name=\"robots\" content=\"index, follow, max-snippet:-1, max-image-preview:large, max-video-preview:-1\" \/>\n<link rel=\"canonical\" href=\"https:\/\/www.mundi-roth.de\/teneriffa-blog\/wanderungen\/kuestenwanderung-costa-de-silencio-los-abrigos-el-medano\/\" \/>\n<meta name=\"twitter:label1\" content=\"Verfasst von\" \/>\n\t<meta name=\"twitter:data1\" content=\"mundi\" \/>\n\t<meta name=\"twitter:label2\" content=\"Gesch\u00e4tzte Lesezeit\" \/>\n\t<meta name=\"twitter:data2\" content=\"5\u00a0Minuten\" \/>\n<script type=\"application\/ld+json\" class=\"yoast-schema-graph\">{\"@context\":\"https:\\\/\\\/schema.org\",\"@graph\":[{\"@type\":\"Article\",\"@id\":\"https:\\\/\\\/www.mundi-roth.de\\\/teneriffa-blog\\\/wanderungen\\\/kuestenwanderung-costa-de-silencio-los-abrigos-el-medano\\\/#article\",\"isPartOf\":{\"@id\":\"https:\\\/\\\/www.mundi-roth.de\\\/teneriffa-blog\\\/wanderungen\\\/kuestenwanderung-costa-de-silencio-los-abrigos-el-medano\\\/\"},\"author\":{\"name\":\"mundi\",\"@id\":\"https:\\\/\\\/www.mundi-roth.de\\\/teneriffa-blog\\\/#\\\/schema\\\/person\\\/971c66b55f3ae5e8741553688c413cac\"},\"headline\":\"K\u00fcstenwanderung Costa de Silencio &#8211;> Los Abrigos &#8211;> El M\u00e9dano\",\"datePublished\":\"2014-11-27T21:00:59+00:00\",\"dateModified\":\"2015-07-13T11:46:42+00:00\",\"mainEntityOfPage\":{\"@id\":\"https:\\\/\\\/www.mundi-roth.de\\\/teneriffa-blog\\\/wanderungen\\\/kuestenwanderung-costa-de-silencio-los-abrigos-el-medano\\\/\"},\"wordCount\":965,\"commentCount\":0,\"image\":{\"@id\":\"https:\\\/\\\/www.mundi-roth.de\\\/teneriffa-blog\\\/wanderungen\\\/kuestenwanderung-costa-de-silencio-los-abrigos-el-medano\\\/#primaryimage\"},\"thumbnailUrl\":\"https:\\\/\\\/www.mundi-roth.de\\\/teneriffa-blog\\\/wp-content\\\/uploads\\\/2014\\\/11\\\/P1160528.jpg\",\"keywords\":[\"Basaltrose\",\"Costa de Silencio\",\"El M\u00e9dano\",\"Los Abrigos\",\"Monta\u00f1a Amarilla\",\"Monta\u00f1a Roja\",\"Tejita-Strand\",\"Teneriffa Wandern\",\"Wandern Teneriffa\"],\"articleSection\":[\"Granadilla\",\"Wanderungen\"],\"inLanguage\":\"de\",\"potentialAction\":[{\"@type\":\"CommentAction\",\"name\":\"Comment\",\"target\":[\"https:\\\/\\\/www.mundi-roth.de\\\/teneriffa-blog\\\/wanderungen\\\/kuestenwanderung-costa-de-silencio-los-abrigos-el-medano\\\/#respond\"]}]},{\"@type\":\"WebPage\",\"@id\":\"https:\\\/\\\/www.mundi-roth.de\\\/teneriffa-blog\\\/wanderungen\\\/kuestenwanderung-costa-de-silencio-los-abrigos-el-medano\\\/\",\"url\":\"https:\\\/\\\/www.mundi-roth.de\\\/teneriffa-blog\\\/wanderungen\\\/kuestenwanderung-costa-de-silencio-los-abrigos-el-medano\\\/\",\"name\":\"K\u00fcstenwanderung Costa de Silencio -> Los Abrigos -> El M\u00e9dano - Teneriffa Wandern\",\"isPartOf\":{\"@id\":\"https:\\\/\\\/www.mundi-roth.de\\\/teneriffa-blog\\\/#website\"},\"primaryImageOfPage\":{\"@id\":\"https:\\\/\\\/www.mundi-roth.de\\\/teneriffa-blog\\\/wanderungen\\\/kuestenwanderung-costa-de-silencio-los-abrigos-el-medano\\\/#primaryimage\"},\"image\":{\"@id\":\"https:\\\/\\\/www.mundi-roth.de\\\/teneriffa-blog\\\/wanderungen\\\/kuestenwanderung-costa-de-silencio-los-abrigos-el-medano\\\/#primaryimage\"},\"thumbnailUrl\":\"https:\\\/\\\/www.mundi-roth.de\\\/teneriffa-blog\\\/wp-content\\\/uploads\\\/2014\\\/11\\\/P1160528.jpg\",\"datePublished\":\"2014-11-27T21:00:59+00:00\",\"dateModified\":\"2015-07-13T11:46:42+00:00\",\"author\":{\"@id\":\"https:\\\/\\\/www.mundi-roth.de\\\/teneriffa-blog\\\/#\\\/schema\\\/person\\\/971c66b55f3ae5e8741553688c413cac\"},\"breadcrumb\":{\"@id\":\"https:\\\/\\\/www.mundi-roth.de\\\/teneriffa-blog\\\/wanderungen\\\/kuestenwanderung-costa-de-silencio-los-abrigos-el-medano\\\/#breadcrumb\"},\"inLanguage\":\"de\",\"potentialAction\":[{\"@type\":\"ReadAction\",\"target\":[\"https:\\\/\\\/www.mundi-roth.de\\\/teneriffa-blog\\\/wanderungen\\\/kuestenwanderung-costa-de-silencio-los-abrigos-el-medano\\\/\"]}]},{\"@type\":\"ImageObject\",\"inLanguage\":\"de\",\"@id\":\"https:\\\/\\\/www.mundi-roth.de\\\/teneriffa-blog\\\/wanderungen\\\/kuestenwanderung-costa-de-silencio-los-abrigos-el-medano\\\/#primaryimage\",\"url\":\"https:\\\/\\\/www.mundi-roth.de\\\/teneriffa-blog\\\/wp-content\\\/uploads\\\/2014\\\/11\\\/P1160528.jpg\",\"contentUrl\":\"https:\\\/\\\/www.mundi-roth.de\\\/teneriffa-blog\\\/wp-content\\\/uploads\\\/2014\\\/11\\\/P1160528.jpg\",\"width\":800,\"height\":600},{\"@type\":\"BreadcrumbList\",\"@id\":\"https:\\\/\\\/www.mundi-roth.de\\\/teneriffa-blog\\\/wanderungen\\\/kuestenwanderung-costa-de-silencio-los-abrigos-el-medano\\\/#breadcrumb\",\"itemListElement\":[{\"@type\":\"ListItem\",\"position\":1,\"name\":\"Startseite\",\"item\":\"https:\\\/\\\/www.mundi-roth.de\\\/teneriffa-blog\\\/\"},{\"@type\":\"ListItem\",\"position\":2,\"name\":\"K\u00fcstenwanderung Costa de Silencio &#8211;> Los Abrigos &#8211;> El M\u00e9dano\"}]},{\"@type\":\"WebSite\",\"@id\":\"https:\\\/\\\/www.mundi-roth.de\\\/teneriffa-blog\\\/#website\",\"url\":\"https:\\\/\\\/www.mundi-roth.de\\\/teneriffa-blog\\\/\",\"name\":\"Teneriffa Wandern\",\"description\":\"Nicht nur Wanderungen auf Teneriffa...\",\"potentialAction\":[{\"@type\":\"SearchAction\",\"target\":{\"@type\":\"EntryPoint\",\"urlTemplate\":\"https:\\\/\\\/www.mundi-roth.de\\\/teneriffa-blog\\\/?s={search_term_string}\"},\"query-input\":{\"@type\":\"PropertyValueSpecification\",\"valueRequired\":true,\"valueName\":\"search_term_string\"}}],\"inLanguage\":\"de\"},{\"@type\":\"Person\",\"@id\":\"https:\\\/\\\/www.mundi-roth.de\\\/teneriffa-blog\\\/#\\\/schema\\\/person\\\/971c66b55f3ae5e8741553688c413cac\",\"name\":\"mundi\",\"image\":{\"@type\":\"ImageObject\",\"inLanguage\":\"de\",\"@id\":\"https:\\\/\\\/secure.gravatar.com\\\/avatar\\\/555f0dd85428f1a9330f8e5dbe9e40ff9ca912bb81e5a89747ebf3ca9c20dc0f?s=96&d=mm&r=g\",\"url\":\"https:\\\/\\\/secure.gravatar.com\\\/avatar\\\/555f0dd85428f1a9330f8e5dbe9e40ff9ca912bb81e5a89747ebf3ca9c20dc0f?s=96&d=mm&r=g\",\"contentUrl\":\"https:\\\/\\\/secure.gravatar.com\\\/avatar\\\/555f0dd85428f1a9330f8e5dbe9e40ff9ca912bb81e5a89747ebf3ca9c20dc0f?s=96&d=mm&r=g\",\"caption\":\"mundi\"},\"sameAs\":[\"http:\\\/\\\/mundi-roth.de\"],\"url\":\"https:\\\/\\\/www.mundi-roth.de\\\/teneriffa-blog\\\/author\\\/mundi\\\/\"}]}<\/script>\n<!-- \/ Yoast SEO plugin. -->","yoast_head_json":{"title":"K\u00fcstenwanderung Costa de Silencio -> Los Abrigos -> El M\u00e9dano - Teneriffa Wandern","robots":{"index":"index","follow":"follow","max-snippet":"max-snippet:-1","max-image-preview":"max-image-preview:large","max-video-preview":"max-video-preview:-1"},"canonical":"https:\/\/www.mundi-roth.de\/teneriffa-blog\/wanderungen\/kuestenwanderung-costa-de-silencio-los-abrigos-el-medano\/","twitter_misc":{"Verfasst von":"mundi","Gesch\u00e4tzte Lesezeit":"5\u00a0Minuten"},"schema":{"@context":"https:\/\/schema.org","@graph":[{"@type":"Article","@id":"https:\/\/www.mundi-roth.de\/teneriffa-blog\/wanderungen\/kuestenwanderung-costa-de-silencio-los-abrigos-el-medano\/#article","isPartOf":{"@id":"https:\/\/www.mundi-roth.de\/teneriffa-blog\/wanderungen\/kuestenwanderung-costa-de-silencio-los-abrigos-el-medano\/"},"author":{"name":"mundi","@id":"https:\/\/www.mundi-roth.de\/teneriffa-blog\/#\/schema\/person\/971c66b55f3ae5e8741553688c413cac"},"headline":"K\u00fcstenwanderung Costa de Silencio &#8211;> Los Abrigos &#8211;> El M\u00e9dano","datePublished":"2014-11-27T21:00:59+00:00","dateModified":"2015-07-13T11:46:42+00:00","mainEntityOfPage":{"@id":"https:\/\/www.mundi-roth.de\/teneriffa-blog\/wanderungen\/kuestenwanderung-costa-de-silencio-los-abrigos-el-medano\/"},"wordCount":965,"commentCount":0,"image":{"@id":"https:\/\/www.mundi-roth.de\/teneriffa-blog\/wanderungen\/kuestenwanderung-costa-de-silencio-los-abrigos-el-medano\/#primaryimage"},"thumbnailUrl":"https:\/\/www.mundi-roth.de\/teneriffa-blog\/wp-content\/uploads\/2014\/11\/P1160528.jpg","keywords":["Basaltrose","Costa de Silencio","El M\u00e9dano","Los Abrigos","Monta\u00f1a Amarilla","Monta\u00f1a Roja","Tejita-Strand","Teneriffa Wandern","Wandern Teneriffa"],"articleSection":["Granadilla","Wanderungen"],"inLanguage":"de","potentialAction":[{"@type":"CommentAction","name":"Comment","target":["https:\/\/www.mundi-roth.de\/teneriffa-blog\/wanderungen\/kuestenwanderung-costa-de-silencio-los-abrigos-el-medano\/#respond"]}]},{"@type":"WebPage","@id":"https:\/\/www.mundi-roth.de\/teneriffa-blog\/wanderungen\/kuestenwanderung-costa-de-silencio-los-abrigos-el-medano\/","url":"https:\/\/www.mundi-roth.de\/teneriffa-blog\/wanderungen\/kuestenwanderung-costa-de-silencio-los-abrigos-el-medano\/","name":"K\u00fcstenwanderung Costa de Silencio -> Los Abrigos -> El M\u00e9dano - Teneriffa Wandern","isPartOf":{"@id":"https:\/\/www.mundi-roth.de\/teneriffa-blog\/#website"},"primaryImageOfPage":{"@id":"https:\/\/www.mundi-roth.de\/teneriffa-blog\/wanderungen\/kuestenwanderung-costa-de-silencio-los-abrigos-el-medano\/#primaryimage"},"image":{"@id":"https:\/\/www.mundi-roth.de\/teneriffa-blog\/wanderungen\/kuestenwanderung-costa-de-silencio-los-abrigos-el-medano\/#primaryimage"},"thumbnailUrl":"https:\/\/www.mundi-roth.de\/teneriffa-blog\/wp-content\/uploads\/2014\/11\/P1160528.jpg","datePublished":"2014-11-27T21:00:59+00:00","dateModified":"2015-07-13T11:46:42+00:00","author":{"@id":"https:\/\/www.mundi-roth.de\/teneriffa-blog\/#\/schema\/person\/971c66b55f3ae5e8741553688c413cac"},"breadcrumb":{"@id":"https:\/\/www.mundi-roth.de\/teneriffa-blog\/wanderungen\/kuestenwanderung-costa-de-silencio-los-abrigos-el-medano\/#breadcrumb"},"inLanguage":"de","potentialAction":[{"@type":"ReadAction","target":["https:\/\/www.mundi-roth.de\/teneriffa-blog\/wanderungen\/kuestenwanderung-costa-de-silencio-los-abrigos-el-medano\/"]}]},{"@type":"ImageObject","inLanguage":"de","@id":"https:\/\/www.mundi-roth.de\/teneriffa-blog\/wanderungen\/kuestenwanderung-costa-de-silencio-los-abrigos-el-medano\/#primaryimage","url":"https:\/\/www.mundi-roth.de\/teneriffa-blog\/wp-content\/uploads\/2014\/11\/P1160528.jpg","contentUrl":"https:\/\/www.mundi-roth.de\/teneriffa-blog\/wp-content\/uploads\/2014\/11\/P1160528.jpg","width":800,"height":600},{"@type":"BreadcrumbList","@id":"https:\/\/www.mundi-roth.de\/teneriffa-blog\/wanderungen\/kuestenwanderung-costa-de-silencio-los-abrigos-el-medano\/#breadcrumb","itemListElement":[{"@type":"ListItem","position":1,"name":"Startseite","item":"https:\/\/www.mundi-roth.de\/teneriffa-blog\/"},{"@type":"ListItem","position":2,"name":"K\u00fcstenwanderung Costa de Silencio &#8211;> Los Abrigos &#8211;> El M\u00e9dano"}]},{"@type":"WebSite","@id":"https:\/\/www.mundi-roth.de\/teneriffa-blog\/#website","url":"https:\/\/www.mundi-roth.de\/teneriffa-blog\/","name":"Teneriffa Wandern","description":"Nicht nur Wanderungen auf Teneriffa...","potentialAction":[{"@type":"SearchAction","target":{"@type":"EntryPoint","urlTemplate":"https:\/\/www.mundi-roth.de\/teneriffa-blog\/?s={search_term_string}"},"query-input":{"@type":"PropertyValueSpecification","valueRequired":true,"valueName":"search_term_string"}}],"inLanguage":"de"},{"@type":"Person","@id":"https:\/\/www.mundi-roth.de\/teneriffa-blog\/#\/schema\/person\/971c66b55f3ae5e8741553688c413cac","name":"mundi","image":{"@type":"ImageObject","inLanguage":"de","@id":"https:\/\/secure.gravatar.com\/avatar\/555f0dd85428f1a9330f8e5dbe9e40ff9ca912bb81e5a89747ebf3ca9c20dc0f?s=96&d=mm&r=g","url":"https:\/\/secure.gravatar.com\/avatar\/555f0dd85428f1a9330f8e5dbe9e40ff9ca912bb81e5a89747ebf3ca9c20dc0f?s=96&d=mm&r=g","contentUrl":"https:\/\/secure.gravatar.com\/avatar\/555f0dd85428f1a9330f8e5dbe9e40ff9ca912bb81e5a89747ebf3ca9c20dc0f?s=96&d=mm&r=g","caption":"mundi"},"sameAs":["http:\/\/mundi-roth.de"],"url":"https:\/\/www.mundi-roth.de\/teneriffa-blog\/author\/mundi\/"}]}},"_links":{"self":[{"href":"https:\/\/www.mundi-roth.de\/teneriffa-blog\/wp-json\/wp\/v2\/posts\/3402","targetHints":{"allow":["GET"]}}],"collection":[{"href":"https:\/\/www.mundi-roth.de\/teneriffa-blog\/wp-json\/wp\/v2\/posts"}],"about":[{"href":"https:\/\/www.mundi-roth.de\/teneriffa-blog\/wp-json\/wp\/v2\/types\/post"}],"author":[{"embeddable":true,"href":"https:\/\/www.mundi-roth.de\/teneriffa-blog\/wp-json\/wp\/v2\/users\/4"}],"replies":[{"embeddable":true,"href":"https:\/\/www.mundi-roth.de\/teneriffa-blog\/wp-json\/wp\/v2\/comments?post=3402"}],"version-history":[{"count":0,"href":"https:\/\/www.mundi-roth.de\/teneriffa-blog\/wp-json\/wp\/v2\/posts\/3402\/revisions"}],"wp:featuredmedia":[{"embeddable":true,"href":"https:\/\/www.mundi-roth.de\/teneriffa-blog\/wp-json\/wp\/v2\/media\/4218"}],"wp:attachment":[{"href":"https:\/\/www.mundi-roth.de\/teneriffa-blog\/wp-json\/wp\/v2\/media?parent=3402"}],"wp:term":[{"taxonomy":"category","embeddable":true,"href":"https:\/\/www.mundi-roth.de\/teneriffa-blog\/wp-json\/wp\/v2\/categories?post=3402"},{"taxonomy":"post_tag","embeddable":true,"href":"https:\/\/www.mundi-roth.de\/teneriffa-blog\/wp-json\/wp\/v2\/tags?post=3402"}],"curies":[{"name":"wp","href":"https:\/\/api.w.org\/{rel}","templated":true}]}}