{"id":3427,"date":"2014-12-03T22:00:40","date_gmt":"2014-12-03T21:00:40","guid":{"rendered":"http:\/\/www.mundi-roth.de\/teneriffa-blog\/?p=3427"},"modified":"2015-07-13T12:42:55","modified_gmt":"2015-07-13T11:42:55","slug":"los-roques-poris-de-abona","status":"publish","type":"post","link":"https:\/\/www.mundi-roth.de\/teneriffa-blog\/wanderungen\/los-roques-poris-de-abona\/","title":{"rendered":"Los Roques \u2013 Poris de Abona"},"content":{"rendered":"<h2>K\u00fcstenwanderung \u201eSoweit die F\u00fc\u00dfe tragen\u201c<\/h2>\n<p>Nachdem uns vergangene Woche die Tour entlang des Meeres so gut gefallen hat, wollen wir diesmal wiederum eine bekannte Strecke mit einer unbekannten kombinieren.<\/p>\n<p><strong>Wanderwegstrecke:<\/strong> 2 \u00bd Stunden f\u00fcr 9 km<\/p>\n<div id=\"attachment_3464\" style=\"width: 160px\" class=\"wp-caption alignleft\"><a href=\"http:\/\/www.mundi-roth.de\/teneriffa-blog\/wp-content\/uploads\/2014\/12\/Track03.jpg\" rel=\"lightbox[3427]\"><img loading=\"lazy\" decoding=\"async\" aria-describedby=\"caption-attachment-3464\" class=\"size-thumbnail wp-image-3464\" src=\"http:\/\/www.mundi-roth.de\/teneriffa-blog\/wp-content\/uploads\/2014\/12\/Track03-150x147.jpg\" alt=\"Die Strecke\" width=\"150\" height=\"147\" srcset=\"https:\/\/www.mundi-roth.de\/teneriffa-blog\/wp-content\/uploads\/2014\/12\/Track03-150x147.jpg 150w, https:\/\/www.mundi-roth.de\/teneriffa-blog\/wp-content\/uploads\/2014\/12\/Track03-300x294.jpg 300w, https:\/\/www.mundi-roth.de\/teneriffa-blog\/wp-content\/uploads\/2014\/12\/Track03.jpg 691w\" sizes=\"auto, (max-width: 150px) 100vw, 150px\" \/><\/a><p id=\"caption-attachment-3464\" class=\"wp-caption-text\">Die Strecke<\/p><\/div>\n<p>Geplant war, mit dem Bus 111 vom Busbahnhof Los Cristianos aus bis nach Los Roques an der TF 1 zu fahren.<br \/>\nMein lieber Mann spielte mal wieder f\u00fcr uns Taxi, heute auch auf der Hinfahrt bis Los Roques, Ausfahrt Nr. 32 von der TF 1 .<br \/>\nSo war es nat\u00fcrlich bequemer und schneller. \u201eDankesch\u00f6n\u201c auch mal an dieser Stelle!<\/p>\n<p>Vor zig Jahren haben Manfred und ich diese Wanderung von Los Roques bis nach Las Eras gemacht und in sehr guter Erinnerung behalten. Es war uns bewusst, dass es auf dieser Strecke weder Weg noch Steg gibt, dass man sich von einer Schlucht zur anderen durchhangeln muss. Mal sehen, ob das Ged\u00e4chtnis gut ist.<\/p>\n<div id=\"attachment_3428\" style=\"width: 124px\" class=\"wp-caption alignleft\"><a href=\"http:\/\/www.mundi-roth.de\/teneriffa-blog\/wp-content\/uploads\/2014\/12\/P1160584a.jpg\" rel=\"lightbox[3427]\"><img loading=\"lazy\" decoding=\"async\" aria-describedby=\"caption-attachment-3428\" class=\"size-thumbnail wp-image-3428\" src=\"http:\/\/www.mundi-roth.de\/teneriffa-blog\/wp-content\/uploads\/2014\/12\/P1160584a-114x150.jpg\" alt=\"Das Wander-Duo\" width=\"114\" height=\"150\" srcset=\"https:\/\/www.mundi-roth.de\/teneriffa-blog\/wp-content\/uploads\/2014\/12\/P1160584a-114x150.jpg 114w, https:\/\/www.mundi-roth.de\/teneriffa-blog\/wp-content\/uploads\/2014\/12\/P1160584a-228x300.jpg 228w, https:\/\/www.mundi-roth.de\/teneriffa-blog\/wp-content\/uploads\/2014\/12\/P1160584a.jpg 609w\" sizes=\"auto, (max-width: 114px) 100vw, 114px\" \/><\/a><p id=\"caption-attachment-3428\" class=\"wp-caption-text\">Das Wander-Duo<\/p><\/div>\n<p>Also, frischen Mutes gehen Elisabeth und ich bei herrlichem Sonnenschein um 10:15 Uhr die Tour an.<a href=\"http:\/\/www.mundi-roth.de\/teneriffa-blog\/wp-content\/uploads\/2014\/12\/P1160586.jpg\" rel=\"lightbox[3427]\"><img loading=\"lazy\" decoding=\"async\" class=\"alignright size-thumbnail wp-image-3429\" src=\"http:\/\/www.mundi-roth.de\/teneriffa-blog\/wp-content\/uploads\/2014\/12\/P1160586-150x98.jpg\" alt=\"P1160586\" width=\"150\" height=\"98\" srcset=\"https:\/\/www.mundi-roth.de\/teneriffa-blog\/wp-content\/uploads\/2014\/12\/P1160586-150x98.jpg 150w, https:\/\/www.mundi-roth.de\/teneriffa-blog\/wp-content\/uploads\/2014\/12\/P1160586-300x196.jpg 300w, https:\/\/www.mundi-roth.de\/teneriffa-blog\/wp-content\/uploads\/2014\/12\/P1160586.jpg 800w\" sizes=\"auto, (max-width: 150px) 100vw, 150px\" \/><\/a> Gleich nach den letzten H\u00e4usern, wir haben uns an der wei\u00dfen Sitz-Bank \u201ePlaya las Roques\u201c rechts gehalten, passieren einen gro\u00dfen, sandigen Platz und entdecken einen schmalen Durchlass, der uns in den ersten Barranco hinabf\u00fchrt.<br \/>\nDas Absteigen ist kritisch, da die dicken Lavabrocken mit viel kleinem Gebr\u00f6sel bedeckt sind, das erfordert besondere Vorsicht, da Rutschgefahr.<\/p>\n<p>Ein St\u00fcckchen hangabw\u00e4rts sehen wir linker Hand eine \u201emehrzimmrige\u201c H\u00f6hle\u00a0 und beeindruckende Felsformationen. Schon nach 10 Minuten Gehzeit haben wir die erste Bucht erreicht und auf der anderen Seite der Schlucht geht es nun \u2013 mit ganz anderer Felsgestaltung \u2013 wieder steil aufw\u00e4rts.<br \/>\nVon nun an ist Intuition und Pfadfindergeist gefragt, denn zwischen den Tabaibab\u00fcschen muss man sich das Weitergehen erkunden.<br \/>\nWir gehen hoch \u00fcber dem Meer, versuchen uns immer in der N\u00e4he der Abbruchkante zu halten, nur nicht zu dicht. Wir haben die Warnung von<a href=\"http:\/\/www.teneriffa-wandern.eu\/2011\/06\/botanische-fuhrungen-und-wanderungen-mit-cristobal\/\"> Christobal, dem Botaniker<\/a>, mit dem wir damals diverse Exkursionen machten, als es noch den Kulturkreis Teneriffa S\u00fcd unter Leitung von Frau Dr. Zimmermann gab, dass es \u00e4u\u00dferst gef\u00e4hrlich ist, zu nah an der Kante zu gehen, da diese meist von Wind und Meer ausgeh\u00f6hlt und ein Abbruch m\u00f6glich ist.<br \/>\nDer n\u00e4chste Barranco \u2013 die n\u00e4chste Schlucht \u2013 l\u00e4sst nicht lange auf sich warten und wieder geht es hinab und hinauf, mit wieder anderen Felsformationen.<br \/>\nViele Fenster- oder auch Leuchterblumen \u2013 Meeressalat \u2013 Desfontaines Jochblatt \u2013 Strandflieder und Bocksdorn entdecken wir zwischen den Felsen und den Tabaibab\u00fcschen, der s\u00fc\u00dfen Wolfsmilch.<br \/>\nSchrecklich, abscheulich finden wir es, als wir an eine Stelle kommen, an der man eine Katze mit ihren 5 Jungen get\u00f6tet hat und achtlos liegen lie\u00df.<\/p>\n<p>Ich glaube, so nach der 5. Schlucht haben wir das Z\u00e4hlen aufgeh\u00f6rt.<\/p>\n<div id=\"attachment_3430\" style=\"width: 160px\" class=\"wp-caption alignright\"><a href=\"http:\/\/www.mundi-roth.de\/teneriffa-blog\/wp-content\/uploads\/2014\/12\/P1160611.jpg\" rel=\"lightbox[3427]\"><img loading=\"lazy\" decoding=\"async\" aria-describedby=\"caption-attachment-3430\" class=\"size-thumbnail wp-image-3430\" src=\"http:\/\/www.mundi-roth.de\/teneriffa-blog\/wp-content\/uploads\/2014\/12\/P1160611-150x112.jpg\" alt=\"Eine der vielen Buchten\" width=\"150\" height=\"112\" srcset=\"https:\/\/www.mundi-roth.de\/teneriffa-blog\/wp-content\/uploads\/2014\/12\/P1160611-150x112.jpg 150w, https:\/\/www.mundi-roth.de\/teneriffa-blog\/wp-content\/uploads\/2014\/12\/P1160611-300x225.jpg 300w, https:\/\/www.mundi-roth.de\/teneriffa-blog\/wp-content\/uploads\/2014\/12\/P1160611.jpg 800w\" sizes=\"auto, (max-width: 150px) 100vw, 150px\" \/><\/a><p id=\"caption-attachment-3430\" class=\"wp-caption-text\">Eine der vielen Buchten<\/p><\/div>\n<p>Wir sind jedoch so begeistert, dass sich uns immer wieder neue Formen, Farben und Gestalten der Felsen und der vielen Buchten, mal mit schwarzem Sand, mal mit Kieselsteinen darbieten.<br \/>\nBleibt nur wieder\u00a0 zu sagen: Sch\u00f6n!!!<br \/>\nUnd urpl\u00f6tzlich nach 1 Stunde 15 Minuten Gehzeit: ein angelegter Pfad.<br \/>\nDieser f\u00fchrt uns nun &#8211; ausgenommen in die n\u00e4chste Schlucht \u2013 mit wechselndem Untergrund bis nach Las Eras, das wir um 12 Uhr erreichen.<br \/>\nWir spazieren bis zur sch\u00f6n angelegten Promenade mit Badebucht, der Playa Honda.<br \/>\nHier legen wir nun \u2013 bei Wellengepl\u00e4tscher und mit Beobachten von Tauchern \u2013 auf einer Bank unsere obligatorische Apfelpause ein. 25 Minuten verweilen wir hier,\u00a0 so gut gef\u00e4llt es uns.<br \/>\nWeiter geht es durch den Ort und nach den letzten H\u00e4usern, vorbei an einem kleinen Fischerhafen,\u00a0 erwartet uns ein angelegter Weg, der in eine gro\u00dfe sandige Bucht mit einer &#8222;Pipeline&#8220; auf Stelzen hinab- und vor einem riesigen Felsblock, einem regelrechten Monolithen steil zur Autobahn hinauff\u00fchrt.<br \/>\nWir haben beide nicht auf die Uhr geschaut, aber gef\u00fchlt gehen wir nun \u2013 weniger sch\u00f6n \u2013 ca. 10 Minuten an der Autobahn entlang \u2013 gesch\u00fctzt durch die Leitplanken.<br \/>\nDer anschlie\u00dfende Weg ist immer noch ausgebaut und nun k\u00f6nnen wir ohne zu suchen rascher ausschreiten und gelangen \u2013 nat\u00fcrlich wieder in\u00a0 diverse Buchten runter und rauf mit immer bizarreren Felsformationen um 13:30 Uhr in Poris de Abona an.<\/p>\n<div id=\"attachment_3431\" style=\"width: 160px\" class=\"wp-caption alignleft\"><a href=\"http:\/\/www.mundi-roth.de\/teneriffa-blog\/wp-content\/uploads\/2014\/12\/P1160687.jpg\" rel=\"lightbox[3427]\"><img loading=\"lazy\" decoding=\"async\" aria-describedby=\"caption-attachment-3431\" class=\"size-thumbnail wp-image-3431\" src=\"http:\/\/www.mundi-roth.de\/teneriffa-blog\/wp-content\/uploads\/2014\/12\/P1160687-150x112.jpg\" alt=\"Nicht einladend\" width=\"150\" height=\"112\" srcset=\"https:\/\/www.mundi-roth.de\/teneriffa-blog\/wp-content\/uploads\/2014\/12\/P1160687-150x112.jpg 150w, https:\/\/www.mundi-roth.de\/teneriffa-blog\/wp-content\/uploads\/2014\/12\/P1160687-300x225.jpg 300w, https:\/\/www.mundi-roth.de\/teneriffa-blog\/wp-content\/uploads\/2014\/12\/P1160687.jpg 800w\" sizes=\"auto, (max-width: 150px) 100vw, 150px\" \/><\/a><p id=\"caption-attachment-3431\" class=\"wp-caption-text\">Nicht einladend<\/p><\/div>\n<p>Das Entree in den Ort ist abschreckend: vergammelte Garagenzeile mit einem M\u00fcllberg davor.<br \/>\nDer weitere Weg durch die Urbanisation \u201eClub Casa Blanca\u201c ist gepflegt, wirkt aber leblos, verwaist.<br \/>\nSchnell sind wir nun im Ort. Sehen uns ein bisschen um, um dann im Restaurant \u201eCasa Blanca\u201c einzukehren. Von dort\u00a0 rufe ich Manfred an: \u201eWir haben die Wanderung beendet.\u201c<br \/>\nDas Motto lautete ja: \u201eSoweit die F\u00fc\u00dfe tragen\u201c.<br \/>\nSie, die F\u00fc\u00dfe, h\u00e4tten schon noch mehr geschafft, aber wir hatten keine Lust mehr, da inzwischen Wind aufgekommen war und zudem kamen die fast schwarzen Wolken schon sehr nahe und es sah bedrohlich aus.<br \/>\nWir sch\u00e4tzen, dass wir bis nach Abades noch eine gute Stunde Gehzeit gehabt h\u00e4tten.<br \/>\nVom Ort Poris de Abona bis zur Punta de Abona sind wir bisher auch noch nicht gegangen. Diese Strecke haben wir sonst nur im Auto zur\u00fcckgelegt, wenn wir die Wanderung vom Leuchtturm Abona \u00fcber Abades nach Tajao gemacht haben.<\/p>\n<p><strong>\u00dcbrigens:<\/strong><br \/>\nWer nicht \u00fcber einen so lieben Taxifahrer verf\u00fcgt wie Elisabeth und ich, der kann unterwegs zur Autobahn hoch gehen, man sieht immer wieder die Bus-Warteh\u00e4uschen der Linie 111.<\/p>\n<p><strong>Fazit:<\/strong><br \/>\nWieder eine wundersch\u00f6ne Wanderung, die jedoch \u2013 besonders im ersten Teil \u2013 gute Orientierung, sicheren Tritt, gutes Schuhwerk und St\u00f6cke erfordert.<br \/>\nDie M\u00fche lohnt sich aber, denn wir staunen immer noch \u00fcber diese Vielfalt der Felsformationen, welche die Vulkanausbr\u00fcche zustande gebracht haben.<br \/>\nKein Wunder, dass wir uns fast ausschlie\u00dflich im Naturschutzgebiet bewegt haben. Im Espacio Natural protegido.<\/p>\n<p><strong>Restaurant:<\/strong><br \/>\n\u201eCasa Blanca\u201c<br \/>\nin der Urbanisation \u201eCasa Blanca\u201c von Poris de Abona<br \/>\nMuss nicht sein!<\/p>\n<p>&nbsp;<\/p>\n<p><strong>Impressionen<\/strong><\/p>\n\n\t\t<style type=\"text\/css\">\n\t\t\t#gallery-1 {\n\t\t\t\tmargin: auto;\n\t\t\t}\n\t\t\t#gallery-1 .gallery-item {\n\t\t\t\tfloat: left;\n\t\t\t\tmargin-top: 10px;\n\t\t\t\ttext-align: center;\n\t\t\t\twidth: 33%;\n\t\t\t}\n\t\t\t#gallery-1 img {\n\t\t\t\tborder: 2px solid #cfcfcf;\n\t\t\t}\n\t\t\t#gallery-1 .gallery-caption {\n\t\t\t\tmargin-left: 0;\n\t\t\t}\n\t\t\t\/* see gallery_shortcode() in wp-includes\/media.php *\/\n\t\t<\/style>\n\t\t<div id='gallery-1' class='gallery galleryid-3427 gallery-columns-3 gallery-size-thumbnail'><dl class='gallery-item'>\n\t\t\t<dt class='gallery-icon landscape'>\n\t\t\t\t<a href='https:\/\/www.mundi-roth.de\/teneriffa-blog\/wp-content\/uploads\/2014\/12\/P1160588.jpg' rel=\"lightbox[3427]\"><img loading=\"lazy\" decoding=\"async\" width=\"150\" height=\"112\" src=\"https:\/\/www.mundi-roth.de\/teneriffa-blog\/wp-content\/uploads\/2014\/12\/P1160588-150x112.jpg\" class=\"attachment-thumbnail size-thumbnail\" alt=\"\" aria-describedby=\"gallery-1-3432\" srcset=\"https:\/\/www.mundi-roth.de\/teneriffa-blog\/wp-content\/uploads\/2014\/12\/P1160588-150x112.jpg 150w, https:\/\/www.mundi-roth.de\/teneriffa-blog\/wp-content\/uploads\/2014\/12\/P1160588-300x225.jpg 300w, https:\/\/www.mundi-roth.de\/teneriffa-blog\/wp-content\/uploads\/2014\/12\/P1160588.jpg 800w\" sizes=\"auto, (max-width: 150px) 100vw, 150px\" \/><\/a>\n\t\t\t<\/dt>\n\t\t\t\t<dd class='wp-caption-text gallery-caption' id='gallery-1-3432'>\n\t\t\t\tDer Einstieg zur Wanderung\n\t\t\t\t<\/dd><\/dl><dl class='gallery-item'>\n\t\t\t<dt class='gallery-icon landscape'>\n\t\t\t\t<a href='https:\/\/www.mundi-roth.de\/teneriffa-blog\/wp-content\/uploads\/2014\/12\/P1160587.jpg' rel=\"lightbox[3427]\"><img loading=\"lazy\" decoding=\"async\" width=\"150\" height=\"112\" src=\"https:\/\/www.mundi-roth.de\/teneriffa-blog\/wp-content\/uploads\/2014\/12\/P1160587-150x112.jpg\" class=\"attachment-thumbnail size-thumbnail\" alt=\"\" aria-describedby=\"gallery-1-3433\" srcset=\"https:\/\/www.mundi-roth.de\/teneriffa-blog\/wp-content\/uploads\/2014\/12\/P1160587-150x112.jpg 150w, https:\/\/www.mundi-roth.de\/teneriffa-blog\/wp-content\/uploads\/2014\/12\/P1160587-300x225.jpg 300w, https:\/\/www.mundi-roth.de\/teneriffa-blog\/wp-content\/uploads\/2014\/12\/P1160587.jpg 800w\" sizes=\"auto, (max-width: 150px) 100vw, 150px\" \/><\/a>\n\t\t\t<\/dt>\n\t\t\t\t<dd class='wp-caption-text gallery-caption' id='gallery-1-3433'>\n\t\t\t\tInselchen\n\t\t\t\t<\/dd><\/dl><dl class='gallery-item'>\n\t\t\t<dt class='gallery-icon landscape'>\n\t\t\t\t<a href='https:\/\/www.mundi-roth.de\/teneriffa-blog\/wp-content\/uploads\/2014\/12\/P1160594.jpg' rel=\"lightbox[3427]\"><img loading=\"lazy\" decoding=\"async\" width=\"150\" height=\"112\" src=\"https:\/\/www.mundi-roth.de\/teneriffa-blog\/wp-content\/uploads\/2014\/12\/P1160594-150x112.jpg\" class=\"attachment-thumbnail size-thumbnail\" alt=\"\" aria-describedby=\"gallery-1-3434\" srcset=\"https:\/\/www.mundi-roth.de\/teneriffa-blog\/wp-content\/uploads\/2014\/12\/P1160594-150x112.jpg 150w, https:\/\/www.mundi-roth.de\/teneriffa-blog\/wp-content\/uploads\/2014\/12\/P1160594-300x225.jpg 300w, https:\/\/www.mundi-roth.de\/teneriffa-blog\/wp-content\/uploads\/2014\/12\/P1160594.jpg 800w\" sizes=\"auto, (max-width: 150px) 100vw, 150px\" \/><\/a>\n\t\t\t<\/dt>\n\t\t\t\t<dd class='wp-caption-text gallery-caption' id='gallery-1-3434'>\n\t\t\t\t1. Bucht\n\t\t\t\t<\/dd><\/dl><br style=\"clear: both\" \/><dl class='gallery-item'>\n\t\t\t<dt class='gallery-icon landscape'>\n\t\t\t\t<a href='https:\/\/www.mundi-roth.de\/teneriffa-blog\/wp-content\/uploads\/2014\/12\/P1160595.jpg' rel=\"lightbox[3427]\"><img loading=\"lazy\" decoding=\"async\" width=\"150\" height=\"112\" src=\"https:\/\/www.mundi-roth.de\/teneriffa-blog\/wp-content\/uploads\/2014\/12\/P1160595-150x112.jpg\" class=\"attachment-thumbnail size-thumbnail\" alt=\"\" aria-describedby=\"gallery-1-3435\" srcset=\"https:\/\/www.mundi-roth.de\/teneriffa-blog\/wp-content\/uploads\/2014\/12\/P1160595-150x112.jpg 150w, https:\/\/www.mundi-roth.de\/teneriffa-blog\/wp-content\/uploads\/2014\/12\/P1160595-300x225.jpg 300w, https:\/\/www.mundi-roth.de\/teneriffa-blog\/wp-content\/uploads\/2014\/12\/P1160595.jpg 800w\" sizes=\"auto, (max-width: 150px) 100vw, 150px\" \/><\/a>\n\t\t\t<\/dt>\n\t\t\t\t<dd class='wp-caption-text gallery-caption' id='gallery-1-3435'>\n\t\t\t\t1. Aufstieg\n\t\t\t\t<\/dd><\/dl><dl class='gallery-item'>\n\t\t\t<dt class='gallery-icon landscape'>\n\t\t\t\t<a href='https:\/\/www.mundi-roth.de\/teneriffa-blog\/wp-content\/uploads\/2014\/12\/P1160603.jpg' rel=\"lightbox[3427]\"><img loading=\"lazy\" decoding=\"async\" width=\"150\" height=\"112\" src=\"https:\/\/www.mundi-roth.de\/teneriffa-blog\/wp-content\/uploads\/2014\/12\/P1160603-150x112.jpg\" class=\"attachment-thumbnail size-thumbnail\" alt=\"\" aria-describedby=\"gallery-1-3436\" srcset=\"https:\/\/www.mundi-roth.de\/teneriffa-blog\/wp-content\/uploads\/2014\/12\/P1160603-150x112.jpg 150w, https:\/\/www.mundi-roth.de\/teneriffa-blog\/wp-content\/uploads\/2014\/12\/P1160603-300x225.jpg 300w, https:\/\/www.mundi-roth.de\/teneriffa-blog\/wp-content\/uploads\/2014\/12\/P1160603.jpg 800w\" sizes=\"auto, (max-width: 150px) 100vw, 150px\" \/><\/a>\n\t\t\t<\/dt>\n\t\t\t\t<dd class='wp-caption-text gallery-caption' id='gallery-1-3436'>\n\t\t\t\tLeuchterblumen\n\t\t\t\t<\/dd><\/dl><dl class='gallery-item'>\n\t\t\t<dt class='gallery-icon landscape'>\n\t\t\t\t<a href='https:\/\/www.mundi-roth.de\/teneriffa-blog\/wp-content\/uploads\/2014\/12\/P11606111.jpg' rel=\"lightbox[3427]\"><img loading=\"lazy\" decoding=\"async\" width=\"150\" height=\"112\" src=\"https:\/\/www.mundi-roth.de\/teneriffa-blog\/wp-content\/uploads\/2014\/12\/P11606111-150x112.jpg\" class=\"attachment-thumbnail size-thumbnail\" alt=\"\" aria-describedby=\"gallery-1-3437\" srcset=\"https:\/\/www.mundi-roth.de\/teneriffa-blog\/wp-content\/uploads\/2014\/12\/P11606111-150x112.jpg 150w, https:\/\/www.mundi-roth.de\/teneriffa-blog\/wp-content\/uploads\/2014\/12\/P11606111-300x225.jpg 300w, https:\/\/www.mundi-roth.de\/teneriffa-blog\/wp-content\/uploads\/2014\/12\/P11606111.jpg 800w\" sizes=\"auto, (max-width: 150px) 100vw, 150px\" \/><\/a>\n\t\t\t<\/dt>\n\t\t\t\t<dd class='wp-caption-text gallery-caption' id='gallery-1-3437'>\n\t\t\t\t2. Bucht\n\t\t\t\t<\/dd><\/dl><br style=\"clear: both\" \/><dl class='gallery-item'>\n\t\t\t<dt class='gallery-icon landscape'>\n\t\t\t\t<a href='https:\/\/www.mundi-roth.de\/teneriffa-blog\/wp-content\/uploads\/2014\/12\/P1160613.jpg' rel=\"lightbox[3427]\"><img loading=\"lazy\" decoding=\"async\" width=\"150\" height=\"112\" src=\"https:\/\/www.mundi-roth.de\/teneriffa-blog\/wp-content\/uploads\/2014\/12\/P1160613-150x112.jpg\" class=\"attachment-thumbnail size-thumbnail\" alt=\"\" aria-describedby=\"gallery-1-3438\" srcset=\"https:\/\/www.mundi-roth.de\/teneriffa-blog\/wp-content\/uploads\/2014\/12\/P1160613-150x112.jpg 150w, https:\/\/www.mundi-roth.de\/teneriffa-blog\/wp-content\/uploads\/2014\/12\/P1160613-300x225.jpg 300w, https:\/\/www.mundi-roth.de\/teneriffa-blog\/wp-content\/uploads\/2014\/12\/P1160613.jpg 800w\" sizes=\"auto, (max-width: 150px) 100vw, 150px\" \/><\/a>\n\t\t\t<\/dt>\n\t\t\t\t<dd class='wp-caption-text gallery-caption' id='gallery-1-3438'>\n\t\t\t\tTabaiba dulce\n\t\t\t\t<\/dd><\/dl><dl class='gallery-item'>\n\t\t\t<dt class='gallery-icon landscape'>\n\t\t\t\t<a href='https:\/\/www.mundi-roth.de\/teneriffa-blog\/wp-content\/uploads\/2014\/12\/P1160616.jpg' rel=\"lightbox[3427]\"><img loading=\"lazy\" decoding=\"async\" width=\"150\" height=\"112\" src=\"https:\/\/www.mundi-roth.de\/teneriffa-blog\/wp-content\/uploads\/2014\/12\/P1160616-150x112.jpg\" class=\"attachment-thumbnail size-thumbnail\" alt=\"\" aria-describedby=\"gallery-1-3439\" srcset=\"https:\/\/www.mundi-roth.de\/teneriffa-blog\/wp-content\/uploads\/2014\/12\/P1160616-150x112.jpg 150w, https:\/\/www.mundi-roth.de\/teneriffa-blog\/wp-content\/uploads\/2014\/12\/P1160616-300x225.jpg 300w, https:\/\/www.mundi-roth.de\/teneriffa-blog\/wp-content\/uploads\/2014\/12\/P1160616.jpg 800w\" sizes=\"auto, (max-width: 150px) 100vw, 150px\" \/><\/a>\n\t\t\t<\/dt>\n\t\t\t\t<dd class='wp-caption-text gallery-caption' id='gallery-1-3439'>\n\t\t\t\tDie n\u00e4chste Bucht\n\t\t\t\t<\/dd><\/dl><dl class='gallery-item'>\n\t\t\t<dt class='gallery-icon landscape'>\n\t\t\t\t<a href='https:\/\/www.mundi-roth.de\/teneriffa-blog\/wp-content\/uploads\/2014\/12\/P1160617.jpg' rel=\"lightbox[3427]\"><img loading=\"lazy\" decoding=\"async\" width=\"150\" height=\"112\" src=\"https:\/\/www.mundi-roth.de\/teneriffa-blog\/wp-content\/uploads\/2014\/12\/P1160617-150x112.jpg\" class=\"attachment-thumbnail size-thumbnail\" alt=\"\" aria-describedby=\"gallery-1-3440\" srcset=\"https:\/\/www.mundi-roth.de\/teneriffa-blog\/wp-content\/uploads\/2014\/12\/P1160617-150x112.jpg 150w, https:\/\/www.mundi-roth.de\/teneriffa-blog\/wp-content\/uploads\/2014\/12\/P1160617-300x225.jpg 300w, https:\/\/www.mundi-roth.de\/teneriffa-blog\/wp-content\/uploads\/2014\/12\/P1160617.jpg 800w\" sizes=\"auto, (max-width: 150px) 100vw, 150px\" \/><\/a>\n\t\t\t<\/dt>\n\t\t\t\t<dd class='wp-caption-text gallery-caption' id='gallery-1-3440'>\n\t\t\t\tMeeressalat\n\t\t\t\t<\/dd><\/dl><br style=\"clear: both\" \/><dl class='gallery-item'>\n\t\t\t<dt class='gallery-icon landscape'>\n\t\t\t\t<a href='https:\/\/www.mundi-roth.de\/teneriffa-blog\/wp-content\/uploads\/2014\/12\/P1160624.jpg' rel=\"lightbox[3427]\"><img loading=\"lazy\" decoding=\"async\" width=\"150\" height=\"112\" src=\"https:\/\/www.mundi-roth.de\/teneriffa-blog\/wp-content\/uploads\/2014\/12\/P1160624-150x112.jpg\" class=\"attachment-thumbnail size-thumbnail\" alt=\"\" aria-describedby=\"gallery-1-3441\" srcset=\"https:\/\/www.mundi-roth.de\/teneriffa-blog\/wp-content\/uploads\/2014\/12\/P1160624-150x112.jpg 150w, https:\/\/www.mundi-roth.de\/teneriffa-blog\/wp-content\/uploads\/2014\/12\/P1160624-300x225.jpg 300w, https:\/\/www.mundi-roth.de\/teneriffa-blog\/wp-content\/uploads\/2014\/12\/P1160624.jpg 800w\" sizes=\"auto, (max-width: 150px) 100vw, 150px\" \/><\/a>\n\t\t\t<\/dt>\n\t\t\t\t<dd class='wp-caption-text gallery-caption' id='gallery-1-3441'>\n\t\t\t\tNoch eine Bucht\n\t\t\t\t<\/dd><\/dl><dl class='gallery-item'>\n\t\t\t<dt class='gallery-icon landscape'>\n\t\t\t\t<a href='https:\/\/www.mundi-roth.de\/teneriffa-blog\/wp-content\/uploads\/2014\/12\/P1160625.jpg' rel=\"lightbox[3427]\"><img loading=\"lazy\" decoding=\"async\" width=\"150\" height=\"112\" src=\"https:\/\/www.mundi-roth.de\/teneriffa-blog\/wp-content\/uploads\/2014\/12\/P1160625-150x112.jpg\" class=\"attachment-thumbnail size-thumbnail\" alt=\"\" aria-describedby=\"gallery-1-3442\" srcset=\"https:\/\/www.mundi-roth.de\/teneriffa-blog\/wp-content\/uploads\/2014\/12\/P1160625-150x112.jpg 150w, https:\/\/www.mundi-roth.de\/teneriffa-blog\/wp-content\/uploads\/2014\/12\/P1160625-300x225.jpg 300w, https:\/\/www.mundi-roth.de\/teneriffa-blog\/wp-content\/uploads\/2014\/12\/P1160625.jpg 800w\" sizes=\"auto, (max-width: 150px) 100vw, 150px\" \/><\/a>\n\t\t\t<\/dt>\n\t\t\t\t<dd class='wp-caption-text gallery-caption' id='gallery-1-3442'>\n\t\t\t\tBocksdorn\n\t\t\t\t<\/dd><\/dl><dl class='gallery-item'>\n\t\t\t<dt class='gallery-icon landscape'>\n\t\t\t\t<a href='https:\/\/www.mundi-roth.de\/teneriffa-blog\/wp-content\/uploads\/2014\/12\/P1160632.jpg' rel=\"lightbox[3427]\"><img loading=\"lazy\" decoding=\"async\" width=\"150\" height=\"112\" src=\"https:\/\/www.mundi-roth.de\/teneriffa-blog\/wp-content\/uploads\/2014\/12\/P1160632-150x112.jpg\" class=\"attachment-thumbnail size-thumbnail\" alt=\"\" aria-describedby=\"gallery-1-3443\" srcset=\"https:\/\/www.mundi-roth.de\/teneriffa-blog\/wp-content\/uploads\/2014\/12\/P1160632-150x112.jpg 150w, https:\/\/www.mundi-roth.de\/teneriffa-blog\/wp-content\/uploads\/2014\/12\/P1160632-300x225.jpg 300w, https:\/\/www.mundi-roth.de\/teneriffa-blog\/wp-content\/uploads\/2014\/12\/P1160632.jpg 800w\" sizes=\"auto, (max-width: 150px) 100vw, 150px\" \/><\/a>\n\t\t\t<\/dt>\n\t\t\t\t<dd class='wp-caption-text gallery-caption' id='gallery-1-3443'>\n\t\t\t\tAbbruch\n\t\t\t\t<\/dd><\/dl><br style=\"clear: both\" \/><dl class='gallery-item'>\n\t\t\t<dt class='gallery-icon portrait'>\n\t\t\t\t<a href='https:\/\/www.mundi-roth.de\/teneriffa-blog\/wp-content\/uploads\/2014\/12\/P1160637.jpg' rel=\"lightbox[3427]\"><img loading=\"lazy\" decoding=\"async\" width=\"112\" height=\"150\" src=\"https:\/\/www.mundi-roth.de\/teneriffa-blog\/wp-content\/uploads\/2014\/12\/P1160637-112x150.jpg\" class=\"attachment-thumbnail size-thumbnail\" alt=\"\" aria-describedby=\"gallery-1-3444\" srcset=\"https:\/\/www.mundi-roth.de\/teneriffa-blog\/wp-content\/uploads\/2014\/12\/P1160637-112x150.jpg 112w, https:\/\/www.mundi-roth.de\/teneriffa-blog\/wp-content\/uploads\/2014\/12\/P1160637-225x300.jpg 225w, https:\/\/www.mundi-roth.de\/teneriffa-blog\/wp-content\/uploads\/2014\/12\/P1160637.jpg 600w\" sizes=\"auto, (max-width: 112px) 100vw, 112px\" \/><\/a>\n\t\t\t<\/dt>\n\t\t\t\t<dd class='wp-caption-text gallery-caption' id='gallery-1-3444'>\n\t\t\t\tNoch mehr Felsen\n\t\t\t\t<\/dd><\/dl><dl class='gallery-item'>\n\t\t\t<dt class='gallery-icon landscape'>\n\t\t\t\t<a href='https:\/\/www.mundi-roth.de\/teneriffa-blog\/wp-content\/uploads\/2014\/12\/P1160639.jpg' rel=\"lightbox[3427]\"><img loading=\"lazy\" decoding=\"async\" width=\"150\" height=\"112\" src=\"https:\/\/www.mundi-roth.de\/teneriffa-blog\/wp-content\/uploads\/2014\/12\/P1160639-150x112.jpg\" class=\"attachment-thumbnail size-thumbnail\" alt=\"\" aria-describedby=\"gallery-1-3463\" srcset=\"https:\/\/www.mundi-roth.de\/teneriffa-blog\/wp-content\/uploads\/2014\/12\/P1160639-150x112.jpg 150w, https:\/\/www.mundi-roth.de\/teneriffa-blog\/wp-content\/uploads\/2014\/12\/P1160639-300x225.jpg 300w, https:\/\/www.mundi-roth.de\/teneriffa-blog\/wp-content\/uploads\/2014\/12\/P1160639.jpg 800w\" sizes=\"auto, (max-width: 150px) 100vw, 150px\" \/><\/a>\n\t\t\t<\/dt>\n\t\t\t\t<dd class='wp-caption-text gallery-caption' id='gallery-1-3463'>\n\t\t\t\t&#8222;Rutsche&#8220; zum Meer\n\t\t\t\t<\/dd><\/dl><dl class='gallery-item'>\n\t\t\t<dt class='gallery-icon landscape'>\n\t\t\t\t<a href='https:\/\/www.mundi-roth.de\/teneriffa-blog\/wp-content\/uploads\/2014\/12\/P1160644.jpg' rel=\"lightbox[3427]\"><img loading=\"lazy\" decoding=\"async\" width=\"150\" height=\"112\" src=\"https:\/\/www.mundi-roth.de\/teneriffa-blog\/wp-content\/uploads\/2014\/12\/P1160644-150x112.jpg\" class=\"attachment-thumbnail size-thumbnail\" alt=\"\" aria-describedby=\"gallery-1-3446\" srcset=\"https:\/\/www.mundi-roth.de\/teneriffa-blog\/wp-content\/uploads\/2014\/12\/P1160644-150x112.jpg 150w, https:\/\/www.mundi-roth.de\/teneriffa-blog\/wp-content\/uploads\/2014\/12\/P1160644-300x225.jpg 300w, https:\/\/www.mundi-roth.de\/teneriffa-blog\/wp-content\/uploads\/2014\/12\/P1160644.jpg 800w\" sizes=\"auto, (max-width: 150px) 100vw, 150px\" \/><\/a>\n\t\t\t<\/dt>\n\t\t\t\t<dd class='wp-caption-text gallery-caption' id='gallery-1-3446'>\n\t\t\t\tPl\u00f6tzlich ein Weg\n\t\t\t\t<\/dd><\/dl><br style=\"clear: both\" \/><dl class='gallery-item'>\n\t\t\t<dt class='gallery-icon landscape'>\n\t\t\t\t<a href='https:\/\/www.mundi-roth.de\/teneriffa-blog\/wp-content\/uploads\/2014\/12\/P1160645.jpg' rel=\"lightbox[3427]\"><img loading=\"lazy\" decoding=\"async\" width=\"150\" height=\"112\" src=\"https:\/\/www.mundi-roth.de\/teneriffa-blog\/wp-content\/uploads\/2014\/12\/P1160645-150x112.jpg\" class=\"attachment-thumbnail size-thumbnail\" alt=\"\" aria-describedby=\"gallery-1-3447\" srcset=\"https:\/\/www.mundi-roth.de\/teneriffa-blog\/wp-content\/uploads\/2014\/12\/P1160645-150x112.jpg 150w, https:\/\/www.mundi-roth.de\/teneriffa-blog\/wp-content\/uploads\/2014\/12\/P1160645-300x225.jpg 300w, https:\/\/www.mundi-roth.de\/teneriffa-blog\/wp-content\/uploads\/2014\/12\/P1160645.jpg 800w\" sizes=\"auto, (max-width: 150px) 100vw, 150px\" \/><\/a>\n\t\t\t<\/dt>\n\t\t\t\t<dd class='wp-caption-text gallery-caption' id='gallery-1-3447'>\n\t\t\t\tFelsen\n\t\t\t\t<\/dd><\/dl><dl class='gallery-item'>\n\t\t\t<dt class='gallery-icon landscape'>\n\t\t\t\t<a href='https:\/\/www.mundi-roth.de\/teneriffa-blog\/wp-content\/uploads\/2014\/12\/P1160649.jpg' rel=\"lightbox[3427]\"><img loading=\"lazy\" decoding=\"async\" width=\"150\" height=\"112\" src=\"https:\/\/www.mundi-roth.de\/teneriffa-blog\/wp-content\/uploads\/2014\/12\/P1160649-150x112.jpg\" class=\"attachment-thumbnail size-thumbnail\" alt=\"\" aria-describedby=\"gallery-1-3448\" srcset=\"https:\/\/www.mundi-roth.de\/teneriffa-blog\/wp-content\/uploads\/2014\/12\/P1160649-150x112.jpg 150w, https:\/\/www.mundi-roth.de\/teneriffa-blog\/wp-content\/uploads\/2014\/12\/P1160649-300x225.jpg 300w, https:\/\/www.mundi-roth.de\/teneriffa-blog\/wp-content\/uploads\/2014\/12\/P1160649.jpg 800w\" sizes=\"auto, (max-width: 150px) 100vw, 150px\" \/><\/a>\n\t\t\t<\/dt>\n\t\t\t\t<dd class='wp-caption-text gallery-caption' id='gallery-1-3448'>\n\t\t\t\tDer x. Zugang zum Meer\n\t\t\t\t<\/dd><\/dl><dl class='gallery-item'>\n\t\t\t<dt class='gallery-icon landscape'>\n\t\t\t\t<a href='https:\/\/www.mundi-roth.de\/teneriffa-blog\/wp-content\/uploads\/2014\/12\/P1160651.jpg' rel=\"lightbox[3427]\"><img loading=\"lazy\" decoding=\"async\" width=\"150\" height=\"78\" src=\"https:\/\/www.mundi-roth.de\/teneriffa-blog\/wp-content\/uploads\/2014\/12\/P1160651-150x78.jpg\" class=\"attachment-thumbnail size-thumbnail\" alt=\"\" aria-describedby=\"gallery-1-3449\" srcset=\"https:\/\/www.mundi-roth.de\/teneriffa-blog\/wp-content\/uploads\/2014\/12\/P1160651-150x78.jpg 150w, https:\/\/www.mundi-roth.de\/teneriffa-blog\/wp-content\/uploads\/2014\/12\/P1160651-300x157.jpg 300w, https:\/\/www.mundi-roth.de\/teneriffa-blog\/wp-content\/uploads\/2014\/12\/P1160651.jpg 800w\" sizes=\"auto, (max-width: 150px) 100vw, 150px\" \/><\/a>\n\t\t\t<\/dt>\n\t\t\t\t<dd class='wp-caption-text gallery-caption' id='gallery-1-3449'>\n\t\t\t\tNeue Farben\n\t\t\t\t<\/dd><\/dl><br style=\"clear: both\" \/><dl class='gallery-item'>\n\t\t\t<dt class='gallery-icon landscape'>\n\t\t\t\t<a href='https:\/\/www.mundi-roth.de\/teneriffa-blog\/wp-content\/uploads\/2014\/12\/P1160652.jpg' rel=\"lightbox[3427]\"><img loading=\"lazy\" decoding=\"async\" width=\"150\" height=\"112\" src=\"https:\/\/www.mundi-roth.de\/teneriffa-blog\/wp-content\/uploads\/2014\/12\/P1160652-150x112.jpg\" class=\"attachment-thumbnail size-thumbnail\" alt=\"\" aria-describedby=\"gallery-1-3450\" srcset=\"https:\/\/www.mundi-roth.de\/teneriffa-blog\/wp-content\/uploads\/2014\/12\/P1160652-150x112.jpg 150w, https:\/\/www.mundi-roth.de\/teneriffa-blog\/wp-content\/uploads\/2014\/12\/P1160652-300x225.jpg 300w, https:\/\/www.mundi-roth.de\/teneriffa-blog\/wp-content\/uploads\/2014\/12\/P1160652.jpg 800w\" sizes=\"auto, (max-width: 150px) 100vw, 150px\" \/><\/a>\n\t\t\t<\/dt>\n\t\t\t\t<dd class='wp-caption-text gallery-caption' id='gallery-1-3450'>\n\t\t\t\tDer Weg\n\t\t\t\t<\/dd><\/dl><dl class='gallery-item'>\n\t\t\t<dt class='gallery-icon landscape'>\n\t\t\t\t<a href='https:\/\/www.mundi-roth.de\/teneriffa-blog\/wp-content\/uploads\/2014\/12\/P1160653.jpg' rel=\"lightbox[3427]\"><img loading=\"lazy\" decoding=\"async\" width=\"150\" height=\"112\" src=\"https:\/\/www.mundi-roth.de\/teneriffa-blog\/wp-content\/uploads\/2014\/12\/P1160653-150x112.jpg\" class=\"attachment-thumbnail size-thumbnail\" alt=\"\" aria-describedby=\"gallery-1-3451\" srcset=\"https:\/\/www.mundi-roth.de\/teneriffa-blog\/wp-content\/uploads\/2014\/12\/P1160653-150x112.jpg 150w, https:\/\/www.mundi-roth.de\/teneriffa-blog\/wp-content\/uploads\/2014\/12\/P1160653-300x225.jpg 300w, https:\/\/www.mundi-roth.de\/teneriffa-blog\/wp-content\/uploads\/2014\/12\/P1160653.jpg 800w\" sizes=\"auto, (max-width: 150px) 100vw, 150px\" \/><\/a>\n\t\t\t<\/dt>\n\t\t\t\t<dd class='wp-caption-text gallery-caption' id='gallery-1-3451'>\n\t\t\t\tNoch mehr Felsformationen\n\t\t\t\t<\/dd><\/dl><dl class='gallery-item'>\n\t\t\t<dt class='gallery-icon landscape'>\n\t\t\t\t<a href='https:\/\/www.mundi-roth.de\/teneriffa-blog\/wp-content\/uploads\/2014\/12\/P1160655.jpg' rel=\"lightbox[3427]\"><img loading=\"lazy\" decoding=\"async\" width=\"150\" height=\"112\" src=\"https:\/\/www.mundi-roth.de\/teneriffa-blog\/wp-content\/uploads\/2014\/12\/P1160655-150x112.jpg\" class=\"attachment-thumbnail size-thumbnail\" alt=\"\" aria-describedby=\"gallery-1-3452\" srcset=\"https:\/\/www.mundi-roth.de\/teneriffa-blog\/wp-content\/uploads\/2014\/12\/P1160655-150x112.jpg 150w, https:\/\/www.mundi-roth.de\/teneriffa-blog\/wp-content\/uploads\/2014\/12\/P1160655-300x225.jpg 300w, https:\/\/www.mundi-roth.de\/teneriffa-blog\/wp-content\/uploads\/2014\/12\/P1160655.jpg 800w\" sizes=\"auto, (max-width: 150px) 100vw, 150px\" \/><\/a>\n\t\t\t<\/dt>\n\t\t\t\t<dd class='wp-caption-text gallery-caption' id='gallery-1-3452'>\n\t\t\t\tF\u00fcr Abwechslung ist gesorgt\n\t\t\t\t<\/dd><\/dl><br style=\"clear: both\" \/><dl class='gallery-item'>\n\t\t\t<dt class='gallery-icon landscape'>\n\t\t\t\t<a href='https:\/\/www.mundi-roth.de\/teneriffa-blog\/wp-content\/uploads\/2014\/12\/P1160656.jpg' rel=\"lightbox[3427]\"><img loading=\"lazy\" decoding=\"async\" width=\"150\" height=\"112\" src=\"https:\/\/www.mundi-roth.de\/teneriffa-blog\/wp-content\/uploads\/2014\/12\/P1160656-150x112.jpg\" class=\"attachment-thumbnail size-thumbnail\" alt=\"\" aria-describedby=\"gallery-1-3453\" srcset=\"https:\/\/www.mundi-roth.de\/teneriffa-blog\/wp-content\/uploads\/2014\/12\/P1160656-150x112.jpg 150w, https:\/\/www.mundi-roth.de\/teneriffa-blog\/wp-content\/uploads\/2014\/12\/P1160656-300x225.jpg 300w, https:\/\/www.mundi-roth.de\/teneriffa-blog\/wp-content\/uploads\/2014\/12\/P1160656.jpg 800w\" sizes=\"auto, (max-width: 150px) 100vw, 150px\" \/><\/a>\n\t\t\t<\/dt>\n\t\t\t\t<dd class='wp-caption-text gallery-caption' id='gallery-1-3453'>\n\t\t\t\tDer angelegte Weg\n\t\t\t\t<\/dd><\/dl><dl class='gallery-item'>\n\t\t\t<dt class='gallery-icon landscape'>\n\t\t\t\t<a href='https:\/\/www.mundi-roth.de\/teneriffa-blog\/wp-content\/uploads\/2014\/12\/P1160660.jpg' rel=\"lightbox[3427]\"><img loading=\"lazy\" decoding=\"async\" width=\"150\" height=\"112\" src=\"https:\/\/www.mundi-roth.de\/teneriffa-blog\/wp-content\/uploads\/2014\/12\/P1160660-150x112.jpg\" class=\"attachment-thumbnail size-thumbnail\" alt=\"\" aria-describedby=\"gallery-1-3454\" srcset=\"https:\/\/www.mundi-roth.de\/teneriffa-blog\/wp-content\/uploads\/2014\/12\/P1160660-150x112.jpg 150w, https:\/\/www.mundi-roth.de\/teneriffa-blog\/wp-content\/uploads\/2014\/12\/P1160660-300x225.jpg 300w, https:\/\/www.mundi-roth.de\/teneriffa-blog\/wp-content\/uploads\/2014\/12\/P1160660.jpg 800w\" sizes=\"auto, (max-width: 150px) 100vw, 150px\" \/><\/a>\n\t\t\t<\/dt>\n\t\t\t\t<dd class='wp-caption-text gallery-caption' id='gallery-1-3454'>\n\t\t\t\tLas Eras &#8211; Playa\n\t\t\t\t<\/dd><\/dl><dl class='gallery-item'>\n\t\t\t<dt class='gallery-icon landscape'>\n\t\t\t\t<a href='https:\/\/www.mundi-roth.de\/teneriffa-blog\/wp-content\/uploads\/2014\/12\/P1160663.jpg' rel=\"lightbox[3427]\"><img loading=\"lazy\" decoding=\"async\" width=\"150\" height=\"112\" src=\"https:\/\/www.mundi-roth.de\/teneriffa-blog\/wp-content\/uploads\/2014\/12\/P1160663-150x112.jpg\" class=\"attachment-thumbnail size-thumbnail\" alt=\"\" aria-describedby=\"gallery-1-3455\" srcset=\"https:\/\/www.mundi-roth.de\/teneriffa-blog\/wp-content\/uploads\/2014\/12\/P1160663-150x112.jpg 150w, https:\/\/www.mundi-roth.de\/teneriffa-blog\/wp-content\/uploads\/2014\/12\/P1160663-300x225.jpg 300w, https:\/\/www.mundi-roth.de\/teneriffa-blog\/wp-content\/uploads\/2014\/12\/P1160663.jpg 800w\" sizes=\"auto, (max-width: 150px) 100vw, 150px\" \/><\/a>\n\t\t\t<\/dt>\n\t\t\t\t<dd class='wp-caption-text gallery-caption' id='gallery-1-3455'>\n\t\t\t\tLas Eras &#8211; Hafen\n\t\t\t\t<\/dd><\/dl><br style=\"clear: both\" \/><dl class='gallery-item'>\n\t\t\t<dt class='gallery-icon landscape'>\n\t\t\t\t<a href='https:\/\/www.mundi-roth.de\/teneriffa-blog\/wp-content\/uploads\/2014\/12\/P1160670.jpg' rel=\"lightbox[3427]\"><img loading=\"lazy\" decoding=\"async\" width=\"150\" height=\"112\" src=\"https:\/\/www.mundi-roth.de\/teneriffa-blog\/wp-content\/uploads\/2014\/12\/P1160670-150x112.jpg\" class=\"attachment-thumbnail size-thumbnail\" alt=\"\" aria-describedby=\"gallery-1-3456\" srcset=\"https:\/\/www.mundi-roth.de\/teneriffa-blog\/wp-content\/uploads\/2014\/12\/P1160670-150x112.jpg 150w, https:\/\/www.mundi-roth.de\/teneriffa-blog\/wp-content\/uploads\/2014\/12\/P1160670-300x225.jpg 300w, https:\/\/www.mundi-roth.de\/teneriffa-blog\/wp-content\/uploads\/2014\/12\/P1160670.jpg 800w\" sizes=\"auto, (max-width: 150px) 100vw, 150px\" \/><\/a>\n\t\t\t<\/dt>\n\t\t\t\t<dd class='wp-caption-text gallery-caption' id='gallery-1-3456'>\n\t\t\t\tAufstieg zur Autobahn\n\t\t\t\t<\/dd><\/dl><dl class='gallery-item'>\n\t\t\t<dt class='gallery-icon landscape'>\n\t\t\t\t<a href='https:\/\/www.mundi-roth.de\/teneriffa-blog\/wp-content\/uploads\/2014\/12\/P1160673.jpg' rel=\"lightbox[3427]\"><img loading=\"lazy\" decoding=\"async\" width=\"150\" height=\"129\" src=\"https:\/\/www.mundi-roth.de\/teneriffa-blog\/wp-content\/uploads\/2014\/12\/P1160673-150x129.jpg\" class=\"attachment-thumbnail size-thumbnail\" alt=\"\" aria-describedby=\"gallery-1-3457\" srcset=\"https:\/\/www.mundi-roth.de\/teneriffa-blog\/wp-content\/uploads\/2014\/12\/P1160673-150x129.jpg 150w, https:\/\/www.mundi-roth.de\/teneriffa-blog\/wp-content\/uploads\/2014\/12\/P1160673-300x259.jpg 300w, https:\/\/www.mundi-roth.de\/teneriffa-blog\/wp-content\/uploads\/2014\/12\/P1160673.jpg 800w\" sizes=\"auto, (max-width: 150px) 100vw, 150px\" \/><\/a>\n\t\t\t<\/dt>\n\t\t\t\t<dd class='wp-caption-text gallery-caption' id='gallery-1-3457'>\n\t\t\t\tDesfontaines Jochblatt\n\t\t\t\t<\/dd><\/dl><dl class='gallery-item'>\n\t\t\t<dt class='gallery-icon landscape'>\n\t\t\t\t<a href='https:\/\/www.mundi-roth.de\/teneriffa-blog\/wp-content\/uploads\/2014\/12\/P1160678.jpg' rel=\"lightbox[3427]\"><img loading=\"lazy\" decoding=\"async\" width=\"150\" height=\"112\" src=\"https:\/\/www.mundi-roth.de\/teneriffa-blog\/wp-content\/uploads\/2014\/12\/P1160678-150x112.jpg\" class=\"attachment-thumbnail size-thumbnail\" alt=\"\" aria-describedby=\"gallery-1-3458\" srcset=\"https:\/\/www.mundi-roth.de\/teneriffa-blog\/wp-content\/uploads\/2014\/12\/P1160678-150x112.jpg 150w, https:\/\/www.mundi-roth.de\/teneriffa-blog\/wp-content\/uploads\/2014\/12\/P1160678-300x225.jpg 300w, https:\/\/www.mundi-roth.de\/teneriffa-blog\/wp-content\/uploads\/2014\/12\/P1160678.jpg 800w\" sizes=\"auto, (max-width: 150px) 100vw, 150px\" \/><\/a>\n\t\t\t<\/dt>\n\t\t\t\t<dd class='wp-caption-text gallery-caption' id='gallery-1-3458'>\n\t\t\t\tDie wievielte Schlucht ?\n\t\t\t\t<\/dd><\/dl><br style=\"clear: both\" \/><dl class='gallery-item'>\n\t\t\t<dt class='gallery-icon landscape'>\n\t\t\t\t<a href='https:\/\/www.mundi-roth.de\/teneriffa-blog\/wp-content\/uploads\/2014\/12\/P1160680.jpg' rel=\"lightbox[3427]\"><img loading=\"lazy\" decoding=\"async\" width=\"150\" height=\"112\" src=\"https:\/\/www.mundi-roth.de\/teneriffa-blog\/wp-content\/uploads\/2014\/12\/P1160680-150x112.jpg\" class=\"attachment-thumbnail size-thumbnail\" alt=\"\" aria-describedby=\"gallery-1-3459\" srcset=\"https:\/\/www.mundi-roth.de\/teneriffa-blog\/wp-content\/uploads\/2014\/12\/P1160680-150x112.jpg 150w, https:\/\/www.mundi-roth.de\/teneriffa-blog\/wp-content\/uploads\/2014\/12\/P1160680-300x225.jpg 300w, https:\/\/www.mundi-roth.de\/teneriffa-blog\/wp-content\/uploads\/2014\/12\/P1160680.jpg 800w\" sizes=\"auto, (max-width: 150px) 100vw, 150px\" \/><\/a>\n\t\t\t<\/dt>\n\t\t\t\t<dd class='wp-caption-text gallery-caption' id='gallery-1-3459'>\n\t\t\t\tWilde Felsen\n\t\t\t\t<\/dd><\/dl><dl class='gallery-item'>\n\t\t\t<dt class='gallery-icon landscape'>\n\t\t\t\t<a href='https:\/\/www.mundi-roth.de\/teneriffa-blog\/wp-content\/uploads\/2014\/12\/P1160683.jpg' rel=\"lightbox[3427]\"><img loading=\"lazy\" decoding=\"async\" width=\"150\" height=\"85\" src=\"https:\/\/www.mundi-roth.de\/teneriffa-blog\/wp-content\/uploads\/2014\/12\/P1160683-150x85.jpg\" class=\"attachment-thumbnail size-thumbnail\" alt=\"\" aria-describedby=\"gallery-1-3460\" srcset=\"https:\/\/www.mundi-roth.de\/teneriffa-blog\/wp-content\/uploads\/2014\/12\/P1160683-150x85.jpg 150w, https:\/\/www.mundi-roth.de\/teneriffa-blog\/wp-content\/uploads\/2014\/12\/P1160683-300x171.jpg 300w, https:\/\/www.mundi-roth.de\/teneriffa-blog\/wp-content\/uploads\/2014\/12\/P1160683.jpg 800w\" sizes=\"auto, (max-width: 150px) 100vw, 150px\" \/><\/a>\n\t\t\t<\/dt>\n\t\t\t\t<dd class='wp-caption-text gallery-caption' id='gallery-1-3460'>\n\t\t\t\tEin Blick zur\u00fcck\n\t\t\t\t<\/dd><\/dl><dl class='gallery-item'>\n\t\t\t<dt class='gallery-icon landscape'>\n\t\t\t\t<a href='https:\/\/www.mundi-roth.de\/teneriffa-blog\/wp-content\/uploads\/2014\/12\/P1160684.jpg' rel=\"lightbox[3427]\"><img loading=\"lazy\" decoding=\"async\" width=\"150\" height=\"112\" src=\"https:\/\/www.mundi-roth.de\/teneriffa-blog\/wp-content\/uploads\/2014\/12\/P1160684-150x112.jpg\" class=\"attachment-thumbnail size-thumbnail\" alt=\"\" aria-describedby=\"gallery-1-3461\" srcset=\"https:\/\/www.mundi-roth.de\/teneriffa-blog\/wp-content\/uploads\/2014\/12\/P1160684-150x112.jpg 150w, https:\/\/www.mundi-roth.de\/teneriffa-blog\/wp-content\/uploads\/2014\/12\/P1160684-300x225.jpg 300w, https:\/\/www.mundi-roth.de\/teneriffa-blog\/wp-content\/uploads\/2014\/12\/P1160684.jpg 800w\" sizes=\"auto, (max-width: 150px) 100vw, 150px\" \/><\/a>\n\t\t\t<\/dt>\n\t\t\t\t<dd class='wp-caption-text gallery-caption' id='gallery-1-3461'>\n\t\t\t\tOhne Worte\n\t\t\t\t<\/dd><\/dl><br style=\"clear: both\" \/><dl class='gallery-item'>\n\t\t\t<dt class='gallery-icon landscape'>\n\t\t\t\t<a href='https:\/\/www.mundi-roth.de\/teneriffa-blog\/wp-content\/uploads\/2014\/12\/P1160685.jpg' rel=\"lightbox[3427]\"><img loading=\"lazy\" decoding=\"async\" width=\"150\" height=\"112\" src=\"https:\/\/www.mundi-roth.de\/teneriffa-blog\/wp-content\/uploads\/2014\/12\/P1160685-150x112.jpg\" class=\"attachment-thumbnail size-thumbnail\" alt=\"\" aria-describedby=\"gallery-1-3462\" srcset=\"https:\/\/www.mundi-roth.de\/teneriffa-blog\/wp-content\/uploads\/2014\/12\/P1160685-150x112.jpg 150w, https:\/\/www.mundi-roth.de\/teneriffa-blog\/wp-content\/uploads\/2014\/12\/P1160685-300x225.jpg 300w, https:\/\/www.mundi-roth.de\/teneriffa-blog\/wp-content\/uploads\/2014\/12\/P1160685.jpg 800w\" sizes=\"auto, (max-width: 150px) 100vw, 150px\" \/><\/a>\n\t\t\t<\/dt>\n\t\t\t\t<dd class='wp-caption-text gallery-caption' id='gallery-1-3462'>\n\t\t\t\tGanz sch\u00f6n eng\n\t\t\t\t<\/dd><\/dl>\n\t\t\t<br style='clear: both' \/>\n\t\t<\/div>\n\n","protected":false},"excerpt":{"rendered":"<p>K\u00fcstenwanderung \u201eSoweit die F\u00fc\u00dfe tragen\u201c Nachdem uns vergangene Woche die Tour entlang des Meeres so gut gefallen hat, wollen wir diesmal wiederum eine bekannte Strecke mit einer unbekannten kombinieren. Wanderwegstrecke: 2 \u00bd Stunden f\u00fcr 9 km Geplant war, mit dem Bus 111 vom Busbahnhof Los Cristianos aus bis nach Los Roques an der TF 1 [&hellip;]<\/p>\n","protected":false},"author":4,"featured_media":4217,"comment_status":"open","ping_status":"open","sticky":false,"template":"","format":"standard","meta":{"footnotes":""},"categories":[771,6],"tags":[745,744,325,741,53,739,743,740,130,746,742,439,446],"class_list":["post-3427","post","type-post","status-publish","format-standard","has-post-thumbnail","hentry","category-gueimar","category-wanderungen","tag-bocksdorn","tag-desfontaines-jochblatt","tag-kustenwanderung","tag-las-eras","tag-leuchterblume","tag-los-roques","tag-meeressalat","tag-poris-de-abona","tag-strandflieder","tag-suesse-wolfsmilch","tag-tabaibabuesche","tag-teneriffa-wandern","tag-wandern-teneriffa"],"yoast_head":"<!-- This site is optimized with the Yoast SEO plugin v27.5 - https:\/\/yoast.com\/product\/yoast-seo-wordpress\/ -->\n<title>Los Roques \u2013 Poris de Abona - Teneriffa Wandern<\/title>\n<meta name=\"robots\" content=\"index, follow, max-snippet:-1, max-image-preview:large, max-video-preview:-1\" \/>\n<link rel=\"canonical\" href=\"https:\/\/www.mundi-roth.de\/teneriffa-blog\/wanderungen\/los-roques-poris-de-abona\/\" \/>\n<meta name=\"twitter:label1\" content=\"Verfasst von\" \/>\n\t<meta name=\"twitter:data1\" content=\"mundi\" \/>\n\t<meta name=\"twitter:label2\" content=\"Gesch\u00e4tzte Lesezeit\" \/>\n\t<meta name=\"twitter:data2\" content=\"5\u00a0Minuten\" \/>\n<script type=\"application\/ld+json\" class=\"yoast-schema-graph\">{\"@context\":\"https:\\\/\\\/schema.org\",\"@graph\":[{\"@type\":\"Article\",\"@id\":\"https:\\\/\\\/www.mundi-roth.de\\\/teneriffa-blog\\\/wanderungen\\\/los-roques-poris-de-abona\\\/#article\",\"isPartOf\":{\"@id\":\"https:\\\/\\\/www.mundi-roth.de\\\/teneriffa-blog\\\/wanderungen\\\/los-roques-poris-de-abona\\\/\"},\"author\":{\"name\":\"mundi\",\"@id\":\"https:\\\/\\\/www.mundi-roth.de\\\/teneriffa-blog\\\/#\\\/schema\\\/person\\\/971c66b55f3ae5e8741553688c413cac\"},\"headline\":\"Los Roques \u2013 Poris de Abona\",\"datePublished\":\"2014-12-03T21:00:40+00:00\",\"dateModified\":\"2015-07-13T11:42:55+00:00\",\"mainEntityOfPage\":{\"@id\":\"https:\\\/\\\/www.mundi-roth.de\\\/teneriffa-blog\\\/wanderungen\\\/los-roques-poris-de-abona\\\/\"},\"wordCount\":996,\"commentCount\":1,\"image\":{\"@id\":\"https:\\\/\\\/www.mundi-roth.de\\\/teneriffa-blog\\\/wanderungen\\\/los-roques-poris-de-abona\\\/#primaryimage\"},\"thumbnailUrl\":\"https:\\\/\\\/www.mundi-roth.de\\\/teneriffa-blog\\\/wp-content\\\/uploads\\\/2014\\\/12\\\/P11606161.jpg\",\"keywords\":[\"Bocksdorn\",\"Desfontaines Jochblatt\",\"K\u00fcstenwanderung\",\"Las Eras\",\"Leuchterblume\",\"Los Roques\",\"Meeressalat\",\"Poris de Abona\",\"Strandflieder\",\"s\u00fc\u00dfe Wolfsmilch\",\"Tabaibab\u00fcsche\",\"Teneriffa Wandern\",\"Wandern Teneriffa\"],\"articleSection\":[\"G\u00fcimar\",\"Wanderungen\"],\"inLanguage\":\"de\",\"potentialAction\":[{\"@type\":\"CommentAction\",\"name\":\"Comment\",\"target\":[\"https:\\\/\\\/www.mundi-roth.de\\\/teneriffa-blog\\\/wanderungen\\\/los-roques-poris-de-abona\\\/#respond\"]}]},{\"@type\":\"WebPage\",\"@id\":\"https:\\\/\\\/www.mundi-roth.de\\\/teneriffa-blog\\\/wanderungen\\\/los-roques-poris-de-abona\\\/\",\"url\":\"https:\\\/\\\/www.mundi-roth.de\\\/teneriffa-blog\\\/wanderungen\\\/los-roques-poris-de-abona\\\/\",\"name\":\"Los Roques \u2013 Poris de Abona - Teneriffa Wandern\",\"isPartOf\":{\"@id\":\"https:\\\/\\\/www.mundi-roth.de\\\/teneriffa-blog\\\/#website\"},\"primaryImageOfPage\":{\"@id\":\"https:\\\/\\\/www.mundi-roth.de\\\/teneriffa-blog\\\/wanderungen\\\/los-roques-poris-de-abona\\\/#primaryimage\"},\"image\":{\"@id\":\"https:\\\/\\\/www.mundi-roth.de\\\/teneriffa-blog\\\/wanderungen\\\/los-roques-poris-de-abona\\\/#primaryimage\"},\"thumbnailUrl\":\"https:\\\/\\\/www.mundi-roth.de\\\/teneriffa-blog\\\/wp-content\\\/uploads\\\/2014\\\/12\\\/P11606161.jpg\",\"datePublished\":\"2014-12-03T21:00:40+00:00\",\"dateModified\":\"2015-07-13T11:42:55+00:00\",\"author\":{\"@id\":\"https:\\\/\\\/www.mundi-roth.de\\\/teneriffa-blog\\\/#\\\/schema\\\/person\\\/971c66b55f3ae5e8741553688c413cac\"},\"breadcrumb\":{\"@id\":\"https:\\\/\\\/www.mundi-roth.de\\\/teneriffa-blog\\\/wanderungen\\\/los-roques-poris-de-abona\\\/#breadcrumb\"},\"inLanguage\":\"de\",\"potentialAction\":[{\"@type\":\"ReadAction\",\"target\":[\"https:\\\/\\\/www.mundi-roth.de\\\/teneriffa-blog\\\/wanderungen\\\/los-roques-poris-de-abona\\\/\"]}]},{\"@type\":\"ImageObject\",\"inLanguage\":\"de\",\"@id\":\"https:\\\/\\\/www.mundi-roth.de\\\/teneriffa-blog\\\/wanderungen\\\/los-roques-poris-de-abona\\\/#primaryimage\",\"url\":\"https:\\\/\\\/www.mundi-roth.de\\\/teneriffa-blog\\\/wp-content\\\/uploads\\\/2014\\\/12\\\/P11606161.jpg\",\"contentUrl\":\"https:\\\/\\\/www.mundi-roth.de\\\/teneriffa-blog\\\/wp-content\\\/uploads\\\/2014\\\/12\\\/P11606161.jpg\",\"width\":800,\"height\":600},{\"@type\":\"BreadcrumbList\",\"@id\":\"https:\\\/\\\/www.mundi-roth.de\\\/teneriffa-blog\\\/wanderungen\\\/los-roques-poris-de-abona\\\/#breadcrumb\",\"itemListElement\":[{\"@type\":\"ListItem\",\"position\":1,\"name\":\"Startseite\",\"item\":\"https:\\\/\\\/www.mundi-roth.de\\\/teneriffa-blog\\\/\"},{\"@type\":\"ListItem\",\"position\":2,\"name\":\"Los Roques \u2013 Poris de Abona\"}]},{\"@type\":\"WebSite\",\"@id\":\"https:\\\/\\\/www.mundi-roth.de\\\/teneriffa-blog\\\/#website\",\"url\":\"https:\\\/\\\/www.mundi-roth.de\\\/teneriffa-blog\\\/\",\"name\":\"Teneriffa Wandern\",\"description\":\"Nicht nur Wanderungen auf Teneriffa...\",\"potentialAction\":[{\"@type\":\"SearchAction\",\"target\":{\"@type\":\"EntryPoint\",\"urlTemplate\":\"https:\\\/\\\/www.mundi-roth.de\\\/teneriffa-blog\\\/?s={search_term_string}\"},\"query-input\":{\"@type\":\"PropertyValueSpecification\",\"valueRequired\":true,\"valueName\":\"search_term_string\"}}],\"inLanguage\":\"de\"},{\"@type\":\"Person\",\"@id\":\"https:\\\/\\\/www.mundi-roth.de\\\/teneriffa-blog\\\/#\\\/schema\\\/person\\\/971c66b55f3ae5e8741553688c413cac\",\"name\":\"mundi\",\"image\":{\"@type\":\"ImageObject\",\"inLanguage\":\"de\",\"@id\":\"https:\\\/\\\/secure.gravatar.com\\\/avatar\\\/555f0dd85428f1a9330f8e5dbe9e40ff9ca912bb81e5a89747ebf3ca9c20dc0f?s=96&d=mm&r=g\",\"url\":\"https:\\\/\\\/secure.gravatar.com\\\/avatar\\\/555f0dd85428f1a9330f8e5dbe9e40ff9ca912bb81e5a89747ebf3ca9c20dc0f?s=96&d=mm&r=g\",\"contentUrl\":\"https:\\\/\\\/secure.gravatar.com\\\/avatar\\\/555f0dd85428f1a9330f8e5dbe9e40ff9ca912bb81e5a89747ebf3ca9c20dc0f?s=96&d=mm&r=g\",\"caption\":\"mundi\"},\"sameAs\":[\"http:\\\/\\\/mundi-roth.de\"],\"url\":\"https:\\\/\\\/www.mundi-roth.de\\\/teneriffa-blog\\\/author\\\/mundi\\\/\"}]}<\/script>\n<!-- \/ Yoast SEO plugin. -->","yoast_head_json":{"title":"Los Roques \u2013 Poris de Abona - Teneriffa Wandern","robots":{"index":"index","follow":"follow","max-snippet":"max-snippet:-1","max-image-preview":"max-image-preview:large","max-video-preview":"max-video-preview:-1"},"canonical":"https:\/\/www.mundi-roth.de\/teneriffa-blog\/wanderungen\/los-roques-poris-de-abona\/","twitter_misc":{"Verfasst von":"mundi","Gesch\u00e4tzte Lesezeit":"5\u00a0Minuten"},"schema":{"@context":"https:\/\/schema.org","@graph":[{"@type":"Article","@id":"https:\/\/www.mundi-roth.de\/teneriffa-blog\/wanderungen\/los-roques-poris-de-abona\/#article","isPartOf":{"@id":"https:\/\/www.mundi-roth.de\/teneriffa-blog\/wanderungen\/los-roques-poris-de-abona\/"},"author":{"name":"mundi","@id":"https:\/\/www.mundi-roth.de\/teneriffa-blog\/#\/schema\/person\/971c66b55f3ae5e8741553688c413cac"},"headline":"Los Roques \u2013 Poris de Abona","datePublished":"2014-12-03T21:00:40+00:00","dateModified":"2015-07-13T11:42:55+00:00","mainEntityOfPage":{"@id":"https:\/\/www.mundi-roth.de\/teneriffa-blog\/wanderungen\/los-roques-poris-de-abona\/"},"wordCount":996,"commentCount":1,"image":{"@id":"https:\/\/www.mundi-roth.de\/teneriffa-blog\/wanderungen\/los-roques-poris-de-abona\/#primaryimage"},"thumbnailUrl":"https:\/\/www.mundi-roth.de\/teneriffa-blog\/wp-content\/uploads\/2014\/12\/P11606161.jpg","keywords":["Bocksdorn","Desfontaines Jochblatt","K\u00fcstenwanderung","Las Eras","Leuchterblume","Los Roques","Meeressalat","Poris de Abona","Strandflieder","s\u00fc\u00dfe Wolfsmilch","Tabaibab\u00fcsche","Teneriffa Wandern","Wandern Teneriffa"],"articleSection":["G\u00fcimar","Wanderungen"],"inLanguage":"de","potentialAction":[{"@type":"CommentAction","name":"Comment","target":["https:\/\/www.mundi-roth.de\/teneriffa-blog\/wanderungen\/los-roques-poris-de-abona\/#respond"]}]},{"@type":"WebPage","@id":"https:\/\/www.mundi-roth.de\/teneriffa-blog\/wanderungen\/los-roques-poris-de-abona\/","url":"https:\/\/www.mundi-roth.de\/teneriffa-blog\/wanderungen\/los-roques-poris-de-abona\/","name":"Los Roques \u2013 Poris de Abona - Teneriffa Wandern","isPartOf":{"@id":"https:\/\/www.mundi-roth.de\/teneriffa-blog\/#website"},"primaryImageOfPage":{"@id":"https:\/\/www.mundi-roth.de\/teneriffa-blog\/wanderungen\/los-roques-poris-de-abona\/#primaryimage"},"image":{"@id":"https:\/\/www.mundi-roth.de\/teneriffa-blog\/wanderungen\/los-roques-poris-de-abona\/#primaryimage"},"thumbnailUrl":"https:\/\/www.mundi-roth.de\/teneriffa-blog\/wp-content\/uploads\/2014\/12\/P11606161.jpg","datePublished":"2014-12-03T21:00:40+00:00","dateModified":"2015-07-13T11:42:55+00:00","author":{"@id":"https:\/\/www.mundi-roth.de\/teneriffa-blog\/#\/schema\/person\/971c66b55f3ae5e8741553688c413cac"},"breadcrumb":{"@id":"https:\/\/www.mundi-roth.de\/teneriffa-blog\/wanderungen\/los-roques-poris-de-abona\/#breadcrumb"},"inLanguage":"de","potentialAction":[{"@type":"ReadAction","target":["https:\/\/www.mundi-roth.de\/teneriffa-blog\/wanderungen\/los-roques-poris-de-abona\/"]}]},{"@type":"ImageObject","inLanguage":"de","@id":"https:\/\/www.mundi-roth.de\/teneriffa-blog\/wanderungen\/los-roques-poris-de-abona\/#primaryimage","url":"https:\/\/www.mundi-roth.de\/teneriffa-blog\/wp-content\/uploads\/2014\/12\/P11606161.jpg","contentUrl":"https:\/\/www.mundi-roth.de\/teneriffa-blog\/wp-content\/uploads\/2014\/12\/P11606161.jpg","width":800,"height":600},{"@type":"BreadcrumbList","@id":"https:\/\/www.mundi-roth.de\/teneriffa-blog\/wanderungen\/los-roques-poris-de-abona\/#breadcrumb","itemListElement":[{"@type":"ListItem","position":1,"name":"Startseite","item":"https:\/\/www.mundi-roth.de\/teneriffa-blog\/"},{"@type":"ListItem","position":2,"name":"Los Roques \u2013 Poris de Abona"}]},{"@type":"WebSite","@id":"https:\/\/www.mundi-roth.de\/teneriffa-blog\/#website","url":"https:\/\/www.mundi-roth.de\/teneriffa-blog\/","name":"Teneriffa Wandern","description":"Nicht nur Wanderungen auf Teneriffa...","potentialAction":[{"@type":"SearchAction","target":{"@type":"EntryPoint","urlTemplate":"https:\/\/www.mundi-roth.de\/teneriffa-blog\/?s={search_term_string}"},"query-input":{"@type":"PropertyValueSpecification","valueRequired":true,"valueName":"search_term_string"}}],"inLanguage":"de"},{"@type":"Person","@id":"https:\/\/www.mundi-roth.de\/teneriffa-blog\/#\/schema\/person\/971c66b55f3ae5e8741553688c413cac","name":"mundi","image":{"@type":"ImageObject","inLanguage":"de","@id":"https:\/\/secure.gravatar.com\/avatar\/555f0dd85428f1a9330f8e5dbe9e40ff9ca912bb81e5a89747ebf3ca9c20dc0f?s=96&d=mm&r=g","url":"https:\/\/secure.gravatar.com\/avatar\/555f0dd85428f1a9330f8e5dbe9e40ff9ca912bb81e5a89747ebf3ca9c20dc0f?s=96&d=mm&r=g","contentUrl":"https:\/\/secure.gravatar.com\/avatar\/555f0dd85428f1a9330f8e5dbe9e40ff9ca912bb81e5a89747ebf3ca9c20dc0f?s=96&d=mm&r=g","caption":"mundi"},"sameAs":["http:\/\/mundi-roth.de"],"url":"https:\/\/www.mundi-roth.de\/teneriffa-blog\/author\/mundi\/"}]}},"_links":{"self":[{"href":"https:\/\/www.mundi-roth.de\/teneriffa-blog\/wp-json\/wp\/v2\/posts\/3427","targetHints":{"allow":["GET"]}}],"collection":[{"href":"https:\/\/www.mundi-roth.de\/teneriffa-blog\/wp-json\/wp\/v2\/posts"}],"about":[{"href":"https:\/\/www.mundi-roth.de\/teneriffa-blog\/wp-json\/wp\/v2\/types\/post"}],"author":[{"embeddable":true,"href":"https:\/\/www.mundi-roth.de\/teneriffa-blog\/wp-json\/wp\/v2\/users\/4"}],"replies":[{"embeddable":true,"href":"https:\/\/www.mundi-roth.de\/teneriffa-blog\/wp-json\/wp\/v2\/comments?post=3427"}],"version-history":[{"count":0,"href":"https:\/\/www.mundi-roth.de\/teneriffa-blog\/wp-json\/wp\/v2\/posts\/3427\/revisions"}],"wp:featuredmedia":[{"embeddable":true,"href":"https:\/\/www.mundi-roth.de\/teneriffa-blog\/wp-json\/wp\/v2\/media\/4217"}],"wp:attachment":[{"href":"https:\/\/www.mundi-roth.de\/teneriffa-blog\/wp-json\/wp\/v2\/media?parent=3427"}],"wp:term":[{"taxonomy":"category","embeddable":true,"href":"https:\/\/www.mundi-roth.de\/teneriffa-blog\/wp-json\/wp\/v2\/categories?post=3427"},{"taxonomy":"post_tag","embeddable":true,"href":"https:\/\/www.mundi-roth.de\/teneriffa-blog\/wp-json\/wp\/v2\/tags?post=3427"}],"curies":[{"name":"wp","href":"https:\/\/api.w.org\/{rel}","templated":true}]}}