{"id":3467,"date":"2014-12-09T22:00:18","date_gmt":"2014-12-09T21:00:18","guid":{"rendered":"http:\/\/www.mundi-roth.de\/teneriffa-blog\/?p=3467"},"modified":"2019-07-30T15:30:20","modified_gmt":"2019-07-30T14:30:20","slug":"palmengarten-santa-cruz","status":"publish","type":"post","link":"https:\/\/www.mundi-roth.de\/teneriffa-blog\/wanderungen\/palmengarten-santa-cruz\/","title":{"rendered":"Palmengarten in Santa Cruz"},"content":{"rendered":"<h1 style=\"text-align: center;\">Palmetum<\/h1>\n<h1 style=\"text-align: center;\">Jard\u00edn Bot\u00e1nico del Palmetum<\/h1>\n<div id=\"attachment_3471\" style=\"width: 310px\" class=\"wp-caption aligncenter\"><a href=\"https:\/\/www.mundi-roth.de\/teneriffa-blog\/wp-content\/uploads\/2014\/12\/P1160752.jpg\" rel=\"lightbox[3467]\"><img loading=\"lazy\" decoding=\"async\" aria-describedby=\"caption-attachment-3471\" class=\"size-medium wp-image-3471\" src=\"https:\/\/www.mundi-roth.de\/teneriffa-blog\/wp-content\/uploads\/2014\/12\/P1160752-300x228.jpg\" alt=\"Palmetum\" width=\"300\" height=\"228\" srcset=\"https:\/\/www.mundi-roth.de\/teneriffa-blog\/wp-content\/uploads\/2014\/12\/P1160752-300x228.jpg 300w, https:\/\/www.mundi-roth.de\/teneriffa-blog\/wp-content\/uploads\/2014\/12\/P1160752-150x114.jpg 150w, https:\/\/www.mundi-roth.de\/teneriffa-blog\/wp-content\/uploads\/2014\/12\/P1160752.jpg 800w\" sizes=\"auto, (max-width: 300px) 100vw, 300px\" \/><\/a><p id=\"caption-attachment-3471\" class=\"wp-caption-text\">Palmetum<\/p><\/div>\n<p>Das Wetter ist heute nicht vielversprechend, daher erf\u00fcllen wir uns einen schon seit dem Fr\u00fchjahr gehegten Wunsch:<br \/>\nWir wollen den Anfang des Jahres er\u00f6ffneten <a href=\"https:\/\/palmetumtenerife.es\/?lang=de\">Palmengarten in Santa Cruz<\/a> besichtigen.<\/p>\n<p>Eine neue Attraktion f\u00fcr Teneriffa! Ein Gewinn f\u00fcr Santa Cruz !<\/p>\n<p>Das spanische Prinzenpaar Kronprinz Felipe und Prinzessin Letizia\u00a0 \u2013 inzwischen seit 19. Juni 2014\u00a0 K\u00f6nigspaar \u2013 er\u00f6ffnete\u00a0 am 28. Januar 2014 im Beisein von viel Prominenz diesen Botanischen Garten.<\/p>\n<p>Zur Geschichte und Entwicklung habe ich ich aus diversen Ver\u00f6ffentlichungen zusammengetragen:<br \/>\nEin Auszug aus einem Artikel des Wochenblattes umrei\u00dft kurz und pr\u00e4gnant den Werdegang:<\/p>\n<p>\u201eDer Weg vom M\u00fcllberg zur Palmoase\u201c.<br \/>\nAuf einer 1983 geschlossenen M\u00fcllhalde, die sich zu einem M\u00fcllberg entwickelt hatte, und \u201emalerisch\u201c direkt am Meer lag, wurde nach den Pl\u00e4nen des\u00a0 1992 durch einen tragischen Verkehrsunfall verstorbenen K\u00fcnstlers, C\u00e9sar Manrique aus Lanzarote, dieser Palmengarten errichtet.<br \/>\nDa sich der M\u00fcllberg unmittelbar neben der von ihm entworfenen Bade-Schwimmanlage \u201eParque Mar\u00edtimo\u201c befand, hatte er von Anfang an die Idee, diesen M\u00fclllh\u00fcgel in das Projekt zu integrieren und mit Palmen aus aller Herren L\u00e4nder zu bepflanzen.<\/p>\n<p>1995 konnte mit EU-Geldern mit dem Anlegen des Palmengartens begonnen werden.<br \/>\nWegen Finanzierungsproblemen um 2000 hat sich die Er\u00f6ffnung immer wieder verz\u00f6gert.<br \/>\nAber: Ende gut, alles gut!<\/p>\n<p>Auf einem Gel\u00e4nde von 12 Hektar wurde in einem weltweit einzigartigen Projekt eine M\u00fcllhalde in ein Freizeit- und Kulturgel\u00e4nde verwandelt.<br \/>\nVon den weltweit 2.400 Palmenarten wurden 400 Arten und davon 70 vom Aussterben bedrohte angebaut.<\/p>\n<p>Auszug aus dem Infoblatt des \u201ePalmetum\u201c:<br \/>\nDas Palmetum ist ein 12 Hektar gro\u00dfer Botanischer Garten, spezialisiert auf die verschiedenen Palmenarten. In einem weltweit einzigartigen Projekt haben wir eine M\u00fcllhalde in ein Freizeit- und Kulturgel\u00e4nde verwandelt, in dem wir eine spektakul\u00e4re Vegetation zeigen k\u00f6nnen, die aus Zusammenarbeiten mit verschiedensten Institutionen der ganzen Welt entstanden ist. Sidney, La Havanna, Miami, Santo Domingo etc.<br \/>\nDas Palmetum ist der einzige bepflanzte Berg an der K\u00fcste der Hauptstadt Santa Cruz de Tenerife.<\/p>\n<div id=\"attachment_3470\" style=\"width: 160px\" class=\"wp-caption alignright\"><a href=\"https:\/\/www.mundi-roth.de\/teneriffa-blog\/wp-content\/uploads\/2014\/12\/P1160757.jpg\" rel=\"lightbox[3467]\"><img loading=\"lazy\" decoding=\"async\" aria-describedby=\"caption-attachment-3470\" class=\"size-thumbnail wp-image-3470\" src=\"https:\/\/www.mundi-roth.de\/teneriffa-blog\/wp-content\/uploads\/2014\/12\/P1160757-150x112.jpg\" alt=\"Ausblick\" width=\"150\" height=\"112\" srcset=\"https:\/\/www.mundi-roth.de\/teneriffa-blog\/wp-content\/uploads\/2014\/12\/P1160757-150x112.jpg 150w, https:\/\/www.mundi-roth.de\/teneriffa-blog\/wp-content\/uploads\/2014\/12\/P1160757-300x225.jpg 300w, https:\/\/www.mundi-roth.de\/teneriffa-blog\/wp-content\/uploads\/2014\/12\/P1160757.jpg 800w\" sizes=\"auto, (max-width: 150px) 100vw, 150px\" \/><\/a><p id=\"caption-attachment-3470\" class=\"wp-caption-text\">Ausblick<\/p><\/div>\n<p>Wir haben hier etliche Aussichtspunkte mit wundersch\u00f6nem Meerblick, mit Blick auf die Hauptstadt und das Anagagebirge, welches bald zum Biosph\u00e4renreservat erkl\u00e4rt wird.<br \/>\nIn unseren G\u00e4rten w\u00e4chst Europas gr\u00f6\u00dfte Palmensammlung und ist schon als gr\u00f6\u00dfte tropische Palmensammlung der Welt benannt worden.<br \/>\nZwischen den Palmen k\u00f6nnen sie B\u00e4che, Seen und Wasserf\u00e4lle bestaunen.\u201c<\/p>\n<p>\u00d6ffnungszeiten<br \/>\nim Winter:<br \/>\n10:00 bis 18:00 Uhr, letzter Einlass um 17:00 Uhr<br \/>\nim Sommer:<br \/>\n10:00 \u2013 14:00 Uhr<br \/>\n16:00 \u2013 20:00 Uhr, letzter Einlass um 19:00 Uhr<br \/>\nEintritt: 6,00 Euro und f\u00fcr Residente 1,50 Euro<\/p>\n<p><strong>Zur Information:<\/strong><br \/>\nDem Eingangsbereich ist eine kleine Ausstellung angegliedert.<br \/>\nPl\u00e4ne gibt es nur in russisch und franz\u00f6sisch &#8211; andere Sprachen in K\u00fcrze. Auch wird es in K\u00fcrze einen Audio-Guide geben.<br \/>\nIst aber nicht schlimm, da gro\u00dfe Tafeln und Wegweiser den Rundweg vorgeben.<br \/>\nZudem ist zu jeder Pflanze eine Infotafel mit entsprechendem Namen und zum Teil mit Erl\u00e4uterungen angebracht &#8211; allerdings nur in spanisch und englisch.<br \/>\nEin Caf\u00e9 oder eine Bar gibt es nicht.<\/p>\n<p><strong>Fazit:<\/strong><br \/>\nEs war eine gute Alternative zur Wanderung.<br \/>\nWir haben eine knappe Stunde dort zugebracht und auf den B\u00e4nken in den diversen \u201eKanzeln\u201c Platz genommen und den Meerblick und die Aussicht auf das\u00a0 Anaga-Gebirge genossen. Der Blick auf die Stadt bietet eine gute \u00dcbersicht, weniger sch\u00f6n ist jedoch der Ausblick auf das hiesige Industriegel\u00e4nde.<br \/>\nZudem hatten wir noch nie die Badeanlage \u201eParque Mar\u00edtimo\u201c zu sehen bekommen und das Auditorio dahinter bietet eine sch\u00f6ne Kulisse, die zur Zeit jedoch durch Bohrinseln \u2013 auf dem Weg Richtung Lanzarote &#8211; verschandelt wird.<br \/>\nInsgesamt ist der Palmengarten wundersch\u00f6n angelegt \u2013 wie k\u00f6nnte es anders sein, wenn er nach Pl\u00e4nen von C\u00e9sar Manrique errichtet wurde.<\/p>\n<p>Ich bin ein ausgesprochener Fan dieses genialen K\u00fcnstlers!<br \/>\nEr war Maler, Architekt, Bildhauer, Designer und Umweltsch\u00fctzer.<br \/>\nNur am Rande: Ihm ist zu verdanken, dass Lanzarote sich f\u00fcr einen sanften Tourismus einsetzte, ohne Baus\u00fcnden aus Beton zu begehen, Hochh\u00e4user waren verp\u00f6nt (kein Haus sollte h\u00f6her als eine \u201eKanarische Dattelpalme\u201c sein). Reklametafeln ab 1968 verboten!<br \/>\nSein Anliegen war es, Natur mit Kunst, Landschaft und Bauwerk in Beziehung zu setzen.<br \/>\nEs war ein Gl\u00fccksfall, C\u00e9sar Manrique hatte die Ideen und sein Freund, der damalige Inselpr\u00e4sident, Pedro San Gin\u00e9s, die Macht, diese Pl\u00e4ne umzusetzen.<\/p>\n<p>Aber weiter zu unseren Eindr\u00fccken des Palmengartens:<\/p>\n<p>Man kann wunderbar alleine das Gel\u00e4nde durchstreifen und sich an den An- und Ausblicken erfreuen! Man kann nur staunen \u00fcber die Vielfalt!<br \/>\nDie Wege sind so gestaltet, dass auch Rollstuhlfahrer sie nutzen k\u00f6nnen und zum Schluss gibt es einen Fahrstuhl.<br \/>\nNach unserem Empfinden jedoch ist die Anlage nicht unbedingt sehr\u00a0 \u201egepflegt\u201c.<br \/>\nObwohl an jeder Ecke jemand etwas repariert, zupft oder schneidet, meinen wir: Die abgestorbenen Palmwedel m\u00fcssten unbedingt ausgeschnitten werden, das w\u00fcrde den Gesamteindruck wesentlich verbessern.<\/p>\n<p>In einem Gespr\u00e4ch mit den beiden Damen an der Rezeption erfuhren wir, dass die Anlage nicht sehr gut von Besuchern angenommen wird, daher\u00a0fehlt es vermutlich auch an Geld, um das Ganze zu optimieren.<br \/>\nWir hoffen f\u00fcr diesen sehenswerten, liebevoll und genial gestalteten Palmengarten, dass er in Zukunft die Anerkennung bekommt, die er verdient.<\/p>\n<p><strong>Die Anfahr<\/strong>t von Los Cristianos, von der TF 1, ist einfach:<a href=\"https:\/\/www.mundi-roth.de\/teneriffa-blog\/wp-content\/uploads\/2014\/12\/Anfahrt-Palmetum.jpg\" rel=\"lightbox[3467]\"><img loading=\"lazy\" decoding=\"async\" class=\"alignright size-thumbnail wp-image-3469\" src=\"https:\/\/www.mundi-roth.de\/teneriffa-blog\/wp-content\/uploads\/2014\/12\/Anfahrt-Palmetum-150x87.jpg\" alt=\"Anfahrt-Palmetum\" width=\"150\" height=\"87\" srcset=\"https:\/\/www.mundi-roth.de\/teneriffa-blog\/wp-content\/uploads\/2014\/12\/Anfahrt-Palmetum-150x87.jpg 150w, https:\/\/www.mundi-roth.de\/teneriffa-blog\/wp-content\/uploads\/2014\/12\/Anfahrt-Palmetum-300x175.jpg 300w, https:\/\/www.mundi-roth.de\/teneriffa-blog\/wp-content\/uploads\/2014\/12\/Anfahrt-Palmetum.jpg 612w\" sizes=\"auto, (max-width: 150px) 100vw, 150px\" \/><\/a><br \/>\nKurz vor dem Auditorium gibt es bereits Hinweistafeln und ein gro\u00dfer Parkplatz ist auch vorhanden.<\/p>\n<p>&nbsp;<\/p>\n<p><strong>Unsere Foto-Impressionen<\/strong><\/p>\n\n\t\t<style type=\"text\/css\">\n\t\t\t#gallery-1 {\n\t\t\t\tmargin: auto;\n\t\t\t}\n\t\t\t#gallery-1 .gallery-item {\n\t\t\t\tfloat: left;\n\t\t\t\tmargin-top: 10px;\n\t\t\t\ttext-align: center;\n\t\t\t\twidth: 33%;\n\t\t\t}\n\t\t\t#gallery-1 img {\n\t\t\t\tborder: 2px solid #cfcfcf;\n\t\t\t}\n\t\t\t#gallery-1 .gallery-caption {\n\t\t\t\tmargin-left: 0;\n\t\t\t}\n\t\t\t\/* see gallery_shortcode() in wp-includes\/media.php *\/\n\t\t<\/style>\n\t\t<div id='gallery-1' class='gallery galleryid-3467 gallery-columns-3 gallery-size-thumbnail'><dl class='gallery-item'>\n\t\t\t<dt class='gallery-icon landscape'>\n\t\t\t\t<a href='https:\/\/www.mundi-roth.de\/teneriffa-blog\/wp-content\/uploads\/2014\/12\/P1160705.jpg' rel=\"lightbox[3467]\"><img loading=\"lazy\" decoding=\"async\" width=\"150\" height=\"112\" src=\"https:\/\/www.mundi-roth.de\/teneriffa-blog\/wp-content\/uploads\/2014\/12\/P1160705-150x112.jpg\" class=\"attachment-thumbnail size-thumbnail\" alt=\"\" aria-describedby=\"gallery-1-3472\" srcset=\"https:\/\/www.mundi-roth.de\/teneriffa-blog\/wp-content\/uploads\/2014\/12\/P1160705-150x112.jpg 150w, https:\/\/www.mundi-roth.de\/teneriffa-blog\/wp-content\/uploads\/2014\/12\/P1160705-300x225.jpg 300w, https:\/\/www.mundi-roth.de\/teneriffa-blog\/wp-content\/uploads\/2014\/12\/P1160705.jpg 800w\" sizes=\"auto, (max-width: 150px) 100vw, 150px\" \/><\/a>\n\t\t\t<\/dt>\n\t\t\t\t<dd class='wp-caption-text gallery-caption' id='gallery-1-3472'>\n\t\t\t\tMorinda critrifolia\n\t\t\t\t<\/dd><\/dl><dl class='gallery-item'>\n\t\t\t<dt class='gallery-icon landscape'>\n\t\t\t\t<a href='https:\/\/www.mundi-roth.de\/teneriffa-blog\/wp-content\/uploads\/2014\/12\/P1160712.jpg' rel=\"lightbox[3467]\"><img loading=\"lazy\" decoding=\"async\" width=\"150\" height=\"112\" src=\"https:\/\/www.mundi-roth.de\/teneriffa-blog\/wp-content\/uploads\/2014\/12\/P1160712-150x112.jpg\" class=\"attachment-thumbnail size-thumbnail\" alt=\"\" aria-describedby=\"gallery-1-3473\" srcset=\"https:\/\/www.mundi-roth.de\/teneriffa-blog\/wp-content\/uploads\/2014\/12\/P1160712-150x112.jpg 150w, https:\/\/www.mundi-roth.de\/teneriffa-blog\/wp-content\/uploads\/2014\/12\/P1160712-300x225.jpg 300w, https:\/\/www.mundi-roth.de\/teneriffa-blog\/wp-content\/uploads\/2014\/12\/P1160712.jpg 800w\" sizes=\"auto, (max-width: 150px) 100vw, 150px\" \/><\/a>\n\t\t\t<\/dt>\n\t\t\t\t<dd class='wp-caption-text gallery-caption' id='gallery-1-3473'>\n\t\t\t\tCrinum asiaticum\n\t\t\t\t<\/dd><\/dl><dl class='gallery-item'>\n\t\t\t<dt class='gallery-icon portrait'>\n\t\t\t\t<a href='https:\/\/www.mundi-roth.de\/teneriffa-blog\/wp-content\/uploads\/2014\/12\/P11607153.jpg' rel=\"lightbox[3467]\"><img loading=\"lazy\" decoding=\"async\" width=\"111\" height=\"150\" src=\"https:\/\/www.mundi-roth.de\/teneriffa-blog\/wp-content\/uploads\/2014\/12\/P11607153-111x150.jpg\" class=\"attachment-thumbnail size-thumbnail\" alt=\"\" aria-describedby=\"gallery-1-3499\" srcset=\"https:\/\/www.mundi-roth.de\/teneriffa-blog\/wp-content\/uploads\/2014\/12\/P11607153-111x150.jpg 111w, https:\/\/www.mundi-roth.de\/teneriffa-blog\/wp-content\/uploads\/2014\/12\/P11607153-222x300.jpg 222w, https:\/\/www.mundi-roth.de\/teneriffa-blog\/wp-content\/uploads\/2014\/12\/P11607153.jpg 592w\" sizes=\"auto, (max-width: 111px) 100vw, 111px\" \/><\/a>\n\t\t\t<\/dt>\n\t\t\t\t<dd class='wp-caption-text gallery-caption' id='gallery-1-3499'>\n\t\t\t\tAraucea columnaris\n\t\t\t\t<\/dd><\/dl><br style=\"clear: both\" \/><dl class='gallery-item'>\n\t\t\t<dt class='gallery-icon landscape'>\n\t\t\t\t<a href='https:\/\/www.mundi-roth.de\/teneriffa-blog\/wp-content\/uploads\/2014\/12\/P1160716.jpg' rel=\"lightbox[3467]\"><img loading=\"lazy\" decoding=\"async\" width=\"150\" height=\"112\" src=\"https:\/\/www.mundi-roth.de\/teneriffa-blog\/wp-content\/uploads\/2014\/12\/P1160716-150x112.jpg\" class=\"attachment-thumbnail size-thumbnail\" alt=\"\" aria-describedby=\"gallery-1-3475\" srcset=\"https:\/\/www.mundi-roth.de\/teneriffa-blog\/wp-content\/uploads\/2014\/12\/P1160716-150x112.jpg 150w, https:\/\/www.mundi-roth.de\/teneriffa-blog\/wp-content\/uploads\/2014\/12\/P1160716-300x225.jpg 300w, https:\/\/www.mundi-roth.de\/teneriffa-blog\/wp-content\/uploads\/2014\/12\/P1160716.jpg 800w\" sizes=\"auto, (max-width: 150px) 100vw, 150px\" \/><\/a>\n\t\t\t<\/dt>\n\t\t\t\t<dd class='wp-caption-text gallery-caption' id='gallery-1-3475'>\n\t\t\t\tAraucaria columnaris\n\t\t\t\t<\/dd><\/dl><dl class='gallery-item'>\n\t\t\t<dt class='gallery-icon landscape'>\n\t\t\t\t<a href='https:\/\/www.mundi-roth.de\/teneriffa-blog\/wp-content\/uploads\/2014\/12\/P1160718.jpg' rel=\"lightbox[3467]\"><img loading=\"lazy\" decoding=\"async\" width=\"150\" height=\"140\" src=\"https:\/\/www.mundi-roth.de\/teneriffa-blog\/wp-content\/uploads\/2014\/12\/P1160718-150x140.jpg\" class=\"attachment-thumbnail size-thumbnail\" alt=\"\" aria-describedby=\"gallery-1-3476\" srcset=\"https:\/\/www.mundi-roth.de\/teneriffa-blog\/wp-content\/uploads\/2014\/12\/P1160718-150x140.jpg 150w, https:\/\/www.mundi-roth.de\/teneriffa-blog\/wp-content\/uploads\/2014\/12\/P1160718-300x281.jpg 300w, https:\/\/www.mundi-roth.de\/teneriffa-blog\/wp-content\/uploads\/2014\/12\/P1160718.jpg 800w\" sizes=\"auto, (max-width: 150px) 100vw, 150px\" \/><\/a>\n\t\t\t<\/dt>\n\t\t\t\t<dd class='wp-caption-text gallery-caption' id='gallery-1-3476'>\n\t\t\t\tPandanus tectorius\n\t\t\t\t<\/dd><\/dl><dl class='gallery-item'>\n\t\t\t<dt class='gallery-icon landscape'>\n\t\t\t\t<a href='https:\/\/www.mundi-roth.de\/teneriffa-blog\/wp-content\/uploads\/2014\/12\/P1160719.jpg' rel=\"lightbox[3467]\"><img loading=\"lazy\" decoding=\"async\" width=\"150\" height=\"112\" src=\"https:\/\/www.mundi-roth.de\/teneriffa-blog\/wp-content\/uploads\/2014\/12\/P1160719-150x112.jpg\" class=\"attachment-thumbnail size-thumbnail\" alt=\"\" aria-describedby=\"gallery-1-3477\" srcset=\"https:\/\/www.mundi-roth.de\/teneriffa-blog\/wp-content\/uploads\/2014\/12\/P1160719-150x112.jpg 150w, https:\/\/www.mundi-roth.de\/teneriffa-blog\/wp-content\/uploads\/2014\/12\/P1160719-300x225.jpg 300w, https:\/\/www.mundi-roth.de\/teneriffa-blog\/wp-content\/uploads\/2014\/12\/P1160719.jpg 800w\" sizes=\"auto, (max-width: 150px) 100vw, 150px\" \/><\/a>\n\t\t\t<\/dt>\n\t\t\t\t<dd class='wp-caption-text gallery-caption' id='gallery-1-3477'>\n\t\t\t\tPandanus tectorius\n\t\t\t\t<\/dd><\/dl><br style=\"clear: both\" \/><dl class='gallery-item'>\n\t\t\t<dt class='gallery-icon landscape'>\n\t\t\t\t<a href='https:\/\/www.mundi-roth.de\/teneriffa-blog\/wp-content\/uploads\/2014\/12\/P1160724.jpg' rel=\"lightbox[3467]\"><img loading=\"lazy\" decoding=\"async\" width=\"150\" height=\"112\" src=\"https:\/\/www.mundi-roth.de\/teneriffa-blog\/wp-content\/uploads\/2014\/12\/P1160724-150x112.jpg\" class=\"attachment-thumbnail size-thumbnail\" alt=\"\" aria-describedby=\"gallery-1-3478\" srcset=\"https:\/\/www.mundi-roth.de\/teneriffa-blog\/wp-content\/uploads\/2014\/12\/P1160724-150x112.jpg 150w, https:\/\/www.mundi-roth.de\/teneriffa-blog\/wp-content\/uploads\/2014\/12\/P1160724-300x225.jpg 300w, https:\/\/www.mundi-roth.de\/teneriffa-blog\/wp-content\/uploads\/2014\/12\/P1160724.jpg 800w\" sizes=\"auto, (max-width: 150px) 100vw, 150px\" \/><\/a>\n\t\t\t<\/dt>\n\t\t\t\t<dd class='wp-caption-text gallery-caption' id='gallery-1-3478'>\n\t\t\t\tDypsis lutescens\n\t\t\t\t<\/dd><\/dl><dl class='gallery-item'>\n\t\t\t<dt class='gallery-icon landscape'>\n\t\t\t\t<a href='https:\/\/www.mundi-roth.de\/teneriffa-blog\/wp-content\/uploads\/2014\/12\/P1160726.jpg' rel=\"lightbox[3467]\"><img loading=\"lazy\" decoding=\"async\" width=\"150\" height=\"112\" src=\"https:\/\/www.mundi-roth.de\/teneriffa-blog\/wp-content\/uploads\/2014\/12\/P1160726-150x112.jpg\" class=\"attachment-thumbnail size-thumbnail\" alt=\"\" aria-describedby=\"gallery-1-3479\" srcset=\"https:\/\/www.mundi-roth.de\/teneriffa-blog\/wp-content\/uploads\/2014\/12\/P1160726-150x112.jpg 150w, https:\/\/www.mundi-roth.de\/teneriffa-blog\/wp-content\/uploads\/2014\/12\/P1160726-300x225.jpg 300w, https:\/\/www.mundi-roth.de\/teneriffa-blog\/wp-content\/uploads\/2014\/12\/P1160726.jpg 800w\" sizes=\"auto, (max-width: 150px) 100vw, 150px\" \/><\/a>\n\t\t\t<\/dt>\n\t\t\t\t<dd class='wp-caption-text gallery-caption' id='gallery-1-3479'>\n\t\t\t\tDypsis decaryi\n\t\t\t\t<\/dd><\/dl><dl class='gallery-item'>\n\t\t\t<dt class='gallery-icon portrait'>\n\t\t\t\t<a href='https:\/\/www.mundi-roth.de\/teneriffa-blog\/wp-content\/uploads\/2014\/12\/P1160728.jpg' rel=\"lightbox[3467]\"><img loading=\"lazy\" decoding=\"async\" width=\"147\" height=\"150\" src=\"https:\/\/www.mundi-roth.de\/teneriffa-blog\/wp-content\/uploads\/2014\/12\/P1160728-147x150.jpg\" class=\"attachment-thumbnail size-thumbnail\" alt=\"\" aria-describedby=\"gallery-1-3481\" srcset=\"https:\/\/www.mundi-roth.de\/teneriffa-blog\/wp-content\/uploads\/2014\/12\/P1160728-147x150.jpg 147w, https:\/\/www.mundi-roth.de\/teneriffa-blog\/wp-content\/uploads\/2014\/12\/P1160728-295x300.jpg 295w, https:\/\/www.mundi-roth.de\/teneriffa-blog\/wp-content\/uploads\/2014\/12\/P1160728.jpg 787w\" sizes=\"auto, (max-width: 147px) 100vw, 147px\" \/><\/a>\n\t\t\t<\/dt>\n\t\t\t\t<dd class='wp-caption-text gallery-caption' id='gallery-1-3481'>\n\t\t\t\tBismarckia nobilis\n\t\t\t\t<\/dd><\/dl><br style=\"clear: both\" \/><dl class='gallery-item'>\n\t\t\t<dt class='gallery-icon portrait'>\n\t\t\t\t<a href='https:\/\/www.mundi-roth.de\/teneriffa-blog\/wp-content\/uploads\/2014\/12\/P1160732.jpg' rel=\"lightbox[3467]\"><img loading=\"lazy\" decoding=\"async\" width=\"112\" height=\"150\" src=\"https:\/\/www.mundi-roth.de\/teneriffa-blog\/wp-content\/uploads\/2014\/12\/P1160732-112x150.jpg\" class=\"attachment-thumbnail size-thumbnail\" alt=\"\" aria-describedby=\"gallery-1-3482\" srcset=\"https:\/\/www.mundi-roth.de\/teneriffa-blog\/wp-content\/uploads\/2014\/12\/P1160732-112x150.jpg 112w, https:\/\/www.mundi-roth.de\/teneriffa-blog\/wp-content\/uploads\/2014\/12\/P1160732-225x300.jpg 225w, https:\/\/www.mundi-roth.de\/teneriffa-blog\/wp-content\/uploads\/2014\/12\/P1160732.jpg 600w\" sizes=\"auto, (max-width: 112px) 100vw, 112px\" \/><\/a>\n\t\t\t<\/dt>\n\t\t\t\t<dd class='wp-caption-text gallery-caption' id='gallery-1-3482'>\n\t\t\t\tBismarckia nobilis\n\t\t\t\t<\/dd><\/dl><dl class='gallery-item'>\n\t\t\t<dt class='gallery-icon portrait'>\n\t\t\t\t<a href='https:\/\/www.mundi-roth.de\/teneriffa-blog\/wp-content\/uploads\/2014\/12\/P11607302.jpg' rel=\"lightbox[3467]\"><img loading=\"lazy\" decoding=\"async\" width=\"111\" height=\"150\" src=\"https:\/\/www.mundi-roth.de\/teneriffa-blog\/wp-content\/uploads\/2014\/12\/P11607302-111x150.jpg\" class=\"attachment-thumbnail size-thumbnail\" alt=\"\" aria-describedby=\"gallery-1-3500\" srcset=\"https:\/\/www.mundi-roth.de\/teneriffa-blog\/wp-content\/uploads\/2014\/12\/P11607302-111x150.jpg 111w, https:\/\/www.mundi-roth.de\/teneriffa-blog\/wp-content\/uploads\/2014\/12\/P11607302-222x300.jpg 222w, https:\/\/www.mundi-roth.de\/teneriffa-blog\/wp-content\/uploads\/2014\/12\/P11607302.jpg 592w\" sizes=\"auto, (max-width: 111px) 100vw, 111px\" \/><\/a>\n\t\t\t<\/dt>\n\t\t\t\t<dd class='wp-caption-text gallery-caption' id='gallery-1-3500'>\n\t\t\t\tHyophorbe lagenicaulis\n\t\t\t\t<\/dd><\/dl><dl class='gallery-item'>\n\t\t\t<dt class='gallery-icon portrait'>\n\t\t\t\t<a href='https:\/\/www.mundi-roth.de\/teneriffa-blog\/wp-content\/uploads\/2014\/12\/P11607341.jpg' rel=\"lightbox[3467]\"><img loading=\"lazy\" decoding=\"async\" width=\"111\" height=\"150\" src=\"https:\/\/www.mundi-roth.de\/teneriffa-blog\/wp-content\/uploads\/2014\/12\/P11607341-111x150.jpg\" class=\"attachment-thumbnail size-thumbnail\" alt=\"\" aria-describedby=\"gallery-1-3501\" srcset=\"https:\/\/www.mundi-roth.de\/teneriffa-blog\/wp-content\/uploads\/2014\/12\/P11607341-111x150.jpg 111w, https:\/\/www.mundi-roth.de\/teneriffa-blog\/wp-content\/uploads\/2014\/12\/P11607341-222x300.jpg 222w, https:\/\/www.mundi-roth.de\/teneriffa-blog\/wp-content\/uploads\/2014\/12\/P11607341.jpg 592w\" sizes=\"auto, (max-width: 111px) 100vw, 111px\" \/><\/a>\n\t\t\t<\/dt>\n\t\t\t\t<dd class='wp-caption-text gallery-caption' id='gallery-1-3501'>\n\t\t\t\tHypoohorbe indica\n\t\t\t\t<\/dd><\/dl><br style=\"clear: both\" \/><dl class='gallery-item'>\n\t\t\t<dt class='gallery-icon portrait'>\n\t\t\t\t<a href='https:\/\/www.mundi-roth.de\/teneriffa-blog\/wp-content\/uploads\/2014\/12\/P11607361.jpg' rel=\"lightbox[3467]\"><img loading=\"lazy\" decoding=\"async\" width=\"111\" height=\"150\" src=\"https:\/\/www.mundi-roth.de\/teneriffa-blog\/wp-content\/uploads\/2014\/12\/P11607361-111x150.jpg\" class=\"attachment-thumbnail size-thumbnail\" alt=\"\" aria-describedby=\"gallery-1-3502\" srcset=\"https:\/\/www.mundi-roth.de\/teneriffa-blog\/wp-content\/uploads\/2014\/12\/P11607361-111x150.jpg 111w, https:\/\/www.mundi-roth.de\/teneriffa-blog\/wp-content\/uploads\/2014\/12\/P11607361-222x300.jpg 222w, https:\/\/www.mundi-roth.de\/teneriffa-blog\/wp-content\/uploads\/2014\/12\/P11607361.jpg 592w\" sizes=\"auto, (max-width: 111px) 100vw, 111px\" \/><\/a>\n\t\t\t<\/dt>\n\t\t\t\t<dd class='wp-caption-text gallery-caption' id='gallery-1-3502'>\n\t\t\t\tDuabanga grandiflora\n\t\t\t\t<\/dd><\/dl><dl class='gallery-item'>\n\t\t\t<dt class='gallery-icon landscape'>\n\t\t\t\t<a href='https:\/\/www.mundi-roth.de\/teneriffa-blog\/wp-content\/uploads\/2014\/12\/P1160737.jpg' rel=\"lightbox[3467]\"><img loading=\"lazy\" decoding=\"async\" width=\"150\" height=\"112\" src=\"https:\/\/www.mundi-roth.de\/teneriffa-blog\/wp-content\/uploads\/2014\/12\/P1160737-150x112.jpg\" class=\"attachment-thumbnail size-thumbnail\" alt=\"\" aria-describedby=\"gallery-1-3486\" srcset=\"https:\/\/www.mundi-roth.de\/teneriffa-blog\/wp-content\/uploads\/2014\/12\/P1160737-150x112.jpg 150w, https:\/\/www.mundi-roth.de\/teneriffa-blog\/wp-content\/uploads\/2014\/12\/P1160737-300x225.jpg 300w, https:\/\/www.mundi-roth.de\/teneriffa-blog\/wp-content\/uploads\/2014\/12\/P1160737.jpg 800w\" sizes=\"auto, (max-width: 150px) 100vw, 150px\" \/><\/a>\n\t\t\t<\/dt>\n\t\t\t\t<dd class='wp-caption-text gallery-caption' id='gallery-1-3486'>\n\t\t\t\tDuabanga grandiflora\n\t\t\t\t<\/dd><\/dl><dl class='gallery-item'>\n\t\t\t<dt class='gallery-icon portrait'>\n\t\t\t\t<a href='https:\/\/www.mundi-roth.de\/teneriffa-blog\/wp-content\/uploads\/2014\/12\/P1160745.jpg' rel=\"lightbox[3467]\"><img loading=\"lazy\" decoding=\"async\" width=\"112\" height=\"150\" src=\"https:\/\/www.mundi-roth.de\/teneriffa-blog\/wp-content\/uploads\/2014\/12\/P1160745-112x150.jpg\" class=\"attachment-thumbnail size-thumbnail\" alt=\"\" aria-describedby=\"gallery-1-3489\" srcset=\"https:\/\/www.mundi-roth.de\/teneriffa-blog\/wp-content\/uploads\/2014\/12\/P1160745-112x150.jpg 112w, https:\/\/www.mundi-roth.de\/teneriffa-blog\/wp-content\/uploads\/2014\/12\/P1160745-225x300.jpg 225w, https:\/\/www.mundi-roth.de\/teneriffa-blog\/wp-content\/uploads\/2014\/12\/P1160745.jpg 600w\" sizes=\"auto, (max-width: 112px) 100vw, 112px\" \/><\/a>\n\t\t\t<\/dt>\n\t\t\t\t<dd class='wp-caption-text gallery-caption' id='gallery-1-3489'>\n\t\t\t\tBromeliaceae\n\t\t\t\t<\/dd><\/dl><br style=\"clear: both\" \/><dl class='gallery-item'>\n\t\t\t<dt class='gallery-icon landscape'>\n\t\t\t\t<a href='https:\/\/www.mundi-roth.de\/teneriffa-blog\/wp-content\/uploads\/2014\/12\/P1160739.jpg' rel=\"lightbox[3467]\"><img loading=\"lazy\" decoding=\"async\" width=\"150\" height=\"112\" src=\"https:\/\/www.mundi-roth.de\/teneriffa-blog\/wp-content\/uploads\/2014\/12\/P1160739-150x112.jpg\" class=\"attachment-thumbnail size-thumbnail\" alt=\"\" aria-describedby=\"gallery-1-3487\" srcset=\"https:\/\/www.mundi-roth.de\/teneriffa-blog\/wp-content\/uploads\/2014\/12\/P1160739-150x112.jpg 150w, https:\/\/www.mundi-roth.de\/teneriffa-blog\/wp-content\/uploads\/2014\/12\/P1160739-300x225.jpg 300w, https:\/\/www.mundi-roth.de\/teneriffa-blog\/wp-content\/uploads\/2014\/12\/P1160739.jpg 800w\" sizes=\"auto, (max-width: 150px) 100vw, 150px\" \/><\/a>\n\t\t\t<\/dt>\n\t\t\t\t<dd class='wp-caption-text gallery-caption' id='gallery-1-3487'>\n\t\t\t\tEncephalartos laurentianus\n\t\t\t\t<\/dd><\/dl><dl class='gallery-item'>\n\t\t\t<dt class='gallery-icon landscape'>\n\t\t\t\t<a href='https:\/\/www.mundi-roth.de\/teneriffa-blog\/wp-content\/uploads\/2014\/12\/P1160741.jpg' rel=\"lightbox[3467]\"><img loading=\"lazy\" decoding=\"async\" width=\"150\" height=\"112\" src=\"https:\/\/www.mundi-roth.de\/teneriffa-blog\/wp-content\/uploads\/2014\/12\/P1160741-150x112.jpg\" class=\"attachment-thumbnail size-thumbnail\" alt=\"\" aria-describedby=\"gallery-1-3488\" srcset=\"https:\/\/www.mundi-roth.de\/teneriffa-blog\/wp-content\/uploads\/2014\/12\/P1160741-150x112.jpg 150w, https:\/\/www.mundi-roth.de\/teneriffa-blog\/wp-content\/uploads\/2014\/12\/P1160741-300x225.jpg 300w, https:\/\/www.mundi-roth.de\/teneriffa-blog\/wp-content\/uploads\/2014\/12\/P1160741.jpg 800w\" sizes=\"auto, (max-width: 150px) 100vw, 150px\" \/><\/a>\n\t\t\t<\/dt>\n\t\t\t\t<dd class='wp-caption-text gallery-caption' id='gallery-1-3488'>\n\t\t\t\tAechmea blanchetiana\n\t\t\t\t<\/dd><\/dl><dl class='gallery-item'>\n\t\t\t<dt class='gallery-icon landscape'>\n\t\t\t\t<a href='https:\/\/www.mundi-roth.de\/teneriffa-blog\/wp-content\/uploads\/2014\/12\/P1160743.jpg' rel=\"lightbox[3467]\"><img loading=\"lazy\" decoding=\"async\" width=\"150\" height=\"112\" src=\"https:\/\/www.mundi-roth.de\/teneriffa-blog\/wp-content\/uploads\/2014\/12\/P1160743-150x112.jpg\" class=\"attachment-thumbnail size-thumbnail\" alt=\"\" aria-describedby=\"gallery-1-3512\" srcset=\"https:\/\/www.mundi-roth.de\/teneriffa-blog\/wp-content\/uploads\/2014\/12\/P1160743-150x112.jpg 150w, https:\/\/www.mundi-roth.de\/teneriffa-blog\/wp-content\/uploads\/2014\/12\/P1160743-300x225.jpg 300w, https:\/\/www.mundi-roth.de\/teneriffa-blog\/wp-content\/uploads\/2014\/12\/P1160743.jpg 800w\" sizes=\"auto, (max-width: 150px) 100vw, 150px\" \/><\/a>\n\t\t\t<\/dt>\n\t\t\t\t<dd class='wp-caption-text gallery-caption' id='gallery-1-3512'>\n\t\t\t\tAechmea blanchetaria\n\t\t\t\t<\/dd><\/dl><br style=\"clear: both\" \/><dl class='gallery-item'>\n\t\t\t<dt class='gallery-icon portrait'>\n\t\t\t\t<a href='https:\/\/www.mundi-roth.de\/teneriffa-blog\/wp-content\/uploads\/2014\/12\/P11607531.jpg' rel=\"lightbox[3467]\"><img loading=\"lazy\" decoding=\"async\" width=\"111\" height=\"150\" src=\"https:\/\/www.mundi-roth.de\/teneriffa-blog\/wp-content\/uploads\/2014\/12\/P11607531-111x150.jpg\" class=\"attachment-thumbnail size-thumbnail\" alt=\"\" aria-describedby=\"gallery-1-3503\" srcset=\"https:\/\/www.mundi-roth.de\/teneriffa-blog\/wp-content\/uploads\/2014\/12\/P11607531-111x150.jpg 111w, https:\/\/www.mundi-roth.de\/teneriffa-blog\/wp-content\/uploads\/2014\/12\/P11607531-222x300.jpg 222w, https:\/\/www.mundi-roth.de\/teneriffa-blog\/wp-content\/uploads\/2014\/12\/P11607531.jpg 592w\" sizes=\"auto, (max-width: 111px) 100vw, 111px\" \/><\/a>\n\t\t\t<\/dt>\n\t\t\t\t<dd class='wp-caption-text gallery-caption' id='gallery-1-3503'>\n\t\t\t\tArenga pinnata\n\t\t\t\t<\/dd><\/dl><dl class='gallery-item'>\n\t\t\t<dt class='gallery-icon portrait'>\n\t\t\t\t<a href='https:\/\/www.mundi-roth.de\/teneriffa-blog\/wp-content\/uploads\/2014\/12\/P1160755.jpg' rel=\"lightbox[3467]\"><img loading=\"lazy\" decoding=\"async\" width=\"112\" height=\"150\" src=\"https:\/\/www.mundi-roth.de\/teneriffa-blog\/wp-content\/uploads\/2014\/12\/P1160755-112x150.jpg\" class=\"attachment-thumbnail size-thumbnail\" alt=\"\" aria-describedby=\"gallery-1-3492\" srcset=\"https:\/\/www.mundi-roth.de\/teneriffa-blog\/wp-content\/uploads\/2014\/12\/P1160755-112x150.jpg 112w, https:\/\/www.mundi-roth.de\/teneriffa-blog\/wp-content\/uploads\/2014\/12\/P1160755-225x300.jpg 225w, https:\/\/www.mundi-roth.de\/teneriffa-blog\/wp-content\/uploads\/2014\/12\/P1160755.jpg 600w\" sizes=\"auto, (max-width: 112px) 100vw, 112px\" \/><\/a>\n\t\t\t<\/dt>\n\t\t\t\t<dd class='wp-caption-text gallery-caption' id='gallery-1-3492'>\n\t\t\t\tBorassus aethiopum\n\t\t\t\t<\/dd><\/dl><dl class='gallery-item'>\n\t\t\t<dt class='gallery-icon portrait'>\n\t\t\t\t<a href='https:\/\/www.mundi-roth.de\/teneriffa-blog\/wp-content\/uploads\/2014\/12\/P11607581.jpg' rel=\"lightbox[3467]\"><img loading=\"lazy\" decoding=\"async\" width=\"111\" height=\"150\" src=\"https:\/\/www.mundi-roth.de\/teneriffa-blog\/wp-content\/uploads\/2014\/12\/P11607581-111x150.jpg\" class=\"attachment-thumbnail size-thumbnail\" alt=\"\" aria-describedby=\"gallery-1-3504\" srcset=\"https:\/\/www.mundi-roth.de\/teneriffa-blog\/wp-content\/uploads\/2014\/12\/P11607581-111x150.jpg 111w, https:\/\/www.mundi-roth.de\/teneriffa-blog\/wp-content\/uploads\/2014\/12\/P11607581-222x300.jpg 222w, https:\/\/www.mundi-roth.de\/teneriffa-blog\/wp-content\/uploads\/2014\/12\/P11607581.jpg 592w\" sizes=\"auto, (max-width: 111px) 100vw, 111px\" \/><\/a>\n\t\t\t<\/dt>\n\t\t\t\t<dd class='wp-caption-text gallery-caption' id='gallery-1-3504'>\n\t\t\t\tCoccothrinax spissa\n\t\t\t\t<\/dd><\/dl><br style=\"clear: both\" \/><dl class='gallery-item'>\n\t\t\t<dt class='gallery-icon portrait'>\n\t\t\t\t<a href='https:\/\/www.mundi-roth.de\/teneriffa-blog\/wp-content\/uploads\/2014\/12\/P11607611.jpg' rel=\"lightbox[3467]\"><img loading=\"lazy\" decoding=\"async\" width=\"111\" height=\"150\" src=\"https:\/\/www.mundi-roth.de\/teneriffa-blog\/wp-content\/uploads\/2014\/12\/P11607611-111x150.jpg\" class=\"attachment-thumbnail size-thumbnail\" alt=\"\" aria-describedby=\"gallery-1-3505\" srcset=\"https:\/\/www.mundi-roth.de\/teneriffa-blog\/wp-content\/uploads\/2014\/12\/P11607611-111x150.jpg 111w, https:\/\/www.mundi-roth.de\/teneriffa-blog\/wp-content\/uploads\/2014\/12\/P11607611-222x300.jpg 222w, https:\/\/www.mundi-roth.de\/teneriffa-blog\/wp-content\/uploads\/2014\/12\/P11607611.jpg 592w\" sizes=\"auto, (max-width: 111px) 100vw, 111px\" \/><\/a>\n\t\t\t<\/dt>\n\t\t\t\t<dd class='wp-caption-text gallery-caption' id='gallery-1-3505'>\n\t\t\t\tCoccoloba uvifera\n\t\t\t\t<\/dd><\/dl><dl class='gallery-item'>\n\t\t\t<dt class='gallery-icon portrait'>\n\t\t\t\t<a href='https:\/\/www.mundi-roth.de\/teneriffa-blog\/wp-content\/uploads\/2014\/12\/P1160763.jpg' rel=\"lightbox[3467]\"><img loading=\"lazy\" decoding=\"async\" width=\"111\" height=\"150\" src=\"https:\/\/www.mundi-roth.de\/teneriffa-blog\/wp-content\/uploads\/2014\/12\/P1160763-111x150.jpg\" class=\"attachment-thumbnail size-thumbnail\" alt=\"\" aria-describedby=\"gallery-1-3508\" srcset=\"https:\/\/www.mundi-roth.de\/teneriffa-blog\/wp-content\/uploads\/2014\/12\/P1160763-111x150.jpg 111w, https:\/\/www.mundi-roth.de\/teneriffa-blog\/wp-content\/uploads\/2014\/12\/P1160763-222x300.jpg 222w, https:\/\/www.mundi-roth.de\/teneriffa-blog\/wp-content\/uploads\/2014\/12\/P1160763.jpg 592w\" sizes=\"auto, (max-width: 111px) 100vw, 111px\" \/><\/a>\n\t\t\t<\/dt>\n\t\t\t\t<dd class='wp-caption-text gallery-caption' id='gallery-1-3508'>\n\t\t\t\tCoccoloba uvifera\n\t\t\t\t<\/dd><\/dl><dl class='gallery-item'>\n\t\t\t<dt class='gallery-icon portrait'>\n\t\t\t\t<a href='https:\/\/www.mundi-roth.de\/teneriffa-blog\/wp-content\/uploads\/2014\/12\/P11607672.jpg' rel=\"lightbox[3467]\"><img loading=\"lazy\" decoding=\"async\" width=\"111\" height=\"150\" src=\"https:\/\/www.mundi-roth.de\/teneriffa-blog\/wp-content\/uploads\/2014\/12\/P11607672-111x150.jpg\" class=\"attachment-thumbnail size-thumbnail\" alt=\"\" aria-describedby=\"gallery-1-3507\" srcset=\"https:\/\/www.mundi-roth.de\/teneriffa-blog\/wp-content\/uploads\/2014\/12\/P11607672-111x150.jpg 111w, https:\/\/www.mundi-roth.de\/teneriffa-blog\/wp-content\/uploads\/2014\/12\/P11607672-222x300.jpg 222w, https:\/\/www.mundi-roth.de\/teneriffa-blog\/wp-content\/uploads\/2014\/12\/P11607672.jpg 592w\" sizes=\"auto, (max-width: 111px) 100vw, 111px\" \/><\/a>\n\t\t\t<\/dt>\n\t\t\t\t<dd class='wp-caption-text gallery-caption' id='gallery-1-3507'>\n\t\t\t\tAcoelorrhaphe wrightii\n\t\t\t\t<\/dd><\/dl><br style=\"clear: both\" \/><dl class='gallery-item'>\n\t\t\t<dt class='gallery-icon landscape'>\n\t\t\t\t<a href='https:\/\/www.mundi-roth.de\/teneriffa-blog\/wp-content\/uploads\/2014\/12\/P11607661.jpg' rel=\"lightbox[3467]\"><img loading=\"lazy\" decoding=\"async\" width=\"150\" height=\"112\" src=\"https:\/\/www.mundi-roth.de\/teneriffa-blog\/wp-content\/uploads\/2014\/12\/P11607661-150x112.jpg\" class=\"attachment-thumbnail size-thumbnail\" alt=\"\" aria-describedby=\"gallery-1-3515\" srcset=\"https:\/\/www.mundi-roth.de\/teneriffa-blog\/wp-content\/uploads\/2014\/12\/P11607661-150x112.jpg 150w, https:\/\/www.mundi-roth.de\/teneriffa-blog\/wp-content\/uploads\/2014\/12\/P11607661-300x225.jpg 300w, https:\/\/www.mundi-roth.de\/teneriffa-blog\/wp-content\/uploads\/2014\/12\/P11607661.jpg 800w\" sizes=\"auto, (max-width: 150px) 100vw, 150px\" \/><\/a>\n\t\t\t<\/dt>\n\t\t\t\t<dd class='wp-caption-text gallery-caption' id='gallery-1-3515'>\n\t\t\t\tStadtansicht\n\t\t\t\t<\/dd><\/dl><dl class='gallery-item'>\n\t\t\t<dt class='gallery-icon landscape'>\n\t\t\t\t<a href='https:\/\/www.mundi-roth.de\/teneriffa-blog\/wp-content\/uploads\/2014\/12\/P1160765.jpg' rel=\"lightbox[3467]\"><img loading=\"lazy\" decoding=\"async\" width=\"150\" height=\"112\" src=\"https:\/\/www.mundi-roth.de\/teneriffa-blog\/wp-content\/uploads\/2014\/12\/P1160765-150x112.jpg\" class=\"attachment-thumbnail size-thumbnail\" alt=\"\" aria-describedby=\"gallery-1-3513\" srcset=\"https:\/\/www.mundi-roth.de\/teneriffa-blog\/wp-content\/uploads\/2014\/12\/P1160765-150x112.jpg 150w, https:\/\/www.mundi-roth.de\/teneriffa-blog\/wp-content\/uploads\/2014\/12\/P1160765-300x225.jpg 300w, https:\/\/www.mundi-roth.de\/teneriffa-blog\/wp-content\/uploads\/2014\/12\/P1160765.jpg 800w\" sizes=\"auto, (max-width: 150px) 100vw, 150px\" \/><\/a>\n\t\t\t<\/dt>\n\t\t\t\t<dd class='wp-caption-text gallery-caption' id='gallery-1-3513'>\n\t\t\t\tStadtansicht\n\t\t\t\t<\/dd><\/dl><dl class='gallery-item'>\n\t\t\t<dt class='gallery-icon landscape'>\n\t\t\t\t<a href='https:\/\/www.mundi-roth.de\/teneriffa-blog\/wp-content\/uploads\/2014\/12\/P1160764.jpg' rel=\"lightbox[3467]\"><img loading=\"lazy\" decoding=\"async\" width=\"150\" height=\"112\" src=\"https:\/\/www.mundi-roth.de\/teneriffa-blog\/wp-content\/uploads\/2014\/12\/P1160764-150x112.jpg\" class=\"attachment-thumbnail size-thumbnail\" alt=\"\" aria-describedby=\"gallery-1-3480\" srcset=\"https:\/\/www.mundi-roth.de\/teneriffa-blog\/wp-content\/uploads\/2014\/12\/P1160764-150x112.jpg 150w, https:\/\/www.mundi-roth.de\/teneriffa-blog\/wp-content\/uploads\/2014\/12\/P1160764-300x225.jpg 300w, https:\/\/www.mundi-roth.de\/teneriffa-blog\/wp-content\/uploads\/2014\/12\/P1160764.jpg 800w\" sizes=\"auto, (max-width: 150px) 100vw, 150px\" \/><\/a>\n\t\t\t<\/dt>\n\t\t\t\t<dd class='wp-caption-text gallery-caption' id='gallery-1-3480'>\n\t\t\t\tStadtansicht\n\t\t\t\t<\/dd><\/dl><br style=\"clear: both\" \/>\n\t\t<\/div>\n\n","protected":false},"excerpt":{"rendered":"<p>Palmetum Jard\u00edn Bot\u00e1nico del Palmetum Das Wetter ist heute nicht vielversprechend, daher erf\u00fcllen wir uns einen schon seit dem Fr\u00fchjahr gehegten Wunsch: Wir wollen den Anfang des Jahres er\u00f6ffneten Palmengarten in Santa Cruz besichtigen. Eine neue Attraktion f\u00fcr Teneriffa! Ein Gewinn f\u00fcr Santa Cruz ! Das spanische Prinzenpaar Kronprinz Felipe und Prinzessin Letizia\u00a0 \u2013 inzwischen [&hellip;]<\/p>\n","protected":false},"author":4,"featured_media":4216,"comment_status":"open","ping_status":"open","sticky":false,"template":"","format":"standard","meta":{"footnotes":""},"categories":[768,6],"tags":[749,747,748,750,515],"class_list":["post-3467","post","type-post","status-publish","format-standard","has-post-thumbnail","hentry","category-anaga-gebirge","category-wanderungen","tag-cesar-manrique","tag-palmengarten","tag-palmetum","tag-parque-maritimo","tag-santa-cruz"],"yoast_head":"<!-- This site is optimized with the Yoast SEO plugin v27.5 - https:\/\/yoast.com\/product\/yoast-seo-wordpress\/ -->\n<title>Palmengarten in Santa Cruz - Teneriffa Wandern<\/title>\n<meta name=\"robots\" content=\"index, follow, max-snippet:-1, max-image-preview:large, max-video-preview:-1\" \/>\n<link rel=\"canonical\" href=\"https:\/\/www.mundi-roth.de\/teneriffa-blog\/wanderungen\/palmengarten-santa-cruz\/\" \/>\n<meta name=\"twitter:label1\" content=\"Verfasst von\" \/>\n\t<meta name=\"twitter:data1\" content=\"mundi\" \/>\n\t<meta name=\"twitter:label2\" content=\"Gesch\u00e4tzte Lesezeit\" \/>\n\t<meta name=\"twitter:data2\" content=\"5\u00a0Minuten\" \/>\n<script type=\"application\/ld+json\" class=\"yoast-schema-graph\">{\"@context\":\"https:\\\/\\\/schema.org\",\"@graph\":[{\"@type\":\"Article\",\"@id\":\"https:\\\/\\\/www.mundi-roth.de\\\/teneriffa-blog\\\/wanderungen\\\/palmengarten-santa-cruz\\\/#article\",\"isPartOf\":{\"@id\":\"https:\\\/\\\/www.mundi-roth.de\\\/teneriffa-blog\\\/wanderungen\\\/palmengarten-santa-cruz\\\/\"},\"author\":{\"name\":\"mundi\",\"@id\":\"https:\\\/\\\/www.mundi-roth.de\\\/teneriffa-blog\\\/#\\\/schema\\\/person\\\/971c66b55f3ae5e8741553688c413cac\"},\"headline\":\"Palmengarten in Santa Cruz\",\"datePublished\":\"2014-12-09T21:00:18+00:00\",\"dateModified\":\"2019-07-30T14:30:20+00:00\",\"mainEntityOfPage\":{\"@id\":\"https:\\\/\\\/www.mundi-roth.de\\\/teneriffa-blog\\\/wanderungen\\\/palmengarten-santa-cruz\\\/\"},\"wordCount\":913,\"commentCount\":4,\"image\":{\"@id\":\"https:\\\/\\\/www.mundi-roth.de\\\/teneriffa-blog\\\/wanderungen\\\/palmengarten-santa-cruz\\\/#primaryimage\"},\"thumbnailUrl\":\"https:\\\/\\\/www.mundi-roth.de\\\/teneriffa-blog\\\/wp-content\\\/uploads\\\/2014\\\/12\\\/P11607241.jpg\",\"keywords\":[\"C\u00e9sar Manrique\",\"Palmengarten\",\"Palmetum\",\"Parque Mar\u00edtimo\",\"Santa Cruz\"],\"articleSection\":[\"Anaga-Gebirge\",\"Wanderungen\"],\"inLanguage\":\"de\",\"potentialAction\":[{\"@type\":\"CommentAction\",\"name\":\"Comment\",\"target\":[\"https:\\\/\\\/www.mundi-roth.de\\\/teneriffa-blog\\\/wanderungen\\\/palmengarten-santa-cruz\\\/#respond\"]}]},{\"@type\":\"WebPage\",\"@id\":\"https:\\\/\\\/www.mundi-roth.de\\\/teneriffa-blog\\\/wanderungen\\\/palmengarten-santa-cruz\\\/\",\"url\":\"https:\\\/\\\/www.mundi-roth.de\\\/teneriffa-blog\\\/wanderungen\\\/palmengarten-santa-cruz\\\/\",\"name\":\"Palmengarten in Santa Cruz - Teneriffa Wandern\",\"isPartOf\":{\"@id\":\"https:\\\/\\\/www.mundi-roth.de\\\/teneriffa-blog\\\/#website\"},\"primaryImageOfPage\":{\"@id\":\"https:\\\/\\\/www.mundi-roth.de\\\/teneriffa-blog\\\/wanderungen\\\/palmengarten-santa-cruz\\\/#primaryimage\"},\"image\":{\"@id\":\"https:\\\/\\\/www.mundi-roth.de\\\/teneriffa-blog\\\/wanderungen\\\/palmengarten-santa-cruz\\\/#primaryimage\"},\"thumbnailUrl\":\"https:\\\/\\\/www.mundi-roth.de\\\/teneriffa-blog\\\/wp-content\\\/uploads\\\/2014\\\/12\\\/P11607241.jpg\",\"datePublished\":\"2014-12-09T21:00:18+00:00\",\"dateModified\":\"2019-07-30T14:30:20+00:00\",\"author\":{\"@id\":\"https:\\\/\\\/www.mundi-roth.de\\\/teneriffa-blog\\\/#\\\/schema\\\/person\\\/971c66b55f3ae5e8741553688c413cac\"},\"breadcrumb\":{\"@id\":\"https:\\\/\\\/www.mundi-roth.de\\\/teneriffa-blog\\\/wanderungen\\\/palmengarten-santa-cruz\\\/#breadcrumb\"},\"inLanguage\":\"de\",\"potentialAction\":[{\"@type\":\"ReadAction\",\"target\":[\"https:\\\/\\\/www.mundi-roth.de\\\/teneriffa-blog\\\/wanderungen\\\/palmengarten-santa-cruz\\\/\"]}]},{\"@type\":\"ImageObject\",\"inLanguage\":\"de\",\"@id\":\"https:\\\/\\\/www.mundi-roth.de\\\/teneriffa-blog\\\/wanderungen\\\/palmengarten-santa-cruz\\\/#primaryimage\",\"url\":\"https:\\\/\\\/www.mundi-roth.de\\\/teneriffa-blog\\\/wp-content\\\/uploads\\\/2014\\\/12\\\/P11607241.jpg\",\"contentUrl\":\"https:\\\/\\\/www.mundi-roth.de\\\/teneriffa-blog\\\/wp-content\\\/uploads\\\/2014\\\/12\\\/P11607241.jpg\",\"width\":800,\"height\":600},{\"@type\":\"BreadcrumbList\",\"@id\":\"https:\\\/\\\/www.mundi-roth.de\\\/teneriffa-blog\\\/wanderungen\\\/palmengarten-santa-cruz\\\/#breadcrumb\",\"itemListElement\":[{\"@type\":\"ListItem\",\"position\":1,\"name\":\"Startseite\",\"item\":\"https:\\\/\\\/www.mundi-roth.de\\\/teneriffa-blog\\\/\"},{\"@type\":\"ListItem\",\"position\":2,\"name\":\"Palmengarten in Santa Cruz\"}]},{\"@type\":\"WebSite\",\"@id\":\"https:\\\/\\\/www.mundi-roth.de\\\/teneriffa-blog\\\/#website\",\"url\":\"https:\\\/\\\/www.mundi-roth.de\\\/teneriffa-blog\\\/\",\"name\":\"Teneriffa Wandern\",\"description\":\"Nicht nur Wanderungen auf Teneriffa...\",\"potentialAction\":[{\"@type\":\"SearchAction\",\"target\":{\"@type\":\"EntryPoint\",\"urlTemplate\":\"https:\\\/\\\/www.mundi-roth.de\\\/teneriffa-blog\\\/?s={search_term_string}\"},\"query-input\":{\"@type\":\"PropertyValueSpecification\",\"valueRequired\":true,\"valueName\":\"search_term_string\"}}],\"inLanguage\":\"de\"},{\"@type\":\"Person\",\"@id\":\"https:\\\/\\\/www.mundi-roth.de\\\/teneriffa-blog\\\/#\\\/schema\\\/person\\\/971c66b55f3ae5e8741553688c413cac\",\"name\":\"mundi\",\"image\":{\"@type\":\"ImageObject\",\"inLanguage\":\"de\",\"@id\":\"https:\\\/\\\/secure.gravatar.com\\\/avatar\\\/555f0dd85428f1a9330f8e5dbe9e40ff9ca912bb81e5a89747ebf3ca9c20dc0f?s=96&d=mm&r=g\",\"url\":\"https:\\\/\\\/secure.gravatar.com\\\/avatar\\\/555f0dd85428f1a9330f8e5dbe9e40ff9ca912bb81e5a89747ebf3ca9c20dc0f?s=96&d=mm&r=g\",\"contentUrl\":\"https:\\\/\\\/secure.gravatar.com\\\/avatar\\\/555f0dd85428f1a9330f8e5dbe9e40ff9ca912bb81e5a89747ebf3ca9c20dc0f?s=96&d=mm&r=g\",\"caption\":\"mundi\"},\"sameAs\":[\"http:\\\/\\\/mundi-roth.de\"],\"url\":\"https:\\\/\\\/www.mundi-roth.de\\\/teneriffa-blog\\\/author\\\/mundi\\\/\"}]}<\/script>\n<!-- \/ Yoast SEO plugin. -->","yoast_head_json":{"title":"Palmengarten in Santa Cruz - Teneriffa Wandern","robots":{"index":"index","follow":"follow","max-snippet":"max-snippet:-1","max-image-preview":"max-image-preview:large","max-video-preview":"max-video-preview:-1"},"canonical":"https:\/\/www.mundi-roth.de\/teneriffa-blog\/wanderungen\/palmengarten-santa-cruz\/","twitter_misc":{"Verfasst von":"mundi","Gesch\u00e4tzte Lesezeit":"5\u00a0Minuten"},"schema":{"@context":"https:\/\/schema.org","@graph":[{"@type":"Article","@id":"https:\/\/www.mundi-roth.de\/teneriffa-blog\/wanderungen\/palmengarten-santa-cruz\/#article","isPartOf":{"@id":"https:\/\/www.mundi-roth.de\/teneriffa-blog\/wanderungen\/palmengarten-santa-cruz\/"},"author":{"name":"mundi","@id":"https:\/\/www.mundi-roth.de\/teneriffa-blog\/#\/schema\/person\/971c66b55f3ae5e8741553688c413cac"},"headline":"Palmengarten in Santa Cruz","datePublished":"2014-12-09T21:00:18+00:00","dateModified":"2019-07-30T14:30:20+00:00","mainEntityOfPage":{"@id":"https:\/\/www.mundi-roth.de\/teneriffa-blog\/wanderungen\/palmengarten-santa-cruz\/"},"wordCount":913,"commentCount":4,"image":{"@id":"https:\/\/www.mundi-roth.de\/teneriffa-blog\/wanderungen\/palmengarten-santa-cruz\/#primaryimage"},"thumbnailUrl":"https:\/\/www.mundi-roth.de\/teneriffa-blog\/wp-content\/uploads\/2014\/12\/P11607241.jpg","keywords":["C\u00e9sar Manrique","Palmengarten","Palmetum","Parque Mar\u00edtimo","Santa Cruz"],"articleSection":["Anaga-Gebirge","Wanderungen"],"inLanguage":"de","potentialAction":[{"@type":"CommentAction","name":"Comment","target":["https:\/\/www.mundi-roth.de\/teneriffa-blog\/wanderungen\/palmengarten-santa-cruz\/#respond"]}]},{"@type":"WebPage","@id":"https:\/\/www.mundi-roth.de\/teneriffa-blog\/wanderungen\/palmengarten-santa-cruz\/","url":"https:\/\/www.mundi-roth.de\/teneriffa-blog\/wanderungen\/palmengarten-santa-cruz\/","name":"Palmengarten in Santa Cruz - Teneriffa Wandern","isPartOf":{"@id":"https:\/\/www.mundi-roth.de\/teneriffa-blog\/#website"},"primaryImageOfPage":{"@id":"https:\/\/www.mundi-roth.de\/teneriffa-blog\/wanderungen\/palmengarten-santa-cruz\/#primaryimage"},"image":{"@id":"https:\/\/www.mundi-roth.de\/teneriffa-blog\/wanderungen\/palmengarten-santa-cruz\/#primaryimage"},"thumbnailUrl":"https:\/\/www.mundi-roth.de\/teneriffa-blog\/wp-content\/uploads\/2014\/12\/P11607241.jpg","datePublished":"2014-12-09T21:00:18+00:00","dateModified":"2019-07-30T14:30:20+00:00","author":{"@id":"https:\/\/www.mundi-roth.de\/teneriffa-blog\/#\/schema\/person\/971c66b55f3ae5e8741553688c413cac"},"breadcrumb":{"@id":"https:\/\/www.mundi-roth.de\/teneriffa-blog\/wanderungen\/palmengarten-santa-cruz\/#breadcrumb"},"inLanguage":"de","potentialAction":[{"@type":"ReadAction","target":["https:\/\/www.mundi-roth.de\/teneriffa-blog\/wanderungen\/palmengarten-santa-cruz\/"]}]},{"@type":"ImageObject","inLanguage":"de","@id":"https:\/\/www.mundi-roth.de\/teneriffa-blog\/wanderungen\/palmengarten-santa-cruz\/#primaryimage","url":"https:\/\/www.mundi-roth.de\/teneriffa-blog\/wp-content\/uploads\/2014\/12\/P11607241.jpg","contentUrl":"https:\/\/www.mundi-roth.de\/teneriffa-blog\/wp-content\/uploads\/2014\/12\/P11607241.jpg","width":800,"height":600},{"@type":"BreadcrumbList","@id":"https:\/\/www.mundi-roth.de\/teneriffa-blog\/wanderungen\/palmengarten-santa-cruz\/#breadcrumb","itemListElement":[{"@type":"ListItem","position":1,"name":"Startseite","item":"https:\/\/www.mundi-roth.de\/teneriffa-blog\/"},{"@type":"ListItem","position":2,"name":"Palmengarten in Santa Cruz"}]},{"@type":"WebSite","@id":"https:\/\/www.mundi-roth.de\/teneriffa-blog\/#website","url":"https:\/\/www.mundi-roth.de\/teneriffa-blog\/","name":"Teneriffa Wandern","description":"Nicht nur Wanderungen auf Teneriffa...","potentialAction":[{"@type":"SearchAction","target":{"@type":"EntryPoint","urlTemplate":"https:\/\/www.mundi-roth.de\/teneriffa-blog\/?s={search_term_string}"},"query-input":{"@type":"PropertyValueSpecification","valueRequired":true,"valueName":"search_term_string"}}],"inLanguage":"de"},{"@type":"Person","@id":"https:\/\/www.mundi-roth.de\/teneriffa-blog\/#\/schema\/person\/971c66b55f3ae5e8741553688c413cac","name":"mundi","image":{"@type":"ImageObject","inLanguage":"de","@id":"https:\/\/secure.gravatar.com\/avatar\/555f0dd85428f1a9330f8e5dbe9e40ff9ca912bb81e5a89747ebf3ca9c20dc0f?s=96&d=mm&r=g","url":"https:\/\/secure.gravatar.com\/avatar\/555f0dd85428f1a9330f8e5dbe9e40ff9ca912bb81e5a89747ebf3ca9c20dc0f?s=96&d=mm&r=g","contentUrl":"https:\/\/secure.gravatar.com\/avatar\/555f0dd85428f1a9330f8e5dbe9e40ff9ca912bb81e5a89747ebf3ca9c20dc0f?s=96&d=mm&r=g","caption":"mundi"},"sameAs":["http:\/\/mundi-roth.de"],"url":"https:\/\/www.mundi-roth.de\/teneriffa-blog\/author\/mundi\/"}]}},"_links":{"self":[{"href":"https:\/\/www.mundi-roth.de\/teneriffa-blog\/wp-json\/wp\/v2\/posts\/3467","targetHints":{"allow":["GET"]}}],"collection":[{"href":"https:\/\/www.mundi-roth.de\/teneriffa-blog\/wp-json\/wp\/v2\/posts"}],"about":[{"href":"https:\/\/www.mundi-roth.de\/teneriffa-blog\/wp-json\/wp\/v2\/types\/post"}],"author":[{"embeddable":true,"href":"https:\/\/www.mundi-roth.de\/teneriffa-blog\/wp-json\/wp\/v2\/users\/4"}],"replies":[{"embeddable":true,"href":"https:\/\/www.mundi-roth.de\/teneriffa-blog\/wp-json\/wp\/v2\/comments?post=3467"}],"version-history":[{"count":0,"href":"https:\/\/www.mundi-roth.de\/teneriffa-blog\/wp-json\/wp\/v2\/posts\/3467\/revisions"}],"wp:featuredmedia":[{"embeddable":true,"href":"https:\/\/www.mundi-roth.de\/teneriffa-blog\/wp-json\/wp\/v2\/media\/4216"}],"wp:attachment":[{"href":"https:\/\/www.mundi-roth.de\/teneriffa-blog\/wp-json\/wp\/v2\/media?parent=3467"}],"wp:term":[{"taxonomy":"category","embeddable":true,"href":"https:\/\/www.mundi-roth.de\/teneriffa-blog\/wp-json\/wp\/v2\/categories?post=3467"},{"taxonomy":"post_tag","embeddable":true,"href":"https:\/\/www.mundi-roth.de\/teneriffa-blog\/wp-json\/wp\/v2\/tags?post=3467"}],"curies":[{"name":"wp","href":"https:\/\/api.w.org\/{rel}","templated":true}]}}