{"id":3553,"date":"2014-12-22T22:00:01","date_gmt":"2014-12-22T21:00:01","guid":{"rendered":"http:\/\/www.mundi-roth.de\/teneriffa-blog\/?p=3553"},"modified":"2015-07-13T12:31:24","modified_gmt":"2015-07-13T11:31:24","slug":"vom-cafe-vista-paraiso-nach-puerto-de-la-cruz","status":"publish","type":"post","link":"https:\/\/www.mundi-roth.de\/teneriffa-blog\/wanderungen\/vom-cafe-vista-paraiso-nach-puerto-de-la-cruz\/","title":{"rendered":"Vom Caf\u00e9 Vista Paraiso nach Puerto de la Cruz"},"content":{"rendered":"<p>Eine der wenigen Wanderung die wir aus dem Wanderf\u00fchrer \u201e<em>Genusswandern auf Teneriffa<\/em>\u201c von Peter Mertz noch nicht nachvollzogen haben, ist diese.<br \/>\nDa wir etwas im Norden zu erledigen hatten, bot sich die Tour an.<a href=\"http:\/\/www.mundi-roth.de\/teneriffa-blog\/wp-content\/uploads\/2014\/12\/Track011.jpg\" rel=\"lightbox[3553]\"><img loading=\"lazy\" decoding=\"async\" class=\"alignright size-thumbnail wp-image-3574\" src=\"http:\/\/www.mundi-roth.de\/teneriffa-blog\/wp-content\/uploads\/2014\/12\/Track011-150x77.jpg\" alt=\"Track01\" width=\"150\" height=\"77\" srcset=\"https:\/\/www.mundi-roth.de\/teneriffa-blog\/wp-content\/uploads\/2014\/12\/Track011-150x77.jpg 150w, https:\/\/www.mundi-roth.de\/teneriffa-blog\/wp-content\/uploads\/2014\/12\/Track011-300x154.jpg 300w, https:\/\/www.mundi-roth.de\/teneriffa-blog\/wp-content\/uploads\/2014\/12\/Track011.jpg 656w\" sizes=\"auto, (max-width: 150px) 100vw, 150px\" \/><\/a><\/p>\n<p><strong>Wanderwegstrecke:<\/strong> gut 1 1\/2 Stunden \u2013 ohne die obligatorische Apfelpause<br \/>\nBeschrieben wird die Wanderung von Ost nach West.<br \/>\nWir hatten diesmal nicht so viel Zeit zur Verf\u00fcgung, daher planten wir:<br \/>\nWir gehen einen Teil der Strecke, den Part durch Puerto de la Cruz schenken wir uns, da wir ihn zur Gen\u00fcge kennen, kehren dann wieder zu unserem Auto zur\u00fcck und das passt dann zeitlich.<\/p>\n<p><a href=\"http:\/\/www.mundi-roth.de\/teneriffa-blog\/wp-content\/uploads\/2014\/12\/P1160969a.jpg\" rel=\"lightbox[3553]\"><img loading=\"lazy\" decoding=\"async\" class=\"alignleft size-thumbnail wp-image-3555\" src=\"http:\/\/www.mundi-roth.de\/teneriffa-blog\/wp-content\/uploads\/2014\/12\/P1160969a-136x150.jpg\" alt=\"P1160969a\" width=\"136\" height=\"150\" srcset=\"https:\/\/www.mundi-roth.de\/teneriffa-blog\/wp-content\/uploads\/2014\/12\/P1160969a-136x150.jpg 136w, https:\/\/www.mundi-roth.de\/teneriffa-blog\/wp-content\/uploads\/2014\/12\/P1160969a-273x300.jpg 273w, https:\/\/www.mundi-roth.de\/teneriffa-blog\/wp-content\/uploads\/2014\/12\/P1160969a.jpg 729w\" sizes=\"auto, (max-width: 136px) 100vw, 136px\" \/><\/a>Also: Auf der Autobahn Nord fahren wir bis zur Ausfahrt Cuesta de la Villa \u2013 Ausfahrt 31 \u2013 dann Richtung Caf\u00e9 Paraiso. Hier m\u00fcssen wir uns\u00a0 sofort entscheiden: die Treppe zum Caf\u00e9 nehmen oder noch 1 km fahren.<br \/>\nWir fahren bis zum Caf\u00e9 Vista Paraiso und befinden uns in der absoluten Nobelgegend. Riesige Anwesen! Gute Parkplatzm\u00f6glichkeiten.<br \/>\nLeider m\u00fcssen wir feststellen, dass das Caf\u00e9 einen Kurzurlaub macht, daher nichts mit dem abschlie\u00dfenden Einkehren.<a href=\"http:\/\/www.mundi-roth.de\/teneriffa-blog\/wp-content\/uploads\/2014\/12\/P1160921.jpg\" rel=\"lightbox[3553]\"><img loading=\"lazy\" decoding=\"async\" class=\"alignright size-thumbnail wp-image-3556\" src=\"http:\/\/www.mundi-roth.de\/teneriffa-blog\/wp-content\/uploads\/2014\/12\/P1160921-112x150.jpg\" alt=\"P1160921\" width=\"112\" height=\"150\" srcset=\"https:\/\/www.mundi-roth.de\/teneriffa-blog\/wp-content\/uploads\/2014\/12\/P1160921-112x150.jpg 112w, https:\/\/www.mundi-roth.de\/teneriffa-blog\/wp-content\/uploads\/2014\/12\/P1160921-225x300.jpg 225w, https:\/\/www.mundi-roth.de\/teneriffa-blog\/wp-content\/uploads\/2014\/12\/P1160921.jpg 600w\" sizes=\"auto, (max-width: 112px) 100vw, 112px\" \/><\/a><\/p>\n<p>Wir gehen bis zur Haus-Nummer 15 und sagen erstmal: \u201e<strong>OH!<\/strong>\u201c. Durch den schmalen, steilen Einstieg blicken wir zum Meer. Ein Hinweisschild verk\u00fcndet uns: 90 Minuten Puerto de la Cruz und die Kennzeichnung besteht aus gelb-roten Pfeilen.<\/p>\n<p>Aber Hallo! Der Abstieg \u00fcberrascht uns dann doch: steil, ein richtiger Bergpfad, der sich durch eine gr\u00fcne H\u00f6lle schl\u00e4ngelt. Rechter Hand schauen wir auf einen felsigen Steilhang, vor uns das Meer, links den im Dunst und Sonnenlicht kaum auszumachenden, hier noch verschneiten Teide und schon Puerto de la Cruz im Blick.<\/p>\n<p>Gerade mal 15 Minuten ben\u00f6tigen wir f\u00fcr den Abstieg und von nun an geht es auf einer Beton-, dann Asphaltpiste, dazwischen sandige Streckenabschnitte zwischen Bananenplantagen und Fincas weiter.<\/p>\n<p>Wir passieren das Restaurant San Diego und lesen schon den Hinweis auf das n\u00e4chste Restaurant El Bollulo.<\/p>\n<p>Dahin steigen wir leider \u2013 aus Zeitnot \u2013 nicht ab, sondern schreiten raschen Schrittes weiter Richtung Puerto de la Cruz aus, denn nun hat uns doch die Neugierde gepackt und wir wollen den beschriebenen Weg zu Ende gehen und nicht umkehren.<\/p>\n<p>Hat sich gelohnt:<br \/>\nVor uns breitet sich die Anlage einer ehemals bewirtschafteten Finca aus. Das l\u00e4sst uns unweigerlich an eine Burganlage denken oder die Anlagen der Inkas. Der gepflasterte Weg f\u00fchrt uns dort hinunter und wieder hinauf.<br \/>\nWeiter an Bananenstauden vorbei gehen wir danach nicht rechts zur Stra\u00dfe hoch sondern nutzen die Untertunnelung der TF 31.<\/p>\n<p>Nun kommen uns schon scharenweise \u2013 meist deutsche Urlauber \u2013 entgegenspaziert.<br \/>\nSchnell sind wir in der Urbanisation La Paz und gelangen etwas sp\u00e4ter nach dem Hotel Semirasis\u00a0 \u00fcber Treppen auf die hochgelegene Promenade. Wie auf einer Galerie &#8211;\u00a0 das Schwimmbad Martianez im Blick \u2013\u00a0 an vielen Hotels, gut besetzten Restaurants und Caf\u00e9s entlang geht es weiter. Was klingt uns von \u00fcberall entgegen? Deutsch!<\/p>\n<p>Hat man viel Zeit zur Verf\u00fcgung, kann man einen Abstecher hoch zum Botanischen Garten machen. Lohnt sich!<br \/>\nWir haben ihn schon mehrfach besucht und auch eine F\u00fchrung mit dem \u2013 schon \u00f6fter zitierten \u2013 Botaniker Christoball gemacht.<\/p>\n<p>Wir dagegen steigen die Treppen runter zum Einkaufszentrum Marti\u00e1nez\u00a0 und von da aus halten wir uns stets links. Unser Ziel ist der Busbahnhof.<\/p>\n<p>Wer Puerto de la Cruz nicht kennt, dem w\u00fcrden wir empfehlen,\u00a0 nach dem Einkaufszentrum Marti\u00e1nez rechts \u2013 Richtung Meer \u2013 zu gehen und am \u00f6ffentlichen Sand-Badestrand, dem Schwimmbad Marti\u00e1nez mit dem integrierten Casino bis zum Hafen zu gehen.<br \/>\nDann links hoch und\u00a0 nach Belieben dort zu bummeln, bevor man zum Busbahnhof in der Calle El Pozo geht.<\/p>\n<p>Wir haben Gl\u00fcck, der Bus Linie 101 steht bereits da und kurz darauf kommt auch der Busfahrer.<br \/>\nMit 1.25 Euro sind wir dabei und werden noch hoch bis nach Orotava gefahren, bevor es in den Ort Cuesta de la Villa geht.<br \/>\nHier gibt es zwei Haltestellen. Wir erkl\u00e4ren dem Busfahrer wo wir hin m\u00fcssen, um wieder zu unserem Wagen zu gelangen, so empfiehlt er uns bei der 2. Haltestelle auszusteigen. Perfekt!<br \/>\nDie Stra\u00dfe queren, abw\u00e4rts Richtung Autobahn Puerto de la Cruz (nicht ganz so prickelnd an der Stra\u00dfe ohne B\u00fcrgersteig zu gehen, aber zum Gl\u00fcck nur kurz), passieren die Br\u00fccke, die \u00fcber die Autobahn f\u00fchrt und schon sind wir am Ausgangspunkt: Hinweisschild: Caf\u00e9 Vista Paraiso, Treppe 100 m oder 1 km fahren.<br \/>\nKlar nehmen wir jetzt die Treppe und sind\u00a0 in wenigen Minuten beim Auto.<\/p>\n<p><strong>Fazit:<\/strong><br \/>\nTrotz Zeitdruck hat uns die Tour ausnehmend gut gefallen und wir empfanden sie mal als etwas Besonderes.<a href=\"http:\/\/www.mundi-roth.de\/teneriffa-blog\/wp-content\/uploads\/2014\/12\/20141219_125135a.jpg\" rel=\"lightbox[3553]\"><img loading=\"lazy\" decoding=\"async\" class=\"alignright size-thumbnail wp-image-3573\" src=\"http:\/\/www.mundi-roth.de\/teneriffa-blog\/wp-content\/uploads\/2014\/12\/20141219_125135a-150x100.jpg\" alt=\"20141219_125135a\" width=\"150\" height=\"100\" srcset=\"https:\/\/www.mundi-roth.de\/teneriffa-blog\/wp-content\/uploads\/2014\/12\/20141219_125135a-150x100.jpg 150w, https:\/\/www.mundi-roth.de\/teneriffa-blog\/wp-content\/uploads\/2014\/12\/20141219_125135a-300x201.jpg 300w, https:\/\/www.mundi-roth.de\/teneriffa-blog\/wp-content\/uploads\/2014\/12\/20141219_125135a.jpg 800w\" sizes=\"auto, (max-width: 150px) 100vw, 150px\" \/><\/a><\/p>\n<p>Nun bleibt uns nur noch Ihnen allen ein gesegnetes, fr\u00f6hliches Weihnachtsfest zu w\u00fcnschen!<br \/>\nFeliz Navidad!<\/p>\n<p>Auch m\u00f6chten wir mal \u201eDankesch\u00f6n\u201c sagen an all unsere Leser, die unsere Wanderungen teils geistig teils in der Tat nachvollziehen.<br \/>\nSie haben es durch Ihre Best\u00e4ndigkeit geschafft, dass Sie uns\u00a0 \u2013 als absolute privat Personen \u2013 ohne Werbung etc. &#8211; bei Google, wenn Sie \u201eTeneriffa Wandern\u201c aufrufen, auf Seite 1 hochgehievt haben.<\/p>\n<p>Also: Tausend Dank! Bleiben Sie uns treu!<\/p>\n<p>Herzlich<br \/>\ndas mundi-Team: Manfred, Elisabeth und Irmgard<\/p>\n<p>&nbsp;<\/p>\n<p><strong>Ein paar Fotoimpressionen<\/strong><\/p>\n<p>&nbsp;<\/p>\n\n\t\t<style type=\"text\/css\">\n\t\t\t#gallery-1 {\n\t\t\t\tmargin: auto;\n\t\t\t}\n\t\t\t#gallery-1 .gallery-item {\n\t\t\t\tfloat: left;\n\t\t\t\tmargin-top: 10px;\n\t\t\t\ttext-align: center;\n\t\t\t\twidth: 33%;\n\t\t\t}\n\t\t\t#gallery-1 img {\n\t\t\t\tborder: 2px solid #cfcfcf;\n\t\t\t}\n\t\t\t#gallery-1 .gallery-caption {\n\t\t\t\tmargin-left: 0;\n\t\t\t}\n\t\t\t\/* see gallery_shortcode() in wp-includes\/media.php *\/\n\t\t<\/style>\n\t\t<div id='gallery-1' class='gallery galleryid-3553 gallery-columns-3 gallery-size-thumbnail'><dl class='gallery-item'>\n\t\t\t<dt class='gallery-icon portrait'>\n\t\t\t\t<a href='https:\/\/www.mundi-roth.de\/teneriffa-blog\/wp-content\/uploads\/2014\/12\/P1160923.jpg' rel=\"lightbox[3553]\"><img loading=\"lazy\" decoding=\"async\" width=\"112\" height=\"150\" src=\"https:\/\/www.mundi-roth.de\/teneriffa-blog\/wp-content\/uploads\/2014\/12\/P1160923-112x150.jpg\" class=\"attachment-thumbnail size-thumbnail\" alt=\"\" aria-describedby=\"gallery-1-3557\" srcset=\"https:\/\/www.mundi-roth.de\/teneriffa-blog\/wp-content\/uploads\/2014\/12\/P1160923-112x150.jpg 112w, https:\/\/www.mundi-roth.de\/teneriffa-blog\/wp-content\/uploads\/2014\/12\/P1160923-225x300.jpg 225w, https:\/\/www.mundi-roth.de\/teneriffa-blog\/wp-content\/uploads\/2014\/12\/P1160923.jpg 600w\" sizes=\"auto, (max-width: 112px) 100vw, 112px\" \/><\/a>\n\t\t\t<\/dt>\n\t\t\t\t<dd class='wp-caption-text gallery-caption' id='gallery-1-3557'>\n\t\t\t\tDer &#8222;OH!&#8220; &#8211; Einstieg\n\t\t\t\t<\/dd><\/dl><dl class='gallery-item'>\n\t\t\t<dt class='gallery-icon landscape'>\n\t\t\t\t<a href='https:\/\/www.mundi-roth.de\/teneriffa-blog\/wp-content\/uploads\/2014\/12\/P1160924.jpg' rel=\"lightbox[3553]\"><img loading=\"lazy\" decoding=\"async\" width=\"150\" height=\"112\" src=\"https:\/\/www.mundi-roth.de\/teneriffa-blog\/wp-content\/uploads\/2014\/12\/P1160924-150x112.jpg\" class=\"attachment-thumbnail size-thumbnail\" alt=\"\" aria-describedby=\"gallery-1-3558\" srcset=\"https:\/\/www.mundi-roth.de\/teneriffa-blog\/wp-content\/uploads\/2014\/12\/P1160924-150x112.jpg 150w, https:\/\/www.mundi-roth.de\/teneriffa-blog\/wp-content\/uploads\/2014\/12\/P1160924-300x225.jpg 300w, https:\/\/www.mundi-roth.de\/teneriffa-blog\/wp-content\/uploads\/2014\/12\/P1160924.jpg 800w\" sizes=\"auto, (max-width: 150px) 100vw, 150px\" \/><\/a>\n\t\t\t<\/dt>\n\t\t\t\t<dd class='wp-caption-text gallery-caption' id='gallery-1-3558'>\n\t\t\t\tAusblick nach links\n\t\t\t\t<\/dd><\/dl><dl class='gallery-item'>\n\t\t\t<dt class='gallery-icon landscape'>\n\t\t\t\t<a href='https:\/\/www.mundi-roth.de\/teneriffa-blog\/wp-content\/uploads\/2014\/12\/P1160925.jpg' rel=\"lightbox[3553]\"><img loading=\"lazy\" decoding=\"async\" width=\"150\" height=\"112\" src=\"https:\/\/www.mundi-roth.de\/teneriffa-blog\/wp-content\/uploads\/2014\/12\/P1160925-150x112.jpg\" class=\"attachment-thumbnail size-thumbnail\" alt=\"\" aria-describedby=\"gallery-1-3559\" srcset=\"https:\/\/www.mundi-roth.de\/teneriffa-blog\/wp-content\/uploads\/2014\/12\/P1160925-150x112.jpg 150w, https:\/\/www.mundi-roth.de\/teneriffa-blog\/wp-content\/uploads\/2014\/12\/P1160925-300x225.jpg 300w, https:\/\/www.mundi-roth.de\/teneriffa-blog\/wp-content\/uploads\/2014\/12\/P1160925.jpg 800w\" sizes=\"auto, (max-width: 150px) 100vw, 150px\" \/><\/a>\n\t\t\t<\/dt>\n\t\t\t\t<dd class='wp-caption-text gallery-caption' id='gallery-1-3559'>\n\t\t\t\tAusblick nach rechts\n\t\t\t\t<\/dd><\/dl><br style=\"clear: both\" \/><dl class='gallery-item'>\n\t\t\t<dt class='gallery-icon landscape'>\n\t\t\t\t<a href='https:\/\/www.mundi-roth.de\/teneriffa-blog\/wp-content\/uploads\/2014\/12\/P1160926.jpg' rel=\"lightbox[3553]\"><img loading=\"lazy\" decoding=\"async\" width=\"150\" height=\"112\" src=\"https:\/\/www.mundi-roth.de\/teneriffa-blog\/wp-content\/uploads\/2014\/12\/P1160926-150x112.jpg\" class=\"attachment-thumbnail size-thumbnail\" alt=\"\" aria-describedby=\"gallery-1-3560\" srcset=\"https:\/\/www.mundi-roth.de\/teneriffa-blog\/wp-content\/uploads\/2014\/12\/P1160926-150x112.jpg 150w, https:\/\/www.mundi-roth.de\/teneriffa-blog\/wp-content\/uploads\/2014\/12\/P1160926-300x225.jpg 300w, https:\/\/www.mundi-roth.de\/teneriffa-blog\/wp-content\/uploads\/2014\/12\/P1160926.jpg 800w\" sizes=\"auto, (max-width: 150px) 100vw, 150px\" \/><\/a>\n\t\t\t<\/dt>\n\t\t\t\t<dd class='wp-caption-text gallery-caption' id='gallery-1-3560'>\n\t\t\t\tBlick auf die Urbanisation\n\t\t\t\t<\/dd><\/dl><dl class='gallery-item'>\n\t\t\t<dt class='gallery-icon landscape'>\n\t\t\t\t<a href='https:\/\/www.mundi-roth.de\/teneriffa-blog\/wp-content\/uploads\/2014\/12\/P1160927.jpg' rel=\"lightbox[3553]\"><img loading=\"lazy\" decoding=\"async\" width=\"150\" height=\"112\" src=\"https:\/\/www.mundi-roth.de\/teneriffa-blog\/wp-content\/uploads\/2014\/12\/P1160927-150x112.jpg\" class=\"attachment-thumbnail size-thumbnail\" alt=\"\" aria-describedby=\"gallery-1-3561\" srcset=\"https:\/\/www.mundi-roth.de\/teneriffa-blog\/wp-content\/uploads\/2014\/12\/P1160927-150x112.jpg 150w, https:\/\/www.mundi-roth.de\/teneriffa-blog\/wp-content\/uploads\/2014\/12\/P1160927-300x225.jpg 300w, https:\/\/www.mundi-roth.de\/teneriffa-blog\/wp-content\/uploads\/2014\/12\/P1160927.jpg 800w\" sizes=\"auto, (max-width: 150px) 100vw, 150px\" \/><\/a>\n\t\t\t<\/dt>\n\t\t\t\t<dd class='wp-caption-text gallery-caption' id='gallery-1-3561'>\n\t\t\t\tBergpfad\n\t\t\t\t<\/dd><\/dl><dl class='gallery-item'>\n\t\t\t<dt class='gallery-icon landscape'>\n\t\t\t\t<a href='https:\/\/www.mundi-roth.de\/teneriffa-blog\/wp-content\/uploads\/2014\/12\/P1160929.jpg' rel=\"lightbox[3553]\"><img loading=\"lazy\" decoding=\"async\" width=\"150\" height=\"112\" src=\"https:\/\/www.mundi-roth.de\/teneriffa-blog\/wp-content\/uploads\/2014\/12\/P1160929-150x112.jpg\" class=\"attachment-thumbnail size-thumbnail\" alt=\"\" aria-describedby=\"gallery-1-3562\" srcset=\"https:\/\/www.mundi-roth.de\/teneriffa-blog\/wp-content\/uploads\/2014\/12\/P1160929-150x112.jpg 150w, https:\/\/www.mundi-roth.de\/teneriffa-blog\/wp-content\/uploads\/2014\/12\/P1160929-300x225.jpg 300w, https:\/\/www.mundi-roth.de\/teneriffa-blog\/wp-content\/uploads\/2014\/12\/P1160929.jpg 800w\" sizes=\"auto, (max-width: 150px) 100vw, 150px\" \/><\/a>\n\t\t\t<\/dt>\n\t\t\t\t<dd class='wp-caption-text gallery-caption' id='gallery-1-3562'>\n\t\t\t\t&#8222;Gr\u00fcne H\u00f6lle&#8220;\n\t\t\t\t<\/dd><\/dl><br style=\"clear: both\" \/><dl class='gallery-item'>\n\t\t\t<dt class='gallery-icon landscape'>\n\t\t\t\t<a href='https:\/\/www.mundi-roth.de\/teneriffa-blog\/wp-content\/uploads\/2014\/12\/P1160931.jpg' rel=\"lightbox[3553]\"><img loading=\"lazy\" decoding=\"async\" width=\"150\" height=\"112\" src=\"https:\/\/www.mundi-roth.de\/teneriffa-blog\/wp-content\/uploads\/2014\/12\/P1160931-150x112.jpg\" class=\"attachment-thumbnail size-thumbnail\" alt=\"\" aria-describedby=\"gallery-1-3563\" srcset=\"https:\/\/www.mundi-roth.de\/teneriffa-blog\/wp-content\/uploads\/2014\/12\/P1160931-150x112.jpg 150w, https:\/\/www.mundi-roth.de\/teneriffa-blog\/wp-content\/uploads\/2014\/12\/P1160931-300x225.jpg 300w, https:\/\/www.mundi-roth.de\/teneriffa-blog\/wp-content\/uploads\/2014\/12\/P1160931.jpg 800w\" sizes=\"auto, (max-width: 150px) 100vw, 150px\" \/><\/a>\n\t\t\t<\/dt>\n\t\t\t\t<dd class='wp-caption-text gallery-caption' id='gallery-1-3563'>\n\t\t\t\tFinca-Einfahrt\n\t\t\t\t<\/dd><\/dl><dl class='gallery-item'>\n\t\t\t<dt class='gallery-icon landscape'>\n\t\t\t\t<a href='https:\/\/www.mundi-roth.de\/teneriffa-blog\/wp-content\/uploads\/2014\/12\/P1160933.jpg' rel=\"lightbox[3553]\"><img loading=\"lazy\" decoding=\"async\" width=\"150\" height=\"112\" src=\"https:\/\/www.mundi-roth.de\/teneriffa-blog\/wp-content\/uploads\/2014\/12\/P1160933-150x112.jpg\" class=\"attachment-thumbnail size-thumbnail\" alt=\"\" aria-describedby=\"gallery-1-3564\" srcset=\"https:\/\/www.mundi-roth.de\/teneriffa-blog\/wp-content\/uploads\/2014\/12\/P1160933-150x112.jpg 150w, https:\/\/www.mundi-roth.de\/teneriffa-blog\/wp-content\/uploads\/2014\/12\/P1160933-300x225.jpg 300w, https:\/\/www.mundi-roth.de\/teneriffa-blog\/wp-content\/uploads\/2014\/12\/P1160933.jpg 800w\" sizes=\"auto, (max-width: 150px) 100vw, 150px\" \/><\/a>\n\t\t\t<\/dt>\n\t\t\t\t<dd class='wp-caption-text gallery-caption' id='gallery-1-3564'>\n\t\t\t\tRichtungs-Pfeile\n\t\t\t\t<\/dd><\/dl><dl class='gallery-item'>\n\t\t\t<dt class='gallery-icon landscape'>\n\t\t\t\t<a href='https:\/\/www.mundi-roth.de\/teneriffa-blog\/wp-content\/uploads\/2014\/12\/P1160936.jpg' rel=\"lightbox[3553]\"><img loading=\"lazy\" decoding=\"async\" width=\"150\" height=\"112\" src=\"https:\/\/www.mundi-roth.de\/teneriffa-blog\/wp-content\/uploads\/2014\/12\/P1160936-150x112.jpg\" class=\"attachment-thumbnail size-thumbnail\" alt=\"\" aria-describedby=\"gallery-1-3565\" srcset=\"https:\/\/www.mundi-roth.de\/teneriffa-blog\/wp-content\/uploads\/2014\/12\/P1160936-150x112.jpg 150w, https:\/\/www.mundi-roth.de\/teneriffa-blog\/wp-content\/uploads\/2014\/12\/P1160936-300x225.jpg 300w, https:\/\/www.mundi-roth.de\/teneriffa-blog\/wp-content\/uploads\/2014\/12\/P1160936.jpg 800w\" sizes=\"auto, (max-width: 150px) 100vw, 150px\" \/><\/a>\n\t\t\t<\/dt>\n\t\t\t\t<dd class='wp-caption-text gallery-caption' id='gallery-1-3565'>\n\t\t\t\tFinca-Gebiet\n\t\t\t\t<\/dd><\/dl><br style=\"clear: both\" \/><dl class='gallery-item'>\n\t\t\t<dt class='gallery-icon landscape'>\n\t\t\t\t<a href='https:\/\/www.mundi-roth.de\/teneriffa-blog\/wp-content\/uploads\/2014\/12\/P1160937.jpg' rel=\"lightbox[3553]\"><img loading=\"lazy\" decoding=\"async\" width=\"150\" height=\"112\" src=\"https:\/\/www.mundi-roth.de\/teneriffa-blog\/wp-content\/uploads\/2014\/12\/P1160937-150x112.jpg\" class=\"attachment-thumbnail size-thumbnail\" alt=\"\" aria-describedby=\"gallery-1-3566\" srcset=\"https:\/\/www.mundi-roth.de\/teneriffa-blog\/wp-content\/uploads\/2014\/12\/P1160937-150x112.jpg 150w, https:\/\/www.mundi-roth.de\/teneriffa-blog\/wp-content\/uploads\/2014\/12\/P1160937-300x225.jpg 300w, https:\/\/www.mundi-roth.de\/teneriffa-blog\/wp-content\/uploads\/2014\/12\/P1160937.jpg 800w\" sizes=\"auto, (max-width: 150px) 100vw, 150px\" \/><\/a>\n\t\t\t<\/dt>\n\t\t\t\t<dd class='wp-caption-text gallery-caption' id='gallery-1-3566'>\n\t\t\t\tAbstieg\n\t\t\t\t<\/dd><\/dl><dl class='gallery-item'>\n\t\t\t<dt class='gallery-icon portrait'>\n\t\t\t\t<a href='https:\/\/www.mundi-roth.de\/teneriffa-blog\/wp-content\/uploads\/2014\/12\/P1160940a.jpg' rel=\"lightbox[3553]\"><img loading=\"lazy\" decoding=\"async\" width=\"112\" height=\"150\" src=\"https:\/\/www.mundi-roth.de\/teneriffa-blog\/wp-content\/uploads\/2014\/12\/P1160940a-112x150.jpg\" class=\"attachment-thumbnail size-thumbnail\" alt=\"\" aria-describedby=\"gallery-1-3567\" srcset=\"https:\/\/www.mundi-roth.de\/teneriffa-blog\/wp-content\/uploads\/2014\/12\/P1160940a-112x150.jpg 112w, https:\/\/www.mundi-roth.de\/teneriffa-blog\/wp-content\/uploads\/2014\/12\/P1160940a-225x300.jpg 225w, https:\/\/www.mundi-roth.de\/teneriffa-blog\/wp-content\/uploads\/2014\/12\/P1160940a.jpg 600w\" sizes=\"auto, (max-width: 112px) 100vw, 112px\" \/><\/a>\n\t\t\t<\/dt>\n\t\t\t\t<dd class='wp-caption-text gallery-caption' id='gallery-1-3567'>\n\t\t\t\tBananenstaude mir Bl\u00fcte\n\t\t\t\t<\/dd><\/dl><dl class='gallery-item'>\n\t\t\t<dt class='gallery-icon landscape'>\n\t\t\t\t<a href='https:\/\/www.mundi-roth.de\/teneriffa-blog\/wp-content\/uploads\/2014\/12\/P1160941.jpg' rel=\"lightbox[3553]\"><img loading=\"lazy\" decoding=\"async\" width=\"150\" height=\"112\" src=\"https:\/\/www.mundi-roth.de\/teneriffa-blog\/wp-content\/uploads\/2014\/12\/P1160941-150x112.jpg\" class=\"attachment-thumbnail size-thumbnail\" alt=\"\" aria-describedby=\"gallery-1-3568\" srcset=\"https:\/\/www.mundi-roth.de\/teneriffa-blog\/wp-content\/uploads\/2014\/12\/P1160941-150x112.jpg 150w, https:\/\/www.mundi-roth.de\/teneriffa-blog\/wp-content\/uploads\/2014\/12\/P1160941-300x225.jpg 300w, https:\/\/www.mundi-roth.de\/teneriffa-blog\/wp-content\/uploads\/2014\/12\/P1160941.jpg 800w\" sizes=\"auto, (max-width: 150px) 100vw, 150px\" \/><\/a>\n\t\t\t<\/dt>\n\t\t\t\t<dd class='wp-caption-text gallery-caption' id='gallery-1-3568'>\n\t\t\t\tUntertunnelung\n\t\t\t\t<\/dd><\/dl><br style=\"clear: both\" \/><dl class='gallery-item'>\n\t\t\t<dt class='gallery-icon landscape'>\n\t\t\t\t<a href='https:\/\/www.mundi-roth.de\/teneriffa-blog\/wp-content\/uploads\/2014\/12\/P1160945.jpg' rel=\"lightbox[3553]\"><img loading=\"lazy\" decoding=\"async\" width=\"150\" height=\"112\" src=\"https:\/\/www.mundi-roth.de\/teneriffa-blog\/wp-content\/uploads\/2014\/12\/P1160945-150x112.jpg\" class=\"attachment-thumbnail size-thumbnail\" alt=\"\" aria-describedby=\"gallery-1-3569\" srcset=\"https:\/\/www.mundi-roth.de\/teneriffa-blog\/wp-content\/uploads\/2014\/12\/P1160945-150x112.jpg 150w, https:\/\/www.mundi-roth.de\/teneriffa-blog\/wp-content\/uploads\/2014\/12\/P1160945-300x225.jpg 300w, https:\/\/www.mundi-roth.de\/teneriffa-blog\/wp-content\/uploads\/2014\/12\/P1160945.jpg 800w\" sizes=\"auto, (max-width: 150px) 100vw, 150px\" \/><\/a>\n\t\t\t<\/dt>\n\t\t\t\t<dd class='wp-caption-text gallery-caption' id='gallery-1-3569'>\n\t\t\t\tAusblick in La Paz\n\t\t\t\t<\/dd><\/dl><dl class='gallery-item'>\n\t\t\t<dt class='gallery-icon landscape'>\n\t\t\t\t<a href='https:\/\/www.mundi-roth.de\/teneriffa-blog\/wp-content\/uploads\/2014\/12\/P1160949.jpg' rel=\"lightbox[3553]\"><img loading=\"lazy\" decoding=\"async\" width=\"150\" height=\"112\" src=\"https:\/\/www.mundi-roth.de\/teneriffa-blog\/wp-content\/uploads\/2014\/12\/P1160949-150x112.jpg\" class=\"attachment-thumbnail size-thumbnail\" alt=\"\" aria-describedby=\"gallery-1-3570\" srcset=\"https:\/\/www.mundi-roth.de\/teneriffa-blog\/wp-content\/uploads\/2014\/12\/P1160949-150x112.jpg 150w, https:\/\/www.mundi-roth.de\/teneriffa-blog\/wp-content\/uploads\/2014\/12\/P1160949-300x225.jpg 300w, https:\/\/www.mundi-roth.de\/teneriffa-blog\/wp-content\/uploads\/2014\/12\/P1160949.jpg 800w\" sizes=\"auto, (max-width: 150px) 100vw, 150px\" \/><\/a>\n\t\t\t<\/dt>\n\t\t\t\t<dd class='wp-caption-text gallery-caption' id='gallery-1-3570'>\n\t\t\t\tPromenaden-Galerie\n\t\t\t\t<\/dd><\/dl><dl class='gallery-item'>\n\t\t\t<dt class='gallery-icon portrait'>\n\t\t\t\t<a href='https:\/\/www.mundi-roth.de\/teneriffa-blog\/wp-content\/uploads\/2014\/12\/P1160956a.jpg' rel=\"lightbox[3553]\"><img loading=\"lazy\" decoding=\"async\" width=\"83\" height=\"150\" src=\"https:\/\/www.mundi-roth.de\/teneriffa-blog\/wp-content\/uploads\/2014\/12\/P1160956a-83x150.jpg\" class=\"attachment-thumbnail size-thumbnail\" alt=\"\" aria-describedby=\"gallery-1-3571\" srcset=\"https:\/\/www.mundi-roth.de\/teneriffa-blog\/wp-content\/uploads\/2014\/12\/P1160956a-83x150.jpg 83w, https:\/\/www.mundi-roth.de\/teneriffa-blog\/wp-content\/uploads\/2014\/12\/P1160956a-166x300.jpg 166w, https:\/\/www.mundi-roth.de\/teneriffa-blog\/wp-content\/uploads\/2014\/12\/P1160956a.jpg 443w\" sizes=\"auto, (max-width: 83px) 100vw, 83px\" \/><\/a>\n\t\t\t<\/dt>\n\t\t\t\t<dd class='wp-caption-text gallery-caption' id='gallery-1-3571'>\n\t\t\t\tJUgendstilhaus in Puerto de la Cruz\n\t\t\t\t<\/dd><\/dl><br style=\"clear: both\" \/><dl class='gallery-item'>\n\t\t\t<dt class='gallery-icon portrait'>\n\t\t\t\t<a href='https:\/\/www.mundi-roth.de\/teneriffa-blog\/wp-content\/uploads\/2014\/12\/P1160961.jpg' rel=\"lightbox[3553]\"><img loading=\"lazy\" decoding=\"async\" width=\"112\" height=\"150\" src=\"https:\/\/www.mundi-roth.de\/teneriffa-blog\/wp-content\/uploads\/2014\/12\/P1160961-112x150.jpg\" class=\"attachment-thumbnail size-thumbnail\" alt=\"\" aria-describedby=\"gallery-1-3572\" srcset=\"https:\/\/www.mundi-roth.de\/teneriffa-blog\/wp-content\/uploads\/2014\/12\/P1160961-112x150.jpg 112w, https:\/\/www.mundi-roth.de\/teneriffa-blog\/wp-content\/uploads\/2014\/12\/P1160961-225x300.jpg 225w, https:\/\/www.mundi-roth.de\/teneriffa-blog\/wp-content\/uploads\/2014\/12\/P1160961.jpg 600w\" sizes=\"auto, (max-width: 112px) 100vw, 112px\" \/><\/a>\n\t\t\t<\/dt>\n\t\t\t\t<dd class='wp-caption-text gallery-caption' id='gallery-1-3572'>\n\t\t\t\tKirchplatz\n\t\t\t\t<\/dd><\/dl>\n\t\t\t<br style='clear: both' \/>\n\t\t<\/div>\n\n","protected":false},"excerpt":{"rendered":"<p>Eine der wenigen Wanderung die wir aus dem Wanderf\u00fchrer \u201eGenusswandern auf Teneriffa\u201c von Peter Mertz noch nicht nachvollzogen haben, ist diese. Da wir etwas im Norden zu erledigen hatten, bot sich die Tour an. Wanderwegstrecke: gut 1 1\/2 Stunden \u2013 ohne die obligatorische Apfelpause Beschrieben wird die Wanderung von Ost nach West. Wir hatten diesmal [&hellip;]<\/p>\n","protected":false},"author":4,"featured_media":4214,"comment_status":"open","ping_status":"open","sticky":false,"template":"","format":"standard","meta":{"footnotes":""},"categories":[781,6],"tags":[754,756,755,753,757,439,446],"class_list":["post-3553","post","type-post","status-publish","format-standard","has-post-thumbnail","hentry","category-puerto-de-la-cruz","category-wanderungen","tag-cafe-vista-paraiso","tag-einkaufszentrum-martianez","tag-la-paz","tag-puerto-de-la-cruz","tag-schwimmbad-martianez","tag-teneriffa-wandern","tag-wandern-teneriffa"],"yoast_head":"<!-- This site is optimized with the Yoast SEO plugin v27.5 - https:\/\/yoast.com\/product\/yoast-seo-wordpress\/ -->\n<title>Vom Caf\u00e9 Vista Paraiso nach Puerto de la Cruz - Teneriffa Wandern<\/title>\n<meta name=\"robots\" content=\"index, follow, max-snippet:-1, max-image-preview:large, max-video-preview:-1\" \/>\n<link rel=\"canonical\" href=\"https:\/\/www.mundi-roth.de\/teneriffa-blog\/wanderungen\/vom-cafe-vista-paraiso-nach-puerto-de-la-cruz\/\" \/>\n<meta name=\"twitter:label1\" content=\"Verfasst von\" \/>\n\t<meta name=\"twitter:data1\" content=\"mundi\" \/>\n\t<meta name=\"twitter:label2\" content=\"Gesch\u00e4tzte Lesezeit\" \/>\n\t<meta name=\"twitter:data2\" content=\"4\u00a0Minuten\" \/>\n<script type=\"application\/ld+json\" class=\"yoast-schema-graph\">{\"@context\":\"https:\\\/\\\/schema.org\",\"@graph\":[{\"@type\":\"Article\",\"@id\":\"https:\\\/\\\/www.mundi-roth.de\\\/teneriffa-blog\\\/wanderungen\\\/vom-cafe-vista-paraiso-nach-puerto-de-la-cruz\\\/#article\",\"isPartOf\":{\"@id\":\"https:\\\/\\\/www.mundi-roth.de\\\/teneriffa-blog\\\/wanderungen\\\/vom-cafe-vista-paraiso-nach-puerto-de-la-cruz\\\/\"},\"author\":{\"name\":\"mundi\",\"@id\":\"https:\\\/\\\/www.mundi-roth.de\\\/teneriffa-blog\\\/#\\\/schema\\\/person\\\/971c66b55f3ae5e8741553688c413cac\"},\"headline\":\"Vom Caf\u00e9 Vista Paraiso nach Puerto de la Cruz\",\"datePublished\":\"2014-12-22T21:00:01+00:00\",\"dateModified\":\"2015-07-13T11:31:24+00:00\",\"mainEntityOfPage\":{\"@id\":\"https:\\\/\\\/www.mundi-roth.de\\\/teneriffa-blog\\\/wanderungen\\\/vom-cafe-vista-paraiso-nach-puerto-de-la-cruz\\\/\"},\"wordCount\":844,\"commentCount\":0,\"image\":{\"@id\":\"https:\\\/\\\/www.mundi-roth.de\\\/teneriffa-blog\\\/wanderungen\\\/vom-cafe-vista-paraiso-nach-puerto-de-la-cruz\\\/#primaryimage\"},\"thumbnailUrl\":\"https:\\\/\\\/www.mundi-roth.de\\\/teneriffa-blog\\\/wp-content\\\/uploads\\\/2014\\\/12\\\/P11609451.jpg\",\"keywords\":[\"Caf\u00e9 Vista Paraiso\",\"Einkaufszentrum Marti\u00e1nez\",\"La Paz\",\"Puerto de la Cruz\",\"Schwimmbad Marti\u00e1nez\",\"Teneriffa Wandern\",\"Wandern Teneriffa\"],\"articleSection\":[\"Puerto de la Cruz\",\"Wanderungen\"],\"inLanguage\":\"de\",\"potentialAction\":[{\"@type\":\"CommentAction\",\"name\":\"Comment\",\"target\":[\"https:\\\/\\\/www.mundi-roth.de\\\/teneriffa-blog\\\/wanderungen\\\/vom-cafe-vista-paraiso-nach-puerto-de-la-cruz\\\/#respond\"]}]},{\"@type\":\"WebPage\",\"@id\":\"https:\\\/\\\/www.mundi-roth.de\\\/teneriffa-blog\\\/wanderungen\\\/vom-cafe-vista-paraiso-nach-puerto-de-la-cruz\\\/\",\"url\":\"https:\\\/\\\/www.mundi-roth.de\\\/teneriffa-blog\\\/wanderungen\\\/vom-cafe-vista-paraiso-nach-puerto-de-la-cruz\\\/\",\"name\":\"Vom Caf\u00e9 Vista Paraiso nach Puerto de la Cruz - Teneriffa Wandern\",\"isPartOf\":{\"@id\":\"https:\\\/\\\/www.mundi-roth.de\\\/teneriffa-blog\\\/#website\"},\"primaryImageOfPage\":{\"@id\":\"https:\\\/\\\/www.mundi-roth.de\\\/teneriffa-blog\\\/wanderungen\\\/vom-cafe-vista-paraiso-nach-puerto-de-la-cruz\\\/#primaryimage\"},\"image\":{\"@id\":\"https:\\\/\\\/www.mundi-roth.de\\\/teneriffa-blog\\\/wanderungen\\\/vom-cafe-vista-paraiso-nach-puerto-de-la-cruz\\\/#primaryimage\"},\"thumbnailUrl\":\"https:\\\/\\\/www.mundi-roth.de\\\/teneriffa-blog\\\/wp-content\\\/uploads\\\/2014\\\/12\\\/P11609451.jpg\",\"datePublished\":\"2014-12-22T21:00:01+00:00\",\"dateModified\":\"2015-07-13T11:31:24+00:00\",\"author\":{\"@id\":\"https:\\\/\\\/www.mundi-roth.de\\\/teneriffa-blog\\\/#\\\/schema\\\/person\\\/971c66b55f3ae5e8741553688c413cac\"},\"breadcrumb\":{\"@id\":\"https:\\\/\\\/www.mundi-roth.de\\\/teneriffa-blog\\\/wanderungen\\\/vom-cafe-vista-paraiso-nach-puerto-de-la-cruz\\\/#breadcrumb\"},\"inLanguage\":\"de\",\"potentialAction\":[{\"@type\":\"ReadAction\",\"target\":[\"https:\\\/\\\/www.mundi-roth.de\\\/teneriffa-blog\\\/wanderungen\\\/vom-cafe-vista-paraiso-nach-puerto-de-la-cruz\\\/\"]}]},{\"@type\":\"ImageObject\",\"inLanguage\":\"de\",\"@id\":\"https:\\\/\\\/www.mundi-roth.de\\\/teneriffa-blog\\\/wanderungen\\\/vom-cafe-vista-paraiso-nach-puerto-de-la-cruz\\\/#primaryimage\",\"url\":\"https:\\\/\\\/www.mundi-roth.de\\\/teneriffa-blog\\\/wp-content\\\/uploads\\\/2014\\\/12\\\/P11609451.jpg\",\"contentUrl\":\"https:\\\/\\\/www.mundi-roth.de\\\/teneriffa-blog\\\/wp-content\\\/uploads\\\/2014\\\/12\\\/P11609451.jpg\",\"width\":800,\"height\":600},{\"@type\":\"BreadcrumbList\",\"@id\":\"https:\\\/\\\/www.mundi-roth.de\\\/teneriffa-blog\\\/wanderungen\\\/vom-cafe-vista-paraiso-nach-puerto-de-la-cruz\\\/#breadcrumb\",\"itemListElement\":[{\"@type\":\"ListItem\",\"position\":1,\"name\":\"Startseite\",\"item\":\"https:\\\/\\\/www.mundi-roth.de\\\/teneriffa-blog\\\/\"},{\"@type\":\"ListItem\",\"position\":2,\"name\":\"Vom Caf\u00e9 Vista Paraiso nach Puerto de la Cruz\"}]},{\"@type\":\"WebSite\",\"@id\":\"https:\\\/\\\/www.mundi-roth.de\\\/teneriffa-blog\\\/#website\",\"url\":\"https:\\\/\\\/www.mundi-roth.de\\\/teneriffa-blog\\\/\",\"name\":\"Teneriffa Wandern\",\"description\":\"Nicht nur Wanderungen auf Teneriffa...\",\"potentialAction\":[{\"@type\":\"SearchAction\",\"target\":{\"@type\":\"EntryPoint\",\"urlTemplate\":\"https:\\\/\\\/www.mundi-roth.de\\\/teneriffa-blog\\\/?s={search_term_string}\"},\"query-input\":{\"@type\":\"PropertyValueSpecification\",\"valueRequired\":true,\"valueName\":\"search_term_string\"}}],\"inLanguage\":\"de\"},{\"@type\":\"Person\",\"@id\":\"https:\\\/\\\/www.mundi-roth.de\\\/teneriffa-blog\\\/#\\\/schema\\\/person\\\/971c66b55f3ae5e8741553688c413cac\",\"name\":\"mundi\",\"image\":{\"@type\":\"ImageObject\",\"inLanguage\":\"de\",\"@id\":\"https:\\\/\\\/secure.gravatar.com\\\/avatar\\\/555f0dd85428f1a9330f8e5dbe9e40ff9ca912bb81e5a89747ebf3ca9c20dc0f?s=96&d=mm&r=g\",\"url\":\"https:\\\/\\\/secure.gravatar.com\\\/avatar\\\/555f0dd85428f1a9330f8e5dbe9e40ff9ca912bb81e5a89747ebf3ca9c20dc0f?s=96&d=mm&r=g\",\"contentUrl\":\"https:\\\/\\\/secure.gravatar.com\\\/avatar\\\/555f0dd85428f1a9330f8e5dbe9e40ff9ca912bb81e5a89747ebf3ca9c20dc0f?s=96&d=mm&r=g\",\"caption\":\"mundi\"},\"sameAs\":[\"http:\\\/\\\/mundi-roth.de\"],\"url\":\"https:\\\/\\\/www.mundi-roth.de\\\/teneriffa-blog\\\/author\\\/mundi\\\/\"}]}<\/script>\n<!-- \/ Yoast SEO plugin. -->","yoast_head_json":{"title":"Vom Caf\u00e9 Vista Paraiso nach Puerto de la Cruz - Teneriffa Wandern","robots":{"index":"index","follow":"follow","max-snippet":"max-snippet:-1","max-image-preview":"max-image-preview:large","max-video-preview":"max-video-preview:-1"},"canonical":"https:\/\/www.mundi-roth.de\/teneriffa-blog\/wanderungen\/vom-cafe-vista-paraiso-nach-puerto-de-la-cruz\/","twitter_misc":{"Verfasst von":"mundi","Gesch\u00e4tzte Lesezeit":"4\u00a0Minuten"},"schema":{"@context":"https:\/\/schema.org","@graph":[{"@type":"Article","@id":"https:\/\/www.mundi-roth.de\/teneriffa-blog\/wanderungen\/vom-cafe-vista-paraiso-nach-puerto-de-la-cruz\/#article","isPartOf":{"@id":"https:\/\/www.mundi-roth.de\/teneriffa-blog\/wanderungen\/vom-cafe-vista-paraiso-nach-puerto-de-la-cruz\/"},"author":{"name":"mundi","@id":"https:\/\/www.mundi-roth.de\/teneriffa-blog\/#\/schema\/person\/971c66b55f3ae5e8741553688c413cac"},"headline":"Vom Caf\u00e9 Vista Paraiso nach Puerto de la Cruz","datePublished":"2014-12-22T21:00:01+00:00","dateModified":"2015-07-13T11:31:24+00:00","mainEntityOfPage":{"@id":"https:\/\/www.mundi-roth.de\/teneriffa-blog\/wanderungen\/vom-cafe-vista-paraiso-nach-puerto-de-la-cruz\/"},"wordCount":844,"commentCount":0,"image":{"@id":"https:\/\/www.mundi-roth.de\/teneriffa-blog\/wanderungen\/vom-cafe-vista-paraiso-nach-puerto-de-la-cruz\/#primaryimage"},"thumbnailUrl":"https:\/\/www.mundi-roth.de\/teneriffa-blog\/wp-content\/uploads\/2014\/12\/P11609451.jpg","keywords":["Caf\u00e9 Vista Paraiso","Einkaufszentrum Marti\u00e1nez","La Paz","Puerto de la Cruz","Schwimmbad Marti\u00e1nez","Teneriffa Wandern","Wandern Teneriffa"],"articleSection":["Puerto de la Cruz","Wanderungen"],"inLanguage":"de","potentialAction":[{"@type":"CommentAction","name":"Comment","target":["https:\/\/www.mundi-roth.de\/teneriffa-blog\/wanderungen\/vom-cafe-vista-paraiso-nach-puerto-de-la-cruz\/#respond"]}]},{"@type":"WebPage","@id":"https:\/\/www.mundi-roth.de\/teneriffa-blog\/wanderungen\/vom-cafe-vista-paraiso-nach-puerto-de-la-cruz\/","url":"https:\/\/www.mundi-roth.de\/teneriffa-blog\/wanderungen\/vom-cafe-vista-paraiso-nach-puerto-de-la-cruz\/","name":"Vom Caf\u00e9 Vista Paraiso nach Puerto de la Cruz - Teneriffa Wandern","isPartOf":{"@id":"https:\/\/www.mundi-roth.de\/teneriffa-blog\/#website"},"primaryImageOfPage":{"@id":"https:\/\/www.mundi-roth.de\/teneriffa-blog\/wanderungen\/vom-cafe-vista-paraiso-nach-puerto-de-la-cruz\/#primaryimage"},"image":{"@id":"https:\/\/www.mundi-roth.de\/teneriffa-blog\/wanderungen\/vom-cafe-vista-paraiso-nach-puerto-de-la-cruz\/#primaryimage"},"thumbnailUrl":"https:\/\/www.mundi-roth.de\/teneriffa-blog\/wp-content\/uploads\/2014\/12\/P11609451.jpg","datePublished":"2014-12-22T21:00:01+00:00","dateModified":"2015-07-13T11:31:24+00:00","author":{"@id":"https:\/\/www.mundi-roth.de\/teneriffa-blog\/#\/schema\/person\/971c66b55f3ae5e8741553688c413cac"},"breadcrumb":{"@id":"https:\/\/www.mundi-roth.de\/teneriffa-blog\/wanderungen\/vom-cafe-vista-paraiso-nach-puerto-de-la-cruz\/#breadcrumb"},"inLanguage":"de","potentialAction":[{"@type":"ReadAction","target":["https:\/\/www.mundi-roth.de\/teneriffa-blog\/wanderungen\/vom-cafe-vista-paraiso-nach-puerto-de-la-cruz\/"]}]},{"@type":"ImageObject","inLanguage":"de","@id":"https:\/\/www.mundi-roth.de\/teneriffa-blog\/wanderungen\/vom-cafe-vista-paraiso-nach-puerto-de-la-cruz\/#primaryimage","url":"https:\/\/www.mundi-roth.de\/teneriffa-blog\/wp-content\/uploads\/2014\/12\/P11609451.jpg","contentUrl":"https:\/\/www.mundi-roth.de\/teneriffa-blog\/wp-content\/uploads\/2014\/12\/P11609451.jpg","width":800,"height":600},{"@type":"BreadcrumbList","@id":"https:\/\/www.mundi-roth.de\/teneriffa-blog\/wanderungen\/vom-cafe-vista-paraiso-nach-puerto-de-la-cruz\/#breadcrumb","itemListElement":[{"@type":"ListItem","position":1,"name":"Startseite","item":"https:\/\/www.mundi-roth.de\/teneriffa-blog\/"},{"@type":"ListItem","position":2,"name":"Vom Caf\u00e9 Vista Paraiso nach Puerto de la Cruz"}]},{"@type":"WebSite","@id":"https:\/\/www.mundi-roth.de\/teneriffa-blog\/#website","url":"https:\/\/www.mundi-roth.de\/teneriffa-blog\/","name":"Teneriffa Wandern","description":"Nicht nur Wanderungen auf Teneriffa...","potentialAction":[{"@type":"SearchAction","target":{"@type":"EntryPoint","urlTemplate":"https:\/\/www.mundi-roth.de\/teneriffa-blog\/?s={search_term_string}"},"query-input":{"@type":"PropertyValueSpecification","valueRequired":true,"valueName":"search_term_string"}}],"inLanguage":"de"},{"@type":"Person","@id":"https:\/\/www.mundi-roth.de\/teneriffa-blog\/#\/schema\/person\/971c66b55f3ae5e8741553688c413cac","name":"mundi","image":{"@type":"ImageObject","inLanguage":"de","@id":"https:\/\/secure.gravatar.com\/avatar\/555f0dd85428f1a9330f8e5dbe9e40ff9ca912bb81e5a89747ebf3ca9c20dc0f?s=96&d=mm&r=g","url":"https:\/\/secure.gravatar.com\/avatar\/555f0dd85428f1a9330f8e5dbe9e40ff9ca912bb81e5a89747ebf3ca9c20dc0f?s=96&d=mm&r=g","contentUrl":"https:\/\/secure.gravatar.com\/avatar\/555f0dd85428f1a9330f8e5dbe9e40ff9ca912bb81e5a89747ebf3ca9c20dc0f?s=96&d=mm&r=g","caption":"mundi"},"sameAs":["http:\/\/mundi-roth.de"],"url":"https:\/\/www.mundi-roth.de\/teneriffa-blog\/author\/mundi\/"}]}},"_links":{"self":[{"href":"https:\/\/www.mundi-roth.de\/teneriffa-blog\/wp-json\/wp\/v2\/posts\/3553","targetHints":{"allow":["GET"]}}],"collection":[{"href":"https:\/\/www.mundi-roth.de\/teneriffa-blog\/wp-json\/wp\/v2\/posts"}],"about":[{"href":"https:\/\/www.mundi-roth.de\/teneriffa-blog\/wp-json\/wp\/v2\/types\/post"}],"author":[{"embeddable":true,"href":"https:\/\/www.mundi-roth.de\/teneriffa-blog\/wp-json\/wp\/v2\/users\/4"}],"replies":[{"embeddable":true,"href":"https:\/\/www.mundi-roth.de\/teneriffa-blog\/wp-json\/wp\/v2\/comments?post=3553"}],"version-history":[{"count":0,"href":"https:\/\/www.mundi-roth.de\/teneriffa-blog\/wp-json\/wp\/v2\/posts\/3553\/revisions"}],"wp:featuredmedia":[{"embeddable":true,"href":"https:\/\/www.mundi-roth.de\/teneriffa-blog\/wp-json\/wp\/v2\/media\/4214"}],"wp:attachment":[{"href":"https:\/\/www.mundi-roth.de\/teneriffa-blog\/wp-json\/wp\/v2\/media?parent=3553"}],"wp:term":[{"taxonomy":"category","embeddable":true,"href":"https:\/\/www.mundi-roth.de\/teneriffa-blog\/wp-json\/wp\/v2\/categories?post=3553"},{"taxonomy":"post_tag","embeddable":true,"href":"https:\/\/www.mundi-roth.de\/teneriffa-blog\/wp-json\/wp\/v2\/tags?post=3553"}],"curies":[{"name":"wp","href":"https:\/\/api.w.org\/{rel}","templated":true}]}}