{"id":3580,"date":"2014-12-30T22:00:25","date_gmt":"2014-12-30T21:00:25","guid":{"rendered":"http:\/\/www.mundi-roth.de\/teneriffa-blog\/?p=3580"},"modified":"2015-07-13T12:28:03","modified_gmt":"2015-07-13T11:28:03","slug":"alcala-playa-san-juan","status":"publish","type":"post","link":"https:\/\/www.mundi-roth.de\/teneriffa-blog\/wanderungen\/alcala-playa-san-juan\/","title":{"rendered":"Alcal\u00e1 \u2013 Playa San Juan"},"content":{"rendered":"<p>Alcal\u00e1 \u2013 Playa San Juan<\/p>\n<p>Ein Nachmittagsspaziergang!<\/p>\n<div id=\"attachment_3581\" style=\"width: 160px\" class=\"wp-caption alignright\"><a href=\"http:\/\/www.mundi-roth.de\/teneriffa-blog\/wp-content\/uploads\/2014\/12\/Track012.jpg\" rel=\"lightbox[3580]\"><img loading=\"lazy\" decoding=\"async\" aria-describedby=\"caption-attachment-3581\" class=\"size-thumbnail wp-image-3581\" src=\"http:\/\/www.mundi-roth.de\/teneriffa-blog\/wp-content\/uploads\/2014\/12\/Track012-150x145.jpg\" alt=\"Die Strecke\" width=\"150\" height=\"145\" srcset=\"https:\/\/www.mundi-roth.de\/teneriffa-blog\/wp-content\/uploads\/2014\/12\/Track012-150x145.jpg 150w, https:\/\/www.mundi-roth.de\/teneriffa-blog\/wp-content\/uploads\/2014\/12\/Track012-300x291.jpg 300w, https:\/\/www.mundi-roth.de\/teneriffa-blog\/wp-content\/uploads\/2014\/12\/Track012.jpg 769w\" sizes=\"auto, (max-width: 150px) 100vw, 150px\" \/><\/a><p id=\"caption-attachment-3581\" class=\"wp-caption-text\">Die Strecke<\/p><\/div>\n<p>Ein weiteres fehlendes Puzzleteilchen in dem gro\u00dfen Puzzle: Candelaria \u2013 Playa\u00a0\u00a0\u00a0\u00a0 de Santiago. K\u00fcstenwanderung von Ost nach West \u2013 von West nach Ost.<\/p>\n<p>Elisabeth hat Besuch aus \u00d6sterreich, den wir nicht am ersten Aufenthaltstag auf der Insel \u00fcberfordern wollten, zudem war das Wetter nicht berauschend und f\u00fcr Neuank\u00f6mmlinge ist die K\u00fcste immer sch\u00f6n.<\/p>\n<p><strong>Wanderwegstrecke:<\/strong>\u00a0 gut 1 \u00bd Stunden \u2013 hin und zur\u00fcck 6,45 km<\/p>\n<p>Wir parken in Alcal\u00e1 an der Plaza, und sofort sehen wir\u00a0ein ausgefallenes Jugendstilhaus.<br \/>\nUm es vorwegzunehmen, es ist nicht das Einzige ausgefallene Haus auf der Wanderung.<br \/>\nEinen ersten Blick auf die Badebucht mit Promenade gibt es nicht, der Zugang ist\u00a0 gesperrt und es wird heftig und lautstark gearbeitet.<\/p>\n<p>St\u00f6rt uns nicht weiter, denn unsere Wanderung steigt gleicht an der Cafeteria &#8211;\u00a0 Tasca\u00a0 \u201eTu Rincon\u201c an.<\/p>\n<p>In der Calle Blasco Iba\u00f1ez gehen wir am Jugenstilhaus vorbei bis zur 1. rechten Abbiegung, der Calle\u00a0 Las Biancas, lassen oben auf dem Pl\u00e4tzchen das Restaurant Casa Juana links liegen, haben von hier einen sch\u00f6nen Ausblick auf die Badebucht und gehen geradeaus weiter bis zum Ende von Alcal\u00e1. Hier geht dann die Asphaltstra\u00dfe in einen Pfad \u00fcber und f\u00fchrt uns <a href=\"http:\/\/www.mundi-roth.de\/teneriffa-blog\/wp-content\/uploads\/2014\/12\/P1170009.jpg\" rel=\"lightbox[3580]\"><img loading=\"lazy\" decoding=\"async\" class=\"alignright size-thumbnail wp-image-3582\" src=\"http:\/\/www.mundi-roth.de\/teneriffa-blog\/wp-content\/uploads\/2014\/12\/P1170009-150x113.jpg\" alt=\"P1170009\" width=\"150\" height=\"113\" srcset=\"https:\/\/www.mundi-roth.de\/teneriffa-blog\/wp-content\/uploads\/2014\/12\/P1170009-150x113.jpg 150w, https:\/\/www.mundi-roth.de\/teneriffa-blog\/wp-content\/uploads\/2014\/12\/P1170009-300x225.jpg 300w, https:\/\/www.mundi-roth.de\/teneriffa-blog\/wp-content\/uploads\/2014\/12\/P1170009.jpg 800w\" sizes=\"auto, (max-width: 150px) 100vw, 150px\" \/><\/a>nun von Bucht zu Bucht, von einer bizarren Felsformation zur n\u00e4chsten, dazwischen das leuchtende Gelb des Hornklees. Die gelben Bl\u00fcten der Seidenhaarigen Schizogyne sind vertrocknet, nur hin und wieder erscheinen schon die neuen Bl\u00fcten.<br \/>\nDen Blick immer sch\u00f6n nach rechts, Richtung Meer. Links ist es nicht ganz so prickelnd: es geht vorbei an den Planen und Mauern hinter denen sich die Bananenplantagen befinden und leider liegt reichlich M\u00fcll rum.<br \/>\nSchaut man \u00a0links nach oben, hat man die heute dunkelverhangene Bergkette vor sich.<\/p>\n<p>Nach einer halben Stunde Gehzeit gelangen wir an eine Absperrung.<a href=\"http:\/\/www.mundi-roth.de\/teneriffa-blog\/wp-content\/uploads\/2014\/12\/P1170024a.jpg\" rel=\"lightbox[3580]\"><img loading=\"lazy\" decoding=\"async\" class=\"alignright size-thumbnail wp-image-3583\" src=\"http:\/\/www.mundi-roth.de\/teneriffa-blog\/wp-content\/uploads\/2014\/12\/P1170024a-150x111.jpg\" alt=\"P1170024a\" width=\"150\" height=\"111\" srcset=\"https:\/\/www.mundi-roth.de\/teneriffa-blog\/wp-content\/uploads\/2014\/12\/P1170024a-150x111.jpg 150w, https:\/\/www.mundi-roth.de\/teneriffa-blog\/wp-content\/uploads\/2014\/12\/P1170024a-300x222.jpg 300w, https:\/\/www.mundi-roth.de\/teneriffa-blog\/wp-content\/uploads\/2014\/12\/P1170024a.jpg 800w\" sizes=\"auto, (max-width: 150px) 100vw, 150px\" \/><\/a><br \/>\nIn\u00a0 vier Sprachen wird auf die Gefahr hingewiesen, dass hier gearbeitet wird.<br \/>\nHeute aber nicht!<br \/>\nUnd so machen wir etwas, was nicht zur Nachahmung empfohlen wird:<br \/>\nWir umgehen die Absperrung und klettern die Felsen runter um auf der anderen Seite der Bucht \u00fcber eine Treppe mit blauem Gel\u00e4nder aufzusteigen.<\/p>\n<p>Ein Paar, das wohl ebenfalls den Abstieg erwogen hat, beobachtet uns und nachdem sie unsere Aktion aber gesehen haben, verzichtet es darauf und w\u00e4hlt die Stra\u00dfe (was wir auf dem R\u00fcckweg auch gemacht haben!)<\/p>\n<p>Oben angekommen befinden wir uns schon auf der Promenade, die von Playa San Juan hierher f\u00fchrt.<\/p>\n<p>(Am 19. M\u00e4rz 2014 habe ich den <a href=\"http:\/\/www.mundi-roth.de\/teneriffa-blog\/wanderungen\/promenade-von-playa-san-juan\/\">Spaziergang auf der Promenade<\/a> beschrieben und mit vielen Fotos gespickt.)<\/p>\n<div id=\"attachment_3584\" style=\"width: 154px\" class=\"wp-caption alignleft\"><a href=\"http:\/\/www.mundi-roth.de\/teneriffa-blog\/wp-content\/uploads\/2014\/12\/P1170032a.jpg\" rel=\"lightbox[3580]\"><img loading=\"lazy\" decoding=\"async\" aria-describedby=\"caption-attachment-3584\" class=\"size-thumbnail wp-image-3584\" src=\"http:\/\/www.mundi-roth.de\/teneriffa-blog\/wp-content\/uploads\/2014\/12\/P1170032a-144x150.jpg\" alt=\"Mann geht durch die Wand\" width=\"144\" height=\"150\" srcset=\"https:\/\/www.mundi-roth.de\/teneriffa-blog\/wp-content\/uploads\/2014\/12\/P1170032a-144x150.jpg 144w, https:\/\/www.mundi-roth.de\/teneriffa-blog\/wp-content\/uploads\/2014\/12\/P1170032a-288x300.jpg 288w, https:\/\/www.mundi-roth.de\/teneriffa-blog\/wp-content\/uploads\/2014\/12\/P1170032a.jpg 768w\" sizes=\"auto, (max-width: 144px) 100vw, 144px\" \/><\/a><p id=\"caption-attachment-3584\" class=\"wp-caption-text\">Mann geht durch die Wand<\/p><\/div>\n<p>Wir bummeln nun noch ein bisschen durch Playa San Juan, ich will Elisabeths Besucherin noch die Skulptur, der ich den Titel \u201eMann geht durch die Wand\u201c gegeben habe, zeigen und nach insgesamt 1 Stunde treten wir den R\u00fcckweg an.<\/p>\n<p>Nun biegen wir \u2013 kurz vor Ende der Asphaltstra\u00dfe, das blaue Gel\u00e4nder im Blick, nach rechts in die Calle Barbera ab \u2013 keine Experimente mehr &#8211; , bei einem ochsenblutrotem Haus halten wir uns links, passieren ein fantasievoll gestaltetes Haus und gelangen wieder an den Bauzaun, mit der vielsprachigen Warnung: Jedoch hier ist er ge\u00f6ffnet und wir passieren ihn und an den Bananenplantagen vorbei sind wir nach wenigen Metern auf der staubigen, breiten Stra\u00dfe wieder\u00a0auf unserem ger\u00f6lligen R\u00fcckweg nach Alcal\u00e1.<a href=\"http:\/\/www.mundi-roth.de\/teneriffa-blog\/wp-content\/uploads\/2014\/12\/P1170049x.jpg\" rel=\"lightbox[3580]\"><img loading=\"lazy\" decoding=\"async\" class=\"alignright size-thumbnail wp-image-3599\" src=\"http:\/\/www.mundi-roth.de\/teneriffa-blog\/wp-content\/uploads\/2014\/12\/P1170049x-150x114.jpg\" alt=\"P1170049x\" width=\"150\" height=\"114\" srcset=\"https:\/\/www.mundi-roth.de\/teneriffa-blog\/wp-content\/uploads\/2014\/12\/P1170049x-150x114.jpg 150w, https:\/\/www.mundi-roth.de\/teneriffa-blog\/wp-content\/uploads\/2014\/12\/P1170049x-300x228.jpg 300w, https:\/\/www.mundi-roth.de\/teneriffa-blog\/wp-content\/uploads\/2014\/12\/P1170049x.jpg 800w\" sizes=\"auto, (max-width: 150px) 100vw, 150px\" \/><\/a><\/p>\n<p>Die Sonne kommt durch, l\u00e4sst alles viel freundlicher erscheinen und ein gro\u00dfer Regenbogen \u00fcberspannt den Himmel.<\/p>\n<p>Die Sonne wollen wir noch etwas l\u00e4nger genie\u00dfen und daher gehen wir in Alcal\u00e1 an der Baustelle rechts vorbei, die Palmen-Allee aufw\u00e4rts bis zum Restaurant \u201eLa Muralla\u201c und genie\u00dfen mit Sicht auf&#8217;s Meer unseren Milchcaf\u00e9 bzw. Barraquito.<\/p>\n<p>(F\u00fcr diejenigen, die sich unter <a href=\"http:\/\/www.lebensmittellexikon.de\/b0002330.php\">\u201eBarraquito\u201c<\/a> nichts vorstellen k\u00f6nnen eine kurze Beschreibung:<\/p>\n<p>In einem kleinen Glas versammeln sich 4 Komponenten, sch\u00f6n getrennt voneinander und somit ein erfreulicher Anblick:<br \/>\nZu unterst eine Schicht ges\u00fc\u00dfte Milch, dann kommt der Orangenlik\u00f6r 43 \u201eCuarenta y Tres\u201c, darauf der Espresso und gekr\u00f6nt wird das Ganze mit gesch\u00e4umter Milch, die mit einem Hauch Zimt best\u00e4ubt ist und einem St\u00fccken Zitronenschale. Dann wird dieses \u201eKunstwerk zerst\u00f6rt, man verr\u00fchrt alles und genie\u00dft. Augen zu und Mmmmmhhhhhh!)<\/p>\n<p><strong>Anfahrt\/Abfahrt:<\/strong><\/p>\n<p>Die Anfahrt und die Abfahrt l\u00e4sst sich selbstverst\u00e4ndlich auch problemlos mit dem Busangebot der TITSA erledigen.<\/p>\n<p><strong>Tipp:<\/strong><\/p>\n<p>Hat nichts mit dem Wandern zu tun.<\/p>\n<p>Wem Flamenco gef\u00e4llt, dem m\u00f6chten wir eine besondere Sache ans Herz legen:<\/p>\n<p>Wir waren gestern im Audiotorium Infanta Leonor in Los Cristianos in der Flamenco-Solo-Auff\u00fchrung \u201eCollage\u201c der bekannten Flamencot\u00e4nzerin <a href=\"http:\/\/www.flamencotenerife.com\/curriculum.html\">Yolanda\u00a0 C. Sobrado<\/a>.<\/p>\n<p>Wir waren restlos begeistert!<br \/>\nNichts Volkst\u00fcmliches sondern Kunst, die fasziniert!<\/p>\n<p>Wer diesen Termin verpasst hat, hat die Gelegenheit am Freitag, den 16. Januar 2015 im Auditorium Infanta Leonor die einst\u00fcndige Vorstellung der verschiedenen Flamenco-Stile von der\u00a0 begnadeten K\u00fcnstlerin anzusehen, die auch als Solo-T\u00e4nzerin in der Show <em>Riverdance<\/em> aufgetreten ist.<\/p>\n<p>Karten gibt es im Centro Cultural in Los Cristianos, oder auch noch bis 2 Stunden vor Beginn der Auff\u00fchrung am Ticket-Schalter neben dem Kiosk beim Auditorio.<\/p>\n<p>&nbsp;<\/p>\n<p><strong>Foto-Impressionen<\/strong><\/p>\n\n\t\t<style type=\"text\/css\">\n\t\t\t#gallery-1 {\n\t\t\t\tmargin: auto;\n\t\t\t}\n\t\t\t#gallery-1 .gallery-item {\n\t\t\t\tfloat: left;\n\t\t\t\tmargin-top: 10px;\n\t\t\t\ttext-align: center;\n\t\t\t\twidth: 33%;\n\t\t\t}\n\t\t\t#gallery-1 img {\n\t\t\t\tborder: 2px solid #cfcfcf;\n\t\t\t}\n\t\t\t#gallery-1 .gallery-caption {\n\t\t\t\tmargin-left: 0;\n\t\t\t}\n\t\t\t\/* see gallery_shortcode() in wp-includes\/media.php *\/\n\t\t<\/style>\n\t\t<div id='gallery-1' class='gallery galleryid-3580 gallery-columns-3 gallery-size-thumbnail'><dl class='gallery-item'>\n\t\t\t<dt class='gallery-icon portrait'>\n\t\t\t\t<a href='https:\/\/www.mundi-roth.de\/teneriffa-blog\/wp-content\/uploads\/2014\/12\/P1160994.jpg' rel=\"lightbox[3580]\"><img loading=\"lazy\" decoding=\"async\" width=\"113\" height=\"150\" src=\"https:\/\/www.mundi-roth.de\/teneriffa-blog\/wp-content\/uploads\/2014\/12\/P1160994-113x150.jpg\" class=\"attachment-thumbnail size-thumbnail\" alt=\"\" srcset=\"https:\/\/www.mundi-roth.de\/teneriffa-blog\/wp-content\/uploads\/2014\/12\/P1160994-113x150.jpg 113w, https:\/\/www.mundi-roth.de\/teneriffa-blog\/wp-content\/uploads\/2014\/12\/P1160994-225x300.jpg 225w, https:\/\/www.mundi-roth.de\/teneriffa-blog\/wp-content\/uploads\/2014\/12\/P1160994.jpg 600w\" sizes=\"auto, (max-width: 113px) 100vw, 113px\" \/><\/a>\n\t\t\t<\/dt><\/dl><dl class='gallery-item'>\n\t\t\t<dt class='gallery-icon portrait'>\n\t\t\t\t<a href='https:\/\/www.mundi-roth.de\/teneriffa-blog\/wp-content\/uploads\/2014\/12\/P1160995.jpg' rel=\"lightbox[3580]\"><img loading=\"lazy\" decoding=\"async\" width=\"113\" height=\"150\" src=\"https:\/\/www.mundi-roth.de\/teneriffa-blog\/wp-content\/uploads\/2014\/12\/P1160995-113x150.jpg\" class=\"attachment-thumbnail size-thumbnail\" alt=\"\" srcset=\"https:\/\/www.mundi-roth.de\/teneriffa-blog\/wp-content\/uploads\/2014\/12\/P1160995-113x150.jpg 113w, https:\/\/www.mundi-roth.de\/teneriffa-blog\/wp-content\/uploads\/2014\/12\/P1160995-225x300.jpg 225w, https:\/\/www.mundi-roth.de\/teneriffa-blog\/wp-content\/uploads\/2014\/12\/P1160995.jpg 600w\" sizes=\"auto, (max-width: 113px) 100vw, 113px\" \/><\/a>\n\t\t\t<\/dt><\/dl><dl class='gallery-item'>\n\t\t\t<dt class='gallery-icon portrait'>\n\t\t\t\t<a href='https:\/\/www.mundi-roth.de\/teneriffa-blog\/wp-content\/uploads\/2014\/12\/P1170041.jpg' rel=\"lightbox[3580]\"><img loading=\"lazy\" decoding=\"async\" width=\"113\" height=\"150\" src=\"https:\/\/www.mundi-roth.de\/teneriffa-blog\/wp-content\/uploads\/2014\/12\/P1170041-113x150.jpg\" class=\"attachment-thumbnail size-thumbnail\" alt=\"\" srcset=\"https:\/\/www.mundi-roth.de\/teneriffa-blog\/wp-content\/uploads\/2014\/12\/P1170041-113x150.jpg 113w, https:\/\/www.mundi-roth.de\/teneriffa-blog\/wp-content\/uploads\/2014\/12\/P1170041-225x300.jpg 225w, https:\/\/www.mundi-roth.de\/teneriffa-blog\/wp-content\/uploads\/2014\/12\/P1170041.jpg 600w\" sizes=\"auto, (max-width: 113px) 100vw, 113px\" \/><\/a>\n\t\t\t<\/dt><\/dl><br style=\"clear: both\" \/><dl class='gallery-item'>\n\t\t\t<dt class='gallery-icon landscape'>\n\t\t\t\t<a href='https:\/\/www.mundi-roth.de\/teneriffa-blog\/wp-content\/uploads\/2014\/12\/P1170050.jpg' rel=\"lightbox[3580]\"><img loading=\"lazy\" decoding=\"async\" width=\"150\" height=\"113\" src=\"https:\/\/www.mundi-roth.de\/teneriffa-blog\/wp-content\/uploads\/2014\/12\/P1170050-150x113.jpg\" class=\"attachment-thumbnail size-thumbnail\" alt=\"\" aria-describedby=\"gallery-1-3588\" srcset=\"https:\/\/www.mundi-roth.de\/teneriffa-blog\/wp-content\/uploads\/2014\/12\/P1170050-150x113.jpg 150w, https:\/\/www.mundi-roth.de\/teneriffa-blog\/wp-content\/uploads\/2014\/12\/P1170050-300x225.jpg 300w, https:\/\/www.mundi-roth.de\/teneriffa-blog\/wp-content\/uploads\/2014\/12\/P1170050.jpg 800w\" sizes=\"auto, (max-width: 150px) 100vw, 150px\" \/><\/a>\n\t\t\t<\/dt>\n\t\t\t\t<dd class='wp-caption-text gallery-caption' id='gallery-1-3588'>\n\t\t\t\tBlick auf Alcal\u00e1\n\t\t\t\t<\/dd><\/dl><dl class='gallery-item'>\n\t\t\t<dt class='gallery-icon landscape'>\n\t\t\t\t<a href='https:\/\/www.mundi-roth.de\/teneriffa-blog\/wp-content\/uploads\/2014\/12\/P1170048.jpg' rel=\"lightbox[3580]\"><img loading=\"lazy\" decoding=\"async\" width=\"150\" height=\"113\" src=\"https:\/\/www.mundi-roth.de\/teneriffa-blog\/wp-content\/uploads\/2014\/12\/P1170048-150x113.jpg\" class=\"attachment-thumbnail size-thumbnail\" alt=\"\" aria-describedby=\"gallery-1-3589\" srcset=\"https:\/\/www.mundi-roth.de\/teneriffa-blog\/wp-content\/uploads\/2014\/12\/P1170048-150x113.jpg 150w, https:\/\/www.mundi-roth.de\/teneriffa-blog\/wp-content\/uploads\/2014\/12\/P1170048-300x225.jpg 300w, https:\/\/www.mundi-roth.de\/teneriffa-blog\/wp-content\/uploads\/2014\/12\/P1170048.jpg 800w\" sizes=\"auto, (max-width: 150px) 100vw, 150px\" \/><\/a>\n\t\t\t<\/dt>\n\t\t\t\t<dd class='wp-caption-text gallery-caption' id='gallery-1-3589'>\n\t\t\t\tDer Pfad\n\t\t\t\t<\/dd><\/dl><dl class='gallery-item'>\n\t\t\t<dt class='gallery-icon landscape'>\n\t\t\t\t<a href='https:\/\/www.mundi-roth.de\/teneriffa-blog\/wp-content\/uploads\/2014\/12\/P1170017.jpg' rel=\"lightbox[3580]\"><img loading=\"lazy\" decoding=\"async\" width=\"150\" height=\"113\" src=\"https:\/\/www.mundi-roth.de\/teneriffa-blog\/wp-content\/uploads\/2014\/12\/P1170017-150x113.jpg\" class=\"attachment-thumbnail size-thumbnail\" alt=\"\" aria-describedby=\"gallery-1-3590\" srcset=\"https:\/\/www.mundi-roth.de\/teneriffa-blog\/wp-content\/uploads\/2014\/12\/P1170017-150x113.jpg 150w, https:\/\/www.mundi-roth.de\/teneriffa-blog\/wp-content\/uploads\/2014\/12\/P1170017-300x225.jpg 300w, https:\/\/www.mundi-roth.de\/teneriffa-blog\/wp-content\/uploads\/2014\/12\/P1170017.jpg 800w\" sizes=\"auto, (max-width: 150px) 100vw, 150px\" \/><\/a>\n\t\t\t<\/dt>\n\t\t\t\t<dd class='wp-caption-text gallery-caption' id='gallery-1-3590'>\n\t\t\t\trechts hui links pfui\n\t\t\t\t<\/dd><\/dl><br style=\"clear: both\" \/><dl class='gallery-item'>\n\t\t\t<dt class='gallery-icon landscape'>\n\t\t\t\t<a href='https:\/\/www.mundi-roth.de\/teneriffa-blog\/wp-content\/uploads\/2014\/12\/P1170016.jpg' rel=\"lightbox[3580]\"><img loading=\"lazy\" decoding=\"async\" width=\"150\" height=\"113\" src=\"https:\/\/www.mundi-roth.de\/teneriffa-blog\/wp-content\/uploads\/2014\/12\/P1170016-150x113.jpg\" class=\"attachment-thumbnail size-thumbnail\" alt=\"\" aria-describedby=\"gallery-1-3591\" srcset=\"https:\/\/www.mundi-roth.de\/teneriffa-blog\/wp-content\/uploads\/2014\/12\/P1170016-150x113.jpg 150w, https:\/\/www.mundi-roth.de\/teneriffa-blog\/wp-content\/uploads\/2014\/12\/P1170016-300x225.jpg 300w, https:\/\/www.mundi-roth.de\/teneriffa-blog\/wp-content\/uploads\/2014\/12\/P1170016.jpg 800w\" sizes=\"auto, (max-width: 150px) 100vw, 150px\" \/><\/a>\n\t\t\t<\/dt>\n\t\t\t\t<dd class='wp-caption-text gallery-caption' id='gallery-1-3591'>\n\t\t\t\tBuchten\n\t\t\t\t<\/dd><\/dl><dl class='gallery-item'>\n\t\t\t<dt class='gallery-icon landscape'>\n\t\t\t\t<a href='https:\/\/www.mundi-roth.de\/teneriffa-blog\/wp-content\/uploads\/2014\/12\/P1170020.jpg' rel=\"lightbox[3580]\"><img loading=\"lazy\" decoding=\"async\" width=\"150\" height=\"113\" src=\"https:\/\/www.mundi-roth.de\/teneriffa-blog\/wp-content\/uploads\/2014\/12\/P1170020-150x113.jpg\" class=\"attachment-thumbnail size-thumbnail\" alt=\"\" aria-describedby=\"gallery-1-3592\" srcset=\"https:\/\/www.mundi-roth.de\/teneriffa-blog\/wp-content\/uploads\/2014\/12\/P1170020-150x113.jpg 150w, https:\/\/www.mundi-roth.de\/teneriffa-blog\/wp-content\/uploads\/2014\/12\/P1170020-300x225.jpg 300w, https:\/\/www.mundi-roth.de\/teneriffa-blog\/wp-content\/uploads\/2014\/12\/P1170020.jpg 800w\" sizes=\"auto, (max-width: 150px) 100vw, 150px\" \/><\/a>\n\t\t\t<\/dt>\n\t\t\t\t<dd class='wp-caption-text gallery-caption' id='gallery-1-3592'>\n\t\t\t\tBuchten\n\t\t\t\t<\/dd><\/dl><dl class='gallery-item'>\n\t\t\t<dt class='gallery-icon landscape'>\n\t\t\t\t<a href='https:\/\/www.mundi-roth.de\/teneriffa-blog\/wp-content\/uploads\/2014\/12\/P1170045x2.jpg' rel=\"lightbox[3580]\"><img loading=\"lazy\" decoding=\"async\" width=\"150\" height=\"103\" src=\"https:\/\/www.mundi-roth.de\/teneriffa-blog\/wp-content\/uploads\/2014\/12\/P1170045x2-150x103.jpg\" class=\"attachment-thumbnail size-thumbnail\" alt=\"\" aria-describedby=\"gallery-1-3594\" srcset=\"https:\/\/www.mundi-roth.de\/teneriffa-blog\/wp-content\/uploads\/2014\/12\/P1170045x2-150x103.jpg 150w, https:\/\/www.mundi-roth.de\/teneriffa-blog\/wp-content\/uploads\/2014\/12\/P1170045x2-300x206.jpg 300w, https:\/\/www.mundi-roth.de\/teneriffa-blog\/wp-content\/uploads\/2014\/12\/P1170045x2.jpg 800w\" sizes=\"auto, (max-width: 150px) 100vw, 150px\" \/><\/a>\n\t\t\t<\/dt>\n\t\t\t\t<dd class='wp-caption-text gallery-caption' id='gallery-1-3594'>\n\t\t\t\tBuchten\n\t\t\t\t<\/dd><\/dl><br style=\"clear: both\" \/><dl class='gallery-item'>\n\t\t\t<dt class='gallery-icon landscape'>\n\t\t\t\t<a href='https:\/\/www.mundi-roth.de\/teneriffa-blog\/wp-content\/uploads\/2014\/12\/P1170025.jpg' rel=\"lightbox[3580]\"><img loading=\"lazy\" decoding=\"async\" width=\"150\" height=\"113\" src=\"https:\/\/www.mundi-roth.de\/teneriffa-blog\/wp-content\/uploads\/2014\/12\/P1170025-150x113.jpg\" class=\"attachment-thumbnail size-thumbnail\" alt=\"\" aria-describedby=\"gallery-1-3596\" srcset=\"https:\/\/www.mundi-roth.de\/teneriffa-blog\/wp-content\/uploads\/2014\/12\/P1170025-150x113.jpg 150w, https:\/\/www.mundi-roth.de\/teneriffa-blog\/wp-content\/uploads\/2014\/12\/P1170025-300x225.jpg 300w, https:\/\/www.mundi-roth.de\/teneriffa-blog\/wp-content\/uploads\/2014\/12\/P1170025.jpg 800w\" sizes=\"auto, (max-width: 150px) 100vw, 150px\" \/><\/a>\n\t\t\t<\/dt>\n\t\t\t\t<dd class='wp-caption-text gallery-caption' id='gallery-1-3596'>\n\t\t\t\tMeerestier mit La Gomera im Hintergrund\n\t\t\t\t<\/dd><\/dl><dl class='gallery-item'>\n\t\t\t<dt class='gallery-icon landscape'>\n\t\t\t\t<a href='https:\/\/www.mundi-roth.de\/teneriffa-blog\/wp-content\/uploads\/2014\/12\/P1170033.jpg' rel=\"lightbox[3580]\"><img loading=\"lazy\" decoding=\"async\" width=\"150\" height=\"113\" src=\"https:\/\/www.mundi-roth.de\/teneriffa-blog\/wp-content\/uploads\/2014\/12\/P1170033-150x113.jpg\" class=\"attachment-thumbnail size-thumbnail\" alt=\"\" aria-describedby=\"gallery-1-3597\" srcset=\"https:\/\/www.mundi-roth.de\/teneriffa-blog\/wp-content\/uploads\/2014\/12\/P1170033-150x113.jpg 150w, https:\/\/www.mundi-roth.de\/teneriffa-blog\/wp-content\/uploads\/2014\/12\/P1170033-300x225.jpg 300w, https:\/\/www.mundi-roth.de\/teneriffa-blog\/wp-content\/uploads\/2014\/12\/P1170033.jpg 800w\" sizes=\"auto, (max-width: 150px) 100vw, 150px\" \/><\/a>\n\t\t\t<\/dt>\n\t\t\t\t<dd class='wp-caption-text gallery-caption' id='gallery-1-3597'>\n\t\t\t\tPromenade Playa San Juan\n\t\t\t\t<\/dd><\/dl><dl class='gallery-item'>\n\t\t\t<dt class='gallery-icon landscape'>\n\t\t\t\t<a href='https:\/\/www.mundi-roth.de\/teneriffa-blog\/wp-content\/uploads\/2014\/12\/P1170036.jpg' rel=\"lightbox[3580]\"><img loading=\"lazy\" decoding=\"async\" width=\"150\" height=\"113\" src=\"https:\/\/www.mundi-roth.de\/teneriffa-blog\/wp-content\/uploads\/2014\/12\/P1170036-150x113.jpg\" class=\"attachment-thumbnail size-thumbnail\" alt=\"\" aria-describedby=\"gallery-1-3598\" srcset=\"https:\/\/www.mundi-roth.de\/teneriffa-blog\/wp-content\/uploads\/2014\/12\/P1170036-150x113.jpg 150w, https:\/\/www.mundi-roth.de\/teneriffa-blog\/wp-content\/uploads\/2014\/12\/P1170036-300x225.jpg 300w, https:\/\/www.mundi-roth.de\/teneriffa-blog\/wp-content\/uploads\/2014\/12\/P1170036.jpg 800w\" sizes=\"auto, (max-width: 150px) 100vw, 150px\" \/><\/a>\n\t\t\t<\/dt>\n\t\t\t\t<dd class='wp-caption-text gallery-caption' id='gallery-1-3598'>\n\t\t\t\tTeide\n\t\t\t\t<\/dd><\/dl><br style=\"clear: both\" \/>\n\t\t<\/div>\n\n<p>&nbsp;<\/p>\n<p>&nbsp;<\/p>\n","protected":false},"excerpt":{"rendered":"<p>Alcal\u00e1 \u2013 Playa San Juan Ein Nachmittagsspaziergang! Ein weiteres fehlendes Puzzleteilchen in dem gro\u00dfen Puzzle: Candelaria \u2013 Playa\u00a0\u00a0\u00a0\u00a0 de Santiago. K\u00fcstenwanderung von Ost nach West \u2013 von West nach Ost. Elisabeth hat Besuch aus \u00d6sterreich, den wir nicht am ersten Aufenthaltstag auf der Insel \u00fcberfordern wollten, zudem war das Wetter nicht berauschend und f\u00fcr Neuank\u00f6mmlinge [&hellip;]<\/p>\n","protected":false},"author":4,"featured_media":4213,"comment_status":"open","ping_status":"open","sticky":false,"template":"","format":"standard","meta":{"footnotes":""},"categories":[776,6],"tags":[672,758,403,439,446,759],"class_list":["post-3580","post","type-post","status-publish","format-standard","has-post-thumbnail","hentry","category-guia-de-isora","category-wanderungen","tag-alcala","tag-audiotorium-infanta-leonor","tag-playa-san-juan","tag-teneriffa-wandern","tag-wandern-teneriffa","tag-yolanda-c-sobrado"],"yoast_head":"<!-- This site is optimized with the Yoast SEO plugin v27.5 - https:\/\/yoast.com\/product\/yoast-seo-wordpress\/ -->\n<title>Alcal\u00e1 \u2013 Playa San Juan - Teneriffa Wandern<\/title>\n<meta name=\"robots\" content=\"index, follow, max-snippet:-1, max-image-preview:large, max-video-preview:-1\" \/>\n<link rel=\"canonical\" href=\"https:\/\/www.mundi-roth.de\/teneriffa-blog\/wanderungen\/alcala-playa-san-juan\/\" \/>\n<meta name=\"twitter:label1\" content=\"Verfasst von\" \/>\n\t<meta name=\"twitter:data1\" content=\"mundi\" \/>\n\t<meta name=\"twitter:label2\" content=\"Gesch\u00e4tzte Lesezeit\" \/>\n\t<meta name=\"twitter:data2\" content=\"4\u00a0Minuten\" \/>\n<script type=\"application\/ld+json\" class=\"yoast-schema-graph\">{\"@context\":\"https:\\\/\\\/schema.org\",\"@graph\":[{\"@type\":\"Article\",\"@id\":\"https:\\\/\\\/www.mundi-roth.de\\\/teneriffa-blog\\\/wanderungen\\\/alcala-playa-san-juan\\\/#article\",\"isPartOf\":{\"@id\":\"https:\\\/\\\/www.mundi-roth.de\\\/teneriffa-blog\\\/wanderungen\\\/alcala-playa-san-juan\\\/\"},\"author\":{\"name\":\"mundi\",\"@id\":\"https:\\\/\\\/www.mundi-roth.de\\\/teneriffa-blog\\\/#\\\/schema\\\/person\\\/971c66b55f3ae5e8741553688c413cac\"},\"headline\":\"Alcal\u00e1 \u2013 Playa San Juan\",\"datePublished\":\"2014-12-30T21:00:25+00:00\",\"dateModified\":\"2015-07-13T11:28:03+00:00\",\"mainEntityOfPage\":{\"@id\":\"https:\\\/\\\/www.mundi-roth.de\\\/teneriffa-blog\\\/wanderungen\\\/alcala-playa-san-juan\\\/\"},\"wordCount\":864,\"commentCount\":1,\"image\":{\"@id\":\"https:\\\/\\\/www.mundi-roth.de\\\/teneriffa-blog\\\/wanderungen\\\/alcala-playa-san-juan\\\/#primaryimage\"},\"thumbnailUrl\":\"https:\\\/\\\/www.mundi-roth.de\\\/teneriffa-blog\\\/wp-content\\\/uploads\\\/2014\\\/12\\\/P11700501.jpg\",\"keywords\":[\"Alcal\u00e1\",\"Audiotorium Infanta Leonor\",\"Playa San Juan\",\"Teneriffa Wandern\",\"Wandern Teneriffa\",\"Yolanda C. Sobrado\"],\"articleSection\":[\"Guia de Isora\",\"Wanderungen\"],\"inLanguage\":\"de\",\"potentialAction\":[{\"@type\":\"CommentAction\",\"name\":\"Comment\",\"target\":[\"https:\\\/\\\/www.mundi-roth.de\\\/teneriffa-blog\\\/wanderungen\\\/alcala-playa-san-juan\\\/#respond\"]}]},{\"@type\":\"WebPage\",\"@id\":\"https:\\\/\\\/www.mundi-roth.de\\\/teneriffa-blog\\\/wanderungen\\\/alcala-playa-san-juan\\\/\",\"url\":\"https:\\\/\\\/www.mundi-roth.de\\\/teneriffa-blog\\\/wanderungen\\\/alcala-playa-san-juan\\\/\",\"name\":\"Alcal\u00e1 \u2013 Playa San Juan - Teneriffa Wandern\",\"isPartOf\":{\"@id\":\"https:\\\/\\\/www.mundi-roth.de\\\/teneriffa-blog\\\/#website\"},\"primaryImageOfPage\":{\"@id\":\"https:\\\/\\\/www.mundi-roth.de\\\/teneriffa-blog\\\/wanderungen\\\/alcala-playa-san-juan\\\/#primaryimage\"},\"image\":{\"@id\":\"https:\\\/\\\/www.mundi-roth.de\\\/teneriffa-blog\\\/wanderungen\\\/alcala-playa-san-juan\\\/#primaryimage\"},\"thumbnailUrl\":\"https:\\\/\\\/www.mundi-roth.de\\\/teneriffa-blog\\\/wp-content\\\/uploads\\\/2014\\\/12\\\/P11700501.jpg\",\"datePublished\":\"2014-12-30T21:00:25+00:00\",\"dateModified\":\"2015-07-13T11:28:03+00:00\",\"author\":{\"@id\":\"https:\\\/\\\/www.mundi-roth.de\\\/teneriffa-blog\\\/#\\\/schema\\\/person\\\/971c66b55f3ae5e8741553688c413cac\"},\"breadcrumb\":{\"@id\":\"https:\\\/\\\/www.mundi-roth.de\\\/teneriffa-blog\\\/wanderungen\\\/alcala-playa-san-juan\\\/#breadcrumb\"},\"inLanguage\":\"de\",\"potentialAction\":[{\"@type\":\"ReadAction\",\"target\":[\"https:\\\/\\\/www.mundi-roth.de\\\/teneriffa-blog\\\/wanderungen\\\/alcala-playa-san-juan\\\/\"]}]},{\"@type\":\"ImageObject\",\"inLanguage\":\"de\",\"@id\":\"https:\\\/\\\/www.mundi-roth.de\\\/teneriffa-blog\\\/wanderungen\\\/alcala-playa-san-juan\\\/#primaryimage\",\"url\":\"https:\\\/\\\/www.mundi-roth.de\\\/teneriffa-blog\\\/wp-content\\\/uploads\\\/2014\\\/12\\\/P11700501.jpg\",\"contentUrl\":\"https:\\\/\\\/www.mundi-roth.de\\\/teneriffa-blog\\\/wp-content\\\/uploads\\\/2014\\\/12\\\/P11700501.jpg\",\"width\":800,\"height\":600},{\"@type\":\"BreadcrumbList\",\"@id\":\"https:\\\/\\\/www.mundi-roth.de\\\/teneriffa-blog\\\/wanderungen\\\/alcala-playa-san-juan\\\/#breadcrumb\",\"itemListElement\":[{\"@type\":\"ListItem\",\"position\":1,\"name\":\"Startseite\",\"item\":\"https:\\\/\\\/www.mundi-roth.de\\\/teneriffa-blog\\\/\"},{\"@type\":\"ListItem\",\"position\":2,\"name\":\"Alcal\u00e1 \u2013 Playa San Juan\"}]},{\"@type\":\"WebSite\",\"@id\":\"https:\\\/\\\/www.mundi-roth.de\\\/teneriffa-blog\\\/#website\",\"url\":\"https:\\\/\\\/www.mundi-roth.de\\\/teneriffa-blog\\\/\",\"name\":\"Teneriffa Wandern\",\"description\":\"Nicht nur Wanderungen auf Teneriffa...\",\"potentialAction\":[{\"@type\":\"SearchAction\",\"target\":{\"@type\":\"EntryPoint\",\"urlTemplate\":\"https:\\\/\\\/www.mundi-roth.de\\\/teneriffa-blog\\\/?s={search_term_string}\"},\"query-input\":{\"@type\":\"PropertyValueSpecification\",\"valueRequired\":true,\"valueName\":\"search_term_string\"}}],\"inLanguage\":\"de\"},{\"@type\":\"Person\",\"@id\":\"https:\\\/\\\/www.mundi-roth.de\\\/teneriffa-blog\\\/#\\\/schema\\\/person\\\/971c66b55f3ae5e8741553688c413cac\",\"name\":\"mundi\",\"image\":{\"@type\":\"ImageObject\",\"inLanguage\":\"de\",\"@id\":\"https:\\\/\\\/secure.gravatar.com\\\/avatar\\\/555f0dd85428f1a9330f8e5dbe9e40ff9ca912bb81e5a89747ebf3ca9c20dc0f?s=96&d=mm&r=g\",\"url\":\"https:\\\/\\\/secure.gravatar.com\\\/avatar\\\/555f0dd85428f1a9330f8e5dbe9e40ff9ca912bb81e5a89747ebf3ca9c20dc0f?s=96&d=mm&r=g\",\"contentUrl\":\"https:\\\/\\\/secure.gravatar.com\\\/avatar\\\/555f0dd85428f1a9330f8e5dbe9e40ff9ca912bb81e5a89747ebf3ca9c20dc0f?s=96&d=mm&r=g\",\"caption\":\"mundi\"},\"sameAs\":[\"http:\\\/\\\/mundi-roth.de\"],\"url\":\"https:\\\/\\\/www.mundi-roth.de\\\/teneriffa-blog\\\/author\\\/mundi\\\/\"}]}<\/script>\n<!-- \/ Yoast SEO plugin. -->","yoast_head_json":{"title":"Alcal\u00e1 \u2013 Playa San Juan - Teneriffa Wandern","robots":{"index":"index","follow":"follow","max-snippet":"max-snippet:-1","max-image-preview":"max-image-preview:large","max-video-preview":"max-video-preview:-1"},"canonical":"https:\/\/www.mundi-roth.de\/teneriffa-blog\/wanderungen\/alcala-playa-san-juan\/","twitter_misc":{"Verfasst von":"mundi","Gesch\u00e4tzte Lesezeit":"4\u00a0Minuten"},"schema":{"@context":"https:\/\/schema.org","@graph":[{"@type":"Article","@id":"https:\/\/www.mundi-roth.de\/teneriffa-blog\/wanderungen\/alcala-playa-san-juan\/#article","isPartOf":{"@id":"https:\/\/www.mundi-roth.de\/teneriffa-blog\/wanderungen\/alcala-playa-san-juan\/"},"author":{"name":"mundi","@id":"https:\/\/www.mundi-roth.de\/teneriffa-blog\/#\/schema\/person\/971c66b55f3ae5e8741553688c413cac"},"headline":"Alcal\u00e1 \u2013 Playa San Juan","datePublished":"2014-12-30T21:00:25+00:00","dateModified":"2015-07-13T11:28:03+00:00","mainEntityOfPage":{"@id":"https:\/\/www.mundi-roth.de\/teneriffa-blog\/wanderungen\/alcala-playa-san-juan\/"},"wordCount":864,"commentCount":1,"image":{"@id":"https:\/\/www.mundi-roth.de\/teneriffa-blog\/wanderungen\/alcala-playa-san-juan\/#primaryimage"},"thumbnailUrl":"https:\/\/www.mundi-roth.de\/teneriffa-blog\/wp-content\/uploads\/2014\/12\/P11700501.jpg","keywords":["Alcal\u00e1","Audiotorium Infanta Leonor","Playa San Juan","Teneriffa Wandern","Wandern Teneriffa","Yolanda C. Sobrado"],"articleSection":["Guia de Isora","Wanderungen"],"inLanguage":"de","potentialAction":[{"@type":"CommentAction","name":"Comment","target":["https:\/\/www.mundi-roth.de\/teneriffa-blog\/wanderungen\/alcala-playa-san-juan\/#respond"]}]},{"@type":"WebPage","@id":"https:\/\/www.mundi-roth.de\/teneriffa-blog\/wanderungen\/alcala-playa-san-juan\/","url":"https:\/\/www.mundi-roth.de\/teneriffa-blog\/wanderungen\/alcala-playa-san-juan\/","name":"Alcal\u00e1 \u2013 Playa San Juan - Teneriffa Wandern","isPartOf":{"@id":"https:\/\/www.mundi-roth.de\/teneriffa-blog\/#website"},"primaryImageOfPage":{"@id":"https:\/\/www.mundi-roth.de\/teneriffa-blog\/wanderungen\/alcala-playa-san-juan\/#primaryimage"},"image":{"@id":"https:\/\/www.mundi-roth.de\/teneriffa-blog\/wanderungen\/alcala-playa-san-juan\/#primaryimage"},"thumbnailUrl":"https:\/\/www.mundi-roth.de\/teneriffa-blog\/wp-content\/uploads\/2014\/12\/P11700501.jpg","datePublished":"2014-12-30T21:00:25+00:00","dateModified":"2015-07-13T11:28:03+00:00","author":{"@id":"https:\/\/www.mundi-roth.de\/teneriffa-blog\/#\/schema\/person\/971c66b55f3ae5e8741553688c413cac"},"breadcrumb":{"@id":"https:\/\/www.mundi-roth.de\/teneriffa-blog\/wanderungen\/alcala-playa-san-juan\/#breadcrumb"},"inLanguage":"de","potentialAction":[{"@type":"ReadAction","target":["https:\/\/www.mundi-roth.de\/teneriffa-blog\/wanderungen\/alcala-playa-san-juan\/"]}]},{"@type":"ImageObject","inLanguage":"de","@id":"https:\/\/www.mundi-roth.de\/teneriffa-blog\/wanderungen\/alcala-playa-san-juan\/#primaryimage","url":"https:\/\/www.mundi-roth.de\/teneriffa-blog\/wp-content\/uploads\/2014\/12\/P11700501.jpg","contentUrl":"https:\/\/www.mundi-roth.de\/teneriffa-blog\/wp-content\/uploads\/2014\/12\/P11700501.jpg","width":800,"height":600},{"@type":"BreadcrumbList","@id":"https:\/\/www.mundi-roth.de\/teneriffa-blog\/wanderungen\/alcala-playa-san-juan\/#breadcrumb","itemListElement":[{"@type":"ListItem","position":1,"name":"Startseite","item":"https:\/\/www.mundi-roth.de\/teneriffa-blog\/"},{"@type":"ListItem","position":2,"name":"Alcal\u00e1 \u2013 Playa San Juan"}]},{"@type":"WebSite","@id":"https:\/\/www.mundi-roth.de\/teneriffa-blog\/#website","url":"https:\/\/www.mundi-roth.de\/teneriffa-blog\/","name":"Teneriffa Wandern","description":"Nicht nur Wanderungen auf Teneriffa...","potentialAction":[{"@type":"SearchAction","target":{"@type":"EntryPoint","urlTemplate":"https:\/\/www.mundi-roth.de\/teneriffa-blog\/?s={search_term_string}"},"query-input":{"@type":"PropertyValueSpecification","valueRequired":true,"valueName":"search_term_string"}}],"inLanguage":"de"},{"@type":"Person","@id":"https:\/\/www.mundi-roth.de\/teneriffa-blog\/#\/schema\/person\/971c66b55f3ae5e8741553688c413cac","name":"mundi","image":{"@type":"ImageObject","inLanguage":"de","@id":"https:\/\/secure.gravatar.com\/avatar\/555f0dd85428f1a9330f8e5dbe9e40ff9ca912bb81e5a89747ebf3ca9c20dc0f?s=96&d=mm&r=g","url":"https:\/\/secure.gravatar.com\/avatar\/555f0dd85428f1a9330f8e5dbe9e40ff9ca912bb81e5a89747ebf3ca9c20dc0f?s=96&d=mm&r=g","contentUrl":"https:\/\/secure.gravatar.com\/avatar\/555f0dd85428f1a9330f8e5dbe9e40ff9ca912bb81e5a89747ebf3ca9c20dc0f?s=96&d=mm&r=g","caption":"mundi"},"sameAs":["http:\/\/mundi-roth.de"],"url":"https:\/\/www.mundi-roth.de\/teneriffa-blog\/author\/mundi\/"}]}},"_links":{"self":[{"href":"https:\/\/www.mundi-roth.de\/teneriffa-blog\/wp-json\/wp\/v2\/posts\/3580","targetHints":{"allow":["GET"]}}],"collection":[{"href":"https:\/\/www.mundi-roth.de\/teneriffa-blog\/wp-json\/wp\/v2\/posts"}],"about":[{"href":"https:\/\/www.mundi-roth.de\/teneriffa-blog\/wp-json\/wp\/v2\/types\/post"}],"author":[{"embeddable":true,"href":"https:\/\/www.mundi-roth.de\/teneriffa-blog\/wp-json\/wp\/v2\/users\/4"}],"replies":[{"embeddable":true,"href":"https:\/\/www.mundi-roth.de\/teneriffa-blog\/wp-json\/wp\/v2\/comments?post=3580"}],"version-history":[{"count":0,"href":"https:\/\/www.mundi-roth.de\/teneriffa-blog\/wp-json\/wp\/v2\/posts\/3580\/revisions"}],"wp:featuredmedia":[{"embeddable":true,"href":"https:\/\/www.mundi-roth.de\/teneriffa-blog\/wp-json\/wp\/v2\/media\/4213"}],"wp:attachment":[{"href":"https:\/\/www.mundi-roth.de\/teneriffa-blog\/wp-json\/wp\/v2\/media?parent=3580"}],"wp:term":[{"taxonomy":"category","embeddable":true,"href":"https:\/\/www.mundi-roth.de\/teneriffa-blog\/wp-json\/wp\/v2\/categories?post=3580"},{"taxonomy":"post_tag","embeddable":true,"href":"https:\/\/www.mundi-roth.de\/teneriffa-blog\/wp-json\/wp\/v2\/tags?post=3580"}],"curies":[{"name":"wp","href":"https:\/\/api.w.org\/{rel}","templated":true}]}}