{"id":3708,"date":"2015-02-03T22:22:09","date_gmt":"2015-02-03T21:22:09","guid":{"rendered":"http:\/\/www.mundi-roth.de\/teneriffa-blog\/?p=3708"},"modified":"2015-07-05T10:23:55","modified_gmt":"2015-07-05T09:23:55","slug":"callao-salvaje-acantaliado-isanora-busstation-ricasa-tf47","status":"publish","type":"post","link":"https:\/\/www.mundi-roth.de\/teneriffa-blog\/wanderungen\/callao-salvaje-acantaliado-isanora-busstation-ricasa-tf47\/","title":{"rendered":"Callao Salvaje\u2013Acantaliado Isanora-Busstation Ricasa an der TF47"},"content":{"rendered":"<p>Die Anregung f\u00fcr die heutige Wanderung gab Ilka, eine Besucherin unserer Wanderseite in einem Kommentar:<br \/>\n<em>\u201e Wir laufen immer sehr gerne an der K\u00fcste entlang. Man kann von Callao Salvaje sehr sch\u00f6n zur Verladestation laufen und von dort weiter bis Marazul. Dort endet der Weg an einem Barranco. Die andere Seite hat sich die Hotelanlage einverleibt. Aber das K\u00fcstenst\u00fcck ist sehenswert.\u201c<\/em><\/p>\n<p>Also, nichts wie hin.<\/p>\n<p>Wir wollten ja ein weiteres Puzzelteilchen der K\u00fcstenwanderungen zwischen Puerto de Santiago und Candelaria hinzuf\u00fcgen.<a href=\"http:\/\/www.mundi-roth.de\/teneriffa-blog\/wp-content\/uploads\/2015\/02\/Track2.jpg\" rel=\"lightbox[3708]\"><img loading=\"lazy\" decoding=\"async\" class=\"alignright size-thumbnail wp-image-3710\" src=\"http:\/\/www.mundi-roth.de\/teneriffa-blog\/wp-content\/uploads\/2015\/02\/Track2-150x127.jpg\" alt=\"Track2\" width=\"150\" height=\"127\" srcset=\"https:\/\/www.mundi-roth.de\/teneriffa-blog\/wp-content\/uploads\/2015\/02\/Track2-150x127.jpg 150w, https:\/\/www.mundi-roth.de\/teneriffa-blog\/wp-content\/uploads\/2015\/02\/Track2-300x254.jpg 300w, https:\/\/www.mundi-roth.de\/teneriffa-blog\/wp-content\/uploads\/2015\/02\/Track2.jpg 800w\" sizes=\"auto, (max-width: 150px) 100vw, 150px\" \/><\/a><\/p>\n<p><strong>Wanderwegstrecke:<\/strong> 3 Stunden, 7,43km<\/p>\n<p>Mein lieber Mann brachte uns &#8211; Elisabeth und ihre Besucherin aus \u00d6sterreich und mich\u00a0 &#8211; nach Callao Salvaje. Entlie\u00df uns dort an der Promenade und wir machten uns \u2013 nach Einschalten der diversen Ger\u00e4te sowie Fotoapparat umh\u00e4ngen, St\u00f6cke auf die richtige L\u00e4nge bringen, Hut auf,\u00a0 sofort auf den Weg.<\/p>\n<p>Er f\u00fchrte uns erst rechter Hand am Hotel \u201ePerla Gris\u201c vorbei durch die Urbanisation Sue\u00f1o Azul durch die Calle Nivaria\u00a0 zur K\u00fcste.<br \/>\nZur Zeit wird hier die Stra\u00dfe ausgebaut, aber die Baustelle haben wir schnell \u00fcberwunden und folgen nun dem gut auszumachenden Weg. Treppen f\u00fchren uns aufw\u00e4rts und \u2013 welch eine \u00dcberraschung \u2013 ein mit Aloe Vera ges\u00e4umter, angelegter Weg f\u00fchrt in den Barranco, die erste Schlucht.<br \/>\nMarkante Felsen und drohende Wolken bilden eine faszinierende Kulisse.<\/p>\n<p>Dicht an der Steilk\u00fcste geht es entlang und schon schauen wir auf den riesigen Komplex der Wohnanlage Marazul.<br \/>\nDie Vielzahl der gro\u00dfen gelben B\u00fcsche der \u201eSeidenhaarigen Schizogyne\u201c lockern die Felsenlandschaft auf.\u00a0 Und immer wieder ein Blick in die Tiefe, in das sch\u00e4umende Meer, das gegen die Felsw\u00e4nde brandet.<br \/>\nNach einer halben Stunde Gehzeit passieren wir zwei illegale Behausungen und sehen bereits den den kleinen alten Leuchtturm und die ehemalige Tomatenverladestation (Hier waren wir ja erst k\u00fcrzlich nach unserer Wanderung von <a href=\"http:\/\/www.mundi-roth.de\/teneriffa-blog\/wanderungen\/tijoco-bajo-acantilados-de-isorana\/\">Ticojo Bajo zur Acantilados de Isorana<\/a>) der irischen Compania Fyffes mit Hauptsitz in Dublin.<\/p>\n<p><em>In den 1880er Jahren ging Thomas Fyffe, ein Lebensmittelgro\u00dfh\u00e4ndler, eine Partnerschaft mit einem Obsth\u00e4ndler namens Hudson ein, der Verbindungen zu den Kanarischen Inseln hatte. Im Jahre 1888 haben sie ihre erste Ladung von Bananen nach England versandt. Innerhalb von f\u00fcnf Jahren ist das Unternehmen so erfolgreich geworden, dass es Land auf den Kanarischen Inseln kaufte und als Bananenplantagen kultivierte.<\/em><\/p>\n<p>Wer mehr \u00fcber diese Erfolgsgeschichte wissen m\u00f6chte, kann dies bei <a href=\"http:\/\/en.wikipedia.org\/wiki\/Fyffes\">Wikipedia<\/a>\u00a0 tun.<\/p>\n<p>Nun lassen wir die Verladestation links liegen und steigen dahinter den H\u00fcgel hinauf. Von hier haben wir eine gute \u00dcbersicht auf die zur\u00fcckgelegte Strecke bis Callao Salvaje und sehen im Hintergrund den Conde, unter uns die Verladestation an der einladenden Bucht, die Insel La Gomera ist mehr schlecht als recht auszumachen\u00a0und &#8211; man glaubt es kaum &#8211; etwas blauen Himmel!<\/p>\n<p>Nur 10 Minuten von hier aus sind wir gegangen und schon gelangen wir an den Barranco, der uns vom Marazul trennt.<br \/>\nBis hierher sind wir vor vielen Jahren mal gegangen, als wir die ehemalige Tomatenverladestation erkundeten und kehrten dann zu unserem Wagen, der oben an der Tankstelle geparkt war, zur\u00fcck. (Auch ein empfehlenswerter Spaziergang.)<\/p>\n<p>Aber f\u00fcr uns war nun Schluss mit lustig, mit dem Spaziergang. Jetzt stiegen wir in den Barranco ab, diesem folgten wir ein gutes St\u00fcck aufw\u00e4rts,\u00a0 umgeben von beeindruckenden Felsformationen, um dann in H\u00f6he einer bemerkenswerten Felswand mit H\u00f6hle zum Marazul aufzusteigen.<br \/>\nVorbei an einer Solar-Anlage gelangen wir nach insgesamt 1 Stunde 20 Minuten Gehzeit an den Wohnkomplex.<\/p>\n<p>Wir folgen ein St\u00fcck der TF 47, um nach dem Barranco wieder links, vorbei an einer riesigen Bananenplantage Richtung Meer zu marschieren.<br \/>\nZugegeben, wenn man nun weitergeht, muss man schon so ein bisschen <a href=\"http:\/\/www.mundi-roth.de\/teneriffa-blog\/wp-content\/uploads\/2015\/02\/P1170396.jpg\" rel=\"lightbox[3708]\"><img loading=\"lazy\" decoding=\"async\" class=\"alignright size-thumbnail wp-image-3738\" src=\"http:\/\/www.mundi-roth.de\/teneriffa-blog\/wp-content\/uploads\/2015\/02\/P1170396-150x113.jpg\" alt=\"P1170396\" width=\"150\" height=\"113\" srcset=\"https:\/\/www.mundi-roth.de\/teneriffa-blog\/wp-content\/uploads\/2015\/02\/P1170396-150x113.jpg 150w, https:\/\/www.mundi-roth.de\/teneriffa-blog\/wp-content\/uploads\/2015\/02\/P1170396-300x225.jpg 300w, https:\/\/www.mundi-roth.de\/teneriffa-blog\/wp-content\/uploads\/2015\/02\/P1170396.jpg 800w\" sizes=\"auto, (max-width: 150px) 100vw, 150px\" \/><\/a>verr\u00fcckt sein, so wie wir es sind. Es wird halsbrecherisch, da die Plantagen bis dicht an die Steilk\u00fcste gesetzt sind. Daran muss man sich dann vorbeihangeln, an den Planen und Mauern vorbei, um auf der anderen Seite der Plantage wieder aufw\u00e4rts zu \u201egehen\u201c, da der n\u00e4chste Barranco nicht zu \u00fcberqueren ist und\u00a0 die anderen Plantagen ebenso dicht an die Felsabbr\u00fcche reichen.<br \/>\nAbenteuerlich! Nicht unbedingt empfehlenswert, hier zu wandern. Wir quetschen uns an der Wand lang, waten durch M\u00fcll und Schutt und atmen auf, als wir den Zugang zu einer Bananenplantage \u201eTemazo\u201c finden. Guten Mutes marschieren wir durch die Plantage Richtung TF 47 und landen vor einem gro\u00dfen, mit einem Schloss gesicherten Tor. Das hatten wir schon bef\u00fcrchtet.<br \/>\nJedoch das Gl\u00fcck hat uns doch nicht verlassen. Unsere ersten \u00dcberlegungen, wie wir dar\u00fcber klettern k\u00f6nnen, er\u00fcbrigen sich, denn: oh Wunder! Die kleine T\u00fcre daneben l\u00e4\u00dft sich von innen \u00f6ffnen und wir k\u00f6nnen ungehindert durchspazieren!<br \/>\nSo, nun weiter &#8211; durch die Leitplanke gesch\u00fctzt &#8211; die TF 47 Richtung Playa San Juan entlang.<br \/>\nBeim Hinweis \u201ePlatanos La Isorana\u201c glauben wir, wieder an die K\u00fcste\u00a0 gelangen zu k\u00f6nnen. Dies ist aber eine Sackgasse und f\u00fchrt nur bis zur Finca.<br \/>\nWieder retour, weiter die Stra\u00dfe lang, wir passieren die Bushaltestelle \u201eLa Isolana\u201c und kommen wieder an die Stelle mit dem Hinweisschild \u201eLlano de Erques\u201c, an der wir am 14. Januar von Tijoco bajo kommend zur Sehensw\u00fcrdigkeit der \u201eAcantilados de la Isorana\u201c wanderten.<br \/>\nHeute jedoch gaben wir uns mit dem einen Blick in die Bucht nicht zufrieden, sondern hielten uns an der Steilk\u00fcste rechts und wieder ging es rechts \u201eimmer an der Wand lang\u201c links dagegen die Steilk\u00fcste. Schwindelfrei sollte man schon sein!<br \/>\nAm Ende der Mauer der Bananenplantage sehen wir wieder in eine grandiose Bucht. Und siehe da: eine Zufahrt von der anderen Seite.<br \/>\nDa wollen wir hin!<br \/>\nAber erst mal wieder an der anderen Seite der Plantage hoch, zw\u00e4ngen uns durch Gestr\u00fcpp, B\u00fcsche, \u00fcbersteigen Margeriten, haben Angs,t dass wir die Kandelaber-Wolfsmilch streifen und rutschten fast auf dem Hosenboden die Felsen abw\u00e4rts, eine weite Fl\u00e4che vor uns und einen Promenadenweg im Blick. ABER dazwischen liegt wieder ein Barranco.<br \/>\nEs erscheint uns fast unm\u00f6glich, diesen zu durchqueren und wir m\u00fcssen einsehen: Das war&#8217;s.<br \/>\nAlso suchen wir uns zum letzten Mal einen Aufstieg zur TF 47. Rufen meinen lieben Mann an, ob er f\u00fcr uns Taxi spielen will oder ob wir den Bus nehmen sollen, denn wir kommen pfeilgerade bei der Haltestelle: La Ricasa aus.<br \/>\nEr will! Und so werden wir bequem zum Restaurant zum Essen kutschiert.<br \/>\nDanke! Danke! Danke!<\/p>\n<p><strong>Restaurant:<\/strong><br \/>\nEl Asador de La Finca<br \/>\n38627 La Camella-Arona<br \/>\nCarretera La Camella a Cabo Blanco<br \/>\nTelefon: 92 72 15 38<br \/>\nSehr gepflegtes Ambiente, freundliche Bedienung, guter Wein, ausgesprochen leckeres Essen zu akzeptablem Preis: z.B. Entrecot de lomo a la brasa 16,- Euro, Bacalao 14,- Euro<\/p>\n<p><strong>Besonderheit:<\/strong><\/p>\n<p>Elisa, Kunsthistorikerin und unsere private Spanisch-Lehrerin, hat uns nach unserer Wanderung von Tijoco bajo zum \u201eSitio de inter\u00e9s Cientifico de los Acantilados de Isorana\u201c dem \u201enaturwissenschaftlich interessanten Punkt, der Steilk\u00fcste von Isorana\u201c einige Informationen dar\u00fcber zukommen lassen.<\/p>\n<p><em>Es handelt sich hier um ein Naturschutzgebiet, das aus einer 3 km langen und 40 m hohen Steilk\u00fcste besteht, das das Landschaftsschutzgebiet \u201eBarranco de Erques\u201c begrenzt.<\/em><\/p>\n<p><em>Die Klippen bestehen aus alternierenden Anh\u00e4ufung von Lavastr\u00f6men und pyroklastischem Material unterschiedlicher Natur. Sie geh\u00f6ren zu der Serie II und sind durch marine Erosion freigelegt worden.<\/em><\/p>\n<p><em>Die Vegetation ist vielf\u00e4ltig und besteht aus Tabaiba dulce y amarga (s\u00fc\u00dfe wie bitteren Balsam-Wolfsmilch), K\u00fcsten-Thymian und Spargel (Asparagus arborescens).<\/em><\/p>\n<p><em>Eine besondere Bedeutung hat dieser au\u00dfergew\u00f6hnliche Ort f\u00fcr Seev\u00f6gel.<\/em><br \/>\n<em>Seltene und gesch\u00fctzte Arten nisten hier, wie Sturmtaucher oder der Bulwersturmvogel.\u00a0 Der letztere kommt nur an Land um ein einziges Ei in die Risse und L\u00f6cher in den Felsw\u00e4nden zu legen. Er verteidigt sein Ei, indem er Lauter ausst\u00f6\u00dft, die dem Bellen eines kleinen H\u00fcndchens \u00e4hneln.<\/em><\/p>\n<p>Foto-Impressionen<\/p>\n\n\t\t<style type=\"text\/css\">\n\t\t\t#gallery-1 {\n\t\t\t\tmargin: auto;\n\t\t\t}\n\t\t\t#gallery-1 .gallery-item {\n\t\t\t\tfloat: left;\n\t\t\t\tmargin-top: 10px;\n\t\t\t\ttext-align: center;\n\t\t\t\twidth: 33%;\n\t\t\t}\n\t\t\t#gallery-1 img {\n\t\t\t\tborder: 2px solid #cfcfcf;\n\t\t\t}\n\t\t\t#gallery-1 .gallery-caption {\n\t\t\t\tmargin-left: 0;\n\t\t\t}\n\t\t\t\/* see gallery_shortcode() in wp-includes\/media.php *\/\n\t\t<\/style>\n\t\t<div id='gallery-1' class='gallery galleryid-3708 gallery-columns-3 gallery-size-thumbnail'><dl class='gallery-item'>\n\t\t\t<dt class='gallery-icon landscape'>\n\t\t\t\t<a href='https:\/\/www.mundi-roth.de\/teneriffa-blog\/wp-content\/uploads\/2015\/02\/P1170335.jpg' rel=\"lightbox[3708]\"><img loading=\"lazy\" decoding=\"async\" width=\"150\" height=\"113\" src=\"https:\/\/www.mundi-roth.de\/teneriffa-blog\/wp-content\/uploads\/2015\/02\/P1170335-150x113.jpg\" class=\"attachment-thumbnail size-thumbnail\" alt=\"\" srcset=\"https:\/\/www.mundi-roth.de\/teneriffa-blog\/wp-content\/uploads\/2015\/02\/P1170335-150x113.jpg 150w, https:\/\/www.mundi-roth.de\/teneriffa-blog\/wp-content\/uploads\/2015\/02\/P1170335-300x225.jpg 300w, https:\/\/www.mundi-roth.de\/teneriffa-blog\/wp-content\/uploads\/2015\/02\/P1170335.jpg 800w\" sizes=\"auto, (max-width: 150px) 100vw, 150px\" \/><\/a>\n\t\t\t<\/dt><\/dl><dl class='gallery-item'>\n\t\t\t<dt class='gallery-icon landscape'>\n\t\t\t\t<a href='https:\/\/www.mundi-roth.de\/teneriffa-blog\/wp-content\/uploads\/2015\/02\/P1170336.jpg' rel=\"lightbox[3708]\"><img loading=\"lazy\" decoding=\"async\" width=\"150\" height=\"113\" src=\"https:\/\/www.mundi-roth.de\/teneriffa-blog\/wp-content\/uploads\/2015\/02\/P1170336-150x113.jpg\" class=\"attachment-thumbnail size-thumbnail\" alt=\"\" srcset=\"https:\/\/www.mundi-roth.de\/teneriffa-blog\/wp-content\/uploads\/2015\/02\/P1170336-150x113.jpg 150w, https:\/\/www.mundi-roth.de\/teneriffa-blog\/wp-content\/uploads\/2015\/02\/P1170336-300x225.jpg 300w, https:\/\/www.mundi-roth.de\/teneriffa-blog\/wp-content\/uploads\/2015\/02\/P1170336.jpg 800w\" sizes=\"auto, (max-width: 150px) 100vw, 150px\" \/><\/a>\n\t\t\t<\/dt><\/dl><dl class='gallery-item'>\n\t\t\t<dt class='gallery-icon landscape'>\n\t\t\t\t<a href='https:\/\/www.mundi-roth.de\/teneriffa-blog\/wp-content\/uploads\/2015\/02\/P1170352.jpg' rel=\"lightbox[3708]\"><img loading=\"lazy\" decoding=\"async\" width=\"150\" height=\"113\" src=\"https:\/\/www.mundi-roth.de\/teneriffa-blog\/wp-content\/uploads\/2015\/02\/P1170352-150x113.jpg\" class=\"attachment-thumbnail size-thumbnail\" alt=\"\" srcset=\"https:\/\/www.mundi-roth.de\/teneriffa-blog\/wp-content\/uploads\/2015\/02\/P1170352-150x113.jpg 150w, https:\/\/www.mundi-roth.de\/teneriffa-blog\/wp-content\/uploads\/2015\/02\/P1170352-300x225.jpg 300w, https:\/\/www.mundi-roth.de\/teneriffa-blog\/wp-content\/uploads\/2015\/02\/P1170352.jpg 800w\" sizes=\"auto, (max-width: 150px) 100vw, 150px\" \/><\/a>\n\t\t\t<\/dt><\/dl><br style=\"clear: both\" \/><dl class='gallery-item'>\n\t\t\t<dt class='gallery-icon landscape'>\n\t\t\t\t<a href='https:\/\/www.mundi-roth.de\/teneriffa-blog\/wp-content\/uploads\/2015\/02\/P1170360.jpg' rel=\"lightbox[3708]\"><img loading=\"lazy\" decoding=\"async\" width=\"150\" height=\"113\" src=\"https:\/\/www.mundi-roth.de\/teneriffa-blog\/wp-content\/uploads\/2015\/02\/P1170360-150x113.jpg\" class=\"attachment-thumbnail size-thumbnail\" alt=\"\" srcset=\"https:\/\/www.mundi-roth.de\/teneriffa-blog\/wp-content\/uploads\/2015\/02\/P1170360-150x113.jpg 150w, https:\/\/www.mundi-roth.de\/teneriffa-blog\/wp-content\/uploads\/2015\/02\/P1170360-300x225.jpg 300w, https:\/\/www.mundi-roth.de\/teneriffa-blog\/wp-content\/uploads\/2015\/02\/P1170360.jpg 800w\" sizes=\"auto, (max-width: 150px) 100vw, 150px\" \/><\/a>\n\t\t\t<\/dt><\/dl><dl class='gallery-item'>\n\t\t\t<dt class='gallery-icon landscape'>\n\t\t\t\t<a href='https:\/\/www.mundi-roth.de\/teneriffa-blog\/wp-content\/uploads\/2015\/02\/P1170398.jpg' rel=\"lightbox[3708]\"><img loading=\"lazy\" decoding=\"async\" width=\"150\" height=\"113\" src=\"https:\/\/www.mundi-roth.de\/teneriffa-blog\/wp-content\/uploads\/2015\/02\/P1170398-150x113.jpg\" class=\"attachment-thumbnail size-thumbnail\" alt=\"\" srcset=\"https:\/\/www.mundi-roth.de\/teneriffa-blog\/wp-content\/uploads\/2015\/02\/P1170398-150x113.jpg 150w, https:\/\/www.mundi-roth.de\/teneriffa-blog\/wp-content\/uploads\/2015\/02\/P1170398-300x225.jpg 300w, https:\/\/www.mundi-roth.de\/teneriffa-blog\/wp-content\/uploads\/2015\/02\/P1170398.jpg 800w\" sizes=\"auto, (max-width: 150px) 100vw, 150px\" \/><\/a>\n\t\t\t<\/dt><\/dl><dl class='gallery-item'>\n\t\t\t<dt class='gallery-icon landscape'>\n\t\t\t\t<a href='https:\/\/www.mundi-roth.de\/teneriffa-blog\/wp-content\/uploads\/2015\/02\/P1170400.jpg' rel=\"lightbox[3708]\"><img loading=\"lazy\" decoding=\"async\" width=\"150\" height=\"113\" src=\"https:\/\/www.mundi-roth.de\/teneriffa-blog\/wp-content\/uploads\/2015\/02\/P1170400-150x113.jpg\" class=\"attachment-thumbnail size-thumbnail\" alt=\"\" srcset=\"https:\/\/www.mundi-roth.de\/teneriffa-blog\/wp-content\/uploads\/2015\/02\/P1170400-150x113.jpg 150w, https:\/\/www.mundi-roth.de\/teneriffa-blog\/wp-content\/uploads\/2015\/02\/P1170400-300x225.jpg 300w, https:\/\/www.mundi-roth.de\/teneriffa-blog\/wp-content\/uploads\/2015\/02\/P1170400.jpg 800w\" sizes=\"auto, (max-width: 150px) 100vw, 150px\" \/><\/a>\n\t\t\t<\/dt><\/dl><br style=\"clear: both\" \/><dl class='gallery-item'>\n\t\t\t<dt class='gallery-icon landscape'>\n\t\t\t\t<a href='https:\/\/www.mundi-roth.de\/teneriffa-blog\/wp-content\/uploads\/2015\/02\/P1170339.jpg' rel=\"lightbox[3708]\"><img loading=\"lazy\" decoding=\"async\" width=\"150\" height=\"73\" src=\"https:\/\/www.mundi-roth.de\/teneriffa-blog\/wp-content\/uploads\/2015\/02\/P1170339-150x73.jpg\" class=\"attachment-thumbnail size-thumbnail\" alt=\"\" srcset=\"https:\/\/www.mundi-roth.de\/teneriffa-blog\/wp-content\/uploads\/2015\/02\/P1170339-150x73.jpg 150w, https:\/\/www.mundi-roth.de\/teneriffa-blog\/wp-content\/uploads\/2015\/02\/P1170339-300x147.jpg 300w, https:\/\/www.mundi-roth.de\/teneriffa-blog\/wp-content\/uploads\/2015\/02\/P1170339.jpg 800w\" sizes=\"auto, (max-width: 150px) 100vw, 150px\" \/><\/a>\n\t\t\t<\/dt><\/dl><dl class='gallery-item'>\n\t\t\t<dt class='gallery-icon landscape'>\n\t\t\t\t<a href='https:\/\/www.mundi-roth.de\/teneriffa-blog\/wp-content\/uploads\/2015\/02\/P1170341.jpg' rel=\"lightbox[3708]\"><img loading=\"lazy\" decoding=\"async\" width=\"150\" height=\"113\" src=\"https:\/\/www.mundi-roth.de\/teneriffa-blog\/wp-content\/uploads\/2015\/02\/P1170341-150x113.jpg\" class=\"attachment-thumbnail size-thumbnail\" alt=\"\" srcset=\"https:\/\/www.mundi-roth.de\/teneriffa-blog\/wp-content\/uploads\/2015\/02\/P1170341-150x113.jpg 150w, https:\/\/www.mundi-roth.de\/teneriffa-blog\/wp-content\/uploads\/2015\/02\/P1170341-300x225.jpg 300w, https:\/\/www.mundi-roth.de\/teneriffa-blog\/wp-content\/uploads\/2015\/02\/P1170341.jpg 800w\" sizes=\"auto, (max-width: 150px) 100vw, 150px\" \/><\/a>\n\t\t\t<\/dt><\/dl><dl class='gallery-item'>\n\t\t\t<dt class='gallery-icon landscape'>\n\t\t\t\t<a href='https:\/\/www.mundi-roth.de\/teneriffa-blog\/wp-content\/uploads\/2015\/02\/P1170375.jpg' rel=\"lightbox[3708]\"><img loading=\"lazy\" decoding=\"async\" width=\"150\" height=\"113\" src=\"https:\/\/www.mundi-roth.de\/teneriffa-blog\/wp-content\/uploads\/2015\/02\/P1170375-150x113.jpg\" class=\"attachment-thumbnail size-thumbnail\" alt=\"\" srcset=\"https:\/\/www.mundi-roth.de\/teneriffa-blog\/wp-content\/uploads\/2015\/02\/P1170375-150x113.jpg 150w, https:\/\/www.mundi-roth.de\/teneriffa-blog\/wp-content\/uploads\/2015\/02\/P1170375-300x225.jpg 300w, https:\/\/www.mundi-roth.de\/teneriffa-blog\/wp-content\/uploads\/2015\/02\/P1170375.jpg 800w\" sizes=\"auto, (max-width: 150px) 100vw, 150px\" \/><\/a>\n\t\t\t<\/dt><\/dl><br style=\"clear: both\" \/><dl class='gallery-item'>\n\t\t\t<dt class='gallery-icon landscape'>\n\t\t\t\t<a href='https:\/\/www.mundi-roth.de\/teneriffa-blog\/wp-content\/uploads\/2015\/02\/P1170351.jpg' rel=\"lightbox[3708]\"><img loading=\"lazy\" decoding=\"async\" width=\"150\" height=\"118\" src=\"https:\/\/www.mundi-roth.de\/teneriffa-blog\/wp-content\/uploads\/2015\/02\/P1170351-150x118.jpg\" class=\"attachment-thumbnail size-thumbnail\" alt=\"\" srcset=\"https:\/\/www.mundi-roth.de\/teneriffa-blog\/wp-content\/uploads\/2015\/02\/P1170351-150x118.jpg 150w, https:\/\/www.mundi-roth.de\/teneriffa-blog\/wp-content\/uploads\/2015\/02\/P1170351-300x235.jpg 300w, https:\/\/www.mundi-roth.de\/teneriffa-blog\/wp-content\/uploads\/2015\/02\/P1170351.jpg 800w\" sizes=\"auto, (max-width: 150px) 100vw, 150px\" \/><\/a>\n\t\t\t<\/dt><\/dl><dl class='gallery-item'>\n\t\t\t<dt class='gallery-icon landscape'>\n\t\t\t\t<a href='https:\/\/www.mundi-roth.de\/teneriffa-blog\/wp-content\/uploads\/2015\/02\/P1170356.jpg' rel=\"lightbox[3708]\"><img loading=\"lazy\" decoding=\"async\" width=\"150\" height=\"113\" src=\"https:\/\/www.mundi-roth.de\/teneriffa-blog\/wp-content\/uploads\/2015\/02\/P1170356-150x113.jpg\" class=\"attachment-thumbnail size-thumbnail\" alt=\"\" srcset=\"https:\/\/www.mundi-roth.de\/teneriffa-blog\/wp-content\/uploads\/2015\/02\/P1170356-150x113.jpg 150w, https:\/\/www.mundi-roth.de\/teneriffa-blog\/wp-content\/uploads\/2015\/02\/P1170356-300x225.jpg 300w, https:\/\/www.mundi-roth.de\/teneriffa-blog\/wp-content\/uploads\/2015\/02\/P1170356.jpg 800w\" sizes=\"auto, (max-width: 150px) 100vw, 150px\" \/><\/a>\n\t\t\t<\/dt><\/dl><dl class='gallery-item'>\n\t\t\t<dt class='gallery-icon landscape'>\n\t\t\t\t<a href='https:\/\/www.mundi-roth.de\/teneriffa-blog\/wp-content\/uploads\/2015\/02\/P1170358.jpg' rel=\"lightbox[3708]\"><img loading=\"lazy\" decoding=\"async\" width=\"150\" height=\"113\" src=\"https:\/\/www.mundi-roth.de\/teneriffa-blog\/wp-content\/uploads\/2015\/02\/P1170358-150x113.jpg\" class=\"attachment-thumbnail size-thumbnail\" alt=\"\" srcset=\"https:\/\/www.mundi-roth.de\/teneriffa-blog\/wp-content\/uploads\/2015\/02\/P1170358-150x113.jpg 150w, https:\/\/www.mundi-roth.de\/teneriffa-blog\/wp-content\/uploads\/2015\/02\/P1170358-300x225.jpg 300w, https:\/\/www.mundi-roth.de\/teneriffa-blog\/wp-content\/uploads\/2015\/02\/P1170358.jpg 800w\" sizes=\"auto, (max-width: 150px) 100vw, 150px\" \/><\/a>\n\t\t\t<\/dt><\/dl><br style=\"clear: both\" \/><dl class='gallery-item'>\n\t\t\t<dt class='gallery-icon landscape'>\n\t\t\t\t<a href='https:\/\/www.mundi-roth.de\/teneriffa-blog\/wp-content\/uploads\/2015\/02\/P1170361.jpg' rel=\"lightbox[3708]\"><img loading=\"lazy\" decoding=\"async\" width=\"150\" height=\"130\" src=\"https:\/\/www.mundi-roth.de\/teneriffa-blog\/wp-content\/uploads\/2015\/02\/P1170361-150x130.jpg\" class=\"attachment-thumbnail size-thumbnail\" alt=\"\" srcset=\"https:\/\/www.mundi-roth.de\/teneriffa-blog\/wp-content\/uploads\/2015\/02\/P1170361-150x130.jpg 150w, https:\/\/www.mundi-roth.de\/teneriffa-blog\/wp-content\/uploads\/2015\/02\/P1170361-300x261.jpg 300w, https:\/\/www.mundi-roth.de\/teneriffa-blog\/wp-content\/uploads\/2015\/02\/P1170361.jpg 800w\" sizes=\"auto, (max-width: 150px) 100vw, 150px\" \/><\/a>\n\t\t\t<\/dt><\/dl><dl class='gallery-item'>\n\t\t\t<dt class='gallery-icon portrait'>\n\t\t\t\t<a href='https:\/\/www.mundi-roth.de\/teneriffa-blog\/wp-content\/uploads\/2015\/02\/P1170392.jpg' rel=\"lightbox[3708]\"><img loading=\"lazy\" decoding=\"async\" width=\"137\" height=\"150\" src=\"https:\/\/www.mundi-roth.de\/teneriffa-blog\/wp-content\/uploads\/2015\/02\/P1170392-137x150.jpg\" class=\"attachment-thumbnail size-thumbnail\" alt=\"\" srcset=\"https:\/\/www.mundi-roth.de\/teneriffa-blog\/wp-content\/uploads\/2015\/02\/P1170392-137x150.jpg 137w, https:\/\/www.mundi-roth.de\/teneriffa-blog\/wp-content\/uploads\/2015\/02\/P1170392-274x300.jpg 274w, https:\/\/www.mundi-roth.de\/teneriffa-blog\/wp-content\/uploads\/2015\/02\/P1170392.jpg 731w\" sizes=\"auto, (max-width: 137px) 100vw, 137px\" \/><\/a>\n\t\t\t<\/dt><\/dl><dl class='gallery-item'>\n\t\t\t<dt class='gallery-icon landscape'>\n\t\t\t\t<a href='https:\/\/www.mundi-roth.de\/teneriffa-blog\/wp-content\/uploads\/2015\/02\/P1170402.jpg' rel=\"lightbox[3708]\"><img loading=\"lazy\" decoding=\"async\" width=\"150\" height=\"113\" src=\"https:\/\/www.mundi-roth.de\/teneriffa-blog\/wp-content\/uploads\/2015\/02\/P1170402-150x113.jpg\" class=\"attachment-thumbnail size-thumbnail\" alt=\"\" srcset=\"https:\/\/www.mundi-roth.de\/teneriffa-blog\/wp-content\/uploads\/2015\/02\/P1170402-150x113.jpg 150w, https:\/\/www.mundi-roth.de\/teneriffa-blog\/wp-content\/uploads\/2015\/02\/P1170402-300x225.jpg 300w, https:\/\/www.mundi-roth.de\/teneriffa-blog\/wp-content\/uploads\/2015\/02\/P1170402.jpg 800w\" sizes=\"auto, (max-width: 150px) 100vw, 150px\" \/><\/a>\n\t\t\t<\/dt><\/dl><br style=\"clear: both\" \/><dl class='gallery-item'>\n\t\t\t<dt class='gallery-icon landscape'>\n\t\t\t\t<a href='https:\/\/www.mundi-roth.de\/teneriffa-blog\/wp-content\/uploads\/2015\/02\/P1170363.jpg' rel=\"lightbox[3708]\"><img loading=\"lazy\" decoding=\"async\" width=\"150\" height=\"113\" src=\"https:\/\/www.mundi-roth.de\/teneriffa-blog\/wp-content\/uploads\/2015\/02\/P1170363-150x113.jpg\" class=\"attachment-thumbnail size-thumbnail\" alt=\"\" srcset=\"https:\/\/www.mundi-roth.de\/teneriffa-blog\/wp-content\/uploads\/2015\/02\/P1170363-150x113.jpg 150w, https:\/\/www.mundi-roth.de\/teneriffa-blog\/wp-content\/uploads\/2015\/02\/P1170363-300x225.jpg 300w, https:\/\/www.mundi-roth.de\/teneriffa-blog\/wp-content\/uploads\/2015\/02\/P1170363.jpg 800w\" sizes=\"auto, (max-width: 150px) 100vw, 150px\" \/><\/a>\n\t\t\t<\/dt><\/dl><dl class='gallery-item'>\n\t\t\t<dt class='gallery-icon landscape'>\n\t\t\t\t<a href='https:\/\/www.mundi-roth.de\/teneriffa-blog\/wp-content\/uploads\/2015\/02\/P1170365.jpg' rel=\"lightbox[3708]\"><img loading=\"lazy\" decoding=\"async\" width=\"150\" height=\"113\" src=\"https:\/\/www.mundi-roth.de\/teneriffa-blog\/wp-content\/uploads\/2015\/02\/P1170365-150x113.jpg\" class=\"attachment-thumbnail size-thumbnail\" alt=\"\" srcset=\"https:\/\/www.mundi-roth.de\/teneriffa-blog\/wp-content\/uploads\/2015\/02\/P1170365-150x113.jpg 150w, https:\/\/www.mundi-roth.de\/teneriffa-blog\/wp-content\/uploads\/2015\/02\/P1170365-300x225.jpg 300w, https:\/\/www.mundi-roth.de\/teneriffa-blog\/wp-content\/uploads\/2015\/02\/P1170365.jpg 800w\" sizes=\"auto, (max-width: 150px) 100vw, 150px\" \/><\/a>\n\t\t\t<\/dt><\/dl><dl class='gallery-item'>\n\t\t\t<dt class='gallery-icon landscape'>\n\t\t\t\t<a href='https:\/\/www.mundi-roth.de\/teneriffa-blog\/wp-content\/uploads\/2015\/02\/P1170369.jpg' rel=\"lightbox[3708]\"><img loading=\"lazy\" decoding=\"async\" width=\"150\" height=\"113\" src=\"https:\/\/www.mundi-roth.de\/teneriffa-blog\/wp-content\/uploads\/2015\/02\/P1170369-150x113.jpg\" class=\"attachment-thumbnail size-thumbnail\" alt=\"\" srcset=\"https:\/\/www.mundi-roth.de\/teneriffa-blog\/wp-content\/uploads\/2015\/02\/P1170369-150x113.jpg 150w, https:\/\/www.mundi-roth.de\/teneriffa-blog\/wp-content\/uploads\/2015\/02\/P1170369-300x225.jpg 300w, https:\/\/www.mundi-roth.de\/teneriffa-blog\/wp-content\/uploads\/2015\/02\/P1170369.jpg 800w\" sizes=\"auto, (max-width: 150px) 100vw, 150px\" \/><\/a>\n\t\t\t<\/dt><\/dl><br style=\"clear: both\" \/><dl class='gallery-item'>\n\t\t\t<dt class='gallery-icon landscape'>\n\t\t\t\t<a href='https:\/\/www.mundi-roth.de\/teneriffa-blog\/wp-content\/uploads\/2015\/02\/P1170409.jpg' rel=\"lightbox[3708]\"><img loading=\"lazy\" decoding=\"async\" width=\"150\" height=\"113\" src=\"https:\/\/www.mundi-roth.de\/teneriffa-blog\/wp-content\/uploads\/2015\/02\/P1170409-150x113.jpg\" class=\"attachment-thumbnail size-thumbnail\" alt=\"\" srcset=\"https:\/\/www.mundi-roth.de\/teneriffa-blog\/wp-content\/uploads\/2015\/02\/P1170409-150x113.jpg 150w, https:\/\/www.mundi-roth.de\/teneriffa-blog\/wp-content\/uploads\/2015\/02\/P1170409-300x225.jpg 300w, https:\/\/www.mundi-roth.de\/teneriffa-blog\/wp-content\/uploads\/2015\/02\/P1170409.jpg 800w\" sizes=\"auto, (max-width: 150px) 100vw, 150px\" \/><\/a>\n\t\t\t<\/dt><\/dl><dl class='gallery-item'>\n\t\t\t<dt class='gallery-icon landscape'>\n\t\t\t\t<a href='https:\/\/www.mundi-roth.de\/teneriffa-blog\/wp-content\/uploads\/2015\/02\/P1170355.jpg' rel=\"lightbox[3708]\"><img loading=\"lazy\" decoding=\"async\" width=\"150\" height=\"113\" src=\"https:\/\/www.mundi-roth.de\/teneriffa-blog\/wp-content\/uploads\/2015\/02\/P1170355-150x113.jpg\" class=\"attachment-thumbnail size-thumbnail\" alt=\"\" srcset=\"https:\/\/www.mundi-roth.de\/teneriffa-blog\/wp-content\/uploads\/2015\/02\/P1170355-150x113.jpg 150w, https:\/\/www.mundi-roth.de\/teneriffa-blog\/wp-content\/uploads\/2015\/02\/P1170355-300x225.jpg 300w, https:\/\/www.mundi-roth.de\/teneriffa-blog\/wp-content\/uploads\/2015\/02\/P1170355.jpg 800w\" sizes=\"auto, (max-width: 150px) 100vw, 150px\" \/><\/a>\n\t\t\t<\/dt><\/dl><dl class='gallery-item'>\n\t\t\t<dt class='gallery-icon landscape'>\n\t\t\t\t<a href='https:\/\/www.mundi-roth.de\/teneriffa-blog\/wp-content\/uploads\/2015\/02\/P1170370.jpg' rel=\"lightbox[3708]\"><img loading=\"lazy\" decoding=\"async\" width=\"150\" height=\"82\" src=\"https:\/\/www.mundi-roth.de\/teneriffa-blog\/wp-content\/uploads\/2015\/02\/P1170370-150x82.jpg\" class=\"attachment-thumbnail size-thumbnail\" alt=\"\" srcset=\"https:\/\/www.mundi-roth.de\/teneriffa-blog\/wp-content\/uploads\/2015\/02\/P1170370-150x82.jpg 150w, https:\/\/www.mundi-roth.de\/teneriffa-blog\/wp-content\/uploads\/2015\/02\/P1170370-300x164.jpg 300w, https:\/\/www.mundi-roth.de\/teneriffa-blog\/wp-content\/uploads\/2015\/02\/P1170370.jpg 800w\" sizes=\"auto, (max-width: 150px) 100vw, 150px\" \/><\/a>\n\t\t\t<\/dt><\/dl><br style=\"clear: both\" \/><dl class='gallery-item'>\n\t\t\t<dt class='gallery-icon landscape'>\n\t\t\t\t<a href='https:\/\/www.mundi-roth.de\/teneriffa-blog\/wp-content\/uploads\/2015\/02\/P1170377.jpg' rel=\"lightbox[3708]\"><img loading=\"lazy\" decoding=\"async\" width=\"150\" height=\"113\" src=\"https:\/\/www.mundi-roth.de\/teneriffa-blog\/wp-content\/uploads\/2015\/02\/P1170377-150x113.jpg\" class=\"attachment-thumbnail size-thumbnail\" alt=\"\" srcset=\"https:\/\/www.mundi-roth.de\/teneriffa-blog\/wp-content\/uploads\/2015\/02\/P1170377-150x113.jpg 150w, https:\/\/www.mundi-roth.de\/teneriffa-blog\/wp-content\/uploads\/2015\/02\/P1170377-300x225.jpg 300w, https:\/\/www.mundi-roth.de\/teneriffa-blog\/wp-content\/uploads\/2015\/02\/P1170377.jpg 800w\" sizes=\"auto, (max-width: 150px) 100vw, 150px\" \/><\/a>\n\t\t\t<\/dt><\/dl><dl class='gallery-item'>\n\t\t\t<dt class='gallery-icon portrait'>\n\t\t\t\t<a href='https:\/\/www.mundi-roth.de\/teneriffa-blog\/wp-content\/uploads\/2015\/02\/P1170404.jpg' rel=\"lightbox[3708]\"><img loading=\"lazy\" decoding=\"async\" width=\"113\" height=\"150\" src=\"https:\/\/www.mundi-roth.de\/teneriffa-blog\/wp-content\/uploads\/2015\/02\/P1170404-113x150.jpg\" class=\"attachment-thumbnail size-thumbnail\" alt=\"\" srcset=\"https:\/\/www.mundi-roth.de\/teneriffa-blog\/wp-content\/uploads\/2015\/02\/P1170404-113x150.jpg 113w, https:\/\/www.mundi-roth.de\/teneriffa-blog\/wp-content\/uploads\/2015\/02\/P1170404-225x300.jpg 225w, https:\/\/www.mundi-roth.de\/teneriffa-blog\/wp-content\/uploads\/2015\/02\/P1170404.jpg 600w\" sizes=\"auto, (max-width: 113px) 100vw, 113px\" \/><\/a>\n\t\t\t<\/dt><\/dl><dl class='gallery-item'>\n\t\t\t<dt class='gallery-icon landscape'>\n\t\t\t\t<a href='https:\/\/www.mundi-roth.de\/teneriffa-blog\/wp-content\/uploads\/2015\/02\/P1170378a.jpg' rel=\"lightbox[3708]\"><img loading=\"lazy\" decoding=\"async\" width=\"150\" height=\"124\" src=\"https:\/\/www.mundi-roth.de\/teneriffa-blog\/wp-content\/uploads\/2015\/02\/P1170378a-150x124.jpg\" class=\"attachment-thumbnail size-thumbnail\" alt=\"\" srcset=\"https:\/\/www.mundi-roth.de\/teneriffa-blog\/wp-content\/uploads\/2015\/02\/P1170378a-150x124.jpg 150w, https:\/\/www.mundi-roth.de\/teneriffa-blog\/wp-content\/uploads\/2015\/02\/P1170378a-300x248.jpg 300w, https:\/\/www.mundi-roth.de\/teneriffa-blog\/wp-content\/uploads\/2015\/02\/P1170378a.jpg 800w\" sizes=\"auto, (max-width: 150px) 100vw, 150px\" \/><\/a>\n\t\t\t<\/dt><\/dl><br style=\"clear: both\" \/><dl class='gallery-item'>\n\t\t\t<dt class='gallery-icon landscape'>\n\t\t\t\t<a href='https:\/\/www.mundi-roth.de\/teneriffa-blog\/wp-content\/uploads\/2015\/02\/P1170384.jpg' rel=\"lightbox[3708]\"><img loading=\"lazy\" decoding=\"async\" width=\"150\" height=\"113\" src=\"https:\/\/www.mundi-roth.de\/teneriffa-blog\/wp-content\/uploads\/2015\/02\/P1170384-150x113.jpg\" class=\"attachment-thumbnail size-thumbnail\" alt=\"\" srcset=\"https:\/\/www.mundi-roth.de\/teneriffa-blog\/wp-content\/uploads\/2015\/02\/P1170384-150x113.jpg 150w, https:\/\/www.mundi-roth.de\/teneriffa-blog\/wp-content\/uploads\/2015\/02\/P1170384-300x225.jpg 300w, https:\/\/www.mundi-roth.de\/teneriffa-blog\/wp-content\/uploads\/2015\/02\/P1170384.jpg 800w\" sizes=\"auto, (max-width: 150px) 100vw, 150px\" \/><\/a>\n\t\t\t<\/dt><\/dl><dl class='gallery-item'>\n\t\t\t<dt class='gallery-icon landscape'>\n\t\t\t\t<a href='https:\/\/www.mundi-roth.de\/teneriffa-blog\/wp-content\/uploads\/2015\/02\/P1170385.jpg' rel=\"lightbox[3708]\"><img loading=\"lazy\" decoding=\"async\" width=\"150\" height=\"113\" src=\"https:\/\/www.mundi-roth.de\/teneriffa-blog\/wp-content\/uploads\/2015\/02\/P1170385-150x113.jpg\" class=\"attachment-thumbnail size-thumbnail\" alt=\"\" srcset=\"https:\/\/www.mundi-roth.de\/teneriffa-blog\/wp-content\/uploads\/2015\/02\/P1170385-150x113.jpg 150w, https:\/\/www.mundi-roth.de\/teneriffa-blog\/wp-content\/uploads\/2015\/02\/P1170385-300x225.jpg 300w, https:\/\/www.mundi-roth.de\/teneriffa-blog\/wp-content\/uploads\/2015\/02\/P1170385.jpg 800w\" sizes=\"auto, (max-width: 150px) 100vw, 150px\" \/><\/a>\n\t\t\t<\/dt><\/dl>\n\t\t\t<br style='clear: both' \/>\n\t\t<\/div>\n\n","protected":false},"excerpt":{"rendered":"<p>Die Anregung f\u00fcr die heutige Wanderung gab Ilka, eine Besucherin unserer Wanderseite in einem Kommentar: \u201e Wir laufen immer sehr gerne an der K\u00fcste entlang. Man kann von Callao Salvaje sehr sch\u00f6n zur Verladestation laufen und von dort weiter bis Marazul. Dort endet der Weg an einem Barranco. Die andere Seite hat sich die Hotelanlage [&hellip;]<\/p>\n","protected":false},"author":4,"featured_media":3722,"comment_status":"open","ping_status":"open","sticky":false,"template":"","format":"standard","meta":{"footnotes":""},"categories":[775,6],"tags":[789,788,791,439,792,446,790],"class_list":["post-3708","post","type-post","status-publish","format-standard","has-post-thumbnail","hentry","category-arona","category-wanderungen","tag-acantaliado-isanora","tag-callao-salvaje","tag-compania-fyffes","tag-teneriffa-wandern","tag-tomatenverladestation","tag-wandern-teneriffa","tag-wohnanlage-marazul"],"yoast_head":"<!-- This site is optimized with the Yoast SEO plugin v27.5 - https:\/\/yoast.com\/product\/yoast-seo-wordpress\/ -->\n<title>Callao Salvaje\u2013Acantaliado Isanora-Busstation Ricasa an der TF47 - Teneriffa Wandern<\/title>\n<meta name=\"robots\" content=\"index, follow, max-snippet:-1, max-image-preview:large, max-video-preview:-1\" \/>\n<link rel=\"canonical\" href=\"https:\/\/www.mundi-roth.de\/teneriffa-blog\/wanderungen\/callao-salvaje-acantaliado-isanora-busstation-ricasa-tf47\/\" \/>\n<meta name=\"twitter:label1\" content=\"Verfasst von\" \/>\n\t<meta name=\"twitter:data1\" content=\"mundi\" \/>\n\t<meta name=\"twitter:label2\" content=\"Gesch\u00e4tzte Lesezeit\" \/>\n\t<meta name=\"twitter:data2\" content=\"6\u00a0Minuten\" \/>\n<script type=\"application\/ld+json\" class=\"yoast-schema-graph\">{\"@context\":\"https:\\\/\\\/schema.org\",\"@graph\":[{\"@type\":\"Article\",\"@id\":\"https:\\\/\\\/www.mundi-roth.de\\\/teneriffa-blog\\\/wanderungen\\\/callao-salvaje-acantaliado-isanora-busstation-ricasa-tf47\\\/#article\",\"isPartOf\":{\"@id\":\"https:\\\/\\\/www.mundi-roth.de\\\/teneriffa-blog\\\/wanderungen\\\/callao-salvaje-acantaliado-isanora-busstation-ricasa-tf47\\\/\"},\"author\":{\"name\":\"mundi\",\"@id\":\"https:\\\/\\\/www.mundi-roth.de\\\/teneriffa-blog\\\/#\\\/schema\\\/person\\\/971c66b55f3ae5e8741553688c413cac\"},\"headline\":\"Callao Salvaje\u2013Acantaliado Isanora-Busstation Ricasa an der TF47\",\"datePublished\":\"2015-02-03T21:22:09+00:00\",\"dateModified\":\"2015-07-05T09:23:55+00:00\",\"mainEntityOfPage\":{\"@id\":\"https:\\\/\\\/www.mundi-roth.de\\\/teneriffa-blog\\\/wanderungen\\\/callao-salvaje-acantaliado-isanora-busstation-ricasa-tf47\\\/\"},\"wordCount\":1295,\"commentCount\":0,\"image\":{\"@id\":\"https:\\\/\\\/www.mundi-roth.de\\\/teneriffa-blog\\\/wanderungen\\\/callao-salvaje-acantaliado-isanora-busstation-ricasa-tf47\\\/#primaryimage\"},\"thumbnailUrl\":\"https:\\\/\\\/www.mundi-roth.de\\\/teneriffa-blog\\\/wp-content\\\/uploads\\\/2015\\\/02\\\/P1170356.jpg\",\"keywords\":[\"Acantaliado Isanora\",\"Callao Salvaje\",\"Compania Fyffes\",\"Teneriffa Wandern\",\"Tomatenverladestation\",\"Wandern Teneriffa\",\"Wohnanlage Marazul\"],\"articleSection\":[\"Arona\",\"Wanderungen\"],\"inLanguage\":\"de\",\"potentialAction\":[{\"@type\":\"CommentAction\",\"name\":\"Comment\",\"target\":[\"https:\\\/\\\/www.mundi-roth.de\\\/teneriffa-blog\\\/wanderungen\\\/callao-salvaje-acantaliado-isanora-busstation-ricasa-tf47\\\/#respond\"]}]},{\"@type\":\"WebPage\",\"@id\":\"https:\\\/\\\/www.mundi-roth.de\\\/teneriffa-blog\\\/wanderungen\\\/callao-salvaje-acantaliado-isanora-busstation-ricasa-tf47\\\/\",\"url\":\"https:\\\/\\\/www.mundi-roth.de\\\/teneriffa-blog\\\/wanderungen\\\/callao-salvaje-acantaliado-isanora-busstation-ricasa-tf47\\\/\",\"name\":\"Callao Salvaje\u2013Acantaliado Isanora-Busstation Ricasa an der TF47 - Teneriffa Wandern\",\"isPartOf\":{\"@id\":\"https:\\\/\\\/www.mundi-roth.de\\\/teneriffa-blog\\\/#website\"},\"primaryImageOfPage\":{\"@id\":\"https:\\\/\\\/www.mundi-roth.de\\\/teneriffa-blog\\\/wanderungen\\\/callao-salvaje-acantaliado-isanora-busstation-ricasa-tf47\\\/#primaryimage\"},\"image\":{\"@id\":\"https:\\\/\\\/www.mundi-roth.de\\\/teneriffa-blog\\\/wanderungen\\\/callao-salvaje-acantaliado-isanora-busstation-ricasa-tf47\\\/#primaryimage\"},\"thumbnailUrl\":\"https:\\\/\\\/www.mundi-roth.de\\\/teneriffa-blog\\\/wp-content\\\/uploads\\\/2015\\\/02\\\/P1170356.jpg\",\"datePublished\":\"2015-02-03T21:22:09+00:00\",\"dateModified\":\"2015-07-05T09:23:55+00:00\",\"author\":{\"@id\":\"https:\\\/\\\/www.mundi-roth.de\\\/teneriffa-blog\\\/#\\\/schema\\\/person\\\/971c66b55f3ae5e8741553688c413cac\"},\"breadcrumb\":{\"@id\":\"https:\\\/\\\/www.mundi-roth.de\\\/teneriffa-blog\\\/wanderungen\\\/callao-salvaje-acantaliado-isanora-busstation-ricasa-tf47\\\/#breadcrumb\"},\"inLanguage\":\"de\",\"potentialAction\":[{\"@type\":\"ReadAction\",\"target\":[\"https:\\\/\\\/www.mundi-roth.de\\\/teneriffa-blog\\\/wanderungen\\\/callao-salvaje-acantaliado-isanora-busstation-ricasa-tf47\\\/\"]}]},{\"@type\":\"ImageObject\",\"inLanguage\":\"de\",\"@id\":\"https:\\\/\\\/www.mundi-roth.de\\\/teneriffa-blog\\\/wanderungen\\\/callao-salvaje-acantaliado-isanora-busstation-ricasa-tf47\\\/#primaryimage\",\"url\":\"https:\\\/\\\/www.mundi-roth.de\\\/teneriffa-blog\\\/wp-content\\\/uploads\\\/2015\\\/02\\\/P1170356.jpg\",\"contentUrl\":\"https:\\\/\\\/www.mundi-roth.de\\\/teneriffa-blog\\\/wp-content\\\/uploads\\\/2015\\\/02\\\/P1170356.jpg\",\"width\":800,\"height\":600},{\"@type\":\"BreadcrumbList\",\"@id\":\"https:\\\/\\\/www.mundi-roth.de\\\/teneriffa-blog\\\/wanderungen\\\/callao-salvaje-acantaliado-isanora-busstation-ricasa-tf47\\\/#breadcrumb\",\"itemListElement\":[{\"@type\":\"ListItem\",\"position\":1,\"name\":\"Startseite\",\"item\":\"https:\\\/\\\/www.mundi-roth.de\\\/teneriffa-blog\\\/\"},{\"@type\":\"ListItem\",\"position\":2,\"name\":\"Callao Salvaje\u2013Acantaliado Isanora-Busstation Ricasa an der TF47\"}]},{\"@type\":\"WebSite\",\"@id\":\"https:\\\/\\\/www.mundi-roth.de\\\/teneriffa-blog\\\/#website\",\"url\":\"https:\\\/\\\/www.mundi-roth.de\\\/teneriffa-blog\\\/\",\"name\":\"Teneriffa Wandern\",\"description\":\"Nicht nur Wanderungen auf Teneriffa...\",\"potentialAction\":[{\"@type\":\"SearchAction\",\"target\":{\"@type\":\"EntryPoint\",\"urlTemplate\":\"https:\\\/\\\/www.mundi-roth.de\\\/teneriffa-blog\\\/?s={search_term_string}\"},\"query-input\":{\"@type\":\"PropertyValueSpecification\",\"valueRequired\":true,\"valueName\":\"search_term_string\"}}],\"inLanguage\":\"de\"},{\"@type\":\"Person\",\"@id\":\"https:\\\/\\\/www.mundi-roth.de\\\/teneriffa-blog\\\/#\\\/schema\\\/person\\\/971c66b55f3ae5e8741553688c413cac\",\"name\":\"mundi\",\"image\":{\"@type\":\"ImageObject\",\"inLanguage\":\"de\",\"@id\":\"https:\\\/\\\/secure.gravatar.com\\\/avatar\\\/555f0dd85428f1a9330f8e5dbe9e40ff9ca912bb81e5a89747ebf3ca9c20dc0f?s=96&d=mm&r=g\",\"url\":\"https:\\\/\\\/secure.gravatar.com\\\/avatar\\\/555f0dd85428f1a9330f8e5dbe9e40ff9ca912bb81e5a89747ebf3ca9c20dc0f?s=96&d=mm&r=g\",\"contentUrl\":\"https:\\\/\\\/secure.gravatar.com\\\/avatar\\\/555f0dd85428f1a9330f8e5dbe9e40ff9ca912bb81e5a89747ebf3ca9c20dc0f?s=96&d=mm&r=g\",\"caption\":\"mundi\"},\"sameAs\":[\"http:\\\/\\\/mundi-roth.de\"],\"url\":\"https:\\\/\\\/www.mundi-roth.de\\\/teneriffa-blog\\\/author\\\/mundi\\\/\"}]}<\/script>\n<!-- \/ Yoast SEO plugin. -->","yoast_head_json":{"title":"Callao Salvaje\u2013Acantaliado Isanora-Busstation Ricasa an der TF47 - Teneriffa Wandern","robots":{"index":"index","follow":"follow","max-snippet":"max-snippet:-1","max-image-preview":"max-image-preview:large","max-video-preview":"max-video-preview:-1"},"canonical":"https:\/\/www.mundi-roth.de\/teneriffa-blog\/wanderungen\/callao-salvaje-acantaliado-isanora-busstation-ricasa-tf47\/","twitter_misc":{"Verfasst von":"mundi","Gesch\u00e4tzte Lesezeit":"6\u00a0Minuten"},"schema":{"@context":"https:\/\/schema.org","@graph":[{"@type":"Article","@id":"https:\/\/www.mundi-roth.de\/teneriffa-blog\/wanderungen\/callao-salvaje-acantaliado-isanora-busstation-ricasa-tf47\/#article","isPartOf":{"@id":"https:\/\/www.mundi-roth.de\/teneriffa-blog\/wanderungen\/callao-salvaje-acantaliado-isanora-busstation-ricasa-tf47\/"},"author":{"name":"mundi","@id":"https:\/\/www.mundi-roth.de\/teneriffa-blog\/#\/schema\/person\/971c66b55f3ae5e8741553688c413cac"},"headline":"Callao Salvaje\u2013Acantaliado Isanora-Busstation Ricasa an der TF47","datePublished":"2015-02-03T21:22:09+00:00","dateModified":"2015-07-05T09:23:55+00:00","mainEntityOfPage":{"@id":"https:\/\/www.mundi-roth.de\/teneriffa-blog\/wanderungen\/callao-salvaje-acantaliado-isanora-busstation-ricasa-tf47\/"},"wordCount":1295,"commentCount":0,"image":{"@id":"https:\/\/www.mundi-roth.de\/teneriffa-blog\/wanderungen\/callao-salvaje-acantaliado-isanora-busstation-ricasa-tf47\/#primaryimage"},"thumbnailUrl":"https:\/\/www.mundi-roth.de\/teneriffa-blog\/wp-content\/uploads\/2015\/02\/P1170356.jpg","keywords":["Acantaliado Isanora","Callao Salvaje","Compania Fyffes","Teneriffa Wandern","Tomatenverladestation","Wandern Teneriffa","Wohnanlage Marazul"],"articleSection":["Arona","Wanderungen"],"inLanguage":"de","potentialAction":[{"@type":"CommentAction","name":"Comment","target":["https:\/\/www.mundi-roth.de\/teneriffa-blog\/wanderungen\/callao-salvaje-acantaliado-isanora-busstation-ricasa-tf47\/#respond"]}]},{"@type":"WebPage","@id":"https:\/\/www.mundi-roth.de\/teneriffa-blog\/wanderungen\/callao-salvaje-acantaliado-isanora-busstation-ricasa-tf47\/","url":"https:\/\/www.mundi-roth.de\/teneriffa-blog\/wanderungen\/callao-salvaje-acantaliado-isanora-busstation-ricasa-tf47\/","name":"Callao Salvaje\u2013Acantaliado Isanora-Busstation Ricasa an der TF47 - Teneriffa Wandern","isPartOf":{"@id":"https:\/\/www.mundi-roth.de\/teneriffa-blog\/#website"},"primaryImageOfPage":{"@id":"https:\/\/www.mundi-roth.de\/teneriffa-blog\/wanderungen\/callao-salvaje-acantaliado-isanora-busstation-ricasa-tf47\/#primaryimage"},"image":{"@id":"https:\/\/www.mundi-roth.de\/teneriffa-blog\/wanderungen\/callao-salvaje-acantaliado-isanora-busstation-ricasa-tf47\/#primaryimage"},"thumbnailUrl":"https:\/\/www.mundi-roth.de\/teneriffa-blog\/wp-content\/uploads\/2015\/02\/P1170356.jpg","datePublished":"2015-02-03T21:22:09+00:00","dateModified":"2015-07-05T09:23:55+00:00","author":{"@id":"https:\/\/www.mundi-roth.de\/teneriffa-blog\/#\/schema\/person\/971c66b55f3ae5e8741553688c413cac"},"breadcrumb":{"@id":"https:\/\/www.mundi-roth.de\/teneriffa-blog\/wanderungen\/callao-salvaje-acantaliado-isanora-busstation-ricasa-tf47\/#breadcrumb"},"inLanguage":"de","potentialAction":[{"@type":"ReadAction","target":["https:\/\/www.mundi-roth.de\/teneriffa-blog\/wanderungen\/callao-salvaje-acantaliado-isanora-busstation-ricasa-tf47\/"]}]},{"@type":"ImageObject","inLanguage":"de","@id":"https:\/\/www.mundi-roth.de\/teneriffa-blog\/wanderungen\/callao-salvaje-acantaliado-isanora-busstation-ricasa-tf47\/#primaryimage","url":"https:\/\/www.mundi-roth.de\/teneriffa-blog\/wp-content\/uploads\/2015\/02\/P1170356.jpg","contentUrl":"https:\/\/www.mundi-roth.de\/teneriffa-blog\/wp-content\/uploads\/2015\/02\/P1170356.jpg","width":800,"height":600},{"@type":"BreadcrumbList","@id":"https:\/\/www.mundi-roth.de\/teneriffa-blog\/wanderungen\/callao-salvaje-acantaliado-isanora-busstation-ricasa-tf47\/#breadcrumb","itemListElement":[{"@type":"ListItem","position":1,"name":"Startseite","item":"https:\/\/www.mundi-roth.de\/teneriffa-blog\/"},{"@type":"ListItem","position":2,"name":"Callao Salvaje\u2013Acantaliado Isanora-Busstation Ricasa an der TF47"}]},{"@type":"WebSite","@id":"https:\/\/www.mundi-roth.de\/teneriffa-blog\/#website","url":"https:\/\/www.mundi-roth.de\/teneriffa-blog\/","name":"Teneriffa Wandern","description":"Nicht nur Wanderungen auf Teneriffa...","potentialAction":[{"@type":"SearchAction","target":{"@type":"EntryPoint","urlTemplate":"https:\/\/www.mundi-roth.de\/teneriffa-blog\/?s={search_term_string}"},"query-input":{"@type":"PropertyValueSpecification","valueRequired":true,"valueName":"search_term_string"}}],"inLanguage":"de"},{"@type":"Person","@id":"https:\/\/www.mundi-roth.de\/teneriffa-blog\/#\/schema\/person\/971c66b55f3ae5e8741553688c413cac","name":"mundi","image":{"@type":"ImageObject","inLanguage":"de","@id":"https:\/\/secure.gravatar.com\/avatar\/555f0dd85428f1a9330f8e5dbe9e40ff9ca912bb81e5a89747ebf3ca9c20dc0f?s=96&d=mm&r=g","url":"https:\/\/secure.gravatar.com\/avatar\/555f0dd85428f1a9330f8e5dbe9e40ff9ca912bb81e5a89747ebf3ca9c20dc0f?s=96&d=mm&r=g","contentUrl":"https:\/\/secure.gravatar.com\/avatar\/555f0dd85428f1a9330f8e5dbe9e40ff9ca912bb81e5a89747ebf3ca9c20dc0f?s=96&d=mm&r=g","caption":"mundi"},"sameAs":["http:\/\/mundi-roth.de"],"url":"https:\/\/www.mundi-roth.de\/teneriffa-blog\/author\/mundi\/"}]}},"_links":{"self":[{"href":"https:\/\/www.mundi-roth.de\/teneriffa-blog\/wp-json\/wp\/v2\/posts\/3708","targetHints":{"allow":["GET"]}}],"collection":[{"href":"https:\/\/www.mundi-roth.de\/teneriffa-blog\/wp-json\/wp\/v2\/posts"}],"about":[{"href":"https:\/\/www.mundi-roth.de\/teneriffa-blog\/wp-json\/wp\/v2\/types\/post"}],"author":[{"embeddable":true,"href":"https:\/\/www.mundi-roth.de\/teneriffa-blog\/wp-json\/wp\/v2\/users\/4"}],"replies":[{"embeddable":true,"href":"https:\/\/www.mundi-roth.de\/teneriffa-blog\/wp-json\/wp\/v2\/comments?post=3708"}],"version-history":[{"count":0,"href":"https:\/\/www.mundi-roth.de\/teneriffa-blog\/wp-json\/wp\/v2\/posts\/3708\/revisions"}],"wp:featuredmedia":[{"embeddable":true,"href":"https:\/\/www.mundi-roth.de\/teneriffa-blog\/wp-json\/wp\/v2\/media\/3722"}],"wp:attachment":[{"href":"https:\/\/www.mundi-roth.de\/teneriffa-blog\/wp-json\/wp\/v2\/media?parent=3708"}],"wp:term":[{"taxonomy":"category","embeddable":true,"href":"https:\/\/www.mundi-roth.de\/teneriffa-blog\/wp-json\/wp\/v2\/categories?post=3708"},{"taxonomy":"post_tag","embeddable":true,"href":"https:\/\/www.mundi-roth.de\/teneriffa-blog\/wp-json\/wp\/v2\/tags?post=3708"}],"curies":[{"name":"wp","href":"https:\/\/api.w.org\/{rel}","templated":true}]}}