{"id":4040,"date":"2015-03-25T22:00:23","date_gmt":"2015-03-25T21:00:23","guid":{"rendered":"http:\/\/www.mundi-roth.de\/teneriffa-blog\/?p=4040"},"modified":"2015-03-30T16:31:07","modified_gmt":"2015-03-30T15:31:07","slug":"hermano-pedro-gedenkstaette-friedhof-vilaflor","status":"publish","type":"post","link":"https:\/\/www.mundi-roth.de\/teneriffa-blog\/wanderungen\/hermano-pedro-gedenkstaette-friedhof-vilaflor\/","title":{"rendered":"Hermano Pedro Gedenkst\u00e4tte &#8211; Friedhof Vilaflor"},"content":{"rendered":"<p>Aus dem Augenwinkel sahen wir k\u00fcrzlich bei unserer Anfahrt nach Ifonche zu unserer <a href=\"http:\/\/www.mundi-roth.de\/teneriffa-blog\/wanderungen\/ifonche-adeje\/\">Wanderung nach Adeje<\/a> in H\u00f6he der Gedenkst\u00e4tte f\u00fcr den einzigen Inselheiligen ein Hinweisschild <strong>\u201eVilaflor\u201c<\/strong>.<br \/>\nDiesem Hinweis wollten wir heute im Aufstieg folgen, denn von Vilaflor sind wir schon diverse Male abw\u00e4rts gegangen.<br \/>\nAu\u00dferdem sagte die Wettervorhersage: \u201eStrahlender Sonnenschein\u201c.<br \/>\nWas war? Kalt und die Passatwolken begleiteten uns auf der ganzen Strecke.<\/p>\n<div id=\"attachment_4041\" style=\"width: 160px\" class=\"wp-caption alignright\"><a href=\"http:\/\/www.mundi-roth.de\/teneriffa-blog\/wp-content\/uploads\/2015\/03\/Track02.jpg\" rel=\"lightbox[4040]\"><img loading=\"lazy\" decoding=\"async\" aria-describedby=\"caption-attachment-4041\" class=\"size-thumbnail wp-image-4041\" src=\"http:\/\/www.mundi-roth.de\/teneriffa-blog\/wp-content\/uploads\/2015\/03\/Track02-150x107.jpg\" alt=\"Unsere Strecke\" width=\"150\" height=\"107\" srcset=\"https:\/\/www.mundi-roth.de\/teneriffa-blog\/wp-content\/uploads\/2015\/03\/Track02-150x107.jpg 150w, https:\/\/www.mundi-roth.de\/teneriffa-blog\/wp-content\/uploads\/2015\/03\/Track02-300x215.jpg 300w, https:\/\/www.mundi-roth.de\/teneriffa-blog\/wp-content\/uploads\/2015\/03\/Track02.jpg 800w\" sizes=\"auto, (max-width: 150px) 100vw, 150px\" \/><\/a><p id=\"caption-attachment-4041\" class=\"wp-caption-text\">Unsere Strecke<\/p><\/div>\n<p><strong>Wanderwegstrecke: 3 \u00bd Stunden f\u00fcr 9 km<\/strong><\/p>\n<p>Also, wir parken und starten an der Gedenkst\u00e4tte f\u00fcr <a href=\"http:\/\/es.wikipedia.org\/wiki\/Pedro_de_San_Jos%C3%A9_Betancur\">Hermano Pedro<\/a> und sofort geht es aufw\u00e4rts.<br \/>\nWie wir feststellen k\u00f6nnen, ist die gesamte Strecke mit Steinm\u00e4nnchen bis zu einem sch\u00f6n gelegenen, einsamen Haus \u2013 das wir nach 1 Stunde erreichen \u2013 gut gekennzeichnet. Das ist auch n\u00f6tig, da es \u00fcber Felsplatten und durch die zahlreichen Zistrosenb\u00fcsche schwierig ist, den Weg auszumachen.<\/p>\n<p>Hin und wieder drehen wir uns um, um trotz der schlechten Sicht den Ausblick auf Roque Imoque und Roque de los Brezos und die K\u00fcste zu bestaunen.<br \/>\nWir bewegen uns in der Zone des Kanarischen Kiefernwaldes und beobachten wieder, wie gut sich die B\u00e4ume nach dem verheerenden Brand erholen.<br \/>\nAffodills und diverse einzelne B\u00fcsche der G\u00e4nsedistel sowie des Sprossenden Gei\u00dfklees lockern die Felslandschaft auf. Aber ihnen fehlt heute die Strahlkraft der Sonne wie letzte Woche auf der Wanderung von Santiago del Teide\u00a0 \u00fcber Valle de Arriba nach Santiago del Teide.<\/p>\n<p>Der steile Aufstieg l\u00e4\u00dft sich gut bew\u00e4ltigen, zumal wir hin und wieder \u201eQuatschpausen\u201c einlegen.<\/p>\n<p>Wir umrunden das einsam gelegene, zur Zeit unbewohnte Haus. Bemerken die Solaranlage auf dem Dach, Geranien vor dem Haus und die Au\u00dfenk\u00fcche, blicken auf die unterhalb liegenden landwirtschaftlich und zur Zeit bearbeiten Fl\u00e4chen und folgen dem breiten Forstweg immer heiter weiter.<\/p>\n<p>Es begeistern uns wieder die riesigen Polster des Hornklees, die sich unter den Kiefern ausbreiten, dazwischen das Lila der Winden. Nach geraumer Zeit erreichen wir wieder ein Haus, vor dem sich eine gro\u00dfe, mit Weinreben bebaute Fl\u00e4che ausbreitet.<\/p>\n<p>Nach dem wir die Schranke, die das Haus sichert, umgangen haben, halten wir uns rechts und folgen weiter dem Weg. Rankende und kletternde Wicken und Winden und eine blaue Blume (schopfige Traubenhyazinthe) sind sozusagen unser Stra\u00dfenbegleitgr\u00fcn.<\/p>\n<p>Wir wandern durch ehemals wohl intensiv genutzten landwirtschaftlichen Bereich, diverse verlassene H\u00e4user s\u00e4umen die Strecke und mit wohl wahnsinnigem Arbeitsaufwand errichtete Steinmauern , die die Terrassen abgrenzten, zeugen noch davon und n\u00f6tigen uns Respekt ab.<\/p>\n<p>Nach ca. 1 \u00bd Stunden Gehzeit sto\u00dfen wir auf den Hinweis, dass wir uns nun auf dem Gro\u00dfen Wanderweg <strong>GR-TF 131<\/strong> von Rosalia im Esperanzawald bis Arona befinden. Diesen haben wir ja bereits in diversen Etappen bewandert.<\/p>\n<p>Aber: Wir wollen ja heute Neuland erkunden, darum verlassen wir den Pfad, als rechts ein Weg mit Blick auf ein wei\u00dfes Gem\u00e4uer abzweigt.<br \/>\nDort die Wahl der Qual. Rechts am Haus vorbei oder links aufw\u00e4rts ?<br \/>\nWir entscheiden uns f\u00fcr aufw\u00e4rts, da ja Vilaflor hoch oben liegt.<br \/>\nAuf einem ausgewaschenen Forstweg steigen wir auf, links zwei riesige Wasserbecken und wie wir von oben feststellen k\u00f6nnen, fast leer, um dort dann im <em>Nicht-Weiter<\/em> zu stehen.<br \/>\nWir suchen uns einen Abstieg, da wir reum\u00fctig auf den GR-Tf 131 zur\u00fcckkehren wollen.<br \/>\nDiesen Schlenker h\u00e4tten wir uns sparen k\u00f6nnen.<\/p>\n<p>Ha! Wir haben den ausgeschilderten Wanderweg wiedergefunden und wissen nun, dass wir noch 4,8 km bis Vilaflor vor uns haben.<br \/>\nWir werden weiter am oberen Ende eines Barrancos durch den Kiefernwald mit seinen phantastischen Hornkleepolstern zu seinen F\u00fc\u00dfen entlanggef\u00fchrt und gelangen an die uns von den unterschiedlichsten Wanderungen bekannte Stelle mit den vielen Wasserrohren.<\/p>\n<p>Seelisch bereiten wir uns auf den brutal steilen Aufstieg vor.<br \/>\nAber, wie so oft, das Gl\u00fcck ist mit uns. Ein Mitarbeiter der Kommunalen Wasserversorgen h\u00e4lt gerade und wir befragen ihn, ob es noch einen anderen Weg nach Vilaflor gibt.<\/p>\n<p>Es gibt ihn! Wir brauchen nur dem Forstweg immer geradeaus \u201esiempre recto\u201c zu folgen, durch eine landschaftlich sch\u00f6ne Strecke, wie uns der gute Mann versichert, und wir kommen am Friedhof von Vilaflor aus.<\/p>\n<p>Stimmt! War mir ganz entfallen, dass wir das vor vielen, vielen Jahren mal gegangen sind.<\/p>\n<p>Ziemlich genau 1 Stunde gehen wir nun auf der wirklich sch\u00f6nen Forststra\u00dfe durch den sich wieder nach dem Brand erholenden Kiefernwald, freuen uns an dem kr\u00e4ftigen Orange des Kanarischen Goldmohns, den m\u00e4chtigen gelben Stauden des Rutenstrauchs, den wir nur am Geruch der Bl\u00e4tter vom Fenchel unterscheiden k\u00f6nnen, und sowohl die Bl\u00fcten des Bocksbartes wie sein Samenstand faszinieren uns.<\/p>\n<p>Wir passieren linker Hand ein inzwischen verlassenes Haus. Hier hielten wir im Oktober 2007 noch mit dem Besitzer einen Plausch.<br \/>\nAn Weinfeldern, Wasserbecken geht es nochmal steil aufw\u00e4rts \u2013 von hier aus rufe ich meinen lieben Mann an, dass wir wohl bald an der TF 51 beim Friedhof sein werden.<br \/>\nWir kommen bei der Cooperative aus und gehen die paar Meter bis zur Friedhofeinfahrt. Noch schnell ein Abstecher zum Friedhof, ein Foto durch die Gittert\u00fcre und, eins, zwei, drei, hast du nicht gesehen, ist unser <em>Taxi \u201eIrmEli\u201c<\/em> &#8211; Irmgard-Elisabeth \u2013 schon da.<\/p>\n<p><strong>Fazit:<\/strong> Obwohl Sonnenschein prognostiziert war, wir aber nur in den Passatwolken bei 12 Grad wanderten, die Strecke ist wundersch\u00f6n.<br \/>\nJedoch: Wir w\u00fcrden sie \u2013 sollten wir sie noch einmal gehen \u2013 in umgekehrter Richtung machen.<br \/>\nNicht, dass es zu anstrengend w\u00e4re, sondern: Man hat dann einfach den sch\u00f6nen Blick vor sich, der so gar bis zur Monta\u00f1a Roja in El M\u00e9dano geht.<\/p>\n<p><strong>Fotoimpressionen von unserer Wanderung<\/strong><\/p>\n\n\t\t<style type=\"text\/css\">\n\t\t\t#gallery-1 {\n\t\t\t\tmargin: auto;\n\t\t\t}\n\t\t\t#gallery-1 .gallery-item {\n\t\t\t\tfloat: left;\n\t\t\t\tmargin-top: 10px;\n\t\t\t\ttext-align: center;\n\t\t\t\twidth: 33%;\n\t\t\t}\n\t\t\t#gallery-1 img {\n\t\t\t\tborder: 2px solid #cfcfcf;\n\t\t\t}\n\t\t\t#gallery-1 .gallery-caption {\n\t\t\t\tmargin-left: 0;\n\t\t\t}\n\t\t\t\/* see gallery_shortcode() in wp-includes\/media.php *\/\n\t\t<\/style>\n\t\t<div id='gallery-1' class='gallery galleryid-4040 gallery-columns-3 gallery-size-thumbnail'><dl class='gallery-item'>\n\t\t\t<dt class='gallery-icon landscape'>\n\t\t\t\t<a href='https:\/\/www.mundi-roth.de\/teneriffa-blog\/wp-content\/uploads\/2015\/03\/P1180278.jpg' rel=\"lightbox[4040]\"><img loading=\"lazy\" decoding=\"async\" width=\"150\" height=\"113\" src=\"https:\/\/www.mundi-roth.de\/teneriffa-blog\/wp-content\/uploads\/2015\/03\/P1180278-150x113.jpg\" class=\"attachment-thumbnail size-thumbnail\" alt=\"\" aria-describedby=\"gallery-1-4042\" srcset=\"https:\/\/www.mundi-roth.de\/teneriffa-blog\/wp-content\/uploads\/2015\/03\/P1180278-150x113.jpg 150w, https:\/\/www.mundi-roth.de\/teneriffa-blog\/wp-content\/uploads\/2015\/03\/P1180278-300x225.jpg 300w, https:\/\/www.mundi-roth.de\/teneriffa-blog\/wp-content\/uploads\/2015\/03\/P1180278.jpg 800w\" sizes=\"auto, (max-width: 150px) 100vw, 150px\" \/><\/a>\n\t\t\t<\/dt>\n\t\t\t\t<dd class='wp-caption-text gallery-caption' id='gallery-1-4042'>\n\t\t\t\tGedenkst\u00e4tte Hermano Pedro\n\t\t\t\t<\/dd><\/dl><dl class='gallery-item'>\n\t\t\t<dt class='gallery-icon landscape'>\n\t\t\t\t<a href='https:\/\/www.mundi-roth.de\/teneriffa-blog\/wp-content\/uploads\/2015\/03\/P1180186.jpg' rel=\"lightbox[4040]\"><img loading=\"lazy\" decoding=\"async\" width=\"150\" height=\"113\" src=\"https:\/\/www.mundi-roth.de\/teneriffa-blog\/wp-content\/uploads\/2015\/03\/P1180186-150x113.jpg\" class=\"attachment-thumbnail size-thumbnail\" alt=\"\" aria-describedby=\"gallery-1-4043\" srcset=\"https:\/\/www.mundi-roth.de\/teneriffa-blog\/wp-content\/uploads\/2015\/03\/P1180186-150x113.jpg 150w, https:\/\/www.mundi-roth.de\/teneriffa-blog\/wp-content\/uploads\/2015\/03\/P1180186-300x225.jpg 300w, https:\/\/www.mundi-roth.de\/teneriffa-blog\/wp-content\/uploads\/2015\/03\/P1180186.jpg 800w\" sizes=\"auto, (max-width: 150px) 100vw, 150px\" \/><\/a>\n\t\t\t<\/dt>\n\t\t\t\t<dd class='wp-caption-text gallery-caption' id='gallery-1-4043'>\n\t\t\t\tRichtungweisend\n\t\t\t\t<\/dd><\/dl><dl class='gallery-item'>\n\t\t\t<dt class='gallery-icon landscape'>\n\t\t\t\t<a href='https:\/\/www.mundi-roth.de\/teneriffa-blog\/wp-content\/uploads\/2015\/03\/P1180191.jpg' rel=\"lightbox[4040]\"><img loading=\"lazy\" decoding=\"async\" width=\"150\" height=\"113\" src=\"https:\/\/www.mundi-roth.de\/teneriffa-blog\/wp-content\/uploads\/2015\/03\/P1180191-150x113.jpg\" class=\"attachment-thumbnail size-thumbnail\" alt=\"\" aria-describedby=\"gallery-1-4044\" srcset=\"https:\/\/www.mundi-roth.de\/teneriffa-blog\/wp-content\/uploads\/2015\/03\/P1180191-150x113.jpg 150w, https:\/\/www.mundi-roth.de\/teneriffa-blog\/wp-content\/uploads\/2015\/03\/P1180191-300x225.jpg 300w, https:\/\/www.mundi-roth.de\/teneriffa-blog\/wp-content\/uploads\/2015\/03\/P1180191.jpg 800w\" sizes=\"auto, (max-width: 150px) 100vw, 150px\" \/><\/a>\n\t\t\t<\/dt>\n\t\t\t\t<dd class='wp-caption-text gallery-caption' id='gallery-1-4044'>\n\t\t\t\tRoque Imoque &#8211; Roque de los Brezos\n\t\t\t\t<\/dd><\/dl><br style=\"clear: both\" \/><dl class='gallery-item'>\n\t\t\t<dt class='gallery-icon landscape'>\n\t\t\t\t<a href='https:\/\/www.mundi-roth.de\/teneriffa-blog\/wp-content\/uploads\/2015\/03\/P1180203.jpg' rel=\"lightbox[4040]\"><img loading=\"lazy\" decoding=\"async\" width=\"150\" height=\"113\" src=\"https:\/\/www.mundi-roth.de\/teneriffa-blog\/wp-content\/uploads\/2015\/03\/P1180203-150x113.jpg\" class=\"attachment-thumbnail size-thumbnail\" alt=\"\" aria-describedby=\"gallery-1-4046\" srcset=\"https:\/\/www.mundi-roth.de\/teneriffa-blog\/wp-content\/uploads\/2015\/03\/P1180203-150x113.jpg 150w, https:\/\/www.mundi-roth.de\/teneriffa-blog\/wp-content\/uploads\/2015\/03\/P1180203-300x225.jpg 300w, https:\/\/www.mundi-roth.de\/teneriffa-blog\/wp-content\/uploads\/2015\/03\/P1180203.jpg 800w\" sizes=\"auto, (max-width: 150px) 100vw, 150px\" \/><\/a>\n\t\t\t<\/dt>\n\t\t\t\t<dd class='wp-caption-text gallery-caption' id='gallery-1-4046'>\n\t\t\t\tSteinm\u00e4nnchen\n\t\t\t\t<\/dd><\/dl><dl class='gallery-item'>\n\t\t\t<dt class='gallery-icon landscape'>\n\t\t\t\t<a href='https:\/\/www.mundi-roth.de\/teneriffa-blog\/wp-content\/uploads\/2015\/03\/P1180209.jpg' rel=\"lightbox[4040]\"><img loading=\"lazy\" decoding=\"async\" width=\"150\" height=\"113\" src=\"https:\/\/www.mundi-roth.de\/teneriffa-blog\/wp-content\/uploads\/2015\/03\/P1180209-150x113.jpg\" class=\"attachment-thumbnail size-thumbnail\" alt=\"\" aria-describedby=\"gallery-1-4072\" srcset=\"https:\/\/www.mundi-roth.de\/teneriffa-blog\/wp-content\/uploads\/2015\/03\/P1180209-150x113.jpg 150w, https:\/\/www.mundi-roth.de\/teneriffa-blog\/wp-content\/uploads\/2015\/03\/P1180209-300x225.jpg 300w, https:\/\/www.mundi-roth.de\/teneriffa-blog\/wp-content\/uploads\/2015\/03\/P1180209.jpg 800w\" sizes=\"auto, (max-width: 150px) 100vw, 150px\" \/><\/a>\n\t\t\t<\/dt>\n\t\t\t\t<dd class='wp-caption-text gallery-caption' id='gallery-1-4072'>\n\t\t\t\tSteinm\u00e4nnchen\n\t\t\t\t<\/dd><\/dl><dl class='gallery-item'>\n\t\t\t<dt class='gallery-icon landscape'>\n\t\t\t\t<a href='https:\/\/www.mundi-roth.de\/teneriffa-blog\/wp-content\/uploads\/2015\/03\/P1180219.jpg' rel=\"lightbox[4040]\"><img loading=\"lazy\" decoding=\"async\" width=\"150\" height=\"113\" src=\"https:\/\/www.mundi-roth.de\/teneriffa-blog\/wp-content\/uploads\/2015\/03\/P1180219-150x113.jpg\" class=\"attachment-thumbnail size-thumbnail\" alt=\"\" aria-describedby=\"gallery-1-4049\" srcset=\"https:\/\/www.mundi-roth.de\/teneriffa-blog\/wp-content\/uploads\/2015\/03\/P1180219-150x113.jpg 150w, https:\/\/www.mundi-roth.de\/teneriffa-blog\/wp-content\/uploads\/2015\/03\/P1180219-300x225.jpg 300w, https:\/\/www.mundi-roth.de\/teneriffa-blog\/wp-content\/uploads\/2015\/03\/P1180219.jpg 800w\" sizes=\"auto, (max-width: 150px) 100vw, 150px\" \/><\/a>\n\t\t\t<\/dt>\n\t\t\t\t<dd class='wp-caption-text gallery-caption' id='gallery-1-4049'>\n\t\t\t\tEinsames Haus\n\t\t\t\t<\/dd><\/dl><br style=\"clear: both\" \/><dl class='gallery-item'>\n\t\t\t<dt class='gallery-icon landscape'>\n\t\t\t\t<a href='https:\/\/www.mundi-roth.de\/teneriffa-blog\/wp-content\/uploads\/2015\/03\/P1180230.jpg' rel=\"lightbox[4040]\"><img loading=\"lazy\" decoding=\"async\" width=\"150\" height=\"113\" src=\"https:\/\/www.mundi-roth.de\/teneriffa-blog\/wp-content\/uploads\/2015\/03\/P1180230-150x113.jpg\" class=\"attachment-thumbnail size-thumbnail\" alt=\"\" aria-describedby=\"gallery-1-4050\" srcset=\"https:\/\/www.mundi-roth.de\/teneriffa-blog\/wp-content\/uploads\/2015\/03\/P1180230-150x113.jpg 150w, https:\/\/www.mundi-roth.de\/teneriffa-blog\/wp-content\/uploads\/2015\/03\/P1180230-300x225.jpg 300w, https:\/\/www.mundi-roth.de\/teneriffa-blog\/wp-content\/uploads\/2015\/03\/P1180230.jpg 800w\" sizes=\"auto, (max-width: 150px) 100vw, 150px\" \/><\/a>\n\t\t\t<\/dt>\n\t\t\t\t<dd class='wp-caption-text gallery-caption' id='gallery-1-4050'>\n\t\t\t\tWeinanbau\n\t\t\t\t<\/dd><\/dl><dl class='gallery-item'>\n\t\t\t<dt class='gallery-icon landscape'>\n\t\t\t\t<a href='https:\/\/www.mundi-roth.de\/teneriffa-blog\/wp-content\/uploads\/2015\/03\/P1180245.jpg' rel=\"lightbox[4040]\"><img loading=\"lazy\" decoding=\"async\" width=\"150\" height=\"113\" src=\"https:\/\/www.mundi-roth.de\/teneriffa-blog\/wp-content\/uploads\/2015\/03\/P1180245-150x113.jpg\" class=\"attachment-thumbnail size-thumbnail\" alt=\"\" aria-describedby=\"gallery-1-4051\" srcset=\"https:\/\/www.mundi-roth.de\/teneriffa-blog\/wp-content\/uploads\/2015\/03\/P1180245-150x113.jpg 150w, https:\/\/www.mundi-roth.de\/teneriffa-blog\/wp-content\/uploads\/2015\/03\/P1180245-300x225.jpg 300w, https:\/\/www.mundi-roth.de\/teneriffa-blog\/wp-content\/uploads\/2015\/03\/P1180245.jpg 800w\" sizes=\"auto, (max-width: 150px) 100vw, 150px\" \/><\/a>\n\t\t\t<\/dt>\n\t\t\t\t<dd class='wp-caption-text gallery-caption' id='gallery-1-4051'>\n\t\t\t\tehemals genutzte Fl\u00e4chen\n\t\t\t\t<\/dd><\/dl><dl class='gallery-item'>\n\t\t\t<dt class='gallery-icon landscape'>\n\t\t\t\t<a href='https:\/\/www.mundi-roth.de\/teneriffa-blog\/wp-content\/uploads\/2015\/03\/P1180248.jpg' rel=\"lightbox[4040]\"><img loading=\"lazy\" decoding=\"async\" width=\"150\" height=\"113\" src=\"https:\/\/www.mundi-roth.de\/teneriffa-blog\/wp-content\/uploads\/2015\/03\/P1180248-150x113.jpg\" class=\"attachment-thumbnail size-thumbnail\" alt=\"\" aria-describedby=\"gallery-1-4052\" srcset=\"https:\/\/www.mundi-roth.de\/teneriffa-blog\/wp-content\/uploads\/2015\/03\/P1180248-150x113.jpg 150w, https:\/\/www.mundi-roth.de\/teneriffa-blog\/wp-content\/uploads\/2015\/03\/P1180248-300x225.jpg 300w, https:\/\/www.mundi-roth.de\/teneriffa-blog\/wp-content\/uploads\/2015\/03\/P1180248.jpg 800w\" sizes=\"auto, (max-width: 150px) 100vw, 150px\" \/><\/a>\n\t\t\t<\/dt>\n\t\t\t\t<dd class='wp-caption-text gallery-caption' id='gallery-1-4052'>\n\t\t\t\tWasservorratsbecken\n\t\t\t\t<\/dd><\/dl><br style=\"clear: both\" \/><dl class='gallery-item'>\n\t\t\t<dt class='gallery-icon landscape'>\n\t\t\t\t<a href='https:\/\/www.mundi-roth.de\/teneriffa-blog\/wp-content\/uploads\/2015\/03\/P1180250.jpg' rel=\"lightbox[4040]\"><img loading=\"lazy\" decoding=\"async\" width=\"150\" height=\"113\" src=\"https:\/\/www.mundi-roth.de\/teneriffa-blog\/wp-content\/uploads\/2015\/03\/P1180250-150x113.jpg\" class=\"attachment-thumbnail size-thumbnail\" alt=\"\" aria-describedby=\"gallery-1-4053\" srcset=\"https:\/\/www.mundi-roth.de\/teneriffa-blog\/wp-content\/uploads\/2015\/03\/P1180250-150x113.jpg 150w, https:\/\/www.mundi-roth.de\/teneriffa-blog\/wp-content\/uploads\/2015\/03\/P1180250-300x225.jpg 300w, https:\/\/www.mundi-roth.de\/teneriffa-blog\/wp-content\/uploads\/2015\/03\/P1180250.jpg 800w\" sizes=\"auto, (max-width: 150px) 100vw, 150px\" \/><\/a>\n\t\t\t<\/dt>\n\t\t\t\t<dd class='wp-caption-text gallery-caption' id='gallery-1-4053'>\n\t\t\t\tWegweiser\n\t\t\t\t<\/dd><\/dl><dl class='gallery-item'>\n\t\t\t<dt class='gallery-icon landscape'>\n\t\t\t\t<a href='https:\/\/www.mundi-roth.de\/teneriffa-blog\/wp-content\/uploads\/2015\/03\/P1180252a.jpg' rel=\"lightbox[4040]\"><img loading=\"lazy\" decoding=\"async\" width=\"150\" height=\"90\" src=\"https:\/\/www.mundi-roth.de\/teneriffa-blog\/wp-content\/uploads\/2015\/03\/P1180252a-150x90.jpg\" class=\"attachment-thumbnail size-thumbnail\" alt=\"\" aria-describedby=\"gallery-1-4054\" srcset=\"https:\/\/www.mundi-roth.de\/teneriffa-blog\/wp-content\/uploads\/2015\/03\/P1180252a-150x90.jpg 150w, https:\/\/www.mundi-roth.de\/teneriffa-blog\/wp-content\/uploads\/2015\/03\/P1180252a-300x180.jpg 300w, https:\/\/www.mundi-roth.de\/teneriffa-blog\/wp-content\/uploads\/2015\/03\/P1180252a.jpg 800w\" sizes=\"auto, (max-width: 150px) 100vw, 150px\" \/><\/a>\n\t\t\t<\/dt>\n\t\t\t\t<dd class='wp-caption-text gallery-caption' id='gallery-1-4054'>\n\t\t\t\tIm Kiefernwald\n\t\t\t\t<\/dd><\/dl><dl class='gallery-item'>\n\t\t\t<dt class='gallery-icon landscape'>\n\t\t\t\t<a href='https:\/\/www.mundi-roth.de\/teneriffa-blog\/wp-content\/uploads\/2015\/03\/P1180257.jpg' rel=\"lightbox[4040]\"><img loading=\"lazy\" decoding=\"async\" width=\"150\" height=\"113\" src=\"https:\/\/www.mundi-roth.de\/teneriffa-blog\/wp-content\/uploads\/2015\/03\/P1180257-150x113.jpg\" class=\"attachment-thumbnail size-thumbnail\" alt=\"\" aria-describedby=\"gallery-1-4055\" srcset=\"https:\/\/www.mundi-roth.de\/teneriffa-blog\/wp-content\/uploads\/2015\/03\/P1180257-150x113.jpg 150w, https:\/\/www.mundi-roth.de\/teneriffa-blog\/wp-content\/uploads\/2015\/03\/P1180257-300x225.jpg 300w, https:\/\/www.mundi-roth.de\/teneriffa-blog\/wp-content\/uploads\/2015\/03\/P1180257.jpg 800w\" sizes=\"auto, (max-width: 150px) 100vw, 150px\" \/><\/a>\n\t\t\t<\/dt>\n\t\t\t\t<dd class='wp-caption-text gallery-caption' id='gallery-1-4055'>\n\t\t\t\tAuf dem Forstweg\n\t\t\t\t<\/dd><\/dl><br style=\"clear: both\" \/><dl class='gallery-item'>\n\t\t\t<dt class='gallery-icon landscape'>\n\t\t\t\t<a href='https:\/\/www.mundi-roth.de\/teneriffa-blog\/wp-content\/uploads\/2015\/03\/P1180258.jpg' rel=\"lightbox[4040]\"><img loading=\"lazy\" decoding=\"async\" width=\"150\" height=\"113\" src=\"https:\/\/www.mundi-roth.de\/teneriffa-blog\/wp-content\/uploads\/2015\/03\/P1180258-150x113.jpg\" class=\"attachment-thumbnail size-thumbnail\" alt=\"\" aria-describedby=\"gallery-1-4056\" srcset=\"https:\/\/www.mundi-roth.de\/teneriffa-blog\/wp-content\/uploads\/2015\/03\/P1180258-150x113.jpg 150w, https:\/\/www.mundi-roth.de\/teneriffa-blog\/wp-content\/uploads\/2015\/03\/P1180258-300x225.jpg 300w, https:\/\/www.mundi-roth.de\/teneriffa-blog\/wp-content\/uploads\/2015\/03\/P1180258.jpg 800w\" sizes=\"auto, (max-width: 150px) 100vw, 150px\" \/><\/a>\n\t\t\t<\/dt>\n\t\t\t\t<dd class='wp-caption-text gallery-caption' id='gallery-1-4056'>\n\t\t\t\tKiefern nach dem Brand\n\t\t\t\t<\/dd><\/dl><dl class='gallery-item'>\n\t\t\t<dt class='gallery-icon landscape'>\n\t\t\t\t<a href='https:\/\/www.mundi-roth.de\/teneriffa-blog\/wp-content\/uploads\/2015\/03\/P1180261.jpg' rel=\"lightbox[4040]\"><img loading=\"lazy\" decoding=\"async\" width=\"150\" height=\"113\" src=\"https:\/\/www.mundi-roth.de\/teneriffa-blog\/wp-content\/uploads\/2015\/03\/P1180261-150x113.jpg\" class=\"attachment-thumbnail size-thumbnail\" alt=\"\" aria-describedby=\"gallery-1-4057\" srcset=\"https:\/\/www.mundi-roth.de\/teneriffa-blog\/wp-content\/uploads\/2015\/03\/P1180261-150x113.jpg 150w, https:\/\/www.mundi-roth.de\/teneriffa-blog\/wp-content\/uploads\/2015\/03\/P1180261-300x225.jpg 300w, https:\/\/www.mundi-roth.de\/teneriffa-blog\/wp-content\/uploads\/2015\/03\/P1180261.jpg 800w\" sizes=\"auto, (max-width: 150px) 100vw, 150px\" \/><\/a>\n\t\t\t<\/dt>\n\t\t\t\t<dd class='wp-caption-text gallery-caption' id='gallery-1-4057'>\n\t\t\t\tAuf dem Forstweg\n\t\t\t\t<\/dd><\/dl><dl class='gallery-item'>\n\t\t\t<dt class='gallery-icon landscape'>\n\t\t\t\t<a href='https:\/\/www.mundi-roth.de\/teneriffa-blog\/wp-content\/uploads\/2015\/03\/P1180266.jpg' rel=\"lightbox[4040]\"><img loading=\"lazy\" decoding=\"async\" width=\"150\" height=\"113\" src=\"https:\/\/www.mundi-roth.de\/teneriffa-blog\/wp-content\/uploads\/2015\/03\/P1180266-150x113.jpg\" class=\"attachment-thumbnail size-thumbnail\" alt=\"\" aria-describedby=\"gallery-1-4058\" srcset=\"https:\/\/www.mundi-roth.de\/teneriffa-blog\/wp-content\/uploads\/2015\/03\/P1180266-150x113.jpg 150w, https:\/\/www.mundi-roth.de\/teneriffa-blog\/wp-content\/uploads\/2015\/03\/P1180266-300x225.jpg 300w, https:\/\/www.mundi-roth.de\/teneriffa-blog\/wp-content\/uploads\/2015\/03\/P1180266.jpg 800w\" sizes=\"auto, (max-width: 150px) 100vw, 150px\" \/><\/a>\n\t\t\t<\/dt>\n\t\t\t\t<dd class='wp-caption-text gallery-caption' id='gallery-1-4058'>\n\t\t\t\tAm Rand des Forstweges\n\t\t\t\t<\/dd><\/dl><br style=\"clear: both\" \/><dl class='gallery-item'>\n\t\t\t<dt class='gallery-icon landscape'>\n\t\t\t\t<a href='https:\/\/www.mundi-roth.de\/teneriffa-blog\/wp-content\/uploads\/2015\/03\/P1180263.jpg' rel=\"lightbox[4040]\"><img loading=\"lazy\" decoding=\"async\" width=\"150\" height=\"113\" src=\"https:\/\/www.mundi-roth.de\/teneriffa-blog\/wp-content\/uploads\/2015\/03\/P1180263-150x113.jpg\" class=\"attachment-thumbnail size-thumbnail\" alt=\"\" aria-describedby=\"gallery-1-4059\" srcset=\"https:\/\/www.mundi-roth.de\/teneriffa-blog\/wp-content\/uploads\/2015\/03\/P1180263-150x113.jpg 150w, https:\/\/www.mundi-roth.de\/teneriffa-blog\/wp-content\/uploads\/2015\/03\/P1180263-300x225.jpg 300w, https:\/\/www.mundi-roth.de\/teneriffa-blog\/wp-content\/uploads\/2015\/03\/P1180263.jpg 800w\" sizes=\"auto, (max-width: 150px) 100vw, 150px\" \/><\/a>\n\t\t\t<\/dt>\n\t\t\t\t<dd class='wp-caption-text gallery-caption' id='gallery-1-4059'>\n\t\t\t\tVor 7 Jahren noch bewohnt\n\t\t\t\t<\/dd><\/dl><dl class='gallery-item'>\n\t\t\t<dt class='gallery-icon landscape'>\n\t\t\t\t<a href='https:\/\/www.mundi-roth.de\/teneriffa-blog\/wp-content\/uploads\/2015\/03\/P1180194.jpg' rel=\"lightbox[4040]\"><img loading=\"lazy\" decoding=\"async\" width=\"150\" height=\"116\" src=\"https:\/\/www.mundi-roth.de\/teneriffa-blog\/wp-content\/uploads\/2015\/03\/P1180194-150x116.jpg\" class=\"attachment-thumbnail size-thumbnail\" alt=\"\" aria-describedby=\"gallery-1-4061\" srcset=\"https:\/\/www.mundi-roth.de\/teneriffa-blog\/wp-content\/uploads\/2015\/03\/P1180194-150x116.jpg 150w, https:\/\/www.mundi-roth.de\/teneriffa-blog\/wp-content\/uploads\/2015\/03\/P1180194-300x233.jpg 300w, https:\/\/www.mundi-roth.de\/teneriffa-blog\/wp-content\/uploads\/2015\/03\/P1180194.jpg 800w\" sizes=\"auto, (max-width: 150px) 100vw, 150px\" \/><\/a>\n\t\t\t<\/dt>\n\t\t\t\t<dd class='wp-caption-text gallery-caption' id='gallery-1-4061'>\n\t\t\t\tBocksbart &#8211; Samenstand\n\t\t\t\t<\/dd><\/dl><dl class='gallery-item'>\n\t\t\t<dt class='gallery-icon landscape'>\n\t\t\t\t<a href='https:\/\/www.mundi-roth.de\/teneriffa-blog\/wp-content\/uploads\/2015\/03\/P1180265.jpg' rel=\"lightbox[4040]\"><img loading=\"lazy\" decoding=\"async\" width=\"150\" height=\"113\" src=\"https:\/\/www.mundi-roth.de\/teneriffa-blog\/wp-content\/uploads\/2015\/03\/P1180265-150x113.jpg\" class=\"attachment-thumbnail size-thumbnail\" alt=\"\" aria-describedby=\"gallery-1-4062\" srcset=\"https:\/\/www.mundi-roth.de\/teneriffa-blog\/wp-content\/uploads\/2015\/03\/P1180265-150x113.jpg 150w, https:\/\/www.mundi-roth.de\/teneriffa-blog\/wp-content\/uploads\/2015\/03\/P1180265-300x225.jpg 300w, https:\/\/www.mundi-roth.de\/teneriffa-blog\/wp-content\/uploads\/2015\/03\/P1180265.jpg 800w\" sizes=\"auto, (max-width: 150px) 100vw, 150px\" \/><\/a>\n\t\t\t<\/dt>\n\t\t\t\t<dd class='wp-caption-text gallery-caption' id='gallery-1-4062'>\n\t\t\t\tBocksbart &#8211; Bl\u00fcte\n\t\t\t\t<\/dd><\/dl><br style=\"clear: both\" \/><dl class='gallery-item'>\n\t\t\t<dt class='gallery-icon landscape'>\n\t\t\t\t<a href='https:\/\/www.mundi-roth.de\/teneriffa-blog\/wp-content\/uploads\/2015\/03\/P1180232.jpg' rel=\"lightbox[4040]\"><img loading=\"lazy\" decoding=\"async\" width=\"150\" height=\"113\" src=\"https:\/\/www.mundi-roth.de\/teneriffa-blog\/wp-content\/uploads\/2015\/03\/P1180232-150x113.jpg\" class=\"attachment-thumbnail size-thumbnail\" alt=\"\" aria-describedby=\"gallery-1-4063\" srcset=\"https:\/\/www.mundi-roth.de\/teneriffa-blog\/wp-content\/uploads\/2015\/03\/P1180232-150x113.jpg 150w, https:\/\/www.mundi-roth.de\/teneriffa-blog\/wp-content\/uploads\/2015\/03\/P1180232-300x225.jpg 300w, https:\/\/www.mundi-roth.de\/teneriffa-blog\/wp-content\/uploads\/2015\/03\/P1180232.jpg 800w\" sizes=\"auto, (max-width: 150px) 100vw, 150px\" \/><\/a>\n\t\t\t<\/dt>\n\t\t\t\t<dd class='wp-caption-text gallery-caption' id='gallery-1-4063'>\n\t\t\t\tWinde\n\t\t\t\t<\/dd><\/dl><dl class='gallery-item'>\n\t\t\t<dt class='gallery-icon landscape'>\n\t\t\t\t<a href='https:\/\/www.mundi-roth.de\/teneriffa-blog\/wp-content\/uploads\/2015\/03\/P1180216.jpg' rel=\"lightbox[4040]\"><img loading=\"lazy\" decoding=\"async\" width=\"150\" height=\"113\" src=\"https:\/\/www.mundi-roth.de\/teneriffa-blog\/wp-content\/uploads\/2015\/03\/P1180216-150x113.jpg\" class=\"attachment-thumbnail size-thumbnail\" alt=\"\" aria-describedby=\"gallery-1-4069\" srcset=\"https:\/\/www.mundi-roth.de\/teneriffa-blog\/wp-content\/uploads\/2015\/03\/P1180216-150x113.jpg 150w, https:\/\/www.mundi-roth.de\/teneriffa-blog\/wp-content\/uploads\/2015\/03\/P1180216-300x225.jpg 300w, https:\/\/www.mundi-roth.de\/teneriffa-blog\/wp-content\/uploads\/2015\/03\/P1180216.jpg 800w\" sizes=\"auto, (max-width: 150px) 100vw, 150px\" \/><\/a>\n\t\t\t<\/dt>\n\t\t\t\t<dd class='wp-caption-text gallery-caption' id='gallery-1-4069'>\n\t\t\t\tG\u00e4nsedistel + Sprossender Gei\u00dfklee\n\t\t\t\t<\/dd><\/dl><dl class='gallery-item'>\n\t\t\t<dt class='gallery-icon landscape'>\n\t\t\t\t<a href='https:\/\/www.mundi-roth.de\/teneriffa-blog\/wp-content\/uploads\/2015\/03\/P1180234.jpg' rel=\"lightbox[4040]\"><img loading=\"lazy\" decoding=\"async\" width=\"150\" height=\"113\" src=\"https:\/\/www.mundi-roth.de\/teneriffa-blog\/wp-content\/uploads\/2015\/03\/P1180234-150x113.jpg\" class=\"attachment-thumbnail size-thumbnail\" alt=\"\" aria-describedby=\"gallery-1-4065\" srcset=\"https:\/\/www.mundi-roth.de\/teneriffa-blog\/wp-content\/uploads\/2015\/03\/P1180234-150x113.jpg 150w, https:\/\/www.mundi-roth.de\/teneriffa-blog\/wp-content\/uploads\/2015\/03\/P1180234-300x225.jpg 300w, https:\/\/www.mundi-roth.de\/teneriffa-blog\/wp-content\/uploads\/2015\/03\/P1180234.jpg 800w\" sizes=\"auto, (max-width: 150px) 100vw, 150px\" \/><\/a>\n\t\t\t<\/dt>\n\t\t\t\t<dd class='wp-caption-text gallery-caption' id='gallery-1-4065'>\n\t\t\t\tZottige Wicke\n\t\t\t\t<\/dd><\/dl><br style=\"clear: both\" \/><dl class='gallery-item'>\n\t\t\t<dt class='gallery-icon landscape'>\n\t\t\t\t<a href='https:\/\/www.mundi-roth.de\/teneriffa-blog\/wp-content\/uploads\/2015\/03\/P1180242.jpg' rel=\"lightbox[4040]\"><img loading=\"lazy\" decoding=\"async\" width=\"150\" height=\"113\" src=\"https:\/\/www.mundi-roth.de\/teneriffa-blog\/wp-content\/uploads\/2015\/03\/P1180242-150x113.jpg\" class=\"attachment-thumbnail size-thumbnail\" alt=\"\" aria-describedby=\"gallery-1-4066\" srcset=\"https:\/\/www.mundi-roth.de\/teneriffa-blog\/wp-content\/uploads\/2015\/03\/P1180242-150x113.jpg 150w, https:\/\/www.mundi-roth.de\/teneriffa-blog\/wp-content\/uploads\/2015\/03\/P1180242-300x225.jpg 300w, https:\/\/www.mundi-roth.de\/teneriffa-blog\/wp-content\/uploads\/2015\/03\/P1180242.jpg 800w\" sizes=\"auto, (max-width: 150px) 100vw, 150px\" \/><\/a>\n\t\t\t<\/dt>\n\t\t\t\t<dd class='wp-caption-text gallery-caption' id='gallery-1-4066'>\n\t\t\t\tHornklee\n\t\t\t\t<\/dd><\/dl><dl class='gallery-item'>\n\t\t\t<dt class='gallery-icon landscape'>\n\t\t\t\t<a href='https:\/\/www.mundi-roth.de\/teneriffa-blog\/wp-content\/uploads\/2015\/03\/P1180252.jpg' rel=\"lightbox[4040]\"><img loading=\"lazy\" decoding=\"async\" width=\"150\" height=\"113\" src=\"https:\/\/www.mundi-roth.de\/teneriffa-blog\/wp-content\/uploads\/2015\/03\/P1180252-150x113.jpg\" class=\"attachment-thumbnail size-thumbnail\" alt=\"\" aria-describedby=\"gallery-1-4067\" srcset=\"https:\/\/www.mundi-roth.de\/teneriffa-blog\/wp-content\/uploads\/2015\/03\/P1180252-150x113.jpg 150w, https:\/\/www.mundi-roth.de\/teneriffa-blog\/wp-content\/uploads\/2015\/03\/P1180252-300x225.jpg 300w, https:\/\/www.mundi-roth.de\/teneriffa-blog\/wp-content\/uploads\/2015\/03\/P1180252.jpg 800w\" sizes=\"auto, (max-width: 150px) 100vw, 150px\" \/><\/a>\n\t\t\t<\/dt>\n\t\t\t\t<dd class='wp-caption-text gallery-caption' id='gallery-1-4067'>\n\t\t\t\tHornklee\n\t\t\t\t<\/dd><\/dl><dl class='gallery-item'>\n\t\t\t<dt class='gallery-icon landscape'>\n\t\t\t\t<a href='https:\/\/www.mundi-roth.de\/teneriffa-blog\/wp-content\/uploads\/2015\/03\/P1180264.jpg' rel=\"lightbox[4040]\"><img loading=\"lazy\" decoding=\"async\" width=\"150\" height=\"113\" src=\"https:\/\/www.mundi-roth.de\/teneriffa-blog\/wp-content\/uploads\/2015\/03\/P1180264-150x113.jpg\" class=\"attachment-thumbnail size-thumbnail\" alt=\"\" aria-describedby=\"gallery-1-4068\" srcset=\"https:\/\/www.mundi-roth.de\/teneriffa-blog\/wp-content\/uploads\/2015\/03\/P1180264-150x113.jpg 150w, https:\/\/www.mundi-roth.de\/teneriffa-blog\/wp-content\/uploads\/2015\/03\/P1180264-300x225.jpg 300w, https:\/\/www.mundi-roth.de\/teneriffa-blog\/wp-content\/uploads\/2015\/03\/P1180264.jpg 800w\" sizes=\"auto, (max-width: 150px) 100vw, 150px\" \/><\/a>\n\t\t\t<\/dt>\n\t\t\t\t<dd class='wp-caption-text gallery-caption' id='gallery-1-4068'>\n\t\t\t\tMargeriten + Kalifornischer Goldmohn\n\t\t\t\t<\/dd><\/dl><br style=\"clear: both\" \/><dl class='gallery-item'>\n\t\t\t<dt class='gallery-icon landscape'>\n\t\t\t\t<a href='https:\/\/www.mundi-roth.de\/teneriffa-blog\/wp-content\/uploads\/2015\/03\/P1180275.jpg' rel=\"lightbox[4040]\"><img loading=\"lazy\" decoding=\"async\" width=\"150\" height=\"113\" src=\"https:\/\/www.mundi-roth.de\/teneriffa-blog\/wp-content\/uploads\/2015\/03\/P1180275-150x113.jpg\" class=\"attachment-thumbnail size-thumbnail\" alt=\"\" aria-describedby=\"gallery-1-4070\" srcset=\"https:\/\/www.mundi-roth.de\/teneriffa-blog\/wp-content\/uploads\/2015\/03\/P1180275-150x113.jpg 150w, https:\/\/www.mundi-roth.de\/teneriffa-blog\/wp-content\/uploads\/2015\/03\/P1180275-300x225.jpg 300w, https:\/\/www.mundi-roth.de\/teneriffa-blog\/wp-content\/uploads\/2015\/03\/P1180275.jpg 800w\" sizes=\"auto, (max-width: 150px) 100vw, 150px\" \/><\/a>\n\t\t\t<\/dt>\n\t\t\t\t<dd class='wp-caption-text gallery-caption' id='gallery-1-4070'>\n\t\t\t\tKalifornischer Goldmohn\n\t\t\t\t<\/dd><\/dl><dl class='gallery-item'>\n\t\t\t<dt class='gallery-icon portrait'>\n\t\t\t\t<a href='https:\/\/www.mundi-roth.de\/teneriffa-blog\/wp-content\/uploads\/2015\/03\/P1180269.jpg' rel=\"lightbox[4040]\"><img loading=\"lazy\" decoding=\"async\" width=\"93\" height=\"150\" src=\"https:\/\/www.mundi-roth.de\/teneriffa-blog\/wp-content\/uploads\/2015\/03\/P1180269-93x150.jpg\" class=\"attachment-thumbnail size-thumbnail\" alt=\"\" aria-describedby=\"gallery-1-4071\" srcset=\"https:\/\/www.mundi-roth.de\/teneriffa-blog\/wp-content\/uploads\/2015\/03\/P1180269-93x150.jpg 93w, https:\/\/www.mundi-roth.de\/teneriffa-blog\/wp-content\/uploads\/2015\/03\/P1180269-187x300.jpg 187w, https:\/\/www.mundi-roth.de\/teneriffa-blog\/wp-content\/uploads\/2015\/03\/P1180269.jpg 498w\" sizes=\"auto, (max-width: 93px) 100vw, 93px\" \/><\/a>\n\t\t\t<\/dt>\n\t\t\t\t<dd class='wp-caption-text gallery-caption' id='gallery-1-4071'>\n\t\t\t\tRutenstrauch\n\t\t\t\t<\/dd><\/dl><dl class='gallery-item'>\n\t\t\t<dt class='gallery-icon landscape'>\n\t\t\t\t<a href='https:\/\/www.mundi-roth.de\/teneriffa-blog\/wp-content\/uploads\/2015\/03\/P1180274.jpg' rel=\"lightbox[4040]\"><img loading=\"lazy\" decoding=\"async\" width=\"150\" height=\"113\" src=\"https:\/\/www.mundi-roth.de\/teneriffa-blog\/wp-content\/uploads\/2015\/03\/P1180274-150x113.jpg\" class=\"attachment-thumbnail size-thumbnail\" alt=\"\" aria-describedby=\"gallery-1-4060\" srcset=\"https:\/\/www.mundi-roth.de\/teneriffa-blog\/wp-content\/uploads\/2015\/03\/P1180274-150x113.jpg 150w, https:\/\/www.mundi-roth.de\/teneriffa-blog\/wp-content\/uploads\/2015\/03\/P1180274-300x225.jpg 300w, https:\/\/www.mundi-roth.de\/teneriffa-blog\/wp-content\/uploads\/2015\/03\/P1180274.jpg 800w\" sizes=\"auto, (max-width: 150px) 100vw, 150px\" \/><\/a>\n\t\t\t<\/dt>\n\t\t\t\t<dd class='wp-caption-text gallery-caption' id='gallery-1-4060'>\n\t\t\t\tFriedhof von Vilaflor\n\t\t\t\t<\/dd><\/dl><br style=\"clear: both\" \/>\n\t\t<\/div>\n\n<p>&nbsp;<\/p>\n","protected":false},"excerpt":{"rendered":"<p>Aus dem Augenwinkel sahen wir k\u00fcrzlich bei unserer Anfahrt nach Ifonche zu unserer Wanderung nach Adeje in H\u00f6he der Gedenkst\u00e4tte f\u00fcr den einzigen Inselheiligen ein Hinweisschild \u201eVilaflor\u201c. Diesem Hinweis wollten wir heute im Aufstieg folgen, denn von Vilaflor sind wir schon diverse Male abw\u00e4rts gegangen. Au\u00dferdem sagte die Wettervorhersage: \u201eStrahlender Sonnenschein\u201c. Was war? Kalt und [&hellip;]<\/p>\n","protected":false},"author":4,"featured_media":4206,"comment_status":"open","ping_status":"open","sticky":false,"template":"","format":"standard","meta":{"footnotes":""},"categories":[774,6],"tags":[64,837,836,439,17,446,835],"class_list":["post-4040","post","type-post","status-publish","format-standard","has-post-thumbnail","hentry","category-vilaflor","category-wanderungen","tag-ifonche","tag-montana-bresa","tag-roque-imoque","tag-teneriffa-wandern","tag-vilaflor","tag-wandern-teneriffa","tag-zistrosenbuesche"],"yoast_head":"<!-- This site is optimized with the Yoast SEO plugin v27.5 - https:\/\/yoast.com\/product\/yoast-seo-wordpress\/ -->\n<title>Hermano Pedro Gedenkst\u00e4tte - Friedhof Vilaflor - Teneriffa Wandern<\/title>\n<meta name=\"robots\" content=\"index, follow, max-snippet:-1, max-image-preview:large, max-video-preview:-1\" \/>\n<link rel=\"canonical\" href=\"https:\/\/www.mundi-roth.de\/teneriffa-blog\/wanderungen\/hermano-pedro-gedenkstaette-friedhof-vilaflor\/\" \/>\n<meta name=\"twitter:label1\" content=\"Verfasst von\" \/>\n\t<meta name=\"twitter:data1\" content=\"mundi\" \/>\n\t<meta name=\"twitter:label2\" content=\"Gesch\u00e4tzte Lesezeit\" \/>\n\t<meta name=\"twitter:data2\" content=\"5\u00a0Minuten\" \/>\n<script type=\"application\/ld+json\" class=\"yoast-schema-graph\">{\"@context\":\"https:\\\/\\\/schema.org\",\"@graph\":[{\"@type\":\"Article\",\"@id\":\"https:\\\/\\\/www.mundi-roth.de\\\/teneriffa-blog\\\/wanderungen\\\/hermano-pedro-gedenkstaette-friedhof-vilaflor\\\/#article\",\"isPartOf\":{\"@id\":\"https:\\\/\\\/www.mundi-roth.de\\\/teneriffa-blog\\\/wanderungen\\\/hermano-pedro-gedenkstaette-friedhof-vilaflor\\\/\"},\"author\":{\"name\":\"mundi\",\"@id\":\"https:\\\/\\\/www.mundi-roth.de\\\/teneriffa-blog\\\/#\\\/schema\\\/person\\\/971c66b55f3ae5e8741553688c413cac\"},\"headline\":\"Hermano Pedro Gedenkst\u00e4tte &#8211; Friedhof Vilaflor\",\"datePublished\":\"2015-03-25T21:00:23+00:00\",\"dateModified\":\"2015-03-30T15:31:07+00:00\",\"mainEntityOfPage\":{\"@id\":\"https:\\\/\\\/www.mundi-roth.de\\\/teneriffa-blog\\\/wanderungen\\\/hermano-pedro-gedenkstaette-friedhof-vilaflor\\\/\"},\"wordCount\":938,\"commentCount\":2,\"image\":{\"@id\":\"https:\\\/\\\/www.mundi-roth.de\\\/teneriffa-blog\\\/wanderungen\\\/hermano-pedro-gedenkstaette-friedhof-vilaflor\\\/#primaryimage\"},\"thumbnailUrl\":\"https:\\\/\\\/www.mundi-roth.de\\\/teneriffa-blog\\\/wp-content\\\/uploads\\\/2015\\\/03\\\/P1180185.jpg\",\"keywords\":[\"Ifonche\",\"Monta\u00f1a Bresa\",\"Roque Imoque\",\"Teneriffa Wandern\",\"Vilaflor\",\"Wandern Teneriffa\",\"Zistrosenb\u00fcsche\"],\"articleSection\":[\"Vilaflor\",\"Wanderungen\"],\"inLanguage\":\"de\",\"potentialAction\":[{\"@type\":\"CommentAction\",\"name\":\"Comment\",\"target\":[\"https:\\\/\\\/www.mundi-roth.de\\\/teneriffa-blog\\\/wanderungen\\\/hermano-pedro-gedenkstaette-friedhof-vilaflor\\\/#respond\"]}]},{\"@type\":\"WebPage\",\"@id\":\"https:\\\/\\\/www.mundi-roth.de\\\/teneriffa-blog\\\/wanderungen\\\/hermano-pedro-gedenkstaette-friedhof-vilaflor\\\/\",\"url\":\"https:\\\/\\\/www.mundi-roth.de\\\/teneriffa-blog\\\/wanderungen\\\/hermano-pedro-gedenkstaette-friedhof-vilaflor\\\/\",\"name\":\"Hermano Pedro Gedenkst\u00e4tte - Friedhof Vilaflor - Teneriffa Wandern\",\"isPartOf\":{\"@id\":\"https:\\\/\\\/www.mundi-roth.de\\\/teneriffa-blog\\\/#website\"},\"primaryImageOfPage\":{\"@id\":\"https:\\\/\\\/www.mundi-roth.de\\\/teneriffa-blog\\\/wanderungen\\\/hermano-pedro-gedenkstaette-friedhof-vilaflor\\\/#primaryimage\"},\"image\":{\"@id\":\"https:\\\/\\\/www.mundi-roth.de\\\/teneriffa-blog\\\/wanderungen\\\/hermano-pedro-gedenkstaette-friedhof-vilaflor\\\/#primaryimage\"},\"thumbnailUrl\":\"https:\\\/\\\/www.mundi-roth.de\\\/teneriffa-blog\\\/wp-content\\\/uploads\\\/2015\\\/03\\\/P1180185.jpg\",\"datePublished\":\"2015-03-25T21:00:23+00:00\",\"dateModified\":\"2015-03-30T15:31:07+00:00\",\"author\":{\"@id\":\"https:\\\/\\\/www.mundi-roth.de\\\/teneriffa-blog\\\/#\\\/schema\\\/person\\\/971c66b55f3ae5e8741553688c413cac\"},\"breadcrumb\":{\"@id\":\"https:\\\/\\\/www.mundi-roth.de\\\/teneriffa-blog\\\/wanderungen\\\/hermano-pedro-gedenkstaette-friedhof-vilaflor\\\/#breadcrumb\"},\"inLanguage\":\"de\",\"potentialAction\":[{\"@type\":\"ReadAction\",\"target\":[\"https:\\\/\\\/www.mundi-roth.de\\\/teneriffa-blog\\\/wanderungen\\\/hermano-pedro-gedenkstaette-friedhof-vilaflor\\\/\"]}]},{\"@type\":\"ImageObject\",\"inLanguage\":\"de\",\"@id\":\"https:\\\/\\\/www.mundi-roth.de\\\/teneriffa-blog\\\/wanderungen\\\/hermano-pedro-gedenkstaette-friedhof-vilaflor\\\/#primaryimage\",\"url\":\"https:\\\/\\\/www.mundi-roth.de\\\/teneriffa-blog\\\/wp-content\\\/uploads\\\/2015\\\/03\\\/P1180185.jpg\",\"contentUrl\":\"https:\\\/\\\/www.mundi-roth.de\\\/teneriffa-blog\\\/wp-content\\\/uploads\\\/2015\\\/03\\\/P1180185.jpg\",\"width\":800,\"height\":600},{\"@type\":\"BreadcrumbList\",\"@id\":\"https:\\\/\\\/www.mundi-roth.de\\\/teneriffa-blog\\\/wanderungen\\\/hermano-pedro-gedenkstaette-friedhof-vilaflor\\\/#breadcrumb\",\"itemListElement\":[{\"@type\":\"ListItem\",\"position\":1,\"name\":\"Startseite\",\"item\":\"https:\\\/\\\/www.mundi-roth.de\\\/teneriffa-blog\\\/\"},{\"@type\":\"ListItem\",\"position\":2,\"name\":\"Hermano Pedro Gedenkst\u00e4tte &#8211; Friedhof Vilaflor\"}]},{\"@type\":\"WebSite\",\"@id\":\"https:\\\/\\\/www.mundi-roth.de\\\/teneriffa-blog\\\/#website\",\"url\":\"https:\\\/\\\/www.mundi-roth.de\\\/teneriffa-blog\\\/\",\"name\":\"Teneriffa Wandern\",\"description\":\"Nicht nur Wanderungen auf Teneriffa...\",\"potentialAction\":[{\"@type\":\"SearchAction\",\"target\":{\"@type\":\"EntryPoint\",\"urlTemplate\":\"https:\\\/\\\/www.mundi-roth.de\\\/teneriffa-blog\\\/?s={search_term_string}\"},\"query-input\":{\"@type\":\"PropertyValueSpecification\",\"valueRequired\":true,\"valueName\":\"search_term_string\"}}],\"inLanguage\":\"de\"},{\"@type\":\"Person\",\"@id\":\"https:\\\/\\\/www.mundi-roth.de\\\/teneriffa-blog\\\/#\\\/schema\\\/person\\\/971c66b55f3ae5e8741553688c413cac\",\"name\":\"mundi\",\"image\":{\"@type\":\"ImageObject\",\"inLanguage\":\"de\",\"@id\":\"https:\\\/\\\/secure.gravatar.com\\\/avatar\\\/555f0dd85428f1a9330f8e5dbe9e40ff9ca912bb81e5a89747ebf3ca9c20dc0f?s=96&d=mm&r=g\",\"url\":\"https:\\\/\\\/secure.gravatar.com\\\/avatar\\\/555f0dd85428f1a9330f8e5dbe9e40ff9ca912bb81e5a89747ebf3ca9c20dc0f?s=96&d=mm&r=g\",\"contentUrl\":\"https:\\\/\\\/secure.gravatar.com\\\/avatar\\\/555f0dd85428f1a9330f8e5dbe9e40ff9ca912bb81e5a89747ebf3ca9c20dc0f?s=96&d=mm&r=g\",\"caption\":\"mundi\"},\"sameAs\":[\"http:\\\/\\\/mundi-roth.de\"],\"url\":\"https:\\\/\\\/www.mundi-roth.de\\\/teneriffa-blog\\\/author\\\/mundi\\\/\"}]}<\/script>\n<!-- \/ Yoast SEO plugin. -->","yoast_head_json":{"title":"Hermano Pedro Gedenkst\u00e4tte - Friedhof Vilaflor - Teneriffa Wandern","robots":{"index":"index","follow":"follow","max-snippet":"max-snippet:-1","max-image-preview":"max-image-preview:large","max-video-preview":"max-video-preview:-1"},"canonical":"https:\/\/www.mundi-roth.de\/teneriffa-blog\/wanderungen\/hermano-pedro-gedenkstaette-friedhof-vilaflor\/","twitter_misc":{"Verfasst von":"mundi","Gesch\u00e4tzte Lesezeit":"5\u00a0Minuten"},"schema":{"@context":"https:\/\/schema.org","@graph":[{"@type":"Article","@id":"https:\/\/www.mundi-roth.de\/teneriffa-blog\/wanderungen\/hermano-pedro-gedenkstaette-friedhof-vilaflor\/#article","isPartOf":{"@id":"https:\/\/www.mundi-roth.de\/teneriffa-blog\/wanderungen\/hermano-pedro-gedenkstaette-friedhof-vilaflor\/"},"author":{"name":"mundi","@id":"https:\/\/www.mundi-roth.de\/teneriffa-blog\/#\/schema\/person\/971c66b55f3ae5e8741553688c413cac"},"headline":"Hermano Pedro Gedenkst\u00e4tte &#8211; Friedhof Vilaflor","datePublished":"2015-03-25T21:00:23+00:00","dateModified":"2015-03-30T15:31:07+00:00","mainEntityOfPage":{"@id":"https:\/\/www.mundi-roth.de\/teneriffa-blog\/wanderungen\/hermano-pedro-gedenkstaette-friedhof-vilaflor\/"},"wordCount":938,"commentCount":2,"image":{"@id":"https:\/\/www.mundi-roth.de\/teneriffa-blog\/wanderungen\/hermano-pedro-gedenkstaette-friedhof-vilaflor\/#primaryimage"},"thumbnailUrl":"https:\/\/www.mundi-roth.de\/teneriffa-blog\/wp-content\/uploads\/2015\/03\/P1180185.jpg","keywords":["Ifonche","Monta\u00f1a Bresa","Roque Imoque","Teneriffa Wandern","Vilaflor","Wandern Teneriffa","Zistrosenb\u00fcsche"],"articleSection":["Vilaflor","Wanderungen"],"inLanguage":"de","potentialAction":[{"@type":"CommentAction","name":"Comment","target":["https:\/\/www.mundi-roth.de\/teneriffa-blog\/wanderungen\/hermano-pedro-gedenkstaette-friedhof-vilaflor\/#respond"]}]},{"@type":"WebPage","@id":"https:\/\/www.mundi-roth.de\/teneriffa-blog\/wanderungen\/hermano-pedro-gedenkstaette-friedhof-vilaflor\/","url":"https:\/\/www.mundi-roth.de\/teneriffa-blog\/wanderungen\/hermano-pedro-gedenkstaette-friedhof-vilaflor\/","name":"Hermano Pedro Gedenkst\u00e4tte - Friedhof Vilaflor - Teneriffa Wandern","isPartOf":{"@id":"https:\/\/www.mundi-roth.de\/teneriffa-blog\/#website"},"primaryImageOfPage":{"@id":"https:\/\/www.mundi-roth.de\/teneriffa-blog\/wanderungen\/hermano-pedro-gedenkstaette-friedhof-vilaflor\/#primaryimage"},"image":{"@id":"https:\/\/www.mundi-roth.de\/teneriffa-blog\/wanderungen\/hermano-pedro-gedenkstaette-friedhof-vilaflor\/#primaryimage"},"thumbnailUrl":"https:\/\/www.mundi-roth.de\/teneriffa-blog\/wp-content\/uploads\/2015\/03\/P1180185.jpg","datePublished":"2015-03-25T21:00:23+00:00","dateModified":"2015-03-30T15:31:07+00:00","author":{"@id":"https:\/\/www.mundi-roth.de\/teneriffa-blog\/#\/schema\/person\/971c66b55f3ae5e8741553688c413cac"},"breadcrumb":{"@id":"https:\/\/www.mundi-roth.de\/teneriffa-blog\/wanderungen\/hermano-pedro-gedenkstaette-friedhof-vilaflor\/#breadcrumb"},"inLanguage":"de","potentialAction":[{"@type":"ReadAction","target":["https:\/\/www.mundi-roth.de\/teneriffa-blog\/wanderungen\/hermano-pedro-gedenkstaette-friedhof-vilaflor\/"]}]},{"@type":"ImageObject","inLanguage":"de","@id":"https:\/\/www.mundi-roth.de\/teneriffa-blog\/wanderungen\/hermano-pedro-gedenkstaette-friedhof-vilaflor\/#primaryimage","url":"https:\/\/www.mundi-roth.de\/teneriffa-blog\/wp-content\/uploads\/2015\/03\/P1180185.jpg","contentUrl":"https:\/\/www.mundi-roth.de\/teneriffa-blog\/wp-content\/uploads\/2015\/03\/P1180185.jpg","width":800,"height":600},{"@type":"BreadcrumbList","@id":"https:\/\/www.mundi-roth.de\/teneriffa-blog\/wanderungen\/hermano-pedro-gedenkstaette-friedhof-vilaflor\/#breadcrumb","itemListElement":[{"@type":"ListItem","position":1,"name":"Startseite","item":"https:\/\/www.mundi-roth.de\/teneriffa-blog\/"},{"@type":"ListItem","position":2,"name":"Hermano Pedro Gedenkst\u00e4tte &#8211; Friedhof Vilaflor"}]},{"@type":"WebSite","@id":"https:\/\/www.mundi-roth.de\/teneriffa-blog\/#website","url":"https:\/\/www.mundi-roth.de\/teneriffa-blog\/","name":"Teneriffa Wandern","description":"Nicht nur Wanderungen auf Teneriffa...","potentialAction":[{"@type":"SearchAction","target":{"@type":"EntryPoint","urlTemplate":"https:\/\/www.mundi-roth.de\/teneriffa-blog\/?s={search_term_string}"},"query-input":{"@type":"PropertyValueSpecification","valueRequired":true,"valueName":"search_term_string"}}],"inLanguage":"de"},{"@type":"Person","@id":"https:\/\/www.mundi-roth.de\/teneriffa-blog\/#\/schema\/person\/971c66b55f3ae5e8741553688c413cac","name":"mundi","image":{"@type":"ImageObject","inLanguage":"de","@id":"https:\/\/secure.gravatar.com\/avatar\/555f0dd85428f1a9330f8e5dbe9e40ff9ca912bb81e5a89747ebf3ca9c20dc0f?s=96&d=mm&r=g","url":"https:\/\/secure.gravatar.com\/avatar\/555f0dd85428f1a9330f8e5dbe9e40ff9ca912bb81e5a89747ebf3ca9c20dc0f?s=96&d=mm&r=g","contentUrl":"https:\/\/secure.gravatar.com\/avatar\/555f0dd85428f1a9330f8e5dbe9e40ff9ca912bb81e5a89747ebf3ca9c20dc0f?s=96&d=mm&r=g","caption":"mundi"},"sameAs":["http:\/\/mundi-roth.de"],"url":"https:\/\/www.mundi-roth.de\/teneriffa-blog\/author\/mundi\/"}]}},"_links":{"self":[{"href":"https:\/\/www.mundi-roth.de\/teneriffa-blog\/wp-json\/wp\/v2\/posts\/4040","targetHints":{"allow":["GET"]}}],"collection":[{"href":"https:\/\/www.mundi-roth.de\/teneriffa-blog\/wp-json\/wp\/v2\/posts"}],"about":[{"href":"https:\/\/www.mundi-roth.de\/teneriffa-blog\/wp-json\/wp\/v2\/types\/post"}],"author":[{"embeddable":true,"href":"https:\/\/www.mundi-roth.de\/teneriffa-blog\/wp-json\/wp\/v2\/users\/4"}],"replies":[{"embeddable":true,"href":"https:\/\/www.mundi-roth.de\/teneriffa-blog\/wp-json\/wp\/v2\/comments?post=4040"}],"version-history":[{"count":0,"href":"https:\/\/www.mundi-roth.de\/teneriffa-blog\/wp-json\/wp\/v2\/posts\/4040\/revisions"}],"wp:featuredmedia":[{"embeddable":true,"href":"https:\/\/www.mundi-roth.de\/teneriffa-blog\/wp-json\/wp\/v2\/media\/4206"}],"wp:attachment":[{"href":"https:\/\/www.mundi-roth.de\/teneriffa-blog\/wp-json\/wp\/v2\/media?parent=4040"}],"wp:term":[{"taxonomy":"category","embeddable":true,"href":"https:\/\/www.mundi-roth.de\/teneriffa-blog\/wp-json\/wp\/v2\/categories?post=4040"},{"taxonomy":"post_tag","embeddable":true,"href":"https:\/\/www.mundi-roth.de\/teneriffa-blog\/wp-json\/wp\/v2\/tags?post=4040"}],"curies":[{"name":"wp","href":"https:\/\/api.w.org\/{rel}","templated":true}]}}