{"id":4076,"date":"2015-03-31T22:00:33","date_gmt":"2015-03-31T21:00:33","guid":{"rendered":"http:\/\/www.mundi-roth.de\/teneriffa-blog\/?p=4076"},"modified":"2015-07-05T09:47:08","modified_gmt":"2015-07-05T08:47:08","slug":"ventanas-de-gueimar","status":"publish","type":"post","link":"https:\/\/www.mundi-roth.de\/teneriffa-blog\/wanderungen\/ventanas-de-gueimar\/","title":{"rendered":"Las Ventanas de G\u00fcimar"},"content":{"rendered":"<p>Juhuuuu!<br \/>\nWir haben sie endlich gemacht! Unsere Traumtour!<br \/>\nDie Tour der Superlative!<br \/>\nDie Sch\u00f6nste! Die Spektakul\u00e4rste! Die Aufregendste! Die Gef\u00e4hrlichst?<\/p>\n<p>Das muss ich erkl\u00e4ren:<br \/>\nSeit etwa 1 Jahr spukt uns die Tour, die in keinem Wanderf\u00fchrer beschrieben ist, im Kopf herum.<br \/>\nSo gut vorbereitet wie diese, haben wir noch keine der 180 bisher beschriebenen Wanderungen und so nerv\u00f6s war ich noch nie in meinem Leben vor einer Tour (auch nicht von der Zugspitze).<br \/>\nDie Schwierigkeit bestand darin wo ist der Anfang, wo das Ende.<br \/>\nHilfe bekamen wir von Andr\u00e9, einem Leser unserer Berichte, der mir diverse Links auf Seiten von spanischen Wanderern schickte und\u00a0 von Bayern Franz, der mir die GPS-Daten eines Freundes zukommen lie\u00df. Dankesch\u00f6n daf\u00fcr.<\/p>\n<p>Als Grundlage nahmen wir die\u00a0 Beschreibung von Francisco Fari\u00f1a und trotzdem gab es noch Unklarheiten.<br \/>\nAber: Ende gut, alles gut!<a href=\"http:\/\/www.mundi-roth.de\/teneriffa-blog\/wp-content\/uploads\/2015\/04\/Track01xx.jpg\" rel=\"lightbox[4076]\"><img loading=\"lazy\" decoding=\"async\" class=\"alignright size-thumbnail wp-image-4138\" src=\"http:\/\/www.mundi-roth.de\/teneriffa-blog\/wp-content\/uploads\/2015\/04\/Track01xx-150x100.jpg\" alt=\"Track01xx\" width=\"150\" height=\"100\" srcset=\"https:\/\/www.mundi-roth.de\/teneriffa-blog\/wp-content\/uploads\/2015\/04\/Track01xx-150x100.jpg 150w, https:\/\/www.mundi-roth.de\/teneriffa-blog\/wp-content\/uploads\/2015\/04\/Track01xx-300x199.jpg 300w, https:\/\/www.mundi-roth.de\/teneriffa-blog\/wp-content\/uploads\/2015\/04\/Track01xx-1024x680.jpg 1024w, https:\/\/www.mundi-roth.de\/teneriffa-blog\/wp-content\/uploads\/2015\/04\/Track01xx.jpg 1076w\" sizes=\"auto, (max-width: 150px) 100vw, 150px\" \/><\/a><\/p>\n<p><strong>Wanderwegstrecke:<\/strong> 5:35 Stunden incl. Apfelpause<\/p>\n<p>Also, heute ist es so weit. Seit Oktober wollen wir diese Wanderung machen.<br \/>\nImmer kam etwas dazwischen. Oft waren die Wetterbedingungen nicht gut, dann war Besuch da, dem wir diese Tour nicht zumuten wollten\/konnten.<br \/>\n<strong>Aber heute: Traumwetter! Einfach mal wieder Teneriffa-Wetter!<\/strong><\/p>\n<p>Um 9 Uhr holt mich Elisabeth ab. Die Autobahnfahrt bis Ausfahrt G\u00fcimar problemlos, durch G\u00fcimar durch, an der Cespa-Tankstelle vorbei\u00a0 \u00fcber die Br\u00fccke \u00fcber den Barranco Guaza, auf der TF 28 hoch zum Mirador de Don Mart\u00edn, kurz vor km 30, in einer Kurve mit dem Hinweisschild: Steinschlaggefahr auf 500 m, unterhalb eines wei\u00dfen Hauses rechts oben geht es auf dem Camino Anocheza hoch, steil hoch auf einer Teerstra\u00dfe, dann geriffelten Betonpiste\u00a0 bis zum ersten Funkmast.<br \/>\nHat man ein f\u00fcr das Gel\u00e4nde geeignetes Fahrzeug, kann man bis zum 2. Funkmast hochfahren. Haben wir aber nicht, daher parken wir hier.<\/p>\n<p>Und dann erst mal schauen, staunen. Das ist ein Traum! <a href=\"http:\/\/www.mundi-roth.de\/teneriffa-blog\/wp-content\/uploads\/2015\/04\/P1180283.jpg\" rel=\"lightbox[4076]\"><img loading=\"lazy\" decoding=\"async\" class=\"alignright size-thumbnail wp-image-4135\" src=\"http:\/\/www.mundi-roth.de\/teneriffa-blog\/wp-content\/uploads\/2015\/04\/P1180283-150x113.jpg\" alt=\"P1180283\" width=\"150\" height=\"113\" srcset=\"https:\/\/www.mundi-roth.de\/teneriffa-blog\/wp-content\/uploads\/2015\/04\/P1180283-150x113.jpg 150w, https:\/\/www.mundi-roth.de\/teneriffa-blog\/wp-content\/uploads\/2015\/04\/P1180283-300x225.jpg 300w, https:\/\/www.mundi-roth.de\/teneriffa-blog\/wp-content\/uploads\/2015\/04\/P1180283.jpg 800w\" sizes=\"auto, (max-width: 150px) 100vw, 150px\" \/><\/a><br \/>\nWir fuhren durch die Wolken hoch und stehen nun im strahlenden Sonnenschein, unter uns die Welt in Watte gepackt, Gran Canaria hebt sich aus diesem Wolkenmeer hervor, die Berge des Anagagebirges ebenso,\u00a0 alles andere ist versteckt. Der Blick nach oben\u00a0 geht auf die strahlend wei\u00dfen\u00a0 Geb\u00e4ude des Sonnen-Observatoriums auf der Monta\u00f1a Iza\u00f1a, auf den Parque Natural de Corona Forestal, auf einen tiefblauen Himmel mit Schleierw\u00f6lkchen.<br \/>\n<a href=\"http:\/\/www.mundi-roth.de\/teneriffa-blog\/wp-content\/uploads\/2015\/04\/P1180559.jpg\" rel=\"lightbox[4076]\"><img loading=\"lazy\" decoding=\"async\" class=\"alignleft size-thumbnail wp-image-4134\" src=\"http:\/\/www.mundi-roth.de\/teneriffa-blog\/wp-content\/uploads\/2015\/04\/P1180559-150x113.jpg\" alt=\"P1180559\" width=\"150\" height=\"113\" srcset=\"https:\/\/www.mundi-roth.de\/teneriffa-blog\/wp-content\/uploads\/2015\/04\/P1180559-150x113.jpg 150w, https:\/\/www.mundi-roth.de\/teneriffa-blog\/wp-content\/uploads\/2015\/04\/P1180559-300x225.jpg 300w, https:\/\/www.mundi-roth.de\/teneriffa-blog\/wp-content\/uploads\/2015\/04\/P1180559.jpg 800w\" sizes=\"auto, (max-width: 150px) 100vw, 150px\" \/><\/a>Wir sind wieder von der Blumen, Bl\u00fctenpracht begeistert.<br \/>\nIst die\u00a0 Zeit der Mandelbl\u00fcte, der Mimosen vorbei, ist jetzt der wei\u00dfe Ginster an der Reihe.<br \/>\nZudem sind wir schon umgeben von Cinerarien und Margeriten so wie G\u00e4nsedisteln.<\/p>\n<p>Die diversen Ger\u00e4te einschalten, St\u00f6cke auf die richtige L\u00e4nge bringen, Rucksack auf und Fotoapparat umh\u00e4ngen.<\/p>\n<p>Los geht\u2019s!<br \/>\nAuf einer Erdpiste steigen wir an, kurz darauf gibt uns \u201eAgatha\u201c, Elisabeths so titulierte Sprecherin der programmierten Komoot-Tour Anweisung links abzubiegen.<br \/>\nSehr, sehr steil steigen wir ca. 10 Minuten auf, genie\u00dfen den phantastischen Blick und gelangen an ein im Bau befindliches Haus. Da gibt es keinen Weg weiter.<br \/>\nAgatha hat sich geirrt.<br \/>\nAlso retour und wir nehmen es gelassen hin, betrachten es als Konditionstraining. Der Tag ist zu sch\u00f6n, um sich zu \u00e4rgern.<\/p>\n<p>Also auf die Erdpiste zur\u00fcck und nun auf dieser in gro\u00dfen Kehren steil bergauf.<br \/>\nZwei junge Spanier kommen uns entgegen, wir fragen sie woher sie kommen.Sie sind nur 2 Tunnel gegangen und sind schon auf dem Heimweg. Sagen uns, was wir schon oft gelesen haben: \u201epeligroso\u201c,\u00a0 gef\u00e4hrlich, sei die Wanderung.<\/p>\n<p>Zieht man unseren \u201eFehltritt\u201c ab, haben wir f\u00fcr den Aufstieg bis zum n\u00e4chsten Funkmast ca. eine halbe Stunde gebraucht.<br \/>\nNun halten wir uns rechts, gelangen an einer auf der rechten Seite mit B\u00e4umen und links mit B\u00fcschen und Blumen ges\u00e4umten Weg, ein \u201eAchtung Steinscnlag\u201c Schild warnt und nach ein paar Metern auf dieser Erdpiste erneut ein Hinweisschild, das in Bildern den Steinschlag und die Absturzgefahr aufzeigt. Zudem wird gewarnt:\u00a0 \u201eCamino intrasitable alto riesgo de ca\u00edda\u201c = Stra\u00dfe unpassierbar &#8211; hohes Sturzrisiko.<\/p>\n<p>Hier biegen wir ab und sind sofort von Gr\u00fcn umgeben. Nur wenige Minuten sp\u00e4ter ein weiterer Hinweis, dass wir uns nun in der Corona forestal und im Naturschutzgebiet befinden.<br \/>\nUnd kurz vor 11 Uhr haben wir den Kanal erreicht, dem wir jetzt f\u00fcr Stunden folgen werden. <a href=\"http:\/\/www.mundi-roth.de\/teneriffa-blog\/wp-content\/uploads\/2015\/04\/P1180333.jpg\" rel=\"lightbox[4076]\"><img loading=\"lazy\" decoding=\"async\" class=\"alignright size-thumbnail wp-image-4137\" src=\"http:\/\/www.mundi-roth.de\/teneriffa-blog\/wp-content\/uploads\/2015\/04\/P1180333-150x103.jpg\" alt=\"P1180333\" width=\"150\" height=\"103\" srcset=\"https:\/\/www.mundi-roth.de\/teneriffa-blog\/wp-content\/uploads\/2015\/04\/P1180333-150x103.jpg 150w, https:\/\/www.mundi-roth.de\/teneriffa-blog\/wp-content\/uploads\/2015\/04\/P1180333-300x206.jpg 300w, https:\/\/www.mundi-roth.de\/teneriffa-blog\/wp-content\/uploads\/2015\/04\/P1180333.jpg 800w\" sizes=\"auto, (max-width: 150px) 100vw, 150px\" \/><\/a><br \/>\nVorbei an bl\u00fchenden Erika-, Kanarischem Schneeball- und Zistrosenb\u00fcschen und\u00a0 G\u00e4nsedisteln mit dem traumhaft sch\u00f6nen Ausblick auf die Wolken wie Zuckerwatte und die herausragenden Bergspitzen wandern wir munter weiter.<br \/>\nMal kann man auf dem Kanal wandern, dann wieder daneben, wenn die Abdeckung kaputt ist. Das Lichtspiel ist phantastisch und allm\u00e4hlich l\u00f6sen sich die Wolken unter uns auf und geben den Blick auf G\u00fcimar und die landwirtschaftlich genutzten Fl\u00e4chen frei.<\/p>\n<p>Nach ca. 15 Minuten Gehzeit erreichen wir den 1. Tunnel, vor dem ein abgest\u00fcrzter Bagger liegt.<br \/>\nAlso Taschenlampen aus dem Rucksack und hinein ins Dunkel.<br \/>\nObwohl, hier k\u00f6nnen wir sofort im Wort w\u00f6rtlichen Sinne das Licht am Ende des Tunnels sehen. 5 Minuten dauert die Durchwanderung, neben dem Kanal in geb\u00fcckter, links geneigter Stellung, denn wir haben keinen Helm und keine Stirnlampe, wie es hierf\u00fcr wohl n\u00f6tig w\u00e4re, zudem ist es im Kanal matschig.<\/p>\n<p>Ein Blick zur\u00fcck auf die Steilh\u00e4nge und weiter geht es an Pulks von Kanarischen Glockenblumen vorbei zum 2. Tunnel, der wie von einem gr\u00fcnen Vorhang gerahmt wird und den wir nach 15 Minuten erreichen. Auch f\u00fcr ihn ben\u00f6tigen wir wieder 5 Minuten.<br \/>\nDie Zeitangaben beinhalten nat\u00fcrlich auch: Rucksack ab, Taschenlampen wegpacken, Rucksack auf, fotografieren, schauen, freuen.<br \/>\nAber ginge man hier im Eilschritt, das w\u00e4re Jammerschade.<\/p>\n<p>Am Ende dieses Tunnels k\u00f6nnen wir den ersten Blick auf die ber\u00fchmten, bekannten \u201eventanas\u201c, die Fenster werfen.<\/p>\n<p>Schon 2 Minuten sp\u00e4ter sind wir beim 3. Tunnel, der schon aus 2 \u201eventanas\u201c Ausblicke zul\u00e4sst und in nur 3 Minuten durchschritten ist.<\/p>\n<p>Danach haben wir einen phantastischen Blick in einen\u00a0 kleinen Barranco, der nach der Beschreibung von Francisco\u00a0 Fari\u00f1a in den gro\u00dfen, langen Barranco de Badajoz m\u00fcndet der die Galer\u00eda de Chamoco beherbergt.<\/p>\n<p>4 Minuten bis zum Tunnel 4, den wir in wiederum 4 Minuten begehen und hier habe ich die Ausblicke aus 27 \u201eFenstern\u201c fotografiert.<br \/>\nFast jede \u00d6ffnung bietet eine andere Umrahmung. Pflanzen und andere Blickpunkte. Toll! Toll! Toll!<\/p>\n<p>Auf dem 17 min\u00fctigen Weg bis zum Tunnel 5 m\u00fcssen wir bereits \u00e4u\u00dferst vorsichtig gehen, da im Kanal zu gehen kaum m\u00f6glich ist, der Pfad daneben jedoch nur fu\u00dfbreit ist, felsig, auch mit ein bisschen klettern aufw\u00e4rts, aber:<br \/>\nDie uns begleitenden Pflanzen sind an \u00dcppigkeit nicht zu \u00fcberbieten. Riesige Stauden des Natternkopfes, das kr\u00e4ftige Gelb des Kanaren-Hahnenfu\u00dfes, die dicken, gelben Dolden der Aeonien, wei\u00dfbl\u00fchender Escobon und die leuchtend gelb bl\u00fchenden\u00a0 B\u00fcsche der klebrigen Dr\u00fcsenfrucht, die Kanaren-Teline, das Lila der Zistrosen, Affodills und nat\u00fcrlich, G\u00e4nsedisteln, alle, alle Pflanzen haben sich hier wohl versammelt.<br \/>\nDie dicken \u00c4ste des Kanaren-Ampfers sind \u00e4u\u00dferst hilfreich zum Festhalten.<br \/>\nUnd immer wieder schauen: Auf schroffe Felsw\u00e4nde, in die Tiefe: die dicken Passatwolken haben sich verzogen: nur noch zarte W\u00f6lkchen schweben \u00fcber der Landschaft.<br \/>\nEin Bienengesumme umgibt uns und hin und wieder Vogelgezwitscher.<\/p>\n<p>Aber nun wieder hinein ins Halbdunkel, denn auch dieser kurze Tunnel hat diverse Fenster und wir haben ihn in 3 Minuten durchschritten.<\/p>\n<p>Man glaubt es kaum, schon nach 2 Minuten haben wir den 6. Tunnel erreicht und in 4 Minuten durchquert.<br \/>\nDie kurze Strecke bot aber wieder phantastische Ausblicke, auch in den n\u00e4chsten Barranco und zur\u00fcck auf die schon passierten \u201eFenster\u201c.<\/p>\n<p>10 Minuten sp\u00e4ter Tunnel Nummer 7, vor dem alte Schienen liegen.<br \/>\nInzwischen ist es 12:30 Uhr.<br \/>\nAuch hier ben\u00f6tigen wir nur 4 Minuten und es ist nicht ganz so dunkel durch die \u00d6ffnungen.<br \/>\nVon hier aus haben wir, nach Francisco\u00a0 Fari\u00f1a, den Blick auf die\u00a0 Klippe, die das Quellgebiet des Barranco de Badajoz bildet.<\/p>\n<p>Keine 5 Minuten sp\u00e4ter Tunnel Nummer 8, er soll nach der Beschreibung her der Letzte sein. Wieder diverse Ausblicke, auch auf die noch auf den vor uns liegenden Tunnel mit seinen vielen Fenstern, auf die beeindruckenden Steilw\u00e4nde, kurze Austritte, um dann gleich wieder in die n\u00e4chste Kanalbiegung einzuschwenken. Vorbei an mit Farnen \u00fcberzogenen W\u00e4nden setzen wir die Tunnel-Kanalwanderung fort. 10 Minuten dauerte diese Strecke.<\/p>\n<p>Wir sind hier an der spektakul\u00e4rsten Stelle der Route angekommen. Halbkreisf\u00f6rmig f\u00fcgt sich der n\u00e4chste Tunnel in die 200 Meter senkrecht aufsteigenden und abfallenden Felsw\u00e4nde in Richtung des Barranco de Badajoz ein. Die Stelle wird die \u201eFlucht der 4 K\u00f6nige genannt\u201c. (Alles Weisheiten, die ich dem Bericht von Francisco Farina entnommen habe.)<\/p>\n<p>Hier legen wir unsere obligatorische Apfelpause ein und denken, nach einer Erz\u00e4hlung der Guanchen, an den Mencey Anaterve, Sohn des Mencey Acaymo, K\u00f6nig von G\u00fcimar, der sich hier das Leben genommen haben soll, sich hier hinabgest\u00fcrzt hat, aus Reue \u00fcber seine Ergebung an den Eroberer Alonso Fern\u00e1ndez de Lugo.<\/p>\n<p>3 Wanderer mit F\u00fchrer kommen uns vorschriftsm\u00e4\u00dfig ausger\u00fcstet mit Helm und Stirnlampe entgegen. Kurzes \u201eHola\u201c und weiter geht es.<\/p>\n<p>10 Minuten sp\u00e4ter gelangen wir an eine Verzweigung: Geradeaus wieder in einen Tunnel mit gemauertem Kanal und rechts ins Freie zweigen zwei Plastikwasserrohre ab. Wir w\u00e4hlen den rechten Abzweig, \u00fcbersteigen mehrfach mit M\u00fchen die Rohre, kommen in unwegsames Gel\u00e4nde und beschlie\u00dfen, lieber doch den Tunnelweg zu nehmen.<\/p>\n<p>Eins muss man wissen: GSP Signale sind schwach bis gar nicht vorhanden, so dass die Vorprogrammierungen nicht hilfreich sind. \u201eAgathe\u201c streikt,\u00a0 bzw. will uns zur Umkehr bewegen oder will uns links oder rechts schicken, das w\u00e4re unser Ende.<\/p>\n<p>Am Tunneleingang entdecken wir nun, auf ein rostiges Rohr in gr\u00fcner Farbe klein geschrieben: \u201eColorados\u201c geradeaus in den Tunnel, (dahin wollen wir ja auch) \u201eRapel\u201c, rechts, von wo wir zur\u00fcckgekommen sind. Keine Ahnung wohin \u201eRapel\u201c f\u00fchrt. Den Hinweis hatten wir \u00fcbersehen.<\/p>\n<p>Also Tunnel Nr. 9. 10 Minuten dauert wieder die Tunnelbegehung, hier flie\u00dft im gemauerten Kanal im dicken Plastikrohr Wasser und begleitet uns gluckernd. Anschlie\u00dfend sehen wir regelrechte Basalts\u00e4ulen an der Steilwand und noch ein Tunnel, der 10., der ist aber schnell durchschritten.<\/p>\n<p>Die Tunneldurchquerungen sind zu Ende. Wir sind wieder in der freien Natur und nun geht es die n\u00e4chsten 15 Minuten weiter: Auf, im und neben dem Kanal, der oft total \u00fcberwuchert ist oder von umgest\u00fcrzten B\u00e4umen oder riesigen abgest\u00fcrzten Felsbrocken versperrt ist. Manchmal, wenn der Pfad neben dem Kanal\u00a0 zur Hangseite zu schmal ist, zu kritisch, da es ja sofort steil abw\u00e4rts geht, nur durch ein paar Pflanzen abgeschirmt,\u00a0 balancieren wir zum Berghang hin auf dem Rand des Kanals, wenn alles andere weggebrochen ist. Wir stellen fest, dass wir als Kinder ganz offensichtlich gut auf dem Schwebebalken waren. Gleichgewicht halten, Schwindelfreiheit, Trittsicherheit ist gefragt.<br \/>\nDas Umfeld phantastisch: Gr\u00fcn, Gr\u00fcn, Gr\u00fcn, Duft von Kiefernnadeln, von Wehrmut und Aussichten ins Valle de G\u00fcimar, ins Tal, wundersch\u00f6n.<\/p>\n<p>Um 14 Uhr rufen wir meinen lieben Mann an, er soll noch nicht losfahren, da wir immer noch nicht wissen, wo wir auskommen werden. Die Karte auf dem Handy l\u00e4sst sich nicht aufbauen.<\/p>\n<p>Tja, nur eine Kurve weiter und wir haben das Ende der Kanalwanderung erreicht und wir schauen auf G\u00fcmar.<br \/>\nNeben einem dicken Natternkopf Busch sprudelt frisches Wasser aus dem Kanal und eine Erdpiste beginnt.<br \/>\nHier entledige ich mich erst einmal meiner langen Hosenbeine, Lob den modernen Wanderhosen, denn es ist warm! Wie haben wir diese W\u00e4rme vermisst. Endlich mal wieder eine Wanderung ohne Fliesjacken.<\/p>\n<p>So, nun lautet das Motto: \u201eVon nun an ging&#8217;s bergab.\u201c<br \/>\nWir befinden uns im Naturschutzgebiet der \u201esiete lomas\u201c, der sieben Bergr\u00fccken, auf der \u201epista de Las Coloradas\u201c. Viele Wasserbecken, bepflanzte Terrassen mit Kartoffeln, Wein, Orangen- und Avocado-B\u00e4umen best\u00e4tigen uns, dass wir uns in intensiv landwirtschaftlich genutztem Gebiet befinden.<\/p>\n<p>Links und rechts ist der Weg mit Margeriten und Cinerarien ges\u00e4umt, im offenen Kanal rauscht, gluckert und gluckst das Wasser. Bei einer Abzweigung studieren wir wieder die Unterlagen und entscheiden uns, nicht nach rechts Richtung Barranco Badajos abzubiegen sondern weiter bergab zu gehen. In der Gegend sind wir vor Jahren schon mehrfach gewandert, auch bis zum \u201eLa Hidro\u201c, dem kleinen Wasserkraftwerk,.<\/p>\n<p>14:50 Uhr ist es, als die Erdpiste in einen ganz schmalen, mit Steinen gepflasterten und mit Margeriten zugewucherten Weg einm\u00fcndet. Ein handgeschriebenes Schild \u201eG\u00fcimar\u201c ermutigt uns, hier weiterzugehen, der Pfad erinnert an einen camino real, den Handelsweg, der unter dem Schutz des K\u00f6nigs stand.<\/p>\n<p>Vorbei geht es an einer Wasserverteilstelle, stets schauen wir auf die angelegten Terrassenfelder, auf Gran Canaria und das Tal mit Monta\u00f1a Grande. Ein rosabl\u00fchendes Mandelb\u00e4umchen und seltsam geformte Kegel aus Bimsstein machen die Strecke abwechslungsreich.<\/p>\n<p>Zwischendurch bleiben wir stehen, um unsere Beine auszusch\u00fctteln, denn der Abstieg ist heftig.<\/p>\n<p>Kurz vor einem Viadukt, die Cespa-Tankstelle in G\u00fcimar im Blick, rufen wir wieder Manfred an, dass er sich nun ins Auto setzen kann, um f\u00fcr uns mal wieder Taxi \u201eIrmEli\u201c zu spielen.<br \/>\nWir denken, wir haben noch eine halbe Stunde Weg vor uns.<\/p>\n<p>Schon 10 Minuten sp\u00e4ter erreichen wir den Ortsteil \u201eLa Hoya\u201c mit Kirche und Dorfplatz.<br \/>\nHier endet die Route, wie sie Francisco Fari\u00f1a beschrieben hat.<\/p>\n<p>Wenn man nicht \u00fcber einen so einmaligen Taxifahrer verf\u00fcgt wie wir &#8211; das ist ein besonderer Luxus und wir wissen ihn zu sch\u00e4tzen!!!! &#8211; und man mit Auto umsetzen arbeiten muss, dann kann man bis hierher fahren. Parkm\u00f6glichkeiten gibt es ausreichend.<\/p>\n<p>Wir haben uns jedoch der Einfachheit halber mit Manfred an der Cespa-<a href=\"http:\/\/www.mundi-roth.de\/teneriffa-blog\/wp-content\/uploads\/2015\/04\/P1180557.jpg\" rel=\"lightbox[4076]\"><img loading=\"lazy\" decoding=\"async\" class=\"alignright size-thumbnail wp-image-4139\" src=\"http:\/\/www.mundi-roth.de\/teneriffa-blog\/wp-content\/uploads\/2015\/04\/P1180557-150x113.jpg\" alt=\"P1180557\" width=\"150\" height=\"113\" srcset=\"https:\/\/www.mundi-roth.de\/teneriffa-blog\/wp-content\/uploads\/2015\/04\/P1180557-150x113.jpg 150w, https:\/\/www.mundi-roth.de\/teneriffa-blog\/wp-content\/uploads\/2015\/04\/P1180557-300x225.jpg 300w, https:\/\/www.mundi-roth.de\/teneriffa-blog\/wp-content\/uploads\/2015\/04\/P1180557.jpg 800w\" sizes=\"auto, (max-width: 150px) 100vw, 150px\" \/><\/a>Tankstelle mit einem gegen\u00fcberliegenden gro\u00dfen Parkplatz verabredet.<br \/>\nDaher gehen wir noch durch die Calle La Hoya, Calle La Vera und Calle La Amistad, immer heiter weiter runter. 15:50 Uhr haben wir unser Ziel erreicht.<\/p>\n<p>In einem der Wanderberichte habe ich gelesen, dass man von der Tankstelle aus ein Taxi unter der Nummer 922 51 36 96 ordern und sich f\u00fcr 20 Euro zur Ausgangsposition hochfahren lassen kann. Daf\u00fcr \u00fcbernehme ich aber keine Garantie!<\/p>\n<p>Noch schnell kehren wir in einer Tasca ein, stillen unseren Durst, rufen im Restaurant La Gaviota in Tajao an und bestellen f\u00fcr ca. 17 Uhr einen Tisch.<br \/>\nKaum haben wir uns auf einer Bank am Parkplatz niedergelassen, f\u00e4hrt um 16:10 Uhr mein lieber Mann auch schon vor.<br \/>\nDas hat super geklappt. Nun noch hoch wieder zum Funkmast, um Elisabeths Auto zu holen und dann lassen wir es uns im La Gaviota bei wunderbarem Fisch gut gehen und erz\u00e4hlen, erz\u00e4hlen, schwelgen!<\/p>\n<p><strong>Fazit:<\/strong><br \/>\nElisabeth und ich, wir sind uns einig: Das war <strong>Die Wanderung unseres Lebens.<\/strong><br \/>\nKlingt \u00fcbertrieben? Mag sein, aber wir empfinden es so.<br \/>\nSo viele sch\u00f6ne Touren sind wir nun schon gemeinsam gegangen, oft dachten wir, das ist nicht mehr zu toppen. Und, wie sich zeigt: Es geht noch einen Tick besser.<br \/>\nWas war so besonders ? Erstmal nach so langer Zeit des nicht so guten Wetters, ein Traumtag! Sonne, warm, kein Wind.<br \/>\nDas Erlebnis dieser einmaligen Landschaft, die Blumenpracht, die Besonderheit der Tunnel mit ihren \u201eventanas\u201c, diese grandiose Sicht, die besondere Stimmung mit den Wolken. Sch\u00f6n! Sch\u00f6n! Und nochmal: Sch\u00f6n!!!<\/p>\n<p>Ob sie die gef\u00e4hrlichste Tour ist\u00a0 &#8211; jedenfalls sind die Warnhinweise h\u00e4ufig &#8211;\u00a0 da sind wir uns nicht so einig:<br \/>\nElisabeth meint, nicht zu Unrecht, die Tour von Tamaimo nach Los Gigantes, auf dem quasi in die steile Felswand handbreit geschnittenen Pfad, ohne trennenden Halm zum Absturz ins Meer, das sei noch kritischer, noch gef\u00e4hrlicher.<br \/>\nAuch da mussten wir unsere St\u00f6cke in den Rucksack stecken, da kein Platz f\u00fcr sie war, genau wie auf der heutigen Tour.<br \/>\nWie hatten damals Olaf und Kerstin \u00fcber die Los Gigantes-Wanderung geschrieben:<br \/>\n<em>\u201eDiese Tour ist f\u00fcr Touris nicht empfehlenswert! Besonders an einigen Stellen der K\u00fcstenwanderung gen\u00fcgt ein Fehltritt und man ist Fischfutter.\u201c<\/em><br \/>\nFischfutter ist man hier nicht, aber \u2026.<\/p>\n<p>Sei es wie es sei: Manfred meinte, unser Gl\u00fcck, unsere Freude, unsere Begeisterung \u00fcber die gelungene Tour w\u00e4re einfach ansteckend gewesen. Er hat ja mit uns gefiebert und war froh \u00fcber das gute Ende.<\/p>\n<p>&nbsp;<\/p>\n<p><strong>IMPRESSIONEN, die auch ohne Texte wirken.<br \/>\n<\/strong><\/p>\n\n\t\t<style type=\"text\/css\">\n\t\t\t#gallery-1 {\n\t\t\t\tmargin: auto;\n\t\t\t}\n\t\t\t#gallery-1 .gallery-item {\n\t\t\t\tfloat: left;\n\t\t\t\tmargin-top: 10px;\n\t\t\t\ttext-align: center;\n\t\t\t\twidth: 33%;\n\t\t\t}\n\t\t\t#gallery-1 img {\n\t\t\t\tborder: 2px solid #cfcfcf;\n\t\t\t}\n\t\t\t#gallery-1 .gallery-caption {\n\t\t\t\tmargin-left: 0;\n\t\t\t}\n\t\t\t\/* see gallery_shortcode() in wp-includes\/media.php *\/\n\t\t<\/style>\n\t\t<div id='gallery-1' class='gallery galleryid-4076 gallery-columns-3 gallery-size-thumbnail'><dl class='gallery-item'>\n\t\t\t<dt class='gallery-icon landscape'>\n\t\t\t\t<a href='https:\/\/www.mundi-roth.de\/teneriffa-blog\/wp-content\/uploads\/2015\/04\/P1180284.jpg' rel=\"lightbox[4076]\"><img loading=\"lazy\" decoding=\"async\" width=\"150\" height=\"100\" src=\"https:\/\/www.mundi-roth.de\/teneriffa-blog\/wp-content\/uploads\/2015\/04\/P1180284-150x100.jpg\" class=\"attachment-thumbnail size-thumbnail\" alt=\"\" srcset=\"https:\/\/www.mundi-roth.de\/teneriffa-blog\/wp-content\/uploads\/2015\/04\/P1180284-150x100.jpg 150w, https:\/\/www.mundi-roth.de\/teneriffa-blog\/wp-content\/uploads\/2015\/04\/P1180284-300x199.jpg 300w, https:\/\/www.mundi-roth.de\/teneriffa-blog\/wp-content\/uploads\/2015\/04\/P1180284.jpg 800w\" sizes=\"auto, (max-width: 150px) 100vw, 150px\" \/><\/a>\n\t\t\t<\/dt><\/dl><dl class='gallery-item'>\n\t\t\t<dt class='gallery-icon landscape'>\n\t\t\t\t<a href='https:\/\/www.mundi-roth.de\/teneriffa-blog\/wp-content\/uploads\/2015\/04\/P1180295.jpg' rel=\"lightbox[4076]\"><img loading=\"lazy\" decoding=\"async\" width=\"150\" height=\"113\" src=\"https:\/\/www.mundi-roth.de\/teneriffa-blog\/wp-content\/uploads\/2015\/04\/P1180295-150x113.jpg\" class=\"attachment-thumbnail size-thumbnail\" alt=\"\" srcset=\"https:\/\/www.mundi-roth.de\/teneriffa-blog\/wp-content\/uploads\/2015\/04\/P1180295-150x113.jpg 150w, https:\/\/www.mundi-roth.de\/teneriffa-blog\/wp-content\/uploads\/2015\/04\/P1180295-300x225.jpg 300w, https:\/\/www.mundi-roth.de\/teneriffa-blog\/wp-content\/uploads\/2015\/04\/P1180295.jpg 800w\" sizes=\"auto, (max-width: 150px) 100vw, 150px\" \/><\/a>\n\t\t\t<\/dt><\/dl><dl class='gallery-item'>\n\t\t\t<dt class='gallery-icon landscape'>\n\t\t\t\t<a href='https:\/\/www.mundi-roth.de\/teneriffa-blog\/wp-content\/uploads\/2015\/04\/P1180307.jpg' rel=\"lightbox[4076]\"><img loading=\"lazy\" decoding=\"async\" width=\"150\" height=\"113\" src=\"https:\/\/www.mundi-roth.de\/teneriffa-blog\/wp-content\/uploads\/2015\/04\/P1180307-150x113.jpg\" class=\"attachment-thumbnail size-thumbnail\" alt=\"\" srcset=\"https:\/\/www.mundi-roth.de\/teneriffa-blog\/wp-content\/uploads\/2015\/04\/P1180307-150x113.jpg 150w, https:\/\/www.mundi-roth.de\/teneriffa-blog\/wp-content\/uploads\/2015\/04\/P1180307-300x225.jpg 300w, https:\/\/www.mundi-roth.de\/teneriffa-blog\/wp-content\/uploads\/2015\/04\/P1180307.jpg 800w\" sizes=\"auto, (max-width: 150px) 100vw, 150px\" \/><\/a>\n\t\t\t<\/dt><\/dl><br style=\"clear: both\" \/><dl class='gallery-item'>\n\t\t\t<dt class='gallery-icon landscape'>\n\t\t\t\t<a href='https:\/\/www.mundi-roth.de\/teneriffa-blog\/wp-content\/uploads\/2015\/04\/P1180313.jpg' rel=\"lightbox[4076]\"><img loading=\"lazy\" decoding=\"async\" width=\"150\" height=\"113\" src=\"https:\/\/www.mundi-roth.de\/teneriffa-blog\/wp-content\/uploads\/2015\/04\/P1180313-150x113.jpg\" class=\"attachment-thumbnail size-thumbnail\" alt=\"\" srcset=\"https:\/\/www.mundi-roth.de\/teneriffa-blog\/wp-content\/uploads\/2015\/04\/P1180313-150x113.jpg 150w, https:\/\/www.mundi-roth.de\/teneriffa-blog\/wp-content\/uploads\/2015\/04\/P1180313-300x225.jpg 300w, https:\/\/www.mundi-roth.de\/teneriffa-blog\/wp-content\/uploads\/2015\/04\/P1180313.jpg 800w\" sizes=\"auto, (max-width: 150px) 100vw, 150px\" \/><\/a>\n\t\t\t<\/dt><\/dl><dl class='gallery-item'>\n\t\t\t<dt class='gallery-icon landscape'>\n\t\t\t\t<a href='https:\/\/www.mundi-roth.de\/teneriffa-blog\/wp-content\/uploads\/2015\/04\/P1180302.jpg' rel=\"lightbox[4076]\"><img loading=\"lazy\" decoding=\"async\" width=\"150\" height=\"113\" src=\"https:\/\/www.mundi-roth.de\/teneriffa-blog\/wp-content\/uploads\/2015\/04\/P1180302-150x113.jpg\" class=\"attachment-thumbnail size-thumbnail\" alt=\"\" srcset=\"https:\/\/www.mundi-roth.de\/teneriffa-blog\/wp-content\/uploads\/2015\/04\/P1180302-150x113.jpg 150w, https:\/\/www.mundi-roth.de\/teneriffa-blog\/wp-content\/uploads\/2015\/04\/P1180302-300x225.jpg 300w, https:\/\/www.mundi-roth.de\/teneriffa-blog\/wp-content\/uploads\/2015\/04\/P1180302.jpg 800w\" sizes=\"auto, (max-width: 150px) 100vw, 150px\" \/><\/a>\n\t\t\t<\/dt><\/dl><dl class='gallery-item'>\n\t\t\t<dt class='gallery-icon landscape'>\n\t\t\t\t<a href='https:\/\/www.mundi-roth.de\/teneriffa-blog\/wp-content\/uploads\/2015\/04\/P1180285.jpg' rel=\"lightbox[4076]\"><img loading=\"lazy\" decoding=\"async\" width=\"150\" height=\"113\" src=\"https:\/\/www.mundi-roth.de\/teneriffa-blog\/wp-content\/uploads\/2015\/04\/P1180285-150x113.jpg\" class=\"attachment-thumbnail size-thumbnail\" alt=\"\" srcset=\"https:\/\/www.mundi-roth.de\/teneriffa-blog\/wp-content\/uploads\/2015\/04\/P1180285-150x113.jpg 150w, https:\/\/www.mundi-roth.de\/teneriffa-blog\/wp-content\/uploads\/2015\/04\/P1180285-300x225.jpg 300w, https:\/\/www.mundi-roth.de\/teneriffa-blog\/wp-content\/uploads\/2015\/04\/P1180285.jpg 800w\" sizes=\"auto, (max-width: 150px) 100vw, 150px\" \/><\/a>\n\t\t\t<\/dt><\/dl><br style=\"clear: both\" \/><dl class='gallery-item'>\n\t\t\t<dt class='gallery-icon portrait'>\n\t\t\t\t<a href='https:\/\/www.mundi-roth.de\/teneriffa-blog\/wp-content\/uploads\/2015\/04\/P1180310-e1427902025395.jpg' rel=\"lightbox[4076]\"><img loading=\"lazy\" decoding=\"async\" width=\"113\" height=\"150\" src=\"https:\/\/www.mundi-roth.de\/teneriffa-blog\/wp-content\/uploads\/2015\/04\/P1180310-e1427902025395-113x150.jpg\" class=\"attachment-thumbnail size-thumbnail\" alt=\"\" srcset=\"https:\/\/www.mundi-roth.de\/teneriffa-blog\/wp-content\/uploads\/2015\/04\/P1180310-e1427902025395-113x150.jpg 113w, https:\/\/www.mundi-roth.de\/teneriffa-blog\/wp-content\/uploads\/2015\/04\/P1180310-e1427902025395-225x300.jpg 225w, https:\/\/www.mundi-roth.de\/teneriffa-blog\/wp-content\/uploads\/2015\/04\/P1180310-e1427902025395.jpg 600w\" sizes=\"auto, (max-width: 113px) 100vw, 113px\" \/><\/a>\n\t\t\t<\/dt><\/dl><dl class='gallery-item'>\n\t\t\t<dt class='gallery-icon landscape'>\n\t\t\t\t<a href='https:\/\/www.mundi-roth.de\/teneriffa-blog\/wp-content\/uploads\/2015\/04\/P1180319.jpg' rel=\"lightbox[4076]\"><img loading=\"lazy\" decoding=\"async\" width=\"150\" height=\"113\" src=\"https:\/\/www.mundi-roth.de\/teneriffa-blog\/wp-content\/uploads\/2015\/04\/P1180319-150x113.jpg\" class=\"attachment-thumbnail size-thumbnail\" alt=\"\" srcset=\"https:\/\/www.mundi-roth.de\/teneriffa-blog\/wp-content\/uploads\/2015\/04\/P1180319-150x113.jpg 150w, https:\/\/www.mundi-roth.de\/teneriffa-blog\/wp-content\/uploads\/2015\/04\/P1180319-300x225.jpg 300w, https:\/\/www.mundi-roth.de\/teneriffa-blog\/wp-content\/uploads\/2015\/04\/P1180319.jpg 800w\" sizes=\"auto, (max-width: 150px) 100vw, 150px\" \/><\/a>\n\t\t\t<\/dt><\/dl><dl class='gallery-item'>\n\t\t\t<dt class='gallery-icon landscape'>\n\t\t\t\t<a href='https:\/\/www.mundi-roth.de\/teneriffa-blog\/wp-content\/uploads\/2015\/04\/P1180325.jpg' rel=\"lightbox[4076]\"><img loading=\"lazy\" decoding=\"async\" width=\"150\" height=\"113\" src=\"https:\/\/www.mundi-roth.de\/teneriffa-blog\/wp-content\/uploads\/2015\/04\/P1180325-150x113.jpg\" class=\"attachment-thumbnail size-thumbnail\" alt=\"\" srcset=\"https:\/\/www.mundi-roth.de\/teneriffa-blog\/wp-content\/uploads\/2015\/04\/P1180325-150x113.jpg 150w, https:\/\/www.mundi-roth.de\/teneriffa-blog\/wp-content\/uploads\/2015\/04\/P1180325-300x225.jpg 300w, https:\/\/www.mundi-roth.de\/teneriffa-blog\/wp-content\/uploads\/2015\/04\/P1180325.jpg 800w\" sizes=\"auto, (max-width: 150px) 100vw, 150px\" \/><\/a>\n\t\t\t<\/dt><\/dl><br style=\"clear: both\" \/><dl class='gallery-item'>\n\t\t\t<dt class='gallery-icon portrait'>\n\t\t\t\t<a href='https:\/\/www.mundi-roth.de\/teneriffa-blog\/wp-content\/uploads\/2015\/04\/P1180335.jpg' rel=\"lightbox[4076]\"><img loading=\"lazy\" decoding=\"async\" width=\"113\" height=\"150\" src=\"https:\/\/www.mundi-roth.de\/teneriffa-blog\/wp-content\/uploads\/2015\/04\/P1180335-113x150.jpg\" class=\"attachment-thumbnail size-thumbnail\" alt=\"\" srcset=\"https:\/\/www.mundi-roth.de\/teneriffa-blog\/wp-content\/uploads\/2015\/04\/P1180335-113x150.jpg 113w, https:\/\/www.mundi-roth.de\/teneriffa-blog\/wp-content\/uploads\/2015\/04\/P1180335-225x300.jpg 225w, https:\/\/www.mundi-roth.de\/teneriffa-blog\/wp-content\/uploads\/2015\/04\/P1180335.jpg 600w\" sizes=\"auto, (max-width: 113px) 100vw, 113px\" \/><\/a>\n\t\t\t<\/dt><\/dl><dl class='gallery-item'>\n\t\t\t<dt class='gallery-icon landscape'>\n\t\t\t\t<a href='https:\/\/www.mundi-roth.de\/teneriffa-blog\/wp-content\/uploads\/2015\/04\/P1180338.jpg' rel=\"lightbox[4076]\"><img loading=\"lazy\" decoding=\"async\" width=\"150\" height=\"113\" src=\"https:\/\/www.mundi-roth.de\/teneriffa-blog\/wp-content\/uploads\/2015\/04\/P1180338-150x113.jpg\" class=\"attachment-thumbnail size-thumbnail\" alt=\"\" srcset=\"https:\/\/www.mundi-roth.de\/teneriffa-blog\/wp-content\/uploads\/2015\/04\/P1180338-150x113.jpg 150w, https:\/\/www.mundi-roth.de\/teneriffa-blog\/wp-content\/uploads\/2015\/04\/P1180338-300x225.jpg 300w, https:\/\/www.mundi-roth.de\/teneriffa-blog\/wp-content\/uploads\/2015\/04\/P1180338.jpg 800w\" sizes=\"auto, (max-width: 150px) 100vw, 150px\" \/><\/a>\n\t\t\t<\/dt><\/dl><dl class='gallery-item'>\n\t\t\t<dt class='gallery-icon landscape'>\n\t\t\t\t<a href='https:\/\/www.mundi-roth.de\/teneriffa-blog\/wp-content\/uploads\/2015\/04\/P1180342.jpg' rel=\"lightbox[4076]\"><img loading=\"lazy\" decoding=\"async\" width=\"150\" height=\"113\" src=\"https:\/\/www.mundi-roth.de\/teneriffa-blog\/wp-content\/uploads\/2015\/04\/P1180342-150x113.jpg\" class=\"attachment-thumbnail size-thumbnail\" alt=\"\" srcset=\"https:\/\/www.mundi-roth.de\/teneriffa-blog\/wp-content\/uploads\/2015\/04\/P1180342-150x113.jpg 150w, https:\/\/www.mundi-roth.de\/teneriffa-blog\/wp-content\/uploads\/2015\/04\/P1180342-300x225.jpg 300w, https:\/\/www.mundi-roth.de\/teneriffa-blog\/wp-content\/uploads\/2015\/04\/P1180342.jpg 800w\" sizes=\"auto, (max-width: 150px) 100vw, 150px\" \/><\/a>\n\t\t\t<\/dt><\/dl><br style=\"clear: both\" \/><dl class='gallery-item'>\n\t\t\t<dt class='gallery-icon landscape'>\n\t\t\t\t<a href='https:\/\/www.mundi-roth.de\/teneriffa-blog\/wp-content\/uploads\/2015\/04\/P1180349.jpg' rel=\"lightbox[4076]\"><img loading=\"lazy\" decoding=\"async\" width=\"150\" height=\"113\" src=\"https:\/\/www.mundi-roth.de\/teneriffa-blog\/wp-content\/uploads\/2015\/04\/P1180349-150x113.jpg\" class=\"attachment-thumbnail size-thumbnail\" alt=\"\" srcset=\"https:\/\/www.mundi-roth.de\/teneriffa-blog\/wp-content\/uploads\/2015\/04\/P1180349-150x113.jpg 150w, https:\/\/www.mundi-roth.de\/teneriffa-blog\/wp-content\/uploads\/2015\/04\/P1180349-300x225.jpg 300w, https:\/\/www.mundi-roth.de\/teneriffa-blog\/wp-content\/uploads\/2015\/04\/P1180349.jpg 800w\" sizes=\"auto, (max-width: 150px) 100vw, 150px\" \/><\/a>\n\t\t\t<\/dt><\/dl><dl class='gallery-item'>\n\t\t\t<dt class='gallery-icon landscape'>\n\t\t\t\t<a href='https:\/\/www.mundi-roth.de\/teneriffa-blog\/wp-content\/uploads\/2015\/04\/P1180363.jpg' rel=\"lightbox[4076]\"><img loading=\"lazy\" decoding=\"async\" width=\"150\" height=\"113\" src=\"https:\/\/www.mundi-roth.de\/teneriffa-blog\/wp-content\/uploads\/2015\/04\/P1180363-150x113.jpg\" class=\"attachment-thumbnail size-thumbnail\" alt=\"\" srcset=\"https:\/\/www.mundi-roth.de\/teneriffa-blog\/wp-content\/uploads\/2015\/04\/P1180363-150x113.jpg 150w, https:\/\/www.mundi-roth.de\/teneriffa-blog\/wp-content\/uploads\/2015\/04\/P1180363-300x225.jpg 300w, https:\/\/www.mundi-roth.de\/teneriffa-blog\/wp-content\/uploads\/2015\/04\/P1180363.jpg 800w\" sizes=\"auto, (max-width: 150px) 100vw, 150px\" \/><\/a>\n\t\t\t<\/dt><\/dl><dl class='gallery-item'>\n\t\t\t<dt class='gallery-icon landscape'>\n\t\t\t\t<a href='https:\/\/www.mundi-roth.de\/teneriffa-blog\/wp-content\/uploads\/2015\/04\/P1180367.jpg' rel=\"lightbox[4076]\"><img loading=\"lazy\" decoding=\"async\" width=\"150\" height=\"113\" src=\"https:\/\/www.mundi-roth.de\/teneriffa-blog\/wp-content\/uploads\/2015\/04\/P1180367-150x113.jpg\" class=\"attachment-thumbnail size-thumbnail\" alt=\"\" srcset=\"https:\/\/www.mundi-roth.de\/teneriffa-blog\/wp-content\/uploads\/2015\/04\/P1180367-150x113.jpg 150w, https:\/\/www.mundi-roth.de\/teneriffa-blog\/wp-content\/uploads\/2015\/04\/P1180367-300x225.jpg 300w, https:\/\/www.mundi-roth.de\/teneriffa-blog\/wp-content\/uploads\/2015\/04\/P1180367.jpg 800w\" sizes=\"auto, (max-width: 150px) 100vw, 150px\" \/><\/a>\n\t\t\t<\/dt><\/dl><br style=\"clear: both\" \/><dl class='gallery-item'>\n\t\t\t<dt class='gallery-icon landscape'>\n\t\t\t\t<a href='https:\/\/www.mundi-roth.de\/teneriffa-blog\/wp-content\/uploads\/2015\/04\/P1180375.jpg' rel=\"lightbox[4076]\"><img loading=\"lazy\" decoding=\"async\" width=\"150\" height=\"113\" src=\"https:\/\/www.mundi-roth.de\/teneriffa-blog\/wp-content\/uploads\/2015\/04\/P1180375-150x113.jpg\" class=\"attachment-thumbnail size-thumbnail\" alt=\"\" srcset=\"https:\/\/www.mundi-roth.de\/teneriffa-blog\/wp-content\/uploads\/2015\/04\/P1180375-150x113.jpg 150w, https:\/\/www.mundi-roth.de\/teneriffa-blog\/wp-content\/uploads\/2015\/04\/P1180375-300x225.jpg 300w, https:\/\/www.mundi-roth.de\/teneriffa-blog\/wp-content\/uploads\/2015\/04\/P1180375.jpg 800w\" sizes=\"auto, (max-width: 150px) 100vw, 150px\" \/><\/a>\n\t\t\t<\/dt><\/dl><dl class='gallery-item'>\n\t\t\t<dt class='gallery-icon landscape'>\n\t\t\t\t<a href='https:\/\/www.mundi-roth.de\/teneriffa-blog\/wp-content\/uploads\/2015\/04\/P1180382.jpg' rel=\"lightbox[4076]\"><img loading=\"lazy\" decoding=\"async\" width=\"150\" height=\"113\" src=\"https:\/\/www.mundi-roth.de\/teneriffa-blog\/wp-content\/uploads\/2015\/04\/P1180382-150x113.jpg\" class=\"attachment-thumbnail size-thumbnail\" alt=\"\" srcset=\"https:\/\/www.mundi-roth.de\/teneriffa-blog\/wp-content\/uploads\/2015\/04\/P1180382-150x113.jpg 150w, https:\/\/www.mundi-roth.de\/teneriffa-blog\/wp-content\/uploads\/2015\/04\/P1180382-300x225.jpg 300w, https:\/\/www.mundi-roth.de\/teneriffa-blog\/wp-content\/uploads\/2015\/04\/P1180382.jpg 800w\" sizes=\"auto, (max-width: 150px) 100vw, 150px\" \/><\/a>\n\t\t\t<\/dt><\/dl><dl class='gallery-item'>\n\t\t\t<dt class='gallery-icon landscape'>\n\t\t\t\t<a href='https:\/\/www.mundi-roth.de\/teneriffa-blog\/wp-content\/uploads\/2015\/04\/P1180387.jpg' rel=\"lightbox[4076]\"><img loading=\"lazy\" decoding=\"async\" width=\"150\" height=\"113\" src=\"https:\/\/www.mundi-roth.de\/teneriffa-blog\/wp-content\/uploads\/2015\/04\/P1180387-150x113.jpg\" class=\"attachment-thumbnail size-thumbnail\" alt=\"\" srcset=\"https:\/\/www.mundi-roth.de\/teneriffa-blog\/wp-content\/uploads\/2015\/04\/P1180387-150x113.jpg 150w, https:\/\/www.mundi-roth.de\/teneriffa-blog\/wp-content\/uploads\/2015\/04\/P1180387-300x225.jpg 300w, https:\/\/www.mundi-roth.de\/teneriffa-blog\/wp-content\/uploads\/2015\/04\/P1180387.jpg 800w\" sizes=\"auto, (max-width: 150px) 100vw, 150px\" \/><\/a>\n\t\t\t<\/dt><\/dl><br style=\"clear: both\" \/><dl class='gallery-item'>\n\t\t\t<dt class='gallery-icon landscape'>\n\t\t\t\t<a href='https:\/\/www.mundi-roth.de\/teneriffa-blog\/wp-content\/uploads\/2015\/04\/P1180392.jpg' rel=\"lightbox[4076]\"><img loading=\"lazy\" decoding=\"async\" width=\"150\" height=\"113\" src=\"https:\/\/www.mundi-roth.de\/teneriffa-blog\/wp-content\/uploads\/2015\/04\/P1180392-150x113.jpg\" class=\"attachment-thumbnail size-thumbnail\" alt=\"\" srcset=\"https:\/\/www.mundi-roth.de\/teneriffa-blog\/wp-content\/uploads\/2015\/04\/P1180392-150x113.jpg 150w, https:\/\/www.mundi-roth.de\/teneriffa-blog\/wp-content\/uploads\/2015\/04\/P1180392-300x225.jpg 300w, https:\/\/www.mundi-roth.de\/teneriffa-blog\/wp-content\/uploads\/2015\/04\/P1180392.jpg 800w\" sizes=\"auto, (max-width: 150px) 100vw, 150px\" \/><\/a>\n\t\t\t<\/dt><\/dl><dl class='gallery-item'>\n\t\t\t<dt class='gallery-icon landscape'>\n\t\t\t\t<a href='https:\/\/www.mundi-roth.de\/teneriffa-blog\/wp-content\/uploads\/2015\/04\/P1180403.jpg' rel=\"lightbox[4076]\"><img loading=\"lazy\" decoding=\"async\" width=\"150\" height=\"113\" src=\"https:\/\/www.mundi-roth.de\/teneriffa-blog\/wp-content\/uploads\/2015\/04\/P1180403-150x113.jpg\" class=\"attachment-thumbnail size-thumbnail\" alt=\"\" srcset=\"https:\/\/www.mundi-roth.de\/teneriffa-blog\/wp-content\/uploads\/2015\/04\/P1180403-150x113.jpg 150w, https:\/\/www.mundi-roth.de\/teneriffa-blog\/wp-content\/uploads\/2015\/04\/P1180403-300x225.jpg 300w, https:\/\/www.mundi-roth.de\/teneriffa-blog\/wp-content\/uploads\/2015\/04\/P1180403.jpg 800w\" sizes=\"auto, (max-width: 150px) 100vw, 150px\" \/><\/a>\n\t\t\t<\/dt><\/dl><dl class='gallery-item'>\n\t\t\t<dt class='gallery-icon landscape'>\n\t\t\t\t<a href='https:\/\/www.mundi-roth.de\/teneriffa-blog\/wp-content\/uploads\/2015\/04\/P1180409.jpg' rel=\"lightbox[4076]\"><img loading=\"lazy\" decoding=\"async\" width=\"150\" height=\"113\" src=\"https:\/\/www.mundi-roth.de\/teneriffa-blog\/wp-content\/uploads\/2015\/04\/P1180409-150x113.jpg\" class=\"attachment-thumbnail size-thumbnail\" alt=\"\" srcset=\"https:\/\/www.mundi-roth.de\/teneriffa-blog\/wp-content\/uploads\/2015\/04\/P1180409-150x113.jpg 150w, https:\/\/www.mundi-roth.de\/teneriffa-blog\/wp-content\/uploads\/2015\/04\/P1180409-300x225.jpg 300w, https:\/\/www.mundi-roth.de\/teneriffa-blog\/wp-content\/uploads\/2015\/04\/P1180409.jpg 800w\" sizes=\"auto, (max-width: 150px) 100vw, 150px\" \/><\/a>\n\t\t\t<\/dt><\/dl><br style=\"clear: both\" \/><dl class='gallery-item'>\n\t\t\t<dt class='gallery-icon landscape'>\n\t\t\t\t<a href='https:\/\/www.mundi-roth.de\/teneriffa-blog\/wp-content\/uploads\/2015\/04\/P1180412.jpg' rel=\"lightbox[4076]\"><img loading=\"lazy\" decoding=\"async\" width=\"150\" height=\"113\" src=\"https:\/\/www.mundi-roth.de\/teneriffa-blog\/wp-content\/uploads\/2015\/04\/P1180412-150x113.jpg\" class=\"attachment-thumbnail size-thumbnail\" alt=\"\" srcset=\"https:\/\/www.mundi-roth.de\/teneriffa-blog\/wp-content\/uploads\/2015\/04\/P1180412-150x113.jpg 150w, https:\/\/www.mundi-roth.de\/teneriffa-blog\/wp-content\/uploads\/2015\/04\/P1180412-300x225.jpg 300w, https:\/\/www.mundi-roth.de\/teneriffa-blog\/wp-content\/uploads\/2015\/04\/P1180412.jpg 800w\" sizes=\"auto, (max-width: 150px) 100vw, 150px\" \/><\/a>\n\t\t\t<\/dt><\/dl><dl class='gallery-item'>\n\t\t\t<dt class='gallery-icon landscape'>\n\t\t\t\t<a href='https:\/\/www.mundi-roth.de\/teneriffa-blog\/wp-content\/uploads\/2015\/04\/P1180414.jpg' rel=\"lightbox[4076]\"><img loading=\"lazy\" decoding=\"async\" width=\"150\" height=\"113\" src=\"https:\/\/www.mundi-roth.de\/teneriffa-blog\/wp-content\/uploads\/2015\/04\/P1180414-150x113.jpg\" class=\"attachment-thumbnail size-thumbnail\" alt=\"\" srcset=\"https:\/\/www.mundi-roth.de\/teneriffa-blog\/wp-content\/uploads\/2015\/04\/P1180414-150x113.jpg 150w, https:\/\/www.mundi-roth.de\/teneriffa-blog\/wp-content\/uploads\/2015\/04\/P1180414-300x225.jpg 300w, https:\/\/www.mundi-roth.de\/teneriffa-blog\/wp-content\/uploads\/2015\/04\/P1180414.jpg 800w\" sizes=\"auto, (max-width: 150px) 100vw, 150px\" \/><\/a>\n\t\t\t<\/dt><\/dl><dl class='gallery-item'>\n\t\t\t<dt class='gallery-icon landscape'>\n\t\t\t\t<a href='https:\/\/www.mundi-roth.de\/teneriffa-blog\/wp-content\/uploads\/2015\/04\/P1180418.jpg' rel=\"lightbox[4076]\"><img loading=\"lazy\" decoding=\"async\" width=\"150\" height=\"113\" src=\"https:\/\/www.mundi-roth.de\/teneriffa-blog\/wp-content\/uploads\/2015\/04\/P1180418-150x113.jpg\" class=\"attachment-thumbnail size-thumbnail\" alt=\"\" srcset=\"https:\/\/www.mundi-roth.de\/teneriffa-blog\/wp-content\/uploads\/2015\/04\/P1180418-150x113.jpg 150w, https:\/\/www.mundi-roth.de\/teneriffa-blog\/wp-content\/uploads\/2015\/04\/P1180418-300x225.jpg 300w, https:\/\/www.mundi-roth.de\/teneriffa-blog\/wp-content\/uploads\/2015\/04\/P1180418.jpg 800w\" sizes=\"auto, (max-width: 150px) 100vw, 150px\" \/><\/a>\n\t\t\t<\/dt><\/dl><br style=\"clear: both\" \/><dl class='gallery-item'>\n\t\t\t<dt class='gallery-icon landscape'>\n\t\t\t\t<a href='https:\/\/www.mundi-roth.de\/teneriffa-blog\/wp-content\/uploads\/2015\/04\/P1180422.jpg' rel=\"lightbox[4076]\"><img loading=\"lazy\" decoding=\"async\" width=\"150\" height=\"113\" src=\"https:\/\/www.mundi-roth.de\/teneriffa-blog\/wp-content\/uploads\/2015\/04\/P1180422-150x113.jpg\" class=\"attachment-thumbnail size-thumbnail\" alt=\"\" srcset=\"https:\/\/www.mundi-roth.de\/teneriffa-blog\/wp-content\/uploads\/2015\/04\/P1180422-150x113.jpg 150w, https:\/\/www.mundi-roth.de\/teneriffa-blog\/wp-content\/uploads\/2015\/04\/P1180422-300x225.jpg 300w, https:\/\/www.mundi-roth.de\/teneriffa-blog\/wp-content\/uploads\/2015\/04\/P1180422.jpg 800w\" sizes=\"auto, (max-width: 150px) 100vw, 150px\" \/><\/a>\n\t\t\t<\/dt><\/dl><dl class='gallery-item'>\n\t\t\t<dt class='gallery-icon landscape'>\n\t\t\t\t<a href='https:\/\/www.mundi-roth.de\/teneriffa-blog\/wp-content\/uploads\/2015\/04\/P1180431.jpg' rel=\"lightbox[4076]\"><img loading=\"lazy\" decoding=\"async\" width=\"150\" height=\"113\" src=\"https:\/\/www.mundi-roth.de\/teneriffa-blog\/wp-content\/uploads\/2015\/04\/P1180431-150x113.jpg\" class=\"attachment-thumbnail size-thumbnail\" alt=\"\" srcset=\"https:\/\/www.mundi-roth.de\/teneriffa-blog\/wp-content\/uploads\/2015\/04\/P1180431-150x113.jpg 150w, https:\/\/www.mundi-roth.de\/teneriffa-blog\/wp-content\/uploads\/2015\/04\/P1180431-300x225.jpg 300w, https:\/\/www.mundi-roth.de\/teneriffa-blog\/wp-content\/uploads\/2015\/04\/P1180431.jpg 800w\" sizes=\"auto, (max-width: 150px) 100vw, 150px\" \/><\/a>\n\t\t\t<\/dt><\/dl><dl class='gallery-item'>\n\t\t\t<dt class='gallery-icon landscape'>\n\t\t\t\t<a href='https:\/\/www.mundi-roth.de\/teneriffa-blog\/wp-content\/uploads\/2015\/04\/P1180433.jpg' rel=\"lightbox[4076]\"><img loading=\"lazy\" decoding=\"async\" width=\"150\" height=\"113\" src=\"https:\/\/www.mundi-roth.de\/teneriffa-blog\/wp-content\/uploads\/2015\/04\/P1180433-150x113.jpg\" class=\"attachment-thumbnail size-thumbnail\" alt=\"\" srcset=\"https:\/\/www.mundi-roth.de\/teneriffa-blog\/wp-content\/uploads\/2015\/04\/P1180433-150x113.jpg 150w, https:\/\/www.mundi-roth.de\/teneriffa-blog\/wp-content\/uploads\/2015\/04\/P1180433-300x225.jpg 300w, https:\/\/www.mundi-roth.de\/teneriffa-blog\/wp-content\/uploads\/2015\/04\/P1180433.jpg 800w\" sizes=\"auto, (max-width: 150px) 100vw, 150px\" \/><\/a>\n\t\t\t<\/dt><\/dl><br style=\"clear: both\" \/><dl class='gallery-item'>\n\t\t\t<dt class='gallery-icon landscape'>\n\t\t\t\t<a href='https:\/\/www.mundi-roth.de\/teneriffa-blog\/wp-content\/uploads\/2015\/04\/P1180439.jpg' rel=\"lightbox[4076]\"><img loading=\"lazy\" decoding=\"async\" width=\"150\" height=\"113\" src=\"https:\/\/www.mundi-roth.de\/teneriffa-blog\/wp-content\/uploads\/2015\/04\/P1180439-150x113.jpg\" class=\"attachment-thumbnail size-thumbnail\" alt=\"\" srcset=\"https:\/\/www.mundi-roth.de\/teneriffa-blog\/wp-content\/uploads\/2015\/04\/P1180439-150x113.jpg 150w, https:\/\/www.mundi-roth.de\/teneriffa-blog\/wp-content\/uploads\/2015\/04\/P1180439-300x225.jpg 300w, https:\/\/www.mundi-roth.de\/teneriffa-blog\/wp-content\/uploads\/2015\/04\/P1180439.jpg 800w\" sizes=\"auto, (max-width: 150px) 100vw, 150px\" \/><\/a>\n\t\t\t<\/dt><\/dl><dl class='gallery-item'>\n\t\t\t<dt class='gallery-icon landscape'>\n\t\t\t\t<a href='https:\/\/www.mundi-roth.de\/teneriffa-blog\/wp-content\/uploads\/2015\/04\/P1180445.jpg' rel=\"lightbox[4076]\"><img loading=\"lazy\" decoding=\"async\" width=\"150\" height=\"113\" src=\"https:\/\/www.mundi-roth.de\/teneriffa-blog\/wp-content\/uploads\/2015\/04\/P1180445-150x113.jpg\" class=\"attachment-thumbnail size-thumbnail\" alt=\"\" srcset=\"https:\/\/www.mundi-roth.de\/teneriffa-blog\/wp-content\/uploads\/2015\/04\/P1180445-150x113.jpg 150w, https:\/\/www.mundi-roth.de\/teneriffa-blog\/wp-content\/uploads\/2015\/04\/P1180445-300x225.jpg 300w, https:\/\/www.mundi-roth.de\/teneriffa-blog\/wp-content\/uploads\/2015\/04\/P1180445.jpg 800w\" sizes=\"auto, (max-width: 150px) 100vw, 150px\" \/><\/a>\n\t\t\t<\/dt><\/dl><dl class='gallery-item'>\n\t\t\t<dt class='gallery-icon landscape'>\n\t\t\t\t<a href='https:\/\/www.mundi-roth.de\/teneriffa-blog\/wp-content\/uploads\/2015\/04\/P1180448.jpg' rel=\"lightbox[4076]\"><img loading=\"lazy\" decoding=\"async\" width=\"150\" height=\"113\" src=\"https:\/\/www.mundi-roth.de\/teneriffa-blog\/wp-content\/uploads\/2015\/04\/P1180448-150x113.jpg\" class=\"attachment-thumbnail size-thumbnail\" alt=\"\" srcset=\"https:\/\/www.mundi-roth.de\/teneriffa-blog\/wp-content\/uploads\/2015\/04\/P1180448-150x113.jpg 150w, https:\/\/www.mundi-roth.de\/teneriffa-blog\/wp-content\/uploads\/2015\/04\/P1180448-300x225.jpg 300w, https:\/\/www.mundi-roth.de\/teneriffa-blog\/wp-content\/uploads\/2015\/04\/P1180448.jpg 800w\" sizes=\"auto, (max-width: 150px) 100vw, 150px\" \/><\/a>\n\t\t\t<\/dt><\/dl><br style=\"clear: both\" \/><dl class='gallery-item'>\n\t\t\t<dt class='gallery-icon landscape'>\n\t\t\t\t<a href='https:\/\/www.mundi-roth.de\/teneriffa-blog\/wp-content\/uploads\/2015\/04\/P1180453.jpg' rel=\"lightbox[4076]\"><img loading=\"lazy\" decoding=\"async\" width=\"150\" height=\"113\" src=\"https:\/\/www.mundi-roth.de\/teneriffa-blog\/wp-content\/uploads\/2015\/04\/P1180453-150x113.jpg\" class=\"attachment-thumbnail size-thumbnail\" alt=\"\" srcset=\"https:\/\/www.mundi-roth.de\/teneriffa-blog\/wp-content\/uploads\/2015\/04\/P1180453-150x113.jpg 150w, https:\/\/www.mundi-roth.de\/teneriffa-blog\/wp-content\/uploads\/2015\/04\/P1180453-300x225.jpg 300w, https:\/\/www.mundi-roth.de\/teneriffa-blog\/wp-content\/uploads\/2015\/04\/P1180453.jpg 800w\" sizes=\"auto, (max-width: 150px) 100vw, 150px\" \/><\/a>\n\t\t\t<\/dt><\/dl><dl class='gallery-item'>\n\t\t\t<dt class='gallery-icon landscape'>\n\t\t\t\t<a href='https:\/\/www.mundi-roth.de\/teneriffa-blog\/wp-content\/uploads\/2015\/04\/P1180458.jpg' rel=\"lightbox[4076]\"><img loading=\"lazy\" decoding=\"async\" width=\"150\" height=\"113\" src=\"https:\/\/www.mundi-roth.de\/teneriffa-blog\/wp-content\/uploads\/2015\/04\/P1180458-150x113.jpg\" class=\"attachment-thumbnail size-thumbnail\" alt=\"\" srcset=\"https:\/\/www.mundi-roth.de\/teneriffa-blog\/wp-content\/uploads\/2015\/04\/P1180458-150x113.jpg 150w, https:\/\/www.mundi-roth.de\/teneriffa-blog\/wp-content\/uploads\/2015\/04\/P1180458-300x225.jpg 300w, https:\/\/www.mundi-roth.de\/teneriffa-blog\/wp-content\/uploads\/2015\/04\/P1180458.jpg 800w\" sizes=\"auto, (max-width: 150px) 100vw, 150px\" \/><\/a>\n\t\t\t<\/dt><\/dl><dl class='gallery-item'>\n\t\t\t<dt class='gallery-icon landscape'>\n\t\t\t\t<a href='https:\/\/www.mundi-roth.de\/teneriffa-blog\/wp-content\/uploads\/2015\/04\/P1180466.jpg' rel=\"lightbox[4076]\"><img loading=\"lazy\" decoding=\"async\" width=\"150\" height=\"113\" src=\"https:\/\/www.mundi-roth.de\/teneriffa-blog\/wp-content\/uploads\/2015\/04\/P1180466-150x113.jpg\" class=\"attachment-thumbnail size-thumbnail\" alt=\"\" srcset=\"https:\/\/www.mundi-roth.de\/teneriffa-blog\/wp-content\/uploads\/2015\/04\/P1180466-150x113.jpg 150w, https:\/\/www.mundi-roth.de\/teneriffa-blog\/wp-content\/uploads\/2015\/04\/P1180466-300x225.jpg 300w, https:\/\/www.mundi-roth.de\/teneriffa-blog\/wp-content\/uploads\/2015\/04\/P1180466.jpg 800w\" sizes=\"auto, (max-width: 150px) 100vw, 150px\" \/><\/a>\n\t\t\t<\/dt><\/dl><br style=\"clear: both\" \/><dl class='gallery-item'>\n\t\t\t<dt class='gallery-icon landscape'>\n\t\t\t\t<a href='https:\/\/www.mundi-roth.de\/teneriffa-blog\/wp-content\/uploads\/2015\/04\/P1180470.jpg' rel=\"lightbox[4076]\"><img loading=\"lazy\" decoding=\"async\" width=\"150\" height=\"113\" src=\"https:\/\/www.mundi-roth.de\/teneriffa-blog\/wp-content\/uploads\/2015\/04\/P1180470-150x113.jpg\" class=\"attachment-thumbnail size-thumbnail\" alt=\"\" srcset=\"https:\/\/www.mundi-roth.de\/teneriffa-blog\/wp-content\/uploads\/2015\/04\/P1180470-150x113.jpg 150w, https:\/\/www.mundi-roth.de\/teneriffa-blog\/wp-content\/uploads\/2015\/04\/P1180470-300x225.jpg 300w, https:\/\/www.mundi-roth.de\/teneriffa-blog\/wp-content\/uploads\/2015\/04\/P1180470.jpg 800w\" sizes=\"auto, (max-width: 150px) 100vw, 150px\" \/><\/a>\n\t\t\t<\/dt><\/dl><dl class='gallery-item'>\n\t\t\t<dt class='gallery-icon landscape'>\n\t\t\t\t<a href='https:\/\/www.mundi-roth.de\/teneriffa-blog\/wp-content\/uploads\/2015\/04\/P1180474.jpg' rel=\"lightbox[4076]\"><img loading=\"lazy\" decoding=\"async\" width=\"150\" height=\"113\" src=\"https:\/\/www.mundi-roth.de\/teneriffa-blog\/wp-content\/uploads\/2015\/04\/P1180474-150x113.jpg\" class=\"attachment-thumbnail size-thumbnail\" alt=\"\" srcset=\"https:\/\/www.mundi-roth.de\/teneriffa-blog\/wp-content\/uploads\/2015\/04\/P1180474-150x113.jpg 150w, https:\/\/www.mundi-roth.de\/teneriffa-blog\/wp-content\/uploads\/2015\/04\/P1180474-300x225.jpg 300w, https:\/\/www.mundi-roth.de\/teneriffa-blog\/wp-content\/uploads\/2015\/04\/P1180474.jpg 800w\" sizes=\"auto, (max-width: 150px) 100vw, 150px\" \/><\/a>\n\t\t\t<\/dt><\/dl><dl class='gallery-item'>\n\t\t\t<dt class='gallery-icon landscape'>\n\t\t\t\t<a href='https:\/\/www.mundi-roth.de\/teneriffa-blog\/wp-content\/uploads\/2015\/04\/P1180479.jpg' rel=\"lightbox[4076]\"><img loading=\"lazy\" decoding=\"async\" width=\"150\" height=\"113\" src=\"https:\/\/www.mundi-roth.de\/teneriffa-blog\/wp-content\/uploads\/2015\/04\/P1180479-150x113.jpg\" class=\"attachment-thumbnail size-thumbnail\" alt=\"\" srcset=\"https:\/\/www.mundi-roth.de\/teneriffa-blog\/wp-content\/uploads\/2015\/04\/P1180479-150x113.jpg 150w, https:\/\/www.mundi-roth.de\/teneriffa-blog\/wp-content\/uploads\/2015\/04\/P1180479-300x225.jpg 300w, https:\/\/www.mundi-roth.de\/teneriffa-blog\/wp-content\/uploads\/2015\/04\/P1180479.jpg 800w\" sizes=\"auto, (max-width: 150px) 100vw, 150px\" \/><\/a>\n\t\t\t<\/dt><\/dl><br style=\"clear: both\" \/><dl class='gallery-item'>\n\t\t\t<dt class='gallery-icon landscape'>\n\t\t\t\t<a href='https:\/\/www.mundi-roth.de\/teneriffa-blog\/wp-content\/uploads\/2015\/04\/P1180496.jpg' rel=\"lightbox[4076]\"><img loading=\"lazy\" decoding=\"async\" width=\"150\" height=\"113\" src=\"https:\/\/www.mundi-roth.de\/teneriffa-blog\/wp-content\/uploads\/2015\/04\/P1180496-150x113.jpg\" class=\"attachment-thumbnail size-thumbnail\" alt=\"\" srcset=\"https:\/\/www.mundi-roth.de\/teneriffa-blog\/wp-content\/uploads\/2015\/04\/P1180496-150x113.jpg 150w, https:\/\/www.mundi-roth.de\/teneriffa-blog\/wp-content\/uploads\/2015\/04\/P1180496-300x225.jpg 300w, https:\/\/www.mundi-roth.de\/teneriffa-blog\/wp-content\/uploads\/2015\/04\/P1180496.jpg 800w\" sizes=\"auto, (max-width: 150px) 100vw, 150px\" \/><\/a>\n\t\t\t<\/dt><\/dl><dl class='gallery-item'>\n\t\t\t<dt class='gallery-icon landscape'>\n\t\t\t\t<a href='https:\/\/www.mundi-roth.de\/teneriffa-blog\/wp-content\/uploads\/2015\/04\/P1180498.jpg' rel=\"lightbox[4076]\"><img loading=\"lazy\" decoding=\"async\" width=\"150\" height=\"113\" src=\"https:\/\/www.mundi-roth.de\/teneriffa-blog\/wp-content\/uploads\/2015\/04\/P1180498-150x113.jpg\" class=\"attachment-thumbnail size-thumbnail\" alt=\"\" srcset=\"https:\/\/www.mundi-roth.de\/teneriffa-blog\/wp-content\/uploads\/2015\/04\/P1180498-150x113.jpg 150w, https:\/\/www.mundi-roth.de\/teneriffa-blog\/wp-content\/uploads\/2015\/04\/P1180498-300x225.jpg 300w, https:\/\/www.mundi-roth.de\/teneriffa-blog\/wp-content\/uploads\/2015\/04\/P1180498.jpg 800w\" sizes=\"auto, (max-width: 150px) 100vw, 150px\" \/><\/a>\n\t\t\t<\/dt><\/dl><dl class='gallery-item'>\n\t\t\t<dt class='gallery-icon landscape'>\n\t\t\t\t<a href='https:\/\/www.mundi-roth.de\/teneriffa-blog\/wp-content\/uploads\/2015\/04\/P1180499.jpg' rel=\"lightbox[4076]\"><img loading=\"lazy\" decoding=\"async\" width=\"150\" height=\"113\" src=\"https:\/\/www.mundi-roth.de\/teneriffa-blog\/wp-content\/uploads\/2015\/04\/P1180499-150x113.jpg\" class=\"attachment-thumbnail size-thumbnail\" alt=\"\" srcset=\"https:\/\/www.mundi-roth.de\/teneriffa-blog\/wp-content\/uploads\/2015\/04\/P1180499-150x113.jpg 150w, https:\/\/www.mundi-roth.de\/teneriffa-blog\/wp-content\/uploads\/2015\/04\/P1180499-300x225.jpg 300w, https:\/\/www.mundi-roth.de\/teneriffa-blog\/wp-content\/uploads\/2015\/04\/P1180499.jpg 800w\" sizes=\"auto, (max-width: 150px) 100vw, 150px\" \/><\/a>\n\t\t\t<\/dt><\/dl><br style=\"clear: both\" \/><dl class='gallery-item'>\n\t\t\t<dt class='gallery-icon landscape'>\n\t\t\t\t<a href='https:\/\/www.mundi-roth.de\/teneriffa-blog\/wp-content\/uploads\/2015\/04\/P1180500.jpg' rel=\"lightbox[4076]\"><img loading=\"lazy\" decoding=\"async\" width=\"150\" height=\"113\" src=\"https:\/\/www.mundi-roth.de\/teneriffa-blog\/wp-content\/uploads\/2015\/04\/P1180500-150x113.jpg\" class=\"attachment-thumbnail size-thumbnail\" alt=\"\" srcset=\"https:\/\/www.mundi-roth.de\/teneriffa-blog\/wp-content\/uploads\/2015\/04\/P1180500-150x113.jpg 150w, https:\/\/www.mundi-roth.de\/teneriffa-blog\/wp-content\/uploads\/2015\/04\/P1180500-300x225.jpg 300w, https:\/\/www.mundi-roth.de\/teneriffa-blog\/wp-content\/uploads\/2015\/04\/P1180500.jpg 800w\" sizes=\"auto, (max-width: 150px) 100vw, 150px\" \/><\/a>\n\t\t\t<\/dt><\/dl><dl class='gallery-item'>\n\t\t\t<dt class='gallery-icon landscape'>\n\t\t\t\t<a href='https:\/\/www.mundi-roth.de\/teneriffa-blog\/wp-content\/uploads\/2015\/04\/P1180504.jpg' rel=\"lightbox[4076]\"><img loading=\"lazy\" decoding=\"async\" width=\"150\" height=\"113\" src=\"https:\/\/www.mundi-roth.de\/teneriffa-blog\/wp-content\/uploads\/2015\/04\/P1180504-150x113.jpg\" class=\"attachment-thumbnail size-thumbnail\" alt=\"\" srcset=\"https:\/\/www.mundi-roth.de\/teneriffa-blog\/wp-content\/uploads\/2015\/04\/P1180504-150x113.jpg 150w, https:\/\/www.mundi-roth.de\/teneriffa-blog\/wp-content\/uploads\/2015\/04\/P1180504-300x225.jpg 300w, https:\/\/www.mundi-roth.de\/teneriffa-blog\/wp-content\/uploads\/2015\/04\/P1180504.jpg 800w\" sizes=\"auto, (max-width: 150px) 100vw, 150px\" \/><\/a>\n\t\t\t<\/dt><\/dl><dl class='gallery-item'>\n\t\t\t<dt class='gallery-icon landscape'>\n\t\t\t\t<a href='https:\/\/www.mundi-roth.de\/teneriffa-blog\/wp-content\/uploads\/2015\/04\/P1180507.jpg' rel=\"lightbox[4076]\"><img loading=\"lazy\" decoding=\"async\" width=\"150\" height=\"113\" src=\"https:\/\/www.mundi-roth.de\/teneriffa-blog\/wp-content\/uploads\/2015\/04\/P1180507-150x113.jpg\" class=\"attachment-thumbnail size-thumbnail\" alt=\"\" srcset=\"https:\/\/www.mundi-roth.de\/teneriffa-blog\/wp-content\/uploads\/2015\/04\/P1180507-150x113.jpg 150w, https:\/\/www.mundi-roth.de\/teneriffa-blog\/wp-content\/uploads\/2015\/04\/P1180507-300x225.jpg 300w, https:\/\/www.mundi-roth.de\/teneriffa-blog\/wp-content\/uploads\/2015\/04\/P1180507.jpg 800w\" sizes=\"auto, (max-width: 150px) 100vw, 150px\" \/><\/a>\n\t\t\t<\/dt><\/dl><br style=\"clear: both\" \/><dl class='gallery-item'>\n\t\t\t<dt class='gallery-icon landscape'>\n\t\t\t\t<a href='https:\/\/www.mundi-roth.de\/teneriffa-blog\/wp-content\/uploads\/2015\/04\/P1180514.jpg' rel=\"lightbox[4076]\"><img loading=\"lazy\" decoding=\"async\" width=\"150\" height=\"113\" src=\"https:\/\/www.mundi-roth.de\/teneriffa-blog\/wp-content\/uploads\/2015\/04\/P1180514-150x113.jpg\" class=\"attachment-thumbnail size-thumbnail\" alt=\"\" srcset=\"https:\/\/www.mundi-roth.de\/teneriffa-blog\/wp-content\/uploads\/2015\/04\/P1180514-150x113.jpg 150w, https:\/\/www.mundi-roth.de\/teneriffa-blog\/wp-content\/uploads\/2015\/04\/P1180514-300x225.jpg 300w, https:\/\/www.mundi-roth.de\/teneriffa-blog\/wp-content\/uploads\/2015\/04\/P1180514.jpg 800w\" sizes=\"auto, (max-width: 150px) 100vw, 150px\" \/><\/a>\n\t\t\t<\/dt><\/dl><dl class='gallery-item'>\n\t\t\t<dt class='gallery-icon landscape'>\n\t\t\t\t<a href='https:\/\/www.mundi-roth.de\/teneriffa-blog\/wp-content\/uploads\/2015\/04\/P1180515.jpg' rel=\"lightbox[4076]\"><img loading=\"lazy\" decoding=\"async\" width=\"150\" height=\"113\" src=\"https:\/\/www.mundi-roth.de\/teneriffa-blog\/wp-content\/uploads\/2015\/04\/P1180515-150x113.jpg\" class=\"attachment-thumbnail size-thumbnail\" alt=\"\" srcset=\"https:\/\/www.mundi-roth.de\/teneriffa-blog\/wp-content\/uploads\/2015\/04\/P1180515-150x113.jpg 150w, https:\/\/www.mundi-roth.de\/teneriffa-blog\/wp-content\/uploads\/2015\/04\/P1180515-300x225.jpg 300w, https:\/\/www.mundi-roth.de\/teneriffa-blog\/wp-content\/uploads\/2015\/04\/P1180515.jpg 800w\" sizes=\"auto, (max-width: 150px) 100vw, 150px\" \/><\/a>\n\t\t\t<\/dt><\/dl><dl class='gallery-item'>\n\t\t\t<dt class='gallery-icon landscape'>\n\t\t\t\t<a href='https:\/\/www.mundi-roth.de\/teneriffa-blog\/wp-content\/uploads\/2015\/04\/P1180517.jpg' rel=\"lightbox[4076]\"><img loading=\"lazy\" decoding=\"async\" width=\"150\" height=\"113\" src=\"https:\/\/www.mundi-roth.de\/teneriffa-blog\/wp-content\/uploads\/2015\/04\/P1180517-150x113.jpg\" class=\"attachment-thumbnail size-thumbnail\" alt=\"\" srcset=\"https:\/\/www.mundi-roth.de\/teneriffa-blog\/wp-content\/uploads\/2015\/04\/P1180517-150x113.jpg 150w, https:\/\/www.mundi-roth.de\/teneriffa-blog\/wp-content\/uploads\/2015\/04\/P1180517-300x225.jpg 300w, https:\/\/www.mundi-roth.de\/teneriffa-blog\/wp-content\/uploads\/2015\/04\/P1180517.jpg 800w\" sizes=\"auto, (max-width: 150px) 100vw, 150px\" \/><\/a>\n\t\t\t<\/dt><\/dl><br style=\"clear: both\" \/><dl class='gallery-item'>\n\t\t\t<dt class='gallery-icon landscape'>\n\t\t\t\t<a href='https:\/\/www.mundi-roth.de\/teneriffa-blog\/wp-content\/uploads\/2015\/04\/P1180522.jpg' rel=\"lightbox[4076]\"><img loading=\"lazy\" decoding=\"async\" width=\"150\" height=\"113\" src=\"https:\/\/www.mundi-roth.de\/teneriffa-blog\/wp-content\/uploads\/2015\/04\/P1180522-150x113.jpg\" class=\"attachment-thumbnail size-thumbnail\" alt=\"\" srcset=\"https:\/\/www.mundi-roth.de\/teneriffa-blog\/wp-content\/uploads\/2015\/04\/P1180522-150x113.jpg 150w, https:\/\/www.mundi-roth.de\/teneriffa-blog\/wp-content\/uploads\/2015\/04\/P1180522-300x225.jpg 300w, https:\/\/www.mundi-roth.de\/teneriffa-blog\/wp-content\/uploads\/2015\/04\/P1180522.jpg 800w\" sizes=\"auto, (max-width: 150px) 100vw, 150px\" \/><\/a>\n\t\t\t<\/dt><\/dl><dl class='gallery-item'>\n\t\t\t<dt class='gallery-icon landscape'>\n\t\t\t\t<a href='https:\/\/www.mundi-roth.de\/teneriffa-blog\/wp-content\/uploads\/2015\/04\/P1180527.jpg' rel=\"lightbox[4076]\"><img loading=\"lazy\" decoding=\"async\" width=\"150\" height=\"113\" src=\"https:\/\/www.mundi-roth.de\/teneriffa-blog\/wp-content\/uploads\/2015\/04\/P1180527-150x113.jpg\" class=\"attachment-thumbnail size-thumbnail\" alt=\"\" srcset=\"https:\/\/www.mundi-roth.de\/teneriffa-blog\/wp-content\/uploads\/2015\/04\/P1180527-150x113.jpg 150w, https:\/\/www.mundi-roth.de\/teneriffa-blog\/wp-content\/uploads\/2015\/04\/P1180527-300x225.jpg 300w, https:\/\/www.mundi-roth.de\/teneriffa-blog\/wp-content\/uploads\/2015\/04\/P1180527.jpg 800w\" sizes=\"auto, (max-width: 150px) 100vw, 150px\" \/><\/a>\n\t\t\t<\/dt><\/dl><dl class='gallery-item'>\n\t\t\t<dt class='gallery-icon landscape'>\n\t\t\t\t<a href='https:\/\/www.mundi-roth.de\/teneriffa-blog\/wp-content\/uploads\/2015\/04\/P1180528.jpg' rel=\"lightbox[4076]\"><img loading=\"lazy\" decoding=\"async\" width=\"150\" height=\"113\" src=\"https:\/\/www.mundi-roth.de\/teneriffa-blog\/wp-content\/uploads\/2015\/04\/P1180528-150x113.jpg\" class=\"attachment-thumbnail size-thumbnail\" alt=\"\" srcset=\"https:\/\/www.mundi-roth.de\/teneriffa-blog\/wp-content\/uploads\/2015\/04\/P1180528-150x113.jpg 150w, https:\/\/www.mundi-roth.de\/teneriffa-blog\/wp-content\/uploads\/2015\/04\/P1180528-300x225.jpg 300w, https:\/\/www.mundi-roth.de\/teneriffa-blog\/wp-content\/uploads\/2015\/04\/P1180528.jpg 800w\" sizes=\"auto, (max-width: 150px) 100vw, 150px\" \/><\/a>\n\t\t\t<\/dt><\/dl><br style=\"clear: both\" \/><dl class='gallery-item'>\n\t\t\t<dt class='gallery-icon landscape'>\n\t\t\t\t<a href='https:\/\/www.mundi-roth.de\/teneriffa-blog\/wp-content\/uploads\/2015\/04\/P1180529.jpg' rel=\"lightbox[4076]\"><img loading=\"lazy\" decoding=\"async\" width=\"150\" height=\"113\" src=\"https:\/\/www.mundi-roth.de\/teneriffa-blog\/wp-content\/uploads\/2015\/04\/P1180529-150x113.jpg\" class=\"attachment-thumbnail size-thumbnail\" alt=\"\" srcset=\"https:\/\/www.mundi-roth.de\/teneriffa-blog\/wp-content\/uploads\/2015\/04\/P1180529-150x113.jpg 150w, https:\/\/www.mundi-roth.de\/teneriffa-blog\/wp-content\/uploads\/2015\/04\/P1180529-300x225.jpg 300w, https:\/\/www.mundi-roth.de\/teneriffa-blog\/wp-content\/uploads\/2015\/04\/P1180529.jpg 800w\" sizes=\"auto, (max-width: 150px) 100vw, 150px\" \/><\/a>\n\t\t\t<\/dt><\/dl><dl class='gallery-item'>\n\t\t\t<dt class='gallery-icon landscape'>\n\t\t\t\t<a href='https:\/\/www.mundi-roth.de\/teneriffa-blog\/wp-content\/uploads\/2015\/04\/P1180530.jpg' rel=\"lightbox[4076]\"><img loading=\"lazy\" decoding=\"async\" width=\"150\" height=\"113\" src=\"https:\/\/www.mundi-roth.de\/teneriffa-blog\/wp-content\/uploads\/2015\/04\/P1180530-150x113.jpg\" class=\"attachment-thumbnail size-thumbnail\" alt=\"\" srcset=\"https:\/\/www.mundi-roth.de\/teneriffa-blog\/wp-content\/uploads\/2015\/04\/P1180530-150x113.jpg 150w, https:\/\/www.mundi-roth.de\/teneriffa-blog\/wp-content\/uploads\/2015\/04\/P1180530-300x225.jpg 300w, https:\/\/www.mundi-roth.de\/teneriffa-blog\/wp-content\/uploads\/2015\/04\/P1180530.jpg 800w\" sizes=\"auto, (max-width: 150px) 100vw, 150px\" \/><\/a>\n\t\t\t<\/dt><\/dl><dl class='gallery-item'>\n\t\t\t<dt class='gallery-icon landscape'>\n\t\t\t\t<a href='https:\/\/www.mundi-roth.de\/teneriffa-blog\/wp-content\/uploads\/2015\/04\/P1180536.jpg' rel=\"lightbox[4076]\"><img loading=\"lazy\" decoding=\"async\" width=\"150\" height=\"113\" src=\"https:\/\/www.mundi-roth.de\/teneriffa-blog\/wp-content\/uploads\/2015\/04\/P1180536-150x113.jpg\" class=\"attachment-thumbnail size-thumbnail\" alt=\"\" srcset=\"https:\/\/www.mundi-roth.de\/teneriffa-blog\/wp-content\/uploads\/2015\/04\/P1180536-150x113.jpg 150w, https:\/\/www.mundi-roth.de\/teneriffa-blog\/wp-content\/uploads\/2015\/04\/P1180536-300x225.jpg 300w, https:\/\/www.mundi-roth.de\/teneriffa-blog\/wp-content\/uploads\/2015\/04\/P1180536.jpg 800w\" sizes=\"auto, (max-width: 150px) 100vw, 150px\" \/><\/a>\n\t\t\t<\/dt><\/dl><br style=\"clear: both\" \/><dl class='gallery-item'>\n\t\t\t<dt class='gallery-icon landscape'>\n\t\t\t\t<a href='https:\/\/www.mundi-roth.de\/teneriffa-blog\/wp-content\/uploads\/2015\/04\/P1180538.jpg' rel=\"lightbox[4076]\"><img loading=\"lazy\" decoding=\"async\" width=\"150\" height=\"113\" src=\"https:\/\/www.mundi-roth.de\/teneriffa-blog\/wp-content\/uploads\/2015\/04\/P1180538-150x113.jpg\" class=\"attachment-thumbnail size-thumbnail\" alt=\"\" srcset=\"https:\/\/www.mundi-roth.de\/teneriffa-blog\/wp-content\/uploads\/2015\/04\/P1180538-150x113.jpg 150w, https:\/\/www.mundi-roth.de\/teneriffa-blog\/wp-content\/uploads\/2015\/04\/P1180538-300x225.jpg 300w, https:\/\/www.mundi-roth.de\/teneriffa-blog\/wp-content\/uploads\/2015\/04\/P1180538.jpg 800w\" sizes=\"auto, (max-width: 150px) 100vw, 150px\" \/><\/a>\n\t\t\t<\/dt><\/dl><dl class='gallery-item'>\n\t\t\t<dt class='gallery-icon landscape'>\n\t\t\t\t<a href='https:\/\/www.mundi-roth.de\/teneriffa-blog\/wp-content\/uploads\/2015\/04\/P1180559.jpg' rel=\"lightbox[4076]\"><img loading=\"lazy\" decoding=\"async\" width=\"150\" height=\"113\" src=\"https:\/\/www.mundi-roth.de\/teneriffa-blog\/wp-content\/uploads\/2015\/04\/P1180559-150x113.jpg\" class=\"attachment-thumbnail size-thumbnail\" alt=\"\" srcset=\"https:\/\/www.mundi-roth.de\/teneriffa-blog\/wp-content\/uploads\/2015\/04\/P1180559-150x113.jpg 150w, https:\/\/www.mundi-roth.de\/teneriffa-blog\/wp-content\/uploads\/2015\/04\/P1180559-300x225.jpg 300w, https:\/\/www.mundi-roth.de\/teneriffa-blog\/wp-content\/uploads\/2015\/04\/P1180559.jpg 800w\" sizes=\"auto, (max-width: 150px) 100vw, 150px\" \/><\/a>\n\t\t\t<\/dt><\/dl><dl class='gallery-item'>\n\t\t\t<dt class='gallery-icon landscape'>\n\t\t\t\t<a href='https:\/\/www.mundi-roth.de\/teneriffa-blog\/wp-content\/uploads\/2015\/04\/P1180545.jpg' rel=\"lightbox[4076]\"><img loading=\"lazy\" decoding=\"async\" width=\"150\" height=\"113\" src=\"https:\/\/www.mundi-roth.de\/teneriffa-blog\/wp-content\/uploads\/2015\/04\/P1180545-150x113.jpg\" class=\"attachment-thumbnail size-thumbnail\" alt=\"\" srcset=\"https:\/\/www.mundi-roth.de\/teneriffa-blog\/wp-content\/uploads\/2015\/04\/P1180545-150x113.jpg 150w, https:\/\/www.mundi-roth.de\/teneriffa-blog\/wp-content\/uploads\/2015\/04\/P1180545-300x225.jpg 300w, https:\/\/www.mundi-roth.de\/teneriffa-blog\/wp-content\/uploads\/2015\/04\/P1180545.jpg 800w\" sizes=\"auto, (max-width: 150px) 100vw, 150px\" \/><\/a>\n\t\t\t<\/dt><\/dl><br style=\"clear: both\" \/>\n\t\t<\/div>\n\n","protected":false},"excerpt":{"rendered":"<p>Juhuuuu! Wir haben sie endlich gemacht! Unsere Traumtour! Die Tour der Superlative! Die Sch\u00f6nste! Die Spektakul\u00e4rste! Die Aufregendste! Die Gef\u00e4hrlichst? Das muss ich erkl\u00e4ren: Seit etwa 1 Jahr spukt uns die Tour, die in keinem Wanderf\u00fchrer beschrieben ist, im Kopf herum. So gut vorbereitet wie diese, haben wir noch keine der 180 bisher beschriebenen Wanderungen [&hellip;]<\/p>\n","protected":false},"author":4,"featured_media":4095,"comment_status":"open","ping_status":"open","sticky":false,"template":"","format":"standard","meta":{"footnotes":""},"categories":[771,6],"tags":[71,839,439,838,446],"class_list":["post-4076","post","type-post","status-publish","format-standard","has-post-thumbnail","hentry","category-gueimar","category-wanderungen","tag-guimar","tag-las-ventanas-de-gueimar","tag-teneriffa-wandern","tag-ventanas-de-gueimar","tag-wandern-teneriffa"],"yoast_head":"<!-- This site is optimized with the Yoast SEO plugin v27.5 - https:\/\/yoast.com\/product\/yoast-seo-wordpress\/ -->\n<title>Las Ventanas de G\u00fcimar - Teneriffa Wandern<\/title>\n<meta name=\"robots\" content=\"index, follow, max-snippet:-1, max-image-preview:large, max-video-preview:-1\" \/>\n<link rel=\"canonical\" href=\"https:\/\/www.mundi-roth.de\/teneriffa-blog\/wanderungen\/ventanas-de-gueimar\/\" \/>\n<meta name=\"twitter:label1\" content=\"Verfasst von\" \/>\n\t<meta name=\"twitter:data1\" content=\"mundi\" \/>\n\t<meta name=\"twitter:label2\" content=\"Gesch\u00e4tzte Lesezeit\" \/>\n\t<meta name=\"twitter:data2\" content=\"13\u00a0Minuten\" \/>\n<script type=\"application\/ld+json\" class=\"yoast-schema-graph\">{\"@context\":\"https:\\\/\\\/schema.org\",\"@graph\":[{\"@type\":\"Article\",\"@id\":\"https:\\\/\\\/www.mundi-roth.de\\\/teneriffa-blog\\\/wanderungen\\\/ventanas-de-gueimar\\\/#article\",\"isPartOf\":{\"@id\":\"https:\\\/\\\/www.mundi-roth.de\\\/teneriffa-blog\\\/wanderungen\\\/ventanas-de-gueimar\\\/\"},\"author\":{\"name\":\"mundi\",\"@id\":\"https:\\\/\\\/www.mundi-roth.de\\\/teneriffa-blog\\\/#\\\/schema\\\/person\\\/971c66b55f3ae5e8741553688c413cac\"},\"headline\":\"Las Ventanas de G\u00fcimar\",\"datePublished\":\"2015-03-31T21:00:33+00:00\",\"dateModified\":\"2015-07-05T08:47:08+00:00\",\"mainEntityOfPage\":{\"@id\":\"https:\\\/\\\/www.mundi-roth.de\\\/teneriffa-blog\\\/wanderungen\\\/ventanas-de-gueimar\\\/\"},\"wordCount\":2662,\"commentCount\":10,\"image\":{\"@id\":\"https:\\\/\\\/www.mundi-roth.de\\\/teneriffa-blog\\\/wanderungen\\\/ventanas-de-gueimar\\\/#primaryimage\"},\"thumbnailUrl\":\"https:\\\/\\\/www.mundi-roth.de\\\/teneriffa-blog\\\/wp-content\\\/uploads\\\/2015\\\/04\\\/P1180375.jpg\",\"keywords\":[\"G\u00fcimar\",\"Las Ventanas de G\u00fcimar\",\"Teneriffa Wandern\",\"Ventanas de G\u00fcimar\",\"Wandern Teneriffa\"],\"articleSection\":[\"G\u00fcimar\",\"Wanderungen\"],\"inLanguage\":\"de\",\"potentialAction\":[{\"@type\":\"CommentAction\",\"name\":\"Comment\",\"target\":[\"https:\\\/\\\/www.mundi-roth.de\\\/teneriffa-blog\\\/wanderungen\\\/ventanas-de-gueimar\\\/#respond\"]}]},{\"@type\":\"WebPage\",\"@id\":\"https:\\\/\\\/www.mundi-roth.de\\\/teneriffa-blog\\\/wanderungen\\\/ventanas-de-gueimar\\\/\",\"url\":\"https:\\\/\\\/www.mundi-roth.de\\\/teneriffa-blog\\\/wanderungen\\\/ventanas-de-gueimar\\\/\",\"name\":\"Las Ventanas de G\u00fcimar - Teneriffa Wandern\",\"isPartOf\":{\"@id\":\"https:\\\/\\\/www.mundi-roth.de\\\/teneriffa-blog\\\/#website\"},\"primaryImageOfPage\":{\"@id\":\"https:\\\/\\\/www.mundi-roth.de\\\/teneriffa-blog\\\/wanderungen\\\/ventanas-de-gueimar\\\/#primaryimage\"},\"image\":{\"@id\":\"https:\\\/\\\/www.mundi-roth.de\\\/teneriffa-blog\\\/wanderungen\\\/ventanas-de-gueimar\\\/#primaryimage\"},\"thumbnailUrl\":\"https:\\\/\\\/www.mundi-roth.de\\\/teneriffa-blog\\\/wp-content\\\/uploads\\\/2015\\\/04\\\/P1180375.jpg\",\"datePublished\":\"2015-03-31T21:00:33+00:00\",\"dateModified\":\"2015-07-05T08:47:08+00:00\",\"author\":{\"@id\":\"https:\\\/\\\/www.mundi-roth.de\\\/teneriffa-blog\\\/#\\\/schema\\\/person\\\/971c66b55f3ae5e8741553688c413cac\"},\"breadcrumb\":{\"@id\":\"https:\\\/\\\/www.mundi-roth.de\\\/teneriffa-blog\\\/wanderungen\\\/ventanas-de-gueimar\\\/#breadcrumb\"},\"inLanguage\":\"de\",\"potentialAction\":[{\"@type\":\"ReadAction\",\"target\":[\"https:\\\/\\\/www.mundi-roth.de\\\/teneriffa-blog\\\/wanderungen\\\/ventanas-de-gueimar\\\/\"]}]},{\"@type\":\"ImageObject\",\"inLanguage\":\"de\",\"@id\":\"https:\\\/\\\/www.mundi-roth.de\\\/teneriffa-blog\\\/wanderungen\\\/ventanas-de-gueimar\\\/#primaryimage\",\"url\":\"https:\\\/\\\/www.mundi-roth.de\\\/teneriffa-blog\\\/wp-content\\\/uploads\\\/2015\\\/04\\\/P1180375.jpg\",\"contentUrl\":\"https:\\\/\\\/www.mundi-roth.de\\\/teneriffa-blog\\\/wp-content\\\/uploads\\\/2015\\\/04\\\/P1180375.jpg\",\"width\":800,\"height\":600},{\"@type\":\"BreadcrumbList\",\"@id\":\"https:\\\/\\\/www.mundi-roth.de\\\/teneriffa-blog\\\/wanderungen\\\/ventanas-de-gueimar\\\/#breadcrumb\",\"itemListElement\":[{\"@type\":\"ListItem\",\"position\":1,\"name\":\"Startseite\",\"item\":\"https:\\\/\\\/www.mundi-roth.de\\\/teneriffa-blog\\\/\"},{\"@type\":\"ListItem\",\"position\":2,\"name\":\"Las Ventanas de G\u00fcimar\"}]},{\"@type\":\"WebSite\",\"@id\":\"https:\\\/\\\/www.mundi-roth.de\\\/teneriffa-blog\\\/#website\",\"url\":\"https:\\\/\\\/www.mundi-roth.de\\\/teneriffa-blog\\\/\",\"name\":\"Teneriffa Wandern\",\"description\":\"Nicht nur Wanderungen auf Teneriffa...\",\"potentialAction\":[{\"@type\":\"SearchAction\",\"target\":{\"@type\":\"EntryPoint\",\"urlTemplate\":\"https:\\\/\\\/www.mundi-roth.de\\\/teneriffa-blog\\\/?s={search_term_string}\"},\"query-input\":{\"@type\":\"PropertyValueSpecification\",\"valueRequired\":true,\"valueName\":\"search_term_string\"}}],\"inLanguage\":\"de\"},{\"@type\":\"Person\",\"@id\":\"https:\\\/\\\/www.mundi-roth.de\\\/teneriffa-blog\\\/#\\\/schema\\\/person\\\/971c66b55f3ae5e8741553688c413cac\",\"name\":\"mundi\",\"image\":{\"@type\":\"ImageObject\",\"inLanguage\":\"de\",\"@id\":\"https:\\\/\\\/secure.gravatar.com\\\/avatar\\\/555f0dd85428f1a9330f8e5dbe9e40ff9ca912bb81e5a89747ebf3ca9c20dc0f?s=96&d=mm&r=g\",\"url\":\"https:\\\/\\\/secure.gravatar.com\\\/avatar\\\/555f0dd85428f1a9330f8e5dbe9e40ff9ca912bb81e5a89747ebf3ca9c20dc0f?s=96&d=mm&r=g\",\"contentUrl\":\"https:\\\/\\\/secure.gravatar.com\\\/avatar\\\/555f0dd85428f1a9330f8e5dbe9e40ff9ca912bb81e5a89747ebf3ca9c20dc0f?s=96&d=mm&r=g\",\"caption\":\"mundi\"},\"sameAs\":[\"http:\\\/\\\/mundi-roth.de\"],\"url\":\"https:\\\/\\\/www.mundi-roth.de\\\/teneriffa-blog\\\/author\\\/mundi\\\/\"}]}<\/script>\n<!-- \/ Yoast SEO plugin. -->","yoast_head_json":{"title":"Las Ventanas de G\u00fcimar - Teneriffa Wandern","robots":{"index":"index","follow":"follow","max-snippet":"max-snippet:-1","max-image-preview":"max-image-preview:large","max-video-preview":"max-video-preview:-1"},"canonical":"https:\/\/www.mundi-roth.de\/teneriffa-blog\/wanderungen\/ventanas-de-gueimar\/","twitter_misc":{"Verfasst von":"mundi","Gesch\u00e4tzte Lesezeit":"13\u00a0Minuten"},"schema":{"@context":"https:\/\/schema.org","@graph":[{"@type":"Article","@id":"https:\/\/www.mundi-roth.de\/teneriffa-blog\/wanderungen\/ventanas-de-gueimar\/#article","isPartOf":{"@id":"https:\/\/www.mundi-roth.de\/teneriffa-blog\/wanderungen\/ventanas-de-gueimar\/"},"author":{"name":"mundi","@id":"https:\/\/www.mundi-roth.de\/teneriffa-blog\/#\/schema\/person\/971c66b55f3ae5e8741553688c413cac"},"headline":"Las Ventanas de G\u00fcimar","datePublished":"2015-03-31T21:00:33+00:00","dateModified":"2015-07-05T08:47:08+00:00","mainEntityOfPage":{"@id":"https:\/\/www.mundi-roth.de\/teneriffa-blog\/wanderungen\/ventanas-de-gueimar\/"},"wordCount":2662,"commentCount":10,"image":{"@id":"https:\/\/www.mundi-roth.de\/teneriffa-blog\/wanderungen\/ventanas-de-gueimar\/#primaryimage"},"thumbnailUrl":"https:\/\/www.mundi-roth.de\/teneriffa-blog\/wp-content\/uploads\/2015\/04\/P1180375.jpg","keywords":["G\u00fcimar","Las Ventanas de G\u00fcimar","Teneriffa Wandern","Ventanas de G\u00fcimar","Wandern Teneriffa"],"articleSection":["G\u00fcimar","Wanderungen"],"inLanguage":"de","potentialAction":[{"@type":"CommentAction","name":"Comment","target":["https:\/\/www.mundi-roth.de\/teneriffa-blog\/wanderungen\/ventanas-de-gueimar\/#respond"]}]},{"@type":"WebPage","@id":"https:\/\/www.mundi-roth.de\/teneriffa-blog\/wanderungen\/ventanas-de-gueimar\/","url":"https:\/\/www.mundi-roth.de\/teneriffa-blog\/wanderungen\/ventanas-de-gueimar\/","name":"Las Ventanas de G\u00fcimar - Teneriffa Wandern","isPartOf":{"@id":"https:\/\/www.mundi-roth.de\/teneriffa-blog\/#website"},"primaryImageOfPage":{"@id":"https:\/\/www.mundi-roth.de\/teneriffa-blog\/wanderungen\/ventanas-de-gueimar\/#primaryimage"},"image":{"@id":"https:\/\/www.mundi-roth.de\/teneriffa-blog\/wanderungen\/ventanas-de-gueimar\/#primaryimage"},"thumbnailUrl":"https:\/\/www.mundi-roth.de\/teneriffa-blog\/wp-content\/uploads\/2015\/04\/P1180375.jpg","datePublished":"2015-03-31T21:00:33+00:00","dateModified":"2015-07-05T08:47:08+00:00","author":{"@id":"https:\/\/www.mundi-roth.de\/teneriffa-blog\/#\/schema\/person\/971c66b55f3ae5e8741553688c413cac"},"breadcrumb":{"@id":"https:\/\/www.mundi-roth.de\/teneriffa-blog\/wanderungen\/ventanas-de-gueimar\/#breadcrumb"},"inLanguage":"de","potentialAction":[{"@type":"ReadAction","target":["https:\/\/www.mundi-roth.de\/teneriffa-blog\/wanderungen\/ventanas-de-gueimar\/"]}]},{"@type":"ImageObject","inLanguage":"de","@id":"https:\/\/www.mundi-roth.de\/teneriffa-blog\/wanderungen\/ventanas-de-gueimar\/#primaryimage","url":"https:\/\/www.mundi-roth.de\/teneriffa-blog\/wp-content\/uploads\/2015\/04\/P1180375.jpg","contentUrl":"https:\/\/www.mundi-roth.de\/teneriffa-blog\/wp-content\/uploads\/2015\/04\/P1180375.jpg","width":800,"height":600},{"@type":"BreadcrumbList","@id":"https:\/\/www.mundi-roth.de\/teneriffa-blog\/wanderungen\/ventanas-de-gueimar\/#breadcrumb","itemListElement":[{"@type":"ListItem","position":1,"name":"Startseite","item":"https:\/\/www.mundi-roth.de\/teneriffa-blog\/"},{"@type":"ListItem","position":2,"name":"Las Ventanas de G\u00fcimar"}]},{"@type":"WebSite","@id":"https:\/\/www.mundi-roth.de\/teneriffa-blog\/#website","url":"https:\/\/www.mundi-roth.de\/teneriffa-blog\/","name":"Teneriffa Wandern","description":"Nicht nur Wanderungen auf Teneriffa...","potentialAction":[{"@type":"SearchAction","target":{"@type":"EntryPoint","urlTemplate":"https:\/\/www.mundi-roth.de\/teneriffa-blog\/?s={search_term_string}"},"query-input":{"@type":"PropertyValueSpecification","valueRequired":true,"valueName":"search_term_string"}}],"inLanguage":"de"},{"@type":"Person","@id":"https:\/\/www.mundi-roth.de\/teneriffa-blog\/#\/schema\/person\/971c66b55f3ae5e8741553688c413cac","name":"mundi","image":{"@type":"ImageObject","inLanguage":"de","@id":"https:\/\/secure.gravatar.com\/avatar\/555f0dd85428f1a9330f8e5dbe9e40ff9ca912bb81e5a89747ebf3ca9c20dc0f?s=96&d=mm&r=g","url":"https:\/\/secure.gravatar.com\/avatar\/555f0dd85428f1a9330f8e5dbe9e40ff9ca912bb81e5a89747ebf3ca9c20dc0f?s=96&d=mm&r=g","contentUrl":"https:\/\/secure.gravatar.com\/avatar\/555f0dd85428f1a9330f8e5dbe9e40ff9ca912bb81e5a89747ebf3ca9c20dc0f?s=96&d=mm&r=g","caption":"mundi"},"sameAs":["http:\/\/mundi-roth.de"],"url":"https:\/\/www.mundi-roth.de\/teneriffa-blog\/author\/mundi\/"}]}},"_links":{"self":[{"href":"https:\/\/www.mundi-roth.de\/teneriffa-blog\/wp-json\/wp\/v2\/posts\/4076","targetHints":{"allow":["GET"]}}],"collection":[{"href":"https:\/\/www.mundi-roth.de\/teneriffa-blog\/wp-json\/wp\/v2\/posts"}],"about":[{"href":"https:\/\/www.mundi-roth.de\/teneriffa-blog\/wp-json\/wp\/v2\/types\/post"}],"author":[{"embeddable":true,"href":"https:\/\/www.mundi-roth.de\/teneriffa-blog\/wp-json\/wp\/v2\/users\/4"}],"replies":[{"embeddable":true,"href":"https:\/\/www.mundi-roth.de\/teneriffa-blog\/wp-json\/wp\/v2\/comments?post=4076"}],"version-history":[{"count":0,"href":"https:\/\/www.mundi-roth.de\/teneriffa-blog\/wp-json\/wp\/v2\/posts\/4076\/revisions"}],"wp:featuredmedia":[{"embeddable":true,"href":"https:\/\/www.mundi-roth.de\/teneriffa-blog\/wp-json\/wp\/v2\/media\/4095"}],"wp:attachment":[{"href":"https:\/\/www.mundi-roth.de\/teneriffa-blog\/wp-json\/wp\/v2\/media?parent=4076"}],"wp:term":[{"taxonomy":"category","embeddable":true,"href":"https:\/\/www.mundi-roth.de\/teneriffa-blog\/wp-json\/wp\/v2\/categories?post=4076"},{"taxonomy":"post_tag","embeddable":true,"href":"https:\/\/www.mundi-roth.de\/teneriffa-blog\/wp-json\/wp\/v2\/tags?post=4076"}],"curies":[{"name":"wp","href":"https:\/\/api.w.org\/{rel}","templated":true}]}}