{"id":41,"date":"2007-10-25T16:53:43","date_gmt":"2007-10-25T14:53:43","guid":{"rendered":"http:\/\/www.mundi-roth.de\/teneriffa-blog\/wanderungen\/la-centinela-la-hoya-tamaide-san-miguel\/"},"modified":"2015-04-12T12:14:06","modified_gmt":"2015-04-12T11:14:06","slug":"la-centinela-la-hoya-tamaide-san-miguel","status":"publish","type":"post","link":"https:\/\/www.mundi-roth.de\/teneriffa-blog\/wanderungen\/la-centinela-la-hoya-tamaide-san-miguel\/","title":{"rendered":"La Centinela &#8211; La Hoya &#8211; Tamaide &#8211; San Miguel"},"content":{"rendered":"<p class=\"MsoNormal\"><strong>Auf dieser Wanderung gelangen wir in die Ursprungsansiedlung von San Miguel &#8211; La Hoya &#8211; und k\u00f6nnen vor und nach diesem Weiler die Wasserversorgung durch die dortigen Quellen beobachten.<\/strong><\/p>\n<p class=\"MsoNormal\"><strong>Diese Wanderung l\u00e4\u00dft sich gut mit der Wanderung &#8222;Fuente de Tamaide&#8220; verbinden.<\/strong><\/p>\n<p class=\"MsoNormal\"><!--more--><\/p>\n<p><strong>Wanderwegstrecke:<\/strong> La Centinela \u2013 La Hoya \u2013 Tamaide und retour 2 Stunden. Nur hin: La Centinela \u2013 La Hoya \u2013 Tamaide \u2013 San Miguel 1,5 Stunden.<\/p>\n<p><a href=\"http:\/\/www.mundi-roth.de\/teneriffa-blog\/wp-content\/uploads\/2007\/10\/centiweg2.jpg\" rel=\"lightbox[41]\"><img decoding=\"async\" src=\"http:\/\/www.mundi-roth.de\/teneriffa-blog\/wp-content\/uploads\/2007\/10\/centiweg2.jpg\" alt=\"Wanderstrecke\" align=\"left\" border=\"0\" hspace=\"3\" vspace=\"3\" \/><\/a>Wir beginnen die Wanderung am Restaurant \u2013 nachdem wir uns einen ausgiebigen Rundblick geg\u00f6nnt haben -, steigen die Treppen runter, gehen unten am Restaurant entlang bis zu den gro\u00dfen Scheiben und \u00fcbersteigen die dort unsinniger Weise gelagerten Steine um auf den breiten \u2013 abw\u00e4rts f\u00fchrenden \u2013 Weg zu gelangen.<br \/>\nSehr rasch verlieren wir an H\u00f6he <a href=\"http:\/\/www.mundi-roth.de\/teneriffa-blog\/wp-content\/uploads\/2007\/10\/centi02.jpg\" rel=\"lightbox[41]\"><img loading=\"lazy\" decoding=\"async\" src=\"http:\/\/www.mundi-roth.de\/teneriffa-blog\/wp-content\/uploads\/2007\/10\/centi02.thumbnail.jpg\" alt=\"Talblick\" width=\"128\" height=\"96\" align=\"left\" border=\"0\" hspace=\"3\" vspace=\"3\" \/><\/a>und haben einen weiten Blick auf das Tal.Wir wandern in der Senke an einem verlassenen Geb\u00e4ude vorbei, <a href=\"http:\/\/www.mundi-roth.de\/teneriffa-blog\/wp-content\/uploads\/2007\/10\/centi03.jpg\" rel=\"lightbox[41]\"><img loading=\"lazy\" decoding=\"async\" src=\"http:\/\/www.mundi-roth.de\/teneriffa-blog\/wp-content\/uploads\/2007\/10\/centi03.thumbnail.jpg\" alt=\"Alte H\u00fctte\" width=\"128\" height=\"96\" align=\"right\" border=\"0\" hspace=\"3\" vspace=\"3\" \/><\/a>dessen Fu\u00dfboden aus Chasna-Steinplatten besteht. Hier ist das Gel\u00e4nde ziemlich eben. Wenig sp\u00e4ter steigen wir erst leicht bis zu den Quellen von La Hoya hinauf.<br \/>\nObwohl sie zur Zeit kein Wasser f\u00fchren, spenden sie ihrer Umgebung dennoch die n\u00f6tige Feuchtigkeit f\u00fcr die dort gedeihenden Binsen. Der rote Tuff bildet weiterhin zusammen mit den ausgeh\u00f6hlten Vertiefungen im Bimsstein das st\u00e4ndige Merkmal.<br \/>\nNun wird der Aufstieg steil aber schon schnell haben wir die sch\u00f6ne Anlage eines \u201eHotel Rural\u201c mit benachbartem Pferdestall erreicht.<br \/>\nWir folgen dem Weg aufw\u00e4rts und gelangen an den kleinen verlassenen Weiler La Hoya, der ehemals die erste Wohnsiedlung von San Miguel bildete.<br \/>\nDer Weg st\u00f6\u00dft auf eine quer verlaufende Stra\u00dfe und wir am\u00fcsieren uns, dass hier ein erh\u00f6hter Zebrastreifen angelegt ist, der auf der anderen Stra\u00dfenseite ins Nichts f\u00fchrt.<br \/>\nWir gehen die asphaltierte Stra\u00dfe ca. 200m hoch bis zu den rechts der Stra\u00dfe liegenden H\u00e4usern und schlagen den Weg rechts ein. Er f\u00fchrt uns an mit Bimsstein (Jable) gedeckten Terrassenfeldern vorbei wieder in einen gr\u00fcnen Barranco.<br \/>\nDer Aufstieg l\u00e4\u00dft sich problemlos gehen und oben angekommen sehen wir \u2013 etwas ganz Besonderes im S\u00fcden \u2013 sehr seltene, wundersch\u00f6ne Stricklava.<br \/>\nHier nun die Gewissensfrage: Weitergehen oder zur\u00fcckgehen.<br \/>\nWir teilen uns:<br \/>\nEine Gruppe folgt \u2013 nach Querung der asphaltierten Stra\u00dfe \u2013 rechts 50m weiter dem alten Weg, der nochmals durch einen Barranco f\u00fchrt, bis zum Ort San Miguel.<br \/>\nDie andere Gruppe kehrt um und wandert wieder zum Aussichtspunkt und Restaurant La Centinela retour, holt dort den Wagen und sammelt \u2013 nach kurzer Handyverst\u00e4ndigung \u2013 die Weiter-Wanderer ein.<br \/>\nSelbstverst\u00e4ndlich kann man auch gleich von vorneherein mit zwei Wagen operieren und l\u00e4\u00dft einen oben beim Mirador La Centinela und stellt den anderen in San Miguel kurz hinter der neben der Stra\u00dfe \u00fcber einen Barranco f\u00fchrenden Fu\u00dfg\u00e4ngerbr\u00fccke ab. Dort gibt es Parkpl\u00e4tze.<\/p>\n<p><strong>Besonderheiten:<\/strong><br \/>\nIn der Botanik gibt es leider jetzt im Oktober und nach diesem trockenen und hei\u00dfen Sommer nicht viel zu bestaunen. Die Opuntien s\u00e4umen den Weg. Auch diese sind sehr in Mitleidenschaft gezogen und ziemlich ausgetrocknet.<br \/>\nDie Wanderung ist jedoch aus ethnographischen und arch\u00e4ologischen Gr\u00fcnden von Bedeutung. Der Weiler La Hoya zeigt uns die sehr gut erhaltene, traditionelle Bauweise. Oben an der Stra\u00dfe \u2013 100m abw\u00e4rts &#8211; finden wir einen renovierten Ziegelofen.<br \/>\n<a href=\"http:\/\/www.mundi-roth.de\/teneriffa-blog\/wp-content\/uploads\/2007\/10\/strickl.jpg\" rel=\"lightbox[41]\"><img loading=\"lazy\" decoding=\"async\" src=\"http:\/\/www.mundi-roth.de\/teneriffa-blog\/wp-content\/uploads\/2007\/10\/strickl.thumbnail.jpg\" alt=\"Stricklava\" width=\"128\" height=\"96\" align=\"left\" border=\"0\" hspace=\"3\" vspace=\"3\" \/><\/a> Von besonderer Bedeutung sind jedoch \u2013 wie schon oben erw\u00e4hnt &#8211; die \u00dcberreste eines alten Pahoehoe-Lavastroms, einer Faden- oder Stricklava- Formation, die sich gut sichtbar \u00fcber den Wanderweg ausbreitet.<br \/>\nIn dieser Gegend befindet sich auch die Quelle von Tamaide, die jedoch eine gesonderte Wanderung wert ist.<\/p>\n<p><strong>Restaurant:<\/strong><\/p>\n<p>Wir besuchen heute in Buzanada das Restaurant \u201eMeson Sterlitzia\u201c.<br \/>\nSehr freundliche Bedienung, sch\u00f6nes Ambiente, zum Teil ausgefallene Speisen. Sehr zu empfehlen: \u201eSecreto ib\u00e9rico\u201c. Hierbei handelt es sich keineswegs um etwas geheimnisvolles, wie man aus der Bezeichnung schlie\u00dfen k\u00f6nnte, sondern um eine Spezialit\u00e4t vom ber\u00fchmten &#8222;schwarzen iberischen Schwein&#8220;. Secreto ist dabei eine Fleischpartie, die unter dem Bauchspeck liegt, die zur Zubereitung schr\u00e4g in d\u00fcnne Scheiben zerlegt wird, damit es nach dem Braten so richtig knuspert. Im &#8222;Sterlitzia&#8220; wurde das Gericht &#8222;auf dem hei\u00dfen Stein&#8220; serviert. Als Beilagen zu allen von uns gew\u00e4hlten Gerichten gab es lecker angemachten Salat und gute Bratkartoffel.<\/p>\n<p>Dienstag Ruhetag, Telefon: 922 72 1670<\/p>\n<p><strong>Anfahrt:<\/strong><br \/>\nVon Los Cristianos kommend auf der TF 28 bis La Camella, immer geradeaus Richtung Valle San Lorenzo \u2013 dann durch den Ort Valle San Lorenzo bis hoch zum Aussichtsrestaurant La Centinela.<br \/>\nHier kann man gut parken.<\/p>\n","protected":false},"excerpt":{"rendered":"<p>Auf dieser Wanderung gelangen wir in die Ursprungsansiedlung von San Miguel &#8211; La Hoya &#8211; und k\u00f6nnen vor und nach diesem Weiler die Wasserversorgung durch die dortigen Quellen beobachten. Diese Wanderung l\u00e4\u00dft sich gut mit der Wanderung &#8222;Fuente de Tamaide&#8220; verbinden.<\/p>\n","protected":false},"author":3,"featured_media":0,"comment_status":"open","ping_status":"open","sticky":false,"template":"","format":"standard","meta":{"footnotes":""},"categories":[775,6],"tags":[26,27,3,4],"class_list":["post-41","post","type-post","status-publish","format-standard","hentry","category-arona","category-wanderungen","tag-la-centinela","tag-san-miguel","tag-teneriffa","tag-wandern"],"yoast_head":"<!-- This site is optimized with the Yoast SEO plugin v27.5 - https:\/\/yoast.com\/product\/yoast-seo-wordpress\/ -->\n<title>La Centinela - La Hoya - Tamaide - San Miguel - Teneriffa Wandern<\/title>\n<meta name=\"robots\" content=\"index, follow, max-snippet:-1, max-image-preview:large, max-video-preview:-1\" \/>\n<link rel=\"canonical\" href=\"https:\/\/www.mundi-roth.de\/teneriffa-blog\/wanderungen\/la-centinela-la-hoya-tamaide-san-miguel\/\" \/>\n<meta name=\"twitter:label1\" content=\"Verfasst von\" \/>\n\t<meta name=\"twitter:data1\" content=\"ir\" \/>\n\t<meta name=\"twitter:label2\" content=\"Gesch\u00e4tzte Lesezeit\" \/>\n\t<meta name=\"twitter:data2\" content=\"4\u00a0Minuten\" \/>\n<script type=\"application\/ld+json\" class=\"yoast-schema-graph\">{\"@context\":\"https:\\\/\\\/schema.org\",\"@graph\":[{\"@type\":\"Article\",\"@id\":\"https:\\\/\\\/www.mundi-roth.de\\\/teneriffa-blog\\\/wanderungen\\\/la-centinela-la-hoya-tamaide-san-miguel\\\/#article\",\"isPartOf\":{\"@id\":\"https:\\\/\\\/www.mundi-roth.de\\\/teneriffa-blog\\\/wanderungen\\\/la-centinela-la-hoya-tamaide-san-miguel\\\/\"},\"author\":{\"name\":\"ir\",\"@id\":\"https:\\\/\\\/www.mundi-roth.de\\\/teneriffa-blog\\\/#\\\/schema\\\/person\\\/3afd0d251449790d15367c9aa52d203d\"},\"headline\":\"La Centinela &#8211; La Hoya &#8211; Tamaide &#8211; San Miguel\",\"datePublished\":\"2007-10-25T14:53:43+00:00\",\"dateModified\":\"2015-04-12T11:14:06+00:00\",\"mainEntityOfPage\":{\"@id\":\"https:\\\/\\\/www.mundi-roth.de\\\/teneriffa-blog\\\/wanderungen\\\/la-centinela-la-hoya-tamaide-san-miguel\\\/\"},\"wordCount\":747,\"commentCount\":1,\"image\":{\"@id\":\"https:\\\/\\\/www.mundi-roth.de\\\/teneriffa-blog\\\/wanderungen\\\/la-centinela-la-hoya-tamaide-san-miguel\\\/#primaryimage\"},\"thumbnailUrl\":\"http:\\\/\\\/www.mundi-roth.de\\\/teneriffa-blog\\\/wp-content\\\/uploads\\\/2007\\\/10\\\/centiweg2.jpg\",\"keywords\":[\"La Centinela\",\"San Miguel\",\"Teneriffa\",\"Wandern\"],\"articleSection\":[\"Arona\",\"Wanderungen\"],\"inLanguage\":\"de\",\"potentialAction\":[{\"@type\":\"CommentAction\",\"name\":\"Comment\",\"target\":[\"https:\\\/\\\/www.mundi-roth.de\\\/teneriffa-blog\\\/wanderungen\\\/la-centinela-la-hoya-tamaide-san-miguel\\\/#respond\"]}]},{\"@type\":\"WebPage\",\"@id\":\"https:\\\/\\\/www.mundi-roth.de\\\/teneriffa-blog\\\/wanderungen\\\/la-centinela-la-hoya-tamaide-san-miguel\\\/\",\"url\":\"https:\\\/\\\/www.mundi-roth.de\\\/teneriffa-blog\\\/wanderungen\\\/la-centinela-la-hoya-tamaide-san-miguel\\\/\",\"name\":\"La Centinela - La Hoya - Tamaide - San Miguel - Teneriffa Wandern\",\"isPartOf\":{\"@id\":\"https:\\\/\\\/www.mundi-roth.de\\\/teneriffa-blog\\\/#website\"},\"primaryImageOfPage\":{\"@id\":\"https:\\\/\\\/www.mundi-roth.de\\\/teneriffa-blog\\\/wanderungen\\\/la-centinela-la-hoya-tamaide-san-miguel\\\/#primaryimage\"},\"image\":{\"@id\":\"https:\\\/\\\/www.mundi-roth.de\\\/teneriffa-blog\\\/wanderungen\\\/la-centinela-la-hoya-tamaide-san-miguel\\\/#primaryimage\"},\"thumbnailUrl\":\"http:\\\/\\\/www.mundi-roth.de\\\/teneriffa-blog\\\/wp-content\\\/uploads\\\/2007\\\/10\\\/centiweg2.jpg\",\"datePublished\":\"2007-10-25T14:53:43+00:00\",\"dateModified\":\"2015-04-12T11:14:06+00:00\",\"author\":{\"@id\":\"https:\\\/\\\/www.mundi-roth.de\\\/teneriffa-blog\\\/#\\\/schema\\\/person\\\/3afd0d251449790d15367c9aa52d203d\"},\"breadcrumb\":{\"@id\":\"https:\\\/\\\/www.mundi-roth.de\\\/teneriffa-blog\\\/wanderungen\\\/la-centinela-la-hoya-tamaide-san-miguel\\\/#breadcrumb\"},\"inLanguage\":\"de\",\"potentialAction\":[{\"@type\":\"ReadAction\",\"target\":[\"https:\\\/\\\/www.mundi-roth.de\\\/teneriffa-blog\\\/wanderungen\\\/la-centinela-la-hoya-tamaide-san-miguel\\\/\"]}]},{\"@type\":\"ImageObject\",\"inLanguage\":\"de\",\"@id\":\"https:\\\/\\\/www.mundi-roth.de\\\/teneriffa-blog\\\/wanderungen\\\/la-centinela-la-hoya-tamaide-san-miguel\\\/#primaryimage\",\"url\":\"http:\\\/\\\/www.mundi-roth.de\\\/teneriffa-blog\\\/wp-content\\\/uploads\\\/2007\\\/10\\\/centiweg2.jpg\",\"contentUrl\":\"http:\\\/\\\/www.mundi-roth.de\\\/teneriffa-blog\\\/wp-content\\\/uploads\\\/2007\\\/10\\\/centiweg2.jpg\"},{\"@type\":\"BreadcrumbList\",\"@id\":\"https:\\\/\\\/www.mundi-roth.de\\\/teneriffa-blog\\\/wanderungen\\\/la-centinela-la-hoya-tamaide-san-miguel\\\/#breadcrumb\",\"itemListElement\":[{\"@type\":\"ListItem\",\"position\":1,\"name\":\"Startseite\",\"item\":\"https:\\\/\\\/www.mundi-roth.de\\\/teneriffa-blog\\\/\"},{\"@type\":\"ListItem\",\"position\":2,\"name\":\"La Centinela &#8211; La Hoya &#8211; Tamaide &#8211; San Miguel\"}]},{\"@type\":\"WebSite\",\"@id\":\"https:\\\/\\\/www.mundi-roth.de\\\/teneriffa-blog\\\/#website\",\"url\":\"https:\\\/\\\/www.mundi-roth.de\\\/teneriffa-blog\\\/\",\"name\":\"Teneriffa Wandern\",\"description\":\"Nicht nur Wanderungen auf Teneriffa...\",\"potentialAction\":[{\"@type\":\"SearchAction\",\"target\":{\"@type\":\"EntryPoint\",\"urlTemplate\":\"https:\\\/\\\/www.mundi-roth.de\\\/teneriffa-blog\\\/?s={search_term_string}\"},\"query-input\":{\"@type\":\"PropertyValueSpecification\",\"valueRequired\":true,\"valueName\":\"search_term_string\"}}],\"inLanguage\":\"de\"},{\"@type\":\"Person\",\"@id\":\"https:\\\/\\\/www.mundi-roth.de\\\/teneriffa-blog\\\/#\\\/schema\\\/person\\\/3afd0d251449790d15367c9aa52d203d\",\"name\":\"ir\",\"image\":{\"@type\":\"ImageObject\",\"inLanguage\":\"de\",\"@id\":\"https:\\\/\\\/secure.gravatar.com\\\/avatar\\\/e67b41513c921c2bb58363f44c8a00a447c9a2526ad8ff71b5b6257e5f7f5c66?s=96&d=mm&r=g\",\"url\":\"https:\\\/\\\/secure.gravatar.com\\\/avatar\\\/e67b41513c921c2bb58363f44c8a00a447c9a2526ad8ff71b5b6257e5f7f5c66?s=96&d=mm&r=g\",\"contentUrl\":\"https:\\\/\\\/secure.gravatar.com\\\/avatar\\\/e67b41513c921c2bb58363f44c8a00a447c9a2526ad8ff71b5b6257e5f7f5c66?s=96&d=mm&r=g\",\"caption\":\"ir\"},\"sameAs\":[\"http:\\\/\\\/www.mundi-roth.de\"],\"url\":\"https:\\\/\\\/www.mundi-roth.de\\\/teneriffa-blog\\\/author\\\/ir\\\/\"}]}<\/script>\n<!-- \/ Yoast SEO plugin. -->","yoast_head_json":{"title":"La Centinela - La Hoya - Tamaide - San Miguel - Teneriffa Wandern","robots":{"index":"index","follow":"follow","max-snippet":"max-snippet:-1","max-image-preview":"max-image-preview:large","max-video-preview":"max-video-preview:-1"},"canonical":"https:\/\/www.mundi-roth.de\/teneriffa-blog\/wanderungen\/la-centinela-la-hoya-tamaide-san-miguel\/","twitter_misc":{"Verfasst von":"ir","Gesch\u00e4tzte Lesezeit":"4\u00a0Minuten"},"schema":{"@context":"https:\/\/schema.org","@graph":[{"@type":"Article","@id":"https:\/\/www.mundi-roth.de\/teneriffa-blog\/wanderungen\/la-centinela-la-hoya-tamaide-san-miguel\/#article","isPartOf":{"@id":"https:\/\/www.mundi-roth.de\/teneriffa-blog\/wanderungen\/la-centinela-la-hoya-tamaide-san-miguel\/"},"author":{"name":"ir","@id":"https:\/\/www.mundi-roth.de\/teneriffa-blog\/#\/schema\/person\/3afd0d251449790d15367c9aa52d203d"},"headline":"La Centinela &#8211; La Hoya &#8211; Tamaide &#8211; San Miguel","datePublished":"2007-10-25T14:53:43+00:00","dateModified":"2015-04-12T11:14:06+00:00","mainEntityOfPage":{"@id":"https:\/\/www.mundi-roth.de\/teneriffa-blog\/wanderungen\/la-centinela-la-hoya-tamaide-san-miguel\/"},"wordCount":747,"commentCount":1,"image":{"@id":"https:\/\/www.mundi-roth.de\/teneriffa-blog\/wanderungen\/la-centinela-la-hoya-tamaide-san-miguel\/#primaryimage"},"thumbnailUrl":"http:\/\/www.mundi-roth.de\/teneriffa-blog\/wp-content\/uploads\/2007\/10\/centiweg2.jpg","keywords":["La Centinela","San Miguel","Teneriffa","Wandern"],"articleSection":["Arona","Wanderungen"],"inLanguage":"de","potentialAction":[{"@type":"CommentAction","name":"Comment","target":["https:\/\/www.mundi-roth.de\/teneriffa-blog\/wanderungen\/la-centinela-la-hoya-tamaide-san-miguel\/#respond"]}]},{"@type":"WebPage","@id":"https:\/\/www.mundi-roth.de\/teneriffa-blog\/wanderungen\/la-centinela-la-hoya-tamaide-san-miguel\/","url":"https:\/\/www.mundi-roth.de\/teneriffa-blog\/wanderungen\/la-centinela-la-hoya-tamaide-san-miguel\/","name":"La Centinela - La Hoya - Tamaide - San Miguel - Teneriffa Wandern","isPartOf":{"@id":"https:\/\/www.mundi-roth.de\/teneriffa-blog\/#website"},"primaryImageOfPage":{"@id":"https:\/\/www.mundi-roth.de\/teneriffa-blog\/wanderungen\/la-centinela-la-hoya-tamaide-san-miguel\/#primaryimage"},"image":{"@id":"https:\/\/www.mundi-roth.de\/teneriffa-blog\/wanderungen\/la-centinela-la-hoya-tamaide-san-miguel\/#primaryimage"},"thumbnailUrl":"http:\/\/www.mundi-roth.de\/teneriffa-blog\/wp-content\/uploads\/2007\/10\/centiweg2.jpg","datePublished":"2007-10-25T14:53:43+00:00","dateModified":"2015-04-12T11:14:06+00:00","author":{"@id":"https:\/\/www.mundi-roth.de\/teneriffa-blog\/#\/schema\/person\/3afd0d251449790d15367c9aa52d203d"},"breadcrumb":{"@id":"https:\/\/www.mundi-roth.de\/teneriffa-blog\/wanderungen\/la-centinela-la-hoya-tamaide-san-miguel\/#breadcrumb"},"inLanguage":"de","potentialAction":[{"@type":"ReadAction","target":["https:\/\/www.mundi-roth.de\/teneriffa-blog\/wanderungen\/la-centinela-la-hoya-tamaide-san-miguel\/"]}]},{"@type":"ImageObject","inLanguage":"de","@id":"https:\/\/www.mundi-roth.de\/teneriffa-blog\/wanderungen\/la-centinela-la-hoya-tamaide-san-miguel\/#primaryimage","url":"http:\/\/www.mundi-roth.de\/teneriffa-blog\/wp-content\/uploads\/2007\/10\/centiweg2.jpg","contentUrl":"http:\/\/www.mundi-roth.de\/teneriffa-blog\/wp-content\/uploads\/2007\/10\/centiweg2.jpg"},{"@type":"BreadcrumbList","@id":"https:\/\/www.mundi-roth.de\/teneriffa-blog\/wanderungen\/la-centinela-la-hoya-tamaide-san-miguel\/#breadcrumb","itemListElement":[{"@type":"ListItem","position":1,"name":"Startseite","item":"https:\/\/www.mundi-roth.de\/teneriffa-blog\/"},{"@type":"ListItem","position":2,"name":"La Centinela &#8211; La Hoya &#8211; Tamaide &#8211; San Miguel"}]},{"@type":"WebSite","@id":"https:\/\/www.mundi-roth.de\/teneriffa-blog\/#website","url":"https:\/\/www.mundi-roth.de\/teneriffa-blog\/","name":"Teneriffa Wandern","description":"Nicht nur Wanderungen auf Teneriffa...","potentialAction":[{"@type":"SearchAction","target":{"@type":"EntryPoint","urlTemplate":"https:\/\/www.mundi-roth.de\/teneriffa-blog\/?s={search_term_string}"},"query-input":{"@type":"PropertyValueSpecification","valueRequired":true,"valueName":"search_term_string"}}],"inLanguage":"de"},{"@type":"Person","@id":"https:\/\/www.mundi-roth.de\/teneriffa-blog\/#\/schema\/person\/3afd0d251449790d15367c9aa52d203d","name":"ir","image":{"@type":"ImageObject","inLanguage":"de","@id":"https:\/\/secure.gravatar.com\/avatar\/e67b41513c921c2bb58363f44c8a00a447c9a2526ad8ff71b5b6257e5f7f5c66?s=96&d=mm&r=g","url":"https:\/\/secure.gravatar.com\/avatar\/e67b41513c921c2bb58363f44c8a00a447c9a2526ad8ff71b5b6257e5f7f5c66?s=96&d=mm&r=g","contentUrl":"https:\/\/secure.gravatar.com\/avatar\/e67b41513c921c2bb58363f44c8a00a447c9a2526ad8ff71b5b6257e5f7f5c66?s=96&d=mm&r=g","caption":"ir"},"sameAs":["http:\/\/www.mundi-roth.de"],"url":"https:\/\/www.mundi-roth.de\/teneriffa-blog\/author\/ir\/"}]}},"_links":{"self":[{"href":"https:\/\/www.mundi-roth.de\/teneriffa-blog\/wp-json\/wp\/v2\/posts\/41","targetHints":{"allow":["GET"]}}],"collection":[{"href":"https:\/\/www.mundi-roth.de\/teneriffa-blog\/wp-json\/wp\/v2\/posts"}],"about":[{"href":"https:\/\/www.mundi-roth.de\/teneriffa-blog\/wp-json\/wp\/v2\/types\/post"}],"author":[{"embeddable":true,"href":"https:\/\/www.mundi-roth.de\/teneriffa-blog\/wp-json\/wp\/v2\/users\/3"}],"replies":[{"embeddable":true,"href":"https:\/\/www.mundi-roth.de\/teneriffa-blog\/wp-json\/wp\/v2\/comments?post=41"}],"version-history":[{"count":0,"href":"https:\/\/www.mundi-roth.de\/teneriffa-blog\/wp-json\/wp\/v2\/posts\/41\/revisions"}],"wp:attachment":[{"href":"https:\/\/www.mundi-roth.de\/teneriffa-blog\/wp-json\/wp\/v2\/media?parent=41"}],"wp:term":[{"taxonomy":"category","embeddable":true,"href":"https:\/\/www.mundi-roth.de\/teneriffa-blog\/wp-json\/wp\/v2\/categories?post=41"},{"taxonomy":"post_tag","embeddable":true,"href":"https:\/\/www.mundi-roth.de\/teneriffa-blog\/wp-json\/wp\/v2\/tags?post=41"}],"curies":[{"name":"wp","href":"https:\/\/api.w.org\/{rel}","templated":true}]}}