{"id":4143,"date":"2015-04-07T19:54:05","date_gmt":"2015-04-07T18:54:05","guid":{"rendered":"http:\/\/www.mundi-roth.de\/teneriffa-blog\/?p=4143"},"modified":"2015-07-04T16:14:48","modified_gmt":"2015-07-04T15:14:48","slug":"aguamansa-pinolere","status":"publish","type":"post","link":"https:\/\/www.mundi-roth.de\/teneriffa-blog\/wanderungen\/aguamansa-pinolere\/","title":{"rendered":"Aguamansa \u2013 Pinolere"},"content":{"rendered":"<p style=\"text-align: center;\"><strong>Aguamansa \u2013 Pinolere &#8211; Mirador de Humboldt \u2013 Puerto de la Cruz<\/strong><br \/>\n<strong> durch das Orotavatal<\/strong><\/p>\n<p style=\"text-align: center;\"><strong>So war die heutige Tour geplant.<\/strong><\/p>\n<p>&nbsp;<\/p>\n<p>Wir wollten auf den Spuren Humboldts wandern, der auf dem Weg in die Neue Welt, zu seiner ber\u00fchmten Amerikareise,\u00a0 Teneriffa vom 19. bis zum 24. Juni\u00a0 1799 besuchte.<br \/>\nEr soll\u00a0 \u00fcber das Orotavatal den Ausspruch getan haben: <em>\u201eDieses Tal ist f\u00fcr mich das sch\u00f6nste der Welt.\u201c<\/em><\/p>\n<p>Also, nichts wie hin.<br \/>\nZwar war die Wettervorhersage nicht berauschend, aber was soll\u00b4s, dachten wir.<\/p>\n<p>Aber es kam anders und ich kann es kurz und b\u00fcndig machen:<br \/>\n1 Stunde 45 Minuten Anfahrt, Wanderung 45 Minuten bis <a href=\"http:\/\/www.inselteneriffa.com\/teneriffa-museumsdorf-pinolere.html\">Pinolere<\/a>, incluse Regenmantel, Regencape anziehen: trotzdem: klatschnass!!<\/p>\n<p>Schon die Anfahrt vom S\u00fcden bis Aguamansa war ein Wechselbad. Von Passatwolken umgeben auf der TF 21 hoch bis Las Lajas, dann strahlender Sonnenschein durch die Ca\u00f1adas, 3 Grad am Fu\u00dfe des Teide, dann wieder dicke Passatwolken bei der Abfahrt bis zur Forellenzucht in Aguamansa.<a href=\"http:\/\/www.mundi-roth.de\/teneriffa-blog\/wp-content\/uploads\/2015\/04\/Track02.jpg\" rel=\"lightbox[4143]\"><img loading=\"lazy\" decoding=\"async\" class=\"alignright size-thumbnail wp-image-4144\" src=\"http:\/\/www.mundi-roth.de\/teneriffa-blog\/wp-content\/uploads\/2015\/04\/Track02-150x146.jpg\" alt=\"Track02\" width=\"150\" height=\"146\" srcset=\"https:\/\/www.mundi-roth.de\/teneriffa-blog\/wp-content\/uploads\/2015\/04\/Track02-150x146.jpg 150w, https:\/\/www.mundi-roth.de\/teneriffa-blog\/wp-content\/uploads\/2015\/04\/Track02-300x292.jpg 300w, https:\/\/www.mundi-roth.de\/teneriffa-blog\/wp-content\/uploads\/2015\/04\/Track02.jpg 584w\" sizes=\"auto, (max-width: 150px) 100vw, 150px\" \/><\/a><\/p>\n<p>Hier starteten wir bei dem Hinweisschild PR-TF Mamio 1 km = Pinolere. Gleich der Einstieg geht in ein wundersch\u00f6nes Tal, die Passatwolken sind\u00a0 nur leicht undicht. Aber kaum haben wir den ersten Hang \u00fcberwunden, wird ein richtig dicker Regen daraus. Also Regenzeug aus dem Rucksack und weiter. Scheibenwischer f\u00fcr die Brillen w\u00e4ren gut, denn die Sicht ist <a href=\"http:\/\/www.mundi-roth.de\/teneriffa-blog\/wp-content\/uploads\/2015\/04\/P1180567.jpg\" rel=\"lightbox[4143]\"><img loading=\"lazy\" decoding=\"async\" class=\"alignleft size-thumbnail wp-image-4145\" src=\"http:\/\/www.mundi-roth.de\/teneriffa-blog\/wp-content\/uploads\/2015\/04\/P1180567-150x113.jpg\" alt=\"P1180567\" width=\"150\" height=\"113\" srcset=\"https:\/\/www.mundi-roth.de\/teneriffa-blog\/wp-content\/uploads\/2015\/04\/P1180567-150x113.jpg 150w, https:\/\/www.mundi-roth.de\/teneriffa-blog\/wp-content\/uploads\/2015\/04\/P1180567-300x225.jpg 300w, https:\/\/www.mundi-roth.de\/teneriffa-blog\/wp-content\/uploads\/2015\/04\/P1180567.jpg 800w\" sizes=\"auto, (max-width: 150px) 100vw, 150px\" \/><\/a>doppelt eingeschr\u00e4nkt &#8211; Regen und dicke Wolken. Trotzdem k\u00f6nnen wir wundersch\u00f6n bl\u00fchende Obstb\u00e4ume, Farnfelder, Wegeinrahmung mit Calla, bizarre, skurile alte B\u00e4ume sehen.<br \/>\nNach dem ersten St\u00fcck Wanderweg geht die Strecke \u00fcber eine schmale, enge, kaum befahrene Asphaltstra\u00dfe. Bei dem Regen<a href=\"http:\/\/www.mundi-roth.de\/teneriffa-blog\/wp-content\/uploads\/2015\/04\/P1180575.jpg\" rel=\"lightbox[4143]\"><img loading=\"lazy\" decoding=\"async\" class=\"alignright size-thumbnail wp-image-4146\" src=\"http:\/\/www.mundi-roth.de\/teneriffa-blog\/wp-content\/uploads\/2015\/04\/P1180575-150x113.jpg\" alt=\"P1180575\" width=\"150\" height=\"113\" srcset=\"https:\/\/www.mundi-roth.de\/teneriffa-blog\/wp-content\/uploads\/2015\/04\/P1180575-150x113.jpg 150w, https:\/\/www.mundi-roth.de\/teneriffa-blog\/wp-content\/uploads\/2015\/04\/P1180575-300x225.jpg 300w, https:\/\/www.mundi-roth.de\/teneriffa-blog\/wp-content\/uploads\/2015\/04\/P1180575.jpg 800w\" sizes=\"auto, (max-width: 150px) 100vw, 150px\" \/><\/a> unser Gl\u00fcck, denn schon die ersten Steinbrocken waren rutschig. Von einer Finca zur anderen wandern wir durch dieses fruchtbare Tal.<\/p>\n<p>Kurz darauf erreicht uns schon der Anruf meines lieben Mannes, der mal wieder Taxi f\u00fcr uns spielte, ob er uns wegen des Regens schon einsammeln soll.<br \/>\nAber nein, wenigstens bis Pinolere wollen wir gehen und dort neu \u00fcberlegen.<br \/>\nWir sind ja unverbesserliche Optimisten: Vielleicht h\u00f6rt\u00a0 ja bis dahin der Regen auf. Au\u00dferdem tr\u00f6sten wir uns: Wir bekommen keinen Sonnenbrand!<\/p>\n<p><a href=\"http:\/\/www.mundi-roth.de\/teneriffa-blog\/wp-content\/uploads\/2015\/04\/P1180583.jpg\" rel=\"lightbox[4143]\"><img loading=\"lazy\" decoding=\"async\" class=\"alignleft size-thumbnail wp-image-4147\" src=\"http:\/\/www.mundi-roth.de\/teneriffa-blog\/wp-content\/uploads\/2015\/04\/P1180583-150x113.jpg\" alt=\"P1180583\" width=\"150\" height=\"113\" srcset=\"https:\/\/www.mundi-roth.de\/teneriffa-blog\/wp-content\/uploads\/2015\/04\/P1180583-150x113.jpg 150w, https:\/\/www.mundi-roth.de\/teneriffa-blog\/wp-content\/uploads\/2015\/04\/P1180583-300x225.jpg 300w, https:\/\/www.mundi-roth.de\/teneriffa-blog\/wp-content\/uploads\/2015\/04\/P1180583.jpg 800w\" sizes=\"auto, (max-width: 150px) 100vw, 150px\" \/><\/a>Nach 45 Minuten kommen wir gut durchn\u00e4sst, trotz Regenzeug, durch die Calle Los\u00a0 Cominos am Museumsdorf aus und dort werden wir bereits vom Taxi \u201eIrmEli\u201c erwartet.<br \/>\nTrockene Sachen im Museumsdorf anziehen, die wir zum Gl\u00fcck immer im Auto dabei haben, dann die \u00dcberlegung: Wo gehen wir essen?<br \/>\nWas liegt n\u00e4her, wenn man schon mal in der Gegend von Aguamansa ist? Forellenessen im Restaurante \u201eAguamansa\u201c.<br \/>\nWir haben gut gew\u00e4hlt: Ein w\u00e4rmendes Kaminfeuer, leckere gebratene Forellen,\u00a0 guter Hauswein und\u00a0 \u00fcberhaupt: alles gut!<\/p>\n<p>Auf der R\u00fcckfahrt \u00fcber die Ca\u00f1adas bei strahlendem Sonnenschein mussten wir uns dann aber doch fragen, warum wir nicht hier oben gewandert sind.<br \/>\nAber wenigstens noch eine Caf\u00e9-Pause am Parador, drau\u00dfen! Im Sonnenschein! Mit Blick auf Teide, die Roques Garc\u00eda und den Guajara.<br \/>\nDa war die Welt wieder in Ordnung!<\/p>\n","protected":false},"excerpt":{"rendered":"<p>Aguamansa \u2013 Pinolere &#8211; Mirador de Humboldt \u2013 Puerto de la Cruz durch das Orotavatal So war die heutige Tour geplant. &nbsp; Wir wollten auf den Spuren Humboldts wandern, der auf dem Weg in die Neue Welt, zu seiner ber\u00fchmten Amerikareise,\u00a0 Teneriffa vom 19. bis zum 24. Juni\u00a0 1799 besuchte. Er soll\u00a0 \u00fcber das Orotavatal [&hellip;]<\/p>\n","protected":false},"author":4,"featured_media":4145,"comment_status":"open","ping_status":"open","sticky":false,"template":"","format":"standard","meta":{"footnotes":""},"categories":[780,6],"tags":[377,380,493,439,446],"class_list":["post-4143","post","type-post","status-publish","format-standard","has-post-thumbnail","hentry","category-aguamansa","category-wanderungen","tag-aguamansa","tag-forellenzucht","tag-pinolere","tag-teneriffa-wandern","tag-wandern-teneriffa"],"yoast_head":"<!-- This site is optimized with the Yoast SEO plugin v27.5 - https:\/\/yoast.com\/product\/yoast-seo-wordpress\/ -->\n<title>Aguamansa \u2013 Pinolere - Teneriffa Wandern<\/title>\n<meta name=\"robots\" content=\"index, follow, max-snippet:-1, max-image-preview:large, max-video-preview:-1\" \/>\n<link rel=\"canonical\" href=\"https:\/\/www.mundi-roth.de\/teneriffa-blog\/wanderungen\/aguamansa-pinolere\/\" \/>\n<meta name=\"twitter:label1\" content=\"Verfasst von\" \/>\n\t<meta name=\"twitter:data1\" content=\"mundi\" \/>\n\t<meta name=\"twitter:label2\" content=\"Gesch\u00e4tzte Lesezeit\" \/>\n\t<meta name=\"twitter:data2\" content=\"2\u00a0Minuten\" \/>\n<script type=\"application\/ld+json\" class=\"yoast-schema-graph\">{\"@context\":\"https:\\\/\\\/schema.org\",\"@graph\":[{\"@type\":\"Article\",\"@id\":\"https:\\\/\\\/www.mundi-roth.de\\\/teneriffa-blog\\\/wanderungen\\\/aguamansa-pinolere\\\/#article\",\"isPartOf\":{\"@id\":\"https:\\\/\\\/www.mundi-roth.de\\\/teneriffa-blog\\\/wanderungen\\\/aguamansa-pinolere\\\/\"},\"author\":{\"name\":\"mundi\",\"@id\":\"https:\\\/\\\/www.mundi-roth.de\\\/teneriffa-blog\\\/#\\\/schema\\\/person\\\/971c66b55f3ae5e8741553688c413cac\"},\"headline\":\"Aguamansa \u2013 Pinolere\",\"datePublished\":\"2015-04-07T18:54:05+00:00\",\"dateModified\":\"2015-07-04T15:14:48+00:00\",\"mainEntityOfPage\":{\"@id\":\"https:\\\/\\\/www.mundi-roth.de\\\/teneriffa-blog\\\/wanderungen\\\/aguamansa-pinolere\\\/\"},\"wordCount\":485,\"commentCount\":1,\"image\":{\"@id\":\"https:\\\/\\\/www.mundi-roth.de\\\/teneriffa-blog\\\/wanderungen\\\/aguamansa-pinolere\\\/#primaryimage\"},\"thumbnailUrl\":\"https:\\\/\\\/www.mundi-roth.de\\\/teneriffa-blog\\\/wp-content\\\/uploads\\\/2015\\\/04\\\/P1180567.jpg\",\"keywords\":[\"Aguamansa\",\"Forellenzucht\",\"Pinolere\",\"Teneriffa Wandern\",\"Wandern Teneriffa\"],\"articleSection\":[\"Aguamansa\",\"Wanderungen\"],\"inLanguage\":\"de\",\"potentialAction\":[{\"@type\":\"CommentAction\",\"name\":\"Comment\",\"target\":[\"https:\\\/\\\/www.mundi-roth.de\\\/teneriffa-blog\\\/wanderungen\\\/aguamansa-pinolere\\\/#respond\"]}]},{\"@type\":\"WebPage\",\"@id\":\"https:\\\/\\\/www.mundi-roth.de\\\/teneriffa-blog\\\/wanderungen\\\/aguamansa-pinolere\\\/\",\"url\":\"https:\\\/\\\/www.mundi-roth.de\\\/teneriffa-blog\\\/wanderungen\\\/aguamansa-pinolere\\\/\",\"name\":\"Aguamansa \u2013 Pinolere - Teneriffa Wandern\",\"isPartOf\":{\"@id\":\"https:\\\/\\\/www.mundi-roth.de\\\/teneriffa-blog\\\/#website\"},\"primaryImageOfPage\":{\"@id\":\"https:\\\/\\\/www.mundi-roth.de\\\/teneriffa-blog\\\/wanderungen\\\/aguamansa-pinolere\\\/#primaryimage\"},\"image\":{\"@id\":\"https:\\\/\\\/www.mundi-roth.de\\\/teneriffa-blog\\\/wanderungen\\\/aguamansa-pinolere\\\/#primaryimage\"},\"thumbnailUrl\":\"https:\\\/\\\/www.mundi-roth.de\\\/teneriffa-blog\\\/wp-content\\\/uploads\\\/2015\\\/04\\\/P1180567.jpg\",\"datePublished\":\"2015-04-07T18:54:05+00:00\",\"dateModified\":\"2015-07-04T15:14:48+00:00\",\"author\":{\"@id\":\"https:\\\/\\\/www.mundi-roth.de\\\/teneriffa-blog\\\/#\\\/schema\\\/person\\\/971c66b55f3ae5e8741553688c413cac\"},\"breadcrumb\":{\"@id\":\"https:\\\/\\\/www.mundi-roth.de\\\/teneriffa-blog\\\/wanderungen\\\/aguamansa-pinolere\\\/#breadcrumb\"},\"inLanguage\":\"de\",\"potentialAction\":[{\"@type\":\"ReadAction\",\"target\":[\"https:\\\/\\\/www.mundi-roth.de\\\/teneriffa-blog\\\/wanderungen\\\/aguamansa-pinolere\\\/\"]}]},{\"@type\":\"ImageObject\",\"inLanguage\":\"de\",\"@id\":\"https:\\\/\\\/www.mundi-roth.de\\\/teneriffa-blog\\\/wanderungen\\\/aguamansa-pinolere\\\/#primaryimage\",\"url\":\"https:\\\/\\\/www.mundi-roth.de\\\/teneriffa-blog\\\/wp-content\\\/uploads\\\/2015\\\/04\\\/P1180567.jpg\",\"contentUrl\":\"https:\\\/\\\/www.mundi-roth.de\\\/teneriffa-blog\\\/wp-content\\\/uploads\\\/2015\\\/04\\\/P1180567.jpg\",\"width\":800,\"height\":600},{\"@type\":\"BreadcrumbList\",\"@id\":\"https:\\\/\\\/www.mundi-roth.de\\\/teneriffa-blog\\\/wanderungen\\\/aguamansa-pinolere\\\/#breadcrumb\",\"itemListElement\":[{\"@type\":\"ListItem\",\"position\":1,\"name\":\"Startseite\",\"item\":\"https:\\\/\\\/www.mundi-roth.de\\\/teneriffa-blog\\\/\"},{\"@type\":\"ListItem\",\"position\":2,\"name\":\"Aguamansa \u2013 Pinolere\"}]},{\"@type\":\"WebSite\",\"@id\":\"https:\\\/\\\/www.mundi-roth.de\\\/teneriffa-blog\\\/#website\",\"url\":\"https:\\\/\\\/www.mundi-roth.de\\\/teneriffa-blog\\\/\",\"name\":\"Teneriffa Wandern\",\"description\":\"Nicht nur Wanderungen auf Teneriffa...\",\"potentialAction\":[{\"@type\":\"SearchAction\",\"target\":{\"@type\":\"EntryPoint\",\"urlTemplate\":\"https:\\\/\\\/www.mundi-roth.de\\\/teneriffa-blog\\\/?s={search_term_string}\"},\"query-input\":{\"@type\":\"PropertyValueSpecification\",\"valueRequired\":true,\"valueName\":\"search_term_string\"}}],\"inLanguage\":\"de\"},{\"@type\":\"Person\",\"@id\":\"https:\\\/\\\/www.mundi-roth.de\\\/teneriffa-blog\\\/#\\\/schema\\\/person\\\/971c66b55f3ae5e8741553688c413cac\",\"name\":\"mundi\",\"image\":{\"@type\":\"ImageObject\",\"inLanguage\":\"de\",\"@id\":\"https:\\\/\\\/secure.gravatar.com\\\/avatar\\\/555f0dd85428f1a9330f8e5dbe9e40ff9ca912bb81e5a89747ebf3ca9c20dc0f?s=96&d=mm&r=g\",\"url\":\"https:\\\/\\\/secure.gravatar.com\\\/avatar\\\/555f0dd85428f1a9330f8e5dbe9e40ff9ca912bb81e5a89747ebf3ca9c20dc0f?s=96&d=mm&r=g\",\"contentUrl\":\"https:\\\/\\\/secure.gravatar.com\\\/avatar\\\/555f0dd85428f1a9330f8e5dbe9e40ff9ca912bb81e5a89747ebf3ca9c20dc0f?s=96&d=mm&r=g\",\"caption\":\"mundi\"},\"sameAs\":[\"http:\\\/\\\/mundi-roth.de\"],\"url\":\"https:\\\/\\\/www.mundi-roth.de\\\/teneriffa-blog\\\/author\\\/mundi\\\/\"}]}<\/script>\n<!-- \/ Yoast SEO plugin. -->","yoast_head_json":{"title":"Aguamansa \u2013 Pinolere - Teneriffa Wandern","robots":{"index":"index","follow":"follow","max-snippet":"max-snippet:-1","max-image-preview":"max-image-preview:large","max-video-preview":"max-video-preview:-1"},"canonical":"https:\/\/www.mundi-roth.de\/teneriffa-blog\/wanderungen\/aguamansa-pinolere\/","twitter_misc":{"Verfasst von":"mundi","Gesch\u00e4tzte Lesezeit":"2\u00a0Minuten"},"schema":{"@context":"https:\/\/schema.org","@graph":[{"@type":"Article","@id":"https:\/\/www.mundi-roth.de\/teneriffa-blog\/wanderungen\/aguamansa-pinolere\/#article","isPartOf":{"@id":"https:\/\/www.mundi-roth.de\/teneriffa-blog\/wanderungen\/aguamansa-pinolere\/"},"author":{"name":"mundi","@id":"https:\/\/www.mundi-roth.de\/teneriffa-blog\/#\/schema\/person\/971c66b55f3ae5e8741553688c413cac"},"headline":"Aguamansa \u2013 Pinolere","datePublished":"2015-04-07T18:54:05+00:00","dateModified":"2015-07-04T15:14:48+00:00","mainEntityOfPage":{"@id":"https:\/\/www.mundi-roth.de\/teneriffa-blog\/wanderungen\/aguamansa-pinolere\/"},"wordCount":485,"commentCount":1,"image":{"@id":"https:\/\/www.mundi-roth.de\/teneriffa-blog\/wanderungen\/aguamansa-pinolere\/#primaryimage"},"thumbnailUrl":"https:\/\/www.mundi-roth.de\/teneriffa-blog\/wp-content\/uploads\/2015\/04\/P1180567.jpg","keywords":["Aguamansa","Forellenzucht","Pinolere","Teneriffa Wandern","Wandern Teneriffa"],"articleSection":["Aguamansa","Wanderungen"],"inLanguage":"de","potentialAction":[{"@type":"CommentAction","name":"Comment","target":["https:\/\/www.mundi-roth.de\/teneriffa-blog\/wanderungen\/aguamansa-pinolere\/#respond"]}]},{"@type":"WebPage","@id":"https:\/\/www.mundi-roth.de\/teneriffa-blog\/wanderungen\/aguamansa-pinolere\/","url":"https:\/\/www.mundi-roth.de\/teneriffa-blog\/wanderungen\/aguamansa-pinolere\/","name":"Aguamansa \u2013 Pinolere - Teneriffa Wandern","isPartOf":{"@id":"https:\/\/www.mundi-roth.de\/teneriffa-blog\/#website"},"primaryImageOfPage":{"@id":"https:\/\/www.mundi-roth.de\/teneriffa-blog\/wanderungen\/aguamansa-pinolere\/#primaryimage"},"image":{"@id":"https:\/\/www.mundi-roth.de\/teneriffa-blog\/wanderungen\/aguamansa-pinolere\/#primaryimage"},"thumbnailUrl":"https:\/\/www.mundi-roth.de\/teneriffa-blog\/wp-content\/uploads\/2015\/04\/P1180567.jpg","datePublished":"2015-04-07T18:54:05+00:00","dateModified":"2015-07-04T15:14:48+00:00","author":{"@id":"https:\/\/www.mundi-roth.de\/teneriffa-blog\/#\/schema\/person\/971c66b55f3ae5e8741553688c413cac"},"breadcrumb":{"@id":"https:\/\/www.mundi-roth.de\/teneriffa-blog\/wanderungen\/aguamansa-pinolere\/#breadcrumb"},"inLanguage":"de","potentialAction":[{"@type":"ReadAction","target":["https:\/\/www.mundi-roth.de\/teneriffa-blog\/wanderungen\/aguamansa-pinolere\/"]}]},{"@type":"ImageObject","inLanguage":"de","@id":"https:\/\/www.mundi-roth.de\/teneriffa-blog\/wanderungen\/aguamansa-pinolere\/#primaryimage","url":"https:\/\/www.mundi-roth.de\/teneriffa-blog\/wp-content\/uploads\/2015\/04\/P1180567.jpg","contentUrl":"https:\/\/www.mundi-roth.de\/teneriffa-blog\/wp-content\/uploads\/2015\/04\/P1180567.jpg","width":800,"height":600},{"@type":"BreadcrumbList","@id":"https:\/\/www.mundi-roth.de\/teneriffa-blog\/wanderungen\/aguamansa-pinolere\/#breadcrumb","itemListElement":[{"@type":"ListItem","position":1,"name":"Startseite","item":"https:\/\/www.mundi-roth.de\/teneriffa-blog\/"},{"@type":"ListItem","position":2,"name":"Aguamansa \u2013 Pinolere"}]},{"@type":"WebSite","@id":"https:\/\/www.mundi-roth.de\/teneriffa-blog\/#website","url":"https:\/\/www.mundi-roth.de\/teneriffa-blog\/","name":"Teneriffa Wandern","description":"Nicht nur Wanderungen auf Teneriffa...","potentialAction":[{"@type":"SearchAction","target":{"@type":"EntryPoint","urlTemplate":"https:\/\/www.mundi-roth.de\/teneriffa-blog\/?s={search_term_string}"},"query-input":{"@type":"PropertyValueSpecification","valueRequired":true,"valueName":"search_term_string"}}],"inLanguage":"de"},{"@type":"Person","@id":"https:\/\/www.mundi-roth.de\/teneriffa-blog\/#\/schema\/person\/971c66b55f3ae5e8741553688c413cac","name":"mundi","image":{"@type":"ImageObject","inLanguage":"de","@id":"https:\/\/secure.gravatar.com\/avatar\/555f0dd85428f1a9330f8e5dbe9e40ff9ca912bb81e5a89747ebf3ca9c20dc0f?s=96&d=mm&r=g","url":"https:\/\/secure.gravatar.com\/avatar\/555f0dd85428f1a9330f8e5dbe9e40ff9ca912bb81e5a89747ebf3ca9c20dc0f?s=96&d=mm&r=g","contentUrl":"https:\/\/secure.gravatar.com\/avatar\/555f0dd85428f1a9330f8e5dbe9e40ff9ca912bb81e5a89747ebf3ca9c20dc0f?s=96&d=mm&r=g","caption":"mundi"},"sameAs":["http:\/\/mundi-roth.de"],"url":"https:\/\/www.mundi-roth.de\/teneriffa-blog\/author\/mundi\/"}]}},"_links":{"self":[{"href":"https:\/\/www.mundi-roth.de\/teneriffa-blog\/wp-json\/wp\/v2\/posts\/4143","targetHints":{"allow":["GET"]}}],"collection":[{"href":"https:\/\/www.mundi-roth.de\/teneriffa-blog\/wp-json\/wp\/v2\/posts"}],"about":[{"href":"https:\/\/www.mundi-roth.de\/teneriffa-blog\/wp-json\/wp\/v2\/types\/post"}],"author":[{"embeddable":true,"href":"https:\/\/www.mundi-roth.de\/teneriffa-blog\/wp-json\/wp\/v2\/users\/4"}],"replies":[{"embeddable":true,"href":"https:\/\/www.mundi-roth.de\/teneriffa-blog\/wp-json\/wp\/v2\/comments?post=4143"}],"version-history":[{"count":0,"href":"https:\/\/www.mundi-roth.de\/teneriffa-blog\/wp-json\/wp\/v2\/posts\/4143\/revisions"}],"wp:featuredmedia":[{"embeddable":true,"href":"https:\/\/www.mundi-roth.de\/teneriffa-blog\/wp-json\/wp\/v2\/media\/4145"}],"wp:attachment":[{"href":"https:\/\/www.mundi-roth.de\/teneriffa-blog\/wp-json\/wp\/v2\/media?parent=4143"}],"wp:term":[{"taxonomy":"category","embeddable":true,"href":"https:\/\/www.mundi-roth.de\/teneriffa-blog\/wp-json\/wp\/v2\/categories?post=4143"},{"taxonomy":"post_tag","embeddable":true,"href":"https:\/\/www.mundi-roth.de\/teneriffa-blog\/wp-json\/wp\/v2\/tags?post=4143"}],"curies":[{"name":"wp","href":"https:\/\/api.w.org\/{rel}","templated":true}]}}