{"id":4358,"date":"2015-11-10T22:00:23","date_gmt":"2015-11-10T21:00:23","guid":{"rendered":"http:\/\/www.mundi-roth.de\/teneriffa-blog\/?p=4358"},"modified":"2016-05-23T12:11:33","modified_gmt":"2016-05-23T11:11:33","slug":"camino-real-del-sur-2","status":"publish","type":"post","link":"https:\/\/www.mundi-roth.de\/teneriffa-blog\/allgemein\/camino-real-del-sur-2\/","title":{"rendered":"CAMINO REAL del SUR (2)"},"content":{"rendered":"<p style=\"text-align: center;\"><strong>Camino Real del Sur<\/strong><\/p>\n<p style=\"text-align: center;\"><strong>2. Etappe <\/strong><\/p>\n<p style=\"text-align: center;\"><strong>von G\u00fcimar nach Fasnia<\/strong><\/p>\n<p>Haben wir vergangene Woche das erste Teilst\u00fcck dieses langen Camino Real del Sur von Candelaria bis G\u00fcimar als nur schrecklich empfunden, so wurden wir heute vielfach entsch\u00e4digt.<\/p>\n<p>Diese Etappe ist in jeder Hinsicht abwechslungsreich und sch\u00f6n.<br \/>\nDie Landschaft wechselt von urw\u00fcchsig, verwildert, kaum begangen zu intensiv landwirtschaftlich genutzten Zonen, der Weitblick hoch zu den Monta\u00f1as ist klar, jedoch zur S\u00fcdspitze der Insel und zum Meer etwas tr\u00fcb, das sind noch\u00a0 die Nachwehen des Calima, dem warmen, sandtragenden Wind aus der Sahara.<br \/>\nDer Bodenbelag wechselt von urspr\u00fcnglicher Camino Real Pflasterung zu Pflanzen, Felsen, Beton, Asphalt, Jable = Tuffstein.<\/p>\n<div id=\"attachment_4359\" style=\"width: 115px\" class=\"wp-caption alignright\"><a href=\"http:\/\/www.mundi-roth.de\/teneriffa-blog\/wp-content\/uploads\/2015\/11\/Zwischenablage04.jpg\" rel=\"lightbox[4358]\"><img loading=\"lazy\" decoding=\"async\" aria-describedby=\"caption-attachment-4359\" class=\"size-thumbnail wp-image-4359\" src=\"http:\/\/www.mundi-roth.de\/teneriffa-blog\/wp-content\/uploads\/2015\/11\/Zwischenablage04-105x150.jpg\" alt=\"Die Strecke\" width=\"105\" height=\"150\" srcset=\"https:\/\/www.mundi-roth.de\/teneriffa-blog\/wp-content\/uploads\/2015\/11\/Zwischenablage04-105x150.jpg 105w, https:\/\/www.mundi-roth.de\/teneriffa-blog\/wp-content\/uploads\/2015\/11\/Zwischenablage04-210x300.jpg 210w, https:\/\/www.mundi-roth.de\/teneriffa-blog\/wp-content\/uploads\/2015\/11\/Zwischenablage04.jpg 419w\" sizes=\"auto, (max-width: 105px) 100vw, 105px\" \/><\/a><p id=\"caption-attachment-4359\" class=\"wp-caption-text\">Die Strecke<\/p><\/div>\n<p><strong>Wanderwegstrecke:<\/strong> 15,34 km,<\/p>\n<p>reine Gehzeit 5 Stunden 13 Minuten, inclusive 1 Stunde Bummel in G\u00fcimar, Apfelpause und Einkehrschwung in El Escobona<\/p>\n<p>502 m im Aufstieg und 398 m im Abstieg,<\/p>\n<p>Die GPS-Tour als Zip-Datei <a href=\"http:\/\/www.mundi-roth.de\/teneriffa-blog\/wp-content\/uploads\/2015\/11\/2015-11-10.7z\">2015-11-10<\/a><\/p>\n<p>Mit Bus 111 bis Candelaria, dann nach 20 Minuten Wartezeit die halbst\u00fcndige Weiterfahrt mit der Linie 121 nach G\u00fcimar bis zum Busbahnhof.<br \/>\nVon hier aus bummeln wir erst die Hauptstra\u00dfe entlang, zeigen dann Micky,<\/p>\n<div id=\"attachment_4360\" style=\"width: 160px\" class=\"wp-caption alignleft\"><a href=\"http:\/\/www.mundi-roth.de\/teneriffa-blog\/wp-content\/uploads\/2015\/11\/P1200250.jpg\" rel=\"lightbox[4358]\"><img loading=\"lazy\" decoding=\"async\" aria-describedby=\"caption-attachment-4360\" class=\"size-thumbnail wp-image-4360\" src=\"http:\/\/www.mundi-roth.de\/teneriffa-blog\/wp-content\/uploads\/2015\/11\/P1200250-150x113.jpg\" alt=\"San Pedro\" width=\"150\" height=\"113\" srcset=\"https:\/\/www.mundi-roth.de\/teneriffa-blog\/wp-content\/uploads\/2015\/11\/P1200250-150x113.jpg 150w, https:\/\/www.mundi-roth.de\/teneriffa-blog\/wp-content\/uploads\/2015\/11\/P1200250-300x225.jpg 300w, https:\/\/www.mundi-roth.de\/teneriffa-blog\/wp-content\/uploads\/2015\/11\/P1200250.jpg 800w\" sizes=\"auto, (max-width: 150px) 100vw, 150px\" \/><\/a><p id=\"caption-attachment-4360\" class=\"wp-caption-text\">San Pedro<\/p><\/div>\n<p>Elisabeths Nachbarin und Freundin, die uns heute<\/p>\n<div id=\"attachment_4361\" style=\"width: 160px\" class=\"wp-caption alignright\"><a href=\"http:\/\/www.mundi-roth.de\/teneriffa-blog\/wp-content\/uploads\/2015\/11\/P1200259.jpg\" rel=\"lightbox[4358]\"><img loading=\"lazy\" decoding=\"async\" aria-describedby=\"caption-attachment-4361\" class=\"size-thumbnail wp-image-4361\" src=\"http:\/\/www.mundi-roth.de\/teneriffa-blog\/wp-content\/uploads\/2015\/11\/P1200259-150x113.jpg\" alt=\"Rathaus\" width=\"150\" height=\"113\" srcset=\"https:\/\/www.mundi-roth.de\/teneriffa-blog\/wp-content\/uploads\/2015\/11\/P1200259-150x113.jpg 150w, https:\/\/www.mundi-roth.de\/teneriffa-blog\/wp-content\/uploads\/2015\/11\/P1200259-300x225.jpg 300w, https:\/\/www.mundi-roth.de\/teneriffa-blog\/wp-content\/uploads\/2015\/11\/P1200259.jpg 800w\" sizes=\"auto, (max-width: 150px) 100vw, 150px\" \/><\/a><p id=\"caption-attachment-4361\" class=\"wp-caption-text\">Rathaus<\/p><\/div>\n<p>begleitet, G\u00fcimar mit den Kirchen San Pedro und San Domingo sowie das Rathaus mit seinem sch\u00f6nen Vorplatz ( n\u00e4her beschrieben im <a href=\"http:\/\/www.mundi-roth.de\/teneriffa-blog\/wanderungen\/camino-real-%E2%80%93-la-medida-%E2%80%93-guimar\/\">Bericht vom 30.1.2008<\/a>)<\/p>\n<p>San Pedro wurde im Jahre 1610 errichtet. Unter seinen bemerkenswerten architektonischen Merkmalen sind besonders die Hauptt\u00fcre aus Rigaholz und ihre Vort\u00fcre zu erw\u00e4hnen. Die Struktur beruht auf dem sogenannten lateinischen Kreuz und im rechten Teil befinden sich drei Retabel mit wundersch\u00f6nen Schnitzereien &#8211; die von La Inmaculada, La Dolorosa und der Jungfrau von El Carmen. Im linken Teil sind das Retabel von San Pablo und El Cristo de Las Tribulaciones zu finden, und hinten , neben dem Sanktuarium, der Crtisto d La Agon\u00eda.<\/p>\n<p>Dann aber Marsch:<\/p>\n<p>Bei der Cespa Tankstelle queren wir den Barranco \u00fcber die Br\u00fccke, um dann<\/p>\n<div id=\"attachment_4362\" style=\"width: 160px\" class=\"wp-caption alignright\"><a href=\"http:\/\/www.mundi-roth.de\/teneriffa-blog\/wp-content\/uploads\/2015\/11\/P1200268.jpg\" rel=\"lightbox[4358]\"><img loading=\"lazy\" decoding=\"async\" aria-describedby=\"caption-attachment-4362\" class=\"size-thumbnail wp-image-4362\" src=\"http:\/\/www.mundi-roth.de\/teneriffa-blog\/wp-content\/uploads\/2015\/11\/P1200268-150x113.jpg\" alt=\"Auf dem rechten Weg\" width=\"150\" height=\"113\" srcset=\"https:\/\/www.mundi-roth.de\/teneriffa-blog\/wp-content\/uploads\/2015\/11\/P1200268-150x113.jpg 150w, https:\/\/www.mundi-roth.de\/teneriffa-blog\/wp-content\/uploads\/2015\/11\/P1200268-300x225.jpg 300w, https:\/\/www.mundi-roth.de\/teneriffa-blog\/wp-content\/uploads\/2015\/11\/P1200268.jpg 800w\" sizes=\"auto, (max-width: 150px) 100vw, 150px\" \/><\/a><p id=\"caption-attachment-4362\" class=\"wp-caption-text\">Auf dem rechten Weg<\/p><\/div>\n<p>sofort links abzusteigen und zwischen den H\u00e4usern vorbei an der Kirche Nuestra Se\u00f1ora del Pilar\u00a0 &#8211; schon auf dem camino real \u2013 wie Schilder ank\u00fcndigen &#8211; rasch auszuschreiten.<\/p>\n<p>Vorbei an einem gro\u00dfen H\u00fchnerstall, dessen Gestank wir noch in nachhaltiger, schlechter Erinnerung haben. Hier hei\u00dft es: Taschentuch vor die Nase und nur schnelle, schnell vorbei.<\/p>\n<p>Kurz darauf ein weiterer Hinweis. \u201ecarretera cortado = gesperrte Stra\u00dfe.<br \/>\nDa f\u00fchrt unser Weg weiter.<\/p>\n<p>\u201eAgatha\u201c (Sprecherin von kommot) sagt uns, dass wir richtig sind und nun wird es schwei\u00dftreibend, einmal vom steilen Aufstieg, die Ladera de G\u00fcimar = Abhang von\u00a0 G\u00fcimar, zum anderen: ein Thermometer in G\u00fcimar zeigte 29 Grad an.<br \/>\n<em>\u201eLadera de G\u00fcimar: \u201eDie Hangseite von G\u00fcimar: Ein nat\u00fcrlich absch\u00fcssiger Abhang, der das Tal von G\u00fcimar s\u00fcdlich aschlie\u00dft und zum Gebiet von Agache f\u00fchrt. In der Sprache der Guanchen wurde er \u201eMaji\u00f1e\u201c genannt.\u201c<\/em><\/p>\n<p>Der urspr\u00fcngliche Pfad mit seiner typischen Pflasterung wird offensichtlich wenig begangen, da Wermut, dessen Duft uns umweht, Margeriten, Lavendel ihn \u00fcberwuchern.<\/p>\n<p>Nach 30 Minuten erreichen wir die TF 28, eine Verschnauf-Trinkpause-Schaupause: Hoch zu den Bergen, bunte Tupfer der Paraglider beleben das Himmelsblau, Iza\u00f1a, das Observatorium, die Sonnenwarte, leuchtet wei\u00df, runter ins Tal von G\u00fcimar und weiter den Blick bis zum Anagagebirge und\u00a0 \u00fcber Monta\u00f1a Grande zum Meer.<\/p>\n<p>Wir queren die TF 28, die carretera general del sur, um gleich rechts \u2013 bei einer Gedenktafel f\u00fcr einen verungl\u00fcckten Radfahrer wieder aufzusteigen. Erst <a href=\"http:\/\/www.mundi-roth.de\/teneriffa-blog\/wp-content\/uploads\/2015\/11\/P1200286.jpg\" rel=\"lightbox[4358]\"><img loading=\"lazy\" decoding=\"async\" class=\"alignleft size-thumbnail wp-image-4363\" src=\"http:\/\/www.mundi-roth.de\/teneriffa-blog\/wp-content\/uploads\/2015\/11\/P1200286-111x150.jpg\" alt=\"P1200286\" width=\"111\" height=\"150\" srcset=\"https:\/\/www.mundi-roth.de\/teneriffa-blog\/wp-content\/uploads\/2015\/11\/P1200286-111x150.jpg 111w, https:\/\/www.mundi-roth.de\/teneriffa-blog\/wp-content\/uploads\/2015\/11\/P1200286-222x300.jpg 222w, https:\/\/www.mundi-roth.de\/teneriffa-blog\/wp-content\/uploads\/2015\/11\/P1200286.jpg 592w\" sizes=\"auto, (max-width: 111px) 100vw, 111px\" \/><\/a>auf\u00a0 breitem, gepflasterten Pfad, der dann zugewachsen ist.<br \/>\nWir zw\u00e4ngen uns durch Wolfsmilchgew\u00e4chse, Tabaiba dulce und amarga, Wermut, Aeoinen und nach 15 Minuten haben wir den Aufstieg bew\u00e4ltigt.<\/p>\n<p>Hier oben treffen wir auf das erste von nun vielen folgenden Schildern, die den Camino Real ausweisen und auch \u00fcber Besonderheiten aufkl\u00e4ren.<\/p>\n<p>\u201eCamino Real Ladera de G\u00fc\u00edmar Camino de Las Rosas\u201c dahin geht es weiter.<br \/>\nWir kommen aus \u201eCasco de G\u00fcimar, Camino de Las Rosas\u201c.<\/p>\n<p>Queren die Stra\u00dfe, die uns im vergangen Saison hoch zu den \u201eVentantas de G\u00fcimar\u201c f\u00fchrte und \u201eAcueduto Lomo de Mena &#8211;\u00a0 Camino de Anocheza\u201c ist der n\u00e4chste Hinweis.<\/p>\n<p>Schild auf Schild folgt.<br \/>\nWir gelangen nach P\u00e1jara. Nicht auf den \u201eCamino Real Pajaro\u201c locken lassen.\u00a0 Der TF 28 \u2013 zum Gl\u00fcck wenig befahren \u2013\u00a0 ca. 1 km lang folgen, vorbei an einer Reihe von genutzten H\u00f6hlen, zwei H\u00e4usern &#8211; im f\u00fcr Teneriffa ungew\u00f6hnlichem Baustil\u00a0 &#8211;\u00a0 an der Bushaltestelle La Medida vorbei dann links abbiegen. Dichtbehangene Orangen- und Zitronenb\u00e4ume s\u00e4umen den Weg. Nun wandern wir durch eine intensiv genutzte landwirtschaftliche Zone. Vorbei an gut gef\u00fcllten Wasserbecken und Unmengen aus Bimsstein errichteten Mauern, die die Terrassen f\u00fcr den Anbau f\u00fcr Kartoffeln, Wein, K\u00fcrbisse etc. bilden.<\/p>\n<p>Immer wieder Hinweisschilder, zum \u201eCamino Real \u2013Acueducto Lomo de Mena\u201c.<\/p>\n<p>Inzwischen ist es 14 Uhr als wir unter uns liegend einen \u00fcberraschenden Blick<a href=\"http:\/\/www.mundi-roth.de\/teneriffa-blog\/wp-content\/uploads\/2015\/11\/P1200333.jpg\" rel=\"lightbox[4358]\"><img loading=\"lazy\" decoding=\"async\" class=\"alignright size-thumbnail wp-image-4364\" src=\"http:\/\/www.mundi-roth.de\/teneriffa-blog\/wp-content\/uploads\/2015\/11\/P1200333-150x113.jpg\" alt=\"P1200333\" width=\"150\" height=\"113\" srcset=\"https:\/\/www.mundi-roth.de\/teneriffa-blog\/wp-content\/uploads\/2015\/11\/P1200333-150x113.jpg 150w, https:\/\/www.mundi-roth.de\/teneriffa-blog\/wp-content\/uploads\/2015\/11\/P1200333-300x225.jpg 300w, https:\/\/www.mundi-roth.de\/teneriffa-blog\/wp-content\/uploads\/2015\/11\/P1200333.jpg 800w\" sizes=\"auto, (max-width: 150px) 100vw, 150px\" \/><\/a> auf den Acueducto mit 32 Pfeilern haben.<\/p>\n<p><em>Ein Aquadukt, der die Wasserleitung \u00fcber das Tal f\u00fchrt. Wir werden\u00a0durch eine Tafel aufgekl\u00e4rt:<\/em><br \/>\n<em> \u201cAqu\u00e4dukt von Lomo de Mena. Diese Wasserrinne geh\u00f6rt zu der Gemeinschaft Acueducto de El Escobonal, auch bekannt als Kanal von G\u00fcimar. Er wurde gegen Ende der 20er Jahre des 20. Jahrhunderts konstruiert, um Quellwasser aus dem Tal von G\u00fcimar nach El Escobonal zu leiten, mit dem Ziel, landwirtschaftliche Fl\u00e4chen zu bew\u00e4ssern. 1930 reichte es bis El Escobonal und sp\u00e4ter f\u00fchrte man es bis Fasnia weiter.\u201c<\/em><\/p>\n<p>(so von mir am 30.1.2008 beschrieben bei der Wanderung\u00a0 \u201e<a href=\"http:\/\/www.mundi-roth.de\/teneriffa-blog\/wanderungen\/camino-real-%E2%80%93-la-medida-%E2%80%93-guimar\/\">Camino Real La Medida \u2013 G\u00fcimar<\/a>\u201c.<\/p>\n<p>\u201eBarranco de Camino Caseta\u00a0 de Abajo\u201c, der n\u00e4chste Hinweis.<br \/>\nWeiter vorbei an Zitronen- und Orangenb\u00e4umen sowie Weinst\u00f6cken. Die n\u00e4chste Hinweistafel \u201eBarranco de Achacay\u00a0 &#8211; Camino Lomo del Bueno\u201c\u00a0 l\u00e4\u00dft nicht lange auf sich warten.<br \/>\n\u201eCamino Real Barranco de Achaca \u2013 Camino Real\u201c\u00a0 hei\u00dft es beim n\u00e4chsten.<br \/>\nEs wurde wahrlich nicht an Tafeln gespart.<\/p>\n<p><em>Aufgekl\u00e4rt werden wir, dass der Gemeindefriedhof in einer Landschaft liegt, die unter dem Namen \u201eLomo de las Gallineras\u201c bekannt ist, initiiert wurde sein Bau vom B\u00fcrgermeister des Bario, Francisco D\u00edaz Yandes (1861-1950). Dieser im Jahre 1919 eingeweihte Friedhof ist zur Bestattung der Verstorbenen von El Escobonal und Lomo de Menavorgesehen. In den Jahren 1953 \u2013 1985 wurden Erweiterungsarbeiten vorgenommen.<\/em><\/p>\n<p>Schlag auf Schlag folgen die Tafeln:<br \/>\n\u201eCamino Real \u2013 Barranco del Achacay \u2013 Camino Monta\u00f1a de Abajo\u201c<\/p>\n<p>Ein paar Hinweise sp\u00e4ter die Erkl\u00e4rung:<\/p>\n<p>\u201eEl Salto<br \/>\n<em>Malerische Landschaft von El Escobonal, an der Seite des Camino Real (K\u00f6nigsweges, der von G\u00fcimar nach Fasnia f\u00fchrt. Erscheint seit 1920 im Stra\u00dfenverzeichnis der Gemeinde. Die Stadtverwaltungvon G\u00fcimar benannte ihn am 29. Dezember 1979 gem\u00e4\u00df der Volksbezeichnung des Weges in \u201eEl Alto del Camino Real\u201c um.<\/em><\/p>\n<p>Unser Blick f\u00e4llt auf Mauern, Mauern, Terrassenfelder, Terrassenfelder ohne Ende.<\/p>\n<p>Was waren und sind die Leute hier flei\u00dfig!!!!<\/p>\n<p>\u201eCamino\u00a0 Real\u00a0 Barranco de Achacay \u2013 Camino Tambora de Abajo\u201c<br \/>\nund kurz darauf nochmal derselbe Hinweis.<\/p>\n<p>Eine weitere Erkl\u00e4rung folgt:<br \/>\n\u201eBarranco de Achacay\u201c<br \/>\n<em>Schlucht mit sehr steilem Gef\u00e4lle; ihr zentraler Verlauf ist reich an Vegetation, mit seltenen einheimischen Gew\u00e4chsen der \u00dcbergangsvegetation und Resten unzug\u00e4nglicher Sabina-W\u00e4lder. Im weiteren Verlauf besitzt sie unterschiedliche Namen, wie \u201ePedro D\u00edaz\u201c oder &#8222;Redondo&#8220;. M\u00fcndet in den Strand von La Restinga.\u201c<\/em><\/p>\n<p>Alle Erkl\u00e4rungen sind in spanisch, deutsch und englisch abgefasst.<\/p>\n<p>Vorbei geht es am Pozo \u201eSaltadero de Achacay\u201c und der n\u00e4chste Hinweis auf die \u201eEremita San Jos\u00e9\u201c am Camino Real l\u00e4\u00dft nicht lange auf sich warten.<\/p>\n<p>ABER: Erst ein Einkehrschwung in die Bodg\u00f3n \u201eCastro\u201c in La Escobona, in die wir damals 3 mal zum Essen eingekehrt sind.<br \/>\nHeute jedoch: Nur etwas Trinkbares. Unsere Wasservorr\u00e4te sind bei den Temperaturen bereits aufgebraucht und die Zunge klebt am Gaumen.<br \/>\nDie Wirtin bemitleidet uns, dass wir bei den Temperaturen wandern.<\/p>\n<p>1 Stunde prognostiziert uns die Wirten, diese Zeit w\u00fcrden wir noch bis Fasnia brauchen.<br \/>\nIch habe 1 \u00bd Stunden abgespeichert. Mal sehen.<br \/>\nEin Anruf meines lieben Mannes erreicht uns in dem Lokal, ob er sich schon auf den Weg machen soll, um uns in Fasnia abzuholen.<br \/>\nWir bitten ihn, noch etwa zuzuwarten.<\/p>\n<p>Also auf, keine M\u00fcdigkeit vorsch\u00fctzen, die letzte Strecke durch den Barranco de Herrques.<\/p>\n<p>Der Hinweis lautet: \u201eFasnia 3,1 km \u2013 Barranco de Herques 1,3 km\u201c<\/p>\n<p>Wir passieren die Eremita San Jos\u00e9, die ich damals so beschrieb:<\/p>\n<p><em>\u201eRuinen der alten Jos\u00e9 Wallfahrtskapelle, errichtet um 1750. Nach einem schweren Unwetter st\u00fcrzte sie 1927 ein und blieb nur als Ruine erhalten. Im Jahre 2002 wurde die historische Anlage in der heutigen, sehr ansprechenden Form hergerichtet.\u201c<\/em><\/p>\n<p>Die Besichtigung sparen wir uns heute, allm\u00e4hlich sind wir bedient.<\/p>\n<p>Daf\u00fcr betreten wir wieder ein Naturschutzgebiet und es geht auf der typischen Camino Real Pflasterung hinab in den beeindruckenden, m\u00e4chtigen\u00a0 Barranco.<br \/>\nImposante Felsw\u00e4nde, unterschiedlicher Gestaltung, Formation und Farbe begeistern uns wieder auf&#8217;s Neue.<br \/>\nErstaunlicherweise l\u00e4\u00dft er sich sowohl abw\u00e4rts wie auch aufw\u00e4rts gut gehen und wir halten immer wieder inne, um diese Landschaft zu bestaunen Und trotzdem brauchen wir daf\u00fcr nur 20 Minuten. \u00dcberraschend!<\/p>\n<p>Dieser Abschnitt zwischen G\u00fcimar und Fasnia ist phantastisch ausgeschildert und beschildert.<\/p>\n<p>Daher k\u00f6nnen wir uns schon wieder an einer Tafel \u201eschlau machen\u201c:<\/p>\n<p><em>\u201eEin eingeengtes \u201eReich\u201c, das seine Reicht\u00fcmer einem Volke schenkte<\/em><br \/>\n<em> Die Herques-Schlucht war f\u00fcr das Volk der Ureinwohner von gro\u00dfer Bedeutung, da die Guanchen sie zur Bestreitung ihres Lebensunterhaltes nutzten und in ihr ihre Kultur entwickelten, wovon uns zahlreiche Spuren aus jener Zeit erz\u00e4hlen.<\/em><br \/>\n<em> Ihr Name schien auf das Wort \u201eEres\u201c zur\u00fcckzugehen womit hiesig eine von Sand bedeckte Stelle in einem Schluchtbett bezeichnet wird, in der sich Wasser ansammelte. In Trockenperioden gruben die Menschen den feinen Sand ab und das leicht zu kl\u00e4renden Wasser sickerte hervor. Nach seiner Nutzung wurde das Wasserloch wieder mit dem feinen Sand bedeckt.<\/em><br \/>\n<em> In den gewaltigen Schluchtw\u00e4nden befinden sich mehrere Hirtenunterst\u00e4nde die auf den Durchzug von gro\u00dfen Ziegenherden schlie\u00dfen lassen. Dar\u00fcber hinaus gibt es auch \u00dcberreste von heiligen St\u00e4tten, so genannte \u201eMulden- und Kanalstationen\u201c, in denen die Ureinwohner der Insel zu ihren G\u00f6ttern und Geistern beteten. In ihnen sind untereinander verbundene Mulden und Kan\u00e4le in den Felsboden eingehauen, in die Fl\u00fcssigkeiten, wie z.B. Ziegenmilch, gegossen wurden. Die sich in den Ritzen verteilende Fl\u00fcssigkeit lie\u00df ein Bild entstehen, das dann gedeutet wurde.<\/em><br \/>\n<em> Was aber wirlich die gro\u00dfe Bedeutung und Verehrung dieser Schlucht als heilige St\u00e4tte durch die Guanchen beweist, findet sich in den Chroniken des kanarischen Naturforschers Hos\u00e9 de Viera y Clavijo zusammengefasst. Im Jahr 1770 entdeckte er eine gewaltige H\u00f6hle, die heute leider nur noch in der Erinnerung existiert, da man sie nie wiederentdecken konnte.\u201c<\/em><\/p>\n<p>Weiter geht es mit Erl\u00e4uterungen:<\/p>\n<p>\u201eNoticias e la Historia General de las Islas Canarias\u201c, Jse\u00e9 de Viera y Clavijo, 1772<br \/>\n<em>\u201eZur Zeit als diese Chroniken niedergeschrieben wurden, entdeckte man ein herrliches Pantheon, dessen Gewaltigkeit ein helles Licht auf diesen Teil unsere alten Geschichte wirft. Obwohl die H\u00f6hle nur einen \u00e4u\u00dferst schwer zug\u00e4nglichen Eingang besitzt, ist sie in ihrem Inneren sehr hoch, bietet Platz und weist an ihren W\u00e4nden in den Felsen eingehauene Nischen auf. Sie befindet sich an einer sehr steilen Erhebung der Herques-Schlucht (\u2026) und ist so voller Mumien, dass mehr als ihrer tausend gez\u00e4hlt wurden. Um der Wahrheit gen\u00fcge zu tun, muss ich hestehen, dass ich bis dahin die Geschicklichkeit nicht besonders geachtet hatte, mit der diese Insulaner die K\u00f6rper ihrer Toten verewigten. Die H\u00fcllen, in die diese von Kopf bis Fu\u00df eingerollt waren, sind mit gro\u00dfer Kunstfertigkeit vern\u00e4hte Felle von Ziegen. Manche K\u00f6rper wurden sogar von f\u00fcnf bis sechs \u00fcbereinander gewickelten H\u00fcllen umgeben. Die M\u00e4nner fand man mit den Armen ausgestreckt bis auf beide Schenkel, die Frauen mit den H\u00e4nden \u00fcber ihrem Bauch gefaltet. Dieselbe Bewunderung erregt ferner die Anordnung der Leichen auf diesem Friedhof, weil sie Betten und Reihen auf einer Art Ger\u00fcst aus Holz ruhen, das nicht verrottet ist \u2013 ein Schauspiel, das f\u00fchrwahr nichts Ehrenvolles hat.\u201c<\/em><\/p>\n<p>Damit wir nicht uninformiert nach Hause gehen, noch eine Aufkl\u00e4rungstafel:<\/p>\n<p><em>\u201eEin harter Kampf ums \u00dcberleben zwischen Meer und Bergen<\/em><br \/>\n<em> Fasnia ist ein einmaliges Beispiel f\u00fcr die Nutzung der nat\u00fcrlichen Ressourcen \u2013 von den Gipfeln bis hinab zur K\u00fcste. Alle \u00d6kosysteme wurde maximal genutzt und das garantierte ihr \u00dcberleben.<\/em><br \/>\n<em> Eine Gruppe von Menschen vermochte es, ihr Leben an ein Territorium, das fast eine W\u00fcste war, anzupassen und in ihm ihr Dasein zu bestreiten. Wie war das m\u00f6glich? Bis in die 30er Jahre des 20. Jahrhunderts, als man begann, Wasserstollen in die Berge zu graben, war Wasser nur sp\u00e4rliche vorhanden. Es existierten lediglich einige wenige nat\u00fcrliche Quellen und Zisternen, in den das Regenwasser aufgefangen wurde.<\/em><br \/>\n<em> Doch die Bev\u00f6lkerung des Landstrichs verstand es weise, aus allen \u00d6kosystemen \u2013 von der K\u00fcste bis hinauf in die Berge \u2013 das N\u00f6tige zu gewinnen und die Ressourcen entsprechend der jeweiligen Jahreszeiten zu nutzen. Generationen von B\u00fcrgern leisteten enorme Anstrengungen, um sich an das scheinbar feindliche Territorium anzupassen und jeden, wenn auch nur kleisten Nutzen aus ihm zu ziehen um ihren Lebenunterhalt zu bestreiten. Das Werk der B\u00fcrger von Fasnia ist beispielhaft und sollte nie in Vergessenheit geraten, denn mit ihm verbunden sind eine F\u00fclle von Wissensch\u00e4tzen und Kenntnissen.\u201c<\/em><\/p>\n<p>Noch eine \u00dcberraschung wartet auf uns:<\/p>\n<p>Ein Wasserbecken, das durch seine Kalkablagerungen sehr futuristisch, skuril,<a href=\"http:\/\/www.mundi-roth.de\/teneriffa-blog\/wp-content\/uploads\/2015\/11\/P1200402.jpg\" rel=\"lightbox[4358]\"><img loading=\"lazy\" decoding=\"async\" class=\"alignright size-thumbnail wp-image-4365\" src=\"http:\/\/www.mundi-roth.de\/teneriffa-blog\/wp-content\/uploads\/2015\/11\/P1200402-150x113.jpg\" alt=\"P1200402\" width=\"150\" height=\"113\" srcset=\"https:\/\/www.mundi-roth.de\/teneriffa-blog\/wp-content\/uploads\/2015\/11\/P1200402-150x113.jpg 150w, https:\/\/www.mundi-roth.de\/teneriffa-blog\/wp-content\/uploads\/2015\/11\/P1200402-300x225.jpg 300w, https:\/\/www.mundi-roth.de\/teneriffa-blog\/wp-content\/uploads\/2015\/11\/P1200402.jpg 800w\" sizes=\"auto, (max-width: 150px) 100vw, 150px\" \/><\/a> avantgardistisch aussieht.<\/p>\n<p>Da darf nat\u00fcrlich auch eine Infotafel nicht fehlen:<\/p>\n<p><em>\u201eDer Kampf um die Wassersuche pr\u00e4gte die Geschichte des Insels\u00fcdens im vergangenen 20. Jahrhundert<\/em><br \/>\n<em> Der feste Glaube daran, dass man in einem wegen seiner Tockenheit eigentlich so feindlichen Territorium das f\u00fcr alle menschliche Entwicklung n\u00f6tige Wasser finden kann, f\u00fchrte zur Einf\u00fchrung einer der interessantesten hydraulischen Infrastrukturen der Inseln.<\/em><br \/>\n<em> Vor sich sehen Sie ein Wasserspeichersystem, bei dem das Bett einer kleinen Schlucht und ihr Bodenmaterial \u2013 leicht zu bearbeitender Bimsstein \u2013 genutzt\u00a0 wurden. Nachdem der Boden abgedichtet wurde, war die Wasserversorgung f\u00fcr den landwirtschaftlichen Anbau garantiert. Dieses System stellt nur ein Beispiel f\u00fcr die Tausenden von Infrastrukturen dar, mit denen die Menschen dieses Landstrichs das kostbare Nass aus der Erde holen, leiten und speichern.<\/em><br \/>\n<em> Als man in Fasnia in den 30er Jahren begann, das Wasser aus dem Archifira-Stollen zu gewinnen und \u00fcber den Kanal des S\u00fcdens zu kanalisieren, war dies eine Art Revolution f\u00fcr die Menschen des Landstrichs, denn nun war die Wasserversorgung garantiert, von der so viele sozio\u00f6konomische Entscheidungen in vielen Gebieten des Inels\u00fcdens abhingen.<\/em><br \/>\n<em> Wassert\u00fcrme, Becken, Tanks, Zisternen, Sammelbecken, Kan\u00e4le, Adqu\u00e4dukte, Stollen, Quellen, wie ein riesiges Netz ziehen sich die hydraulischen Einrichtungen \u2013 pr\u00e4zise konstruiert oder auch in den Fels gehauen \u2013 \u00fcber die gesamte L\u00e4nge und Breite dieses trockenen, nach Wasser d\u00fcrstenden Landes. Der erreichte Erfolg ist ein Verm\u00e4chtnis, das unser aller Bewunderung verdient und seinen Erhalt f\u00fcr die Zukunft wert ist, denn das Wasser von heute kann gut auch das von morgen sein.\u201c<\/em><\/p>\n<p>So, noch ein kleiner Anstieg und das erl\u00f6sende Schild sagt uns, noch 1,7 km bis Fasnia.<\/p>\n<p>Am Wegesrand noch eine Kuriosit\u00e4t: Ein Briefkasten, ganz alleine, gerahmt von einer wundersch\u00f6n bl\u00fchenden Yucca, noch ein Blick auf eine sch\u00f6ne Finca und den Blick nach vorne, die Monta\u00f1a Fasnia gekr\u00f6nt mit einem Kirchlein. Vielleicht f\u00fchrt uns ja die n\u00e4chste Strecke dort vorbei? sind wir am Sportplatz vorbei in wenigen Minuten am Friedhof.<br \/>\n16:28 Uhr! Geschafft!<\/p>\n<p>Fast zeitgleich kommt mein lieber Mann mit Taxi \u201eIrmEli\u201c an, um uns einzusammeln. Besser kann es gar nicht sein!<\/p>\n<p><strong>Fazit:<\/strong><br \/>\nDieser zweite Teil des Camino Real von Candelaria nach Santiago del Teide ist eine wundersch\u00f6ne Strecke, abwechslungsreich, auch was die Kondition angeht, und noch dazu lehrreich und unwahrscheinlich gut ausgezeichnet, was wir in dieser Form noch nie erlebt haben.<\/p>\n<p>Die erste Etappe steichen wir aus dem Ged\u00e4chtnis und wir freuen uns und lassen uns \u00fcberraschen wie sich der dritte Teil: Fasnia &#8211; Arico gestaltet.<\/p>\n<p><strong>Anfahrt:<\/strong><br \/>\nVom Busbahnhof Los Cristianos mit der Linie 111 bis Candelaria. Ankunft ca. 10:10 Uhr<br \/>\nHier rechts in die Stadt bis zum unterhalb liegenden Kreisverkehr und auf der gegen\u00fcberliegenden Seite ist die Bushaltestelle.<br \/>\nVon hier mit der Linie 121 um 10:40 Uhr bis Busbahnhof G\u00fcimar.<\/p>\n<p><strong>Achtung:<\/strong><br \/>\nWir m\u00f6chten darauf hinweisen, dass die bei den entsprechenden Wanderungen angegeben Bus-Linien und Zeiten inzwischen \u00fcberholt sind.<br \/>\nMomentan ist der Bus-Fahrplan vom 19.09.2015 bis 31.12.2015 aktuell!<\/p>\n<p>&nbsp;<\/p>\n<p style=\"text-align: center;\"><strong>Impressionen<\/strong><\/p>\n\n\t\t<style type=\"text\/css\">\n\t\t\t#gallery-1 {\n\t\t\t\tmargin: auto;\n\t\t\t}\n\t\t\t#gallery-1 .gallery-item {\n\t\t\t\tfloat: left;\n\t\t\t\tmargin-top: 10px;\n\t\t\t\ttext-align: center;\n\t\t\t\twidth: 33%;\n\t\t\t}\n\t\t\t#gallery-1 img {\n\t\t\t\tborder: 2px solid #cfcfcf;\n\t\t\t}\n\t\t\t#gallery-1 .gallery-caption {\n\t\t\t\tmargin-left: 0;\n\t\t\t}\n\t\t\t\/* see gallery_shortcode() in wp-includes\/media.php *\/\n\t\t<\/style>\n\t\t<div id='gallery-1' class='gallery galleryid-4358 gallery-columns-3 gallery-size-thumbnail'><dl class='gallery-item'>\n\t\t\t<dt class='gallery-icon landscape'>\n\t\t\t\t<a href='https:\/\/www.mundi-roth.de\/teneriffa-blog\/wp-content\/uploads\/2015\/11\/P1200248.jpg' rel=\"lightbox[4358]\"><img loading=\"lazy\" decoding=\"async\" width=\"150\" height=\"113\" src=\"https:\/\/www.mundi-roth.de\/teneriffa-blog\/wp-content\/uploads\/2015\/11\/P1200248-150x113.jpg\" class=\"attachment-thumbnail size-thumbnail\" alt=\"\" aria-describedby=\"gallery-1-4366\" srcset=\"https:\/\/www.mundi-roth.de\/teneriffa-blog\/wp-content\/uploads\/2015\/11\/P1200248-150x113.jpg 150w, https:\/\/www.mundi-roth.de\/teneriffa-blog\/wp-content\/uploads\/2015\/11\/P1200248-300x225.jpg 300w, https:\/\/www.mundi-roth.de\/teneriffa-blog\/wp-content\/uploads\/2015\/11\/P1200248.jpg 800w\" sizes=\"auto, (max-width: 150px) 100vw, 150px\" \/><\/a>\n\t\t\t<\/dt>\n\t\t\t\t<dd class='wp-caption-text gallery-caption' id='gallery-1-4366'>\n\t\t\t\tInnenhof der Tourist-Info\n\t\t\t\t<\/dd><\/dl><dl class='gallery-item'>\n\t\t\t<dt class='gallery-icon landscape'>\n\t\t\t\t<a href='https:\/\/www.mundi-roth.de\/teneriffa-blog\/wp-content\/uploads\/2015\/11\/P1200251.jpg' rel=\"lightbox[4358]\"><img loading=\"lazy\" decoding=\"async\" width=\"150\" height=\"113\" src=\"https:\/\/www.mundi-roth.de\/teneriffa-blog\/wp-content\/uploads\/2015\/11\/P1200251-150x113.jpg\" class=\"attachment-thumbnail size-thumbnail\" alt=\"\" aria-describedby=\"gallery-1-4367\" srcset=\"https:\/\/www.mundi-roth.de\/teneriffa-blog\/wp-content\/uploads\/2015\/11\/P1200251-150x113.jpg 150w, https:\/\/www.mundi-roth.de\/teneriffa-blog\/wp-content\/uploads\/2015\/11\/P1200251-300x225.jpg 300w, https:\/\/www.mundi-roth.de\/teneriffa-blog\/wp-content\/uploads\/2015\/11\/P1200251.jpg 800w\" sizes=\"auto, (max-width: 150px) 100vw, 150px\" \/><\/a>\n\t\t\t<\/dt>\n\t\t\t\t<dd class='wp-caption-text gallery-caption' id='gallery-1-4367'>\n\t\t\t\tSan Pedro\n\t\t\t\t<\/dd><\/dl><dl class='gallery-item'>\n\t\t\t<dt class='gallery-icon landscape'>\n\t\t\t\t<a href='https:\/\/www.mundi-roth.de\/teneriffa-blog\/wp-content\/uploads\/2015\/11\/P1200260.jpg' rel=\"lightbox[4358]\"><img loading=\"lazy\" decoding=\"async\" width=\"150\" height=\"113\" src=\"https:\/\/www.mundi-roth.de\/teneriffa-blog\/wp-content\/uploads\/2015\/11\/P1200260-150x113.jpg\" class=\"attachment-thumbnail size-thumbnail\" alt=\"\" aria-describedby=\"gallery-1-4368\" srcset=\"https:\/\/www.mundi-roth.de\/teneriffa-blog\/wp-content\/uploads\/2015\/11\/P1200260-150x113.jpg 150w, https:\/\/www.mundi-roth.de\/teneriffa-blog\/wp-content\/uploads\/2015\/11\/P1200260-300x225.jpg 300w, https:\/\/www.mundi-roth.de\/teneriffa-blog\/wp-content\/uploads\/2015\/11\/P1200260.jpg 800w\" sizes=\"auto, (max-width: 150px) 100vw, 150px\" \/><\/a>\n\t\t\t<\/dt>\n\t\t\t\t<dd class='wp-caption-text gallery-caption' id='gallery-1-4368'>\n\t\t\t\tSan Domingo\n\t\t\t\t<\/dd><\/dl><br style=\"clear: both\" \/><dl class='gallery-item'>\n\t\t\t<dt class='gallery-icon landscape'>\n\t\t\t\t<a href='https:\/\/www.mundi-roth.de\/teneriffa-blog\/wp-content\/uploads\/2015\/11\/P1200273.jpg' rel=\"lightbox[4358]\"><img loading=\"lazy\" decoding=\"async\" width=\"150\" height=\"113\" src=\"https:\/\/www.mundi-roth.de\/teneriffa-blog\/wp-content\/uploads\/2015\/11\/P1200273-150x113.jpg\" class=\"attachment-thumbnail size-thumbnail\" alt=\"\" aria-describedby=\"gallery-1-4369\" srcset=\"https:\/\/www.mundi-roth.de\/teneriffa-blog\/wp-content\/uploads\/2015\/11\/P1200273-150x113.jpg 150w, https:\/\/www.mundi-roth.de\/teneriffa-blog\/wp-content\/uploads\/2015\/11\/P1200273-300x225.jpg 300w, https:\/\/www.mundi-roth.de\/teneriffa-blog\/wp-content\/uploads\/2015\/11\/P1200273.jpg 800w\" sizes=\"auto, (max-width: 150px) 100vw, 150px\" \/><\/a>\n\t\t\t<\/dt>\n\t\t\t\t<dd class='wp-caption-text gallery-caption' id='gallery-1-4369'>\n\t\t\t\tSo werden wir geleitet\n\t\t\t\t<\/dd><\/dl><dl class='gallery-item'>\n\t\t\t<dt class='gallery-icon landscape'>\n\t\t\t\t<a href='https:\/\/www.mundi-roth.de\/teneriffa-blog\/wp-content\/uploads\/2015\/11\/P1200279.jpg' rel=\"lightbox[4358]\"><img loading=\"lazy\" decoding=\"async\" width=\"150\" height=\"113\" src=\"https:\/\/www.mundi-roth.de\/teneriffa-blog\/wp-content\/uploads\/2015\/11\/P1200279-150x113.jpg\" class=\"attachment-thumbnail size-thumbnail\" alt=\"\" aria-describedby=\"gallery-1-4370\" srcset=\"https:\/\/www.mundi-roth.de\/teneriffa-blog\/wp-content\/uploads\/2015\/11\/P1200279-150x113.jpg 150w, https:\/\/www.mundi-roth.de\/teneriffa-blog\/wp-content\/uploads\/2015\/11\/P1200279-300x225.jpg 300w, https:\/\/www.mundi-roth.de\/teneriffa-blog\/wp-content\/uploads\/2015\/11\/P1200279.jpg 800w\" sizes=\"auto, (max-width: 150px) 100vw, 150px\" \/><\/a>\n\t\t\t<\/dt>\n\t\t\t\t<dd class='wp-caption-text gallery-caption' id='gallery-1-4370'>\n\t\t\t\tAusblick\n\t\t\t\t<\/dd><\/dl><dl class='gallery-item'>\n\t\t\t<dt class='gallery-icon landscape'>\n\t\t\t\t<a href='https:\/\/www.mundi-roth.de\/teneriffa-blog\/wp-content\/uploads\/2015\/11\/P1200284.jpg' rel=\"lightbox[4358]\"><img loading=\"lazy\" decoding=\"async\" width=\"150\" height=\"113\" src=\"https:\/\/www.mundi-roth.de\/teneriffa-blog\/wp-content\/uploads\/2015\/11\/P1200284-150x113.jpg\" class=\"attachment-thumbnail size-thumbnail\" alt=\"\" aria-describedby=\"gallery-1-4371\" srcset=\"https:\/\/www.mundi-roth.de\/teneriffa-blog\/wp-content\/uploads\/2015\/11\/P1200284-150x113.jpg 150w, https:\/\/www.mundi-roth.de\/teneriffa-blog\/wp-content\/uploads\/2015\/11\/P1200284-300x225.jpg 300w, https:\/\/www.mundi-roth.de\/teneriffa-blog\/wp-content\/uploads\/2015\/11\/P1200284.jpg 800w\" sizes=\"auto, (max-width: 150px) 100vw, 150px\" \/><\/a>\n\t\t\t<\/dt>\n\t\t\t\t<dd class='wp-caption-text gallery-caption' id='gallery-1-4371'>\n\t\t\t\tAufstieg\n\t\t\t\t<\/dd><\/dl><br style=\"clear: both\" \/><dl class='gallery-item'>\n\t\t\t<dt class='gallery-icon landscape'>\n\t\t\t\t<a href='https:\/\/www.mundi-roth.de\/teneriffa-blog\/wp-content\/uploads\/2015\/11\/P1200287.jpg' rel=\"lightbox[4358]\"><img loading=\"lazy\" decoding=\"async\" width=\"150\" height=\"113\" src=\"https:\/\/www.mundi-roth.de\/teneriffa-blog\/wp-content\/uploads\/2015\/11\/P1200287-150x113.jpg\" class=\"attachment-thumbnail size-thumbnail\" alt=\"\" aria-describedby=\"gallery-1-4372\" srcset=\"https:\/\/www.mundi-roth.de\/teneriffa-blog\/wp-content\/uploads\/2015\/11\/P1200287-150x113.jpg 150w, https:\/\/www.mundi-roth.de\/teneriffa-blog\/wp-content\/uploads\/2015\/11\/P1200287-300x225.jpg 300w, https:\/\/www.mundi-roth.de\/teneriffa-blog\/wp-content\/uploads\/2015\/11\/P1200287.jpg 800w\" sizes=\"auto, (max-width: 150px) 100vw, 150px\" \/><\/a>\n\t\t\t<\/dt>\n\t\t\t\t<dd class='wp-caption-text gallery-caption' id='gallery-1-4372'>\n\t\t\t\tAufstieg\n\t\t\t\t<\/dd><\/dl><dl class='gallery-item'>\n\t\t\t<dt class='gallery-icon landscape'>\n\t\t\t\t<a href='https:\/\/www.mundi-roth.de\/teneriffa-blog\/wp-content\/uploads\/2015\/11\/P1200299.jpg' rel=\"lightbox[4358]\"><img loading=\"lazy\" decoding=\"async\" width=\"150\" height=\"113\" src=\"https:\/\/www.mundi-roth.de\/teneriffa-blog\/wp-content\/uploads\/2015\/11\/P1200299-150x113.jpg\" class=\"attachment-thumbnail size-thumbnail\" alt=\"\" aria-describedby=\"gallery-1-4373\" srcset=\"https:\/\/www.mundi-roth.de\/teneriffa-blog\/wp-content\/uploads\/2015\/11\/P1200299-150x113.jpg 150w, https:\/\/www.mundi-roth.de\/teneriffa-blog\/wp-content\/uploads\/2015\/11\/P1200299-300x225.jpg 300w, https:\/\/www.mundi-roth.de\/teneriffa-blog\/wp-content\/uploads\/2015\/11\/P1200299.jpg 800w\" sizes=\"auto, (max-width: 150px) 100vw, 150px\" \/><\/a>\n\t\t\t<\/dt>\n\t\t\t\t<dd class='wp-caption-text gallery-caption' id='gallery-1-4373'>\n\t\t\t\tH\u00f6hlen = Lagerr\u00e4ume\n\t\t\t\t<\/dd><\/dl><dl class='gallery-item'>\n\t\t\t<dt class='gallery-icon landscape'>\n\t\t\t\t<a href='https:\/\/www.mundi-roth.de\/teneriffa-blog\/wp-content\/uploads\/2015\/11\/P1200353a.jpg' rel=\"lightbox[4358]\"><img loading=\"lazy\" decoding=\"async\" width=\"150\" height=\"93\" src=\"https:\/\/www.mundi-roth.de\/teneriffa-blog\/wp-content\/uploads\/2015\/11\/P1200353a-150x93.jpg\" class=\"attachment-thumbnail size-thumbnail\" alt=\"\" aria-describedby=\"gallery-1-4374\" srcset=\"https:\/\/www.mundi-roth.de\/teneriffa-blog\/wp-content\/uploads\/2015\/11\/P1200353a-150x93.jpg 150w, https:\/\/www.mundi-roth.de\/teneriffa-blog\/wp-content\/uploads\/2015\/11\/P1200353a-300x186.jpg 300w, https:\/\/www.mundi-roth.de\/teneriffa-blog\/wp-content\/uploads\/2015\/11\/P1200353a.jpg 800w\" sizes=\"auto, (max-width: 150px) 100vw, 150px\" \/><\/a>\n\t\t\t<\/dt>\n\t\t\t\t<dd class='wp-caption-text gallery-caption' id='gallery-1-4374'>\n\t\t\t\tTerrassen\n\t\t\t\t<\/dd><\/dl><br style=\"clear: both\" \/><dl class='gallery-item'>\n\t\t\t<dt class='gallery-icon landscape'>\n\t\t\t\t<a href='https:\/\/www.mundi-roth.de\/teneriffa-blog\/wp-content\/uploads\/2015\/11\/P1200366.jpg' rel=\"lightbox[4358]\"><img loading=\"lazy\" decoding=\"async\" width=\"150\" height=\"74\" src=\"https:\/\/www.mundi-roth.de\/teneriffa-blog\/wp-content\/uploads\/2015\/11\/P1200366-150x74.jpg\" class=\"attachment-thumbnail size-thumbnail\" alt=\"\" aria-describedby=\"gallery-1-4375\" srcset=\"https:\/\/www.mundi-roth.de\/teneriffa-blog\/wp-content\/uploads\/2015\/11\/P1200366-150x74.jpg 150w, https:\/\/www.mundi-roth.de\/teneriffa-blog\/wp-content\/uploads\/2015\/11\/P1200366-300x147.jpg 300w, https:\/\/www.mundi-roth.de\/teneriffa-blog\/wp-content\/uploads\/2015\/11\/P1200366.jpg 800w\" sizes=\"auto, (max-width: 150px) 100vw, 150px\" \/><\/a>\n\t\t\t<\/dt>\n\t\t\t\t<dd class='wp-caption-text gallery-caption' id='gallery-1-4375'>\n\t\t\t\tEremita de San Jos\u00e9\n\t\t\t\t<\/dd><\/dl><dl class='gallery-item'>\n\t\t\t<dt class='gallery-icon landscape'>\n\t\t\t\t<a href='https:\/\/www.mundi-roth.de\/teneriffa-blog\/wp-content\/uploads\/2015\/11\/P1200385.jpg' rel=\"lightbox[4358]\"><img loading=\"lazy\" decoding=\"async\" width=\"150\" height=\"113\" src=\"https:\/\/www.mundi-roth.de\/teneriffa-blog\/wp-content\/uploads\/2015\/11\/P1200385-150x113.jpg\" class=\"attachment-thumbnail size-thumbnail\" alt=\"\" aria-describedby=\"gallery-1-4376\" srcset=\"https:\/\/www.mundi-roth.de\/teneriffa-blog\/wp-content\/uploads\/2015\/11\/P1200385-150x113.jpg 150w, https:\/\/www.mundi-roth.de\/teneriffa-blog\/wp-content\/uploads\/2015\/11\/P1200385-300x225.jpg 300w, https:\/\/www.mundi-roth.de\/teneriffa-blog\/wp-content\/uploads\/2015\/11\/P1200385.jpg 800w\" sizes=\"auto, (max-width: 150px) 100vw, 150px\" \/><\/a>\n\t\t\t<\/dt>\n\t\t\t\t<dd class='wp-caption-text gallery-caption' id='gallery-1-4376'>\n\t\t\t\tBarranco de Herques\n\t\t\t\t<\/dd><\/dl>\n\t\t\t<br style='clear: both' \/>\n\t\t<\/div>\n\n","protected":false},"excerpt":{"rendered":"<p>Camino Real del Sur 2. Etappe von G\u00fcimar nach Fasnia Haben wir vergangene Woche das erste Teilst\u00fcck dieses langen Camino Real del Sur von Candelaria bis G\u00fcimar als nur schrecklich empfunden, so wurden wir heute vielfach entsch\u00e4digt. Diese Etappe ist in jeder Hinsicht abwechslungsreich und sch\u00f6n. Die Landschaft wechselt von urw\u00fcchsig, verwildert, kaum begangen zu [&hellip;]<\/p>\n","protected":false},"author":4,"featured_media":5174,"comment_status":"open","ping_status":"open","sticky":false,"template":"","format":"standard","meta":{"footnotes":""},"categories":[1,771,6],"tags":[853,47,48,71,851,852,439,446],"class_list":["post-4358","post","type-post","status-publish","format-standard","has-post-thumbnail","hentry","category-allgemein","category-gueimar","category-wanderungen","tag-barranco-de-herrques","tag-camino-real","tag-fasnia","tag-guimar","tag-ladera-de-gueimar","tag-pajara","tag-teneriffa-wandern","tag-wandern-teneriffa"],"yoast_head":"<!-- This site is optimized with the Yoast SEO plugin v27.5 - https:\/\/yoast.com\/product\/yoast-seo-wordpress\/ -->\n<title>CAMINO REAL del SUR (2) - Teneriffa Wandern<\/title>\n<meta name=\"robots\" content=\"index, follow, max-snippet:-1, max-image-preview:large, max-video-preview:-1\" \/>\n<link rel=\"canonical\" href=\"https:\/\/www.mundi-roth.de\/teneriffa-blog\/allgemein\/camino-real-del-sur-2\/\" \/>\n<meta name=\"twitter:label1\" content=\"Verfasst von\" \/>\n\t<meta name=\"twitter:data1\" content=\"mundi\" \/>\n\t<meta name=\"twitter:label2\" content=\"Gesch\u00e4tzte Lesezeit\" \/>\n\t<meta name=\"twitter:data2\" content=\"14\u00a0Minuten\" \/>\n<script type=\"application\/ld+json\" class=\"yoast-schema-graph\">{\"@context\":\"https:\\\/\\\/schema.org\",\"@graph\":[{\"@type\":\"Article\",\"@id\":\"https:\\\/\\\/www.mundi-roth.de\\\/teneriffa-blog\\\/allgemein\\\/camino-real-del-sur-2\\\/#article\",\"isPartOf\":{\"@id\":\"https:\\\/\\\/www.mundi-roth.de\\\/teneriffa-blog\\\/allgemein\\\/camino-real-del-sur-2\\\/\"},\"author\":{\"name\":\"mundi\",\"@id\":\"https:\\\/\\\/www.mundi-roth.de\\\/teneriffa-blog\\\/#\\\/schema\\\/person\\\/971c66b55f3ae5e8741553688c413cac\"},\"headline\":\"CAMINO REAL del SUR (2)\",\"datePublished\":\"2015-11-10T21:00:23+00:00\",\"dateModified\":\"2016-05-23T11:11:33+00:00\",\"mainEntityOfPage\":{\"@id\":\"https:\\\/\\\/www.mundi-roth.de\\\/teneriffa-blog\\\/allgemein\\\/camino-real-del-sur-2\\\/\"},\"wordCount\":2747,\"commentCount\":0,\"image\":{\"@id\":\"https:\\\/\\\/www.mundi-roth.de\\\/teneriffa-blog\\\/allgemein\\\/camino-real-del-sur-2\\\/#primaryimage\"},\"thumbnailUrl\":\"https:\\\/\\\/www.mundi-roth.de\\\/teneriffa-blog\\\/wp-content\\\/uploads\\\/2015\\\/11\\\/P1200333-1.jpg\",\"keywords\":[\"Barranco de Herrques\",\"Camino Real\",\"Fasnia\",\"G\u00fcimar\",\"Ladera de G\u00fcimar\",\"P\u00e1jara\",\"Teneriffa Wandern\",\"Wandern Teneriffa\"],\"articleSection\":{\"1\":\"G\u00fcimar\",\"2\":\"Wanderungen\"},\"inLanguage\":\"de\",\"potentialAction\":[{\"@type\":\"CommentAction\",\"name\":\"Comment\",\"target\":[\"https:\\\/\\\/www.mundi-roth.de\\\/teneriffa-blog\\\/allgemein\\\/camino-real-del-sur-2\\\/#respond\"]}]},{\"@type\":\"WebPage\",\"@id\":\"https:\\\/\\\/www.mundi-roth.de\\\/teneriffa-blog\\\/allgemein\\\/camino-real-del-sur-2\\\/\",\"url\":\"https:\\\/\\\/www.mundi-roth.de\\\/teneriffa-blog\\\/allgemein\\\/camino-real-del-sur-2\\\/\",\"name\":\"CAMINO REAL del SUR (2) - Teneriffa Wandern\",\"isPartOf\":{\"@id\":\"https:\\\/\\\/www.mundi-roth.de\\\/teneriffa-blog\\\/#website\"},\"primaryImageOfPage\":{\"@id\":\"https:\\\/\\\/www.mundi-roth.de\\\/teneriffa-blog\\\/allgemein\\\/camino-real-del-sur-2\\\/#primaryimage\"},\"image\":{\"@id\":\"https:\\\/\\\/www.mundi-roth.de\\\/teneriffa-blog\\\/allgemein\\\/camino-real-del-sur-2\\\/#primaryimage\"},\"thumbnailUrl\":\"https:\\\/\\\/www.mundi-roth.de\\\/teneriffa-blog\\\/wp-content\\\/uploads\\\/2015\\\/11\\\/P1200333-1.jpg\",\"datePublished\":\"2015-11-10T21:00:23+00:00\",\"dateModified\":\"2016-05-23T11:11:33+00:00\",\"author\":{\"@id\":\"https:\\\/\\\/www.mundi-roth.de\\\/teneriffa-blog\\\/#\\\/schema\\\/person\\\/971c66b55f3ae5e8741553688c413cac\"},\"breadcrumb\":{\"@id\":\"https:\\\/\\\/www.mundi-roth.de\\\/teneriffa-blog\\\/allgemein\\\/camino-real-del-sur-2\\\/#breadcrumb\"},\"inLanguage\":\"de\",\"potentialAction\":[{\"@type\":\"ReadAction\",\"target\":[\"https:\\\/\\\/www.mundi-roth.de\\\/teneriffa-blog\\\/allgemein\\\/camino-real-del-sur-2\\\/\"]}]},{\"@type\":\"ImageObject\",\"inLanguage\":\"de\",\"@id\":\"https:\\\/\\\/www.mundi-roth.de\\\/teneriffa-blog\\\/allgemein\\\/camino-real-del-sur-2\\\/#primaryimage\",\"url\":\"https:\\\/\\\/www.mundi-roth.de\\\/teneriffa-blog\\\/wp-content\\\/uploads\\\/2015\\\/11\\\/P1200333-1.jpg\",\"contentUrl\":\"https:\\\/\\\/www.mundi-roth.de\\\/teneriffa-blog\\\/wp-content\\\/uploads\\\/2015\\\/11\\\/P1200333-1.jpg\",\"width\":269,\"height\":202},{\"@type\":\"BreadcrumbList\",\"@id\":\"https:\\\/\\\/www.mundi-roth.de\\\/teneriffa-blog\\\/allgemein\\\/camino-real-del-sur-2\\\/#breadcrumb\",\"itemListElement\":[{\"@type\":\"ListItem\",\"position\":1,\"name\":\"Startseite\",\"item\":\"https:\\\/\\\/www.mundi-roth.de\\\/teneriffa-blog\\\/\"},{\"@type\":\"ListItem\",\"position\":2,\"name\":\"CAMINO REAL del SUR (2)\"}]},{\"@type\":\"WebSite\",\"@id\":\"https:\\\/\\\/www.mundi-roth.de\\\/teneriffa-blog\\\/#website\",\"url\":\"https:\\\/\\\/www.mundi-roth.de\\\/teneriffa-blog\\\/\",\"name\":\"Teneriffa Wandern\",\"description\":\"Nicht nur Wanderungen auf Teneriffa...\",\"potentialAction\":[{\"@type\":\"SearchAction\",\"target\":{\"@type\":\"EntryPoint\",\"urlTemplate\":\"https:\\\/\\\/www.mundi-roth.de\\\/teneriffa-blog\\\/?s={search_term_string}\"},\"query-input\":{\"@type\":\"PropertyValueSpecification\",\"valueRequired\":true,\"valueName\":\"search_term_string\"}}],\"inLanguage\":\"de\"},{\"@type\":\"Person\",\"@id\":\"https:\\\/\\\/www.mundi-roth.de\\\/teneriffa-blog\\\/#\\\/schema\\\/person\\\/971c66b55f3ae5e8741553688c413cac\",\"name\":\"mundi\",\"image\":{\"@type\":\"ImageObject\",\"inLanguage\":\"de\",\"@id\":\"https:\\\/\\\/secure.gravatar.com\\\/avatar\\\/555f0dd85428f1a9330f8e5dbe9e40ff9ca912bb81e5a89747ebf3ca9c20dc0f?s=96&d=mm&r=g\",\"url\":\"https:\\\/\\\/secure.gravatar.com\\\/avatar\\\/555f0dd85428f1a9330f8e5dbe9e40ff9ca912bb81e5a89747ebf3ca9c20dc0f?s=96&d=mm&r=g\",\"contentUrl\":\"https:\\\/\\\/secure.gravatar.com\\\/avatar\\\/555f0dd85428f1a9330f8e5dbe9e40ff9ca912bb81e5a89747ebf3ca9c20dc0f?s=96&d=mm&r=g\",\"caption\":\"mundi\"},\"sameAs\":[\"http:\\\/\\\/mundi-roth.de\"],\"url\":\"https:\\\/\\\/www.mundi-roth.de\\\/teneriffa-blog\\\/author\\\/mundi\\\/\"}]}<\/script>\n<!-- \/ Yoast SEO plugin. -->","yoast_head_json":{"title":"CAMINO REAL del SUR (2) - Teneriffa Wandern","robots":{"index":"index","follow":"follow","max-snippet":"max-snippet:-1","max-image-preview":"max-image-preview:large","max-video-preview":"max-video-preview:-1"},"canonical":"https:\/\/www.mundi-roth.de\/teneriffa-blog\/allgemein\/camino-real-del-sur-2\/","twitter_misc":{"Verfasst von":"mundi","Gesch\u00e4tzte Lesezeit":"14\u00a0Minuten"},"schema":{"@context":"https:\/\/schema.org","@graph":[{"@type":"Article","@id":"https:\/\/www.mundi-roth.de\/teneriffa-blog\/allgemein\/camino-real-del-sur-2\/#article","isPartOf":{"@id":"https:\/\/www.mundi-roth.de\/teneriffa-blog\/allgemein\/camino-real-del-sur-2\/"},"author":{"name":"mundi","@id":"https:\/\/www.mundi-roth.de\/teneriffa-blog\/#\/schema\/person\/971c66b55f3ae5e8741553688c413cac"},"headline":"CAMINO REAL del SUR (2)","datePublished":"2015-11-10T21:00:23+00:00","dateModified":"2016-05-23T11:11:33+00:00","mainEntityOfPage":{"@id":"https:\/\/www.mundi-roth.de\/teneriffa-blog\/allgemein\/camino-real-del-sur-2\/"},"wordCount":2747,"commentCount":0,"image":{"@id":"https:\/\/www.mundi-roth.de\/teneriffa-blog\/allgemein\/camino-real-del-sur-2\/#primaryimage"},"thumbnailUrl":"https:\/\/www.mundi-roth.de\/teneriffa-blog\/wp-content\/uploads\/2015\/11\/P1200333-1.jpg","keywords":["Barranco de Herrques","Camino Real","Fasnia","G\u00fcimar","Ladera de G\u00fcimar","P\u00e1jara","Teneriffa Wandern","Wandern Teneriffa"],"articleSection":{"1":"G\u00fcimar","2":"Wanderungen"},"inLanguage":"de","potentialAction":[{"@type":"CommentAction","name":"Comment","target":["https:\/\/www.mundi-roth.de\/teneriffa-blog\/allgemein\/camino-real-del-sur-2\/#respond"]}]},{"@type":"WebPage","@id":"https:\/\/www.mundi-roth.de\/teneriffa-blog\/allgemein\/camino-real-del-sur-2\/","url":"https:\/\/www.mundi-roth.de\/teneriffa-blog\/allgemein\/camino-real-del-sur-2\/","name":"CAMINO REAL del SUR (2) - Teneriffa Wandern","isPartOf":{"@id":"https:\/\/www.mundi-roth.de\/teneriffa-blog\/#website"},"primaryImageOfPage":{"@id":"https:\/\/www.mundi-roth.de\/teneriffa-blog\/allgemein\/camino-real-del-sur-2\/#primaryimage"},"image":{"@id":"https:\/\/www.mundi-roth.de\/teneriffa-blog\/allgemein\/camino-real-del-sur-2\/#primaryimage"},"thumbnailUrl":"https:\/\/www.mundi-roth.de\/teneriffa-blog\/wp-content\/uploads\/2015\/11\/P1200333-1.jpg","datePublished":"2015-11-10T21:00:23+00:00","dateModified":"2016-05-23T11:11:33+00:00","author":{"@id":"https:\/\/www.mundi-roth.de\/teneriffa-blog\/#\/schema\/person\/971c66b55f3ae5e8741553688c413cac"},"breadcrumb":{"@id":"https:\/\/www.mundi-roth.de\/teneriffa-blog\/allgemein\/camino-real-del-sur-2\/#breadcrumb"},"inLanguage":"de","potentialAction":[{"@type":"ReadAction","target":["https:\/\/www.mundi-roth.de\/teneriffa-blog\/allgemein\/camino-real-del-sur-2\/"]}]},{"@type":"ImageObject","inLanguage":"de","@id":"https:\/\/www.mundi-roth.de\/teneriffa-blog\/allgemein\/camino-real-del-sur-2\/#primaryimage","url":"https:\/\/www.mundi-roth.de\/teneriffa-blog\/wp-content\/uploads\/2015\/11\/P1200333-1.jpg","contentUrl":"https:\/\/www.mundi-roth.de\/teneriffa-blog\/wp-content\/uploads\/2015\/11\/P1200333-1.jpg","width":269,"height":202},{"@type":"BreadcrumbList","@id":"https:\/\/www.mundi-roth.de\/teneriffa-blog\/allgemein\/camino-real-del-sur-2\/#breadcrumb","itemListElement":[{"@type":"ListItem","position":1,"name":"Startseite","item":"https:\/\/www.mundi-roth.de\/teneriffa-blog\/"},{"@type":"ListItem","position":2,"name":"CAMINO REAL del SUR (2)"}]},{"@type":"WebSite","@id":"https:\/\/www.mundi-roth.de\/teneriffa-blog\/#website","url":"https:\/\/www.mundi-roth.de\/teneriffa-blog\/","name":"Teneriffa Wandern","description":"Nicht nur Wanderungen auf Teneriffa...","potentialAction":[{"@type":"SearchAction","target":{"@type":"EntryPoint","urlTemplate":"https:\/\/www.mundi-roth.de\/teneriffa-blog\/?s={search_term_string}"},"query-input":{"@type":"PropertyValueSpecification","valueRequired":true,"valueName":"search_term_string"}}],"inLanguage":"de"},{"@type":"Person","@id":"https:\/\/www.mundi-roth.de\/teneriffa-blog\/#\/schema\/person\/971c66b55f3ae5e8741553688c413cac","name":"mundi","image":{"@type":"ImageObject","inLanguage":"de","@id":"https:\/\/secure.gravatar.com\/avatar\/555f0dd85428f1a9330f8e5dbe9e40ff9ca912bb81e5a89747ebf3ca9c20dc0f?s=96&d=mm&r=g","url":"https:\/\/secure.gravatar.com\/avatar\/555f0dd85428f1a9330f8e5dbe9e40ff9ca912bb81e5a89747ebf3ca9c20dc0f?s=96&d=mm&r=g","contentUrl":"https:\/\/secure.gravatar.com\/avatar\/555f0dd85428f1a9330f8e5dbe9e40ff9ca912bb81e5a89747ebf3ca9c20dc0f?s=96&d=mm&r=g","caption":"mundi"},"sameAs":["http:\/\/mundi-roth.de"],"url":"https:\/\/www.mundi-roth.de\/teneriffa-blog\/author\/mundi\/"}]}},"_links":{"self":[{"href":"https:\/\/www.mundi-roth.de\/teneriffa-blog\/wp-json\/wp\/v2\/posts\/4358","targetHints":{"allow":["GET"]}}],"collection":[{"href":"https:\/\/www.mundi-roth.de\/teneriffa-blog\/wp-json\/wp\/v2\/posts"}],"about":[{"href":"https:\/\/www.mundi-roth.de\/teneriffa-blog\/wp-json\/wp\/v2\/types\/post"}],"author":[{"embeddable":true,"href":"https:\/\/www.mundi-roth.de\/teneriffa-blog\/wp-json\/wp\/v2\/users\/4"}],"replies":[{"embeddable":true,"href":"https:\/\/www.mundi-roth.de\/teneriffa-blog\/wp-json\/wp\/v2\/comments?post=4358"}],"version-history":[{"count":0,"href":"https:\/\/www.mundi-roth.de\/teneriffa-blog\/wp-json\/wp\/v2\/posts\/4358\/revisions"}],"wp:featuredmedia":[{"embeddable":true,"href":"https:\/\/www.mundi-roth.de\/teneriffa-blog\/wp-json\/wp\/v2\/media\/5174"}],"wp:attachment":[{"href":"https:\/\/www.mundi-roth.de\/teneriffa-blog\/wp-json\/wp\/v2\/media?parent=4358"}],"wp:term":[{"taxonomy":"category","embeddable":true,"href":"https:\/\/www.mundi-roth.de\/teneriffa-blog\/wp-json\/wp\/v2\/categories?post=4358"},{"taxonomy":"post_tag","embeddable":true,"href":"https:\/\/www.mundi-roth.de\/teneriffa-blog\/wp-json\/wp\/v2\/tags?post=4358"}],"curies":[{"name":"wp","href":"https:\/\/api.w.org\/{rel}","templated":true}]}}