{"id":439,"date":"2008-10-22T20:00:43","date_gmt":"2008-10-22T19:00:43","guid":{"rendered":"http:\/\/www.mundi-roth.de\/teneriffa-blog\/?p=439"},"modified":"2015-04-12T11:44:23","modified_gmt":"2015-04-12T10:44:23","slug":"el-medano-montana-roja","status":"publish","type":"post","link":"https:\/\/www.mundi-roth.de\/teneriffa-blog\/wanderungen\/el-medano-montana-roja\/","title":{"rendered":"El M\u00e9dano Monta\u00f1a Roja"},"content":{"rendered":"<p><strong>Sie haben es in der Hand, ob Sie aus dieser Tour einen Spaziergang oder eine Wanderung machen. Auf alle F\u00e4lle bewegen Sie sich in einem \u00f6kologisch wertvollen Gebiet, das auch nach dem kanarischen Naturraumgesetz die Einstufung \u201eReserva Natural Especial\u201c &#8211; spezielles Naturreservat tr\u00e4gt.<\/strong><\/p>\n<p><strong>Wander-Wegstrecke:<\/strong> Kann je nach Lust und Laune auf 3 Stunden ausgedehnt werden<\/p>\n<p><a href=\"http:\/\/www.mundi-roth.de\/teneriffa-blog\/wp-content\/uploads\/2008\/10\/1route.jpg\" rel=\"lightbox[439]\"><img loading=\"lazy\" decoding=\"async\" class=\"alignleft size-thumbnail wp-image-442\" title=\"1route\" src=\"http:\/\/www.mundi-roth.de\/teneriffa-blog\/wp-content\/uploads\/2008\/10\/1route.jpg\" alt=\"\" width=\"127\" height=\"150\" \/><\/a>Wir beginnen unsere Tour bei der Promenade von El M\u00e9dano. Schlendern zuerst an den diversen Bars und Restaurants und Gesch\u00e4ftchen vorbei bis die befestigte Promenade endet. Von da aus bewegen wir uns \u00fcber Sand, am besten auf dem<a href=\"http:\/\/www.mundi-roth.de\/teneriffa-blog\/wp-content\/uploads\/2008\/10\/sany1108x.jpg\" rel=\"lightbox[439]\"><img loading=\"lazy\" decoding=\"async\" class=\"alignright size-thumbnail wp-image-443\" title=\"sany1108x\" src=\"http:\/\/www.mundi-roth.de\/teneriffa-blog\/wp-content\/uploads\/2008\/10\/sany1108x.jpg\" alt=\"\" width=\"150\" height=\"88\" \/><\/a> nassen.<br \/>\nBei Wind bietet sich uns hier schon ein buntes Schauspiel: Es ist eine sehr beliebte Windsurferbucht.<br \/>\nDiverse kleine Bunker sind Zeugen des letzten Krieges.<br \/>\nWir bewegen uns weiter, bis vor uns gr\u00fcne B\u00fcsche auftauchen. Zwischen diesen gehen wir durch und gelangen an eine Lagune. Sie befindet sich nur wenige Meter vom Strand entfernt und ist f\u00fcr die Vogelwelt des Gebiets von gro\u00dfer Bedeutung. Hat man Gl\u00fcck \u2013 wir leider nicht \u2013 kann man hier diverse V\u00f6gel beobachten.<br \/>\nDie D\u00fcnen <em>Hoya de los Balos<\/em>, in denen wir uns hier bewegen, beherbergen \u201ceine f\u00fcr die Insel einzigartige Pflanzenwelt auf sandigem Boden&#8220;. (so der Reisef\u00fchrer)<br \/>\n<a href=\"http:\/\/www.mundi-roth.de\/teneriffa-blog\/wp-content\/uploads\/2008\/10\/sany1111a.jpg\" rel=\"lightbox[439]\"><img loading=\"lazy\" decoding=\"async\" class=\"alignleft size-thumbnail wp-image-444\" title=\"sany1111a\" src=\"http:\/\/www.mundi-roth.de\/teneriffa-blog\/wp-content\/uploads\/2008\/10\/sany1111a.jpg\" alt=\"\" width=\"150\" height=\"122\" \/><\/a> Wir wenden uns wieder dem Meer zu und steigen sanft auf, bis wir auf das Hinweisschild \u201eMonta\u00f1a Roja\u201c sto\u00dfen.<br \/>\nWer will, kann hier bereits den Aufstieg auf den \u201eGipfel\u201c der Monta\u00f1a Roja beginnen (173m).<\/p>\n<p>Wir wollen die Tour etwas ausdehnen, folgen dem Hinweisschild \u201eMonta\u00f1a Bocinegro\u201c und spazieren links weiter.<a href=\"http:\/\/www.mundi-roth.de\/teneriffa-blog\/wp-content\/uploads\/2008\/10\/p1020656z.jpg\" rel=\"lightbox[439]\"><img loading=\"lazy\" decoding=\"async\" class=\"alignright size-thumbnail wp-image-461\" title=\"p1020656z\" src=\"http:\/\/www.mundi-roth.de\/teneriffa-blog\/wp-content\/uploads\/2008\/10\/p1020656z.jpg\" alt=\"\" width=\"150\" height=\"78\" \/><\/a><br \/>\nSehr bald kommen wir wieder an einen Bunker und eine Tafel kl\u00e4rt uns \u00fcber dessen Bedeutung auf. Etwas<a href=\"http:\/\/www.mundi-roth.de\/teneriffa-blog\/wp-content\/uploads\/2008\/10\/sany1115.jpg\" rel=\"lightbox[439]\"><img loading=\"lazy\" decoding=\"async\" class=\"alignleft size-thumbnail wp-image-451\" title=\"sany1115\" src=\"http:\/\/www.mundi-roth.de\/teneriffa-blog\/wp-content\/uploads\/2008\/10\/sany1115.jpg\" alt=\"\" width=\"150\" height=\"95\" \/><\/a> oberhalb macht uns eine weitere Tafel \u201eschlau\u201c, was es mit den Farben in dieser Gegend auf sich hat. Hier haben wir bereits \u201eMonta\u00f1a Bocinegro\u201c erreicht. Wir steigen weiter sanft auf und da wir sehr viel Zeit haben, folgen wir Trampelpfaden, welche die ganze Gegend hier durchziehen. Uns re<a href=\"http:\/\/www.mundi-roth.de\/teneriffa-blog\/wp-content\/uploads\/2008\/10\/p1020658.jpg\" rel=\"lightbox[439]\"><img loading=\"lazy\" decoding=\"async\" class=\"alignright size-thumbnail wp-image-452\" title=\"p1020658\" src=\"http:\/\/www.mundi-roth.de\/teneriffa-blog\/wp-content\/uploads\/2008\/10\/p1020658.jpg\" alt=\"\" width=\"150\" height=\"112\" \/><\/a>izt der n\u00e4here Ausblick auf eine kleine Bimsstein-Mondlandschaft. Gehen bis dorthin, haben einen tollen Blick in die tosende Brandung und m\u00fcssen dann aber feststellen, dass es hier nicht weiter geht.<br \/>\nAlso zur\u00fcck und ein kleiner Aufstieg Richtung \u201eGipfel\u201c . Dabei treffen wir wieder auf den gut markierten Wanderweg \u2013 Lavasteine links und rechts grenzen ihn ab.<br \/>\nHier entscheiden einige Mitwanderinnen, f\u00fcr heute reicht es und sie spazieren wieder bergab, Richtung Promenade.<br \/>\nAndere wollen das gro\u00dfe Gipfelerlebnis nicht vermissen und steigen auf. Zugegeben, es ist etwas steil, aber wir sind in 20 Minuten oben. Zwar sind wir windumbraust daf\u00fcr bietet sich uns aber ein herrlicher Rundblick.<br \/>\n<a href=\"http:\/\/www.mundi-roth.de\/teneriffa-blog\/wp-content\/uploads\/2008\/10\/p1020666.jpg\" rel=\"lightbox[439]\"><img loading=\"lazy\" decoding=\"async\" class=\"alignleft size-thumbnail wp-image-453\" title=\"p1020666\" src=\"http:\/\/www.mundi-roth.de\/teneriffa-blog\/wp-content\/uploads\/2008\/10\/p1020666.jpg\" alt=\"\" width=\"150\" height=\"112\" \/><\/a> Unter uns sehen wir Richtung Westen auf den langen Sandstrand von <em>La Tejita<\/em>, dahinter auf den Conde, drehen wir uns im Uhrzeiger weiter, haben wir den Blick auf das Bergmassiv oben in den Ca\u00f1adas mit dem alles \u00fcberragenden Teide. Schwenkt der Blick nach Osten k\u00f6nnen wir linkerhand der Pelada die graue<a href=\"http:\/\/www.mundi-roth.de\/teneriffa-blog\/wp-content\/uploads\/2008\/10\/p1020667.jpg\" rel=\"lightbox[439]\"><img loading=\"lazy\" decoding=\"async\" class=\"alignright size-thumbnail wp-image-454\" title=\"p1020667\" src=\"http:\/\/www.mundi-roth.de\/teneriffa-blog\/wp-content\/uploads\/2008\/10\/p1020667.jpg\" alt=\"\" width=\"150\" height=\"112\" \/><\/a> Fl\u00e4che der gro\u00dfen Photovotaik-Anlage und rechts davon den Windpark ausmachen.<br \/>\nDer Ort El M\u00e9dano mit seinem Strand und der Lagune liegt zu unseren F\u00fc\u00dfen. Und das Gewirr der Trampelpfade ist gut auszumachen .<br \/>\nDer Abstieg ist etwas schwierig, denn er ist steil und durch das feine Lavager\u00f6ll rutschig. Also Vorsicht \u2013 St\u00f6cke sind \u00fcberaus hilfreich. Wir wollen nunmehr die Wanderung, die es inzwischen doch geworden ist, nicht mehr ausdehnen und lassen so die rechts und links abgehenden Pfade au\u00dfer Acht. Beim n\u00e4chsten Hinweisschild \u201eMonta\u00f1a Roja\u201c folgen wir weiter bergab dem mit kurzen Holzpf\u00e4hlen markierten Weg und gelangen nach 40 Minuten wieder an unseren Ausgangspunkt bei der Promenade und unsere Wandergruppe ist wieder vereint.<\/p>\n<p><strong>Besonderheit:<\/strong><br \/>\nWie bereits oben erw\u00e4hnt, befinden man sich in einem \u00f6kolgisch besonderswertvollen Gebiet.<\/p>\n<p>Dies gilt speziell f\u00fcr die Vogelwelt.<br \/>\nIn einer Studie \u00fcber die Vogelwelt von El M\u00e9dano von J.A. Lorenzo und J. Gonz\u00e1lez wurden 109 Arten gez\u00e4hlt, wovon 39 in der Gegend nisten. 18 Arten davon werden im Roten Buch der Wirbeltiere der Kanarischen Inseln als vom Aussterben bedrohte Spezies aufgef\u00fchrt. Die restlichen 79 Vogelarten sind Zugv\u00f6gel aus Nordeuropa, die haupts\u00e4chlich im Fr\u00fchling und Herbst &#8222;zwischenlanden&#8220;.<\/p>\n<p>Jedoch auch die Pflanzenwelt ist von hohem Interesse.<br \/>\nDie D\u00fcnenlandschaft <em>Hoya de los Balos<\/em> beherbergt typische Pflanzenarten dieser sandigen Bodenart. Die herausragendsten sind Desfontaines Jochblatt \u201eUvilla de mar\u201c (diese Pflanze wurde bei der Wanderbeschreibung<em> Pelada<\/em> detailliert beschrieben), die Strandwolfsmilch \u201eLecheruela euphorbia paralias\u201c und die Seidenhaaarige Schizogyne \u201eSalado Schizogyne sericea\u201c<\/p>\n<p><strong>Restaurant:<\/strong><br \/>\n<em>Restaurante Astillero Avencio<\/em>, Paseo de Picacho (neben dem traditionellen Treffplatz der Dorfbewohner mit der h\u00f6lzernen Skulptur)<br \/>\nTelefon: 922 17 82 20, Sonntag Abend und Montags geschlossen<br \/>\nSehr gutes Essen, angemessener Preis, guter Service, sehr sch\u00f6nes Ambiente, unmittelbarer Blick aufs Meer. Wirklich empfehlenswert. Es schmeckte alles allen!<\/p>\n<p><strong>Anfahrt:<\/strong><a href=\"http:\/\/www.mundi-roth.de\/teneriffa-blog\/wp-content\/uploads\/2008\/10\/1medano.jpg\" rel=\"lightbox[439]\"><img loading=\"lazy\" decoding=\"async\" class=\"alignleft size-thumbnail wp-image-455\" title=\"1medano\" src=\"http:\/\/www.mundi-roth.de\/teneriffa-blog\/wp-content\/uploads\/2008\/10\/1medano.jpg\" alt=\"\" width=\"150\" height=\"124\" \/><\/a><br \/>\nAuf der Autobahn TF-1 &#8211; aus Los Cristianos kommend \u2013 nehmen wir die Ausfahrt \u201eEl M\u00e9dano \u2013 Granadilla &#8211; San Isidro\u201c, fahren auf der TF-614 Richtung El M\u00e9dano bis zum Ortsanfgang. Dort biegen wir rechts in die Calle Tenerife ab und fahren Hang abw\u00e4rts zum Parkplatz. Von dort gehen wir geradeaus zur Playa.<\/p>\n","protected":false},"excerpt":{"rendered":"<p>Sie haben es in der Hand, ob Sie aus dieser Tour einen Spaziergang oder eine Wanderung machen. Auf alle F\u00e4lle bewegen Sie sich in einem \u00f6kologisch wertvollen Gebiet, das auch nach dem kanarischen Naturraumgesetz die Einstufung \u201eReserva Natural Especial\u201c &#8211; spezielles Naturreservat tr\u00e4gt. Wander-Wegstrecke: Kann je nach Lust und Laune auf 3 Stunden ausgedehnt werden [&hellip;]<\/p>\n","protected":false},"author":3,"featured_media":0,"comment_status":"open","ping_status":"open","sticky":false,"template":"","format":"standard","meta":{"footnotes":""},"categories":[773,6],"tags":[156,154,153,57,155,152,3,4],"class_list":["post-439","post","type-post","status-publish","format-standard","hentry","category-granadilla","category-wanderungen","tag-avencio","tag-fotovoltaik","tag-la-tejita","tag-medano","tag-montana-bocinegro","tag-montana-roja","tag-teneriffa","tag-wandern"],"yoast_head":"<!-- This site is optimized with the Yoast SEO plugin v27.5 - https:\/\/yoast.com\/product\/yoast-seo-wordpress\/ -->\n<title>El M\u00e9dano Monta\u00f1a Roja - Teneriffa Wandern<\/title>\n<meta name=\"robots\" content=\"index, follow, max-snippet:-1, max-image-preview:large, max-video-preview:-1\" \/>\n<link rel=\"canonical\" href=\"https:\/\/www.mundi-roth.de\/teneriffa-blog\/wanderungen\/el-medano-montana-roja\/\" \/>\n<meta name=\"twitter:label1\" content=\"Verfasst von\" \/>\n\t<meta name=\"twitter:data1\" content=\"ir\" \/>\n\t<meta name=\"twitter:label2\" content=\"Gesch\u00e4tzte Lesezeit\" \/>\n\t<meta name=\"twitter:data2\" content=\"4\u00a0Minuten\" \/>\n<script type=\"application\/ld+json\" class=\"yoast-schema-graph\">{\"@context\":\"https:\\\/\\\/schema.org\",\"@graph\":[{\"@type\":\"Article\",\"@id\":\"https:\\\/\\\/www.mundi-roth.de\\\/teneriffa-blog\\\/wanderungen\\\/el-medano-montana-roja\\\/#article\",\"isPartOf\":{\"@id\":\"https:\\\/\\\/www.mundi-roth.de\\\/teneriffa-blog\\\/wanderungen\\\/el-medano-montana-roja\\\/\"},\"author\":{\"name\":\"ir\",\"@id\":\"https:\\\/\\\/www.mundi-roth.de\\\/teneriffa-blog\\\/#\\\/schema\\\/person\\\/3afd0d251449790d15367c9aa52d203d\"},\"headline\":\"El M\u00e9dano Monta\u00f1a Roja\",\"datePublished\":\"2008-10-22T19:00:43+00:00\",\"dateModified\":\"2015-04-12T10:44:23+00:00\",\"mainEntityOfPage\":{\"@id\":\"https:\\\/\\\/www.mundi-roth.de\\\/teneriffa-blog\\\/wanderungen\\\/el-medano-montana-roja\\\/\"},\"wordCount\":847,\"commentCount\":1,\"image\":{\"@id\":\"https:\\\/\\\/www.mundi-roth.de\\\/teneriffa-blog\\\/wanderungen\\\/el-medano-montana-roja\\\/#primaryimage\"},\"thumbnailUrl\":\"http:\\\/\\\/www.mundi-roth.de\\\/teneriffa-blog\\\/wp-content\\\/uploads\\\/2008\\\/10\\\/1route.jpg\",\"keywords\":[\"Avencio\",\"Fotovoltaik\",\"La Tejita\",\"M\u00e9dano\",\"Monta\u00f1a Bocinegro\",\"Monta\u00f1a Roja\",\"Teneriffa\",\"Wandern\"],\"articleSection\":[\"Granadilla\",\"Wanderungen\"],\"inLanguage\":\"de\",\"potentialAction\":[{\"@type\":\"CommentAction\",\"name\":\"Comment\",\"target\":[\"https:\\\/\\\/www.mundi-roth.de\\\/teneriffa-blog\\\/wanderungen\\\/el-medano-montana-roja\\\/#respond\"]}]},{\"@type\":\"WebPage\",\"@id\":\"https:\\\/\\\/www.mundi-roth.de\\\/teneriffa-blog\\\/wanderungen\\\/el-medano-montana-roja\\\/\",\"url\":\"https:\\\/\\\/www.mundi-roth.de\\\/teneriffa-blog\\\/wanderungen\\\/el-medano-montana-roja\\\/\",\"name\":\"El M\u00e9dano Monta\u00f1a Roja - Teneriffa Wandern\",\"isPartOf\":{\"@id\":\"https:\\\/\\\/www.mundi-roth.de\\\/teneriffa-blog\\\/#website\"},\"primaryImageOfPage\":{\"@id\":\"https:\\\/\\\/www.mundi-roth.de\\\/teneriffa-blog\\\/wanderungen\\\/el-medano-montana-roja\\\/#primaryimage\"},\"image\":{\"@id\":\"https:\\\/\\\/www.mundi-roth.de\\\/teneriffa-blog\\\/wanderungen\\\/el-medano-montana-roja\\\/#primaryimage\"},\"thumbnailUrl\":\"http:\\\/\\\/www.mundi-roth.de\\\/teneriffa-blog\\\/wp-content\\\/uploads\\\/2008\\\/10\\\/1route.jpg\",\"datePublished\":\"2008-10-22T19:00:43+00:00\",\"dateModified\":\"2015-04-12T10:44:23+00:00\",\"author\":{\"@id\":\"https:\\\/\\\/www.mundi-roth.de\\\/teneriffa-blog\\\/#\\\/schema\\\/person\\\/3afd0d251449790d15367c9aa52d203d\"},\"breadcrumb\":{\"@id\":\"https:\\\/\\\/www.mundi-roth.de\\\/teneriffa-blog\\\/wanderungen\\\/el-medano-montana-roja\\\/#breadcrumb\"},\"inLanguage\":\"de\",\"potentialAction\":[{\"@type\":\"ReadAction\",\"target\":[\"https:\\\/\\\/www.mundi-roth.de\\\/teneriffa-blog\\\/wanderungen\\\/el-medano-montana-roja\\\/\"]}]},{\"@type\":\"ImageObject\",\"inLanguage\":\"de\",\"@id\":\"https:\\\/\\\/www.mundi-roth.de\\\/teneriffa-blog\\\/wanderungen\\\/el-medano-montana-roja\\\/#primaryimage\",\"url\":\"http:\\\/\\\/www.mundi-roth.de\\\/teneriffa-blog\\\/wp-content\\\/uploads\\\/2008\\\/10\\\/1route.jpg\",\"contentUrl\":\"http:\\\/\\\/www.mundi-roth.de\\\/teneriffa-blog\\\/wp-content\\\/uploads\\\/2008\\\/10\\\/1route.jpg\"},{\"@type\":\"BreadcrumbList\",\"@id\":\"https:\\\/\\\/www.mundi-roth.de\\\/teneriffa-blog\\\/wanderungen\\\/el-medano-montana-roja\\\/#breadcrumb\",\"itemListElement\":[{\"@type\":\"ListItem\",\"position\":1,\"name\":\"Startseite\",\"item\":\"https:\\\/\\\/www.mundi-roth.de\\\/teneriffa-blog\\\/\"},{\"@type\":\"ListItem\",\"position\":2,\"name\":\"El M\u00e9dano Monta\u00f1a Roja\"}]},{\"@type\":\"WebSite\",\"@id\":\"https:\\\/\\\/www.mundi-roth.de\\\/teneriffa-blog\\\/#website\",\"url\":\"https:\\\/\\\/www.mundi-roth.de\\\/teneriffa-blog\\\/\",\"name\":\"Teneriffa Wandern\",\"description\":\"Nicht nur Wanderungen auf Teneriffa...\",\"potentialAction\":[{\"@type\":\"SearchAction\",\"target\":{\"@type\":\"EntryPoint\",\"urlTemplate\":\"https:\\\/\\\/www.mundi-roth.de\\\/teneriffa-blog\\\/?s={search_term_string}\"},\"query-input\":{\"@type\":\"PropertyValueSpecification\",\"valueRequired\":true,\"valueName\":\"search_term_string\"}}],\"inLanguage\":\"de\"},{\"@type\":\"Person\",\"@id\":\"https:\\\/\\\/www.mundi-roth.de\\\/teneriffa-blog\\\/#\\\/schema\\\/person\\\/3afd0d251449790d15367c9aa52d203d\",\"name\":\"ir\",\"image\":{\"@type\":\"ImageObject\",\"inLanguage\":\"de\",\"@id\":\"https:\\\/\\\/secure.gravatar.com\\\/avatar\\\/e67b41513c921c2bb58363f44c8a00a447c9a2526ad8ff71b5b6257e5f7f5c66?s=96&d=mm&r=g\",\"url\":\"https:\\\/\\\/secure.gravatar.com\\\/avatar\\\/e67b41513c921c2bb58363f44c8a00a447c9a2526ad8ff71b5b6257e5f7f5c66?s=96&d=mm&r=g\",\"contentUrl\":\"https:\\\/\\\/secure.gravatar.com\\\/avatar\\\/e67b41513c921c2bb58363f44c8a00a447c9a2526ad8ff71b5b6257e5f7f5c66?s=96&d=mm&r=g\",\"caption\":\"ir\"},\"sameAs\":[\"http:\\\/\\\/www.mundi-roth.de\"],\"url\":\"https:\\\/\\\/www.mundi-roth.de\\\/teneriffa-blog\\\/author\\\/ir\\\/\"}]}<\/script>\n<!-- \/ Yoast SEO plugin. -->","yoast_head_json":{"title":"El M\u00e9dano Monta\u00f1a Roja - Teneriffa Wandern","robots":{"index":"index","follow":"follow","max-snippet":"max-snippet:-1","max-image-preview":"max-image-preview:large","max-video-preview":"max-video-preview:-1"},"canonical":"https:\/\/www.mundi-roth.de\/teneriffa-blog\/wanderungen\/el-medano-montana-roja\/","twitter_misc":{"Verfasst von":"ir","Gesch\u00e4tzte Lesezeit":"4\u00a0Minuten"},"schema":{"@context":"https:\/\/schema.org","@graph":[{"@type":"Article","@id":"https:\/\/www.mundi-roth.de\/teneriffa-blog\/wanderungen\/el-medano-montana-roja\/#article","isPartOf":{"@id":"https:\/\/www.mundi-roth.de\/teneriffa-blog\/wanderungen\/el-medano-montana-roja\/"},"author":{"name":"ir","@id":"https:\/\/www.mundi-roth.de\/teneriffa-blog\/#\/schema\/person\/3afd0d251449790d15367c9aa52d203d"},"headline":"El M\u00e9dano Monta\u00f1a Roja","datePublished":"2008-10-22T19:00:43+00:00","dateModified":"2015-04-12T10:44:23+00:00","mainEntityOfPage":{"@id":"https:\/\/www.mundi-roth.de\/teneriffa-blog\/wanderungen\/el-medano-montana-roja\/"},"wordCount":847,"commentCount":1,"image":{"@id":"https:\/\/www.mundi-roth.de\/teneriffa-blog\/wanderungen\/el-medano-montana-roja\/#primaryimage"},"thumbnailUrl":"http:\/\/www.mundi-roth.de\/teneriffa-blog\/wp-content\/uploads\/2008\/10\/1route.jpg","keywords":["Avencio","Fotovoltaik","La Tejita","M\u00e9dano","Monta\u00f1a Bocinegro","Monta\u00f1a Roja","Teneriffa","Wandern"],"articleSection":["Granadilla","Wanderungen"],"inLanguage":"de","potentialAction":[{"@type":"CommentAction","name":"Comment","target":["https:\/\/www.mundi-roth.de\/teneriffa-blog\/wanderungen\/el-medano-montana-roja\/#respond"]}]},{"@type":"WebPage","@id":"https:\/\/www.mundi-roth.de\/teneriffa-blog\/wanderungen\/el-medano-montana-roja\/","url":"https:\/\/www.mundi-roth.de\/teneriffa-blog\/wanderungen\/el-medano-montana-roja\/","name":"El M\u00e9dano Monta\u00f1a Roja - Teneriffa Wandern","isPartOf":{"@id":"https:\/\/www.mundi-roth.de\/teneriffa-blog\/#website"},"primaryImageOfPage":{"@id":"https:\/\/www.mundi-roth.de\/teneriffa-blog\/wanderungen\/el-medano-montana-roja\/#primaryimage"},"image":{"@id":"https:\/\/www.mundi-roth.de\/teneriffa-blog\/wanderungen\/el-medano-montana-roja\/#primaryimage"},"thumbnailUrl":"http:\/\/www.mundi-roth.de\/teneriffa-blog\/wp-content\/uploads\/2008\/10\/1route.jpg","datePublished":"2008-10-22T19:00:43+00:00","dateModified":"2015-04-12T10:44:23+00:00","author":{"@id":"https:\/\/www.mundi-roth.de\/teneriffa-blog\/#\/schema\/person\/3afd0d251449790d15367c9aa52d203d"},"breadcrumb":{"@id":"https:\/\/www.mundi-roth.de\/teneriffa-blog\/wanderungen\/el-medano-montana-roja\/#breadcrumb"},"inLanguage":"de","potentialAction":[{"@type":"ReadAction","target":["https:\/\/www.mundi-roth.de\/teneriffa-blog\/wanderungen\/el-medano-montana-roja\/"]}]},{"@type":"ImageObject","inLanguage":"de","@id":"https:\/\/www.mundi-roth.de\/teneriffa-blog\/wanderungen\/el-medano-montana-roja\/#primaryimage","url":"http:\/\/www.mundi-roth.de\/teneriffa-blog\/wp-content\/uploads\/2008\/10\/1route.jpg","contentUrl":"http:\/\/www.mundi-roth.de\/teneriffa-blog\/wp-content\/uploads\/2008\/10\/1route.jpg"},{"@type":"BreadcrumbList","@id":"https:\/\/www.mundi-roth.de\/teneriffa-blog\/wanderungen\/el-medano-montana-roja\/#breadcrumb","itemListElement":[{"@type":"ListItem","position":1,"name":"Startseite","item":"https:\/\/www.mundi-roth.de\/teneriffa-blog\/"},{"@type":"ListItem","position":2,"name":"El M\u00e9dano Monta\u00f1a Roja"}]},{"@type":"WebSite","@id":"https:\/\/www.mundi-roth.de\/teneriffa-blog\/#website","url":"https:\/\/www.mundi-roth.de\/teneriffa-blog\/","name":"Teneriffa Wandern","description":"Nicht nur Wanderungen auf Teneriffa...","potentialAction":[{"@type":"SearchAction","target":{"@type":"EntryPoint","urlTemplate":"https:\/\/www.mundi-roth.de\/teneriffa-blog\/?s={search_term_string}"},"query-input":{"@type":"PropertyValueSpecification","valueRequired":true,"valueName":"search_term_string"}}],"inLanguage":"de"},{"@type":"Person","@id":"https:\/\/www.mundi-roth.de\/teneriffa-blog\/#\/schema\/person\/3afd0d251449790d15367c9aa52d203d","name":"ir","image":{"@type":"ImageObject","inLanguage":"de","@id":"https:\/\/secure.gravatar.com\/avatar\/e67b41513c921c2bb58363f44c8a00a447c9a2526ad8ff71b5b6257e5f7f5c66?s=96&d=mm&r=g","url":"https:\/\/secure.gravatar.com\/avatar\/e67b41513c921c2bb58363f44c8a00a447c9a2526ad8ff71b5b6257e5f7f5c66?s=96&d=mm&r=g","contentUrl":"https:\/\/secure.gravatar.com\/avatar\/e67b41513c921c2bb58363f44c8a00a447c9a2526ad8ff71b5b6257e5f7f5c66?s=96&d=mm&r=g","caption":"ir"},"sameAs":["http:\/\/www.mundi-roth.de"],"url":"https:\/\/www.mundi-roth.de\/teneriffa-blog\/author\/ir\/"}]}},"_links":{"self":[{"href":"https:\/\/www.mundi-roth.de\/teneriffa-blog\/wp-json\/wp\/v2\/posts\/439","targetHints":{"allow":["GET"]}}],"collection":[{"href":"https:\/\/www.mundi-roth.de\/teneriffa-blog\/wp-json\/wp\/v2\/posts"}],"about":[{"href":"https:\/\/www.mundi-roth.de\/teneriffa-blog\/wp-json\/wp\/v2\/types\/post"}],"author":[{"embeddable":true,"href":"https:\/\/www.mundi-roth.de\/teneriffa-blog\/wp-json\/wp\/v2\/users\/3"}],"replies":[{"embeddable":true,"href":"https:\/\/www.mundi-roth.de\/teneriffa-blog\/wp-json\/wp\/v2\/comments?post=439"}],"version-history":[{"count":0,"href":"https:\/\/www.mundi-roth.de\/teneriffa-blog\/wp-json\/wp\/v2\/posts\/439\/revisions"}],"wp:attachment":[{"href":"https:\/\/www.mundi-roth.de\/teneriffa-blog\/wp-json\/wp\/v2\/media?parent=439"}],"wp:term":[{"taxonomy":"category","embeddable":true,"href":"https:\/\/www.mundi-roth.de\/teneriffa-blog\/wp-json\/wp\/v2\/categories?post=439"},{"taxonomy":"post_tag","embeddable":true,"href":"https:\/\/www.mundi-roth.de\/teneriffa-blog\/wp-json\/wp\/v2\/tags?post=439"}],"curies":[{"name":"wp","href":"https:\/\/api.w.org\/{rel}","templated":true}]}}