{"id":4458,"date":"2015-12-08T22:00:39","date_gmt":"2015-12-08T21:00:39","guid":{"rendered":"http:\/\/www.mundi-roth.de\/teneriffa-blog\/?p=4458"},"modified":"2016-05-23T11:47:37","modified_gmt":"2016-05-23T10:47:37","slug":"camino-real-del-sur-4","status":"publish","type":"post","link":"https:\/\/www.mundi-roth.de\/teneriffa-blog\/allgemein\/camino-real-del-sur-4\/","title":{"rendered":"CAMINO REAL del SUR (4)"},"content":{"rendered":"<p style=\"text-align: center;\"><strong>Camino Real del Sur<\/strong><br \/>\n<strong>4. Etappe<\/strong><br \/>\n<strong>Villa de<\/strong> <strong>Arico &#8211; Granadilla<\/strong><\/p>\n<p style=\"text-align: left;\">Nach der dritten Teilstrecke waren Elisabeth und ich soweit, dass wir unseren Plan, den ganzen alten Handelsweg von Candelaria bis Santiago del Teide nachzuvollziehen, aufgeben wollten, da wir auf gro\u00dfen Strecken weg- und steglos umherrirrten.<\/p>\n<p>Jedoch, ich bat Francisco Fari\u00f1a uns doch seine GPS-Daten zu \u00fcberlassen und nun wagten wir es doch noch einmal.<\/p>\n<p>Diese Teilstrecke k\u00f6nnte ich auch betiteln:<br \/>\nDie Wanderung \u201eRauf-Runter-Rauf-Runter\u201c oder<br \/>\nDie Wanderung der Barrancos = Schluchten<\/p>\n<p>So nach dem 13. Barranco h\u00f6rten wir auf zu z\u00e4hlen, waren es 14? 15? oder gar 16?<br \/>\nIst egal: Sch\u00f6n war die Tour! Jede Schlucht hatte andere Fels-Formationen, anderen Bewuchs!<br \/>\nWir wanderten durch ehemals intensiv landwirtschaftlich genutzte Zonen. Davon zeugen noch die vielen m\u00fchsam errichteten Terrassen, die nun \u00fcberwiegend verwildern.<br \/>\nAber: Auch sehr gepflegte Anlagen sahen wir noch, Kohlk\u00f6pfe wie auf der Schnur aufgezogen, ausgerichtete Tomatenpflanzen und viele, viele Weinreben.<br \/>\nDie vielen gemauerten Wasserkan\u00e4le, die die Landschaft durchziehen, geben auch ein Beispiel daf\u00fcr. Die, an denen wir vorbeiwandern, f\u00fchren\u00a0 zum Teil noch Wasser.<br \/>\n<a href=\"http:\/\/www.mundi-roth.de\/teneriffa-blog\/wp-content\/uploads\/2015\/12\/Track02.jpg\" rel=\"lightbox[4458]\"><img loading=\"lazy\" decoding=\"async\" class=\"aligncenter size-medium wp-image-4461\" src=\"http:\/\/www.mundi-roth.de\/teneriffa-blog\/wp-content\/uploads\/2015\/12\/Track02-300x170.jpg\" alt=\"Track02\" width=\"300\" height=\"170\" srcset=\"https:\/\/www.mundi-roth.de\/teneriffa-blog\/wp-content\/uploads\/2015\/12\/Track02-300x170.jpg 300w, https:\/\/www.mundi-roth.de\/teneriffa-blog\/wp-content\/uploads\/2015\/12\/Track02-150x85.jpg 150w, https:\/\/www.mundi-roth.de\/teneriffa-blog\/wp-content\/uploads\/2015\/12\/Track02.jpg 800w\" sizes=\"auto, (max-width: 300px) 100vw, 300px\" \/><\/a><br \/>\n<strong>Wanderwegstrecke: 14,75 km, 5 Stunden 40 Minuten<\/strong><br \/>\ninclusive ca. 15 Minuten obligatorische Apfelpause mit Blick auf den Hafen von Granadilla und Monta\u00f1a Roja in El M\u00e9dano<\/p>\n<p><a href=\"http:\/\/www.mundi-roth.de\/teneriffa-blog\/wp-content\/uploads\/2015\/12\/P1200720.jpg\" rel=\"lightbox[4458]\"><img loading=\"lazy\" decoding=\"async\" class=\"alignleft size-thumbnail wp-image-4462\" src=\"http:\/\/www.mundi-roth.de\/teneriffa-blog\/wp-content\/uploads\/2015\/12\/P1200720-111x150.jpg\" alt=\"P1200720\" width=\"111\" height=\"150\" srcset=\"https:\/\/www.mundi-roth.de\/teneriffa-blog\/wp-content\/uploads\/2015\/12\/P1200720-111x150.jpg 111w, https:\/\/www.mundi-roth.de\/teneriffa-blog\/wp-content\/uploads\/2015\/12\/P1200720-222x300.jpg 222w, https:\/\/www.mundi-roth.de\/teneriffa-blog\/wp-content\/uploads\/2015\/12\/P1200720.jpg 592w\" sizes=\"auto, (max-width: 111px) 100vw, 111px\" \/><\/a>Wir beginnen das neue Abenteuer in Villa de Arico an der<a href=\"http:\/\/www.mundi-roth.de\/teneriffa-blog\/wp-content\/uploads\/2015\/12\/P1200716.jpg\" rel=\"lightbox[4458]\"><img loading=\"lazy\" decoding=\"async\" class=\"alignright size-thumbnail wp-image-4471\" src=\"http:\/\/www.mundi-roth.de\/teneriffa-blog\/wp-content\/uploads\/2015\/12\/P1200716-150x109.jpg\" alt=\"P1200716\" width=\"150\" height=\"109\" srcset=\"https:\/\/www.mundi-roth.de\/teneriffa-blog\/wp-content\/uploads\/2015\/12\/P1200716-150x109.jpg 150w, https:\/\/www.mundi-roth.de\/teneriffa-blog\/wp-content\/uploads\/2015\/12\/P1200716-300x218.jpg 300w, https:\/\/www.mundi-roth.de\/teneriffa-blog\/wp-content\/uploads\/2015\/12\/P1200716.jpg 800w\" sizes=\"auto, (max-width: 150px) 100vw, 150px\" \/><\/a> Plaza zwischen Rathaus und\u00a0 Kirche San Juan Bautista, die\u00a0 leider \u2013 trotz des Feiertages Immaculata = Unbefleckte Empf\u00e4ngnis \u2013 geschlossen war.\u00a0 Nat\u00fcrlich auch das Infob\u00fcro, das gleich etwas oberhalb ist.<br \/>\nAlso starten wir \u2013 nach Studium der Infotafel \u2013 in der Calle El Manzano,Wegweiser \u201eEl Rio 5,0 km\u201c.<\/p>\n<p>Vorab: Bis El Rio ist die Tour wieder vorbildlich gekennzeichnet \u2013 wei\u00df-gelbe Markierung\u00a0 und Hinweisschilder, so dass ich mich gar nicht mit der Wegebeschreibung aufhalten brauche.<br \/>\nWir stellen sehr schnell fest, dass wir auf gro\u00dfen, mit Steinen gepflasterten Strecken gehen, ganz offensichtlich noch der urspr\u00fcngliche Camino Real, der mit Aeonien und Wermut ges\u00e4umt ist.<\/p>\n<p>Zudem sind wir \u00fcberrascht, was jetzt im Dezemer schon alles bl\u00fcht: \u00dcppigst der kanarische Lavendel, die wei\u00dfbl\u00fchende Montpellier-Zistrose, die rosa Zistrose, Margeriten sowieso, Affodills, selbst schon der Escobon f\u00e4ngt an.<br \/>\nDass die Kandelaberwolfsmilch, ganze Haine von Kaktusfeigen = Opuntien, die B\u00fcsche des Ampfers und sowohl die Str\u00e4ucher der dulce wie amarga Tabaiba\u00a0 = Wolfsmilchgew\u00e4chse und die zarten Ranken der Plocama = Balo das Gr\u00fcn vervollst\u00e4ndigen, ist schon fast selbstverst\u00e4ndlich.<\/p>\n<p>Wir haben zudem auf der gesamten Strecke \u2013 zwar heute etwas tr\u00fcbe \u2013 einen freien Blick zum Meer und hoch zu den Bergen, lediglich der Teide ist nicht auszumachen.<\/p>\n<p>In El Rio gehen wir noch zur Kirche San Bartolom\u00e9 hoch, auch geschlossen und kehren auf die Calle Las Flores, Camino Real zur\u00fcck.<br \/>\nAb\u00a0 El Rio ist dann Schluss mit einfach wandern, den Hinweisen folgen. Nun sind wir wieder auf \u201eAgatha\u201c, die Sprecherin des Komoot-Wanderprogramms angewiesen.<br \/>\nDa aber hin und wieder GPS-Daten gar nicht oder nur schwach zur Verf\u00fcgung stehen, gibt es Irretationen. Zum Beispiel werden wir rechts hoch gef\u00fchrt, um zu h\u00f6ren \u201cfolge dieser Tour 350 m\u201c, schreiten wir dann z\u00fcgig aus, h\u00f6ren wir nach einer Weile \u201eDu hast die Tour verlassen, kehre um\u201c.<br \/>\nWeniger lustig.<\/p>\n<p>Also wieder die Weiterf\u00fchrung suchen, um dann festzustellen, statt rechts geht\u00a0\u00a0 der Weg links ab, kaum auszumachen.<\/p>\n<p>So stellt sich uns schon gleich am Ortsausgang von El Rio die Frage: wo weiter:<br \/>\nWer es nachwandern will: Einfach die Durchgangsstra\u00dfe queren und beim<a href=\"http:\/\/www.mundi-roth.de\/teneriffa-blog\/wp-content\/uploads\/2015\/12\/P1200775.jpg\" rel=\"lightbox[4458]\"><img loading=\"lazy\" decoding=\"async\" class=\"alignright size-thumbnail wp-image-4463\" src=\"http:\/\/www.mundi-roth.de\/teneriffa-blog\/wp-content\/uploads\/2015\/12\/P1200775-150x130.jpg\" alt=\"P1200775\" width=\"150\" height=\"130\" srcset=\"https:\/\/www.mundi-roth.de\/teneriffa-blog\/wp-content\/uploads\/2015\/12\/P1200775-150x130.jpg 150w, https:\/\/www.mundi-roth.de\/teneriffa-blog\/wp-content\/uploads\/2015\/12\/P1200775-300x260.jpg 300w, https:\/\/www.mundi-roth.de\/teneriffa-blog\/wp-content\/uploads\/2015\/12\/P1200775.jpg 800w\" sizes=\"auto, (max-width: 150px) 100vw, 150px\" \/><\/a> Ortsausgangsschild\u00a0 hier einbiegen.<br \/>\nWas uns dann, nur 5 Minuten sp\u00e4ter erwartet, ist unbeschreiblich.<br \/>\nWir m\u00fcssen zwischen den H\u00e4usern links abbiegen, gehen auf einen Autounterstand zu, quetschen uns an <a href=\"http:\/\/www.mundi-roth.de\/teneriffa-blog\/wp-content\/uploads\/2015\/12\/P1200777.jpg\" rel=\"lightbox[4458]\"><img loading=\"lazy\" decoding=\"async\" class=\"alignleft size-thumbnail wp-image-4464\" src=\"http:\/\/www.mundi-roth.de\/teneriffa-blog\/wp-content\/uploads\/2015\/12\/P1200777-150x113.jpg\" alt=\"P1200777\" width=\"150\" height=\"113\" srcset=\"https:\/\/www.mundi-roth.de\/teneriffa-blog\/wp-content\/uploads\/2015\/12\/P1200777-150x113.jpg 150w, https:\/\/www.mundi-roth.de\/teneriffa-blog\/wp-content\/uploads\/2015\/12\/P1200777-300x225.jpg 300w, https:\/\/www.mundi-roth.de\/teneriffa-blog\/wp-content\/uploads\/2015\/12\/P1200777.jpg 800w\" sizes=\"auto, (max-width: 150px) 100vw, 150px\" \/><\/a>einem dicken Auto vorbei und passieren unmittelbar dahinter eine M\u00fcllkippe. Da m\u00fcssen wir durch und sind auf gepflastertem camino real. Unglaublich!<br \/>\nAber: Wir sind richtig!<br \/>\n\u00dcber den Barranco del Rio f\u00fchrt ein schmaler Steg, rechts schauen wir auf eine Wasserverteilungsanlage und links in die Schlucht. <a href=\"http:\/\/www.mundi-roth.de\/teneriffa-blog\/wp-content\/uploads\/2015\/12\/P1200781.jpg\" rel=\"lightbox[4458]\"><img loading=\"lazy\" decoding=\"async\" class=\"alignleft size-thumbnail wp-image-4466\" src=\"http:\/\/www.mundi-roth.de\/teneriffa-blog\/wp-content\/uploads\/2015\/12\/P1200781-150x113.jpg\" alt=\"P1200781\" width=\"150\" height=\"113\" srcset=\"https:\/\/www.mundi-roth.de\/teneriffa-blog\/wp-content\/uploads\/2015\/12\/P1200781-150x113.jpg 150w, https:\/\/www.mundi-roth.de\/teneriffa-blog\/wp-content\/uploads\/2015\/12\/P1200781-300x225.jpg 300w, https:\/\/www.mundi-roth.de\/teneriffa-blog\/wp-content\/uploads\/2015\/12\/P1200781.jpg 800w\" sizes=\"auto, (max-width: 150px) 100vw, 150px\" \/><\/a>Von hier steigt der Pfad wieder an, gehen an einer 2009 errichteten <a href=\"http:\/\/www.mundi-roth.de\/teneriffa-blog\/wp-content\/uploads\/2015\/12\/P1200779.jpg\" rel=\"lightbox[4458]\"><img loading=\"lazy\" decoding=\"async\" class=\"alignright size-thumbnail wp-image-4465\" src=\"http:\/\/www.mundi-roth.de\/teneriffa-blog\/wp-content\/uploads\/2015\/12\/P1200779-150x113.jpg\" alt=\"P1200779\" width=\"150\" height=\"113\" srcset=\"https:\/\/www.mundi-roth.de\/teneriffa-blog\/wp-content\/uploads\/2015\/12\/P1200779-150x113.jpg 150w, https:\/\/www.mundi-roth.de\/teneriffa-blog\/wp-content\/uploads\/2015\/12\/P1200779-300x225.jpg 300w, https:\/\/www.mundi-roth.de\/teneriffa-blog\/wp-content\/uploads\/2015\/12\/P1200779.jpg 800w\" sizes=\"auto, (max-width: 150px) 100vw, 150px\" \/><\/a>Gedenkst\u00e4tte vorbei\u00a0 und wir sind froh, diesen M\u00fcll-Anblick hinter uns gelassen zu haben.<br \/>\nCa. 20 Minuten sp\u00e4ter gelangen wir an markante Felsw\u00e4nde, vermutlich wurde hier Fels abgetragen, da hei\u00dft es wieder aufpassen:<br \/>\n<a href=\"http:\/\/www.mundi-roth.de\/teneriffa-blog\/wp-content\/uploads\/2015\/12\/P1200793.jpg\" rel=\"lightbox[4458]\"><img loading=\"lazy\" decoding=\"async\" class=\"alignleft size-thumbnail wp-image-4467\" src=\"http:\/\/www.mundi-roth.de\/teneriffa-blog\/wp-content\/uploads\/2015\/12\/P1200793-150x113.jpg\" alt=\"P1200793\" width=\"150\" height=\"113\" srcset=\"https:\/\/www.mundi-roth.de\/teneriffa-blog\/wp-content\/uploads\/2015\/12\/P1200793-150x113.jpg 150w, https:\/\/www.mundi-roth.de\/teneriffa-blog\/wp-content\/uploads\/2015\/12\/P1200793-300x225.jpg 300w, https:\/\/www.mundi-roth.de\/teneriffa-blog\/wp-content\/uploads\/2015\/12\/P1200793.jpg 800w\" sizes=\"auto, (max-width: 150px) 100vw, 150px\" \/><\/a>Wir biegen hier rechts ab, um kurz darauf die sandige-steinige Fahrstra\u00dfe links zu verlassen und \u2013 sehr un\u00fcbersichtlich \u2013 \u00fcber Felsplatten aufzusteigen.<br \/>\nOben angekommen, gelangen wir auf eine Stra\u00dfe von der wir kurz darauf rechts wieder abbiegen.<br \/>\nNun l\u00e4\u00dft sich der Weg gut ausmachen, oft sieht man ihn auch durch die aufw\u00e4ndig errichteten Mauern die ihn st\u00fctzen.<\/p>\n<p>Wir wandern an\u00a0 riesigen Exemplaren von Eukalpytusb\u00e4umen vorbei, ein Veteran ist samt Wurzelballen ist umgefallen. Wir steigen auf, steigen ab, ein Barranco reiht sich an den anderen.<\/p>\n<p>Und dann kommen wir wieder an eine Stra\u00dfe und entdecken wei\u00df-gelbe Markierung. Sind begl\u00fcckt und folgen dieser blindlings aufw\u00e4rts, bis uns Agatha wieder ermahnt \u201eDu hast die Tour verlassen, sie liegt hinter dir\u201c.<br \/>\nWahr wohl nichts mit den Zeichen. Gab auch kein Schild, das ausgewiesen h\u00e4tte, wo es hingeht. Gro\u00dfes R\u00e4tselraten?<br \/>\nEin Auto kommt, ein Schweizer, der uns zwar frischgeerntete Orangen von seiner Finca schenkt aber auch nicht weiterhelfen kann.<a href=\"http:\/\/www.mundi-roth.de\/teneriffa-blog\/wp-content\/uploads\/2015\/12\/P1200833.jpg\" rel=\"lightbox[4458]\"><img loading=\"lazy\" decoding=\"async\" class=\"alignright size-thumbnail wp-image-4468\" src=\"http:\/\/www.mundi-roth.de\/teneriffa-blog\/wp-content\/uploads\/2015\/12\/P1200833-150x113.jpg\" alt=\"P1200833\" width=\"150\" height=\"113\" srcset=\"https:\/\/www.mundi-roth.de\/teneriffa-blog\/wp-content\/uploads\/2015\/12\/P1200833-150x113.jpg 150w, https:\/\/www.mundi-roth.de\/teneriffa-blog\/wp-content\/uploads\/2015\/12\/P1200833-300x225.jpg 300w, https:\/\/www.mundi-roth.de\/teneriffa-blog\/wp-content\/uploads\/2015\/12\/P1200833.jpg 800w\" sizes=\"auto, (max-width: 150px) 100vw, 150px\" \/><\/a><br \/>\nAlso gehen wir auf gut Gl\u00fcck ein go\u00dfes St\u00fcck Stra\u00dfe abw\u00e4rts, um dann bei einem verfallenen Haus rechter Hand davon den Anschluss an unsere Wanderung zu finden.<br \/>\nInzwischen sind wir bereits knapp 4 Stunden unterwegs.<\/p>\n<p><a href=\"http:\/\/www.mundi-roth.de\/teneriffa-blog\/wp-content\/uploads\/2015\/12\/P1200838.jpg\" rel=\"lightbox[4458]\"><img loading=\"lazy\" decoding=\"async\" class=\"alignleft size-thumbnail wp-image-4469\" src=\"http:\/\/www.mundi-roth.de\/teneriffa-blog\/wp-content\/uploads\/2015\/12\/P1200838-150x77.jpg\" alt=\"P1200838\" width=\"150\" height=\"77\" srcset=\"https:\/\/www.mundi-roth.de\/teneriffa-blog\/wp-content\/uploads\/2015\/12\/P1200838-150x77.jpg 150w, https:\/\/www.mundi-roth.de\/teneriffa-blog\/wp-content\/uploads\/2015\/12\/P1200838-300x155.jpg 300w, https:\/\/www.mundi-roth.de\/teneriffa-blog\/wp-content\/uploads\/2015\/12\/P1200838.jpg 800w\" sizes=\"auto, (max-width: 150px) 100vw, 150px\" \/><\/a>Kaum 10 Minuten nach unserem Abzweig, gro\u00dfe \u00dcberraschung: Wir kommen an der Bodega Frontos aus! Der Wein von hier schmeckt hervorragend!<br \/>\nAber: Feiertag! Geschlossen!<\/p>\n<p>Wir sehen uns das Gel\u00e4nde etwas an, finden dann nach einigem Suchen unseren Weg beim unteren Parkplatz, rechts abgehend, noch vor der Edelstahlschranke. Wird wohl kaum begangen, denn wir k\u00e4mpfen uns durch eine Wand von Wermutb\u00fcschen.<\/p>\n<p>Heiter weiter: Barranco runter, Barranco rauf.<\/p>\n<p>Pr\u00e4zise um 14:35 Uhr erreichen wir die Stra\u00dfe Cruz de Los Caminos. Auf Asphalt, original camino real Pflaster, mit Jable, Tuffstein ausgef\u00fctterte Stra\u00dfenabschnitten, die durch Orangen-Plantagen, wilde Landschaft, Barrancos f\u00fchren, geht es weiter.<br \/>\nCalle Las Cuvitas ist der n\u00e4chste Hinweis und es gibt doch kurz darauf eine Infotafel am Abschnitt Camino Real del Sur \u00fcber den Barranco Cruz de Los \u00c1nimos.<\/p>\n<p>Also, hinein in die n\u00e4chste Schlucht und hinauf.<a href=\"http:\/\/www.mundi-roth.de\/teneriffa-blog\/wp-content\/uploads\/2015\/12\/P1200857.jpg\" rel=\"lightbox[4458]\"><img loading=\"lazy\" decoding=\"async\" class=\"alignright size-thumbnail wp-image-4470\" src=\"http:\/\/www.mundi-roth.de\/teneriffa-blog\/wp-content\/uploads\/2015\/12\/P1200857-150x113.jpg\" alt=\"P1200857\" width=\"150\" height=\"113\" srcset=\"https:\/\/www.mundi-roth.de\/teneriffa-blog\/wp-content\/uploads\/2015\/12\/P1200857-150x113.jpg 150w, https:\/\/www.mundi-roth.de\/teneriffa-blog\/wp-content\/uploads\/2015\/12\/P1200857-300x225.jpg 300w, https:\/\/www.mundi-roth.de\/teneriffa-blog\/wp-content\/uploads\/2015\/12\/P1200857.jpg 800w\" sizes=\"auto, (max-width: 150px) 100vw, 150px\" \/><\/a><br \/>\nUm 15 Uhr kommen wir an die Stelle, wo uns Agatha nach rechts\u00a0 falsch geschickt hat. Hat man diesen Ausblick von weiter oben, ist man falsch gegangen.<br \/>\nAuf der linken Stra\u00dfenseite zweigt der Pfad ab.<\/p>\n<p>Meinem lieben Mann, unserem unverzichtbaren Taxifahrer, haben wir angek\u00fcndigt, wir w\u00e4ren so um 15:30 Uhr an der Kirche in Granadilla.<\/p>\n<p>Wenn wir geglaubt haben, jetzt ist Schluss mit den Barrancos, denn wir haben ja schon Granadilla im Blick, dann haben wir uns geirrt.<br \/>\nNoch 1, 2, 3? Wir haben das Z\u00e4hlen aufgeh\u00f6rt.<\/p>\n<p><a href=\"http:\/\/www.mundi-roth.de\/teneriffa-blog\/wp-content\/uploads\/2015\/12\/P1200869.jpg\" rel=\"lightbox[4458]\"><img loading=\"lazy\" decoding=\"async\" class=\"alignleft size-thumbnail wp-image-4495\" src=\"http:\/\/www.mundi-roth.de\/teneriffa-blog\/wp-content\/uploads\/2015\/12\/P1200869-113x150.jpg\" alt=\"P1200869\" width=\"113\" height=\"150\" srcset=\"https:\/\/www.mundi-roth.de\/teneriffa-blog\/wp-content\/uploads\/2015\/12\/P1200869-113x150.jpg 113w, https:\/\/www.mundi-roth.de\/teneriffa-blog\/wp-content\/uploads\/2015\/12\/P1200869-225x300.jpg 225w, https:\/\/www.mundi-roth.de\/teneriffa-blog\/wp-content\/uploads\/2015\/12\/P1200869.jpg 601w\" sizes=\"auto, (max-width: 113px) 100vw, 113px\" \/><\/a><\/p>\n<p>Immerhin um 15:45 Uhr treffen wir an der Kirche San Antonio de Padua (XVII Jahrhundert) ein und werden noch mit einem Blick auf den nunmehr freien Teide und nat\u00fcrlich mit einem liebevollen Empfang belohnt.<\/p>\n<p>&nbsp;<\/p>\n<p>&nbsp;<\/p>\n<p><strong>Fazit:<\/strong><br \/>\nEine wundersch\u00f6ne, abwechslungsreiche Tour. Trotz der vielen Schluchten haben wir sie nicht als sehr anstrengend empfunden.<\/p>\n<p><strong>Jedoch:<\/strong><br \/>\nH\u00e4tten wir nicht freundlicherweise von Francisco Fari\u00f1a die GPS-Daten bekommen, w\u00e4ren wir sicherlich wieder so umhergeirrt wie bei dem letzten Abschnitt, der uns ja diese Tour fast vergrault h\u00e4tte.<\/p>\n<p><strong>Also:<\/strong> Bitte nur nachwandern mit GPS-Ger\u00e4t! Unsere <a href=\"http:\/\/www.mundi-roth.de\/teneriffa-blog\/wp-content\/uploads\/2015\/12\/mGPX_20151208100856.7z\">Tour<\/a> als GPX-Zip-Datei.<\/p>\n<p>Jedoch &#8211; schon programmiert &#8211; freuen wir uns, wenn wir die n\u00e4chste Etappe von Granadilla nach Arona in Angriff nehmen k\u00f6nnen.<\/p>\n<p><strong>Noch ein Tipp:<\/strong><br \/>\nWer noch nie in dieser Gegend war, dem empfehlen wir einen Abstecher in das \u00d6rtchen Las Vegas.<br \/>\nHier gibt es die Besonderheit: Die Glocke der kleinen Kirche Eremita de Nuestra Se\u00f1ora de Esperanza h\u00e4ngt in einer Kanarischen Kiefer.<br \/>\n\u201eDer Glockenturm der jedes Jahr w\u00e4chst\u201c<\/p>\n<p>&nbsp;<\/p>\n<p style=\"text-align: center;\"><strong>Einige der Barrancos, die es zu \u00fcberwinden galt<\/strong><\/p>\n\n\t\t<style type=\"text\/css\">\n\t\t\t#gallery-1 {\n\t\t\t\tmargin: auto;\n\t\t\t}\n\t\t\t#gallery-1 .gallery-item {\n\t\t\t\tfloat: left;\n\t\t\t\tmargin-top: 10px;\n\t\t\t\ttext-align: center;\n\t\t\t\twidth: 33%;\n\t\t\t}\n\t\t\t#gallery-1 img {\n\t\t\t\tborder: 2px solid #cfcfcf;\n\t\t\t}\n\t\t\t#gallery-1 .gallery-caption {\n\t\t\t\tmargin-left: 0;\n\t\t\t}\n\t\t\t\/* see gallery_shortcode() in wp-includes\/media.php *\/\n\t\t<\/style>\n\t\t<div id='gallery-1' class='gallery galleryid-4458 gallery-columns-3 gallery-size-thumbnail'><dl class='gallery-item'>\n\t\t\t<dt class='gallery-icon landscape'>\n\t\t\t\t<a href='https:\/\/www.mundi-roth.de\/teneriffa-blog\/wp-content\/uploads\/2015\/12\/P1200734.jpg' rel=\"lightbox[4458]\"><img loading=\"lazy\" decoding=\"async\" width=\"150\" height=\"113\" src=\"https:\/\/www.mundi-roth.de\/teneriffa-blog\/wp-content\/uploads\/2015\/12\/P1200734-150x113.jpg\" class=\"attachment-thumbnail size-thumbnail\" alt=\"\" srcset=\"https:\/\/www.mundi-roth.de\/teneriffa-blog\/wp-content\/uploads\/2015\/12\/P1200734-150x113.jpg 150w, https:\/\/www.mundi-roth.de\/teneriffa-blog\/wp-content\/uploads\/2015\/12\/P1200734-300x225.jpg 300w, https:\/\/www.mundi-roth.de\/teneriffa-blog\/wp-content\/uploads\/2015\/12\/P1200734-768x576.jpg 768w, https:\/\/www.mundi-roth.de\/teneriffa-blog\/wp-content\/uploads\/2015\/12\/P1200734.jpg 800w\" sizes=\"auto, (max-width: 150px) 100vw, 150px\" \/><\/a>\n\t\t\t<\/dt><\/dl><dl class='gallery-item'>\n\t\t\t<dt class='gallery-icon landscape'>\n\t\t\t\t<a href='https:\/\/www.mundi-roth.de\/teneriffa-blog\/wp-content\/uploads\/2015\/12\/P1200736.jpg' rel=\"lightbox[4458]\"><img loading=\"lazy\" decoding=\"async\" width=\"150\" height=\"113\" src=\"https:\/\/www.mundi-roth.de\/teneriffa-blog\/wp-content\/uploads\/2015\/12\/P1200736-150x113.jpg\" class=\"attachment-thumbnail size-thumbnail\" alt=\"\" srcset=\"https:\/\/www.mundi-roth.de\/teneriffa-blog\/wp-content\/uploads\/2015\/12\/P1200736-150x113.jpg 150w, https:\/\/www.mundi-roth.de\/teneriffa-blog\/wp-content\/uploads\/2015\/12\/P1200736-300x225.jpg 300w, https:\/\/www.mundi-roth.de\/teneriffa-blog\/wp-content\/uploads\/2015\/12\/P1200736-768x576.jpg 768w, https:\/\/www.mundi-roth.de\/teneriffa-blog\/wp-content\/uploads\/2015\/12\/P1200736.jpg 800w\" sizes=\"auto, (max-width: 150px) 100vw, 150px\" \/><\/a>\n\t\t\t<\/dt><\/dl><dl class='gallery-item'>\n\t\t\t<dt class='gallery-icon landscape'>\n\t\t\t\t<a href='https:\/\/www.mundi-roth.de\/teneriffa-blog\/wp-content\/uploads\/2015\/12\/P1200756.jpg' rel=\"lightbox[4458]\"><img loading=\"lazy\" decoding=\"async\" width=\"150\" height=\"113\" src=\"https:\/\/www.mundi-roth.de\/teneriffa-blog\/wp-content\/uploads\/2015\/12\/P1200756-150x113.jpg\" class=\"attachment-thumbnail size-thumbnail\" alt=\"\" srcset=\"https:\/\/www.mundi-roth.de\/teneriffa-blog\/wp-content\/uploads\/2015\/12\/P1200756-150x113.jpg 150w, https:\/\/www.mundi-roth.de\/teneriffa-blog\/wp-content\/uploads\/2015\/12\/P1200756-300x225.jpg 300w, https:\/\/www.mundi-roth.de\/teneriffa-blog\/wp-content\/uploads\/2015\/12\/P1200756-768x576.jpg 768w, https:\/\/www.mundi-roth.de\/teneriffa-blog\/wp-content\/uploads\/2015\/12\/P1200756.jpg 800w\" sizes=\"auto, (max-width: 150px) 100vw, 150px\" \/><\/a>\n\t\t\t<\/dt><\/dl><br style=\"clear: both\" \/><dl class='gallery-item'>\n\t\t\t<dt class='gallery-icon landscape'>\n\t\t\t\t<a href='https:\/\/www.mundi-roth.de\/teneriffa-blog\/wp-content\/uploads\/2015\/12\/P1200757.jpg' rel=\"lightbox[4458]\"><img loading=\"lazy\" decoding=\"async\" width=\"150\" height=\"113\" src=\"https:\/\/www.mundi-roth.de\/teneriffa-blog\/wp-content\/uploads\/2015\/12\/P1200757-150x113.jpg\" class=\"attachment-thumbnail size-thumbnail\" alt=\"\" srcset=\"https:\/\/www.mundi-roth.de\/teneriffa-blog\/wp-content\/uploads\/2015\/12\/P1200757-150x113.jpg 150w, https:\/\/www.mundi-roth.de\/teneriffa-blog\/wp-content\/uploads\/2015\/12\/P1200757-300x225.jpg 300w, https:\/\/www.mundi-roth.de\/teneriffa-blog\/wp-content\/uploads\/2015\/12\/P1200757-768x576.jpg 768w, https:\/\/www.mundi-roth.de\/teneriffa-blog\/wp-content\/uploads\/2015\/12\/P1200757.jpg 800w\" sizes=\"auto, (max-width: 150px) 100vw, 150px\" \/><\/a>\n\t\t\t<\/dt><\/dl><dl class='gallery-item'>\n\t\t\t<dt class='gallery-icon landscape'>\n\t\t\t\t<a href='https:\/\/www.mundi-roth.de\/teneriffa-blog\/wp-content\/uploads\/2015\/12\/P1200758.jpg' rel=\"lightbox[4458]\"><img loading=\"lazy\" decoding=\"async\" width=\"150\" height=\"94\" src=\"https:\/\/www.mundi-roth.de\/teneriffa-blog\/wp-content\/uploads\/2015\/12\/P1200758-150x94.jpg\" class=\"attachment-thumbnail size-thumbnail\" alt=\"\" srcset=\"https:\/\/www.mundi-roth.de\/teneriffa-blog\/wp-content\/uploads\/2015\/12\/P1200758-150x94.jpg 150w, https:\/\/www.mundi-roth.de\/teneriffa-blog\/wp-content\/uploads\/2015\/12\/P1200758-300x188.jpg 300w, https:\/\/www.mundi-roth.de\/teneriffa-blog\/wp-content\/uploads\/2015\/12\/P1200758-768x480.jpg 768w, https:\/\/www.mundi-roth.de\/teneriffa-blog\/wp-content\/uploads\/2015\/12\/P1200758.jpg 800w\" sizes=\"auto, (max-width: 150px) 100vw, 150px\" \/><\/a>\n\t\t\t<\/dt><\/dl><dl class='gallery-item'>\n\t\t\t<dt class='gallery-icon landscape'>\n\t\t\t\t<a href='https:\/\/www.mundi-roth.de\/teneriffa-blog\/wp-content\/uploads\/2015\/12\/P1200763.jpg' rel=\"lightbox[4458]\"><img loading=\"lazy\" decoding=\"async\" width=\"150\" height=\"113\" src=\"https:\/\/www.mundi-roth.de\/teneriffa-blog\/wp-content\/uploads\/2015\/12\/P1200763-150x113.jpg\" class=\"attachment-thumbnail size-thumbnail\" alt=\"\" srcset=\"https:\/\/www.mundi-roth.de\/teneriffa-blog\/wp-content\/uploads\/2015\/12\/P1200763-150x113.jpg 150w, https:\/\/www.mundi-roth.de\/teneriffa-blog\/wp-content\/uploads\/2015\/12\/P1200763-300x225.jpg 300w, https:\/\/www.mundi-roth.de\/teneriffa-blog\/wp-content\/uploads\/2015\/12\/P1200763-768x576.jpg 768w, https:\/\/www.mundi-roth.de\/teneriffa-blog\/wp-content\/uploads\/2015\/12\/P1200763.jpg 800w\" sizes=\"auto, (max-width: 150px) 100vw, 150px\" \/><\/a>\n\t\t\t<\/dt><\/dl><br style=\"clear: both\" \/><dl class='gallery-item'>\n\t\t\t<dt class='gallery-icon landscape'>\n\t\t\t\t<a href='https:\/\/www.mundi-roth.de\/teneriffa-blog\/wp-content\/uploads\/2015\/12\/P1200764.jpg' rel=\"lightbox[4458]\"><img loading=\"lazy\" decoding=\"async\" width=\"150\" height=\"113\" src=\"https:\/\/www.mundi-roth.de\/teneriffa-blog\/wp-content\/uploads\/2015\/12\/P1200764-150x113.jpg\" class=\"attachment-thumbnail size-thumbnail\" alt=\"\" srcset=\"https:\/\/www.mundi-roth.de\/teneriffa-blog\/wp-content\/uploads\/2015\/12\/P1200764-150x113.jpg 150w, https:\/\/www.mundi-roth.de\/teneriffa-blog\/wp-content\/uploads\/2015\/12\/P1200764-300x225.jpg 300w, https:\/\/www.mundi-roth.de\/teneriffa-blog\/wp-content\/uploads\/2015\/12\/P1200764-768x576.jpg 768w, https:\/\/www.mundi-roth.de\/teneriffa-blog\/wp-content\/uploads\/2015\/12\/P1200764.jpg 800w\" sizes=\"auto, (max-width: 150px) 100vw, 150px\" \/><\/a>\n\t\t\t<\/dt><\/dl><dl class='gallery-item'>\n\t\t\t<dt class='gallery-icon landscape'>\n\t\t\t\t<a href='https:\/\/www.mundi-roth.de\/teneriffa-blog\/wp-content\/uploads\/2015\/12\/P1200783.jpg' rel=\"lightbox[4458]\"><img loading=\"lazy\" decoding=\"async\" width=\"150\" height=\"113\" src=\"https:\/\/www.mundi-roth.de\/teneriffa-blog\/wp-content\/uploads\/2015\/12\/P1200783-150x113.jpg\" class=\"attachment-thumbnail size-thumbnail\" alt=\"\" srcset=\"https:\/\/www.mundi-roth.de\/teneriffa-blog\/wp-content\/uploads\/2015\/12\/P1200783-150x113.jpg 150w, https:\/\/www.mundi-roth.de\/teneriffa-blog\/wp-content\/uploads\/2015\/12\/P1200783-300x225.jpg 300w, https:\/\/www.mundi-roth.de\/teneriffa-blog\/wp-content\/uploads\/2015\/12\/P1200783-768x576.jpg 768w, https:\/\/www.mundi-roth.de\/teneriffa-blog\/wp-content\/uploads\/2015\/12\/P1200783.jpg 800w\" sizes=\"auto, (max-width: 150px) 100vw, 150px\" \/><\/a>\n\t\t\t<\/dt><\/dl><dl class='gallery-item'>\n\t\t\t<dt class='gallery-icon landscape'>\n\t\t\t\t<a href='https:\/\/www.mundi-roth.de\/teneriffa-blog\/wp-content\/uploads\/2015\/12\/P1200787.jpg' rel=\"lightbox[4458]\"><img loading=\"lazy\" decoding=\"async\" width=\"150\" height=\"113\" src=\"https:\/\/www.mundi-roth.de\/teneriffa-blog\/wp-content\/uploads\/2015\/12\/P1200787-150x113.jpg\" class=\"attachment-thumbnail size-thumbnail\" alt=\"\" srcset=\"https:\/\/www.mundi-roth.de\/teneriffa-blog\/wp-content\/uploads\/2015\/12\/P1200787-150x113.jpg 150w, https:\/\/www.mundi-roth.de\/teneriffa-blog\/wp-content\/uploads\/2015\/12\/P1200787-300x225.jpg 300w, https:\/\/www.mundi-roth.de\/teneriffa-blog\/wp-content\/uploads\/2015\/12\/P1200787-768x576.jpg 768w, https:\/\/www.mundi-roth.de\/teneriffa-blog\/wp-content\/uploads\/2015\/12\/P1200787.jpg 800w\" sizes=\"auto, (max-width: 150px) 100vw, 150px\" \/><\/a>\n\t\t\t<\/dt><\/dl><br style=\"clear: both\" \/><dl class='gallery-item'>\n\t\t\t<dt class='gallery-icon landscape'>\n\t\t\t\t<a href='https:\/\/www.mundi-roth.de\/teneriffa-blog\/wp-content\/uploads\/2015\/12\/P1200807.jpg' rel=\"lightbox[4458]\"><img loading=\"lazy\" decoding=\"async\" width=\"150\" height=\"113\" src=\"https:\/\/www.mundi-roth.de\/teneriffa-blog\/wp-content\/uploads\/2015\/12\/P1200807-150x113.jpg\" class=\"attachment-thumbnail size-thumbnail\" alt=\"\" srcset=\"https:\/\/www.mundi-roth.de\/teneriffa-blog\/wp-content\/uploads\/2015\/12\/P1200807-150x113.jpg 150w, https:\/\/www.mundi-roth.de\/teneriffa-blog\/wp-content\/uploads\/2015\/12\/P1200807-300x225.jpg 300w, https:\/\/www.mundi-roth.de\/teneriffa-blog\/wp-content\/uploads\/2015\/12\/P1200807-768x576.jpg 768w, https:\/\/www.mundi-roth.de\/teneriffa-blog\/wp-content\/uploads\/2015\/12\/P1200807.jpg 800w\" sizes=\"auto, (max-width: 150px) 100vw, 150px\" \/><\/a>\n\t\t\t<\/dt><\/dl><dl class='gallery-item'>\n\t\t\t<dt class='gallery-icon landscape'>\n\t\t\t\t<a href='https:\/\/www.mundi-roth.de\/teneriffa-blog\/wp-content\/uploads\/2015\/12\/P1200815.jpg' rel=\"lightbox[4458]\"><img loading=\"lazy\" decoding=\"async\" width=\"150\" height=\"113\" src=\"https:\/\/www.mundi-roth.de\/teneriffa-blog\/wp-content\/uploads\/2015\/12\/P1200815-150x113.jpg\" class=\"attachment-thumbnail size-thumbnail\" alt=\"\" srcset=\"https:\/\/www.mundi-roth.de\/teneriffa-blog\/wp-content\/uploads\/2015\/12\/P1200815-150x113.jpg 150w, https:\/\/www.mundi-roth.de\/teneriffa-blog\/wp-content\/uploads\/2015\/12\/P1200815-300x225.jpg 300w, https:\/\/www.mundi-roth.de\/teneriffa-blog\/wp-content\/uploads\/2015\/12\/P1200815-768x576.jpg 768w, https:\/\/www.mundi-roth.de\/teneriffa-blog\/wp-content\/uploads\/2015\/12\/P1200815.jpg 800w\" sizes=\"auto, (max-width: 150px) 100vw, 150px\" \/><\/a>\n\t\t\t<\/dt><\/dl><dl class='gallery-item'>\n\t\t\t<dt class='gallery-icon landscape'>\n\t\t\t\t<a href='https:\/\/www.mundi-roth.de\/teneriffa-blog\/wp-content\/uploads\/2015\/12\/P1200828.jpg' rel=\"lightbox[4458]\"><img loading=\"lazy\" decoding=\"async\" width=\"150\" height=\"113\" src=\"https:\/\/www.mundi-roth.de\/teneriffa-blog\/wp-content\/uploads\/2015\/12\/P1200828-150x113.jpg\" class=\"attachment-thumbnail size-thumbnail\" alt=\"\" srcset=\"https:\/\/www.mundi-roth.de\/teneriffa-blog\/wp-content\/uploads\/2015\/12\/P1200828-150x113.jpg 150w, https:\/\/www.mundi-roth.de\/teneriffa-blog\/wp-content\/uploads\/2015\/12\/P1200828-300x225.jpg 300w, https:\/\/www.mundi-roth.de\/teneriffa-blog\/wp-content\/uploads\/2015\/12\/P1200828-768x576.jpg 768w, https:\/\/www.mundi-roth.de\/teneriffa-blog\/wp-content\/uploads\/2015\/12\/P1200828.jpg 800w\" sizes=\"auto, (max-width: 150px) 100vw, 150px\" \/><\/a>\n\t\t\t<\/dt><\/dl><br style=\"clear: both\" \/><dl class='gallery-item'>\n\t\t\t<dt class='gallery-icon landscape'>\n\t\t\t\t<a href='https:\/\/www.mundi-roth.de\/teneriffa-blog\/wp-content\/uploads\/2015\/12\/P1200830.jpg' rel=\"lightbox[4458]\"><img loading=\"lazy\" decoding=\"async\" width=\"150\" height=\"113\" src=\"https:\/\/www.mundi-roth.de\/teneriffa-blog\/wp-content\/uploads\/2015\/12\/P1200830-150x113.jpg\" class=\"attachment-thumbnail size-thumbnail\" alt=\"\" srcset=\"https:\/\/www.mundi-roth.de\/teneriffa-blog\/wp-content\/uploads\/2015\/12\/P1200830-150x113.jpg 150w, https:\/\/www.mundi-roth.de\/teneriffa-blog\/wp-content\/uploads\/2015\/12\/P1200830-300x225.jpg 300w, https:\/\/www.mundi-roth.de\/teneriffa-blog\/wp-content\/uploads\/2015\/12\/P1200830-768x576.jpg 768w, https:\/\/www.mundi-roth.de\/teneriffa-blog\/wp-content\/uploads\/2015\/12\/P1200830.jpg 800w\" sizes=\"auto, (max-width: 150px) 100vw, 150px\" \/><\/a>\n\t\t\t<\/dt><\/dl><dl class='gallery-item'>\n\t\t\t<dt class='gallery-icon landscape'>\n\t\t\t\t<a href='https:\/\/www.mundi-roth.de\/teneriffa-blog\/wp-content\/uploads\/2015\/12\/P1200844.jpg' rel=\"lightbox[4458]\"><img loading=\"lazy\" decoding=\"async\" width=\"150\" height=\"113\" src=\"https:\/\/www.mundi-roth.de\/teneriffa-blog\/wp-content\/uploads\/2015\/12\/P1200844-150x113.jpg\" class=\"attachment-thumbnail size-thumbnail\" alt=\"\" srcset=\"https:\/\/www.mundi-roth.de\/teneriffa-blog\/wp-content\/uploads\/2015\/12\/P1200844-150x113.jpg 150w, https:\/\/www.mundi-roth.de\/teneriffa-blog\/wp-content\/uploads\/2015\/12\/P1200844-300x225.jpg 300w, https:\/\/www.mundi-roth.de\/teneriffa-blog\/wp-content\/uploads\/2015\/12\/P1200844-768x576.jpg 768w, https:\/\/www.mundi-roth.de\/teneriffa-blog\/wp-content\/uploads\/2015\/12\/P1200844.jpg 800w\" sizes=\"auto, (max-width: 150px) 100vw, 150px\" \/><\/a>\n\t\t\t<\/dt><\/dl>\n\t\t\t<br style='clear: both' \/>\n\t\t<\/div>\n\n<p style=\"text-align: center;\"><strong>Camino Real im Original &#8211; sehr unterschiedliche B\u00f6den<br \/>\n<\/strong><\/p>\n\n\t\t<style type=\"text\/css\">\n\t\t\t#gallery-2 {\n\t\t\t\tmargin: auto;\n\t\t\t}\n\t\t\t#gallery-2 .gallery-item {\n\t\t\t\tfloat: left;\n\t\t\t\tmargin-top: 10px;\n\t\t\t\ttext-align: center;\n\t\t\t\twidth: 33%;\n\t\t\t}\n\t\t\t#gallery-2 img {\n\t\t\t\tborder: 2px solid #cfcfcf;\n\t\t\t}\n\t\t\t#gallery-2 .gallery-caption {\n\t\t\t\tmargin-left: 0;\n\t\t\t}\n\t\t\t\/* see gallery_shortcode() in wp-includes\/media.php *\/\n\t\t<\/style>\n\t\t<div id='gallery-2' class='gallery galleryid-4458 gallery-columns-3 gallery-size-thumbnail'><dl class='gallery-item'>\n\t\t\t<dt class='gallery-icon landscape'>\n\t\t\t\t<a href='https:\/\/www.mundi-roth.de\/teneriffa-blog\/wp-content\/uploads\/2015\/12\/P1200732.jpg' rel=\"lightbox[4458]\"><img loading=\"lazy\" decoding=\"async\" width=\"150\" height=\"113\" src=\"https:\/\/www.mundi-roth.de\/teneriffa-blog\/wp-content\/uploads\/2015\/12\/P1200732-150x113.jpg\" class=\"attachment-thumbnail size-thumbnail\" alt=\"\" srcset=\"https:\/\/www.mundi-roth.de\/teneriffa-blog\/wp-content\/uploads\/2015\/12\/P1200732-150x113.jpg 150w, https:\/\/www.mundi-roth.de\/teneriffa-blog\/wp-content\/uploads\/2015\/12\/P1200732-300x225.jpg 300w, https:\/\/www.mundi-roth.de\/teneriffa-blog\/wp-content\/uploads\/2015\/12\/P1200732.jpg 800w\" sizes=\"auto, (max-width: 150px) 100vw, 150px\" \/><\/a>\n\t\t\t<\/dt><\/dl><dl class='gallery-item'>\n\t\t\t<dt class='gallery-icon landscape'>\n\t\t\t\t<a href='https:\/\/www.mundi-roth.de\/teneriffa-blog\/wp-content\/uploads\/2015\/12\/P1200735.jpg' rel=\"lightbox[4458]\"><img loading=\"lazy\" decoding=\"async\" width=\"150\" height=\"113\" src=\"https:\/\/www.mundi-roth.de\/teneriffa-blog\/wp-content\/uploads\/2015\/12\/P1200735-150x113.jpg\" class=\"attachment-thumbnail size-thumbnail\" alt=\"\" srcset=\"https:\/\/www.mundi-roth.de\/teneriffa-blog\/wp-content\/uploads\/2015\/12\/P1200735-150x113.jpg 150w, https:\/\/www.mundi-roth.de\/teneriffa-blog\/wp-content\/uploads\/2015\/12\/P1200735-300x225.jpg 300w, https:\/\/www.mundi-roth.de\/teneriffa-blog\/wp-content\/uploads\/2015\/12\/P1200735.jpg 800w\" sizes=\"auto, (max-width: 150px) 100vw, 150px\" \/><\/a>\n\t\t\t<\/dt><\/dl><dl class='gallery-item'>\n\t\t\t<dt class='gallery-icon landscape'>\n\t\t\t\t<a href='https:\/\/www.mundi-roth.de\/teneriffa-blog\/wp-content\/uploads\/2015\/12\/P1200739.jpg' rel=\"lightbox[4458]\"><img loading=\"lazy\" decoding=\"async\" width=\"150\" height=\"113\" src=\"https:\/\/www.mundi-roth.de\/teneriffa-blog\/wp-content\/uploads\/2015\/12\/P1200739-150x113.jpg\" class=\"attachment-thumbnail size-thumbnail\" alt=\"\" srcset=\"https:\/\/www.mundi-roth.de\/teneriffa-blog\/wp-content\/uploads\/2015\/12\/P1200739-150x113.jpg 150w, https:\/\/www.mundi-roth.de\/teneriffa-blog\/wp-content\/uploads\/2015\/12\/P1200739-300x225.jpg 300w, https:\/\/www.mundi-roth.de\/teneriffa-blog\/wp-content\/uploads\/2015\/12\/P1200739.jpg 800w\" sizes=\"auto, (max-width: 150px) 100vw, 150px\" \/><\/a>\n\t\t\t<\/dt><\/dl><br style=\"clear: both\" \/><dl class='gallery-item'>\n\t\t\t<dt class='gallery-icon landscape'>\n\t\t\t\t<a href='https:\/\/www.mundi-roth.de\/teneriffa-blog\/wp-content\/uploads\/2015\/12\/P1200743.jpg' rel=\"lightbox[4458]\"><img loading=\"lazy\" decoding=\"async\" width=\"150\" height=\"113\" src=\"https:\/\/www.mundi-roth.de\/teneriffa-blog\/wp-content\/uploads\/2015\/12\/P1200743-150x113.jpg\" class=\"attachment-thumbnail size-thumbnail\" alt=\"\" srcset=\"https:\/\/www.mundi-roth.de\/teneriffa-blog\/wp-content\/uploads\/2015\/12\/P1200743-150x113.jpg 150w, https:\/\/www.mundi-roth.de\/teneriffa-blog\/wp-content\/uploads\/2015\/12\/P1200743-300x225.jpg 300w, https:\/\/www.mundi-roth.de\/teneriffa-blog\/wp-content\/uploads\/2015\/12\/P1200743.jpg 800w\" sizes=\"auto, (max-width: 150px) 100vw, 150px\" \/><\/a>\n\t\t\t<\/dt><\/dl><dl class='gallery-item'>\n\t\t\t<dt class='gallery-icon landscape'>\n\t\t\t\t<a href='https:\/\/www.mundi-roth.de\/teneriffa-blog\/wp-content\/uploads\/2015\/12\/P1200749.jpg' rel=\"lightbox[4458]\"><img loading=\"lazy\" decoding=\"async\" width=\"150\" height=\"113\" src=\"https:\/\/www.mundi-roth.de\/teneriffa-blog\/wp-content\/uploads\/2015\/12\/P1200749-150x113.jpg\" class=\"attachment-thumbnail size-thumbnail\" alt=\"\" srcset=\"https:\/\/www.mundi-roth.de\/teneriffa-blog\/wp-content\/uploads\/2015\/12\/P1200749-150x113.jpg 150w, https:\/\/www.mundi-roth.de\/teneriffa-blog\/wp-content\/uploads\/2015\/12\/P1200749-300x225.jpg 300w, https:\/\/www.mundi-roth.de\/teneriffa-blog\/wp-content\/uploads\/2015\/12\/P1200749.jpg 800w\" sizes=\"auto, (max-width: 150px) 100vw, 150px\" \/><\/a>\n\t\t\t<\/dt><\/dl><dl class='gallery-item'>\n\t\t\t<dt class='gallery-icon landscape'>\n\t\t\t\t<a href='https:\/\/www.mundi-roth.de\/teneriffa-blog\/wp-content\/uploads\/2015\/12\/P1200753.jpg' rel=\"lightbox[4458]\"><img loading=\"lazy\" decoding=\"async\" width=\"150\" height=\"113\" src=\"https:\/\/www.mundi-roth.de\/teneriffa-blog\/wp-content\/uploads\/2015\/12\/P1200753-150x113.jpg\" class=\"attachment-thumbnail size-thumbnail\" alt=\"\" srcset=\"https:\/\/www.mundi-roth.de\/teneriffa-blog\/wp-content\/uploads\/2015\/12\/P1200753-150x113.jpg 150w, https:\/\/www.mundi-roth.de\/teneriffa-blog\/wp-content\/uploads\/2015\/12\/P1200753-300x225.jpg 300w, https:\/\/www.mundi-roth.de\/teneriffa-blog\/wp-content\/uploads\/2015\/12\/P1200753.jpg 800w\" sizes=\"auto, (max-width: 150px) 100vw, 150px\" \/><\/a>\n\t\t\t<\/dt><\/dl><br style=\"clear: both\" \/><dl class='gallery-item'>\n\t\t\t<dt class='gallery-icon landscape'>\n\t\t\t\t<a href='https:\/\/www.mundi-roth.de\/teneriffa-blog\/wp-content\/uploads\/2015\/12\/P1200755.jpg' rel=\"lightbox[4458]\"><img loading=\"lazy\" decoding=\"async\" width=\"150\" height=\"113\" src=\"https:\/\/www.mundi-roth.de\/teneriffa-blog\/wp-content\/uploads\/2015\/12\/P1200755-150x113.jpg\" class=\"attachment-thumbnail size-thumbnail\" alt=\"\" srcset=\"https:\/\/www.mundi-roth.de\/teneriffa-blog\/wp-content\/uploads\/2015\/12\/P1200755-150x113.jpg 150w, https:\/\/www.mundi-roth.de\/teneriffa-blog\/wp-content\/uploads\/2015\/12\/P1200755-300x225.jpg 300w, https:\/\/www.mundi-roth.de\/teneriffa-blog\/wp-content\/uploads\/2015\/12\/P1200755.jpg 800w\" sizes=\"auto, (max-width: 150px) 100vw, 150px\" \/><\/a>\n\t\t\t<\/dt><\/dl><dl class='gallery-item'>\n\t\t\t<dt class='gallery-icon portrait'>\n\t\t\t\t<a href='https:\/\/www.mundi-roth.de\/teneriffa-blog\/wp-content\/uploads\/2015\/12\/P1200789.jpg' rel=\"lightbox[4458]\"><img loading=\"lazy\" decoding=\"async\" width=\"113\" height=\"150\" src=\"https:\/\/www.mundi-roth.de\/teneriffa-blog\/wp-content\/uploads\/2015\/12\/P1200789-113x150.jpg\" class=\"attachment-thumbnail size-thumbnail\" alt=\"\" srcset=\"https:\/\/www.mundi-roth.de\/teneriffa-blog\/wp-content\/uploads\/2015\/12\/P1200789-113x150.jpg 113w, https:\/\/www.mundi-roth.de\/teneriffa-blog\/wp-content\/uploads\/2015\/12\/P1200789-225x300.jpg 225w, https:\/\/www.mundi-roth.de\/teneriffa-blog\/wp-content\/uploads\/2015\/12\/P1200789.jpg 600w\" sizes=\"auto, (max-width: 113px) 100vw, 113px\" \/><\/a>\n\t\t\t<\/dt><\/dl><dl class='gallery-item'>\n\t\t\t<dt class='gallery-icon landscape'>\n\t\t\t\t<a href='https:\/\/www.mundi-roth.de\/teneriffa-blog\/wp-content\/uploads\/2015\/12\/P1200803a.jpg' rel=\"lightbox[4458]\"><img loading=\"lazy\" decoding=\"async\" width=\"150\" height=\"130\" src=\"https:\/\/www.mundi-roth.de\/teneriffa-blog\/wp-content\/uploads\/2015\/12\/P1200803a-150x130.jpg\" class=\"attachment-thumbnail size-thumbnail\" alt=\"\" srcset=\"https:\/\/www.mundi-roth.de\/teneriffa-blog\/wp-content\/uploads\/2015\/12\/P1200803a-150x130.jpg 150w, https:\/\/www.mundi-roth.de\/teneriffa-blog\/wp-content\/uploads\/2015\/12\/P1200803a-300x259.jpg 300w, https:\/\/www.mundi-roth.de\/teneriffa-blog\/wp-content\/uploads\/2015\/12\/P1200803a.jpg 800w\" sizes=\"auto, (max-width: 150px) 100vw, 150px\" \/><\/a>\n\t\t\t<\/dt><\/dl><br style=\"clear: both\" \/><dl class='gallery-item'>\n\t\t\t<dt class='gallery-icon portrait'>\n\t\t\t\t<a href='https:\/\/www.mundi-roth.de\/teneriffa-blog\/wp-content\/uploads\/2015\/12\/P1200810.jpg' rel=\"lightbox[4458]\"><img loading=\"lazy\" decoding=\"async\" width=\"109\" height=\"150\" src=\"https:\/\/www.mundi-roth.de\/teneriffa-blog\/wp-content\/uploads\/2015\/12\/P1200810-109x150.jpg\" class=\"attachment-thumbnail size-thumbnail\" alt=\"\" srcset=\"https:\/\/www.mundi-roth.de\/teneriffa-blog\/wp-content\/uploads\/2015\/12\/P1200810-109x150.jpg 109w, https:\/\/www.mundi-roth.de\/teneriffa-blog\/wp-content\/uploads\/2015\/12\/P1200810-218x300.jpg 218w, https:\/\/www.mundi-roth.de\/teneriffa-blog\/wp-content\/uploads\/2015\/12\/P1200810.jpg 581w\" sizes=\"auto, (max-width: 109px) 100vw, 109px\" \/><\/a>\n\t\t\t<\/dt><\/dl><dl class='gallery-item'>\n\t\t\t<dt class='gallery-icon landscape'>\n\t\t\t\t<a href='https:\/\/www.mundi-roth.de\/teneriffa-blog\/wp-content\/uploads\/2015\/12\/P1200811.jpg' rel=\"lightbox[4458]\"><img loading=\"lazy\" decoding=\"async\" width=\"150\" height=\"113\" src=\"https:\/\/www.mundi-roth.de\/teneriffa-blog\/wp-content\/uploads\/2015\/12\/P1200811-150x113.jpg\" class=\"attachment-thumbnail size-thumbnail\" alt=\"\" srcset=\"https:\/\/www.mundi-roth.de\/teneriffa-blog\/wp-content\/uploads\/2015\/12\/P1200811-150x113.jpg 150w, https:\/\/www.mundi-roth.de\/teneriffa-blog\/wp-content\/uploads\/2015\/12\/P1200811-300x225.jpg 300w, https:\/\/www.mundi-roth.de\/teneriffa-blog\/wp-content\/uploads\/2015\/12\/P1200811.jpg 800w\" sizes=\"auto, (max-width: 150px) 100vw, 150px\" \/><\/a>\n\t\t\t<\/dt><\/dl><dl class='gallery-item'>\n\t\t\t<dt class='gallery-icon landscape'>\n\t\t\t\t<a href='https:\/\/www.mundi-roth.de\/teneriffa-blog\/wp-content\/uploads\/2015\/12\/P1200823.jpg' rel=\"lightbox[4458]\"><img loading=\"lazy\" decoding=\"async\" width=\"150\" height=\"95\" src=\"https:\/\/www.mundi-roth.de\/teneriffa-blog\/wp-content\/uploads\/2015\/12\/P1200823-150x95.jpg\" class=\"attachment-thumbnail size-thumbnail\" alt=\"\" srcset=\"https:\/\/www.mundi-roth.de\/teneriffa-blog\/wp-content\/uploads\/2015\/12\/P1200823-150x95.jpg 150w, https:\/\/www.mundi-roth.de\/teneriffa-blog\/wp-content\/uploads\/2015\/12\/P1200823-300x189.jpg 300w, https:\/\/www.mundi-roth.de\/teneriffa-blog\/wp-content\/uploads\/2015\/12\/P1200823.jpg 800w\" sizes=\"auto, (max-width: 150px) 100vw, 150px\" \/><\/a>\n\t\t\t<\/dt><\/dl><br style=\"clear: both\" \/><dl class='gallery-item'>\n\t\t\t<dt class='gallery-icon landscape'>\n\t\t\t\t<a href='https:\/\/www.mundi-roth.de\/teneriffa-blog\/wp-content\/uploads\/2015\/12\/P1200829.jpg' rel=\"lightbox[4458]\"><img loading=\"lazy\" decoding=\"async\" width=\"150\" height=\"91\" src=\"https:\/\/www.mundi-roth.de\/teneriffa-blog\/wp-content\/uploads\/2015\/12\/P1200829-150x91.jpg\" class=\"attachment-thumbnail size-thumbnail\" alt=\"\" srcset=\"https:\/\/www.mundi-roth.de\/teneriffa-blog\/wp-content\/uploads\/2015\/12\/P1200829-150x91.jpg 150w, https:\/\/www.mundi-roth.de\/teneriffa-blog\/wp-content\/uploads\/2015\/12\/P1200829-300x182.jpg 300w, https:\/\/www.mundi-roth.de\/teneriffa-blog\/wp-content\/uploads\/2015\/12\/P1200829.jpg 800w\" sizes=\"auto, (max-width: 150px) 100vw, 150px\" \/><\/a>\n\t\t\t<\/dt><\/dl>\n\t\t\t<br style='clear: both' \/>\n\t\t<\/div>\n\n<p>&nbsp;<\/p>\n<p style=\"text-align: center;\"><strong>Pflanzen, die uns auffielen<\/strong><\/p>\n\n\t\t<style type=\"text\/css\">\n\t\t\t#gallery-3 {\n\t\t\t\tmargin: auto;\n\t\t\t}\n\t\t\t#gallery-3 .gallery-item {\n\t\t\t\tfloat: left;\n\t\t\t\tmargin-top: 10px;\n\t\t\t\ttext-align: center;\n\t\t\t\twidth: 33%;\n\t\t\t}\n\t\t\t#gallery-3 img {\n\t\t\t\tborder: 2px solid #cfcfcf;\n\t\t\t}\n\t\t\t#gallery-3 .gallery-caption {\n\t\t\t\tmargin-left: 0;\n\t\t\t}\n\t\t\t\/* see gallery_shortcode() in wp-includes\/media.php *\/\n\t\t<\/style>\n\t\t<div id='gallery-3' class='gallery galleryid-4458 gallery-columns-3 gallery-size-thumbnail'><dl class='gallery-item'>\n\t\t\t<dt class='gallery-icon landscape'>\n\t\t\t\t<a href='https:\/\/www.mundi-roth.de\/teneriffa-blog\/wp-content\/uploads\/2015\/12\/P1200746.jpg' rel=\"lightbox[4458]\"><img loading=\"lazy\" decoding=\"async\" width=\"150\" height=\"113\" src=\"https:\/\/www.mundi-roth.de\/teneriffa-blog\/wp-content\/uploads\/2015\/12\/P1200746-150x113.jpg\" class=\"attachment-thumbnail size-thumbnail\" alt=\"\" aria-describedby=\"gallery-3-4485\" srcset=\"https:\/\/www.mundi-roth.de\/teneriffa-blog\/wp-content\/uploads\/2015\/12\/P1200746-150x113.jpg 150w, https:\/\/www.mundi-roth.de\/teneriffa-blog\/wp-content\/uploads\/2015\/12\/P1200746-300x225.jpg 300w, https:\/\/www.mundi-roth.de\/teneriffa-blog\/wp-content\/uploads\/2015\/12\/P1200746.jpg 800w\" sizes=\"auto, (max-width: 150px) 100vw, 150px\" \/><\/a>\n\t\t\t<\/dt>\n\t\t\t\t<dd class='wp-caption-text gallery-caption' id='gallery-3-4485'>\n\t\t\t\tAffodill\n\t\t\t\t<\/dd><\/dl><dl class='gallery-item'>\n\t\t\t<dt class='gallery-icon landscape'>\n\t\t\t\t<a href='https:\/\/www.mundi-roth.de\/teneriffa-blog\/wp-content\/uploads\/2015\/12\/P1200748.jpg' rel=\"lightbox[4458]\"><img loading=\"lazy\" decoding=\"async\" width=\"150\" height=\"106\" src=\"https:\/\/www.mundi-roth.de\/teneriffa-blog\/wp-content\/uploads\/2015\/12\/P1200748-150x106.jpg\" class=\"attachment-thumbnail size-thumbnail\" alt=\"\" aria-describedby=\"gallery-3-4486\" srcset=\"https:\/\/www.mundi-roth.de\/teneriffa-blog\/wp-content\/uploads\/2015\/12\/P1200748-150x106.jpg 150w, https:\/\/www.mundi-roth.de\/teneriffa-blog\/wp-content\/uploads\/2015\/12\/P1200748-300x213.jpg 300w, https:\/\/www.mundi-roth.de\/teneriffa-blog\/wp-content\/uploads\/2015\/12\/P1200748.jpg 800w\" sizes=\"auto, (max-width: 150px) 100vw, 150px\" \/><\/a>\n\t\t\t<\/dt>\n\t\t\t\t<dd class='wp-caption-text gallery-caption' id='gallery-3-4486'>\n\t\t\t\tKanarischer Lavendel\n\t\t\t\t<\/dd><\/dl><dl class='gallery-item'>\n\t\t\t<dt class='gallery-icon landscape'>\n\t\t\t\t<a href='https:\/\/www.mundi-roth.de\/teneriffa-blog\/wp-content\/uploads\/2015\/12\/P1200761.jpg' rel=\"lightbox[4458]\"><img loading=\"lazy\" decoding=\"async\" width=\"150\" height=\"113\" src=\"https:\/\/www.mundi-roth.de\/teneriffa-blog\/wp-content\/uploads\/2015\/12\/P1200761-150x113.jpg\" class=\"attachment-thumbnail size-thumbnail\" alt=\"\" aria-describedby=\"gallery-3-4488\" srcset=\"https:\/\/www.mundi-roth.de\/teneriffa-blog\/wp-content\/uploads\/2015\/12\/P1200761-150x113.jpg 150w, https:\/\/www.mundi-roth.de\/teneriffa-blog\/wp-content\/uploads\/2015\/12\/P1200761-300x225.jpg 300w, https:\/\/www.mundi-roth.de\/teneriffa-blog\/wp-content\/uploads\/2015\/12\/P1200761.jpg 800w\" sizes=\"auto, (max-width: 150px) 100vw, 150px\" \/><\/a>\n\t\t\t<\/dt>\n\t\t\t\t<dd class='wp-caption-text gallery-caption' id='gallery-3-4488'>\n\t\t\t\tMontpellier-Ziostrose\n\t\t\t\t<\/dd><\/dl><br style=\"clear: both\" \/><dl class='gallery-item'>\n\t\t\t<dt class='gallery-icon landscape'>\n\t\t\t\t<a href='https:\/\/www.mundi-roth.de\/teneriffa-blog\/wp-content\/uploads\/2015\/12\/P1200762.jpg' rel=\"lightbox[4458]\"><img loading=\"lazy\" decoding=\"async\" width=\"150\" height=\"113\" src=\"https:\/\/www.mundi-roth.de\/teneriffa-blog\/wp-content\/uploads\/2015\/12\/P1200762-150x113.jpg\" class=\"attachment-thumbnail size-thumbnail\" alt=\"\" aria-describedby=\"gallery-3-4489\" srcset=\"https:\/\/www.mundi-roth.de\/teneriffa-blog\/wp-content\/uploads\/2015\/12\/P1200762-150x113.jpg 150w, https:\/\/www.mundi-roth.de\/teneriffa-blog\/wp-content\/uploads\/2015\/12\/P1200762-300x225.jpg 300w, https:\/\/www.mundi-roth.de\/teneriffa-blog\/wp-content\/uploads\/2015\/12\/P1200762.jpg 800w\" sizes=\"auto, (max-width: 150px) 100vw, 150px\" \/><\/a>\n\t\t\t<\/dt>\n\t\t\t\t<dd class='wp-caption-text gallery-caption' id='gallery-3-4489'>\n\t\t\t\tKanaren-Margeriten\n\t\t\t\t<\/dd><\/dl><dl class='gallery-item'>\n\t\t\t<dt class='gallery-icon landscape'>\n\t\t\t\t<a href='https:\/\/www.mundi-roth.de\/teneriffa-blog\/wp-content\/uploads\/2015\/12\/P1200797.jpg' rel=\"lightbox[4458]\"><img loading=\"lazy\" decoding=\"async\" width=\"150\" height=\"113\" src=\"https:\/\/www.mundi-roth.de\/teneriffa-blog\/wp-content\/uploads\/2015\/12\/P1200797-150x113.jpg\" class=\"attachment-thumbnail size-thumbnail\" alt=\"\" aria-describedby=\"gallery-3-4490\" srcset=\"https:\/\/www.mundi-roth.de\/teneriffa-blog\/wp-content\/uploads\/2015\/12\/P1200797-150x113.jpg 150w, https:\/\/www.mundi-roth.de\/teneriffa-blog\/wp-content\/uploads\/2015\/12\/P1200797-300x225.jpg 300w, https:\/\/www.mundi-roth.de\/teneriffa-blog\/wp-content\/uploads\/2015\/12\/P1200797.jpg 800w\" sizes=\"auto, (max-width: 150px) 100vw, 150px\" \/><\/a>\n\t\t\t<\/dt>\n\t\t\t\t<dd class='wp-caption-text gallery-caption' id='gallery-3-4490'>\n\t\t\t\tOpuntien-Hain\n\t\t\t\t<\/dd><\/dl><dl class='gallery-item'>\n\t\t\t<dt class='gallery-icon landscape'>\n\t\t\t\t<a href='https:\/\/www.mundi-roth.de\/teneriffa-blog\/wp-content\/uploads\/2015\/12\/P1200818a.jpg' rel=\"lightbox[4458]\"><img loading=\"lazy\" decoding=\"async\" width=\"150\" height=\"117\" src=\"https:\/\/www.mundi-roth.de\/teneriffa-blog\/wp-content\/uploads\/2015\/12\/P1200818a-150x117.jpg\" class=\"attachment-thumbnail size-thumbnail\" alt=\"\" aria-describedby=\"gallery-3-4491\" srcset=\"https:\/\/www.mundi-roth.de\/teneriffa-blog\/wp-content\/uploads\/2015\/12\/P1200818a-150x117.jpg 150w, https:\/\/www.mundi-roth.de\/teneriffa-blog\/wp-content\/uploads\/2015\/12\/P1200818a-300x234.jpg 300w, https:\/\/www.mundi-roth.de\/teneriffa-blog\/wp-content\/uploads\/2015\/12\/P1200818a.jpg 800w\" sizes=\"auto, (max-width: 150px) 100vw, 150px\" \/><\/a>\n\t\t\t<\/dt>\n\t\t\t\t<dd class='wp-caption-text gallery-caption' id='gallery-3-4491'>\n\t\t\t\tRosa Zistrose\n\t\t\t\t<\/dd><\/dl><br style=\"clear: both\" \/><dl class='gallery-item'>\n\t\t\t<dt class='gallery-icon landscape'>\n\t\t\t\t<a href='https:\/\/www.mundi-roth.de\/teneriffa-blog\/wp-content\/uploads\/2015\/12\/P1200820.jpg' rel=\"lightbox[4458]\"><img loading=\"lazy\" decoding=\"async\" width=\"150\" height=\"113\" src=\"https:\/\/www.mundi-roth.de\/teneriffa-blog\/wp-content\/uploads\/2015\/12\/P1200820-150x113.jpg\" class=\"attachment-thumbnail size-thumbnail\" alt=\"\" aria-describedby=\"gallery-3-4492\" srcset=\"https:\/\/www.mundi-roth.de\/teneriffa-blog\/wp-content\/uploads\/2015\/12\/P1200820-150x113.jpg 150w, https:\/\/www.mundi-roth.de\/teneriffa-blog\/wp-content\/uploads\/2015\/12\/P1200820-300x225.jpg 300w, https:\/\/www.mundi-roth.de\/teneriffa-blog\/wp-content\/uploads\/2015\/12\/P1200820.jpg 800w\" sizes=\"auto, (max-width: 150px) 100vw, 150px\" \/><\/a>\n\t\t\t<\/dt>\n\t\t\t\t<dd class='wp-caption-text gallery-caption' id='gallery-3-4492'>\n\t\t\t\tEukalyptusbaum\n\t\t\t\t<\/dd><\/dl><dl class='gallery-item'>\n\t\t\t<dt class='gallery-icon landscape'>\n\t\t\t\t<a href='https:\/\/www.mundi-roth.de\/teneriffa-blog\/wp-content\/uploads\/2015\/12\/P1200821.jpg' rel=\"lightbox[4458]\"><img loading=\"lazy\" decoding=\"async\" width=\"150\" height=\"113\" src=\"https:\/\/www.mundi-roth.de\/teneriffa-blog\/wp-content\/uploads\/2015\/12\/P1200821-150x113.jpg\" class=\"attachment-thumbnail size-thumbnail\" alt=\"\" aria-describedby=\"gallery-3-4493\" srcset=\"https:\/\/www.mundi-roth.de\/teneriffa-blog\/wp-content\/uploads\/2015\/12\/P1200821-150x113.jpg 150w, https:\/\/www.mundi-roth.de\/teneriffa-blog\/wp-content\/uploads\/2015\/12\/P1200821-300x225.jpg 300w, https:\/\/www.mundi-roth.de\/teneriffa-blog\/wp-content\/uploads\/2015\/12\/P1200821.jpg 800w\" sizes=\"auto, (max-width: 150px) 100vw, 150px\" \/><\/a>\n\t\t\t<\/dt>\n\t\t\t\t<dd class='wp-caption-text gallery-caption' id='gallery-3-4493'>\n\t\t\t\tCinerarien\n\t\t\t\t<\/dd><\/dl><dl class='gallery-item'>\n\t\t\t<dt class='gallery-icon landscape'>\n\t\t\t\t<a href='https:\/\/www.mundi-roth.de\/teneriffa-blog\/wp-content\/uploads\/2015\/12\/P1200841.jpg' rel=\"lightbox[4458]\"><img loading=\"lazy\" decoding=\"async\" width=\"150\" height=\"113\" src=\"https:\/\/www.mundi-roth.de\/teneriffa-blog\/wp-content\/uploads\/2015\/12\/P1200841-150x113.jpg\" class=\"attachment-thumbnail size-thumbnail\" alt=\"\" aria-describedby=\"gallery-3-4494\" srcset=\"https:\/\/www.mundi-roth.de\/teneriffa-blog\/wp-content\/uploads\/2015\/12\/P1200841-150x113.jpg 150w, https:\/\/www.mundi-roth.de\/teneriffa-blog\/wp-content\/uploads\/2015\/12\/P1200841-300x225.jpg 300w, https:\/\/www.mundi-roth.de\/teneriffa-blog\/wp-content\/uploads\/2015\/12\/P1200841.jpg 800w\" sizes=\"auto, (max-width: 150px) 100vw, 150px\" \/><\/a>\n\t\t\t<\/dt>\n\t\t\t\t<dd class='wp-caption-text gallery-caption' id='gallery-3-4494'>\n\t\t\t\tStachellose Agave\n\t\t\t\t<\/dd><\/dl><br style=\"clear: both\" \/>\n\t\t<\/div>\n\n<p>&nbsp;<\/p>\n","protected":false},"excerpt":{"rendered":"<p>Camino Real del Sur 4. Etappe Villa de Arico &#8211; Granadilla Nach der dritten Teilstrecke waren Elisabeth und ich soweit, dass wir unseren Plan, den ganzen alten Handelsweg von Candelaria bis Santiago del Teide nachzuvollziehen, aufgeben wollten, da wir auf gro\u00dfen Strecken weg- und steglos umherrirrten. Jedoch, ich bat Francisco Fari\u00f1a uns doch seine GPS-Daten [&hellip;]<\/p>\n","protected":false},"author":4,"featured_media":5169,"comment_status":"open","ping_status":"open","sticky":false,"template":"","format":"standard","meta":{"footnotes":""},"categories":[1,773,6],"tags":[873,282,872,855,283,224,439,871,446,866],"class_list":["post-4458","post","type-post","status-publish","format-standard","has-post-thumbnail","hentry","category-allgemein","category-granadilla","category-wanderungen","tag-barranco-cruz-de-los-animos","tag-barranco-del-rio","tag-bodega-frontos","tag-camino-real-del-sur","tag-el-rio","tag-granadilla","tag-teneriffa-wandern","tag-villa-de-arico","tag-wandern-teneriffa","tag-wanderurlaub-teneriffa"],"yoast_head":"<!-- This site is optimized with the Yoast SEO plugin v27.5 - https:\/\/yoast.com\/product\/yoast-seo-wordpress\/ -->\n<title>CAMINO REAL del SUR (4) - Teneriffa Wandern<\/title>\n<meta name=\"robots\" content=\"index, follow, max-snippet:-1, max-image-preview:large, max-video-preview:-1\" \/>\n<link rel=\"canonical\" href=\"https:\/\/www.mundi-roth.de\/teneriffa-blog\/allgemein\/camino-real-del-sur-4\/\" \/>\n<meta name=\"twitter:label1\" content=\"Verfasst von\" \/>\n\t<meta name=\"twitter:data1\" content=\"mundi\" \/>\n\t<meta name=\"twitter:label2\" content=\"Gesch\u00e4tzte Lesezeit\" \/>\n\t<meta name=\"twitter:data2\" content=\"7\u00a0Minuten\" \/>\n<script type=\"application\/ld+json\" class=\"yoast-schema-graph\">{\"@context\":\"https:\\\/\\\/schema.org\",\"@graph\":[{\"@type\":\"Article\",\"@id\":\"https:\\\/\\\/www.mundi-roth.de\\\/teneriffa-blog\\\/allgemein\\\/camino-real-del-sur-4\\\/#article\",\"isPartOf\":{\"@id\":\"https:\\\/\\\/www.mundi-roth.de\\\/teneriffa-blog\\\/allgemein\\\/camino-real-del-sur-4\\\/\"},\"author\":{\"name\":\"mundi\",\"@id\":\"https:\\\/\\\/www.mundi-roth.de\\\/teneriffa-blog\\\/#\\\/schema\\\/person\\\/971c66b55f3ae5e8741553688c413cac\"},\"headline\":\"CAMINO REAL del SUR (4)\",\"datePublished\":\"2015-12-08T21:00:39+00:00\",\"dateModified\":\"2016-05-23T10:47:37+00:00\",\"mainEntityOfPage\":{\"@id\":\"https:\\\/\\\/www.mundi-roth.de\\\/teneriffa-blog\\\/allgemein\\\/camino-real-del-sur-4\\\/\"},\"wordCount\":1340,\"commentCount\":2,\"image\":{\"@id\":\"https:\\\/\\\/www.mundi-roth.de\\\/teneriffa-blog\\\/allgemein\\\/camino-real-del-sur-4\\\/#primaryimage\"},\"thumbnailUrl\":\"https:\\\/\\\/www.mundi-roth.de\\\/teneriffa-blog\\\/wp-content\\\/uploads\\\/2015\\\/12\\\/P1200735-1.jpg\",\"keywords\":[\"Barranco Cruz de Los \u00c1nimos\",\"Barranco del R\u00edo\",\"Bodega Frontos\",\"Camino Real del Sur\",\"El R\u00edo\",\"Granadilla\",\"Teneriffa Wandern\",\"Villa de Arico\",\"Wandern Teneriffa\",\"Wanderurlaub Teneriffa\"],\"articleSection\":{\"1\":\"Granadilla\",\"2\":\"Wanderungen\"},\"inLanguage\":\"de\",\"potentialAction\":[{\"@type\":\"CommentAction\",\"name\":\"Comment\",\"target\":[\"https:\\\/\\\/www.mundi-roth.de\\\/teneriffa-blog\\\/allgemein\\\/camino-real-del-sur-4\\\/#respond\"]}]},{\"@type\":\"WebPage\",\"@id\":\"https:\\\/\\\/www.mundi-roth.de\\\/teneriffa-blog\\\/allgemein\\\/camino-real-del-sur-4\\\/\",\"url\":\"https:\\\/\\\/www.mundi-roth.de\\\/teneriffa-blog\\\/allgemein\\\/camino-real-del-sur-4\\\/\",\"name\":\"CAMINO REAL del SUR (4) - Teneriffa Wandern\",\"isPartOf\":{\"@id\":\"https:\\\/\\\/www.mundi-roth.de\\\/teneriffa-blog\\\/#website\"},\"primaryImageOfPage\":{\"@id\":\"https:\\\/\\\/www.mundi-roth.de\\\/teneriffa-blog\\\/allgemein\\\/camino-real-del-sur-4\\\/#primaryimage\"},\"image\":{\"@id\":\"https:\\\/\\\/www.mundi-roth.de\\\/teneriffa-blog\\\/allgemein\\\/camino-real-del-sur-4\\\/#primaryimage\"},\"thumbnailUrl\":\"https:\\\/\\\/www.mundi-roth.de\\\/teneriffa-blog\\\/wp-content\\\/uploads\\\/2015\\\/12\\\/P1200735-1.jpg\",\"datePublished\":\"2015-12-08T21:00:39+00:00\",\"dateModified\":\"2016-05-23T10:47:37+00:00\",\"author\":{\"@id\":\"https:\\\/\\\/www.mundi-roth.de\\\/teneriffa-blog\\\/#\\\/schema\\\/person\\\/971c66b55f3ae5e8741553688c413cac\"},\"breadcrumb\":{\"@id\":\"https:\\\/\\\/www.mundi-roth.de\\\/teneriffa-blog\\\/allgemein\\\/camino-real-del-sur-4\\\/#breadcrumb\"},\"inLanguage\":\"de\",\"potentialAction\":[{\"@type\":\"ReadAction\",\"target\":[\"https:\\\/\\\/www.mundi-roth.de\\\/teneriffa-blog\\\/allgemein\\\/camino-real-del-sur-4\\\/\"]}]},{\"@type\":\"ImageObject\",\"inLanguage\":\"de\",\"@id\":\"https:\\\/\\\/www.mundi-roth.de\\\/teneriffa-blog\\\/allgemein\\\/camino-real-del-sur-4\\\/#primaryimage\",\"url\":\"https:\\\/\\\/www.mundi-roth.de\\\/teneriffa-blog\\\/wp-content\\\/uploads\\\/2015\\\/12\\\/P1200735-1.jpg\",\"contentUrl\":\"https:\\\/\\\/www.mundi-roth.de\\\/teneriffa-blog\\\/wp-content\\\/uploads\\\/2015\\\/12\\\/P1200735-1.jpg\",\"width\":269,\"height\":202,\"caption\":\"CR4\"},{\"@type\":\"BreadcrumbList\",\"@id\":\"https:\\\/\\\/www.mundi-roth.de\\\/teneriffa-blog\\\/allgemein\\\/camino-real-del-sur-4\\\/#breadcrumb\",\"itemListElement\":[{\"@type\":\"ListItem\",\"position\":1,\"name\":\"Startseite\",\"item\":\"https:\\\/\\\/www.mundi-roth.de\\\/teneriffa-blog\\\/\"},{\"@type\":\"ListItem\",\"position\":2,\"name\":\"CAMINO REAL del SUR (4)\"}]},{\"@type\":\"WebSite\",\"@id\":\"https:\\\/\\\/www.mundi-roth.de\\\/teneriffa-blog\\\/#website\",\"url\":\"https:\\\/\\\/www.mundi-roth.de\\\/teneriffa-blog\\\/\",\"name\":\"Teneriffa Wandern\",\"description\":\"Nicht nur Wanderungen auf Teneriffa...\",\"potentialAction\":[{\"@type\":\"SearchAction\",\"target\":{\"@type\":\"EntryPoint\",\"urlTemplate\":\"https:\\\/\\\/www.mundi-roth.de\\\/teneriffa-blog\\\/?s={search_term_string}\"},\"query-input\":{\"@type\":\"PropertyValueSpecification\",\"valueRequired\":true,\"valueName\":\"search_term_string\"}}],\"inLanguage\":\"de\"},{\"@type\":\"Person\",\"@id\":\"https:\\\/\\\/www.mundi-roth.de\\\/teneriffa-blog\\\/#\\\/schema\\\/person\\\/971c66b55f3ae5e8741553688c413cac\",\"name\":\"mundi\",\"image\":{\"@type\":\"ImageObject\",\"inLanguage\":\"de\",\"@id\":\"https:\\\/\\\/secure.gravatar.com\\\/avatar\\\/555f0dd85428f1a9330f8e5dbe9e40ff9ca912bb81e5a89747ebf3ca9c20dc0f?s=96&d=mm&r=g\",\"url\":\"https:\\\/\\\/secure.gravatar.com\\\/avatar\\\/555f0dd85428f1a9330f8e5dbe9e40ff9ca912bb81e5a89747ebf3ca9c20dc0f?s=96&d=mm&r=g\",\"contentUrl\":\"https:\\\/\\\/secure.gravatar.com\\\/avatar\\\/555f0dd85428f1a9330f8e5dbe9e40ff9ca912bb81e5a89747ebf3ca9c20dc0f?s=96&d=mm&r=g\",\"caption\":\"mundi\"},\"sameAs\":[\"http:\\\/\\\/mundi-roth.de\"],\"url\":\"https:\\\/\\\/www.mundi-roth.de\\\/teneriffa-blog\\\/author\\\/mundi\\\/\"}]}<\/script>\n<!-- \/ Yoast SEO plugin. -->","yoast_head_json":{"title":"CAMINO REAL del SUR (4) - Teneriffa Wandern","robots":{"index":"index","follow":"follow","max-snippet":"max-snippet:-1","max-image-preview":"max-image-preview:large","max-video-preview":"max-video-preview:-1"},"canonical":"https:\/\/www.mundi-roth.de\/teneriffa-blog\/allgemein\/camino-real-del-sur-4\/","twitter_misc":{"Verfasst von":"mundi","Gesch\u00e4tzte Lesezeit":"7\u00a0Minuten"},"schema":{"@context":"https:\/\/schema.org","@graph":[{"@type":"Article","@id":"https:\/\/www.mundi-roth.de\/teneriffa-blog\/allgemein\/camino-real-del-sur-4\/#article","isPartOf":{"@id":"https:\/\/www.mundi-roth.de\/teneriffa-blog\/allgemein\/camino-real-del-sur-4\/"},"author":{"name":"mundi","@id":"https:\/\/www.mundi-roth.de\/teneriffa-blog\/#\/schema\/person\/971c66b55f3ae5e8741553688c413cac"},"headline":"CAMINO REAL del SUR (4)","datePublished":"2015-12-08T21:00:39+00:00","dateModified":"2016-05-23T10:47:37+00:00","mainEntityOfPage":{"@id":"https:\/\/www.mundi-roth.de\/teneriffa-blog\/allgemein\/camino-real-del-sur-4\/"},"wordCount":1340,"commentCount":2,"image":{"@id":"https:\/\/www.mundi-roth.de\/teneriffa-blog\/allgemein\/camino-real-del-sur-4\/#primaryimage"},"thumbnailUrl":"https:\/\/www.mundi-roth.de\/teneriffa-blog\/wp-content\/uploads\/2015\/12\/P1200735-1.jpg","keywords":["Barranco Cruz de Los \u00c1nimos","Barranco del R\u00edo","Bodega Frontos","Camino Real del Sur","El R\u00edo","Granadilla","Teneriffa Wandern","Villa de Arico","Wandern Teneriffa","Wanderurlaub Teneriffa"],"articleSection":{"1":"Granadilla","2":"Wanderungen"},"inLanguage":"de","potentialAction":[{"@type":"CommentAction","name":"Comment","target":["https:\/\/www.mundi-roth.de\/teneriffa-blog\/allgemein\/camino-real-del-sur-4\/#respond"]}]},{"@type":"WebPage","@id":"https:\/\/www.mundi-roth.de\/teneriffa-blog\/allgemein\/camino-real-del-sur-4\/","url":"https:\/\/www.mundi-roth.de\/teneriffa-blog\/allgemein\/camino-real-del-sur-4\/","name":"CAMINO REAL del SUR (4) - Teneriffa Wandern","isPartOf":{"@id":"https:\/\/www.mundi-roth.de\/teneriffa-blog\/#website"},"primaryImageOfPage":{"@id":"https:\/\/www.mundi-roth.de\/teneriffa-blog\/allgemein\/camino-real-del-sur-4\/#primaryimage"},"image":{"@id":"https:\/\/www.mundi-roth.de\/teneriffa-blog\/allgemein\/camino-real-del-sur-4\/#primaryimage"},"thumbnailUrl":"https:\/\/www.mundi-roth.de\/teneriffa-blog\/wp-content\/uploads\/2015\/12\/P1200735-1.jpg","datePublished":"2015-12-08T21:00:39+00:00","dateModified":"2016-05-23T10:47:37+00:00","author":{"@id":"https:\/\/www.mundi-roth.de\/teneriffa-blog\/#\/schema\/person\/971c66b55f3ae5e8741553688c413cac"},"breadcrumb":{"@id":"https:\/\/www.mundi-roth.de\/teneriffa-blog\/allgemein\/camino-real-del-sur-4\/#breadcrumb"},"inLanguage":"de","potentialAction":[{"@type":"ReadAction","target":["https:\/\/www.mundi-roth.de\/teneriffa-blog\/allgemein\/camino-real-del-sur-4\/"]}]},{"@type":"ImageObject","inLanguage":"de","@id":"https:\/\/www.mundi-roth.de\/teneriffa-blog\/allgemein\/camino-real-del-sur-4\/#primaryimage","url":"https:\/\/www.mundi-roth.de\/teneriffa-blog\/wp-content\/uploads\/2015\/12\/P1200735-1.jpg","contentUrl":"https:\/\/www.mundi-roth.de\/teneriffa-blog\/wp-content\/uploads\/2015\/12\/P1200735-1.jpg","width":269,"height":202,"caption":"CR4"},{"@type":"BreadcrumbList","@id":"https:\/\/www.mundi-roth.de\/teneriffa-blog\/allgemein\/camino-real-del-sur-4\/#breadcrumb","itemListElement":[{"@type":"ListItem","position":1,"name":"Startseite","item":"https:\/\/www.mundi-roth.de\/teneriffa-blog\/"},{"@type":"ListItem","position":2,"name":"CAMINO REAL del SUR (4)"}]},{"@type":"WebSite","@id":"https:\/\/www.mundi-roth.de\/teneriffa-blog\/#website","url":"https:\/\/www.mundi-roth.de\/teneriffa-blog\/","name":"Teneriffa Wandern","description":"Nicht nur Wanderungen auf Teneriffa...","potentialAction":[{"@type":"SearchAction","target":{"@type":"EntryPoint","urlTemplate":"https:\/\/www.mundi-roth.de\/teneriffa-blog\/?s={search_term_string}"},"query-input":{"@type":"PropertyValueSpecification","valueRequired":true,"valueName":"search_term_string"}}],"inLanguage":"de"},{"@type":"Person","@id":"https:\/\/www.mundi-roth.de\/teneriffa-blog\/#\/schema\/person\/971c66b55f3ae5e8741553688c413cac","name":"mundi","image":{"@type":"ImageObject","inLanguage":"de","@id":"https:\/\/secure.gravatar.com\/avatar\/555f0dd85428f1a9330f8e5dbe9e40ff9ca912bb81e5a89747ebf3ca9c20dc0f?s=96&d=mm&r=g","url":"https:\/\/secure.gravatar.com\/avatar\/555f0dd85428f1a9330f8e5dbe9e40ff9ca912bb81e5a89747ebf3ca9c20dc0f?s=96&d=mm&r=g","contentUrl":"https:\/\/secure.gravatar.com\/avatar\/555f0dd85428f1a9330f8e5dbe9e40ff9ca912bb81e5a89747ebf3ca9c20dc0f?s=96&d=mm&r=g","caption":"mundi"},"sameAs":["http:\/\/mundi-roth.de"],"url":"https:\/\/www.mundi-roth.de\/teneriffa-blog\/author\/mundi\/"}]}},"_links":{"self":[{"href":"https:\/\/www.mundi-roth.de\/teneriffa-blog\/wp-json\/wp\/v2\/posts\/4458","targetHints":{"allow":["GET"]}}],"collection":[{"href":"https:\/\/www.mundi-roth.de\/teneriffa-blog\/wp-json\/wp\/v2\/posts"}],"about":[{"href":"https:\/\/www.mundi-roth.de\/teneriffa-blog\/wp-json\/wp\/v2\/types\/post"}],"author":[{"embeddable":true,"href":"https:\/\/www.mundi-roth.de\/teneriffa-blog\/wp-json\/wp\/v2\/users\/4"}],"replies":[{"embeddable":true,"href":"https:\/\/www.mundi-roth.de\/teneriffa-blog\/wp-json\/wp\/v2\/comments?post=4458"}],"version-history":[{"count":0,"href":"https:\/\/www.mundi-roth.de\/teneriffa-blog\/wp-json\/wp\/v2\/posts\/4458\/revisions"}],"wp:featuredmedia":[{"embeddable":true,"href":"https:\/\/www.mundi-roth.de\/teneriffa-blog\/wp-json\/wp\/v2\/media\/5169"}],"wp:attachment":[{"href":"https:\/\/www.mundi-roth.de\/teneriffa-blog\/wp-json\/wp\/v2\/media?parent=4458"}],"wp:term":[{"taxonomy":"category","embeddable":true,"href":"https:\/\/www.mundi-roth.de\/teneriffa-blog\/wp-json\/wp\/v2\/categories?post=4458"},{"taxonomy":"post_tag","embeddable":true,"href":"https:\/\/www.mundi-roth.de\/teneriffa-blog\/wp-json\/wp\/v2\/tags?post=4458"}],"curies":[{"name":"wp","href":"https:\/\/api.w.org\/{rel}","templated":true}]}}